{"id":41746,"date":"2020-11-07T11:11:49","date_gmt":"2020-11-07T10:11:49","guid":{"rendered":"https:\/\/dorogimedence.hu\/?p=41746"},"modified":"2022-08-24T15:01:27","modified_gmt":"2022-08-24T13:01:27","slug":"egy-rovid-idegenvezetes-becsben","status":"publish","type":"post","link":"https:\/\/dorogimedence.hu\/index.php\/2020\/11\/07\/egy-rovid-idegenvezetes-becsben\/","title":{"rendered":"Egy r\u00f6vid idegenvezet\u00e9s B\u00e9csben"},"content":{"rendered":"<p><strong>B\u00e9cs Ausztria f\u0151v\u00e1rosa, \u00e9s egyben Eur\u00f3pa egyik legl\u00e1togatottabb v\u00e1rosa. A f\u0151v\u00e1ros b\u00e1j\u00e1t \u00e9s gazdag t\u00f6rt\u00e9nelme nagy r\u00e9sz\u00e9t a Duna partj\u00e1n fekv\u0151 csod\u00e1latos fekv\u00e9s\u00e9nek k\u00f6sz\u00f6nheti. \u00c9vsz\u00e1zadokon \u00e1t a Nyugat- \u00e9s Kelet-Eur\u00f3pa k\u00f6z\u00f6tti kapu volt, az egykor kiterjedt Habsburg Birodalom k\u00f6zpontja, \u00e9s a mai napig Ausztria legfontosabb kereskedelmi \u00e9s kultur\u00e1lis k\u00f6zpontja.<\/strong><\/p>\n<p>B\u00e9cs tov\u00e1bbra is \u00e9vente t\u00f6bb mint 17 milli\u00f3 l\u00e1togat\u00f3t vonz sz\u00e1mos nagyszer\u0171 t\u00f6rt\u00e9nelmi l\u00e1tnival\u00f3j\u00e1val, mes\u00e9s m\u0171v\u00e9szeti gy\u0171jtem\u00e9nyeivel, csillog\u00f3 palot\u00e1ival \u00e9s kiv\u00e9teles zenei \u00f6r\u00f6ks\u00e9g\u00e9vel. A nemzet gazdag kult\u00far\u00e1j\u00e1nak megbecs\u00fcl\u00e9se ma is j\u00f3l l\u00e1that\u00f3 B\u00e9cs csod\u00e1latos m\u00fazeumaiban, remek koncert termeiben \u00e9s a vil\u00e1g egyik legnagyobb operah\u00e1z\u00e1ban.<\/p>\n<p>B\u00e9cs \u00f6sszet\u00e9veszthetetlen\u00fcl kozmopolita l\u00e9gk\u00f6r\u00e9vel meg\u0151rizte saj\u00e1tos b\u00e1j\u00e1t \u00e9s hangulat\u00e1t. Ezt hangs\u00falyozz\u00e1k a sz\u00e9p r\u00e9gi \u00e9p\u00edt\u00e9szeti alkot\u00e1sok, a h\u00edres lovas kocsik, a Fiakerek, valamint a pomp\u00e1s k\u00e1v\u00e9h\u00e1zak a h\u00edres b\u00e9csi s\u00fctem\u00e9nyekkel \u00e9s p\u00e9ks\u00fctem\u00e9nyekkel. B\u00e1rmennyi id\u0151t is t\u00f6lts el B\u00e9csben, az biztos, hogy nem fogsz unatkozni. Az al\u00e1bbiakban bemutatjuk a v\u00e1ros legfontosabb l\u00e1tnival\u00f3it.<\/p>\n<p><strong>Fedezd fel a Sch\u00f6nbrunni kast\u00e9lyt \u00e9s kerteket!<\/strong><\/p>\n<p>A l\u00e1tv\u00e1nyos, 18. sz\u00e1zadi Sch\u00f6nbrunni kast\u00e9lyt nemcsak csod\u00e1latos \u00e9p\u00edt\u00e9szete, hanem gy\u00f6ny\u00f6r\u0171 parkszer\u0171 k\u00f6rnyezete miatt is \u00e9rdemes felkeresni. B\u00e9cs egyik legfontosabb turisztikai l\u00e1tv\u00e1nyoss\u00e1ga, ez a gy\u00f6ny\u00f6r\u0171 barokk palota, amely t\u00f6bb mint 1441 szob\u00e1t \u00e9s lak\u00e1st tartalmaz, k\u00f6zt\u00fck azokat is, amelyeket egykor M\u00e1ria Ter\u00e9zia cs\u00e1sz\u00e1rn\u00e9 haszn\u00e1lt.<\/p>\n<p>A t\u00fara f\u00e9nypontjai k\u00f6z\u00e9 tartozik a cs\u00e1sz\u00e1ri lakoszt\u00e1lyok megtekint\u00e9se, bele\u00e9rtve Ferenc J\u00f3zsef cs\u00e1sz\u00e1r di\u00f3fa szob\u00e1j\u00e1t \u00e9s h\u00e1l\u00f3szob\u00e1j\u00e1t, amelyben m\u00e9g mindig megvan a kis katona \u00e1gy, amelyben meghalt. M\u00e1ria Ter\u00e9zia cs\u00e1sz\u00e1rn\u00e9 szob\u00e1i k\u00f6z\u00fcl kiemelkedik a gazdagon berendezett \u00e9s d\u00edsz\u00edtett kerti lakoszt\u00e1lya, valamint a l\u00e1nyai \u00e1ltal k\u00e9sz\u00edtett vir\u00e1gos m\u0171alkot\u00e1sokkal d\u00edsz\u00edtett reggeliz\u0151 szob\u00e1ja. A Sch\u00f6nbrunni park \u00e9s kertek szint\u00e9n kihagyhatatlan l\u00e1tnival\u00f3. Az UNESCO Vil\u00e1g\u00f6r\u00f6ks\u00e9g r\u00e9sz\u00e9v\u00e9 nyilv\u00e1n\u00edtott park, a pazar kil\u00e1t\u00e1ssal \u00e9s pomp\u00e1s barokk kertekkel.<\/p>\n<p><strong>L\u00e1togass el a t\u00f6rt\u00e9nelmi Hofburgba!<\/strong><\/p>\n<p>T\u00f6bb mint hat \u00e9vsz\u00e1zadon \u00e1t a Habsburgok sz\u00e9khelye &#8211; \u00e9s 1275 \u00f3ta minden osztr\u00e1k uralkod\u00f3 hivatalos rezidenci\u00e1ja &#8211; a Hofburg B\u00e9cs tal\u00e1n legjelent\u0151sebb t\u00f6rt\u00e9nelmi jelent\u0151s\u00e9g\u0171 palot\u00e1ja. Az osztr\u00e1k k\u00f6zt\u00e1rsas\u00e1gi eln\u00f6k hivatalos sz\u00e9khelye ez a kiterjedt komplexum, amely sz\u00e1mos, k\u00fcl\u00f6nb\u00f6z\u0151 korszakokat t\u00fckr\u00f6z\u0151 \u00e9p\u00fcletb\u0151l \u00e1ll. Megtal\u00e1lhat\u00f3 itt a g\u00f3tika, a renesz\u00e1nsz, a barokk \u00e9s a rokok\u00f3 \u00e9p\u00edt\u00e9szeti st\u00edlus is.<\/p>\n<p>A hatalmas komplexum \u00f6sszesen 59 hekt\u00e1ron ter\u00fcl el, 18 \u00e9p\u00fclet csoporttal, k\u00f6zt\u00fck 19 udvarral \u00e9s 2600 szob\u00e1val. F\u0151 l\u00e1tv\u00e1nyoss\u00e1gai a cs\u00e1sz\u00e1ri lakoszt\u00e1lyok, a Sisi M\u00fazeum \u00e9s az ez\u00fcstgy\u0171jtem\u00e9ny, m\u00edg a komplexumon bel\u00fcl tov\u00e1bbi nevezetes helysz\u00ednek k\u00f6z\u00e9 tartozik a cs\u00e1sz\u00e1ri k\u00e1polna \u00e9s a Hofburg kincst\u00e1r a cs\u00e1sz\u00e1ri erekly\u00e9k \u00e9s a Szent R\u00f3mai Birodalom erekly\u00e9inek nagy gy\u0171jtem\u00e9ny\u00e9vel.<\/p>\n<p><strong>L\u00e1togass el a Szent Istv\u00e1n sz\u00e9kesegyh\u00e1zba!<\/strong><\/p>\n<p>B\u00e9cs legfontosabb g\u00f3tikus \u00e9p\u00fclete \u00e9s 1722 \u00f3ta az \u00e9rseks\u00e9g sz\u00e9kesegyh\u00e1za, a Szent Istv\u00e1n d\u00f3m, amely a v\u00e1ros t\u00f6rt\u00e9nelmi k\u00f6zpontj\u00e1ban \u00e1ll. Az eredeti, 12. sz\u00e1zadi rom\u00e1n st\u00edlus\u00fa templomot a 13. sz\u00e1zadban k\u00e9s\u0151 rom\u00e1n st\u00edlus\u00fara cser\u00e9lt\u00e9k, amelynek maradv\u00e1nyai a hatalmas kapu \u00e9s a pog\u00e1ny tornyok.<\/p>\n<p>Ezut\u00e1n k\u00f6vetkezett a 14. sz\u00e1zadban a g\u00f3tikus st\u00edlus\u00fa \u00e1t\u00e9p\u00edt\u00e9s, a k\u00f3rus \u00e9s a Szent Eligius, Szent Tirna \u00e9s Szent Katalin k\u00e1poln\u00e1k hozz\u00e1\u00e9p\u00edt\u00e9s\u00e9vel egy\u00fctt. A h\u00edres 137 m\u00e9ter magas d\u00e9li torony a 15. sz\u00e1zadb\u00f3l sz\u00e1rmazik.<\/p>\n<p>A 17-19. sz\u00e1zadban jav\u00edt\u00e1sok \u00e9s tov\u00e1bbi \u00e9p\u00edtkez\u00e9sek k\u00f6vetkeztek, a II. vil\u00e1gh\u00e1bor\u00fa ut\u00e1n pedig az eg\u00e9sz \u00e9p\u00edtm\u00e9nyt \u00fajj\u00e1\u00e9p\u00edtett\u00e9k. A l\u00e1tnival\u00f3k k\u00f6z\u00e9 tartozik a 343 l\u00e9pcs\u0151fok megm\u00e1sz\u00e1sa a Steffl \u00f3ratoronyba a l\u00e1tv\u00e1nyos kil\u00e1t\u00e1s\u00e9rt, valamint az \u00e9szaki torony, ahol a hatalmas Pummerin harang tal\u00e1lhat\u00f3. Azok sz\u00e1m\u00e1ra, akik nem akarnak megk\u00fczdeni a l\u00e9pcs\u0151kkel, egy gyorslift viszi fel a l\u00e1togat\u00f3kat egy kil\u00e1t\u00f3teraszra. Tov\u00e1bbi eml\u00edt\u00e9sre m\u00e9lt\u00f3 l\u00e1tnival\u00f3k a 14. sz\u00e1zadi katakomb\u00e1k \u00e9s a sz\u00e9kesegyh\u00e1zi kincs, amely a sz\u00e9kesegyh\u00e1z sz\u00e1mos fontos m\u0171t\u00e1rgy\u00e1t tartalmazza.<\/p>\n<p><strong>A B\u00e9csi \u00c1llami Operah\u00e1z<\/strong><\/p>\n<p>A vil\u00e1g egyik legnagyobb \u00e9s legpomp\u00e1sabb sz\u00ednh\u00e1za, a B\u00e9csi \u00c1llami Operah\u00e1z a vil\u00e1g sz\u00e1mos kiemelked\u0151 zeneszerz\u0151j\u00e9nek, karmester\u00e9nek, sz\u00f3list\u00e1j\u00e1nak \u00e9s t\u00e1ncos\u00e1nak adott otthont. \u00c9vente legal\u00e1bb 300 alkalommal rendeznek opera- \u00e9s balett el\u0151ad\u00e1sokat, amelyeket a zene ir\u00e1nti megsz\u00e1llotts\u00e1g t\u00e1pl\u00e1l, amely eg\u00e9szen 1625-ig ny\u00falik vissza, amikor az els\u0151 b\u00e9csi udvari oper\u00e1t bemutatt\u00e1k.<\/p>\n<p>A jelenlegi hatalmas operah\u00e1z 1869-ben \u00e9p\u00fclt, \u00e9s francia kora renesz\u00e1nsz st\u00edlus\u00e1r\u00f3l nevezetes, a bels\u0151 terek k\u00f6z\u00fcl pedig kiemelkedik az els\u0151 emeletre vezet\u0151 nagy l\u00e9pcs\u0151h\u00e1z, a Schwind-foyer, amely h\u00edres operajeleneteket \u00e1br\u00e1zol\u00f3 festm\u00e9nyeir\u0151l kapta a nev\u00e9t, \u00e9s az \u00e9rt\u00e9kes falisz\u0151nyegekkel d\u00edsz\u00edtett teaszoba.<\/p>\n<p><strong>Fedezd fel az \u00e9jszakai \u00e9letet!<\/strong><\/p>\n<p>A b\u00e9csi \u00e9jszakai \u00e9let is sokat izgalmas lehet\u0151s\u00e9get k\u00edn\u00e1l. Ak\u00e1r egy j\u00f3 bort vagy s\u00f6rt \u00e9lvezni egy b\u00e1rban, ak\u00e1r egy laza bar\u00e1ti bulit egy klubban, B\u00e9cs minden bizonnyal sz\u00e1modra is k\u00edn\u00e1l valamit. S\u0151t, mi\u00e9rt ne t\u00f6lthetn\u00e9l el egy est\u00e9t valamelyik kaszin\u00f3ban is ak\u00e1r. A Casino Wien p\u00e9ld\u00e1ul a gy\u00f6ny\u00f6r\u0171 Esterh\u00e1zy-palot\u00e1ban, a K\u00e4rtnerstra\u00dfe-n tal\u00e1lhat\u00f3. Ez B\u00e9cs legnagyobb \u00e9s leghagyom\u00e1nyosabb kaszin\u00f3ja, amely egy l\u00e1tv\u00e1nyos vacsora vagy egy t\u00f6k\u00e9letes ital elfogyaszt\u00e1s\u00e1nak is kedvence. Ha pedig \u00fagy \u00e9rzed, hogy belej\u00f6tt\u00e9l a szerencsej\u00e1t\u00e9kokba, akkor ak\u00e1r otthon is folytathatod n\u00e9ha a j\u00e1t\u00e9kot. Ehhez pedig biztosan j\u00f3l j\u00f6nnek a <span style=\"text-decoration: underline; color: #0000ff;\"><a style=\"color: #0000ff; text-decoration: underline;\" href=\"https:\/\/xn--online-kaszin-nlb.com\/bonusz\/befizetes-nelkul\/\" target=\"_blank\" rel=\"noopener\">b\u00f3nuszok befizet\u00e9s n\u00e9lk\u00fcl<\/a><\/span>, ahol \u00fagy j\u00e1tszhatsz, hogy nem kell hozz\u00e1 p\u00e9nzt befizetned.<\/p>\n<p><em>Felh\u00edvjuk az olvas\u00f3k figyelm\u00e9t, hogy Magyarorsz\u00e1gon a 18 \u00e9v alattiak \u2013 a nem folyamatosan szervezett sorsol\u00e1sos j\u00e1t\u00e9k (tombola) kiv\u00e9tel\u00e9vel \u2013 szerencsej\u00e1t\u00e9kban nem vehetnek r\u00e9szt. A t\u00falz\u00e1sba vitt szerencsej\u00e1t\u00e9k pedig \u00e1rtalmas, szenved\u00e9lybetegs\u00e9g kialakul\u00e1s\u00e1hoz vezethet!<\/em><\/p>\n","protected":false},"excerpt":{"rendered":"<p>B\u00e9cs Ausztria f\u0151v\u00e1rosa, \u00e9s egyben Eur\u00f3pa egyik legl\u00e1togatottabb v\u00e1rosa. A f\u0151v\u00e1ros b\u00e1j\u00e1t \u00e9s gazdag t\u00f6rt\u00e9nelme nagy r\u00e9sz\u00e9t a Duna partj\u00e1n fekv\u0151 csod\u00e1latos fekv\u00e9s\u00e9nek k\u00f6sz\u00f6nheti. \u00c9vsz\u00e1zadokon \u00e1t a Nyugat- \u00e9s Kelet-Eur\u00f3pa k\u00f6z\u00f6tti kapu volt, az egykor kiterjedt Habsburg Birodalom k\u00f6zpontja, \u00e9s a mai napig Ausztria legfontosabb kereskedelmi \u00e9s kultur\u00e1lis k\u00f6zpontja. B\u00e9cs tov\u00e1bbra is \u00e9vente t\u00f6bb mint<\/p>\n","protected":false},"author":1,"featured_media":0,"comment_status":"closed","ping_status":"closed","sticky":false,"template":"","format":"standard","meta":{"ngg_post_thumbnail":0,"footnotes":""},"categories":[3],"tags":[6379,1169],"class_list":{"0":"post-41746","1":"post","2":"type-post","3":"status-publish","4":"format-standard","6":"category-hirek","7":"tag-becs","8":"tag-utazas"},"yoast_head":"<!-- This site is optimized with the Yoast SEO plugin v27.4 - https:\/\/yoast.com\/product\/yoast-seo-wordpress\/ -->\n<title>Egy r\u00f6vid idegenvezet\u00e9s B\u00e9csben<\/title>\n<meta name=\"robots\" content=\"index, follow, max-snippet:-1, max-image-preview:large, max-video-preview:-1\" \/>\n<link rel=\"canonical\" href=\"https:\/\/dorogimedence.hu\/index.php\/2020\/11\/07\/egy-rovid-idegenvezetes-becsben\/\" class=\"yoast-seo-meta-tag\" \/>\n<meta property=\"og:locale\" content=\"hu_HU\" class=\"yoast-seo-meta-tag\" \/>\n<meta property=\"og:type\" content=\"article\" class=\"yoast-seo-meta-tag\" \/>\n<meta property=\"og:title\" content=\"Egy r\u00f6vid idegenvezet\u00e9s B\u00e9csben\" class=\"yoast-seo-meta-tag\" \/>\n<meta property=\"og:description\" content=\"B\u00e9cs Ausztria f\u0151v\u00e1rosa, \u00e9s egyben Eur\u00f3pa egyik legl\u00e1togatottabb v\u00e1rosa. A f\u0151v\u00e1ros b\u00e1j\u00e1t \u00e9s gazdag t\u00f6rt\u00e9nelme nagy r\u00e9sz\u00e9t a Duna partj\u00e1n fekv\u0151 csod\u00e1latos fekv\u00e9s\u00e9nek k\u00f6sz\u00f6nheti. \u00c9vsz\u00e1zadokon \u00e1t a Nyugat- \u00e9s Kelet-Eur\u00f3pa k\u00f6z\u00f6tti kapu volt, az egykor kiterjedt Habsburg Birodalom k\u00f6zpontja, \u00e9s a mai napig Ausztria legfontosabb kereskedelmi \u00e9s kultur\u00e1lis k\u00f6zpontja. B\u00e9cs tov\u00e1bbra is \u00e9vente t\u00f6bb mint\" class=\"yoast-seo-meta-tag\" \/>\n<meta property=\"og:url\" content=\"https:\/\/dorogimedence.hu\/index.php\/2020\/11\/07\/egy-rovid-idegenvezetes-becsben\/\" class=\"yoast-seo-meta-tag\" \/>\n<meta property=\"og:site_name\" content=\"Dorogi-medence Region\u00e1lis H\u00edrport\u00e1l\" class=\"yoast-seo-meta-tag\" \/>\n<meta property=\"article:publisher\" content=\"https:\/\/www.facebook.com\/dorogimedence\/\" class=\"yoast-seo-meta-tag\" \/>\n<meta property=\"article:published_time\" content=\"2020-11-07T10:11:49+00:00\" class=\"yoast-seo-meta-tag\" \/>\n<meta property=\"article:modified_time\" content=\"2022-08-24T13:01:27+00:00\" class=\"yoast-seo-meta-tag\" \/>\n<meta property=\"og:image\" content=\"https:\/\/i0.wp.com\/dorogimedence.hu\/wp-content\/uploads\/2022\/04\/vienna-gca2da228b_1280.jpg?fit=1280%2C850&ssl=1\" class=\"yoast-seo-meta-tag\" \/>\n\t<meta property=\"og:image:width\" content=\"1280\" class=\"yoast-seo-meta-tag\" \/>\n\t<meta property=\"og:image:height\" content=\"850\" class=\"yoast-seo-meta-tag\" \/>\n\t<meta property=\"og:image:type\" content=\"image\/jpeg\" class=\"yoast-seo-meta-tag\" \/>\n<meta name=\"author\" content=\"dorogimedence.hu\" class=\"yoast-seo-meta-tag\" \/>\n<meta name=\"twitter:card\" content=\"summary_large_image\" class=\"yoast-seo-meta-tag\" \/>\n<meta name=\"twitter:label1\" content=\"Szerz\u0151:\" class=\"yoast-seo-meta-tag\" \/>\n\t<meta name=\"twitter:data1\" content=\"dorogimedence.hu\" class=\"yoast-seo-meta-tag\" \/>\n\t<meta name=\"twitter:label2\" content=\"Becs\u00fclt olvas\u00e1si id\u0151\" class=\"yoast-seo-meta-tag\" \/>\n\t<meta name=\"twitter:data2\" content=\"6 perc\" class=\"yoast-seo-meta-tag\" \/>\n<script type=\"application\/ld+json\" class=\"yoast-schema-graph\">{\"@context\":\"https:\\\/\\\/schema.org\",\"@graph\":[{\"@type\":\"Article\",\"@id\":\"https:\\\/\\\/dorogimedence.hu\\\/index.php\\\/2020\\\/11\\\/07\\\/egy-rovid-idegenvezetes-becsben\\\/#article\",\"isPartOf\":{\"@id\":\"https:\\\/\\\/dorogimedence.hu\\\/index.php\\\/2020\\\/11\\\/07\\\/egy-rovid-idegenvezetes-becsben\\\/\"},\"author\":{\"name\":\"dorogimedence.hu\",\"@id\":\"https:\\\/\\\/dorogimedence.hu\\\/#\\\/schema\\\/person\\\/ce6091eeb7e95ecdc87890d6aa8e0fd4\"},\"headline\":\"Egy r\u00f6vid idegenvezet\u00e9s B\u00e9csben\",\"datePublished\":\"2020-11-07T10:11:49+00:00\",\"dateModified\":\"2022-08-24T13:01:27+00:00\",\"mainEntityOfPage\":{\"@id\":\"https:\\\/\\\/dorogimedence.hu\\\/index.php\\\/2020\\\/11\\\/07\\\/egy-rovid-idegenvezetes-becsben\\\/\"},\"wordCount\":1244,\"publisher\":{\"@id\":\"https:\\\/\\\/dorogimedence.hu\\\/#organization\"},\"keywords\":[\"B\u00e9cs\",\"utaz\u00e1s\"],\"articleSection\":[\"H\u00edrek\"],\"inLanguage\":\"hu\"},{\"@type\":\"WebPage\",\"@id\":\"https:\\\/\\\/dorogimedence.hu\\\/index.php\\\/2020\\\/11\\\/07\\\/egy-rovid-idegenvezetes-becsben\\\/\",\"url\":\"https:\\\/\\\/dorogimedence.hu\\\/index.php\\\/2020\\\/11\\\/07\\\/egy-rovid-idegenvezetes-becsben\\\/\",\"name\":\"Egy r\u00f6vid idegenvezet\u00e9s B\u00e9csben\",\"isPartOf\":{\"@id\":\"https:\\\/\\\/dorogimedence.hu\\\/#website\"},\"datePublished\":\"2020-11-07T10:11:49+00:00\",\"dateModified\":\"2022-08-24T13:01:27+00:00\",\"breadcrumb\":{\"@id\":\"https:\\\/\\\/dorogimedence.hu\\\/index.php\\\/2020\\\/11\\\/07\\\/egy-rovid-idegenvezetes-becsben\\\/#breadcrumb\"},\"inLanguage\":\"hu\",\"potentialAction\":[{\"@type\":\"ReadAction\",\"target\":[\"https:\\\/\\\/dorogimedence.hu\\\/index.php\\\/2020\\\/11\\\/07\\\/egy-rovid-idegenvezetes-becsben\\\/\"]}]},{\"@type\":\"BreadcrumbList\",\"@id\":\"https:\\\/\\\/dorogimedence.hu\\\/index.php\\\/2020\\\/11\\\/07\\\/egy-rovid-idegenvezetes-becsben\\\/#breadcrumb\",\"itemListElement\":[{\"@type\":\"ListItem\",\"position\":1,\"name\":\"Kezd\u0151lap\",\"item\":\"https:\\\/\\\/dorogimedence.hu\\\/\"},{\"@type\":\"ListItem\",\"position\":2,\"name\":\"Egy r\u00f6vid idegenvezet\u00e9s B\u00e9csben\"}]},{\"@type\":\"WebSite\",\"@id\":\"https:\\\/\\\/dorogimedence.hu\\\/#website\",\"url\":\"https:\\\/\\\/dorogimedence.hu\\\/\",\"name\":\"Dorogi-medence Region\u00e1lis H\u00edrport\u00e1l\",\"description\":\"Dorog, Keszt\u00f6lc, Le\u00e1nyv\u00e1r, Piliscs\u00e9v, Tokod, Tokodalt\u00e1r\u00f3, Csolnok, Esztergom-kertv\u00e1ros: h\u00edrek, programok\",\"publisher\":{\"@id\":\"https:\\\/\\\/dorogimedence.hu\\\/#organization\"},\"potentialAction\":[{\"@type\":\"SearchAction\",\"target\":{\"@type\":\"EntryPoint\",\"urlTemplate\":\"https:\\\/\\\/dorogimedence.hu\\\/?s={search_term_string}\"},\"query-input\":{\"@type\":\"PropertyValueSpecification\",\"valueRequired\":true,\"valueName\":\"search_term_string\"}}],\"inLanguage\":\"hu\"},{\"@type\":\"Organization\",\"@id\":\"https:\\\/\\\/dorogimedence.hu\\\/#organization\",\"name\":\"Dorogi-medence Region\u00e1lis H\u00edrport\u00e1l\",\"url\":\"https:\\\/\\\/dorogimedence.hu\\\/\",\"logo\":{\"@type\":\"ImageObject\",\"inLanguage\":\"hu\",\"@id\":\"https:\\\/\\\/dorogimedence.hu\\\/#\\\/schema\\\/logo\\\/image\\\/\",\"url\":\"https:\\\/\\\/dorogimedence.hu\\\/wp-content\\\/uploads\\\/2021\\\/04\\\/logo-feher-600.png\",\"contentUrl\":\"https:\\\/\\\/dorogimedence.hu\\\/wp-content\\\/uploads\\\/2021\\\/04\\\/logo-feher-600.png\",\"width\":600,\"height\":100,\"caption\":\"Dorogi-medence Region\u00e1lis H\u00edrport\u00e1l\"},\"image\":{\"@id\":\"https:\\\/\\\/dorogimedence.hu\\\/#\\\/schema\\\/logo\\\/image\\\/\"},\"sameAs\":[\"https:\\\/\\\/www.facebook.com\\\/dorogimedence\\\/\"]},{\"@type\":\"Person\",\"@id\":\"https:\\\/\\\/dorogimedence.hu\\\/#\\\/schema\\\/person\\\/ce6091eeb7e95ecdc87890d6aa8e0fd4\",\"name\":\"dorogimedence.hu\",\"image\":{\"@type\":\"ImageObject\",\"inLanguage\":\"hu\",\"@id\":\"\\\/\\\/www.gravatar.com\\\/avatar\\\/d8d45f8901aadff40a4af72c0b826f1d?s=96&#038;r=g&#038;d=mm\",\"url\":\"\\\/\\\/www.gravatar.com\\\/avatar\\\/d8d45f8901aadff40a4af72c0b826f1d?s=96&#038;r=g&#038;d=mm\",\"contentUrl\":\"\\\/\\\/www.gravatar.com\\\/avatar\\\/d8d45f8901aadff40a4af72c0b826f1d?s=96&#038;r=g&#038;d=mm\",\"caption\":\"dorogimedence.hu\"}}]}<\/script>\n<!-- \/ Yoast SEO plugin. -->","yoast_head_json":{"title":"Egy r\u00f6vid idegenvezet\u00e9s B\u00e9csben","robots":{"index":"index","follow":"follow","max-snippet":"max-snippet:-1","max-image-preview":"max-image-preview:large","max-video-preview":"max-video-preview:-1"},"canonical":"https:\/\/dorogimedence.hu\/index.php\/2020\/11\/07\/egy-rovid-idegenvezetes-becsben\/","og_locale":"hu_HU","og_type":"article","og_title":"Egy r\u00f6vid idegenvezet\u00e9s B\u00e9csben","og_description":"B\u00e9cs Ausztria f\u0151v\u00e1rosa, \u00e9s egyben Eur\u00f3pa egyik legl\u00e1togatottabb v\u00e1rosa. A f\u0151v\u00e1ros b\u00e1j\u00e1t \u00e9s gazdag t\u00f6rt\u00e9nelme nagy r\u00e9sz\u00e9t a Duna partj\u00e1n fekv\u0151 csod\u00e1latos fekv\u00e9s\u00e9nek k\u00f6sz\u00f6nheti. \u00c9vsz\u00e1zadokon \u00e1t a Nyugat- \u00e9s Kelet-Eur\u00f3pa k\u00f6z\u00f6tti kapu volt, az egykor kiterjedt Habsburg Birodalom k\u00f6zpontja, \u00e9s a mai napig Ausztria legfontosabb kereskedelmi \u00e9s kultur\u00e1lis k\u00f6zpontja. B\u00e9cs tov\u00e1bbra is \u00e9vente t\u00f6bb mint","og_url":"https:\/\/dorogimedence.hu\/index.php\/2020\/11\/07\/egy-rovid-idegenvezetes-becsben\/","og_site_name":"Dorogi-medence Region\u00e1lis H\u00edrport\u00e1l","article_publisher":"https:\/\/www.facebook.com\/dorogimedence\/","article_published_time":"2020-11-07T10:11:49+00:00","article_modified_time":"2022-08-24T13:01:27+00:00","og_image":[{"width":1280,"height":850,"url":"https:\/\/i0.wp.com\/dorogimedence.hu\/wp-content\/uploads\/2022\/04\/vienna-gca2da228b_1280.jpg?fit=1280%2C850&ssl=1","type":"image\/jpeg"}],"author":"dorogimedence.hu","twitter_card":"summary_large_image","twitter_misc":{"Szerz\u0151:":"dorogimedence.hu","Becs\u00fclt olvas\u00e1si id\u0151":"6 perc"},"schema":{"@context":"https:\/\/schema.org","@graph":[{"@type":"Article","@id":"https:\/\/dorogimedence.hu\/index.php\/2020\/11\/07\/egy-rovid-idegenvezetes-becsben\/#article","isPartOf":{"@id":"https:\/\/dorogimedence.hu\/index.php\/2020\/11\/07\/egy-rovid-idegenvezetes-becsben\/"},"author":{"name":"dorogimedence.hu","@id":"https:\/\/dorogimedence.hu\/#\/schema\/person\/ce6091eeb7e95ecdc87890d6aa8e0fd4"},"headline":"Egy r\u00f6vid idegenvezet\u00e9s B\u00e9csben","datePublished":"2020-11-07T10:11:49+00:00","dateModified":"2022-08-24T13:01:27+00:00","mainEntityOfPage":{"@id":"https:\/\/dorogimedence.hu\/index.php\/2020\/11\/07\/egy-rovid-idegenvezetes-becsben\/"},"wordCount":1244,"publisher":{"@id":"https:\/\/dorogimedence.hu\/#organization"},"keywords":["B\u00e9cs","utaz\u00e1s"],"articleSection":["H\u00edrek"],"inLanguage":"hu"},{"@type":"WebPage","@id":"https:\/\/dorogimedence.hu\/index.php\/2020\/11\/07\/egy-rovid-idegenvezetes-becsben\/","url":"https:\/\/dorogimedence.hu\/index.php\/2020\/11\/07\/egy-rovid-idegenvezetes-becsben\/","name":"Egy r\u00f6vid idegenvezet\u00e9s B\u00e9csben","isPartOf":{"@id":"https:\/\/dorogimedence.hu\/#website"},"datePublished":"2020-11-07T10:11:49+00:00","dateModified":"2022-08-24T13:01:27+00:00","breadcrumb":{"@id":"https:\/\/dorogimedence.hu\/index.php\/2020\/11\/07\/egy-rovid-idegenvezetes-becsben\/#breadcrumb"},"inLanguage":"hu","potentialAction":[{"@type":"ReadAction","target":["https:\/\/dorogimedence.hu\/index.php\/2020\/11\/07\/egy-rovid-idegenvezetes-becsben\/"]}]},{"@type":"BreadcrumbList","@id":"https:\/\/dorogimedence.hu\/index.php\/2020\/11\/07\/egy-rovid-idegenvezetes-becsben\/#breadcrumb","itemListElement":[{"@type":"ListItem","position":1,"name":"Kezd\u0151lap","item":"https:\/\/dorogimedence.hu\/"},{"@type":"ListItem","position":2,"name":"Egy r\u00f6vid idegenvezet\u00e9s B\u00e9csben"}]},{"@type":"WebSite","@id":"https:\/\/dorogimedence.hu\/#website","url":"https:\/\/dorogimedence.hu\/","name":"Dorogi-medence Region\u00e1lis H\u00edrport\u00e1l","description":"Dorog, Keszt\u00f6lc, Le\u00e1nyv\u00e1r, Piliscs\u00e9v, Tokod, Tokodalt\u00e1r\u00f3, Csolnok, Esztergom-kertv\u00e1ros: h\u00edrek, programok","publisher":{"@id":"https:\/\/dorogimedence.hu\/#organization"},"potentialAction":[{"@type":"SearchAction","target":{"@type":"EntryPoint","urlTemplate":"https:\/\/dorogimedence.hu\/?s={search_term_string}"},"query-input":{"@type":"PropertyValueSpecification","valueRequired":true,"valueName":"search_term_string"}}],"inLanguage":"hu"},{"@type":"Organization","@id":"https:\/\/dorogimedence.hu\/#organization","name":"Dorogi-medence Region\u00e1lis H\u00edrport\u00e1l","url":"https:\/\/dorogimedence.hu\/","logo":{"@type":"ImageObject","inLanguage":"hu","@id":"https:\/\/dorogimedence.hu\/#\/schema\/logo\/image\/","url":"https:\/\/dorogimedence.hu\/wp-content\/uploads\/2021\/04\/logo-feher-600.png","contentUrl":"https:\/\/dorogimedence.hu\/wp-content\/uploads\/2021\/04\/logo-feher-600.png","width":600,"height":100,"caption":"Dorogi-medence Region\u00e1lis H\u00edrport\u00e1l"},"image":{"@id":"https:\/\/dorogimedence.hu\/#\/schema\/logo\/image\/"},"sameAs":["https:\/\/www.facebook.com\/dorogimedence\/"]},{"@type":"Person","@id":"https:\/\/dorogimedence.hu\/#\/schema\/person\/ce6091eeb7e95ecdc87890d6aa8e0fd4","name":"dorogimedence.hu","image":{"@type":"ImageObject","inLanguage":"hu","@id":"\/\/www.gravatar.com\/avatar\/d8d45f8901aadff40a4af72c0b826f1d?s=96&#038;r=g&#038;d=mm","url":"\/\/www.gravatar.com\/avatar\/d8d45f8901aadff40a4af72c0b826f1d?s=96&#038;r=g&#038;d=mm","contentUrl":"\/\/www.gravatar.com\/avatar\/d8d45f8901aadff40a4af72c0b826f1d?s=96&#038;r=g&#038;d=mm","caption":"dorogimedence.hu"}}]}},"_links":{"self":[{"href":"https:\/\/dorogimedence.hu\/index.php\/wp-json\/wp\/v2\/posts\/41746","targetHints":{"allow":["GET"]}}],"collection":[{"href":"https:\/\/dorogimedence.hu\/index.php\/wp-json\/wp\/v2\/posts"}],"about":[{"href":"https:\/\/dorogimedence.hu\/index.php\/wp-json\/wp\/v2\/types\/post"}],"author":[{"embeddable":true,"href":"https:\/\/dorogimedence.hu\/index.php\/wp-json\/wp\/v2\/users\/1"}],"replies":[{"embeddable":true,"href":"https:\/\/dorogimedence.hu\/index.php\/wp-json\/wp\/v2\/comments?post=41746"}],"version-history":[{"count":0,"href":"https:\/\/dorogimedence.hu\/index.php\/wp-json\/wp\/v2\/posts\/41746\/revisions"}],"wp:attachment":[{"href":"https:\/\/dorogimedence.hu\/index.php\/wp-json\/wp\/v2\/media?parent=41746"}],"wp:term":[{"taxonomy":"category","embeddable":true,"href":"https:\/\/dorogimedence.hu\/index.php\/wp-json\/wp\/v2\/categories?post=41746"},{"taxonomy":"post_tag","embeddable":true,"href":"https:\/\/dorogimedence.hu\/index.php\/wp-json\/wp\/v2\/tags?post=41746"}],"curies":[{"name":"wp","href":"https:\/\/api.w.org\/{rel}","templated":true}]}}