{"id":4173,"date":"2017-07-03T15:20:32","date_gmt":"2017-07-03T13:20:32","guid":{"rendered":"http:\/\/dorogimedence.hu\/?p=4173"},"modified":"2017-07-03T15:20:32","modified_gmt":"2017-07-03T13:20:32","slug":"tobbszor-is-riasztottak-tuzoltoinkat-a-hetvegen","status":"publish","type":"post","link":"https:\/\/dorogimedence.hu\/index.php\/2017\/07\/03\/tobbszor-is-riasztottak-tuzoltoinkat-a-hetvegen\/","title":{"rendered":"T\u00f6bbsz\u00f6r is riasztott\u00e1k t\u0171zolt\u00f3inkat a h\u00e9tv\u00e9g\u00e9n"},"content":{"rendered":"<p><strong>L\u00e1batlanon \u00e9s Bajna k\u00f6zel\u00e9ben balesethez, Annav\u00f6lgy\u00f6n \u00e9s Pilismar\u00f3ton pedig fakid\u0151l\u00e9sekhez riasztott\u00e1k a h\u00e9tv\u00e9g\u00e9n megy\u00e9nk t\u0171zolt\u00f3it.<\/strong><\/p>\n<p>P\u00e9nteken d\u00e9lut\u00e1n a <strong>Bajna \u00e9s H\u00e9reg k\u00f6z\u00f6tt<\/strong>i \u00faton egy <strong>szem\u00e9lyg\u00e9pj\u00e1rm\u0171<\/strong> lesodr\u00f3dott az \u00fattestr\u0151l \u00e9s az <strong>\u00e1rokba borult<\/strong>. A aut\u00f3ban egy f\u0151 utazott, \u0151 saj\u00e1t erej\u00e9b\u0151l kisz\u00e1llt a g\u00e9pj\u00e1rm\u0171b\u0151l. A ment\u0151szolg\u00e1lat, a helysz\u00edni vizsg\u00e1latok alapj\u00e1n k\u00f6nny\u0171 s\u00e9r\u00fcl\u00e9ssel az esztergomi k\u00f3rh\u00e1zba sz\u00e1ll\u00edtotta. A bajnai hivat\u00e1sos t\u0171zolt\u00f3k \u00e1ramtalan\u00edtott\u00e1k a j\u00e1rm\u0171vet, majd az \u00fattestet letakar\u00edtott\u00e1k \u00e9s a helysz\u00ednt a rend\u0151rs\u00e9gnek \u00e1tadt\u00e1k.<\/p>\n<p>P\u00e9ntek este <strong>Annav\u00f6lgy\u00f6n<\/strong> <strong>egy ak\u00e1cfa kb. 8-10 m\u00e9teres \u00e1ga f\u00e9lig leszakadt<\/strong> \u00e9s <strong>vesz\u00e9lyeztette<\/strong> az alatta h\u00faz\u00f3d\u00f3 <strong>l\u00e9gvezet\u00e9ket<\/strong>. Az esztergomi hivat\u00e1sos t\u0171zolt\u00f3k mellett a S\u00e1ris\u00e1p \u00d6nk\u00e9ntes T\u0171zolt\u00f3 Egyes\u00fclet is k\u00f6zrem\u0171k\u00f6d\u00f6tt k\u00e1rfelsz\u00e1mol\u00e1sban egy kih\u00faz\u00f3s l\u00e9tra, k\u00f6t\u00e9l \u00e9s l\u00e1ncf\u0171r\u00e9sz haszn\u00e1lat\u00e1val. A fa\u00e1gat lev\u00e1gt\u00e1k, majd az utat letakar\u00edtott\u00e1k. A vezet\u00e9k nem s\u00e9r\u00fclt meg.<\/p>\n<p>Vas\u00e1rnap d\u00e9lben <strong>Pilismar\u00f3ton<\/strong> <strong>egy k\u00f6rtefa kid\u00f6lt<\/strong> \u00e9s az <strong>elektromos vezet\u00e9ket elszak\u00edtotta<\/strong>. Az esztergomi hivat\u00e1sos t\u0171zolt\u00f3k az E-ON szakembereivel egy\u00fcttm\u0171k\u00f6dve l\u00e1ncf\u0171r\u00e9sz seg\u00edts\u00e9g\u00e9vel feldarabolta a vesz\u00e9lyes f\u00e1t \u00e9s az \u00fatakad\u00e1lyt megsz\u00fcntette.<\/p>\n<p><img fetchpriority=\"high\" decoding=\"async\" class=\"alignnone size-full wp-image-4176\" src=\"https:\/\/dorogimedence.hu\/wp-content\/uploads\/2017\/07\/kidolt-fa-01.jpg\" alt=\"\" width=\"670\" height=\"365\" srcset=\"https:\/\/dorogimedence.hu\/wp-content\/uploads\/2017\/07\/kidolt-fa-01.jpg 670w, https:\/\/dorogimedence.hu\/wp-content\/uploads\/2017\/07\/kidolt-fa-01-300x163.jpg 300w\" sizes=\"(max-width: 670px) 100vw, 670px\" \/><\/p>\n<p>Vas\u00e1rnap d\u00e9lut\u00e1n egy <strong>k\u00fclf\u00f6ldi rendsz\u00e1m\u00fa szem\u00e9lyg\u00e9pkocsi k\u00f6zleked\u00e9si jelz\u0151l\u00e1mp\u00e1nak \u00fctk\u00f6z\u00f6tt L\u00e1batlan belter\u00fclet\u00e9n<\/strong>. Az aut\u00f3ban egy h\u00e1zasp\u00e1r utazott gyermek\u00fckkel, akik szerencs\u00e9re nem s\u00e9r\u00fcltek meg komolyabban, de kivizsg\u00e1l\u00e1sra az esztergomi k\u00f3rh\u00e1zba sz\u00e1ll\u00edtotta \u0151ket a ment\u0151szolg\u00e1lat. A ki\u00e9rkez\u0151 nyerges\u00fajfalui hivat\u00e1sos t\u0171zolt\u00f3k a j\u00e1rm\u0171 \u00e1ramtalan\u00edt\u00e1sa ut\u00e1n megsz\u00fcntett\u00e9k a f\u00e9lp\u00e1ly\u00e1s \u00fatz\u00e1rt \u00e9s \u00e1tadt\u00e1k a helysz\u00ednt a rend\u0151rs\u00e9gnek.<\/p>\n<p><em>Forr\u00e1s: komarom.katasztrofavedelem.hu<\/em><br \/>\n<em>Fot\u00f3k: Esztergom HTP<\/em><\/p>\n","protected":false},"excerpt":{"rendered":"<p>L\u00e1batlanon \u00e9s Bajna k\u00f6zel\u00e9ben balesethez, Annav\u00f6lgy\u00f6n \u00e9s Pilismar\u00f3ton pedig fakid\u0151l\u00e9sekhez riasztott\u00e1k a h\u00e9tv\u00e9g\u00e9n megy\u00e9nk t\u0171zolt\u00f3it. P\u00e9nteken d\u00e9lut\u00e1n a Bajna \u00e9s H\u00e9reg k\u00f6z\u00f6tti \u00faton egy szem\u00e9lyg\u00e9pj\u00e1rm\u0171 lesodr\u00f3dott az \u00fattestr\u0151l \u00e9s az \u00e1rokba borult. A aut\u00f3ban egy f\u0151 utazott, \u0151 saj\u00e1t erej\u00e9b\u0151l kisz\u00e1llt a g\u00e9pj\u00e1rm\u0171b\u0151l. A ment\u0151szolg\u00e1lat, a helysz\u00edni vizsg\u00e1latok alapj\u00e1n k\u00f6nny\u0171 s\u00e9r\u00fcl\u00e9ssel az esztergomi k\u00f3rh\u00e1zba sz\u00e1ll\u00edtotta.<\/p>\n","protected":false},"author":1,"featured_media":4175,"comment_status":"closed","ping_status":"closed","sticky":false,"template":"","format":"standard","meta":{"ngg_post_thumbnail":0,"footnotes":""},"categories":[3,56],"tags":[44,1163,175,65],"class_list":{"0":"post-4173","1":"post","2":"type-post","3":"status-publish","4":"format-standard","5":"has-post-thumbnail","7":"category-hirek","8":"category-komarom-esztergom","9":"tag-baleset","10":"tag-fakidoles","11":"tag-katasztrofavedelem","12":"tag-tuzoltosag"},"yoast_head":"<!-- This site is optimized with the Yoast SEO plugin v27.4 - https:\/\/yoast.com\/product\/yoast-seo-wordpress\/ -->\n<title>T\u00f6bbsz\u00f6r is riasztott\u00e1k t\u0171zolt\u00f3inkat a h\u00e9tv\u00e9g\u00e9n<\/title>\n<meta name=\"robots\" content=\"index, follow, max-snippet:-1, max-image-preview:large, max-video-preview:-1\" \/>\n<link rel=\"canonical\" href=\"https:\/\/dorogimedence.hu\/index.php\/2017\/07\/03\/tobbszor-is-riasztottak-tuzoltoinkat-a-hetvegen\/\" class=\"yoast-seo-meta-tag\" \/>\n<meta property=\"og:locale\" content=\"hu_HU\" class=\"yoast-seo-meta-tag\" \/>\n<meta property=\"og:type\" content=\"article\" class=\"yoast-seo-meta-tag\" \/>\n<meta property=\"og:title\" content=\"T\u00f6bbsz\u00f6r is riasztott\u00e1k t\u0171zolt\u00f3inkat a h\u00e9tv\u00e9g\u00e9n\" class=\"yoast-seo-meta-tag\" \/>\n<meta property=\"og:description\" content=\"L\u00e1batlanon \u00e9s Bajna k\u00f6zel\u00e9ben balesethez, Annav\u00f6lgy\u00f6n \u00e9s Pilismar\u00f3ton pedig fakid\u0151l\u00e9sekhez riasztott\u00e1k a h\u00e9tv\u00e9g\u00e9n megy\u00e9nk t\u0171zolt\u00f3it. P\u00e9nteken d\u00e9lut\u00e1n a Bajna \u00e9s H\u00e9reg k\u00f6z\u00f6tti \u00faton egy szem\u00e9lyg\u00e9pj\u00e1rm\u0171 lesodr\u00f3dott az \u00fattestr\u0151l \u00e9s az \u00e1rokba borult. A aut\u00f3ban egy f\u0151 utazott, \u0151 saj\u00e1t erej\u00e9b\u0151l kisz\u00e1llt a g\u00e9pj\u00e1rm\u0171b\u0151l. A ment\u0151szolg\u00e1lat, a helysz\u00edni vizsg\u00e1latok alapj\u00e1n k\u00f6nny\u0171 s\u00e9r\u00fcl\u00e9ssel az esztergomi k\u00f3rh\u00e1zba sz\u00e1ll\u00edtotta.\" class=\"yoast-seo-meta-tag\" \/>\n<meta property=\"og:url\" content=\"https:\/\/dorogimedence.hu\/index.php\/2017\/07\/03\/tobbszor-is-riasztottak-tuzoltoinkat-a-hetvegen\/\" class=\"yoast-seo-meta-tag\" \/>\n<meta property=\"og:site_name\" content=\"Dorogi-medence Region\u00e1lis H\u00edrport\u00e1l\" class=\"yoast-seo-meta-tag\" \/>\n<meta property=\"article:publisher\" content=\"https:\/\/www.facebook.com\/dorogimedence\/\" class=\"yoast-seo-meta-tag\" \/>\n<meta property=\"article:published_time\" content=\"2017-07-03T13:20:32+00:00\" class=\"yoast-seo-meta-tag\" \/>\n<meta property=\"og:image\" content=\"https:\/\/i0.wp.com\/dorogimedence.hu\/wp-content\/uploads\/2017\/07\/bajna-baleset-01.jpg?fit=670%2C365&ssl=1\" class=\"yoast-seo-meta-tag\" \/>\n\t<meta property=\"og:image:width\" content=\"670\" class=\"yoast-seo-meta-tag\" \/>\n\t<meta property=\"og:image:height\" content=\"365\" class=\"yoast-seo-meta-tag\" \/>\n\t<meta property=\"og:image:type\" content=\"image\/jpeg\" class=\"yoast-seo-meta-tag\" \/>\n<meta name=\"author\" content=\"dorogimedence.hu\" class=\"yoast-seo-meta-tag\" \/>\n<meta name=\"twitter:card\" content=\"summary_large_image\" class=\"yoast-seo-meta-tag\" \/>\n<meta name=\"twitter:label1\" content=\"Szerz\u0151:\" class=\"yoast-seo-meta-tag\" \/>\n\t<meta name=\"twitter:data1\" content=\"dorogimedence.hu\" class=\"yoast-seo-meta-tag\" \/>\n\t<meta name=\"twitter:label2\" content=\"Becs\u00fclt olvas\u00e1si id\u0151\" class=\"yoast-seo-meta-tag\" \/>\n\t<meta name=\"twitter:data2\" content=\"2 perc\" class=\"yoast-seo-meta-tag\" \/>\n<script type=\"application\/ld+json\" class=\"yoast-schema-graph\">{\"@context\":\"https:\\\/\\\/schema.org\",\"@graph\":[{\"@type\":\"Article\",\"@id\":\"https:\\\/\\\/dorogimedence.hu\\\/index.php\\\/2017\\\/07\\\/03\\\/tobbszor-is-riasztottak-tuzoltoinkat-a-hetvegen\\\/#article\",\"isPartOf\":{\"@id\":\"https:\\\/\\\/dorogimedence.hu\\\/index.php\\\/2017\\\/07\\\/03\\\/tobbszor-is-riasztottak-tuzoltoinkat-a-hetvegen\\\/\"},\"author\":{\"name\":\"dorogimedence.hu\",\"@id\":\"https:\\\/\\\/dorogimedence.hu\\\/#\\\/schema\\\/person\\\/ce6091eeb7e95ecdc87890d6aa8e0fd4\"},\"headline\":\"T\u00f6bbsz\u00f6r is riasztott\u00e1k t\u0171zolt\u00f3inkat a h\u00e9tv\u00e9g\u00e9n\",\"datePublished\":\"2017-07-03T13:20:32+00:00\",\"mainEntityOfPage\":{\"@id\":\"https:\\\/\\\/dorogimedence.hu\\\/index.php\\\/2017\\\/07\\\/03\\\/tobbszor-is-riasztottak-tuzoltoinkat-a-hetvegen\\\/\"},\"wordCount\":403,\"publisher\":{\"@id\":\"https:\\\/\\\/dorogimedence.hu\\\/#organization\"},\"image\":{\"@id\":\"https:\\\/\\\/dorogimedence.hu\\\/index.php\\\/2017\\\/07\\\/03\\\/tobbszor-is-riasztottak-tuzoltoinkat-a-hetvegen\\\/#primaryimage\"},\"thumbnailUrl\":\"https:\\\/\\\/dorogimedence.hu\\\/wp-content\\\/uploads\\\/2017\\\/07\\\/bajna-baleset-01.jpg\",\"keywords\":[\"baleset\",\"fakid\u0151l\u00e9s\",\"katasztr\u00f3fav\u00e9delem\",\"t\u0171zolt\u00f3s\u00e1g\"],\"articleSection\":[\"H\u00edrek\",\"Kom\u00e1rom-Esztergom\"],\"inLanguage\":\"hu\"},{\"@type\":\"WebPage\",\"@id\":\"https:\\\/\\\/dorogimedence.hu\\\/index.php\\\/2017\\\/07\\\/03\\\/tobbszor-is-riasztottak-tuzoltoinkat-a-hetvegen\\\/\",\"url\":\"https:\\\/\\\/dorogimedence.hu\\\/index.php\\\/2017\\\/07\\\/03\\\/tobbszor-is-riasztottak-tuzoltoinkat-a-hetvegen\\\/\",\"name\":\"T\u00f6bbsz\u00f6r is riasztott\u00e1k t\u0171zolt\u00f3inkat a h\u00e9tv\u00e9g\u00e9n\",\"isPartOf\":{\"@id\":\"https:\\\/\\\/dorogimedence.hu\\\/#website\"},\"primaryImageOfPage\":{\"@id\":\"https:\\\/\\\/dorogimedence.hu\\\/index.php\\\/2017\\\/07\\\/03\\\/tobbszor-is-riasztottak-tuzoltoinkat-a-hetvegen\\\/#primaryimage\"},\"image\":{\"@id\":\"https:\\\/\\\/dorogimedence.hu\\\/index.php\\\/2017\\\/07\\\/03\\\/tobbszor-is-riasztottak-tuzoltoinkat-a-hetvegen\\\/#primaryimage\"},\"thumbnailUrl\":\"https:\\\/\\\/dorogimedence.hu\\\/wp-content\\\/uploads\\\/2017\\\/07\\\/bajna-baleset-01.jpg\",\"datePublished\":\"2017-07-03T13:20:32+00:00\",\"breadcrumb\":{\"@id\":\"https:\\\/\\\/dorogimedence.hu\\\/index.php\\\/2017\\\/07\\\/03\\\/tobbszor-is-riasztottak-tuzoltoinkat-a-hetvegen\\\/#breadcrumb\"},\"inLanguage\":\"hu\",\"potentialAction\":[{\"@type\":\"ReadAction\",\"target\":[\"https:\\\/\\\/dorogimedence.hu\\\/index.php\\\/2017\\\/07\\\/03\\\/tobbszor-is-riasztottak-tuzoltoinkat-a-hetvegen\\\/\"]}]},{\"@type\":\"ImageObject\",\"inLanguage\":\"hu\",\"@id\":\"https:\\\/\\\/dorogimedence.hu\\\/index.php\\\/2017\\\/07\\\/03\\\/tobbszor-is-riasztottak-tuzoltoinkat-a-hetvegen\\\/#primaryimage\",\"url\":\"https:\\\/\\\/dorogimedence.hu\\\/wp-content\\\/uploads\\\/2017\\\/07\\\/bajna-baleset-01.jpg\",\"contentUrl\":\"https:\\\/\\\/dorogimedence.hu\\\/wp-content\\\/uploads\\\/2017\\\/07\\\/bajna-baleset-01.jpg\",\"width\":670,\"height\":365},{\"@type\":\"BreadcrumbList\",\"@id\":\"https:\\\/\\\/dorogimedence.hu\\\/index.php\\\/2017\\\/07\\\/03\\\/tobbszor-is-riasztottak-tuzoltoinkat-a-hetvegen\\\/#breadcrumb\",\"itemListElement\":[{\"@type\":\"ListItem\",\"position\":1,\"name\":\"Kezd\u0151lap\",\"item\":\"https:\\\/\\\/dorogimedence.hu\\\/\"},{\"@type\":\"ListItem\",\"position\":2,\"name\":\"T\u00f6bbsz\u00f6r is riasztott\u00e1k t\u0171zolt\u00f3inkat a h\u00e9tv\u00e9g\u00e9n\"}]},{\"@type\":\"WebSite\",\"@id\":\"https:\\\/\\\/dorogimedence.hu\\\/#website\",\"url\":\"https:\\\/\\\/dorogimedence.hu\\\/\",\"name\":\"Dorogi-medence Region\u00e1lis H\u00edrport\u00e1l\",\"description\":\"Dorog, Keszt\u00f6lc, Le\u00e1nyv\u00e1r, Piliscs\u00e9v, Tokod, Tokodalt\u00e1r\u00f3, Csolnok, Esztergom-kertv\u00e1ros: h\u00edrek, programok\",\"publisher\":{\"@id\":\"https:\\\/\\\/dorogimedence.hu\\\/#organization\"},\"potentialAction\":[{\"@type\":\"SearchAction\",\"target\":{\"@type\":\"EntryPoint\",\"urlTemplate\":\"https:\\\/\\\/dorogimedence.hu\\\/?s={search_term_string}\"},\"query-input\":{\"@type\":\"PropertyValueSpecification\",\"valueRequired\":true,\"valueName\":\"search_term_string\"}}],\"inLanguage\":\"hu\"},{\"@type\":\"Organization\",\"@id\":\"https:\\\/\\\/dorogimedence.hu\\\/#organization\",\"name\":\"Dorogi-medence Region\u00e1lis H\u00edrport\u00e1l\",\"url\":\"https:\\\/\\\/dorogimedence.hu\\\/\",\"logo\":{\"@type\":\"ImageObject\",\"inLanguage\":\"hu\",\"@id\":\"https:\\\/\\\/dorogimedence.hu\\\/#\\\/schema\\\/logo\\\/image\\\/\",\"url\":\"https:\\\/\\\/dorogimedence.hu\\\/wp-content\\\/uploads\\\/2021\\\/04\\\/logo-feher-600.png\",\"contentUrl\":\"https:\\\/\\\/dorogimedence.hu\\\/wp-content\\\/uploads\\\/2021\\\/04\\\/logo-feher-600.png\",\"width\":600,\"height\":100,\"caption\":\"Dorogi-medence Region\u00e1lis H\u00edrport\u00e1l\"},\"image\":{\"@id\":\"https:\\\/\\\/dorogimedence.hu\\\/#\\\/schema\\\/logo\\\/image\\\/\"},\"sameAs\":[\"https:\\\/\\\/www.facebook.com\\\/dorogimedence\\\/\"]},{\"@type\":\"Person\",\"@id\":\"https:\\\/\\\/dorogimedence.hu\\\/#\\\/schema\\\/person\\\/ce6091eeb7e95ecdc87890d6aa8e0fd4\",\"name\":\"dorogimedence.hu\",\"image\":{\"@type\":\"ImageObject\",\"inLanguage\":\"hu\",\"@id\":\"\\\/\\\/www.gravatar.com\\\/avatar\\\/d8d45f8901aadff40a4af72c0b826f1d?s=96&#038;r=g&#038;d=mm\",\"url\":\"\\\/\\\/www.gravatar.com\\\/avatar\\\/d8d45f8901aadff40a4af72c0b826f1d?s=96&#038;r=g&#038;d=mm\",\"contentUrl\":\"\\\/\\\/www.gravatar.com\\\/avatar\\\/d8d45f8901aadff40a4af72c0b826f1d?s=96&#038;r=g&#038;d=mm\",\"caption\":\"dorogimedence.hu\"}}]}<\/script>\n<!-- \/ Yoast SEO plugin. -->","yoast_head_json":{"title":"T\u00f6bbsz\u00f6r is riasztott\u00e1k t\u0171zolt\u00f3inkat a h\u00e9tv\u00e9g\u00e9n","robots":{"index":"index","follow":"follow","max-snippet":"max-snippet:-1","max-image-preview":"max-image-preview:large","max-video-preview":"max-video-preview:-1"},"canonical":"https:\/\/dorogimedence.hu\/index.php\/2017\/07\/03\/tobbszor-is-riasztottak-tuzoltoinkat-a-hetvegen\/","og_locale":"hu_HU","og_type":"article","og_title":"T\u00f6bbsz\u00f6r is riasztott\u00e1k t\u0171zolt\u00f3inkat a h\u00e9tv\u00e9g\u00e9n","og_description":"L\u00e1batlanon \u00e9s Bajna k\u00f6zel\u00e9ben balesethez, Annav\u00f6lgy\u00f6n \u00e9s Pilismar\u00f3ton pedig fakid\u0151l\u00e9sekhez riasztott\u00e1k a h\u00e9tv\u00e9g\u00e9n megy\u00e9nk t\u0171zolt\u00f3it. P\u00e9nteken d\u00e9lut\u00e1n a Bajna \u00e9s H\u00e9reg k\u00f6z\u00f6tti \u00faton egy szem\u00e9lyg\u00e9pj\u00e1rm\u0171 lesodr\u00f3dott az \u00fattestr\u0151l \u00e9s az \u00e1rokba borult. A aut\u00f3ban egy f\u0151 utazott, \u0151 saj\u00e1t erej\u00e9b\u0151l kisz\u00e1llt a g\u00e9pj\u00e1rm\u0171b\u0151l. A ment\u0151szolg\u00e1lat, a helysz\u00edni vizsg\u00e1latok alapj\u00e1n k\u00f6nny\u0171 s\u00e9r\u00fcl\u00e9ssel az esztergomi k\u00f3rh\u00e1zba sz\u00e1ll\u00edtotta.","og_url":"https:\/\/dorogimedence.hu\/index.php\/2017\/07\/03\/tobbszor-is-riasztottak-tuzoltoinkat-a-hetvegen\/","og_site_name":"Dorogi-medence Region\u00e1lis H\u00edrport\u00e1l","article_publisher":"https:\/\/www.facebook.com\/dorogimedence\/","article_published_time":"2017-07-03T13:20:32+00:00","og_image":[{"width":670,"height":365,"url":"https:\/\/i0.wp.com\/dorogimedence.hu\/wp-content\/uploads\/2017\/07\/bajna-baleset-01.jpg?fit=670%2C365&ssl=1","type":"image\/jpeg"}],"author":"dorogimedence.hu","twitter_card":"summary_large_image","twitter_misc":{"Szerz\u0151:":"dorogimedence.hu","Becs\u00fclt olvas\u00e1si id\u0151":"2 perc"},"schema":{"@context":"https:\/\/schema.org","@graph":[{"@type":"Article","@id":"https:\/\/dorogimedence.hu\/index.php\/2017\/07\/03\/tobbszor-is-riasztottak-tuzoltoinkat-a-hetvegen\/#article","isPartOf":{"@id":"https:\/\/dorogimedence.hu\/index.php\/2017\/07\/03\/tobbszor-is-riasztottak-tuzoltoinkat-a-hetvegen\/"},"author":{"name":"dorogimedence.hu","@id":"https:\/\/dorogimedence.hu\/#\/schema\/person\/ce6091eeb7e95ecdc87890d6aa8e0fd4"},"headline":"T\u00f6bbsz\u00f6r is riasztott\u00e1k t\u0171zolt\u00f3inkat a h\u00e9tv\u00e9g\u00e9n","datePublished":"2017-07-03T13:20:32+00:00","mainEntityOfPage":{"@id":"https:\/\/dorogimedence.hu\/index.php\/2017\/07\/03\/tobbszor-is-riasztottak-tuzoltoinkat-a-hetvegen\/"},"wordCount":403,"publisher":{"@id":"https:\/\/dorogimedence.hu\/#organization"},"image":{"@id":"https:\/\/dorogimedence.hu\/index.php\/2017\/07\/03\/tobbszor-is-riasztottak-tuzoltoinkat-a-hetvegen\/#primaryimage"},"thumbnailUrl":"https:\/\/dorogimedence.hu\/wp-content\/uploads\/2017\/07\/bajna-baleset-01.jpg","keywords":["baleset","fakid\u0151l\u00e9s","katasztr\u00f3fav\u00e9delem","t\u0171zolt\u00f3s\u00e1g"],"articleSection":["H\u00edrek","Kom\u00e1rom-Esztergom"],"inLanguage":"hu"},{"@type":"WebPage","@id":"https:\/\/dorogimedence.hu\/index.php\/2017\/07\/03\/tobbszor-is-riasztottak-tuzoltoinkat-a-hetvegen\/","url":"https:\/\/dorogimedence.hu\/index.php\/2017\/07\/03\/tobbszor-is-riasztottak-tuzoltoinkat-a-hetvegen\/","name":"T\u00f6bbsz\u00f6r is riasztott\u00e1k t\u0171zolt\u00f3inkat a h\u00e9tv\u00e9g\u00e9n","isPartOf":{"@id":"https:\/\/dorogimedence.hu\/#website"},"primaryImageOfPage":{"@id":"https:\/\/dorogimedence.hu\/index.php\/2017\/07\/03\/tobbszor-is-riasztottak-tuzoltoinkat-a-hetvegen\/#primaryimage"},"image":{"@id":"https:\/\/dorogimedence.hu\/index.php\/2017\/07\/03\/tobbszor-is-riasztottak-tuzoltoinkat-a-hetvegen\/#primaryimage"},"thumbnailUrl":"https:\/\/dorogimedence.hu\/wp-content\/uploads\/2017\/07\/bajna-baleset-01.jpg","datePublished":"2017-07-03T13:20:32+00:00","breadcrumb":{"@id":"https:\/\/dorogimedence.hu\/index.php\/2017\/07\/03\/tobbszor-is-riasztottak-tuzoltoinkat-a-hetvegen\/#breadcrumb"},"inLanguage":"hu","potentialAction":[{"@type":"ReadAction","target":["https:\/\/dorogimedence.hu\/index.php\/2017\/07\/03\/tobbszor-is-riasztottak-tuzoltoinkat-a-hetvegen\/"]}]},{"@type":"ImageObject","inLanguage":"hu","@id":"https:\/\/dorogimedence.hu\/index.php\/2017\/07\/03\/tobbszor-is-riasztottak-tuzoltoinkat-a-hetvegen\/#primaryimage","url":"https:\/\/dorogimedence.hu\/wp-content\/uploads\/2017\/07\/bajna-baleset-01.jpg","contentUrl":"https:\/\/dorogimedence.hu\/wp-content\/uploads\/2017\/07\/bajna-baleset-01.jpg","width":670,"height":365},{"@type":"BreadcrumbList","@id":"https:\/\/dorogimedence.hu\/index.php\/2017\/07\/03\/tobbszor-is-riasztottak-tuzoltoinkat-a-hetvegen\/#breadcrumb","itemListElement":[{"@type":"ListItem","position":1,"name":"Kezd\u0151lap","item":"https:\/\/dorogimedence.hu\/"},{"@type":"ListItem","position":2,"name":"T\u00f6bbsz\u00f6r is riasztott\u00e1k t\u0171zolt\u00f3inkat a h\u00e9tv\u00e9g\u00e9n"}]},{"@type":"WebSite","@id":"https:\/\/dorogimedence.hu\/#website","url":"https:\/\/dorogimedence.hu\/","name":"Dorogi-medence Region\u00e1lis H\u00edrport\u00e1l","description":"Dorog, Keszt\u00f6lc, Le\u00e1nyv\u00e1r, Piliscs\u00e9v, Tokod, Tokodalt\u00e1r\u00f3, Csolnok, Esztergom-kertv\u00e1ros: h\u00edrek, programok","publisher":{"@id":"https:\/\/dorogimedence.hu\/#organization"},"potentialAction":[{"@type":"SearchAction","target":{"@type":"EntryPoint","urlTemplate":"https:\/\/dorogimedence.hu\/?s={search_term_string}"},"query-input":{"@type":"PropertyValueSpecification","valueRequired":true,"valueName":"search_term_string"}}],"inLanguage":"hu"},{"@type":"Organization","@id":"https:\/\/dorogimedence.hu\/#organization","name":"Dorogi-medence Region\u00e1lis H\u00edrport\u00e1l","url":"https:\/\/dorogimedence.hu\/","logo":{"@type":"ImageObject","inLanguage":"hu","@id":"https:\/\/dorogimedence.hu\/#\/schema\/logo\/image\/","url":"https:\/\/dorogimedence.hu\/wp-content\/uploads\/2021\/04\/logo-feher-600.png","contentUrl":"https:\/\/dorogimedence.hu\/wp-content\/uploads\/2021\/04\/logo-feher-600.png","width":600,"height":100,"caption":"Dorogi-medence Region\u00e1lis H\u00edrport\u00e1l"},"image":{"@id":"https:\/\/dorogimedence.hu\/#\/schema\/logo\/image\/"},"sameAs":["https:\/\/www.facebook.com\/dorogimedence\/"]},{"@type":"Person","@id":"https:\/\/dorogimedence.hu\/#\/schema\/person\/ce6091eeb7e95ecdc87890d6aa8e0fd4","name":"dorogimedence.hu","image":{"@type":"ImageObject","inLanguage":"hu","@id":"\/\/www.gravatar.com\/avatar\/d8d45f8901aadff40a4af72c0b826f1d?s=96&#038;r=g&#038;d=mm","url":"\/\/www.gravatar.com\/avatar\/d8d45f8901aadff40a4af72c0b826f1d?s=96&#038;r=g&#038;d=mm","contentUrl":"\/\/www.gravatar.com\/avatar\/d8d45f8901aadff40a4af72c0b826f1d?s=96&#038;r=g&#038;d=mm","caption":"dorogimedence.hu"}}]}},"_links":{"self":[{"href":"https:\/\/dorogimedence.hu\/index.php\/wp-json\/wp\/v2\/posts\/4173","targetHints":{"allow":["GET"]}}],"collection":[{"href":"https:\/\/dorogimedence.hu\/index.php\/wp-json\/wp\/v2\/posts"}],"about":[{"href":"https:\/\/dorogimedence.hu\/index.php\/wp-json\/wp\/v2\/types\/post"}],"author":[{"embeddable":true,"href":"https:\/\/dorogimedence.hu\/index.php\/wp-json\/wp\/v2\/users\/1"}],"replies":[{"embeddable":true,"href":"https:\/\/dorogimedence.hu\/index.php\/wp-json\/wp\/v2\/comments?post=4173"}],"version-history":[{"count":0,"href":"https:\/\/dorogimedence.hu\/index.php\/wp-json\/wp\/v2\/posts\/4173\/revisions"}],"wp:featuredmedia":[{"embeddable":true,"href":"https:\/\/dorogimedence.hu\/index.php\/wp-json\/wp\/v2\/media\/4175"}],"wp:attachment":[{"href":"https:\/\/dorogimedence.hu\/index.php\/wp-json\/wp\/v2\/media?parent=4173"}],"wp:term":[{"taxonomy":"category","embeddable":true,"href":"https:\/\/dorogimedence.hu\/index.php\/wp-json\/wp\/v2\/categories?post=4173"},{"taxonomy":"post_tag","embeddable":true,"href":"https:\/\/dorogimedence.hu\/index.php\/wp-json\/wp\/v2\/tags?post=4173"}],"curies":[{"name":"wp","href":"https:\/\/api.w.org\/{rel}","templated":true}]}}