{"id":41726,"date":"2022-04-07T07:06:33","date_gmt":"2022-04-07T05:06:33","guid":{"rendered":"https:\/\/dorogimedence.hu\/?p=41726"},"modified":"2022-04-07T07:08:24","modified_gmt":"2022-04-07T05:08:24","slug":"egyre-kozelebb-kerul-a-dorog-a-kiesozonahoz","status":"publish","type":"post","link":"https:\/\/dorogimedence.hu\/index.php\/2022\/04\/07\/egyre-kozelebb-kerul-a-dorog-a-kiesozonahoz\/","title":{"rendered":"Egyre k\u00f6zelebb ker\u00fcl a Dorog a kies\u0151z\u00f3n\u00e1hoz"},"content":{"rendered":"<p class=\"lead\"><strong>Nagy csat\u00e1t \u00e9s kem\u00e9ny k\u00fczdelmet hozott a Dorog \u00e9s a Di\u00f3sgy\u0151r \u00f6sszecsap\u00e1sa a labdar\u00fag\u00f3 NB II 31. j\u00e1t\u00e9knapj\u00e1n, \u00e1prilis 6-\u00e1n, szerd\u00e1n. A feljut\u00e1s\u00e9rt k\u00fczd\u0151 DVTK a r\u00e1ad\u00e1sban d\u00f6nt\u00f6tt, \u00e9s 1\u20130-ra gy\u0151z\u00f6tt<\/strong> <em>&#8211; \u00edrja a Nemzeti Sport.<\/em><\/p>\n<p>Azt t\u00falz\u00e1s lenne \u00e1ll\u00edtani, hogy j\u00f3 form\u00e1ban v\u00e1rt\u00e1k a csapatok a m\u00e9rk\u0151z\u00e9st: a h\u00e1zigazda Dorog h\u00e1rom-, a Di\u00f3sgy\u0151r pedig \u00f6tg\u00f3los veres\u00e9get szenvedett vas\u00e1rnap, r\u00e1ad\u00e1sul el\u0151bbi az el\u0151z\u0151 h\u00e1rom bajnokij\u00e1t egyar\u00e1nt elbukta, m\u00edg ut\u00f3bbi a legut\u00f3bbi n\u00e9gy meccs\u00e9n mind\u00f6ssze h\u00e1rom pontot szerzett. \u00c9ppen ez\u00e9rt mindk\u00e9t csapat sz\u00e1m\u00e1ra fontoss\u00e1 v\u00e1lt a tal\u00e1lkoz\u00f3, hiszen a kor\u00e1bban er\u0151s k\u00f6z\u00e9pcsapatnak sz\u00e1m\u00edt\u00f3, az\u00f3ta a 13. helyre visszacs\u00fasz\u00f3 Dorog egyre k\u00f6zelebb ker\u00fcl a kies\u0151z\u00f3n\u00e1hoz, m\u00edg a m\u00e1sodik, teh\u00e1t m\u00e9g feljut\u00f3 helyen \u00e1ll\u00f3 Di\u00f3sgy\u0151rt imm\u00e1r a Szeged \u00e9s a Kecskem\u00e9t is szorongatja.<\/p>\n<p>Az els\u0151 negyed\u00f3r\u00e1ban a vend\u00e9gcsapat j\u00e1tszott mez\u0151nyf\u00f6l\u00e9nyben, majd a h\u00e1zigazda is mag\u00e1ra tal\u00e1lt, \u00e9s sz\u00e9p t\u00e1mad\u00e1sokat vezetve okozott kellemetlen pillanatokat a DVTK-nak. A dorogi fell\u00e1ngol\u00e1s ut\u00e1n \u00fajra Kond\u00e1s Elem\u00e9r csapata vette \u00e1t a kezdem\u00e9nyez\u00e9st, mik\u00f6zben helyzet akadt mindk\u00e9t oldalon. Ha nem is volt kimagasl\u00f3 a sz\u00ednvonal, de az iramra nem lehetett panasz, emellett a sz\u00e9p sz\u00e1mmal jelenl\u00e9v\u0151 szurkol\u00f3k is j\u00f3 hangulatot teremtettek a stadionban.<\/p>\n<p>A m\u00e1sodik f\u00e9lid\u0151ben a Di\u00f3sgy\u0151r azonnal nekirontott ellenfel\u00e9nek, f\u00f6l\u00e9nybe ker\u00fclt, amire Fenyvesi L\u00e1szl\u00f3 cser\u00e9kkel pr\u00f3b\u00e1lt reag\u00e1lni. B\u00e1r \u00fagy t\u0171nt, csak id\u0151 k\u00e9rd\u00e9se, mikor szereznek g\u00f3lt a miskolciak, a szervezetten v\u00e9dekez\u0151 Dorog minden pr\u00f3b\u00e1lkoz\u00e1sukat hat\u00e1stalan\u00edtotta. Ett\u0151l persze egyre frusztr\u00e1ltabb\u00e1 v\u00e1ltak a vend\u00e9gek, ami t\u00f6bb kem\u00e9ny szab\u00e1lytalans\u00e1gban \u00f6lt\u00f6tt testet, a j\u00e1t\u00e9k sz\u00ednvonala pedig sokat esett. Miel\u0151tt azonban eldurvult volna a m\u00e9rk\u0151z\u00e9s, a k\u00fczd\u0151 felek lenyugodtak, \u00e9s mindenki a feladat\u00e1ra pr\u00f3b\u00e1lt koncentr\u00e1lni. A Di\u00f3sgy\u0151r egy\u00e9rtelm\u0171en a gy\u0151ztes g\u00f3lra hajtott, m\u00edg a teljesen beszorul\u00f3, m\u00e1r szinte a felez\u0151vonalon is \u00e1tjutni k\u00e9ptelen Dorog foggal-k\u00f6r\u00f6mmel \u0151rizte a d\u00f6ntetlent.<\/p>\n<p>Sok\u00e1ig sikerrel, a vend\u00e9gek ugyanis a hatalmas mez\u0151nyf\u00f6l\u00e9ny\u00fck ellen\u00e9re nem tudtak igazi helyzetet kidolgozni. \u00dagy festett, hogy a dorogiak terve val\u00f3sul meg, amikor k\u00f6zvetlen\u00fcl a lef\u00faj\u00e1s el\u0151tt kapu el\u0151tti kavarod\u00e1st k\u00f6vet\u0151en <strong>K\u00f6nyves Norbert <\/strong>a jobb als\u00f3ba l\u0151tt. Nem t\u00fal er\u0151s, de j\u00f3l helyezett l\u00f6v\u00e9s volt, amib\u0151l Tulip\u00e1n kapus vajmi keveset l\u00e1thatott. Elszabadultak az indulatok a kispadokn\u00e1l, a k\u00e9t vezet\u0151edz\u0151 majdnem \u00f6lre ment egym\u00e1ssal, v\u00e9g\u00fcl az \u00f6lt\u00f6z\u0151ben tiszt\u00e1zt\u00e1k a n\u00e9zetelt\u00e9r\u00e9st. <strong>0\u20131 <\/strong><\/p>\n<p><strong>LABDAR\u00daG\u00d3 NB II &#8211; <\/strong><strong>31. FORDUL\u00d3<br \/>\n<\/strong><strong><span style=\"color: #ff0000;\">DOROGI FC\u2013DI\u00d3SGY\u0150RI VTK 0\u20131 (0\u20130)<\/span><br \/>\nDorog, 700<\/strong> n\u00e9z\u0151.<strong> Vezette:<\/strong> Dolneg\u00f3 B\u00e1lint (R\u00f3zsa D\u00e1vid, Szab\u00f3 D\u00e1niel)<br \/>\n<strong>DOROGI FC: <\/strong>Tulip\u00e1n \u2013 Ny\u00edri, Dlusztus, Izing, Papp M. \u2013 Keresztes (Berk\u00f3, 56.) \u2013 R\u00e1cz (Nagyh\u00e1zi, 76.), Szerencsi, Barna (Pohner, 66.), Szedl\u00e1r (V\u00edgh, 76.) \u2013 Girsik (Oldal, 56.). <strong>Vezet\u0151edz\u0151:<\/strong> Fenyvesi L\u00e1szl\u00f3<br \/>\n<strong>DVTK:<\/strong> P\u00f3ser \u2013 Szatm\u00e1ri, Karan, B\u00e1rdos \u2013 Polg\u00e1r, Jurek (Kocsis, 74.), Lucas, Ol\u00e1h (Bertus, 74.), Bokros (Horny\u00e1k, 85.) \u2013 Eppel (Horv\u00e1th Z., a sz\u00fcnetben), K\u00f6nyves. <strong>Vezet\u0151edz\u0151:<\/strong> Kond\u00e1s Elem\u00e9r<br \/>\n<strong>G\u00f3lszerz\u0151: <\/strong>K\u00f6nyves (90+4.)<br \/>\n<strong>MESTERM\u00c9RLEG<br \/>\nFenyvesi L\u00e1szl\u00f3: <\/strong>\u2013 K\u00e9t h\u00fasz \u00e9v alatti, saj\u00e1t nevel\u00e9s\u0171 helyi j\u00e1t\u00e9kossal a p\u00e1ly\u00e1n is megszorongattuk a Di\u00f3sgy\u0151rt, de az utols\u00f3 percben egy nyilv\u00e1nval\u00f3 kezez\u00e9st k\u00f6vet\u0151en elvesz\u00edtett\u00fck a m\u00e9rk\u0151z\u00e9st. B\u00fcszke vagyok a csapatom hozz\u00e1\u00e1ll\u00e1s\u00e1ra.<br \/>\n<strong>Kond\u00e1s Elem\u00e9r: <\/strong>\u2013 Nagyon neh\u00e9z m\u00e9rk\u0151z\u00e9s volt, de erre sz\u00e1m\u00edtottunk. \u00d6r\u00fcl\u00f6k, hogy siker\u00fclt nyern\u00fcnk, de nagyon meg kellett k\u00fczden\u00fcnk \u00e9rte.<\/p>\n<p><a href=\"https:\/\/www.nemzetisport.hu\/labdarugo_nb_ii\/nb-ii-dorog-diosgyori-vtk-2885255\" target=\"_blank\" rel=\"noopener\"><span style=\"text-decoration: underline; color: #0000ff;\">A m\u00e9rk\u0151z\u00e9s r\u00e9szletei&gt;&gt;<\/span><\/a><\/p>\n<p><em>Forr\u00e1s: nemzetisport.hu<\/em><br \/>\n<em>Bor\u00edt\u00f3k\u00e9p: Dorogi FC<\/em><\/p>\n","protected":false},"excerpt":{"rendered":"<p>Nagy csat\u00e1t \u00e9s kem\u00e9ny k\u00fczdelmet hozott a Dorog \u00e9s a Di\u00f3sgy\u0151r \u00f6sszecsap\u00e1sa a labdar\u00fag\u00f3 NB II 31. j\u00e1t\u00e9knapj\u00e1n, \u00e1prilis 6-\u00e1n, szerd\u00e1n. A feljut\u00e1s\u00e9rt k\u00fczd\u0151 DVTK a r\u00e1ad\u00e1sban d\u00f6nt\u00f6tt, \u00e9s 1\u20130-ra gy\u0151z\u00f6tt &#8211; \u00edrja a Nemzeti Sport. Azt t\u00falz\u00e1s lenne \u00e1ll\u00edtani, hogy j\u00f3 form\u00e1ban v\u00e1rt\u00e1k a csapatok a m\u00e9rk\u0151z\u00e9st: a h\u00e1zigazda Dorog h\u00e1rom-, a Di\u00f3sgy\u0151r pedig<\/p>\n","protected":false},"author":1,"featured_media":41727,"comment_status":"closed","ping_status":"closed","sticky":false,"template":"","format":"standard","meta":{"ngg_post_thumbnail":0,"footnotes":""},"categories":[2,3,5],"tags":[6027,15,37,70,69,72,263,16],"class_list":{"0":"post-41726","1":"post","2":"type-post","3":"status-publish","4":"format-standard","5":"has-post-thumbnail","7":"category-dorog","8":"category-hirek","9":"category-sport","10":"tag-diosgyor","11":"tag-dorog","12":"tag-dorogi-fc","13":"tag-foci","14":"tag-futball","15":"tag-labdarugas","16":"tag-nb-ii","17":"tag-sport"},"yoast_head":"<!-- This site is optimized with the Yoast SEO plugin v27.5 - https:\/\/yoast.com\/product\/yoast-seo-wordpress\/ -->\n<title>Egyre k\u00f6zelebb ker\u00fcl a Dorog a kies\u0151z\u00f3n\u00e1hoz<\/title>\n<meta name=\"robots\" content=\"index, follow, max-snippet:-1, max-image-preview:large, max-video-preview:-1\" \/>\n<link rel=\"canonical\" href=\"https:\/\/dorogimedence.hu\/index.php\/2022\/04\/07\/egyre-kozelebb-kerul-a-dorog-a-kiesozonahoz\/\" class=\"yoast-seo-meta-tag\" \/>\n<meta property=\"og:locale\" content=\"hu_HU\" class=\"yoast-seo-meta-tag\" \/>\n<meta property=\"og:type\" content=\"article\" class=\"yoast-seo-meta-tag\" \/>\n<meta property=\"og:title\" content=\"Egyre k\u00f6zelebb ker\u00fcl a Dorog a kies\u0151z\u00f3n\u00e1hoz\" class=\"yoast-seo-meta-tag\" \/>\n<meta property=\"og:description\" content=\"Nagy csat\u00e1t \u00e9s kem\u00e9ny k\u00fczdelmet hozott a Dorog \u00e9s a Di\u00f3sgy\u0151r \u00f6sszecsap\u00e1sa a labdar\u00fag\u00f3 NB II 31. j\u00e1t\u00e9knapj\u00e1n, \u00e1prilis 6-\u00e1n, szerd\u00e1n. A feljut\u00e1s\u00e9rt k\u00fczd\u0151 DVTK a r\u00e1ad\u00e1sban d\u00f6nt\u00f6tt, \u00e9s 1\u20130-ra gy\u0151z\u00f6tt &#8211; \u00edrja a Nemzeti Sport. Azt t\u00falz\u00e1s lenne \u00e1ll\u00edtani, hogy j\u00f3 form\u00e1ban v\u00e1rt\u00e1k a csapatok a m\u00e9rk\u0151z\u00e9st: a h\u00e1zigazda Dorog h\u00e1rom-, a Di\u00f3sgy\u0151r pedig\" class=\"yoast-seo-meta-tag\" \/>\n<meta property=\"og:url\" content=\"https:\/\/dorogimedence.hu\/index.php\/2022\/04\/07\/egyre-kozelebb-kerul-a-dorog-a-kiesozonahoz\/\" class=\"yoast-seo-meta-tag\" \/>\n<meta property=\"og:site_name\" content=\"Dorogi-medence Region\u00e1lis H\u00edrport\u00e1l\" class=\"yoast-seo-meta-tag\" \/>\n<meta property=\"article:publisher\" content=\"https:\/\/www.facebook.com\/dorogimedence\/\" class=\"yoast-seo-meta-tag\" \/>\n<meta property=\"article:published_time\" content=\"2022-04-07T05:06:33+00:00\" class=\"yoast-seo-meta-tag\" \/>\n<meta property=\"article:modified_time\" content=\"2022-04-07T05:08:24+00:00\" class=\"yoast-seo-meta-tag\" \/>\n<meta property=\"og:image\" content=\"https:\/\/i0.wp.com\/dorogimedence.hu\/wp-content\/uploads\/2022\/04\/dorog-diosgyor.jpg?fit=1217%2C742&ssl=1\" class=\"yoast-seo-meta-tag\" \/>\n\t<meta property=\"og:image:width\" content=\"1217\" class=\"yoast-seo-meta-tag\" \/>\n\t<meta property=\"og:image:height\" content=\"742\" class=\"yoast-seo-meta-tag\" \/>\n\t<meta property=\"og:image:type\" content=\"image\/jpeg\" class=\"yoast-seo-meta-tag\" \/>\n<meta name=\"author\" content=\"dorogimedence.hu\" class=\"yoast-seo-meta-tag\" \/>\n<meta name=\"twitter:card\" content=\"summary_large_image\" class=\"yoast-seo-meta-tag\" \/>\n<meta name=\"twitter:label1\" content=\"Szerz\u0151:\" class=\"yoast-seo-meta-tag\" \/>\n\t<meta name=\"twitter:data1\" content=\"dorogimedence.hu\" class=\"yoast-seo-meta-tag\" \/>\n\t<meta name=\"twitter:label2\" content=\"Becs\u00fclt olvas\u00e1si id\u0151\" class=\"yoast-seo-meta-tag\" \/>\n\t<meta name=\"twitter:data2\" content=\"4 perc\" class=\"yoast-seo-meta-tag\" \/>\n<script type=\"application\/ld+json\" class=\"yoast-schema-graph\">{\"@context\":\"https:\\\/\\\/schema.org\",\"@graph\":[{\"@type\":\"Article\",\"@id\":\"https:\\\/\\\/dorogimedence.hu\\\/index.php\\\/2022\\\/04\\\/07\\\/egyre-kozelebb-kerul-a-dorog-a-kiesozonahoz\\\/#article\",\"isPartOf\":{\"@id\":\"https:\\\/\\\/dorogimedence.hu\\\/index.php\\\/2022\\\/04\\\/07\\\/egyre-kozelebb-kerul-a-dorog-a-kiesozonahoz\\\/\"},\"author\":{\"name\":\"dorogimedence.hu\",\"@id\":\"https:\\\/\\\/dorogimedence.hu\\\/#\\\/schema\\\/person\\\/ce6091eeb7e95ecdc87890d6aa8e0fd4\"},\"headline\":\"Egyre k\u00f6zelebb ker\u00fcl a Dorog a kies\u0151z\u00f3n\u00e1hoz\",\"datePublished\":\"2022-04-07T05:06:33+00:00\",\"dateModified\":\"2022-04-07T05:08:24+00:00\",\"mainEntityOfPage\":{\"@id\":\"https:\\\/\\\/dorogimedence.hu\\\/index.php\\\/2022\\\/04\\\/07\\\/egyre-kozelebb-kerul-a-dorog-a-kiesozonahoz\\\/\"},\"wordCount\":764,\"publisher\":{\"@id\":\"https:\\\/\\\/dorogimedence.hu\\\/#organization\"},\"image\":{\"@id\":\"https:\\\/\\\/dorogimedence.hu\\\/index.php\\\/2022\\\/04\\\/07\\\/egyre-kozelebb-kerul-a-dorog-a-kiesozonahoz\\\/#primaryimage\"},\"thumbnailUrl\":\"https:\\\/\\\/dorogimedence.hu\\\/wp-content\\\/uploads\\\/2022\\\/04\\\/dorog-diosgyor.jpg\",\"keywords\":[\"Di\u00f3sgy\u0151r\",\"Dorog\",\"Dorogi FC\",\"foci\",\"futball\",\"labdar\u00fag\u00e1s\",\"NB II\",\"sport\"],\"articleSection\":[\"Dorog\",\"H\u00edrek\",\"Sport\"],\"inLanguage\":\"hu\"},{\"@type\":\"WebPage\",\"@id\":\"https:\\\/\\\/dorogimedence.hu\\\/index.php\\\/2022\\\/04\\\/07\\\/egyre-kozelebb-kerul-a-dorog-a-kiesozonahoz\\\/\",\"url\":\"https:\\\/\\\/dorogimedence.hu\\\/index.php\\\/2022\\\/04\\\/07\\\/egyre-kozelebb-kerul-a-dorog-a-kiesozonahoz\\\/\",\"name\":\"Egyre k\u00f6zelebb ker\u00fcl a Dorog a kies\u0151z\u00f3n\u00e1hoz\",\"isPartOf\":{\"@id\":\"https:\\\/\\\/dorogimedence.hu\\\/#website\"},\"primaryImageOfPage\":{\"@id\":\"https:\\\/\\\/dorogimedence.hu\\\/index.php\\\/2022\\\/04\\\/07\\\/egyre-kozelebb-kerul-a-dorog-a-kiesozonahoz\\\/#primaryimage\"},\"image\":{\"@id\":\"https:\\\/\\\/dorogimedence.hu\\\/index.php\\\/2022\\\/04\\\/07\\\/egyre-kozelebb-kerul-a-dorog-a-kiesozonahoz\\\/#primaryimage\"},\"thumbnailUrl\":\"https:\\\/\\\/dorogimedence.hu\\\/wp-content\\\/uploads\\\/2022\\\/04\\\/dorog-diosgyor.jpg\",\"datePublished\":\"2022-04-07T05:06:33+00:00\",\"dateModified\":\"2022-04-07T05:08:24+00:00\",\"breadcrumb\":{\"@id\":\"https:\\\/\\\/dorogimedence.hu\\\/index.php\\\/2022\\\/04\\\/07\\\/egyre-kozelebb-kerul-a-dorog-a-kiesozonahoz\\\/#breadcrumb\"},\"inLanguage\":\"hu\",\"potentialAction\":[{\"@type\":\"ReadAction\",\"target\":[\"https:\\\/\\\/dorogimedence.hu\\\/index.php\\\/2022\\\/04\\\/07\\\/egyre-kozelebb-kerul-a-dorog-a-kiesozonahoz\\\/\"]}]},{\"@type\":\"ImageObject\",\"inLanguage\":\"hu\",\"@id\":\"https:\\\/\\\/dorogimedence.hu\\\/index.php\\\/2022\\\/04\\\/07\\\/egyre-kozelebb-kerul-a-dorog-a-kiesozonahoz\\\/#primaryimage\",\"url\":\"https:\\\/\\\/dorogimedence.hu\\\/wp-content\\\/uploads\\\/2022\\\/04\\\/dorog-diosgyor.jpg\",\"contentUrl\":\"https:\\\/\\\/dorogimedence.hu\\\/wp-content\\\/uploads\\\/2022\\\/04\\\/dorog-diosgyor.jpg\",\"width\":1217,\"height\":742},{\"@type\":\"BreadcrumbList\",\"@id\":\"https:\\\/\\\/dorogimedence.hu\\\/index.php\\\/2022\\\/04\\\/07\\\/egyre-kozelebb-kerul-a-dorog-a-kiesozonahoz\\\/#breadcrumb\",\"itemListElement\":[{\"@type\":\"ListItem\",\"position\":1,\"name\":\"Kezd\u0151lap\",\"item\":\"https:\\\/\\\/dorogimedence.hu\\\/\"},{\"@type\":\"ListItem\",\"position\":2,\"name\":\"Egyre k\u00f6zelebb ker\u00fcl a Dorog a kies\u0151z\u00f3n\u00e1hoz\"}]},{\"@type\":\"WebSite\",\"@id\":\"https:\\\/\\\/dorogimedence.hu\\\/#website\",\"url\":\"https:\\\/\\\/dorogimedence.hu\\\/\",\"name\":\"Dorogi-medence Region\u00e1lis H\u00edrport\u00e1l\",\"description\":\"Dorog, Keszt\u00f6lc, Le\u00e1nyv\u00e1r, Piliscs\u00e9v, Tokod, Tokodalt\u00e1r\u00f3, Csolnok, Esztergom-kertv\u00e1ros: h\u00edrek, programok\",\"publisher\":{\"@id\":\"https:\\\/\\\/dorogimedence.hu\\\/#organization\"},\"potentialAction\":[{\"@type\":\"SearchAction\",\"target\":{\"@type\":\"EntryPoint\",\"urlTemplate\":\"https:\\\/\\\/dorogimedence.hu\\\/?s={search_term_string}\"},\"query-input\":{\"@type\":\"PropertyValueSpecification\",\"valueRequired\":true,\"valueName\":\"search_term_string\"}}],\"inLanguage\":\"hu\"},{\"@type\":\"Organization\",\"@id\":\"https:\\\/\\\/dorogimedence.hu\\\/#organization\",\"name\":\"Dorogi-medence Region\u00e1lis H\u00edrport\u00e1l\",\"url\":\"https:\\\/\\\/dorogimedence.hu\\\/\",\"logo\":{\"@type\":\"ImageObject\",\"inLanguage\":\"hu\",\"@id\":\"https:\\\/\\\/dorogimedence.hu\\\/#\\\/schema\\\/logo\\\/image\\\/\",\"url\":\"https:\\\/\\\/dorogimedence.hu\\\/wp-content\\\/uploads\\\/2021\\\/04\\\/logo-feher-600.png\",\"contentUrl\":\"https:\\\/\\\/dorogimedence.hu\\\/wp-content\\\/uploads\\\/2021\\\/04\\\/logo-feher-600.png\",\"width\":600,\"height\":100,\"caption\":\"Dorogi-medence Region\u00e1lis H\u00edrport\u00e1l\"},\"image\":{\"@id\":\"https:\\\/\\\/dorogimedence.hu\\\/#\\\/schema\\\/logo\\\/image\\\/\"},\"sameAs\":[\"https:\\\/\\\/www.facebook.com\\\/dorogimedence\\\/\"]},{\"@type\":\"Person\",\"@id\":\"https:\\\/\\\/dorogimedence.hu\\\/#\\\/schema\\\/person\\\/ce6091eeb7e95ecdc87890d6aa8e0fd4\",\"name\":\"dorogimedence.hu\",\"image\":{\"@type\":\"ImageObject\",\"inLanguage\":\"hu\",\"@id\":\"\\\/\\\/www.gravatar.com\\\/avatar\\\/d8d45f8901aadff40a4af72c0b826f1d?s=96&#038;r=g&#038;d=mm\",\"url\":\"\\\/\\\/www.gravatar.com\\\/avatar\\\/d8d45f8901aadff40a4af72c0b826f1d?s=96&#038;r=g&#038;d=mm\",\"contentUrl\":\"\\\/\\\/www.gravatar.com\\\/avatar\\\/d8d45f8901aadff40a4af72c0b826f1d?s=96&#038;r=g&#038;d=mm\",\"caption\":\"dorogimedence.hu\"}}]}<\/script>\n<!-- \/ Yoast SEO plugin. -->","yoast_head_json":{"title":"Egyre k\u00f6zelebb ker\u00fcl a Dorog a kies\u0151z\u00f3n\u00e1hoz","robots":{"index":"index","follow":"follow","max-snippet":"max-snippet:-1","max-image-preview":"max-image-preview:large","max-video-preview":"max-video-preview:-1"},"canonical":"https:\/\/dorogimedence.hu\/index.php\/2022\/04\/07\/egyre-kozelebb-kerul-a-dorog-a-kiesozonahoz\/","og_locale":"hu_HU","og_type":"article","og_title":"Egyre k\u00f6zelebb ker\u00fcl a Dorog a kies\u0151z\u00f3n\u00e1hoz","og_description":"Nagy csat\u00e1t \u00e9s kem\u00e9ny k\u00fczdelmet hozott a Dorog \u00e9s a Di\u00f3sgy\u0151r \u00f6sszecsap\u00e1sa a labdar\u00fag\u00f3 NB II 31. j\u00e1t\u00e9knapj\u00e1n, \u00e1prilis 6-\u00e1n, szerd\u00e1n. A feljut\u00e1s\u00e9rt k\u00fczd\u0151 DVTK a r\u00e1ad\u00e1sban d\u00f6nt\u00f6tt, \u00e9s 1\u20130-ra gy\u0151z\u00f6tt &#8211; \u00edrja a Nemzeti Sport. Azt t\u00falz\u00e1s lenne \u00e1ll\u00edtani, hogy j\u00f3 form\u00e1ban v\u00e1rt\u00e1k a csapatok a m\u00e9rk\u0151z\u00e9st: a h\u00e1zigazda Dorog h\u00e1rom-, a Di\u00f3sgy\u0151r pedig","og_url":"https:\/\/dorogimedence.hu\/index.php\/2022\/04\/07\/egyre-kozelebb-kerul-a-dorog-a-kiesozonahoz\/","og_site_name":"Dorogi-medence Region\u00e1lis H\u00edrport\u00e1l","article_publisher":"https:\/\/www.facebook.com\/dorogimedence\/","article_published_time":"2022-04-07T05:06:33+00:00","article_modified_time":"2022-04-07T05:08:24+00:00","og_image":[{"width":1217,"height":742,"url":"https:\/\/i0.wp.com\/dorogimedence.hu\/wp-content\/uploads\/2022\/04\/dorog-diosgyor.jpg?fit=1217%2C742&ssl=1","type":"image\/jpeg"}],"author":"dorogimedence.hu","twitter_card":"summary_large_image","twitter_misc":{"Szerz\u0151:":"dorogimedence.hu","Becs\u00fclt olvas\u00e1si id\u0151":"4 perc"},"schema":{"@context":"https:\/\/schema.org","@graph":[{"@type":"Article","@id":"https:\/\/dorogimedence.hu\/index.php\/2022\/04\/07\/egyre-kozelebb-kerul-a-dorog-a-kiesozonahoz\/#article","isPartOf":{"@id":"https:\/\/dorogimedence.hu\/index.php\/2022\/04\/07\/egyre-kozelebb-kerul-a-dorog-a-kiesozonahoz\/"},"author":{"name":"dorogimedence.hu","@id":"https:\/\/dorogimedence.hu\/#\/schema\/person\/ce6091eeb7e95ecdc87890d6aa8e0fd4"},"headline":"Egyre k\u00f6zelebb ker\u00fcl a Dorog a kies\u0151z\u00f3n\u00e1hoz","datePublished":"2022-04-07T05:06:33+00:00","dateModified":"2022-04-07T05:08:24+00:00","mainEntityOfPage":{"@id":"https:\/\/dorogimedence.hu\/index.php\/2022\/04\/07\/egyre-kozelebb-kerul-a-dorog-a-kiesozonahoz\/"},"wordCount":764,"publisher":{"@id":"https:\/\/dorogimedence.hu\/#organization"},"image":{"@id":"https:\/\/dorogimedence.hu\/index.php\/2022\/04\/07\/egyre-kozelebb-kerul-a-dorog-a-kiesozonahoz\/#primaryimage"},"thumbnailUrl":"https:\/\/dorogimedence.hu\/wp-content\/uploads\/2022\/04\/dorog-diosgyor.jpg","keywords":["Di\u00f3sgy\u0151r","Dorog","Dorogi FC","foci","futball","labdar\u00fag\u00e1s","NB II","sport"],"articleSection":["Dorog","H\u00edrek","Sport"],"inLanguage":"hu"},{"@type":"WebPage","@id":"https:\/\/dorogimedence.hu\/index.php\/2022\/04\/07\/egyre-kozelebb-kerul-a-dorog-a-kiesozonahoz\/","url":"https:\/\/dorogimedence.hu\/index.php\/2022\/04\/07\/egyre-kozelebb-kerul-a-dorog-a-kiesozonahoz\/","name":"Egyre k\u00f6zelebb ker\u00fcl a Dorog a kies\u0151z\u00f3n\u00e1hoz","isPartOf":{"@id":"https:\/\/dorogimedence.hu\/#website"},"primaryImageOfPage":{"@id":"https:\/\/dorogimedence.hu\/index.php\/2022\/04\/07\/egyre-kozelebb-kerul-a-dorog-a-kiesozonahoz\/#primaryimage"},"image":{"@id":"https:\/\/dorogimedence.hu\/index.php\/2022\/04\/07\/egyre-kozelebb-kerul-a-dorog-a-kiesozonahoz\/#primaryimage"},"thumbnailUrl":"https:\/\/dorogimedence.hu\/wp-content\/uploads\/2022\/04\/dorog-diosgyor.jpg","datePublished":"2022-04-07T05:06:33+00:00","dateModified":"2022-04-07T05:08:24+00:00","breadcrumb":{"@id":"https:\/\/dorogimedence.hu\/index.php\/2022\/04\/07\/egyre-kozelebb-kerul-a-dorog-a-kiesozonahoz\/#breadcrumb"},"inLanguage":"hu","potentialAction":[{"@type":"ReadAction","target":["https:\/\/dorogimedence.hu\/index.php\/2022\/04\/07\/egyre-kozelebb-kerul-a-dorog-a-kiesozonahoz\/"]}]},{"@type":"ImageObject","inLanguage":"hu","@id":"https:\/\/dorogimedence.hu\/index.php\/2022\/04\/07\/egyre-kozelebb-kerul-a-dorog-a-kiesozonahoz\/#primaryimage","url":"https:\/\/dorogimedence.hu\/wp-content\/uploads\/2022\/04\/dorog-diosgyor.jpg","contentUrl":"https:\/\/dorogimedence.hu\/wp-content\/uploads\/2022\/04\/dorog-diosgyor.jpg","width":1217,"height":742},{"@type":"BreadcrumbList","@id":"https:\/\/dorogimedence.hu\/index.php\/2022\/04\/07\/egyre-kozelebb-kerul-a-dorog-a-kiesozonahoz\/#breadcrumb","itemListElement":[{"@type":"ListItem","position":1,"name":"Kezd\u0151lap","item":"https:\/\/dorogimedence.hu\/"},{"@type":"ListItem","position":2,"name":"Egyre k\u00f6zelebb ker\u00fcl a Dorog a kies\u0151z\u00f3n\u00e1hoz"}]},{"@type":"WebSite","@id":"https:\/\/dorogimedence.hu\/#website","url":"https:\/\/dorogimedence.hu\/","name":"Dorogi-medence Region\u00e1lis H\u00edrport\u00e1l","description":"Dorog, Keszt\u00f6lc, Le\u00e1nyv\u00e1r, Piliscs\u00e9v, Tokod, Tokodalt\u00e1r\u00f3, Csolnok, Esztergom-kertv\u00e1ros: h\u00edrek, programok","publisher":{"@id":"https:\/\/dorogimedence.hu\/#organization"},"potentialAction":[{"@type":"SearchAction","target":{"@type":"EntryPoint","urlTemplate":"https:\/\/dorogimedence.hu\/?s={search_term_string}"},"query-input":{"@type":"PropertyValueSpecification","valueRequired":true,"valueName":"search_term_string"}}],"inLanguage":"hu"},{"@type":"Organization","@id":"https:\/\/dorogimedence.hu\/#organization","name":"Dorogi-medence Region\u00e1lis H\u00edrport\u00e1l","url":"https:\/\/dorogimedence.hu\/","logo":{"@type":"ImageObject","inLanguage":"hu","@id":"https:\/\/dorogimedence.hu\/#\/schema\/logo\/image\/","url":"https:\/\/dorogimedence.hu\/wp-content\/uploads\/2021\/04\/logo-feher-600.png","contentUrl":"https:\/\/dorogimedence.hu\/wp-content\/uploads\/2021\/04\/logo-feher-600.png","width":600,"height":100,"caption":"Dorogi-medence Region\u00e1lis H\u00edrport\u00e1l"},"image":{"@id":"https:\/\/dorogimedence.hu\/#\/schema\/logo\/image\/"},"sameAs":["https:\/\/www.facebook.com\/dorogimedence\/"]},{"@type":"Person","@id":"https:\/\/dorogimedence.hu\/#\/schema\/person\/ce6091eeb7e95ecdc87890d6aa8e0fd4","name":"dorogimedence.hu","image":{"@type":"ImageObject","inLanguage":"hu","@id":"\/\/www.gravatar.com\/avatar\/d8d45f8901aadff40a4af72c0b826f1d?s=96&#038;r=g&#038;d=mm","url":"\/\/www.gravatar.com\/avatar\/d8d45f8901aadff40a4af72c0b826f1d?s=96&#038;r=g&#038;d=mm","contentUrl":"\/\/www.gravatar.com\/avatar\/d8d45f8901aadff40a4af72c0b826f1d?s=96&#038;r=g&#038;d=mm","caption":"dorogimedence.hu"}}]}},"_links":{"self":[{"href":"https:\/\/dorogimedence.hu\/index.php\/wp-json\/wp\/v2\/posts\/41726","targetHints":{"allow":["GET"]}}],"collection":[{"href":"https:\/\/dorogimedence.hu\/index.php\/wp-json\/wp\/v2\/posts"}],"about":[{"href":"https:\/\/dorogimedence.hu\/index.php\/wp-json\/wp\/v2\/types\/post"}],"author":[{"embeddable":true,"href":"https:\/\/dorogimedence.hu\/index.php\/wp-json\/wp\/v2\/users\/1"}],"replies":[{"embeddable":true,"href":"https:\/\/dorogimedence.hu\/index.php\/wp-json\/wp\/v2\/comments?post=41726"}],"version-history":[{"count":0,"href":"https:\/\/dorogimedence.hu\/index.php\/wp-json\/wp\/v2\/posts\/41726\/revisions"}],"wp:featuredmedia":[{"embeddable":true,"href":"https:\/\/dorogimedence.hu\/index.php\/wp-json\/wp\/v2\/media\/41727"}],"wp:attachment":[{"href":"https:\/\/dorogimedence.hu\/index.php\/wp-json\/wp\/v2\/media?parent=41726"}],"wp:term":[{"taxonomy":"category","embeddable":true,"href":"https:\/\/dorogimedence.hu\/index.php\/wp-json\/wp\/v2\/categories?post=41726"},{"taxonomy":"post_tag","embeddable":true,"href":"https:\/\/dorogimedence.hu\/index.php\/wp-json\/wp\/v2\/tags?post=41726"}],"curies":[{"name":"wp","href":"https:\/\/api.w.org\/{rel}","templated":true}]}}