{"id":41713,"date":"2022-04-06T11:01:08","date_gmt":"2022-04-06T09:01:08","guid":{"rendered":"https:\/\/dorogimedence.hu\/?p=41713"},"modified":"2022-04-06T11:06:37","modified_gmt":"2022-04-06T09:06:37","slug":"korlatoztak-a-parkolast-az-esztergomi-korhaz-teruleten","status":"publish","type":"post","link":"https:\/\/dorogimedence.hu\/index.php\/2022\/04\/06\/korlatoztak-a-parkolast-az-esztergomi-korhaz-teruleten\/","title":{"rendered":"Korl\u00e1tozt\u00e1k a parkol\u00e1st az esztergomi k\u00f3rh\u00e1z ter\u00fclet\u00e9n"},"content":{"rendered":"<p><strong>Az elindult beruh\u00e1z\u00e1s miatt csak a dolgoz\u00f3k \u00e9s a mozg\u00e1ss\u00e9r\u00fcltek parkolhatnak az esztergomi k\u00f3rh\u00e1z ter\u00fclet\u00e9n \u2013 h\u00edvja fel a figyelmet az eg\u00e9szs\u00e9g\u00fcgyi int\u00e9zm\u00e9ny a k\u00f6z\u00f6ss\u00e9gi oldal\u00e1n.<\/strong><\/p>\n<p>\u00c1prilis 4-\u00e9n kezd\u0151dtek meg a hiperb\u00e1rikus oxig\u00e9nter\u00e1pi\u00e1s kamra \u00faj \u00e9p\u00fclet\u00e9nek kivitelez\u00e9si munk\u00e1latai. Mivel a munk\u00e1latok \u00e9s az ahhoz kapcsol\u00f3d\u00f3 felvonul\u00e1si ter\u00fcletek miatt jelent\u0151sen cs\u00f6kkent a parkol\u00f3helyek sz\u00e1ma, ez\u00e9rt az int\u00e9zm\u00e9ny ter\u00fclet\u00e9n a parkol\u00e1s csak a dolgoz\u00f3k sz\u00e1m\u00e1ra, a kiadott k\u00e1rty\u00e1kkal lehets\u00e9ges. Azonban ez al\u00f3l kiv\u00e9telt k\u00e9peznek a mozg\u00e1ss\u00e9r\u00fclt igazolv\u00e1nnyal rendelkez\u0151 szem\u00e9lyek, sz\u00e1mukra a behajt\u00e1s \u00e9s a parkol\u00e1s tov\u00e1bbra is d\u00edjmentesen enged\u00e9lyezett.<\/p>\n<p>A k\u00f3rh\u00e1z vezet\u0151s\u00e9ge kiemelte azt is, hogy behajt\u00e1sra, a betegek sz\u00e1ll\u00edt\u00e1s\u00e1ra tov\u00e1bbra is van lehet\u0151s\u00e9g, de az int\u00e9zm\u00e9ny ter\u00fclet\u00e9t ez esetben 20 percen bel\u00fcl el kell hagyni, ellenkez\u0151 esetben minden megkezdett \u00f3r\u00e1\u00e9rt h\u00e1romezer forint p\u00f3td\u00edjat k\u00e9nytelenek felsz\u00e1m\u00edtani.<\/p>\n<p><em>Forr\u00e1s: Vaszary Kolos K\u00f3rh\u00e1z Facebook oldala<\/em><\/p>\n","protected":false},"excerpt":{"rendered":"<p>Az elindult beruh\u00e1z\u00e1s miatt csak a dolgoz\u00f3k \u00e9s a mozg\u00e1ss\u00e9r\u00fcltek parkolhatnak az esztergomi k\u00f3rh\u00e1z ter\u00fclet\u00e9n \u2013 h\u00edvja fel a figyelmet az eg\u00e9szs\u00e9g\u00fcgyi int\u00e9zm\u00e9ny a k\u00f6z\u00f6ss\u00e9gi oldal\u00e1n. \u00c1prilis 4-\u00e9n kezd\u0151dtek meg a hiperb\u00e1rikus oxig\u00e9nter\u00e1pi\u00e1s kamra \u00faj \u00e9p\u00fclet\u00e9nek kivitelez\u00e9si munk\u00e1latai. Mivel a munk\u00e1latok \u00e9s az ahhoz kapcsol\u00f3d\u00f3 felvonul\u00e1si ter\u00fcletek miatt jelent\u0151sen cs\u00f6kkent a parkol\u00f3helyek sz\u00e1ma, ez\u00e9rt az<\/p>\n","protected":false},"author":1,"featured_media":155,"comment_status":"closed","ping_status":"closed","sticky":false,"template":"","format":"standard","meta":{"ngg_post_thumbnail":0,"footnotes":""},"categories":[38,3],"tags":[724,42,282,512,1434],"class_list":{"0":"post-41713","1":"post","2":"type-post","3":"status-publish","4":"format-standard","5":"has-post-thumbnail","7":"category-esztergom","8":"category-hirek","9":"tag-beruhazas","10":"tag-esztergom","11":"tag-korhaz","12":"tag-parkolas","13":"tag-vaszary-kolos-korhaz"},"yoast_head":"<!-- This site is optimized with the Yoast SEO plugin v27.4 - https:\/\/yoast.com\/product\/yoast-seo-wordpress\/ -->\n<title>Korl\u00e1tozt\u00e1k a parkol\u00e1st az esztergomi k\u00f3rh\u00e1z ter\u00fclet\u00e9n<\/title>\n<meta name=\"robots\" content=\"index, follow, max-snippet:-1, max-image-preview:large, max-video-preview:-1\" \/>\n<link rel=\"canonical\" href=\"https:\/\/dorogimedence.hu\/index.php\/2022\/04\/06\/korlatoztak-a-parkolast-az-esztergomi-korhaz-teruleten\/\" class=\"yoast-seo-meta-tag\" \/>\n<meta property=\"og:locale\" content=\"hu_HU\" class=\"yoast-seo-meta-tag\" \/>\n<meta property=\"og:type\" content=\"article\" class=\"yoast-seo-meta-tag\" \/>\n<meta property=\"og:title\" content=\"Korl\u00e1tozt\u00e1k a parkol\u00e1st az esztergomi k\u00f3rh\u00e1z ter\u00fclet\u00e9n\" class=\"yoast-seo-meta-tag\" \/>\n<meta property=\"og:description\" content=\"Az elindult beruh\u00e1z\u00e1s miatt csak a dolgoz\u00f3k \u00e9s a mozg\u00e1ss\u00e9r\u00fcltek parkolhatnak az esztergomi k\u00f3rh\u00e1z ter\u00fclet\u00e9n \u2013 h\u00edvja fel a figyelmet az eg\u00e9szs\u00e9g\u00fcgyi int\u00e9zm\u00e9ny a k\u00f6z\u00f6ss\u00e9gi oldal\u00e1n. \u00c1prilis 4-\u00e9n kezd\u0151dtek meg a hiperb\u00e1rikus oxig\u00e9nter\u00e1pi\u00e1s kamra \u00faj \u00e9p\u00fclet\u00e9nek kivitelez\u00e9si munk\u00e1latai. Mivel a munk\u00e1latok \u00e9s az ahhoz kapcsol\u00f3d\u00f3 felvonul\u00e1si ter\u00fcletek miatt jelent\u0151sen cs\u00f6kkent a parkol\u00f3helyek sz\u00e1ma, ez\u00e9rt az\" class=\"yoast-seo-meta-tag\" \/>\n<meta property=\"og:url\" content=\"https:\/\/dorogimedence.hu\/index.php\/2022\/04\/06\/korlatoztak-a-parkolast-az-esztergomi-korhaz-teruleten\/\" class=\"yoast-seo-meta-tag\" \/>\n<meta property=\"og:site_name\" content=\"Dorogi-medence Region\u00e1lis H\u00edrport\u00e1l\" class=\"yoast-seo-meta-tag\" \/>\n<meta property=\"article:publisher\" content=\"https:\/\/www.facebook.com\/dorogimedence\/\" class=\"yoast-seo-meta-tag\" \/>\n<meta property=\"article:published_time\" content=\"2022-04-06T09:01:08+00:00\" class=\"yoast-seo-meta-tag\" \/>\n<meta property=\"article:modified_time\" content=\"2022-04-06T09:06:37+00:00\" class=\"yoast-seo-meta-tag\" \/>\n<meta property=\"og:image\" content=\"https:\/\/i0.wp.com\/dorogimedence.hu\/wp-content\/uploads\/2017\/01\/egom-korhaz.jpg?fit=1024%2C683&ssl=1\" class=\"yoast-seo-meta-tag\" \/>\n\t<meta property=\"og:image:width\" content=\"1024\" class=\"yoast-seo-meta-tag\" \/>\n\t<meta property=\"og:image:height\" content=\"683\" class=\"yoast-seo-meta-tag\" \/>\n\t<meta property=\"og:image:type\" content=\"image\/jpeg\" class=\"yoast-seo-meta-tag\" \/>\n<meta name=\"author\" content=\"dorogimedence.hu\" class=\"yoast-seo-meta-tag\" \/>\n<meta name=\"twitter:card\" content=\"summary_large_image\" class=\"yoast-seo-meta-tag\" \/>\n<meta name=\"twitter:label1\" content=\"Szerz\u0151:\" class=\"yoast-seo-meta-tag\" \/>\n\t<meta name=\"twitter:data1\" content=\"dorogimedence.hu\" class=\"yoast-seo-meta-tag\" \/>\n\t<meta name=\"twitter:label2\" content=\"Becs\u00fclt olvas\u00e1si id\u0151\" class=\"yoast-seo-meta-tag\" \/>\n\t<meta name=\"twitter:data2\" content=\"1 perc\" class=\"yoast-seo-meta-tag\" \/>\n<script type=\"application\/ld+json\" class=\"yoast-schema-graph\">{\"@context\":\"https:\\\/\\\/schema.org\",\"@graph\":[{\"@type\":\"Article\",\"@id\":\"https:\\\/\\\/dorogimedence.hu\\\/index.php\\\/2022\\\/04\\\/06\\\/korlatoztak-a-parkolast-az-esztergomi-korhaz-teruleten\\\/#article\",\"isPartOf\":{\"@id\":\"https:\\\/\\\/dorogimedence.hu\\\/index.php\\\/2022\\\/04\\\/06\\\/korlatoztak-a-parkolast-az-esztergomi-korhaz-teruleten\\\/\"},\"author\":{\"name\":\"dorogimedence.hu\",\"@id\":\"https:\\\/\\\/dorogimedence.hu\\\/#\\\/schema\\\/person\\\/ce6091eeb7e95ecdc87890d6aa8e0fd4\"},\"headline\":\"Korl\u00e1tozt\u00e1k a parkol\u00e1st az esztergomi k\u00f3rh\u00e1z ter\u00fclet\u00e9n\",\"datePublished\":\"2022-04-06T09:01:08+00:00\",\"dateModified\":\"2022-04-06T09:06:37+00:00\",\"mainEntityOfPage\":{\"@id\":\"https:\\\/\\\/dorogimedence.hu\\\/index.php\\\/2022\\\/04\\\/06\\\/korlatoztak-a-parkolast-az-esztergomi-korhaz-teruleten\\\/\"},\"wordCount\":233,\"publisher\":{\"@id\":\"https:\\\/\\\/dorogimedence.hu\\\/#organization\"},\"image\":{\"@id\":\"https:\\\/\\\/dorogimedence.hu\\\/index.php\\\/2022\\\/04\\\/06\\\/korlatoztak-a-parkolast-az-esztergomi-korhaz-teruleten\\\/#primaryimage\"},\"thumbnailUrl\":\"https:\\\/\\\/dorogimedence.hu\\\/wp-content\\\/uploads\\\/2017\\\/01\\\/egom-korhaz.jpg\",\"keywords\":[\"beruh\u00e1z\u00e1s\",\"esztergom\",\"k\u00f3rh\u00e1z\",\"parkol\u00e1s\",\"Vaszary Kolos K\u00f3rh\u00e1z\"],\"articleSection\":[\"Esztergom\",\"H\u00edrek\"],\"inLanguage\":\"hu\"},{\"@type\":\"WebPage\",\"@id\":\"https:\\\/\\\/dorogimedence.hu\\\/index.php\\\/2022\\\/04\\\/06\\\/korlatoztak-a-parkolast-az-esztergomi-korhaz-teruleten\\\/\",\"url\":\"https:\\\/\\\/dorogimedence.hu\\\/index.php\\\/2022\\\/04\\\/06\\\/korlatoztak-a-parkolast-az-esztergomi-korhaz-teruleten\\\/\",\"name\":\"Korl\u00e1tozt\u00e1k a parkol\u00e1st az esztergomi k\u00f3rh\u00e1z ter\u00fclet\u00e9n\",\"isPartOf\":{\"@id\":\"https:\\\/\\\/dorogimedence.hu\\\/#website\"},\"primaryImageOfPage\":{\"@id\":\"https:\\\/\\\/dorogimedence.hu\\\/index.php\\\/2022\\\/04\\\/06\\\/korlatoztak-a-parkolast-az-esztergomi-korhaz-teruleten\\\/#primaryimage\"},\"image\":{\"@id\":\"https:\\\/\\\/dorogimedence.hu\\\/index.php\\\/2022\\\/04\\\/06\\\/korlatoztak-a-parkolast-az-esztergomi-korhaz-teruleten\\\/#primaryimage\"},\"thumbnailUrl\":\"https:\\\/\\\/dorogimedence.hu\\\/wp-content\\\/uploads\\\/2017\\\/01\\\/egom-korhaz.jpg\",\"datePublished\":\"2022-04-06T09:01:08+00:00\",\"dateModified\":\"2022-04-06T09:06:37+00:00\",\"breadcrumb\":{\"@id\":\"https:\\\/\\\/dorogimedence.hu\\\/index.php\\\/2022\\\/04\\\/06\\\/korlatoztak-a-parkolast-az-esztergomi-korhaz-teruleten\\\/#breadcrumb\"},\"inLanguage\":\"hu\",\"potentialAction\":[{\"@type\":\"ReadAction\",\"target\":[\"https:\\\/\\\/dorogimedence.hu\\\/index.php\\\/2022\\\/04\\\/06\\\/korlatoztak-a-parkolast-az-esztergomi-korhaz-teruleten\\\/\"]}]},{\"@type\":\"ImageObject\",\"inLanguage\":\"hu\",\"@id\":\"https:\\\/\\\/dorogimedence.hu\\\/index.php\\\/2022\\\/04\\\/06\\\/korlatoztak-a-parkolast-az-esztergomi-korhaz-teruleten\\\/#primaryimage\",\"url\":\"https:\\\/\\\/dorogimedence.hu\\\/wp-content\\\/uploads\\\/2017\\\/01\\\/egom-korhaz.jpg\",\"contentUrl\":\"https:\\\/\\\/dorogimedence.hu\\\/wp-content\\\/uploads\\\/2017\\\/01\\\/egom-korhaz.jpg\",\"width\":1024,\"height\":683},{\"@type\":\"BreadcrumbList\",\"@id\":\"https:\\\/\\\/dorogimedence.hu\\\/index.php\\\/2022\\\/04\\\/06\\\/korlatoztak-a-parkolast-az-esztergomi-korhaz-teruleten\\\/#breadcrumb\",\"itemListElement\":[{\"@type\":\"ListItem\",\"position\":1,\"name\":\"Kezd\u0151lap\",\"item\":\"https:\\\/\\\/dorogimedence.hu\\\/\"},{\"@type\":\"ListItem\",\"position\":2,\"name\":\"Korl\u00e1tozt\u00e1k a parkol\u00e1st az esztergomi k\u00f3rh\u00e1z ter\u00fclet\u00e9n\"}]},{\"@type\":\"WebSite\",\"@id\":\"https:\\\/\\\/dorogimedence.hu\\\/#website\",\"url\":\"https:\\\/\\\/dorogimedence.hu\\\/\",\"name\":\"Dorogi-medence Region\u00e1lis H\u00edrport\u00e1l\",\"description\":\"Dorog, Keszt\u00f6lc, Le\u00e1nyv\u00e1r, Piliscs\u00e9v, Tokod, Tokodalt\u00e1r\u00f3, Csolnok, Esztergom-kertv\u00e1ros: h\u00edrek, programok\",\"publisher\":{\"@id\":\"https:\\\/\\\/dorogimedence.hu\\\/#organization\"},\"potentialAction\":[{\"@type\":\"SearchAction\",\"target\":{\"@type\":\"EntryPoint\",\"urlTemplate\":\"https:\\\/\\\/dorogimedence.hu\\\/?s={search_term_string}\"},\"query-input\":{\"@type\":\"PropertyValueSpecification\",\"valueRequired\":true,\"valueName\":\"search_term_string\"}}],\"inLanguage\":\"hu\"},{\"@type\":\"Organization\",\"@id\":\"https:\\\/\\\/dorogimedence.hu\\\/#organization\",\"name\":\"Dorogi-medence Region\u00e1lis H\u00edrport\u00e1l\",\"url\":\"https:\\\/\\\/dorogimedence.hu\\\/\",\"logo\":{\"@type\":\"ImageObject\",\"inLanguage\":\"hu\",\"@id\":\"https:\\\/\\\/dorogimedence.hu\\\/#\\\/schema\\\/logo\\\/image\\\/\",\"url\":\"https:\\\/\\\/dorogimedence.hu\\\/wp-content\\\/uploads\\\/2021\\\/04\\\/logo-feher-600.png\",\"contentUrl\":\"https:\\\/\\\/dorogimedence.hu\\\/wp-content\\\/uploads\\\/2021\\\/04\\\/logo-feher-600.png\",\"width\":600,\"height\":100,\"caption\":\"Dorogi-medence Region\u00e1lis H\u00edrport\u00e1l\"},\"image\":{\"@id\":\"https:\\\/\\\/dorogimedence.hu\\\/#\\\/schema\\\/logo\\\/image\\\/\"},\"sameAs\":[\"https:\\\/\\\/www.facebook.com\\\/dorogimedence\\\/\"]},{\"@type\":\"Person\",\"@id\":\"https:\\\/\\\/dorogimedence.hu\\\/#\\\/schema\\\/person\\\/ce6091eeb7e95ecdc87890d6aa8e0fd4\",\"name\":\"dorogimedence.hu\",\"image\":{\"@type\":\"ImageObject\",\"inLanguage\":\"hu\",\"@id\":\"\\\/\\\/www.gravatar.com\\\/avatar\\\/d8d45f8901aadff40a4af72c0b826f1d?s=96&#038;r=g&#038;d=mm\",\"url\":\"\\\/\\\/www.gravatar.com\\\/avatar\\\/d8d45f8901aadff40a4af72c0b826f1d?s=96&#038;r=g&#038;d=mm\",\"contentUrl\":\"\\\/\\\/www.gravatar.com\\\/avatar\\\/d8d45f8901aadff40a4af72c0b826f1d?s=96&#038;r=g&#038;d=mm\",\"caption\":\"dorogimedence.hu\"}}]}<\/script>\n<!-- \/ Yoast SEO plugin. -->","yoast_head_json":{"title":"Korl\u00e1tozt\u00e1k a parkol\u00e1st az esztergomi k\u00f3rh\u00e1z ter\u00fclet\u00e9n","robots":{"index":"index","follow":"follow","max-snippet":"max-snippet:-1","max-image-preview":"max-image-preview:large","max-video-preview":"max-video-preview:-1"},"canonical":"https:\/\/dorogimedence.hu\/index.php\/2022\/04\/06\/korlatoztak-a-parkolast-az-esztergomi-korhaz-teruleten\/","og_locale":"hu_HU","og_type":"article","og_title":"Korl\u00e1tozt\u00e1k a parkol\u00e1st az esztergomi k\u00f3rh\u00e1z ter\u00fclet\u00e9n","og_description":"Az elindult beruh\u00e1z\u00e1s miatt csak a dolgoz\u00f3k \u00e9s a mozg\u00e1ss\u00e9r\u00fcltek parkolhatnak az esztergomi k\u00f3rh\u00e1z ter\u00fclet\u00e9n \u2013 h\u00edvja fel a figyelmet az eg\u00e9szs\u00e9g\u00fcgyi int\u00e9zm\u00e9ny a k\u00f6z\u00f6ss\u00e9gi oldal\u00e1n. \u00c1prilis 4-\u00e9n kezd\u0151dtek meg a hiperb\u00e1rikus oxig\u00e9nter\u00e1pi\u00e1s kamra \u00faj \u00e9p\u00fclet\u00e9nek kivitelez\u00e9si munk\u00e1latai. Mivel a munk\u00e1latok \u00e9s az ahhoz kapcsol\u00f3d\u00f3 felvonul\u00e1si ter\u00fcletek miatt jelent\u0151sen cs\u00f6kkent a parkol\u00f3helyek sz\u00e1ma, ez\u00e9rt az","og_url":"https:\/\/dorogimedence.hu\/index.php\/2022\/04\/06\/korlatoztak-a-parkolast-az-esztergomi-korhaz-teruleten\/","og_site_name":"Dorogi-medence Region\u00e1lis H\u00edrport\u00e1l","article_publisher":"https:\/\/www.facebook.com\/dorogimedence\/","article_published_time":"2022-04-06T09:01:08+00:00","article_modified_time":"2022-04-06T09:06:37+00:00","og_image":[{"width":1024,"height":683,"url":"https:\/\/i0.wp.com\/dorogimedence.hu\/wp-content\/uploads\/2017\/01\/egom-korhaz.jpg?fit=1024%2C683&ssl=1","type":"image\/jpeg"}],"author":"dorogimedence.hu","twitter_card":"summary_large_image","twitter_misc":{"Szerz\u0151:":"dorogimedence.hu","Becs\u00fclt olvas\u00e1si id\u0151":"1 perc"},"schema":{"@context":"https:\/\/schema.org","@graph":[{"@type":"Article","@id":"https:\/\/dorogimedence.hu\/index.php\/2022\/04\/06\/korlatoztak-a-parkolast-az-esztergomi-korhaz-teruleten\/#article","isPartOf":{"@id":"https:\/\/dorogimedence.hu\/index.php\/2022\/04\/06\/korlatoztak-a-parkolast-az-esztergomi-korhaz-teruleten\/"},"author":{"name":"dorogimedence.hu","@id":"https:\/\/dorogimedence.hu\/#\/schema\/person\/ce6091eeb7e95ecdc87890d6aa8e0fd4"},"headline":"Korl\u00e1tozt\u00e1k a parkol\u00e1st az esztergomi k\u00f3rh\u00e1z ter\u00fclet\u00e9n","datePublished":"2022-04-06T09:01:08+00:00","dateModified":"2022-04-06T09:06:37+00:00","mainEntityOfPage":{"@id":"https:\/\/dorogimedence.hu\/index.php\/2022\/04\/06\/korlatoztak-a-parkolast-az-esztergomi-korhaz-teruleten\/"},"wordCount":233,"publisher":{"@id":"https:\/\/dorogimedence.hu\/#organization"},"image":{"@id":"https:\/\/dorogimedence.hu\/index.php\/2022\/04\/06\/korlatoztak-a-parkolast-az-esztergomi-korhaz-teruleten\/#primaryimage"},"thumbnailUrl":"https:\/\/dorogimedence.hu\/wp-content\/uploads\/2017\/01\/egom-korhaz.jpg","keywords":["beruh\u00e1z\u00e1s","esztergom","k\u00f3rh\u00e1z","parkol\u00e1s","Vaszary Kolos K\u00f3rh\u00e1z"],"articleSection":["Esztergom","H\u00edrek"],"inLanguage":"hu"},{"@type":"WebPage","@id":"https:\/\/dorogimedence.hu\/index.php\/2022\/04\/06\/korlatoztak-a-parkolast-az-esztergomi-korhaz-teruleten\/","url":"https:\/\/dorogimedence.hu\/index.php\/2022\/04\/06\/korlatoztak-a-parkolast-az-esztergomi-korhaz-teruleten\/","name":"Korl\u00e1tozt\u00e1k a parkol\u00e1st az esztergomi k\u00f3rh\u00e1z ter\u00fclet\u00e9n","isPartOf":{"@id":"https:\/\/dorogimedence.hu\/#website"},"primaryImageOfPage":{"@id":"https:\/\/dorogimedence.hu\/index.php\/2022\/04\/06\/korlatoztak-a-parkolast-az-esztergomi-korhaz-teruleten\/#primaryimage"},"image":{"@id":"https:\/\/dorogimedence.hu\/index.php\/2022\/04\/06\/korlatoztak-a-parkolast-az-esztergomi-korhaz-teruleten\/#primaryimage"},"thumbnailUrl":"https:\/\/dorogimedence.hu\/wp-content\/uploads\/2017\/01\/egom-korhaz.jpg","datePublished":"2022-04-06T09:01:08+00:00","dateModified":"2022-04-06T09:06:37+00:00","breadcrumb":{"@id":"https:\/\/dorogimedence.hu\/index.php\/2022\/04\/06\/korlatoztak-a-parkolast-az-esztergomi-korhaz-teruleten\/#breadcrumb"},"inLanguage":"hu","potentialAction":[{"@type":"ReadAction","target":["https:\/\/dorogimedence.hu\/index.php\/2022\/04\/06\/korlatoztak-a-parkolast-az-esztergomi-korhaz-teruleten\/"]}]},{"@type":"ImageObject","inLanguage":"hu","@id":"https:\/\/dorogimedence.hu\/index.php\/2022\/04\/06\/korlatoztak-a-parkolast-az-esztergomi-korhaz-teruleten\/#primaryimage","url":"https:\/\/dorogimedence.hu\/wp-content\/uploads\/2017\/01\/egom-korhaz.jpg","contentUrl":"https:\/\/dorogimedence.hu\/wp-content\/uploads\/2017\/01\/egom-korhaz.jpg","width":1024,"height":683},{"@type":"BreadcrumbList","@id":"https:\/\/dorogimedence.hu\/index.php\/2022\/04\/06\/korlatoztak-a-parkolast-az-esztergomi-korhaz-teruleten\/#breadcrumb","itemListElement":[{"@type":"ListItem","position":1,"name":"Kezd\u0151lap","item":"https:\/\/dorogimedence.hu\/"},{"@type":"ListItem","position":2,"name":"Korl\u00e1tozt\u00e1k a parkol\u00e1st az esztergomi k\u00f3rh\u00e1z ter\u00fclet\u00e9n"}]},{"@type":"WebSite","@id":"https:\/\/dorogimedence.hu\/#website","url":"https:\/\/dorogimedence.hu\/","name":"Dorogi-medence Region\u00e1lis H\u00edrport\u00e1l","description":"Dorog, Keszt\u00f6lc, Le\u00e1nyv\u00e1r, Piliscs\u00e9v, Tokod, Tokodalt\u00e1r\u00f3, Csolnok, Esztergom-kertv\u00e1ros: h\u00edrek, programok","publisher":{"@id":"https:\/\/dorogimedence.hu\/#organization"},"potentialAction":[{"@type":"SearchAction","target":{"@type":"EntryPoint","urlTemplate":"https:\/\/dorogimedence.hu\/?s={search_term_string}"},"query-input":{"@type":"PropertyValueSpecification","valueRequired":true,"valueName":"search_term_string"}}],"inLanguage":"hu"},{"@type":"Organization","@id":"https:\/\/dorogimedence.hu\/#organization","name":"Dorogi-medence Region\u00e1lis H\u00edrport\u00e1l","url":"https:\/\/dorogimedence.hu\/","logo":{"@type":"ImageObject","inLanguage":"hu","@id":"https:\/\/dorogimedence.hu\/#\/schema\/logo\/image\/","url":"https:\/\/dorogimedence.hu\/wp-content\/uploads\/2021\/04\/logo-feher-600.png","contentUrl":"https:\/\/dorogimedence.hu\/wp-content\/uploads\/2021\/04\/logo-feher-600.png","width":600,"height":100,"caption":"Dorogi-medence Region\u00e1lis H\u00edrport\u00e1l"},"image":{"@id":"https:\/\/dorogimedence.hu\/#\/schema\/logo\/image\/"},"sameAs":["https:\/\/www.facebook.com\/dorogimedence\/"]},{"@type":"Person","@id":"https:\/\/dorogimedence.hu\/#\/schema\/person\/ce6091eeb7e95ecdc87890d6aa8e0fd4","name":"dorogimedence.hu","image":{"@type":"ImageObject","inLanguage":"hu","@id":"\/\/www.gravatar.com\/avatar\/d8d45f8901aadff40a4af72c0b826f1d?s=96&#038;r=g&#038;d=mm","url":"\/\/www.gravatar.com\/avatar\/d8d45f8901aadff40a4af72c0b826f1d?s=96&#038;r=g&#038;d=mm","contentUrl":"\/\/www.gravatar.com\/avatar\/d8d45f8901aadff40a4af72c0b826f1d?s=96&#038;r=g&#038;d=mm","caption":"dorogimedence.hu"}}]}},"_links":{"self":[{"href":"https:\/\/dorogimedence.hu\/index.php\/wp-json\/wp\/v2\/posts\/41713","targetHints":{"allow":["GET"]}}],"collection":[{"href":"https:\/\/dorogimedence.hu\/index.php\/wp-json\/wp\/v2\/posts"}],"about":[{"href":"https:\/\/dorogimedence.hu\/index.php\/wp-json\/wp\/v2\/types\/post"}],"author":[{"embeddable":true,"href":"https:\/\/dorogimedence.hu\/index.php\/wp-json\/wp\/v2\/users\/1"}],"replies":[{"embeddable":true,"href":"https:\/\/dorogimedence.hu\/index.php\/wp-json\/wp\/v2\/comments?post=41713"}],"version-history":[{"count":0,"href":"https:\/\/dorogimedence.hu\/index.php\/wp-json\/wp\/v2\/posts\/41713\/revisions"}],"wp:featuredmedia":[{"embeddable":true,"href":"https:\/\/dorogimedence.hu\/index.php\/wp-json\/wp\/v2\/media\/155"}],"wp:attachment":[{"href":"https:\/\/dorogimedence.hu\/index.php\/wp-json\/wp\/v2\/media?parent=41713"}],"wp:term":[{"taxonomy":"category","embeddable":true,"href":"https:\/\/dorogimedence.hu\/index.php\/wp-json\/wp\/v2\/categories?post=41713"},{"taxonomy":"post_tag","embeddable":true,"href":"https:\/\/dorogimedence.hu\/index.php\/wp-json\/wp\/v2\/tags?post=41713"}],"curies":[{"name":"wp","href":"https:\/\/api.w.org\/{rel}","templated":true}]}}