{"id":4169,"date":"2017-07-03T15:07:35","date_gmt":"2017-07-03T13:07:35","guid":{"rendered":"http:\/\/dorogimedence.hu\/?p=4169"},"modified":"2017-07-03T15:07:35","modified_gmt":"2017-07-03T13:07:35","slug":"tuzoltokat-jutalmaztak-dorogon","status":"publish","type":"post","link":"https:\/\/dorogimedence.hu\/index.php\/2017\/07\/03\/tuzoltokat-jutalmaztak-dorogon\/","title":{"rendered":"T\u0171zolt\u00f3kat jutalmaztak Dorogon"},"content":{"rendered":"<p><strong>J\u00fanius 30-\u00e1n, p\u00e9nteken, kiemelked\u0151 munk\u00e1j\u00e1\u00e9rt k\u00e9t katasztr\u00f3fav\u00e9delmi dolgoz\u00f3 is elismer\u00e9st vehetett \u00e1t Dorogon.<\/strong><\/p>\n<p>Az elismer\u00e9seket a k\u00e9pvisel\u0151test\u00fclet, illetve a Dorogi T\u00f6bbc\u00e9l\u00fa Kist\u00e9rs\u00e9gi T\u00e1rsul\u00e1s adta \u00e1t.<\/p>\n<p>Petr\u00f3 \u00c9va t\u0171zolt\u00f3 alezredes asszony polg\u00e1ri v\u00e9delmi fel\u00fcgyel\u0151k\u00e9nt szolg\u00e1l az Esztregomi Katasztr\u00f3fav\u00e9delmi Kirendelts\u00e9gen, Berki Kriszti\u00e1n c. t\u0171zolt\u00f3 f\u0151t\u00f6rzs\u0151rmester pedig g\u00e9pj\u00e1rm\u0171vezet\u0151i beoszt\u00e1st l\u00e1t el az Esztergom Hivat\u00e1sos T\u0171zolt\u00f3parancsnoks\u00e1g szem\u00e9lyi \u00e1llom\u00e1ny\u00e1ban.<\/p>\n<p>Gratul\u00e1lunk az elismer\u00e9sekhez!<\/p>\n<p><em>Forr\u00e1s: komarom.katasztrofavedelem.hu<\/em><br \/>\n<em>Fot\u00f3: dorog.hu<\/em><\/p>\n","protected":false},"excerpt":{"rendered":"<p>J\u00fanius 30-\u00e1n, p\u00e9nteken, kiemelked\u0151 munk\u00e1j\u00e1\u00e9rt k\u00e9t katasztr\u00f3fav\u00e9delmi dolgoz\u00f3 is elismer\u00e9st vehetett \u00e1t Dorogon. Az elismer\u00e9seket a k\u00e9pvisel\u0151test\u00fclet, illetve a Dorogi T\u00f6bbc\u00e9l\u00fa Kist\u00e9rs\u00e9gi T\u00e1rsul\u00e1s adta \u00e1t. Petr\u00f3 \u00c9va t\u0171zolt\u00f3 alezredes asszony polg\u00e1ri v\u00e9delmi fel\u00fcgyel\u0151k\u00e9nt szolg\u00e1l az Esztregomi Katasztr\u00f3fav\u00e9delmi Kirendelts\u00e9gen, Berki Kriszti\u00e1n c. t\u0171zolt\u00f3 f\u0151t\u00f6rzs\u0151rmester pedig g\u00e9pj\u00e1rm\u0171vezet\u0151i beoszt\u00e1st l\u00e1t el az Esztergom Hivat\u00e1sos T\u0171zolt\u00f3parancsnoks\u00e1g szem\u00e9lyi \u00e1llom\u00e1ny\u00e1ban. Gratul\u00e1lunk<\/p>\n","protected":false},"author":1,"featured_media":4171,"comment_status":"closed","ping_status":"closed","sticky":false,"template":"","format":"standard","meta":{"ngg_post_thumbnail":0,"footnotes":""},"categories":[2,38,3],"tags":[15,419,42,65],"class_list":{"0":"post-4169","1":"post","2":"type-post","3":"status-publish","4":"format-standard","5":"has-post-thumbnail","7":"category-dorog","8":"category-esztergom","9":"category-hirek","10":"tag-dorog","11":"tag-elismeres","12":"tag-esztergom","13":"tag-tuzoltosag"},"yoast_head":"<!-- This site is optimized with the Yoast SEO plugin v27.4 - https:\/\/yoast.com\/product\/yoast-seo-wordpress\/ -->\n<title>T\u0171zolt\u00f3kat jutalmaztak Dorogon<\/title>\n<meta name=\"robots\" content=\"index, follow, max-snippet:-1, max-image-preview:large, max-video-preview:-1\" \/>\n<link rel=\"canonical\" href=\"https:\/\/dorogimedence.hu\/index.php\/2017\/07\/03\/tuzoltokat-jutalmaztak-dorogon\/\" class=\"yoast-seo-meta-tag\" \/>\n<meta property=\"og:locale\" content=\"hu_HU\" class=\"yoast-seo-meta-tag\" \/>\n<meta property=\"og:type\" content=\"article\" class=\"yoast-seo-meta-tag\" \/>\n<meta property=\"og:title\" content=\"T\u0171zolt\u00f3kat jutalmaztak Dorogon\" class=\"yoast-seo-meta-tag\" \/>\n<meta property=\"og:description\" content=\"J\u00fanius 30-\u00e1n, p\u00e9nteken, kiemelked\u0151 munk\u00e1j\u00e1\u00e9rt k\u00e9t katasztr\u00f3fav\u00e9delmi dolgoz\u00f3 is elismer\u00e9st vehetett \u00e1t Dorogon. Az elismer\u00e9seket a k\u00e9pvisel\u0151test\u00fclet, illetve a Dorogi T\u00f6bbc\u00e9l\u00fa Kist\u00e9rs\u00e9gi T\u00e1rsul\u00e1s adta \u00e1t. Petr\u00f3 \u00c9va t\u0171zolt\u00f3 alezredes asszony polg\u00e1ri v\u00e9delmi fel\u00fcgyel\u0151k\u00e9nt szolg\u00e1l az Esztregomi Katasztr\u00f3fav\u00e9delmi Kirendelts\u00e9gen, Berki Kriszti\u00e1n c. t\u0171zolt\u00f3 f\u0151t\u00f6rzs\u0151rmester pedig g\u00e9pj\u00e1rm\u0171vezet\u0151i beoszt\u00e1st l\u00e1t el az Esztergom Hivat\u00e1sos T\u0171zolt\u00f3parancsnoks\u00e1g szem\u00e9lyi \u00e1llom\u00e1ny\u00e1ban. Gratul\u00e1lunk\" class=\"yoast-seo-meta-tag\" \/>\n<meta property=\"og:url\" content=\"https:\/\/dorogimedence.hu\/index.php\/2017\/07\/03\/tuzoltokat-jutalmaztak-dorogon\/\" class=\"yoast-seo-meta-tag\" \/>\n<meta property=\"og:site_name\" content=\"Dorogi-medence Region\u00e1lis H\u00edrport\u00e1l\" class=\"yoast-seo-meta-tag\" \/>\n<meta property=\"article:publisher\" content=\"https:\/\/www.facebook.com\/dorogimedence\/\" class=\"yoast-seo-meta-tag\" \/>\n<meta property=\"article:published_time\" content=\"2017-07-03T13:07:35+00:00\" class=\"yoast-seo-meta-tag\" \/>\n<meta property=\"og:image\" content=\"https:\/\/i0.wp.com\/dorogimedence.hu\/wp-content\/uploads\/2017\/07\/petro-eva.jpg?fit=670%2C365&ssl=1\" class=\"yoast-seo-meta-tag\" \/>\n\t<meta property=\"og:image:width\" content=\"670\" class=\"yoast-seo-meta-tag\" \/>\n\t<meta property=\"og:image:height\" content=\"365\" class=\"yoast-seo-meta-tag\" \/>\n\t<meta property=\"og:image:type\" content=\"image\/jpeg\" class=\"yoast-seo-meta-tag\" \/>\n<meta name=\"author\" content=\"dorogimedence.hu\" class=\"yoast-seo-meta-tag\" \/>\n<meta name=\"twitter:card\" content=\"summary_large_image\" class=\"yoast-seo-meta-tag\" \/>\n<meta name=\"twitter:label1\" content=\"Szerz\u0151:\" class=\"yoast-seo-meta-tag\" \/>\n\t<meta name=\"twitter:data1\" content=\"dorogimedence.hu\" class=\"yoast-seo-meta-tag\" \/>\n\t<meta name=\"twitter:label2\" content=\"Becs\u00fclt olvas\u00e1si id\u0151\" class=\"yoast-seo-meta-tag\" \/>\n\t<meta name=\"twitter:data2\" content=\"1 perc\" class=\"yoast-seo-meta-tag\" \/>\n<script type=\"application\/ld+json\" class=\"yoast-schema-graph\">{\"@context\":\"https:\\\/\\\/schema.org\",\"@graph\":[{\"@type\":\"Article\",\"@id\":\"https:\\\/\\\/dorogimedence.hu\\\/index.php\\\/2017\\\/07\\\/03\\\/tuzoltokat-jutalmaztak-dorogon\\\/#article\",\"isPartOf\":{\"@id\":\"https:\\\/\\\/dorogimedence.hu\\\/index.php\\\/2017\\\/07\\\/03\\\/tuzoltokat-jutalmaztak-dorogon\\\/\"},\"author\":{\"name\":\"dorogimedence.hu\",\"@id\":\"https:\\\/\\\/dorogimedence.hu\\\/#\\\/schema\\\/person\\\/ce6091eeb7e95ecdc87890d6aa8e0fd4\"},\"headline\":\"T\u0171zolt\u00f3kat jutalmaztak Dorogon\",\"datePublished\":\"2017-07-03T13:07:35+00:00\",\"mainEntityOfPage\":{\"@id\":\"https:\\\/\\\/dorogimedence.hu\\\/index.php\\\/2017\\\/07\\\/03\\\/tuzoltokat-jutalmaztak-dorogon\\\/\"},\"wordCount\":119,\"publisher\":{\"@id\":\"https:\\\/\\\/dorogimedence.hu\\\/#organization\"},\"image\":{\"@id\":\"https:\\\/\\\/dorogimedence.hu\\\/index.php\\\/2017\\\/07\\\/03\\\/tuzoltokat-jutalmaztak-dorogon\\\/#primaryimage\"},\"thumbnailUrl\":\"https:\\\/\\\/dorogimedence.hu\\\/wp-content\\\/uploads\\\/2017\\\/07\\\/petro-eva.jpg\",\"keywords\":[\"Dorog\",\"elismer\u00e9s\",\"esztergom\",\"t\u0171zolt\u00f3s\u00e1g\"],\"articleSection\":[\"Dorog\",\"Esztergom\",\"H\u00edrek\"],\"inLanguage\":\"hu\"},{\"@type\":\"WebPage\",\"@id\":\"https:\\\/\\\/dorogimedence.hu\\\/index.php\\\/2017\\\/07\\\/03\\\/tuzoltokat-jutalmaztak-dorogon\\\/\",\"url\":\"https:\\\/\\\/dorogimedence.hu\\\/index.php\\\/2017\\\/07\\\/03\\\/tuzoltokat-jutalmaztak-dorogon\\\/\",\"name\":\"T\u0171zolt\u00f3kat jutalmaztak Dorogon\",\"isPartOf\":{\"@id\":\"https:\\\/\\\/dorogimedence.hu\\\/#website\"},\"primaryImageOfPage\":{\"@id\":\"https:\\\/\\\/dorogimedence.hu\\\/index.php\\\/2017\\\/07\\\/03\\\/tuzoltokat-jutalmaztak-dorogon\\\/#primaryimage\"},\"image\":{\"@id\":\"https:\\\/\\\/dorogimedence.hu\\\/index.php\\\/2017\\\/07\\\/03\\\/tuzoltokat-jutalmaztak-dorogon\\\/#primaryimage\"},\"thumbnailUrl\":\"https:\\\/\\\/dorogimedence.hu\\\/wp-content\\\/uploads\\\/2017\\\/07\\\/petro-eva.jpg\",\"datePublished\":\"2017-07-03T13:07:35+00:00\",\"breadcrumb\":{\"@id\":\"https:\\\/\\\/dorogimedence.hu\\\/index.php\\\/2017\\\/07\\\/03\\\/tuzoltokat-jutalmaztak-dorogon\\\/#breadcrumb\"},\"inLanguage\":\"hu\",\"potentialAction\":[{\"@type\":\"ReadAction\",\"target\":[\"https:\\\/\\\/dorogimedence.hu\\\/index.php\\\/2017\\\/07\\\/03\\\/tuzoltokat-jutalmaztak-dorogon\\\/\"]}]},{\"@type\":\"ImageObject\",\"inLanguage\":\"hu\",\"@id\":\"https:\\\/\\\/dorogimedence.hu\\\/index.php\\\/2017\\\/07\\\/03\\\/tuzoltokat-jutalmaztak-dorogon\\\/#primaryimage\",\"url\":\"https:\\\/\\\/dorogimedence.hu\\\/wp-content\\\/uploads\\\/2017\\\/07\\\/petro-eva.jpg\",\"contentUrl\":\"https:\\\/\\\/dorogimedence.hu\\\/wp-content\\\/uploads\\\/2017\\\/07\\\/petro-eva.jpg\",\"width\":670,\"height\":365},{\"@type\":\"BreadcrumbList\",\"@id\":\"https:\\\/\\\/dorogimedence.hu\\\/index.php\\\/2017\\\/07\\\/03\\\/tuzoltokat-jutalmaztak-dorogon\\\/#breadcrumb\",\"itemListElement\":[{\"@type\":\"ListItem\",\"position\":1,\"name\":\"Kezd\u0151lap\",\"item\":\"https:\\\/\\\/dorogimedence.hu\\\/\"},{\"@type\":\"ListItem\",\"position\":2,\"name\":\"T\u0171zolt\u00f3kat jutalmaztak Dorogon\"}]},{\"@type\":\"WebSite\",\"@id\":\"https:\\\/\\\/dorogimedence.hu\\\/#website\",\"url\":\"https:\\\/\\\/dorogimedence.hu\\\/\",\"name\":\"Dorogi-medence Region\u00e1lis H\u00edrport\u00e1l\",\"description\":\"Dorog, Keszt\u00f6lc, Le\u00e1nyv\u00e1r, Piliscs\u00e9v, Tokod, Tokodalt\u00e1r\u00f3, Csolnok, Esztergom-kertv\u00e1ros: h\u00edrek, programok\",\"publisher\":{\"@id\":\"https:\\\/\\\/dorogimedence.hu\\\/#organization\"},\"potentialAction\":[{\"@type\":\"SearchAction\",\"target\":{\"@type\":\"EntryPoint\",\"urlTemplate\":\"https:\\\/\\\/dorogimedence.hu\\\/?s={search_term_string}\"},\"query-input\":{\"@type\":\"PropertyValueSpecification\",\"valueRequired\":true,\"valueName\":\"search_term_string\"}}],\"inLanguage\":\"hu\"},{\"@type\":\"Organization\",\"@id\":\"https:\\\/\\\/dorogimedence.hu\\\/#organization\",\"name\":\"Dorogi-medence Region\u00e1lis H\u00edrport\u00e1l\",\"url\":\"https:\\\/\\\/dorogimedence.hu\\\/\",\"logo\":{\"@type\":\"ImageObject\",\"inLanguage\":\"hu\",\"@id\":\"https:\\\/\\\/dorogimedence.hu\\\/#\\\/schema\\\/logo\\\/image\\\/\",\"url\":\"https:\\\/\\\/dorogimedence.hu\\\/wp-content\\\/uploads\\\/2021\\\/04\\\/logo-feher-600.png\",\"contentUrl\":\"https:\\\/\\\/dorogimedence.hu\\\/wp-content\\\/uploads\\\/2021\\\/04\\\/logo-feher-600.png\",\"width\":600,\"height\":100,\"caption\":\"Dorogi-medence Region\u00e1lis H\u00edrport\u00e1l\"},\"image\":{\"@id\":\"https:\\\/\\\/dorogimedence.hu\\\/#\\\/schema\\\/logo\\\/image\\\/\"},\"sameAs\":[\"https:\\\/\\\/www.facebook.com\\\/dorogimedence\\\/\"]},{\"@type\":\"Person\",\"@id\":\"https:\\\/\\\/dorogimedence.hu\\\/#\\\/schema\\\/person\\\/ce6091eeb7e95ecdc87890d6aa8e0fd4\",\"name\":\"dorogimedence.hu\",\"image\":{\"@type\":\"ImageObject\",\"inLanguage\":\"hu\",\"@id\":\"\\\/\\\/www.gravatar.com\\\/avatar\\\/d8d45f8901aadff40a4af72c0b826f1d?s=96&#038;r=g&#038;d=mm\",\"url\":\"\\\/\\\/www.gravatar.com\\\/avatar\\\/d8d45f8901aadff40a4af72c0b826f1d?s=96&#038;r=g&#038;d=mm\",\"contentUrl\":\"\\\/\\\/www.gravatar.com\\\/avatar\\\/d8d45f8901aadff40a4af72c0b826f1d?s=96&#038;r=g&#038;d=mm\",\"caption\":\"dorogimedence.hu\"}}]}<\/script>\n<!-- \/ Yoast SEO plugin. -->","yoast_head_json":{"title":"T\u0171zolt\u00f3kat jutalmaztak Dorogon","robots":{"index":"index","follow":"follow","max-snippet":"max-snippet:-1","max-image-preview":"max-image-preview:large","max-video-preview":"max-video-preview:-1"},"canonical":"https:\/\/dorogimedence.hu\/index.php\/2017\/07\/03\/tuzoltokat-jutalmaztak-dorogon\/","og_locale":"hu_HU","og_type":"article","og_title":"T\u0171zolt\u00f3kat jutalmaztak Dorogon","og_description":"J\u00fanius 30-\u00e1n, p\u00e9nteken, kiemelked\u0151 munk\u00e1j\u00e1\u00e9rt k\u00e9t katasztr\u00f3fav\u00e9delmi dolgoz\u00f3 is elismer\u00e9st vehetett \u00e1t Dorogon. Az elismer\u00e9seket a k\u00e9pvisel\u0151test\u00fclet, illetve a Dorogi T\u00f6bbc\u00e9l\u00fa Kist\u00e9rs\u00e9gi T\u00e1rsul\u00e1s adta \u00e1t. Petr\u00f3 \u00c9va t\u0171zolt\u00f3 alezredes asszony polg\u00e1ri v\u00e9delmi fel\u00fcgyel\u0151k\u00e9nt szolg\u00e1l az Esztregomi Katasztr\u00f3fav\u00e9delmi Kirendelts\u00e9gen, Berki Kriszti\u00e1n c. t\u0171zolt\u00f3 f\u0151t\u00f6rzs\u0151rmester pedig g\u00e9pj\u00e1rm\u0171vezet\u0151i beoszt\u00e1st l\u00e1t el az Esztergom Hivat\u00e1sos T\u0171zolt\u00f3parancsnoks\u00e1g szem\u00e9lyi \u00e1llom\u00e1ny\u00e1ban. Gratul\u00e1lunk","og_url":"https:\/\/dorogimedence.hu\/index.php\/2017\/07\/03\/tuzoltokat-jutalmaztak-dorogon\/","og_site_name":"Dorogi-medence Region\u00e1lis H\u00edrport\u00e1l","article_publisher":"https:\/\/www.facebook.com\/dorogimedence\/","article_published_time":"2017-07-03T13:07:35+00:00","og_image":[{"width":670,"height":365,"url":"https:\/\/i0.wp.com\/dorogimedence.hu\/wp-content\/uploads\/2017\/07\/petro-eva.jpg?fit=670%2C365&ssl=1","type":"image\/jpeg"}],"author":"dorogimedence.hu","twitter_card":"summary_large_image","twitter_misc":{"Szerz\u0151:":"dorogimedence.hu","Becs\u00fclt olvas\u00e1si id\u0151":"1 perc"},"schema":{"@context":"https:\/\/schema.org","@graph":[{"@type":"Article","@id":"https:\/\/dorogimedence.hu\/index.php\/2017\/07\/03\/tuzoltokat-jutalmaztak-dorogon\/#article","isPartOf":{"@id":"https:\/\/dorogimedence.hu\/index.php\/2017\/07\/03\/tuzoltokat-jutalmaztak-dorogon\/"},"author":{"name":"dorogimedence.hu","@id":"https:\/\/dorogimedence.hu\/#\/schema\/person\/ce6091eeb7e95ecdc87890d6aa8e0fd4"},"headline":"T\u0171zolt\u00f3kat jutalmaztak Dorogon","datePublished":"2017-07-03T13:07:35+00:00","mainEntityOfPage":{"@id":"https:\/\/dorogimedence.hu\/index.php\/2017\/07\/03\/tuzoltokat-jutalmaztak-dorogon\/"},"wordCount":119,"publisher":{"@id":"https:\/\/dorogimedence.hu\/#organization"},"image":{"@id":"https:\/\/dorogimedence.hu\/index.php\/2017\/07\/03\/tuzoltokat-jutalmaztak-dorogon\/#primaryimage"},"thumbnailUrl":"https:\/\/dorogimedence.hu\/wp-content\/uploads\/2017\/07\/petro-eva.jpg","keywords":["Dorog","elismer\u00e9s","esztergom","t\u0171zolt\u00f3s\u00e1g"],"articleSection":["Dorog","Esztergom","H\u00edrek"],"inLanguage":"hu"},{"@type":"WebPage","@id":"https:\/\/dorogimedence.hu\/index.php\/2017\/07\/03\/tuzoltokat-jutalmaztak-dorogon\/","url":"https:\/\/dorogimedence.hu\/index.php\/2017\/07\/03\/tuzoltokat-jutalmaztak-dorogon\/","name":"T\u0171zolt\u00f3kat jutalmaztak Dorogon","isPartOf":{"@id":"https:\/\/dorogimedence.hu\/#website"},"primaryImageOfPage":{"@id":"https:\/\/dorogimedence.hu\/index.php\/2017\/07\/03\/tuzoltokat-jutalmaztak-dorogon\/#primaryimage"},"image":{"@id":"https:\/\/dorogimedence.hu\/index.php\/2017\/07\/03\/tuzoltokat-jutalmaztak-dorogon\/#primaryimage"},"thumbnailUrl":"https:\/\/dorogimedence.hu\/wp-content\/uploads\/2017\/07\/petro-eva.jpg","datePublished":"2017-07-03T13:07:35+00:00","breadcrumb":{"@id":"https:\/\/dorogimedence.hu\/index.php\/2017\/07\/03\/tuzoltokat-jutalmaztak-dorogon\/#breadcrumb"},"inLanguage":"hu","potentialAction":[{"@type":"ReadAction","target":["https:\/\/dorogimedence.hu\/index.php\/2017\/07\/03\/tuzoltokat-jutalmaztak-dorogon\/"]}]},{"@type":"ImageObject","inLanguage":"hu","@id":"https:\/\/dorogimedence.hu\/index.php\/2017\/07\/03\/tuzoltokat-jutalmaztak-dorogon\/#primaryimage","url":"https:\/\/dorogimedence.hu\/wp-content\/uploads\/2017\/07\/petro-eva.jpg","contentUrl":"https:\/\/dorogimedence.hu\/wp-content\/uploads\/2017\/07\/petro-eva.jpg","width":670,"height":365},{"@type":"BreadcrumbList","@id":"https:\/\/dorogimedence.hu\/index.php\/2017\/07\/03\/tuzoltokat-jutalmaztak-dorogon\/#breadcrumb","itemListElement":[{"@type":"ListItem","position":1,"name":"Kezd\u0151lap","item":"https:\/\/dorogimedence.hu\/"},{"@type":"ListItem","position":2,"name":"T\u0171zolt\u00f3kat jutalmaztak Dorogon"}]},{"@type":"WebSite","@id":"https:\/\/dorogimedence.hu\/#website","url":"https:\/\/dorogimedence.hu\/","name":"Dorogi-medence Region\u00e1lis H\u00edrport\u00e1l","description":"Dorog, Keszt\u00f6lc, Le\u00e1nyv\u00e1r, Piliscs\u00e9v, Tokod, Tokodalt\u00e1r\u00f3, Csolnok, Esztergom-kertv\u00e1ros: h\u00edrek, programok","publisher":{"@id":"https:\/\/dorogimedence.hu\/#organization"},"potentialAction":[{"@type":"SearchAction","target":{"@type":"EntryPoint","urlTemplate":"https:\/\/dorogimedence.hu\/?s={search_term_string}"},"query-input":{"@type":"PropertyValueSpecification","valueRequired":true,"valueName":"search_term_string"}}],"inLanguage":"hu"},{"@type":"Organization","@id":"https:\/\/dorogimedence.hu\/#organization","name":"Dorogi-medence Region\u00e1lis H\u00edrport\u00e1l","url":"https:\/\/dorogimedence.hu\/","logo":{"@type":"ImageObject","inLanguage":"hu","@id":"https:\/\/dorogimedence.hu\/#\/schema\/logo\/image\/","url":"https:\/\/dorogimedence.hu\/wp-content\/uploads\/2021\/04\/logo-feher-600.png","contentUrl":"https:\/\/dorogimedence.hu\/wp-content\/uploads\/2021\/04\/logo-feher-600.png","width":600,"height":100,"caption":"Dorogi-medence Region\u00e1lis H\u00edrport\u00e1l"},"image":{"@id":"https:\/\/dorogimedence.hu\/#\/schema\/logo\/image\/"},"sameAs":["https:\/\/www.facebook.com\/dorogimedence\/"]},{"@type":"Person","@id":"https:\/\/dorogimedence.hu\/#\/schema\/person\/ce6091eeb7e95ecdc87890d6aa8e0fd4","name":"dorogimedence.hu","image":{"@type":"ImageObject","inLanguage":"hu","@id":"\/\/www.gravatar.com\/avatar\/d8d45f8901aadff40a4af72c0b826f1d?s=96&#038;r=g&#038;d=mm","url":"\/\/www.gravatar.com\/avatar\/d8d45f8901aadff40a4af72c0b826f1d?s=96&#038;r=g&#038;d=mm","contentUrl":"\/\/www.gravatar.com\/avatar\/d8d45f8901aadff40a4af72c0b826f1d?s=96&#038;r=g&#038;d=mm","caption":"dorogimedence.hu"}}]}},"_links":{"self":[{"href":"https:\/\/dorogimedence.hu\/index.php\/wp-json\/wp\/v2\/posts\/4169","targetHints":{"allow":["GET"]}}],"collection":[{"href":"https:\/\/dorogimedence.hu\/index.php\/wp-json\/wp\/v2\/posts"}],"about":[{"href":"https:\/\/dorogimedence.hu\/index.php\/wp-json\/wp\/v2\/types\/post"}],"author":[{"embeddable":true,"href":"https:\/\/dorogimedence.hu\/index.php\/wp-json\/wp\/v2\/users\/1"}],"replies":[{"embeddable":true,"href":"https:\/\/dorogimedence.hu\/index.php\/wp-json\/wp\/v2\/comments?post=4169"}],"version-history":[{"count":0,"href":"https:\/\/dorogimedence.hu\/index.php\/wp-json\/wp\/v2\/posts\/4169\/revisions"}],"wp:featuredmedia":[{"embeddable":true,"href":"https:\/\/dorogimedence.hu\/index.php\/wp-json\/wp\/v2\/media\/4171"}],"wp:attachment":[{"href":"https:\/\/dorogimedence.hu\/index.php\/wp-json\/wp\/v2\/media?parent=4169"}],"wp:term":[{"taxonomy":"category","embeddable":true,"href":"https:\/\/dorogimedence.hu\/index.php\/wp-json\/wp\/v2\/categories?post=4169"},{"taxonomy":"post_tag","embeddable":true,"href":"https:\/\/dorogimedence.hu\/index.php\/wp-json\/wp\/v2\/tags?post=4169"}],"curies":[{"name":"wp","href":"https:\/\/api.w.org\/{rel}","templated":true}]}}