{"id":41663,"date":"2022-04-05T09:42:38","date_gmt":"2022-04-05T07:42:38","guid":{"rendered":"https:\/\/dorogimedence.hu\/?p=41663"},"modified":"2022-04-05T09:47:25","modified_gmt":"2022-04-05T07:47:25","slug":"fuss-az-erdesz-szemevel","status":"publish","type":"post","link":"https:\/\/dorogimedence.hu\/index.php\/2022\/04\/05\/fuss-az-erdesz-szemevel\/","title":{"rendered":"Fuss az erd\u00e9sz szem\u00e9vel!"},"content":{"rendered":"<p><strong>Az Orsz\u00e1gos Erd\u00e9szeti Egyes\u00fclet <\/strong><span style=\"text-decoration: underline; color: #0000ff;\"><a style=\"color: #0000ff;\" href=\"https:\/\/www.oee.hu\/sportolj-tudatosan-az-erdoben\" target=\"_blank\" rel=\"noopener\"><strong>\u201eFuss az erd\u00e9sz szem\u00e9vel\u201d<\/strong><\/a><\/span><strong> c\u00edmmel n\u00e9pszer\u0171 programsorozatot ind\u00edtott, amelyen a r\u00e9sztvev\u0151k m\u00e9lyebben betekinthetnek az erd\u0151 \u00e9let\u00e9be, jobban meg\u00e9rthetik az erdei \u00f6kosziszt\u00e9ma m\u0171k\u00f6d\u00e9s\u00e9t. A m\u00e1jus v\u00e9g\u00e9ig teljes\u00edthet\u0151 tavaszi kih\u00edv\u00e1s Pilisborosjen\u0151r\u0151l indul \u00e9s ide is t\u00e9r vissza. <\/strong><\/p>\n<p>Az Orsz\u00e1gos Erd\u00e9szeti Egyes\u00fcletet az Agr\u00e1rminiszt\u00e9rium t\u00e1mogat\u00e1s\u00e1val megval\u00f3sul\u00f3, \u201eSportolj tudatosan az erd\u0151ben \u2013 Fuss az erd\u00e9sz szem\u00e9vel\u201d c\u00edm\u0171 programsorozat r\u00e9sztvev\u0151i az erd\u00e9sz szem\u00e9vel j\u00e1rhatj\u00e1k \u00e9s l\u00e1thatj\u00e1k az erd\u0151t, \u00edgy alaposabban megismerhetik \u00e9let\u00e9t. Egy-egy kih\u00edv\u00e1shoz sz\u00e1mos \u00e9rdekess\u00e9get rejt\u0151, mintegy 10 km-es \u00fatvonal tartozik, amelyen az aktu\u00e1lis feladatokat mutat\u00f3, QR-k\u00f3dokkal ell\u00e1tott, ideiglenes turistajelz\u00e9sek kalauzolj\u00e1k a sportol\u00f3kat.<\/p>\n<p>A 2022. m\u00e1jus v\u00e9g\u00e9ig teljes\u00edthet\u0151 <a href=\"https:\/\/www.alltrails.com\/explore\/map\/fuss-az-erdesz-szemevel-tavaszi-kihivas-fc394e9\" target=\"_blank\" rel=\"noopener\"><span style=\"text-decoration: underline; color: #0000ff;\">tavaszi kih\u00edv\u00e1s<\/span><\/a> ism\u00e9t a Pilisbe v\u00e1rja az erd\u0151j\u00e1r\u00f3kat. A Pilisborosjen\u0151r\u0151l indul\u00f3 \u2013 \u00e9s oda visszat\u00e9r\u0151 \u2013 k\u00f6r teljes\u00edt\u00e9se k\u00f6zben a kih\u00edv\u00e1s az, hogy a r\u00e9sztvev\u0151k olyan erdei \u00e9l\u0151l\u00e9nyr\u0151l \u2013 ez lehet vir\u00e1g, fakad\u00f3 lev\u00e9l, rovar, mad\u00e1r, eml\u0151s \u2013 k\u00e9sz\u00edtsenek k\u00e9pet \u00e9s k\u00fcldj\u00e9k el az erdeisportok@oee.hu c\u00edmre, amely sz\u00e1mukra a legink\u00e1bb szimboliz\u00e1lja a tavaszt.<\/p>\n<p><img fetchpriority=\"high\" decoding=\"async\" class=\"alignnone size-large wp-image-41665\" src=\"https:\/\/dorogimedence.hu\/wp-content\/uploads\/2022\/04\/parkerdo-futas-02-1024x682.jpg\" alt=\"\" width=\"755\" height=\"503\" srcset=\"https:\/\/dorogimedence.hu\/wp-content\/uploads\/2022\/04\/parkerdo-futas-02-1024x682.jpg 1024w, https:\/\/dorogimedence.hu\/wp-content\/uploads\/2022\/04\/parkerdo-futas-02-300x200.jpg 300w, https:\/\/dorogimedence.hu\/wp-content\/uploads\/2022\/04\/parkerdo-futas-02-768x511.jpg 768w, https:\/\/dorogimedence.hu\/wp-content\/uploads\/2022\/04\/parkerdo-futas-02-1536x1022.jpg 1536w, https:\/\/dorogimedence.hu\/wp-content\/uploads\/2022\/04\/parkerdo-futas-02-150x100.jpg 150w, https:\/\/dorogimedence.hu\/wp-content\/uploads\/2022\/04\/parkerdo-futas-02-450x300.jpg 450w, https:\/\/dorogimedence.hu\/wp-content\/uploads\/2022\/04\/parkerdo-futas-02-1200x799.jpg 1200w, https:\/\/dorogimedence.hu\/wp-content\/uploads\/2022\/04\/parkerdo-futas-02-272x182.jpg 272w, https:\/\/dorogimedence.hu\/wp-content\/uploads\/2022\/04\/parkerdo-futas-02.jpg 1920w\" sizes=\"(max-width: 755px) 100vw, 755px\" \/><\/p>\n<p>A Pilisiborosjen\u0151r\u0151l, a F\u00f6ld utca \u00e9s Hat\u00e1r \u00fat sark\u00e1r\u00f3l \u2013 \u00e9s ide vissza\u00e9rkez\u0151 \u2013, 10,7 kilom\u00e9ter hossz\u00fa \u00fatvonal szintemelked\u00e9se k\u00f6zel 327 m\u00e9ter. Az indul\u00e1st\u00f3l az els\u0151 l\u00e1tnival\u00f3 a Kev\u00e9lyhegyi tan\u00f6sv\u00e9ny K\u00e1lv\u00e1ri\u00e1ja, majd a messzir\u0151l is felt\u0171n\u0151, Teve-szikl\u00e1nak nevezett kett\u0151s \u00e1g\u00fa szirt k\u00f6vetkezik, amely az egykori k\u0151fejt\u0151 ter\u00fclet\u00e9n \u00e1ll, s a k\u00f6zelb\u0151l \u00e9lvezhetj\u00fck a kil\u00e1t\u00e1st a Sz\u00e9n\u00e1sok \u00e9s a Kutya-hegy csoportja fel\u00e9. Tov\u00e1bb haladva, imm\u00e1r lefel\u00e9, az \u00fatvonal tal\u00e1n legismertebb \u2013 b\u00e1r nem erdei k\u00f6t\u0151d\u00e9s\u0171 \u2013 egyik attrakci\u00f3ja az egri v\u00e1r, pontosabban annak a h\u00edres film elk\u00e9sz\u00edt\u00e9s\u00e9hez k\u00e9sz\u00fclt makettje. Ezut\u00e1n igazi term\u00e9szeti \u00e9rt\u00e9k v\u00e1rja a t\u00far\u00e1z\u00f3kat, fut\u00f3kat: az \u00fatvonal olyan erd\u0151r\u00e9szletben halad, amely egy ritka \u00e9s v\u00e9dett, \u00fagynevezett reliktum n\u00f6v\u00e9nyfajnak, a hegyi tars\u00f3k\u00e1nak ad otthont. A t\u00fara \u00fatvonala r\u00e9szben Pilisborosjen\u0151 lak\u00f3\u00f6vezet\u00e9nek hat\u00e1r\u00e1n vezet, ahol a Pilisi Parkerd\u0151 \u2013 az \u00f6nkorm\u00e1nyzattal, illetve a Duna-Ipoly Nemzeti Park Igazgat\u00f3s\u00e1ggal k\u00f6t\u00f6tt meg\u00e1llapod\u00e1s \u00e9rtelm\u00e9ben \u2013 25 hekt\u00e1r, cser \u00e9s kocs\u00e1nytalan t\u00f6lgy f\u0151fafaj\u00fa, k\u00eds\u00e9rleti \u00f6r\u00f6kerd\u0151t hoz l\u00e9tre, amelyben az erd\u0151 t\u00e1rsadalmi szerepe, a kl\u00edmav\u00e1ltoz\u00e1s lass\u00edt\u00e1sa \u00e9s a biol\u00f3giai sokf\u00e9les\u00e9g meg\u0151rz\u00e9se szempontj\u00e1b\u00f3l is fontos k\u00eds\u00e9rleteket, kutat\u00e1st, beavatkoz\u00e1sokat v\u00e9gez.<\/p>\n<p><em>Fot\u00f3k, forr\u00e1s: Pilisi Parkerd\u0151 Zrt.<\/em><\/p>\n","protected":false},"excerpt":{"rendered":"<p>Az Orsz\u00e1gos Erd\u00e9szeti Egyes\u00fclet \u201eFuss az erd\u00e9sz szem\u00e9vel\u201d c\u00edmmel n\u00e9pszer\u0171 programsorozatot ind\u00edtott, amelyen a r\u00e9sztvev\u0151k m\u00e9lyebben betekinthetnek az erd\u0151 \u00e9let\u00e9be, jobban meg\u00e9rthetik az erdei \u00f6kosziszt\u00e9ma m\u0171k\u00f6d\u00e9s\u00e9t. A m\u00e1jus v\u00e9g\u00e9ig teljes\u00edthet\u0151 tavaszi kih\u00edv\u00e1s Pilisborosjen\u0151r\u0151l indul \u00e9s ide is t\u00e9r vissza. Az Orsz\u00e1gos Erd\u00e9szeti Egyes\u00fcletet az Agr\u00e1rminiszt\u00e9rium t\u00e1mogat\u00e1s\u00e1val megval\u00f3sul\u00f3, \u201eSportolj tudatosan az erd\u0151ben \u2013 Fuss az erd\u00e9sz<\/p>\n","protected":false},"author":1,"featured_media":41664,"comment_status":"closed","ping_status":"closed","sticky":false,"template":"","format":"standard","meta":{"ngg_post_thumbnail":0,"footnotes":""},"categories":[3,5],"tags":[287,4383,1189,16],"class_list":{"0":"post-41663","1":"post","2":"type-post","3":"status-publish","4":"format-standard","5":"has-post-thumbnail","7":"category-hirek","8":"category-sport","9":"tag-futas","10":"tag-parkerdo","11":"tag-pilisi-parkerdo-zrt","12":"tag-sport"},"yoast_head":"<!-- This site is optimized with the Yoast SEO plugin v27.5 - https:\/\/yoast.com\/product\/yoast-seo-wordpress\/ -->\n<title>Fuss az erd\u00e9sz szem\u00e9vel!<\/title>\n<meta name=\"robots\" content=\"index, follow, max-snippet:-1, max-image-preview:large, max-video-preview:-1\" \/>\n<link rel=\"canonical\" href=\"https:\/\/dorogimedence.hu\/index.php\/2022\/04\/05\/fuss-az-erdesz-szemevel\/\" class=\"yoast-seo-meta-tag\" \/>\n<meta property=\"og:locale\" content=\"hu_HU\" class=\"yoast-seo-meta-tag\" \/>\n<meta property=\"og:type\" content=\"article\" class=\"yoast-seo-meta-tag\" \/>\n<meta property=\"og:title\" content=\"Fuss az erd\u00e9sz szem\u00e9vel!\" class=\"yoast-seo-meta-tag\" \/>\n<meta property=\"og:description\" content=\"Az Orsz\u00e1gos Erd\u00e9szeti Egyes\u00fclet \u201eFuss az erd\u00e9sz szem\u00e9vel\u201d c\u00edmmel n\u00e9pszer\u0171 programsorozatot ind\u00edtott, amelyen a r\u00e9sztvev\u0151k m\u00e9lyebben betekinthetnek az erd\u0151 \u00e9let\u00e9be, jobban meg\u00e9rthetik az erdei \u00f6kosziszt\u00e9ma m\u0171k\u00f6d\u00e9s\u00e9t. A m\u00e1jus v\u00e9g\u00e9ig teljes\u00edthet\u0151 tavaszi kih\u00edv\u00e1s Pilisborosjen\u0151r\u0151l indul \u00e9s ide is t\u00e9r vissza. Az Orsz\u00e1gos Erd\u00e9szeti Egyes\u00fcletet az Agr\u00e1rminiszt\u00e9rium t\u00e1mogat\u00e1s\u00e1val megval\u00f3sul\u00f3, \u201eSportolj tudatosan az erd\u0151ben \u2013 Fuss az erd\u00e9sz\" class=\"yoast-seo-meta-tag\" \/>\n<meta property=\"og:url\" content=\"https:\/\/dorogimedence.hu\/index.php\/2022\/04\/05\/fuss-az-erdesz-szemevel\/\" class=\"yoast-seo-meta-tag\" \/>\n<meta property=\"og:site_name\" content=\"Dorogi-medence Region\u00e1lis H\u00edrport\u00e1l\" class=\"yoast-seo-meta-tag\" \/>\n<meta property=\"article:publisher\" content=\"https:\/\/www.facebook.com\/dorogimedence\/\" class=\"yoast-seo-meta-tag\" \/>\n<meta property=\"article:published_time\" content=\"2022-04-05T07:42:38+00:00\" class=\"yoast-seo-meta-tag\" \/>\n<meta property=\"article:modified_time\" content=\"2022-04-05T07:47:25+00:00\" class=\"yoast-seo-meta-tag\" \/>\n<meta property=\"og:image\" content=\"https:\/\/i0.wp.com\/dorogimedence.hu\/wp-content\/uploads\/2022\/04\/parkerdo-futas-01.jpg?fit=1920%2C1095&ssl=1\" class=\"yoast-seo-meta-tag\" \/>\n\t<meta property=\"og:image:width\" content=\"1920\" class=\"yoast-seo-meta-tag\" \/>\n\t<meta property=\"og:image:height\" content=\"1095\" class=\"yoast-seo-meta-tag\" \/>\n\t<meta property=\"og:image:type\" content=\"image\/jpeg\" class=\"yoast-seo-meta-tag\" \/>\n<meta name=\"author\" content=\"dorogimedence.hu\" class=\"yoast-seo-meta-tag\" \/>\n<meta name=\"twitter:card\" content=\"summary_large_image\" class=\"yoast-seo-meta-tag\" \/>\n<meta name=\"twitter:label1\" content=\"Szerz\u0151:\" class=\"yoast-seo-meta-tag\" \/>\n\t<meta name=\"twitter:data1\" content=\"dorogimedence.hu\" class=\"yoast-seo-meta-tag\" \/>\n\t<meta name=\"twitter:label2\" content=\"Becs\u00fclt olvas\u00e1si id\u0151\" class=\"yoast-seo-meta-tag\" \/>\n\t<meta name=\"twitter:data2\" content=\"3 perc\" class=\"yoast-seo-meta-tag\" \/>\n<script type=\"application\/ld+json\" class=\"yoast-schema-graph\">{\"@context\":\"https:\\\/\\\/schema.org\",\"@graph\":[{\"@type\":\"Article\",\"@id\":\"https:\\\/\\\/dorogimedence.hu\\\/index.php\\\/2022\\\/04\\\/05\\\/fuss-az-erdesz-szemevel\\\/#article\",\"isPartOf\":{\"@id\":\"https:\\\/\\\/dorogimedence.hu\\\/index.php\\\/2022\\\/04\\\/05\\\/fuss-az-erdesz-szemevel\\\/\"},\"author\":{\"name\":\"dorogimedence.hu\",\"@id\":\"https:\\\/\\\/dorogimedence.hu\\\/#\\\/schema\\\/person\\\/ce6091eeb7e95ecdc87890d6aa8e0fd4\"},\"headline\":\"Fuss az erd\u00e9sz szem\u00e9vel!\",\"datePublished\":\"2022-04-05T07:42:38+00:00\",\"dateModified\":\"2022-04-05T07:47:25+00:00\",\"mainEntityOfPage\":{\"@id\":\"https:\\\/\\\/dorogimedence.hu\\\/index.php\\\/2022\\\/04\\\/05\\\/fuss-az-erdesz-szemevel\\\/\"},\"wordCount\":525,\"publisher\":{\"@id\":\"https:\\\/\\\/dorogimedence.hu\\\/#organization\"},\"image\":{\"@id\":\"https:\\\/\\\/dorogimedence.hu\\\/index.php\\\/2022\\\/04\\\/05\\\/fuss-az-erdesz-szemevel\\\/#primaryimage\"},\"thumbnailUrl\":\"https:\\\/\\\/dorogimedence.hu\\\/wp-content\\\/uploads\\\/2022\\\/04\\\/parkerdo-futas-01.jpg\",\"keywords\":[\"fut\u00e1s\",\"parkerd\u0151\",\"Pilisi Parkerd\u0151 Zrt.\",\"sport\"],\"articleSection\":[\"H\u00edrek\",\"Sport\"],\"inLanguage\":\"hu\"},{\"@type\":\"WebPage\",\"@id\":\"https:\\\/\\\/dorogimedence.hu\\\/index.php\\\/2022\\\/04\\\/05\\\/fuss-az-erdesz-szemevel\\\/\",\"url\":\"https:\\\/\\\/dorogimedence.hu\\\/index.php\\\/2022\\\/04\\\/05\\\/fuss-az-erdesz-szemevel\\\/\",\"name\":\"Fuss az erd\u00e9sz szem\u00e9vel!\",\"isPartOf\":{\"@id\":\"https:\\\/\\\/dorogimedence.hu\\\/#website\"},\"primaryImageOfPage\":{\"@id\":\"https:\\\/\\\/dorogimedence.hu\\\/index.php\\\/2022\\\/04\\\/05\\\/fuss-az-erdesz-szemevel\\\/#primaryimage\"},\"image\":{\"@id\":\"https:\\\/\\\/dorogimedence.hu\\\/index.php\\\/2022\\\/04\\\/05\\\/fuss-az-erdesz-szemevel\\\/#primaryimage\"},\"thumbnailUrl\":\"https:\\\/\\\/dorogimedence.hu\\\/wp-content\\\/uploads\\\/2022\\\/04\\\/parkerdo-futas-01.jpg\",\"datePublished\":\"2022-04-05T07:42:38+00:00\",\"dateModified\":\"2022-04-05T07:47:25+00:00\",\"breadcrumb\":{\"@id\":\"https:\\\/\\\/dorogimedence.hu\\\/index.php\\\/2022\\\/04\\\/05\\\/fuss-az-erdesz-szemevel\\\/#breadcrumb\"},\"inLanguage\":\"hu\",\"potentialAction\":[{\"@type\":\"ReadAction\",\"target\":[\"https:\\\/\\\/dorogimedence.hu\\\/index.php\\\/2022\\\/04\\\/05\\\/fuss-az-erdesz-szemevel\\\/\"]}]},{\"@type\":\"ImageObject\",\"inLanguage\":\"hu\",\"@id\":\"https:\\\/\\\/dorogimedence.hu\\\/index.php\\\/2022\\\/04\\\/05\\\/fuss-az-erdesz-szemevel\\\/#primaryimage\",\"url\":\"https:\\\/\\\/dorogimedence.hu\\\/wp-content\\\/uploads\\\/2022\\\/04\\\/parkerdo-futas-01.jpg\",\"contentUrl\":\"https:\\\/\\\/dorogimedence.hu\\\/wp-content\\\/uploads\\\/2022\\\/04\\\/parkerdo-futas-01.jpg\",\"width\":1920,\"height\":1095},{\"@type\":\"BreadcrumbList\",\"@id\":\"https:\\\/\\\/dorogimedence.hu\\\/index.php\\\/2022\\\/04\\\/05\\\/fuss-az-erdesz-szemevel\\\/#breadcrumb\",\"itemListElement\":[{\"@type\":\"ListItem\",\"position\":1,\"name\":\"Kezd\u0151lap\",\"item\":\"https:\\\/\\\/dorogimedence.hu\\\/\"},{\"@type\":\"ListItem\",\"position\":2,\"name\":\"Fuss az erd\u00e9sz szem\u00e9vel!\"}]},{\"@type\":\"WebSite\",\"@id\":\"https:\\\/\\\/dorogimedence.hu\\\/#website\",\"url\":\"https:\\\/\\\/dorogimedence.hu\\\/\",\"name\":\"Dorogi-medence Region\u00e1lis H\u00edrport\u00e1l\",\"description\":\"Dorog, Keszt\u00f6lc, Le\u00e1nyv\u00e1r, Piliscs\u00e9v, Tokod, Tokodalt\u00e1r\u00f3, Csolnok, Esztergom-kertv\u00e1ros: h\u00edrek, programok\",\"publisher\":{\"@id\":\"https:\\\/\\\/dorogimedence.hu\\\/#organization\"},\"potentialAction\":[{\"@type\":\"SearchAction\",\"target\":{\"@type\":\"EntryPoint\",\"urlTemplate\":\"https:\\\/\\\/dorogimedence.hu\\\/?s={search_term_string}\"},\"query-input\":{\"@type\":\"PropertyValueSpecification\",\"valueRequired\":true,\"valueName\":\"search_term_string\"}}],\"inLanguage\":\"hu\"},{\"@type\":\"Organization\",\"@id\":\"https:\\\/\\\/dorogimedence.hu\\\/#organization\",\"name\":\"Dorogi-medence Region\u00e1lis H\u00edrport\u00e1l\",\"url\":\"https:\\\/\\\/dorogimedence.hu\\\/\",\"logo\":{\"@type\":\"ImageObject\",\"inLanguage\":\"hu\",\"@id\":\"https:\\\/\\\/dorogimedence.hu\\\/#\\\/schema\\\/logo\\\/image\\\/\",\"url\":\"https:\\\/\\\/dorogimedence.hu\\\/wp-content\\\/uploads\\\/2021\\\/04\\\/logo-feher-600.png\",\"contentUrl\":\"https:\\\/\\\/dorogimedence.hu\\\/wp-content\\\/uploads\\\/2021\\\/04\\\/logo-feher-600.png\",\"width\":600,\"height\":100,\"caption\":\"Dorogi-medence Region\u00e1lis H\u00edrport\u00e1l\"},\"image\":{\"@id\":\"https:\\\/\\\/dorogimedence.hu\\\/#\\\/schema\\\/logo\\\/image\\\/\"},\"sameAs\":[\"https:\\\/\\\/www.facebook.com\\\/dorogimedence\\\/\"]},{\"@type\":\"Person\",\"@id\":\"https:\\\/\\\/dorogimedence.hu\\\/#\\\/schema\\\/person\\\/ce6091eeb7e95ecdc87890d6aa8e0fd4\",\"name\":\"dorogimedence.hu\",\"image\":{\"@type\":\"ImageObject\",\"inLanguage\":\"hu\",\"@id\":\"\\\/\\\/www.gravatar.com\\\/avatar\\\/d8d45f8901aadff40a4af72c0b826f1d?s=96&#038;r=g&#038;d=mm\",\"url\":\"\\\/\\\/www.gravatar.com\\\/avatar\\\/d8d45f8901aadff40a4af72c0b826f1d?s=96&#038;r=g&#038;d=mm\",\"contentUrl\":\"\\\/\\\/www.gravatar.com\\\/avatar\\\/d8d45f8901aadff40a4af72c0b826f1d?s=96&#038;r=g&#038;d=mm\",\"caption\":\"dorogimedence.hu\"}}]}<\/script>\n<!-- \/ Yoast SEO plugin. -->","yoast_head_json":{"title":"Fuss az erd\u00e9sz szem\u00e9vel!","robots":{"index":"index","follow":"follow","max-snippet":"max-snippet:-1","max-image-preview":"max-image-preview:large","max-video-preview":"max-video-preview:-1"},"canonical":"https:\/\/dorogimedence.hu\/index.php\/2022\/04\/05\/fuss-az-erdesz-szemevel\/","og_locale":"hu_HU","og_type":"article","og_title":"Fuss az erd\u00e9sz szem\u00e9vel!","og_description":"Az Orsz\u00e1gos Erd\u00e9szeti Egyes\u00fclet \u201eFuss az erd\u00e9sz szem\u00e9vel\u201d c\u00edmmel n\u00e9pszer\u0171 programsorozatot ind\u00edtott, amelyen a r\u00e9sztvev\u0151k m\u00e9lyebben betekinthetnek az erd\u0151 \u00e9let\u00e9be, jobban meg\u00e9rthetik az erdei \u00f6kosziszt\u00e9ma m\u0171k\u00f6d\u00e9s\u00e9t. A m\u00e1jus v\u00e9g\u00e9ig teljes\u00edthet\u0151 tavaszi kih\u00edv\u00e1s Pilisborosjen\u0151r\u0151l indul \u00e9s ide is t\u00e9r vissza. Az Orsz\u00e1gos Erd\u00e9szeti Egyes\u00fcletet az Agr\u00e1rminiszt\u00e9rium t\u00e1mogat\u00e1s\u00e1val megval\u00f3sul\u00f3, \u201eSportolj tudatosan az erd\u0151ben \u2013 Fuss az erd\u00e9sz","og_url":"https:\/\/dorogimedence.hu\/index.php\/2022\/04\/05\/fuss-az-erdesz-szemevel\/","og_site_name":"Dorogi-medence Region\u00e1lis H\u00edrport\u00e1l","article_publisher":"https:\/\/www.facebook.com\/dorogimedence\/","article_published_time":"2022-04-05T07:42:38+00:00","article_modified_time":"2022-04-05T07:47:25+00:00","og_image":[{"width":1920,"height":1095,"url":"https:\/\/i0.wp.com\/dorogimedence.hu\/wp-content\/uploads\/2022\/04\/parkerdo-futas-01.jpg?fit=1920%2C1095&ssl=1","type":"image\/jpeg"}],"author":"dorogimedence.hu","twitter_card":"summary_large_image","twitter_misc":{"Szerz\u0151:":"dorogimedence.hu","Becs\u00fclt olvas\u00e1si id\u0151":"3 perc"},"schema":{"@context":"https:\/\/schema.org","@graph":[{"@type":"Article","@id":"https:\/\/dorogimedence.hu\/index.php\/2022\/04\/05\/fuss-az-erdesz-szemevel\/#article","isPartOf":{"@id":"https:\/\/dorogimedence.hu\/index.php\/2022\/04\/05\/fuss-az-erdesz-szemevel\/"},"author":{"name":"dorogimedence.hu","@id":"https:\/\/dorogimedence.hu\/#\/schema\/person\/ce6091eeb7e95ecdc87890d6aa8e0fd4"},"headline":"Fuss az erd\u00e9sz szem\u00e9vel!","datePublished":"2022-04-05T07:42:38+00:00","dateModified":"2022-04-05T07:47:25+00:00","mainEntityOfPage":{"@id":"https:\/\/dorogimedence.hu\/index.php\/2022\/04\/05\/fuss-az-erdesz-szemevel\/"},"wordCount":525,"publisher":{"@id":"https:\/\/dorogimedence.hu\/#organization"},"image":{"@id":"https:\/\/dorogimedence.hu\/index.php\/2022\/04\/05\/fuss-az-erdesz-szemevel\/#primaryimage"},"thumbnailUrl":"https:\/\/dorogimedence.hu\/wp-content\/uploads\/2022\/04\/parkerdo-futas-01.jpg","keywords":["fut\u00e1s","parkerd\u0151","Pilisi Parkerd\u0151 Zrt.","sport"],"articleSection":["H\u00edrek","Sport"],"inLanguage":"hu"},{"@type":"WebPage","@id":"https:\/\/dorogimedence.hu\/index.php\/2022\/04\/05\/fuss-az-erdesz-szemevel\/","url":"https:\/\/dorogimedence.hu\/index.php\/2022\/04\/05\/fuss-az-erdesz-szemevel\/","name":"Fuss az erd\u00e9sz szem\u00e9vel!","isPartOf":{"@id":"https:\/\/dorogimedence.hu\/#website"},"primaryImageOfPage":{"@id":"https:\/\/dorogimedence.hu\/index.php\/2022\/04\/05\/fuss-az-erdesz-szemevel\/#primaryimage"},"image":{"@id":"https:\/\/dorogimedence.hu\/index.php\/2022\/04\/05\/fuss-az-erdesz-szemevel\/#primaryimage"},"thumbnailUrl":"https:\/\/dorogimedence.hu\/wp-content\/uploads\/2022\/04\/parkerdo-futas-01.jpg","datePublished":"2022-04-05T07:42:38+00:00","dateModified":"2022-04-05T07:47:25+00:00","breadcrumb":{"@id":"https:\/\/dorogimedence.hu\/index.php\/2022\/04\/05\/fuss-az-erdesz-szemevel\/#breadcrumb"},"inLanguage":"hu","potentialAction":[{"@type":"ReadAction","target":["https:\/\/dorogimedence.hu\/index.php\/2022\/04\/05\/fuss-az-erdesz-szemevel\/"]}]},{"@type":"ImageObject","inLanguage":"hu","@id":"https:\/\/dorogimedence.hu\/index.php\/2022\/04\/05\/fuss-az-erdesz-szemevel\/#primaryimage","url":"https:\/\/dorogimedence.hu\/wp-content\/uploads\/2022\/04\/parkerdo-futas-01.jpg","contentUrl":"https:\/\/dorogimedence.hu\/wp-content\/uploads\/2022\/04\/parkerdo-futas-01.jpg","width":1920,"height":1095},{"@type":"BreadcrumbList","@id":"https:\/\/dorogimedence.hu\/index.php\/2022\/04\/05\/fuss-az-erdesz-szemevel\/#breadcrumb","itemListElement":[{"@type":"ListItem","position":1,"name":"Kezd\u0151lap","item":"https:\/\/dorogimedence.hu\/"},{"@type":"ListItem","position":2,"name":"Fuss az erd\u00e9sz szem\u00e9vel!"}]},{"@type":"WebSite","@id":"https:\/\/dorogimedence.hu\/#website","url":"https:\/\/dorogimedence.hu\/","name":"Dorogi-medence Region\u00e1lis H\u00edrport\u00e1l","description":"Dorog, Keszt\u00f6lc, Le\u00e1nyv\u00e1r, Piliscs\u00e9v, Tokod, Tokodalt\u00e1r\u00f3, Csolnok, Esztergom-kertv\u00e1ros: h\u00edrek, programok","publisher":{"@id":"https:\/\/dorogimedence.hu\/#organization"},"potentialAction":[{"@type":"SearchAction","target":{"@type":"EntryPoint","urlTemplate":"https:\/\/dorogimedence.hu\/?s={search_term_string}"},"query-input":{"@type":"PropertyValueSpecification","valueRequired":true,"valueName":"search_term_string"}}],"inLanguage":"hu"},{"@type":"Organization","@id":"https:\/\/dorogimedence.hu\/#organization","name":"Dorogi-medence Region\u00e1lis H\u00edrport\u00e1l","url":"https:\/\/dorogimedence.hu\/","logo":{"@type":"ImageObject","inLanguage":"hu","@id":"https:\/\/dorogimedence.hu\/#\/schema\/logo\/image\/","url":"https:\/\/dorogimedence.hu\/wp-content\/uploads\/2021\/04\/logo-feher-600.png","contentUrl":"https:\/\/dorogimedence.hu\/wp-content\/uploads\/2021\/04\/logo-feher-600.png","width":600,"height":100,"caption":"Dorogi-medence Region\u00e1lis H\u00edrport\u00e1l"},"image":{"@id":"https:\/\/dorogimedence.hu\/#\/schema\/logo\/image\/"},"sameAs":["https:\/\/www.facebook.com\/dorogimedence\/"]},{"@type":"Person","@id":"https:\/\/dorogimedence.hu\/#\/schema\/person\/ce6091eeb7e95ecdc87890d6aa8e0fd4","name":"dorogimedence.hu","image":{"@type":"ImageObject","inLanguage":"hu","@id":"\/\/www.gravatar.com\/avatar\/d8d45f8901aadff40a4af72c0b826f1d?s=96&#038;r=g&#038;d=mm","url":"\/\/www.gravatar.com\/avatar\/d8d45f8901aadff40a4af72c0b826f1d?s=96&#038;r=g&#038;d=mm","contentUrl":"\/\/www.gravatar.com\/avatar\/d8d45f8901aadff40a4af72c0b826f1d?s=96&#038;r=g&#038;d=mm","caption":"dorogimedence.hu"}}]}},"_links":{"self":[{"href":"https:\/\/dorogimedence.hu\/index.php\/wp-json\/wp\/v2\/posts\/41663","targetHints":{"allow":["GET"]}}],"collection":[{"href":"https:\/\/dorogimedence.hu\/index.php\/wp-json\/wp\/v2\/posts"}],"about":[{"href":"https:\/\/dorogimedence.hu\/index.php\/wp-json\/wp\/v2\/types\/post"}],"author":[{"embeddable":true,"href":"https:\/\/dorogimedence.hu\/index.php\/wp-json\/wp\/v2\/users\/1"}],"replies":[{"embeddable":true,"href":"https:\/\/dorogimedence.hu\/index.php\/wp-json\/wp\/v2\/comments?post=41663"}],"version-history":[{"count":0,"href":"https:\/\/dorogimedence.hu\/index.php\/wp-json\/wp\/v2\/posts\/41663\/revisions"}],"wp:featuredmedia":[{"embeddable":true,"href":"https:\/\/dorogimedence.hu\/index.php\/wp-json\/wp\/v2\/media\/41664"}],"wp:attachment":[{"href":"https:\/\/dorogimedence.hu\/index.php\/wp-json\/wp\/v2\/media?parent=41663"}],"wp:term":[{"taxonomy":"category","embeddable":true,"href":"https:\/\/dorogimedence.hu\/index.php\/wp-json\/wp\/v2\/categories?post=41663"},{"taxonomy":"post_tag","embeddable":true,"href":"https:\/\/dorogimedence.hu\/index.php\/wp-json\/wp\/v2\/tags?post=41663"}],"curies":[{"name":"wp","href":"https:\/\/api.w.org\/{rel}","templated":true}]}}