{"id":41389,"date":"2022-03-24T16:15:55","date_gmt":"2022-03-24T15:15:55","guid":{"rendered":"https:\/\/dorogimedence.hu\/?p=41389"},"modified":"2022-03-24T16:16:04","modified_gmt":"2022-03-24T15:16:04","slug":"tobb-mint-ketszazmilliobol-ujul-meg-a-111-es-ut-egy-szakasza","status":"publish","type":"post","link":"https:\/\/dorogimedence.hu\/index.php\/2022\/03\/24\/tobb-mint-ketszazmilliobol-ujul-meg-a-111-es-ut-egy-szakasza\/","title":{"rendered":"T\u00f6bb mint k\u00e9tsz\u00e1zmilli\u00f3b\u00f3l \u00fajul meg a 111-es \u00fat egy szakasza"},"content":{"rendered":"<p><strong>M\u00e1rcius 23-\u00e1n, szerd\u00e1n reggel a r\u00e9gi aszfaltr\u00e9teg felmar\u00e1s\u00e1val kezd\u0151d\u00f6tt meg az \u00fatfel\u00faj\u00edt\u00e1s a 111-es sz\u00e1m\u00fa f\u0151\u00faton Esztergom-Kertv\u00e1rosban.<\/strong><\/p>\n<p>P\u00e9csi Norbert S\u00e1ndor, a Magyar K\u00f6z\u00fat Nonprofit Zrt. kommunik\u00e1ci\u00f3s oszt\u00e1lyvezet\u0151je elmondta, hogy a 111-es sz\u00e1m\u00fa f\u0151\u00fat 4+620 \u00e9s 5+790 kilom\u00e9terszelv\u00e9nyei k\u00f6z\u00f6tt (1,17 km hosszan) burkolater\u0151s\u00edt\u00e9si munk\u00e1k folynak, melyek az aszfaltburkolat fel\u00faj\u00edt\u00e1s\u00e1n k\u00edv\u00fcl a padk\u00e1k, a v\u00edzelvezet\u0151 rendszer, az \u00fattartoz\u00e9kok \u00e9s a forgalomtechnikai jelz\u00e9sek fel\u00faj\u00edt\u00e1s\u00e1t, sz\u00fcks\u00e9g eset\u00e9n cser\u00e9j\u00e9t tartalmazz\u00e1k.<\/p>\n<p>A hazai, k\u00f6lts\u00e9gvet\u00e9si forr\u00e1sokb\u00f3l megval\u00f3sul\u00f3 beruh\u00e1z\u00e1s k\u00f6lts\u00e9ge el\u00e9ri a brutt\u00f3 213 milli\u00f3 forintot. A m\u0171szaki \u00e1tad\u00e1s-\u00e1tv\u00e9tel befejez\u00e9s\u00e9nek legk\u00e9s\u0151bbi hat\u00e1rideje j\u00fanius v\u00e9ge.<\/p>\n<p><em>Bor\u00edt\u00f3k\u00e9p: illusztr\u00e1ci\u00f3 (pilisszentl\u00e9leki \u00fatfel\u00faj\u00edt\u00e1s)<\/em><\/p>\n","protected":false},"excerpt":{"rendered":"<p>M\u00e1rcius 23-\u00e1n, szerd\u00e1n reggel a r\u00e9gi aszfaltr\u00e9teg felmar\u00e1s\u00e1val kezd\u0151d\u00f6tt meg az \u00fatfel\u00faj\u00edt\u00e1s a 111-es sz\u00e1m\u00fa f\u0151\u00faton Esztergom-Kertv\u00e1rosban. P\u00e9csi Norbert S\u00e1ndor, a Magyar K\u00f6z\u00fat Nonprofit Zrt. kommunik\u00e1ci\u00f3s oszt\u00e1lyvezet\u0151je elmondta, hogy a 111-es sz\u00e1m\u00fa f\u0151\u00fat 4+620 \u00e9s 5+790 kilom\u00e9terszelv\u00e9nyei k\u00f6z\u00f6tt (1,17 km hosszan) burkolater\u0151s\u00edt\u00e9si munk\u00e1k folynak, melyek az aszfaltburkolat fel\u00faj\u00edt\u00e1s\u00e1n k\u00edv\u00fcl a padk\u00e1k, a v\u00edzelvezet\u0151 rendszer, az<\/p>\n","protected":false},"author":1,"featured_media":41390,"comment_status":"closed","ping_status":"closed","sticky":false,"template":"","format":"standard","meta":{"ngg_post_thumbnail":0,"footnotes":""},"categories":[38,7,3],"tags":[42,169,5624,697],"class_list":{"0":"post-41389","1":"post","2":"type-post","3":"status-publish","4":"format-standard","5":"has-post-thumbnail","7":"category-esztergom","8":"category-esztergom_kertvaros","9":"category-hirek","10":"tag-esztergom","11":"tag-esztergom-kertvaros","12":"tag-featured","13":"tag-utfelujitas"},"yoast_head":"<!-- This site is optimized with the Yoast SEO plugin v27.5 - https:\/\/yoast.com\/product\/yoast-seo-wordpress\/ -->\n<title>T\u00f6bb mint k\u00e9tsz\u00e1zmilli\u00f3b\u00f3l \u00fajul meg a 111-es \u00fat egy szakasza<\/title>\n<meta name=\"robots\" content=\"index, follow, max-snippet:-1, max-image-preview:large, max-video-preview:-1\" \/>\n<link rel=\"canonical\" href=\"https:\/\/dorogimedence.hu\/index.php\/2022\/03\/24\/tobb-mint-ketszazmilliobol-ujul-meg-a-111-es-ut-egy-szakasza\/\" class=\"yoast-seo-meta-tag\" \/>\n<meta property=\"og:locale\" content=\"hu_HU\" class=\"yoast-seo-meta-tag\" \/>\n<meta property=\"og:type\" content=\"article\" class=\"yoast-seo-meta-tag\" \/>\n<meta property=\"og:title\" content=\"T\u00f6bb mint k\u00e9tsz\u00e1zmilli\u00f3b\u00f3l \u00fajul meg a 111-es \u00fat egy szakasza\" class=\"yoast-seo-meta-tag\" \/>\n<meta property=\"og:description\" content=\"M\u00e1rcius 23-\u00e1n, szerd\u00e1n reggel a r\u00e9gi aszfaltr\u00e9teg felmar\u00e1s\u00e1val kezd\u0151d\u00f6tt meg az \u00fatfel\u00faj\u00edt\u00e1s a 111-es sz\u00e1m\u00fa f\u0151\u00faton Esztergom-Kertv\u00e1rosban. P\u00e9csi Norbert S\u00e1ndor, a Magyar K\u00f6z\u00fat Nonprofit Zrt. kommunik\u00e1ci\u00f3s oszt\u00e1lyvezet\u0151je elmondta, hogy a 111-es sz\u00e1m\u00fa f\u0151\u00fat 4+620 \u00e9s 5+790 kilom\u00e9terszelv\u00e9nyei k\u00f6z\u00f6tt (1,17 km hosszan) burkolater\u0151s\u00edt\u00e9si munk\u00e1k folynak, melyek az aszfaltburkolat fel\u00faj\u00edt\u00e1s\u00e1n k\u00edv\u00fcl a padk\u00e1k, a v\u00edzelvezet\u0151 rendszer, az\" class=\"yoast-seo-meta-tag\" \/>\n<meta property=\"og:url\" content=\"https:\/\/dorogimedence.hu\/index.php\/2022\/03\/24\/tobb-mint-ketszazmilliobol-ujul-meg-a-111-es-ut-egy-szakasza\/\" class=\"yoast-seo-meta-tag\" \/>\n<meta property=\"og:site_name\" content=\"Dorogi-medence Region\u00e1lis H\u00edrport\u00e1l\" class=\"yoast-seo-meta-tag\" \/>\n<meta property=\"article:publisher\" content=\"https:\/\/www.facebook.com\/dorogimedence\/\" class=\"yoast-seo-meta-tag\" \/>\n<meta property=\"article:published_time\" content=\"2022-03-24T15:15:55+00:00\" class=\"yoast-seo-meta-tag\" \/>\n<meta property=\"article:modified_time\" content=\"2022-03-24T15:16:04+00:00\" class=\"yoast-seo-meta-tag\" \/>\n<meta property=\"og:image\" content=\"https:\/\/i0.wp.com\/dorogimedence.hu\/wp-content\/uploads\/2022\/03\/utfelujitas.jpg?fit=1920%2C1145&ssl=1\" class=\"yoast-seo-meta-tag\" \/>\n\t<meta property=\"og:image:width\" content=\"1920\" class=\"yoast-seo-meta-tag\" \/>\n\t<meta property=\"og:image:height\" content=\"1145\" class=\"yoast-seo-meta-tag\" \/>\n\t<meta property=\"og:image:type\" content=\"image\/jpeg\" class=\"yoast-seo-meta-tag\" \/>\n<meta name=\"author\" content=\"dorogimedence.hu\" class=\"yoast-seo-meta-tag\" \/>\n<meta name=\"twitter:card\" content=\"summary_large_image\" class=\"yoast-seo-meta-tag\" \/>\n<meta name=\"twitter:label1\" content=\"Szerz\u0151:\" class=\"yoast-seo-meta-tag\" \/>\n\t<meta name=\"twitter:data1\" content=\"dorogimedence.hu\" class=\"yoast-seo-meta-tag\" \/>\n\t<meta name=\"twitter:label2\" content=\"Becs\u00fclt olvas\u00e1si id\u0151\" class=\"yoast-seo-meta-tag\" \/>\n\t<meta name=\"twitter:data2\" content=\"1 perc\" class=\"yoast-seo-meta-tag\" \/>\n<script type=\"application\/ld+json\" class=\"yoast-schema-graph\">{\"@context\":\"https:\\\/\\\/schema.org\",\"@graph\":[{\"@type\":\"Article\",\"@id\":\"https:\\\/\\\/dorogimedence.hu\\\/index.php\\\/2022\\\/03\\\/24\\\/tobb-mint-ketszazmilliobol-ujul-meg-a-111-es-ut-egy-szakasza\\\/#article\",\"isPartOf\":{\"@id\":\"https:\\\/\\\/dorogimedence.hu\\\/index.php\\\/2022\\\/03\\\/24\\\/tobb-mint-ketszazmilliobol-ujul-meg-a-111-es-ut-egy-szakasza\\\/\"},\"author\":{\"name\":\"dorogimedence.hu\",\"@id\":\"https:\\\/\\\/dorogimedence.hu\\\/#\\\/schema\\\/person\\\/ce6091eeb7e95ecdc87890d6aa8e0fd4\"},\"headline\":\"T\u00f6bb mint k\u00e9tsz\u00e1zmilli\u00f3b\u00f3l \u00fajul meg a 111-es \u00fat egy szakasza\",\"datePublished\":\"2022-03-24T15:15:55+00:00\",\"dateModified\":\"2022-03-24T15:16:04+00:00\",\"mainEntityOfPage\":{\"@id\":\"https:\\\/\\\/dorogimedence.hu\\\/index.php\\\/2022\\\/03\\\/24\\\/tobb-mint-ketszazmilliobol-ujul-meg-a-111-es-ut-egy-szakasza\\\/\"},\"wordCount\":184,\"publisher\":{\"@id\":\"https:\\\/\\\/dorogimedence.hu\\\/#organization\"},\"image\":{\"@id\":\"https:\\\/\\\/dorogimedence.hu\\\/index.php\\\/2022\\\/03\\\/24\\\/tobb-mint-ketszazmilliobol-ujul-meg-a-111-es-ut-egy-szakasza\\\/#primaryimage\"},\"thumbnailUrl\":\"https:\\\/\\\/dorogimedence.hu\\\/wp-content\\\/uploads\\\/2022\\\/03\\\/utfelujitas.jpg\",\"keywords\":[\"esztergom\",\"Esztergom-kertv\u00e1ros\",\"featured\",\"\u00fatfel\u00faj\u00edt\u00e1s\"],\"articleSection\":[\"Esztergom\",\"Esztergom-kertv\u00e1ros\",\"H\u00edrek\"],\"inLanguage\":\"hu\"},{\"@type\":\"WebPage\",\"@id\":\"https:\\\/\\\/dorogimedence.hu\\\/index.php\\\/2022\\\/03\\\/24\\\/tobb-mint-ketszazmilliobol-ujul-meg-a-111-es-ut-egy-szakasza\\\/\",\"url\":\"https:\\\/\\\/dorogimedence.hu\\\/index.php\\\/2022\\\/03\\\/24\\\/tobb-mint-ketszazmilliobol-ujul-meg-a-111-es-ut-egy-szakasza\\\/\",\"name\":\"T\u00f6bb mint k\u00e9tsz\u00e1zmilli\u00f3b\u00f3l \u00fajul meg a 111-es \u00fat egy szakasza\",\"isPartOf\":{\"@id\":\"https:\\\/\\\/dorogimedence.hu\\\/#website\"},\"primaryImageOfPage\":{\"@id\":\"https:\\\/\\\/dorogimedence.hu\\\/index.php\\\/2022\\\/03\\\/24\\\/tobb-mint-ketszazmilliobol-ujul-meg-a-111-es-ut-egy-szakasza\\\/#primaryimage\"},\"image\":{\"@id\":\"https:\\\/\\\/dorogimedence.hu\\\/index.php\\\/2022\\\/03\\\/24\\\/tobb-mint-ketszazmilliobol-ujul-meg-a-111-es-ut-egy-szakasza\\\/#primaryimage\"},\"thumbnailUrl\":\"https:\\\/\\\/dorogimedence.hu\\\/wp-content\\\/uploads\\\/2022\\\/03\\\/utfelujitas.jpg\",\"datePublished\":\"2022-03-24T15:15:55+00:00\",\"dateModified\":\"2022-03-24T15:16:04+00:00\",\"breadcrumb\":{\"@id\":\"https:\\\/\\\/dorogimedence.hu\\\/index.php\\\/2022\\\/03\\\/24\\\/tobb-mint-ketszazmilliobol-ujul-meg-a-111-es-ut-egy-szakasza\\\/#breadcrumb\"},\"inLanguage\":\"hu\",\"potentialAction\":[{\"@type\":\"ReadAction\",\"target\":[\"https:\\\/\\\/dorogimedence.hu\\\/index.php\\\/2022\\\/03\\\/24\\\/tobb-mint-ketszazmilliobol-ujul-meg-a-111-es-ut-egy-szakasza\\\/\"]}]},{\"@type\":\"ImageObject\",\"inLanguage\":\"hu\",\"@id\":\"https:\\\/\\\/dorogimedence.hu\\\/index.php\\\/2022\\\/03\\\/24\\\/tobb-mint-ketszazmilliobol-ujul-meg-a-111-es-ut-egy-szakasza\\\/#primaryimage\",\"url\":\"https:\\\/\\\/dorogimedence.hu\\\/wp-content\\\/uploads\\\/2022\\\/03\\\/utfelujitas.jpg\",\"contentUrl\":\"https:\\\/\\\/dorogimedence.hu\\\/wp-content\\\/uploads\\\/2022\\\/03\\\/utfelujitas.jpg\",\"width\":1920,\"height\":1145},{\"@type\":\"BreadcrumbList\",\"@id\":\"https:\\\/\\\/dorogimedence.hu\\\/index.php\\\/2022\\\/03\\\/24\\\/tobb-mint-ketszazmilliobol-ujul-meg-a-111-es-ut-egy-szakasza\\\/#breadcrumb\",\"itemListElement\":[{\"@type\":\"ListItem\",\"position\":1,\"name\":\"Kezd\u0151lap\",\"item\":\"https:\\\/\\\/dorogimedence.hu\\\/\"},{\"@type\":\"ListItem\",\"position\":2,\"name\":\"T\u00f6bb mint k\u00e9tsz\u00e1zmilli\u00f3b\u00f3l \u00fajul meg a 111-es \u00fat egy szakasza\"}]},{\"@type\":\"WebSite\",\"@id\":\"https:\\\/\\\/dorogimedence.hu\\\/#website\",\"url\":\"https:\\\/\\\/dorogimedence.hu\\\/\",\"name\":\"Dorogi-medence Region\u00e1lis H\u00edrport\u00e1l\",\"description\":\"Dorog, Keszt\u00f6lc, Le\u00e1nyv\u00e1r, Piliscs\u00e9v, Tokod, Tokodalt\u00e1r\u00f3, Csolnok, Esztergom-kertv\u00e1ros: h\u00edrek, programok\",\"publisher\":{\"@id\":\"https:\\\/\\\/dorogimedence.hu\\\/#organization\"},\"potentialAction\":[{\"@type\":\"SearchAction\",\"target\":{\"@type\":\"EntryPoint\",\"urlTemplate\":\"https:\\\/\\\/dorogimedence.hu\\\/?s={search_term_string}\"},\"query-input\":{\"@type\":\"PropertyValueSpecification\",\"valueRequired\":true,\"valueName\":\"search_term_string\"}}],\"inLanguage\":\"hu\"},{\"@type\":\"Organization\",\"@id\":\"https:\\\/\\\/dorogimedence.hu\\\/#organization\",\"name\":\"Dorogi-medence Region\u00e1lis H\u00edrport\u00e1l\",\"url\":\"https:\\\/\\\/dorogimedence.hu\\\/\",\"logo\":{\"@type\":\"ImageObject\",\"inLanguage\":\"hu\",\"@id\":\"https:\\\/\\\/dorogimedence.hu\\\/#\\\/schema\\\/logo\\\/image\\\/\",\"url\":\"https:\\\/\\\/dorogimedence.hu\\\/wp-content\\\/uploads\\\/2021\\\/04\\\/logo-feher-600.png\",\"contentUrl\":\"https:\\\/\\\/dorogimedence.hu\\\/wp-content\\\/uploads\\\/2021\\\/04\\\/logo-feher-600.png\",\"width\":600,\"height\":100,\"caption\":\"Dorogi-medence Region\u00e1lis H\u00edrport\u00e1l\"},\"image\":{\"@id\":\"https:\\\/\\\/dorogimedence.hu\\\/#\\\/schema\\\/logo\\\/image\\\/\"},\"sameAs\":[\"https:\\\/\\\/www.facebook.com\\\/dorogimedence\\\/\"]},{\"@type\":\"Person\",\"@id\":\"https:\\\/\\\/dorogimedence.hu\\\/#\\\/schema\\\/person\\\/ce6091eeb7e95ecdc87890d6aa8e0fd4\",\"name\":\"dorogimedence.hu\",\"image\":{\"@type\":\"ImageObject\",\"inLanguage\":\"hu\",\"@id\":\"\\\/\\\/www.gravatar.com\\\/avatar\\\/d8d45f8901aadff40a4af72c0b826f1d?s=96&#038;r=g&#038;d=mm\",\"url\":\"\\\/\\\/www.gravatar.com\\\/avatar\\\/d8d45f8901aadff40a4af72c0b826f1d?s=96&#038;r=g&#038;d=mm\",\"contentUrl\":\"\\\/\\\/www.gravatar.com\\\/avatar\\\/d8d45f8901aadff40a4af72c0b826f1d?s=96&#038;r=g&#038;d=mm\",\"caption\":\"dorogimedence.hu\"}}]}<\/script>\n<!-- \/ Yoast SEO plugin. -->","yoast_head_json":{"title":"T\u00f6bb mint k\u00e9tsz\u00e1zmilli\u00f3b\u00f3l \u00fajul meg a 111-es \u00fat egy szakasza","robots":{"index":"index","follow":"follow","max-snippet":"max-snippet:-1","max-image-preview":"max-image-preview:large","max-video-preview":"max-video-preview:-1"},"canonical":"https:\/\/dorogimedence.hu\/index.php\/2022\/03\/24\/tobb-mint-ketszazmilliobol-ujul-meg-a-111-es-ut-egy-szakasza\/","og_locale":"hu_HU","og_type":"article","og_title":"T\u00f6bb mint k\u00e9tsz\u00e1zmilli\u00f3b\u00f3l \u00fajul meg a 111-es \u00fat egy szakasza","og_description":"M\u00e1rcius 23-\u00e1n, szerd\u00e1n reggel a r\u00e9gi aszfaltr\u00e9teg felmar\u00e1s\u00e1val kezd\u0151d\u00f6tt meg az \u00fatfel\u00faj\u00edt\u00e1s a 111-es sz\u00e1m\u00fa f\u0151\u00faton Esztergom-Kertv\u00e1rosban. P\u00e9csi Norbert S\u00e1ndor, a Magyar K\u00f6z\u00fat Nonprofit Zrt. kommunik\u00e1ci\u00f3s oszt\u00e1lyvezet\u0151je elmondta, hogy a 111-es sz\u00e1m\u00fa f\u0151\u00fat 4+620 \u00e9s 5+790 kilom\u00e9terszelv\u00e9nyei k\u00f6z\u00f6tt (1,17 km hosszan) burkolater\u0151s\u00edt\u00e9si munk\u00e1k folynak, melyek az aszfaltburkolat fel\u00faj\u00edt\u00e1s\u00e1n k\u00edv\u00fcl a padk\u00e1k, a v\u00edzelvezet\u0151 rendszer, az","og_url":"https:\/\/dorogimedence.hu\/index.php\/2022\/03\/24\/tobb-mint-ketszazmilliobol-ujul-meg-a-111-es-ut-egy-szakasza\/","og_site_name":"Dorogi-medence Region\u00e1lis H\u00edrport\u00e1l","article_publisher":"https:\/\/www.facebook.com\/dorogimedence\/","article_published_time":"2022-03-24T15:15:55+00:00","article_modified_time":"2022-03-24T15:16:04+00:00","og_image":[{"width":1920,"height":1145,"url":"https:\/\/i0.wp.com\/dorogimedence.hu\/wp-content\/uploads\/2022\/03\/utfelujitas.jpg?fit=1920%2C1145&ssl=1","type":"image\/jpeg"}],"author":"dorogimedence.hu","twitter_card":"summary_large_image","twitter_misc":{"Szerz\u0151:":"dorogimedence.hu","Becs\u00fclt olvas\u00e1si id\u0151":"1 perc"},"schema":{"@context":"https:\/\/schema.org","@graph":[{"@type":"Article","@id":"https:\/\/dorogimedence.hu\/index.php\/2022\/03\/24\/tobb-mint-ketszazmilliobol-ujul-meg-a-111-es-ut-egy-szakasza\/#article","isPartOf":{"@id":"https:\/\/dorogimedence.hu\/index.php\/2022\/03\/24\/tobb-mint-ketszazmilliobol-ujul-meg-a-111-es-ut-egy-szakasza\/"},"author":{"name":"dorogimedence.hu","@id":"https:\/\/dorogimedence.hu\/#\/schema\/person\/ce6091eeb7e95ecdc87890d6aa8e0fd4"},"headline":"T\u00f6bb mint k\u00e9tsz\u00e1zmilli\u00f3b\u00f3l \u00fajul meg a 111-es \u00fat egy szakasza","datePublished":"2022-03-24T15:15:55+00:00","dateModified":"2022-03-24T15:16:04+00:00","mainEntityOfPage":{"@id":"https:\/\/dorogimedence.hu\/index.php\/2022\/03\/24\/tobb-mint-ketszazmilliobol-ujul-meg-a-111-es-ut-egy-szakasza\/"},"wordCount":184,"publisher":{"@id":"https:\/\/dorogimedence.hu\/#organization"},"image":{"@id":"https:\/\/dorogimedence.hu\/index.php\/2022\/03\/24\/tobb-mint-ketszazmilliobol-ujul-meg-a-111-es-ut-egy-szakasza\/#primaryimage"},"thumbnailUrl":"https:\/\/dorogimedence.hu\/wp-content\/uploads\/2022\/03\/utfelujitas.jpg","keywords":["esztergom","Esztergom-kertv\u00e1ros","featured","\u00fatfel\u00faj\u00edt\u00e1s"],"articleSection":["Esztergom","Esztergom-kertv\u00e1ros","H\u00edrek"],"inLanguage":"hu"},{"@type":"WebPage","@id":"https:\/\/dorogimedence.hu\/index.php\/2022\/03\/24\/tobb-mint-ketszazmilliobol-ujul-meg-a-111-es-ut-egy-szakasza\/","url":"https:\/\/dorogimedence.hu\/index.php\/2022\/03\/24\/tobb-mint-ketszazmilliobol-ujul-meg-a-111-es-ut-egy-szakasza\/","name":"T\u00f6bb mint k\u00e9tsz\u00e1zmilli\u00f3b\u00f3l \u00fajul meg a 111-es \u00fat egy szakasza","isPartOf":{"@id":"https:\/\/dorogimedence.hu\/#website"},"primaryImageOfPage":{"@id":"https:\/\/dorogimedence.hu\/index.php\/2022\/03\/24\/tobb-mint-ketszazmilliobol-ujul-meg-a-111-es-ut-egy-szakasza\/#primaryimage"},"image":{"@id":"https:\/\/dorogimedence.hu\/index.php\/2022\/03\/24\/tobb-mint-ketszazmilliobol-ujul-meg-a-111-es-ut-egy-szakasza\/#primaryimage"},"thumbnailUrl":"https:\/\/dorogimedence.hu\/wp-content\/uploads\/2022\/03\/utfelujitas.jpg","datePublished":"2022-03-24T15:15:55+00:00","dateModified":"2022-03-24T15:16:04+00:00","breadcrumb":{"@id":"https:\/\/dorogimedence.hu\/index.php\/2022\/03\/24\/tobb-mint-ketszazmilliobol-ujul-meg-a-111-es-ut-egy-szakasza\/#breadcrumb"},"inLanguage":"hu","potentialAction":[{"@type":"ReadAction","target":["https:\/\/dorogimedence.hu\/index.php\/2022\/03\/24\/tobb-mint-ketszazmilliobol-ujul-meg-a-111-es-ut-egy-szakasza\/"]}]},{"@type":"ImageObject","inLanguage":"hu","@id":"https:\/\/dorogimedence.hu\/index.php\/2022\/03\/24\/tobb-mint-ketszazmilliobol-ujul-meg-a-111-es-ut-egy-szakasza\/#primaryimage","url":"https:\/\/dorogimedence.hu\/wp-content\/uploads\/2022\/03\/utfelujitas.jpg","contentUrl":"https:\/\/dorogimedence.hu\/wp-content\/uploads\/2022\/03\/utfelujitas.jpg","width":1920,"height":1145},{"@type":"BreadcrumbList","@id":"https:\/\/dorogimedence.hu\/index.php\/2022\/03\/24\/tobb-mint-ketszazmilliobol-ujul-meg-a-111-es-ut-egy-szakasza\/#breadcrumb","itemListElement":[{"@type":"ListItem","position":1,"name":"Kezd\u0151lap","item":"https:\/\/dorogimedence.hu\/"},{"@type":"ListItem","position":2,"name":"T\u00f6bb mint k\u00e9tsz\u00e1zmilli\u00f3b\u00f3l \u00fajul meg a 111-es \u00fat egy szakasza"}]},{"@type":"WebSite","@id":"https:\/\/dorogimedence.hu\/#website","url":"https:\/\/dorogimedence.hu\/","name":"Dorogi-medence Region\u00e1lis H\u00edrport\u00e1l","description":"Dorog, Keszt\u00f6lc, Le\u00e1nyv\u00e1r, Piliscs\u00e9v, Tokod, Tokodalt\u00e1r\u00f3, Csolnok, Esztergom-kertv\u00e1ros: h\u00edrek, programok","publisher":{"@id":"https:\/\/dorogimedence.hu\/#organization"},"potentialAction":[{"@type":"SearchAction","target":{"@type":"EntryPoint","urlTemplate":"https:\/\/dorogimedence.hu\/?s={search_term_string}"},"query-input":{"@type":"PropertyValueSpecification","valueRequired":true,"valueName":"search_term_string"}}],"inLanguage":"hu"},{"@type":"Organization","@id":"https:\/\/dorogimedence.hu\/#organization","name":"Dorogi-medence Region\u00e1lis H\u00edrport\u00e1l","url":"https:\/\/dorogimedence.hu\/","logo":{"@type":"ImageObject","inLanguage":"hu","@id":"https:\/\/dorogimedence.hu\/#\/schema\/logo\/image\/","url":"https:\/\/dorogimedence.hu\/wp-content\/uploads\/2021\/04\/logo-feher-600.png","contentUrl":"https:\/\/dorogimedence.hu\/wp-content\/uploads\/2021\/04\/logo-feher-600.png","width":600,"height":100,"caption":"Dorogi-medence Region\u00e1lis H\u00edrport\u00e1l"},"image":{"@id":"https:\/\/dorogimedence.hu\/#\/schema\/logo\/image\/"},"sameAs":["https:\/\/www.facebook.com\/dorogimedence\/"]},{"@type":"Person","@id":"https:\/\/dorogimedence.hu\/#\/schema\/person\/ce6091eeb7e95ecdc87890d6aa8e0fd4","name":"dorogimedence.hu","image":{"@type":"ImageObject","inLanguage":"hu","@id":"\/\/www.gravatar.com\/avatar\/d8d45f8901aadff40a4af72c0b826f1d?s=96&#038;r=g&#038;d=mm","url":"\/\/www.gravatar.com\/avatar\/d8d45f8901aadff40a4af72c0b826f1d?s=96&#038;r=g&#038;d=mm","contentUrl":"\/\/www.gravatar.com\/avatar\/d8d45f8901aadff40a4af72c0b826f1d?s=96&#038;r=g&#038;d=mm","caption":"dorogimedence.hu"}}]}},"_links":{"self":[{"href":"https:\/\/dorogimedence.hu\/index.php\/wp-json\/wp\/v2\/posts\/41389","targetHints":{"allow":["GET"]}}],"collection":[{"href":"https:\/\/dorogimedence.hu\/index.php\/wp-json\/wp\/v2\/posts"}],"about":[{"href":"https:\/\/dorogimedence.hu\/index.php\/wp-json\/wp\/v2\/types\/post"}],"author":[{"embeddable":true,"href":"https:\/\/dorogimedence.hu\/index.php\/wp-json\/wp\/v2\/users\/1"}],"replies":[{"embeddable":true,"href":"https:\/\/dorogimedence.hu\/index.php\/wp-json\/wp\/v2\/comments?post=41389"}],"version-history":[{"count":0,"href":"https:\/\/dorogimedence.hu\/index.php\/wp-json\/wp\/v2\/posts\/41389\/revisions"}],"wp:featuredmedia":[{"embeddable":true,"href":"https:\/\/dorogimedence.hu\/index.php\/wp-json\/wp\/v2\/media\/41390"}],"wp:attachment":[{"href":"https:\/\/dorogimedence.hu\/index.php\/wp-json\/wp\/v2\/media?parent=41389"}],"wp:term":[{"taxonomy":"category","embeddable":true,"href":"https:\/\/dorogimedence.hu\/index.php\/wp-json\/wp\/v2\/categories?post=41389"},{"taxonomy":"post_tag","embeddable":true,"href":"https:\/\/dorogimedence.hu\/index.php\/wp-json\/wp\/v2\/tags?post=41389"}],"curies":[{"name":"wp","href":"https:\/\/api.w.org\/{rel}","templated":true}]}}