{"id":41310,"date":"2022-03-21T10:44:09","date_gmt":"2022-03-21T09:44:09","guid":{"rendered":"https:\/\/dorogimedence.hu\/?p=41310"},"modified":"2022-03-21T11:01:28","modified_gmt":"2022-03-21T10:01:28","slug":"megyei-horgasznapot-tartottak-esztergomban","status":"publish","type":"post","link":"https:\/\/dorogimedence.hu\/index.php\/2022\/03\/21\/megyei-horgasznapot-tartottak-esztergomban\/","title":{"rendered":"Megyei horg\u00e1sznapot tartottak Esztergomban"},"content":{"rendered":"<p><strong>Az eddigi eredm\u00e9nyeket \u00f6sszegz\u0151 \u00e9s a j\u00f6v\u0151beli terveket bemutat\u00f3 tal\u00e1lkoz\u00f3t tartott a Kom\u00e1rom-Esztergom Megyei Horg\u00e1szegyes\u00fcletek Sz\u00f6vets\u00e9ge m\u00e1rcius 20-\u00e1n, vas\u00e1rnap Esztergomban a Kerektavi Term\u00e9szeth\u00e1zban, ahol az el\u0151ad\u00e1sok alatt negyven gyermeknek rendeztek horg\u00e1szversenyt majd k\u00e9t, megy\u00e9nk h\u00edrnev\u00e9t \u00f6regb\u00edt\u0151, neves horg\u00e1sznak adtak \u00e1t elismer\u00e9st.<\/strong><\/p>\n<p>A rendezv\u00e9nyt megtisztelte Nyitrai Zsolt kiemelt t\u00e1rsadalmi \u00fcgyek\u00e9rt felel\u0151s minisztereln\u00f6ki megb\u00edzott, aki elmondta, hogy a horg\u00e1szok\u00e9 a legnagyobb orsz\u00e1gos civil szervez\u0151d\u00e9s, mellyel a korm\u00e1ny strat\u00e9giai meg\u00e1llapod\u00e1st k\u00f6t\u00f6tt. Kiemelte, hogy a horg\u00e1szok k\u00f6z\u00f6tt v\u00e9gzett sz\u00e9lesk\u00f6r\u0171 felm\u00e9r\u00e9s nyom\u00e1n az egyes\u00fcletek kezel\u00e9s\u00e9re b\u00edzt\u00e1k a term\u00e9szetes vizeket \u00e9s a horg\u00e1szjegyekb\u0151l sz\u00e1rmaz\u00f3 bev\u00e9teleket is visszajuttatj\u00e1k az egyes\u00fcleteknek.<\/p>\n<p>Haz\u00e1nkban 2018-t\u00f3l 2021-ig a kezdeti 440 ezer f\u0151r\u0151l k\u00f6zel a dupl\u00e1j\u00e1ra emelkedett a regisztr\u00e1lt horg\u00e1szok sz\u00e1ma \u00e9s a vil\u00e1gversenyekbe \u00fajra bekapcsol\u00f3dva l\u00e1tv\u00e1nyos eredm\u00e9nyekkel b\u00fcszk\u00e9lkedhet\u00fcnk. A Vil\u00e1g- \u00e9s Eur\u00f3pa bajnoks\u00e1gokon 2018 \u00e9s 2021 k\u00f6z\u00f6tt 14 arany, 16 ez\u00fcst \u00e9s 11 bronz\u00e9rmet hoztunk el, az \u00fasz\u00f3s szak\u00e1gban Magyarorsz\u00e1g vezeti a vil\u00e1granglist\u00e1t &#8211; tette hozz\u00e1 Nyitrai Zsolt.<\/p>\n<p><img fetchpriority=\"high\" decoding=\"async\" class=\"alignnone size-large wp-image-41312\" src=\"https:\/\/dorogimedence.hu\/wp-content\/uploads\/2022\/03\/halnap-02-1024x709.jpg\" alt=\"\" width=\"755\" height=\"523\" srcset=\"https:\/\/dorogimedence.hu\/wp-content\/uploads\/2022\/03\/halnap-02-1024x709.jpg 1024w, https:\/\/dorogimedence.hu\/wp-content\/uploads\/2022\/03\/halnap-02-300x208.jpg 300w, https:\/\/dorogimedence.hu\/wp-content\/uploads\/2022\/03\/halnap-02-768x532.jpg 768w, https:\/\/dorogimedence.hu\/wp-content\/uploads\/2022\/03\/halnap-02-1536x1063.jpg 1536w, https:\/\/dorogimedence.hu\/wp-content\/uploads\/2022\/03\/halnap-02-150x104.jpg 150w, https:\/\/dorogimedence.hu\/wp-content\/uploads\/2022\/03\/halnap-02-450x311.jpg 450w, https:\/\/dorogimedence.hu\/wp-content\/uploads\/2022\/03\/halnap-02-1200x831.jpg 1200w, https:\/\/dorogimedence.hu\/wp-content\/uploads\/2022\/03\/halnap-02.jpg 1920w\" sizes=\"(max-width: 755px) 100vw, 755px\" \/><\/p>\n<p>A megjelenteket k\u00f6sz\u00f6ntve Er\u0151s G\u00e1bor, Esztergom alpolg\u00e1rmestere elmondta, a horg\u00e1szat a gyerekeket megtan\u00edtja a t\u00fcrelemre, az \u00f6sszpontos\u00edt\u00e1sra \u00e9s k\u00f6zben a term\u00e9szet szeretet\u00e9re \u00e9s v\u00e9delm\u00e9re. Az alpolg\u00e1rmester kiemelte a KEMHESZ \u00fcgyvezet\u0151 eln\u00f6ke Osvald Zsolt munk\u00e1ss\u00e1g\u00e1t az ut\u00e1np\u00f3tl\u00e1s nevel\u00e9s ter\u00e9n.<\/p>\n<p>Popovics Gy\u00f6rgy, a megyei k\u00f6zgy\u0171l\u00e9s eln\u00f6ke elmondta, az eddigi eredm\u00e9nyek \u00f6sszegz\u00e9se mellett m\u00e1r a j\u00f6v\u0151re is k\u00e9sz\u00fclnek. A megyei \u00f6nkorm\u00e1nyzat \u00e9s a KEMHESZ k\u00f6z\u00f6sen keresi a lehet\u0151s\u00e9get, hogy p\u00e1ly\u00e1zati forr\u00e1sokb\u00f3l egy \u00faj sz\u00e9kh\u00e1zat hozhasson l\u00e9tre a sz\u00f6vets\u00e9g, az esztergomi term\u00e9szeth\u00e1z mint\u00e1j\u00e1ra.<\/p>\n<p><img decoding=\"async\" class=\"alignnone size-large wp-image-41313\" src=\"https:\/\/dorogimedence.hu\/wp-content\/uploads\/2022\/03\/halnap-03-1024x709.jpg\" alt=\"\" width=\"755\" height=\"523\" srcset=\"https:\/\/dorogimedence.hu\/wp-content\/uploads\/2022\/03\/halnap-03-1024x709.jpg 1024w, https:\/\/dorogimedence.hu\/wp-content\/uploads\/2022\/03\/halnap-03-300x208.jpg 300w, https:\/\/dorogimedence.hu\/wp-content\/uploads\/2022\/03\/halnap-03-768x532.jpg 768w, https:\/\/dorogimedence.hu\/wp-content\/uploads\/2022\/03\/halnap-03-1536x1063.jpg 1536w, https:\/\/dorogimedence.hu\/wp-content\/uploads\/2022\/03\/halnap-03-150x104.jpg 150w, https:\/\/dorogimedence.hu\/wp-content\/uploads\/2022\/03\/halnap-03-450x311.jpg 450w, https:\/\/dorogimedence.hu\/wp-content\/uploads\/2022\/03\/halnap-03-1200x831.jpg 1200w, https:\/\/dorogimedence.hu\/wp-content\/uploads\/2022\/03\/halnap-03.jpg 1920w\" sizes=\"(max-width: 755px) 100vw, 755px\" \/><\/p>\n<p>Zoltai D\u00e1niel, a KEMHESZ eln\u00f6ke a rendezv\u00e9ny h\u00e1zigazd\u00e1jak\u00e9nt elmondta, hogy a sz\u00f6vets\u00e9g A Megye Horg\u00e1szsportj\u00e1\u00e9rt D\u00edj-jal ismerte el Sztahovits P\u00e9ter munk\u00e1ss\u00e1g\u00e1t, aki n\u00e9pszer\u0171 ismertterjeszt\u0151 k\u00f6z\u00edr\u00f3k\u00e9nt sz\u00e9les k\u00f6z\u00f6ns\u00e9ggel ismertette meg a horg\u00e1szat rejtelmeit, valamint Cs\u0151regi Bal\u00e1zst, a Vasas Horg\u00e1szegyes\u00fclet tagjak\u00e9nt az eml\u00edtett 14 Vil\u00e1g- \u00e9s Eur\u00f3pa bajnoki magyar arany\u00e9remb\u0151l 9 elnyer\u00e9s\u00e9ben tev\u00e9kenyen r\u00e9szt vett.<\/p>\n<p>A rendezv\u00e9ny z\u00e1r\u00e1sak\u00e9nt d\u00edjakat adtak \u00e1t a horg\u00e1szversenyen indult 40 gyermeknek, akik k\u00f6z\u00fcl als\u00f3s kateg\u00f3ri\u00e1ban Heincz Bal\u00e1zs, a fels\u0151s\u00f6k k\u00f6z\u00fcl pedig Troll M\u00e1t\u00e9 v\u00e9gzett az \u00e9len, majd haltelep\u00edt\u00e9st l\u00e1thattak a r\u00e9szvev\u0151k, k\u00e9t- \u00e9s h\u00e1romnyaras pontok ker\u00fcltek a Kerek-t\u00f3ba.<\/p>\n<p><img decoding=\"async\" class=\"alignnone size-large wp-image-41314\" src=\"https:\/\/dorogimedence.hu\/wp-content\/uploads\/2022\/03\/halnap-04-1024x709.jpg\" alt=\"\" width=\"755\" height=\"523\" srcset=\"https:\/\/dorogimedence.hu\/wp-content\/uploads\/2022\/03\/halnap-04-1024x709.jpg 1024w, https:\/\/dorogimedence.hu\/wp-content\/uploads\/2022\/03\/halnap-04-300x208.jpg 300w, https:\/\/dorogimedence.hu\/wp-content\/uploads\/2022\/03\/halnap-04-768x532.jpg 768w, https:\/\/dorogimedence.hu\/wp-content\/uploads\/2022\/03\/halnap-04-1536x1063.jpg 1536w, https:\/\/dorogimedence.hu\/wp-content\/uploads\/2022\/03\/halnap-04-150x104.jpg 150w, https:\/\/dorogimedence.hu\/wp-content\/uploads\/2022\/03\/halnap-04-450x311.jpg 450w, https:\/\/dorogimedence.hu\/wp-content\/uploads\/2022\/03\/halnap-04-1200x831.jpg 1200w, https:\/\/dorogimedence.hu\/wp-content\/uploads\/2022\/03\/halnap-04.jpg 1920w\" sizes=\"(max-width: 755px) 100vw, 755px\" \/><\/p>\n","protected":false},"excerpt":{"rendered":"<p>Az eddigi eredm\u00e9nyeket \u00f6sszegz\u0151 \u00e9s a j\u00f6v\u0151beli terveket bemutat\u00f3 tal\u00e1lkoz\u00f3t tartott a Kom\u00e1rom-Esztergom Megyei Horg\u00e1szegyes\u00fcletek Sz\u00f6vets\u00e9ge m\u00e1rcius 20-\u00e1n, vas\u00e1rnap Esztergomban a Kerektavi Term\u00e9szeth\u00e1zban, ahol az el\u0151ad\u00e1sok alatt negyven gyermeknek rendeztek horg\u00e1szversenyt majd k\u00e9t, megy\u00e9nk h\u00edrnev\u00e9t \u00f6regb\u00edt\u0151, neves horg\u00e1sznak adtak \u00e1t elismer\u00e9st. A rendezv\u00e9nyt megtisztelte Nyitrai Zsolt kiemelt t\u00e1rsadalmi \u00fcgyek\u00e9rt felel\u0151s minisztereln\u00f6ki megb\u00edzott, aki elmondta, hogy<\/p>\n","protected":false},"author":1,"featured_media":41311,"comment_status":"closed","ping_status":"closed","sticky":false,"template":"","format":"standard","meta":{"ngg_post_thumbnail":0,"footnotes":""},"categories":[38,3],"tags":[563,42,5624,4825,598,6344,4398,3799,5347,16],"class_list":{"0":"post-41310","1":"post","2":"type-post","3":"status-publish","4":"format-standard","5":"has-post-thumbnail","7":"category-esztergom","8":"category-hirek","9":"tag-budapest-esztergom","10":"tag-esztergom","11":"tag-featured","12":"tag-horgasz","13":"tag-horgaszat","14":"tag-horgasznap","15":"tag-kemhesz","16":"tag-komarom-esztergom-megye","17":"tag-komarom-esztergom-megyei-horgaszegyesuletek-szovetsege","18":"tag-sport"},"yoast_head":"<!-- This site is optimized with the Yoast SEO plugin v27.5 - https:\/\/yoast.com\/product\/yoast-seo-wordpress\/ -->\n<title>Megyei horg\u00e1sznapot tartottak Esztergomban<\/title>\n<meta name=\"robots\" content=\"index, follow, max-snippet:-1, max-image-preview:large, max-video-preview:-1\" \/>\n<link rel=\"canonical\" href=\"https:\/\/dorogimedence.hu\/index.php\/2022\/03\/21\/megyei-horgasznapot-tartottak-esztergomban\/\" class=\"yoast-seo-meta-tag\" \/>\n<meta property=\"og:locale\" content=\"hu_HU\" class=\"yoast-seo-meta-tag\" \/>\n<meta property=\"og:type\" content=\"article\" class=\"yoast-seo-meta-tag\" \/>\n<meta property=\"og:title\" content=\"Megyei horg\u00e1sznapot tartottak Esztergomban\" class=\"yoast-seo-meta-tag\" \/>\n<meta property=\"og:description\" content=\"Az eddigi eredm\u00e9nyeket \u00f6sszegz\u0151 \u00e9s a j\u00f6v\u0151beli terveket bemutat\u00f3 tal\u00e1lkoz\u00f3t tartott a Kom\u00e1rom-Esztergom Megyei Horg\u00e1szegyes\u00fcletek Sz\u00f6vets\u00e9ge m\u00e1rcius 20-\u00e1n, vas\u00e1rnap Esztergomban a Kerektavi Term\u00e9szeth\u00e1zban, ahol az el\u0151ad\u00e1sok alatt negyven gyermeknek rendeztek horg\u00e1szversenyt majd k\u00e9t, megy\u00e9nk h\u00edrnev\u00e9t \u00f6regb\u00edt\u0151, neves horg\u00e1sznak adtak \u00e1t elismer\u00e9st. A rendezv\u00e9nyt megtisztelte Nyitrai Zsolt kiemelt t\u00e1rsadalmi \u00fcgyek\u00e9rt felel\u0151s minisztereln\u00f6ki megb\u00edzott, aki elmondta, hogy\" class=\"yoast-seo-meta-tag\" \/>\n<meta property=\"og:url\" content=\"https:\/\/dorogimedence.hu\/index.php\/2022\/03\/21\/megyei-horgasznapot-tartottak-esztergomban\/\" class=\"yoast-seo-meta-tag\" \/>\n<meta property=\"og:site_name\" content=\"Dorogi-medence Region\u00e1lis H\u00edrport\u00e1l\" class=\"yoast-seo-meta-tag\" \/>\n<meta property=\"article:publisher\" content=\"https:\/\/www.facebook.com\/dorogimedence\/\" class=\"yoast-seo-meta-tag\" \/>\n<meta property=\"article:published_time\" content=\"2022-03-21T09:44:09+00:00\" class=\"yoast-seo-meta-tag\" \/>\n<meta property=\"article:modified_time\" content=\"2022-03-21T10:01:28+00:00\" class=\"yoast-seo-meta-tag\" \/>\n<meta property=\"og:image\" content=\"https:\/\/i0.wp.com\/dorogimedence.hu\/wp-content\/uploads\/2022\/03\/halnap-01.jpg?fit=1920%2C1161&ssl=1\" class=\"yoast-seo-meta-tag\" \/>\n\t<meta property=\"og:image:width\" content=\"1920\" class=\"yoast-seo-meta-tag\" \/>\n\t<meta property=\"og:image:height\" content=\"1161\" class=\"yoast-seo-meta-tag\" \/>\n\t<meta property=\"og:image:type\" content=\"image\/jpeg\" class=\"yoast-seo-meta-tag\" \/>\n<meta name=\"author\" content=\"dorogimedence.hu\" class=\"yoast-seo-meta-tag\" \/>\n<meta name=\"twitter:card\" content=\"summary_large_image\" class=\"yoast-seo-meta-tag\" \/>\n<meta name=\"twitter:label1\" content=\"Szerz\u0151:\" class=\"yoast-seo-meta-tag\" \/>\n\t<meta name=\"twitter:data1\" content=\"dorogimedence.hu\" class=\"yoast-seo-meta-tag\" \/>\n\t<meta name=\"twitter:label2\" content=\"Becs\u00fclt olvas\u00e1si id\u0151\" class=\"yoast-seo-meta-tag\" \/>\n\t<meta name=\"twitter:data2\" content=\"3 perc\" class=\"yoast-seo-meta-tag\" \/>\n<script type=\"application\/ld+json\" class=\"yoast-schema-graph\">{\"@context\":\"https:\\\/\\\/schema.org\",\"@graph\":[{\"@type\":\"Article\",\"@id\":\"https:\\\/\\\/dorogimedence.hu\\\/index.php\\\/2022\\\/03\\\/21\\\/megyei-horgasznapot-tartottak-esztergomban\\\/#article\",\"isPartOf\":{\"@id\":\"https:\\\/\\\/dorogimedence.hu\\\/index.php\\\/2022\\\/03\\\/21\\\/megyei-horgasznapot-tartottak-esztergomban\\\/\"},\"author\":{\"name\":\"dorogimedence.hu\",\"@id\":\"https:\\\/\\\/dorogimedence.hu\\\/#\\\/schema\\\/person\\\/ce6091eeb7e95ecdc87890d6aa8e0fd4\"},\"headline\":\"Megyei horg\u00e1sznapot tartottak Esztergomban\",\"datePublished\":\"2022-03-21T09:44:09+00:00\",\"dateModified\":\"2022-03-21T10:01:28+00:00\",\"mainEntityOfPage\":{\"@id\":\"https:\\\/\\\/dorogimedence.hu\\\/index.php\\\/2022\\\/03\\\/21\\\/megyei-horgasznapot-tartottak-esztergomban\\\/\"},\"wordCount\":526,\"publisher\":{\"@id\":\"https:\\\/\\\/dorogimedence.hu\\\/#organization\"},\"image\":{\"@id\":\"https:\\\/\\\/dorogimedence.hu\\\/index.php\\\/2022\\\/03\\\/21\\\/megyei-horgasznapot-tartottak-esztergomban\\\/#primaryimage\"},\"thumbnailUrl\":\"https:\\\/\\\/dorogimedence.hu\\\/wp-content\\\/uploads\\\/2022\\\/03\\\/halnap-01.jpg\",\"keywords\":[\"Budapest-Esztergom\",\"esztergom\",\"featured\",\"horg\u00e1sz\",\"horg\u00e1szat\",\"horg\u00e1sznap\",\"KEMHESZ\",\"Kom\u00e1rom-Esztergom megye\",\"Kom\u00e1rom-Esztergom Megyei Horg\u00e1szegyes\u00fcletek Sz\u00f6vets\u00e9ge\",\"sport\"],\"articleSection\":[\"Esztergom\",\"H\u00edrek\"],\"inLanguage\":\"hu\"},{\"@type\":\"WebPage\",\"@id\":\"https:\\\/\\\/dorogimedence.hu\\\/index.php\\\/2022\\\/03\\\/21\\\/megyei-horgasznapot-tartottak-esztergomban\\\/\",\"url\":\"https:\\\/\\\/dorogimedence.hu\\\/index.php\\\/2022\\\/03\\\/21\\\/megyei-horgasznapot-tartottak-esztergomban\\\/\",\"name\":\"Megyei horg\u00e1sznapot tartottak Esztergomban\",\"isPartOf\":{\"@id\":\"https:\\\/\\\/dorogimedence.hu\\\/#website\"},\"primaryImageOfPage\":{\"@id\":\"https:\\\/\\\/dorogimedence.hu\\\/index.php\\\/2022\\\/03\\\/21\\\/megyei-horgasznapot-tartottak-esztergomban\\\/#primaryimage\"},\"image\":{\"@id\":\"https:\\\/\\\/dorogimedence.hu\\\/index.php\\\/2022\\\/03\\\/21\\\/megyei-horgasznapot-tartottak-esztergomban\\\/#primaryimage\"},\"thumbnailUrl\":\"https:\\\/\\\/dorogimedence.hu\\\/wp-content\\\/uploads\\\/2022\\\/03\\\/halnap-01.jpg\",\"datePublished\":\"2022-03-21T09:44:09+00:00\",\"dateModified\":\"2022-03-21T10:01:28+00:00\",\"breadcrumb\":{\"@id\":\"https:\\\/\\\/dorogimedence.hu\\\/index.php\\\/2022\\\/03\\\/21\\\/megyei-horgasznapot-tartottak-esztergomban\\\/#breadcrumb\"},\"inLanguage\":\"hu\",\"potentialAction\":[{\"@type\":\"ReadAction\",\"target\":[\"https:\\\/\\\/dorogimedence.hu\\\/index.php\\\/2022\\\/03\\\/21\\\/megyei-horgasznapot-tartottak-esztergomban\\\/\"]}]},{\"@type\":\"ImageObject\",\"inLanguage\":\"hu\",\"@id\":\"https:\\\/\\\/dorogimedence.hu\\\/index.php\\\/2022\\\/03\\\/21\\\/megyei-horgasznapot-tartottak-esztergomban\\\/#primaryimage\",\"url\":\"https:\\\/\\\/dorogimedence.hu\\\/wp-content\\\/uploads\\\/2022\\\/03\\\/halnap-01.jpg\",\"contentUrl\":\"https:\\\/\\\/dorogimedence.hu\\\/wp-content\\\/uploads\\\/2022\\\/03\\\/halnap-01.jpg\",\"width\":1920,\"height\":1161},{\"@type\":\"BreadcrumbList\",\"@id\":\"https:\\\/\\\/dorogimedence.hu\\\/index.php\\\/2022\\\/03\\\/21\\\/megyei-horgasznapot-tartottak-esztergomban\\\/#breadcrumb\",\"itemListElement\":[{\"@type\":\"ListItem\",\"position\":1,\"name\":\"Kezd\u0151lap\",\"item\":\"https:\\\/\\\/dorogimedence.hu\\\/\"},{\"@type\":\"ListItem\",\"position\":2,\"name\":\"Megyei horg\u00e1sznapot tartottak Esztergomban\"}]},{\"@type\":\"WebSite\",\"@id\":\"https:\\\/\\\/dorogimedence.hu\\\/#website\",\"url\":\"https:\\\/\\\/dorogimedence.hu\\\/\",\"name\":\"Dorogi-medence Region\u00e1lis H\u00edrport\u00e1l\",\"description\":\"Dorog, Keszt\u00f6lc, Le\u00e1nyv\u00e1r, Piliscs\u00e9v, Tokod, Tokodalt\u00e1r\u00f3, Csolnok, Esztergom-kertv\u00e1ros: h\u00edrek, programok\",\"publisher\":{\"@id\":\"https:\\\/\\\/dorogimedence.hu\\\/#organization\"},\"potentialAction\":[{\"@type\":\"SearchAction\",\"target\":{\"@type\":\"EntryPoint\",\"urlTemplate\":\"https:\\\/\\\/dorogimedence.hu\\\/?s={search_term_string}\"},\"query-input\":{\"@type\":\"PropertyValueSpecification\",\"valueRequired\":true,\"valueName\":\"search_term_string\"}}],\"inLanguage\":\"hu\"},{\"@type\":\"Organization\",\"@id\":\"https:\\\/\\\/dorogimedence.hu\\\/#organization\",\"name\":\"Dorogi-medence Region\u00e1lis H\u00edrport\u00e1l\",\"url\":\"https:\\\/\\\/dorogimedence.hu\\\/\",\"logo\":{\"@type\":\"ImageObject\",\"inLanguage\":\"hu\",\"@id\":\"https:\\\/\\\/dorogimedence.hu\\\/#\\\/schema\\\/logo\\\/image\\\/\",\"url\":\"https:\\\/\\\/dorogimedence.hu\\\/wp-content\\\/uploads\\\/2021\\\/04\\\/logo-feher-600.png\",\"contentUrl\":\"https:\\\/\\\/dorogimedence.hu\\\/wp-content\\\/uploads\\\/2021\\\/04\\\/logo-feher-600.png\",\"width\":600,\"height\":100,\"caption\":\"Dorogi-medence Region\u00e1lis H\u00edrport\u00e1l\"},\"image\":{\"@id\":\"https:\\\/\\\/dorogimedence.hu\\\/#\\\/schema\\\/logo\\\/image\\\/\"},\"sameAs\":[\"https:\\\/\\\/www.facebook.com\\\/dorogimedence\\\/\"]},{\"@type\":\"Person\",\"@id\":\"https:\\\/\\\/dorogimedence.hu\\\/#\\\/schema\\\/person\\\/ce6091eeb7e95ecdc87890d6aa8e0fd4\",\"name\":\"dorogimedence.hu\",\"image\":{\"@type\":\"ImageObject\",\"inLanguage\":\"hu\",\"@id\":\"\\\/\\\/www.gravatar.com\\\/avatar\\\/d8d45f8901aadff40a4af72c0b826f1d?s=96&#038;r=g&#038;d=mm\",\"url\":\"\\\/\\\/www.gravatar.com\\\/avatar\\\/d8d45f8901aadff40a4af72c0b826f1d?s=96&#038;r=g&#038;d=mm\",\"contentUrl\":\"\\\/\\\/www.gravatar.com\\\/avatar\\\/d8d45f8901aadff40a4af72c0b826f1d?s=96&#038;r=g&#038;d=mm\",\"caption\":\"dorogimedence.hu\"}}]}<\/script>\n<!-- \/ Yoast SEO plugin. -->","yoast_head_json":{"title":"Megyei horg\u00e1sznapot tartottak Esztergomban","robots":{"index":"index","follow":"follow","max-snippet":"max-snippet:-1","max-image-preview":"max-image-preview:large","max-video-preview":"max-video-preview:-1"},"canonical":"https:\/\/dorogimedence.hu\/index.php\/2022\/03\/21\/megyei-horgasznapot-tartottak-esztergomban\/","og_locale":"hu_HU","og_type":"article","og_title":"Megyei horg\u00e1sznapot tartottak Esztergomban","og_description":"Az eddigi eredm\u00e9nyeket \u00f6sszegz\u0151 \u00e9s a j\u00f6v\u0151beli terveket bemutat\u00f3 tal\u00e1lkoz\u00f3t tartott a Kom\u00e1rom-Esztergom Megyei Horg\u00e1szegyes\u00fcletek Sz\u00f6vets\u00e9ge m\u00e1rcius 20-\u00e1n, vas\u00e1rnap Esztergomban a Kerektavi Term\u00e9szeth\u00e1zban, ahol az el\u0151ad\u00e1sok alatt negyven gyermeknek rendeztek horg\u00e1szversenyt majd k\u00e9t, megy\u00e9nk h\u00edrnev\u00e9t \u00f6regb\u00edt\u0151, neves horg\u00e1sznak adtak \u00e1t elismer\u00e9st. A rendezv\u00e9nyt megtisztelte Nyitrai Zsolt kiemelt t\u00e1rsadalmi \u00fcgyek\u00e9rt felel\u0151s minisztereln\u00f6ki megb\u00edzott, aki elmondta, hogy","og_url":"https:\/\/dorogimedence.hu\/index.php\/2022\/03\/21\/megyei-horgasznapot-tartottak-esztergomban\/","og_site_name":"Dorogi-medence Region\u00e1lis H\u00edrport\u00e1l","article_publisher":"https:\/\/www.facebook.com\/dorogimedence\/","article_published_time":"2022-03-21T09:44:09+00:00","article_modified_time":"2022-03-21T10:01:28+00:00","og_image":[{"width":1920,"height":1161,"url":"https:\/\/i0.wp.com\/dorogimedence.hu\/wp-content\/uploads\/2022\/03\/halnap-01.jpg?fit=1920%2C1161&ssl=1","type":"image\/jpeg"}],"author":"dorogimedence.hu","twitter_card":"summary_large_image","twitter_misc":{"Szerz\u0151:":"dorogimedence.hu","Becs\u00fclt olvas\u00e1si id\u0151":"3 perc"},"schema":{"@context":"https:\/\/schema.org","@graph":[{"@type":"Article","@id":"https:\/\/dorogimedence.hu\/index.php\/2022\/03\/21\/megyei-horgasznapot-tartottak-esztergomban\/#article","isPartOf":{"@id":"https:\/\/dorogimedence.hu\/index.php\/2022\/03\/21\/megyei-horgasznapot-tartottak-esztergomban\/"},"author":{"name":"dorogimedence.hu","@id":"https:\/\/dorogimedence.hu\/#\/schema\/person\/ce6091eeb7e95ecdc87890d6aa8e0fd4"},"headline":"Megyei horg\u00e1sznapot tartottak Esztergomban","datePublished":"2022-03-21T09:44:09+00:00","dateModified":"2022-03-21T10:01:28+00:00","mainEntityOfPage":{"@id":"https:\/\/dorogimedence.hu\/index.php\/2022\/03\/21\/megyei-horgasznapot-tartottak-esztergomban\/"},"wordCount":526,"publisher":{"@id":"https:\/\/dorogimedence.hu\/#organization"},"image":{"@id":"https:\/\/dorogimedence.hu\/index.php\/2022\/03\/21\/megyei-horgasznapot-tartottak-esztergomban\/#primaryimage"},"thumbnailUrl":"https:\/\/dorogimedence.hu\/wp-content\/uploads\/2022\/03\/halnap-01.jpg","keywords":["Budapest-Esztergom","esztergom","featured","horg\u00e1sz","horg\u00e1szat","horg\u00e1sznap","KEMHESZ","Kom\u00e1rom-Esztergom megye","Kom\u00e1rom-Esztergom Megyei Horg\u00e1szegyes\u00fcletek Sz\u00f6vets\u00e9ge","sport"],"articleSection":["Esztergom","H\u00edrek"],"inLanguage":"hu"},{"@type":"WebPage","@id":"https:\/\/dorogimedence.hu\/index.php\/2022\/03\/21\/megyei-horgasznapot-tartottak-esztergomban\/","url":"https:\/\/dorogimedence.hu\/index.php\/2022\/03\/21\/megyei-horgasznapot-tartottak-esztergomban\/","name":"Megyei horg\u00e1sznapot tartottak Esztergomban","isPartOf":{"@id":"https:\/\/dorogimedence.hu\/#website"},"primaryImageOfPage":{"@id":"https:\/\/dorogimedence.hu\/index.php\/2022\/03\/21\/megyei-horgasznapot-tartottak-esztergomban\/#primaryimage"},"image":{"@id":"https:\/\/dorogimedence.hu\/index.php\/2022\/03\/21\/megyei-horgasznapot-tartottak-esztergomban\/#primaryimage"},"thumbnailUrl":"https:\/\/dorogimedence.hu\/wp-content\/uploads\/2022\/03\/halnap-01.jpg","datePublished":"2022-03-21T09:44:09+00:00","dateModified":"2022-03-21T10:01:28+00:00","breadcrumb":{"@id":"https:\/\/dorogimedence.hu\/index.php\/2022\/03\/21\/megyei-horgasznapot-tartottak-esztergomban\/#breadcrumb"},"inLanguage":"hu","potentialAction":[{"@type":"ReadAction","target":["https:\/\/dorogimedence.hu\/index.php\/2022\/03\/21\/megyei-horgasznapot-tartottak-esztergomban\/"]}]},{"@type":"ImageObject","inLanguage":"hu","@id":"https:\/\/dorogimedence.hu\/index.php\/2022\/03\/21\/megyei-horgasznapot-tartottak-esztergomban\/#primaryimage","url":"https:\/\/dorogimedence.hu\/wp-content\/uploads\/2022\/03\/halnap-01.jpg","contentUrl":"https:\/\/dorogimedence.hu\/wp-content\/uploads\/2022\/03\/halnap-01.jpg","width":1920,"height":1161},{"@type":"BreadcrumbList","@id":"https:\/\/dorogimedence.hu\/index.php\/2022\/03\/21\/megyei-horgasznapot-tartottak-esztergomban\/#breadcrumb","itemListElement":[{"@type":"ListItem","position":1,"name":"Kezd\u0151lap","item":"https:\/\/dorogimedence.hu\/"},{"@type":"ListItem","position":2,"name":"Megyei horg\u00e1sznapot tartottak Esztergomban"}]},{"@type":"WebSite","@id":"https:\/\/dorogimedence.hu\/#website","url":"https:\/\/dorogimedence.hu\/","name":"Dorogi-medence Region\u00e1lis H\u00edrport\u00e1l","description":"Dorog, Keszt\u00f6lc, Le\u00e1nyv\u00e1r, Piliscs\u00e9v, Tokod, Tokodalt\u00e1r\u00f3, Csolnok, Esztergom-kertv\u00e1ros: h\u00edrek, programok","publisher":{"@id":"https:\/\/dorogimedence.hu\/#organization"},"potentialAction":[{"@type":"SearchAction","target":{"@type":"EntryPoint","urlTemplate":"https:\/\/dorogimedence.hu\/?s={search_term_string}"},"query-input":{"@type":"PropertyValueSpecification","valueRequired":true,"valueName":"search_term_string"}}],"inLanguage":"hu"},{"@type":"Organization","@id":"https:\/\/dorogimedence.hu\/#organization","name":"Dorogi-medence Region\u00e1lis H\u00edrport\u00e1l","url":"https:\/\/dorogimedence.hu\/","logo":{"@type":"ImageObject","inLanguage":"hu","@id":"https:\/\/dorogimedence.hu\/#\/schema\/logo\/image\/","url":"https:\/\/dorogimedence.hu\/wp-content\/uploads\/2021\/04\/logo-feher-600.png","contentUrl":"https:\/\/dorogimedence.hu\/wp-content\/uploads\/2021\/04\/logo-feher-600.png","width":600,"height":100,"caption":"Dorogi-medence Region\u00e1lis H\u00edrport\u00e1l"},"image":{"@id":"https:\/\/dorogimedence.hu\/#\/schema\/logo\/image\/"},"sameAs":["https:\/\/www.facebook.com\/dorogimedence\/"]},{"@type":"Person","@id":"https:\/\/dorogimedence.hu\/#\/schema\/person\/ce6091eeb7e95ecdc87890d6aa8e0fd4","name":"dorogimedence.hu","image":{"@type":"ImageObject","inLanguage":"hu","@id":"\/\/www.gravatar.com\/avatar\/d8d45f8901aadff40a4af72c0b826f1d?s=96&#038;r=g&#038;d=mm","url":"\/\/www.gravatar.com\/avatar\/d8d45f8901aadff40a4af72c0b826f1d?s=96&#038;r=g&#038;d=mm","contentUrl":"\/\/www.gravatar.com\/avatar\/d8d45f8901aadff40a4af72c0b826f1d?s=96&#038;r=g&#038;d=mm","caption":"dorogimedence.hu"}}]}},"_links":{"self":[{"href":"https:\/\/dorogimedence.hu\/index.php\/wp-json\/wp\/v2\/posts\/41310","targetHints":{"allow":["GET"]}}],"collection":[{"href":"https:\/\/dorogimedence.hu\/index.php\/wp-json\/wp\/v2\/posts"}],"about":[{"href":"https:\/\/dorogimedence.hu\/index.php\/wp-json\/wp\/v2\/types\/post"}],"author":[{"embeddable":true,"href":"https:\/\/dorogimedence.hu\/index.php\/wp-json\/wp\/v2\/users\/1"}],"replies":[{"embeddable":true,"href":"https:\/\/dorogimedence.hu\/index.php\/wp-json\/wp\/v2\/comments?post=41310"}],"version-history":[{"count":0,"href":"https:\/\/dorogimedence.hu\/index.php\/wp-json\/wp\/v2\/posts\/41310\/revisions"}],"wp:featuredmedia":[{"embeddable":true,"href":"https:\/\/dorogimedence.hu\/index.php\/wp-json\/wp\/v2\/media\/41311"}],"wp:attachment":[{"href":"https:\/\/dorogimedence.hu\/index.php\/wp-json\/wp\/v2\/media?parent=41310"}],"wp:term":[{"taxonomy":"category","embeddable":true,"href":"https:\/\/dorogimedence.hu\/index.php\/wp-json\/wp\/v2\/categories?post=41310"},{"taxonomy":"post_tag","embeddable":true,"href":"https:\/\/dorogimedence.hu\/index.php\/wp-json\/wp\/v2\/tags?post=41310"}],"curies":[{"name":"wp","href":"https:\/\/api.w.org\/{rel}","templated":true}]}}