{"id":41304,"date":"2022-03-21T10:03:52","date_gmt":"2022-03-21T09:03:52","guid":{"rendered":"https:\/\/dorogimedence.hu\/?p=41304"},"modified":"2022-03-21T10:04:46","modified_gmt":"2022-03-21T09:04:46","slug":"katonahosokre-emlekeztek-esztergomban","status":"publish","type":"post","link":"https:\/\/dorogimedence.hu\/index.php\/2022\/03\/21\/katonahosokre-emlekeztek-esztergomban\/","title":{"rendered":"Katonah\u0151s\u00f6kre eml\u00e9keztek Esztergomban"},"content":{"rendered":"<p><strong>A m\u00e1sodik vil\u00e1gh\u00e1bor\u00faban Esztergom ostromakor elesett \u00e9s jel\u00f6letlen t\u00f6megs\u00edrba temetett mintegy sz\u00e1z magyar honv\u00e9d katonah\u0151s\u00f6kre eml\u00e9keztek m\u00e1rcius 19-\u00e9n, szombaton a Szam\u00e1rhegyen fel\u00e1ll\u00edtott eml\u00e9kkeresztn\u00e9l.<\/strong><\/p>\n<p>Az Esztergom Bar\u00e1tainak Egyes\u00fclete (EBE) szervez\u00e9s\u00e9ben id\u00e9n imm\u00e1r 30. \u00e9ve eml\u00e9keztek meg az Esztergom-Szam\u00e1rhegy t\u00e9rs\u00e9g\u00e9ben a v\u00e1ros ostromakor, 1945. m\u00e1rcius 20-21-\u00e9n elesett, \u00e9s jeltelen t\u00f6megs\u00edrba temetett honv\u00e9d katonah\u0151s\u00f6kr\u0151l.<\/p>\n<p><img fetchpriority=\"high\" decoding=\"async\" class=\"alignnone size-large wp-image-41306\" src=\"https:\/\/dorogimedence.hu\/wp-content\/uploads\/2022\/03\/szamarhegy-03-1024x683.jpg\" alt=\"\" width=\"755\" height=\"504\" srcset=\"https:\/\/dorogimedence.hu\/wp-content\/uploads\/2022\/03\/szamarhegy-03-1024x683.jpg 1024w, https:\/\/dorogimedence.hu\/wp-content\/uploads\/2022\/03\/szamarhegy-03-300x200.jpg 300w, https:\/\/dorogimedence.hu\/wp-content\/uploads\/2022\/03\/szamarhegy-03-768x512.jpg 768w, https:\/\/dorogimedence.hu\/wp-content\/uploads\/2022\/03\/szamarhegy-03-150x100.jpg 150w, https:\/\/dorogimedence.hu\/wp-content\/uploads\/2022\/03\/szamarhegy-03-450x300.jpg 450w, https:\/\/dorogimedence.hu\/wp-content\/uploads\/2022\/03\/szamarhegy-03-1200x800.jpg 1200w, https:\/\/dorogimedence.hu\/wp-content\/uploads\/2022\/03\/szamarhegy-03-272x182.jpg 272w, https:\/\/dorogimedence.hu\/wp-content\/uploads\/2022\/03\/szamarhegy-03.jpg 1536w\" sizes=\"(max-width: 755px) 100vw, 755px\" \/><\/p>\n<p>A megeml\u00e9kez\u00e9sen r\u00e9szt vett Koditek P\u00e1l, az Esztergom Bar\u00e1tainak Egyes\u00fclete (EBE) eln\u00f6ke, Romanek Etelka, a megyei k\u00f6zgy\u0171l\u00e9s aleln\u00f6ke \u00e9s Er\u0151s G\u00e1bor, Esztergom alpolg\u00e1rmestere. Rajtuk k\u00edv\u00fcl jelen voltak a Honv\u00e9d Zr\u00ednyi Sportegyes\u00fclet Katonai Lovas Szakoszt\u00e1ly\u00e1nak, a Centen\u00e1riumi Hadt\u00f6rt\u00e9neti Egyes\u00fcletnek \u2013 \u00e9l\u00fck\u00f6n Bab\u00e1k L\u00e1szl\u00f3 ezredessel \u2013, valamint a Honv\u00e9d Hagyom\u00e1ny\u0151rz\u0151 Egyes\u00fclet k\u00e9pvisel\u0151i.<\/p>\n<p>Koditek P\u00e1l besz\u00e9d\u00e9ben felid\u00e9zte, hogy 1945. m\u00e1rcius 20-21. k\u00f6z\u00f6tti id\u0151szakban a Kis- \u00e9s Nagy-Szam\u00e1rhegy t\u00e9rs\u00e9g\u00e9ben mintegy sz\u00e1z katona vesztette \u00e9let\u00e9t, akiknek es\u00e9lyt sem adtak a visszavonul\u00e1sra. A honv\u00e9dek az\u00f3ta is jeltelen t\u00f6megs\u00edrokban, elfeledett l\u00f6v\u00e9sz\u00e1rkokban nyugszanak. Elmondta, hogy 1944 december\u00e9ben \u00e9rte el a front Esztergomot, az oroszok december 26-\u00e1n, Kar\u00e1csony m\u00e1snapj\u00e1n foglalt\u00e1k el a v\u00e1rost, majd janu\u00e1r 6-\u00e1n a magyar-n\u00e9met seregek visszafoglalt\u00e1k a telep\u00fcl\u00e9st. Onnant\u00f3l kezdve m\u00e1rcius 21-ig a v\u00e1rosban \u00e9s a k\u00f6rny\u00e9ken \u00e1lland\u00f3 harcok folytak. 1945. m\u00e1rcius 21-\u00e9n a Vaskapun\u00e1l, a Dobog\u00f3k\u0151i \u00faton tal\u00e1lhat\u00f3 Szalma-h\u00eddn\u00e1l \u00e9s Dorog ir\u00e1ny\u00e1b\u00f3l \u00e1tt\u00f6r\u00e9st ind\u00edtott az ellens\u00e9g \u00e9s hamarabb jutottak el Esztergomba, minthogy a Szam\u00e1rhegyen v\u00e9dekez\u0151k vissza tudtak volna vonulni, \u00edgy beker\u00edtett\u00e9k \u0151ket.<\/p>\n<p><img decoding=\"async\" class=\"alignnone size-large wp-image-41307\" src=\"https:\/\/dorogimedence.hu\/wp-content\/uploads\/2022\/03\/szamarhegy-02-1024x680.jpg\" alt=\"\" width=\"755\" height=\"501\" srcset=\"https:\/\/dorogimedence.hu\/wp-content\/uploads\/2022\/03\/szamarhegy-02-1024x680.jpg 1024w, https:\/\/dorogimedence.hu\/wp-content\/uploads\/2022\/03\/szamarhegy-02-300x199.jpg 300w, https:\/\/dorogimedence.hu\/wp-content\/uploads\/2022\/03\/szamarhegy-02-768x510.jpg 768w, https:\/\/dorogimedence.hu\/wp-content\/uploads\/2022\/03\/szamarhegy-02-150x100.jpg 150w, https:\/\/dorogimedence.hu\/wp-content\/uploads\/2022\/03\/szamarhegy-02-450x299.jpg 450w, https:\/\/dorogimedence.hu\/wp-content\/uploads\/2022\/03\/szamarhegy-02-1200x797.jpg 1200w, https:\/\/dorogimedence.hu\/wp-content\/uploads\/2022\/03\/szamarhegy-02.jpg 1280w\" sizes=\"(max-width: 755px) 100vw, 755px\" \/><\/p>\n<p>A besz\u00e9d ut\u00e1n el\u0151sz\u00f6r a Centen\u00e1riumi Hagyom\u00e1ny\u0151rz\u0151 Egyes\u00fclet, ut\u00e1na Er\u0151s G\u00e1bor, Kassai K\u00e1lm\u00e1n, a Magyar&nbsp;Turista Egyes\u00fclet Esztergomi&nbsp;Oszt\u00e1ly\u00e1nak Egyes\u00fclete nev\u00e9ben, v\u00e9g\u00fcl Meszes Bal\u00e1zs \u00e9s Delin\u00e9 Szem\u00e1n Margit az EBE nev\u00e9ben koszor\u00fazott. A megeml\u00e9kez\u00e9s a Sz\u00f3zat el\u00e9nekl\u00e9s\u00e9vel z\u00e1rult, majd Kassai K\u00e1lm\u00e1n mondta el gondolatait az elesett katon\u00e1kr\u00f3l \u00e9s az itt maradt lelkekkel kapcsolatban. V\u00e9gezet\u00fcl k\u00f6sz\u00f6netet mondtak a Dank\u00f3 csal\u00e1dnak, akik \u00f6nzetlen\u00fcl, hossz\u00fa \u00e9vtizedek \u00f3ta gondozz\u00e1k az eml\u00e9kkeresztet \u00e9s k\u00f6rnyezet\u00e9t.<\/p>\n<p><em>Fot\u00f3k, forr\u00e1s: H\u00eddlap \/ Kom\u00e1rom-Esztergom Megyei \u00d6nkorm\u00e1nyzat \/ Er\u0151s G\u00e1bor Facebook oldala<\/em><\/p>\n","protected":false},"excerpt":{"rendered":"<p>A m\u00e1sodik vil\u00e1gh\u00e1bor\u00faban Esztergom ostromakor elesett \u00e9s jel\u00f6letlen t\u00f6megs\u00edrba temetett mintegy sz\u00e1z magyar honv\u00e9d katonah\u0151s\u00f6kre eml\u00e9keztek m\u00e1rcius 19-\u00e9n, szombaton a Szam\u00e1rhegyen fel\u00e1ll\u00edtott eml\u00e9kkeresztn\u00e9l. Az Esztergom Bar\u00e1tainak Egyes\u00fclete (EBE) szervez\u00e9s\u00e9ben id\u00e9n imm\u00e1r 30. \u00e9ve eml\u00e9keztek meg az Esztergom-Szam\u00e1rhegy t\u00e9rs\u00e9g\u00e9ben a v\u00e1ros ostromakor, 1945. m\u00e1rcius 20-21-\u00e9n elesett, \u00e9s jeltelen t\u00f6megs\u00edrba temetett honv\u00e9d katonah\u0151s\u00f6kr\u0151l. A megeml\u00e9kez\u00e9sen r\u00e9szt vett<\/p>\n","protected":false},"author":1,"featured_media":41305,"comment_status":"closed","ping_status":"closed","sticky":false,"template":"","format":"standard","meta":{"ngg_post_thumbnail":0,"footnotes":""},"categories":[38,3],"tags":[42,6342,192,6343],"class_list":{"0":"post-41304","1":"post","2":"type-post","3":"status-publish","4":"format-standard","5":"has-post-thumbnail","7":"category-esztergom","8":"category-hirek","9":"tag-esztergom","10":"tag-katonahosok","11":"tag-megemlekezes","12":"tag-szamarhegy"},"yoast_head":"<!-- This site is optimized with the Yoast SEO plugin v27.5 - https:\/\/yoast.com\/product\/yoast-seo-wordpress\/ -->\n<title>Katonah\u0151s\u00f6kre eml\u00e9keztek Esztergomban<\/title>\n<meta name=\"robots\" content=\"index, follow, max-snippet:-1, max-image-preview:large, max-video-preview:-1\" \/>\n<link rel=\"canonical\" href=\"https:\/\/dorogimedence.hu\/index.php\/2022\/03\/21\/katonahosokre-emlekeztek-esztergomban\/\" class=\"yoast-seo-meta-tag\" \/>\n<meta property=\"og:locale\" content=\"hu_HU\" class=\"yoast-seo-meta-tag\" \/>\n<meta property=\"og:type\" content=\"article\" class=\"yoast-seo-meta-tag\" \/>\n<meta property=\"og:title\" content=\"Katonah\u0151s\u00f6kre eml\u00e9keztek Esztergomban\" class=\"yoast-seo-meta-tag\" \/>\n<meta property=\"og:description\" content=\"A m\u00e1sodik vil\u00e1gh\u00e1bor\u00faban Esztergom ostromakor elesett \u00e9s jel\u00f6letlen t\u00f6megs\u00edrba temetett mintegy sz\u00e1z magyar honv\u00e9d katonah\u0151s\u00f6kre eml\u00e9keztek m\u00e1rcius 19-\u00e9n, szombaton a Szam\u00e1rhegyen fel\u00e1ll\u00edtott eml\u00e9kkeresztn\u00e9l. Az Esztergom Bar\u00e1tainak Egyes\u00fclete (EBE) szervez\u00e9s\u00e9ben id\u00e9n imm\u00e1r 30. \u00e9ve eml\u00e9keztek meg az Esztergom-Szam\u00e1rhegy t\u00e9rs\u00e9g\u00e9ben a v\u00e1ros ostromakor, 1945. m\u00e1rcius 20-21-\u00e9n elesett, \u00e9s jeltelen t\u00f6megs\u00edrba temetett honv\u00e9d katonah\u0151s\u00f6kr\u0151l. A megeml\u00e9kez\u00e9sen r\u00e9szt vett\" class=\"yoast-seo-meta-tag\" \/>\n<meta property=\"og:url\" content=\"https:\/\/dorogimedence.hu\/index.php\/2022\/03\/21\/katonahosokre-emlekeztek-esztergomban\/\" class=\"yoast-seo-meta-tag\" \/>\n<meta property=\"og:site_name\" content=\"Dorogi-medence Region\u00e1lis H\u00edrport\u00e1l\" class=\"yoast-seo-meta-tag\" \/>\n<meta property=\"article:publisher\" content=\"https:\/\/www.facebook.com\/dorogimedence\/\" class=\"yoast-seo-meta-tag\" \/>\n<meta property=\"article:published_time\" content=\"2022-03-21T09:03:52+00:00\" class=\"yoast-seo-meta-tag\" \/>\n<meta property=\"article:modified_time\" content=\"2022-03-21T09:04:46+00:00\" class=\"yoast-seo-meta-tag\" \/>\n<meta property=\"og:image\" content=\"https:\/\/i0.wp.com\/dorogimedence.hu\/wp-content\/uploads\/2022\/03\/szamarhegy-01.jpg?fit=1536%2C868&ssl=1\" class=\"yoast-seo-meta-tag\" \/>\n\t<meta property=\"og:image:width\" content=\"1536\" class=\"yoast-seo-meta-tag\" \/>\n\t<meta property=\"og:image:height\" content=\"868\" class=\"yoast-seo-meta-tag\" \/>\n\t<meta property=\"og:image:type\" content=\"image\/jpeg\" class=\"yoast-seo-meta-tag\" \/>\n<meta name=\"author\" content=\"dorogimedence.hu\" class=\"yoast-seo-meta-tag\" \/>\n<meta name=\"twitter:card\" content=\"summary_large_image\" class=\"yoast-seo-meta-tag\" \/>\n<meta name=\"twitter:label1\" content=\"Szerz\u0151:\" class=\"yoast-seo-meta-tag\" \/>\n\t<meta name=\"twitter:data1\" content=\"dorogimedence.hu\" class=\"yoast-seo-meta-tag\" \/>\n\t<meta name=\"twitter:label2\" content=\"Becs\u00fclt olvas\u00e1si id\u0151\" class=\"yoast-seo-meta-tag\" \/>\n\t<meta name=\"twitter:data2\" content=\"2 perc\" class=\"yoast-seo-meta-tag\" \/>\n<script type=\"application\/ld+json\" class=\"yoast-schema-graph\">{\"@context\":\"https:\\\/\\\/schema.org\",\"@graph\":[{\"@type\":\"Article\",\"@id\":\"https:\\\/\\\/dorogimedence.hu\\\/index.php\\\/2022\\\/03\\\/21\\\/katonahosokre-emlekeztek-esztergomban\\\/#article\",\"isPartOf\":{\"@id\":\"https:\\\/\\\/dorogimedence.hu\\\/index.php\\\/2022\\\/03\\\/21\\\/katonahosokre-emlekeztek-esztergomban\\\/\"},\"author\":{\"name\":\"dorogimedence.hu\",\"@id\":\"https:\\\/\\\/dorogimedence.hu\\\/#\\\/schema\\\/person\\\/ce6091eeb7e95ecdc87890d6aa8e0fd4\"},\"headline\":\"Katonah\u0151s\u00f6kre eml\u00e9keztek Esztergomban\",\"datePublished\":\"2022-03-21T09:03:52+00:00\",\"dateModified\":\"2022-03-21T09:04:46+00:00\",\"mainEntityOfPage\":{\"@id\":\"https:\\\/\\\/dorogimedence.hu\\\/index.php\\\/2022\\\/03\\\/21\\\/katonahosokre-emlekeztek-esztergomban\\\/\"},\"wordCount\":477,\"publisher\":{\"@id\":\"https:\\\/\\\/dorogimedence.hu\\\/#organization\"},\"image\":{\"@id\":\"https:\\\/\\\/dorogimedence.hu\\\/index.php\\\/2022\\\/03\\\/21\\\/katonahosokre-emlekeztek-esztergomban\\\/#primaryimage\"},\"thumbnailUrl\":\"https:\\\/\\\/dorogimedence.hu\\\/wp-content\\\/uploads\\\/2022\\\/03\\\/szamarhegy-01.jpg\",\"keywords\":[\"esztergom\",\"katonah\u0151s\u00f6k\",\"megeml\u00e9kez\u00e9s\",\"Szam\u00e1rhegy\"],\"articleSection\":[\"Esztergom\",\"H\u00edrek\"],\"inLanguage\":\"hu\"},{\"@type\":\"WebPage\",\"@id\":\"https:\\\/\\\/dorogimedence.hu\\\/index.php\\\/2022\\\/03\\\/21\\\/katonahosokre-emlekeztek-esztergomban\\\/\",\"url\":\"https:\\\/\\\/dorogimedence.hu\\\/index.php\\\/2022\\\/03\\\/21\\\/katonahosokre-emlekeztek-esztergomban\\\/\",\"name\":\"Katonah\u0151s\u00f6kre eml\u00e9keztek Esztergomban\",\"isPartOf\":{\"@id\":\"https:\\\/\\\/dorogimedence.hu\\\/#website\"},\"primaryImageOfPage\":{\"@id\":\"https:\\\/\\\/dorogimedence.hu\\\/index.php\\\/2022\\\/03\\\/21\\\/katonahosokre-emlekeztek-esztergomban\\\/#primaryimage\"},\"image\":{\"@id\":\"https:\\\/\\\/dorogimedence.hu\\\/index.php\\\/2022\\\/03\\\/21\\\/katonahosokre-emlekeztek-esztergomban\\\/#primaryimage\"},\"thumbnailUrl\":\"https:\\\/\\\/dorogimedence.hu\\\/wp-content\\\/uploads\\\/2022\\\/03\\\/szamarhegy-01.jpg\",\"datePublished\":\"2022-03-21T09:03:52+00:00\",\"dateModified\":\"2022-03-21T09:04:46+00:00\",\"breadcrumb\":{\"@id\":\"https:\\\/\\\/dorogimedence.hu\\\/index.php\\\/2022\\\/03\\\/21\\\/katonahosokre-emlekeztek-esztergomban\\\/#breadcrumb\"},\"inLanguage\":\"hu\",\"potentialAction\":[{\"@type\":\"ReadAction\",\"target\":[\"https:\\\/\\\/dorogimedence.hu\\\/index.php\\\/2022\\\/03\\\/21\\\/katonahosokre-emlekeztek-esztergomban\\\/\"]}]},{\"@type\":\"ImageObject\",\"inLanguage\":\"hu\",\"@id\":\"https:\\\/\\\/dorogimedence.hu\\\/index.php\\\/2022\\\/03\\\/21\\\/katonahosokre-emlekeztek-esztergomban\\\/#primaryimage\",\"url\":\"https:\\\/\\\/dorogimedence.hu\\\/wp-content\\\/uploads\\\/2022\\\/03\\\/szamarhegy-01.jpg\",\"contentUrl\":\"https:\\\/\\\/dorogimedence.hu\\\/wp-content\\\/uploads\\\/2022\\\/03\\\/szamarhegy-01.jpg\",\"width\":1536,\"height\":868},{\"@type\":\"BreadcrumbList\",\"@id\":\"https:\\\/\\\/dorogimedence.hu\\\/index.php\\\/2022\\\/03\\\/21\\\/katonahosokre-emlekeztek-esztergomban\\\/#breadcrumb\",\"itemListElement\":[{\"@type\":\"ListItem\",\"position\":1,\"name\":\"Kezd\u0151lap\",\"item\":\"https:\\\/\\\/dorogimedence.hu\\\/\"},{\"@type\":\"ListItem\",\"position\":2,\"name\":\"Katonah\u0151s\u00f6kre eml\u00e9keztek Esztergomban\"}]},{\"@type\":\"WebSite\",\"@id\":\"https:\\\/\\\/dorogimedence.hu\\\/#website\",\"url\":\"https:\\\/\\\/dorogimedence.hu\\\/\",\"name\":\"Dorogi-medence Region\u00e1lis H\u00edrport\u00e1l\",\"description\":\"Dorog, Keszt\u00f6lc, Le\u00e1nyv\u00e1r, Piliscs\u00e9v, Tokod, Tokodalt\u00e1r\u00f3, Csolnok, Esztergom-kertv\u00e1ros: h\u00edrek, programok\",\"publisher\":{\"@id\":\"https:\\\/\\\/dorogimedence.hu\\\/#organization\"},\"potentialAction\":[{\"@type\":\"SearchAction\",\"target\":{\"@type\":\"EntryPoint\",\"urlTemplate\":\"https:\\\/\\\/dorogimedence.hu\\\/?s={search_term_string}\"},\"query-input\":{\"@type\":\"PropertyValueSpecification\",\"valueRequired\":true,\"valueName\":\"search_term_string\"}}],\"inLanguage\":\"hu\"},{\"@type\":\"Organization\",\"@id\":\"https:\\\/\\\/dorogimedence.hu\\\/#organization\",\"name\":\"Dorogi-medence Region\u00e1lis H\u00edrport\u00e1l\",\"url\":\"https:\\\/\\\/dorogimedence.hu\\\/\",\"logo\":{\"@type\":\"ImageObject\",\"inLanguage\":\"hu\",\"@id\":\"https:\\\/\\\/dorogimedence.hu\\\/#\\\/schema\\\/logo\\\/image\\\/\",\"url\":\"https:\\\/\\\/dorogimedence.hu\\\/wp-content\\\/uploads\\\/2021\\\/04\\\/logo-feher-600.png\",\"contentUrl\":\"https:\\\/\\\/dorogimedence.hu\\\/wp-content\\\/uploads\\\/2021\\\/04\\\/logo-feher-600.png\",\"width\":600,\"height\":100,\"caption\":\"Dorogi-medence Region\u00e1lis H\u00edrport\u00e1l\"},\"image\":{\"@id\":\"https:\\\/\\\/dorogimedence.hu\\\/#\\\/schema\\\/logo\\\/image\\\/\"},\"sameAs\":[\"https:\\\/\\\/www.facebook.com\\\/dorogimedence\\\/\"]},{\"@type\":\"Person\",\"@id\":\"https:\\\/\\\/dorogimedence.hu\\\/#\\\/schema\\\/person\\\/ce6091eeb7e95ecdc87890d6aa8e0fd4\",\"name\":\"dorogimedence.hu\",\"image\":{\"@type\":\"ImageObject\",\"inLanguage\":\"hu\",\"@id\":\"\\\/\\\/www.gravatar.com\\\/avatar\\\/d8d45f8901aadff40a4af72c0b826f1d?s=96&#038;r=g&#038;d=mm\",\"url\":\"\\\/\\\/www.gravatar.com\\\/avatar\\\/d8d45f8901aadff40a4af72c0b826f1d?s=96&#038;r=g&#038;d=mm\",\"contentUrl\":\"\\\/\\\/www.gravatar.com\\\/avatar\\\/d8d45f8901aadff40a4af72c0b826f1d?s=96&#038;r=g&#038;d=mm\",\"caption\":\"dorogimedence.hu\"}}]}<\/script>\n<!-- \/ Yoast SEO plugin. -->","yoast_head_json":{"title":"Katonah\u0151s\u00f6kre eml\u00e9keztek Esztergomban","robots":{"index":"index","follow":"follow","max-snippet":"max-snippet:-1","max-image-preview":"max-image-preview:large","max-video-preview":"max-video-preview:-1"},"canonical":"https:\/\/dorogimedence.hu\/index.php\/2022\/03\/21\/katonahosokre-emlekeztek-esztergomban\/","og_locale":"hu_HU","og_type":"article","og_title":"Katonah\u0151s\u00f6kre eml\u00e9keztek Esztergomban","og_description":"A m\u00e1sodik vil\u00e1gh\u00e1bor\u00faban Esztergom ostromakor elesett \u00e9s jel\u00f6letlen t\u00f6megs\u00edrba temetett mintegy sz\u00e1z magyar honv\u00e9d katonah\u0151s\u00f6kre eml\u00e9keztek m\u00e1rcius 19-\u00e9n, szombaton a Szam\u00e1rhegyen fel\u00e1ll\u00edtott eml\u00e9kkeresztn\u00e9l. Az Esztergom Bar\u00e1tainak Egyes\u00fclete (EBE) szervez\u00e9s\u00e9ben id\u00e9n imm\u00e1r 30. \u00e9ve eml\u00e9keztek meg az Esztergom-Szam\u00e1rhegy t\u00e9rs\u00e9g\u00e9ben a v\u00e1ros ostromakor, 1945. m\u00e1rcius 20-21-\u00e9n elesett, \u00e9s jeltelen t\u00f6megs\u00edrba temetett honv\u00e9d katonah\u0151s\u00f6kr\u0151l. A megeml\u00e9kez\u00e9sen r\u00e9szt vett","og_url":"https:\/\/dorogimedence.hu\/index.php\/2022\/03\/21\/katonahosokre-emlekeztek-esztergomban\/","og_site_name":"Dorogi-medence Region\u00e1lis H\u00edrport\u00e1l","article_publisher":"https:\/\/www.facebook.com\/dorogimedence\/","article_published_time":"2022-03-21T09:03:52+00:00","article_modified_time":"2022-03-21T09:04:46+00:00","og_image":[{"width":1536,"height":868,"url":"https:\/\/i0.wp.com\/dorogimedence.hu\/wp-content\/uploads\/2022\/03\/szamarhegy-01.jpg?fit=1536%2C868&ssl=1","type":"image\/jpeg"}],"author":"dorogimedence.hu","twitter_card":"summary_large_image","twitter_misc":{"Szerz\u0151:":"dorogimedence.hu","Becs\u00fclt olvas\u00e1si id\u0151":"2 perc"},"schema":{"@context":"https:\/\/schema.org","@graph":[{"@type":"Article","@id":"https:\/\/dorogimedence.hu\/index.php\/2022\/03\/21\/katonahosokre-emlekeztek-esztergomban\/#article","isPartOf":{"@id":"https:\/\/dorogimedence.hu\/index.php\/2022\/03\/21\/katonahosokre-emlekeztek-esztergomban\/"},"author":{"name":"dorogimedence.hu","@id":"https:\/\/dorogimedence.hu\/#\/schema\/person\/ce6091eeb7e95ecdc87890d6aa8e0fd4"},"headline":"Katonah\u0151s\u00f6kre eml\u00e9keztek Esztergomban","datePublished":"2022-03-21T09:03:52+00:00","dateModified":"2022-03-21T09:04:46+00:00","mainEntityOfPage":{"@id":"https:\/\/dorogimedence.hu\/index.php\/2022\/03\/21\/katonahosokre-emlekeztek-esztergomban\/"},"wordCount":477,"publisher":{"@id":"https:\/\/dorogimedence.hu\/#organization"},"image":{"@id":"https:\/\/dorogimedence.hu\/index.php\/2022\/03\/21\/katonahosokre-emlekeztek-esztergomban\/#primaryimage"},"thumbnailUrl":"https:\/\/dorogimedence.hu\/wp-content\/uploads\/2022\/03\/szamarhegy-01.jpg","keywords":["esztergom","katonah\u0151s\u00f6k","megeml\u00e9kez\u00e9s","Szam\u00e1rhegy"],"articleSection":["Esztergom","H\u00edrek"],"inLanguage":"hu"},{"@type":"WebPage","@id":"https:\/\/dorogimedence.hu\/index.php\/2022\/03\/21\/katonahosokre-emlekeztek-esztergomban\/","url":"https:\/\/dorogimedence.hu\/index.php\/2022\/03\/21\/katonahosokre-emlekeztek-esztergomban\/","name":"Katonah\u0151s\u00f6kre eml\u00e9keztek Esztergomban","isPartOf":{"@id":"https:\/\/dorogimedence.hu\/#website"},"primaryImageOfPage":{"@id":"https:\/\/dorogimedence.hu\/index.php\/2022\/03\/21\/katonahosokre-emlekeztek-esztergomban\/#primaryimage"},"image":{"@id":"https:\/\/dorogimedence.hu\/index.php\/2022\/03\/21\/katonahosokre-emlekeztek-esztergomban\/#primaryimage"},"thumbnailUrl":"https:\/\/dorogimedence.hu\/wp-content\/uploads\/2022\/03\/szamarhegy-01.jpg","datePublished":"2022-03-21T09:03:52+00:00","dateModified":"2022-03-21T09:04:46+00:00","breadcrumb":{"@id":"https:\/\/dorogimedence.hu\/index.php\/2022\/03\/21\/katonahosokre-emlekeztek-esztergomban\/#breadcrumb"},"inLanguage":"hu","potentialAction":[{"@type":"ReadAction","target":["https:\/\/dorogimedence.hu\/index.php\/2022\/03\/21\/katonahosokre-emlekeztek-esztergomban\/"]}]},{"@type":"ImageObject","inLanguage":"hu","@id":"https:\/\/dorogimedence.hu\/index.php\/2022\/03\/21\/katonahosokre-emlekeztek-esztergomban\/#primaryimage","url":"https:\/\/dorogimedence.hu\/wp-content\/uploads\/2022\/03\/szamarhegy-01.jpg","contentUrl":"https:\/\/dorogimedence.hu\/wp-content\/uploads\/2022\/03\/szamarhegy-01.jpg","width":1536,"height":868},{"@type":"BreadcrumbList","@id":"https:\/\/dorogimedence.hu\/index.php\/2022\/03\/21\/katonahosokre-emlekeztek-esztergomban\/#breadcrumb","itemListElement":[{"@type":"ListItem","position":1,"name":"Kezd\u0151lap","item":"https:\/\/dorogimedence.hu\/"},{"@type":"ListItem","position":2,"name":"Katonah\u0151s\u00f6kre eml\u00e9keztek Esztergomban"}]},{"@type":"WebSite","@id":"https:\/\/dorogimedence.hu\/#website","url":"https:\/\/dorogimedence.hu\/","name":"Dorogi-medence Region\u00e1lis H\u00edrport\u00e1l","description":"Dorog, Keszt\u00f6lc, Le\u00e1nyv\u00e1r, Piliscs\u00e9v, Tokod, Tokodalt\u00e1r\u00f3, Csolnok, Esztergom-kertv\u00e1ros: h\u00edrek, programok","publisher":{"@id":"https:\/\/dorogimedence.hu\/#organization"},"potentialAction":[{"@type":"SearchAction","target":{"@type":"EntryPoint","urlTemplate":"https:\/\/dorogimedence.hu\/?s={search_term_string}"},"query-input":{"@type":"PropertyValueSpecification","valueRequired":true,"valueName":"search_term_string"}}],"inLanguage":"hu"},{"@type":"Organization","@id":"https:\/\/dorogimedence.hu\/#organization","name":"Dorogi-medence Region\u00e1lis H\u00edrport\u00e1l","url":"https:\/\/dorogimedence.hu\/","logo":{"@type":"ImageObject","inLanguage":"hu","@id":"https:\/\/dorogimedence.hu\/#\/schema\/logo\/image\/","url":"https:\/\/dorogimedence.hu\/wp-content\/uploads\/2021\/04\/logo-feher-600.png","contentUrl":"https:\/\/dorogimedence.hu\/wp-content\/uploads\/2021\/04\/logo-feher-600.png","width":600,"height":100,"caption":"Dorogi-medence Region\u00e1lis H\u00edrport\u00e1l"},"image":{"@id":"https:\/\/dorogimedence.hu\/#\/schema\/logo\/image\/"},"sameAs":["https:\/\/www.facebook.com\/dorogimedence\/"]},{"@type":"Person","@id":"https:\/\/dorogimedence.hu\/#\/schema\/person\/ce6091eeb7e95ecdc87890d6aa8e0fd4","name":"dorogimedence.hu","image":{"@type":"ImageObject","inLanguage":"hu","@id":"\/\/www.gravatar.com\/avatar\/d8d45f8901aadff40a4af72c0b826f1d?s=96&#038;r=g&#038;d=mm","url":"\/\/www.gravatar.com\/avatar\/d8d45f8901aadff40a4af72c0b826f1d?s=96&#038;r=g&#038;d=mm","contentUrl":"\/\/www.gravatar.com\/avatar\/d8d45f8901aadff40a4af72c0b826f1d?s=96&#038;r=g&#038;d=mm","caption":"dorogimedence.hu"}}]}},"_links":{"self":[{"href":"https:\/\/dorogimedence.hu\/index.php\/wp-json\/wp\/v2\/posts\/41304","targetHints":{"allow":["GET"]}}],"collection":[{"href":"https:\/\/dorogimedence.hu\/index.php\/wp-json\/wp\/v2\/posts"}],"about":[{"href":"https:\/\/dorogimedence.hu\/index.php\/wp-json\/wp\/v2\/types\/post"}],"author":[{"embeddable":true,"href":"https:\/\/dorogimedence.hu\/index.php\/wp-json\/wp\/v2\/users\/1"}],"replies":[{"embeddable":true,"href":"https:\/\/dorogimedence.hu\/index.php\/wp-json\/wp\/v2\/comments?post=41304"}],"version-history":[{"count":0,"href":"https:\/\/dorogimedence.hu\/index.php\/wp-json\/wp\/v2\/posts\/41304\/revisions"}],"wp:featuredmedia":[{"embeddable":true,"href":"https:\/\/dorogimedence.hu\/index.php\/wp-json\/wp\/v2\/media\/41305"}],"wp:attachment":[{"href":"https:\/\/dorogimedence.hu\/index.php\/wp-json\/wp\/v2\/media?parent=41304"}],"wp:term":[{"taxonomy":"category","embeddable":true,"href":"https:\/\/dorogimedence.hu\/index.php\/wp-json\/wp\/v2\/categories?post=41304"},{"taxonomy":"post_tag","embeddable":true,"href":"https:\/\/dorogimedence.hu\/index.php\/wp-json\/wp\/v2\/tags?post=41304"}],"curies":[{"name":"wp","href":"https:\/\/api.w.org\/{rel}","templated":true}]}}