{"id":41250,"date":"2022-03-18T10:22:25","date_gmt":"2022-03-18T09:22:25","guid":{"rendered":"https:\/\/dorogimedence.hu\/?p=41250"},"modified":"2022-03-18T10:22:56","modified_gmt":"2022-03-18T09:22:56","slug":"erosodott-az-influenza","status":"publish","type":"post","link":"https:\/\/dorogimedence.hu\/index.php\/2022\/03\/18\/erosodott-az-influenza\/","title":{"rendered":"Er\u0151s\u00f6d\u00f6tt az influenza"},"content":{"rendered":"<p><strong>Magyarorsz\u00e1gon az \u00e9v 10. het\u00e9ben, m\u00e1rcius 7-13. k\u00f6z\u00f6tt tov\u00e1bb er\u0151s\u00f6d\u00f6tt az influenza<\/strong> <em>&#8211; k\u00f6z\u00f6lte a Nemzeti N\u00e9peg\u00e9szs\u00e9g\u00fcgyi K\u00f6zpont (NNK) a honlapj\u00e1n.<\/em><\/p>\n<p>Jelent\u0151s ter\u00fcleti k\u00fcl\u00f6nbs\u00e9gek vannak az orsz\u00e1gban. A 100 000 lakosra jut\u00f3 orvoshoz fordul\u00f3 betegek sz\u00e1ma Zala (670), Szabolcs-Szatm\u00e1r-Bereg (463) \u00e9s Baranya (336) megy\u00e9ben volt a legmagasabb, B\u00e9k\u00e9s (50) \u00e9s Kom\u00e1rom-Esztergom&nbsp;(73) megy\u00e9ben a legalacsonyabb. Influenzav\u00edrus \u00e1ltal okozott megbeteged\u00e9seket tizenhat ter\u00fcleten (a f\u0151v\u00e1rosban, tov\u00e1bb\u00e1 Baranya, B\u00e1cs-Kiskun, B\u00e9k\u00e9s, Csongr\u00e1d-Csan\u00e1d, Fej\u00e9r, Gy\u0151r-Moson-Sopron, Hajd\u00fa-Bihar, N\u00f3gr\u00e1d, Pest, Somogy, Szabolcs-Szatm\u00e1r-Bereg, Tolna, Vas, Veszpr\u00e9m \u00e9s Zala megy\u00e9ben) diagnosztiz\u00e1ltak.<\/p>\n<p>M\u00e1rcius 7-13. k\u00f6z\u00f6tt az orsz\u00e1gban 20 900-an fordultak orvoshoz influenzaszer\u0171 t\u00fcnetekkel, az el\u0151z\u0151 hetin\u00e9l 11 sz\u00e1zal\u00e9kkal t\u00f6bben.<\/p>\n<p>A 10. h\u00e9ten tizenn\u00e9gy k\u00f6zigazgat\u00e1si ter\u00fcleten emelkedett, n\u00e9gyen cs\u00f6kkent, kett\u0151n nem v\u00e1ltozott az influenz\u00e1s t\u00fcnetekkel orvoshoz fordul\u00f3k sz\u00e1ma az el\u0151z\u0151 h\u00e9thez viszony\u00edtva.<\/p>\n<p>Az influenzaszer\u0171 megbeteged\u00e9seket v\u00e1ltozatlanul a 3-14 \u00e9ves gyermekek k\u00f6z\u00f6tt diagnosztiz\u00e1lt\u00e1k a leggyakrabban. Az orvosn\u00e1l megjelent betegek 47 sz\u00e1zal\u00e9ka 15 \u00e9v alatti, 30,4 sz\u00e1zal\u00e9ka 15-34 \u00e9ves volt, 15,1 sz\u00e1zal\u00e9ka a 35-59 \u00e9ves, 7,5 sz\u00e1zal\u00e9ka pedig a 60 \u00e9ven fel\u00fcliek koroszt\u00e1ly\u00e1ba tartozott.<\/p>\n<p>A 10. h\u00e9ten az orsz\u00e1g k\u00e9t pontj\u00e1r\u00f3l jelentett\u00e9k influenzaszer\u0171 megbeteged\u00e9sek halmoz\u00f3d\u00e1s\u00e1t. Egy Fej\u00e9r megyei \u00e1ltal\u00e1nos iskol\u00e1ban a 231 tanul\u00f3, illetve dolgoz\u00f3 k\u00f6z\u00fcl 78 tanul\u00f3 \u00e9s 6 dolgoz\u00f3 betegedett meg l\u00e1z, torokf\u00e1j\u00e1s, k\u00f6h\u00f6g\u00e9s t\u00fcnetekkel. Egy Baranya megyei \u00f3voda 89 \u00f3vod\u00e1sa, illetve dolgoz\u00f3ja k\u00f6z\u00fcl 41 gyerek \u00e9s 6 dolgoz\u00f3 betegedett meg l\u00e1zas fels\u0151l\u00e9g\u00fati t\u00fcnetekkel.<\/p>\n<p>A m\u00falt \u00e9v 40. hete \u00e9s az idei \u00e9v 10. hete k\u00f6z\u00f6tt \u00f6sszesen 1108 laborat\u00f3riumi vizsg\u00e1latban 188-n\u00e1l igazolt\u00e1k az influenza A v\u00edrust, 148 megbeteged\u00e9s h\u00e1tter\u00e9ben l\u00e9g\u00fati \u00f3ri\u00e1ssejtes (RSV) v\u00edrus-, 21 esetben adenov\u00edrus-, 90 esetben koronav\u00edrus-fert\u0151z\u00e9s \u00e1llt. A k\u00f3rh\u00e1zakban kezdem\u00e9nyezett, diagnosztikus c\u00e9lb\u00f3l elv\u00e9gzett vizsg\u00e1latok 120 esetben influenza A v\u00edrust, 142 mint\u00e1n\u00e1l l\u00e9g\u00fati \u00f3ri\u00e1ssejtes v\u00edrust mutattak ki.<\/p>\n<p><em>Forr\u00e1s: MTI<\/em><\/p>\n","protected":false},"excerpt":{"rendered":"<p>Magyarorsz\u00e1gon az \u00e9v 10. het\u00e9ben, m\u00e1rcius 7-13. k\u00f6z\u00f6tt tov\u00e1bb er\u0151s\u00f6d\u00f6tt az influenza &#8211; k\u00f6z\u00f6lte a Nemzeti N\u00e9peg\u00e9szs\u00e9g\u00fcgyi K\u00f6zpont (NNK) a honlapj\u00e1n. Jelent\u0151s ter\u00fcleti k\u00fcl\u00f6nbs\u00e9gek vannak az orsz\u00e1gban. A 100 000 lakosra jut\u00f3 orvoshoz fordul\u00f3 betegek sz\u00e1ma Zala (670), Szabolcs-Szatm\u00e1r-Bereg (463) \u00e9s Baranya (336) megy\u00e9ben volt a legmagasabb, B\u00e9k\u00e9s (50) \u00e9s Kom\u00e1rom-Esztergom&nbsp;(73) megy\u00e9ben a legalacsonyabb. Influenzav\u00edrus<\/p>\n","protected":false},"author":1,"featured_media":41251,"comment_status":"closed","ping_status":"closed","sticky":false,"template":"","format":"standard","meta":{"ngg_post_thumbnail":0,"footnotes":""},"categories":[3],"tags":[744,49,50],"class_list":{"0":"post-41250","1":"post","2":"type-post","3":"status-publish","4":"format-standard","5":"has-post-thumbnail","7":"category-hirek","8":"tag-betegseg","9":"tag-egeszsegugy","10":"tag-influenza"},"yoast_head":"<!-- This site is optimized with the Yoast SEO plugin v27.5 - https:\/\/yoast.com\/product\/yoast-seo-wordpress\/ -->\n<title>Er\u0151s\u00f6d\u00f6tt az influenza<\/title>\n<meta name=\"robots\" content=\"index, follow, max-snippet:-1, max-image-preview:large, max-video-preview:-1\" \/>\n<link rel=\"canonical\" href=\"https:\/\/dorogimedence.hu\/index.php\/2022\/03\/18\/erosodott-az-influenza\/\" class=\"yoast-seo-meta-tag\" \/>\n<meta property=\"og:locale\" content=\"hu_HU\" class=\"yoast-seo-meta-tag\" \/>\n<meta property=\"og:type\" content=\"article\" class=\"yoast-seo-meta-tag\" \/>\n<meta property=\"og:title\" content=\"Er\u0151s\u00f6d\u00f6tt az influenza\" class=\"yoast-seo-meta-tag\" \/>\n<meta property=\"og:description\" content=\"Magyarorsz\u00e1gon az \u00e9v 10. het\u00e9ben, m\u00e1rcius 7-13. k\u00f6z\u00f6tt tov\u00e1bb er\u0151s\u00f6d\u00f6tt az influenza &#8211; k\u00f6z\u00f6lte a Nemzeti N\u00e9peg\u00e9szs\u00e9g\u00fcgyi K\u00f6zpont (NNK) a honlapj\u00e1n. Jelent\u0151s ter\u00fcleti k\u00fcl\u00f6nbs\u00e9gek vannak az orsz\u00e1gban. A 100 000 lakosra jut\u00f3 orvoshoz fordul\u00f3 betegek sz\u00e1ma Zala (670), Szabolcs-Szatm\u00e1r-Bereg (463) \u00e9s Baranya (336) megy\u00e9ben volt a legmagasabb, B\u00e9k\u00e9s (50) \u00e9s Kom\u00e1rom-Esztergom&nbsp;(73) megy\u00e9ben a legalacsonyabb. Influenzav\u00edrus\" class=\"yoast-seo-meta-tag\" \/>\n<meta property=\"og:url\" content=\"https:\/\/dorogimedence.hu\/index.php\/2022\/03\/18\/erosodott-az-influenza\/\" class=\"yoast-seo-meta-tag\" \/>\n<meta property=\"og:site_name\" content=\"Dorogi-medence Region\u00e1lis H\u00edrport\u00e1l\" class=\"yoast-seo-meta-tag\" \/>\n<meta property=\"article:publisher\" content=\"https:\/\/www.facebook.com\/dorogimedence\/\" class=\"yoast-seo-meta-tag\" \/>\n<meta property=\"article:published_time\" content=\"2022-03-18T09:22:25+00:00\" class=\"yoast-seo-meta-tag\" \/>\n<meta property=\"article:modified_time\" content=\"2022-03-18T09:22:56+00:00\" class=\"yoast-seo-meta-tag\" \/>\n<meta property=\"og:image\" content=\"https:\/\/i0.wp.com\/dorogimedence.hu\/wp-content\/uploads\/2022\/03\/cold-g8c1f593f0_1920.jpg?fit=1920%2C1362&ssl=1\" class=\"yoast-seo-meta-tag\" \/>\n\t<meta property=\"og:image:width\" content=\"1920\" class=\"yoast-seo-meta-tag\" \/>\n\t<meta property=\"og:image:height\" content=\"1362\" class=\"yoast-seo-meta-tag\" \/>\n\t<meta property=\"og:image:type\" content=\"image\/jpeg\" class=\"yoast-seo-meta-tag\" \/>\n<meta name=\"author\" content=\"dorogimedence.hu\" class=\"yoast-seo-meta-tag\" \/>\n<meta name=\"twitter:card\" content=\"summary_large_image\" class=\"yoast-seo-meta-tag\" \/>\n<meta name=\"twitter:label1\" content=\"Szerz\u0151:\" class=\"yoast-seo-meta-tag\" \/>\n\t<meta name=\"twitter:data1\" content=\"dorogimedence.hu\" class=\"yoast-seo-meta-tag\" \/>\n\t<meta name=\"twitter:label2\" content=\"Becs\u00fclt olvas\u00e1si id\u0151\" class=\"yoast-seo-meta-tag\" \/>\n\t<meta name=\"twitter:data2\" content=\"2 perc\" class=\"yoast-seo-meta-tag\" \/>\n<script type=\"application\/ld+json\" class=\"yoast-schema-graph\">{\"@context\":\"https:\\\/\\\/schema.org\",\"@graph\":[{\"@type\":\"Article\",\"@id\":\"https:\\\/\\\/dorogimedence.hu\\\/index.php\\\/2022\\\/03\\\/18\\\/erosodott-az-influenza\\\/#article\",\"isPartOf\":{\"@id\":\"https:\\\/\\\/dorogimedence.hu\\\/index.php\\\/2022\\\/03\\\/18\\\/erosodott-az-influenza\\\/\"},\"author\":{\"name\":\"dorogimedence.hu\",\"@id\":\"https:\\\/\\\/dorogimedence.hu\\\/#\\\/schema\\\/person\\\/ce6091eeb7e95ecdc87890d6aa8e0fd4\"},\"headline\":\"Er\u0151s\u00f6d\u00f6tt az influenza\",\"datePublished\":\"2022-03-18T09:22:25+00:00\",\"dateModified\":\"2022-03-18T09:22:56+00:00\",\"mainEntityOfPage\":{\"@id\":\"https:\\\/\\\/dorogimedence.hu\\\/index.php\\\/2022\\\/03\\\/18\\\/erosodott-az-influenza\\\/\"},\"wordCount\":404,\"publisher\":{\"@id\":\"https:\\\/\\\/dorogimedence.hu\\\/#organization\"},\"image\":{\"@id\":\"https:\\\/\\\/dorogimedence.hu\\\/index.php\\\/2022\\\/03\\\/18\\\/erosodott-az-influenza\\\/#primaryimage\"},\"thumbnailUrl\":\"https:\\\/\\\/dorogimedence.hu\\\/wp-content\\\/uploads\\\/2022\\\/03\\\/cold-g8c1f593f0_1920.jpg\",\"keywords\":[\"betegs\u00e9g\",\"eg\u00e9szs\u00e9g\u00fcgy\",\"Influenza\"],\"articleSection\":[\"H\u00edrek\"],\"inLanguage\":\"hu\"},{\"@type\":\"WebPage\",\"@id\":\"https:\\\/\\\/dorogimedence.hu\\\/index.php\\\/2022\\\/03\\\/18\\\/erosodott-az-influenza\\\/\",\"url\":\"https:\\\/\\\/dorogimedence.hu\\\/index.php\\\/2022\\\/03\\\/18\\\/erosodott-az-influenza\\\/\",\"name\":\"Er\u0151s\u00f6d\u00f6tt az influenza\",\"isPartOf\":{\"@id\":\"https:\\\/\\\/dorogimedence.hu\\\/#website\"},\"primaryImageOfPage\":{\"@id\":\"https:\\\/\\\/dorogimedence.hu\\\/index.php\\\/2022\\\/03\\\/18\\\/erosodott-az-influenza\\\/#primaryimage\"},\"image\":{\"@id\":\"https:\\\/\\\/dorogimedence.hu\\\/index.php\\\/2022\\\/03\\\/18\\\/erosodott-az-influenza\\\/#primaryimage\"},\"thumbnailUrl\":\"https:\\\/\\\/dorogimedence.hu\\\/wp-content\\\/uploads\\\/2022\\\/03\\\/cold-g8c1f593f0_1920.jpg\",\"datePublished\":\"2022-03-18T09:22:25+00:00\",\"dateModified\":\"2022-03-18T09:22:56+00:00\",\"breadcrumb\":{\"@id\":\"https:\\\/\\\/dorogimedence.hu\\\/index.php\\\/2022\\\/03\\\/18\\\/erosodott-az-influenza\\\/#breadcrumb\"},\"inLanguage\":\"hu\",\"potentialAction\":[{\"@type\":\"ReadAction\",\"target\":[\"https:\\\/\\\/dorogimedence.hu\\\/index.php\\\/2022\\\/03\\\/18\\\/erosodott-az-influenza\\\/\"]}]},{\"@type\":\"ImageObject\",\"inLanguage\":\"hu\",\"@id\":\"https:\\\/\\\/dorogimedence.hu\\\/index.php\\\/2022\\\/03\\\/18\\\/erosodott-az-influenza\\\/#primaryimage\",\"url\":\"https:\\\/\\\/dorogimedence.hu\\\/wp-content\\\/uploads\\\/2022\\\/03\\\/cold-g8c1f593f0_1920.jpg\",\"contentUrl\":\"https:\\\/\\\/dorogimedence.hu\\\/wp-content\\\/uploads\\\/2022\\\/03\\\/cold-g8c1f593f0_1920.jpg\",\"width\":1920,\"height\":1362},{\"@type\":\"BreadcrumbList\",\"@id\":\"https:\\\/\\\/dorogimedence.hu\\\/index.php\\\/2022\\\/03\\\/18\\\/erosodott-az-influenza\\\/#breadcrumb\",\"itemListElement\":[{\"@type\":\"ListItem\",\"position\":1,\"name\":\"Kezd\u0151lap\",\"item\":\"https:\\\/\\\/dorogimedence.hu\\\/\"},{\"@type\":\"ListItem\",\"position\":2,\"name\":\"Er\u0151s\u00f6d\u00f6tt az influenza\"}]},{\"@type\":\"WebSite\",\"@id\":\"https:\\\/\\\/dorogimedence.hu\\\/#website\",\"url\":\"https:\\\/\\\/dorogimedence.hu\\\/\",\"name\":\"Dorogi-medence Region\u00e1lis H\u00edrport\u00e1l\",\"description\":\"Dorog, Keszt\u00f6lc, Le\u00e1nyv\u00e1r, Piliscs\u00e9v, Tokod, Tokodalt\u00e1r\u00f3, Csolnok, Esztergom-kertv\u00e1ros: h\u00edrek, programok\",\"publisher\":{\"@id\":\"https:\\\/\\\/dorogimedence.hu\\\/#organization\"},\"potentialAction\":[{\"@type\":\"SearchAction\",\"target\":{\"@type\":\"EntryPoint\",\"urlTemplate\":\"https:\\\/\\\/dorogimedence.hu\\\/?s={search_term_string}\"},\"query-input\":{\"@type\":\"PropertyValueSpecification\",\"valueRequired\":true,\"valueName\":\"search_term_string\"}}],\"inLanguage\":\"hu\"},{\"@type\":\"Organization\",\"@id\":\"https:\\\/\\\/dorogimedence.hu\\\/#organization\",\"name\":\"Dorogi-medence Region\u00e1lis H\u00edrport\u00e1l\",\"url\":\"https:\\\/\\\/dorogimedence.hu\\\/\",\"logo\":{\"@type\":\"ImageObject\",\"inLanguage\":\"hu\",\"@id\":\"https:\\\/\\\/dorogimedence.hu\\\/#\\\/schema\\\/logo\\\/image\\\/\",\"url\":\"https:\\\/\\\/dorogimedence.hu\\\/wp-content\\\/uploads\\\/2021\\\/04\\\/logo-feher-600.png\",\"contentUrl\":\"https:\\\/\\\/dorogimedence.hu\\\/wp-content\\\/uploads\\\/2021\\\/04\\\/logo-feher-600.png\",\"width\":600,\"height\":100,\"caption\":\"Dorogi-medence Region\u00e1lis H\u00edrport\u00e1l\"},\"image\":{\"@id\":\"https:\\\/\\\/dorogimedence.hu\\\/#\\\/schema\\\/logo\\\/image\\\/\"},\"sameAs\":[\"https:\\\/\\\/www.facebook.com\\\/dorogimedence\\\/\"]},{\"@type\":\"Person\",\"@id\":\"https:\\\/\\\/dorogimedence.hu\\\/#\\\/schema\\\/person\\\/ce6091eeb7e95ecdc87890d6aa8e0fd4\",\"name\":\"dorogimedence.hu\",\"image\":{\"@type\":\"ImageObject\",\"inLanguage\":\"hu\",\"@id\":\"\\\/\\\/www.gravatar.com\\\/avatar\\\/d8d45f8901aadff40a4af72c0b826f1d?s=96&#038;r=g&#038;d=mm\",\"url\":\"\\\/\\\/www.gravatar.com\\\/avatar\\\/d8d45f8901aadff40a4af72c0b826f1d?s=96&#038;r=g&#038;d=mm\",\"contentUrl\":\"\\\/\\\/www.gravatar.com\\\/avatar\\\/d8d45f8901aadff40a4af72c0b826f1d?s=96&#038;r=g&#038;d=mm\",\"caption\":\"dorogimedence.hu\"}}]}<\/script>\n<!-- \/ Yoast SEO plugin. -->","yoast_head_json":{"title":"Er\u0151s\u00f6d\u00f6tt az influenza","robots":{"index":"index","follow":"follow","max-snippet":"max-snippet:-1","max-image-preview":"max-image-preview:large","max-video-preview":"max-video-preview:-1"},"canonical":"https:\/\/dorogimedence.hu\/index.php\/2022\/03\/18\/erosodott-az-influenza\/","og_locale":"hu_HU","og_type":"article","og_title":"Er\u0151s\u00f6d\u00f6tt az influenza","og_description":"Magyarorsz\u00e1gon az \u00e9v 10. het\u00e9ben, m\u00e1rcius 7-13. k\u00f6z\u00f6tt tov\u00e1bb er\u0151s\u00f6d\u00f6tt az influenza &#8211; k\u00f6z\u00f6lte a Nemzeti N\u00e9peg\u00e9szs\u00e9g\u00fcgyi K\u00f6zpont (NNK) a honlapj\u00e1n. Jelent\u0151s ter\u00fcleti k\u00fcl\u00f6nbs\u00e9gek vannak az orsz\u00e1gban. A 100 000 lakosra jut\u00f3 orvoshoz fordul\u00f3 betegek sz\u00e1ma Zala (670), Szabolcs-Szatm\u00e1r-Bereg (463) \u00e9s Baranya (336) megy\u00e9ben volt a legmagasabb, B\u00e9k\u00e9s (50) \u00e9s Kom\u00e1rom-Esztergom&nbsp;(73) megy\u00e9ben a legalacsonyabb. Influenzav\u00edrus","og_url":"https:\/\/dorogimedence.hu\/index.php\/2022\/03\/18\/erosodott-az-influenza\/","og_site_name":"Dorogi-medence Region\u00e1lis H\u00edrport\u00e1l","article_publisher":"https:\/\/www.facebook.com\/dorogimedence\/","article_published_time":"2022-03-18T09:22:25+00:00","article_modified_time":"2022-03-18T09:22:56+00:00","og_image":[{"width":1920,"height":1362,"url":"https:\/\/i0.wp.com\/dorogimedence.hu\/wp-content\/uploads\/2022\/03\/cold-g8c1f593f0_1920.jpg?fit=1920%2C1362&ssl=1","type":"image\/jpeg"}],"author":"dorogimedence.hu","twitter_card":"summary_large_image","twitter_misc":{"Szerz\u0151:":"dorogimedence.hu","Becs\u00fclt olvas\u00e1si id\u0151":"2 perc"},"schema":{"@context":"https:\/\/schema.org","@graph":[{"@type":"Article","@id":"https:\/\/dorogimedence.hu\/index.php\/2022\/03\/18\/erosodott-az-influenza\/#article","isPartOf":{"@id":"https:\/\/dorogimedence.hu\/index.php\/2022\/03\/18\/erosodott-az-influenza\/"},"author":{"name":"dorogimedence.hu","@id":"https:\/\/dorogimedence.hu\/#\/schema\/person\/ce6091eeb7e95ecdc87890d6aa8e0fd4"},"headline":"Er\u0151s\u00f6d\u00f6tt az influenza","datePublished":"2022-03-18T09:22:25+00:00","dateModified":"2022-03-18T09:22:56+00:00","mainEntityOfPage":{"@id":"https:\/\/dorogimedence.hu\/index.php\/2022\/03\/18\/erosodott-az-influenza\/"},"wordCount":404,"publisher":{"@id":"https:\/\/dorogimedence.hu\/#organization"},"image":{"@id":"https:\/\/dorogimedence.hu\/index.php\/2022\/03\/18\/erosodott-az-influenza\/#primaryimage"},"thumbnailUrl":"https:\/\/dorogimedence.hu\/wp-content\/uploads\/2022\/03\/cold-g8c1f593f0_1920.jpg","keywords":["betegs\u00e9g","eg\u00e9szs\u00e9g\u00fcgy","Influenza"],"articleSection":["H\u00edrek"],"inLanguage":"hu"},{"@type":"WebPage","@id":"https:\/\/dorogimedence.hu\/index.php\/2022\/03\/18\/erosodott-az-influenza\/","url":"https:\/\/dorogimedence.hu\/index.php\/2022\/03\/18\/erosodott-az-influenza\/","name":"Er\u0151s\u00f6d\u00f6tt az influenza","isPartOf":{"@id":"https:\/\/dorogimedence.hu\/#website"},"primaryImageOfPage":{"@id":"https:\/\/dorogimedence.hu\/index.php\/2022\/03\/18\/erosodott-az-influenza\/#primaryimage"},"image":{"@id":"https:\/\/dorogimedence.hu\/index.php\/2022\/03\/18\/erosodott-az-influenza\/#primaryimage"},"thumbnailUrl":"https:\/\/dorogimedence.hu\/wp-content\/uploads\/2022\/03\/cold-g8c1f593f0_1920.jpg","datePublished":"2022-03-18T09:22:25+00:00","dateModified":"2022-03-18T09:22:56+00:00","breadcrumb":{"@id":"https:\/\/dorogimedence.hu\/index.php\/2022\/03\/18\/erosodott-az-influenza\/#breadcrumb"},"inLanguage":"hu","potentialAction":[{"@type":"ReadAction","target":["https:\/\/dorogimedence.hu\/index.php\/2022\/03\/18\/erosodott-az-influenza\/"]}]},{"@type":"ImageObject","inLanguage":"hu","@id":"https:\/\/dorogimedence.hu\/index.php\/2022\/03\/18\/erosodott-az-influenza\/#primaryimage","url":"https:\/\/dorogimedence.hu\/wp-content\/uploads\/2022\/03\/cold-g8c1f593f0_1920.jpg","contentUrl":"https:\/\/dorogimedence.hu\/wp-content\/uploads\/2022\/03\/cold-g8c1f593f0_1920.jpg","width":1920,"height":1362},{"@type":"BreadcrumbList","@id":"https:\/\/dorogimedence.hu\/index.php\/2022\/03\/18\/erosodott-az-influenza\/#breadcrumb","itemListElement":[{"@type":"ListItem","position":1,"name":"Kezd\u0151lap","item":"https:\/\/dorogimedence.hu\/"},{"@type":"ListItem","position":2,"name":"Er\u0151s\u00f6d\u00f6tt az influenza"}]},{"@type":"WebSite","@id":"https:\/\/dorogimedence.hu\/#website","url":"https:\/\/dorogimedence.hu\/","name":"Dorogi-medence Region\u00e1lis H\u00edrport\u00e1l","description":"Dorog, Keszt\u00f6lc, Le\u00e1nyv\u00e1r, Piliscs\u00e9v, Tokod, Tokodalt\u00e1r\u00f3, Csolnok, Esztergom-kertv\u00e1ros: h\u00edrek, programok","publisher":{"@id":"https:\/\/dorogimedence.hu\/#organization"},"potentialAction":[{"@type":"SearchAction","target":{"@type":"EntryPoint","urlTemplate":"https:\/\/dorogimedence.hu\/?s={search_term_string}"},"query-input":{"@type":"PropertyValueSpecification","valueRequired":true,"valueName":"search_term_string"}}],"inLanguage":"hu"},{"@type":"Organization","@id":"https:\/\/dorogimedence.hu\/#organization","name":"Dorogi-medence Region\u00e1lis H\u00edrport\u00e1l","url":"https:\/\/dorogimedence.hu\/","logo":{"@type":"ImageObject","inLanguage":"hu","@id":"https:\/\/dorogimedence.hu\/#\/schema\/logo\/image\/","url":"https:\/\/dorogimedence.hu\/wp-content\/uploads\/2021\/04\/logo-feher-600.png","contentUrl":"https:\/\/dorogimedence.hu\/wp-content\/uploads\/2021\/04\/logo-feher-600.png","width":600,"height":100,"caption":"Dorogi-medence Region\u00e1lis H\u00edrport\u00e1l"},"image":{"@id":"https:\/\/dorogimedence.hu\/#\/schema\/logo\/image\/"},"sameAs":["https:\/\/www.facebook.com\/dorogimedence\/"]},{"@type":"Person","@id":"https:\/\/dorogimedence.hu\/#\/schema\/person\/ce6091eeb7e95ecdc87890d6aa8e0fd4","name":"dorogimedence.hu","image":{"@type":"ImageObject","inLanguage":"hu","@id":"\/\/www.gravatar.com\/avatar\/d8d45f8901aadff40a4af72c0b826f1d?s=96&#038;r=g&#038;d=mm","url":"\/\/www.gravatar.com\/avatar\/d8d45f8901aadff40a4af72c0b826f1d?s=96&#038;r=g&#038;d=mm","contentUrl":"\/\/www.gravatar.com\/avatar\/d8d45f8901aadff40a4af72c0b826f1d?s=96&#038;r=g&#038;d=mm","caption":"dorogimedence.hu"}}]}},"_links":{"self":[{"href":"https:\/\/dorogimedence.hu\/index.php\/wp-json\/wp\/v2\/posts\/41250","targetHints":{"allow":["GET"]}}],"collection":[{"href":"https:\/\/dorogimedence.hu\/index.php\/wp-json\/wp\/v2\/posts"}],"about":[{"href":"https:\/\/dorogimedence.hu\/index.php\/wp-json\/wp\/v2\/types\/post"}],"author":[{"embeddable":true,"href":"https:\/\/dorogimedence.hu\/index.php\/wp-json\/wp\/v2\/users\/1"}],"replies":[{"embeddable":true,"href":"https:\/\/dorogimedence.hu\/index.php\/wp-json\/wp\/v2\/comments?post=41250"}],"version-history":[{"count":0,"href":"https:\/\/dorogimedence.hu\/index.php\/wp-json\/wp\/v2\/posts\/41250\/revisions"}],"wp:featuredmedia":[{"embeddable":true,"href":"https:\/\/dorogimedence.hu\/index.php\/wp-json\/wp\/v2\/media\/41251"}],"wp:attachment":[{"href":"https:\/\/dorogimedence.hu\/index.php\/wp-json\/wp\/v2\/media?parent=41250"}],"wp:term":[{"taxonomy":"category","embeddable":true,"href":"https:\/\/dorogimedence.hu\/index.php\/wp-json\/wp\/v2\/categories?post=41250"},{"taxonomy":"post_tag","embeddable":true,"href":"https:\/\/dorogimedence.hu\/index.php\/wp-json\/wp\/v2\/tags?post=41250"}],"curies":[{"name":"wp","href":"https:\/\/api.w.org\/{rel}","templated":true}]}}