{"id":41000,"date":"2022-03-07T14:19:19","date_gmt":"2022-03-07T13:19:19","guid":{"rendered":"https:\/\/dorogimedence.hu\/?p=41000"},"modified":"2022-03-07T14:19:40","modified_gmt":"2022-03-07T13:19:40","slug":"adomanyokat-gyujt-a-magyar-voroskereszt","status":"publish","type":"post","link":"https:\/\/dorogimedence.hu\/index.php\/2022\/03\/07\/adomanyokat-gyujt-a-magyar-voroskereszt\/","title":{"rendered":"Adom\u00e1nyokat gy\u0171jt a Magyar V\u00f6r\u00f6skereszt"},"content":{"rendered":"<p><strong>A Magyar V\u00f6r\u00f6skereszt helyi szervezetei adom\u00e1nyokat gy\u0171jtenek az Ukrajn\u00e1b\u00f3l \u00e9rkez\u0151 menek\u00fcltek megseg\u00edt\u00e9se \u00e9rdek\u00e9ben Esztergomban, Dorogon, Tokodalt\u00e1r\u00f3n, Le\u00e1nyv\u00e1ron \u00e9s Bajn\u00e1n.<\/strong><\/p>\n<p>A szervezet munkat\u00e1rsai az al\u00e1bbi felaj\u00e1nl\u00e1sokat v\u00e1rj\u00e1k:<\/p>\n<ul>\n<li>tart\u00f3s \u00e9lelmiszerek (konzerv, k\u00e9sz\u00e9tel, \u00fcd\u00edt\u0151, csokol\u00e1d\u00e9, keksz, stb.),<\/li>\n<li>takar\u00f3k, tiszta \u00e1gynem\u0171k, j\u00f3 \u00e1llapot\u00fa matracok,<\/li>\n<li>b\u00e9bi \u00e9telek, pelenk\u00e1k, baba \u00e1pol\u00e1si term\u00e9kek, baba \u00e9s gyermekholmik, t\u00f6r\u00f6lk\u00f6z\u0151k (a b\u00e9bi \u00e9s gyermek adom\u00e1nyn\u00e1l t\u00fcntess\u00e9k fel a kort is pl.: 0-6 h\u00f3nap, 7-9 \u00e9ves, l\u00e1ny vagy fi\u00fa, stb.)<\/li>\n<li>tisztas\u00e1gi \u00e9s tiszt\u00e1lkod\u00f3 szerek.<\/li>\n<\/ul>\n<p>Az adom\u00e1nygy\u0171jt\u00e9s c\u00e9lja, hogy a Magyar V\u00f6r\u00f6skereszt min\u00e9l hat\u00e9konyabban tudja seg\u00edteni a humanit\u00e1rius katasztr\u00f3fa \u00e9rintettjeit. Az adom\u00e1nygy\u0171jt\u00e9s alatt a bej\u00f6v\u0151 p\u00e9nzadom\u00e1nyokat az ukrajnai helyzet kapcs\u00e1n felmer\u00fcl\u0151 humanit\u00e1rius tev\u00e9kenys\u00e9gre ford\u00edtj\u00e1k. P\u00e9nzadom\u00e1nyokat a Magyar V\u00f6r\u00f6skereszt sz\u00e1ml\u00e1j\u00e1ra lehet utalni: 10405004-00026548-00000009 (k\u00f6zlem\u00e9ny: humanit\u00e1rius v\u00e1ls\u00e1g), illetve adom\u00e1nyvonaluk h\u00edv\u00e1s\u00e1val is seg\u00edthetnek a 1359-es sz\u00e1mon (250 Ft\/h\u00edv\u00e1s)!<\/p>\n<p><strong>\u00c1tv\u00e9teli pontok:<\/strong><\/p>\n<ul>\n<li>Esztergom, Magyar V\u00f6r\u00f6skereszt Iroda (Po\u00f3r Antal t\u00e9r 1., 1. emelet). Szerd\u00e1nk\u00e9nt 11-16 \u00f3r\u00e1ig.<\/li>\n<li>Dorog, Int\u00e9zm\u00e9nyek H\u00e1za alagsor (Hantken Miksa utca 8.). H\u00e9tf\u0151, szerda, cs\u00fct\u00f6rt\u00f6k, p\u00e9ntek: 8-12 \u00f3r\u00e1ig. Kedd: 8-17 \u00f3r\u00e1ig.<\/li>\n<li>Tokodalt\u00e1r\u00f3, B\u00e1ny\u00e1sz K\u00f6z\u00f6ss\u00e9gi Sz\u00ednt\u00e9r (J\u00f3zsef Attila utca 14.). H\u00e9tf\u0151, szerda, cs\u00fct\u00f6rt\u00f6k, p\u00e9ntek: 8-14 \u00f3r\u00e1ig. Kedd: 8-17 \u00f3r\u00e1ig.<\/li>\n<li>Le\u00e1nyv\u00e1r, Farkas J\u00e1nos M\u0171vel\u0151d\u00e9si H\u00e1z (B\u00e9csi \u00fat 182). H\u00e9tf\u0151: 9-16 \u00f3r\u00e1ig. Szerda: 9-18 \u00f3r\u00e1ig.<\/li>\n<li>Bajna, K\u00f6z\u00f6ss\u00e9gi H\u00e1z (H\u0151s\u00f6k tere 2.). H\u00e9tf\u0151t\u0151l p\u00e9ntekig: 8-16 \u00f3r\u00e1ig.<\/li>\n<\/ul>\n<p><em>Bor\u00edt\u00f3k\u00e9p, forr\u00e1s: Magyar V\u00f6r\u00f6skereszt<\/em><\/p>\n","protected":false},"excerpt":{"rendered":"<p>A Magyar V\u00f6r\u00f6skereszt helyi szervezetei adom\u00e1nyokat gy\u0171jtenek az Ukrajn\u00e1b\u00f3l \u00e9rkez\u0151 menek\u00fcltek megseg\u00edt\u00e9se \u00e9rdek\u00e9ben Esztergomban, Dorogon, Tokodalt\u00e1r\u00f3n, Le\u00e1nyv\u00e1ron \u00e9s Bajn\u00e1n. A szervezet munkat\u00e1rsai az al\u00e1bbi felaj\u00e1nl\u00e1sokat v\u00e1rj\u00e1k: tart\u00f3s \u00e9lelmiszerek (konzerv, k\u00e9sz\u00e9tel, \u00fcd\u00edt\u0151, csokol\u00e1d\u00e9, keksz, stb.), takar\u00f3k, tiszta \u00e1gynem\u0171k, j\u00f3 \u00e1llapot\u00fa matracok, b\u00e9bi \u00e9telek, pelenk\u00e1k, baba \u00e1pol\u00e1si term\u00e9kek, baba \u00e9s gyermekholmik, t\u00f6r\u00f6lk\u00f6z\u0151k (a b\u00e9bi \u00e9s gyermek adom\u00e1nyn\u00e1l<\/p>\n","protected":false},"author":1,"featured_media":41001,"comment_status":"closed","ping_status":"closed","sticky":false,"template":"","format":"standard","meta":{"ngg_post_thumbnail":0,"footnotes":""},"categories":[2,38,3,9,10],"tags":[1887,1847,249,15,42,55,178,47],"class_list":{"0":"post-41000","1":"post","2":"type-post","3":"status-publish","4":"format-standard","5":"has-post-thumbnail","7":"category-dorog","8":"category-esztergom","9":"category-hirek","10":"category-leanyvar","11":"category-tokodaltaro","12":"tag-adomany","13":"tag-adomanygyujtes","14":"tag-bajna","15":"tag-dorog","16":"tag-esztergom","17":"tag-leanyvar","18":"tag-segitseg","19":"tag-tokodaltaro"},"yoast_head":"<!-- This site is optimized with the Yoast SEO plugin v27.5 - https:\/\/yoast.com\/product\/yoast-seo-wordpress\/ -->\n<title>Adom\u00e1nyokat gy\u0171jt a Magyar V\u00f6r\u00f6skereszt<\/title>\n<meta name=\"robots\" content=\"index, follow, max-snippet:-1, max-image-preview:large, max-video-preview:-1\" \/>\n<link rel=\"canonical\" href=\"https:\/\/dorogimedence.hu\/index.php\/2022\/03\/07\/adomanyokat-gyujt-a-magyar-voroskereszt\/\" class=\"yoast-seo-meta-tag\" \/>\n<meta property=\"og:locale\" content=\"hu_HU\" class=\"yoast-seo-meta-tag\" \/>\n<meta property=\"og:type\" content=\"article\" class=\"yoast-seo-meta-tag\" \/>\n<meta property=\"og:title\" content=\"Adom\u00e1nyokat gy\u0171jt a Magyar V\u00f6r\u00f6skereszt\" class=\"yoast-seo-meta-tag\" \/>\n<meta property=\"og:description\" content=\"A Magyar V\u00f6r\u00f6skereszt helyi szervezetei adom\u00e1nyokat gy\u0171jtenek az Ukrajn\u00e1b\u00f3l \u00e9rkez\u0151 menek\u00fcltek megseg\u00edt\u00e9se \u00e9rdek\u00e9ben Esztergomban, Dorogon, Tokodalt\u00e1r\u00f3n, Le\u00e1nyv\u00e1ron \u00e9s Bajn\u00e1n. A szervezet munkat\u00e1rsai az al\u00e1bbi felaj\u00e1nl\u00e1sokat v\u00e1rj\u00e1k: tart\u00f3s \u00e9lelmiszerek (konzerv, k\u00e9sz\u00e9tel, \u00fcd\u00edt\u0151, csokol\u00e1d\u00e9, keksz, stb.), takar\u00f3k, tiszta \u00e1gynem\u0171k, j\u00f3 \u00e1llapot\u00fa matracok, b\u00e9bi \u00e9telek, pelenk\u00e1k, baba \u00e1pol\u00e1si term\u00e9kek, baba \u00e9s gyermekholmik, t\u00f6r\u00f6lk\u00f6z\u0151k (a b\u00e9bi \u00e9s gyermek adom\u00e1nyn\u00e1l\" class=\"yoast-seo-meta-tag\" \/>\n<meta property=\"og:url\" content=\"https:\/\/dorogimedence.hu\/index.php\/2022\/03\/07\/adomanyokat-gyujt-a-magyar-voroskereszt\/\" class=\"yoast-seo-meta-tag\" \/>\n<meta property=\"og:site_name\" content=\"Dorogi-medence Region\u00e1lis H\u00edrport\u00e1l\" class=\"yoast-seo-meta-tag\" \/>\n<meta property=\"article:publisher\" content=\"https:\/\/www.facebook.com\/dorogimedence\/\" class=\"yoast-seo-meta-tag\" \/>\n<meta property=\"article:published_time\" content=\"2022-03-07T13:19:19+00:00\" class=\"yoast-seo-meta-tag\" \/>\n<meta property=\"article:modified_time\" content=\"2022-03-07T13:19:40+00:00\" class=\"yoast-seo-meta-tag\" \/>\n<meta property=\"og:image\" content=\"https:\/\/i0.wp.com\/dorogimedence.hu\/wp-content\/uploads\/2022\/03\/magyar-voroskereszt.jpg?fit=1783%2C1100&ssl=1\" class=\"yoast-seo-meta-tag\" \/>\n\t<meta property=\"og:image:width\" content=\"1783\" class=\"yoast-seo-meta-tag\" \/>\n\t<meta property=\"og:image:height\" content=\"1100\" class=\"yoast-seo-meta-tag\" \/>\n\t<meta property=\"og:image:type\" content=\"image\/jpeg\" class=\"yoast-seo-meta-tag\" \/>\n<meta name=\"author\" content=\"dorogimedence.hu\" class=\"yoast-seo-meta-tag\" \/>\n<meta name=\"twitter:card\" content=\"summary_large_image\" class=\"yoast-seo-meta-tag\" \/>\n<meta name=\"twitter:label1\" content=\"Szerz\u0151:\" class=\"yoast-seo-meta-tag\" \/>\n\t<meta name=\"twitter:data1\" content=\"dorogimedence.hu\" class=\"yoast-seo-meta-tag\" \/>\n\t<meta name=\"twitter:label2\" content=\"Becs\u00fclt olvas\u00e1si id\u0151\" class=\"yoast-seo-meta-tag\" \/>\n\t<meta name=\"twitter:data2\" content=\"2 perc\" class=\"yoast-seo-meta-tag\" \/>\n<script type=\"application\/ld+json\" class=\"yoast-schema-graph\">{\"@context\":\"https:\\\/\\\/schema.org\",\"@graph\":[{\"@type\":\"Article\",\"@id\":\"https:\\\/\\\/dorogimedence.hu\\\/index.php\\\/2022\\\/03\\\/07\\\/adomanyokat-gyujt-a-magyar-voroskereszt\\\/#article\",\"isPartOf\":{\"@id\":\"https:\\\/\\\/dorogimedence.hu\\\/index.php\\\/2022\\\/03\\\/07\\\/adomanyokat-gyujt-a-magyar-voroskereszt\\\/\"},\"author\":{\"name\":\"dorogimedence.hu\",\"@id\":\"https:\\\/\\\/dorogimedence.hu\\\/#\\\/schema\\\/person\\\/ce6091eeb7e95ecdc87890d6aa8e0fd4\"},\"headline\":\"Adom\u00e1nyokat gy\u0171jt a Magyar V\u00f6r\u00f6skereszt\",\"datePublished\":\"2022-03-07T13:19:19+00:00\",\"dateModified\":\"2022-03-07T13:19:40+00:00\",\"mainEntityOfPage\":{\"@id\":\"https:\\\/\\\/dorogimedence.hu\\\/index.php\\\/2022\\\/03\\\/07\\\/adomanyokat-gyujt-a-magyar-voroskereszt\\\/\"},\"wordCount\":355,\"publisher\":{\"@id\":\"https:\\\/\\\/dorogimedence.hu\\\/#organization\"},\"image\":{\"@id\":\"https:\\\/\\\/dorogimedence.hu\\\/index.php\\\/2022\\\/03\\\/07\\\/adomanyokat-gyujt-a-magyar-voroskereszt\\\/#primaryimage\"},\"thumbnailUrl\":\"https:\\\/\\\/dorogimedence.hu\\\/wp-content\\\/uploads\\\/2022\\\/03\\\/magyar-voroskereszt.jpg\",\"keywords\":[\"adom\u00e1ny\",\"adom\u00e1nygy\u0171jt\u00e9s\",\"Bajna\",\"Dorog\",\"esztergom\",\"le\u00e1nyv\u00e1r\",\"seg\u00edts\u00e9g\",\"Tokodalt\u00e1r\u00f3\"],\"articleSection\":[\"Dorog\",\"Esztergom\",\"H\u00edrek\",\"Le\u00e1nyv\u00e1r\",\"Tokodalt\u00e1r\u00f3\"],\"inLanguage\":\"hu\"},{\"@type\":\"WebPage\",\"@id\":\"https:\\\/\\\/dorogimedence.hu\\\/index.php\\\/2022\\\/03\\\/07\\\/adomanyokat-gyujt-a-magyar-voroskereszt\\\/\",\"url\":\"https:\\\/\\\/dorogimedence.hu\\\/index.php\\\/2022\\\/03\\\/07\\\/adomanyokat-gyujt-a-magyar-voroskereszt\\\/\",\"name\":\"Adom\u00e1nyokat gy\u0171jt a Magyar V\u00f6r\u00f6skereszt\",\"isPartOf\":{\"@id\":\"https:\\\/\\\/dorogimedence.hu\\\/#website\"},\"primaryImageOfPage\":{\"@id\":\"https:\\\/\\\/dorogimedence.hu\\\/index.php\\\/2022\\\/03\\\/07\\\/adomanyokat-gyujt-a-magyar-voroskereszt\\\/#primaryimage\"},\"image\":{\"@id\":\"https:\\\/\\\/dorogimedence.hu\\\/index.php\\\/2022\\\/03\\\/07\\\/adomanyokat-gyujt-a-magyar-voroskereszt\\\/#primaryimage\"},\"thumbnailUrl\":\"https:\\\/\\\/dorogimedence.hu\\\/wp-content\\\/uploads\\\/2022\\\/03\\\/magyar-voroskereszt.jpg\",\"datePublished\":\"2022-03-07T13:19:19+00:00\",\"dateModified\":\"2022-03-07T13:19:40+00:00\",\"breadcrumb\":{\"@id\":\"https:\\\/\\\/dorogimedence.hu\\\/index.php\\\/2022\\\/03\\\/07\\\/adomanyokat-gyujt-a-magyar-voroskereszt\\\/#breadcrumb\"},\"inLanguage\":\"hu\",\"potentialAction\":[{\"@type\":\"ReadAction\",\"target\":[\"https:\\\/\\\/dorogimedence.hu\\\/index.php\\\/2022\\\/03\\\/07\\\/adomanyokat-gyujt-a-magyar-voroskereszt\\\/\"]}]},{\"@type\":\"ImageObject\",\"inLanguage\":\"hu\",\"@id\":\"https:\\\/\\\/dorogimedence.hu\\\/index.php\\\/2022\\\/03\\\/07\\\/adomanyokat-gyujt-a-magyar-voroskereszt\\\/#primaryimage\",\"url\":\"https:\\\/\\\/dorogimedence.hu\\\/wp-content\\\/uploads\\\/2022\\\/03\\\/magyar-voroskereszt.jpg\",\"contentUrl\":\"https:\\\/\\\/dorogimedence.hu\\\/wp-content\\\/uploads\\\/2022\\\/03\\\/magyar-voroskereszt.jpg\",\"width\":1783,\"height\":1100},{\"@type\":\"BreadcrumbList\",\"@id\":\"https:\\\/\\\/dorogimedence.hu\\\/index.php\\\/2022\\\/03\\\/07\\\/adomanyokat-gyujt-a-magyar-voroskereszt\\\/#breadcrumb\",\"itemListElement\":[{\"@type\":\"ListItem\",\"position\":1,\"name\":\"Kezd\u0151lap\",\"item\":\"https:\\\/\\\/dorogimedence.hu\\\/\"},{\"@type\":\"ListItem\",\"position\":2,\"name\":\"Adom\u00e1nyokat gy\u0171jt a Magyar V\u00f6r\u00f6skereszt\"}]},{\"@type\":\"WebSite\",\"@id\":\"https:\\\/\\\/dorogimedence.hu\\\/#website\",\"url\":\"https:\\\/\\\/dorogimedence.hu\\\/\",\"name\":\"Dorogi-medence Region\u00e1lis H\u00edrport\u00e1l\",\"description\":\"Dorog, Keszt\u00f6lc, Le\u00e1nyv\u00e1r, Piliscs\u00e9v, Tokod, Tokodalt\u00e1r\u00f3, Csolnok, Esztergom-kertv\u00e1ros: h\u00edrek, programok\",\"publisher\":{\"@id\":\"https:\\\/\\\/dorogimedence.hu\\\/#organization\"},\"potentialAction\":[{\"@type\":\"SearchAction\",\"target\":{\"@type\":\"EntryPoint\",\"urlTemplate\":\"https:\\\/\\\/dorogimedence.hu\\\/?s={search_term_string}\"},\"query-input\":{\"@type\":\"PropertyValueSpecification\",\"valueRequired\":true,\"valueName\":\"search_term_string\"}}],\"inLanguage\":\"hu\"},{\"@type\":\"Organization\",\"@id\":\"https:\\\/\\\/dorogimedence.hu\\\/#organization\",\"name\":\"Dorogi-medence Region\u00e1lis H\u00edrport\u00e1l\",\"url\":\"https:\\\/\\\/dorogimedence.hu\\\/\",\"logo\":{\"@type\":\"ImageObject\",\"inLanguage\":\"hu\",\"@id\":\"https:\\\/\\\/dorogimedence.hu\\\/#\\\/schema\\\/logo\\\/image\\\/\",\"url\":\"https:\\\/\\\/dorogimedence.hu\\\/wp-content\\\/uploads\\\/2021\\\/04\\\/logo-feher-600.png\",\"contentUrl\":\"https:\\\/\\\/dorogimedence.hu\\\/wp-content\\\/uploads\\\/2021\\\/04\\\/logo-feher-600.png\",\"width\":600,\"height\":100,\"caption\":\"Dorogi-medence Region\u00e1lis H\u00edrport\u00e1l\"},\"image\":{\"@id\":\"https:\\\/\\\/dorogimedence.hu\\\/#\\\/schema\\\/logo\\\/image\\\/\"},\"sameAs\":[\"https:\\\/\\\/www.facebook.com\\\/dorogimedence\\\/\"]},{\"@type\":\"Person\",\"@id\":\"https:\\\/\\\/dorogimedence.hu\\\/#\\\/schema\\\/person\\\/ce6091eeb7e95ecdc87890d6aa8e0fd4\",\"name\":\"dorogimedence.hu\",\"image\":{\"@type\":\"ImageObject\",\"inLanguage\":\"hu\",\"@id\":\"\\\/\\\/www.gravatar.com\\\/avatar\\\/d8d45f8901aadff40a4af72c0b826f1d?s=96&#038;r=g&#038;d=mm\",\"url\":\"\\\/\\\/www.gravatar.com\\\/avatar\\\/d8d45f8901aadff40a4af72c0b826f1d?s=96&#038;r=g&#038;d=mm\",\"contentUrl\":\"\\\/\\\/www.gravatar.com\\\/avatar\\\/d8d45f8901aadff40a4af72c0b826f1d?s=96&#038;r=g&#038;d=mm\",\"caption\":\"dorogimedence.hu\"}}]}<\/script>\n<!-- \/ Yoast SEO plugin. -->","yoast_head_json":{"title":"Adom\u00e1nyokat gy\u0171jt a Magyar V\u00f6r\u00f6skereszt","robots":{"index":"index","follow":"follow","max-snippet":"max-snippet:-1","max-image-preview":"max-image-preview:large","max-video-preview":"max-video-preview:-1"},"canonical":"https:\/\/dorogimedence.hu\/index.php\/2022\/03\/07\/adomanyokat-gyujt-a-magyar-voroskereszt\/","og_locale":"hu_HU","og_type":"article","og_title":"Adom\u00e1nyokat gy\u0171jt a Magyar V\u00f6r\u00f6skereszt","og_description":"A Magyar V\u00f6r\u00f6skereszt helyi szervezetei adom\u00e1nyokat gy\u0171jtenek az Ukrajn\u00e1b\u00f3l \u00e9rkez\u0151 menek\u00fcltek megseg\u00edt\u00e9se \u00e9rdek\u00e9ben Esztergomban, Dorogon, Tokodalt\u00e1r\u00f3n, Le\u00e1nyv\u00e1ron \u00e9s Bajn\u00e1n. A szervezet munkat\u00e1rsai az al\u00e1bbi felaj\u00e1nl\u00e1sokat v\u00e1rj\u00e1k: tart\u00f3s \u00e9lelmiszerek (konzerv, k\u00e9sz\u00e9tel, \u00fcd\u00edt\u0151, csokol\u00e1d\u00e9, keksz, stb.), takar\u00f3k, tiszta \u00e1gynem\u0171k, j\u00f3 \u00e1llapot\u00fa matracok, b\u00e9bi \u00e9telek, pelenk\u00e1k, baba \u00e1pol\u00e1si term\u00e9kek, baba \u00e9s gyermekholmik, t\u00f6r\u00f6lk\u00f6z\u0151k (a b\u00e9bi \u00e9s gyermek adom\u00e1nyn\u00e1l","og_url":"https:\/\/dorogimedence.hu\/index.php\/2022\/03\/07\/adomanyokat-gyujt-a-magyar-voroskereszt\/","og_site_name":"Dorogi-medence Region\u00e1lis H\u00edrport\u00e1l","article_publisher":"https:\/\/www.facebook.com\/dorogimedence\/","article_published_time":"2022-03-07T13:19:19+00:00","article_modified_time":"2022-03-07T13:19:40+00:00","og_image":[{"width":1783,"height":1100,"url":"https:\/\/i0.wp.com\/dorogimedence.hu\/wp-content\/uploads\/2022\/03\/magyar-voroskereszt.jpg?fit=1783%2C1100&ssl=1","type":"image\/jpeg"}],"author":"dorogimedence.hu","twitter_card":"summary_large_image","twitter_misc":{"Szerz\u0151:":"dorogimedence.hu","Becs\u00fclt olvas\u00e1si id\u0151":"2 perc"},"schema":{"@context":"https:\/\/schema.org","@graph":[{"@type":"Article","@id":"https:\/\/dorogimedence.hu\/index.php\/2022\/03\/07\/adomanyokat-gyujt-a-magyar-voroskereszt\/#article","isPartOf":{"@id":"https:\/\/dorogimedence.hu\/index.php\/2022\/03\/07\/adomanyokat-gyujt-a-magyar-voroskereszt\/"},"author":{"name":"dorogimedence.hu","@id":"https:\/\/dorogimedence.hu\/#\/schema\/person\/ce6091eeb7e95ecdc87890d6aa8e0fd4"},"headline":"Adom\u00e1nyokat gy\u0171jt a Magyar V\u00f6r\u00f6skereszt","datePublished":"2022-03-07T13:19:19+00:00","dateModified":"2022-03-07T13:19:40+00:00","mainEntityOfPage":{"@id":"https:\/\/dorogimedence.hu\/index.php\/2022\/03\/07\/adomanyokat-gyujt-a-magyar-voroskereszt\/"},"wordCount":355,"publisher":{"@id":"https:\/\/dorogimedence.hu\/#organization"},"image":{"@id":"https:\/\/dorogimedence.hu\/index.php\/2022\/03\/07\/adomanyokat-gyujt-a-magyar-voroskereszt\/#primaryimage"},"thumbnailUrl":"https:\/\/dorogimedence.hu\/wp-content\/uploads\/2022\/03\/magyar-voroskereszt.jpg","keywords":["adom\u00e1ny","adom\u00e1nygy\u0171jt\u00e9s","Bajna","Dorog","esztergom","le\u00e1nyv\u00e1r","seg\u00edts\u00e9g","Tokodalt\u00e1r\u00f3"],"articleSection":["Dorog","Esztergom","H\u00edrek","Le\u00e1nyv\u00e1r","Tokodalt\u00e1r\u00f3"],"inLanguage":"hu"},{"@type":"WebPage","@id":"https:\/\/dorogimedence.hu\/index.php\/2022\/03\/07\/adomanyokat-gyujt-a-magyar-voroskereszt\/","url":"https:\/\/dorogimedence.hu\/index.php\/2022\/03\/07\/adomanyokat-gyujt-a-magyar-voroskereszt\/","name":"Adom\u00e1nyokat gy\u0171jt a Magyar V\u00f6r\u00f6skereszt","isPartOf":{"@id":"https:\/\/dorogimedence.hu\/#website"},"primaryImageOfPage":{"@id":"https:\/\/dorogimedence.hu\/index.php\/2022\/03\/07\/adomanyokat-gyujt-a-magyar-voroskereszt\/#primaryimage"},"image":{"@id":"https:\/\/dorogimedence.hu\/index.php\/2022\/03\/07\/adomanyokat-gyujt-a-magyar-voroskereszt\/#primaryimage"},"thumbnailUrl":"https:\/\/dorogimedence.hu\/wp-content\/uploads\/2022\/03\/magyar-voroskereszt.jpg","datePublished":"2022-03-07T13:19:19+00:00","dateModified":"2022-03-07T13:19:40+00:00","breadcrumb":{"@id":"https:\/\/dorogimedence.hu\/index.php\/2022\/03\/07\/adomanyokat-gyujt-a-magyar-voroskereszt\/#breadcrumb"},"inLanguage":"hu","potentialAction":[{"@type":"ReadAction","target":["https:\/\/dorogimedence.hu\/index.php\/2022\/03\/07\/adomanyokat-gyujt-a-magyar-voroskereszt\/"]}]},{"@type":"ImageObject","inLanguage":"hu","@id":"https:\/\/dorogimedence.hu\/index.php\/2022\/03\/07\/adomanyokat-gyujt-a-magyar-voroskereszt\/#primaryimage","url":"https:\/\/dorogimedence.hu\/wp-content\/uploads\/2022\/03\/magyar-voroskereszt.jpg","contentUrl":"https:\/\/dorogimedence.hu\/wp-content\/uploads\/2022\/03\/magyar-voroskereszt.jpg","width":1783,"height":1100},{"@type":"BreadcrumbList","@id":"https:\/\/dorogimedence.hu\/index.php\/2022\/03\/07\/adomanyokat-gyujt-a-magyar-voroskereszt\/#breadcrumb","itemListElement":[{"@type":"ListItem","position":1,"name":"Kezd\u0151lap","item":"https:\/\/dorogimedence.hu\/"},{"@type":"ListItem","position":2,"name":"Adom\u00e1nyokat gy\u0171jt a Magyar V\u00f6r\u00f6skereszt"}]},{"@type":"WebSite","@id":"https:\/\/dorogimedence.hu\/#website","url":"https:\/\/dorogimedence.hu\/","name":"Dorogi-medence Region\u00e1lis H\u00edrport\u00e1l","description":"Dorog, Keszt\u00f6lc, Le\u00e1nyv\u00e1r, Piliscs\u00e9v, Tokod, Tokodalt\u00e1r\u00f3, Csolnok, Esztergom-kertv\u00e1ros: h\u00edrek, programok","publisher":{"@id":"https:\/\/dorogimedence.hu\/#organization"},"potentialAction":[{"@type":"SearchAction","target":{"@type":"EntryPoint","urlTemplate":"https:\/\/dorogimedence.hu\/?s={search_term_string}"},"query-input":{"@type":"PropertyValueSpecification","valueRequired":true,"valueName":"search_term_string"}}],"inLanguage":"hu"},{"@type":"Organization","@id":"https:\/\/dorogimedence.hu\/#organization","name":"Dorogi-medence Region\u00e1lis H\u00edrport\u00e1l","url":"https:\/\/dorogimedence.hu\/","logo":{"@type":"ImageObject","inLanguage":"hu","@id":"https:\/\/dorogimedence.hu\/#\/schema\/logo\/image\/","url":"https:\/\/dorogimedence.hu\/wp-content\/uploads\/2021\/04\/logo-feher-600.png","contentUrl":"https:\/\/dorogimedence.hu\/wp-content\/uploads\/2021\/04\/logo-feher-600.png","width":600,"height":100,"caption":"Dorogi-medence Region\u00e1lis H\u00edrport\u00e1l"},"image":{"@id":"https:\/\/dorogimedence.hu\/#\/schema\/logo\/image\/"},"sameAs":["https:\/\/www.facebook.com\/dorogimedence\/"]},{"@type":"Person","@id":"https:\/\/dorogimedence.hu\/#\/schema\/person\/ce6091eeb7e95ecdc87890d6aa8e0fd4","name":"dorogimedence.hu","image":{"@type":"ImageObject","inLanguage":"hu","@id":"\/\/www.gravatar.com\/avatar\/d8d45f8901aadff40a4af72c0b826f1d?s=96&#038;r=g&#038;d=mm","url":"\/\/www.gravatar.com\/avatar\/d8d45f8901aadff40a4af72c0b826f1d?s=96&#038;r=g&#038;d=mm","contentUrl":"\/\/www.gravatar.com\/avatar\/d8d45f8901aadff40a4af72c0b826f1d?s=96&#038;r=g&#038;d=mm","caption":"dorogimedence.hu"}}]}},"_links":{"self":[{"href":"https:\/\/dorogimedence.hu\/index.php\/wp-json\/wp\/v2\/posts\/41000","targetHints":{"allow":["GET"]}}],"collection":[{"href":"https:\/\/dorogimedence.hu\/index.php\/wp-json\/wp\/v2\/posts"}],"about":[{"href":"https:\/\/dorogimedence.hu\/index.php\/wp-json\/wp\/v2\/types\/post"}],"author":[{"embeddable":true,"href":"https:\/\/dorogimedence.hu\/index.php\/wp-json\/wp\/v2\/users\/1"}],"replies":[{"embeddable":true,"href":"https:\/\/dorogimedence.hu\/index.php\/wp-json\/wp\/v2\/comments?post=41000"}],"version-history":[{"count":0,"href":"https:\/\/dorogimedence.hu\/index.php\/wp-json\/wp\/v2\/posts\/41000\/revisions"}],"wp:featuredmedia":[{"embeddable":true,"href":"https:\/\/dorogimedence.hu\/index.php\/wp-json\/wp\/v2\/media\/41001"}],"wp:attachment":[{"href":"https:\/\/dorogimedence.hu\/index.php\/wp-json\/wp\/v2\/media?parent=41000"}],"wp:term":[{"taxonomy":"category","embeddable":true,"href":"https:\/\/dorogimedence.hu\/index.php\/wp-json\/wp\/v2\/categories?post=41000"},{"taxonomy":"post_tag","embeddable":true,"href":"https:\/\/dorogimedence.hu\/index.php\/wp-json\/wp\/v2\/tags?post=41000"}],"curies":[{"name":"wp","href":"https:\/\/api.w.org\/{rel}","templated":true}]}}