{"id":40901,"date":"2022-03-03T16:19:21","date_gmt":"2022-03-03T15:19:21","guid":{"rendered":"https:\/\/dorogimedence.hu\/?p=40901"},"modified":"2022-03-03T21:39:01","modified_gmt":"2022-03-03T20:39:01","slug":"bogar-anett-szeretnenk-hogy-vege-legyen","status":"publish","type":"post","link":"https:\/\/dorogimedence.hu\/index.php\/2022\/03\/03\/bogar-anett-szeretnenk-hogy-vege-legyen\/","title":{"rendered":"Bog\u00e1r Anett: szeretn\u00e9nk, hogy v\u00e9ge legyen"},"content":{"rendered":"<p><strong>Ell\u00e1togattunk az esztergomi Ceferino h\u00e1zba, ahova tegnap este \u00e9rkeztek a h\u00e1bor\u00fa el\u0151l menek\u00fclt csal\u00e1dok a Beregsz\u00e1szi j\u00e1r\u00e1sb\u00f3l. Az egyik anyuka k\u00f6nnybe l\u00e1badt szemekkel mes\u00e9lt a kialakult helyzetr\u0151l, k\u00f6zben elmondta, hogy hi\u00e1nyzik neki a csal\u00e1dja egy r\u00e9sze \u00e9s az otthona, ahol kor\u00e1bban minden\u00fck megvolt.<\/strong><\/p>\n<p>A helyi m\u00e9dia k\u00e9pvisel\u0151ivel reggel kilenckor \u00e9rkezt\u00fcnk a Boldog Ceferino Roma Misszi\u00f3 \u00e9s Caritas H\u00e1z \u00e9p\u00fclet\u00e9be, ahol t\u00e1rt karokkal v\u00e1rtak m\u00e1r minket. Kicsit k\u00e1osz volt m\u00e9g, mert szerd\u00e1n k\u00e9s\u0151n \u00e9rkeztek a h\u00e1bor\u00fa el\u0151l menek\u00fclt csal\u00e1dok, de v\u00e9g\u00fcl mindenkivel siker\u00fclt besz\u00e9lni.<\/p>\n<p><img fetchpriority=\"high\" decoding=\"async\" class=\"alignnone size-large wp-image-40903\" src=\"https:\/\/dorogimedence.hu\/wp-content\/uploads\/2022\/03\/menekultek-02-1024x638.jpg\" alt=\"\" width=\"755\" height=\"470\" srcset=\"https:\/\/dorogimedence.hu\/wp-content\/uploads\/2022\/03\/menekultek-02-1024x638.jpg 1024w, https:\/\/dorogimedence.hu\/wp-content\/uploads\/2022\/03\/menekultek-02-300x187.jpg 300w, https:\/\/dorogimedence.hu\/wp-content\/uploads\/2022\/03\/menekultek-02-768x478.jpg 768w, https:\/\/dorogimedence.hu\/wp-content\/uploads\/2022\/03\/menekultek-02-1536x957.jpg 1536w, https:\/\/dorogimedence.hu\/wp-content\/uploads\/2022\/03\/menekultek-02-150x93.jpg 150w, https:\/\/dorogimedence.hu\/wp-content\/uploads\/2022\/03\/menekultek-02-450x280.jpg 450w, https:\/\/dorogimedence.hu\/wp-content\/uploads\/2022\/03\/menekultek-02-1200x748.jpg 1200w, https:\/\/dorogimedence.hu\/wp-content\/uploads\/2022\/03\/menekultek-02.jpg 1920w\" sizes=\"(max-width: 755px) 100vw, 755px\" \/><\/p>\n<p>Lerch-Cserei Judit, az M1 helyi tud\u00f3s\u00edt\u00f3ja, a R\u00e9gi\u00f3 TV Esztergom munkat\u00e1rsa k\u00e9sz\u00edtett riportot Bog\u00e1r Anettel, aki r\u00e9szletesen mes\u00e9lt a helyzet\u00fckr\u0151l. Elmondta, hogy K\u00e1rp\u00e1talj\u00e1r\u00f3l, a Beregsz\u00e1szi j\u00e1r\u00e1sb\u00f3l \u00e9rkeztek ide Esztergomba. Mint megtudtuk nem volt k\u00f6nny\u0171 az \u00fat, hiszen t\u00f6bb hat\u00e1r\u00e1tkel\u0151t is megpr\u00f3b\u00e1ltak, viszont minden hol rengetegen voltak, v\u00e9g\u00fcl f\u00e1radtan, de siker\u00fclt bel\u00e9pni\u00fck az orsz\u00e1gba. Anett egy\u00e9bk\u00e9nt a k\u00e9t gyermek\u00e9vel \u00e9rkezett, a f\u00e9rje m\u00e1r k\u00e9t h\u00e9ttel ezel\u0151tt \u00e1tj\u00f6tt Magyarorsz\u00e1gra \u00e9s munk\u00e1t v\u00e1llalat, az\u00f3ta a csal\u00e1d m\u00e9g nem tal\u00e1lkozott vele, mert innen messze sz\u00e1ll\u00e1solt\u00e1k el, ahol jelenleg is dolgozik. \u201eMusz\u00e1j volt elj\u00f6nn\u00fcnk nek\u00fcnk is, mert \u00fagy felmentek Ukrajn\u00e1ban az \u00e1rak, hogy m\u00e1r nem tudtuk megvenni az alapvet\u0151 \u00e9lelmiszereket \u00e9s h\u00e1t a p\u00e9nz\u00fcnk is elfogyott\u201d \u2013 mes\u00e9lte szomor\u00faan a kialakult helyzetet, majd r\u00e9szletezte, hogy olyan h\u00edreket lehetett, hallani, hogy a f\u00e9rfiak mellett a fi\u00fakat is \u00f6ssze fogj\u00e1k gy\u0171jteni, hogy harcba menjenek. \u201eNagyon megijedt\u00fcnk, a csal\u00e1d, a rokons\u00e1g sz\u00e9jjel van. Hi\u00e1nyzik a f\u00e9rjem, a k\u00f6zeli csal\u00e1dtagok \u00e9s ann\u00e1l ink\u00e1bb az otthonom, ahol kor\u00e1bban minden\u00fcnk megvolt\u201d \u2013 mondta Anett, k\u00f6zben a hangja elcsuklott, a szeme k\u00f6nnybe l\u00e1badt, majd a mellettem \u00e1ll\u00f3 h\u00f6lgyek is zokog\u00e1sba kezdtek. V\u00e9g\u00fcl azt mondta, hogy nagyon k\u00f6sz\u00f6ni a seg\u00edts\u00e9get, mindenki kedves \u00e9s odaad\u00f3 vel\u00fck. Mindent megkapnak: \u00e9telt, ruh\u00e1t, l\u00e1bbelit a gyerekek pedig m\u00e9g j\u00e1t\u00e9kokat is. \u201eA csal\u00e1dunkkal szeretn\u00e9nk lenni, b\u00e9kess\u00e9get akarunk, a gyermekeimnek is hi\u00e1nyzik az apjuk. \u00c9s hogy mi lesz? Nem tudjuk, de szeretn\u00e9k, hogy v\u00e9ge legyen\u201d \u2013 z\u00e1rta szavait a kicsit rem\u00e9nyvesztett anyuka.<\/p>\n<p><img decoding=\"async\" class=\"alignnone size-large wp-image-40905\" src=\"https:\/\/dorogimedence.hu\/wp-content\/uploads\/2022\/03\/menekultek-03-1024x683.jpg\" alt=\"\" width=\"755\" height=\"504\" srcset=\"https:\/\/dorogimedence.hu\/wp-content\/uploads\/2022\/03\/menekultek-03-1024x683.jpg 1024w, https:\/\/dorogimedence.hu\/wp-content\/uploads\/2022\/03\/menekultek-03-300x200.jpg 300w, https:\/\/dorogimedence.hu\/wp-content\/uploads\/2022\/03\/menekultek-03-768x512.jpg 768w, https:\/\/dorogimedence.hu\/wp-content\/uploads\/2022\/03\/menekultek-03-1536x1024.jpg 1536w, https:\/\/dorogimedence.hu\/wp-content\/uploads\/2022\/03\/menekultek-03-150x100.jpg 150w, https:\/\/dorogimedence.hu\/wp-content\/uploads\/2022\/03\/menekultek-03-450x300.jpg 450w, https:\/\/dorogimedence.hu\/wp-content\/uploads\/2022\/03\/menekultek-03-1200x800.jpg 1200w, https:\/\/dorogimedence.hu\/wp-content\/uploads\/2022\/03\/menekultek-03-272x182.jpg 272w, https:\/\/dorogimedence.hu\/wp-content\/uploads\/2022\/03\/menekultek-03.jpg 1920w\" sizes=\"(max-width: 755px) 100vw, 755px\" \/><\/p>\n<p>K\u00f6zben \u00e9ppen egy sz\u00e1ll\u00edtm\u00e1ny \u00e9rkezett, a nagy zs\u00e1kok pedig a ruh\u00e1k mellett j\u00e1t\u00e9kokat rejtettek. Az \u00f6sszes kisgyerek odaszaladt \u00e9s kedv\u00fckre v\u00e1logattak. J\u00f3 volt l\u00e1tni, hogy a lelkileg m\u00e1r \u00edgy is kitett gyerekek arc\u00e1ra egy kis mosolyt csaltak azok, akik \u00f6sszegy\u0171jt\u00f6tt\u00e9k nekik a j\u00e1t\u00e9kokat. Az egyik kisl\u00e1ny a kistestv\u00e9r\u00e9t karjaiba vette, a m\u00e1sik kisl\u00e1ny a hercegn\u0151s kell\u00e9keket gy\u0171jt\u00f6tte, a harmadik kisfi\u00fa pedig egyszer\u0171s\u00e9ggel egy pl\u00fcss Verd\u00e1k aut\u00f3t ragadott meg. K\u00f6zben nagy lett a s\u00fcrg\u00e9s forg\u00e1s, mivel egy fiatal l\u00e1ny l\u00e1zas lett \u00e9s gy\u00f3gyszert, valamint orvost pr\u00f3b\u00e1ltak neki ker\u00edteni. V\u00e9g\u00fcl \u00fagy t\u0171nt minden rendben van \u00e9s az eb\u00e9dl\u0151ben mindenki elfogyaszthatta a reggelij\u00e9t, melyet a t\u00e1ti Drexler P\u00e9ks\u00e9g aj\u00e1nlott fel.<\/p>\n<p>Am\u00edg a t\u00f6bbiek reggeliztek T\u00f3th L\u00e1szl\u00f3 aty\u00e1val, a Ceferino pl\u00e9b\u00e1nos\u00e1val \u00e9s Ferenczi \u00c9v\u00e1val, a Esztergom-Budapesti F\u0151egyh\u00e1zmegye &#8211; Szent Erzs\u00e9bet Karit\u00e1sz K\u00f6zpont r\u00e9gi\u00f3s vezet\u0151j\u00e9vel is tudtunk besz\u00e9lni. \u00c9va elmondta, hogy a gy\u0171jt\u00e9s folyamatos, a helyi pl\u00e9b\u00e1ni\u00e1val egy\u00fcttm\u0171k\u00f6dve seg\u00edtik a h\u00e1bor\u00fa el\u0151l menek\u00fclt csal\u00e1dokat. Az adom\u00e1nyok egy r\u00e9sz\u00e9t pedig a k\u00f6zponti Katolikus Karit\u00e1sz juttatja el a r\u00e9gi\u00f3ba. \u201eSzinte egy t\u00e1sk\u00e1val, egy-egy szem\u00e9lyes holmit hoznak magukkal a csal\u00e1dok. Papucsra, pizsam\u00e1ra, h\u00e1l\u00f3ingre, k\u00f6nt\u00f6sre mind nagy sz\u00fcks\u00e9g van. Tiszt\u00e1lkod\u00e1si szereket folyamatosan kapunk, de a reggelihez \u00e9s a vacsor\u00e1hoz val\u00f3 is egyel\u0151re biztos\u00edtott. Most \u00e9ppen reggel T\u00e1tr\u00f3l, Drexler Zolit\u00f3l kaptunk egy halom p\u00e9ks\u00fctem\u00e9nyt, kenyeret. Nagyon boldog voltam, hogy azonnal l\u00e9pett erre a k\u00e9r\u00e9sre. Itt el\u00e9g sok a pici gyermek, ez\u00e9rt j\u00e1t\u00e9kokra is sz\u00fcks\u00e9g van\u201d \u2013 jegyezte meg a karit\u00e1sz r\u00e9gi\u00f3s vezet\u0151je.<\/p>\n<p><img decoding=\"async\" class=\"alignnone size-large wp-image-40904\" src=\"https:\/\/dorogimedence.hu\/wp-content\/uploads\/2022\/03\/menekultek-04-1024x683.jpg\" alt=\"\" width=\"755\" height=\"504\" srcset=\"https:\/\/dorogimedence.hu\/wp-content\/uploads\/2022\/03\/menekultek-04-1024x683.jpg 1024w, https:\/\/dorogimedence.hu\/wp-content\/uploads\/2022\/03\/menekultek-04-300x200.jpg 300w, https:\/\/dorogimedence.hu\/wp-content\/uploads\/2022\/03\/menekultek-04-768x512.jpg 768w, https:\/\/dorogimedence.hu\/wp-content\/uploads\/2022\/03\/menekultek-04-1536x1024.jpg 1536w, https:\/\/dorogimedence.hu\/wp-content\/uploads\/2022\/03\/menekultek-04-150x100.jpg 150w, https:\/\/dorogimedence.hu\/wp-content\/uploads\/2022\/03\/menekultek-04-450x300.jpg 450w, https:\/\/dorogimedence.hu\/wp-content\/uploads\/2022\/03\/menekultek-04-1200x800.jpg 1200w, https:\/\/dorogimedence.hu\/wp-content\/uploads\/2022\/03\/menekultek-04-272x182.jpg 272w, https:\/\/dorogimedence.hu\/wp-content\/uploads\/2022\/03\/menekultek-04.jpg 1920w\" sizes=\"(max-width: 755px) 100vw, 755px\" \/><\/p>\n<p>T\u00f3th L\u00e1szl\u00f3 atya elmondta, hogy alapvet\u0151en cig\u00e1nypasztor\u00e1ci\u00f3val foglalkoznak az eg\u00e9sz egyh\u00e1zmegy\u00e9ben. Ez\u00e9rt t\u00f6bbnyire lelkigyakorlatokat \u00e9s tov\u00e1bbk\u00e9pz\u00e9seket is szerveznek, ami \u00e1ltal sz\u00e1ll\u00e1shellyel rendelkeznek, \u00edgy tudt\u00e1k felaj\u00e1nlani a jelenleg \u00fcresen \u00e1ll\u00f3 szob\u00e1ikat a Simor J\u00e1nos utca \u00e9s a Ter\u00e9zia utca sark\u00e1n tal\u00e1lhat\u00f3 kiszolg\u00e1l\u00f3 \u00e9p\u00fclet\u00fckben. Az atya kiemelte, hogy jelenleg 36 f\u0151 tart\u00f3zkodik a sz\u00e1ll\u00e1son, de mivel 52 f\u00e9r\u0151helyes a sz\u00e1ll\u00e1suk, ez\u00e9rt tov\u00e1bbi csal\u00e1dokat is el tudnak majd helyezni, ha sz\u00fcks\u00e9g lesz r\u00e1.<\/p>\n<p><strong>Amennyiben \u00d6n is szeretn\u00e9 t\u00e1mogatn\u00e1 a csal\u00e1dokat, telefonon tud egyeztetni Ferenczi \u00c9v\u00e1val a +36208231680-as telefonsz\u00e1mon!<\/strong><\/p>\n<p><iframe title=\"Komment\u00e1r N\u00e9lk\u00fcl - 2022.03.03. -  Meg\u00e9rkeztek a menek\u00fcltek a Ceferino h\u00e1zba\" width=\"755\" height=\"425\" src=\"https:\/\/www.youtube.com\/embed\/f9ed8QG1MYM?feature=oembed\" frameborder=\"0\" allow=\"accelerometer; autoplay; clipboard-write; encrypted-media; gyroscope; picture-in-picture; web-share\" referrerpolicy=\"strict-origin-when-cross-origin\" allowfullscreen><\/iframe><\/p>\n","protected":false},"excerpt":{"rendered":"<p>Ell\u00e1togattunk az esztergomi Ceferino h\u00e1zba, ahova tegnap este \u00e9rkeztek a h\u00e1bor\u00fa el\u0151l menek\u00fclt csal\u00e1dok a Beregsz\u00e1szi j\u00e1r\u00e1sb\u00f3l. Az egyik anyuka k\u00f6nnybe l\u00e1badt szemekkel mes\u00e9lt a kialakult helyzetr\u0151l, k\u00f6zben elmondta, hogy hi\u00e1nyzik neki a csal\u00e1dja egy r\u00e9sze \u00e9s az otthona, ahol kor\u00e1bban minden\u00fck megvolt. A helyi m\u00e9dia k\u00e9pvisel\u0151ivel reggel kilenckor \u00e9rkezt\u00fcnk a Boldog Ceferino Roma Misszi\u00f3<\/p>\n","protected":false},"author":1,"featured_media":40902,"comment_status":"closed","ping_status":"closed","sticky":false,"template":"","format":"standard","meta":{"ngg_post_thumbnail":0,"footnotes":""},"categories":[38,3],"tags":[6323,42,5624,4576,5640,6321,6322],"class_list":{"0":"post-40901","1":"post","2":"type-post","3":"status-publish","4":"format-standard","5":"has-post-thumbnail","7":"category-esztergom","8":"category-hirek","9":"tag-ceferino-haz","10":"tag-esztergom","11":"tag-featured","12":"tag-haboru","13":"tag-katolikus-karitasz","14":"tag-menekultek","15":"tag-ukran-orosz-haboru"},"yoast_head":"<!-- This site is optimized with the Yoast SEO plugin v27.5 - https:\/\/yoast.com\/product\/yoast-seo-wordpress\/ -->\n<title>Bog\u00e1r Anett: szeretn\u00e9nk, hogy v\u00e9ge legyen<\/title>\n<meta name=\"robots\" content=\"index, follow, max-snippet:-1, max-image-preview:large, max-video-preview:-1\" \/>\n<link rel=\"canonical\" href=\"https:\/\/dorogimedence.hu\/index.php\/2022\/03\/03\/bogar-anett-szeretnenk-hogy-vege-legyen\/\" class=\"yoast-seo-meta-tag\" \/>\n<meta property=\"og:locale\" content=\"hu_HU\" class=\"yoast-seo-meta-tag\" \/>\n<meta property=\"og:type\" content=\"article\" class=\"yoast-seo-meta-tag\" \/>\n<meta property=\"og:title\" content=\"Bog\u00e1r Anett: szeretn\u00e9nk, hogy v\u00e9ge legyen\" class=\"yoast-seo-meta-tag\" \/>\n<meta property=\"og:description\" content=\"Ell\u00e1togattunk az esztergomi Ceferino h\u00e1zba, ahova tegnap este \u00e9rkeztek a h\u00e1bor\u00fa el\u0151l menek\u00fclt csal\u00e1dok a Beregsz\u00e1szi j\u00e1r\u00e1sb\u00f3l. Az egyik anyuka k\u00f6nnybe l\u00e1badt szemekkel mes\u00e9lt a kialakult helyzetr\u0151l, k\u00f6zben elmondta, hogy hi\u00e1nyzik neki a csal\u00e1dja egy r\u00e9sze \u00e9s az otthona, ahol kor\u00e1bban minden\u00fck megvolt. A helyi m\u00e9dia k\u00e9pvisel\u0151ivel reggel kilenckor \u00e9rkezt\u00fcnk a Boldog Ceferino Roma Misszi\u00f3\" class=\"yoast-seo-meta-tag\" \/>\n<meta property=\"og:url\" content=\"https:\/\/dorogimedence.hu\/index.php\/2022\/03\/03\/bogar-anett-szeretnenk-hogy-vege-legyen\/\" class=\"yoast-seo-meta-tag\" \/>\n<meta property=\"og:site_name\" content=\"Dorogi-medence Region\u00e1lis H\u00edrport\u00e1l\" class=\"yoast-seo-meta-tag\" \/>\n<meta property=\"article:publisher\" content=\"https:\/\/www.facebook.com\/dorogimedence\/\" class=\"yoast-seo-meta-tag\" \/>\n<meta property=\"article:published_time\" content=\"2022-03-03T15:19:21+00:00\" class=\"yoast-seo-meta-tag\" \/>\n<meta property=\"article:modified_time\" content=\"2022-03-03T20:39:01+00:00\" class=\"yoast-seo-meta-tag\" \/>\n<meta property=\"og:image\" content=\"https:\/\/i0.wp.com\/dorogimedence.hu\/wp-content\/uploads\/2022\/03\/menekultek-01.jpg?fit=1920%2C1125&ssl=1\" class=\"yoast-seo-meta-tag\" \/>\n\t<meta property=\"og:image:width\" content=\"1920\" class=\"yoast-seo-meta-tag\" \/>\n\t<meta property=\"og:image:height\" content=\"1125\" class=\"yoast-seo-meta-tag\" \/>\n\t<meta property=\"og:image:type\" content=\"image\/jpeg\" class=\"yoast-seo-meta-tag\" \/>\n<meta name=\"author\" content=\"dorogimedence.hu\" class=\"yoast-seo-meta-tag\" \/>\n<meta name=\"twitter:card\" content=\"summary_large_image\" class=\"yoast-seo-meta-tag\" \/>\n<meta name=\"twitter:label1\" content=\"Szerz\u0151:\" class=\"yoast-seo-meta-tag\" \/>\n\t<meta name=\"twitter:data1\" content=\"dorogimedence.hu\" class=\"yoast-seo-meta-tag\" \/>\n\t<meta name=\"twitter:label2\" content=\"Becs\u00fclt olvas\u00e1si id\u0151\" class=\"yoast-seo-meta-tag\" \/>\n\t<meta name=\"twitter:data2\" content=\"5 perc\" class=\"yoast-seo-meta-tag\" \/>\n<script type=\"application\/ld+json\" class=\"yoast-schema-graph\">{\"@context\":\"https:\\\/\\\/schema.org\",\"@graph\":[{\"@type\":\"Article\",\"@id\":\"https:\\\/\\\/dorogimedence.hu\\\/index.php\\\/2022\\\/03\\\/03\\\/bogar-anett-szeretnenk-hogy-vege-legyen\\\/#article\",\"isPartOf\":{\"@id\":\"https:\\\/\\\/dorogimedence.hu\\\/index.php\\\/2022\\\/03\\\/03\\\/bogar-anett-szeretnenk-hogy-vege-legyen\\\/\"},\"author\":{\"name\":\"dorogimedence.hu\",\"@id\":\"https:\\\/\\\/dorogimedence.hu\\\/#\\\/schema\\\/person\\\/ce6091eeb7e95ecdc87890d6aa8e0fd4\"},\"headline\":\"Bog\u00e1r Anett: szeretn\u00e9nk, hogy v\u00e9ge legyen\",\"datePublished\":\"2022-03-03T15:19:21+00:00\",\"dateModified\":\"2022-03-03T20:39:01+00:00\",\"mainEntityOfPage\":{\"@id\":\"https:\\\/\\\/dorogimedence.hu\\\/index.php\\\/2022\\\/03\\\/03\\\/bogar-anett-szeretnenk-hogy-vege-legyen\\\/\"},\"wordCount\":966,\"publisher\":{\"@id\":\"https:\\\/\\\/dorogimedence.hu\\\/#organization\"},\"image\":{\"@id\":\"https:\\\/\\\/dorogimedence.hu\\\/index.php\\\/2022\\\/03\\\/03\\\/bogar-anett-szeretnenk-hogy-vege-legyen\\\/#primaryimage\"},\"thumbnailUrl\":\"https:\\\/\\\/dorogimedence.hu\\\/wp-content\\\/uploads\\\/2022\\\/03\\\/menekultek-01.jpg\",\"keywords\":[\"Ceferino h\u00e1z\",\"esztergom\",\"featured\",\"h\u00e1bor\u00fa\",\"Katolikus Karit\u00e1sz\",\"menek\u00fcltek\",\"ukr\u00e1n-orosz h\u00e1bor\u00fa\"],\"articleSection\":[\"Esztergom\",\"H\u00edrek\"],\"inLanguage\":\"hu\"},{\"@type\":\"WebPage\",\"@id\":\"https:\\\/\\\/dorogimedence.hu\\\/index.php\\\/2022\\\/03\\\/03\\\/bogar-anett-szeretnenk-hogy-vege-legyen\\\/\",\"url\":\"https:\\\/\\\/dorogimedence.hu\\\/index.php\\\/2022\\\/03\\\/03\\\/bogar-anett-szeretnenk-hogy-vege-legyen\\\/\",\"name\":\"Bog\u00e1r Anett: szeretn\u00e9nk, hogy v\u00e9ge legyen\",\"isPartOf\":{\"@id\":\"https:\\\/\\\/dorogimedence.hu\\\/#website\"},\"primaryImageOfPage\":{\"@id\":\"https:\\\/\\\/dorogimedence.hu\\\/index.php\\\/2022\\\/03\\\/03\\\/bogar-anett-szeretnenk-hogy-vege-legyen\\\/#primaryimage\"},\"image\":{\"@id\":\"https:\\\/\\\/dorogimedence.hu\\\/index.php\\\/2022\\\/03\\\/03\\\/bogar-anett-szeretnenk-hogy-vege-legyen\\\/#primaryimage\"},\"thumbnailUrl\":\"https:\\\/\\\/dorogimedence.hu\\\/wp-content\\\/uploads\\\/2022\\\/03\\\/menekultek-01.jpg\",\"datePublished\":\"2022-03-03T15:19:21+00:00\",\"dateModified\":\"2022-03-03T20:39:01+00:00\",\"breadcrumb\":{\"@id\":\"https:\\\/\\\/dorogimedence.hu\\\/index.php\\\/2022\\\/03\\\/03\\\/bogar-anett-szeretnenk-hogy-vege-legyen\\\/#breadcrumb\"},\"inLanguage\":\"hu\",\"potentialAction\":[{\"@type\":\"ReadAction\",\"target\":[\"https:\\\/\\\/dorogimedence.hu\\\/index.php\\\/2022\\\/03\\\/03\\\/bogar-anett-szeretnenk-hogy-vege-legyen\\\/\"]}]},{\"@type\":\"ImageObject\",\"inLanguage\":\"hu\",\"@id\":\"https:\\\/\\\/dorogimedence.hu\\\/index.php\\\/2022\\\/03\\\/03\\\/bogar-anett-szeretnenk-hogy-vege-legyen\\\/#primaryimage\",\"url\":\"https:\\\/\\\/dorogimedence.hu\\\/wp-content\\\/uploads\\\/2022\\\/03\\\/menekultek-01.jpg\",\"contentUrl\":\"https:\\\/\\\/dorogimedence.hu\\\/wp-content\\\/uploads\\\/2022\\\/03\\\/menekultek-01.jpg\",\"width\":1920,\"height\":1125},{\"@type\":\"BreadcrumbList\",\"@id\":\"https:\\\/\\\/dorogimedence.hu\\\/index.php\\\/2022\\\/03\\\/03\\\/bogar-anett-szeretnenk-hogy-vege-legyen\\\/#breadcrumb\",\"itemListElement\":[{\"@type\":\"ListItem\",\"position\":1,\"name\":\"Kezd\u0151lap\",\"item\":\"https:\\\/\\\/dorogimedence.hu\\\/\"},{\"@type\":\"ListItem\",\"position\":2,\"name\":\"Bog\u00e1r Anett: szeretn\u00e9nk, hogy v\u00e9ge legyen\"}]},{\"@type\":\"WebSite\",\"@id\":\"https:\\\/\\\/dorogimedence.hu\\\/#website\",\"url\":\"https:\\\/\\\/dorogimedence.hu\\\/\",\"name\":\"Dorogi-medence Region\u00e1lis H\u00edrport\u00e1l\",\"description\":\"Dorog, Keszt\u00f6lc, Le\u00e1nyv\u00e1r, Piliscs\u00e9v, Tokod, Tokodalt\u00e1r\u00f3, Csolnok, Esztergom-kertv\u00e1ros: h\u00edrek, programok\",\"publisher\":{\"@id\":\"https:\\\/\\\/dorogimedence.hu\\\/#organization\"},\"potentialAction\":[{\"@type\":\"SearchAction\",\"target\":{\"@type\":\"EntryPoint\",\"urlTemplate\":\"https:\\\/\\\/dorogimedence.hu\\\/?s={search_term_string}\"},\"query-input\":{\"@type\":\"PropertyValueSpecification\",\"valueRequired\":true,\"valueName\":\"search_term_string\"}}],\"inLanguage\":\"hu\"},{\"@type\":\"Organization\",\"@id\":\"https:\\\/\\\/dorogimedence.hu\\\/#organization\",\"name\":\"Dorogi-medence Region\u00e1lis H\u00edrport\u00e1l\",\"url\":\"https:\\\/\\\/dorogimedence.hu\\\/\",\"logo\":{\"@type\":\"ImageObject\",\"inLanguage\":\"hu\",\"@id\":\"https:\\\/\\\/dorogimedence.hu\\\/#\\\/schema\\\/logo\\\/image\\\/\",\"url\":\"https:\\\/\\\/dorogimedence.hu\\\/wp-content\\\/uploads\\\/2021\\\/04\\\/logo-feher-600.png\",\"contentUrl\":\"https:\\\/\\\/dorogimedence.hu\\\/wp-content\\\/uploads\\\/2021\\\/04\\\/logo-feher-600.png\",\"width\":600,\"height\":100,\"caption\":\"Dorogi-medence Region\u00e1lis H\u00edrport\u00e1l\"},\"image\":{\"@id\":\"https:\\\/\\\/dorogimedence.hu\\\/#\\\/schema\\\/logo\\\/image\\\/\"},\"sameAs\":[\"https:\\\/\\\/www.facebook.com\\\/dorogimedence\\\/\"]},{\"@type\":\"Person\",\"@id\":\"https:\\\/\\\/dorogimedence.hu\\\/#\\\/schema\\\/person\\\/ce6091eeb7e95ecdc87890d6aa8e0fd4\",\"name\":\"dorogimedence.hu\",\"image\":{\"@type\":\"ImageObject\",\"inLanguage\":\"hu\",\"@id\":\"\\\/\\\/www.gravatar.com\\\/avatar\\\/d8d45f8901aadff40a4af72c0b826f1d?s=96&#038;r=g&#038;d=mm\",\"url\":\"\\\/\\\/www.gravatar.com\\\/avatar\\\/d8d45f8901aadff40a4af72c0b826f1d?s=96&#038;r=g&#038;d=mm\",\"contentUrl\":\"\\\/\\\/www.gravatar.com\\\/avatar\\\/d8d45f8901aadff40a4af72c0b826f1d?s=96&#038;r=g&#038;d=mm\",\"caption\":\"dorogimedence.hu\"}}]}<\/script>\n<!-- \/ Yoast SEO plugin. -->","yoast_head_json":{"title":"Bog\u00e1r Anett: szeretn\u00e9nk, hogy v\u00e9ge legyen","robots":{"index":"index","follow":"follow","max-snippet":"max-snippet:-1","max-image-preview":"max-image-preview:large","max-video-preview":"max-video-preview:-1"},"canonical":"https:\/\/dorogimedence.hu\/index.php\/2022\/03\/03\/bogar-anett-szeretnenk-hogy-vege-legyen\/","og_locale":"hu_HU","og_type":"article","og_title":"Bog\u00e1r Anett: szeretn\u00e9nk, hogy v\u00e9ge legyen","og_description":"Ell\u00e1togattunk az esztergomi Ceferino h\u00e1zba, ahova tegnap este \u00e9rkeztek a h\u00e1bor\u00fa el\u0151l menek\u00fclt csal\u00e1dok a Beregsz\u00e1szi j\u00e1r\u00e1sb\u00f3l. Az egyik anyuka k\u00f6nnybe l\u00e1badt szemekkel mes\u00e9lt a kialakult helyzetr\u0151l, k\u00f6zben elmondta, hogy hi\u00e1nyzik neki a csal\u00e1dja egy r\u00e9sze \u00e9s az otthona, ahol kor\u00e1bban minden\u00fck megvolt. A helyi m\u00e9dia k\u00e9pvisel\u0151ivel reggel kilenckor \u00e9rkezt\u00fcnk a Boldog Ceferino Roma Misszi\u00f3","og_url":"https:\/\/dorogimedence.hu\/index.php\/2022\/03\/03\/bogar-anett-szeretnenk-hogy-vege-legyen\/","og_site_name":"Dorogi-medence Region\u00e1lis H\u00edrport\u00e1l","article_publisher":"https:\/\/www.facebook.com\/dorogimedence\/","article_published_time":"2022-03-03T15:19:21+00:00","article_modified_time":"2022-03-03T20:39:01+00:00","og_image":[{"width":1920,"height":1125,"url":"https:\/\/i0.wp.com\/dorogimedence.hu\/wp-content\/uploads\/2022\/03\/menekultek-01.jpg?fit=1920%2C1125&ssl=1","type":"image\/jpeg"}],"author":"dorogimedence.hu","twitter_card":"summary_large_image","twitter_misc":{"Szerz\u0151:":"dorogimedence.hu","Becs\u00fclt olvas\u00e1si id\u0151":"5 perc"},"schema":{"@context":"https:\/\/schema.org","@graph":[{"@type":"Article","@id":"https:\/\/dorogimedence.hu\/index.php\/2022\/03\/03\/bogar-anett-szeretnenk-hogy-vege-legyen\/#article","isPartOf":{"@id":"https:\/\/dorogimedence.hu\/index.php\/2022\/03\/03\/bogar-anett-szeretnenk-hogy-vege-legyen\/"},"author":{"name":"dorogimedence.hu","@id":"https:\/\/dorogimedence.hu\/#\/schema\/person\/ce6091eeb7e95ecdc87890d6aa8e0fd4"},"headline":"Bog\u00e1r Anett: szeretn\u00e9nk, hogy v\u00e9ge legyen","datePublished":"2022-03-03T15:19:21+00:00","dateModified":"2022-03-03T20:39:01+00:00","mainEntityOfPage":{"@id":"https:\/\/dorogimedence.hu\/index.php\/2022\/03\/03\/bogar-anett-szeretnenk-hogy-vege-legyen\/"},"wordCount":966,"publisher":{"@id":"https:\/\/dorogimedence.hu\/#organization"},"image":{"@id":"https:\/\/dorogimedence.hu\/index.php\/2022\/03\/03\/bogar-anett-szeretnenk-hogy-vege-legyen\/#primaryimage"},"thumbnailUrl":"https:\/\/dorogimedence.hu\/wp-content\/uploads\/2022\/03\/menekultek-01.jpg","keywords":["Ceferino h\u00e1z","esztergom","featured","h\u00e1bor\u00fa","Katolikus Karit\u00e1sz","menek\u00fcltek","ukr\u00e1n-orosz h\u00e1bor\u00fa"],"articleSection":["Esztergom","H\u00edrek"],"inLanguage":"hu"},{"@type":"WebPage","@id":"https:\/\/dorogimedence.hu\/index.php\/2022\/03\/03\/bogar-anett-szeretnenk-hogy-vege-legyen\/","url":"https:\/\/dorogimedence.hu\/index.php\/2022\/03\/03\/bogar-anett-szeretnenk-hogy-vege-legyen\/","name":"Bog\u00e1r Anett: szeretn\u00e9nk, hogy v\u00e9ge legyen","isPartOf":{"@id":"https:\/\/dorogimedence.hu\/#website"},"primaryImageOfPage":{"@id":"https:\/\/dorogimedence.hu\/index.php\/2022\/03\/03\/bogar-anett-szeretnenk-hogy-vege-legyen\/#primaryimage"},"image":{"@id":"https:\/\/dorogimedence.hu\/index.php\/2022\/03\/03\/bogar-anett-szeretnenk-hogy-vege-legyen\/#primaryimage"},"thumbnailUrl":"https:\/\/dorogimedence.hu\/wp-content\/uploads\/2022\/03\/menekultek-01.jpg","datePublished":"2022-03-03T15:19:21+00:00","dateModified":"2022-03-03T20:39:01+00:00","breadcrumb":{"@id":"https:\/\/dorogimedence.hu\/index.php\/2022\/03\/03\/bogar-anett-szeretnenk-hogy-vege-legyen\/#breadcrumb"},"inLanguage":"hu","potentialAction":[{"@type":"ReadAction","target":["https:\/\/dorogimedence.hu\/index.php\/2022\/03\/03\/bogar-anett-szeretnenk-hogy-vege-legyen\/"]}]},{"@type":"ImageObject","inLanguage":"hu","@id":"https:\/\/dorogimedence.hu\/index.php\/2022\/03\/03\/bogar-anett-szeretnenk-hogy-vege-legyen\/#primaryimage","url":"https:\/\/dorogimedence.hu\/wp-content\/uploads\/2022\/03\/menekultek-01.jpg","contentUrl":"https:\/\/dorogimedence.hu\/wp-content\/uploads\/2022\/03\/menekultek-01.jpg","width":1920,"height":1125},{"@type":"BreadcrumbList","@id":"https:\/\/dorogimedence.hu\/index.php\/2022\/03\/03\/bogar-anett-szeretnenk-hogy-vege-legyen\/#breadcrumb","itemListElement":[{"@type":"ListItem","position":1,"name":"Kezd\u0151lap","item":"https:\/\/dorogimedence.hu\/"},{"@type":"ListItem","position":2,"name":"Bog\u00e1r Anett: szeretn\u00e9nk, hogy v\u00e9ge legyen"}]},{"@type":"WebSite","@id":"https:\/\/dorogimedence.hu\/#website","url":"https:\/\/dorogimedence.hu\/","name":"Dorogi-medence Region\u00e1lis H\u00edrport\u00e1l","description":"Dorog, Keszt\u00f6lc, Le\u00e1nyv\u00e1r, Piliscs\u00e9v, Tokod, Tokodalt\u00e1r\u00f3, Csolnok, Esztergom-kertv\u00e1ros: h\u00edrek, programok","publisher":{"@id":"https:\/\/dorogimedence.hu\/#organization"},"potentialAction":[{"@type":"SearchAction","target":{"@type":"EntryPoint","urlTemplate":"https:\/\/dorogimedence.hu\/?s={search_term_string}"},"query-input":{"@type":"PropertyValueSpecification","valueRequired":true,"valueName":"search_term_string"}}],"inLanguage":"hu"},{"@type":"Organization","@id":"https:\/\/dorogimedence.hu\/#organization","name":"Dorogi-medence Region\u00e1lis H\u00edrport\u00e1l","url":"https:\/\/dorogimedence.hu\/","logo":{"@type":"ImageObject","inLanguage":"hu","@id":"https:\/\/dorogimedence.hu\/#\/schema\/logo\/image\/","url":"https:\/\/dorogimedence.hu\/wp-content\/uploads\/2021\/04\/logo-feher-600.png","contentUrl":"https:\/\/dorogimedence.hu\/wp-content\/uploads\/2021\/04\/logo-feher-600.png","width":600,"height":100,"caption":"Dorogi-medence Region\u00e1lis H\u00edrport\u00e1l"},"image":{"@id":"https:\/\/dorogimedence.hu\/#\/schema\/logo\/image\/"},"sameAs":["https:\/\/www.facebook.com\/dorogimedence\/"]},{"@type":"Person","@id":"https:\/\/dorogimedence.hu\/#\/schema\/person\/ce6091eeb7e95ecdc87890d6aa8e0fd4","name":"dorogimedence.hu","image":{"@type":"ImageObject","inLanguage":"hu","@id":"\/\/www.gravatar.com\/avatar\/d8d45f8901aadff40a4af72c0b826f1d?s=96&#038;r=g&#038;d=mm","url":"\/\/www.gravatar.com\/avatar\/d8d45f8901aadff40a4af72c0b826f1d?s=96&#038;r=g&#038;d=mm","contentUrl":"\/\/www.gravatar.com\/avatar\/d8d45f8901aadff40a4af72c0b826f1d?s=96&#038;r=g&#038;d=mm","caption":"dorogimedence.hu"}}]}},"_links":{"self":[{"href":"https:\/\/dorogimedence.hu\/index.php\/wp-json\/wp\/v2\/posts\/40901","targetHints":{"allow":["GET"]}}],"collection":[{"href":"https:\/\/dorogimedence.hu\/index.php\/wp-json\/wp\/v2\/posts"}],"about":[{"href":"https:\/\/dorogimedence.hu\/index.php\/wp-json\/wp\/v2\/types\/post"}],"author":[{"embeddable":true,"href":"https:\/\/dorogimedence.hu\/index.php\/wp-json\/wp\/v2\/users\/1"}],"replies":[{"embeddable":true,"href":"https:\/\/dorogimedence.hu\/index.php\/wp-json\/wp\/v2\/comments?post=40901"}],"version-history":[{"count":0,"href":"https:\/\/dorogimedence.hu\/index.php\/wp-json\/wp\/v2\/posts\/40901\/revisions"}],"wp:featuredmedia":[{"embeddable":true,"href":"https:\/\/dorogimedence.hu\/index.php\/wp-json\/wp\/v2\/media\/40902"}],"wp:attachment":[{"href":"https:\/\/dorogimedence.hu\/index.php\/wp-json\/wp\/v2\/media?parent=40901"}],"wp:term":[{"taxonomy":"category","embeddable":true,"href":"https:\/\/dorogimedence.hu\/index.php\/wp-json\/wp\/v2\/categories?post=40901"},{"taxonomy":"post_tag","embeddable":true,"href":"https:\/\/dorogimedence.hu\/index.php\/wp-json\/wp\/v2\/tags?post=40901"}],"curies":[{"name":"wp","href":"https:\/\/api.w.org\/{rel}","templated":true}]}}