{"id":40893,"date":"2022-03-03T14:17:23","date_gmt":"2022-03-03T13:17:23","guid":{"rendered":"https:\/\/dorogimedence.hu\/?p=40893"},"modified":"2022-03-03T14:18:13","modified_gmt":"2022-03-03T13:18:13","slug":"300-millios-allami-tamogatas-erkezik-esztergomba","status":"publish","type":"post","link":"https:\/\/dorogimedence.hu\/index.php\/2022\/03\/03\/300-millios-allami-tamogatas-erkezik-esztergomba\/","title":{"rendered":"300 milli\u00f3s \u00e1llami t\u00e1mogat\u00e1s \u00e9rkezik Esztergomba"},"content":{"rendered":"<p><strong>H\u00e1romsz\u00e1z milli\u00f3 forintos korm\u00e1nyzati t\u00e1mogat\u00e1sb\u00f3l, valamint \u00f6nkorm\u00e1nyzati \u00f6nr\u00e9szb\u0151l val\u00f3s\u00edtj\u00e1k meg Esztergomban, a Szam\u00e1rhegy-B\u00fab\u00e1natv\u00f6lgy v\u00e1rosr\u00e9sz k\u00f6zm\u0171h\u00e1l\u00f3zat\u00e1nak fejleszt\u00e9s\u00e9t <\/strong><em>\u2013 \u00edrja Esztergom \u00f6nkorm\u00e1nyzata a hivatalos honlapj\u00e1n.<\/em><\/p>\n<p>A Magyar K\u00f6zl\u00f6ny 2022.03.02-\u00e1n kiadott 2022. \u00e9vi 39. sz\u00e1m\u00e1ban megjelent \u201e<em>A Korm\u00e1ny 1102\/2022. (III. 2.) Korm. hat\u00e1rozata Esztergom k\u00f6zm\u0171h\u00e1l\u00f3zat\u00e1nak fejleszt\u00e9s\u00e9hez sz\u00fcks\u00e9ges forr\u00e1s biztos\u00edt\u00e1s\u00e1r\u00f3l<\/em>\u201d c\u00edm\u0171 hat\u00e1rozat \u00e9rtelm\u00e9ben a Korm\u00e1ny Esztergom, Szam\u00e1rhegy-B\u00fab\u00e1natv\u00f6lgy v\u00e1rosr\u00e9sz v\u00edzik\u00f6zm\u0171 h\u00e1l\u00f3zat\u00e1nak fejleszt\u00e9se \u00e9rdek\u00e9ben 300.000.000 forint egyszeri \u00e1tcsoportos\u00edt\u00e1s\u00e1t rendeli el. A t\u00e1mogat\u00e1snak \u00e9s Esztergom k\u00f6lts\u00e9gvet\u00e9s\u00e9be betervezett 126 milli\u00f3 forint \u00f6nr\u00e9sznek k\u00f6sz\u00f6nhet\u0151en a Csenkei \u00fat, Meggyf\u00e1s utca \u00e9s V\u00f6lgy utca k\u00f6z\u00f6tti szakasz\u00e1n iv\u00f3- \u00e9s szennyv\u00edzh\u00e1l\u00f3zat fog \u00e9p\u00fclni k\u00f6zel 1,6 km hosszon, ahogy az Ak\u00e1cos utca \u2013 Csenkei \u00fat \u00e9s Besz\u00e9des utca k\u00f6z\u00f6tti szakasz\u00e1n is.<\/p>\n<p>Er\u0151s G\u00e1bor, Esztergom alpolg\u00e1rmestere a k\u00f6z\u00f6ss\u00e9gi oldal\u00e1n k\u00f6z\u00f6lte, hogy a k\u00f6zm\u0171fejleszt\u00e9s ut\u00e1n az utak p\u00e1lyaszerkezet\u00e9nek fel\u00faj\u00edt\u00e1sa k\u00e9tr\u00e9teg\u0171, itat\u00e1sos sz\u00f3rt fel\u00fcleti bevonattal k\u00e9sz\u00fcl, sz\u00e1raz z\u00fazal\u00e9k al\u00e1sz\u00f3r\u00e1ssal, z\u00fazottk\u0151 alapra (bitunova). A megval\u00f3s\u00edt\u00e1shoz sz\u00fcks\u00e9ges tervek rendelkez\u00e9sre \u00e1llnak. A munk\u00e1k v\u00e1rhat\u00f3an a ny\u00e1r folyam\u00e1n megkezd\u0151dnek.<\/p>\n<p><em>Fot\u00f3, forr\u00e1s: esztergom.hu \/ Er\u0151s G\u00e1bor Facebook oldala<br \/>\nBor\u00edt\u00f3k\u00e9p: esztergom.hu<br \/>\n<\/em><\/p>\n","protected":false},"excerpt":{"rendered":"<p>H\u00e1romsz\u00e1z milli\u00f3 forintos korm\u00e1nyzati t\u00e1mogat\u00e1sb\u00f3l, valamint \u00f6nkorm\u00e1nyzati \u00f6nr\u00e9szb\u0151l val\u00f3s\u00edtj\u00e1k meg Esztergomban, a Szam\u00e1rhegy-B\u00fab\u00e1natv\u00f6lgy v\u00e1rosr\u00e9sz k\u00f6zm\u0171h\u00e1l\u00f3zat\u00e1nak fejleszt\u00e9s\u00e9t \u2013 \u00edrja Esztergom \u00f6nkorm\u00e1nyzata a hivatalos honlapj\u00e1n. A Magyar K\u00f6zl\u00f6ny 2022.03.02-\u00e1n kiadott 2022. \u00e9vi 39. sz\u00e1m\u00e1ban megjelent \u201eA Korm\u00e1ny 1102\/2022. (III. 2.) Korm. hat\u00e1rozata Esztergom k\u00f6zm\u0171h\u00e1l\u00f3zat\u00e1nak fejleszt\u00e9s\u00e9hez sz\u00fcks\u00e9ges forr\u00e1s biztos\u00edt\u00e1s\u00e1r\u00f3l\u201d c\u00edm\u0171 hat\u00e1rozat \u00e9rtelm\u00e9ben a Korm\u00e1ny Esztergom, Szam\u00e1rhegy-B\u00fab\u00e1natv\u00f6lgy v\u00e1rosr\u00e9sz v\u00edzik\u00f6zm\u0171<\/p>\n","protected":false},"author":1,"featured_media":40894,"comment_status":"closed","ping_status":"closed","sticky":false,"template":"","format":"standard","meta":{"ngg_post_thumbnail":0,"footnotes":""},"categories":[38,3],"tags":[6320,42,697],"class_list":{"0":"post-40893","1":"post","2":"type-post","3":"status-publish","4":"format-standard","5":"has-post-thumbnail","7":"category-esztergom","8":"category-hirek","9":"tag-csatornazas","10":"tag-esztergom","11":"tag-utfelujitas"},"yoast_head":"<!-- This site is optimized with the Yoast SEO plugin v27.5 - https:\/\/yoast.com\/product\/yoast-seo-wordpress\/ -->\n<title>300 milli\u00f3s \u00e1llami t\u00e1mogat\u00e1s \u00e9rkezik Esztergomba<\/title>\n<meta name=\"robots\" content=\"index, follow, max-snippet:-1, max-image-preview:large, max-video-preview:-1\" \/>\n<link rel=\"canonical\" href=\"https:\/\/dorogimedence.hu\/index.php\/2022\/03\/03\/300-millios-allami-tamogatas-erkezik-esztergomba\/\" class=\"yoast-seo-meta-tag\" \/>\n<meta property=\"og:locale\" content=\"hu_HU\" class=\"yoast-seo-meta-tag\" \/>\n<meta property=\"og:type\" content=\"article\" class=\"yoast-seo-meta-tag\" \/>\n<meta property=\"og:title\" content=\"300 milli\u00f3s \u00e1llami t\u00e1mogat\u00e1s \u00e9rkezik Esztergomba\" class=\"yoast-seo-meta-tag\" \/>\n<meta property=\"og:description\" content=\"H\u00e1romsz\u00e1z milli\u00f3 forintos korm\u00e1nyzati t\u00e1mogat\u00e1sb\u00f3l, valamint \u00f6nkorm\u00e1nyzati \u00f6nr\u00e9szb\u0151l val\u00f3s\u00edtj\u00e1k meg Esztergomban, a Szam\u00e1rhegy-B\u00fab\u00e1natv\u00f6lgy v\u00e1rosr\u00e9sz k\u00f6zm\u0171h\u00e1l\u00f3zat\u00e1nak fejleszt\u00e9s\u00e9t \u2013 \u00edrja Esztergom \u00f6nkorm\u00e1nyzata a hivatalos honlapj\u00e1n. A Magyar K\u00f6zl\u00f6ny 2022.03.02-\u00e1n kiadott 2022. \u00e9vi 39. sz\u00e1m\u00e1ban megjelent \u201eA Korm\u00e1ny 1102\/2022. (III. 2.) Korm. hat\u00e1rozata Esztergom k\u00f6zm\u0171h\u00e1l\u00f3zat\u00e1nak fejleszt\u00e9s\u00e9hez sz\u00fcks\u00e9ges forr\u00e1s biztos\u00edt\u00e1s\u00e1r\u00f3l\u201d c\u00edm\u0171 hat\u00e1rozat \u00e9rtelm\u00e9ben a Korm\u00e1ny Esztergom, Szam\u00e1rhegy-B\u00fab\u00e1natv\u00f6lgy v\u00e1rosr\u00e9sz v\u00edzik\u00f6zm\u0171\" class=\"yoast-seo-meta-tag\" \/>\n<meta property=\"og:url\" content=\"https:\/\/dorogimedence.hu\/index.php\/2022\/03\/03\/300-millios-allami-tamogatas-erkezik-esztergomba\/\" class=\"yoast-seo-meta-tag\" \/>\n<meta property=\"og:site_name\" content=\"Dorogi-medence Region\u00e1lis H\u00edrport\u00e1l\" class=\"yoast-seo-meta-tag\" \/>\n<meta property=\"article:publisher\" content=\"https:\/\/www.facebook.com\/dorogimedence\/\" class=\"yoast-seo-meta-tag\" \/>\n<meta property=\"article:published_time\" content=\"2022-03-03T13:17:23+00:00\" class=\"yoast-seo-meta-tag\" \/>\n<meta property=\"article:modified_time\" content=\"2022-03-03T13:18:13+00:00\" class=\"yoast-seo-meta-tag\" \/>\n<meta property=\"og:image\" content=\"https:\/\/i0.wp.com\/dorogimedence.hu\/wp-content\/uploads\/2022\/03\/csatornazas.jpg?fit=1200%2C628&ssl=1\" class=\"yoast-seo-meta-tag\" \/>\n\t<meta property=\"og:image:width\" content=\"1200\" class=\"yoast-seo-meta-tag\" \/>\n\t<meta property=\"og:image:height\" content=\"628\" class=\"yoast-seo-meta-tag\" \/>\n\t<meta property=\"og:image:type\" content=\"image\/jpeg\" class=\"yoast-seo-meta-tag\" \/>\n<meta name=\"author\" content=\"dorogimedence.hu\" class=\"yoast-seo-meta-tag\" \/>\n<meta name=\"twitter:card\" content=\"summary_large_image\" class=\"yoast-seo-meta-tag\" \/>\n<meta name=\"twitter:label1\" content=\"Szerz\u0151:\" class=\"yoast-seo-meta-tag\" \/>\n\t<meta name=\"twitter:data1\" content=\"dorogimedence.hu\" class=\"yoast-seo-meta-tag\" \/>\n\t<meta name=\"twitter:label2\" content=\"Becs\u00fclt olvas\u00e1si id\u0151\" class=\"yoast-seo-meta-tag\" \/>\n\t<meta name=\"twitter:data2\" content=\"1 perc\" class=\"yoast-seo-meta-tag\" \/>\n<script type=\"application\/ld+json\" class=\"yoast-schema-graph\">{\"@context\":\"https:\\\/\\\/schema.org\",\"@graph\":[{\"@type\":\"Article\",\"@id\":\"https:\\\/\\\/dorogimedence.hu\\\/index.php\\\/2022\\\/03\\\/03\\\/300-millios-allami-tamogatas-erkezik-esztergomba\\\/#article\",\"isPartOf\":{\"@id\":\"https:\\\/\\\/dorogimedence.hu\\\/index.php\\\/2022\\\/03\\\/03\\\/300-millios-allami-tamogatas-erkezik-esztergomba\\\/\"},\"author\":{\"name\":\"dorogimedence.hu\",\"@id\":\"https:\\\/\\\/dorogimedence.hu\\\/#\\\/schema\\\/person\\\/ce6091eeb7e95ecdc87890d6aa8e0fd4\"},\"headline\":\"300 milli\u00f3s \u00e1llami t\u00e1mogat\u00e1s \u00e9rkezik Esztergomba\",\"datePublished\":\"2022-03-03T13:17:23+00:00\",\"dateModified\":\"2022-03-03T13:18:13+00:00\",\"mainEntityOfPage\":{\"@id\":\"https:\\\/\\\/dorogimedence.hu\\\/index.php\\\/2022\\\/03\\\/03\\\/300-millios-allami-tamogatas-erkezik-esztergomba\\\/\"},\"wordCount\":302,\"publisher\":{\"@id\":\"https:\\\/\\\/dorogimedence.hu\\\/#organization\"},\"image\":{\"@id\":\"https:\\\/\\\/dorogimedence.hu\\\/index.php\\\/2022\\\/03\\\/03\\\/300-millios-allami-tamogatas-erkezik-esztergomba\\\/#primaryimage\"},\"thumbnailUrl\":\"https:\\\/\\\/dorogimedence.hu\\\/wp-content\\\/uploads\\\/2022\\\/03\\\/csatornazas.jpg\",\"keywords\":[\"csatorn\u00e1z\u00e1s\",\"esztergom\",\"\u00fatfel\u00faj\u00edt\u00e1s\"],\"articleSection\":[\"Esztergom\",\"H\u00edrek\"],\"inLanguage\":\"hu\"},{\"@type\":\"WebPage\",\"@id\":\"https:\\\/\\\/dorogimedence.hu\\\/index.php\\\/2022\\\/03\\\/03\\\/300-millios-allami-tamogatas-erkezik-esztergomba\\\/\",\"url\":\"https:\\\/\\\/dorogimedence.hu\\\/index.php\\\/2022\\\/03\\\/03\\\/300-millios-allami-tamogatas-erkezik-esztergomba\\\/\",\"name\":\"300 milli\u00f3s \u00e1llami t\u00e1mogat\u00e1s \u00e9rkezik Esztergomba\",\"isPartOf\":{\"@id\":\"https:\\\/\\\/dorogimedence.hu\\\/#website\"},\"primaryImageOfPage\":{\"@id\":\"https:\\\/\\\/dorogimedence.hu\\\/index.php\\\/2022\\\/03\\\/03\\\/300-millios-allami-tamogatas-erkezik-esztergomba\\\/#primaryimage\"},\"image\":{\"@id\":\"https:\\\/\\\/dorogimedence.hu\\\/index.php\\\/2022\\\/03\\\/03\\\/300-millios-allami-tamogatas-erkezik-esztergomba\\\/#primaryimage\"},\"thumbnailUrl\":\"https:\\\/\\\/dorogimedence.hu\\\/wp-content\\\/uploads\\\/2022\\\/03\\\/csatornazas.jpg\",\"datePublished\":\"2022-03-03T13:17:23+00:00\",\"dateModified\":\"2022-03-03T13:18:13+00:00\",\"breadcrumb\":{\"@id\":\"https:\\\/\\\/dorogimedence.hu\\\/index.php\\\/2022\\\/03\\\/03\\\/300-millios-allami-tamogatas-erkezik-esztergomba\\\/#breadcrumb\"},\"inLanguage\":\"hu\",\"potentialAction\":[{\"@type\":\"ReadAction\",\"target\":[\"https:\\\/\\\/dorogimedence.hu\\\/index.php\\\/2022\\\/03\\\/03\\\/300-millios-allami-tamogatas-erkezik-esztergomba\\\/\"]}]},{\"@type\":\"ImageObject\",\"inLanguage\":\"hu\",\"@id\":\"https:\\\/\\\/dorogimedence.hu\\\/index.php\\\/2022\\\/03\\\/03\\\/300-millios-allami-tamogatas-erkezik-esztergomba\\\/#primaryimage\",\"url\":\"https:\\\/\\\/dorogimedence.hu\\\/wp-content\\\/uploads\\\/2022\\\/03\\\/csatornazas.jpg\",\"contentUrl\":\"https:\\\/\\\/dorogimedence.hu\\\/wp-content\\\/uploads\\\/2022\\\/03\\\/csatornazas.jpg\",\"width\":1200,\"height\":628},{\"@type\":\"BreadcrumbList\",\"@id\":\"https:\\\/\\\/dorogimedence.hu\\\/index.php\\\/2022\\\/03\\\/03\\\/300-millios-allami-tamogatas-erkezik-esztergomba\\\/#breadcrumb\",\"itemListElement\":[{\"@type\":\"ListItem\",\"position\":1,\"name\":\"Kezd\u0151lap\",\"item\":\"https:\\\/\\\/dorogimedence.hu\\\/\"},{\"@type\":\"ListItem\",\"position\":2,\"name\":\"300 milli\u00f3s \u00e1llami t\u00e1mogat\u00e1s \u00e9rkezik Esztergomba\"}]},{\"@type\":\"WebSite\",\"@id\":\"https:\\\/\\\/dorogimedence.hu\\\/#website\",\"url\":\"https:\\\/\\\/dorogimedence.hu\\\/\",\"name\":\"Dorogi-medence Region\u00e1lis H\u00edrport\u00e1l\",\"description\":\"Dorog, Keszt\u00f6lc, Le\u00e1nyv\u00e1r, Piliscs\u00e9v, Tokod, Tokodalt\u00e1r\u00f3, Csolnok, Esztergom-kertv\u00e1ros: h\u00edrek, programok\",\"publisher\":{\"@id\":\"https:\\\/\\\/dorogimedence.hu\\\/#organization\"},\"potentialAction\":[{\"@type\":\"SearchAction\",\"target\":{\"@type\":\"EntryPoint\",\"urlTemplate\":\"https:\\\/\\\/dorogimedence.hu\\\/?s={search_term_string}\"},\"query-input\":{\"@type\":\"PropertyValueSpecification\",\"valueRequired\":true,\"valueName\":\"search_term_string\"}}],\"inLanguage\":\"hu\"},{\"@type\":\"Organization\",\"@id\":\"https:\\\/\\\/dorogimedence.hu\\\/#organization\",\"name\":\"Dorogi-medence Region\u00e1lis H\u00edrport\u00e1l\",\"url\":\"https:\\\/\\\/dorogimedence.hu\\\/\",\"logo\":{\"@type\":\"ImageObject\",\"inLanguage\":\"hu\",\"@id\":\"https:\\\/\\\/dorogimedence.hu\\\/#\\\/schema\\\/logo\\\/image\\\/\",\"url\":\"https:\\\/\\\/dorogimedence.hu\\\/wp-content\\\/uploads\\\/2021\\\/04\\\/logo-feher-600.png\",\"contentUrl\":\"https:\\\/\\\/dorogimedence.hu\\\/wp-content\\\/uploads\\\/2021\\\/04\\\/logo-feher-600.png\",\"width\":600,\"height\":100,\"caption\":\"Dorogi-medence Region\u00e1lis H\u00edrport\u00e1l\"},\"image\":{\"@id\":\"https:\\\/\\\/dorogimedence.hu\\\/#\\\/schema\\\/logo\\\/image\\\/\"},\"sameAs\":[\"https:\\\/\\\/www.facebook.com\\\/dorogimedence\\\/\"]},{\"@type\":\"Person\",\"@id\":\"https:\\\/\\\/dorogimedence.hu\\\/#\\\/schema\\\/person\\\/ce6091eeb7e95ecdc87890d6aa8e0fd4\",\"name\":\"dorogimedence.hu\",\"image\":{\"@type\":\"ImageObject\",\"inLanguage\":\"hu\",\"@id\":\"\\\/\\\/www.gravatar.com\\\/avatar\\\/d8d45f8901aadff40a4af72c0b826f1d?s=96&#038;r=g&#038;d=mm\",\"url\":\"\\\/\\\/www.gravatar.com\\\/avatar\\\/d8d45f8901aadff40a4af72c0b826f1d?s=96&#038;r=g&#038;d=mm\",\"contentUrl\":\"\\\/\\\/www.gravatar.com\\\/avatar\\\/d8d45f8901aadff40a4af72c0b826f1d?s=96&#038;r=g&#038;d=mm\",\"caption\":\"dorogimedence.hu\"}}]}<\/script>\n<!-- \/ Yoast SEO plugin. -->","yoast_head_json":{"title":"300 milli\u00f3s \u00e1llami t\u00e1mogat\u00e1s \u00e9rkezik Esztergomba","robots":{"index":"index","follow":"follow","max-snippet":"max-snippet:-1","max-image-preview":"max-image-preview:large","max-video-preview":"max-video-preview:-1"},"canonical":"https:\/\/dorogimedence.hu\/index.php\/2022\/03\/03\/300-millios-allami-tamogatas-erkezik-esztergomba\/","og_locale":"hu_HU","og_type":"article","og_title":"300 milli\u00f3s \u00e1llami t\u00e1mogat\u00e1s \u00e9rkezik Esztergomba","og_description":"H\u00e1romsz\u00e1z milli\u00f3 forintos korm\u00e1nyzati t\u00e1mogat\u00e1sb\u00f3l, valamint \u00f6nkorm\u00e1nyzati \u00f6nr\u00e9szb\u0151l val\u00f3s\u00edtj\u00e1k meg Esztergomban, a Szam\u00e1rhegy-B\u00fab\u00e1natv\u00f6lgy v\u00e1rosr\u00e9sz k\u00f6zm\u0171h\u00e1l\u00f3zat\u00e1nak fejleszt\u00e9s\u00e9t \u2013 \u00edrja Esztergom \u00f6nkorm\u00e1nyzata a hivatalos honlapj\u00e1n. A Magyar K\u00f6zl\u00f6ny 2022.03.02-\u00e1n kiadott 2022. \u00e9vi 39. sz\u00e1m\u00e1ban megjelent \u201eA Korm\u00e1ny 1102\/2022. (III. 2.) Korm. hat\u00e1rozata Esztergom k\u00f6zm\u0171h\u00e1l\u00f3zat\u00e1nak fejleszt\u00e9s\u00e9hez sz\u00fcks\u00e9ges forr\u00e1s biztos\u00edt\u00e1s\u00e1r\u00f3l\u201d c\u00edm\u0171 hat\u00e1rozat \u00e9rtelm\u00e9ben a Korm\u00e1ny Esztergom, Szam\u00e1rhegy-B\u00fab\u00e1natv\u00f6lgy v\u00e1rosr\u00e9sz v\u00edzik\u00f6zm\u0171","og_url":"https:\/\/dorogimedence.hu\/index.php\/2022\/03\/03\/300-millios-allami-tamogatas-erkezik-esztergomba\/","og_site_name":"Dorogi-medence Region\u00e1lis H\u00edrport\u00e1l","article_publisher":"https:\/\/www.facebook.com\/dorogimedence\/","article_published_time":"2022-03-03T13:17:23+00:00","article_modified_time":"2022-03-03T13:18:13+00:00","og_image":[{"width":1200,"height":628,"url":"https:\/\/i0.wp.com\/dorogimedence.hu\/wp-content\/uploads\/2022\/03\/csatornazas.jpg?fit=1200%2C628&ssl=1","type":"image\/jpeg"}],"author":"dorogimedence.hu","twitter_card":"summary_large_image","twitter_misc":{"Szerz\u0151:":"dorogimedence.hu","Becs\u00fclt olvas\u00e1si id\u0151":"1 perc"},"schema":{"@context":"https:\/\/schema.org","@graph":[{"@type":"Article","@id":"https:\/\/dorogimedence.hu\/index.php\/2022\/03\/03\/300-millios-allami-tamogatas-erkezik-esztergomba\/#article","isPartOf":{"@id":"https:\/\/dorogimedence.hu\/index.php\/2022\/03\/03\/300-millios-allami-tamogatas-erkezik-esztergomba\/"},"author":{"name":"dorogimedence.hu","@id":"https:\/\/dorogimedence.hu\/#\/schema\/person\/ce6091eeb7e95ecdc87890d6aa8e0fd4"},"headline":"300 milli\u00f3s \u00e1llami t\u00e1mogat\u00e1s \u00e9rkezik Esztergomba","datePublished":"2022-03-03T13:17:23+00:00","dateModified":"2022-03-03T13:18:13+00:00","mainEntityOfPage":{"@id":"https:\/\/dorogimedence.hu\/index.php\/2022\/03\/03\/300-millios-allami-tamogatas-erkezik-esztergomba\/"},"wordCount":302,"publisher":{"@id":"https:\/\/dorogimedence.hu\/#organization"},"image":{"@id":"https:\/\/dorogimedence.hu\/index.php\/2022\/03\/03\/300-millios-allami-tamogatas-erkezik-esztergomba\/#primaryimage"},"thumbnailUrl":"https:\/\/dorogimedence.hu\/wp-content\/uploads\/2022\/03\/csatornazas.jpg","keywords":["csatorn\u00e1z\u00e1s","esztergom","\u00fatfel\u00faj\u00edt\u00e1s"],"articleSection":["Esztergom","H\u00edrek"],"inLanguage":"hu"},{"@type":"WebPage","@id":"https:\/\/dorogimedence.hu\/index.php\/2022\/03\/03\/300-millios-allami-tamogatas-erkezik-esztergomba\/","url":"https:\/\/dorogimedence.hu\/index.php\/2022\/03\/03\/300-millios-allami-tamogatas-erkezik-esztergomba\/","name":"300 milli\u00f3s \u00e1llami t\u00e1mogat\u00e1s \u00e9rkezik Esztergomba","isPartOf":{"@id":"https:\/\/dorogimedence.hu\/#website"},"primaryImageOfPage":{"@id":"https:\/\/dorogimedence.hu\/index.php\/2022\/03\/03\/300-millios-allami-tamogatas-erkezik-esztergomba\/#primaryimage"},"image":{"@id":"https:\/\/dorogimedence.hu\/index.php\/2022\/03\/03\/300-millios-allami-tamogatas-erkezik-esztergomba\/#primaryimage"},"thumbnailUrl":"https:\/\/dorogimedence.hu\/wp-content\/uploads\/2022\/03\/csatornazas.jpg","datePublished":"2022-03-03T13:17:23+00:00","dateModified":"2022-03-03T13:18:13+00:00","breadcrumb":{"@id":"https:\/\/dorogimedence.hu\/index.php\/2022\/03\/03\/300-millios-allami-tamogatas-erkezik-esztergomba\/#breadcrumb"},"inLanguage":"hu","potentialAction":[{"@type":"ReadAction","target":["https:\/\/dorogimedence.hu\/index.php\/2022\/03\/03\/300-millios-allami-tamogatas-erkezik-esztergomba\/"]}]},{"@type":"ImageObject","inLanguage":"hu","@id":"https:\/\/dorogimedence.hu\/index.php\/2022\/03\/03\/300-millios-allami-tamogatas-erkezik-esztergomba\/#primaryimage","url":"https:\/\/dorogimedence.hu\/wp-content\/uploads\/2022\/03\/csatornazas.jpg","contentUrl":"https:\/\/dorogimedence.hu\/wp-content\/uploads\/2022\/03\/csatornazas.jpg","width":1200,"height":628},{"@type":"BreadcrumbList","@id":"https:\/\/dorogimedence.hu\/index.php\/2022\/03\/03\/300-millios-allami-tamogatas-erkezik-esztergomba\/#breadcrumb","itemListElement":[{"@type":"ListItem","position":1,"name":"Kezd\u0151lap","item":"https:\/\/dorogimedence.hu\/"},{"@type":"ListItem","position":2,"name":"300 milli\u00f3s \u00e1llami t\u00e1mogat\u00e1s \u00e9rkezik Esztergomba"}]},{"@type":"WebSite","@id":"https:\/\/dorogimedence.hu\/#website","url":"https:\/\/dorogimedence.hu\/","name":"Dorogi-medence Region\u00e1lis H\u00edrport\u00e1l","description":"Dorog, Keszt\u00f6lc, Le\u00e1nyv\u00e1r, Piliscs\u00e9v, Tokod, Tokodalt\u00e1r\u00f3, Csolnok, Esztergom-kertv\u00e1ros: h\u00edrek, programok","publisher":{"@id":"https:\/\/dorogimedence.hu\/#organization"},"potentialAction":[{"@type":"SearchAction","target":{"@type":"EntryPoint","urlTemplate":"https:\/\/dorogimedence.hu\/?s={search_term_string}"},"query-input":{"@type":"PropertyValueSpecification","valueRequired":true,"valueName":"search_term_string"}}],"inLanguage":"hu"},{"@type":"Organization","@id":"https:\/\/dorogimedence.hu\/#organization","name":"Dorogi-medence Region\u00e1lis H\u00edrport\u00e1l","url":"https:\/\/dorogimedence.hu\/","logo":{"@type":"ImageObject","inLanguage":"hu","@id":"https:\/\/dorogimedence.hu\/#\/schema\/logo\/image\/","url":"https:\/\/dorogimedence.hu\/wp-content\/uploads\/2021\/04\/logo-feher-600.png","contentUrl":"https:\/\/dorogimedence.hu\/wp-content\/uploads\/2021\/04\/logo-feher-600.png","width":600,"height":100,"caption":"Dorogi-medence Region\u00e1lis H\u00edrport\u00e1l"},"image":{"@id":"https:\/\/dorogimedence.hu\/#\/schema\/logo\/image\/"},"sameAs":["https:\/\/www.facebook.com\/dorogimedence\/"]},{"@type":"Person","@id":"https:\/\/dorogimedence.hu\/#\/schema\/person\/ce6091eeb7e95ecdc87890d6aa8e0fd4","name":"dorogimedence.hu","image":{"@type":"ImageObject","inLanguage":"hu","@id":"\/\/www.gravatar.com\/avatar\/d8d45f8901aadff40a4af72c0b826f1d?s=96&#038;r=g&#038;d=mm","url":"\/\/www.gravatar.com\/avatar\/d8d45f8901aadff40a4af72c0b826f1d?s=96&#038;r=g&#038;d=mm","contentUrl":"\/\/www.gravatar.com\/avatar\/d8d45f8901aadff40a4af72c0b826f1d?s=96&#038;r=g&#038;d=mm","caption":"dorogimedence.hu"}}]}},"_links":{"self":[{"href":"https:\/\/dorogimedence.hu\/index.php\/wp-json\/wp\/v2\/posts\/40893","targetHints":{"allow":["GET"]}}],"collection":[{"href":"https:\/\/dorogimedence.hu\/index.php\/wp-json\/wp\/v2\/posts"}],"about":[{"href":"https:\/\/dorogimedence.hu\/index.php\/wp-json\/wp\/v2\/types\/post"}],"author":[{"embeddable":true,"href":"https:\/\/dorogimedence.hu\/index.php\/wp-json\/wp\/v2\/users\/1"}],"replies":[{"embeddable":true,"href":"https:\/\/dorogimedence.hu\/index.php\/wp-json\/wp\/v2\/comments?post=40893"}],"version-history":[{"count":0,"href":"https:\/\/dorogimedence.hu\/index.php\/wp-json\/wp\/v2\/posts\/40893\/revisions"}],"wp:featuredmedia":[{"embeddable":true,"href":"https:\/\/dorogimedence.hu\/index.php\/wp-json\/wp\/v2\/media\/40894"}],"wp:attachment":[{"href":"https:\/\/dorogimedence.hu\/index.php\/wp-json\/wp\/v2\/media?parent=40893"}],"wp:term":[{"taxonomy":"category","embeddable":true,"href":"https:\/\/dorogimedence.hu\/index.php\/wp-json\/wp\/v2\/categories?post=40893"},{"taxonomy":"post_tag","embeddable":true,"href":"https:\/\/dorogimedence.hu\/index.php\/wp-json\/wp\/v2\/tags?post=40893"}],"curies":[{"name":"wp","href":"https:\/\/api.w.org\/{rel}","templated":true}]}}