{"id":40882,"date":"2022-03-03T12:04:20","date_gmt":"2022-03-03T11:04:20","guid":{"rendered":"https:\/\/dorogimedence.hu\/?p=40882"},"modified":"2022-03-03T15:58:20","modified_gmt":"2022-03-03T14:58:20","slug":"szerdan-is-akadt-boven-dolguk-a-tuzoltoknak","status":"publish","type":"post","link":"https:\/\/dorogimedence.hu\/index.php\/2022\/03\/03\/szerdan-is-akadt-boven-dolguk-a-tuzoltoknak\/","title":{"rendered":"Szerd\u00e1n is akadt b\u0151ven dolguk a t\u0171zolt\u00f3knak"},"content":{"rendered":"<p><strong>Esztergomba, Dorogra \u00e9s Baj\u00f3tra is vonultak t\u00e9rs\u00e9g\u00fcnk t\u0171zolt\u00f3i m\u00e1rcius 2-\u00e1n, szerd\u00e1n.<\/strong><\/p>\n<p>Sz\u00e1raz f\u0171, gaz, avar \u00e9gett Baj\u00f3ton, a Dobozi Mih\u00e1ly utca v\u00e9g\u00e9ben, H\u00e9reg \u00e9s Tarj\u00e1n k\u00f6z\u00f6tt, a sz\u00e1nt\u00f3f\u00f6ld\u00f6n, valamint Esztergom k\u00fclter\u00fclet\u00e9n a Zsell\u00e9rtag d\u0171l\u0151ben szerda kora d\u00e9lut\u00e1n. A szabadt\u00e9ri t\u00fczekhez Nyerges\u00fajfalu, Bajna \u00e9s Esztergom hivat\u00e1sos t\u0171zolt\u00f3i vonultak, akik k\u00e9ziszersz\u00e1mokkal, avarolt\u00f3val, \u00e9s v\u00edzsug\u00e1rral oltott\u00e1k el a t\u00fczeket.<\/p>\n<p>Vesz\u00e9lyesen megd\u0151lt f\u00e1hoz riasztott\u00e1k a t\u0171zolt\u00f3kat a 10-es sz\u00e1m\u00fa f\u0151\u00fatra, Dorog telep\u00fcl\u00e9s t\u00e1bl\u00e1hoz szerda d\u00e9lut\u00e1n. Esztergom hivat\u00e1sos t\u0171zolt\u00f3i \u00e9s Tokod \u00f6nk\u00e9ntes t\u0171zolt\u00f3 egyes\u00fclet\u00e9nek tagjai elt\u00e1vol\u00edtott\u00e1k a mintegy 8 m\u00e9ter magas f\u00e1t. A munk\u00e1latok ideje alatt, r\u00f6vid ideig az eml\u00edtett \u00fatszakaszon teljes \u00fatz\u00e1r volt \u00e9rv\u00e9nyben.<\/p>\n<p><img fetchpriority=\"high\" decoding=\"async\" class=\"alignnone size-large wp-image-40884\" src=\"https:\/\/dorogimedence.hu\/wp-content\/uploads\/2022\/03\/275065754_5161929150494891_8175122909792530963_n-1024x768.jpg\" alt=\"\" width=\"755\" height=\"566\" srcset=\"https:\/\/dorogimedence.hu\/wp-content\/uploads\/2022\/03\/275065754_5161929150494891_8175122909792530963_n-1024x768.jpg 1024w, https:\/\/dorogimedence.hu\/wp-content\/uploads\/2022\/03\/275065754_5161929150494891_8175122909792530963_n-300x225.jpg 300w, https:\/\/dorogimedence.hu\/wp-content\/uploads\/2022\/03\/275065754_5161929150494891_8175122909792530963_n-768x576.jpg 768w, https:\/\/dorogimedence.hu\/wp-content\/uploads\/2022\/03\/275065754_5161929150494891_8175122909792530963_n-1536x1152.jpg 1536w, https:\/\/dorogimedence.hu\/wp-content\/uploads\/2022\/03\/275065754_5161929150494891_8175122909792530963_n-150x113.jpg 150w, https:\/\/dorogimedence.hu\/wp-content\/uploads\/2022\/03\/275065754_5161929150494891_8175122909792530963_n-450x338.jpg 450w, https:\/\/dorogimedence.hu\/wp-content\/uploads\/2022\/03\/275065754_5161929150494891_8175122909792530963_n-1200x900.jpg 1200w, https:\/\/dorogimedence.hu\/wp-content\/uploads\/2022\/03\/275065754_5161929150494891_8175122909792530963_n.jpg 2048w\" sizes=\"(max-width: 755px) 100vw, 755px\" \/><\/p>\n<p><em>Forr\u00e1s: Katasztr\u00f3fav\u00e9delem<br \/>\nFot\u00f3k: Tokod \u00d6TE (megd\u0151lt fa Dorogon)<\/em><\/p>\n","protected":false},"excerpt":{"rendered":"<p>Esztergomba, Dorogra \u00e9s Baj\u00f3tra is vonultak t\u00e9rs\u00e9g\u00fcnk t\u0171zolt\u00f3i m\u00e1rcius 2-\u00e1n, szerd\u00e1n. Sz\u00e1raz f\u0171, gaz, avar \u00e9gett Baj\u00f3ton, a Dobozi Mih\u00e1ly utca v\u00e9g\u00e9ben, H\u00e9reg \u00e9s Tarj\u00e1n k\u00f6z\u00f6tt, a sz\u00e1nt\u00f3f\u00f6ld\u00f6n, valamint Esztergom k\u00fclter\u00fclet\u00e9n a Zsell\u00e9rtag d\u0171l\u0151ben szerda kora d\u00e9lut\u00e1n. A szabadt\u00e9ri t\u00fczekhez Nyerges\u00fajfalu, Bajna \u00e9s Esztergom hivat\u00e1sos t\u0171zolt\u00f3i vonultak, akik k\u00e9ziszersz\u00e1mokkal, avarolt\u00f3val, \u00e9s v\u00edzsug\u00e1rral oltott\u00e1k el a<\/p>\n","protected":false},"author":1,"featured_media":40883,"comment_status":"closed","ping_status":"closed","sticky":false,"template":"","format":"standard","meta":{"ngg_post_thumbnail":0,"footnotes":""},"categories":[2,38,3,39],"tags":[334,15,42,175,40,365,65],"class_list":{"0":"post-40882","1":"post","2":"type-post","3":"status-publish","4":"format-standard","5":"has-post-thumbnail","7":"category-dorog","8":"category-esztergom","9":"category-hirek","10":"category-kek-hirek","11":"tag-bajot","12":"tag-dorog","13":"tag-esztergom","14":"tag-katasztrofavedelem","15":"tag-tuz","16":"tag-tuzeset","17":"tag-tuzoltosag"},"yoast_head":"<!-- This site is optimized with the Yoast SEO plugin v27.5 - https:\/\/yoast.com\/product\/yoast-seo-wordpress\/ -->\n<title>Szerd\u00e1n is akadt b\u0151ven dolguk a t\u0171zolt\u00f3knak<\/title>\n<meta name=\"robots\" content=\"index, follow, max-snippet:-1, max-image-preview:large, max-video-preview:-1\" \/>\n<link rel=\"canonical\" href=\"https:\/\/dorogimedence.hu\/index.php\/2022\/03\/03\/szerdan-is-akadt-boven-dolguk-a-tuzoltoknak\/\" class=\"yoast-seo-meta-tag\" \/>\n<meta property=\"og:locale\" content=\"hu_HU\" class=\"yoast-seo-meta-tag\" \/>\n<meta property=\"og:type\" content=\"article\" class=\"yoast-seo-meta-tag\" \/>\n<meta property=\"og:title\" content=\"Szerd\u00e1n is akadt b\u0151ven dolguk a t\u0171zolt\u00f3knak\" class=\"yoast-seo-meta-tag\" \/>\n<meta property=\"og:description\" content=\"Esztergomba, Dorogra \u00e9s Baj\u00f3tra is vonultak t\u00e9rs\u00e9g\u00fcnk t\u0171zolt\u00f3i m\u00e1rcius 2-\u00e1n, szerd\u00e1n. Sz\u00e1raz f\u0171, gaz, avar \u00e9gett Baj\u00f3ton, a Dobozi Mih\u00e1ly utca v\u00e9g\u00e9ben, H\u00e9reg \u00e9s Tarj\u00e1n k\u00f6z\u00f6tt, a sz\u00e1nt\u00f3f\u00f6ld\u00f6n, valamint Esztergom k\u00fclter\u00fclet\u00e9n a Zsell\u00e9rtag d\u0171l\u0151ben szerda kora d\u00e9lut\u00e1n. A szabadt\u00e9ri t\u00fczekhez Nyerges\u00fajfalu, Bajna \u00e9s Esztergom hivat\u00e1sos t\u0171zolt\u00f3i vonultak, akik k\u00e9ziszersz\u00e1mokkal, avarolt\u00f3val, \u00e9s v\u00edzsug\u00e1rral oltott\u00e1k el a\" class=\"yoast-seo-meta-tag\" \/>\n<meta property=\"og:url\" content=\"https:\/\/dorogimedence.hu\/index.php\/2022\/03\/03\/szerdan-is-akadt-boven-dolguk-a-tuzoltoknak\/\" class=\"yoast-seo-meta-tag\" \/>\n<meta property=\"og:site_name\" content=\"Dorogi-medence Region\u00e1lis H\u00edrport\u00e1l\" class=\"yoast-seo-meta-tag\" \/>\n<meta property=\"article:publisher\" content=\"https:\/\/www.facebook.com\/dorogimedence\/\" class=\"yoast-seo-meta-tag\" \/>\n<meta property=\"article:published_time\" content=\"2022-03-03T11:04:20+00:00\" class=\"yoast-seo-meta-tag\" \/>\n<meta property=\"article:modified_time\" content=\"2022-03-03T14:58:20+00:00\" class=\"yoast-seo-meta-tag\" \/>\n<meta property=\"og:image\" content=\"https:\/\/i0.wp.com\/dorogimedence.hu\/wp-content\/uploads\/2022\/03\/dorog-fakivagas-01.jpg?fit=912%2C507&ssl=1\" class=\"yoast-seo-meta-tag\" \/>\n\t<meta property=\"og:image:width\" content=\"912\" class=\"yoast-seo-meta-tag\" \/>\n\t<meta property=\"og:image:height\" content=\"507\" class=\"yoast-seo-meta-tag\" \/>\n\t<meta property=\"og:image:type\" content=\"image\/jpeg\" class=\"yoast-seo-meta-tag\" \/>\n<meta name=\"author\" content=\"dorogimedence.hu\" class=\"yoast-seo-meta-tag\" \/>\n<meta name=\"twitter:card\" content=\"summary_large_image\" class=\"yoast-seo-meta-tag\" \/>\n<meta name=\"twitter:label1\" content=\"Szerz\u0151:\" class=\"yoast-seo-meta-tag\" \/>\n\t<meta name=\"twitter:data1\" content=\"dorogimedence.hu\" class=\"yoast-seo-meta-tag\" \/>\n\t<meta name=\"twitter:label2\" content=\"Becs\u00fclt olvas\u00e1si id\u0151\" class=\"yoast-seo-meta-tag\" \/>\n\t<meta name=\"twitter:data2\" content=\"1 perc\" class=\"yoast-seo-meta-tag\" \/>\n<script type=\"application\/ld+json\" class=\"yoast-schema-graph\">{\"@context\":\"https:\\\/\\\/schema.org\",\"@graph\":[{\"@type\":\"Article\",\"@id\":\"https:\\\/\\\/dorogimedence.hu\\\/index.php\\\/2022\\\/03\\\/03\\\/szerdan-is-akadt-boven-dolguk-a-tuzoltoknak\\\/#article\",\"isPartOf\":{\"@id\":\"https:\\\/\\\/dorogimedence.hu\\\/index.php\\\/2022\\\/03\\\/03\\\/szerdan-is-akadt-boven-dolguk-a-tuzoltoknak\\\/\"},\"author\":{\"name\":\"dorogimedence.hu\",\"@id\":\"https:\\\/\\\/dorogimedence.hu\\\/#\\\/schema\\\/person\\\/ce6091eeb7e95ecdc87890d6aa8e0fd4\"},\"headline\":\"Szerd\u00e1n is akadt b\u0151ven dolguk a t\u0171zolt\u00f3knak\",\"datePublished\":\"2022-03-03T11:04:20+00:00\",\"dateModified\":\"2022-03-03T14:58:20+00:00\",\"mainEntityOfPage\":{\"@id\":\"https:\\\/\\\/dorogimedence.hu\\\/index.php\\\/2022\\\/03\\\/03\\\/szerdan-is-akadt-boven-dolguk-a-tuzoltoknak\\\/\"},\"wordCount\":197,\"publisher\":{\"@id\":\"https:\\\/\\\/dorogimedence.hu\\\/#organization\"},\"image\":{\"@id\":\"https:\\\/\\\/dorogimedence.hu\\\/index.php\\\/2022\\\/03\\\/03\\\/szerdan-is-akadt-boven-dolguk-a-tuzoltoknak\\\/#primaryimage\"},\"thumbnailUrl\":\"https:\\\/\\\/dorogimedence.hu\\\/wp-content\\\/uploads\\\/2022\\\/03\\\/dorog-fakivagas-01.jpg\",\"keywords\":[\"Baj\u00f3t\",\"Dorog\",\"esztergom\",\"katasztr\u00f3fav\u00e9delem\",\"t\u0171z\",\"t\u0171zeset\",\"t\u0171zolt\u00f3s\u00e1g\"],\"articleSection\":[\"Dorog\",\"Esztergom\",\"H\u00edrek\",\"K\u00e9k h\u00edrek\"],\"inLanguage\":\"hu\"},{\"@type\":\"WebPage\",\"@id\":\"https:\\\/\\\/dorogimedence.hu\\\/index.php\\\/2022\\\/03\\\/03\\\/szerdan-is-akadt-boven-dolguk-a-tuzoltoknak\\\/\",\"url\":\"https:\\\/\\\/dorogimedence.hu\\\/index.php\\\/2022\\\/03\\\/03\\\/szerdan-is-akadt-boven-dolguk-a-tuzoltoknak\\\/\",\"name\":\"Szerd\u00e1n is akadt b\u0151ven dolguk a t\u0171zolt\u00f3knak\",\"isPartOf\":{\"@id\":\"https:\\\/\\\/dorogimedence.hu\\\/#website\"},\"primaryImageOfPage\":{\"@id\":\"https:\\\/\\\/dorogimedence.hu\\\/index.php\\\/2022\\\/03\\\/03\\\/szerdan-is-akadt-boven-dolguk-a-tuzoltoknak\\\/#primaryimage\"},\"image\":{\"@id\":\"https:\\\/\\\/dorogimedence.hu\\\/index.php\\\/2022\\\/03\\\/03\\\/szerdan-is-akadt-boven-dolguk-a-tuzoltoknak\\\/#primaryimage\"},\"thumbnailUrl\":\"https:\\\/\\\/dorogimedence.hu\\\/wp-content\\\/uploads\\\/2022\\\/03\\\/dorog-fakivagas-01.jpg\",\"datePublished\":\"2022-03-03T11:04:20+00:00\",\"dateModified\":\"2022-03-03T14:58:20+00:00\",\"breadcrumb\":{\"@id\":\"https:\\\/\\\/dorogimedence.hu\\\/index.php\\\/2022\\\/03\\\/03\\\/szerdan-is-akadt-boven-dolguk-a-tuzoltoknak\\\/#breadcrumb\"},\"inLanguage\":\"hu\",\"potentialAction\":[{\"@type\":\"ReadAction\",\"target\":[\"https:\\\/\\\/dorogimedence.hu\\\/index.php\\\/2022\\\/03\\\/03\\\/szerdan-is-akadt-boven-dolguk-a-tuzoltoknak\\\/\"]}]},{\"@type\":\"ImageObject\",\"inLanguage\":\"hu\",\"@id\":\"https:\\\/\\\/dorogimedence.hu\\\/index.php\\\/2022\\\/03\\\/03\\\/szerdan-is-akadt-boven-dolguk-a-tuzoltoknak\\\/#primaryimage\",\"url\":\"https:\\\/\\\/dorogimedence.hu\\\/wp-content\\\/uploads\\\/2022\\\/03\\\/dorog-fakivagas-01.jpg\",\"contentUrl\":\"https:\\\/\\\/dorogimedence.hu\\\/wp-content\\\/uploads\\\/2022\\\/03\\\/dorog-fakivagas-01.jpg\",\"width\":912,\"height\":507},{\"@type\":\"BreadcrumbList\",\"@id\":\"https:\\\/\\\/dorogimedence.hu\\\/index.php\\\/2022\\\/03\\\/03\\\/szerdan-is-akadt-boven-dolguk-a-tuzoltoknak\\\/#breadcrumb\",\"itemListElement\":[{\"@type\":\"ListItem\",\"position\":1,\"name\":\"Kezd\u0151lap\",\"item\":\"https:\\\/\\\/dorogimedence.hu\\\/\"},{\"@type\":\"ListItem\",\"position\":2,\"name\":\"Szerd\u00e1n is akadt b\u0151ven dolguk a t\u0171zolt\u00f3knak\"}]},{\"@type\":\"WebSite\",\"@id\":\"https:\\\/\\\/dorogimedence.hu\\\/#website\",\"url\":\"https:\\\/\\\/dorogimedence.hu\\\/\",\"name\":\"Dorogi-medence Region\u00e1lis H\u00edrport\u00e1l\",\"description\":\"Dorog, Keszt\u00f6lc, Le\u00e1nyv\u00e1r, Piliscs\u00e9v, Tokod, Tokodalt\u00e1r\u00f3, Csolnok, Esztergom-kertv\u00e1ros: h\u00edrek, programok\",\"publisher\":{\"@id\":\"https:\\\/\\\/dorogimedence.hu\\\/#organization\"},\"potentialAction\":[{\"@type\":\"SearchAction\",\"target\":{\"@type\":\"EntryPoint\",\"urlTemplate\":\"https:\\\/\\\/dorogimedence.hu\\\/?s={search_term_string}\"},\"query-input\":{\"@type\":\"PropertyValueSpecification\",\"valueRequired\":true,\"valueName\":\"search_term_string\"}}],\"inLanguage\":\"hu\"},{\"@type\":\"Organization\",\"@id\":\"https:\\\/\\\/dorogimedence.hu\\\/#organization\",\"name\":\"Dorogi-medence Region\u00e1lis H\u00edrport\u00e1l\",\"url\":\"https:\\\/\\\/dorogimedence.hu\\\/\",\"logo\":{\"@type\":\"ImageObject\",\"inLanguage\":\"hu\",\"@id\":\"https:\\\/\\\/dorogimedence.hu\\\/#\\\/schema\\\/logo\\\/image\\\/\",\"url\":\"https:\\\/\\\/dorogimedence.hu\\\/wp-content\\\/uploads\\\/2021\\\/04\\\/logo-feher-600.png\",\"contentUrl\":\"https:\\\/\\\/dorogimedence.hu\\\/wp-content\\\/uploads\\\/2021\\\/04\\\/logo-feher-600.png\",\"width\":600,\"height\":100,\"caption\":\"Dorogi-medence Region\u00e1lis H\u00edrport\u00e1l\"},\"image\":{\"@id\":\"https:\\\/\\\/dorogimedence.hu\\\/#\\\/schema\\\/logo\\\/image\\\/\"},\"sameAs\":[\"https:\\\/\\\/www.facebook.com\\\/dorogimedence\\\/\"]},{\"@type\":\"Person\",\"@id\":\"https:\\\/\\\/dorogimedence.hu\\\/#\\\/schema\\\/person\\\/ce6091eeb7e95ecdc87890d6aa8e0fd4\",\"name\":\"dorogimedence.hu\",\"image\":{\"@type\":\"ImageObject\",\"inLanguage\":\"hu\",\"@id\":\"\\\/\\\/www.gravatar.com\\\/avatar\\\/d8d45f8901aadff40a4af72c0b826f1d?s=96&#038;r=g&#038;d=mm\",\"url\":\"\\\/\\\/www.gravatar.com\\\/avatar\\\/d8d45f8901aadff40a4af72c0b826f1d?s=96&#038;r=g&#038;d=mm\",\"contentUrl\":\"\\\/\\\/www.gravatar.com\\\/avatar\\\/d8d45f8901aadff40a4af72c0b826f1d?s=96&#038;r=g&#038;d=mm\",\"caption\":\"dorogimedence.hu\"}}]}<\/script>\n<!-- \/ Yoast SEO plugin. -->","yoast_head_json":{"title":"Szerd\u00e1n is akadt b\u0151ven dolguk a t\u0171zolt\u00f3knak","robots":{"index":"index","follow":"follow","max-snippet":"max-snippet:-1","max-image-preview":"max-image-preview:large","max-video-preview":"max-video-preview:-1"},"canonical":"https:\/\/dorogimedence.hu\/index.php\/2022\/03\/03\/szerdan-is-akadt-boven-dolguk-a-tuzoltoknak\/","og_locale":"hu_HU","og_type":"article","og_title":"Szerd\u00e1n is akadt b\u0151ven dolguk a t\u0171zolt\u00f3knak","og_description":"Esztergomba, Dorogra \u00e9s Baj\u00f3tra is vonultak t\u00e9rs\u00e9g\u00fcnk t\u0171zolt\u00f3i m\u00e1rcius 2-\u00e1n, szerd\u00e1n. Sz\u00e1raz f\u0171, gaz, avar \u00e9gett Baj\u00f3ton, a Dobozi Mih\u00e1ly utca v\u00e9g\u00e9ben, H\u00e9reg \u00e9s Tarj\u00e1n k\u00f6z\u00f6tt, a sz\u00e1nt\u00f3f\u00f6ld\u00f6n, valamint Esztergom k\u00fclter\u00fclet\u00e9n a Zsell\u00e9rtag d\u0171l\u0151ben szerda kora d\u00e9lut\u00e1n. A szabadt\u00e9ri t\u00fczekhez Nyerges\u00fajfalu, Bajna \u00e9s Esztergom hivat\u00e1sos t\u0171zolt\u00f3i vonultak, akik k\u00e9ziszersz\u00e1mokkal, avarolt\u00f3val, \u00e9s v\u00edzsug\u00e1rral oltott\u00e1k el a","og_url":"https:\/\/dorogimedence.hu\/index.php\/2022\/03\/03\/szerdan-is-akadt-boven-dolguk-a-tuzoltoknak\/","og_site_name":"Dorogi-medence Region\u00e1lis H\u00edrport\u00e1l","article_publisher":"https:\/\/www.facebook.com\/dorogimedence\/","article_published_time":"2022-03-03T11:04:20+00:00","article_modified_time":"2022-03-03T14:58:20+00:00","og_image":[{"width":912,"height":507,"url":"https:\/\/i0.wp.com\/dorogimedence.hu\/wp-content\/uploads\/2022\/03\/dorog-fakivagas-01.jpg?fit=912%2C507&ssl=1","type":"image\/jpeg"}],"author":"dorogimedence.hu","twitter_card":"summary_large_image","twitter_misc":{"Szerz\u0151:":"dorogimedence.hu","Becs\u00fclt olvas\u00e1si id\u0151":"1 perc"},"schema":{"@context":"https:\/\/schema.org","@graph":[{"@type":"Article","@id":"https:\/\/dorogimedence.hu\/index.php\/2022\/03\/03\/szerdan-is-akadt-boven-dolguk-a-tuzoltoknak\/#article","isPartOf":{"@id":"https:\/\/dorogimedence.hu\/index.php\/2022\/03\/03\/szerdan-is-akadt-boven-dolguk-a-tuzoltoknak\/"},"author":{"name":"dorogimedence.hu","@id":"https:\/\/dorogimedence.hu\/#\/schema\/person\/ce6091eeb7e95ecdc87890d6aa8e0fd4"},"headline":"Szerd\u00e1n is akadt b\u0151ven dolguk a t\u0171zolt\u00f3knak","datePublished":"2022-03-03T11:04:20+00:00","dateModified":"2022-03-03T14:58:20+00:00","mainEntityOfPage":{"@id":"https:\/\/dorogimedence.hu\/index.php\/2022\/03\/03\/szerdan-is-akadt-boven-dolguk-a-tuzoltoknak\/"},"wordCount":197,"publisher":{"@id":"https:\/\/dorogimedence.hu\/#organization"},"image":{"@id":"https:\/\/dorogimedence.hu\/index.php\/2022\/03\/03\/szerdan-is-akadt-boven-dolguk-a-tuzoltoknak\/#primaryimage"},"thumbnailUrl":"https:\/\/dorogimedence.hu\/wp-content\/uploads\/2022\/03\/dorog-fakivagas-01.jpg","keywords":["Baj\u00f3t","Dorog","esztergom","katasztr\u00f3fav\u00e9delem","t\u0171z","t\u0171zeset","t\u0171zolt\u00f3s\u00e1g"],"articleSection":["Dorog","Esztergom","H\u00edrek","K\u00e9k h\u00edrek"],"inLanguage":"hu"},{"@type":"WebPage","@id":"https:\/\/dorogimedence.hu\/index.php\/2022\/03\/03\/szerdan-is-akadt-boven-dolguk-a-tuzoltoknak\/","url":"https:\/\/dorogimedence.hu\/index.php\/2022\/03\/03\/szerdan-is-akadt-boven-dolguk-a-tuzoltoknak\/","name":"Szerd\u00e1n is akadt b\u0151ven dolguk a t\u0171zolt\u00f3knak","isPartOf":{"@id":"https:\/\/dorogimedence.hu\/#website"},"primaryImageOfPage":{"@id":"https:\/\/dorogimedence.hu\/index.php\/2022\/03\/03\/szerdan-is-akadt-boven-dolguk-a-tuzoltoknak\/#primaryimage"},"image":{"@id":"https:\/\/dorogimedence.hu\/index.php\/2022\/03\/03\/szerdan-is-akadt-boven-dolguk-a-tuzoltoknak\/#primaryimage"},"thumbnailUrl":"https:\/\/dorogimedence.hu\/wp-content\/uploads\/2022\/03\/dorog-fakivagas-01.jpg","datePublished":"2022-03-03T11:04:20+00:00","dateModified":"2022-03-03T14:58:20+00:00","breadcrumb":{"@id":"https:\/\/dorogimedence.hu\/index.php\/2022\/03\/03\/szerdan-is-akadt-boven-dolguk-a-tuzoltoknak\/#breadcrumb"},"inLanguage":"hu","potentialAction":[{"@type":"ReadAction","target":["https:\/\/dorogimedence.hu\/index.php\/2022\/03\/03\/szerdan-is-akadt-boven-dolguk-a-tuzoltoknak\/"]}]},{"@type":"ImageObject","inLanguage":"hu","@id":"https:\/\/dorogimedence.hu\/index.php\/2022\/03\/03\/szerdan-is-akadt-boven-dolguk-a-tuzoltoknak\/#primaryimage","url":"https:\/\/dorogimedence.hu\/wp-content\/uploads\/2022\/03\/dorog-fakivagas-01.jpg","contentUrl":"https:\/\/dorogimedence.hu\/wp-content\/uploads\/2022\/03\/dorog-fakivagas-01.jpg","width":912,"height":507},{"@type":"BreadcrumbList","@id":"https:\/\/dorogimedence.hu\/index.php\/2022\/03\/03\/szerdan-is-akadt-boven-dolguk-a-tuzoltoknak\/#breadcrumb","itemListElement":[{"@type":"ListItem","position":1,"name":"Kezd\u0151lap","item":"https:\/\/dorogimedence.hu\/"},{"@type":"ListItem","position":2,"name":"Szerd\u00e1n is akadt b\u0151ven dolguk a t\u0171zolt\u00f3knak"}]},{"@type":"WebSite","@id":"https:\/\/dorogimedence.hu\/#website","url":"https:\/\/dorogimedence.hu\/","name":"Dorogi-medence Region\u00e1lis H\u00edrport\u00e1l","description":"Dorog, Keszt\u00f6lc, Le\u00e1nyv\u00e1r, Piliscs\u00e9v, Tokod, Tokodalt\u00e1r\u00f3, Csolnok, Esztergom-kertv\u00e1ros: h\u00edrek, programok","publisher":{"@id":"https:\/\/dorogimedence.hu\/#organization"},"potentialAction":[{"@type":"SearchAction","target":{"@type":"EntryPoint","urlTemplate":"https:\/\/dorogimedence.hu\/?s={search_term_string}"},"query-input":{"@type":"PropertyValueSpecification","valueRequired":true,"valueName":"search_term_string"}}],"inLanguage":"hu"},{"@type":"Organization","@id":"https:\/\/dorogimedence.hu\/#organization","name":"Dorogi-medence Region\u00e1lis H\u00edrport\u00e1l","url":"https:\/\/dorogimedence.hu\/","logo":{"@type":"ImageObject","inLanguage":"hu","@id":"https:\/\/dorogimedence.hu\/#\/schema\/logo\/image\/","url":"https:\/\/dorogimedence.hu\/wp-content\/uploads\/2021\/04\/logo-feher-600.png","contentUrl":"https:\/\/dorogimedence.hu\/wp-content\/uploads\/2021\/04\/logo-feher-600.png","width":600,"height":100,"caption":"Dorogi-medence Region\u00e1lis H\u00edrport\u00e1l"},"image":{"@id":"https:\/\/dorogimedence.hu\/#\/schema\/logo\/image\/"},"sameAs":["https:\/\/www.facebook.com\/dorogimedence\/"]},{"@type":"Person","@id":"https:\/\/dorogimedence.hu\/#\/schema\/person\/ce6091eeb7e95ecdc87890d6aa8e0fd4","name":"dorogimedence.hu","image":{"@type":"ImageObject","inLanguage":"hu","@id":"\/\/www.gravatar.com\/avatar\/d8d45f8901aadff40a4af72c0b826f1d?s=96&#038;r=g&#038;d=mm","url":"\/\/www.gravatar.com\/avatar\/d8d45f8901aadff40a4af72c0b826f1d?s=96&#038;r=g&#038;d=mm","contentUrl":"\/\/www.gravatar.com\/avatar\/d8d45f8901aadff40a4af72c0b826f1d?s=96&#038;r=g&#038;d=mm","caption":"dorogimedence.hu"}}]}},"_links":{"self":[{"href":"https:\/\/dorogimedence.hu\/index.php\/wp-json\/wp\/v2\/posts\/40882","targetHints":{"allow":["GET"]}}],"collection":[{"href":"https:\/\/dorogimedence.hu\/index.php\/wp-json\/wp\/v2\/posts"}],"about":[{"href":"https:\/\/dorogimedence.hu\/index.php\/wp-json\/wp\/v2\/types\/post"}],"author":[{"embeddable":true,"href":"https:\/\/dorogimedence.hu\/index.php\/wp-json\/wp\/v2\/users\/1"}],"replies":[{"embeddable":true,"href":"https:\/\/dorogimedence.hu\/index.php\/wp-json\/wp\/v2\/comments?post=40882"}],"version-history":[{"count":0,"href":"https:\/\/dorogimedence.hu\/index.php\/wp-json\/wp\/v2\/posts\/40882\/revisions"}],"wp:featuredmedia":[{"embeddable":true,"href":"https:\/\/dorogimedence.hu\/index.php\/wp-json\/wp\/v2\/media\/40883"}],"wp:attachment":[{"href":"https:\/\/dorogimedence.hu\/index.php\/wp-json\/wp\/v2\/media?parent=40882"}],"wp:term":[{"taxonomy":"category","embeddable":true,"href":"https:\/\/dorogimedence.hu\/index.php\/wp-json\/wp\/v2\/categories?post=40882"},{"taxonomy":"post_tag","embeddable":true,"href":"https:\/\/dorogimedence.hu\/index.php\/wp-json\/wp\/v2\/tags?post=40882"}],"curies":[{"name":"wp","href":"https:\/\/api.w.org\/{rel}","templated":true}]}}