{"id":40773,"date":"2022-02-26T08:23:54","date_gmt":"2022-02-26T07:23:54","guid":{"rendered":"https:\/\/dorogimedence.hu\/?p=40773"},"modified":"2022-02-26T09:14:26","modified_gmt":"2022-02-26T08:14:26","slug":"bovul-a-szemelyszallito-kapacitas-az-esztergomi-vasutvonalon","status":"publish","type":"post","link":"https:\/\/dorogimedence.hu\/index.php\/2022\/02\/26\/bovul-a-szemelyszallito-kapacitas-az-esztergomi-vasutvonalon\/","title":{"rendered":"B\u0151v\u00fcl a szem\u00e9lysz\u00e1ll\u00edt\u00f3 kapacit\u00e1s az esztergomi vas\u00fatvonalon"},"content":{"rendered":"<p><strong>J\u00f6v\u0151 h\u00e9tt\u0151l \u00faj vas\u00fati j\u00e1rat k\u00f6zlekedik Esztergom \u00e9s Budapest k\u00f6z\u00f6tt, \u00e9s hamarosan \u00fajabb menetrendi b\u0151v\u00fcl\u00e9s v\u00e1rhat\u00f3<\/strong> <em>&#8211; mondta p\u00e9nteki solym\u00e1ri sajt\u00f3t\u00e1j\u00e9koztat\u00f3j\u00e1n Menczer Tam\u00e1s.<\/em><\/p>\n<p>A k\u00fcl\u00fcgyminiszt\u00e9riumi \u00e1llamtitk\u00e1r bejelentette, hogy a t\u00f6bbi szerelv\u00e9ny mellett h\u00e9tf\u0151t\u0151l az eddigi h\u00e1rom helyett m\u00e1r napi n\u00e9gy emeletes vonatp\u00e1r viszi az utasokat. Esztergomb\u00f3l 6 \u00f3ra 35 perckor indul az \u00faj j\u00e1rat.<\/p>\n<p>A szerelv\u00e9nyeken hatsz\u00e1zan utazhatnak, vagyis m\u00e1sf\u00e9lszer annyian, mint ah\u00e1ny utast ezen a szakaszon a t\u00f6bbi vonat sz\u00e1ll\u00edthat, ez\u00e9rt a b\u0151v\u00edt\u00e9s jelent\u0151sen n\u00f6velheti a szem\u00e9lyforgalmat &#8211; hangs\u00falyozta.<\/p>\n<p>A k\u00e9pvisel\u0151jel\u00f6lt hozz\u00e1tette, hogy az emeletes szerelv\u00e9nyek ind\u00edt\u00e1s\u00e1t november elej\u00e9n jelentett\u00e9k be az esztergomi vonalon. A k\u00e9nyelmes, korszer\u0171 vonatokkal eddig reggel, d\u00e9lut\u00e1n \u00e9s este lehetett utazni, de a visszajelz\u00e9sek alapj\u00e1n a korai napszakban s\u00fcrg\u0151ss\u00e9 v\u00e1lt a b\u0151v\u00edt\u00e9s.<\/p>\n<p><img fetchpriority=\"high\" decoding=\"async\" class=\"alignnone size-large wp-image-40775\" src=\"https:\/\/dorogimedence.hu\/wp-content\/uploads\/2022\/02\/274807740_515041543310870_4734243817901852515_n-1024x683.jpg\" alt=\"\" width=\"755\" height=\"504\" srcset=\"https:\/\/dorogimedence.hu\/wp-content\/uploads\/2022\/02\/274807740_515041543310870_4734243817901852515_n-1024x683.jpg 1024w, https:\/\/dorogimedence.hu\/wp-content\/uploads\/2022\/02\/274807740_515041543310870_4734243817901852515_n-300x200.jpg 300w, https:\/\/dorogimedence.hu\/wp-content\/uploads\/2022\/02\/274807740_515041543310870_4734243817901852515_n-768x512.jpg 768w, https:\/\/dorogimedence.hu\/wp-content\/uploads\/2022\/02\/274807740_515041543310870_4734243817901852515_n-1536x1024.jpg 1536w, https:\/\/dorogimedence.hu\/wp-content\/uploads\/2022\/02\/274807740_515041543310870_4734243817901852515_n-150x100.jpg 150w, https:\/\/dorogimedence.hu\/wp-content\/uploads\/2022\/02\/274807740_515041543310870_4734243817901852515_n-450x300.jpg 450w, https:\/\/dorogimedence.hu\/wp-content\/uploads\/2022\/02\/274807740_515041543310870_4734243817901852515_n-1200x800.jpg 1200w, https:\/\/dorogimedence.hu\/wp-content\/uploads\/2022\/02\/274807740_515041543310870_4734243817901852515_n-272x182.jpg 272w, https:\/\/dorogimedence.hu\/wp-content\/uploads\/2022\/02\/274807740_515041543310870_4734243817901852515_n.jpg 2048w\" sizes=\"(max-width: 755px) 100vw, 755px\" \/><\/p>\n<p>Kezdem\u00e9nyezte azt is, hogy a vas\u00fatt\u00e1rsas\u00e1g \u00fajabb j\u00e1ratokkal b\u0151v\u00edtse a menetrendet. Menczer Tam\u00e1s szerint az utasforgalom indokoln\u00e1, hogy kilenc vonatp\u00e1r k\u00f6zlekedjen az emeletes szerelv\u00e9nyekb\u0151l a k\u00e9t v\u00e9g\u00e1llom\u00e1s k\u00f6z\u00f6tt, eg\u00e9sz napra elosztva.<\/p>\n<p>A kapacit\u00e1s b\u0151v\u00edt\u00e9s\u00e9t a fenntarthat\u00f3s\u00e1gi szempontok is megk\u00f6vetelik, hiszen aki vonattal utazik, a legink\u00e1bb k\u00f6rnyezetbar\u00e1t k\u00f6zleked\u00e9st v\u00e1lasztja \u2013 hangs\u00falyozta Menczer Tam\u00e1s, hozz\u00e1f\u0171zve: a korm\u00e1ny ez\u00e9rt is folytatja a megkezdett vas\u00fati korszer\u0171s\u00edt\u00e9seket, csak a szerelv\u00e9ny\u00e1llom\u00e1ny meg\u00faj\u00edt\u00e1s\u00e1ra 2000 milli\u00e1rd forintot ford\u00edt 2030-ig.<\/p>\n<p>Korm\u00e1nyos L\u00e1szl\u00f3, a M\u00c1V-Start Zrt. vez\u00e9rigazgat\u00f3-helyettese szerint a k\u00e9nyelmes, j\u00f3l felszerelt vonatok mellett a korszer\u0171 \u00e1llom\u00e1sok, parkol\u00f3k, buszcsatlakoz\u00e1sok is hozz\u00e1j\u00e1rulnak a vas\u00fati k\u00f6zleked\u00e9s versenyk\u00e9pess\u00e9g\u00e9hez. Fontosnak nevezte emellett a jegy\u00e9rt\u00e9kes\u00edt\u00e9s meg\u00faj\u00edt\u00e1s\u00e1t, amely az Esztergom-Budapest vonalon ebben a h\u00f3napban \u00e9rt v\u00e9get \u00faj jegykiad\u00f3k telep\u00edt\u00e9s\u00e9vel. A vas\u00fatt\u00e1rsas\u00e1g a j\u00e1ratb\u0151v\u00edt\u00e9sre szint\u00e9n nyitott, \u00e9s m\u00e1r vizsg\u00e1lja ennek lehet\u0151s\u00e9geit, hogy m\u00e9g t\u00f6bben v\u00e1lassz\u00e1k a k\u00f6z\u00f6ss\u00e9gi k\u00f6zleked\u00e9st &#8211; tette hozz\u00e1.<\/p>\n<p><em>Forr\u00e1s: MTI<br \/>\nFot\u00f3k: Menczer Tam\u00e1s Facebook oldala<\/em><\/p>\n","protected":false},"excerpt":{"rendered":"<p>J\u00f6v\u0151 h\u00e9tt\u0151l \u00faj vas\u00fati j\u00e1rat k\u00f6zlekedik Esztergom \u00e9s Budapest k\u00f6z\u00f6tt, \u00e9s hamarosan \u00fajabb menetrendi b\u0151v\u00fcl\u00e9s v\u00e1rhat\u00f3 &#8211; mondta p\u00e9nteki solym\u00e1ri sajt\u00f3t\u00e1j\u00e9koztat\u00f3j\u00e1n Menczer Tam\u00e1s. A k\u00fcl\u00fcgyminiszt\u00e9riumi \u00e1llamtitk\u00e1r bejelentette, hogy a t\u00f6bbi szerelv\u00e9ny mellett h\u00e9tf\u0151t\u0151l az eddigi h\u00e1rom helyett m\u00e1r napi n\u00e9gy emeletes vonatp\u00e1r viszi az utasokat. Esztergomb\u00f3l 6 \u00f3ra 35 perckor indul az \u00faj j\u00e1rat. A<\/p>\n","protected":false},"author":1,"featured_media":40774,"comment_status":"closed","ping_status":"closed","sticky":false,"template":"","format":"standard","meta":{"ngg_post_thumbnail":0,"footnotes":""},"categories":[3],"tags":[5624,2473,292,381,291],"class_list":{"0":"post-40773","1":"post","2":"type-post","3":"status-publish","4":"format-standard","5":"has-post-thumbnail","7":"category-hirek","8":"tag-featured","9":"tag-kozelekedes","10":"tag-mav","11":"tag-vasut","12":"tag-vonat"},"yoast_head":"<!-- This site is optimized with the Yoast SEO plugin v27.4 - https:\/\/yoast.com\/product\/yoast-seo-wordpress\/ -->\n<title>B\u0151v\u00fcl a szem\u00e9lysz\u00e1ll\u00edt\u00f3 kapacit\u00e1s az esztergomi vas\u00fatvonalon<\/title>\n<meta name=\"robots\" content=\"index, follow, max-snippet:-1, max-image-preview:large, max-video-preview:-1\" \/>\n<link rel=\"canonical\" href=\"https:\/\/dorogimedence.hu\/index.php\/2022\/02\/26\/bovul-a-szemelyszallito-kapacitas-az-esztergomi-vasutvonalon\/\" class=\"yoast-seo-meta-tag\" \/>\n<meta property=\"og:locale\" content=\"hu_HU\" class=\"yoast-seo-meta-tag\" \/>\n<meta property=\"og:type\" content=\"article\" class=\"yoast-seo-meta-tag\" \/>\n<meta property=\"og:title\" content=\"B\u0151v\u00fcl a szem\u00e9lysz\u00e1ll\u00edt\u00f3 kapacit\u00e1s az esztergomi vas\u00fatvonalon\" class=\"yoast-seo-meta-tag\" \/>\n<meta property=\"og:description\" content=\"J\u00f6v\u0151 h\u00e9tt\u0151l \u00faj vas\u00fati j\u00e1rat k\u00f6zlekedik Esztergom \u00e9s Budapest k\u00f6z\u00f6tt, \u00e9s hamarosan \u00fajabb menetrendi b\u0151v\u00fcl\u00e9s v\u00e1rhat\u00f3 &#8211; mondta p\u00e9nteki solym\u00e1ri sajt\u00f3t\u00e1j\u00e9koztat\u00f3j\u00e1n Menczer Tam\u00e1s. A k\u00fcl\u00fcgyminiszt\u00e9riumi \u00e1llamtitk\u00e1r bejelentette, hogy a t\u00f6bbi szerelv\u00e9ny mellett h\u00e9tf\u0151t\u0151l az eddigi h\u00e1rom helyett m\u00e1r napi n\u00e9gy emeletes vonatp\u00e1r viszi az utasokat. Esztergomb\u00f3l 6 \u00f3ra 35 perckor indul az \u00faj j\u00e1rat. A\" class=\"yoast-seo-meta-tag\" \/>\n<meta property=\"og:url\" content=\"https:\/\/dorogimedence.hu\/index.php\/2022\/02\/26\/bovul-a-szemelyszallito-kapacitas-az-esztergomi-vasutvonalon\/\" class=\"yoast-seo-meta-tag\" \/>\n<meta property=\"og:site_name\" content=\"Dorogi-medence Region\u00e1lis H\u00edrport\u00e1l\" class=\"yoast-seo-meta-tag\" \/>\n<meta property=\"article:publisher\" content=\"https:\/\/www.facebook.com\/dorogimedence\/\" class=\"yoast-seo-meta-tag\" \/>\n<meta property=\"article:published_time\" content=\"2022-02-26T07:23:54+00:00\" class=\"yoast-seo-meta-tag\" \/>\n<meta property=\"article:modified_time\" content=\"2022-02-26T08:14:26+00:00\" class=\"yoast-seo-meta-tag\" \/>\n<meta property=\"og:image\" content=\"https:\/\/i0.wp.com\/dorogimedence.hu\/wp-content\/uploads\/2022\/02\/274671161_515041539977537_3760875770072649097_n.jpg?fit=2048%2C1365&ssl=1\" class=\"yoast-seo-meta-tag\" \/>\n\t<meta property=\"og:image:width\" content=\"2048\" class=\"yoast-seo-meta-tag\" \/>\n\t<meta property=\"og:image:height\" content=\"1365\" class=\"yoast-seo-meta-tag\" \/>\n\t<meta property=\"og:image:type\" content=\"image\/jpeg\" class=\"yoast-seo-meta-tag\" \/>\n<meta name=\"author\" content=\"dorogimedence.hu\" class=\"yoast-seo-meta-tag\" \/>\n<meta name=\"twitter:card\" content=\"summary_large_image\" class=\"yoast-seo-meta-tag\" \/>\n<meta name=\"twitter:label1\" content=\"Szerz\u0151:\" class=\"yoast-seo-meta-tag\" \/>\n\t<meta name=\"twitter:data1\" content=\"dorogimedence.hu\" class=\"yoast-seo-meta-tag\" \/>\n\t<meta name=\"twitter:label2\" content=\"Becs\u00fclt olvas\u00e1si id\u0151\" class=\"yoast-seo-meta-tag\" \/>\n\t<meta name=\"twitter:data2\" content=\"2 perc\" class=\"yoast-seo-meta-tag\" \/>\n<script type=\"application\/ld+json\" class=\"yoast-schema-graph\">{\"@context\":\"https:\\\/\\\/schema.org\",\"@graph\":[{\"@type\":\"Article\",\"@id\":\"https:\\\/\\\/dorogimedence.hu\\\/index.php\\\/2022\\\/02\\\/26\\\/bovul-a-szemelyszallito-kapacitas-az-esztergomi-vasutvonalon\\\/#article\",\"isPartOf\":{\"@id\":\"https:\\\/\\\/dorogimedence.hu\\\/index.php\\\/2022\\\/02\\\/26\\\/bovul-a-szemelyszallito-kapacitas-az-esztergomi-vasutvonalon\\\/\"},\"author\":{\"name\":\"dorogimedence.hu\",\"@id\":\"https:\\\/\\\/dorogimedence.hu\\\/#\\\/schema\\\/person\\\/ce6091eeb7e95ecdc87890d6aa8e0fd4\"},\"headline\":\"B\u0151v\u00fcl a szem\u00e9lysz\u00e1ll\u00edt\u00f3 kapacit\u00e1s az esztergomi vas\u00fatvonalon\",\"datePublished\":\"2022-02-26T07:23:54+00:00\",\"dateModified\":\"2022-02-26T08:14:26+00:00\",\"mainEntityOfPage\":{\"@id\":\"https:\\\/\\\/dorogimedence.hu\\\/index.php\\\/2022\\\/02\\\/26\\\/bovul-a-szemelyszallito-kapacitas-az-esztergomi-vasutvonalon\\\/\"},\"wordCount\":448,\"publisher\":{\"@id\":\"https:\\\/\\\/dorogimedence.hu\\\/#organization\"},\"image\":{\"@id\":\"https:\\\/\\\/dorogimedence.hu\\\/index.php\\\/2022\\\/02\\\/26\\\/bovul-a-szemelyszallito-kapacitas-az-esztergomi-vasutvonalon\\\/#primaryimage\"},\"thumbnailUrl\":\"https:\\\/\\\/dorogimedence.hu\\\/wp-content\\\/uploads\\\/2022\\\/02\\\/274671161_515041539977537_3760875770072649097_n.jpg\",\"keywords\":[\"featured\",\"k\u00f6zeleked\u00e9s\",\"m\u00e1v\",\"vas\u00fat\",\"vonat\"],\"articleSection\":[\"H\u00edrek\"],\"inLanguage\":\"hu\"},{\"@type\":\"WebPage\",\"@id\":\"https:\\\/\\\/dorogimedence.hu\\\/index.php\\\/2022\\\/02\\\/26\\\/bovul-a-szemelyszallito-kapacitas-az-esztergomi-vasutvonalon\\\/\",\"url\":\"https:\\\/\\\/dorogimedence.hu\\\/index.php\\\/2022\\\/02\\\/26\\\/bovul-a-szemelyszallito-kapacitas-az-esztergomi-vasutvonalon\\\/\",\"name\":\"B\u0151v\u00fcl a szem\u00e9lysz\u00e1ll\u00edt\u00f3 kapacit\u00e1s az esztergomi vas\u00fatvonalon\",\"isPartOf\":{\"@id\":\"https:\\\/\\\/dorogimedence.hu\\\/#website\"},\"primaryImageOfPage\":{\"@id\":\"https:\\\/\\\/dorogimedence.hu\\\/index.php\\\/2022\\\/02\\\/26\\\/bovul-a-szemelyszallito-kapacitas-az-esztergomi-vasutvonalon\\\/#primaryimage\"},\"image\":{\"@id\":\"https:\\\/\\\/dorogimedence.hu\\\/index.php\\\/2022\\\/02\\\/26\\\/bovul-a-szemelyszallito-kapacitas-az-esztergomi-vasutvonalon\\\/#primaryimage\"},\"thumbnailUrl\":\"https:\\\/\\\/dorogimedence.hu\\\/wp-content\\\/uploads\\\/2022\\\/02\\\/274671161_515041539977537_3760875770072649097_n.jpg\",\"datePublished\":\"2022-02-26T07:23:54+00:00\",\"dateModified\":\"2022-02-26T08:14:26+00:00\",\"breadcrumb\":{\"@id\":\"https:\\\/\\\/dorogimedence.hu\\\/index.php\\\/2022\\\/02\\\/26\\\/bovul-a-szemelyszallito-kapacitas-az-esztergomi-vasutvonalon\\\/#breadcrumb\"},\"inLanguage\":\"hu\",\"potentialAction\":[{\"@type\":\"ReadAction\",\"target\":[\"https:\\\/\\\/dorogimedence.hu\\\/index.php\\\/2022\\\/02\\\/26\\\/bovul-a-szemelyszallito-kapacitas-az-esztergomi-vasutvonalon\\\/\"]}]},{\"@type\":\"ImageObject\",\"inLanguage\":\"hu\",\"@id\":\"https:\\\/\\\/dorogimedence.hu\\\/index.php\\\/2022\\\/02\\\/26\\\/bovul-a-szemelyszallito-kapacitas-az-esztergomi-vasutvonalon\\\/#primaryimage\",\"url\":\"https:\\\/\\\/dorogimedence.hu\\\/wp-content\\\/uploads\\\/2022\\\/02\\\/274671161_515041539977537_3760875770072649097_n.jpg\",\"contentUrl\":\"https:\\\/\\\/dorogimedence.hu\\\/wp-content\\\/uploads\\\/2022\\\/02\\\/274671161_515041539977537_3760875770072649097_n.jpg\",\"width\":2048,\"height\":1365},{\"@type\":\"BreadcrumbList\",\"@id\":\"https:\\\/\\\/dorogimedence.hu\\\/index.php\\\/2022\\\/02\\\/26\\\/bovul-a-szemelyszallito-kapacitas-az-esztergomi-vasutvonalon\\\/#breadcrumb\",\"itemListElement\":[{\"@type\":\"ListItem\",\"position\":1,\"name\":\"Kezd\u0151lap\",\"item\":\"https:\\\/\\\/dorogimedence.hu\\\/\"},{\"@type\":\"ListItem\",\"position\":2,\"name\":\"B\u0151v\u00fcl a szem\u00e9lysz\u00e1ll\u00edt\u00f3 kapacit\u00e1s az esztergomi vas\u00fatvonalon\"}]},{\"@type\":\"WebSite\",\"@id\":\"https:\\\/\\\/dorogimedence.hu\\\/#website\",\"url\":\"https:\\\/\\\/dorogimedence.hu\\\/\",\"name\":\"Dorogi-medence Region\u00e1lis H\u00edrport\u00e1l\",\"description\":\"Dorog, Keszt\u00f6lc, Le\u00e1nyv\u00e1r, Piliscs\u00e9v, Tokod, Tokodalt\u00e1r\u00f3, Csolnok, Esztergom-kertv\u00e1ros: h\u00edrek, programok\",\"publisher\":{\"@id\":\"https:\\\/\\\/dorogimedence.hu\\\/#organization\"},\"potentialAction\":[{\"@type\":\"SearchAction\",\"target\":{\"@type\":\"EntryPoint\",\"urlTemplate\":\"https:\\\/\\\/dorogimedence.hu\\\/?s={search_term_string}\"},\"query-input\":{\"@type\":\"PropertyValueSpecification\",\"valueRequired\":true,\"valueName\":\"search_term_string\"}}],\"inLanguage\":\"hu\"},{\"@type\":\"Organization\",\"@id\":\"https:\\\/\\\/dorogimedence.hu\\\/#organization\",\"name\":\"Dorogi-medence Region\u00e1lis H\u00edrport\u00e1l\",\"url\":\"https:\\\/\\\/dorogimedence.hu\\\/\",\"logo\":{\"@type\":\"ImageObject\",\"inLanguage\":\"hu\",\"@id\":\"https:\\\/\\\/dorogimedence.hu\\\/#\\\/schema\\\/logo\\\/image\\\/\",\"url\":\"https:\\\/\\\/dorogimedence.hu\\\/wp-content\\\/uploads\\\/2021\\\/04\\\/logo-feher-600.png\",\"contentUrl\":\"https:\\\/\\\/dorogimedence.hu\\\/wp-content\\\/uploads\\\/2021\\\/04\\\/logo-feher-600.png\",\"width\":600,\"height\":100,\"caption\":\"Dorogi-medence Region\u00e1lis H\u00edrport\u00e1l\"},\"image\":{\"@id\":\"https:\\\/\\\/dorogimedence.hu\\\/#\\\/schema\\\/logo\\\/image\\\/\"},\"sameAs\":[\"https:\\\/\\\/www.facebook.com\\\/dorogimedence\\\/\"]},{\"@type\":\"Person\",\"@id\":\"https:\\\/\\\/dorogimedence.hu\\\/#\\\/schema\\\/person\\\/ce6091eeb7e95ecdc87890d6aa8e0fd4\",\"name\":\"dorogimedence.hu\",\"image\":{\"@type\":\"ImageObject\",\"inLanguage\":\"hu\",\"@id\":\"\\\/\\\/www.gravatar.com\\\/avatar\\\/d8d45f8901aadff40a4af72c0b826f1d?s=96&#038;r=g&#038;d=mm\",\"url\":\"\\\/\\\/www.gravatar.com\\\/avatar\\\/d8d45f8901aadff40a4af72c0b826f1d?s=96&#038;r=g&#038;d=mm\",\"contentUrl\":\"\\\/\\\/www.gravatar.com\\\/avatar\\\/d8d45f8901aadff40a4af72c0b826f1d?s=96&#038;r=g&#038;d=mm\",\"caption\":\"dorogimedence.hu\"}}]}<\/script>\n<!-- \/ Yoast SEO plugin. -->","yoast_head_json":{"title":"B\u0151v\u00fcl a szem\u00e9lysz\u00e1ll\u00edt\u00f3 kapacit\u00e1s az esztergomi vas\u00fatvonalon","robots":{"index":"index","follow":"follow","max-snippet":"max-snippet:-1","max-image-preview":"max-image-preview:large","max-video-preview":"max-video-preview:-1"},"canonical":"https:\/\/dorogimedence.hu\/index.php\/2022\/02\/26\/bovul-a-szemelyszallito-kapacitas-az-esztergomi-vasutvonalon\/","og_locale":"hu_HU","og_type":"article","og_title":"B\u0151v\u00fcl a szem\u00e9lysz\u00e1ll\u00edt\u00f3 kapacit\u00e1s az esztergomi vas\u00fatvonalon","og_description":"J\u00f6v\u0151 h\u00e9tt\u0151l \u00faj vas\u00fati j\u00e1rat k\u00f6zlekedik Esztergom \u00e9s Budapest k\u00f6z\u00f6tt, \u00e9s hamarosan \u00fajabb menetrendi b\u0151v\u00fcl\u00e9s v\u00e1rhat\u00f3 &#8211; mondta p\u00e9nteki solym\u00e1ri sajt\u00f3t\u00e1j\u00e9koztat\u00f3j\u00e1n Menczer Tam\u00e1s. A k\u00fcl\u00fcgyminiszt\u00e9riumi \u00e1llamtitk\u00e1r bejelentette, hogy a t\u00f6bbi szerelv\u00e9ny mellett h\u00e9tf\u0151t\u0151l az eddigi h\u00e1rom helyett m\u00e1r napi n\u00e9gy emeletes vonatp\u00e1r viszi az utasokat. Esztergomb\u00f3l 6 \u00f3ra 35 perckor indul az \u00faj j\u00e1rat. A","og_url":"https:\/\/dorogimedence.hu\/index.php\/2022\/02\/26\/bovul-a-szemelyszallito-kapacitas-az-esztergomi-vasutvonalon\/","og_site_name":"Dorogi-medence Region\u00e1lis H\u00edrport\u00e1l","article_publisher":"https:\/\/www.facebook.com\/dorogimedence\/","article_published_time":"2022-02-26T07:23:54+00:00","article_modified_time":"2022-02-26T08:14:26+00:00","og_image":[{"width":2048,"height":1365,"url":"https:\/\/i0.wp.com\/dorogimedence.hu\/wp-content\/uploads\/2022\/02\/274671161_515041539977537_3760875770072649097_n.jpg?fit=2048%2C1365&ssl=1","type":"image\/jpeg"}],"author":"dorogimedence.hu","twitter_card":"summary_large_image","twitter_misc":{"Szerz\u0151:":"dorogimedence.hu","Becs\u00fclt olvas\u00e1si id\u0151":"2 perc"},"schema":{"@context":"https:\/\/schema.org","@graph":[{"@type":"Article","@id":"https:\/\/dorogimedence.hu\/index.php\/2022\/02\/26\/bovul-a-szemelyszallito-kapacitas-az-esztergomi-vasutvonalon\/#article","isPartOf":{"@id":"https:\/\/dorogimedence.hu\/index.php\/2022\/02\/26\/bovul-a-szemelyszallito-kapacitas-az-esztergomi-vasutvonalon\/"},"author":{"name":"dorogimedence.hu","@id":"https:\/\/dorogimedence.hu\/#\/schema\/person\/ce6091eeb7e95ecdc87890d6aa8e0fd4"},"headline":"B\u0151v\u00fcl a szem\u00e9lysz\u00e1ll\u00edt\u00f3 kapacit\u00e1s az esztergomi vas\u00fatvonalon","datePublished":"2022-02-26T07:23:54+00:00","dateModified":"2022-02-26T08:14:26+00:00","mainEntityOfPage":{"@id":"https:\/\/dorogimedence.hu\/index.php\/2022\/02\/26\/bovul-a-szemelyszallito-kapacitas-az-esztergomi-vasutvonalon\/"},"wordCount":448,"publisher":{"@id":"https:\/\/dorogimedence.hu\/#organization"},"image":{"@id":"https:\/\/dorogimedence.hu\/index.php\/2022\/02\/26\/bovul-a-szemelyszallito-kapacitas-az-esztergomi-vasutvonalon\/#primaryimage"},"thumbnailUrl":"https:\/\/dorogimedence.hu\/wp-content\/uploads\/2022\/02\/274671161_515041539977537_3760875770072649097_n.jpg","keywords":["featured","k\u00f6zeleked\u00e9s","m\u00e1v","vas\u00fat","vonat"],"articleSection":["H\u00edrek"],"inLanguage":"hu"},{"@type":"WebPage","@id":"https:\/\/dorogimedence.hu\/index.php\/2022\/02\/26\/bovul-a-szemelyszallito-kapacitas-az-esztergomi-vasutvonalon\/","url":"https:\/\/dorogimedence.hu\/index.php\/2022\/02\/26\/bovul-a-szemelyszallito-kapacitas-az-esztergomi-vasutvonalon\/","name":"B\u0151v\u00fcl a szem\u00e9lysz\u00e1ll\u00edt\u00f3 kapacit\u00e1s az esztergomi vas\u00fatvonalon","isPartOf":{"@id":"https:\/\/dorogimedence.hu\/#website"},"primaryImageOfPage":{"@id":"https:\/\/dorogimedence.hu\/index.php\/2022\/02\/26\/bovul-a-szemelyszallito-kapacitas-az-esztergomi-vasutvonalon\/#primaryimage"},"image":{"@id":"https:\/\/dorogimedence.hu\/index.php\/2022\/02\/26\/bovul-a-szemelyszallito-kapacitas-az-esztergomi-vasutvonalon\/#primaryimage"},"thumbnailUrl":"https:\/\/dorogimedence.hu\/wp-content\/uploads\/2022\/02\/274671161_515041539977537_3760875770072649097_n.jpg","datePublished":"2022-02-26T07:23:54+00:00","dateModified":"2022-02-26T08:14:26+00:00","breadcrumb":{"@id":"https:\/\/dorogimedence.hu\/index.php\/2022\/02\/26\/bovul-a-szemelyszallito-kapacitas-az-esztergomi-vasutvonalon\/#breadcrumb"},"inLanguage":"hu","potentialAction":[{"@type":"ReadAction","target":["https:\/\/dorogimedence.hu\/index.php\/2022\/02\/26\/bovul-a-szemelyszallito-kapacitas-az-esztergomi-vasutvonalon\/"]}]},{"@type":"ImageObject","inLanguage":"hu","@id":"https:\/\/dorogimedence.hu\/index.php\/2022\/02\/26\/bovul-a-szemelyszallito-kapacitas-az-esztergomi-vasutvonalon\/#primaryimage","url":"https:\/\/dorogimedence.hu\/wp-content\/uploads\/2022\/02\/274671161_515041539977537_3760875770072649097_n.jpg","contentUrl":"https:\/\/dorogimedence.hu\/wp-content\/uploads\/2022\/02\/274671161_515041539977537_3760875770072649097_n.jpg","width":2048,"height":1365},{"@type":"BreadcrumbList","@id":"https:\/\/dorogimedence.hu\/index.php\/2022\/02\/26\/bovul-a-szemelyszallito-kapacitas-az-esztergomi-vasutvonalon\/#breadcrumb","itemListElement":[{"@type":"ListItem","position":1,"name":"Kezd\u0151lap","item":"https:\/\/dorogimedence.hu\/"},{"@type":"ListItem","position":2,"name":"B\u0151v\u00fcl a szem\u00e9lysz\u00e1ll\u00edt\u00f3 kapacit\u00e1s az esztergomi vas\u00fatvonalon"}]},{"@type":"WebSite","@id":"https:\/\/dorogimedence.hu\/#website","url":"https:\/\/dorogimedence.hu\/","name":"Dorogi-medence Region\u00e1lis H\u00edrport\u00e1l","description":"Dorog, Keszt\u00f6lc, Le\u00e1nyv\u00e1r, Piliscs\u00e9v, Tokod, Tokodalt\u00e1r\u00f3, Csolnok, Esztergom-kertv\u00e1ros: h\u00edrek, programok","publisher":{"@id":"https:\/\/dorogimedence.hu\/#organization"},"potentialAction":[{"@type":"SearchAction","target":{"@type":"EntryPoint","urlTemplate":"https:\/\/dorogimedence.hu\/?s={search_term_string}"},"query-input":{"@type":"PropertyValueSpecification","valueRequired":true,"valueName":"search_term_string"}}],"inLanguage":"hu"},{"@type":"Organization","@id":"https:\/\/dorogimedence.hu\/#organization","name":"Dorogi-medence Region\u00e1lis H\u00edrport\u00e1l","url":"https:\/\/dorogimedence.hu\/","logo":{"@type":"ImageObject","inLanguage":"hu","@id":"https:\/\/dorogimedence.hu\/#\/schema\/logo\/image\/","url":"https:\/\/dorogimedence.hu\/wp-content\/uploads\/2021\/04\/logo-feher-600.png","contentUrl":"https:\/\/dorogimedence.hu\/wp-content\/uploads\/2021\/04\/logo-feher-600.png","width":600,"height":100,"caption":"Dorogi-medence Region\u00e1lis H\u00edrport\u00e1l"},"image":{"@id":"https:\/\/dorogimedence.hu\/#\/schema\/logo\/image\/"},"sameAs":["https:\/\/www.facebook.com\/dorogimedence\/"]},{"@type":"Person","@id":"https:\/\/dorogimedence.hu\/#\/schema\/person\/ce6091eeb7e95ecdc87890d6aa8e0fd4","name":"dorogimedence.hu","image":{"@type":"ImageObject","inLanguage":"hu","@id":"\/\/www.gravatar.com\/avatar\/d8d45f8901aadff40a4af72c0b826f1d?s=96&#038;r=g&#038;d=mm","url":"\/\/www.gravatar.com\/avatar\/d8d45f8901aadff40a4af72c0b826f1d?s=96&#038;r=g&#038;d=mm","contentUrl":"\/\/www.gravatar.com\/avatar\/d8d45f8901aadff40a4af72c0b826f1d?s=96&#038;r=g&#038;d=mm","caption":"dorogimedence.hu"}}]}},"_links":{"self":[{"href":"https:\/\/dorogimedence.hu\/index.php\/wp-json\/wp\/v2\/posts\/40773","targetHints":{"allow":["GET"]}}],"collection":[{"href":"https:\/\/dorogimedence.hu\/index.php\/wp-json\/wp\/v2\/posts"}],"about":[{"href":"https:\/\/dorogimedence.hu\/index.php\/wp-json\/wp\/v2\/types\/post"}],"author":[{"embeddable":true,"href":"https:\/\/dorogimedence.hu\/index.php\/wp-json\/wp\/v2\/users\/1"}],"replies":[{"embeddable":true,"href":"https:\/\/dorogimedence.hu\/index.php\/wp-json\/wp\/v2\/comments?post=40773"}],"version-history":[{"count":0,"href":"https:\/\/dorogimedence.hu\/index.php\/wp-json\/wp\/v2\/posts\/40773\/revisions"}],"wp:featuredmedia":[{"embeddable":true,"href":"https:\/\/dorogimedence.hu\/index.php\/wp-json\/wp\/v2\/media\/40774"}],"wp:attachment":[{"href":"https:\/\/dorogimedence.hu\/index.php\/wp-json\/wp\/v2\/media?parent=40773"}],"wp:term":[{"taxonomy":"category","embeddable":true,"href":"https:\/\/dorogimedence.hu\/index.php\/wp-json\/wp\/v2\/categories?post=40773"},{"taxonomy":"post_tag","embeddable":true,"href":"https:\/\/dorogimedence.hu\/index.php\/wp-json\/wp\/v2\/tags?post=40773"}],"curies":[{"name":"wp","href":"https:\/\/api.w.org\/{rel}","templated":true}]}}