{"id":40752,"date":"2022-02-25T13:59:06","date_gmt":"2022-02-25T12:59:06","guid":{"rendered":"https:\/\/dorogimedence.hu\/?p=40752"},"modified":"2022-02-28T11:15:39","modified_gmt":"2022-02-28T10:15:39","slug":"okoturisztikai-fejlesztesek-a-gerecse-naturparkban","status":"publish","type":"post","link":"https:\/\/dorogimedence.hu\/index.php\/2022\/02\/25\/okoturisztikai-fejlesztesek-a-gerecse-naturparkban\/","title":{"rendered":"\u00d6koturisztikai fejleszt\u00e9sek a Gerecse Nat\u00farparkban"},"content":{"rendered":"<p><strong>A Leader p\u00e1ly\u00e1zat keret\u00e9ben mintegy 5,7 milli\u00f3 forintb\u00f3l t\u00f6bbek k\u00f6z\u00f6tt turisztikai kalauzt, mobilapplik\u00e1ci\u00f3t, tematikus t\u00e9rk\u00e9pet \u00e9s inform\u00e1ci\u00f3s t\u00e1bl\u00e1kat k\u00e9sz\u00edtettek a Gerecse Nat\u00farparkban \u00f6koturisztikai fejleszt\u00e9s gyan\u00e1nt.<br \/>\n<\/strong><\/p>\n<p>A p\u00e1ly\u00e1zat keret\u00e9ben a V\u00e9rtes-Gerecse Vid\u00e9kfejleszt\u00e9si K\u00f6z\u00f6ss\u00e9g a Gerecse Nat\u00farpark telep\u00fcl\u00e9seit, valamint az azt kib\u0151v\u00edt\u0151 LEADER t\u00e9rs\u00e9gek telep\u00fcl\u00e9seit bemutat\u00f3 \u2013 a kor\u00e1bbi adatgy\u0171jt\u00e9seken alapul\u00f3 \u2013 friss\u00edtett A5-\u00f6s m\u00e9ret\u0171 Turisztikai kalauz k\u00e9sz\u00fclt el 10 000 p\u00e9ld\u00e1nyban.<\/p>\n<p>A programban az \u00e1ltal-\u00e9r Sz\u00f6vets\u00e9g n\u00e9gy mobil inform\u00e1ci\u00f3s t\u00e1bl\u00e1t k\u00e9sz\u00edtetett el. Az inform\u00e1ci\u00f3s t\u00e1bl\u00e1k h\u00e1rom oldal\u00faak, a nat\u00farparkok 4 pill\u00e9r\u00e9nek tematik\u00e1j\u00e1ban (term\u00e9szeti \u00f6r\u00f6ks\u00e9g, k\u00f6rnyezeti nevel\u00e9s, turizmus, vid\u00e9kfejleszt\u00e9s) tartalmazz\u00e1k az alapvet\u0151 inform\u00e1ci\u00f3kat. Ezek a t\u00e1bl\u00e1k a teljes Gerecse Nat\u00farpark t\u00e9rs\u00e9gben haszn\u00e1lhat\u00f3ak lesznek majd, a t\u00e9rs\u00e9gben megnyitott \u00f6koturisztikai l\u00e1togat\u00f3k\u00f6zpontokban, erdei iskol\u00e1kban, a nat\u00farpark \u00e1ltal szervezett rendezv\u00e9nyeken, \u00e9s a t\u00e9rs\u00e9ghez tartoz\u00f3 telep\u00fcl\u00e9seken is.<\/p>\n<p>A Duna-Gerecse Nonprofit Kft. t\u00e9rs\u00e9gi tematikus t\u00e9rk\u00e9pet k\u00e9sz\u00edttetett a p\u00e1ly\u00e1zati forr\u00e1sb\u00f3l. A t\u00e9rk\u00e9p bemutatja a Gerecse Nat\u00farpark telep\u00fcl\u00e9seit, l\u00e1tnival\u00f3it magyar nyelven. 5000 p\u00e9ld\u00e1nyban k\u00e9sz\u00fclt el, el\u00e9rhet\u0151 a tatai tourinform irod\u00e1ban \u00e9s a partnerek \u00e1ltal szervezett rendezv\u00e9nyeken. Ezen k\u00edv\u00fcl elk\u00e9sz\u00fclt a Gerecse Nat\u00farpark \u00e9rt\u00e9keinek okostelefonos bemutat\u00e1sa, ahol kiemelt szerepet kapnak a nat\u00farpark \u00e9rt\u00e9kei, telep\u00fcl\u00e9sei, esem\u00e9nyei fot\u00f3kkal, g\u00f6mbpanor\u00e1m\u00e1s megjelen\u00e9sekkel magyar \u00e9s angol narr\u00e1ci\u00f3val. A megjelen\u00e9s kieg\u00e9sz\u00fclt 4 db interakt\u00edv j\u00e1t\u00e9kkal is.<\/p>\n<p>A Duna-Pilis-Gerecse Vid\u00e9kfejleszt\u00e9si Egyes\u00fclet a p\u00e1ly\u00e1zat sor\u00e1n egy nat\u00farparki t\u00e9rs\u00e9gi rendezv\u00e9nyt bonyol\u00edtott le Csolnokon. Ehhez kapcsol\u00f3dott egy kisebb v\u00e1s\u00e1r, amely a nat\u00farpark term\u00e9keket \u00e9s szolg\u00e1ltat\u00e1sokat hivatott bemutatni. 15 termel\u0151, k\u00e9zm\u0171ves \u00e9s szolg\u00e1ltat\u00f3 r\u00e9sz\u00e9re biztos\u00edtottak helyet a kis fah\u00e1zakban. A rendezv\u00e9ny alkalmas volt arra, hogy nagyobb ismerets\u00e9get szerezzen a Gerecse Nat\u00farpark, mint t\u00e9rs\u00e9g, valamint az itt tal\u00e1lhat\u00f3 term\u00e9kek \u00e9s szolg\u00e1ltat\u00e1sok.<\/p>\n<p>A projekt kapcs\u00e1n Schunder Tibor, a V\u00e9rtes-Gerecse Vid\u00e9kfejleszt\u00e9si K\u00f6z\u00f6ss\u00e9g eln\u00f6ke elmondta, hogy a k\u00f6z\u00f6s, egy\u00fcttm\u0171k\u00f6d\u00e9sen alapul\u00f3 \u00f6koturisztikai fejleszt\u00e9sek valamennyi konzorciumi partner c\u00e9lkit\u0171z\u00e9seiben szerepelnek. A k\u00f6z\u00f6s gondolkod\u00e1s 10 \u00e9ve kezd\u0151d\u00f6tt, az\u00f3ta t\u00f6bb projekt vagy esem\u00e9ny \u00e9s konferencia szolg\u00e1lja a Gerecse Nat\u00farpark, mint t\u00e9rs\u00e9g fejl\u0151d\u00e9s\u00e9t. Jelen projektben a partnerek \u00e1ltal v\u00e1llalt feladatok \u00e9s tev\u00e9kenys\u00e9gek \u00f6sszehangolj\u00e1k a nat\u00farparkban m\u00e9g sz\u00fcks\u00e9ges fejleszt\u00e9seket. A c\u00e9l az volt, hogy nagyobb ismerts\u00e9get szerezzen orsz\u00e1gos \u00e9s nemzetk\u00f6zi szinten is a Gerecse Nat\u00farpark \u2013 jelentette ki az eln\u00f6k.<\/p>\n<p>A Gerecse Nat\u00farpark t\u00e9rs\u00e9ge term\u00e9szeti \u00e9s k\u00f6rnyezeti szempontb\u00f3l kicsit elt\u00e9r az orsz\u00e1g t\u00f6bbi nat\u00farparkj\u00e1t\u00f3l. Ter\u00fclet\u00e9n t\u00f6bb term\u00e9szetv\u00e9delmi ter\u00fclet is van, ahol az \u00e9vek alatt semmif\u00e9le emberi zavar\u00e1s \u00e9s beavatkoz\u00e1s nem t\u00f6rt\u00e9nt. \u00cdgy maradhattak meg azok a k\u00fcl\u00f6nleges term\u00e9szetv\u00e9delmi ter\u00fcletek, amelyek k\u00fcl\u00f6nleges fajok \u00e9l\u0151helyei is \u2013 jegyezte meg Schunder Tibor, majd hozz\u00e1tette: \u201eJelen k\u00f6z\u00f6s projekt c\u00e9lja volt els\u0151sorban, hogy a t\u00e9rs\u00e9gben tal\u00e1lhat\u00f3 term\u00e9szeti, \u00e9p\u00edtett \u00e9rt\u00e9kek, egyedi t\u00e1j\u00e9rt\u00e9kek bemutathat\u00f3k legyenek inform\u00e1ci\u00f3s pontokon, mobil applik\u00e1ci\u00f3n, t\u00e9rk\u00e9pen \u00e9s kiadv\u00e1nyban. Az \u00e9rt\u00e9kek gy\u0171jt\u00e9se hossz\u00fa \u00e9vek munk\u00e1ja, melyeket m\u00e1r csak min\u00e9l sz\u00e9lesebb k\u00f6rben marketing csatorn\u00e1kon \u00e9s install\u00e1ci\u00f3kon kell megjelen\u00edteni.\u201d<\/p>\n","protected":false},"excerpt":{"rendered":"<p>A Leader p\u00e1ly\u00e1zat keret\u00e9ben mintegy 5,7 milli\u00f3 forintb\u00f3l t\u00f6bbek k\u00f6z\u00f6tt turisztikai kalauzt, mobilapplik\u00e1ci\u00f3t, tematikus t\u00e9rk\u00e9pet \u00e9s inform\u00e1ci\u00f3s t\u00e1bl\u00e1kat k\u00e9sz\u00edtettek a Gerecse Nat\u00farparkban \u00f6koturisztikai fejleszt\u00e9s gyan\u00e1nt. A p\u00e1ly\u00e1zat keret\u00e9ben a V\u00e9rtes-Gerecse Vid\u00e9kfejleszt\u00e9si K\u00f6z\u00f6ss\u00e9g a Gerecse Nat\u00farpark telep\u00fcl\u00e9seit, valamint az azt kib\u0151v\u00edt\u0151 LEADER t\u00e9rs\u00e9gek telep\u00fcl\u00e9seit bemutat\u00f3 \u2013 a kor\u00e1bbi adatgy\u0171jt\u00e9seken alapul\u00f3 \u2013 friss\u00edtett A5-\u00f6s m\u00e9ret\u0171 Turisztikai kalauz<\/p>\n","protected":false},"author":1,"featured_media":40753,"comment_status":"closed","ping_status":"closed","sticky":false,"template":"","format":"standard","meta":{"ngg_post_thumbnail":0,"footnotes":""},"categories":[3],"tags":[5624,6314,6315],"class_list":{"0":"post-40752","1":"post","2":"type-post","3":"status-publish","4":"format-standard","5":"has-post-thumbnail","7":"category-hirek","8":"tag-featured","9":"tag-gerecse-naturpark","10":"tag-okoturisztikai-fejlesztes"},"yoast_head":"<!-- This site is optimized with the Yoast SEO plugin v27.4 - https:\/\/yoast.com\/product\/yoast-seo-wordpress\/ -->\n<title>\u00d6koturisztikai fejleszt\u00e9sek a Gerecse Nat\u00farparkban<\/title>\n<meta name=\"robots\" content=\"index, follow, max-snippet:-1, max-image-preview:large, max-video-preview:-1\" \/>\n<link rel=\"canonical\" href=\"https:\/\/dorogimedence.hu\/index.php\/2022\/02\/25\/okoturisztikai-fejlesztesek-a-gerecse-naturparkban\/\" class=\"yoast-seo-meta-tag\" \/>\n<meta property=\"og:locale\" content=\"hu_HU\" class=\"yoast-seo-meta-tag\" \/>\n<meta property=\"og:type\" content=\"article\" class=\"yoast-seo-meta-tag\" \/>\n<meta property=\"og:title\" content=\"\u00d6koturisztikai fejleszt\u00e9sek a Gerecse Nat\u00farparkban\" class=\"yoast-seo-meta-tag\" \/>\n<meta property=\"og:description\" content=\"A Leader p\u00e1ly\u00e1zat keret\u00e9ben mintegy 5,7 milli\u00f3 forintb\u00f3l t\u00f6bbek k\u00f6z\u00f6tt turisztikai kalauzt, mobilapplik\u00e1ci\u00f3t, tematikus t\u00e9rk\u00e9pet \u00e9s inform\u00e1ci\u00f3s t\u00e1bl\u00e1kat k\u00e9sz\u00edtettek a Gerecse Nat\u00farparkban \u00f6koturisztikai fejleszt\u00e9s gyan\u00e1nt. A p\u00e1ly\u00e1zat keret\u00e9ben a V\u00e9rtes-Gerecse Vid\u00e9kfejleszt\u00e9si K\u00f6z\u00f6ss\u00e9g a Gerecse Nat\u00farpark telep\u00fcl\u00e9seit, valamint az azt kib\u0151v\u00edt\u0151 LEADER t\u00e9rs\u00e9gek telep\u00fcl\u00e9seit bemutat\u00f3 \u2013 a kor\u00e1bbi adatgy\u0171jt\u00e9seken alapul\u00f3 \u2013 friss\u00edtett A5-\u00f6s m\u00e9ret\u0171 Turisztikai kalauz\" class=\"yoast-seo-meta-tag\" \/>\n<meta property=\"og:url\" content=\"https:\/\/dorogimedence.hu\/index.php\/2022\/02\/25\/okoturisztikai-fejlesztesek-a-gerecse-naturparkban\/\" class=\"yoast-seo-meta-tag\" \/>\n<meta property=\"og:site_name\" content=\"Dorogi-medence Region\u00e1lis H\u00edrport\u00e1l\" class=\"yoast-seo-meta-tag\" \/>\n<meta property=\"article:publisher\" content=\"https:\/\/www.facebook.com\/dorogimedence\/\" class=\"yoast-seo-meta-tag\" \/>\n<meta property=\"article:published_time\" content=\"2022-02-25T12:59:06+00:00\" class=\"yoast-seo-meta-tag\" \/>\n<meta property=\"article:modified_time\" content=\"2022-02-28T10:15:39+00:00\" class=\"yoast-seo-meta-tag\" \/>\n<meta property=\"og:image\" content=\"https:\/\/i0.wp.com\/dorogimedence.hu\/wp-content\/uploads\/2022\/02\/DJI_0816-scaled.jpg?fit=2560%2C1440&ssl=1\" class=\"yoast-seo-meta-tag\" \/>\n\t<meta property=\"og:image:width\" content=\"2560\" class=\"yoast-seo-meta-tag\" \/>\n\t<meta property=\"og:image:height\" content=\"1440\" class=\"yoast-seo-meta-tag\" \/>\n\t<meta property=\"og:image:type\" content=\"image\/jpeg\" class=\"yoast-seo-meta-tag\" \/>\n<meta name=\"author\" content=\"dorogimedence.hu\" class=\"yoast-seo-meta-tag\" \/>\n<meta name=\"twitter:card\" content=\"summary_large_image\" class=\"yoast-seo-meta-tag\" \/>\n<meta name=\"twitter:label1\" content=\"Szerz\u0151:\" class=\"yoast-seo-meta-tag\" \/>\n\t<meta name=\"twitter:data1\" content=\"dorogimedence.hu\" class=\"yoast-seo-meta-tag\" \/>\n\t<meta name=\"twitter:label2\" content=\"Becs\u00fclt olvas\u00e1si id\u0151\" class=\"yoast-seo-meta-tag\" \/>\n\t<meta name=\"twitter:data2\" content=\"4 perc\" class=\"yoast-seo-meta-tag\" \/>\n<script type=\"application\/ld+json\" class=\"yoast-schema-graph\">{\"@context\":\"https:\\\/\\\/schema.org\",\"@graph\":[{\"@type\":\"Article\",\"@id\":\"https:\\\/\\\/dorogimedence.hu\\\/index.php\\\/2022\\\/02\\\/25\\\/okoturisztikai-fejlesztesek-a-gerecse-naturparkban\\\/#article\",\"isPartOf\":{\"@id\":\"https:\\\/\\\/dorogimedence.hu\\\/index.php\\\/2022\\\/02\\\/25\\\/okoturisztikai-fejlesztesek-a-gerecse-naturparkban\\\/\"},\"author\":{\"name\":\"dorogimedence.hu\",\"@id\":\"https:\\\/\\\/dorogimedence.hu\\\/#\\\/schema\\\/person\\\/ce6091eeb7e95ecdc87890d6aa8e0fd4\"},\"headline\":\"\u00d6koturisztikai fejleszt\u00e9sek a Gerecse Nat\u00farparkban\",\"datePublished\":\"2022-02-25T12:59:06+00:00\",\"dateModified\":\"2022-02-28T10:15:39+00:00\",\"mainEntityOfPage\":{\"@id\":\"https:\\\/\\\/dorogimedence.hu\\\/index.php\\\/2022\\\/02\\\/25\\\/okoturisztikai-fejlesztesek-a-gerecse-naturparkban\\\/\"},\"wordCount\":710,\"publisher\":{\"@id\":\"https:\\\/\\\/dorogimedence.hu\\\/#organization\"},\"image\":{\"@id\":\"https:\\\/\\\/dorogimedence.hu\\\/index.php\\\/2022\\\/02\\\/25\\\/okoturisztikai-fejlesztesek-a-gerecse-naturparkban\\\/#primaryimage\"},\"thumbnailUrl\":\"https:\\\/\\\/dorogimedence.hu\\\/wp-content\\\/uploads\\\/2022\\\/02\\\/DJI_0816-scaled.jpg\",\"keywords\":[\"featured\",\"Gerecse Nat\u00farpark\",\"\u00f6koturisztikai fejleszt\u00e9s\"],\"articleSection\":[\"H\u00edrek\"],\"inLanguage\":\"hu\"},{\"@type\":\"WebPage\",\"@id\":\"https:\\\/\\\/dorogimedence.hu\\\/index.php\\\/2022\\\/02\\\/25\\\/okoturisztikai-fejlesztesek-a-gerecse-naturparkban\\\/\",\"url\":\"https:\\\/\\\/dorogimedence.hu\\\/index.php\\\/2022\\\/02\\\/25\\\/okoturisztikai-fejlesztesek-a-gerecse-naturparkban\\\/\",\"name\":\"\u00d6koturisztikai fejleszt\u00e9sek a Gerecse Nat\u00farparkban\",\"isPartOf\":{\"@id\":\"https:\\\/\\\/dorogimedence.hu\\\/#website\"},\"primaryImageOfPage\":{\"@id\":\"https:\\\/\\\/dorogimedence.hu\\\/index.php\\\/2022\\\/02\\\/25\\\/okoturisztikai-fejlesztesek-a-gerecse-naturparkban\\\/#primaryimage\"},\"image\":{\"@id\":\"https:\\\/\\\/dorogimedence.hu\\\/index.php\\\/2022\\\/02\\\/25\\\/okoturisztikai-fejlesztesek-a-gerecse-naturparkban\\\/#primaryimage\"},\"thumbnailUrl\":\"https:\\\/\\\/dorogimedence.hu\\\/wp-content\\\/uploads\\\/2022\\\/02\\\/DJI_0816-scaled.jpg\",\"datePublished\":\"2022-02-25T12:59:06+00:00\",\"dateModified\":\"2022-02-28T10:15:39+00:00\",\"breadcrumb\":{\"@id\":\"https:\\\/\\\/dorogimedence.hu\\\/index.php\\\/2022\\\/02\\\/25\\\/okoturisztikai-fejlesztesek-a-gerecse-naturparkban\\\/#breadcrumb\"},\"inLanguage\":\"hu\",\"potentialAction\":[{\"@type\":\"ReadAction\",\"target\":[\"https:\\\/\\\/dorogimedence.hu\\\/index.php\\\/2022\\\/02\\\/25\\\/okoturisztikai-fejlesztesek-a-gerecse-naturparkban\\\/\"]}]},{\"@type\":\"ImageObject\",\"inLanguage\":\"hu\",\"@id\":\"https:\\\/\\\/dorogimedence.hu\\\/index.php\\\/2022\\\/02\\\/25\\\/okoturisztikai-fejlesztesek-a-gerecse-naturparkban\\\/#primaryimage\",\"url\":\"https:\\\/\\\/dorogimedence.hu\\\/wp-content\\\/uploads\\\/2022\\\/02\\\/DJI_0816-scaled.jpg\",\"contentUrl\":\"https:\\\/\\\/dorogimedence.hu\\\/wp-content\\\/uploads\\\/2022\\\/02\\\/DJI_0816-scaled.jpg\",\"width\":2560,\"height\":1440,\"caption\":\"default\"},{\"@type\":\"BreadcrumbList\",\"@id\":\"https:\\\/\\\/dorogimedence.hu\\\/index.php\\\/2022\\\/02\\\/25\\\/okoturisztikai-fejlesztesek-a-gerecse-naturparkban\\\/#breadcrumb\",\"itemListElement\":[{\"@type\":\"ListItem\",\"position\":1,\"name\":\"Kezd\u0151lap\",\"item\":\"https:\\\/\\\/dorogimedence.hu\\\/\"},{\"@type\":\"ListItem\",\"position\":2,\"name\":\"\u00d6koturisztikai fejleszt\u00e9sek a Gerecse Nat\u00farparkban\"}]},{\"@type\":\"WebSite\",\"@id\":\"https:\\\/\\\/dorogimedence.hu\\\/#website\",\"url\":\"https:\\\/\\\/dorogimedence.hu\\\/\",\"name\":\"Dorogi-medence Region\u00e1lis H\u00edrport\u00e1l\",\"description\":\"Dorog, Keszt\u00f6lc, Le\u00e1nyv\u00e1r, Piliscs\u00e9v, Tokod, Tokodalt\u00e1r\u00f3, Csolnok, Esztergom-kertv\u00e1ros: h\u00edrek, programok\",\"publisher\":{\"@id\":\"https:\\\/\\\/dorogimedence.hu\\\/#organization\"},\"potentialAction\":[{\"@type\":\"SearchAction\",\"target\":{\"@type\":\"EntryPoint\",\"urlTemplate\":\"https:\\\/\\\/dorogimedence.hu\\\/?s={search_term_string}\"},\"query-input\":{\"@type\":\"PropertyValueSpecification\",\"valueRequired\":true,\"valueName\":\"search_term_string\"}}],\"inLanguage\":\"hu\"},{\"@type\":\"Organization\",\"@id\":\"https:\\\/\\\/dorogimedence.hu\\\/#organization\",\"name\":\"Dorogi-medence Region\u00e1lis H\u00edrport\u00e1l\",\"url\":\"https:\\\/\\\/dorogimedence.hu\\\/\",\"logo\":{\"@type\":\"ImageObject\",\"inLanguage\":\"hu\",\"@id\":\"https:\\\/\\\/dorogimedence.hu\\\/#\\\/schema\\\/logo\\\/image\\\/\",\"url\":\"https:\\\/\\\/dorogimedence.hu\\\/wp-content\\\/uploads\\\/2021\\\/04\\\/logo-feher-600.png\",\"contentUrl\":\"https:\\\/\\\/dorogimedence.hu\\\/wp-content\\\/uploads\\\/2021\\\/04\\\/logo-feher-600.png\",\"width\":600,\"height\":100,\"caption\":\"Dorogi-medence Region\u00e1lis H\u00edrport\u00e1l\"},\"image\":{\"@id\":\"https:\\\/\\\/dorogimedence.hu\\\/#\\\/schema\\\/logo\\\/image\\\/\"},\"sameAs\":[\"https:\\\/\\\/www.facebook.com\\\/dorogimedence\\\/\"]},{\"@type\":\"Person\",\"@id\":\"https:\\\/\\\/dorogimedence.hu\\\/#\\\/schema\\\/person\\\/ce6091eeb7e95ecdc87890d6aa8e0fd4\",\"name\":\"dorogimedence.hu\",\"image\":{\"@type\":\"ImageObject\",\"inLanguage\":\"hu\",\"@id\":\"\\\/\\\/www.gravatar.com\\\/avatar\\\/d8d45f8901aadff40a4af72c0b826f1d?s=96&#038;r=g&#038;d=mm\",\"url\":\"\\\/\\\/www.gravatar.com\\\/avatar\\\/d8d45f8901aadff40a4af72c0b826f1d?s=96&#038;r=g&#038;d=mm\",\"contentUrl\":\"\\\/\\\/www.gravatar.com\\\/avatar\\\/d8d45f8901aadff40a4af72c0b826f1d?s=96&#038;r=g&#038;d=mm\",\"caption\":\"dorogimedence.hu\"}}]}<\/script>\n<!-- \/ Yoast SEO plugin. -->","yoast_head_json":{"title":"\u00d6koturisztikai fejleszt\u00e9sek a Gerecse Nat\u00farparkban","robots":{"index":"index","follow":"follow","max-snippet":"max-snippet:-1","max-image-preview":"max-image-preview:large","max-video-preview":"max-video-preview:-1"},"canonical":"https:\/\/dorogimedence.hu\/index.php\/2022\/02\/25\/okoturisztikai-fejlesztesek-a-gerecse-naturparkban\/","og_locale":"hu_HU","og_type":"article","og_title":"\u00d6koturisztikai fejleszt\u00e9sek a Gerecse Nat\u00farparkban","og_description":"A Leader p\u00e1ly\u00e1zat keret\u00e9ben mintegy 5,7 milli\u00f3 forintb\u00f3l t\u00f6bbek k\u00f6z\u00f6tt turisztikai kalauzt, mobilapplik\u00e1ci\u00f3t, tematikus t\u00e9rk\u00e9pet \u00e9s inform\u00e1ci\u00f3s t\u00e1bl\u00e1kat k\u00e9sz\u00edtettek a Gerecse Nat\u00farparkban \u00f6koturisztikai fejleszt\u00e9s gyan\u00e1nt. A p\u00e1ly\u00e1zat keret\u00e9ben a V\u00e9rtes-Gerecse Vid\u00e9kfejleszt\u00e9si K\u00f6z\u00f6ss\u00e9g a Gerecse Nat\u00farpark telep\u00fcl\u00e9seit, valamint az azt kib\u0151v\u00edt\u0151 LEADER t\u00e9rs\u00e9gek telep\u00fcl\u00e9seit bemutat\u00f3 \u2013 a kor\u00e1bbi adatgy\u0171jt\u00e9seken alapul\u00f3 \u2013 friss\u00edtett A5-\u00f6s m\u00e9ret\u0171 Turisztikai kalauz","og_url":"https:\/\/dorogimedence.hu\/index.php\/2022\/02\/25\/okoturisztikai-fejlesztesek-a-gerecse-naturparkban\/","og_site_name":"Dorogi-medence Region\u00e1lis H\u00edrport\u00e1l","article_publisher":"https:\/\/www.facebook.com\/dorogimedence\/","article_published_time":"2022-02-25T12:59:06+00:00","article_modified_time":"2022-02-28T10:15:39+00:00","og_image":[{"width":2560,"height":1440,"url":"https:\/\/i0.wp.com\/dorogimedence.hu\/wp-content\/uploads\/2022\/02\/DJI_0816-scaled.jpg?fit=2560%2C1440&ssl=1","type":"image\/jpeg"}],"author":"dorogimedence.hu","twitter_card":"summary_large_image","twitter_misc":{"Szerz\u0151:":"dorogimedence.hu","Becs\u00fclt olvas\u00e1si id\u0151":"4 perc"},"schema":{"@context":"https:\/\/schema.org","@graph":[{"@type":"Article","@id":"https:\/\/dorogimedence.hu\/index.php\/2022\/02\/25\/okoturisztikai-fejlesztesek-a-gerecse-naturparkban\/#article","isPartOf":{"@id":"https:\/\/dorogimedence.hu\/index.php\/2022\/02\/25\/okoturisztikai-fejlesztesek-a-gerecse-naturparkban\/"},"author":{"name":"dorogimedence.hu","@id":"https:\/\/dorogimedence.hu\/#\/schema\/person\/ce6091eeb7e95ecdc87890d6aa8e0fd4"},"headline":"\u00d6koturisztikai fejleszt\u00e9sek a Gerecse Nat\u00farparkban","datePublished":"2022-02-25T12:59:06+00:00","dateModified":"2022-02-28T10:15:39+00:00","mainEntityOfPage":{"@id":"https:\/\/dorogimedence.hu\/index.php\/2022\/02\/25\/okoturisztikai-fejlesztesek-a-gerecse-naturparkban\/"},"wordCount":710,"publisher":{"@id":"https:\/\/dorogimedence.hu\/#organization"},"image":{"@id":"https:\/\/dorogimedence.hu\/index.php\/2022\/02\/25\/okoturisztikai-fejlesztesek-a-gerecse-naturparkban\/#primaryimage"},"thumbnailUrl":"https:\/\/dorogimedence.hu\/wp-content\/uploads\/2022\/02\/DJI_0816-scaled.jpg","keywords":["featured","Gerecse Nat\u00farpark","\u00f6koturisztikai fejleszt\u00e9s"],"articleSection":["H\u00edrek"],"inLanguage":"hu"},{"@type":"WebPage","@id":"https:\/\/dorogimedence.hu\/index.php\/2022\/02\/25\/okoturisztikai-fejlesztesek-a-gerecse-naturparkban\/","url":"https:\/\/dorogimedence.hu\/index.php\/2022\/02\/25\/okoturisztikai-fejlesztesek-a-gerecse-naturparkban\/","name":"\u00d6koturisztikai fejleszt\u00e9sek a Gerecse Nat\u00farparkban","isPartOf":{"@id":"https:\/\/dorogimedence.hu\/#website"},"primaryImageOfPage":{"@id":"https:\/\/dorogimedence.hu\/index.php\/2022\/02\/25\/okoturisztikai-fejlesztesek-a-gerecse-naturparkban\/#primaryimage"},"image":{"@id":"https:\/\/dorogimedence.hu\/index.php\/2022\/02\/25\/okoturisztikai-fejlesztesek-a-gerecse-naturparkban\/#primaryimage"},"thumbnailUrl":"https:\/\/dorogimedence.hu\/wp-content\/uploads\/2022\/02\/DJI_0816-scaled.jpg","datePublished":"2022-02-25T12:59:06+00:00","dateModified":"2022-02-28T10:15:39+00:00","breadcrumb":{"@id":"https:\/\/dorogimedence.hu\/index.php\/2022\/02\/25\/okoturisztikai-fejlesztesek-a-gerecse-naturparkban\/#breadcrumb"},"inLanguage":"hu","potentialAction":[{"@type":"ReadAction","target":["https:\/\/dorogimedence.hu\/index.php\/2022\/02\/25\/okoturisztikai-fejlesztesek-a-gerecse-naturparkban\/"]}]},{"@type":"ImageObject","inLanguage":"hu","@id":"https:\/\/dorogimedence.hu\/index.php\/2022\/02\/25\/okoturisztikai-fejlesztesek-a-gerecse-naturparkban\/#primaryimage","url":"https:\/\/dorogimedence.hu\/wp-content\/uploads\/2022\/02\/DJI_0816-scaled.jpg","contentUrl":"https:\/\/dorogimedence.hu\/wp-content\/uploads\/2022\/02\/DJI_0816-scaled.jpg","width":2560,"height":1440,"caption":"default"},{"@type":"BreadcrumbList","@id":"https:\/\/dorogimedence.hu\/index.php\/2022\/02\/25\/okoturisztikai-fejlesztesek-a-gerecse-naturparkban\/#breadcrumb","itemListElement":[{"@type":"ListItem","position":1,"name":"Kezd\u0151lap","item":"https:\/\/dorogimedence.hu\/"},{"@type":"ListItem","position":2,"name":"\u00d6koturisztikai fejleszt\u00e9sek a Gerecse Nat\u00farparkban"}]},{"@type":"WebSite","@id":"https:\/\/dorogimedence.hu\/#website","url":"https:\/\/dorogimedence.hu\/","name":"Dorogi-medence Region\u00e1lis H\u00edrport\u00e1l","description":"Dorog, Keszt\u00f6lc, Le\u00e1nyv\u00e1r, Piliscs\u00e9v, Tokod, Tokodalt\u00e1r\u00f3, Csolnok, Esztergom-kertv\u00e1ros: h\u00edrek, programok","publisher":{"@id":"https:\/\/dorogimedence.hu\/#organization"},"potentialAction":[{"@type":"SearchAction","target":{"@type":"EntryPoint","urlTemplate":"https:\/\/dorogimedence.hu\/?s={search_term_string}"},"query-input":{"@type":"PropertyValueSpecification","valueRequired":true,"valueName":"search_term_string"}}],"inLanguage":"hu"},{"@type":"Organization","@id":"https:\/\/dorogimedence.hu\/#organization","name":"Dorogi-medence Region\u00e1lis H\u00edrport\u00e1l","url":"https:\/\/dorogimedence.hu\/","logo":{"@type":"ImageObject","inLanguage":"hu","@id":"https:\/\/dorogimedence.hu\/#\/schema\/logo\/image\/","url":"https:\/\/dorogimedence.hu\/wp-content\/uploads\/2021\/04\/logo-feher-600.png","contentUrl":"https:\/\/dorogimedence.hu\/wp-content\/uploads\/2021\/04\/logo-feher-600.png","width":600,"height":100,"caption":"Dorogi-medence Region\u00e1lis H\u00edrport\u00e1l"},"image":{"@id":"https:\/\/dorogimedence.hu\/#\/schema\/logo\/image\/"},"sameAs":["https:\/\/www.facebook.com\/dorogimedence\/"]},{"@type":"Person","@id":"https:\/\/dorogimedence.hu\/#\/schema\/person\/ce6091eeb7e95ecdc87890d6aa8e0fd4","name":"dorogimedence.hu","image":{"@type":"ImageObject","inLanguage":"hu","@id":"\/\/www.gravatar.com\/avatar\/d8d45f8901aadff40a4af72c0b826f1d?s=96&#038;r=g&#038;d=mm","url":"\/\/www.gravatar.com\/avatar\/d8d45f8901aadff40a4af72c0b826f1d?s=96&#038;r=g&#038;d=mm","contentUrl":"\/\/www.gravatar.com\/avatar\/d8d45f8901aadff40a4af72c0b826f1d?s=96&#038;r=g&#038;d=mm","caption":"dorogimedence.hu"}}]}},"_links":{"self":[{"href":"https:\/\/dorogimedence.hu\/index.php\/wp-json\/wp\/v2\/posts\/40752","targetHints":{"allow":["GET"]}}],"collection":[{"href":"https:\/\/dorogimedence.hu\/index.php\/wp-json\/wp\/v2\/posts"}],"about":[{"href":"https:\/\/dorogimedence.hu\/index.php\/wp-json\/wp\/v2\/types\/post"}],"author":[{"embeddable":true,"href":"https:\/\/dorogimedence.hu\/index.php\/wp-json\/wp\/v2\/users\/1"}],"replies":[{"embeddable":true,"href":"https:\/\/dorogimedence.hu\/index.php\/wp-json\/wp\/v2\/comments?post=40752"}],"version-history":[{"count":0,"href":"https:\/\/dorogimedence.hu\/index.php\/wp-json\/wp\/v2\/posts\/40752\/revisions"}],"wp:featuredmedia":[{"embeddable":true,"href":"https:\/\/dorogimedence.hu\/index.php\/wp-json\/wp\/v2\/media\/40753"}],"wp:attachment":[{"href":"https:\/\/dorogimedence.hu\/index.php\/wp-json\/wp\/v2\/media?parent=40752"}],"wp:term":[{"taxonomy":"category","embeddable":true,"href":"https:\/\/dorogimedence.hu\/index.php\/wp-json\/wp\/v2\/categories?post=40752"},{"taxonomy":"post_tag","embeddable":true,"href":"https:\/\/dorogimedence.hu\/index.php\/wp-json\/wp\/v2\/tags?post=40752"}],"curies":[{"name":"wp","href":"https:\/\/api.w.org\/{rel}","templated":true}]}}