{"id":4067,"date":"2017-06-28T06:51:56","date_gmt":"2017-06-28T04:51:56","guid":{"rendered":"http:\/\/dorogimedence.hu\/?p=4067"},"modified":"2017-06-28T06:51:56","modified_gmt":"2017-06-28T04:51:56","slug":"otodik-hete-tart-a-szunyoggyerites","status":"publish","type":"post","link":"https:\/\/dorogimedence.hu\/index.php\/2017\/06\/28\/otodik-hete-tart-a-szunyoggyerites\/","title":{"rendered":"\u00d6t\u00f6dik hete tart a sz\u00fanyoggy\u00e9r\u00edt\u00e9s"},"content":{"rendered":"<p><b>A k\u00f6zponti sz\u00fanyoggy\u00e9r\u00edt\u00e9si programban eddig 263 ezer hekt\u00e1rt kezeltek a szakemberek, ezek sor\u00e1n 566 telep\u00fcl\u00e9sen l\u00e9ptek fel a v\u00e9rsz\u00edv\u00f3k ellen. A h\u00e9ten is lesz a megy\u00e9nkben gy\u00e9r\u00edt\u00e9s.<br \/>\n<\/b><\/p>\n<p>Amennyiben az id\u0151j\u00e1r\u00e1s ezt lehet\u0151v\u00e9 teszi, ezen a h\u00e9ten 67 ezer hekt\u00e1ron permeteznek majd, ez 290 telep\u00fcl\u00e9st \u00e9rint.<\/p>\n<p>A m\u00falt h\u00e9ten az eredetileg tervezett munk\u00e1latok mellett p\u00f3tolt\u00e1k az id\u0151j\u00e1r\u00e1s miatt a Balaton t\u00e9rs\u00e9g\u00e9ben elmaradt kezel\u00e9seket is. <strong>Ezen a h\u00e9ten<\/strong> Fej\u00e9r, Gy\u0151r-Moson-Sopron, Vas, Baranya, <strong>Kom\u00e1rom-Esztergom<\/strong>, Borsod-Aba\u00faj-Zempl\u00e9n \u00e9s Heves megy\u00e9ben, valamint Budapesten igyekeznek cs\u00f6kkenteni a sz\u00fanyogok sz\u00e1m\u00e1t. Duna\u00fajv\u00e1ros t\u00e9rs\u00e9g\u00e9ben m\u00e1r a m\u00e1sodik teljesk\u00f6r\u0171 kezel\u00e9sre lesz sz\u00fcks\u00e9g, ugyanez a helyzet Kom\u00e1romban \u00e9s k\u00f6rny\u00e9k\u00e9n is.<\/p>\n<p>A katasztr\u00f3fav\u00e9delem honlapj\u00e1n, a sz\u00fanyoggy\u00e9r\u00edt\u00e9s men\u00fcpont alatt nyomon k\u00f6vethet\u0151, hogy melyik napon, melyik telep\u00fcl\u00e9sen, milyen m\u00f3dszerrel v\u00e9dekeznek a v\u00e9rsz\u00edv\u00f3k ellen, valamint t\u00e9rk\u00e9pes \u00e1br\u00e1zol\u00e1son is l\u00e1that\u00f3 a kezelt ter\u00fclet nagys\u00e1ga \u00e9s az aktu\u00e1lis heti terv.<\/p>\n<p>Az \u00f6nkorm\u00e1nyzatok a k\u00f6zponti program mellett \u00f6n\u00e1ll\u00f3an is v\u00e9gezhetnek sz\u00fanyoggy\u00e9r\u00edt\u00e9st.<\/p>\n<p><em>Forr\u00e1s: komarom.katasztrofavedelem.hu<\/em><\/p>\n","protected":false},"excerpt":{"rendered":"<p>A k\u00f6zponti sz\u00fanyoggy\u00e9r\u00edt\u00e9si programban eddig 263 ezer hekt\u00e1rt kezeltek a szakemberek, ezek sor\u00e1n 566 telep\u00fcl\u00e9sen l\u00e9ptek fel a v\u00e9rsz\u00edv\u00f3k ellen. A h\u00e9ten is lesz a megy\u00e9nkben gy\u00e9r\u00edt\u00e9s. Amennyiben az id\u0151j\u00e1r\u00e1s ezt lehet\u0151v\u00e9 teszi, ezen a h\u00e9ten 67 ezer hekt\u00e1ron permeteznek majd, ez 290 telep\u00fcl\u00e9st \u00e9rint. A m\u00falt h\u00e9ten az eredetileg tervezett munk\u00e1latok mellett p\u00f3tolt\u00e1k az<\/p>\n","protected":false},"author":1,"featured_media":4068,"comment_status":"closed","ping_status":"closed","sticky":false,"template":"","format":"standard","meta":{"ngg_post_thumbnail":0,"footnotes":""},"categories":[3,56],"tags":[59,1084,1085],"class_list":{"0":"post-4067","1":"post","2":"type-post","3":"status-publish","4":"format-standard","5":"has-post-thumbnail","7":"category-hirek","8":"category-komarom-esztergom","9":"tag-komarom-esztergom","10":"tag-szunyoggyerites","11":"tag-szunyogirtas"},"yoast_head":"<!-- This site is optimized with the Yoast SEO plugin v27.4 - https:\/\/yoast.com\/product\/yoast-seo-wordpress\/ -->\n<title>\u00d6t\u00f6dik hete tart a sz\u00fanyoggy\u00e9r\u00edt\u00e9s<\/title>\n<meta name=\"robots\" content=\"index, follow, max-snippet:-1, max-image-preview:large, max-video-preview:-1\" \/>\n<link rel=\"canonical\" href=\"https:\/\/dorogimedence.hu\/index.php\/2017\/06\/28\/otodik-hete-tart-a-szunyoggyerites\/\" class=\"yoast-seo-meta-tag\" \/>\n<meta property=\"og:locale\" content=\"hu_HU\" class=\"yoast-seo-meta-tag\" \/>\n<meta property=\"og:type\" content=\"article\" class=\"yoast-seo-meta-tag\" \/>\n<meta property=\"og:title\" content=\"\u00d6t\u00f6dik hete tart a sz\u00fanyoggy\u00e9r\u00edt\u00e9s\" class=\"yoast-seo-meta-tag\" \/>\n<meta property=\"og:description\" content=\"A k\u00f6zponti sz\u00fanyoggy\u00e9r\u00edt\u00e9si programban eddig 263 ezer hekt\u00e1rt kezeltek a szakemberek, ezek sor\u00e1n 566 telep\u00fcl\u00e9sen l\u00e9ptek fel a v\u00e9rsz\u00edv\u00f3k ellen. A h\u00e9ten is lesz a megy\u00e9nkben gy\u00e9r\u00edt\u00e9s. Amennyiben az id\u0151j\u00e1r\u00e1s ezt lehet\u0151v\u00e9 teszi, ezen a h\u00e9ten 67 ezer hekt\u00e1ron permeteznek majd, ez 290 telep\u00fcl\u00e9st \u00e9rint. A m\u00falt h\u00e9ten az eredetileg tervezett munk\u00e1latok mellett p\u00f3tolt\u00e1k az\" class=\"yoast-seo-meta-tag\" \/>\n<meta property=\"og:url\" content=\"https:\/\/dorogimedence.hu\/index.php\/2017\/06\/28\/otodik-hete-tart-a-szunyoggyerites\/\" class=\"yoast-seo-meta-tag\" \/>\n<meta property=\"og:site_name\" content=\"Dorogi-medence Region\u00e1lis H\u00edrport\u00e1l\" class=\"yoast-seo-meta-tag\" \/>\n<meta property=\"article:publisher\" content=\"https:\/\/www.facebook.com\/dorogimedence\/\" class=\"yoast-seo-meta-tag\" \/>\n<meta property=\"article:published_time\" content=\"2017-06-28T04:51:56+00:00\" class=\"yoast-seo-meta-tag\" \/>\n<meta property=\"og:image\" content=\"https:\/\/i0.wp.com\/dorogimedence.hu\/wp-content\/uploads\/2017\/06\/szunyoggyerites-2.jpg?fit=670%2C365&ssl=1\" class=\"yoast-seo-meta-tag\" \/>\n\t<meta property=\"og:image:width\" content=\"670\" class=\"yoast-seo-meta-tag\" \/>\n\t<meta property=\"og:image:height\" content=\"365\" class=\"yoast-seo-meta-tag\" \/>\n\t<meta property=\"og:image:type\" content=\"image\/jpeg\" class=\"yoast-seo-meta-tag\" \/>\n<meta name=\"author\" content=\"dorogimedence.hu\" class=\"yoast-seo-meta-tag\" \/>\n<meta name=\"twitter:card\" content=\"summary_large_image\" class=\"yoast-seo-meta-tag\" \/>\n<meta name=\"twitter:label1\" content=\"Szerz\u0151:\" class=\"yoast-seo-meta-tag\" \/>\n\t<meta name=\"twitter:data1\" content=\"dorogimedence.hu\" class=\"yoast-seo-meta-tag\" \/>\n\t<meta name=\"twitter:label2\" content=\"Becs\u00fclt olvas\u00e1si id\u0151\" class=\"yoast-seo-meta-tag\" \/>\n\t<meta name=\"twitter:data2\" content=\"1 perc\" class=\"yoast-seo-meta-tag\" \/>\n<script type=\"application\/ld+json\" class=\"yoast-schema-graph\">{\"@context\":\"https:\\\/\\\/schema.org\",\"@graph\":[{\"@type\":\"Article\",\"@id\":\"https:\\\/\\\/dorogimedence.hu\\\/index.php\\\/2017\\\/06\\\/28\\\/otodik-hete-tart-a-szunyoggyerites\\\/#article\",\"isPartOf\":{\"@id\":\"https:\\\/\\\/dorogimedence.hu\\\/index.php\\\/2017\\\/06\\\/28\\\/otodik-hete-tart-a-szunyoggyerites\\\/\"},\"author\":{\"name\":\"dorogimedence.hu\",\"@id\":\"https:\\\/\\\/dorogimedence.hu\\\/#\\\/schema\\\/person\\\/ce6091eeb7e95ecdc87890d6aa8e0fd4\"},\"headline\":\"\u00d6t\u00f6dik hete tart a sz\u00fanyoggy\u00e9r\u00edt\u00e9s\",\"datePublished\":\"2017-06-28T04:51:56+00:00\",\"mainEntityOfPage\":{\"@id\":\"https:\\\/\\\/dorogimedence.hu\\\/index.php\\\/2017\\\/06\\\/28\\\/otodik-hete-tart-a-szunyoggyerites\\\/\"},\"wordCount\":250,\"publisher\":{\"@id\":\"https:\\\/\\\/dorogimedence.hu\\\/#organization\"},\"image\":{\"@id\":\"https:\\\/\\\/dorogimedence.hu\\\/index.php\\\/2017\\\/06\\\/28\\\/otodik-hete-tart-a-szunyoggyerites\\\/#primaryimage\"},\"thumbnailUrl\":\"https:\\\/\\\/dorogimedence.hu\\\/wp-content\\\/uploads\\\/2017\\\/06\\\/szunyoggyerites-2.jpg\",\"keywords\":[\"Kom\u00e1rom-Esztergom\",\"sz\u00fanyoggy\u00e9r\u00edt\u00e9s\",\"sz\u00fanyog\u00edrt\u00e1s\"],\"articleSection\":[\"H\u00edrek\",\"Kom\u00e1rom-Esztergom\"],\"inLanguage\":\"hu\"},{\"@type\":\"WebPage\",\"@id\":\"https:\\\/\\\/dorogimedence.hu\\\/index.php\\\/2017\\\/06\\\/28\\\/otodik-hete-tart-a-szunyoggyerites\\\/\",\"url\":\"https:\\\/\\\/dorogimedence.hu\\\/index.php\\\/2017\\\/06\\\/28\\\/otodik-hete-tart-a-szunyoggyerites\\\/\",\"name\":\"\u00d6t\u00f6dik hete tart a sz\u00fanyoggy\u00e9r\u00edt\u00e9s\",\"isPartOf\":{\"@id\":\"https:\\\/\\\/dorogimedence.hu\\\/#website\"},\"primaryImageOfPage\":{\"@id\":\"https:\\\/\\\/dorogimedence.hu\\\/index.php\\\/2017\\\/06\\\/28\\\/otodik-hete-tart-a-szunyoggyerites\\\/#primaryimage\"},\"image\":{\"@id\":\"https:\\\/\\\/dorogimedence.hu\\\/index.php\\\/2017\\\/06\\\/28\\\/otodik-hete-tart-a-szunyoggyerites\\\/#primaryimage\"},\"thumbnailUrl\":\"https:\\\/\\\/dorogimedence.hu\\\/wp-content\\\/uploads\\\/2017\\\/06\\\/szunyoggyerites-2.jpg\",\"datePublished\":\"2017-06-28T04:51:56+00:00\",\"breadcrumb\":{\"@id\":\"https:\\\/\\\/dorogimedence.hu\\\/index.php\\\/2017\\\/06\\\/28\\\/otodik-hete-tart-a-szunyoggyerites\\\/#breadcrumb\"},\"inLanguage\":\"hu\",\"potentialAction\":[{\"@type\":\"ReadAction\",\"target\":[\"https:\\\/\\\/dorogimedence.hu\\\/index.php\\\/2017\\\/06\\\/28\\\/otodik-hete-tart-a-szunyoggyerites\\\/\"]}]},{\"@type\":\"ImageObject\",\"inLanguage\":\"hu\",\"@id\":\"https:\\\/\\\/dorogimedence.hu\\\/index.php\\\/2017\\\/06\\\/28\\\/otodik-hete-tart-a-szunyoggyerites\\\/#primaryimage\",\"url\":\"https:\\\/\\\/dorogimedence.hu\\\/wp-content\\\/uploads\\\/2017\\\/06\\\/szunyoggyerites-2.jpg\",\"contentUrl\":\"https:\\\/\\\/dorogimedence.hu\\\/wp-content\\\/uploads\\\/2017\\\/06\\\/szunyoggyerites-2.jpg\",\"width\":670,\"height\":365},{\"@type\":\"BreadcrumbList\",\"@id\":\"https:\\\/\\\/dorogimedence.hu\\\/index.php\\\/2017\\\/06\\\/28\\\/otodik-hete-tart-a-szunyoggyerites\\\/#breadcrumb\",\"itemListElement\":[{\"@type\":\"ListItem\",\"position\":1,\"name\":\"Kezd\u0151lap\",\"item\":\"https:\\\/\\\/dorogimedence.hu\\\/\"},{\"@type\":\"ListItem\",\"position\":2,\"name\":\"\u00d6t\u00f6dik hete tart a sz\u00fanyoggy\u00e9r\u00edt\u00e9s\"}]},{\"@type\":\"WebSite\",\"@id\":\"https:\\\/\\\/dorogimedence.hu\\\/#website\",\"url\":\"https:\\\/\\\/dorogimedence.hu\\\/\",\"name\":\"Dorogi-medence Region\u00e1lis H\u00edrport\u00e1l\",\"description\":\"Dorog, Keszt\u00f6lc, Le\u00e1nyv\u00e1r, Piliscs\u00e9v, Tokod, Tokodalt\u00e1r\u00f3, Csolnok, Esztergom-kertv\u00e1ros: h\u00edrek, programok\",\"publisher\":{\"@id\":\"https:\\\/\\\/dorogimedence.hu\\\/#organization\"},\"potentialAction\":[{\"@type\":\"SearchAction\",\"target\":{\"@type\":\"EntryPoint\",\"urlTemplate\":\"https:\\\/\\\/dorogimedence.hu\\\/?s={search_term_string}\"},\"query-input\":{\"@type\":\"PropertyValueSpecification\",\"valueRequired\":true,\"valueName\":\"search_term_string\"}}],\"inLanguage\":\"hu\"},{\"@type\":\"Organization\",\"@id\":\"https:\\\/\\\/dorogimedence.hu\\\/#organization\",\"name\":\"Dorogi-medence Region\u00e1lis H\u00edrport\u00e1l\",\"url\":\"https:\\\/\\\/dorogimedence.hu\\\/\",\"logo\":{\"@type\":\"ImageObject\",\"inLanguage\":\"hu\",\"@id\":\"https:\\\/\\\/dorogimedence.hu\\\/#\\\/schema\\\/logo\\\/image\\\/\",\"url\":\"https:\\\/\\\/dorogimedence.hu\\\/wp-content\\\/uploads\\\/2021\\\/04\\\/logo-feher-600.png\",\"contentUrl\":\"https:\\\/\\\/dorogimedence.hu\\\/wp-content\\\/uploads\\\/2021\\\/04\\\/logo-feher-600.png\",\"width\":600,\"height\":100,\"caption\":\"Dorogi-medence Region\u00e1lis H\u00edrport\u00e1l\"},\"image\":{\"@id\":\"https:\\\/\\\/dorogimedence.hu\\\/#\\\/schema\\\/logo\\\/image\\\/\"},\"sameAs\":[\"https:\\\/\\\/www.facebook.com\\\/dorogimedence\\\/\"]},{\"@type\":\"Person\",\"@id\":\"https:\\\/\\\/dorogimedence.hu\\\/#\\\/schema\\\/person\\\/ce6091eeb7e95ecdc87890d6aa8e0fd4\",\"name\":\"dorogimedence.hu\",\"image\":{\"@type\":\"ImageObject\",\"inLanguage\":\"hu\",\"@id\":\"\\\/\\\/www.gravatar.com\\\/avatar\\\/d8d45f8901aadff40a4af72c0b826f1d?s=96&#038;r=g&#038;d=mm\",\"url\":\"\\\/\\\/www.gravatar.com\\\/avatar\\\/d8d45f8901aadff40a4af72c0b826f1d?s=96&#038;r=g&#038;d=mm\",\"contentUrl\":\"\\\/\\\/www.gravatar.com\\\/avatar\\\/d8d45f8901aadff40a4af72c0b826f1d?s=96&#038;r=g&#038;d=mm\",\"caption\":\"dorogimedence.hu\"}}]}<\/script>\n<!-- \/ Yoast SEO plugin. -->","yoast_head_json":{"title":"\u00d6t\u00f6dik hete tart a sz\u00fanyoggy\u00e9r\u00edt\u00e9s","robots":{"index":"index","follow":"follow","max-snippet":"max-snippet:-1","max-image-preview":"max-image-preview:large","max-video-preview":"max-video-preview:-1"},"canonical":"https:\/\/dorogimedence.hu\/index.php\/2017\/06\/28\/otodik-hete-tart-a-szunyoggyerites\/","og_locale":"hu_HU","og_type":"article","og_title":"\u00d6t\u00f6dik hete tart a sz\u00fanyoggy\u00e9r\u00edt\u00e9s","og_description":"A k\u00f6zponti sz\u00fanyoggy\u00e9r\u00edt\u00e9si programban eddig 263 ezer hekt\u00e1rt kezeltek a szakemberek, ezek sor\u00e1n 566 telep\u00fcl\u00e9sen l\u00e9ptek fel a v\u00e9rsz\u00edv\u00f3k ellen. A h\u00e9ten is lesz a megy\u00e9nkben gy\u00e9r\u00edt\u00e9s. Amennyiben az id\u0151j\u00e1r\u00e1s ezt lehet\u0151v\u00e9 teszi, ezen a h\u00e9ten 67 ezer hekt\u00e1ron permeteznek majd, ez 290 telep\u00fcl\u00e9st \u00e9rint. A m\u00falt h\u00e9ten az eredetileg tervezett munk\u00e1latok mellett p\u00f3tolt\u00e1k az","og_url":"https:\/\/dorogimedence.hu\/index.php\/2017\/06\/28\/otodik-hete-tart-a-szunyoggyerites\/","og_site_name":"Dorogi-medence Region\u00e1lis H\u00edrport\u00e1l","article_publisher":"https:\/\/www.facebook.com\/dorogimedence\/","article_published_time":"2017-06-28T04:51:56+00:00","og_image":[{"width":670,"height":365,"url":"https:\/\/i0.wp.com\/dorogimedence.hu\/wp-content\/uploads\/2017\/06\/szunyoggyerites-2.jpg?fit=670%2C365&ssl=1","type":"image\/jpeg"}],"author":"dorogimedence.hu","twitter_card":"summary_large_image","twitter_misc":{"Szerz\u0151:":"dorogimedence.hu","Becs\u00fclt olvas\u00e1si id\u0151":"1 perc"},"schema":{"@context":"https:\/\/schema.org","@graph":[{"@type":"Article","@id":"https:\/\/dorogimedence.hu\/index.php\/2017\/06\/28\/otodik-hete-tart-a-szunyoggyerites\/#article","isPartOf":{"@id":"https:\/\/dorogimedence.hu\/index.php\/2017\/06\/28\/otodik-hete-tart-a-szunyoggyerites\/"},"author":{"name":"dorogimedence.hu","@id":"https:\/\/dorogimedence.hu\/#\/schema\/person\/ce6091eeb7e95ecdc87890d6aa8e0fd4"},"headline":"\u00d6t\u00f6dik hete tart a sz\u00fanyoggy\u00e9r\u00edt\u00e9s","datePublished":"2017-06-28T04:51:56+00:00","mainEntityOfPage":{"@id":"https:\/\/dorogimedence.hu\/index.php\/2017\/06\/28\/otodik-hete-tart-a-szunyoggyerites\/"},"wordCount":250,"publisher":{"@id":"https:\/\/dorogimedence.hu\/#organization"},"image":{"@id":"https:\/\/dorogimedence.hu\/index.php\/2017\/06\/28\/otodik-hete-tart-a-szunyoggyerites\/#primaryimage"},"thumbnailUrl":"https:\/\/dorogimedence.hu\/wp-content\/uploads\/2017\/06\/szunyoggyerites-2.jpg","keywords":["Kom\u00e1rom-Esztergom","sz\u00fanyoggy\u00e9r\u00edt\u00e9s","sz\u00fanyog\u00edrt\u00e1s"],"articleSection":["H\u00edrek","Kom\u00e1rom-Esztergom"],"inLanguage":"hu"},{"@type":"WebPage","@id":"https:\/\/dorogimedence.hu\/index.php\/2017\/06\/28\/otodik-hete-tart-a-szunyoggyerites\/","url":"https:\/\/dorogimedence.hu\/index.php\/2017\/06\/28\/otodik-hete-tart-a-szunyoggyerites\/","name":"\u00d6t\u00f6dik hete tart a sz\u00fanyoggy\u00e9r\u00edt\u00e9s","isPartOf":{"@id":"https:\/\/dorogimedence.hu\/#website"},"primaryImageOfPage":{"@id":"https:\/\/dorogimedence.hu\/index.php\/2017\/06\/28\/otodik-hete-tart-a-szunyoggyerites\/#primaryimage"},"image":{"@id":"https:\/\/dorogimedence.hu\/index.php\/2017\/06\/28\/otodik-hete-tart-a-szunyoggyerites\/#primaryimage"},"thumbnailUrl":"https:\/\/dorogimedence.hu\/wp-content\/uploads\/2017\/06\/szunyoggyerites-2.jpg","datePublished":"2017-06-28T04:51:56+00:00","breadcrumb":{"@id":"https:\/\/dorogimedence.hu\/index.php\/2017\/06\/28\/otodik-hete-tart-a-szunyoggyerites\/#breadcrumb"},"inLanguage":"hu","potentialAction":[{"@type":"ReadAction","target":["https:\/\/dorogimedence.hu\/index.php\/2017\/06\/28\/otodik-hete-tart-a-szunyoggyerites\/"]}]},{"@type":"ImageObject","inLanguage":"hu","@id":"https:\/\/dorogimedence.hu\/index.php\/2017\/06\/28\/otodik-hete-tart-a-szunyoggyerites\/#primaryimage","url":"https:\/\/dorogimedence.hu\/wp-content\/uploads\/2017\/06\/szunyoggyerites-2.jpg","contentUrl":"https:\/\/dorogimedence.hu\/wp-content\/uploads\/2017\/06\/szunyoggyerites-2.jpg","width":670,"height":365},{"@type":"BreadcrumbList","@id":"https:\/\/dorogimedence.hu\/index.php\/2017\/06\/28\/otodik-hete-tart-a-szunyoggyerites\/#breadcrumb","itemListElement":[{"@type":"ListItem","position":1,"name":"Kezd\u0151lap","item":"https:\/\/dorogimedence.hu\/"},{"@type":"ListItem","position":2,"name":"\u00d6t\u00f6dik hete tart a sz\u00fanyoggy\u00e9r\u00edt\u00e9s"}]},{"@type":"WebSite","@id":"https:\/\/dorogimedence.hu\/#website","url":"https:\/\/dorogimedence.hu\/","name":"Dorogi-medence Region\u00e1lis H\u00edrport\u00e1l","description":"Dorog, Keszt\u00f6lc, Le\u00e1nyv\u00e1r, Piliscs\u00e9v, Tokod, Tokodalt\u00e1r\u00f3, Csolnok, Esztergom-kertv\u00e1ros: h\u00edrek, programok","publisher":{"@id":"https:\/\/dorogimedence.hu\/#organization"},"potentialAction":[{"@type":"SearchAction","target":{"@type":"EntryPoint","urlTemplate":"https:\/\/dorogimedence.hu\/?s={search_term_string}"},"query-input":{"@type":"PropertyValueSpecification","valueRequired":true,"valueName":"search_term_string"}}],"inLanguage":"hu"},{"@type":"Organization","@id":"https:\/\/dorogimedence.hu\/#organization","name":"Dorogi-medence Region\u00e1lis H\u00edrport\u00e1l","url":"https:\/\/dorogimedence.hu\/","logo":{"@type":"ImageObject","inLanguage":"hu","@id":"https:\/\/dorogimedence.hu\/#\/schema\/logo\/image\/","url":"https:\/\/dorogimedence.hu\/wp-content\/uploads\/2021\/04\/logo-feher-600.png","contentUrl":"https:\/\/dorogimedence.hu\/wp-content\/uploads\/2021\/04\/logo-feher-600.png","width":600,"height":100,"caption":"Dorogi-medence Region\u00e1lis H\u00edrport\u00e1l"},"image":{"@id":"https:\/\/dorogimedence.hu\/#\/schema\/logo\/image\/"},"sameAs":["https:\/\/www.facebook.com\/dorogimedence\/"]},{"@type":"Person","@id":"https:\/\/dorogimedence.hu\/#\/schema\/person\/ce6091eeb7e95ecdc87890d6aa8e0fd4","name":"dorogimedence.hu","image":{"@type":"ImageObject","inLanguage":"hu","@id":"\/\/www.gravatar.com\/avatar\/d8d45f8901aadff40a4af72c0b826f1d?s=96&#038;r=g&#038;d=mm","url":"\/\/www.gravatar.com\/avatar\/d8d45f8901aadff40a4af72c0b826f1d?s=96&#038;r=g&#038;d=mm","contentUrl":"\/\/www.gravatar.com\/avatar\/d8d45f8901aadff40a4af72c0b826f1d?s=96&#038;r=g&#038;d=mm","caption":"dorogimedence.hu"}}]}},"_links":{"self":[{"href":"https:\/\/dorogimedence.hu\/index.php\/wp-json\/wp\/v2\/posts\/4067","targetHints":{"allow":["GET"]}}],"collection":[{"href":"https:\/\/dorogimedence.hu\/index.php\/wp-json\/wp\/v2\/posts"}],"about":[{"href":"https:\/\/dorogimedence.hu\/index.php\/wp-json\/wp\/v2\/types\/post"}],"author":[{"embeddable":true,"href":"https:\/\/dorogimedence.hu\/index.php\/wp-json\/wp\/v2\/users\/1"}],"replies":[{"embeddable":true,"href":"https:\/\/dorogimedence.hu\/index.php\/wp-json\/wp\/v2\/comments?post=4067"}],"version-history":[{"count":0,"href":"https:\/\/dorogimedence.hu\/index.php\/wp-json\/wp\/v2\/posts\/4067\/revisions"}],"wp:featuredmedia":[{"embeddable":true,"href":"https:\/\/dorogimedence.hu\/index.php\/wp-json\/wp\/v2\/media\/4068"}],"wp:attachment":[{"href":"https:\/\/dorogimedence.hu\/index.php\/wp-json\/wp\/v2\/media?parent=4067"}],"wp:term":[{"taxonomy":"category","embeddable":true,"href":"https:\/\/dorogimedence.hu\/index.php\/wp-json\/wp\/v2\/categories?post=4067"},{"taxonomy":"post_tag","embeddable":true,"href":"https:\/\/dorogimedence.hu\/index.php\/wp-json\/wp\/v2\/tags?post=4067"}],"curies":[{"name":"wp","href":"https:\/\/api.w.org\/{rel}","templated":true}]}}