{"id":40637,"date":"2022-02-21T14:33:30","date_gmt":"2022-02-21T13:33:30","guid":{"rendered":"https:\/\/dorogimedence.hu\/?p=40637"},"modified":"2022-02-21T14:34:41","modified_gmt":"2022-02-21T13:34:41","slug":"fokozottan-ellenoriztek-az-esztergomi-szorakozohelyeket","status":"publish","type":"post","link":"https:\/\/dorogimedence.hu\/index.php\/2022\/02\/21\/fokozottan-ellenoriztek-az-esztergomi-szorakozohelyeket\/","title":{"rendered":"Fokozottan ellen\u0151rizt\u00e9k az esztergomi sz\u00f3rakoz\u00f3helyeket"},"content":{"rendered":"<div class=\"lead-text\">\n<p><strong>Esztergomban fokozott ellen\u0151rz\u00e9st tartottak a rend\u0151r\u00f6k a sz\u00f3rakoz\u00f3k biztons\u00e1ga, a jogs\u00e9rt\u00e9sek felder\u00edt\u00e9se \u00e9s megel\u0151z\u00e9se \u00e9rdek\u00e9ben.<\/strong><\/p>\n<div class=\"body-text\">\n<p>Az Esztergomi Rend\u0151rkapit\u00e1nys\u00e1g 2022. febru\u00e1r 19-\u00e9n 18 \u00f3r\u00e1t\u00f3l hajnal 4 \u00f3r\u00e1ig nagyszab\u00e1s\u00fa fokozott ellen\u0151rz\u00e9st szervezett, amit a belv\u00e1rosban tal\u00e1lhat\u00f3 h\u00e1rom sz\u00f3rakoz\u00f3helyen \u00e9s azok k\u00f6rnyezet\u00e9ben hajtottak v\u00e9gre. Az \u00fczemeltet\u0151k betartott\u00e1k a sz\u00fcks\u00e9ges el\u0151\u00edr\u00e1sokat, a m\u0171k\u00f6d\u00e9si enged\u00e9lyben foglaltakat \u00e9s a nyitvatart\u00e1si id\u0151t. A rend\u0151r\u00f6k az italoz\u00f3k k\u00f6rny\u00e9k\u00e9t az \u00e9jszaka folyam\u00e1n visszat\u00e9r\u0151en ellen\u0151rizt\u00e9k, azonban int\u00e9zked\u00e9sre okot ad\u00f3 cselekm\u00e9nyt nem tapasztaltak.<\/p>\n<p>Az ellen\u0151rz\u00e9s kiterjedt t\u00f6bbek k\u00f6z\u00f6tt az ittas g\u00e9pj\u00e1rm\u0171 vezet\u0151k kisz\u0171r\u00e9s\u00e9re, a fokozott rend\u0151ri jelenl\u00e9ttel a k\u00f6zrend \u00e9s k\u00f6zbiztons\u00e1g fenntart\u00e1s\u00e1ra tov\u00e1bb\u00e1 az esetleges jogs\u00e9rt\u00e9sek megel\u0151z\u00e9s\u00e9re \u00e9s megsz\u00fcntet\u00e9s\u00e9re, valamint a k\u00f6r\u00f6z\u00f6tt szem\u00e9lyek kisz\u0171r\u00e9s\u00e9re is.<\/p>\n<p>Az \u00e9jszaka folyam\u00e1n 196 szem\u00e9lyt ellen\u0151riztek, n\u00e9gy f\u0151t \u00e1ll\u00edtottak el\u0151, n\u00e9gy b\u00fcntet\u0151- \u00e9s k\u00e9t szab\u00e1lys\u00e9rt\u00e9si elj\u00e1r\u00e1st ind\u00edtottak. K\u00e9t f\u0151vel szemben ker\u00fclt sor biztons\u00e1gi int\u00e9zked\u00e9sre, valamint n\u00e9gy k\u00f6zigazgat\u00e1si \u00e9s h\u00e1rom helysz\u00edni b\u00edrs\u00e1got szabtak ki a rend\u0151r\u00f6k.<\/p>\n<p>\u00c9jf\u00e9l ut\u00e1n nemsokkal egy b\u00f3dult j\u00e1rm\u0171vezet\u0151t vontak ki a forgalomb\u00f3l, megakad\u00e1lyozva ezzel, hogy balesetet okozzon, amikor a 21 \u00e9ves f\u00e9rfit ellen\u0151rizt\u00e9k a Kiss J\u00e1nos Alt\u00e1bornagy \u00faton. A j\u00e1rm\u0171ben a sof\u0151r\u00f6n k\u00edv\u00fcl m\u00e9g h\u00e1rom szem\u00e9ly tart\u00f3zkodott. A p\u00e9csi lakos elmondta, hogy vezet\u0151i enged\u00e9llyel nem rendelkezik. A vele szemben alkalmazott alkoholszonda negat\u00edv lett, azonban mindannyian zavartan viselkedtek, ez\u00e9rt felmer\u00fclt a k\u00e1b\u00edt\u00f3szer-fogyaszt\u00e1s gyan\u00faja, \u00edgy el\u0151\u00e1ll\u00edtott\u00e1k \u0151ket. K\u00e1b\u00edt\u00f3szertesztet alkalmaztak vel\u00fck szemben, ami pozit\u00edv eredm\u00e9nyt jelzett. Ellen\u00fck k\u00e1b\u00edt\u00f3szer birtokl\u00e1sa v\u00e9ts\u00e9g miatt ind\u00edtottak a nyomoz\u00f3k b\u00fcntet\u0151elj\u00e1r\u00e1st, melynek sor\u00e1n a rend\u0151rs\u00e9g vizsg\u00e1lja, hogy sof\u0151r a j\u00e1rm\u0171vezet\u00e9s b\u00f3dult \u00e1llapotban b\u0171ncselekm\u00e9nyt megval\u00f3s\u00edtotta-e.<\/p>\n<p>Mivel egyik\u00fck sem haszn\u00e1lt biztons\u00e1gi \u00f6vet, ez\u00e9rt az egyenruh\u00e1sok k\u00f6zigazgat\u00e1si b\u00edrs\u00e1got szabtak ki a r\u00e9sz\u00fckre. Azt is meg\u00e1llap\u00edtott\u00e1k, hogy a j\u00e1rm\u0171 gumiabroncsainak a fut\u00f3fel\u00fclete teljes m\u00e9rt\u00e9kben el volt kopva, ez\u00e9rt a forgalmi enged\u00e9lyt elvett\u00e9k.<\/p>\n<p>A jogs\u00e9rt\u00e9sek \u00e9s a balesetek megel\u0151z\u00e9se \u00e9rdekben az Esztergomi Rend\u0151rkapit\u00e1nys\u00e1g ter\u00fclet\u00e9n a j\u00f6v\u0151ben is sz\u00e1m\u00edthatnak hasonl\u00f3 ellen\u0151rz\u00e9sekre.<\/p>\n<p><em>Forr\u00e1s: police.hu<\/em><\/p>\n<\/div>\n<\/div>\n","protected":false},"excerpt":{"rendered":"<p>Esztergomban fokozott ellen\u0151rz\u00e9st tartottak a rend\u0151r\u00f6k a sz\u00f3rakoz\u00f3k biztons\u00e1ga, a jogs\u00e9rt\u00e9sek felder\u00edt\u00e9se \u00e9s megel\u0151z\u00e9se \u00e9rdek\u00e9ben. Az Esztergomi Rend\u0151rkapit\u00e1nys\u00e1g 2022. febru\u00e1r 19-\u00e9n 18 \u00f3r\u00e1t\u00f3l hajnal 4 \u00f3r\u00e1ig nagyszab\u00e1s\u00fa fokozott ellen\u0151rz\u00e9st szervezett, amit a belv\u00e1rosban tal\u00e1lhat\u00f3 h\u00e1rom sz\u00f3rakoz\u00f3helyen \u00e9s azok k\u00f6rnyezet\u00e9ben hajtottak v\u00e9gre. Az \u00fczemeltet\u0151k betartott\u00e1k a sz\u00fcks\u00e9ges el\u0151\u00edr\u00e1sokat, a m\u0171k\u00f6d\u00e9si enged\u00e9lyben foglaltakat \u00e9s a nyitvatart\u00e1si id\u0151t.<\/p>\n","protected":false},"author":1,"featured_media":28700,"comment_status":"closed","ping_status":"closed","sticky":false,"template":"","format":"standard","meta":{"ngg_post_thumbnail":0,"footnotes":""},"categories":[38,3,39],"tags":[515,42,61,6299],"class_list":{"0":"post-40637","1":"post","2":"type-post","3":"status-publish","4":"format-standard","5":"has-post-thumbnail","7":"category-esztergom","8":"category-hirek","9":"category-kek-hirek","10":"tag-ellenorzes","11":"tag-esztergom","12":"tag-rendorsegi-hirek","13":"tag-szorakozohelyek"},"yoast_head":"<!-- This site is optimized with the Yoast SEO plugin v27.5 - https:\/\/yoast.com\/product\/yoast-seo-wordpress\/ -->\n<title>Fokozottan ellen\u0151rizt\u00e9k az esztergomi sz\u00f3rakoz\u00f3helyeket<\/title>\n<meta name=\"robots\" content=\"index, follow, max-snippet:-1, max-image-preview:large, max-video-preview:-1\" \/>\n<link rel=\"canonical\" href=\"https:\/\/dorogimedence.hu\/index.php\/2022\/02\/21\/fokozottan-ellenoriztek-az-esztergomi-szorakozohelyeket\/\" class=\"yoast-seo-meta-tag\" \/>\n<meta property=\"og:locale\" content=\"hu_HU\" class=\"yoast-seo-meta-tag\" \/>\n<meta property=\"og:type\" content=\"article\" class=\"yoast-seo-meta-tag\" \/>\n<meta property=\"og:title\" content=\"Fokozottan ellen\u0151rizt\u00e9k az esztergomi sz\u00f3rakoz\u00f3helyeket\" class=\"yoast-seo-meta-tag\" \/>\n<meta property=\"og:description\" content=\"Esztergomban fokozott ellen\u0151rz\u00e9st tartottak a rend\u0151r\u00f6k a sz\u00f3rakoz\u00f3k biztons\u00e1ga, a jogs\u00e9rt\u00e9sek felder\u00edt\u00e9se \u00e9s megel\u0151z\u00e9se \u00e9rdek\u00e9ben. Az Esztergomi Rend\u0151rkapit\u00e1nys\u00e1g 2022. febru\u00e1r 19-\u00e9n 18 \u00f3r\u00e1t\u00f3l hajnal 4 \u00f3r\u00e1ig nagyszab\u00e1s\u00fa fokozott ellen\u0151rz\u00e9st szervezett, amit a belv\u00e1rosban tal\u00e1lhat\u00f3 h\u00e1rom sz\u00f3rakoz\u00f3helyen \u00e9s azok k\u00f6rnyezet\u00e9ben hajtottak v\u00e9gre. Az \u00fczemeltet\u0151k betartott\u00e1k a sz\u00fcks\u00e9ges el\u0151\u00edr\u00e1sokat, a m\u0171k\u00f6d\u00e9si enged\u00e9lyben foglaltakat \u00e9s a nyitvatart\u00e1si id\u0151t.\" class=\"yoast-seo-meta-tag\" \/>\n<meta property=\"og:url\" content=\"https:\/\/dorogimedence.hu\/index.php\/2022\/02\/21\/fokozottan-ellenoriztek-az-esztergomi-szorakozohelyeket\/\" class=\"yoast-seo-meta-tag\" \/>\n<meta property=\"og:site_name\" content=\"Dorogi-medence Region\u00e1lis H\u00edrport\u00e1l\" class=\"yoast-seo-meta-tag\" \/>\n<meta property=\"article:publisher\" content=\"https:\/\/www.facebook.com\/dorogimedence\/\" class=\"yoast-seo-meta-tag\" \/>\n<meta property=\"article:published_time\" content=\"2022-02-21T13:33:30+00:00\" class=\"yoast-seo-meta-tag\" \/>\n<meta property=\"article:modified_time\" content=\"2022-02-21T13:34:41+00:00\" class=\"yoast-seo-meta-tag\" \/>\n<meta property=\"og:image\" content=\"https:\/\/i0.wp.com\/dorogimedence.hu\/wp-content\/uploads\/2020\/11\/rendorseg-egom-01.jpg?fit=830%2C450&ssl=1\" class=\"yoast-seo-meta-tag\" \/>\n\t<meta property=\"og:image:width\" content=\"830\" class=\"yoast-seo-meta-tag\" \/>\n\t<meta property=\"og:image:height\" content=\"450\" class=\"yoast-seo-meta-tag\" \/>\n\t<meta property=\"og:image:type\" content=\"image\/jpeg\" class=\"yoast-seo-meta-tag\" \/>\n<meta name=\"author\" content=\"dorogimedence.hu\" class=\"yoast-seo-meta-tag\" \/>\n<meta name=\"twitter:card\" content=\"summary_large_image\" class=\"yoast-seo-meta-tag\" \/>\n<meta name=\"twitter:label1\" content=\"Szerz\u0151:\" class=\"yoast-seo-meta-tag\" \/>\n\t<meta name=\"twitter:data1\" content=\"dorogimedence.hu\" class=\"yoast-seo-meta-tag\" \/>\n\t<meta name=\"twitter:label2\" content=\"Becs\u00fclt olvas\u00e1si id\u0151\" class=\"yoast-seo-meta-tag\" \/>\n\t<meta name=\"twitter:data2\" content=\"3 perc\" class=\"yoast-seo-meta-tag\" \/>\n<script type=\"application\/ld+json\" class=\"yoast-schema-graph\">{\"@context\":\"https:\\\/\\\/schema.org\",\"@graph\":[{\"@type\":\"Article\",\"@id\":\"https:\\\/\\\/dorogimedence.hu\\\/index.php\\\/2022\\\/02\\\/21\\\/fokozottan-ellenoriztek-az-esztergomi-szorakozohelyeket\\\/#article\",\"isPartOf\":{\"@id\":\"https:\\\/\\\/dorogimedence.hu\\\/index.php\\\/2022\\\/02\\\/21\\\/fokozottan-ellenoriztek-az-esztergomi-szorakozohelyeket\\\/\"},\"author\":{\"name\":\"dorogimedence.hu\",\"@id\":\"https:\\\/\\\/dorogimedence.hu\\\/#\\\/schema\\\/person\\\/ce6091eeb7e95ecdc87890d6aa8e0fd4\"},\"headline\":\"Fokozottan ellen\u0151rizt\u00e9k az esztergomi sz\u00f3rakoz\u00f3helyeket\",\"datePublished\":\"2022-02-21T13:33:30+00:00\",\"dateModified\":\"2022-02-21T13:34:41+00:00\",\"mainEntityOfPage\":{\"@id\":\"https:\\\/\\\/dorogimedence.hu\\\/index.php\\\/2022\\\/02\\\/21\\\/fokozottan-ellenoriztek-az-esztergomi-szorakozohelyeket\\\/\"},\"wordCount\":521,\"publisher\":{\"@id\":\"https:\\\/\\\/dorogimedence.hu\\\/#organization\"},\"image\":{\"@id\":\"https:\\\/\\\/dorogimedence.hu\\\/index.php\\\/2022\\\/02\\\/21\\\/fokozottan-ellenoriztek-az-esztergomi-szorakozohelyeket\\\/#primaryimage\"},\"thumbnailUrl\":\"https:\\\/\\\/dorogimedence.hu\\\/wp-content\\\/uploads\\\/2020\\\/11\\\/rendorseg-egom-01.jpg\",\"keywords\":[\"ellen\u0151rz\u00e9s\",\"esztergom\",\"rend\u0151rs\u00e9gi h\u00edrek\",\"sz\u00f3rakoz\u00f3helyek\"],\"articleSection\":[\"Esztergom\",\"H\u00edrek\",\"K\u00e9k h\u00edrek\"],\"inLanguage\":\"hu\"},{\"@type\":\"WebPage\",\"@id\":\"https:\\\/\\\/dorogimedence.hu\\\/index.php\\\/2022\\\/02\\\/21\\\/fokozottan-ellenoriztek-az-esztergomi-szorakozohelyeket\\\/\",\"url\":\"https:\\\/\\\/dorogimedence.hu\\\/index.php\\\/2022\\\/02\\\/21\\\/fokozottan-ellenoriztek-az-esztergomi-szorakozohelyeket\\\/\",\"name\":\"Fokozottan ellen\u0151rizt\u00e9k az esztergomi sz\u00f3rakoz\u00f3helyeket\",\"isPartOf\":{\"@id\":\"https:\\\/\\\/dorogimedence.hu\\\/#website\"},\"primaryImageOfPage\":{\"@id\":\"https:\\\/\\\/dorogimedence.hu\\\/index.php\\\/2022\\\/02\\\/21\\\/fokozottan-ellenoriztek-az-esztergomi-szorakozohelyeket\\\/#primaryimage\"},\"image\":{\"@id\":\"https:\\\/\\\/dorogimedence.hu\\\/index.php\\\/2022\\\/02\\\/21\\\/fokozottan-ellenoriztek-az-esztergomi-szorakozohelyeket\\\/#primaryimage\"},\"thumbnailUrl\":\"https:\\\/\\\/dorogimedence.hu\\\/wp-content\\\/uploads\\\/2020\\\/11\\\/rendorseg-egom-01.jpg\",\"datePublished\":\"2022-02-21T13:33:30+00:00\",\"dateModified\":\"2022-02-21T13:34:41+00:00\",\"breadcrumb\":{\"@id\":\"https:\\\/\\\/dorogimedence.hu\\\/index.php\\\/2022\\\/02\\\/21\\\/fokozottan-ellenoriztek-az-esztergomi-szorakozohelyeket\\\/#breadcrumb\"},\"inLanguage\":\"hu\",\"potentialAction\":[{\"@type\":\"ReadAction\",\"target\":[\"https:\\\/\\\/dorogimedence.hu\\\/index.php\\\/2022\\\/02\\\/21\\\/fokozottan-ellenoriztek-az-esztergomi-szorakozohelyeket\\\/\"]}]},{\"@type\":\"ImageObject\",\"inLanguage\":\"hu\",\"@id\":\"https:\\\/\\\/dorogimedence.hu\\\/index.php\\\/2022\\\/02\\\/21\\\/fokozottan-ellenoriztek-az-esztergomi-szorakozohelyeket\\\/#primaryimage\",\"url\":\"https:\\\/\\\/dorogimedence.hu\\\/wp-content\\\/uploads\\\/2020\\\/11\\\/rendorseg-egom-01.jpg\",\"contentUrl\":\"https:\\\/\\\/dorogimedence.hu\\\/wp-content\\\/uploads\\\/2020\\\/11\\\/rendorseg-egom-01.jpg\",\"width\":830,\"height\":450},{\"@type\":\"BreadcrumbList\",\"@id\":\"https:\\\/\\\/dorogimedence.hu\\\/index.php\\\/2022\\\/02\\\/21\\\/fokozottan-ellenoriztek-az-esztergomi-szorakozohelyeket\\\/#breadcrumb\",\"itemListElement\":[{\"@type\":\"ListItem\",\"position\":1,\"name\":\"Kezd\u0151lap\",\"item\":\"https:\\\/\\\/dorogimedence.hu\\\/\"},{\"@type\":\"ListItem\",\"position\":2,\"name\":\"Fokozottan ellen\u0151rizt\u00e9k az esztergomi sz\u00f3rakoz\u00f3helyeket\"}]},{\"@type\":\"WebSite\",\"@id\":\"https:\\\/\\\/dorogimedence.hu\\\/#website\",\"url\":\"https:\\\/\\\/dorogimedence.hu\\\/\",\"name\":\"Dorogi-medence Region\u00e1lis H\u00edrport\u00e1l\",\"description\":\"Dorog, Keszt\u00f6lc, Le\u00e1nyv\u00e1r, Piliscs\u00e9v, Tokod, Tokodalt\u00e1r\u00f3, Csolnok, Esztergom-kertv\u00e1ros: h\u00edrek, programok\",\"publisher\":{\"@id\":\"https:\\\/\\\/dorogimedence.hu\\\/#organization\"},\"potentialAction\":[{\"@type\":\"SearchAction\",\"target\":{\"@type\":\"EntryPoint\",\"urlTemplate\":\"https:\\\/\\\/dorogimedence.hu\\\/?s={search_term_string}\"},\"query-input\":{\"@type\":\"PropertyValueSpecification\",\"valueRequired\":true,\"valueName\":\"search_term_string\"}}],\"inLanguage\":\"hu\"},{\"@type\":\"Organization\",\"@id\":\"https:\\\/\\\/dorogimedence.hu\\\/#organization\",\"name\":\"Dorogi-medence Region\u00e1lis H\u00edrport\u00e1l\",\"url\":\"https:\\\/\\\/dorogimedence.hu\\\/\",\"logo\":{\"@type\":\"ImageObject\",\"inLanguage\":\"hu\",\"@id\":\"https:\\\/\\\/dorogimedence.hu\\\/#\\\/schema\\\/logo\\\/image\\\/\",\"url\":\"https:\\\/\\\/dorogimedence.hu\\\/wp-content\\\/uploads\\\/2021\\\/04\\\/logo-feher-600.png\",\"contentUrl\":\"https:\\\/\\\/dorogimedence.hu\\\/wp-content\\\/uploads\\\/2021\\\/04\\\/logo-feher-600.png\",\"width\":600,\"height\":100,\"caption\":\"Dorogi-medence Region\u00e1lis H\u00edrport\u00e1l\"},\"image\":{\"@id\":\"https:\\\/\\\/dorogimedence.hu\\\/#\\\/schema\\\/logo\\\/image\\\/\"},\"sameAs\":[\"https:\\\/\\\/www.facebook.com\\\/dorogimedence\\\/\"]},{\"@type\":\"Person\",\"@id\":\"https:\\\/\\\/dorogimedence.hu\\\/#\\\/schema\\\/person\\\/ce6091eeb7e95ecdc87890d6aa8e0fd4\",\"name\":\"dorogimedence.hu\",\"image\":{\"@type\":\"ImageObject\",\"inLanguage\":\"hu\",\"@id\":\"\\\/\\\/www.gravatar.com\\\/avatar\\\/d8d45f8901aadff40a4af72c0b826f1d?s=96&#038;r=g&#038;d=mm\",\"url\":\"\\\/\\\/www.gravatar.com\\\/avatar\\\/d8d45f8901aadff40a4af72c0b826f1d?s=96&#038;r=g&#038;d=mm\",\"contentUrl\":\"\\\/\\\/www.gravatar.com\\\/avatar\\\/d8d45f8901aadff40a4af72c0b826f1d?s=96&#038;r=g&#038;d=mm\",\"caption\":\"dorogimedence.hu\"}}]}<\/script>\n<!-- \/ Yoast SEO plugin. -->","yoast_head_json":{"title":"Fokozottan ellen\u0151rizt\u00e9k az esztergomi sz\u00f3rakoz\u00f3helyeket","robots":{"index":"index","follow":"follow","max-snippet":"max-snippet:-1","max-image-preview":"max-image-preview:large","max-video-preview":"max-video-preview:-1"},"canonical":"https:\/\/dorogimedence.hu\/index.php\/2022\/02\/21\/fokozottan-ellenoriztek-az-esztergomi-szorakozohelyeket\/","og_locale":"hu_HU","og_type":"article","og_title":"Fokozottan ellen\u0151rizt\u00e9k az esztergomi sz\u00f3rakoz\u00f3helyeket","og_description":"Esztergomban fokozott ellen\u0151rz\u00e9st tartottak a rend\u0151r\u00f6k a sz\u00f3rakoz\u00f3k biztons\u00e1ga, a jogs\u00e9rt\u00e9sek felder\u00edt\u00e9se \u00e9s megel\u0151z\u00e9se \u00e9rdek\u00e9ben. Az Esztergomi Rend\u0151rkapit\u00e1nys\u00e1g 2022. febru\u00e1r 19-\u00e9n 18 \u00f3r\u00e1t\u00f3l hajnal 4 \u00f3r\u00e1ig nagyszab\u00e1s\u00fa fokozott ellen\u0151rz\u00e9st szervezett, amit a belv\u00e1rosban tal\u00e1lhat\u00f3 h\u00e1rom sz\u00f3rakoz\u00f3helyen \u00e9s azok k\u00f6rnyezet\u00e9ben hajtottak v\u00e9gre. Az \u00fczemeltet\u0151k betartott\u00e1k a sz\u00fcks\u00e9ges el\u0151\u00edr\u00e1sokat, a m\u0171k\u00f6d\u00e9si enged\u00e9lyben foglaltakat \u00e9s a nyitvatart\u00e1si id\u0151t.","og_url":"https:\/\/dorogimedence.hu\/index.php\/2022\/02\/21\/fokozottan-ellenoriztek-az-esztergomi-szorakozohelyeket\/","og_site_name":"Dorogi-medence Region\u00e1lis H\u00edrport\u00e1l","article_publisher":"https:\/\/www.facebook.com\/dorogimedence\/","article_published_time":"2022-02-21T13:33:30+00:00","article_modified_time":"2022-02-21T13:34:41+00:00","og_image":[{"width":830,"height":450,"url":"https:\/\/i0.wp.com\/dorogimedence.hu\/wp-content\/uploads\/2020\/11\/rendorseg-egom-01.jpg?fit=830%2C450&ssl=1","type":"image\/jpeg"}],"author":"dorogimedence.hu","twitter_card":"summary_large_image","twitter_misc":{"Szerz\u0151:":"dorogimedence.hu","Becs\u00fclt olvas\u00e1si id\u0151":"3 perc"},"schema":{"@context":"https:\/\/schema.org","@graph":[{"@type":"Article","@id":"https:\/\/dorogimedence.hu\/index.php\/2022\/02\/21\/fokozottan-ellenoriztek-az-esztergomi-szorakozohelyeket\/#article","isPartOf":{"@id":"https:\/\/dorogimedence.hu\/index.php\/2022\/02\/21\/fokozottan-ellenoriztek-az-esztergomi-szorakozohelyeket\/"},"author":{"name":"dorogimedence.hu","@id":"https:\/\/dorogimedence.hu\/#\/schema\/person\/ce6091eeb7e95ecdc87890d6aa8e0fd4"},"headline":"Fokozottan ellen\u0151rizt\u00e9k az esztergomi sz\u00f3rakoz\u00f3helyeket","datePublished":"2022-02-21T13:33:30+00:00","dateModified":"2022-02-21T13:34:41+00:00","mainEntityOfPage":{"@id":"https:\/\/dorogimedence.hu\/index.php\/2022\/02\/21\/fokozottan-ellenoriztek-az-esztergomi-szorakozohelyeket\/"},"wordCount":521,"publisher":{"@id":"https:\/\/dorogimedence.hu\/#organization"},"image":{"@id":"https:\/\/dorogimedence.hu\/index.php\/2022\/02\/21\/fokozottan-ellenoriztek-az-esztergomi-szorakozohelyeket\/#primaryimage"},"thumbnailUrl":"https:\/\/dorogimedence.hu\/wp-content\/uploads\/2020\/11\/rendorseg-egom-01.jpg","keywords":["ellen\u0151rz\u00e9s","esztergom","rend\u0151rs\u00e9gi h\u00edrek","sz\u00f3rakoz\u00f3helyek"],"articleSection":["Esztergom","H\u00edrek","K\u00e9k h\u00edrek"],"inLanguage":"hu"},{"@type":"WebPage","@id":"https:\/\/dorogimedence.hu\/index.php\/2022\/02\/21\/fokozottan-ellenoriztek-az-esztergomi-szorakozohelyeket\/","url":"https:\/\/dorogimedence.hu\/index.php\/2022\/02\/21\/fokozottan-ellenoriztek-az-esztergomi-szorakozohelyeket\/","name":"Fokozottan ellen\u0151rizt\u00e9k az esztergomi sz\u00f3rakoz\u00f3helyeket","isPartOf":{"@id":"https:\/\/dorogimedence.hu\/#website"},"primaryImageOfPage":{"@id":"https:\/\/dorogimedence.hu\/index.php\/2022\/02\/21\/fokozottan-ellenoriztek-az-esztergomi-szorakozohelyeket\/#primaryimage"},"image":{"@id":"https:\/\/dorogimedence.hu\/index.php\/2022\/02\/21\/fokozottan-ellenoriztek-az-esztergomi-szorakozohelyeket\/#primaryimage"},"thumbnailUrl":"https:\/\/dorogimedence.hu\/wp-content\/uploads\/2020\/11\/rendorseg-egom-01.jpg","datePublished":"2022-02-21T13:33:30+00:00","dateModified":"2022-02-21T13:34:41+00:00","breadcrumb":{"@id":"https:\/\/dorogimedence.hu\/index.php\/2022\/02\/21\/fokozottan-ellenoriztek-az-esztergomi-szorakozohelyeket\/#breadcrumb"},"inLanguage":"hu","potentialAction":[{"@type":"ReadAction","target":["https:\/\/dorogimedence.hu\/index.php\/2022\/02\/21\/fokozottan-ellenoriztek-az-esztergomi-szorakozohelyeket\/"]}]},{"@type":"ImageObject","inLanguage":"hu","@id":"https:\/\/dorogimedence.hu\/index.php\/2022\/02\/21\/fokozottan-ellenoriztek-az-esztergomi-szorakozohelyeket\/#primaryimage","url":"https:\/\/dorogimedence.hu\/wp-content\/uploads\/2020\/11\/rendorseg-egom-01.jpg","contentUrl":"https:\/\/dorogimedence.hu\/wp-content\/uploads\/2020\/11\/rendorseg-egom-01.jpg","width":830,"height":450},{"@type":"BreadcrumbList","@id":"https:\/\/dorogimedence.hu\/index.php\/2022\/02\/21\/fokozottan-ellenoriztek-az-esztergomi-szorakozohelyeket\/#breadcrumb","itemListElement":[{"@type":"ListItem","position":1,"name":"Kezd\u0151lap","item":"https:\/\/dorogimedence.hu\/"},{"@type":"ListItem","position":2,"name":"Fokozottan ellen\u0151rizt\u00e9k az esztergomi sz\u00f3rakoz\u00f3helyeket"}]},{"@type":"WebSite","@id":"https:\/\/dorogimedence.hu\/#website","url":"https:\/\/dorogimedence.hu\/","name":"Dorogi-medence Region\u00e1lis H\u00edrport\u00e1l","description":"Dorog, Keszt\u00f6lc, Le\u00e1nyv\u00e1r, Piliscs\u00e9v, Tokod, Tokodalt\u00e1r\u00f3, Csolnok, Esztergom-kertv\u00e1ros: h\u00edrek, programok","publisher":{"@id":"https:\/\/dorogimedence.hu\/#organization"},"potentialAction":[{"@type":"SearchAction","target":{"@type":"EntryPoint","urlTemplate":"https:\/\/dorogimedence.hu\/?s={search_term_string}"},"query-input":{"@type":"PropertyValueSpecification","valueRequired":true,"valueName":"search_term_string"}}],"inLanguage":"hu"},{"@type":"Organization","@id":"https:\/\/dorogimedence.hu\/#organization","name":"Dorogi-medence Region\u00e1lis H\u00edrport\u00e1l","url":"https:\/\/dorogimedence.hu\/","logo":{"@type":"ImageObject","inLanguage":"hu","@id":"https:\/\/dorogimedence.hu\/#\/schema\/logo\/image\/","url":"https:\/\/dorogimedence.hu\/wp-content\/uploads\/2021\/04\/logo-feher-600.png","contentUrl":"https:\/\/dorogimedence.hu\/wp-content\/uploads\/2021\/04\/logo-feher-600.png","width":600,"height":100,"caption":"Dorogi-medence Region\u00e1lis H\u00edrport\u00e1l"},"image":{"@id":"https:\/\/dorogimedence.hu\/#\/schema\/logo\/image\/"},"sameAs":["https:\/\/www.facebook.com\/dorogimedence\/"]},{"@type":"Person","@id":"https:\/\/dorogimedence.hu\/#\/schema\/person\/ce6091eeb7e95ecdc87890d6aa8e0fd4","name":"dorogimedence.hu","image":{"@type":"ImageObject","inLanguage":"hu","@id":"\/\/www.gravatar.com\/avatar\/d8d45f8901aadff40a4af72c0b826f1d?s=96&#038;r=g&#038;d=mm","url":"\/\/www.gravatar.com\/avatar\/d8d45f8901aadff40a4af72c0b826f1d?s=96&#038;r=g&#038;d=mm","contentUrl":"\/\/www.gravatar.com\/avatar\/d8d45f8901aadff40a4af72c0b826f1d?s=96&#038;r=g&#038;d=mm","caption":"dorogimedence.hu"}}]}},"_links":{"self":[{"href":"https:\/\/dorogimedence.hu\/index.php\/wp-json\/wp\/v2\/posts\/40637","targetHints":{"allow":["GET"]}}],"collection":[{"href":"https:\/\/dorogimedence.hu\/index.php\/wp-json\/wp\/v2\/posts"}],"about":[{"href":"https:\/\/dorogimedence.hu\/index.php\/wp-json\/wp\/v2\/types\/post"}],"author":[{"embeddable":true,"href":"https:\/\/dorogimedence.hu\/index.php\/wp-json\/wp\/v2\/users\/1"}],"replies":[{"embeddable":true,"href":"https:\/\/dorogimedence.hu\/index.php\/wp-json\/wp\/v2\/comments?post=40637"}],"version-history":[{"count":0,"href":"https:\/\/dorogimedence.hu\/index.php\/wp-json\/wp\/v2\/posts\/40637\/revisions"}],"wp:featuredmedia":[{"embeddable":true,"href":"https:\/\/dorogimedence.hu\/index.php\/wp-json\/wp\/v2\/media\/28700"}],"wp:attachment":[{"href":"https:\/\/dorogimedence.hu\/index.php\/wp-json\/wp\/v2\/media?parent=40637"}],"wp:term":[{"taxonomy":"category","embeddable":true,"href":"https:\/\/dorogimedence.hu\/index.php\/wp-json\/wp\/v2\/categories?post=40637"},{"taxonomy":"post_tag","embeddable":true,"href":"https:\/\/dorogimedence.hu\/index.php\/wp-json\/wp\/v2\/tags?post=40637"}],"curies":[{"name":"wp","href":"https:\/\/api.w.org\/{rel}","templated":true}]}}