{"id":40623,"date":"2022-02-21T11:01:37","date_gmt":"2022-02-21T10:01:37","guid":{"rendered":"https:\/\/dorogimedence.hu\/?p=40623"},"modified":"2022-02-21T11:02:25","modified_gmt":"2022-02-21T10:02:25","slug":"richter-anna-dij-huszmillio-forintbol-valosulhatnak-meg-az-innovativ-otletek","status":"publish","type":"post","link":"https:\/\/dorogimedence.hu\/index.php\/2022\/02\/21\/richter-anna-dij-huszmillio-forintbol-valosulhatnak-meg-az-innovativ-otletek\/","title":{"rendered":"Richter Anna D\u00edj: h\u00faszmilli\u00f3 forintb\u00f3l val\u00f3sulhatnak meg az innovat\u00edv \u00f6tletek"},"content":{"rendered":"<p><strong>\u00dajabb tizenk\u00e9t nagyszer\u0171 p\u00e1lyam\u0171vet ismerhet meg a nagyk\u00f6z\u00f6ns\u00e9g, 2022. m\u00e1rcius 13-ig a k\u00f6z\u00f6ns\u00e9gd\u00edj sorsa is a szavaz\u00f3k kez\u00e9ben van. A t\u00e9t nem kicsi, hiszen most d\u0151l el, hogy a kateg\u00f3ri\u00e1nk\u00e9nt egy, \u00f6sszesen n\u00e9gy zs\u0171rid\u00edj mellett melyik az \u00f6t\u00f6dik csapat, akik a d\u00edjjal j\u00e1r\u00f3 n\u00e9gymilli\u00f3 forintos \u00f6sszegb\u0151l megval\u00f3s\u00edthatj\u00e1k \u00e1lmukat.&nbsp; <\/strong><\/p>\n<p>Negyedik alkalommal hirdette meg p\u00e1ly\u00e1zat\u00e1t a Richter Gedeon Nyrt., melyre ism\u00e9t sz\u00e1mtalan jobbn\u00e1l jobb p\u00e1lyamunka \u00e9rkezett. A t\u00e1rsadalmi felel\u0151ss\u00e9gv\u00e1llal\u00e1st kiemelked\u0151en fontosnak tart\u00f3 gy\u00f3gyszerc\u00e9g szerint tal\u00e1n soha nem volt m\u00e9g akkora sz\u00fcks\u00e9g\u00fck elismer\u00e9sre, t\u00e1mogat\u00e1sra az eg\u00e9szs\u00e9g\u00fcgyben, oktat\u00e1sban, gy\u00f3gyszer\u00e9szetben dolgoz\u00f3knak, mint az ut\u00f3bbi megterhel\u0151 id\u0151szakban. <em>\u201eA p\u00e1ly\u00e1zatok mennyis\u00e9ge, a d\u00f6nt\u0151s csapatok lelkesed\u00e9se mind azt mutatj\u00e1k, hogy a Richter Anna D\u00edj hi\u00e1nyp\u00f3tl\u00f3, \u00e9s egyed\u00fcl\u00e1ll\u00f3 abban a tekintetben, hogy az int\u00e9zm\u00e9nyekben \u00e9s c\u00e9lter\u00fcleteken felmer\u00fcl\u0151 konkr\u00e9t ig\u00e9nyekre ad megold\u00e1st\u201d <\/em>&#8211; mondta Beke Zsuzsa zs\u0171ritag, a v\u00e1llalat PR \u00e9s kommunik\u00e1ci\u00f3s vezet\u0151je.<\/p>\n<p>Haz\u00e1nk egyik legkiemelked\u0151bb gy\u00f3gyszerc\u00e9ge a Richter Anna D\u00edj p\u00e1ly\u00e1zat ki\u00edr\u00e1s\u00e1val \u0151rzi \u00e9s tov\u00e1bbviszi az alap\u00edt\u00f3csal\u00e1d szellemis\u00e9g\u00e9t, az innov\u00e1ci\u00f3ba, folyamatos fejleszt\u00e9sbe vetett hit\u00e9t. M\u00e9lt\u00f3 m\u00f3don t\u00fckr\u00f6zi a Richter c\u00e9gfiloz\u00f3fi\u00e1j\u00e1t, t\u00e1rsadalmi szerepv\u00e1llal\u00e1si elk\u00f6telezetts\u00e9g\u00e9t a hazai oktat\u00e1s, eg\u00e9szs\u00e9g\u00fcgy, gy\u00f3gyszer\u00e9szet \u00e9s mindenekel\u0151tt az ezeken a ter\u00fcleteken dolgoz\u00f3 n\u0151k ir\u00e1nt.<\/p>\n<p>Az oktat\u00e1st, eg\u00e9szs\u00e9g\u00fcgyet \u00e9s gy\u00f3gyszer\u00e9szetet fejleszteni, jobb\u00edtani v\u00e1gy\u00f3 lelkes csapatok n\u00e9gy kateg\u00f3ri\u00e1ban m\u00e9retnek meg egym\u00e1ssal.&nbsp; A zs\u0171ri olyan \u00fajszer\u0171, megval\u00f3s\u00edthat\u00f3 \u00f6tleteket v\u00e1rtak id\u00e9n is a p\u00e1ly\u00e1z\u00f3kt\u00f3l, amelyek kreat\u00edv, innovat\u00edv m\u00f3don j\u00e1rulnak hozz\u00e1 ezen ter\u00fcletek sz\u00ednvonal\u00e1hoz, fejl\u0151d\u00e9s\u00e9hez, illetve az ott dolgoz\u00f3k mindennapjait megk\u00f6nny\u00edtik, min\u0151s\u00e9gi v\u00e1ltoz\u00e1st hoznak mindannyiunk h\u00e9tk\u00f6znapjaiba.<\/p>\n<p><strong>Ismerj\u00fck meg az idei d\u00f6nt\u0151s\u00f6ket! <\/strong><\/p>\n<p>Mi lehetne id\u0151szer\u0171bb, mint foglalkozni az eg\u00e9szs\u00e9g\u00fcgyben dolgoz\u00f3k t\u00falterhelts\u00e9g\u00e9vel, ami j\u00f3 t\u00e1ptalaja a ki\u00e9g\u00e9snek. Sz\u00e1mukra k\u00e9sz\u00edtene \u00f6nseg\u00edt\u0151 \u00f6nismereti kiadv\u00e1nyt az a pszichol\u00f3gus csapat, akik a sz\u00f3rakozva, j\u00e1tszva fejl\u0151d\u00e9st h\u00edvn\u00e1k seg\u00edts\u00e9g\u00fcl a munkaf\u00fczethez. <em>Szily N\u00f3ra<\/em> \u00fajs\u00e1g\u00edr\u00f3, pszichol\u00f3gus zs\u0171ritag sz\u00e1m\u00e1ra a ki\u00e9g\u00e9s fontos t\u00e9ma, a <strong>L\u00e9lekment\u0151 leck\u00e9k<\/strong> \u00fajszer\u0171s\u00e9g\u00e9t \u0151 is abban l\u00e1tja, hogy az eg\u00e9szs\u00e9g\u00fcgyi ell\u00e1t\u00e1s t\u00f6rt\u00e9nelm\u00e9ben \u00e9s sokunk \u00e9let\u00e9ben m\u00e9g nem tapasztalt, kontroll\u00e1lhatatlan, \u00e9s bizonytalan j\u00e1rv\u00e1nyhelyzetet \u00e9l\u00fcnk, amiben musz\u00e1j a leterhelt seg\u00edt\u0151ket egyfajta lelki vakcin\u00e1val is felv\u00e9rtezni a ki\u00e9g\u00e9ssel, a kimer\u00fcl\u00e9ssel szemben.&nbsp;<\/p>\n<p><em>A fiatalok eduk\u00e1ci\u00f3ja gyerekkort\u00f3l a sz\u00fcl\u0151v\u00e9 v\u00e1l\u00e1sig t\u00f6bb projektben is f\u00f3kuszba ker\u00fclt.&nbsp; <\/em><\/p>\n<p>A <strong>Var\u00e1zsl\u00f3k\u00e9pz\u0151<\/strong> komplex \u00e9lm\u00e9nypedag\u00f3giai program a tudom\u00e1ny var\u00e1zsl\u00f3k\u00f6nt\u00f6sbe \u00f6lt\u00f6ztet\u00e9s\u00e9vel \u00e9s a r\u00e9sztvev\u0151k szem\u00e9lyis\u00e9gfejleszt\u00e9s\u00e9vel er\u0151s\u00edti meg a gyerekek \u201evar\u00e1zserej\u00e9t\u201d, hogy meg\u0151rizz\u00e9k a felfedez\u00e9s \u00e9s a tanul\u00e1s \u00f6r\u00f6m\u00e9t, megtapasztalj\u00e1k, hogy a \u201evar\u00e1zslatok\u201d m\u00f6g\u00f6tt rejl\u0151 k\u00e9miai-fizikai folyamatok meg\u00e9rthet\u0151k. A fiatal pedag\u00f3gus hisz abban, hogy a di\u00e1kok \u00edgy megtal\u00e1lj\u00e1k er\u0151ss\u00e9geiket, hisznek \u00f6nmagukban, tetteik erej\u00e9ben, \u00e9s akt\u00edvan r\u00e9szt vesznek majd a j\u00f6v\u0151 form\u00e1l\u00e1s\u00e1ban. <strong>&nbsp;<\/strong><\/p>\n<p>Egy fiatal orvosokb\u00f3l \u00e9s \u00e1pol\u00f3b\u00f3l \u00e1ll\u00f3 csapat sz\u00f3rakoztat\u00f3 k\u00e1rtyaj\u00e1t\u00e9k form\u00e1j\u00e1ban szeretn\u00e9 az eg\u00e9szs\u00e9ges \u00e9letm\u00f3dot \u00e9s az eg\u00e9szs\u00e9gnevel\u00e9st eljuttatni a gyerekekhez. &nbsp;<em>Dr. Barna Istv\u00e1n<\/em> belgy\u00f3gy\u00e1sz, egyetemi docens \u00edgy nyilatkozott a <strong>Sine Morbo<\/strong> k\u00e1rtyaj\u00e1t\u00e9kr\u00f3l:<em> \u201eA projekt fontos \u00fczenete a fiatalok sz\u00e1m\u00e1ra, hogy megel\u0151zhetik \u00e9s \u00edgy el is ker\u00fclhetik az eg\u00e9szs\u00e9gk\u00e1rosod\u00e1ssal j\u00e1r\u00f3 viszontags\u00e1gokat feln\u0151ttkorban. Egy eg\u00e9szs\u00e9gesebb gener\u00e1ci\u00f3 kisebb terhet r\u00f3 majd az eg\u00e9szs\u00e9g\u00fcgyi rendszerre, ami hossz\u00fa t\u00e1von \u00f6sszt\u00e1rsadalmi szinten is pozit\u00edv hat\u00e1s lesz.\u201d <\/em><\/p>\n<p>Leend\u0151 any\u00e1kat \u00e9s ap\u00e1kat, kisgyermekes sz\u00fcl\u0151ket karolna fel igen n\u00e9pszer\u0171, tabud\u00f6nt\u0151 monodr\u00e1m\u00e1ja seg\u00edts\u00e9g\u00e9vel a M\u00e1Sz\u00ednh\u00e1z csapata. Az <strong>Anya-e vagy?<\/strong> c\u00edm\u0171 el\u0151ad\u00e1s Huzella J\u00falia fantasztikus alak\u00edt\u00e1s\u00e1val \u00e9s a hozz\u00e1 kapcsol\u00f3d\u00f3 beavat\u00f3 tr\u00e9ningek, majd tematikus szakmai besz\u00e9lget\u00e9sek sz\u00fcl\u00e9sfelk\u00e9sz\u00edt\u0151 tanfolyamok r\u00e9szek\u00e9nt szervez\u0151dn\u00e9nek. Az any\u00e1v\u00e1 v\u00e1l\u00e1s folyamata, a sz\u00fcl\u00e9skor, sz\u00fcl\u00e9s ut\u00e1n, gyermek\u00e1gyban zajl\u00f3 testi \u00e9s lelki v\u00e1ltoz\u00e1sok tabuinak megd\u00f6nt\u00e9se rengeteg leend\u0151 \u00e9s jelenlegi \u00e9desanya ment\u00e1lis, pszich\u00e9s \u00e9s ak\u00e1r fizikai \u00e1llapot\u00e1nak javul\u00e1s\u00e1t eredm\u00e9nyezheti. <em>R\u00fazsa Magdi<\/em> M\u00e1t\u00e9 P\u00e9ter-d\u00edjas \u00e9nekesn\u0151 a zs\u0171ri p\u00e1r hete \u00e9desany\u00e1v\u00e1 v\u00e1lt tagja friss \u00e9lm\u00e9nyekkel \u00e1titatva sz\u00edvb\u0151l drukkol a projektnek \u00e9s csak azt sajn\u00e1lja, hogy \u0151 nem tudott r\u00e9szt venni egy ilyen el\u0151k\u00e9sz\u00edt\u0151n.<\/p>\n<p><em>A k\u00f6z\u00f6ss\u00e9g ereje, egym\u00e1s t\u00e1mogat\u00e1sa, a min\u0151s\u00e9gi id\u0151 ig\u00e9nye az egy\u00fcttl\u00e9tre t\u00f6bb csapatot is inspir\u00e1lt.&nbsp; <\/em><\/p>\n<p>A <strong>Kutyaj\u00f3 m\u00f3ka<\/strong> gy\u00f3gypedag\u00f3gus \u00e1ltal vezetett csapata speci\u00e1lis nevel\u00e9si ig\u00e9ny\u0171 \u00e9s halmozottan h\u00e1tr\u00e1nyos helyzet\u0171 gyerekekkel foglalkozik seg\u00edt\u0151 kedvenceivel, Hopp\u00e1val \u00e9s Ritmussal, a k\u00e9t n\u00e9pszer\u0171 ter\u00e1pi\u00e1s kuty\u00e1val. <em>Kert\u00e9sz \u00c9va<\/em> zs\u0171ritag, a 21 N\u0151 az Eg\u00e9szs\u00e9g\u00fcgy\u00e9rt Alap\u00edtv\u00e1ny \u00fcgyvezet\u0151je sz\u00e1m\u00e1ra fontos, hogy a Richter Anna D\u00edj seg\u00edtse azokat, akik m\u00e1sokn\u00e1l nehezebb helyzetben vannak.&nbsp; <em>\u201eAzok a sz\u00fcl\u0151k, akiknek gyermeke \u00e1lland\u00f3 fel\u00fcgyeletet ig\u00e9nyel, izgalom helyett szorong\u00e1ssal v\u00e1rj\u00e1k a tan\u00e9v v\u00e9g\u00e9t. Az \u0151 \u00e9let\u00fcket szeretn\u00e9 megk\u00f6nny\u00edteni a Kutyaj\u00f3 m\u00f3ka csapata ny\u00e1ri t\u00e1borukkal. A projekt egyben figyelemfelh\u00edv\u00e1s arra, hogy s\u00e9r\u00fclt, \u00e9p \u00e9s h\u00e1tr\u00e1nyos helyzet\u0171 gyerekeknek egyar\u00e1nt fontos, hogy a sz\u00fcnid\u0151t min\u0151s\u00e9gi pihen\u00e9ssel t\u00f6lts\u00e9k.\u201d <\/em><\/p>\n<p>A daganatos betegek sz\u00e1ma haz\u00e1nkban is folyamatosan n\u0151. 2020-ban 68.426 \u00faj esetet regisztr\u00e1ltak. A <strong>Merj seg\u00edts\u00e9get k\u00e9rni!<\/strong> projekt&nbsp; csapata szeretn\u00e9 felh\u00edvni a daganatos betegek figyelm\u00e9t a pszich\u00e9s seg\u00edts\u00e9gk\u00e9r\u00e9s fontoss\u00e1g\u00e1ra. &nbsp;Az online pszichoonkol\u00f3giai csoportfoglalkoz\u00e1saikon r\u00e9sztvev\u0151k sz\u00e1m\u00e1ra olyan h\u00e9tv\u00e9g\u00e9k val\u00f3sulhatn\u00e1nak meg, ahol az \u00e9rintettek er\u0151t mer\u00edthetnek a programokb\u00f3l, a betegs\u00e9gb\u0151l meggy\u00f3gyult t\u00e1rsaik t\u00f6rt\u00e9neteib\u0151l, egym\u00e1sb\u00f3l. &nbsp;<\/p>\n<p>Nem csak diab\u00e9tesszel vagy c\u00f6li\u00e1ki\u00e1val, hanem velesz\u00fcletett anyagcsere-betegs\u00e9ggel \u00e9l\u0151 gyerekekkel \u00e9s sz\u00fcleikkel is foglalkozik a Semmelweis Egyetem I. sz\u00e1m\u00fa Gyermekklinik\u00e1j\u00e1n dolgoz\u00f3 dietetikus \u00e9s csapata. Sz\u00e1mos olyan ritka anyagcsere-betegs\u00e9g l\u00e9tezik, amely gondoskod\u00e1s h\u00edj\u00e1n hossz\u00fa t\u00e1von szellemi \u00e9s fizikai k\u00e1rosod\u00e1st okozhat. A csapat meg\u00e1lmodott egy olyan <strong>Oktat\u00f3konyh\u00e1<\/strong>t, mely a klinika \u00e9p\u00fclet\u00e9n bel\u00fcl adna helyet a rendszeresen megszervezett, j\u00f3 hangulat\u00fa k\u00f6z\u00f6s f\u0151z\u00e9seknek.<\/p>\n<p><em>A filmek \u00e9s podcastek vir\u00e1gkorukat \u00e9lik, az inform\u00e1ci\u00f3\u00e1tad\u00e1snak, eduk\u00e1ci\u00f3nak egyre ink\u00e1bb az online fel\u00fcletek adnak helyet. A hiteles szakmai tartalmakat azonban neh\u00e9z k\u00f6nnyen megtal\u00e1lni.&nbsp; <\/em><\/p>\n<p><em>A gy\u00f3gyszerek helyes alkalmaz\u00e1s\u00e1r\u00f3l, a Covid v\u00edrus idej\u00e9n nagyon aktu\u00e1lisan a t\u00fcd\u0151betegs\u00e9gek megel\u0151z\u00e9s\u00e9r\u0151l, gy\u00f3gy\u00edt\u00e1s\u00e1r\u00f3l laikusok sz\u00e1m\u00e1ra is \u00e9rthet\u0151, informat\u00edv anyagokat k\u00e9sz\u00edten\u00e9nek a kiv\u00e1l\u00f3 szakemberekb\u0151l \u00e1ll\u00f3 csapatok.&nbsp; <\/em><\/p>\n<p>A Semmelweis Egyetem Pulmonol\u00f3giai Klinik\u00e1ja a koronav\u00edrus-pand\u00e9mia kezdete \u00f3ta hatalmas er\u0151befektet\u00e9ssel van jelen a betegek ell\u00e1t\u00e1s\u00e1ban \u00e9s a j\u00e1rv\u00e1ny lek\u00fczd\u00e9s\u00e9ben. Tematikus vide\u00f3 \u00e9s podcast t\u00e9m\u00e1ik k\u00f6z\u00f6tt az otthoni \u00e1pol\u00e1s, a post-Covid t\u00fcnetek enyh\u00edt\u00e9se, a fel\u00e9p\u00fcl\u00e9st seg\u00edt\u0151 gy\u00f3gytorna \u00e9s a fert\u0151z\u00e9s megel\u0151z\u00e9s\u00e9nek m\u00f3dszerei is szerepeln\u00e9nek <strong>T\u00fcd\u0151nk eg\u00e9szs\u00e9ge<\/strong> \u00e9rdek\u00e9ben.<\/p>\n<p>Az Egyetemi Gy\u00f3gyszert\u00e1r Gy\u00f3gyszer\u00fcgyi Szervez\u00e9si Int\u00e9zet szakemberei a k\u00fcl\u00f6nf\u00e9le gy\u00f3gyszerform\u00e1kr\u00f3l, k\u00e9sz\u00edtm\u00e9nyekr\u0151l, azok helyes alkalmaz\u00e1s\u00e1r\u00f3l k\u00e9sz\u00edten\u00e9nek l\u00e1tv\u00e1nyos kisfilmeket, ezzel seg\u00edtve els\u0151sorban a kisgyermekes sz\u00fcl\u0151ket. A <strong>Gy\u00f3gyszer Vlogger<sup>Kids<\/sup><\/strong> projektterv az\u00e9rt j\u00f6tt l\u00e9tre, hogy helyes \u00fatra tal\u00e1ljunk a t\u00e9m\u00e1ban a vil\u00e1gh\u00e1l\u00f3n kering\u0151 inform\u00e1ci\u00f3k k\u00f6z\u00f6tt, melyek praktikusnak t\u0171nnek ugyan, de gyakran ink\u00e1bb \u00e1rtanak.<\/p>\n<p>A ciszt\u00e1s fibr\u00f3zis betegs\u00e9gben \u00e9rintett csapat kezel\u00e9sek alatt \u00e1ll\u00f3, vagy \u00e9ppen transzplant\u00e1ci\u00f3 ut\u00e1n lev\u0151 tagjai igyekeznek \u00fagy \u00e9lni, mint b\u00e1rki m\u00e1s, dolgoznak, sportolnak, szerelmesek \u00e9s vid\u00e1mak. Tudj\u00e1k azonban, hogy kev\u00e9sb\u00e9 szerencs\u00e9s t\u00e1rsaiknak \u00f3ri\u00e1si k\u00fczdelmet jelent a munkaer\u0151piacon val\u00f3 elhelyezked\u00e9s. A <strong>V\u00e1ltoz\u00e1s \u00e9s halad\u00e1s egy l\u00e9gv\u00e9tel\u00e9rt<\/strong> csapat h\u00e9tk\u00f6znapjaikr\u00f3l k\u00e9sz\u00fcl\u0151 kisfilmmel \u00e9rz\u00e9keny\u00edteni \u00e9s eduk\u00e1lni szeretn\u00e9k a munk\u00e1ltat\u00f3kat \u00e9s mindenkit, aki nem ismeri a betegs\u00e9get, hogy eloszlass\u00e1k f\u00e9lelmeiket.<\/p>\n<p>A <strong>K\u00e9rdezze gy\u00f3gyszer\u00e9sz\u00e9t<\/strong> p\u00e1ly\u00e1zat eduk\u00e1ci\u00f3s kisfilmek forgat\u00e1s\u00e1t dolgozta ki, melyek \u00e9rintik a leggyakrabban felmer\u00fcl\u0151 k\u00e9rd\u00e9sk\u00f6r\u00f6ket, melyeket a patik\u00e1ban nem volt id\u0151nk, vagy b\u00e1tors\u00e1gunk megk\u00e9rdezni.&nbsp;<\/p>\n<p>V\u00e9g\u00fcl, de nem utols\u00f3 sorban a fenntarthat\u00f3s\u00e1g is megjelenik az idei t\u00e9m\u00e1k k\u00f6z\u00f6tt, a gy\u00f3gyszerhullad\u00e9kok szakszer\u0171 kezel\u00e9se, a v\u00e1s\u00e1rl\u00e1si szok\u00e1sok megreform\u00e1l\u00e1sa, az <strong>\u00d6kol\u00f3giai l\u00e1bnyom cs\u00f6kkent\u00e9s a gy\u00f3gyszerhullad\u00e9k ter\u00fclet\u00e9n<\/strong> a c\u00e9lja a p\u00e9csi gy\u00f3gyszer\u00e9sznek \u00e9s csapat\u00e1nak.<\/p>\n<p>B\u00e1rmely \u00f6t csapat is nyeri el majd a Richter Anna D\u00edjat, projektjeik megval\u00f3s\u00edt\u00e1sa nem csup\u00e1n az adott k\u00f6z\u00f6ss\u00e9g, de rajtuk t\u00falmutat\u00f3an az eg\u00e9sz t\u00e1rsadalom, mindannyiunk jav\u00e1t szolg\u00e1lja majd.<\/p>\n<p>A pedag\u00f3gus, orvos, eg\u00e9szs\u00e9g\u00fcgyi dolgoz\u00f3, gy\u00f3gyszer\u00e9sz kateg\u00f3ria egy-egy zs\u0171rid\u00edjas\u00e1t a zs\u0171ri tagjai v\u00e1lasztj\u00e1k majd ki, \u0151k d\u00f6ntik el, ki kapja a projekt megval\u00f3s\u00edt\u00e1s\u00e1ra ford\u00edthat\u00f3 n\u00e9gy-n\u00e9gy milli\u00f3 forintot. A k\u00f6z\u00f6ns\u00e9gd\u00edj sorsa m\u00e1rcius 13-ig a szavaz\u00f3k kez\u00e9ben van. Az d\u00f6nt\u0151s csapatok bemutatkoz\u00e1s\u00e1nak \u00e9s az online szavaz\u00e1snak <a href=\"http:\/\/www.richterannadij.hu\/\">a <\/a><span style=\"text-decoration: underline; color: #0000ff;\"><a style=\"color: #0000ff; text-decoration: underline;\" href=\"http:\/\/www.richterannadij.hu\/\" target=\"_blank\" rel=\"noopener\">www.richterannadij.hu<\/a><\/span> oldal ad helyet. \u00c9rdemes k\u00f6vetni a d\u00edj <span style=\"text-decoration: underline; color: #0000ff;\"><a style=\"color: #0000ff; text-decoration: underline;\" href=\"https:\/\/www.facebook.com\/richterannadij\" target=\"_blank\" rel=\"noopener\">Facebook oldal\u00e1t<\/a><\/span><a href=\"https:\/\/www.facebook.com\/richterannadij\">,<\/a> ahol folyamatosan \u00e9rdekes inform\u00e1ci\u00f3kat olvashatunk \u00e9s a d\u00f6nt\u0151s projektekhez kapcsol\u00f3d\u00f3 j\u00e1t\u00e9kokba is bekapcsol\u00f3dhatunk.<\/p>\n<p>A bemutatkoz\u00f3 kisfilmek a <span style=\"text-decoration: underline; color: #0000ff;\"><a style=\"color: #0000ff; text-decoration: underline;\" href=\"https:\/\/www.youtube.com\/playlist?list=PLUhe_CdFg7CYTfcyiX_bAOwu3N7tYD6O1\" target=\"_blank\" rel=\"noopener\">Richter Anna D\u00edj Youtube csatorn\u00e1j\u00e1n<\/a><\/span> is megtekinthet\u0151k.<\/p>\n<p>M\u00e1rcius 23-\u00e1n \u00fcnnep\u00e9lyes g\u00e1la keret\u00e9ben der\u00fcl f\u00e9ny a boldog d\u00f6nt\u0151s\u00f6k kil\u00e9t\u00e9re, \u00e9s vel\u00fck egy\u00fctt \u00f6r\u00fclhet\u00fcnk annak, hogy a Richternek k\u00f6sz\u00f6nhet\u0151en mindenki \u00e9let\u00e9re hat\u00f3 innovat\u00edv \u00f6tletek val\u00f3sulnak meg.<\/p>\n","protected":false},"excerpt":{"rendered":"<p>\u00dajabb tizenk\u00e9t nagyszer\u0171 p\u00e1lyam\u0171vet ismerhet meg a nagyk\u00f6z\u00f6ns\u00e9g, 2022. m\u00e1rcius 13-ig a k\u00f6z\u00f6ns\u00e9gd\u00edj sorsa is a szavaz\u00f3k kez\u00e9ben van. A t\u00e9t nem kicsi, hiszen most d\u0151l el, hogy a kateg\u00f3ri\u00e1nk\u00e9nt egy, \u00f6sszesen n\u00e9gy zs\u0171rid\u00edj mellett melyik az \u00f6t\u00f6dik csapat, akik a d\u00edjjal j\u00e1r\u00f3 n\u00e9gymilli\u00f3 forintos \u00f6sszegb\u0151l megval\u00f3s\u00edthatj\u00e1k \u00e1lmukat.&nbsp; Negyedik alkalommal hirdette meg p\u00e1ly\u00e1zat\u00e1t a Richter<\/p>\n","protected":false},"author":1,"featured_media":40624,"comment_status":"closed","ping_status":"closed","sticky":false,"template":"","format":"standard","meta":{"ngg_post_thumbnail":0,"footnotes":""},"categories":[3],"tags":[4060,3233,4771,1926],"class_list":{"0":"post-40623","1":"post","2":"type-post","3":"status-publish","4":"format-standard","5":"has-post-thumbnail","7":"category-hirek","8":"tag-richter","9":"tag-richter-anna-dij","10":"tag-richter-gedeon-nyrt","11":"tag-szavazas"},"yoast_head":"<!-- This site is optimized with the Yoast SEO plugin v27.4 - https:\/\/yoast.com\/product\/yoast-seo-wordpress\/ -->\n<title>Richter Anna D\u00edj: h\u00faszmilli\u00f3 forintb\u00f3l val\u00f3sulhatnak meg az innovat\u00edv \u00f6tletek<\/title>\n<meta name=\"robots\" content=\"index, follow, max-snippet:-1, max-image-preview:large, max-video-preview:-1\" \/>\n<link rel=\"canonical\" href=\"https:\/\/dorogimedence.hu\/index.php\/2022\/02\/21\/richter-anna-dij-huszmillio-forintbol-valosulhatnak-meg-az-innovativ-otletek\/\" class=\"yoast-seo-meta-tag\" \/>\n<meta property=\"og:locale\" content=\"hu_HU\" class=\"yoast-seo-meta-tag\" \/>\n<meta property=\"og:type\" content=\"article\" class=\"yoast-seo-meta-tag\" \/>\n<meta property=\"og:title\" content=\"Richter Anna D\u00edj: h\u00faszmilli\u00f3 forintb\u00f3l val\u00f3sulhatnak meg az innovat\u00edv \u00f6tletek\" class=\"yoast-seo-meta-tag\" \/>\n<meta property=\"og:description\" content=\"\u00dajabb tizenk\u00e9t nagyszer\u0171 p\u00e1lyam\u0171vet ismerhet meg a nagyk\u00f6z\u00f6ns\u00e9g, 2022. m\u00e1rcius 13-ig a k\u00f6z\u00f6ns\u00e9gd\u00edj sorsa is a szavaz\u00f3k kez\u00e9ben van. A t\u00e9t nem kicsi, hiszen most d\u0151l el, hogy a kateg\u00f3ri\u00e1nk\u00e9nt egy, \u00f6sszesen n\u00e9gy zs\u0171rid\u00edj mellett melyik az \u00f6t\u00f6dik csapat, akik a d\u00edjjal j\u00e1r\u00f3 n\u00e9gymilli\u00f3 forintos \u00f6sszegb\u0151l megval\u00f3s\u00edthatj\u00e1k \u00e1lmukat.&nbsp; Negyedik alkalommal hirdette meg p\u00e1ly\u00e1zat\u00e1t a Richter\" class=\"yoast-seo-meta-tag\" \/>\n<meta property=\"og:url\" content=\"https:\/\/dorogimedence.hu\/index.php\/2022\/02\/21\/richter-anna-dij-huszmillio-forintbol-valosulhatnak-meg-az-innovativ-otletek\/\" class=\"yoast-seo-meta-tag\" \/>\n<meta property=\"og:site_name\" content=\"Dorogi-medence Region\u00e1lis H\u00edrport\u00e1l\" class=\"yoast-seo-meta-tag\" \/>\n<meta property=\"article:publisher\" content=\"https:\/\/www.facebook.com\/dorogimedence\/\" class=\"yoast-seo-meta-tag\" \/>\n<meta property=\"article:published_time\" content=\"2022-02-21T10:01:37+00:00\" class=\"yoast-seo-meta-tag\" \/>\n<meta property=\"article:modified_time\" content=\"2022-02-21T10:02:25+00:00\" class=\"yoast-seo-meta-tag\" \/>\n<meta property=\"og:image\" content=\"https:\/\/i0.wp.com\/dorogimedence.hu\/wp-content\/uploads\/2022\/02\/274031342_3050834008564922_2317579281010018855_n.jpg?fit=1640%2C924&ssl=1\" class=\"yoast-seo-meta-tag\" \/>\n\t<meta property=\"og:image:width\" content=\"1640\" class=\"yoast-seo-meta-tag\" \/>\n\t<meta property=\"og:image:height\" content=\"924\" class=\"yoast-seo-meta-tag\" \/>\n\t<meta property=\"og:image:type\" content=\"image\/jpeg\" class=\"yoast-seo-meta-tag\" \/>\n<meta name=\"author\" content=\"dorogimedence.hu\" class=\"yoast-seo-meta-tag\" \/>\n<meta name=\"twitter:card\" content=\"summary_large_image\" class=\"yoast-seo-meta-tag\" \/>\n<meta name=\"twitter:label1\" content=\"Szerz\u0151:\" class=\"yoast-seo-meta-tag\" \/>\n\t<meta name=\"twitter:data1\" content=\"dorogimedence.hu\" class=\"yoast-seo-meta-tag\" \/>\n\t<meta name=\"twitter:label2\" content=\"Becs\u00fclt olvas\u00e1si id\u0151\" class=\"yoast-seo-meta-tag\" \/>\n\t<meta name=\"twitter:data2\" content=\"10 perc\" class=\"yoast-seo-meta-tag\" \/>\n<script type=\"application\/ld+json\" class=\"yoast-schema-graph\">{\"@context\":\"https:\\\/\\\/schema.org\",\"@graph\":[{\"@type\":\"Article\",\"@id\":\"https:\\\/\\\/dorogimedence.hu\\\/index.php\\\/2022\\\/02\\\/21\\\/richter-anna-dij-huszmillio-forintbol-valosulhatnak-meg-az-innovativ-otletek\\\/#article\",\"isPartOf\":{\"@id\":\"https:\\\/\\\/dorogimedence.hu\\\/index.php\\\/2022\\\/02\\\/21\\\/richter-anna-dij-huszmillio-forintbol-valosulhatnak-meg-az-innovativ-otletek\\\/\"},\"author\":{\"name\":\"dorogimedence.hu\",\"@id\":\"https:\\\/\\\/dorogimedence.hu\\\/#\\\/schema\\\/person\\\/ce6091eeb7e95ecdc87890d6aa8e0fd4\"},\"headline\":\"Richter Anna D\u00edj: h\u00faszmilli\u00f3 forintb\u00f3l val\u00f3sulhatnak meg az innovat\u00edv \u00f6tletek\",\"datePublished\":\"2022-02-21T10:01:37+00:00\",\"dateModified\":\"2022-02-21T10:02:25+00:00\",\"mainEntityOfPage\":{\"@id\":\"https:\\\/\\\/dorogimedence.hu\\\/index.php\\\/2022\\\/02\\\/21\\\/richter-anna-dij-huszmillio-forintbol-valosulhatnak-meg-az-innovativ-otletek\\\/\"},\"wordCount\":2049,\"publisher\":{\"@id\":\"https:\\\/\\\/dorogimedence.hu\\\/#organization\"},\"image\":{\"@id\":\"https:\\\/\\\/dorogimedence.hu\\\/index.php\\\/2022\\\/02\\\/21\\\/richter-anna-dij-huszmillio-forintbol-valosulhatnak-meg-az-innovativ-otletek\\\/#primaryimage\"},\"thumbnailUrl\":\"https:\\\/\\\/dorogimedence.hu\\\/wp-content\\\/uploads\\\/2022\\\/02\\\/274031342_3050834008564922_2317579281010018855_n.jpg\",\"keywords\":[\"richter\",\"Richter Anna-d\u00edj\",\"Richter Gedeon Nyrt.\",\"szavaz\u00e1s\"],\"articleSection\":[\"H\u00edrek\"],\"inLanguage\":\"hu\"},{\"@type\":\"WebPage\",\"@id\":\"https:\\\/\\\/dorogimedence.hu\\\/index.php\\\/2022\\\/02\\\/21\\\/richter-anna-dij-huszmillio-forintbol-valosulhatnak-meg-az-innovativ-otletek\\\/\",\"url\":\"https:\\\/\\\/dorogimedence.hu\\\/index.php\\\/2022\\\/02\\\/21\\\/richter-anna-dij-huszmillio-forintbol-valosulhatnak-meg-az-innovativ-otletek\\\/\",\"name\":\"Richter Anna D\u00edj: h\u00faszmilli\u00f3 forintb\u00f3l val\u00f3sulhatnak meg az innovat\u00edv \u00f6tletek\",\"isPartOf\":{\"@id\":\"https:\\\/\\\/dorogimedence.hu\\\/#website\"},\"primaryImageOfPage\":{\"@id\":\"https:\\\/\\\/dorogimedence.hu\\\/index.php\\\/2022\\\/02\\\/21\\\/richter-anna-dij-huszmillio-forintbol-valosulhatnak-meg-az-innovativ-otletek\\\/#primaryimage\"},\"image\":{\"@id\":\"https:\\\/\\\/dorogimedence.hu\\\/index.php\\\/2022\\\/02\\\/21\\\/richter-anna-dij-huszmillio-forintbol-valosulhatnak-meg-az-innovativ-otletek\\\/#primaryimage\"},\"thumbnailUrl\":\"https:\\\/\\\/dorogimedence.hu\\\/wp-content\\\/uploads\\\/2022\\\/02\\\/274031342_3050834008564922_2317579281010018855_n.jpg\",\"datePublished\":\"2022-02-21T10:01:37+00:00\",\"dateModified\":\"2022-02-21T10:02:25+00:00\",\"breadcrumb\":{\"@id\":\"https:\\\/\\\/dorogimedence.hu\\\/index.php\\\/2022\\\/02\\\/21\\\/richter-anna-dij-huszmillio-forintbol-valosulhatnak-meg-az-innovativ-otletek\\\/#breadcrumb\"},\"inLanguage\":\"hu\",\"potentialAction\":[{\"@type\":\"ReadAction\",\"target\":[\"https:\\\/\\\/dorogimedence.hu\\\/index.php\\\/2022\\\/02\\\/21\\\/richter-anna-dij-huszmillio-forintbol-valosulhatnak-meg-az-innovativ-otletek\\\/\"]}]},{\"@type\":\"ImageObject\",\"inLanguage\":\"hu\",\"@id\":\"https:\\\/\\\/dorogimedence.hu\\\/index.php\\\/2022\\\/02\\\/21\\\/richter-anna-dij-huszmillio-forintbol-valosulhatnak-meg-az-innovativ-otletek\\\/#primaryimage\",\"url\":\"https:\\\/\\\/dorogimedence.hu\\\/wp-content\\\/uploads\\\/2022\\\/02\\\/274031342_3050834008564922_2317579281010018855_n.jpg\",\"contentUrl\":\"https:\\\/\\\/dorogimedence.hu\\\/wp-content\\\/uploads\\\/2022\\\/02\\\/274031342_3050834008564922_2317579281010018855_n.jpg\",\"width\":1640,\"height\":924},{\"@type\":\"BreadcrumbList\",\"@id\":\"https:\\\/\\\/dorogimedence.hu\\\/index.php\\\/2022\\\/02\\\/21\\\/richter-anna-dij-huszmillio-forintbol-valosulhatnak-meg-az-innovativ-otletek\\\/#breadcrumb\",\"itemListElement\":[{\"@type\":\"ListItem\",\"position\":1,\"name\":\"Kezd\u0151lap\",\"item\":\"https:\\\/\\\/dorogimedence.hu\\\/\"},{\"@type\":\"ListItem\",\"position\":2,\"name\":\"Richter Anna D\u00edj: h\u00faszmilli\u00f3 forintb\u00f3l val\u00f3sulhatnak meg az innovat\u00edv \u00f6tletek\"}]},{\"@type\":\"WebSite\",\"@id\":\"https:\\\/\\\/dorogimedence.hu\\\/#website\",\"url\":\"https:\\\/\\\/dorogimedence.hu\\\/\",\"name\":\"Dorogi-medence Region\u00e1lis H\u00edrport\u00e1l\",\"description\":\"Dorog, Keszt\u00f6lc, Le\u00e1nyv\u00e1r, Piliscs\u00e9v, Tokod, Tokodalt\u00e1r\u00f3, Csolnok, Esztergom-kertv\u00e1ros: h\u00edrek, programok\",\"publisher\":{\"@id\":\"https:\\\/\\\/dorogimedence.hu\\\/#organization\"},\"potentialAction\":[{\"@type\":\"SearchAction\",\"target\":{\"@type\":\"EntryPoint\",\"urlTemplate\":\"https:\\\/\\\/dorogimedence.hu\\\/?s={search_term_string}\"},\"query-input\":{\"@type\":\"PropertyValueSpecification\",\"valueRequired\":true,\"valueName\":\"search_term_string\"}}],\"inLanguage\":\"hu\"},{\"@type\":\"Organization\",\"@id\":\"https:\\\/\\\/dorogimedence.hu\\\/#organization\",\"name\":\"Dorogi-medence Region\u00e1lis H\u00edrport\u00e1l\",\"url\":\"https:\\\/\\\/dorogimedence.hu\\\/\",\"logo\":{\"@type\":\"ImageObject\",\"inLanguage\":\"hu\",\"@id\":\"https:\\\/\\\/dorogimedence.hu\\\/#\\\/schema\\\/logo\\\/image\\\/\",\"url\":\"https:\\\/\\\/dorogimedence.hu\\\/wp-content\\\/uploads\\\/2021\\\/04\\\/logo-feher-600.png\",\"contentUrl\":\"https:\\\/\\\/dorogimedence.hu\\\/wp-content\\\/uploads\\\/2021\\\/04\\\/logo-feher-600.png\",\"width\":600,\"height\":100,\"caption\":\"Dorogi-medence Region\u00e1lis H\u00edrport\u00e1l\"},\"image\":{\"@id\":\"https:\\\/\\\/dorogimedence.hu\\\/#\\\/schema\\\/logo\\\/image\\\/\"},\"sameAs\":[\"https:\\\/\\\/www.facebook.com\\\/dorogimedence\\\/\"]},{\"@type\":\"Person\",\"@id\":\"https:\\\/\\\/dorogimedence.hu\\\/#\\\/schema\\\/person\\\/ce6091eeb7e95ecdc87890d6aa8e0fd4\",\"name\":\"dorogimedence.hu\",\"image\":{\"@type\":\"ImageObject\",\"inLanguage\":\"hu\",\"@id\":\"\\\/\\\/www.gravatar.com\\\/avatar\\\/d8d45f8901aadff40a4af72c0b826f1d?s=96&#038;r=g&#038;d=mm\",\"url\":\"\\\/\\\/www.gravatar.com\\\/avatar\\\/d8d45f8901aadff40a4af72c0b826f1d?s=96&#038;r=g&#038;d=mm\",\"contentUrl\":\"\\\/\\\/www.gravatar.com\\\/avatar\\\/d8d45f8901aadff40a4af72c0b826f1d?s=96&#038;r=g&#038;d=mm\",\"caption\":\"dorogimedence.hu\"}}]}<\/script>\n<!-- \/ Yoast SEO plugin. -->","yoast_head_json":{"title":"Richter Anna D\u00edj: h\u00faszmilli\u00f3 forintb\u00f3l val\u00f3sulhatnak meg az innovat\u00edv \u00f6tletek","robots":{"index":"index","follow":"follow","max-snippet":"max-snippet:-1","max-image-preview":"max-image-preview:large","max-video-preview":"max-video-preview:-1"},"canonical":"https:\/\/dorogimedence.hu\/index.php\/2022\/02\/21\/richter-anna-dij-huszmillio-forintbol-valosulhatnak-meg-az-innovativ-otletek\/","og_locale":"hu_HU","og_type":"article","og_title":"Richter Anna D\u00edj: h\u00faszmilli\u00f3 forintb\u00f3l val\u00f3sulhatnak meg az innovat\u00edv \u00f6tletek","og_description":"\u00dajabb tizenk\u00e9t nagyszer\u0171 p\u00e1lyam\u0171vet ismerhet meg a nagyk\u00f6z\u00f6ns\u00e9g, 2022. m\u00e1rcius 13-ig a k\u00f6z\u00f6ns\u00e9gd\u00edj sorsa is a szavaz\u00f3k kez\u00e9ben van. A t\u00e9t nem kicsi, hiszen most d\u0151l el, hogy a kateg\u00f3ri\u00e1nk\u00e9nt egy, \u00f6sszesen n\u00e9gy zs\u0171rid\u00edj mellett melyik az \u00f6t\u00f6dik csapat, akik a d\u00edjjal j\u00e1r\u00f3 n\u00e9gymilli\u00f3 forintos \u00f6sszegb\u0151l megval\u00f3s\u00edthatj\u00e1k \u00e1lmukat.&nbsp; Negyedik alkalommal hirdette meg p\u00e1ly\u00e1zat\u00e1t a Richter","og_url":"https:\/\/dorogimedence.hu\/index.php\/2022\/02\/21\/richter-anna-dij-huszmillio-forintbol-valosulhatnak-meg-az-innovativ-otletek\/","og_site_name":"Dorogi-medence Region\u00e1lis H\u00edrport\u00e1l","article_publisher":"https:\/\/www.facebook.com\/dorogimedence\/","article_published_time":"2022-02-21T10:01:37+00:00","article_modified_time":"2022-02-21T10:02:25+00:00","og_image":[{"width":1640,"height":924,"url":"https:\/\/i0.wp.com\/dorogimedence.hu\/wp-content\/uploads\/2022\/02\/274031342_3050834008564922_2317579281010018855_n.jpg?fit=1640%2C924&ssl=1","type":"image\/jpeg"}],"author":"dorogimedence.hu","twitter_card":"summary_large_image","twitter_misc":{"Szerz\u0151:":"dorogimedence.hu","Becs\u00fclt olvas\u00e1si id\u0151":"10 perc"},"schema":{"@context":"https:\/\/schema.org","@graph":[{"@type":"Article","@id":"https:\/\/dorogimedence.hu\/index.php\/2022\/02\/21\/richter-anna-dij-huszmillio-forintbol-valosulhatnak-meg-az-innovativ-otletek\/#article","isPartOf":{"@id":"https:\/\/dorogimedence.hu\/index.php\/2022\/02\/21\/richter-anna-dij-huszmillio-forintbol-valosulhatnak-meg-az-innovativ-otletek\/"},"author":{"name":"dorogimedence.hu","@id":"https:\/\/dorogimedence.hu\/#\/schema\/person\/ce6091eeb7e95ecdc87890d6aa8e0fd4"},"headline":"Richter Anna D\u00edj: h\u00faszmilli\u00f3 forintb\u00f3l val\u00f3sulhatnak meg az innovat\u00edv \u00f6tletek","datePublished":"2022-02-21T10:01:37+00:00","dateModified":"2022-02-21T10:02:25+00:00","mainEntityOfPage":{"@id":"https:\/\/dorogimedence.hu\/index.php\/2022\/02\/21\/richter-anna-dij-huszmillio-forintbol-valosulhatnak-meg-az-innovativ-otletek\/"},"wordCount":2049,"publisher":{"@id":"https:\/\/dorogimedence.hu\/#organization"},"image":{"@id":"https:\/\/dorogimedence.hu\/index.php\/2022\/02\/21\/richter-anna-dij-huszmillio-forintbol-valosulhatnak-meg-az-innovativ-otletek\/#primaryimage"},"thumbnailUrl":"https:\/\/dorogimedence.hu\/wp-content\/uploads\/2022\/02\/274031342_3050834008564922_2317579281010018855_n.jpg","keywords":["richter","Richter Anna-d\u00edj","Richter Gedeon Nyrt.","szavaz\u00e1s"],"articleSection":["H\u00edrek"],"inLanguage":"hu"},{"@type":"WebPage","@id":"https:\/\/dorogimedence.hu\/index.php\/2022\/02\/21\/richter-anna-dij-huszmillio-forintbol-valosulhatnak-meg-az-innovativ-otletek\/","url":"https:\/\/dorogimedence.hu\/index.php\/2022\/02\/21\/richter-anna-dij-huszmillio-forintbol-valosulhatnak-meg-az-innovativ-otletek\/","name":"Richter Anna D\u00edj: h\u00faszmilli\u00f3 forintb\u00f3l val\u00f3sulhatnak meg az innovat\u00edv \u00f6tletek","isPartOf":{"@id":"https:\/\/dorogimedence.hu\/#website"},"primaryImageOfPage":{"@id":"https:\/\/dorogimedence.hu\/index.php\/2022\/02\/21\/richter-anna-dij-huszmillio-forintbol-valosulhatnak-meg-az-innovativ-otletek\/#primaryimage"},"image":{"@id":"https:\/\/dorogimedence.hu\/index.php\/2022\/02\/21\/richter-anna-dij-huszmillio-forintbol-valosulhatnak-meg-az-innovativ-otletek\/#primaryimage"},"thumbnailUrl":"https:\/\/dorogimedence.hu\/wp-content\/uploads\/2022\/02\/274031342_3050834008564922_2317579281010018855_n.jpg","datePublished":"2022-02-21T10:01:37+00:00","dateModified":"2022-02-21T10:02:25+00:00","breadcrumb":{"@id":"https:\/\/dorogimedence.hu\/index.php\/2022\/02\/21\/richter-anna-dij-huszmillio-forintbol-valosulhatnak-meg-az-innovativ-otletek\/#breadcrumb"},"inLanguage":"hu","potentialAction":[{"@type":"ReadAction","target":["https:\/\/dorogimedence.hu\/index.php\/2022\/02\/21\/richter-anna-dij-huszmillio-forintbol-valosulhatnak-meg-az-innovativ-otletek\/"]}]},{"@type":"ImageObject","inLanguage":"hu","@id":"https:\/\/dorogimedence.hu\/index.php\/2022\/02\/21\/richter-anna-dij-huszmillio-forintbol-valosulhatnak-meg-az-innovativ-otletek\/#primaryimage","url":"https:\/\/dorogimedence.hu\/wp-content\/uploads\/2022\/02\/274031342_3050834008564922_2317579281010018855_n.jpg","contentUrl":"https:\/\/dorogimedence.hu\/wp-content\/uploads\/2022\/02\/274031342_3050834008564922_2317579281010018855_n.jpg","width":1640,"height":924},{"@type":"BreadcrumbList","@id":"https:\/\/dorogimedence.hu\/index.php\/2022\/02\/21\/richter-anna-dij-huszmillio-forintbol-valosulhatnak-meg-az-innovativ-otletek\/#breadcrumb","itemListElement":[{"@type":"ListItem","position":1,"name":"Kezd\u0151lap","item":"https:\/\/dorogimedence.hu\/"},{"@type":"ListItem","position":2,"name":"Richter Anna D\u00edj: h\u00faszmilli\u00f3 forintb\u00f3l val\u00f3sulhatnak meg az innovat\u00edv \u00f6tletek"}]},{"@type":"WebSite","@id":"https:\/\/dorogimedence.hu\/#website","url":"https:\/\/dorogimedence.hu\/","name":"Dorogi-medence Region\u00e1lis H\u00edrport\u00e1l","description":"Dorog, Keszt\u00f6lc, Le\u00e1nyv\u00e1r, Piliscs\u00e9v, Tokod, Tokodalt\u00e1r\u00f3, Csolnok, Esztergom-kertv\u00e1ros: h\u00edrek, programok","publisher":{"@id":"https:\/\/dorogimedence.hu\/#organization"},"potentialAction":[{"@type":"SearchAction","target":{"@type":"EntryPoint","urlTemplate":"https:\/\/dorogimedence.hu\/?s={search_term_string}"},"query-input":{"@type":"PropertyValueSpecification","valueRequired":true,"valueName":"search_term_string"}}],"inLanguage":"hu"},{"@type":"Organization","@id":"https:\/\/dorogimedence.hu\/#organization","name":"Dorogi-medence Region\u00e1lis H\u00edrport\u00e1l","url":"https:\/\/dorogimedence.hu\/","logo":{"@type":"ImageObject","inLanguage":"hu","@id":"https:\/\/dorogimedence.hu\/#\/schema\/logo\/image\/","url":"https:\/\/dorogimedence.hu\/wp-content\/uploads\/2021\/04\/logo-feher-600.png","contentUrl":"https:\/\/dorogimedence.hu\/wp-content\/uploads\/2021\/04\/logo-feher-600.png","width":600,"height":100,"caption":"Dorogi-medence Region\u00e1lis H\u00edrport\u00e1l"},"image":{"@id":"https:\/\/dorogimedence.hu\/#\/schema\/logo\/image\/"},"sameAs":["https:\/\/www.facebook.com\/dorogimedence\/"]},{"@type":"Person","@id":"https:\/\/dorogimedence.hu\/#\/schema\/person\/ce6091eeb7e95ecdc87890d6aa8e0fd4","name":"dorogimedence.hu","image":{"@type":"ImageObject","inLanguage":"hu","@id":"\/\/www.gravatar.com\/avatar\/d8d45f8901aadff40a4af72c0b826f1d?s=96&#038;r=g&#038;d=mm","url":"\/\/www.gravatar.com\/avatar\/d8d45f8901aadff40a4af72c0b826f1d?s=96&#038;r=g&#038;d=mm","contentUrl":"\/\/www.gravatar.com\/avatar\/d8d45f8901aadff40a4af72c0b826f1d?s=96&#038;r=g&#038;d=mm","caption":"dorogimedence.hu"}}]}},"_links":{"self":[{"href":"https:\/\/dorogimedence.hu\/index.php\/wp-json\/wp\/v2\/posts\/40623","targetHints":{"allow":["GET"]}}],"collection":[{"href":"https:\/\/dorogimedence.hu\/index.php\/wp-json\/wp\/v2\/posts"}],"about":[{"href":"https:\/\/dorogimedence.hu\/index.php\/wp-json\/wp\/v2\/types\/post"}],"author":[{"embeddable":true,"href":"https:\/\/dorogimedence.hu\/index.php\/wp-json\/wp\/v2\/users\/1"}],"replies":[{"embeddable":true,"href":"https:\/\/dorogimedence.hu\/index.php\/wp-json\/wp\/v2\/comments?post=40623"}],"version-history":[{"count":0,"href":"https:\/\/dorogimedence.hu\/index.php\/wp-json\/wp\/v2\/posts\/40623\/revisions"}],"wp:featuredmedia":[{"embeddable":true,"href":"https:\/\/dorogimedence.hu\/index.php\/wp-json\/wp\/v2\/media\/40624"}],"wp:attachment":[{"href":"https:\/\/dorogimedence.hu\/index.php\/wp-json\/wp\/v2\/media?parent=40623"}],"wp:term":[{"taxonomy":"category","embeddable":true,"href":"https:\/\/dorogimedence.hu\/index.php\/wp-json\/wp\/v2\/categories?post=40623"},{"taxonomy":"post_tag","embeddable":true,"href":"https:\/\/dorogimedence.hu\/index.php\/wp-json\/wp\/v2\/tags?post=40623"}],"curies":[{"name":"wp","href":"https:\/\/api.w.org\/{rel}","templated":true}]}}