{"id":40564,"date":"2022-02-17T14:06:45","date_gmt":"2022-02-17T13:06:45","guid":{"rendered":"https:\/\/dorogimedence.hu\/?p=40564"},"modified":"2022-02-17T14:07:33","modified_gmt":"2022-02-17T13:07:33","slug":"nem-megszunik-a-dorogi-sportmuzeum-hanem-megujul","status":"publish","type":"post","link":"https:\/\/dorogimedence.hu\/index.php\/2022\/02\/17\/nem-megszunik-a-dorogi-sportmuzeum-hanem-megujul\/","title":{"rendered":"Nem megsz\u0171nik a Dorogi Sportm\u00fazeum, hanem meg\u00fajul!"},"content":{"rendered":"<p><strong>Febru\u00e1r 17-\u00e9n egy k\u00f6z\u00f6ss\u00e9gi oldal val\u00f3tlanul \u00e1ll\u00edtotta azt a h\u00edrt, miszerint a Dorogi Sportm\u00fazeum megsz\u0171nik. Megkerest\u00fck Szek\u00e9r Zolt\u00e1nt, Dorog V\u00e1ros Egyes\u00edtett Sportint\u00e9zm\u00e9ny\u00e9nek vezet\u0151j\u00e9t a h\u00edrrel kapcsolatban, aki c\u00e1folta azt.<\/strong><\/p>\n<p>Szek\u00e9r Zolt\u00e1n egy k\u00f6zlem\u00e9nyt k\u00fcld\u00f6tt, melyet v\u00e1ltozatlanul k\u00f6zl\u00fcnk:<\/p>\n<p><em>\u201eKedves Sportbar\u00e1tok!<\/em><\/p>\n<p><em>Az elm\u00falt napokban megjelent, V\u00e1rosi Sportm\u00fazeumot \u00e9rint\u0151 h\u00edresztel\u00e9sekkel kapcsolatban, rendhagy\u00f3 m\u00f3don, k\u00f6zlem\u00e9nyben foglalom \u00f6ssze a t\u00e9nyeket:<\/em><\/p>\n<ol>\n<li><em> t\u00e9ny: a Dorogi Sportm\u00fazeum nem sz\u0171nik meg.<\/em><\/li>\n<li><em> t\u00e9ny: A ki\u00e1ll\u00edt\u00e1snak helyet ad\u00f3 helyis\u00e9gek rendk\u00edv\u00fcl leromlott \u00e1llapot\u00faak. <\/em><\/li>\n<li><em> t\u00e9ny: Az elm\u00falt 8 \u00e9vben, a m\u00fazeumot egy\u00e9ni l\u00e1togat\u00f3k\u00e9nt felkeres\u0151k sz\u00e1ma 5 f\u0151 alatt volt. A helyis\u00e9get els\u0151sorban sportk\u00f6z\u00f6ss\u00e9gek haszn\u00e1lt\u00e1k klubhelyis\u00e9g jelleggel, \u00e9s erre a funkci\u00f3ra magas ig\u00e9ny mutatkozik a j\u00f6v\u0151ben is. <\/em><\/li>\n<\/ol>\n<p><em>Mindennek \u00e9rdek\u00e9ben, \u00e9s a fenti t\u00e9nyeket figyelembev\u00e9ve a helyis\u00e9gek rendbet\u00e9tele v\u00e1rosi \u00e9s k\u00f6z\u00f6ss\u00e9gi \u00e9rdek. A helyis\u00e9g fel\u00faj\u00edt\u00e1s\u00e1hoz elengedhetetlen, hogy a relikvi\u00e1kat katal\u00f3giz\u00e1lva, fot\u00f3dokument\u00e1lva \u00f6sszegy\u0171jts\u00fck.<\/em><\/p>\n<ol start=\"4\">\n<li><em> t\u00e9ny: A fel\u00faj\u00edt\u00e1s gondolat\u00e1nak els\u0151 pillanat\u00e1t\u00f3l bevontuk a Dorogi FC \u00e9s a gy\u0171jtem\u00e9ny civil k\u00f6z\u00f6ss\u00e9gi felel\u0151s\u00e9t az elk\u00e9pzel\u00e9sbe. <\/em><\/li>\n<li><em> t\u00e9ny: A fel\u00faj\u00edt\u00e1st k\u00f6vet\u0151en a gy\u0171jtem\u00e9ny egy jelent\u0151s r\u00e9sze \u00e1tgondolt szakmai strukt\u00far\u00e1val, a mai kor szellem\u00e9ben, \u00e9s a funkci\u00f3k figyelembev\u00e9tel\u00e9vel visszaker\u00fcl a helyis\u00e9gekbe.<\/em><\/li>\n<\/ol>\n<p><em>Minden tov\u00e1bbi ezzel kapcsolatos megjelen\u0151 negat\u00edv sz\u00f3besz\u00e9d a fenti t\u00e9nyeket figyelmen k\u00edv\u00fcl hagyja, \u00e9s \u00f6n\u00e1ll\u00f3 gondolaton vagy v\u00e9lem\u00e9nyen alapszik.<\/em><\/p>\n<p><em>A meg\u00fajul\u00e1st k\u00f6vet\u0151en a nagyk\u00f6z\u00f6ns\u00e9g sz\u00e1m\u00e1ra is ism\u00e9t l\u00e1togathat\u00f3v\u00e1 szeretn\u00e9nk tenni a helysz\u00ednt. <\/em><\/p>\n<p><em>Szek\u00e9r Zolt\u00e1n<br \/>\nint\u00e9zm\u00e9nyvezet\u0151<br \/>\nDorog V\u00e1ros Egyes\u00edtett Sportint\u00e9zm\u00e9nye\u201d<\/em><\/p>\n<p><img fetchpriority=\"high\" decoding=\"async\" class=\"alignnone size-large wp-image-40566\" src=\"https:\/\/dorogimedence.hu\/wp-content\/uploads\/2022\/02\/274068823_2736364290000163_2385411696153281507_n-1024x768.jpg\" alt=\"\" width=\"755\" height=\"566\" srcset=\"https:\/\/dorogimedence.hu\/wp-content\/uploads\/2022\/02\/274068823_2736364290000163_2385411696153281507_n-1024x768.jpg 1024w, https:\/\/dorogimedence.hu\/wp-content\/uploads\/2022\/02\/274068823_2736364290000163_2385411696153281507_n-300x225.jpg 300w, https:\/\/dorogimedence.hu\/wp-content\/uploads\/2022\/02\/274068823_2736364290000163_2385411696153281507_n-768x576.jpg 768w, https:\/\/dorogimedence.hu\/wp-content\/uploads\/2022\/02\/274068823_2736364290000163_2385411696153281507_n-1536x1152.jpg 1536w, https:\/\/dorogimedence.hu\/wp-content\/uploads\/2022\/02\/274068823_2736364290000163_2385411696153281507_n-150x113.jpg 150w, https:\/\/dorogimedence.hu\/wp-content\/uploads\/2022\/02\/274068823_2736364290000163_2385411696153281507_n-450x338.jpg 450w, https:\/\/dorogimedence.hu\/wp-content\/uploads\/2022\/02\/274068823_2736364290000163_2385411696153281507_n-1200x900.jpg 1200w, https:\/\/dorogimedence.hu\/wp-content\/uploads\/2022\/02\/274068823_2736364290000163_2385411696153281507_n.jpg 2000w\" sizes=\"(max-width: 755px) 100vw, 755px\" \/><\/p>\n","protected":false},"excerpt":{"rendered":"<p>Febru\u00e1r 17-\u00e9n egy k\u00f6z\u00f6ss\u00e9gi oldal val\u00f3tlanul \u00e1ll\u00edtotta azt a h\u00edrt, miszerint a Dorogi Sportm\u00fazeum megsz\u0171nik. Megkerest\u00fck Szek\u00e9r Zolt\u00e1nt, Dorog V\u00e1ros Egyes\u00edtett Sportint\u00e9zm\u00e9ny\u00e9nek vezet\u0151j\u00e9t a h\u00edrrel kapcsolatban, aki c\u00e1folta azt. Szek\u00e9r Zolt\u00e1n egy k\u00f6zlem\u00e9nyt k\u00fcld\u00f6tt, melyet v\u00e1ltozatlanul k\u00f6zl\u00fcnk: \u201eKedves Sportbar\u00e1tok! Az elm\u00falt napokban megjelent, V\u00e1rosi Sportm\u00fazeumot \u00e9rint\u0151 h\u00edresztel\u00e9sekkel kapcsolatban, rendhagy\u00f3 m\u00f3don, k\u00f6zlem\u00e9nyben foglalom \u00f6ssze a t\u00e9nyeket:<\/p>\n","protected":false},"author":1,"featured_media":40565,"comment_status":"closed","ping_status":"closed","sticky":false,"template":"","format":"standard","meta":{"ngg_post_thumbnail":0,"footnotes":""},"categories":[2,3],"tags":[15,6291,5624,464,16],"class_list":{"0":"post-40564","1":"post","2":"type-post","3":"status-publish","4":"format-standard","5":"has-post-thumbnail","7":"category-dorog","8":"category-hirek","9":"tag-dorog","10":"tag-dorogi-sportmuzeum","11":"tag-featured","12":"tag-felujitas","13":"tag-sport"},"yoast_head":"<!-- This site is optimized with the Yoast SEO plugin v27.4 - https:\/\/yoast.com\/product\/yoast-seo-wordpress\/ -->\n<title>Nem megsz\u0171nik a Dorogi Sportm\u00fazeum, hanem meg\u00fajul!<\/title>\n<meta name=\"robots\" content=\"index, follow, max-snippet:-1, max-image-preview:large, max-video-preview:-1\" \/>\n<link rel=\"canonical\" href=\"https:\/\/dorogimedence.hu\/index.php\/2022\/02\/17\/nem-megszunik-a-dorogi-sportmuzeum-hanem-megujul\/\" class=\"yoast-seo-meta-tag\" \/>\n<meta property=\"og:locale\" content=\"hu_HU\" class=\"yoast-seo-meta-tag\" \/>\n<meta property=\"og:type\" content=\"article\" class=\"yoast-seo-meta-tag\" \/>\n<meta property=\"og:title\" content=\"Nem megsz\u0171nik a Dorogi Sportm\u00fazeum, hanem meg\u00fajul!\" class=\"yoast-seo-meta-tag\" \/>\n<meta property=\"og:description\" content=\"Febru\u00e1r 17-\u00e9n egy k\u00f6z\u00f6ss\u00e9gi oldal val\u00f3tlanul \u00e1ll\u00edtotta azt a h\u00edrt, miszerint a Dorogi Sportm\u00fazeum megsz\u0171nik. Megkerest\u00fck Szek\u00e9r Zolt\u00e1nt, Dorog V\u00e1ros Egyes\u00edtett Sportint\u00e9zm\u00e9ny\u00e9nek vezet\u0151j\u00e9t a h\u00edrrel kapcsolatban, aki c\u00e1folta azt. Szek\u00e9r Zolt\u00e1n egy k\u00f6zlem\u00e9nyt k\u00fcld\u00f6tt, melyet v\u00e1ltozatlanul k\u00f6zl\u00fcnk: \u201eKedves Sportbar\u00e1tok! Az elm\u00falt napokban megjelent, V\u00e1rosi Sportm\u00fazeumot \u00e9rint\u0151 h\u00edresztel\u00e9sekkel kapcsolatban, rendhagy\u00f3 m\u00f3don, k\u00f6zlem\u00e9nyben foglalom \u00f6ssze a t\u00e9nyeket:\" class=\"yoast-seo-meta-tag\" \/>\n<meta property=\"og:url\" content=\"https:\/\/dorogimedence.hu\/index.php\/2022\/02\/17\/nem-megszunik-a-dorogi-sportmuzeum-hanem-megujul\/\" class=\"yoast-seo-meta-tag\" \/>\n<meta property=\"og:site_name\" content=\"Dorogi-medence Region\u00e1lis H\u00edrport\u00e1l\" class=\"yoast-seo-meta-tag\" \/>\n<meta property=\"article:publisher\" content=\"https:\/\/www.facebook.com\/dorogimedence\/\" class=\"yoast-seo-meta-tag\" \/>\n<meta property=\"article:published_time\" content=\"2022-02-17T13:06:45+00:00\" class=\"yoast-seo-meta-tag\" \/>\n<meta property=\"article:modified_time\" content=\"2022-02-17T13:07:33+00:00\" class=\"yoast-seo-meta-tag\" \/>\n<meta property=\"og:image\" content=\"https:\/\/i0.wp.com\/dorogimedence.hu\/wp-content\/uploads\/2022\/02\/dorogi-sportmuzeum.jpg?fit=1920%2C1173&ssl=1\" class=\"yoast-seo-meta-tag\" \/>\n\t<meta property=\"og:image:width\" content=\"1920\" class=\"yoast-seo-meta-tag\" \/>\n\t<meta property=\"og:image:height\" content=\"1173\" class=\"yoast-seo-meta-tag\" \/>\n\t<meta property=\"og:image:type\" content=\"image\/jpeg\" class=\"yoast-seo-meta-tag\" \/>\n<meta name=\"author\" content=\"dorogimedence.hu\" class=\"yoast-seo-meta-tag\" \/>\n<meta name=\"twitter:card\" content=\"summary_large_image\" class=\"yoast-seo-meta-tag\" \/>\n<meta name=\"twitter:label1\" content=\"Szerz\u0151:\" class=\"yoast-seo-meta-tag\" \/>\n\t<meta name=\"twitter:data1\" content=\"dorogimedence.hu\" class=\"yoast-seo-meta-tag\" \/>\n\t<meta name=\"twitter:label2\" content=\"Becs\u00fclt olvas\u00e1si id\u0151\" class=\"yoast-seo-meta-tag\" \/>\n\t<meta name=\"twitter:data2\" content=\"2 perc\" class=\"yoast-seo-meta-tag\" \/>\n<script type=\"application\/ld+json\" class=\"yoast-schema-graph\">{\"@context\":\"https:\\\/\\\/schema.org\",\"@graph\":[{\"@type\":\"Article\",\"@id\":\"https:\\\/\\\/dorogimedence.hu\\\/index.php\\\/2022\\\/02\\\/17\\\/nem-megszunik-a-dorogi-sportmuzeum-hanem-megujul\\\/#article\",\"isPartOf\":{\"@id\":\"https:\\\/\\\/dorogimedence.hu\\\/index.php\\\/2022\\\/02\\\/17\\\/nem-megszunik-a-dorogi-sportmuzeum-hanem-megujul\\\/\"},\"author\":{\"name\":\"dorogimedence.hu\",\"@id\":\"https:\\\/\\\/dorogimedence.hu\\\/#\\\/schema\\\/person\\\/ce6091eeb7e95ecdc87890d6aa8e0fd4\"},\"headline\":\"Nem megsz\u0171nik a Dorogi Sportm\u00fazeum, hanem meg\u00fajul!\",\"datePublished\":\"2022-02-17T13:06:45+00:00\",\"dateModified\":\"2022-02-17T13:07:33+00:00\",\"mainEntityOfPage\":{\"@id\":\"https:\\\/\\\/dorogimedence.hu\\\/index.php\\\/2022\\\/02\\\/17\\\/nem-megszunik-a-dorogi-sportmuzeum-hanem-megujul\\\/\"},\"wordCount\":375,\"publisher\":{\"@id\":\"https:\\\/\\\/dorogimedence.hu\\\/#organization\"},\"image\":{\"@id\":\"https:\\\/\\\/dorogimedence.hu\\\/index.php\\\/2022\\\/02\\\/17\\\/nem-megszunik-a-dorogi-sportmuzeum-hanem-megujul\\\/#primaryimage\"},\"thumbnailUrl\":\"https:\\\/\\\/dorogimedence.hu\\\/wp-content\\\/uploads\\\/2022\\\/02\\\/dorogi-sportmuzeum.jpg\",\"keywords\":[\"Dorog\",\"Dorogi Sportm\u00fazeum\",\"featured\",\"fel\u00faj\u00edt\u00e1s\",\"sport\"],\"articleSection\":[\"Dorog\",\"H\u00edrek\"],\"inLanguage\":\"hu\"},{\"@type\":\"WebPage\",\"@id\":\"https:\\\/\\\/dorogimedence.hu\\\/index.php\\\/2022\\\/02\\\/17\\\/nem-megszunik-a-dorogi-sportmuzeum-hanem-megujul\\\/\",\"url\":\"https:\\\/\\\/dorogimedence.hu\\\/index.php\\\/2022\\\/02\\\/17\\\/nem-megszunik-a-dorogi-sportmuzeum-hanem-megujul\\\/\",\"name\":\"Nem megsz\u0171nik a Dorogi Sportm\u00fazeum, hanem meg\u00fajul!\",\"isPartOf\":{\"@id\":\"https:\\\/\\\/dorogimedence.hu\\\/#website\"},\"primaryImageOfPage\":{\"@id\":\"https:\\\/\\\/dorogimedence.hu\\\/index.php\\\/2022\\\/02\\\/17\\\/nem-megszunik-a-dorogi-sportmuzeum-hanem-megujul\\\/#primaryimage\"},\"image\":{\"@id\":\"https:\\\/\\\/dorogimedence.hu\\\/index.php\\\/2022\\\/02\\\/17\\\/nem-megszunik-a-dorogi-sportmuzeum-hanem-megujul\\\/#primaryimage\"},\"thumbnailUrl\":\"https:\\\/\\\/dorogimedence.hu\\\/wp-content\\\/uploads\\\/2022\\\/02\\\/dorogi-sportmuzeum.jpg\",\"datePublished\":\"2022-02-17T13:06:45+00:00\",\"dateModified\":\"2022-02-17T13:07:33+00:00\",\"breadcrumb\":{\"@id\":\"https:\\\/\\\/dorogimedence.hu\\\/index.php\\\/2022\\\/02\\\/17\\\/nem-megszunik-a-dorogi-sportmuzeum-hanem-megujul\\\/#breadcrumb\"},\"inLanguage\":\"hu\",\"potentialAction\":[{\"@type\":\"ReadAction\",\"target\":[\"https:\\\/\\\/dorogimedence.hu\\\/index.php\\\/2022\\\/02\\\/17\\\/nem-megszunik-a-dorogi-sportmuzeum-hanem-megujul\\\/\"]}]},{\"@type\":\"ImageObject\",\"inLanguage\":\"hu\",\"@id\":\"https:\\\/\\\/dorogimedence.hu\\\/index.php\\\/2022\\\/02\\\/17\\\/nem-megszunik-a-dorogi-sportmuzeum-hanem-megujul\\\/#primaryimage\",\"url\":\"https:\\\/\\\/dorogimedence.hu\\\/wp-content\\\/uploads\\\/2022\\\/02\\\/dorogi-sportmuzeum.jpg\",\"contentUrl\":\"https:\\\/\\\/dorogimedence.hu\\\/wp-content\\\/uploads\\\/2022\\\/02\\\/dorogi-sportmuzeum.jpg\",\"width\":1920,\"height\":1173},{\"@type\":\"BreadcrumbList\",\"@id\":\"https:\\\/\\\/dorogimedence.hu\\\/index.php\\\/2022\\\/02\\\/17\\\/nem-megszunik-a-dorogi-sportmuzeum-hanem-megujul\\\/#breadcrumb\",\"itemListElement\":[{\"@type\":\"ListItem\",\"position\":1,\"name\":\"Kezd\u0151lap\",\"item\":\"https:\\\/\\\/dorogimedence.hu\\\/\"},{\"@type\":\"ListItem\",\"position\":2,\"name\":\"Nem megsz\u0171nik a Dorogi Sportm\u00fazeum, hanem meg\u00fajul!\"}]},{\"@type\":\"WebSite\",\"@id\":\"https:\\\/\\\/dorogimedence.hu\\\/#website\",\"url\":\"https:\\\/\\\/dorogimedence.hu\\\/\",\"name\":\"Dorogi-medence Region\u00e1lis H\u00edrport\u00e1l\",\"description\":\"Dorog, Keszt\u00f6lc, Le\u00e1nyv\u00e1r, Piliscs\u00e9v, Tokod, Tokodalt\u00e1r\u00f3, Csolnok, Esztergom-kertv\u00e1ros: h\u00edrek, programok\",\"publisher\":{\"@id\":\"https:\\\/\\\/dorogimedence.hu\\\/#organization\"},\"potentialAction\":[{\"@type\":\"SearchAction\",\"target\":{\"@type\":\"EntryPoint\",\"urlTemplate\":\"https:\\\/\\\/dorogimedence.hu\\\/?s={search_term_string}\"},\"query-input\":{\"@type\":\"PropertyValueSpecification\",\"valueRequired\":true,\"valueName\":\"search_term_string\"}}],\"inLanguage\":\"hu\"},{\"@type\":\"Organization\",\"@id\":\"https:\\\/\\\/dorogimedence.hu\\\/#organization\",\"name\":\"Dorogi-medence Region\u00e1lis H\u00edrport\u00e1l\",\"url\":\"https:\\\/\\\/dorogimedence.hu\\\/\",\"logo\":{\"@type\":\"ImageObject\",\"inLanguage\":\"hu\",\"@id\":\"https:\\\/\\\/dorogimedence.hu\\\/#\\\/schema\\\/logo\\\/image\\\/\",\"url\":\"https:\\\/\\\/dorogimedence.hu\\\/wp-content\\\/uploads\\\/2021\\\/04\\\/logo-feher-600.png\",\"contentUrl\":\"https:\\\/\\\/dorogimedence.hu\\\/wp-content\\\/uploads\\\/2021\\\/04\\\/logo-feher-600.png\",\"width\":600,\"height\":100,\"caption\":\"Dorogi-medence Region\u00e1lis H\u00edrport\u00e1l\"},\"image\":{\"@id\":\"https:\\\/\\\/dorogimedence.hu\\\/#\\\/schema\\\/logo\\\/image\\\/\"},\"sameAs\":[\"https:\\\/\\\/www.facebook.com\\\/dorogimedence\\\/\"]},{\"@type\":\"Person\",\"@id\":\"https:\\\/\\\/dorogimedence.hu\\\/#\\\/schema\\\/person\\\/ce6091eeb7e95ecdc87890d6aa8e0fd4\",\"name\":\"dorogimedence.hu\",\"image\":{\"@type\":\"ImageObject\",\"inLanguage\":\"hu\",\"@id\":\"\\\/\\\/www.gravatar.com\\\/avatar\\\/d8d45f8901aadff40a4af72c0b826f1d?s=96&#038;r=g&#038;d=mm\",\"url\":\"\\\/\\\/www.gravatar.com\\\/avatar\\\/d8d45f8901aadff40a4af72c0b826f1d?s=96&#038;r=g&#038;d=mm\",\"contentUrl\":\"\\\/\\\/www.gravatar.com\\\/avatar\\\/d8d45f8901aadff40a4af72c0b826f1d?s=96&#038;r=g&#038;d=mm\",\"caption\":\"dorogimedence.hu\"}}]}<\/script>\n<!-- \/ Yoast SEO plugin. -->","yoast_head_json":{"title":"Nem megsz\u0171nik a Dorogi Sportm\u00fazeum, hanem meg\u00fajul!","robots":{"index":"index","follow":"follow","max-snippet":"max-snippet:-1","max-image-preview":"max-image-preview:large","max-video-preview":"max-video-preview:-1"},"canonical":"https:\/\/dorogimedence.hu\/index.php\/2022\/02\/17\/nem-megszunik-a-dorogi-sportmuzeum-hanem-megujul\/","og_locale":"hu_HU","og_type":"article","og_title":"Nem megsz\u0171nik a Dorogi Sportm\u00fazeum, hanem meg\u00fajul!","og_description":"Febru\u00e1r 17-\u00e9n egy k\u00f6z\u00f6ss\u00e9gi oldal val\u00f3tlanul \u00e1ll\u00edtotta azt a h\u00edrt, miszerint a Dorogi Sportm\u00fazeum megsz\u0171nik. Megkerest\u00fck Szek\u00e9r Zolt\u00e1nt, Dorog V\u00e1ros Egyes\u00edtett Sportint\u00e9zm\u00e9ny\u00e9nek vezet\u0151j\u00e9t a h\u00edrrel kapcsolatban, aki c\u00e1folta azt. Szek\u00e9r Zolt\u00e1n egy k\u00f6zlem\u00e9nyt k\u00fcld\u00f6tt, melyet v\u00e1ltozatlanul k\u00f6zl\u00fcnk: \u201eKedves Sportbar\u00e1tok! Az elm\u00falt napokban megjelent, V\u00e1rosi Sportm\u00fazeumot \u00e9rint\u0151 h\u00edresztel\u00e9sekkel kapcsolatban, rendhagy\u00f3 m\u00f3don, k\u00f6zlem\u00e9nyben foglalom \u00f6ssze a t\u00e9nyeket:","og_url":"https:\/\/dorogimedence.hu\/index.php\/2022\/02\/17\/nem-megszunik-a-dorogi-sportmuzeum-hanem-megujul\/","og_site_name":"Dorogi-medence Region\u00e1lis H\u00edrport\u00e1l","article_publisher":"https:\/\/www.facebook.com\/dorogimedence\/","article_published_time":"2022-02-17T13:06:45+00:00","article_modified_time":"2022-02-17T13:07:33+00:00","og_image":[{"width":1920,"height":1173,"url":"https:\/\/i0.wp.com\/dorogimedence.hu\/wp-content\/uploads\/2022\/02\/dorogi-sportmuzeum.jpg?fit=1920%2C1173&ssl=1","type":"image\/jpeg"}],"author":"dorogimedence.hu","twitter_card":"summary_large_image","twitter_misc":{"Szerz\u0151:":"dorogimedence.hu","Becs\u00fclt olvas\u00e1si id\u0151":"2 perc"},"schema":{"@context":"https:\/\/schema.org","@graph":[{"@type":"Article","@id":"https:\/\/dorogimedence.hu\/index.php\/2022\/02\/17\/nem-megszunik-a-dorogi-sportmuzeum-hanem-megujul\/#article","isPartOf":{"@id":"https:\/\/dorogimedence.hu\/index.php\/2022\/02\/17\/nem-megszunik-a-dorogi-sportmuzeum-hanem-megujul\/"},"author":{"name":"dorogimedence.hu","@id":"https:\/\/dorogimedence.hu\/#\/schema\/person\/ce6091eeb7e95ecdc87890d6aa8e0fd4"},"headline":"Nem megsz\u0171nik a Dorogi Sportm\u00fazeum, hanem meg\u00fajul!","datePublished":"2022-02-17T13:06:45+00:00","dateModified":"2022-02-17T13:07:33+00:00","mainEntityOfPage":{"@id":"https:\/\/dorogimedence.hu\/index.php\/2022\/02\/17\/nem-megszunik-a-dorogi-sportmuzeum-hanem-megujul\/"},"wordCount":375,"publisher":{"@id":"https:\/\/dorogimedence.hu\/#organization"},"image":{"@id":"https:\/\/dorogimedence.hu\/index.php\/2022\/02\/17\/nem-megszunik-a-dorogi-sportmuzeum-hanem-megujul\/#primaryimage"},"thumbnailUrl":"https:\/\/dorogimedence.hu\/wp-content\/uploads\/2022\/02\/dorogi-sportmuzeum.jpg","keywords":["Dorog","Dorogi Sportm\u00fazeum","featured","fel\u00faj\u00edt\u00e1s","sport"],"articleSection":["Dorog","H\u00edrek"],"inLanguage":"hu"},{"@type":"WebPage","@id":"https:\/\/dorogimedence.hu\/index.php\/2022\/02\/17\/nem-megszunik-a-dorogi-sportmuzeum-hanem-megujul\/","url":"https:\/\/dorogimedence.hu\/index.php\/2022\/02\/17\/nem-megszunik-a-dorogi-sportmuzeum-hanem-megujul\/","name":"Nem megsz\u0171nik a Dorogi Sportm\u00fazeum, hanem meg\u00fajul!","isPartOf":{"@id":"https:\/\/dorogimedence.hu\/#website"},"primaryImageOfPage":{"@id":"https:\/\/dorogimedence.hu\/index.php\/2022\/02\/17\/nem-megszunik-a-dorogi-sportmuzeum-hanem-megujul\/#primaryimage"},"image":{"@id":"https:\/\/dorogimedence.hu\/index.php\/2022\/02\/17\/nem-megszunik-a-dorogi-sportmuzeum-hanem-megujul\/#primaryimage"},"thumbnailUrl":"https:\/\/dorogimedence.hu\/wp-content\/uploads\/2022\/02\/dorogi-sportmuzeum.jpg","datePublished":"2022-02-17T13:06:45+00:00","dateModified":"2022-02-17T13:07:33+00:00","breadcrumb":{"@id":"https:\/\/dorogimedence.hu\/index.php\/2022\/02\/17\/nem-megszunik-a-dorogi-sportmuzeum-hanem-megujul\/#breadcrumb"},"inLanguage":"hu","potentialAction":[{"@type":"ReadAction","target":["https:\/\/dorogimedence.hu\/index.php\/2022\/02\/17\/nem-megszunik-a-dorogi-sportmuzeum-hanem-megujul\/"]}]},{"@type":"ImageObject","inLanguage":"hu","@id":"https:\/\/dorogimedence.hu\/index.php\/2022\/02\/17\/nem-megszunik-a-dorogi-sportmuzeum-hanem-megujul\/#primaryimage","url":"https:\/\/dorogimedence.hu\/wp-content\/uploads\/2022\/02\/dorogi-sportmuzeum.jpg","contentUrl":"https:\/\/dorogimedence.hu\/wp-content\/uploads\/2022\/02\/dorogi-sportmuzeum.jpg","width":1920,"height":1173},{"@type":"BreadcrumbList","@id":"https:\/\/dorogimedence.hu\/index.php\/2022\/02\/17\/nem-megszunik-a-dorogi-sportmuzeum-hanem-megujul\/#breadcrumb","itemListElement":[{"@type":"ListItem","position":1,"name":"Kezd\u0151lap","item":"https:\/\/dorogimedence.hu\/"},{"@type":"ListItem","position":2,"name":"Nem megsz\u0171nik a Dorogi Sportm\u00fazeum, hanem meg\u00fajul!"}]},{"@type":"WebSite","@id":"https:\/\/dorogimedence.hu\/#website","url":"https:\/\/dorogimedence.hu\/","name":"Dorogi-medence Region\u00e1lis H\u00edrport\u00e1l","description":"Dorog, Keszt\u00f6lc, Le\u00e1nyv\u00e1r, Piliscs\u00e9v, Tokod, Tokodalt\u00e1r\u00f3, Csolnok, Esztergom-kertv\u00e1ros: h\u00edrek, programok","publisher":{"@id":"https:\/\/dorogimedence.hu\/#organization"},"potentialAction":[{"@type":"SearchAction","target":{"@type":"EntryPoint","urlTemplate":"https:\/\/dorogimedence.hu\/?s={search_term_string}"},"query-input":{"@type":"PropertyValueSpecification","valueRequired":true,"valueName":"search_term_string"}}],"inLanguage":"hu"},{"@type":"Organization","@id":"https:\/\/dorogimedence.hu\/#organization","name":"Dorogi-medence Region\u00e1lis H\u00edrport\u00e1l","url":"https:\/\/dorogimedence.hu\/","logo":{"@type":"ImageObject","inLanguage":"hu","@id":"https:\/\/dorogimedence.hu\/#\/schema\/logo\/image\/","url":"https:\/\/dorogimedence.hu\/wp-content\/uploads\/2021\/04\/logo-feher-600.png","contentUrl":"https:\/\/dorogimedence.hu\/wp-content\/uploads\/2021\/04\/logo-feher-600.png","width":600,"height":100,"caption":"Dorogi-medence Region\u00e1lis H\u00edrport\u00e1l"},"image":{"@id":"https:\/\/dorogimedence.hu\/#\/schema\/logo\/image\/"},"sameAs":["https:\/\/www.facebook.com\/dorogimedence\/"]},{"@type":"Person","@id":"https:\/\/dorogimedence.hu\/#\/schema\/person\/ce6091eeb7e95ecdc87890d6aa8e0fd4","name":"dorogimedence.hu","image":{"@type":"ImageObject","inLanguage":"hu","@id":"\/\/www.gravatar.com\/avatar\/d8d45f8901aadff40a4af72c0b826f1d?s=96&#038;r=g&#038;d=mm","url":"\/\/www.gravatar.com\/avatar\/d8d45f8901aadff40a4af72c0b826f1d?s=96&#038;r=g&#038;d=mm","contentUrl":"\/\/www.gravatar.com\/avatar\/d8d45f8901aadff40a4af72c0b826f1d?s=96&#038;r=g&#038;d=mm","caption":"dorogimedence.hu"}}]}},"_links":{"self":[{"href":"https:\/\/dorogimedence.hu\/index.php\/wp-json\/wp\/v2\/posts\/40564","targetHints":{"allow":["GET"]}}],"collection":[{"href":"https:\/\/dorogimedence.hu\/index.php\/wp-json\/wp\/v2\/posts"}],"about":[{"href":"https:\/\/dorogimedence.hu\/index.php\/wp-json\/wp\/v2\/types\/post"}],"author":[{"embeddable":true,"href":"https:\/\/dorogimedence.hu\/index.php\/wp-json\/wp\/v2\/users\/1"}],"replies":[{"embeddable":true,"href":"https:\/\/dorogimedence.hu\/index.php\/wp-json\/wp\/v2\/comments?post=40564"}],"version-history":[{"count":0,"href":"https:\/\/dorogimedence.hu\/index.php\/wp-json\/wp\/v2\/posts\/40564\/revisions"}],"wp:featuredmedia":[{"embeddable":true,"href":"https:\/\/dorogimedence.hu\/index.php\/wp-json\/wp\/v2\/media\/40565"}],"wp:attachment":[{"href":"https:\/\/dorogimedence.hu\/index.php\/wp-json\/wp\/v2\/media?parent=40564"}],"wp:term":[{"taxonomy":"category","embeddable":true,"href":"https:\/\/dorogimedence.hu\/index.php\/wp-json\/wp\/v2\/categories?post=40564"},{"taxonomy":"post_tag","embeddable":true,"href":"https:\/\/dorogimedence.hu\/index.php\/wp-json\/wp\/v2\/tags?post=40564"}],"curies":[{"name":"wp","href":"https:\/\/api.w.org\/{rel}","templated":true}]}}