{"id":40530,"date":"2022-02-16T15:43:37","date_gmt":"2022-02-16T14:43:37","guid":{"rendered":"https:\/\/dorogimedence.hu\/?p=40530"},"modified":"2022-02-16T16:09:10","modified_gmt":"2022-02-16T15:09:10","slug":"bemutatkozott-az-ujjaalakult-dorogi-atletikai-club","status":"publish","type":"post","link":"https:\/\/dorogimedence.hu\/index.php\/2022\/02\/16\/bemutatkozott-az-ujjaalakult-dorogi-atletikai-club\/","title":{"rendered":"Bemutatkozott az \u00fajj\u00e1alakult Dorogi Atl\u00e9tikai Club"},"content":{"rendered":"<p><strong>Az 1914-ben megalakult \u00e9s az\u00f3ta is nagy hagyom\u00e1nnyal, m\u00falttal rendelkez\u0151 Dorogi Atl\u00e9tikai Club, a 2022-es \u00e9vt\u0151l, 9 szakoszt\u00e1llyal, t\u00f6bb mint 500 sportol\u00f3val kezdte meg a munk\u00e1t.<\/strong><\/p>\n<p>Dorog v\u00e1ros k\u00e9pviselet\u00e9ben, <strong>J\u00e1szber\u00e9nyi K\u00e1roly<\/strong> <strong>alpolg\u00e1rmester \u00far<\/strong> k\u00f6sz\u00f6nt\u00f6tte a r\u00e9sztvev\u0151ket. Besz\u00e9d\u00e9ben elmondta, hogy Dorog v\u00e1ros b\u00fcszke lehet sporthagyom\u00e1nyaira, hiszen m\u00e1r az elm\u00falt \u00e9vsz\u00e1zad itt \u00e9l\u0151inek is, fontos volt, a kult\u00fara \u00e9s sport alapjainak megteremt\u00e9se \u00e9s megtart\u00e1sa. Kiemelte, hogy a v\u00e1ros a 2000-es \u00e9vekt\u0151l, koncepcion\u00e1lis form\u00e1ban fejlesztette sport infrastruktur\u00e1lis l\u00e9tes\u00edtm\u00e9nyeit. A v\u00e1rosban s\u00e9t\u00e1l\u00f3k a sportk\u00f6zpont \u00e9p\u00fcletein fellelhetik e fejl\u0151d\u00e9s l\u00e9p\u00e9seit. \u201eNagyon b\u00fcszk\u00e9k vagyunk arra, hogy nem csak az int\u00e9zm\u00e9ny l\u00e9trehoz\u00e1s\u00e1ban, hanem a m\u0171k\u00f6dtet\u00e9sben, vezet\u00e9sben \u00e9s is siker\u00fclt megtal\u00e1lni azokat a partnereket, akik sz\u00edv\u00fcgy\u00e9nek tekintik Dorogon a sportot.\u201d<\/p>\n<p><img fetchpriority=\"high\" decoding=\"async\" class=\"alignnone size-large wp-image-40532\" src=\"https:\/\/dorogimedence.hu\/wp-content\/uploads\/2022\/02\/dorogiac-02-1024x667.jpg\" alt=\"\" width=\"755\" height=\"492\" srcset=\"https:\/\/dorogimedence.hu\/wp-content\/uploads\/2022\/02\/dorogiac-02-1024x667.jpg 1024w, https:\/\/dorogimedence.hu\/wp-content\/uploads\/2022\/02\/dorogiac-02-300x195.jpg 300w, https:\/\/dorogimedence.hu\/wp-content\/uploads\/2022\/02\/dorogiac-02-768x500.jpg 768w, https:\/\/dorogimedence.hu\/wp-content\/uploads\/2022\/02\/dorogiac-02-1536x1001.jpg 1536w, https:\/\/dorogimedence.hu\/wp-content\/uploads\/2022\/02\/dorogiac-02-150x98.jpg 150w, https:\/\/dorogimedence.hu\/wp-content\/uploads\/2022\/02\/dorogiac-02-450x293.jpg 450w, https:\/\/dorogimedence.hu\/wp-content\/uploads\/2022\/02\/dorogiac-02-1200x782.jpg 1200w, https:\/\/dorogimedence.hu\/wp-content\/uploads\/2022\/02\/dorogiac-02.jpg 1920w\" sizes=\"(max-width: 755px) 100vw, 755px\" \/><\/p>\n<p><strong>Szek\u00e9r Zolt\u00e1n, Dorog V\u00e1ros Egyes\u00edtett Sportint\u00e9zm\u00e9ny\u00e9nek vezet\u0151je<\/strong>, elmondta, hogy a Dorogi Atl\u00e9tikai Club \u00fajj\u00e1alakul\u00e1sa v\u00e1rosi sportt\u00f6rt\u00e9nelmi esem\u00e9ny. Megl\u00e1t\u00e1sa szerint, az \u00faj egyes\u00fclet munkaszervezeti h\u00e1tter\u00e9vel fejl\u0151d\u0151k\u00e9pesebb, \u00e9s a szakoszt\u00e1lyvezet\u0151k k\u00f6zrem\u0171k\u00f6d\u00e9s\u00e9vel, kifejezetten a sportra \u00e9s a sportol\u00f3kra tudnak koncentr\u00e1lni. A Sportint\u00e9zm\u00e9nnyel kar\u00f6ltve, \u00faj szponzor\u00e1ci\u00f3s programot ind\u00edt az egyes\u00fclet, amellyel tov\u00e1bb szeretn\u00e9 n\u00f6velni \u00f6n\u00e1ll\u00f3 bev\u00e9teleit \u00e9s ez\u00e1ltal biztos\u00edtani m\u0171k\u00f6d\u00e9s\u00e9t. A Dorogi AC jelenleg k\u00f6zel 500 akt\u00edv sportol\u00f3val rendelkezik, amelyet a k\u00f6vetkez\u0151 \u00e9vben tov\u00e1bbi 20 %-kal, 650 f\u0151re k\u00edv\u00e1nnak n\u00f6velni. Kiemelte, a birk\u00f3z\u00e1s, a k\u00e9zilabda \u00e9s a tenisz sport\u00e1gakban tov\u00e1bbi sportszakmai eredm\u00e9nyess\u00e9gi c\u00e9lokat hat\u00e1roznak meg.<\/p>\n<p><img decoding=\"async\" class=\"alignnone size-large wp-image-40533\" src=\"https:\/\/dorogimedence.hu\/wp-content\/uploads\/2022\/02\/dorogiac-03-1024x657.jpg\" alt=\"\" width=\"755\" height=\"484\" srcset=\"https:\/\/dorogimedence.hu\/wp-content\/uploads\/2022\/02\/dorogiac-03-1024x657.jpg 1024w, https:\/\/dorogimedence.hu\/wp-content\/uploads\/2022\/02\/dorogiac-03-300x192.jpg 300w, https:\/\/dorogimedence.hu\/wp-content\/uploads\/2022\/02\/dorogiac-03-768x492.jpg 768w, https:\/\/dorogimedence.hu\/wp-content\/uploads\/2022\/02\/dorogiac-03-1536x985.jpg 1536w, https:\/\/dorogimedence.hu\/wp-content\/uploads\/2022\/02\/dorogiac-03-150x96.jpg 150w, https:\/\/dorogimedence.hu\/wp-content\/uploads\/2022\/02\/dorogiac-03-450x289.jpg 450w, https:\/\/dorogimedence.hu\/wp-content\/uploads\/2022\/02\/dorogiac-03-1200x769.jpg 1200w, https:\/\/dorogimedence.hu\/wp-content\/uploads\/2022\/02\/dorogiac-03.jpg 1920w\" sizes=\"(max-width: 755px) 100vw, 755px\" \/><\/p>\n<p><strong>Vig Attila az egyes\u00fclet eln\u00f6ke<\/strong> elmondta, hogy szervezett m\u00f3don a Dorogi AC 1914-ben alakult meg \u00e9s ennek a hagyom\u00e1nynak az \u00fajragondol\u00e1s\u00e1n, a v\u00e1ros k\u00e9r\u00e9s\u00e9vel \u00f6sszhangban dolgoztak az elm\u00falt h\u00f3napokban. Kiemelte, hogy biztosabb alapokon, meg\u00fajult csapattal m\u0171k\u00f6dik az egyes\u00fclet, megn\u00f6vekedett szakoszt\u00e1lyi sz\u00e1mmal. Az eln\u00f6ks\u00e9g \u00e1talakult \u00e9s bemutat\u00e1sra ker\u00fclt az \u00faj szervezeti fel\u00e9p\u00edt\u00e9s, az eln\u00f6k mellett, Varga G\u00e1bor \u2013 aleln\u00f6k, tov\u00e1bb\u00e1 az eln\u00f6ks\u00e9gi tagok: Pincz\u00e9s T\u00edmea, G\u00e1licz G\u00e1bor, Fl\u00f3ri\u00e1n M\u00e1rk. \u00d6sszefoglal\u00f3j\u00e1ban bemutatta, a k\u00e9zilabda \u00e9s a tenisz szakoszt\u00e1lyok m\u0171k\u00f6d\u00e9s\u00e9t, l\u00e9tsz\u00e1mait \u00e9s sport\u00e1gi c\u00e9ljait.<\/p>\n<p><img decoding=\"async\" class=\"alignnone size-large wp-image-40534\" src=\"https:\/\/dorogimedence.hu\/wp-content\/uploads\/2022\/02\/dorogiac-04-1024x650.jpg\" alt=\"\" width=\"755\" height=\"479\" srcset=\"https:\/\/dorogimedence.hu\/wp-content\/uploads\/2022\/02\/dorogiac-04-1024x650.jpg 1024w, https:\/\/dorogimedence.hu\/wp-content\/uploads\/2022\/02\/dorogiac-04-300x190.jpg 300w, https:\/\/dorogimedence.hu\/wp-content\/uploads\/2022\/02\/dorogiac-04-768x488.jpg 768w, https:\/\/dorogimedence.hu\/wp-content\/uploads\/2022\/02\/dorogiac-04-1536x975.jpg 1536w, https:\/\/dorogimedence.hu\/wp-content\/uploads\/2022\/02\/dorogiac-04-150x95.jpg 150w, https:\/\/dorogimedence.hu\/wp-content\/uploads\/2022\/02\/dorogiac-04-450x286.jpg 450w, https:\/\/dorogimedence.hu\/wp-content\/uploads\/2022\/02\/dorogiac-04-1200x762.jpg 1200w, https:\/\/dorogimedence.hu\/wp-content\/uploads\/2022\/02\/dorogiac-04.jpg 1920w\" sizes=\"(max-width: 755px) 100vw, 755px\" \/><\/p>\n<p><strong>Az \u00fajj\u00e1alakult egyes\u00fclet sportmenedzsere, Korp\u00e1si B\u00e1lint, <\/strong>a toki\u00f3i olimpia ut\u00e1n felhagyott az \u00e9lsporttal, de maradt a sport k\u00f6zeg\u00e9ben. K\u00f6zel h\u00e1rom \u00e9vtized ut\u00e1n az \u00e9let \u00fagy hozta, hogy \u00fajra Dorogon helyezkedett el. <strong>B\u00e1lint az egyes\u00fclet sportmenedzsere<\/strong> elmondta, hogy gyerekk\u00e9nt Dorogon ismerkedett meg a birk\u00f3z\u00e1ssal. C\u00e9ljai k\u00f6z\u00f6tt szerepel a szakoszt\u00e1lyok mennyis\u00e9g\u00e9nek b\u0151v\u00edt\u00e9se \u00e9s a tagl\u00e9tsz\u00e1m n\u00f6vel\u00e9se. \u201eB\u00edzom benne, hogy a dorogi sport m\u00faltj\u00e1hoz hasonl\u00f3an a j\u00f6v\u0151ben is sz\u00e9p orsz\u00e1gos \u00e9s nemzetk\u00f6zi eredm\u00e9nyeket fogunk el\u00e9rni.\u201d \u00d6sszefoglalta a szabadid\u0151sport\u00e1gak (darts, teke, term\u00e9szetj\u00e1r\u00e1s) szakoszt\u00e1lyainak m\u0171k\u00f6d\u00e9s\u00e9t \u00e9s t\u00e1vlati c\u00e9ljait.<\/p>\n<p><img loading=\"lazy\" decoding=\"async\" class=\"alignnone size-large wp-image-40535\" src=\"https:\/\/dorogimedence.hu\/wp-content\/uploads\/2022\/02\/dorogiac-05-1024x654.jpg\" alt=\"\" width=\"755\" height=\"482\" srcset=\"https:\/\/dorogimedence.hu\/wp-content\/uploads\/2022\/02\/dorogiac-05-1024x654.jpg 1024w, https:\/\/dorogimedence.hu\/wp-content\/uploads\/2022\/02\/dorogiac-05-300x192.jpg 300w, https:\/\/dorogimedence.hu\/wp-content\/uploads\/2022\/02\/dorogiac-05-768x491.jpg 768w, https:\/\/dorogimedence.hu\/wp-content\/uploads\/2022\/02\/dorogiac-05-1536x982.jpg 1536w, https:\/\/dorogimedence.hu\/wp-content\/uploads\/2022\/02\/dorogiac-05-150x96.jpg 150w, https:\/\/dorogimedence.hu\/wp-content\/uploads\/2022\/02\/dorogiac-05-450x288.jpg 450w, https:\/\/dorogimedence.hu\/wp-content\/uploads\/2022\/02\/dorogiac-05-1200x767.jpg 1200w, https:\/\/dorogimedence.hu\/wp-content\/uploads\/2022\/02\/dorogiac-05.jpg 1920w\" sizes=\"(max-width: 755px) 100vw, 755px\" \/><\/p>\n<p><strong>Struh\u00e1cs Gy\u00f6rgy az \u00fajonnan megv\u00e1lasztott birk\u00f3z\u00f3 szakoszt\u00e1ly vezet\u0151je<\/strong> elmondta, hogy a 90 \u00e9ves dorogi birk\u00f3z\u00f3 sport nagy hagyom\u00e1nyokkal rendelkezik \u00e9s c\u00e9ljuk min\u00e9l t\u00f6bb gyermekkor\u00faval a birk\u00f3z\u00e1s alapjait megismertetni. A v\u00e1ros t\u00e1mogat\u00e1s\u00e1nak k\u00f6sz\u00f6nhet\u0151en, kiv\u00e1l\u00f3 infrastruktur\u00e1lis k\u00f6r\u00fclm\u00e9nyek k\u00f6z\u00f6tt tudnak dolgozni. Szeretn\u00e9nek lehet\u0151s\u00e9get biztos\u00edtani a v\u00e1rosban \u00e9s a k\u00f6rny\u00e9kben \u00e9l\u0151knek a birk\u00f3z\u00e1s sport\u00e1g kipr\u00f3b\u00e1l\u00e1s\u00e1ra \u00e9s az orsz\u00e1gos sz\u00f6vets\u00e9g kit\u0171n\u0151 partnerek\u00e9nt, seg\u00edteni tudj\u00e1k a tehets\u00e9ges fiatalok nemzetk\u00f6zi versenyz\u00e9s\u00e9t is.&nbsp; A szakoszt\u00e1lyvezet\u0151 \u00f6sszefoglal\u00e1sa szerint, a birk\u00f3z\u00f3 sporton k\u00edv\u00fcl tov\u00e1bbi 3 k\u00fczd\u0151sport szakoszt\u00e1ly m\u0171k\u00f6dik a v\u00e1rosban (karate, kick-box, kempo) k\u00f6zel 200 f\u0151vel.<\/p>\n<p><img loading=\"lazy\" decoding=\"async\" class=\"alignnone size-large wp-image-40536\" src=\"https:\/\/dorogimedence.hu\/wp-content\/uploads\/2022\/02\/dorogiac-06-1024x605.jpg\" alt=\"\" width=\"755\" height=\"446\" srcset=\"https:\/\/dorogimedence.hu\/wp-content\/uploads\/2022\/02\/dorogiac-06-1024x605.jpg 1024w, https:\/\/dorogimedence.hu\/wp-content\/uploads\/2022\/02\/dorogiac-06-300x177.jpg 300w, https:\/\/dorogimedence.hu\/wp-content\/uploads\/2022\/02\/dorogiac-06-768x454.jpg 768w, https:\/\/dorogimedence.hu\/wp-content\/uploads\/2022\/02\/dorogiac-06-1536x908.jpg 1536w, https:\/\/dorogimedence.hu\/wp-content\/uploads\/2022\/02\/dorogiac-06-150x89.jpg 150w, https:\/\/dorogimedence.hu\/wp-content\/uploads\/2022\/02\/dorogiac-06-450x266.jpg 450w, https:\/\/dorogimedence.hu\/wp-content\/uploads\/2022\/02\/dorogiac-06-1200x709.jpg 1200w, https:\/\/dorogimedence.hu\/wp-content\/uploads\/2022\/02\/dorogiac-06.jpg 1920w\" sizes=\"(max-width: 755px) 100vw, 755px\" \/><\/p>\n<p><strong>Jelenlegi szakoszt\u00e1lyok:<br \/>\n<\/strong><\/p>\n<ol>\n<li>birk\u00f3z\u00e1s \u2013 75 f\u0151<\/li>\n<li>k\u00e9zilabda \u2013 155 f\u0151<\/li>\n<li>karate \u2013 55 f\u0151<\/li>\n<li>kempo \u2013 25 f\u0151<\/li>\n<li>kick-box &#8211; 30 f\u0151<\/li>\n<li>tenisz \u2013 30 f\u0151<\/li>\n<li>teke \u2013 51 f\u0151<\/li>\n<li>term\u00e9szetj\u00e1r\u00e1s \u2013 40 f\u0151<\/li>\n<li>darts \u2013 20 f\u0151<\/li>\n<\/ol>\n","protected":false},"excerpt":{"rendered":"<p>Az 1914-ben megalakult \u00e9s az\u00f3ta is nagy hagyom\u00e1nnyal, m\u00falttal rendelkez\u0151 Dorogi Atl\u00e9tikai Club, a 2022-es \u00e9vt\u0151l, 9 szakoszt\u00e1llyal, t\u00f6bb mint 500 sportol\u00f3val kezdte meg a munk\u00e1t. Dorog v\u00e1ros k\u00e9pviselet\u00e9ben, J\u00e1szber\u00e9nyi K\u00e1roly alpolg\u00e1rmester \u00far k\u00f6sz\u00f6nt\u00f6tte a r\u00e9sztvev\u0151ket. Besz\u00e9d\u00e9ben elmondta, hogy Dorog v\u00e1ros b\u00fcszke lehet sporthagyom\u00e1nyaira, hiszen m\u00e1r az elm\u00falt \u00e9vsz\u00e1zad itt \u00e9l\u0151inek is, fontos volt, a<\/p>\n","protected":false},"author":1,"featured_media":40531,"comment_status":"closed","ping_status":"closed","sticky":false,"template":"","format":"standard","meta":{"ngg_post_thumbnail":0,"footnotes":""},"categories":[2,3,5],"tags":[15,4037,4090,5624,16],"class_list":{"0":"post-40530","1":"post","2":"type-post","3":"status-publish","4":"format-standard","5":"has-post-thumbnail","7":"category-dorog","8":"category-hirek","9":"category-sport","10":"tag-dorog","11":"tag-dorogi-ac","12":"tag-dorogi-atletikai-club","13":"tag-featured","14":"tag-sport"},"yoast_head":"<!-- This site is optimized with the Yoast SEO plugin v27.5 - https:\/\/yoast.com\/product\/yoast-seo-wordpress\/ -->\n<title>Bemutatkozott az \u00fajj\u00e1alakult Dorogi Atl\u00e9tikai Club<\/title>\n<meta name=\"robots\" content=\"index, follow, max-snippet:-1, max-image-preview:large, max-video-preview:-1\" \/>\n<link rel=\"canonical\" href=\"https:\/\/dorogimedence.hu\/index.php\/2022\/02\/16\/bemutatkozott-az-ujjaalakult-dorogi-atletikai-club\/\" class=\"yoast-seo-meta-tag\" \/>\n<meta property=\"og:locale\" content=\"hu_HU\" class=\"yoast-seo-meta-tag\" \/>\n<meta property=\"og:type\" content=\"article\" class=\"yoast-seo-meta-tag\" \/>\n<meta property=\"og:title\" content=\"Bemutatkozott az \u00fajj\u00e1alakult Dorogi Atl\u00e9tikai Club\" class=\"yoast-seo-meta-tag\" \/>\n<meta property=\"og:description\" content=\"Az 1914-ben megalakult \u00e9s az\u00f3ta is nagy hagyom\u00e1nnyal, m\u00falttal rendelkez\u0151 Dorogi Atl\u00e9tikai Club, a 2022-es \u00e9vt\u0151l, 9 szakoszt\u00e1llyal, t\u00f6bb mint 500 sportol\u00f3val kezdte meg a munk\u00e1t. Dorog v\u00e1ros k\u00e9pviselet\u00e9ben, J\u00e1szber\u00e9nyi K\u00e1roly alpolg\u00e1rmester \u00far k\u00f6sz\u00f6nt\u00f6tte a r\u00e9sztvev\u0151ket. Besz\u00e9d\u00e9ben elmondta, hogy Dorog v\u00e1ros b\u00fcszke lehet sporthagyom\u00e1nyaira, hiszen m\u00e1r az elm\u00falt \u00e9vsz\u00e1zad itt \u00e9l\u0151inek is, fontos volt, a\" class=\"yoast-seo-meta-tag\" \/>\n<meta property=\"og:url\" content=\"https:\/\/dorogimedence.hu\/index.php\/2022\/02\/16\/bemutatkozott-az-ujjaalakult-dorogi-atletikai-club\/\" class=\"yoast-seo-meta-tag\" \/>\n<meta property=\"og:site_name\" content=\"Dorogi-medence Region\u00e1lis H\u00edrport\u00e1l\" class=\"yoast-seo-meta-tag\" \/>\n<meta property=\"article:publisher\" content=\"https:\/\/www.facebook.com\/dorogimedence\/\" class=\"yoast-seo-meta-tag\" \/>\n<meta property=\"article:published_time\" content=\"2022-02-16T14:43:37+00:00\" class=\"yoast-seo-meta-tag\" \/>\n<meta property=\"article:modified_time\" content=\"2022-02-16T15:09:10+00:00\" class=\"yoast-seo-meta-tag\" \/>\n<meta property=\"og:image\" content=\"https:\/\/i0.wp.com\/dorogimedence.hu\/wp-content\/uploads\/2022\/02\/dorogiac-01.jpg?fit=1920%2C1006&ssl=1\" class=\"yoast-seo-meta-tag\" \/>\n\t<meta property=\"og:image:width\" content=\"1920\" class=\"yoast-seo-meta-tag\" \/>\n\t<meta property=\"og:image:height\" content=\"1006\" class=\"yoast-seo-meta-tag\" \/>\n\t<meta property=\"og:image:type\" content=\"image\/jpeg\" class=\"yoast-seo-meta-tag\" \/>\n<meta name=\"author\" content=\"dorogimedence.hu\" class=\"yoast-seo-meta-tag\" \/>\n<meta name=\"twitter:card\" content=\"summary_large_image\" class=\"yoast-seo-meta-tag\" \/>\n<meta name=\"twitter:label1\" content=\"Szerz\u0151:\" class=\"yoast-seo-meta-tag\" \/>\n\t<meta name=\"twitter:data1\" content=\"dorogimedence.hu\" class=\"yoast-seo-meta-tag\" \/>\n\t<meta name=\"twitter:label2\" content=\"Becs\u00fclt olvas\u00e1si id\u0151\" class=\"yoast-seo-meta-tag\" \/>\n\t<meta name=\"twitter:data2\" content=\"4 perc\" class=\"yoast-seo-meta-tag\" \/>\n<script type=\"application\/ld+json\" class=\"yoast-schema-graph\">{\"@context\":\"https:\\\/\\\/schema.org\",\"@graph\":[{\"@type\":\"Article\",\"@id\":\"https:\\\/\\\/dorogimedence.hu\\\/index.php\\\/2022\\\/02\\\/16\\\/bemutatkozott-az-ujjaalakult-dorogi-atletikai-club\\\/#article\",\"isPartOf\":{\"@id\":\"https:\\\/\\\/dorogimedence.hu\\\/index.php\\\/2022\\\/02\\\/16\\\/bemutatkozott-az-ujjaalakult-dorogi-atletikai-club\\\/\"},\"author\":{\"name\":\"dorogimedence.hu\",\"@id\":\"https:\\\/\\\/dorogimedence.hu\\\/#\\\/schema\\\/person\\\/ce6091eeb7e95ecdc87890d6aa8e0fd4\"},\"headline\":\"Bemutatkozott az \u00fajj\u00e1alakult Dorogi Atl\u00e9tikai Club\",\"datePublished\":\"2022-02-16T14:43:37+00:00\",\"dateModified\":\"2022-02-16T15:09:10+00:00\",\"mainEntityOfPage\":{\"@id\":\"https:\\\/\\\/dorogimedence.hu\\\/index.php\\\/2022\\\/02\\\/16\\\/bemutatkozott-az-ujjaalakult-dorogi-atletikai-club\\\/\"},\"wordCount\":786,\"publisher\":{\"@id\":\"https:\\\/\\\/dorogimedence.hu\\\/#organization\"},\"image\":{\"@id\":\"https:\\\/\\\/dorogimedence.hu\\\/index.php\\\/2022\\\/02\\\/16\\\/bemutatkozott-az-ujjaalakult-dorogi-atletikai-club\\\/#primaryimage\"},\"thumbnailUrl\":\"https:\\\/\\\/dorogimedence.hu\\\/wp-content\\\/uploads\\\/2022\\\/02\\\/dorogiac-01.jpg\",\"keywords\":[\"Dorog\",\"Dorogi AC\",\"Dorogi Atl\u00e9tikai Club\",\"featured\",\"sport\"],\"articleSection\":[\"Dorog\",\"H\u00edrek\",\"Sport\"],\"inLanguage\":\"hu\"},{\"@type\":\"WebPage\",\"@id\":\"https:\\\/\\\/dorogimedence.hu\\\/index.php\\\/2022\\\/02\\\/16\\\/bemutatkozott-az-ujjaalakult-dorogi-atletikai-club\\\/\",\"url\":\"https:\\\/\\\/dorogimedence.hu\\\/index.php\\\/2022\\\/02\\\/16\\\/bemutatkozott-az-ujjaalakult-dorogi-atletikai-club\\\/\",\"name\":\"Bemutatkozott az \u00fajj\u00e1alakult Dorogi Atl\u00e9tikai Club\",\"isPartOf\":{\"@id\":\"https:\\\/\\\/dorogimedence.hu\\\/#website\"},\"primaryImageOfPage\":{\"@id\":\"https:\\\/\\\/dorogimedence.hu\\\/index.php\\\/2022\\\/02\\\/16\\\/bemutatkozott-az-ujjaalakult-dorogi-atletikai-club\\\/#primaryimage\"},\"image\":{\"@id\":\"https:\\\/\\\/dorogimedence.hu\\\/index.php\\\/2022\\\/02\\\/16\\\/bemutatkozott-az-ujjaalakult-dorogi-atletikai-club\\\/#primaryimage\"},\"thumbnailUrl\":\"https:\\\/\\\/dorogimedence.hu\\\/wp-content\\\/uploads\\\/2022\\\/02\\\/dorogiac-01.jpg\",\"datePublished\":\"2022-02-16T14:43:37+00:00\",\"dateModified\":\"2022-02-16T15:09:10+00:00\",\"breadcrumb\":{\"@id\":\"https:\\\/\\\/dorogimedence.hu\\\/index.php\\\/2022\\\/02\\\/16\\\/bemutatkozott-az-ujjaalakult-dorogi-atletikai-club\\\/#breadcrumb\"},\"inLanguage\":\"hu\",\"potentialAction\":[{\"@type\":\"ReadAction\",\"target\":[\"https:\\\/\\\/dorogimedence.hu\\\/index.php\\\/2022\\\/02\\\/16\\\/bemutatkozott-az-ujjaalakult-dorogi-atletikai-club\\\/\"]}]},{\"@type\":\"ImageObject\",\"inLanguage\":\"hu\",\"@id\":\"https:\\\/\\\/dorogimedence.hu\\\/index.php\\\/2022\\\/02\\\/16\\\/bemutatkozott-az-ujjaalakult-dorogi-atletikai-club\\\/#primaryimage\",\"url\":\"https:\\\/\\\/dorogimedence.hu\\\/wp-content\\\/uploads\\\/2022\\\/02\\\/dorogiac-01.jpg\",\"contentUrl\":\"https:\\\/\\\/dorogimedence.hu\\\/wp-content\\\/uploads\\\/2022\\\/02\\\/dorogiac-01.jpg\",\"width\":1920,\"height\":1006},{\"@type\":\"BreadcrumbList\",\"@id\":\"https:\\\/\\\/dorogimedence.hu\\\/index.php\\\/2022\\\/02\\\/16\\\/bemutatkozott-az-ujjaalakult-dorogi-atletikai-club\\\/#breadcrumb\",\"itemListElement\":[{\"@type\":\"ListItem\",\"position\":1,\"name\":\"Kezd\u0151lap\",\"item\":\"https:\\\/\\\/dorogimedence.hu\\\/\"},{\"@type\":\"ListItem\",\"position\":2,\"name\":\"Bemutatkozott az \u00fajj\u00e1alakult Dorogi Atl\u00e9tikai Club\"}]},{\"@type\":\"WebSite\",\"@id\":\"https:\\\/\\\/dorogimedence.hu\\\/#website\",\"url\":\"https:\\\/\\\/dorogimedence.hu\\\/\",\"name\":\"Dorogi-medence Region\u00e1lis H\u00edrport\u00e1l\",\"description\":\"Dorog, Keszt\u00f6lc, Le\u00e1nyv\u00e1r, Piliscs\u00e9v, Tokod, Tokodalt\u00e1r\u00f3, Csolnok, Esztergom-kertv\u00e1ros: h\u00edrek, programok\",\"publisher\":{\"@id\":\"https:\\\/\\\/dorogimedence.hu\\\/#organization\"},\"potentialAction\":[{\"@type\":\"SearchAction\",\"target\":{\"@type\":\"EntryPoint\",\"urlTemplate\":\"https:\\\/\\\/dorogimedence.hu\\\/?s={search_term_string}\"},\"query-input\":{\"@type\":\"PropertyValueSpecification\",\"valueRequired\":true,\"valueName\":\"search_term_string\"}}],\"inLanguage\":\"hu\"},{\"@type\":\"Organization\",\"@id\":\"https:\\\/\\\/dorogimedence.hu\\\/#organization\",\"name\":\"Dorogi-medence Region\u00e1lis H\u00edrport\u00e1l\",\"url\":\"https:\\\/\\\/dorogimedence.hu\\\/\",\"logo\":{\"@type\":\"ImageObject\",\"inLanguage\":\"hu\",\"@id\":\"https:\\\/\\\/dorogimedence.hu\\\/#\\\/schema\\\/logo\\\/image\\\/\",\"url\":\"https:\\\/\\\/dorogimedence.hu\\\/wp-content\\\/uploads\\\/2021\\\/04\\\/logo-feher-600.png\",\"contentUrl\":\"https:\\\/\\\/dorogimedence.hu\\\/wp-content\\\/uploads\\\/2021\\\/04\\\/logo-feher-600.png\",\"width\":600,\"height\":100,\"caption\":\"Dorogi-medence Region\u00e1lis H\u00edrport\u00e1l\"},\"image\":{\"@id\":\"https:\\\/\\\/dorogimedence.hu\\\/#\\\/schema\\\/logo\\\/image\\\/\"},\"sameAs\":[\"https:\\\/\\\/www.facebook.com\\\/dorogimedence\\\/\"]},{\"@type\":\"Person\",\"@id\":\"https:\\\/\\\/dorogimedence.hu\\\/#\\\/schema\\\/person\\\/ce6091eeb7e95ecdc87890d6aa8e0fd4\",\"name\":\"dorogimedence.hu\",\"image\":{\"@type\":\"ImageObject\",\"inLanguage\":\"hu\",\"@id\":\"\\\/\\\/www.gravatar.com\\\/avatar\\\/d8d45f8901aadff40a4af72c0b826f1d?s=96&#038;r=g&#038;d=mm\",\"url\":\"\\\/\\\/www.gravatar.com\\\/avatar\\\/d8d45f8901aadff40a4af72c0b826f1d?s=96&#038;r=g&#038;d=mm\",\"contentUrl\":\"\\\/\\\/www.gravatar.com\\\/avatar\\\/d8d45f8901aadff40a4af72c0b826f1d?s=96&#038;r=g&#038;d=mm\",\"caption\":\"dorogimedence.hu\"}}]}<\/script>\n<!-- \/ Yoast SEO plugin. -->","yoast_head_json":{"title":"Bemutatkozott az \u00fajj\u00e1alakult Dorogi Atl\u00e9tikai Club","robots":{"index":"index","follow":"follow","max-snippet":"max-snippet:-1","max-image-preview":"max-image-preview:large","max-video-preview":"max-video-preview:-1"},"canonical":"https:\/\/dorogimedence.hu\/index.php\/2022\/02\/16\/bemutatkozott-az-ujjaalakult-dorogi-atletikai-club\/","og_locale":"hu_HU","og_type":"article","og_title":"Bemutatkozott az \u00fajj\u00e1alakult Dorogi Atl\u00e9tikai Club","og_description":"Az 1914-ben megalakult \u00e9s az\u00f3ta is nagy hagyom\u00e1nnyal, m\u00falttal rendelkez\u0151 Dorogi Atl\u00e9tikai Club, a 2022-es \u00e9vt\u0151l, 9 szakoszt\u00e1llyal, t\u00f6bb mint 500 sportol\u00f3val kezdte meg a munk\u00e1t. Dorog v\u00e1ros k\u00e9pviselet\u00e9ben, J\u00e1szber\u00e9nyi K\u00e1roly alpolg\u00e1rmester \u00far k\u00f6sz\u00f6nt\u00f6tte a r\u00e9sztvev\u0151ket. Besz\u00e9d\u00e9ben elmondta, hogy Dorog v\u00e1ros b\u00fcszke lehet sporthagyom\u00e1nyaira, hiszen m\u00e1r az elm\u00falt \u00e9vsz\u00e1zad itt \u00e9l\u0151inek is, fontos volt, a","og_url":"https:\/\/dorogimedence.hu\/index.php\/2022\/02\/16\/bemutatkozott-az-ujjaalakult-dorogi-atletikai-club\/","og_site_name":"Dorogi-medence Region\u00e1lis H\u00edrport\u00e1l","article_publisher":"https:\/\/www.facebook.com\/dorogimedence\/","article_published_time":"2022-02-16T14:43:37+00:00","article_modified_time":"2022-02-16T15:09:10+00:00","og_image":[{"width":1920,"height":1006,"url":"https:\/\/i0.wp.com\/dorogimedence.hu\/wp-content\/uploads\/2022\/02\/dorogiac-01.jpg?fit=1920%2C1006&ssl=1","type":"image\/jpeg"}],"author":"dorogimedence.hu","twitter_card":"summary_large_image","twitter_misc":{"Szerz\u0151:":"dorogimedence.hu","Becs\u00fclt olvas\u00e1si id\u0151":"4 perc"},"schema":{"@context":"https:\/\/schema.org","@graph":[{"@type":"Article","@id":"https:\/\/dorogimedence.hu\/index.php\/2022\/02\/16\/bemutatkozott-az-ujjaalakult-dorogi-atletikai-club\/#article","isPartOf":{"@id":"https:\/\/dorogimedence.hu\/index.php\/2022\/02\/16\/bemutatkozott-az-ujjaalakult-dorogi-atletikai-club\/"},"author":{"name":"dorogimedence.hu","@id":"https:\/\/dorogimedence.hu\/#\/schema\/person\/ce6091eeb7e95ecdc87890d6aa8e0fd4"},"headline":"Bemutatkozott az \u00fajj\u00e1alakult Dorogi Atl\u00e9tikai Club","datePublished":"2022-02-16T14:43:37+00:00","dateModified":"2022-02-16T15:09:10+00:00","mainEntityOfPage":{"@id":"https:\/\/dorogimedence.hu\/index.php\/2022\/02\/16\/bemutatkozott-az-ujjaalakult-dorogi-atletikai-club\/"},"wordCount":786,"publisher":{"@id":"https:\/\/dorogimedence.hu\/#organization"},"image":{"@id":"https:\/\/dorogimedence.hu\/index.php\/2022\/02\/16\/bemutatkozott-az-ujjaalakult-dorogi-atletikai-club\/#primaryimage"},"thumbnailUrl":"https:\/\/dorogimedence.hu\/wp-content\/uploads\/2022\/02\/dorogiac-01.jpg","keywords":["Dorog","Dorogi AC","Dorogi Atl\u00e9tikai Club","featured","sport"],"articleSection":["Dorog","H\u00edrek","Sport"],"inLanguage":"hu"},{"@type":"WebPage","@id":"https:\/\/dorogimedence.hu\/index.php\/2022\/02\/16\/bemutatkozott-az-ujjaalakult-dorogi-atletikai-club\/","url":"https:\/\/dorogimedence.hu\/index.php\/2022\/02\/16\/bemutatkozott-az-ujjaalakult-dorogi-atletikai-club\/","name":"Bemutatkozott az \u00fajj\u00e1alakult Dorogi Atl\u00e9tikai Club","isPartOf":{"@id":"https:\/\/dorogimedence.hu\/#website"},"primaryImageOfPage":{"@id":"https:\/\/dorogimedence.hu\/index.php\/2022\/02\/16\/bemutatkozott-az-ujjaalakult-dorogi-atletikai-club\/#primaryimage"},"image":{"@id":"https:\/\/dorogimedence.hu\/index.php\/2022\/02\/16\/bemutatkozott-az-ujjaalakult-dorogi-atletikai-club\/#primaryimage"},"thumbnailUrl":"https:\/\/dorogimedence.hu\/wp-content\/uploads\/2022\/02\/dorogiac-01.jpg","datePublished":"2022-02-16T14:43:37+00:00","dateModified":"2022-02-16T15:09:10+00:00","breadcrumb":{"@id":"https:\/\/dorogimedence.hu\/index.php\/2022\/02\/16\/bemutatkozott-az-ujjaalakult-dorogi-atletikai-club\/#breadcrumb"},"inLanguage":"hu","potentialAction":[{"@type":"ReadAction","target":["https:\/\/dorogimedence.hu\/index.php\/2022\/02\/16\/bemutatkozott-az-ujjaalakult-dorogi-atletikai-club\/"]}]},{"@type":"ImageObject","inLanguage":"hu","@id":"https:\/\/dorogimedence.hu\/index.php\/2022\/02\/16\/bemutatkozott-az-ujjaalakult-dorogi-atletikai-club\/#primaryimage","url":"https:\/\/dorogimedence.hu\/wp-content\/uploads\/2022\/02\/dorogiac-01.jpg","contentUrl":"https:\/\/dorogimedence.hu\/wp-content\/uploads\/2022\/02\/dorogiac-01.jpg","width":1920,"height":1006},{"@type":"BreadcrumbList","@id":"https:\/\/dorogimedence.hu\/index.php\/2022\/02\/16\/bemutatkozott-az-ujjaalakult-dorogi-atletikai-club\/#breadcrumb","itemListElement":[{"@type":"ListItem","position":1,"name":"Kezd\u0151lap","item":"https:\/\/dorogimedence.hu\/"},{"@type":"ListItem","position":2,"name":"Bemutatkozott az \u00fajj\u00e1alakult Dorogi Atl\u00e9tikai Club"}]},{"@type":"WebSite","@id":"https:\/\/dorogimedence.hu\/#website","url":"https:\/\/dorogimedence.hu\/","name":"Dorogi-medence Region\u00e1lis H\u00edrport\u00e1l","description":"Dorog, Keszt\u00f6lc, Le\u00e1nyv\u00e1r, Piliscs\u00e9v, Tokod, Tokodalt\u00e1r\u00f3, Csolnok, Esztergom-kertv\u00e1ros: h\u00edrek, programok","publisher":{"@id":"https:\/\/dorogimedence.hu\/#organization"},"potentialAction":[{"@type":"SearchAction","target":{"@type":"EntryPoint","urlTemplate":"https:\/\/dorogimedence.hu\/?s={search_term_string}"},"query-input":{"@type":"PropertyValueSpecification","valueRequired":true,"valueName":"search_term_string"}}],"inLanguage":"hu"},{"@type":"Organization","@id":"https:\/\/dorogimedence.hu\/#organization","name":"Dorogi-medence Region\u00e1lis H\u00edrport\u00e1l","url":"https:\/\/dorogimedence.hu\/","logo":{"@type":"ImageObject","inLanguage":"hu","@id":"https:\/\/dorogimedence.hu\/#\/schema\/logo\/image\/","url":"https:\/\/dorogimedence.hu\/wp-content\/uploads\/2021\/04\/logo-feher-600.png","contentUrl":"https:\/\/dorogimedence.hu\/wp-content\/uploads\/2021\/04\/logo-feher-600.png","width":600,"height":100,"caption":"Dorogi-medence Region\u00e1lis H\u00edrport\u00e1l"},"image":{"@id":"https:\/\/dorogimedence.hu\/#\/schema\/logo\/image\/"},"sameAs":["https:\/\/www.facebook.com\/dorogimedence\/"]},{"@type":"Person","@id":"https:\/\/dorogimedence.hu\/#\/schema\/person\/ce6091eeb7e95ecdc87890d6aa8e0fd4","name":"dorogimedence.hu","image":{"@type":"ImageObject","inLanguage":"hu","@id":"\/\/www.gravatar.com\/avatar\/d8d45f8901aadff40a4af72c0b826f1d?s=96&#038;r=g&#038;d=mm","url":"\/\/www.gravatar.com\/avatar\/d8d45f8901aadff40a4af72c0b826f1d?s=96&#038;r=g&#038;d=mm","contentUrl":"\/\/www.gravatar.com\/avatar\/d8d45f8901aadff40a4af72c0b826f1d?s=96&#038;r=g&#038;d=mm","caption":"dorogimedence.hu"}}]}},"_links":{"self":[{"href":"https:\/\/dorogimedence.hu\/index.php\/wp-json\/wp\/v2\/posts\/40530","targetHints":{"allow":["GET"]}}],"collection":[{"href":"https:\/\/dorogimedence.hu\/index.php\/wp-json\/wp\/v2\/posts"}],"about":[{"href":"https:\/\/dorogimedence.hu\/index.php\/wp-json\/wp\/v2\/types\/post"}],"author":[{"embeddable":true,"href":"https:\/\/dorogimedence.hu\/index.php\/wp-json\/wp\/v2\/users\/1"}],"replies":[{"embeddable":true,"href":"https:\/\/dorogimedence.hu\/index.php\/wp-json\/wp\/v2\/comments?post=40530"}],"version-history":[{"count":0,"href":"https:\/\/dorogimedence.hu\/index.php\/wp-json\/wp\/v2\/posts\/40530\/revisions"}],"wp:featuredmedia":[{"embeddable":true,"href":"https:\/\/dorogimedence.hu\/index.php\/wp-json\/wp\/v2\/media\/40531"}],"wp:attachment":[{"href":"https:\/\/dorogimedence.hu\/index.php\/wp-json\/wp\/v2\/media?parent=40530"}],"wp:term":[{"taxonomy":"category","embeddable":true,"href":"https:\/\/dorogimedence.hu\/index.php\/wp-json\/wp\/v2\/categories?post=40530"},{"taxonomy":"post_tag","embeddable":true,"href":"https:\/\/dorogimedence.hu\/index.php\/wp-json\/wp\/v2\/tags?post=40530"}],"curies":[{"name":"wp","href":"https:\/\/api.w.org\/{rel}","templated":true}]}}