{"id":40521,"date":"2022-02-16T14:33:54","date_gmt":"2022-02-16T13:33:54","guid":{"rendered":"https:\/\/dorogimedence.hu\/?p=40521"},"modified":"2022-02-16T14:34:46","modified_gmt":"2022-02-16T13:34:46","slug":"robbanotestet-talaltak-az-esztergomi-bazilikaban","status":"publish","type":"post","link":"https:\/\/dorogimedence.hu\/index.php\/2022\/02\/16\/robbanotestet-talaltak-az-esztergomi-bazilikaban\/","title":{"rendered":"Robban\u00f3testet tal\u00e1ltak az Esztergomi Bazilik\u00e1ban"},"content":{"rendered":"<p><strong>Febru\u00e1r 15-\u00e9n, kedden a Magyar Honv\u00e9ds\u00e9g 1. Honv\u00e9d T\u0171zszer\u00e9sz \u00c9s Hadihaj\u00f3s Ezred t\u0171zszer\u00e9szeit riasztott\u00e1k az Esztergomi Bazilik\u00e1hoz, mivel a kupola dob oldalfal\u00e1ba f\u00far\u00f3dott felt\u00e9telezett robban\u00f3test ker\u00fclt el\u0151 a rekonstrukci\u00f3s munk\u00e1k sor\u00e1n.<\/strong><\/p>\n<p>2020-ban kezd\u0151d\u00f6tt meg az Esztergomi Bazilika fel\u00faj\u00edt\u00e1sa \u00e9s \u00e9ppen egy \u00e9ve emeltek ki a f\u0151sz\u00e9kesegyh\u00e1z kupol\u00e1j\u00e1nak aranykeresztj\u00e9b\u0151l egy olyan id\u0151kapszul\u00e1t, amelyet m\u00e9g 1845 augusztus\u00e1ban helyeztek el oda. A 100 m\u00e9ter magasb\u00f3l lehozott r\u00e9zhenger felnyit\u00e1sa nem volt egyszer\u0171 feladat, mert egy m\u00e1sodik vil\u00e1gh\u00e1bor\u00fas repesztal\u00e1lat k\u00f6vetkezt\u00e9ben a v\u00e9d\u0151burok kilyukadt \u00e9s eldeform\u00e1l\u00f3dott. De v\u00e9g\u00fcl siker\u00fclt megmenteni a korabeli \u00e9p\u00edtkez\u00e9st meg\u00f6r\u00f6k\u00edt\u0151, t\u00f6bb mint 175 \u00e9ves dokumentumokat.<\/p>\n<p><img fetchpriority=\"high\" decoding=\"async\" class=\"alignnone size-large wp-image-40523\" src=\"https:\/\/dorogimedence.hu\/wp-content\/uploads\/2022\/02\/274137155_315717497265312_2813652694747298260_n-1024x768.jpg\" alt=\"\" width=\"755\" height=\"566\" srcset=\"https:\/\/dorogimedence.hu\/wp-content\/uploads\/2022\/02\/274137155_315717497265312_2813652694747298260_n-1024x768.jpg 1024w, https:\/\/dorogimedence.hu\/wp-content\/uploads\/2022\/02\/274137155_315717497265312_2813652694747298260_n-300x225.jpg 300w, https:\/\/dorogimedence.hu\/wp-content\/uploads\/2022\/02\/274137155_315717497265312_2813652694747298260_n-768x576.jpg 768w, https:\/\/dorogimedence.hu\/wp-content\/uploads\/2022\/02\/274137155_315717497265312_2813652694747298260_n-1536x1152.jpg 1536w, https:\/\/dorogimedence.hu\/wp-content\/uploads\/2022\/02\/274137155_315717497265312_2813652694747298260_n-150x113.jpg 150w, https:\/\/dorogimedence.hu\/wp-content\/uploads\/2022\/02\/274137155_315717497265312_2813652694747298260_n-450x338.jpg 450w, https:\/\/dorogimedence.hu\/wp-content\/uploads\/2022\/02\/274137155_315717497265312_2813652694747298260_n-1200x900.jpg 1200w, https:\/\/dorogimedence.hu\/wp-content\/uploads\/2022\/02\/274137155_315717497265312_2813652694747298260_n.jpg 2048w\" sizes=\"(max-width: 755px) 100vw, 755px\" \/><\/p>\n<p>A t\u0171zszer\u00e9szeket azonban egy j\u00f3val fiatalabb, viszont ann\u00e1l vesz\u00e9lyesebb \u201eid\u0151kapszula\u201d miatt riasztott\u00e1k tegnap a Nagyboldogasszony \u00e9s Szent Adalbert-f\u0151sz\u00e9kesegyh\u00e1zhoz. A kupola dob oldalfal\u00e1ba f\u00far\u00f3dott felt\u00e9telezett robban\u00f3test ker\u00fclt ugyanis el\u0151 a rekonstrukci\u00f3s munk\u00e1k sor\u00e1n.<\/p>\n<p>K\u00e9t, az \u00e1llv\u00e1nyzathoz r\u00f6gz\u00edtett ideiglenes lifttel vitt\u00e9k fel az alakulat katon\u00e1it 55 m\u00e9ter magasba, majd Debr\u0151di P\u00e9ter \u0151rnagy, t\u0171zszer\u00e9sz m\u0171veleti f\u0151n\u00f6k megkezdte a t\u00e9glafalba f\u00far\u00f3dott robban\u00f3eszk\u00f6z kiv\u00e9s\u00e9s\u00e9t. Miut\u00e1n siker\u00fclt \u00f3vatosan elt\u00e1vol\u00edtani a l\u00f6ved\u00e9ket, Debr\u0151di \u0151rnagy meg\u00e1llap\u00edtotta, hogy egy 76 millim\u00e9teres, m\u00e1sodik vil\u00e1gh\u00e1bor\u00fas eredet\u0171, szovjet repeszgr\u00e1n\u00e1t ker\u00fclt el\u0151. A robban\u00f3test gy\u00fajt\u00f3szerkezete becsap\u00f3d\u00e1s\u00e1nak pillanat\u00e1ban let\u00f6rt, az eszk\u00f6z pedig eldeform\u00e1l\u00f3dott. Robban\u00f3anyagot tartalmazott a gr\u00e1n\u00e1t test, de sz\u00e1ll\u00edthat\u00f3 \u00e1llapot\u00fa volt, \u00edgy el is vitt\u00e9k azt a katon\u00e1k a helysz\u00ednr\u0151l a Magyar Honv\u00e9ds\u00e9g k\u00f6zponti gy\u0171jt\u0151hely\u00e9re, k\u00e9s\u0151bbi megsemmis\u00edt\u00e9sre \u2013 \u00edrta Gajdos Mil\u00e1n hadnagy, kommunik\u00e1ci\u00f3s tiszt a t\u0171zszer\u00e9szek k\u00f6z\u00f6ss\u00e9gi oldal\u00e1n.<\/p>\n<p><img decoding=\"async\" class=\"alignnone size-large wp-image-40524\" src=\"https:\/\/dorogimedence.hu\/wp-content\/uploads\/2022\/02\/274015136_315717587265303_4739911884307794004_n-1024x680.jpg\" alt=\"\" width=\"755\" height=\"501\" srcset=\"https:\/\/dorogimedence.hu\/wp-content\/uploads\/2022\/02\/274015136_315717587265303_4739911884307794004_n-1024x680.jpg 1024w, https:\/\/dorogimedence.hu\/wp-content\/uploads\/2022\/02\/274015136_315717587265303_4739911884307794004_n-300x199.jpg 300w, https:\/\/dorogimedence.hu\/wp-content\/uploads\/2022\/02\/274015136_315717587265303_4739911884307794004_n-768x510.jpg 768w, https:\/\/dorogimedence.hu\/wp-content\/uploads\/2022\/02\/274015136_315717587265303_4739911884307794004_n-1536x1020.jpg 1536w, https:\/\/dorogimedence.hu\/wp-content\/uploads\/2022\/02\/274015136_315717587265303_4739911884307794004_n-150x100.jpg 150w, https:\/\/dorogimedence.hu\/wp-content\/uploads\/2022\/02\/274015136_315717587265303_4739911884307794004_n-450x299.jpg 450w, https:\/\/dorogimedence.hu\/wp-content\/uploads\/2022\/02\/274015136_315717587265303_4739911884307794004_n-1200x797.jpg 1200w, https:\/\/dorogimedence.hu\/wp-content\/uploads\/2022\/02\/274015136_315717587265303_4739911884307794004_n.jpg 2048w\" sizes=\"(max-width: 755px) 100vw, 755px\" \/><\/p>\n<p>Hozz\u00e1tartozik a t\u00f6rt\u00e9nethez, hogy a feljegyz\u00e9sek szerint 1945-ben a harcok sor\u00e1n t\u00f6bb mint 90 k\u00fcl\u00f6nb\u00f6z\u0151 t\u00edpus\u00fa, illetve gy\u00e1rtm\u00e1ny\u00fa robban\u00f3eszk\u00f6z hullhatott az esztergomi bazilik\u00e1ra, mert a kupola kiv\u00e1l\u00f3 megfigyel\u0151\u00e1ll\u00e1st biztos\u00edtott a harcol\u00f3 katon\u00e1knak. A bevetett t\u00fcz\u00e9rs\u00e9gi eszk\u00f6z\u00f6k jelent\u0151s s\u00e9r\u00fcl\u00e9seket okoztak az \u00e9p\u00fcletben: s\u00falyosan megrong\u00e1lt\u00e1k az oszlopcsarnok egyik elem\u00e9t, a kupola h\u00e9jazat\u00e1t \u00e9s t\u00f6nkretett\u00e9k az eredeti Mooser-orgon\u00e1t is. A vil\u00e1g\u00e9g\u00e9s nyomai m\u00e1r r\u00e9gen nem l\u00e1that\u00f3ak a f\u0151sz\u00e9kesegyh\u00e1zon, de ez az eset is mutatja, hogy a legv\u00e1ratlanabb helyekr\u0151l is ker\u00fclhetnek el\u0151 szunnyad\u00f3 robban\u00f3eszk\u00f6z\u00f6k, t\u00f6bb mint 75 \u00e9vvel a m\u00e1sodik vil\u00e1gh\u00e1bor\u00fa lez\u00e1r\u00e1s\u00e1t k\u00f6vet\u0151en. Tov\u00e1bbi vil\u00e1gh\u00e1bor\u00fas eml\u00e9kek megtekinthet\u0151ek az Esztergomi Bazilika Kincst\u00e1r\u00e1ban.<\/p>\n<p><a href=\"https:\/\/www.facebook.com\/tuzszereszhadihajo\/posts\/315801963923532\" target=\"_blank\" rel=\"noopener\"><span style=\"text-decoration: underline; color: #0000ff;\"><strong>Tov\u00e1bbi fot\u00f3k&gt;&gt;<\/strong><\/span><\/a><\/p>\n<p><em>Fot\u00f3k, forr\u00e1s: MH 1. Honv\u00e9d T\u0171zszer\u00e9sz \u00c9s Hadihaj\u00f3s Ezred Facebook oldala<\/em><\/p>\n","protected":false},"excerpt":{"rendered":"<p>Febru\u00e1r 15-\u00e9n, kedden a Magyar Honv\u00e9ds\u00e9g 1. Honv\u00e9d T\u0171zszer\u00e9sz \u00c9s Hadihaj\u00f3s Ezred t\u0171zszer\u00e9szeit riasztott\u00e1k az Esztergomi Bazilik\u00e1hoz, mivel a kupola dob oldalfal\u00e1ba f\u00far\u00f3dott felt\u00e9telezett robban\u00f3test ker\u00fclt el\u0151 a rekonstrukci\u00f3s munk\u00e1k sor\u00e1n. 2020-ban kezd\u0151d\u00f6tt meg az Esztergomi Bazilika fel\u00faj\u00edt\u00e1sa \u00e9s \u00e9ppen egy \u00e9ve emeltek ki a f\u0151sz\u00e9kesegyh\u00e1z kupol\u00e1j\u00e1nak aranykeresztj\u00e9b\u0151l egy olyan id\u0151kapszul\u00e1t, amelyet m\u00e9g 1845 augusztus\u00e1ban<\/p>\n","protected":false},"author":1,"featured_media":40522,"comment_status":"closed","ping_status":"closed","sticky":false,"template":"","format":"standard","meta":{"ngg_post_thumbnail":0,"footnotes":""},"categories":[38,3],"tags":[798,576,3163,5624,5014],"class_list":{"0":"post-40521","1":"post","2":"type-post","3":"status-publish","4":"format-standard","5":"has-post-thumbnail","7":"category-esztergom","8":"category-hirek","9":"tag-bazilika","10":"tag-bomba","11":"tag-esztergomi-bazilika","12":"tag-featured","13":"tag-tuzszereszek"},"yoast_head":"<!-- This site is optimized with the Yoast SEO plugin v27.4 - https:\/\/yoast.com\/product\/yoast-seo-wordpress\/ -->\n<title>Robban\u00f3testet tal\u00e1ltak az Esztergomi Bazilik\u00e1ban<\/title>\n<meta name=\"robots\" content=\"index, follow, max-snippet:-1, max-image-preview:large, max-video-preview:-1\" \/>\n<link rel=\"canonical\" href=\"https:\/\/dorogimedence.hu\/index.php\/2022\/02\/16\/robbanotestet-talaltak-az-esztergomi-bazilikaban\/\" class=\"yoast-seo-meta-tag\" \/>\n<meta property=\"og:locale\" content=\"hu_HU\" class=\"yoast-seo-meta-tag\" \/>\n<meta property=\"og:type\" content=\"article\" class=\"yoast-seo-meta-tag\" \/>\n<meta property=\"og:title\" content=\"Robban\u00f3testet tal\u00e1ltak az Esztergomi Bazilik\u00e1ban\" class=\"yoast-seo-meta-tag\" \/>\n<meta property=\"og:description\" content=\"Febru\u00e1r 15-\u00e9n, kedden a Magyar Honv\u00e9ds\u00e9g 1. Honv\u00e9d T\u0171zszer\u00e9sz \u00c9s Hadihaj\u00f3s Ezred t\u0171zszer\u00e9szeit riasztott\u00e1k az Esztergomi Bazilik\u00e1hoz, mivel a kupola dob oldalfal\u00e1ba f\u00far\u00f3dott felt\u00e9telezett robban\u00f3test ker\u00fclt el\u0151 a rekonstrukci\u00f3s munk\u00e1k sor\u00e1n. 2020-ban kezd\u0151d\u00f6tt meg az Esztergomi Bazilika fel\u00faj\u00edt\u00e1sa \u00e9s \u00e9ppen egy \u00e9ve emeltek ki a f\u0151sz\u00e9kesegyh\u00e1z kupol\u00e1j\u00e1nak aranykeresztj\u00e9b\u0151l egy olyan id\u0151kapszul\u00e1t, amelyet m\u00e9g 1845 augusztus\u00e1ban\" class=\"yoast-seo-meta-tag\" \/>\n<meta property=\"og:url\" content=\"https:\/\/dorogimedence.hu\/index.php\/2022\/02\/16\/robbanotestet-talaltak-az-esztergomi-bazilikaban\/\" class=\"yoast-seo-meta-tag\" \/>\n<meta property=\"og:site_name\" content=\"Dorogi-medence Region\u00e1lis H\u00edrport\u00e1l\" class=\"yoast-seo-meta-tag\" \/>\n<meta property=\"article:publisher\" content=\"https:\/\/www.facebook.com\/dorogimedence\/\" class=\"yoast-seo-meta-tag\" \/>\n<meta property=\"article:published_time\" content=\"2022-02-16T13:33:54+00:00\" class=\"yoast-seo-meta-tag\" \/>\n<meta property=\"article:modified_time\" content=\"2022-02-16T13:34:46+00:00\" class=\"yoast-seo-meta-tag\" \/>\n<meta property=\"og:image\" content=\"https:\/\/i0.wp.com\/dorogimedence.hu\/wp-content\/uploads\/2022\/02\/274082373_315716920598703_7486839589255372251_n.jpg?fit=2048%2C1536&ssl=1\" class=\"yoast-seo-meta-tag\" \/>\n\t<meta property=\"og:image:width\" content=\"2048\" class=\"yoast-seo-meta-tag\" \/>\n\t<meta property=\"og:image:height\" content=\"1536\" class=\"yoast-seo-meta-tag\" \/>\n\t<meta property=\"og:image:type\" content=\"image\/jpeg\" class=\"yoast-seo-meta-tag\" \/>\n<meta name=\"author\" content=\"dorogimedence.hu\" class=\"yoast-seo-meta-tag\" \/>\n<meta name=\"twitter:card\" content=\"summary_large_image\" class=\"yoast-seo-meta-tag\" \/>\n<meta name=\"twitter:label1\" content=\"Szerz\u0151:\" class=\"yoast-seo-meta-tag\" \/>\n\t<meta name=\"twitter:data1\" content=\"dorogimedence.hu\" class=\"yoast-seo-meta-tag\" \/>\n\t<meta name=\"twitter:label2\" content=\"Becs\u00fclt olvas\u00e1si id\u0151\" class=\"yoast-seo-meta-tag\" \/>\n\t<meta name=\"twitter:data2\" content=\"3 perc\" class=\"yoast-seo-meta-tag\" \/>\n<script type=\"application\/ld+json\" class=\"yoast-schema-graph\">{\"@context\":\"https:\\\/\\\/schema.org\",\"@graph\":[{\"@type\":\"Article\",\"@id\":\"https:\\\/\\\/dorogimedence.hu\\\/index.php\\\/2022\\\/02\\\/16\\\/robbanotestet-talaltak-az-esztergomi-bazilikaban\\\/#article\",\"isPartOf\":{\"@id\":\"https:\\\/\\\/dorogimedence.hu\\\/index.php\\\/2022\\\/02\\\/16\\\/robbanotestet-talaltak-az-esztergomi-bazilikaban\\\/\"},\"author\":{\"name\":\"dorogimedence.hu\",\"@id\":\"https:\\\/\\\/dorogimedence.hu\\\/#\\\/schema\\\/person\\\/ce6091eeb7e95ecdc87890d6aa8e0fd4\"},\"headline\":\"Robban\u00f3testet tal\u00e1ltak az Esztergomi Bazilik\u00e1ban\",\"datePublished\":\"2022-02-16T13:33:54+00:00\",\"dateModified\":\"2022-02-16T13:34:46+00:00\",\"mainEntityOfPage\":{\"@id\":\"https:\\\/\\\/dorogimedence.hu\\\/index.php\\\/2022\\\/02\\\/16\\\/robbanotestet-talaltak-az-esztergomi-bazilikaban\\\/\"},\"wordCount\":566,\"publisher\":{\"@id\":\"https:\\\/\\\/dorogimedence.hu\\\/#organization\"},\"image\":{\"@id\":\"https:\\\/\\\/dorogimedence.hu\\\/index.php\\\/2022\\\/02\\\/16\\\/robbanotestet-talaltak-az-esztergomi-bazilikaban\\\/#primaryimage\"},\"thumbnailUrl\":\"https:\\\/\\\/dorogimedence.hu\\\/wp-content\\\/uploads\\\/2022\\\/02\\\/274082373_315716920598703_7486839589255372251_n.jpg\",\"keywords\":[\"Bazilika\",\"bomba\",\"esztergomi bazilika\",\"featured\",\"t\u0171zszer\u00e9szek\"],\"articleSection\":[\"Esztergom\",\"H\u00edrek\"],\"inLanguage\":\"hu\"},{\"@type\":\"WebPage\",\"@id\":\"https:\\\/\\\/dorogimedence.hu\\\/index.php\\\/2022\\\/02\\\/16\\\/robbanotestet-talaltak-az-esztergomi-bazilikaban\\\/\",\"url\":\"https:\\\/\\\/dorogimedence.hu\\\/index.php\\\/2022\\\/02\\\/16\\\/robbanotestet-talaltak-az-esztergomi-bazilikaban\\\/\",\"name\":\"Robban\u00f3testet tal\u00e1ltak az Esztergomi Bazilik\u00e1ban\",\"isPartOf\":{\"@id\":\"https:\\\/\\\/dorogimedence.hu\\\/#website\"},\"primaryImageOfPage\":{\"@id\":\"https:\\\/\\\/dorogimedence.hu\\\/index.php\\\/2022\\\/02\\\/16\\\/robbanotestet-talaltak-az-esztergomi-bazilikaban\\\/#primaryimage\"},\"image\":{\"@id\":\"https:\\\/\\\/dorogimedence.hu\\\/index.php\\\/2022\\\/02\\\/16\\\/robbanotestet-talaltak-az-esztergomi-bazilikaban\\\/#primaryimage\"},\"thumbnailUrl\":\"https:\\\/\\\/dorogimedence.hu\\\/wp-content\\\/uploads\\\/2022\\\/02\\\/274082373_315716920598703_7486839589255372251_n.jpg\",\"datePublished\":\"2022-02-16T13:33:54+00:00\",\"dateModified\":\"2022-02-16T13:34:46+00:00\",\"breadcrumb\":{\"@id\":\"https:\\\/\\\/dorogimedence.hu\\\/index.php\\\/2022\\\/02\\\/16\\\/robbanotestet-talaltak-az-esztergomi-bazilikaban\\\/#breadcrumb\"},\"inLanguage\":\"hu\",\"potentialAction\":[{\"@type\":\"ReadAction\",\"target\":[\"https:\\\/\\\/dorogimedence.hu\\\/index.php\\\/2022\\\/02\\\/16\\\/robbanotestet-talaltak-az-esztergomi-bazilikaban\\\/\"]}]},{\"@type\":\"ImageObject\",\"inLanguage\":\"hu\",\"@id\":\"https:\\\/\\\/dorogimedence.hu\\\/index.php\\\/2022\\\/02\\\/16\\\/robbanotestet-talaltak-az-esztergomi-bazilikaban\\\/#primaryimage\",\"url\":\"https:\\\/\\\/dorogimedence.hu\\\/wp-content\\\/uploads\\\/2022\\\/02\\\/274082373_315716920598703_7486839589255372251_n.jpg\",\"contentUrl\":\"https:\\\/\\\/dorogimedence.hu\\\/wp-content\\\/uploads\\\/2022\\\/02\\\/274082373_315716920598703_7486839589255372251_n.jpg\",\"width\":2048,\"height\":1536},{\"@type\":\"BreadcrumbList\",\"@id\":\"https:\\\/\\\/dorogimedence.hu\\\/index.php\\\/2022\\\/02\\\/16\\\/robbanotestet-talaltak-az-esztergomi-bazilikaban\\\/#breadcrumb\",\"itemListElement\":[{\"@type\":\"ListItem\",\"position\":1,\"name\":\"Kezd\u0151lap\",\"item\":\"https:\\\/\\\/dorogimedence.hu\\\/\"},{\"@type\":\"ListItem\",\"position\":2,\"name\":\"Robban\u00f3testet tal\u00e1ltak az Esztergomi Bazilik\u00e1ban\"}]},{\"@type\":\"WebSite\",\"@id\":\"https:\\\/\\\/dorogimedence.hu\\\/#website\",\"url\":\"https:\\\/\\\/dorogimedence.hu\\\/\",\"name\":\"Dorogi-medence Region\u00e1lis H\u00edrport\u00e1l\",\"description\":\"Dorog, Keszt\u00f6lc, Le\u00e1nyv\u00e1r, Piliscs\u00e9v, Tokod, Tokodalt\u00e1r\u00f3, Csolnok, Esztergom-kertv\u00e1ros: h\u00edrek, programok\",\"publisher\":{\"@id\":\"https:\\\/\\\/dorogimedence.hu\\\/#organization\"},\"potentialAction\":[{\"@type\":\"SearchAction\",\"target\":{\"@type\":\"EntryPoint\",\"urlTemplate\":\"https:\\\/\\\/dorogimedence.hu\\\/?s={search_term_string}\"},\"query-input\":{\"@type\":\"PropertyValueSpecification\",\"valueRequired\":true,\"valueName\":\"search_term_string\"}}],\"inLanguage\":\"hu\"},{\"@type\":\"Organization\",\"@id\":\"https:\\\/\\\/dorogimedence.hu\\\/#organization\",\"name\":\"Dorogi-medence Region\u00e1lis H\u00edrport\u00e1l\",\"url\":\"https:\\\/\\\/dorogimedence.hu\\\/\",\"logo\":{\"@type\":\"ImageObject\",\"inLanguage\":\"hu\",\"@id\":\"https:\\\/\\\/dorogimedence.hu\\\/#\\\/schema\\\/logo\\\/image\\\/\",\"url\":\"https:\\\/\\\/dorogimedence.hu\\\/wp-content\\\/uploads\\\/2021\\\/04\\\/logo-feher-600.png\",\"contentUrl\":\"https:\\\/\\\/dorogimedence.hu\\\/wp-content\\\/uploads\\\/2021\\\/04\\\/logo-feher-600.png\",\"width\":600,\"height\":100,\"caption\":\"Dorogi-medence Region\u00e1lis H\u00edrport\u00e1l\"},\"image\":{\"@id\":\"https:\\\/\\\/dorogimedence.hu\\\/#\\\/schema\\\/logo\\\/image\\\/\"},\"sameAs\":[\"https:\\\/\\\/www.facebook.com\\\/dorogimedence\\\/\"]},{\"@type\":\"Person\",\"@id\":\"https:\\\/\\\/dorogimedence.hu\\\/#\\\/schema\\\/person\\\/ce6091eeb7e95ecdc87890d6aa8e0fd4\",\"name\":\"dorogimedence.hu\",\"image\":{\"@type\":\"ImageObject\",\"inLanguage\":\"hu\",\"@id\":\"\\\/\\\/www.gravatar.com\\\/avatar\\\/d8d45f8901aadff40a4af72c0b826f1d?s=96&#038;r=g&#038;d=mm\",\"url\":\"\\\/\\\/www.gravatar.com\\\/avatar\\\/d8d45f8901aadff40a4af72c0b826f1d?s=96&#038;r=g&#038;d=mm\",\"contentUrl\":\"\\\/\\\/www.gravatar.com\\\/avatar\\\/d8d45f8901aadff40a4af72c0b826f1d?s=96&#038;r=g&#038;d=mm\",\"caption\":\"dorogimedence.hu\"}}]}<\/script>\n<!-- \/ Yoast SEO plugin. -->","yoast_head_json":{"title":"Robban\u00f3testet tal\u00e1ltak az Esztergomi Bazilik\u00e1ban","robots":{"index":"index","follow":"follow","max-snippet":"max-snippet:-1","max-image-preview":"max-image-preview:large","max-video-preview":"max-video-preview:-1"},"canonical":"https:\/\/dorogimedence.hu\/index.php\/2022\/02\/16\/robbanotestet-talaltak-az-esztergomi-bazilikaban\/","og_locale":"hu_HU","og_type":"article","og_title":"Robban\u00f3testet tal\u00e1ltak az Esztergomi Bazilik\u00e1ban","og_description":"Febru\u00e1r 15-\u00e9n, kedden a Magyar Honv\u00e9ds\u00e9g 1. Honv\u00e9d T\u0171zszer\u00e9sz \u00c9s Hadihaj\u00f3s Ezred t\u0171zszer\u00e9szeit riasztott\u00e1k az Esztergomi Bazilik\u00e1hoz, mivel a kupola dob oldalfal\u00e1ba f\u00far\u00f3dott felt\u00e9telezett robban\u00f3test ker\u00fclt el\u0151 a rekonstrukci\u00f3s munk\u00e1k sor\u00e1n. 2020-ban kezd\u0151d\u00f6tt meg az Esztergomi Bazilika fel\u00faj\u00edt\u00e1sa \u00e9s \u00e9ppen egy \u00e9ve emeltek ki a f\u0151sz\u00e9kesegyh\u00e1z kupol\u00e1j\u00e1nak aranykeresztj\u00e9b\u0151l egy olyan id\u0151kapszul\u00e1t, amelyet m\u00e9g 1845 augusztus\u00e1ban","og_url":"https:\/\/dorogimedence.hu\/index.php\/2022\/02\/16\/robbanotestet-talaltak-az-esztergomi-bazilikaban\/","og_site_name":"Dorogi-medence Region\u00e1lis H\u00edrport\u00e1l","article_publisher":"https:\/\/www.facebook.com\/dorogimedence\/","article_published_time":"2022-02-16T13:33:54+00:00","article_modified_time":"2022-02-16T13:34:46+00:00","og_image":[{"width":2048,"height":1536,"url":"https:\/\/i0.wp.com\/dorogimedence.hu\/wp-content\/uploads\/2022\/02\/274082373_315716920598703_7486839589255372251_n.jpg?fit=2048%2C1536&ssl=1","type":"image\/jpeg"}],"author":"dorogimedence.hu","twitter_card":"summary_large_image","twitter_misc":{"Szerz\u0151:":"dorogimedence.hu","Becs\u00fclt olvas\u00e1si id\u0151":"3 perc"},"schema":{"@context":"https:\/\/schema.org","@graph":[{"@type":"Article","@id":"https:\/\/dorogimedence.hu\/index.php\/2022\/02\/16\/robbanotestet-talaltak-az-esztergomi-bazilikaban\/#article","isPartOf":{"@id":"https:\/\/dorogimedence.hu\/index.php\/2022\/02\/16\/robbanotestet-talaltak-az-esztergomi-bazilikaban\/"},"author":{"name":"dorogimedence.hu","@id":"https:\/\/dorogimedence.hu\/#\/schema\/person\/ce6091eeb7e95ecdc87890d6aa8e0fd4"},"headline":"Robban\u00f3testet tal\u00e1ltak az Esztergomi Bazilik\u00e1ban","datePublished":"2022-02-16T13:33:54+00:00","dateModified":"2022-02-16T13:34:46+00:00","mainEntityOfPage":{"@id":"https:\/\/dorogimedence.hu\/index.php\/2022\/02\/16\/robbanotestet-talaltak-az-esztergomi-bazilikaban\/"},"wordCount":566,"publisher":{"@id":"https:\/\/dorogimedence.hu\/#organization"},"image":{"@id":"https:\/\/dorogimedence.hu\/index.php\/2022\/02\/16\/robbanotestet-talaltak-az-esztergomi-bazilikaban\/#primaryimage"},"thumbnailUrl":"https:\/\/dorogimedence.hu\/wp-content\/uploads\/2022\/02\/274082373_315716920598703_7486839589255372251_n.jpg","keywords":["Bazilika","bomba","esztergomi bazilika","featured","t\u0171zszer\u00e9szek"],"articleSection":["Esztergom","H\u00edrek"],"inLanguage":"hu"},{"@type":"WebPage","@id":"https:\/\/dorogimedence.hu\/index.php\/2022\/02\/16\/robbanotestet-talaltak-az-esztergomi-bazilikaban\/","url":"https:\/\/dorogimedence.hu\/index.php\/2022\/02\/16\/robbanotestet-talaltak-az-esztergomi-bazilikaban\/","name":"Robban\u00f3testet tal\u00e1ltak az Esztergomi Bazilik\u00e1ban","isPartOf":{"@id":"https:\/\/dorogimedence.hu\/#website"},"primaryImageOfPage":{"@id":"https:\/\/dorogimedence.hu\/index.php\/2022\/02\/16\/robbanotestet-talaltak-az-esztergomi-bazilikaban\/#primaryimage"},"image":{"@id":"https:\/\/dorogimedence.hu\/index.php\/2022\/02\/16\/robbanotestet-talaltak-az-esztergomi-bazilikaban\/#primaryimage"},"thumbnailUrl":"https:\/\/dorogimedence.hu\/wp-content\/uploads\/2022\/02\/274082373_315716920598703_7486839589255372251_n.jpg","datePublished":"2022-02-16T13:33:54+00:00","dateModified":"2022-02-16T13:34:46+00:00","breadcrumb":{"@id":"https:\/\/dorogimedence.hu\/index.php\/2022\/02\/16\/robbanotestet-talaltak-az-esztergomi-bazilikaban\/#breadcrumb"},"inLanguage":"hu","potentialAction":[{"@type":"ReadAction","target":["https:\/\/dorogimedence.hu\/index.php\/2022\/02\/16\/robbanotestet-talaltak-az-esztergomi-bazilikaban\/"]}]},{"@type":"ImageObject","inLanguage":"hu","@id":"https:\/\/dorogimedence.hu\/index.php\/2022\/02\/16\/robbanotestet-talaltak-az-esztergomi-bazilikaban\/#primaryimage","url":"https:\/\/dorogimedence.hu\/wp-content\/uploads\/2022\/02\/274082373_315716920598703_7486839589255372251_n.jpg","contentUrl":"https:\/\/dorogimedence.hu\/wp-content\/uploads\/2022\/02\/274082373_315716920598703_7486839589255372251_n.jpg","width":2048,"height":1536},{"@type":"BreadcrumbList","@id":"https:\/\/dorogimedence.hu\/index.php\/2022\/02\/16\/robbanotestet-talaltak-az-esztergomi-bazilikaban\/#breadcrumb","itemListElement":[{"@type":"ListItem","position":1,"name":"Kezd\u0151lap","item":"https:\/\/dorogimedence.hu\/"},{"@type":"ListItem","position":2,"name":"Robban\u00f3testet tal\u00e1ltak az Esztergomi Bazilik\u00e1ban"}]},{"@type":"WebSite","@id":"https:\/\/dorogimedence.hu\/#website","url":"https:\/\/dorogimedence.hu\/","name":"Dorogi-medence Region\u00e1lis H\u00edrport\u00e1l","description":"Dorog, Keszt\u00f6lc, Le\u00e1nyv\u00e1r, Piliscs\u00e9v, Tokod, Tokodalt\u00e1r\u00f3, Csolnok, Esztergom-kertv\u00e1ros: h\u00edrek, programok","publisher":{"@id":"https:\/\/dorogimedence.hu\/#organization"},"potentialAction":[{"@type":"SearchAction","target":{"@type":"EntryPoint","urlTemplate":"https:\/\/dorogimedence.hu\/?s={search_term_string}"},"query-input":{"@type":"PropertyValueSpecification","valueRequired":true,"valueName":"search_term_string"}}],"inLanguage":"hu"},{"@type":"Organization","@id":"https:\/\/dorogimedence.hu\/#organization","name":"Dorogi-medence Region\u00e1lis H\u00edrport\u00e1l","url":"https:\/\/dorogimedence.hu\/","logo":{"@type":"ImageObject","inLanguage":"hu","@id":"https:\/\/dorogimedence.hu\/#\/schema\/logo\/image\/","url":"https:\/\/dorogimedence.hu\/wp-content\/uploads\/2021\/04\/logo-feher-600.png","contentUrl":"https:\/\/dorogimedence.hu\/wp-content\/uploads\/2021\/04\/logo-feher-600.png","width":600,"height":100,"caption":"Dorogi-medence Region\u00e1lis H\u00edrport\u00e1l"},"image":{"@id":"https:\/\/dorogimedence.hu\/#\/schema\/logo\/image\/"},"sameAs":["https:\/\/www.facebook.com\/dorogimedence\/"]},{"@type":"Person","@id":"https:\/\/dorogimedence.hu\/#\/schema\/person\/ce6091eeb7e95ecdc87890d6aa8e0fd4","name":"dorogimedence.hu","image":{"@type":"ImageObject","inLanguage":"hu","@id":"\/\/www.gravatar.com\/avatar\/d8d45f8901aadff40a4af72c0b826f1d?s=96&#038;r=g&#038;d=mm","url":"\/\/www.gravatar.com\/avatar\/d8d45f8901aadff40a4af72c0b826f1d?s=96&#038;r=g&#038;d=mm","contentUrl":"\/\/www.gravatar.com\/avatar\/d8d45f8901aadff40a4af72c0b826f1d?s=96&#038;r=g&#038;d=mm","caption":"dorogimedence.hu"}}]}},"_links":{"self":[{"href":"https:\/\/dorogimedence.hu\/index.php\/wp-json\/wp\/v2\/posts\/40521","targetHints":{"allow":["GET"]}}],"collection":[{"href":"https:\/\/dorogimedence.hu\/index.php\/wp-json\/wp\/v2\/posts"}],"about":[{"href":"https:\/\/dorogimedence.hu\/index.php\/wp-json\/wp\/v2\/types\/post"}],"author":[{"embeddable":true,"href":"https:\/\/dorogimedence.hu\/index.php\/wp-json\/wp\/v2\/users\/1"}],"replies":[{"embeddable":true,"href":"https:\/\/dorogimedence.hu\/index.php\/wp-json\/wp\/v2\/comments?post=40521"}],"version-history":[{"count":0,"href":"https:\/\/dorogimedence.hu\/index.php\/wp-json\/wp\/v2\/posts\/40521\/revisions"}],"wp:featuredmedia":[{"embeddable":true,"href":"https:\/\/dorogimedence.hu\/index.php\/wp-json\/wp\/v2\/media\/40522"}],"wp:attachment":[{"href":"https:\/\/dorogimedence.hu\/index.php\/wp-json\/wp\/v2\/media?parent=40521"}],"wp:term":[{"taxonomy":"category","embeddable":true,"href":"https:\/\/dorogimedence.hu\/index.php\/wp-json\/wp\/v2\/categories?post=40521"},{"taxonomy":"post_tag","embeddable":true,"href":"https:\/\/dorogimedence.hu\/index.php\/wp-json\/wp\/v2\/tags?post=40521"}],"curies":[{"name":"wp","href":"https:\/\/api.w.org\/{rel}","templated":true}]}}