{"id":40483,"date":"2022-02-15T14:36:06","date_gmt":"2022-02-15T13:36:06","guid":{"rendered":"https:\/\/dorogimedence.hu\/?p=40483"},"modified":"2022-02-15T15:08:28","modified_gmt":"2022-02-15T14:08:28","slug":"tudta-nelkul-kerult-be-a-pilisszentleleken-forgatott-sorozatba","status":"publish","type":"post","link":"https:\/\/dorogimedence.hu\/index.php\/2022\/02\/15\/tudta-nelkul-kerult-be-a-pilisszentleleken-forgatott-sorozatba\/","title":{"rendered":"Tudta n\u00e9lk\u00fcl ker\u00fclt be a Pilisszentl\u00e9leken forgatott sorozatba"},"content":{"rendered":"<p><strong>Mintegy k\u00e9tmilli\u00f3 forintot fizethet A mi kis falunk c\u00edm\u0171 sorozat gy\u00e1rt\u00f3ja, mivel a pilisszentl\u00e9leki Rem\u00e9nyi J\u00e1nos a tudta n\u00e9lk\u00fcl szerepelt a sorozat egyik epiz\u00f3dj\u00e1ban h\u00e1rom m\u00e1sodperc hosszan.<\/strong><\/p>\n<p>A <a href=\"https:\/\/magyarnemzet.hu\/belfold\/2022\/02\/pert-vesztett-a-mi-kis-falunk-sorozatot-gyarto-ceg\" target=\"_blank\" rel=\"noopener\"><span style=\"text-decoration: underline; color: #0000ff;\">Magyar Nemzet<\/span><\/a> megtudta, hogy Rem\u00e9nyi J\u00e1nos az\u00e9rt fordult b\u00edr\u00f3s\u00e1ghoz, mert a tudta \u00e9s enged\u00e9lye n\u00e9lk\u00fcl 2019-ben n\u00e9h\u00e1ny m\u00e1sodperc erej\u00e9ig olyan, falusi \u00e9letk\u00e9pi hat\u00e1st kelt\u0151 v\u00e1g\u00f3k\u00e9pet tettek be a sorozatba, amelyen \u0151 l\u00e1that\u00f3. A Tatab\u00e1nyai T\u00f6rv\u00e9nysz\u00e9k \u00edt\u00e9let\u00e9ben meg\u00e1llap\u00edtotta: a Content Factory Kft. azzal, hogy a f\u00e9rfir\u00f3l annak enged\u00e9lye n\u00e9lk\u00fcl mozg\u00f3k\u00e9pes k\u00e9pfelv\u00e9telt k\u00e9sz\u00edtett, azt felhaszn\u00e1lta \u00e9s elhelyezte az \u00e1ltala gy\u00e1rtott A mi kis falunk c\u00edm\u0171 t\u00e9v\u00e9sorozat 4. \u00e9vad 4. r\u00e9sz\u00e9nek 39. perc\u00e9ben h\u00e1rom m\u00e1sodperc hosszan, m\u00e1sr\u00e9szt k\u00f6zl\u00e9sre \u00e1tadta a Magyar RTL Telev\u00edzi\u00f3 Zrt.-nek, megs\u00e9rtette Rem\u00e9nyi J\u00e1nos k\u00e9pm\u00e1shoz \u00e9s hangfelv\u00e9telhez val\u00f3 szem\u00e9lyis\u00e9gi jog\u00e1t.<\/p>\n<p>Gaudi-Nagy Tam\u00e1s, a Rem\u00e9nyi J\u00e1nost k\u00e9pvisel\u0151 \u00fcgyv\u00e9d a Magyar Nemzetnek elmondta, hogy az elj\u00e1r\u00e1s megind\u00edt\u00e1sa el\u0151tt felh\u00edvt\u00e1k a c\u00e9get a jogs\u00e9rt\u00e9s megsz\u00fcntet\u00e9s\u00e9re \u00e9s el\u00e9gt\u00e9tel ad\u00e1s\u00e1ra, a Content Factory Kft. azonban \u2013 a jogs\u00e9rt\u00e9s t\u00e9ny\u00e9nek megt\u00f6rt\u00e9nt\u00e9t is vitatva \u2013 a jogvita peren k\u00edv\u00fcli rendez\u00e9s\u00e9t\u0151l elz\u00e1rk\u00f3zott. Annyi t\u00f6rt\u00e9nt csup\u00e1n, hogy a Content Factory Kft. ut\u00f3lag kiv\u00e1gta a Rem\u00e9nyi J\u00e1nos \u00e1ltal s\u00e9relmezett r\u00e9szt az \u00e9rintett epiz\u00f3db\u00f3l. Az \u00fcgyv\u00e9d r\u00e1mutatott arra: az \u00fcgy az\u00e9rt felh\u00e1bor\u00edt\u00f3, mert a helyben lak\u00f3 lok\u00e1lpatri\u00f3ta f\u00e9rfit \u2013 az enged\u00e9lye n\u00e9lk\u00fcl k\u00e9sz\u00edtett h\u00e1rom m\u00e1sodperces v\u00e1g\u00f3k\u00e9pes felv\u00e9tellel \u2013 \u00fagy emelt\u00e9k be a sorozat egyik ad\u00e1s\u00e1ba, mintha statiszta lenne. Szavai szerint tett\u00e9k ezt annak dac\u00e1ra, hogy Pilisszentl\u00e9leken, az Esztergomhoz tartoz\u00f3 h\u00e1romsz\u00e1z f\u0151s telep\u00fcl\u00e9sr\u00e9szen mindenki sz\u00e1m\u00e1ra nyilv\u00e1nval\u00f3: J\u00e1nos kereszt\u00e9ny jobboldali emberk\u00e9nt csal\u00e1dj\u00e1val \u00e9s sok m\u00e1s helyi lakossal egy\u00fctt hat\u00e1rozott ellenz\u0151je a sorozatnak.<\/p>\n<p>A Tatab\u00e1nyai T\u00f6rv\u00e9nysz\u00e9k els\u0151 fok\u00fa \u2013 nem joger\u0151s \u2013 \u00edt\u00e9let\u00e9ben k\u00f6telezte az alperest, hogy tizen\u00f6t napon bel\u00fcl a polg\u00e1ri t\u00f6rv\u00e9nyk\u00f6nyv ide vonatkoz\u00f3 jogszab\u00e1lya alapj\u00e1n adjon el\u00e9gt\u00e9telt oly m\u00f3don, hogy lev\u00e9lben bocs\u00e1natot k\u00e9r. A b\u00edr\u00f3s\u00e1g k\u00f6telezte tov\u00e1bb\u00e1 a Content Factory Kft.-t, hogy tizen\u00f6t napon bel\u00fcl fizessen meg Rem\u00e9nyi J\u00e1nosnak h\u00e1romsz\u00e1zezer forint \u00f6sszeg\u0171 s\u00e9relemd\u00edjat, illetve \u00fcgyv\u00e9di munkad\u00edj c\u00edm\u00e9n 1 634 800 forint perk\u00f6lts\u00e9get.<\/p>\n<p><em>Forr\u00e1s: Magyar Nemzet \/ Tatab\u00e1nyai T\u00f6rv\u00e9nysz\u00e9k<\/em><\/p>\n","protected":false},"excerpt":{"rendered":"<p>Mintegy k\u00e9tmilli\u00f3 forintot fizethet A mi kis falunk c\u00edm\u0171 sorozat gy\u00e1rt\u00f3ja, mivel a pilisszentl\u00e9leki Rem\u00e9nyi J\u00e1nos a tudta n\u00e9lk\u00fcl szerepelt a sorozat egyik epiz\u00f3dj\u00e1ban h\u00e1rom m\u00e1sodperc hosszan. A Magyar Nemzet megtudta, hogy Rem\u00e9nyi J\u00e1nos az\u00e9rt fordult b\u00edr\u00f3s\u00e1ghoz, mert a tudta \u00e9s enged\u00e9lye n\u00e9lk\u00fcl 2019-ben n\u00e9h\u00e1ny m\u00e1sodperc erej\u00e9ig olyan, falusi \u00e9letk\u00e9pi hat\u00e1st kelt\u0151 v\u00e1g\u00f3k\u00e9pet tettek be<\/p>\n","protected":false},"author":1,"featured_media":0,"comment_status":"closed","ping_status":"closed","sticky":false,"template":"","format":"standard","meta":{"ngg_post_thumbnail":0,"footnotes":""},"categories":[38,3,39],"tags":[96,1042,42,523,326],"class_list":{"0":"post-40483","1":"post","2":"type-post","3":"status-publish","4":"format-standard","6":"category-esztergom","7":"category-hirek","8":"category-kek-hirek","9":"tag-a-mi-kis-falunk","10":"tag-birosag","11":"tag-esztergom","12":"tag-pilisszentlelek","13":"tag-ugyeszseg"},"yoast_head":"<!-- This site is optimized with the Yoast SEO plugin v27.4 - https:\/\/yoast.com\/product\/yoast-seo-wordpress\/ -->\n<title>Tudta n\u00e9lk\u00fcl ker\u00fclt be a Pilisszentl\u00e9leken forgatott sorozatba<\/title>\n<meta name=\"robots\" content=\"index, follow, max-snippet:-1, max-image-preview:large, max-video-preview:-1\" \/>\n<link rel=\"canonical\" href=\"https:\/\/dorogimedence.hu\/index.php\/2022\/02\/15\/tudta-nelkul-kerult-be-a-pilisszentleleken-forgatott-sorozatba\/\" class=\"yoast-seo-meta-tag\" \/>\n<meta property=\"og:locale\" content=\"hu_HU\" class=\"yoast-seo-meta-tag\" \/>\n<meta property=\"og:type\" content=\"article\" class=\"yoast-seo-meta-tag\" \/>\n<meta property=\"og:title\" content=\"Tudta n\u00e9lk\u00fcl ker\u00fclt be a Pilisszentl\u00e9leken forgatott sorozatba\" class=\"yoast-seo-meta-tag\" \/>\n<meta property=\"og:description\" content=\"Mintegy k\u00e9tmilli\u00f3 forintot fizethet A mi kis falunk c\u00edm\u0171 sorozat gy\u00e1rt\u00f3ja, mivel a pilisszentl\u00e9leki Rem\u00e9nyi J\u00e1nos a tudta n\u00e9lk\u00fcl szerepelt a sorozat egyik epiz\u00f3dj\u00e1ban h\u00e1rom m\u00e1sodperc hosszan. A Magyar Nemzet megtudta, hogy Rem\u00e9nyi J\u00e1nos az\u00e9rt fordult b\u00edr\u00f3s\u00e1ghoz, mert a tudta \u00e9s enged\u00e9lye n\u00e9lk\u00fcl 2019-ben n\u00e9h\u00e1ny m\u00e1sodperc erej\u00e9ig olyan, falusi \u00e9letk\u00e9pi hat\u00e1st kelt\u0151 v\u00e1g\u00f3k\u00e9pet tettek be\" class=\"yoast-seo-meta-tag\" \/>\n<meta property=\"og:url\" content=\"https:\/\/dorogimedence.hu\/index.php\/2022\/02\/15\/tudta-nelkul-kerult-be-a-pilisszentleleken-forgatott-sorozatba\/\" class=\"yoast-seo-meta-tag\" \/>\n<meta property=\"og:site_name\" content=\"Dorogi-medence Region\u00e1lis H\u00edrport\u00e1l\" class=\"yoast-seo-meta-tag\" \/>\n<meta property=\"article:publisher\" content=\"https:\/\/www.facebook.com\/dorogimedence\/\" class=\"yoast-seo-meta-tag\" \/>\n<meta property=\"article:published_time\" content=\"2022-02-15T13:36:06+00:00\" class=\"yoast-seo-meta-tag\" \/>\n<meta property=\"article:modified_time\" content=\"2022-02-15T14:08:28+00:00\" class=\"yoast-seo-meta-tag\" \/>\n<meta property=\"og:image\" content=\"https:\/\/i0.wp.com\/dorogimedence.hu\/wp-content\/uploads\/2019\/10\/birosag.jpg?fit=670%2C365&ssl=1\" class=\"yoast-seo-meta-tag\" \/>\n\t<meta property=\"og:image:width\" content=\"670\" class=\"yoast-seo-meta-tag\" \/>\n\t<meta property=\"og:image:height\" content=\"365\" class=\"yoast-seo-meta-tag\" \/>\n\t<meta property=\"og:image:type\" content=\"image\/jpeg\" class=\"yoast-seo-meta-tag\" \/>\n<meta name=\"author\" content=\"dorogimedence.hu\" class=\"yoast-seo-meta-tag\" \/>\n<meta name=\"twitter:card\" content=\"summary_large_image\" class=\"yoast-seo-meta-tag\" \/>\n<meta name=\"twitter:label1\" content=\"Szerz\u0151:\" class=\"yoast-seo-meta-tag\" \/>\n\t<meta name=\"twitter:data1\" content=\"dorogimedence.hu\" class=\"yoast-seo-meta-tag\" \/>\n\t<meta name=\"twitter:label2\" content=\"Becs\u00fclt olvas\u00e1si id\u0151\" class=\"yoast-seo-meta-tag\" \/>\n\t<meta name=\"twitter:data2\" content=\"3 perc\" class=\"yoast-seo-meta-tag\" \/>\n<script type=\"application\/ld+json\" class=\"yoast-schema-graph\">{\"@context\":\"https:\\\/\\\/schema.org\",\"@graph\":[{\"@type\":\"Article\",\"@id\":\"https:\\\/\\\/dorogimedence.hu\\\/index.php\\\/2022\\\/02\\\/15\\\/tudta-nelkul-kerult-be-a-pilisszentleleken-forgatott-sorozatba\\\/#article\",\"isPartOf\":{\"@id\":\"https:\\\/\\\/dorogimedence.hu\\\/index.php\\\/2022\\\/02\\\/15\\\/tudta-nelkul-kerult-be-a-pilisszentleleken-forgatott-sorozatba\\\/\"},\"author\":{\"name\":\"dorogimedence.hu\",\"@id\":\"https:\\\/\\\/dorogimedence.hu\\\/#\\\/schema\\\/person\\\/ce6091eeb7e95ecdc87890d6aa8e0fd4\"},\"headline\":\"Tudta n\u00e9lk\u00fcl ker\u00fclt be a Pilisszentl\u00e9leken forgatott sorozatba\",\"datePublished\":\"2022-02-15T13:36:06+00:00\",\"dateModified\":\"2022-02-15T14:08:28+00:00\",\"mainEntityOfPage\":{\"@id\":\"https:\\\/\\\/dorogimedence.hu\\\/index.php\\\/2022\\\/02\\\/15\\\/tudta-nelkul-kerult-be-a-pilisszentleleken-forgatott-sorozatba\\\/\"},\"wordCount\":525,\"publisher\":{\"@id\":\"https:\\\/\\\/dorogimedence.hu\\\/#organization\"},\"keywords\":[\"A mi kis falunk\",\"b\u00edr\u00f3s\u00e1g\",\"esztergom\",\"Pilisszentl\u00e9lek\",\"\u00fcgy\u00e9szs\u00e9g\"],\"articleSection\":[\"Esztergom\",\"H\u00edrek\",\"K\u00e9k h\u00edrek\"],\"inLanguage\":\"hu\"},{\"@type\":\"WebPage\",\"@id\":\"https:\\\/\\\/dorogimedence.hu\\\/index.php\\\/2022\\\/02\\\/15\\\/tudta-nelkul-kerult-be-a-pilisszentleleken-forgatott-sorozatba\\\/\",\"url\":\"https:\\\/\\\/dorogimedence.hu\\\/index.php\\\/2022\\\/02\\\/15\\\/tudta-nelkul-kerult-be-a-pilisszentleleken-forgatott-sorozatba\\\/\",\"name\":\"Tudta n\u00e9lk\u00fcl ker\u00fclt be a Pilisszentl\u00e9leken forgatott sorozatba\",\"isPartOf\":{\"@id\":\"https:\\\/\\\/dorogimedence.hu\\\/#website\"},\"datePublished\":\"2022-02-15T13:36:06+00:00\",\"dateModified\":\"2022-02-15T14:08:28+00:00\",\"breadcrumb\":{\"@id\":\"https:\\\/\\\/dorogimedence.hu\\\/index.php\\\/2022\\\/02\\\/15\\\/tudta-nelkul-kerult-be-a-pilisszentleleken-forgatott-sorozatba\\\/#breadcrumb\"},\"inLanguage\":\"hu\",\"potentialAction\":[{\"@type\":\"ReadAction\",\"target\":[\"https:\\\/\\\/dorogimedence.hu\\\/index.php\\\/2022\\\/02\\\/15\\\/tudta-nelkul-kerult-be-a-pilisszentleleken-forgatott-sorozatba\\\/\"]}]},{\"@type\":\"BreadcrumbList\",\"@id\":\"https:\\\/\\\/dorogimedence.hu\\\/index.php\\\/2022\\\/02\\\/15\\\/tudta-nelkul-kerult-be-a-pilisszentleleken-forgatott-sorozatba\\\/#breadcrumb\",\"itemListElement\":[{\"@type\":\"ListItem\",\"position\":1,\"name\":\"Kezd\u0151lap\",\"item\":\"https:\\\/\\\/dorogimedence.hu\\\/\"},{\"@type\":\"ListItem\",\"position\":2,\"name\":\"Tudta n\u00e9lk\u00fcl ker\u00fclt be a Pilisszentl\u00e9leken forgatott sorozatba\"}]},{\"@type\":\"WebSite\",\"@id\":\"https:\\\/\\\/dorogimedence.hu\\\/#website\",\"url\":\"https:\\\/\\\/dorogimedence.hu\\\/\",\"name\":\"Dorogi-medence Region\u00e1lis H\u00edrport\u00e1l\",\"description\":\"Dorog, Keszt\u00f6lc, Le\u00e1nyv\u00e1r, Piliscs\u00e9v, Tokod, Tokodalt\u00e1r\u00f3, Csolnok, Esztergom-kertv\u00e1ros: h\u00edrek, programok\",\"publisher\":{\"@id\":\"https:\\\/\\\/dorogimedence.hu\\\/#organization\"},\"potentialAction\":[{\"@type\":\"SearchAction\",\"target\":{\"@type\":\"EntryPoint\",\"urlTemplate\":\"https:\\\/\\\/dorogimedence.hu\\\/?s={search_term_string}\"},\"query-input\":{\"@type\":\"PropertyValueSpecification\",\"valueRequired\":true,\"valueName\":\"search_term_string\"}}],\"inLanguage\":\"hu\"},{\"@type\":\"Organization\",\"@id\":\"https:\\\/\\\/dorogimedence.hu\\\/#organization\",\"name\":\"Dorogi-medence Region\u00e1lis H\u00edrport\u00e1l\",\"url\":\"https:\\\/\\\/dorogimedence.hu\\\/\",\"logo\":{\"@type\":\"ImageObject\",\"inLanguage\":\"hu\",\"@id\":\"https:\\\/\\\/dorogimedence.hu\\\/#\\\/schema\\\/logo\\\/image\\\/\",\"url\":\"https:\\\/\\\/dorogimedence.hu\\\/wp-content\\\/uploads\\\/2021\\\/04\\\/logo-feher-600.png\",\"contentUrl\":\"https:\\\/\\\/dorogimedence.hu\\\/wp-content\\\/uploads\\\/2021\\\/04\\\/logo-feher-600.png\",\"width\":600,\"height\":100,\"caption\":\"Dorogi-medence Region\u00e1lis H\u00edrport\u00e1l\"},\"image\":{\"@id\":\"https:\\\/\\\/dorogimedence.hu\\\/#\\\/schema\\\/logo\\\/image\\\/\"},\"sameAs\":[\"https:\\\/\\\/www.facebook.com\\\/dorogimedence\\\/\"]},{\"@type\":\"Person\",\"@id\":\"https:\\\/\\\/dorogimedence.hu\\\/#\\\/schema\\\/person\\\/ce6091eeb7e95ecdc87890d6aa8e0fd4\",\"name\":\"dorogimedence.hu\",\"image\":{\"@type\":\"ImageObject\",\"inLanguage\":\"hu\",\"@id\":\"\\\/\\\/www.gravatar.com\\\/avatar\\\/d8d45f8901aadff40a4af72c0b826f1d?s=96&#038;r=g&#038;d=mm\",\"url\":\"\\\/\\\/www.gravatar.com\\\/avatar\\\/d8d45f8901aadff40a4af72c0b826f1d?s=96&#038;r=g&#038;d=mm\",\"contentUrl\":\"\\\/\\\/www.gravatar.com\\\/avatar\\\/d8d45f8901aadff40a4af72c0b826f1d?s=96&#038;r=g&#038;d=mm\",\"caption\":\"dorogimedence.hu\"}}]}<\/script>\n<!-- \/ Yoast SEO plugin. -->","yoast_head_json":{"title":"Tudta n\u00e9lk\u00fcl ker\u00fclt be a Pilisszentl\u00e9leken forgatott sorozatba","robots":{"index":"index","follow":"follow","max-snippet":"max-snippet:-1","max-image-preview":"max-image-preview:large","max-video-preview":"max-video-preview:-1"},"canonical":"https:\/\/dorogimedence.hu\/index.php\/2022\/02\/15\/tudta-nelkul-kerult-be-a-pilisszentleleken-forgatott-sorozatba\/","og_locale":"hu_HU","og_type":"article","og_title":"Tudta n\u00e9lk\u00fcl ker\u00fclt be a Pilisszentl\u00e9leken forgatott sorozatba","og_description":"Mintegy k\u00e9tmilli\u00f3 forintot fizethet A mi kis falunk c\u00edm\u0171 sorozat gy\u00e1rt\u00f3ja, mivel a pilisszentl\u00e9leki Rem\u00e9nyi J\u00e1nos a tudta n\u00e9lk\u00fcl szerepelt a sorozat egyik epiz\u00f3dj\u00e1ban h\u00e1rom m\u00e1sodperc hosszan. A Magyar Nemzet megtudta, hogy Rem\u00e9nyi J\u00e1nos az\u00e9rt fordult b\u00edr\u00f3s\u00e1ghoz, mert a tudta \u00e9s enged\u00e9lye n\u00e9lk\u00fcl 2019-ben n\u00e9h\u00e1ny m\u00e1sodperc erej\u00e9ig olyan, falusi \u00e9letk\u00e9pi hat\u00e1st kelt\u0151 v\u00e1g\u00f3k\u00e9pet tettek be","og_url":"https:\/\/dorogimedence.hu\/index.php\/2022\/02\/15\/tudta-nelkul-kerult-be-a-pilisszentleleken-forgatott-sorozatba\/","og_site_name":"Dorogi-medence Region\u00e1lis H\u00edrport\u00e1l","article_publisher":"https:\/\/www.facebook.com\/dorogimedence\/","article_published_time":"2022-02-15T13:36:06+00:00","article_modified_time":"2022-02-15T14:08:28+00:00","og_image":[{"width":670,"height":365,"url":"https:\/\/i0.wp.com\/dorogimedence.hu\/wp-content\/uploads\/2019\/10\/birosag.jpg?fit=670%2C365&ssl=1","type":"image\/jpeg"}],"author":"dorogimedence.hu","twitter_card":"summary_large_image","twitter_misc":{"Szerz\u0151:":"dorogimedence.hu","Becs\u00fclt olvas\u00e1si id\u0151":"3 perc"},"schema":{"@context":"https:\/\/schema.org","@graph":[{"@type":"Article","@id":"https:\/\/dorogimedence.hu\/index.php\/2022\/02\/15\/tudta-nelkul-kerult-be-a-pilisszentleleken-forgatott-sorozatba\/#article","isPartOf":{"@id":"https:\/\/dorogimedence.hu\/index.php\/2022\/02\/15\/tudta-nelkul-kerult-be-a-pilisszentleleken-forgatott-sorozatba\/"},"author":{"name":"dorogimedence.hu","@id":"https:\/\/dorogimedence.hu\/#\/schema\/person\/ce6091eeb7e95ecdc87890d6aa8e0fd4"},"headline":"Tudta n\u00e9lk\u00fcl ker\u00fclt be a Pilisszentl\u00e9leken forgatott sorozatba","datePublished":"2022-02-15T13:36:06+00:00","dateModified":"2022-02-15T14:08:28+00:00","mainEntityOfPage":{"@id":"https:\/\/dorogimedence.hu\/index.php\/2022\/02\/15\/tudta-nelkul-kerult-be-a-pilisszentleleken-forgatott-sorozatba\/"},"wordCount":525,"publisher":{"@id":"https:\/\/dorogimedence.hu\/#organization"},"keywords":["A mi kis falunk","b\u00edr\u00f3s\u00e1g","esztergom","Pilisszentl\u00e9lek","\u00fcgy\u00e9szs\u00e9g"],"articleSection":["Esztergom","H\u00edrek","K\u00e9k h\u00edrek"],"inLanguage":"hu"},{"@type":"WebPage","@id":"https:\/\/dorogimedence.hu\/index.php\/2022\/02\/15\/tudta-nelkul-kerult-be-a-pilisszentleleken-forgatott-sorozatba\/","url":"https:\/\/dorogimedence.hu\/index.php\/2022\/02\/15\/tudta-nelkul-kerult-be-a-pilisszentleleken-forgatott-sorozatba\/","name":"Tudta n\u00e9lk\u00fcl ker\u00fclt be a Pilisszentl\u00e9leken forgatott sorozatba","isPartOf":{"@id":"https:\/\/dorogimedence.hu\/#website"},"datePublished":"2022-02-15T13:36:06+00:00","dateModified":"2022-02-15T14:08:28+00:00","breadcrumb":{"@id":"https:\/\/dorogimedence.hu\/index.php\/2022\/02\/15\/tudta-nelkul-kerult-be-a-pilisszentleleken-forgatott-sorozatba\/#breadcrumb"},"inLanguage":"hu","potentialAction":[{"@type":"ReadAction","target":["https:\/\/dorogimedence.hu\/index.php\/2022\/02\/15\/tudta-nelkul-kerult-be-a-pilisszentleleken-forgatott-sorozatba\/"]}]},{"@type":"BreadcrumbList","@id":"https:\/\/dorogimedence.hu\/index.php\/2022\/02\/15\/tudta-nelkul-kerult-be-a-pilisszentleleken-forgatott-sorozatba\/#breadcrumb","itemListElement":[{"@type":"ListItem","position":1,"name":"Kezd\u0151lap","item":"https:\/\/dorogimedence.hu\/"},{"@type":"ListItem","position":2,"name":"Tudta n\u00e9lk\u00fcl ker\u00fclt be a Pilisszentl\u00e9leken forgatott sorozatba"}]},{"@type":"WebSite","@id":"https:\/\/dorogimedence.hu\/#website","url":"https:\/\/dorogimedence.hu\/","name":"Dorogi-medence Region\u00e1lis H\u00edrport\u00e1l","description":"Dorog, Keszt\u00f6lc, Le\u00e1nyv\u00e1r, Piliscs\u00e9v, Tokod, Tokodalt\u00e1r\u00f3, Csolnok, Esztergom-kertv\u00e1ros: h\u00edrek, programok","publisher":{"@id":"https:\/\/dorogimedence.hu\/#organization"},"potentialAction":[{"@type":"SearchAction","target":{"@type":"EntryPoint","urlTemplate":"https:\/\/dorogimedence.hu\/?s={search_term_string}"},"query-input":{"@type":"PropertyValueSpecification","valueRequired":true,"valueName":"search_term_string"}}],"inLanguage":"hu"},{"@type":"Organization","@id":"https:\/\/dorogimedence.hu\/#organization","name":"Dorogi-medence Region\u00e1lis H\u00edrport\u00e1l","url":"https:\/\/dorogimedence.hu\/","logo":{"@type":"ImageObject","inLanguage":"hu","@id":"https:\/\/dorogimedence.hu\/#\/schema\/logo\/image\/","url":"https:\/\/dorogimedence.hu\/wp-content\/uploads\/2021\/04\/logo-feher-600.png","contentUrl":"https:\/\/dorogimedence.hu\/wp-content\/uploads\/2021\/04\/logo-feher-600.png","width":600,"height":100,"caption":"Dorogi-medence Region\u00e1lis H\u00edrport\u00e1l"},"image":{"@id":"https:\/\/dorogimedence.hu\/#\/schema\/logo\/image\/"},"sameAs":["https:\/\/www.facebook.com\/dorogimedence\/"]},{"@type":"Person","@id":"https:\/\/dorogimedence.hu\/#\/schema\/person\/ce6091eeb7e95ecdc87890d6aa8e0fd4","name":"dorogimedence.hu","image":{"@type":"ImageObject","inLanguage":"hu","@id":"\/\/www.gravatar.com\/avatar\/d8d45f8901aadff40a4af72c0b826f1d?s=96&#038;r=g&#038;d=mm","url":"\/\/www.gravatar.com\/avatar\/d8d45f8901aadff40a4af72c0b826f1d?s=96&#038;r=g&#038;d=mm","contentUrl":"\/\/www.gravatar.com\/avatar\/d8d45f8901aadff40a4af72c0b826f1d?s=96&#038;r=g&#038;d=mm","caption":"dorogimedence.hu"}}]}},"_links":{"self":[{"href":"https:\/\/dorogimedence.hu\/index.php\/wp-json\/wp\/v2\/posts\/40483","targetHints":{"allow":["GET"]}}],"collection":[{"href":"https:\/\/dorogimedence.hu\/index.php\/wp-json\/wp\/v2\/posts"}],"about":[{"href":"https:\/\/dorogimedence.hu\/index.php\/wp-json\/wp\/v2\/types\/post"}],"author":[{"embeddable":true,"href":"https:\/\/dorogimedence.hu\/index.php\/wp-json\/wp\/v2\/users\/1"}],"replies":[{"embeddable":true,"href":"https:\/\/dorogimedence.hu\/index.php\/wp-json\/wp\/v2\/comments?post=40483"}],"version-history":[{"count":0,"href":"https:\/\/dorogimedence.hu\/index.php\/wp-json\/wp\/v2\/posts\/40483\/revisions"}],"wp:attachment":[{"href":"https:\/\/dorogimedence.hu\/index.php\/wp-json\/wp\/v2\/media?parent=40483"}],"wp:term":[{"taxonomy":"category","embeddable":true,"href":"https:\/\/dorogimedence.hu\/index.php\/wp-json\/wp\/v2\/categories?post=40483"},{"taxonomy":"post_tag","embeddable":true,"href":"https:\/\/dorogimedence.hu\/index.php\/wp-json\/wp\/v2\/tags?post=40483"}],"curies":[{"name":"wp","href":"https:\/\/api.w.org\/{rel}","templated":true}]}}