{"id":40309,"date":"2022-02-07T13:09:16","date_gmt":"2022-02-07T12:09:16","guid":{"rendered":"https:\/\/dorogimedence.hu\/?p=40309"},"modified":"2022-02-07T13:09:27","modified_gmt":"2022-02-07T12:09:27","slug":"magyarorszag-rendezi-az-idei-vizes-vilagbajnoksagot","status":"publish","type":"post","link":"https:\/\/dorogimedence.hu\/index.php\/2022\/02\/07\/magyarorszag-rendezi-az-idei-vizes-vilagbajnoksagot\/","title":{"rendered":"Magyarorsz\u00e1g rendezi az idei vizes vil\u00e1gbajnoks\u00e1got"},"content":{"rendered":"<p><strong>T\u00f6bb helysz\u00ednen, jelent\u0151s anyagi kedvezm\u00e9nyekkel rendezik Magyarorsz\u00e1gon az idei vizes vil\u00e1gbajnoks\u00e1got. Err\u0151l besz\u00e9lt t\u00f6bbek k\u00f6z\u00f6tt Wlad\u00e1r S\u00e1ndor, a Magyar \u00dasz\u00f3 Sz\u00f6vets\u00e9g eln\u00f6ke, a szervez\u0151-bizotts\u00e1g vezet\u0151je a h\u00e9tf\u0151 d\u00e9lel\u0151tti sajt\u00f3t\u00e1j\u00e9koztat\u00f3n, azt k\u00f6vet\u0151en, hogy a vizes sportokat t\u00f6m\u00f6r\u00edt\u0151 nemzetk\u00f6zi sz\u00f6vets\u00e9g (FINA) bejelentette, j\u00fanius 18. \u00e9s j\u00falius 3. k\u00f6z\u00f6tt Magyarorsz\u00e1g ad otthont a vb-nek, miut\u00e1n az idei, fukuokai vil\u00e1gbajnoks\u00e1got a j\u00f6v\u0151 \u00e9vre halasztott\u00e1k.<\/strong><\/p>\n<p>&#8222;Miut\u00e1n egy hete eld\u0151lt, hogy Fukuoka id\u00e9n sem tudja megrendezni a vil\u00e1gbajnoks\u00e1got, a vizes vil\u00e1g sportol\u00f3i k\u00e9ts\u00e9gbe estek, hiszen azt gondolhatt\u00e1k, hogy az a rengeteg munka, amit elv\u00e9geztek, k\u00e1rba v\u00e9sz. Az \u00fasz\u00f3 \u00e9s a v\u00edzilabda sz\u00f6vets\u00e9g \u00e9rz\u00e9kelte a nyom\u00e1st, \u00e9s azt gondoltuk, Magyarorsz\u00e1g egy zseni\u00e1lis helysz\u00edn, a magyarok pedig m\u00e1r sokszor bizony\u00edtott\u00e1k, hogy kiv\u00e1l\u00f3 h\u00e1zigazd\u00e1k, remek szervez\u0151k&#8221; &#8211; nyilatkozta Wlad\u00e1r S\u00e1ndor, hozz\u00e1t\u00e9ve, hogy a FINA-val folytatott t\u00e1rgyal\u00e1s sor\u00e1n jelent\u0151s anyagi kedvezm\u00e9nyezeket tudtak kiharcolni, hiszen k\u00f6z\u00f6s \u00e9rdekek tal\u00e1lkoztak. Hozz\u00e1tette, ez a rendez\u00e9s nem \u00e9rinti a 2027-es olimpiai kvalifik\u00e1ci\u00f3s vil\u00e1gbajnoks\u00e1got, amelynek ugyancsak Magyarorsz\u00e1g ad otthont.<\/p>\n<p>Wlad\u00e1r S\u00e1ndor kijelentette, nem szeretn\u00e9nek versenyezni a 2017-es budapesti vil\u00e1gbajnoks\u00e1ggal &#8211; ahol a szinkron\u00fasz\u00e1st p\u00e9ld\u00e1ul gy\u00f6ny\u00f6r\u0171 k\u00f6rnyezetben, a V\u00e1rosligetben bonyol\u00edtott\u00e1k le -, hiszen most az a legfontosabb, hogy versenyz\u00e9si lehet\u0151s\u00e9get biztos\u00edtanak a sportol\u00f3knak. A lebonyol\u00edt\u00e1ssal kapcsolatban elhangzott, hogy a szok\u00e1sost\u00f3l elt\u00e9r\u0151en ez\u00fattal a vil\u00e1gbajnoks\u00e1g els\u0151 het\u00e9ben rendezik majd meg a medenc\u00e9s \u00fasz\u00f3k k\u00fczdelmeit, mivel augusztusban, R\u00f3m\u00e1ban m\u00e1r Eur\u00f3pa-bajnoks\u00e1gra ker\u00fcl sor.<\/p>\n<p>Amint elhangzott, a vil\u00e1gbajnoks\u00e1g ez\u00fattal csakis a megl\u00e9v\u0151 l\u00e9tes\u00edtm\u00e9nyekben zajlik majd: az \u00fasz\u00e1s \u00e9s a m\u0171ugr\u00e1s a Duna Ar\u00e9n\u00e1ban, a szinkron\u00fasz\u00e1s a margitszigeti Sz\u00e9chy-uszod\u00e1ban, a v\u00edzilabda a Haj\u00f3s \u00f6tvenese mellett ell\u00e1togat Debrecenbe, valamint a Modern V\u00e1rosok Program keret\u00e9ben \u00e9p\u00edtett vadonat\u00faj soproni \u00e9s szegedi komplexumba, a ny\u00edltv\u00edzi \u00fasz\u00f3k pedig a tervek szerint a tavalyi Eb-n kiv\u00e1l\u00f3an deb\u00fct\u00e1lt Lupa-tavi helysz\u00ednen k\u00fczdenek majd.<\/p>\n<p>A k\u00f6lts\u00e9ghat\u00e9konys\u00e1g r\u00e9sze t\u00f6bbek k\u00f6z\u00f6tt az is, hogy a Duna Ar\u00e9na n\u00e9z\u0151ter\u00e9t nem kell majd az \u00f6t \u00e9vvel ezel\u0151tti m\u00e9ret\u0171re duzzasztani, a FINA j\u00f3val kevesebb vend\u00e9ggel k\u00e9pviselteti mag\u00e1t, illetve nagyj\u00e1b\u00f3l a fel\u00e9re cs\u00f6kkentette a jogd\u00edjaknak \u00e9s a p\u00e9nzd\u00edjaknak a szervez\u0151kre es\u0151 r\u00e9sz\u00e9t.<\/p>\n<p>V\u00e1ri Attila, a Magyar V\u00edzilabda Sz\u00f6vets\u00e9g eln\u00f6ke elmondta, ez a nemzet vil\u00e1gbajnoks\u00e1ga lesz, ugyanis a sport\u00e1g m\u00e9rk\u0151z\u00e9seit nemcsak Budapesten, hanem Sopronban, Debrecenben \u00e9s Szegeden bonyol\u00edtj\u00e1k le. &#8222;Egy hazai rendez\u00e9s\u0171 vil\u00e1gbajnoks\u00e1g minden sportol\u00f3 \u00e1lma, hiszen szent dolog otthon j\u00e1tszani, a fantasztikus szurkol\u00f3ink el\u0151tt&#8221; &#8211; nyilatkozta V\u00e1ri Attila, aki felsz\u00f3l\u00edtott mindenkit arra, ne haszn\u00e1lj\u00e1k fel a vil\u00e1gbajnoks\u00e1got politikai haszonszerz\u00e9sre, hanem egy\u00fctt szurkoljanak a magyaroknak.<\/p>\n<p>Moln\u00e1r Tam\u00e1s, a FINA v\u00edzilabda-bizotts\u00e1g\u00e1nak tagja, az MVLSZ aleln\u00f6ke hangs\u00falyozta, ennek a vb-nek a lehet\u0151s\u00e9ge egy \u00f3ri\u00e1si gy\u0151zelem, amely a korm\u00e1ny \u00e9s a magyar sport elm\u00falt tizenk\u00e9t \u00e9v\u00e9nek munk\u00e1j\u00e1t dics\u00e9ri.<\/p>\n<p>Mih\u00f3k Attila, a vil\u00e1gbajnoks\u00e1got a M\u00daSZ-szal \u00e9s az MVLSZ-szel k\u00f6z\u00f6sen szervez\u0151 Nemzeti Sport\u00fcgyn\u00f6ks\u00e9g vez\u00e9rigazgat\u00f3ja elmondta, a nyit\u00f3- \u00e9s z\u00e1r\u00f3\u00fcnneps\u00e9get is szer\u00e9ny k\u00f6r\u00fclm\u00e9nyek k\u00f6z\u00f6tt tartj\u00e1k majd, ugyanakkor teljes sportol\u00f3i l\u00e9tsz\u00e1mmal rendezik az esem\u00e9nyt, amely 100 ezer vend\u00e9g\u00e9jszak\u00e1t jelent a magyar turizmus sz\u00e1m\u00e1ra. Hozz\u00e1tette, a k\u00f6lts\u00e9gek ter\u00e9n nagyon visszafogott b\u00fcdzs\u00e9vel terveznek, a bev\u00e9teli oldalon azonban szeretn\u00e9k maximaliz\u00e1lni a sz\u00e1mokat.<\/p>\n<p>A sportol\u00f3kat a sajt\u00f3t\u00e1j\u00e9koztat\u00f3n a h\u00e1romszoros olimpiai bajnok Hossz\u00fa Katinka k\u00e9pviselte, aki felid\u00e9zte, karrierje legszebb eml\u00e9ke volt a Duna Ar\u00e9n\u00e1ban aratott sikere. &#8222;Nemcsak a magyaroknak, hanem a vil\u00e1g \u00fasz\u00f3sportj\u00e1nak is nagy lehet\u0151s\u00e9g ez. Magyarorsz\u00e1g m\u00e1r m\u00e1sodszor dob ment\u0151\u00f6vet a sportol\u00f3knak&#8221; &#8211; mondta a kilencszeres nagymedenc\u00e9s vil\u00e1gbajnok, utalva ezzel arra, hogy a 2017-es vil\u00e1gbajnoks\u00e1got Mexik\u00f3 visszal\u00e9p\u00e9s\u00e9t k\u00f6vet\u0151en v\u00e1llalta el Magyarorsz\u00e1g.<\/p>\n<p>A sajt\u00f3t\u00e1j\u00e9koztat\u00f3ba online kapcsol\u00f3dott be Penelope Heyns k\u00e9tszeres olimpiai bajnok d\u00e9l-afrikai \u00fasz\u00f3, a FINA sportol\u00f3i bizotts\u00e1g\u00e1nak vezet\u0151je, B\u00fcro-tag, aki elmondta, a szervezet v\u00e9lem\u00e9nye az volt, ha olyan helysz\u00edn kell, amely ilyen r\u00f6vid id\u0151n bel\u00fcl le tudja bonyol\u00edtani a vil\u00e1gbajnoks\u00e1got, akkor az Magyarorsz\u00e1g. Hozz\u00e1tette, amikor Fukuoka tavaly els\u0151 \u00edzben elhalasztotta a vil\u00e1gbajnoks\u00e1got, t\u00f6bb sportol\u00f3 is ink\u00e1bb a visszavonul\u00e1st v\u00e1lasztotta a felk\u00e9sz\u00fcl\u00e9s eltol\u00e1s\u00e1val ellent\u00e9tben, ez\u00e9rt is van nagy sz\u00fcks\u00e9g a vb megtart\u00e1s\u00e1ra.<\/p>\n<p>Id\u00e9n Fukuok\u00e1ban ker\u00fclt volna sor az eredetileg 2021-r\u0151l elhalasztott vb-re, \u00e1m a FINA a m\u00falt kedden er\u0151s\u00edtette meg hivatalosan, hogy a koronav\u00edrus-j\u00e1rv\u00e1ny miatt egy \u00e9vvel eltolt, 2022. m\u00e1jus 13-29-re tervezett esem\u00e9nyt 2023. j\u00falius 14. \u00e9s 30. k\u00f6z\u00f6tt bonyol\u00edtj\u00e1k le, a 2023 november\u00e9re ki\u00edrt dohai vb-t pedig 2024 janu\u00e1rj\u00e1ra halasztj\u00e1k.<\/p>\n<p>A nemzetk\u00f6zi sz\u00f6vets\u00e9g a 2022-es budapesti vb-r\u0151l hozott mostani d\u00f6nt\u00e9s\u00e9t azzal indokolta, hogy ezzel a sportol\u00f3k lehet\u0151s\u00e9get kapnak arra, miszerint id\u00e9n ny\u00e1ron is egy vil\u00e1gm\u00e9ret\u0171 esem\u00e9nyen szerepeljenek.<\/p>\n<p><em>Forr\u00e1s: MTI<br \/>\nBor\u00edt\u00f3k\u00e9p: <span id=\"ctl05_lbLead4\">MTI\/Illy\u00e9s Tibor<\/span><\/em><\/p>\n","protected":false},"excerpt":{"rendered":"<p>T\u00f6bb helysz\u00ednen, jelent\u0151s anyagi kedvezm\u00e9nyekkel rendezik Magyarorsz\u00e1gon az idei vizes vil\u00e1gbajnoks\u00e1got. Err\u0151l besz\u00e9lt t\u00f6bbek k\u00f6z\u00f6tt Wlad\u00e1r S\u00e1ndor, a Magyar \u00dasz\u00f3 Sz\u00f6vets\u00e9g eln\u00f6ke, a szervez\u0151-bizotts\u00e1g vezet\u0151je a h\u00e9tf\u0151 d\u00e9lel\u0151tti sajt\u00f3t\u00e1j\u00e9koztat\u00f3n, azt k\u00f6vet\u0151en, hogy a vizes sportokat t\u00f6m\u00f6r\u00edt\u0151 nemzetk\u00f6zi sz\u00f6vets\u00e9g (FINA) bejelentette, j\u00fanius 18. \u00e9s j\u00falius 3. k\u00f6z\u00f6tt Magyarorsz\u00e1g ad otthont a vb-nek, miut\u00e1n az idei, fukuokai<\/p>\n","protected":false},"author":1,"featured_media":40310,"comment_status":"closed","ping_status":"closed","sticky":false,"template":"","format":"standard","meta":{"ngg_post_thumbnail":0,"footnotes":""},"categories":[3,5],"tags":[16,17,411,6274],"class_list":{"0":"post-40309","1":"post","2":"type-post","3":"status-publish","4":"format-standard","5":"has-post-thumbnail","7":"category-hirek","8":"category-sport","9":"tag-sport","10":"tag-uszas","11":"tag-vilagbajnoksag","12":"tag-vizes-vb"},"yoast_head":"<!-- This site is optimized with the Yoast SEO plugin v27.5 - https:\/\/yoast.com\/product\/yoast-seo-wordpress\/ -->\n<title>Magyarorsz\u00e1g rendezi az idei vizes vil\u00e1gbajnoks\u00e1got<\/title>\n<meta name=\"robots\" content=\"index, follow, max-snippet:-1, max-image-preview:large, max-video-preview:-1\" \/>\n<link rel=\"canonical\" href=\"https:\/\/dorogimedence.hu\/index.php\/2022\/02\/07\/magyarorszag-rendezi-az-idei-vizes-vilagbajnoksagot\/\" class=\"yoast-seo-meta-tag\" \/>\n<meta property=\"og:locale\" content=\"hu_HU\" class=\"yoast-seo-meta-tag\" \/>\n<meta property=\"og:type\" content=\"article\" class=\"yoast-seo-meta-tag\" \/>\n<meta property=\"og:title\" content=\"Magyarorsz\u00e1g rendezi az idei vizes vil\u00e1gbajnoks\u00e1got\" class=\"yoast-seo-meta-tag\" \/>\n<meta property=\"og:description\" content=\"T\u00f6bb helysz\u00ednen, jelent\u0151s anyagi kedvezm\u00e9nyekkel rendezik Magyarorsz\u00e1gon az idei vizes vil\u00e1gbajnoks\u00e1got. Err\u0151l besz\u00e9lt t\u00f6bbek k\u00f6z\u00f6tt Wlad\u00e1r S\u00e1ndor, a Magyar \u00dasz\u00f3 Sz\u00f6vets\u00e9g eln\u00f6ke, a szervez\u0151-bizotts\u00e1g vezet\u0151je a h\u00e9tf\u0151 d\u00e9lel\u0151tti sajt\u00f3t\u00e1j\u00e9koztat\u00f3n, azt k\u00f6vet\u0151en, hogy a vizes sportokat t\u00f6m\u00f6r\u00edt\u0151 nemzetk\u00f6zi sz\u00f6vets\u00e9g (FINA) bejelentette, j\u00fanius 18. \u00e9s j\u00falius 3. k\u00f6z\u00f6tt Magyarorsz\u00e1g ad otthont a vb-nek, miut\u00e1n az idei, fukuokai\" class=\"yoast-seo-meta-tag\" \/>\n<meta property=\"og:url\" content=\"https:\/\/dorogimedence.hu\/index.php\/2022\/02\/07\/magyarorszag-rendezi-az-idei-vizes-vilagbajnoksagot\/\" class=\"yoast-seo-meta-tag\" \/>\n<meta property=\"og:site_name\" content=\"Dorogi-medence Region\u00e1lis H\u00edrport\u00e1l\" class=\"yoast-seo-meta-tag\" \/>\n<meta property=\"article:publisher\" content=\"https:\/\/www.facebook.com\/dorogimedence\/\" class=\"yoast-seo-meta-tag\" \/>\n<meta property=\"article:published_time\" content=\"2022-02-07T12:09:16+00:00\" class=\"yoast-seo-meta-tag\" \/>\n<meta property=\"article:modified_time\" content=\"2022-02-07T12:09:27+00:00\" class=\"yoast-seo-meta-tag\" \/>\n<meta property=\"og:image\" content=\"https:\/\/i0.wp.com\/dorogimedence.hu\/wp-content\/uploads\/2022\/02\/vizes-vb.jpg?fit=1920%2C1107&ssl=1\" class=\"yoast-seo-meta-tag\" \/>\n\t<meta property=\"og:image:width\" content=\"1920\" class=\"yoast-seo-meta-tag\" \/>\n\t<meta property=\"og:image:height\" content=\"1107\" class=\"yoast-seo-meta-tag\" \/>\n\t<meta property=\"og:image:type\" content=\"image\/jpeg\" class=\"yoast-seo-meta-tag\" \/>\n<meta name=\"author\" content=\"dorogimedence.hu\" class=\"yoast-seo-meta-tag\" \/>\n<meta name=\"twitter:card\" content=\"summary_large_image\" class=\"yoast-seo-meta-tag\" \/>\n<meta name=\"twitter:label1\" content=\"Szerz\u0151:\" class=\"yoast-seo-meta-tag\" \/>\n\t<meta name=\"twitter:data1\" content=\"dorogimedence.hu\" class=\"yoast-seo-meta-tag\" \/>\n\t<meta name=\"twitter:label2\" content=\"Becs\u00fclt olvas\u00e1si id\u0151\" class=\"yoast-seo-meta-tag\" \/>\n\t<meta name=\"twitter:data2\" content=\"5 perc\" class=\"yoast-seo-meta-tag\" \/>\n<script type=\"application\/ld+json\" class=\"yoast-schema-graph\">{\"@context\":\"https:\\\/\\\/schema.org\",\"@graph\":[{\"@type\":\"Article\",\"@id\":\"https:\\\/\\\/dorogimedence.hu\\\/index.php\\\/2022\\\/02\\\/07\\\/magyarorszag-rendezi-az-idei-vizes-vilagbajnoksagot\\\/#article\",\"isPartOf\":{\"@id\":\"https:\\\/\\\/dorogimedence.hu\\\/index.php\\\/2022\\\/02\\\/07\\\/magyarorszag-rendezi-az-idei-vizes-vilagbajnoksagot\\\/\"},\"author\":{\"name\":\"dorogimedence.hu\",\"@id\":\"https:\\\/\\\/dorogimedence.hu\\\/#\\\/schema\\\/person\\\/ce6091eeb7e95ecdc87890d6aa8e0fd4\"},\"headline\":\"Magyarorsz\u00e1g rendezi az idei vizes vil\u00e1gbajnoks\u00e1got\",\"datePublished\":\"2022-02-07T12:09:16+00:00\",\"dateModified\":\"2022-02-07T12:09:27+00:00\",\"mainEntityOfPage\":{\"@id\":\"https:\\\/\\\/dorogimedence.hu\\\/index.php\\\/2022\\\/02\\\/07\\\/magyarorszag-rendezi-az-idei-vizes-vilagbajnoksagot\\\/\"},\"wordCount\":1069,\"publisher\":{\"@id\":\"https:\\\/\\\/dorogimedence.hu\\\/#organization\"},\"image\":{\"@id\":\"https:\\\/\\\/dorogimedence.hu\\\/index.php\\\/2022\\\/02\\\/07\\\/magyarorszag-rendezi-az-idei-vizes-vilagbajnoksagot\\\/#primaryimage\"},\"thumbnailUrl\":\"https:\\\/\\\/dorogimedence.hu\\\/wp-content\\\/uploads\\\/2022\\\/02\\\/vizes-vb.jpg\",\"keywords\":[\"sport\",\"\u00fasz\u00e1s\",\"vil\u00e1gbajnoks\u00e1g\",\"vizes vb\"],\"articleSection\":[\"H\u00edrek\",\"Sport\"],\"inLanguage\":\"hu\"},{\"@type\":\"WebPage\",\"@id\":\"https:\\\/\\\/dorogimedence.hu\\\/index.php\\\/2022\\\/02\\\/07\\\/magyarorszag-rendezi-az-idei-vizes-vilagbajnoksagot\\\/\",\"url\":\"https:\\\/\\\/dorogimedence.hu\\\/index.php\\\/2022\\\/02\\\/07\\\/magyarorszag-rendezi-az-idei-vizes-vilagbajnoksagot\\\/\",\"name\":\"Magyarorsz\u00e1g rendezi az idei vizes vil\u00e1gbajnoks\u00e1got\",\"isPartOf\":{\"@id\":\"https:\\\/\\\/dorogimedence.hu\\\/#website\"},\"primaryImageOfPage\":{\"@id\":\"https:\\\/\\\/dorogimedence.hu\\\/index.php\\\/2022\\\/02\\\/07\\\/magyarorszag-rendezi-az-idei-vizes-vilagbajnoksagot\\\/#primaryimage\"},\"image\":{\"@id\":\"https:\\\/\\\/dorogimedence.hu\\\/index.php\\\/2022\\\/02\\\/07\\\/magyarorszag-rendezi-az-idei-vizes-vilagbajnoksagot\\\/#primaryimage\"},\"thumbnailUrl\":\"https:\\\/\\\/dorogimedence.hu\\\/wp-content\\\/uploads\\\/2022\\\/02\\\/vizes-vb.jpg\",\"datePublished\":\"2022-02-07T12:09:16+00:00\",\"dateModified\":\"2022-02-07T12:09:27+00:00\",\"breadcrumb\":{\"@id\":\"https:\\\/\\\/dorogimedence.hu\\\/index.php\\\/2022\\\/02\\\/07\\\/magyarorszag-rendezi-az-idei-vizes-vilagbajnoksagot\\\/#breadcrumb\"},\"inLanguage\":\"hu\",\"potentialAction\":[{\"@type\":\"ReadAction\",\"target\":[\"https:\\\/\\\/dorogimedence.hu\\\/index.php\\\/2022\\\/02\\\/07\\\/magyarorszag-rendezi-az-idei-vizes-vilagbajnoksagot\\\/\"]}]},{\"@type\":\"ImageObject\",\"inLanguage\":\"hu\",\"@id\":\"https:\\\/\\\/dorogimedence.hu\\\/index.php\\\/2022\\\/02\\\/07\\\/magyarorszag-rendezi-az-idei-vizes-vilagbajnoksagot\\\/#primaryimage\",\"url\":\"https:\\\/\\\/dorogimedence.hu\\\/wp-content\\\/uploads\\\/2022\\\/02\\\/vizes-vb.jpg\",\"contentUrl\":\"https:\\\/\\\/dorogimedence.hu\\\/wp-content\\\/uploads\\\/2022\\\/02\\\/vizes-vb.jpg\",\"width\":1920,\"height\":1107},{\"@type\":\"BreadcrumbList\",\"@id\":\"https:\\\/\\\/dorogimedence.hu\\\/index.php\\\/2022\\\/02\\\/07\\\/magyarorszag-rendezi-az-idei-vizes-vilagbajnoksagot\\\/#breadcrumb\",\"itemListElement\":[{\"@type\":\"ListItem\",\"position\":1,\"name\":\"Kezd\u0151lap\",\"item\":\"https:\\\/\\\/dorogimedence.hu\\\/\"},{\"@type\":\"ListItem\",\"position\":2,\"name\":\"Magyarorsz\u00e1g rendezi az idei vizes vil\u00e1gbajnoks\u00e1got\"}]},{\"@type\":\"WebSite\",\"@id\":\"https:\\\/\\\/dorogimedence.hu\\\/#website\",\"url\":\"https:\\\/\\\/dorogimedence.hu\\\/\",\"name\":\"Dorogi-medence Region\u00e1lis H\u00edrport\u00e1l\",\"description\":\"Dorog, Keszt\u00f6lc, Le\u00e1nyv\u00e1r, Piliscs\u00e9v, Tokod, Tokodalt\u00e1r\u00f3, Csolnok, Esztergom-kertv\u00e1ros: h\u00edrek, programok\",\"publisher\":{\"@id\":\"https:\\\/\\\/dorogimedence.hu\\\/#organization\"},\"potentialAction\":[{\"@type\":\"SearchAction\",\"target\":{\"@type\":\"EntryPoint\",\"urlTemplate\":\"https:\\\/\\\/dorogimedence.hu\\\/?s={search_term_string}\"},\"query-input\":{\"@type\":\"PropertyValueSpecification\",\"valueRequired\":true,\"valueName\":\"search_term_string\"}}],\"inLanguage\":\"hu\"},{\"@type\":\"Organization\",\"@id\":\"https:\\\/\\\/dorogimedence.hu\\\/#organization\",\"name\":\"Dorogi-medence Region\u00e1lis H\u00edrport\u00e1l\",\"url\":\"https:\\\/\\\/dorogimedence.hu\\\/\",\"logo\":{\"@type\":\"ImageObject\",\"inLanguage\":\"hu\",\"@id\":\"https:\\\/\\\/dorogimedence.hu\\\/#\\\/schema\\\/logo\\\/image\\\/\",\"url\":\"https:\\\/\\\/dorogimedence.hu\\\/wp-content\\\/uploads\\\/2021\\\/04\\\/logo-feher-600.png\",\"contentUrl\":\"https:\\\/\\\/dorogimedence.hu\\\/wp-content\\\/uploads\\\/2021\\\/04\\\/logo-feher-600.png\",\"width\":600,\"height\":100,\"caption\":\"Dorogi-medence Region\u00e1lis H\u00edrport\u00e1l\"},\"image\":{\"@id\":\"https:\\\/\\\/dorogimedence.hu\\\/#\\\/schema\\\/logo\\\/image\\\/\"},\"sameAs\":[\"https:\\\/\\\/www.facebook.com\\\/dorogimedence\\\/\"]},{\"@type\":\"Person\",\"@id\":\"https:\\\/\\\/dorogimedence.hu\\\/#\\\/schema\\\/person\\\/ce6091eeb7e95ecdc87890d6aa8e0fd4\",\"name\":\"dorogimedence.hu\",\"image\":{\"@type\":\"ImageObject\",\"inLanguage\":\"hu\",\"@id\":\"\\\/\\\/www.gravatar.com\\\/avatar\\\/d8d45f8901aadff40a4af72c0b826f1d?s=96&#038;r=g&#038;d=mm\",\"url\":\"\\\/\\\/www.gravatar.com\\\/avatar\\\/d8d45f8901aadff40a4af72c0b826f1d?s=96&#038;r=g&#038;d=mm\",\"contentUrl\":\"\\\/\\\/www.gravatar.com\\\/avatar\\\/d8d45f8901aadff40a4af72c0b826f1d?s=96&#038;r=g&#038;d=mm\",\"caption\":\"dorogimedence.hu\"}}]}<\/script>\n<!-- \/ Yoast SEO plugin. -->","yoast_head_json":{"title":"Magyarorsz\u00e1g rendezi az idei vizes vil\u00e1gbajnoks\u00e1got","robots":{"index":"index","follow":"follow","max-snippet":"max-snippet:-1","max-image-preview":"max-image-preview:large","max-video-preview":"max-video-preview:-1"},"canonical":"https:\/\/dorogimedence.hu\/index.php\/2022\/02\/07\/magyarorszag-rendezi-az-idei-vizes-vilagbajnoksagot\/","og_locale":"hu_HU","og_type":"article","og_title":"Magyarorsz\u00e1g rendezi az idei vizes vil\u00e1gbajnoks\u00e1got","og_description":"T\u00f6bb helysz\u00ednen, jelent\u0151s anyagi kedvezm\u00e9nyekkel rendezik Magyarorsz\u00e1gon az idei vizes vil\u00e1gbajnoks\u00e1got. Err\u0151l besz\u00e9lt t\u00f6bbek k\u00f6z\u00f6tt Wlad\u00e1r S\u00e1ndor, a Magyar \u00dasz\u00f3 Sz\u00f6vets\u00e9g eln\u00f6ke, a szervez\u0151-bizotts\u00e1g vezet\u0151je a h\u00e9tf\u0151 d\u00e9lel\u0151tti sajt\u00f3t\u00e1j\u00e9koztat\u00f3n, azt k\u00f6vet\u0151en, hogy a vizes sportokat t\u00f6m\u00f6r\u00edt\u0151 nemzetk\u00f6zi sz\u00f6vets\u00e9g (FINA) bejelentette, j\u00fanius 18. \u00e9s j\u00falius 3. k\u00f6z\u00f6tt Magyarorsz\u00e1g ad otthont a vb-nek, miut\u00e1n az idei, fukuokai","og_url":"https:\/\/dorogimedence.hu\/index.php\/2022\/02\/07\/magyarorszag-rendezi-az-idei-vizes-vilagbajnoksagot\/","og_site_name":"Dorogi-medence Region\u00e1lis H\u00edrport\u00e1l","article_publisher":"https:\/\/www.facebook.com\/dorogimedence\/","article_published_time":"2022-02-07T12:09:16+00:00","article_modified_time":"2022-02-07T12:09:27+00:00","og_image":[{"width":1920,"height":1107,"url":"https:\/\/i0.wp.com\/dorogimedence.hu\/wp-content\/uploads\/2022\/02\/vizes-vb.jpg?fit=1920%2C1107&ssl=1","type":"image\/jpeg"}],"author":"dorogimedence.hu","twitter_card":"summary_large_image","twitter_misc":{"Szerz\u0151:":"dorogimedence.hu","Becs\u00fclt olvas\u00e1si id\u0151":"5 perc"},"schema":{"@context":"https:\/\/schema.org","@graph":[{"@type":"Article","@id":"https:\/\/dorogimedence.hu\/index.php\/2022\/02\/07\/magyarorszag-rendezi-az-idei-vizes-vilagbajnoksagot\/#article","isPartOf":{"@id":"https:\/\/dorogimedence.hu\/index.php\/2022\/02\/07\/magyarorszag-rendezi-az-idei-vizes-vilagbajnoksagot\/"},"author":{"name":"dorogimedence.hu","@id":"https:\/\/dorogimedence.hu\/#\/schema\/person\/ce6091eeb7e95ecdc87890d6aa8e0fd4"},"headline":"Magyarorsz\u00e1g rendezi az idei vizes vil\u00e1gbajnoks\u00e1got","datePublished":"2022-02-07T12:09:16+00:00","dateModified":"2022-02-07T12:09:27+00:00","mainEntityOfPage":{"@id":"https:\/\/dorogimedence.hu\/index.php\/2022\/02\/07\/magyarorszag-rendezi-az-idei-vizes-vilagbajnoksagot\/"},"wordCount":1069,"publisher":{"@id":"https:\/\/dorogimedence.hu\/#organization"},"image":{"@id":"https:\/\/dorogimedence.hu\/index.php\/2022\/02\/07\/magyarorszag-rendezi-az-idei-vizes-vilagbajnoksagot\/#primaryimage"},"thumbnailUrl":"https:\/\/dorogimedence.hu\/wp-content\/uploads\/2022\/02\/vizes-vb.jpg","keywords":["sport","\u00fasz\u00e1s","vil\u00e1gbajnoks\u00e1g","vizes vb"],"articleSection":["H\u00edrek","Sport"],"inLanguage":"hu"},{"@type":"WebPage","@id":"https:\/\/dorogimedence.hu\/index.php\/2022\/02\/07\/magyarorszag-rendezi-az-idei-vizes-vilagbajnoksagot\/","url":"https:\/\/dorogimedence.hu\/index.php\/2022\/02\/07\/magyarorszag-rendezi-az-idei-vizes-vilagbajnoksagot\/","name":"Magyarorsz\u00e1g rendezi az idei vizes vil\u00e1gbajnoks\u00e1got","isPartOf":{"@id":"https:\/\/dorogimedence.hu\/#website"},"primaryImageOfPage":{"@id":"https:\/\/dorogimedence.hu\/index.php\/2022\/02\/07\/magyarorszag-rendezi-az-idei-vizes-vilagbajnoksagot\/#primaryimage"},"image":{"@id":"https:\/\/dorogimedence.hu\/index.php\/2022\/02\/07\/magyarorszag-rendezi-az-idei-vizes-vilagbajnoksagot\/#primaryimage"},"thumbnailUrl":"https:\/\/dorogimedence.hu\/wp-content\/uploads\/2022\/02\/vizes-vb.jpg","datePublished":"2022-02-07T12:09:16+00:00","dateModified":"2022-02-07T12:09:27+00:00","breadcrumb":{"@id":"https:\/\/dorogimedence.hu\/index.php\/2022\/02\/07\/magyarorszag-rendezi-az-idei-vizes-vilagbajnoksagot\/#breadcrumb"},"inLanguage":"hu","potentialAction":[{"@type":"ReadAction","target":["https:\/\/dorogimedence.hu\/index.php\/2022\/02\/07\/magyarorszag-rendezi-az-idei-vizes-vilagbajnoksagot\/"]}]},{"@type":"ImageObject","inLanguage":"hu","@id":"https:\/\/dorogimedence.hu\/index.php\/2022\/02\/07\/magyarorszag-rendezi-az-idei-vizes-vilagbajnoksagot\/#primaryimage","url":"https:\/\/dorogimedence.hu\/wp-content\/uploads\/2022\/02\/vizes-vb.jpg","contentUrl":"https:\/\/dorogimedence.hu\/wp-content\/uploads\/2022\/02\/vizes-vb.jpg","width":1920,"height":1107},{"@type":"BreadcrumbList","@id":"https:\/\/dorogimedence.hu\/index.php\/2022\/02\/07\/magyarorszag-rendezi-az-idei-vizes-vilagbajnoksagot\/#breadcrumb","itemListElement":[{"@type":"ListItem","position":1,"name":"Kezd\u0151lap","item":"https:\/\/dorogimedence.hu\/"},{"@type":"ListItem","position":2,"name":"Magyarorsz\u00e1g rendezi az idei vizes vil\u00e1gbajnoks\u00e1got"}]},{"@type":"WebSite","@id":"https:\/\/dorogimedence.hu\/#website","url":"https:\/\/dorogimedence.hu\/","name":"Dorogi-medence Region\u00e1lis H\u00edrport\u00e1l","description":"Dorog, Keszt\u00f6lc, Le\u00e1nyv\u00e1r, Piliscs\u00e9v, Tokod, Tokodalt\u00e1r\u00f3, Csolnok, Esztergom-kertv\u00e1ros: h\u00edrek, programok","publisher":{"@id":"https:\/\/dorogimedence.hu\/#organization"},"potentialAction":[{"@type":"SearchAction","target":{"@type":"EntryPoint","urlTemplate":"https:\/\/dorogimedence.hu\/?s={search_term_string}"},"query-input":{"@type":"PropertyValueSpecification","valueRequired":true,"valueName":"search_term_string"}}],"inLanguage":"hu"},{"@type":"Organization","@id":"https:\/\/dorogimedence.hu\/#organization","name":"Dorogi-medence Region\u00e1lis H\u00edrport\u00e1l","url":"https:\/\/dorogimedence.hu\/","logo":{"@type":"ImageObject","inLanguage":"hu","@id":"https:\/\/dorogimedence.hu\/#\/schema\/logo\/image\/","url":"https:\/\/dorogimedence.hu\/wp-content\/uploads\/2021\/04\/logo-feher-600.png","contentUrl":"https:\/\/dorogimedence.hu\/wp-content\/uploads\/2021\/04\/logo-feher-600.png","width":600,"height":100,"caption":"Dorogi-medence Region\u00e1lis H\u00edrport\u00e1l"},"image":{"@id":"https:\/\/dorogimedence.hu\/#\/schema\/logo\/image\/"},"sameAs":["https:\/\/www.facebook.com\/dorogimedence\/"]},{"@type":"Person","@id":"https:\/\/dorogimedence.hu\/#\/schema\/person\/ce6091eeb7e95ecdc87890d6aa8e0fd4","name":"dorogimedence.hu","image":{"@type":"ImageObject","inLanguage":"hu","@id":"\/\/www.gravatar.com\/avatar\/d8d45f8901aadff40a4af72c0b826f1d?s=96&#038;r=g&#038;d=mm","url":"\/\/www.gravatar.com\/avatar\/d8d45f8901aadff40a4af72c0b826f1d?s=96&#038;r=g&#038;d=mm","contentUrl":"\/\/www.gravatar.com\/avatar\/d8d45f8901aadff40a4af72c0b826f1d?s=96&#038;r=g&#038;d=mm","caption":"dorogimedence.hu"}}]}},"_links":{"self":[{"href":"https:\/\/dorogimedence.hu\/index.php\/wp-json\/wp\/v2\/posts\/40309","targetHints":{"allow":["GET"]}}],"collection":[{"href":"https:\/\/dorogimedence.hu\/index.php\/wp-json\/wp\/v2\/posts"}],"about":[{"href":"https:\/\/dorogimedence.hu\/index.php\/wp-json\/wp\/v2\/types\/post"}],"author":[{"embeddable":true,"href":"https:\/\/dorogimedence.hu\/index.php\/wp-json\/wp\/v2\/users\/1"}],"replies":[{"embeddable":true,"href":"https:\/\/dorogimedence.hu\/index.php\/wp-json\/wp\/v2\/comments?post=40309"}],"version-history":[{"count":0,"href":"https:\/\/dorogimedence.hu\/index.php\/wp-json\/wp\/v2\/posts\/40309\/revisions"}],"wp:featuredmedia":[{"embeddable":true,"href":"https:\/\/dorogimedence.hu\/index.php\/wp-json\/wp\/v2\/media\/40310"}],"wp:attachment":[{"href":"https:\/\/dorogimedence.hu\/index.php\/wp-json\/wp\/v2\/media?parent=40309"}],"wp:term":[{"taxonomy":"category","embeddable":true,"href":"https:\/\/dorogimedence.hu\/index.php\/wp-json\/wp\/v2\/categories?post=40309"},{"taxonomy":"post_tag","embeddable":true,"href":"https:\/\/dorogimedence.hu\/index.php\/wp-json\/wp\/v2\/tags?post=40309"}],"curies":[{"name":"wp","href":"https:\/\/api.w.org\/{rel}","templated":true}]}}