{"id":40292,"date":"2022-02-12T08:41:37","date_gmt":"2022-02-12T07:41:37","guid":{"rendered":"https:\/\/dorogimedence.hu\/?p=40292"},"modified":"2022-02-12T10:04:41","modified_gmt":"2022-02-12T09:04:41","slug":"orok-merlegen-szeged-csanad-grosics-akademia-dorog","status":"publish","type":"post","link":"https:\/\/dorogimedence.hu\/index.php\/2022\/02\/12\/orok-merlegen-szeged-csanad-grosics-akademia-dorog\/","title":{"rendered":"\u00d6r\u00f6k M\u00e9rlegen: Szeged-Csan\u00e1d Grosics Akad\u00e9mia \u2013 Dorog"},"content":{"rendered":"<p><strong>Az NB II-es labdar\u00fag\u00f3 bajnoks\u00e1g 23. fordul\u00f3j\u00e1ban az \u00e9lbolyhoz tartoz\u00f3 szegedi csapat vend\u00e9gei lesznek a dorogiak. A m\u00e9rk\u0151z\u00e9st febru\u00e1r 13-\u00e1n, vas\u00e1rnap a Szent Gell\u00e9rt F\u00f3rumban 17 \u00f3rai kezdettel rendezik meg.<br \/>\n<\/strong><\/p>\n<p style=\"text-align: justify;\">A k\u00e9t g\u00e1rda hatodik \u00e9ve k\u00fczd meg rendszeresen egym\u00e1ssal, amely sor\u00e1n vizitork\u00e9nt nem sok bab\u00e9r termett a mieink sz\u00e1m\u00e1ra. A szegediek \u00faj stadionj\u00e1ban harmadszor szerepel Fenyvesi L\u00e1szl\u00f3 egy\u00fcttese. Legut\u00f3bbi m\u00e9rk\u0151z\u00e9s\u00fck\u00f6n tavaly augusztus 18-\u00e1n, h\u00e9tk\u00f6zi fordul\u00f3ban Tatab\u00e1ny\u00e1n Csillag D\u00e1rius tal\u00e1lat\u00e1val siker\u00fclt 1\u20130-ra nyerni ellen\u00fck. Szegeden utolj\u00e1ra 2020. november 8-\u00e1n j\u00e1tszottak, ahol a hajr\u00e1 perceiben szerzett g\u00f3lunkkal tudtunk egyenl\u00edteni \u00e9s 1\u20131-re v\u00e9gezni.<\/p>\n<p style=\"text-align: center;\"><strong>Ez lesz a k\u00e9t f\u00e9l 9. egym\u00e1s elleni m\u00e9rk\u0151z\u00e9se.<\/strong><\/p>\n<p><img fetchpriority=\"high\" decoding=\"async\" class=\"aligncenter wp-image-40295 \" src=\"https:\/\/dorogimedence.hu\/wp-content\/uploads\/2022\/02\/bal-300x300.jpg\" alt=\"\" width=\"381\" height=\"381\" srcset=\"https:\/\/dorogimedence.hu\/wp-content\/uploads\/2022\/02\/bal-300x300.jpg 300w, https:\/\/dorogimedence.hu\/wp-content\/uploads\/2022\/02\/bal-150x150.jpg 150w, https:\/\/dorogimedence.hu\/wp-content\/uploads\/2022\/02\/bal-768x768.jpg 768w, https:\/\/dorogimedence.hu\/wp-content\/uploads\/2022\/02\/bal-450x450.jpg 450w, https:\/\/dorogimedence.hu\/wp-content\/uploads\/2022\/02\/bal.jpg 777w\" sizes=\"(max-width: 381px) 100vw, 381px\" \/><\/p>\n<p>Az eddig 8 alkalom sor\u00e1n 2 dorogi gy\u0151zelem, 2 d\u00f6ntetlen, 4 veres\u00e9g; 6 : 8-as g\u00f3lar\u00e1nnyal sz\u00fcletett.<\/p>\n<p>Idegenbeli m\u00e9rleg: 4 meccsb\u0151l 1 d\u00f6ntetlen, 3 veres\u00e9g; 2 : 5-\u00f6s g\u00f3lar\u00e1nnyal.<\/p>\n<p>A r\u00e9szletes m\u00e9rlegr\u0151l b\u0151vebben itt olvashat\u00f3:\u00a0<em><strong><a href=\"https:\/\/dorogimedence.hu\/index.php\/2021\/08\/17\/orok-merlegen-dorog-szeged-csanad-grosics-akademia\/\">\u00d6r\u00f6k M\u00e9rlegen: Dorog \u2013 Szeged-Csan\u00e1d Grosics Akad\u00e9mia<\/a><\/strong><\/em><\/p>\n<p style=\"text-align: justify;\">Vend\u00e9gl\u00e1t\u00f3ink az elm\u00falt \u00e9v tavaszi szezonj\u00e1nak m\u00e1sodik fel\u00e9t\u0151l tart\u00f3 j\u00f3 sz\u00e9ri\u00e1ban vannak. Az idei \u00e9vadban n\u00e9h\u00e1ny apr\u00f3bb kisikl\u00e1st\u00f3l eltekintve szorgalmasan gy\u0171jtik a pontokat \u00e9s ennek megfelel\u0151en a fels\u0151 h\u00e1zban foglalnak helyet. Legut\u00f3bbi bajnokijukon magabiztosan vert\u00e9k a Budafokot otthon 3\u2013 0-ra, kedden pedig a Magyar Kup\u00e1ban nyolcadd\u00f6nt\u0151t j\u00e1tszottak a Videoton ellen, ahol az els\u0151 oszt\u00e1lyban szerepl\u0151 ellenfel\u00fck 3 : 0 ar\u00e1nyban hozta a meccset \u00e9s jutott tov\u00e1bb. A k\u00e9k-feket\u00e9k minden bizonnyal ellen\u00fcnk szeretn\u00e9nek vigasztal\u00f3dni. Odahaza k\u00fcl\u00f6n\u00f6sen eredm\u00e9nyes a szegedi g\u00e1rda. Vizitork\u00e9nt csak a Szentl\u0151rincnek \u00e9s a B\u00e9k\u00e9scsab\u00e1nak siker\u00fclt gy\u0151znie, viszont a legt\u00f6bb csapat vesztesen hagyta el a Szent Gell\u00e9r F\u00f3rum j\u00e1t\u00e9kter\u00e9t. Az \u00e9lcsapatok is sorra fels\u00fcltek Szegeden. A Di\u00f3sgy\u0151rt \u00e9s a Kecskem\u00e9tet is vert\u00e9k a h\u00e1zigazd\u00e1k, a Vasas elleni p\u00e1rharcuk pedig g\u00f3l n\u00e9lk\u00fcli d\u00f6ntetlent hozott. Sajnos mi sem tartozunk a szerencs\u00e9s csapatok k\u00f6z\u00e9 e t\u00e9ren, hiszen a szegediek vend\u00e9gek\u00e9nt egyetlen d\u00f6ntetlent\u0151l eltekintve rendre kikaptunk eddig.<\/p>\n<p><img decoding=\"async\" class=\"aligncenter wp-image-40297 \" src=\"https:\/\/dorogimedence.hu\/wp-content\/uploads\/2022\/02\/dorog-szeged-foto-24-ora.jpg\" alt=\"\" width=\"678\" height=\"508\" srcset=\"https:\/\/dorogimedence.hu\/wp-content\/uploads\/2022\/02\/dorog-szeged-foto-24-ora.jpg 777w, https:\/\/dorogimedence.hu\/wp-content\/uploads\/2022\/02\/dorog-szeged-foto-24-ora-300x225.jpg 300w, https:\/\/dorogimedence.hu\/wp-content\/uploads\/2022\/02\/dorog-szeged-foto-24-ora-768x575.jpg 768w, https:\/\/dorogimedence.hu\/wp-content\/uploads\/2022\/02\/dorog-szeged-foto-24-ora-150x112.jpg 150w, https:\/\/dorogimedence.hu\/wp-content\/uploads\/2022\/02\/dorog-szeged-foto-24-ora-450x337.jpg 450w\" sizes=\"(max-width: 678px) 100vw, 678px\" \/><\/p>\n<p style=\"text-align: center;\"><span style=\"font-size: 10pt;\"><em>A k\u00e9t csapat legut\u00f3bbi m\u00e9rk\u0151z\u00e9s\u00e9n k\u00e9sz\u00fclt felv\u00e9tel tavaly augusztusban. Papp M\u00e1t\u00e9 blokkolja a szegediek egyik legjobbj\u00e1nak, Gajdos Zsolt pr\u00f3b\u00e1lkoz\u00e1s\u00e1t. (forr\u00e1s: Szeged-Csan\u00e1d Grosics Akad\u00e9mia web-oldala)<\/em><\/span><\/p>\n<p style=\"text-align: justify;\">Dorogon m\u00e9g v\u00e1rat mag\u00e1ra az els\u0151 idei gy\u0151zelem, s az el\u0151jelek alapj\u00e1n most sem t\u0171nik \u00fagy, hogy \u00e9ppen ezen az \u00f6sszecsap\u00e1son sz\u00fcletne meg. A szegediek jelenleg er\u0151sebb \u00e9s kiegyens\u00falyozottabb g\u00e1rda k\u00e9p\u00e9t mutatj\u00e1k, ezen fel\u00fcl eddig nem igaz\u00e1n ment a mieinknek a Szeged vend\u00e9gek\u00e9nt. Elm\u00e9letileg a hazaiak f\u00e1radtabbak lehetnek a h\u00e9tk\u00f6zi kupameccs miatt, de ez sem jelenthet felt\u00e9tlen el\u0151nyt a sz\u00e1munkra. Odahaza k\u00fcl\u00f6n\u00f6sen vesz\u00e9lyesek, s nagyon iparkodniuk kell a piros-feket\u00e9knek, ha pontosan k\u00edv\u00e1nnak t\u00e1vozni a csongr\u00e1di megyesz\u00e9khelyr\u0151l.<\/p>\n<p><strong><em>Szab\u00f3 Gyula<\/em><\/strong><\/p>\n","protected":false},"excerpt":{"rendered":"<p>Az NB II-es labdar\u00fag\u00f3 bajnoks\u00e1g 23. fordul\u00f3j\u00e1ban az \u00e9lbolyhoz tartoz\u00f3 szegedi csapat vend\u00e9gei lesznek a dorogiak. A m\u00e9rk\u0151z\u00e9st febru\u00e1r 13-\u00e1n, vas\u00e1rnap a Szent Gell\u00e9rt F\u00f3rumban 17 \u00f3rai kezdettel rendezik meg. A k\u00e9t g\u00e1rda hatodik \u00e9ve k\u00fczd meg rendszeresen egym\u00e1ssal, amely sor\u00e1n vizitork\u00e9nt nem sok bab\u00e9r termett a mieink sz\u00e1m\u00e1ra. A szegediek \u00faj stadionj\u00e1ban harmadszor szerepel<\/p>\n","protected":false},"author":4,"featured_media":40294,"comment_status":"closed","ping_status":"closed","sticky":false,"template":"","format":"standard","meta":{"ngg_post_thumbnail":0,"footnotes":""},"categories":[2,3,5],"tags":[15,37,70,69,72,16,748],"class_list":{"0":"post-40292","1":"post","2":"type-post","3":"status-publish","4":"format-standard","5":"has-post-thumbnail","7":"category-dorog","8":"category-hirek","9":"category-sport","10":"tag-dorog","11":"tag-dorogi-fc","12":"tag-foci","13":"tag-futball","14":"tag-labdarugas","15":"tag-sport","16":"tag-szeged"},"yoast_head":"<!-- This site is optimized with the Yoast SEO plugin v27.5 - https:\/\/yoast.com\/product\/yoast-seo-wordpress\/ -->\n<title>\u00d6r\u00f6k M\u00e9rlegen: Szeged-Csan\u00e1d Grosics Akad\u00e9mia \u2013 Dorog<\/title>\n<meta name=\"robots\" content=\"index, follow, max-snippet:-1, max-image-preview:large, max-video-preview:-1\" \/>\n<link rel=\"canonical\" href=\"https:\/\/dorogimedence.hu\/index.php\/2022\/02\/12\/orok-merlegen-szeged-csanad-grosics-akademia-dorog\/\" class=\"yoast-seo-meta-tag\" \/>\n<meta property=\"og:locale\" content=\"hu_HU\" class=\"yoast-seo-meta-tag\" \/>\n<meta property=\"og:type\" content=\"article\" class=\"yoast-seo-meta-tag\" \/>\n<meta property=\"og:title\" content=\"\u00d6r\u00f6k M\u00e9rlegen: Szeged-Csan\u00e1d Grosics Akad\u00e9mia \u2013 Dorog\" class=\"yoast-seo-meta-tag\" \/>\n<meta property=\"og:description\" content=\"Az NB II-es labdar\u00fag\u00f3 bajnoks\u00e1g 23. fordul\u00f3j\u00e1ban az \u00e9lbolyhoz tartoz\u00f3 szegedi csapat vend\u00e9gei lesznek a dorogiak. A m\u00e9rk\u0151z\u00e9st febru\u00e1r 13-\u00e1n, vas\u00e1rnap a Szent Gell\u00e9rt F\u00f3rumban 17 \u00f3rai kezdettel rendezik meg. A k\u00e9t g\u00e1rda hatodik \u00e9ve k\u00fczd meg rendszeresen egym\u00e1ssal, amely sor\u00e1n vizitork\u00e9nt nem sok bab\u00e9r termett a mieink sz\u00e1m\u00e1ra. A szegediek \u00faj stadionj\u00e1ban harmadszor szerepel\" class=\"yoast-seo-meta-tag\" \/>\n<meta property=\"og:url\" content=\"https:\/\/dorogimedence.hu\/index.php\/2022\/02\/12\/orok-merlegen-szeged-csanad-grosics-akademia-dorog\/\" class=\"yoast-seo-meta-tag\" \/>\n<meta property=\"og:site_name\" content=\"Dorogi-medence Region\u00e1lis H\u00edrport\u00e1l\" class=\"yoast-seo-meta-tag\" \/>\n<meta property=\"article:publisher\" content=\"https:\/\/www.facebook.com\/dorogimedence\/\" class=\"yoast-seo-meta-tag\" \/>\n<meta property=\"article:published_time\" content=\"2022-02-12T07:41:37+00:00\" class=\"yoast-seo-meta-tag\" \/>\n<meta property=\"article:modified_time\" content=\"2022-02-12T09:04:41+00:00\" class=\"yoast-seo-meta-tag\" \/>\n<meta property=\"og:image\" content=\"https:\/\/i0.wp.com\/dorogimedence.hu\/wp-content\/uploads\/2022\/02\/Boritokep-merleg.jpg?fit=740%2C634&ssl=1\" class=\"yoast-seo-meta-tag\" \/>\n\t<meta property=\"og:image:width\" content=\"740\" class=\"yoast-seo-meta-tag\" \/>\n\t<meta property=\"og:image:height\" content=\"634\" class=\"yoast-seo-meta-tag\" \/>\n\t<meta property=\"og:image:type\" content=\"image\/jpeg\" class=\"yoast-seo-meta-tag\" \/>\n<meta name=\"author\" content=\"Szab\u00f3 Gyula\" class=\"yoast-seo-meta-tag\" \/>\n<meta name=\"twitter:card\" content=\"summary_large_image\" class=\"yoast-seo-meta-tag\" \/>\n<meta name=\"twitter:label1\" content=\"Szerz\u0151:\" class=\"yoast-seo-meta-tag\" \/>\n\t<meta name=\"twitter:data1\" content=\"Szab\u00f3 Gyula\" class=\"yoast-seo-meta-tag\" \/>\n\t<meta name=\"twitter:label2\" content=\"Becs\u00fclt olvas\u00e1si id\u0151\" class=\"yoast-seo-meta-tag\" \/>\n\t<meta name=\"twitter:data2\" content=\"3 perc\" class=\"yoast-seo-meta-tag\" \/>\n<script type=\"application\/ld+json\" class=\"yoast-schema-graph\">{\"@context\":\"https:\\\/\\\/schema.org\",\"@graph\":[{\"@type\":\"Article\",\"@id\":\"https:\\\/\\\/dorogimedence.hu\\\/index.php\\\/2022\\\/02\\\/12\\\/orok-merlegen-szeged-csanad-grosics-akademia-dorog\\\/#article\",\"isPartOf\":{\"@id\":\"https:\\\/\\\/dorogimedence.hu\\\/index.php\\\/2022\\\/02\\\/12\\\/orok-merlegen-szeged-csanad-grosics-akademia-dorog\\\/\"},\"author\":{\"name\":\"Szab\u00f3 Gyula\",\"@id\":\"https:\\\/\\\/dorogimedence.hu\\\/#\\\/schema\\\/person\\\/76605e8151ec1b7376385cd184ede973\"},\"headline\":\"\u00d6r\u00f6k M\u00e9rlegen: Szeged-Csan\u00e1d Grosics Akad\u00e9mia \u2013 Dorog\",\"datePublished\":\"2022-02-12T07:41:37+00:00\",\"dateModified\":\"2022-02-12T09:04:41+00:00\",\"mainEntityOfPage\":{\"@id\":\"https:\\\/\\\/dorogimedence.hu\\\/index.php\\\/2022\\\/02\\\/12\\\/orok-merlegen-szeged-csanad-grosics-akademia-dorog\\\/\"},\"wordCount\":578,\"publisher\":{\"@id\":\"https:\\\/\\\/dorogimedence.hu\\\/#organization\"},\"image\":{\"@id\":\"https:\\\/\\\/dorogimedence.hu\\\/index.php\\\/2022\\\/02\\\/12\\\/orok-merlegen-szeged-csanad-grosics-akademia-dorog\\\/#primaryimage\"},\"thumbnailUrl\":\"https:\\\/\\\/dorogimedence.hu\\\/wp-content\\\/uploads\\\/2022\\\/02\\\/Boritokep-merleg.jpg\",\"keywords\":[\"Dorog\",\"Dorogi FC\",\"foci\",\"futball\",\"labdar\u00fag\u00e1s\",\"sport\",\"Szeged\"],\"articleSection\":[\"Dorog\",\"H\u00edrek\",\"Sport\"],\"inLanguage\":\"hu\"},{\"@type\":\"WebPage\",\"@id\":\"https:\\\/\\\/dorogimedence.hu\\\/index.php\\\/2022\\\/02\\\/12\\\/orok-merlegen-szeged-csanad-grosics-akademia-dorog\\\/\",\"url\":\"https:\\\/\\\/dorogimedence.hu\\\/index.php\\\/2022\\\/02\\\/12\\\/orok-merlegen-szeged-csanad-grosics-akademia-dorog\\\/\",\"name\":\"\u00d6r\u00f6k M\u00e9rlegen: Szeged-Csan\u00e1d Grosics Akad\u00e9mia \u2013 Dorog\",\"isPartOf\":{\"@id\":\"https:\\\/\\\/dorogimedence.hu\\\/#website\"},\"primaryImageOfPage\":{\"@id\":\"https:\\\/\\\/dorogimedence.hu\\\/index.php\\\/2022\\\/02\\\/12\\\/orok-merlegen-szeged-csanad-grosics-akademia-dorog\\\/#primaryimage\"},\"image\":{\"@id\":\"https:\\\/\\\/dorogimedence.hu\\\/index.php\\\/2022\\\/02\\\/12\\\/orok-merlegen-szeged-csanad-grosics-akademia-dorog\\\/#primaryimage\"},\"thumbnailUrl\":\"https:\\\/\\\/dorogimedence.hu\\\/wp-content\\\/uploads\\\/2022\\\/02\\\/Boritokep-merleg.jpg\",\"datePublished\":\"2022-02-12T07:41:37+00:00\",\"dateModified\":\"2022-02-12T09:04:41+00:00\",\"breadcrumb\":{\"@id\":\"https:\\\/\\\/dorogimedence.hu\\\/index.php\\\/2022\\\/02\\\/12\\\/orok-merlegen-szeged-csanad-grosics-akademia-dorog\\\/#breadcrumb\"},\"inLanguage\":\"hu\",\"potentialAction\":[{\"@type\":\"ReadAction\",\"target\":[\"https:\\\/\\\/dorogimedence.hu\\\/index.php\\\/2022\\\/02\\\/12\\\/orok-merlegen-szeged-csanad-grosics-akademia-dorog\\\/\"]}]},{\"@type\":\"ImageObject\",\"inLanguage\":\"hu\",\"@id\":\"https:\\\/\\\/dorogimedence.hu\\\/index.php\\\/2022\\\/02\\\/12\\\/orok-merlegen-szeged-csanad-grosics-akademia-dorog\\\/#primaryimage\",\"url\":\"https:\\\/\\\/dorogimedence.hu\\\/wp-content\\\/uploads\\\/2022\\\/02\\\/Boritokep-merleg.jpg\",\"contentUrl\":\"https:\\\/\\\/dorogimedence.hu\\\/wp-content\\\/uploads\\\/2022\\\/02\\\/Boritokep-merleg.jpg\",\"width\":740,\"height\":634},{\"@type\":\"BreadcrumbList\",\"@id\":\"https:\\\/\\\/dorogimedence.hu\\\/index.php\\\/2022\\\/02\\\/12\\\/orok-merlegen-szeged-csanad-grosics-akademia-dorog\\\/#breadcrumb\",\"itemListElement\":[{\"@type\":\"ListItem\",\"position\":1,\"name\":\"Kezd\u0151lap\",\"item\":\"https:\\\/\\\/dorogimedence.hu\\\/\"},{\"@type\":\"ListItem\",\"position\":2,\"name\":\"\u00d6r\u00f6k M\u00e9rlegen: Szeged-Csan\u00e1d Grosics Akad\u00e9mia \u2013 Dorog\"}]},{\"@type\":\"WebSite\",\"@id\":\"https:\\\/\\\/dorogimedence.hu\\\/#website\",\"url\":\"https:\\\/\\\/dorogimedence.hu\\\/\",\"name\":\"Dorogi-medence Region\u00e1lis H\u00edrport\u00e1l\",\"description\":\"Dorog, Keszt\u00f6lc, Le\u00e1nyv\u00e1r, Piliscs\u00e9v, Tokod, Tokodalt\u00e1r\u00f3, Csolnok, Esztergom-kertv\u00e1ros: h\u00edrek, programok\",\"publisher\":{\"@id\":\"https:\\\/\\\/dorogimedence.hu\\\/#organization\"},\"potentialAction\":[{\"@type\":\"SearchAction\",\"target\":{\"@type\":\"EntryPoint\",\"urlTemplate\":\"https:\\\/\\\/dorogimedence.hu\\\/?s={search_term_string}\"},\"query-input\":{\"@type\":\"PropertyValueSpecification\",\"valueRequired\":true,\"valueName\":\"search_term_string\"}}],\"inLanguage\":\"hu\"},{\"@type\":\"Organization\",\"@id\":\"https:\\\/\\\/dorogimedence.hu\\\/#organization\",\"name\":\"Dorogi-medence Region\u00e1lis H\u00edrport\u00e1l\",\"url\":\"https:\\\/\\\/dorogimedence.hu\\\/\",\"logo\":{\"@type\":\"ImageObject\",\"inLanguage\":\"hu\",\"@id\":\"https:\\\/\\\/dorogimedence.hu\\\/#\\\/schema\\\/logo\\\/image\\\/\",\"url\":\"https:\\\/\\\/dorogimedence.hu\\\/wp-content\\\/uploads\\\/2021\\\/04\\\/logo-feher-600.png\",\"contentUrl\":\"https:\\\/\\\/dorogimedence.hu\\\/wp-content\\\/uploads\\\/2021\\\/04\\\/logo-feher-600.png\",\"width\":600,\"height\":100,\"caption\":\"Dorogi-medence Region\u00e1lis H\u00edrport\u00e1l\"},\"image\":{\"@id\":\"https:\\\/\\\/dorogimedence.hu\\\/#\\\/schema\\\/logo\\\/image\\\/\"},\"sameAs\":[\"https:\\\/\\\/www.facebook.com\\\/dorogimedence\\\/\"]},{\"@type\":\"Person\",\"@id\":\"https:\\\/\\\/dorogimedence.hu\\\/#\\\/schema\\\/person\\\/76605e8151ec1b7376385cd184ede973\",\"name\":\"Szab\u00f3 Gyula\",\"image\":{\"@type\":\"ImageObject\",\"inLanguage\":\"hu\",\"@id\":\"\\\/\\\/www.gravatar.com\\\/avatar\\\/3e44b6fb2ef9bcea3639958cc2a587cb?s=96&#038;r=g&#038;d=mm\",\"url\":\"\\\/\\\/www.gravatar.com\\\/avatar\\\/3e44b6fb2ef9bcea3639958cc2a587cb?s=96&#038;r=g&#038;d=mm\",\"contentUrl\":\"\\\/\\\/www.gravatar.com\\\/avatar\\\/3e44b6fb2ef9bcea3639958cc2a587cb?s=96&#038;r=g&#038;d=mm\",\"caption\":\"Szab\u00f3 Gyula\"}}]}<\/script>\n<!-- \/ Yoast SEO plugin. -->","yoast_head_json":{"title":"\u00d6r\u00f6k M\u00e9rlegen: Szeged-Csan\u00e1d Grosics Akad\u00e9mia \u2013 Dorog","robots":{"index":"index","follow":"follow","max-snippet":"max-snippet:-1","max-image-preview":"max-image-preview:large","max-video-preview":"max-video-preview:-1"},"canonical":"https:\/\/dorogimedence.hu\/index.php\/2022\/02\/12\/orok-merlegen-szeged-csanad-grosics-akademia-dorog\/","og_locale":"hu_HU","og_type":"article","og_title":"\u00d6r\u00f6k M\u00e9rlegen: Szeged-Csan\u00e1d Grosics Akad\u00e9mia \u2013 Dorog","og_description":"Az NB II-es labdar\u00fag\u00f3 bajnoks\u00e1g 23. fordul\u00f3j\u00e1ban az \u00e9lbolyhoz tartoz\u00f3 szegedi csapat vend\u00e9gei lesznek a dorogiak. A m\u00e9rk\u0151z\u00e9st febru\u00e1r 13-\u00e1n, vas\u00e1rnap a Szent Gell\u00e9rt F\u00f3rumban 17 \u00f3rai kezdettel rendezik meg. A k\u00e9t g\u00e1rda hatodik \u00e9ve k\u00fczd meg rendszeresen egym\u00e1ssal, amely sor\u00e1n vizitork\u00e9nt nem sok bab\u00e9r termett a mieink sz\u00e1m\u00e1ra. A szegediek \u00faj stadionj\u00e1ban harmadszor szerepel","og_url":"https:\/\/dorogimedence.hu\/index.php\/2022\/02\/12\/orok-merlegen-szeged-csanad-grosics-akademia-dorog\/","og_site_name":"Dorogi-medence Region\u00e1lis H\u00edrport\u00e1l","article_publisher":"https:\/\/www.facebook.com\/dorogimedence\/","article_published_time":"2022-02-12T07:41:37+00:00","article_modified_time":"2022-02-12T09:04:41+00:00","og_image":[{"width":740,"height":634,"url":"https:\/\/i0.wp.com\/dorogimedence.hu\/wp-content\/uploads\/2022\/02\/Boritokep-merleg.jpg?fit=740%2C634&ssl=1","type":"image\/jpeg"}],"author":"Szab\u00f3 Gyula","twitter_card":"summary_large_image","twitter_misc":{"Szerz\u0151:":"Szab\u00f3 Gyula","Becs\u00fclt olvas\u00e1si id\u0151":"3 perc"},"schema":{"@context":"https:\/\/schema.org","@graph":[{"@type":"Article","@id":"https:\/\/dorogimedence.hu\/index.php\/2022\/02\/12\/orok-merlegen-szeged-csanad-grosics-akademia-dorog\/#article","isPartOf":{"@id":"https:\/\/dorogimedence.hu\/index.php\/2022\/02\/12\/orok-merlegen-szeged-csanad-grosics-akademia-dorog\/"},"author":{"name":"Szab\u00f3 Gyula","@id":"https:\/\/dorogimedence.hu\/#\/schema\/person\/76605e8151ec1b7376385cd184ede973"},"headline":"\u00d6r\u00f6k M\u00e9rlegen: Szeged-Csan\u00e1d Grosics Akad\u00e9mia \u2013 Dorog","datePublished":"2022-02-12T07:41:37+00:00","dateModified":"2022-02-12T09:04:41+00:00","mainEntityOfPage":{"@id":"https:\/\/dorogimedence.hu\/index.php\/2022\/02\/12\/orok-merlegen-szeged-csanad-grosics-akademia-dorog\/"},"wordCount":578,"publisher":{"@id":"https:\/\/dorogimedence.hu\/#organization"},"image":{"@id":"https:\/\/dorogimedence.hu\/index.php\/2022\/02\/12\/orok-merlegen-szeged-csanad-grosics-akademia-dorog\/#primaryimage"},"thumbnailUrl":"https:\/\/dorogimedence.hu\/wp-content\/uploads\/2022\/02\/Boritokep-merleg.jpg","keywords":["Dorog","Dorogi FC","foci","futball","labdar\u00fag\u00e1s","sport","Szeged"],"articleSection":["Dorog","H\u00edrek","Sport"],"inLanguage":"hu"},{"@type":"WebPage","@id":"https:\/\/dorogimedence.hu\/index.php\/2022\/02\/12\/orok-merlegen-szeged-csanad-grosics-akademia-dorog\/","url":"https:\/\/dorogimedence.hu\/index.php\/2022\/02\/12\/orok-merlegen-szeged-csanad-grosics-akademia-dorog\/","name":"\u00d6r\u00f6k M\u00e9rlegen: Szeged-Csan\u00e1d Grosics Akad\u00e9mia \u2013 Dorog","isPartOf":{"@id":"https:\/\/dorogimedence.hu\/#website"},"primaryImageOfPage":{"@id":"https:\/\/dorogimedence.hu\/index.php\/2022\/02\/12\/orok-merlegen-szeged-csanad-grosics-akademia-dorog\/#primaryimage"},"image":{"@id":"https:\/\/dorogimedence.hu\/index.php\/2022\/02\/12\/orok-merlegen-szeged-csanad-grosics-akademia-dorog\/#primaryimage"},"thumbnailUrl":"https:\/\/dorogimedence.hu\/wp-content\/uploads\/2022\/02\/Boritokep-merleg.jpg","datePublished":"2022-02-12T07:41:37+00:00","dateModified":"2022-02-12T09:04:41+00:00","breadcrumb":{"@id":"https:\/\/dorogimedence.hu\/index.php\/2022\/02\/12\/orok-merlegen-szeged-csanad-grosics-akademia-dorog\/#breadcrumb"},"inLanguage":"hu","potentialAction":[{"@type":"ReadAction","target":["https:\/\/dorogimedence.hu\/index.php\/2022\/02\/12\/orok-merlegen-szeged-csanad-grosics-akademia-dorog\/"]}]},{"@type":"ImageObject","inLanguage":"hu","@id":"https:\/\/dorogimedence.hu\/index.php\/2022\/02\/12\/orok-merlegen-szeged-csanad-grosics-akademia-dorog\/#primaryimage","url":"https:\/\/dorogimedence.hu\/wp-content\/uploads\/2022\/02\/Boritokep-merleg.jpg","contentUrl":"https:\/\/dorogimedence.hu\/wp-content\/uploads\/2022\/02\/Boritokep-merleg.jpg","width":740,"height":634},{"@type":"BreadcrumbList","@id":"https:\/\/dorogimedence.hu\/index.php\/2022\/02\/12\/orok-merlegen-szeged-csanad-grosics-akademia-dorog\/#breadcrumb","itemListElement":[{"@type":"ListItem","position":1,"name":"Kezd\u0151lap","item":"https:\/\/dorogimedence.hu\/"},{"@type":"ListItem","position":2,"name":"\u00d6r\u00f6k M\u00e9rlegen: Szeged-Csan\u00e1d Grosics Akad\u00e9mia \u2013 Dorog"}]},{"@type":"WebSite","@id":"https:\/\/dorogimedence.hu\/#website","url":"https:\/\/dorogimedence.hu\/","name":"Dorogi-medence Region\u00e1lis H\u00edrport\u00e1l","description":"Dorog, Keszt\u00f6lc, Le\u00e1nyv\u00e1r, Piliscs\u00e9v, Tokod, Tokodalt\u00e1r\u00f3, Csolnok, Esztergom-kertv\u00e1ros: h\u00edrek, programok","publisher":{"@id":"https:\/\/dorogimedence.hu\/#organization"},"potentialAction":[{"@type":"SearchAction","target":{"@type":"EntryPoint","urlTemplate":"https:\/\/dorogimedence.hu\/?s={search_term_string}"},"query-input":{"@type":"PropertyValueSpecification","valueRequired":true,"valueName":"search_term_string"}}],"inLanguage":"hu"},{"@type":"Organization","@id":"https:\/\/dorogimedence.hu\/#organization","name":"Dorogi-medence Region\u00e1lis H\u00edrport\u00e1l","url":"https:\/\/dorogimedence.hu\/","logo":{"@type":"ImageObject","inLanguage":"hu","@id":"https:\/\/dorogimedence.hu\/#\/schema\/logo\/image\/","url":"https:\/\/dorogimedence.hu\/wp-content\/uploads\/2021\/04\/logo-feher-600.png","contentUrl":"https:\/\/dorogimedence.hu\/wp-content\/uploads\/2021\/04\/logo-feher-600.png","width":600,"height":100,"caption":"Dorogi-medence Region\u00e1lis H\u00edrport\u00e1l"},"image":{"@id":"https:\/\/dorogimedence.hu\/#\/schema\/logo\/image\/"},"sameAs":["https:\/\/www.facebook.com\/dorogimedence\/"]},{"@type":"Person","@id":"https:\/\/dorogimedence.hu\/#\/schema\/person\/76605e8151ec1b7376385cd184ede973","name":"Szab\u00f3 Gyula","image":{"@type":"ImageObject","inLanguage":"hu","@id":"\/\/www.gravatar.com\/avatar\/3e44b6fb2ef9bcea3639958cc2a587cb?s=96&#038;r=g&#038;d=mm","url":"\/\/www.gravatar.com\/avatar\/3e44b6fb2ef9bcea3639958cc2a587cb?s=96&#038;r=g&#038;d=mm","contentUrl":"\/\/www.gravatar.com\/avatar\/3e44b6fb2ef9bcea3639958cc2a587cb?s=96&#038;r=g&#038;d=mm","caption":"Szab\u00f3 Gyula"}}]}},"_links":{"self":[{"href":"https:\/\/dorogimedence.hu\/index.php\/wp-json\/wp\/v2\/posts\/40292","targetHints":{"allow":["GET"]}}],"collection":[{"href":"https:\/\/dorogimedence.hu\/index.php\/wp-json\/wp\/v2\/posts"}],"about":[{"href":"https:\/\/dorogimedence.hu\/index.php\/wp-json\/wp\/v2\/types\/post"}],"author":[{"embeddable":true,"href":"https:\/\/dorogimedence.hu\/index.php\/wp-json\/wp\/v2\/users\/4"}],"replies":[{"embeddable":true,"href":"https:\/\/dorogimedence.hu\/index.php\/wp-json\/wp\/v2\/comments?post=40292"}],"version-history":[{"count":0,"href":"https:\/\/dorogimedence.hu\/index.php\/wp-json\/wp\/v2\/posts\/40292\/revisions"}],"wp:featuredmedia":[{"embeddable":true,"href":"https:\/\/dorogimedence.hu\/index.php\/wp-json\/wp\/v2\/media\/40294"}],"wp:attachment":[{"href":"https:\/\/dorogimedence.hu\/index.php\/wp-json\/wp\/v2\/media?parent=40292"}],"wp:term":[{"taxonomy":"category","embeddable":true,"href":"https:\/\/dorogimedence.hu\/index.php\/wp-json\/wp\/v2\/categories?post=40292"},{"taxonomy":"post_tag","embeddable":true,"href":"https:\/\/dorogimedence.hu\/index.php\/wp-json\/wp\/v2\/tags?post=40292"}],"curies":[{"name":"wp","href":"https:\/\/api.w.org\/{rel}","templated":true}]}}