{"id":40193,"date":"2022-02-02T10:40:31","date_gmt":"2022-02-02T09:40:31","guid":{"rendered":"https:\/\/dorogimedence.hu\/?p=40193"},"modified":"2022-02-02T10:42:04","modified_gmt":"2022-02-02T09:42:04","slug":"birkozo-sport-osztaly-indul-a-meszlenyiben","status":"publish","type":"post","link":"https:\/\/dorogimedence.hu\/index.php\/2022\/02\/02\/birkozo-sport-osztaly-indul-a-meszlenyiben\/","title":{"rendered":"Birk\u00f3z\u00f3 sport oszt\u00e1ly indul a Meszl\u00e9nyiben"},"content":{"rendered":"<p><strong>A 2022-2023. tan\u00e9vt\u0151l felmen\u0151 rendszerben \u2013 a Budapesti Honv\u00e9d \u00e9s az Esztergomi Birk\u00f3z\u00f3 SE szakmai vezet\u00e9s\u00e9vel \u2013 egy\u00e9ni tanrend\u0171, <a href=\"https:\/\/dorogimedence.hu\/index.php\/2021\/12\/13\/birkozo-sport-osztaly-indul-a-meszlenyi-iskolaban\/\" target=\"_blank\" rel=\"noopener\"><span style=\"text-decoration: underline; color: #0000ff;\">birk\u00f3z\u00f3 sport oszt\u00e1lyt<\/span><\/a> ind\u00edt az esztergom-kertv\u00e1rosi Meszl\u00e9nyi Zolt\u00e1n Katolikus \u00c1ltal\u00e1nos Iskola.<\/strong><\/p>\n<p>Jelent\u0151sen \u00e1talakul az iskola identit\u00e1sa, pedag\u00f3giai programja. A fenntart\u00f3 Katolikus Egyh\u00e1z szellemis\u00e9ge \u00e9s a sport, mint \u00e9letforma, nevel\u0151 eszk\u00f6z kap kiemelt szerepet. \u201ePedag\u00f3giai \u00e9rt\u00e9krend\u00fcnk alapj\u00e1t a hit, a vall\u00e1soss\u00e1g, az emberi szeretet \u00e9s az \u00e9sszer\u0171s\u00e9g k\u00e9pezi. P\u00e9ldamutat\u00f3 emberi, kereszt\u00e9ny magatart\u00e1sra nevelj\u00fck tanul\u00f3inkat, akik minden lehet\u0151s\u00e9get megkapnak a fejl\u0151d\u00e9sre, tov\u00e1bbtanul\u00e1sra. A sport\u00e1gak k\u00f6z\u00fcl a birk\u00f3z\u00e1st v\u00e1lasztottuk. Hat\u00e1ssal volt r\u00e1nk a Toki\u00f3i Olimpi\u00e1n arany\u00e9rmet szerzett L\u0151rincz Tam\u00e1s \u00e9s az ez\u00fcst\u00e9rmes testv\u00e9re L\u0151rincz Viktor, de az esztergomi k\u00f6t\u0151d\u00e9s\u0171 testv\u00e9rp\u00e1r L\u00e9vai Zolt\u00e1n \u00e9s L\u00e9vai Tam\u00e1s is.\u201d \u2013 nyilatkozta Baranya Istv\u00e1n, az int\u00e9zm\u00e9ny vezet\u0151je az iskola k\u00f6z\u00f6ss\u00e9gi oldal\u00e1n.<\/p>\n<p>Ilyen sportnagys\u00e1gok mellett az iskola nyugati sz\u00e1rny\u00e1ban \u00e9p\u00fcl \u00e9s \u00e1prilisban \u00e1tad\u00e1sra ker\u00fcl \u2013 az Esztergomi Birk\u00f3z\u00f3 SE \u00e1ltal 400 milli\u00f3 Ft p\u00e1ly\u00e1zati forr\u00e1sb\u00f3l finansz\u00edrozott \u2013 birk\u00f3z\u00f3csarnok, adott a 8 oszt\u00e1lyos kiv\u00e1l\u00f3an felszerelt iskola \u00e9s a h\u00e1tt\u00e9rben ott van a Budapesti Honv\u00e9d \u00e9s az Esztergomi Birk\u00f3z\u00f3 SE.<\/p>\n<p>A 2022-2023. tan\u00e9vben az els\u0151 \u00e9vfolyamban 2 oszt\u00e1lyt ind\u00edtanak. Egy hagyom\u00e1nyost \u00e9s egy birk\u00f3z\u00f3 oszt\u00e1lyt. Sz\u00e1mukra (heti 7 \u00f3r\u00e1ban) a tan\u00edt\u00e1si nap birk\u00f3z\u00f3 sport\u00f3r\u00e1val kezd\u0151dik. Ezt k\u00f6vet\u0151en kapcsol\u00f3dnak be a tan\u00edt\u00e1sba, majd k\u00f6z\u00f6s eb\u00e9d, pihen\u0151 \u00e9s kezd\u0151dnek a d\u00e9lut\u00e1ni edz\u00e9sek. A legmodernebb birk\u00f3z\u00f3csarnok, konditerem, rehabilit\u00e1ci\u00f3s szoba, diagnosztikai m\u00e9r\u00e9sek, \u00e1lland\u00f3 orvosi \u00e9s sportpszichol\u00f3giai fel\u00fcgyelet v\u00e1r r\u00e1juk. A sport\u00f3r\u00e1kat a legk\u00e9pzettebb birk\u00f3z\u00f3 edz\u0151k \u00e9s testnevel\u0151k vezetik majd. A vid\u00e9kr\u0151l \u00e9rkez\u0151 tanul\u00f3ikat k\u00fcl\u00f6nj\u00e1ratos iskolabusz sz\u00e1ll\u00edtja majd az iskol\u00e1ba.<\/p>\n<p>V\u00e1rnak minden sportot, mozg\u00e1st, birk\u00f3z\u00e1st szeret\u0151, sportkarriert c\u00e9lul kit\u0171z\u0151 leend\u0151 els\u0151 oszt\u00e1lyos fi\u00fat \u00e9s kisl\u00e1nyt Esztergomb\u00f3l \u00e9s a k\u00f6rnyez\u0151 telep\u00fcl\u00e9sekr\u0151l.<\/p>\n<p><strong>\u00c1prilisban felv\u00e9teli \u00e9s beiratkoz\u00e1s! \u00c9rdekl\u0151dni lehet:<\/strong><\/p>\n<ul>\n<li>Baranya Istv\u00e1n &#8211; igazgat\u00f3 (Meszl\u00e9nyi Zolt\u00e1n Katolikus \u00c1ltal\u00e1nos Iskola) +36 30 3967-907<\/li>\n<li>L\u00e9vai Zolt\u00e1n \u2013 edz\u0151, eln\u00f6k (Esztergomi Birk\u00f3z\u00f3 SE) + 36 30 268 9938<\/li>\n<\/ul>\n<p><em>Fot\u00f3, forr\u00e1s: Meszl\u00e9nyi <\/em><em>Zolt\u00e1n Katolikus \u00c1ltal\u00e1nos Iskola<\/em><\/p>\n","protected":false},"excerpt":{"rendered":"<p>A 2022-2023. tan\u00e9vt\u0151l felmen\u0151 rendszerben \u2013 a Budapesti Honv\u00e9d \u00e9s az Esztergomi Birk\u00f3z\u00f3 SE szakmai vezet\u00e9s\u00e9vel \u2013 egy\u00e9ni tanrend\u0171, birk\u00f3z\u00f3 sport oszt\u00e1lyt ind\u00edt az esztergom-kertv\u00e1rosi Meszl\u00e9nyi Zolt\u00e1n Katolikus \u00c1ltal\u00e1nos Iskola. Jelent\u0151sen \u00e1talakul az iskola identit\u00e1sa, pedag\u00f3giai programja. A fenntart\u00f3 Katolikus Egyh\u00e1z szellemis\u00e9ge \u00e9s a sport, mint \u00e9letforma, nevel\u0151 eszk\u00f6z kap kiemelt szerepet. \u201ePedag\u00f3giai \u00e9rt\u00e9krend\u00fcnk alapj\u00e1t<\/p>\n","protected":false},"author":1,"featured_media":40194,"comment_status":"closed","ping_status":"closed","sticky":false,"template":"","format":"standard","meta":{"ngg_post_thumbnail":0,"footnotes":""},"categories":[38,7,3],"tags":[356,42,169,6029,142],"class_list":{"0":"post-40193","1":"post","2":"type-post","3":"status-publish","4":"format-standard","5":"has-post-thumbnail","7":"category-esztergom","8":"category-esztergom_kertvaros","9":"category-hirek","10":"tag-birkozas","11":"tag-esztergom","12":"tag-esztergom-kertvaros","13":"tag-meszlenyi-zoltan-katolikus-altalanos-iskola","14":"tag-oktatas"},"yoast_head":"<!-- This site is optimized with the Yoast SEO plugin v27.5 - https:\/\/yoast.com\/product\/yoast-seo-wordpress\/ -->\n<title>Birk\u00f3z\u00f3 sport oszt\u00e1ly indul a Meszl\u00e9nyiben<\/title>\n<meta name=\"robots\" content=\"index, follow, max-snippet:-1, max-image-preview:large, max-video-preview:-1\" \/>\n<link rel=\"canonical\" href=\"https:\/\/dorogimedence.hu\/index.php\/2022\/02\/02\/birkozo-sport-osztaly-indul-a-meszlenyiben\/\" class=\"yoast-seo-meta-tag\" \/>\n<meta property=\"og:locale\" content=\"hu_HU\" class=\"yoast-seo-meta-tag\" \/>\n<meta property=\"og:type\" content=\"article\" class=\"yoast-seo-meta-tag\" \/>\n<meta property=\"og:title\" content=\"Birk\u00f3z\u00f3 sport oszt\u00e1ly indul a Meszl\u00e9nyiben\" class=\"yoast-seo-meta-tag\" \/>\n<meta property=\"og:description\" content=\"A 2022-2023. tan\u00e9vt\u0151l felmen\u0151 rendszerben \u2013 a Budapesti Honv\u00e9d \u00e9s az Esztergomi Birk\u00f3z\u00f3 SE szakmai vezet\u00e9s\u00e9vel \u2013 egy\u00e9ni tanrend\u0171, birk\u00f3z\u00f3 sport oszt\u00e1lyt ind\u00edt az esztergom-kertv\u00e1rosi Meszl\u00e9nyi Zolt\u00e1n Katolikus \u00c1ltal\u00e1nos Iskola. Jelent\u0151sen \u00e1talakul az iskola identit\u00e1sa, pedag\u00f3giai programja. A fenntart\u00f3 Katolikus Egyh\u00e1z szellemis\u00e9ge \u00e9s a sport, mint \u00e9letforma, nevel\u0151 eszk\u00f6z kap kiemelt szerepet. \u201ePedag\u00f3giai \u00e9rt\u00e9krend\u00fcnk alapj\u00e1t\" class=\"yoast-seo-meta-tag\" \/>\n<meta property=\"og:url\" content=\"https:\/\/dorogimedence.hu\/index.php\/2022\/02\/02\/birkozo-sport-osztaly-indul-a-meszlenyiben\/\" class=\"yoast-seo-meta-tag\" \/>\n<meta property=\"og:site_name\" content=\"Dorogi-medence Region\u00e1lis H\u00edrport\u00e1l\" class=\"yoast-seo-meta-tag\" \/>\n<meta property=\"article:publisher\" content=\"https:\/\/www.facebook.com\/dorogimedence\/\" class=\"yoast-seo-meta-tag\" \/>\n<meta property=\"article:published_time\" content=\"2022-02-02T09:40:31+00:00\" class=\"yoast-seo-meta-tag\" \/>\n<meta property=\"article:modified_time\" content=\"2022-02-02T09:42:04+00:00\" class=\"yoast-seo-meta-tag\" \/>\n<meta property=\"og:image\" content=\"https:\/\/i0.wp.com\/dorogimedence.hu\/wp-content\/uploads\/2022\/02\/birkozo-kep.jpg?fit=1913%2C1101&ssl=1\" class=\"yoast-seo-meta-tag\" \/>\n\t<meta property=\"og:image:width\" content=\"1913\" class=\"yoast-seo-meta-tag\" \/>\n\t<meta property=\"og:image:height\" content=\"1101\" class=\"yoast-seo-meta-tag\" \/>\n\t<meta property=\"og:image:type\" content=\"image\/jpeg\" class=\"yoast-seo-meta-tag\" \/>\n<meta name=\"author\" content=\"dorogimedence.hu\" class=\"yoast-seo-meta-tag\" \/>\n<meta name=\"twitter:card\" content=\"summary_large_image\" class=\"yoast-seo-meta-tag\" \/>\n<meta name=\"twitter:label1\" content=\"Szerz\u0151:\" class=\"yoast-seo-meta-tag\" \/>\n\t<meta name=\"twitter:data1\" content=\"dorogimedence.hu\" class=\"yoast-seo-meta-tag\" \/>\n\t<meta name=\"twitter:label2\" content=\"Becs\u00fclt olvas\u00e1si id\u0151\" class=\"yoast-seo-meta-tag\" \/>\n\t<meta name=\"twitter:data2\" content=\"2 perc\" class=\"yoast-seo-meta-tag\" \/>\n<script type=\"application\/ld+json\" class=\"yoast-schema-graph\">{\"@context\":\"https:\\\/\\\/schema.org\",\"@graph\":[{\"@type\":\"Article\",\"@id\":\"https:\\\/\\\/dorogimedence.hu\\\/index.php\\\/2022\\\/02\\\/02\\\/birkozo-sport-osztaly-indul-a-meszlenyiben\\\/#article\",\"isPartOf\":{\"@id\":\"https:\\\/\\\/dorogimedence.hu\\\/index.php\\\/2022\\\/02\\\/02\\\/birkozo-sport-osztaly-indul-a-meszlenyiben\\\/\"},\"author\":{\"name\":\"dorogimedence.hu\",\"@id\":\"https:\\\/\\\/dorogimedence.hu\\\/#\\\/schema\\\/person\\\/ce6091eeb7e95ecdc87890d6aa8e0fd4\"},\"headline\":\"Birk\u00f3z\u00f3 sport oszt\u00e1ly indul a Meszl\u00e9nyiben\",\"datePublished\":\"2022-02-02T09:40:31+00:00\",\"dateModified\":\"2022-02-02T09:42:04+00:00\",\"mainEntityOfPage\":{\"@id\":\"https:\\\/\\\/dorogimedence.hu\\\/index.php\\\/2022\\\/02\\\/02\\\/birkozo-sport-osztaly-indul-a-meszlenyiben\\\/\"},\"wordCount\":469,\"publisher\":{\"@id\":\"https:\\\/\\\/dorogimedence.hu\\\/#organization\"},\"image\":{\"@id\":\"https:\\\/\\\/dorogimedence.hu\\\/index.php\\\/2022\\\/02\\\/02\\\/birkozo-sport-osztaly-indul-a-meszlenyiben\\\/#primaryimage\"},\"thumbnailUrl\":\"https:\\\/\\\/dorogimedence.hu\\\/wp-content\\\/uploads\\\/2022\\\/02\\\/birkozo-kep.jpg\",\"keywords\":[\"birk\u00f3z\u00e1s\",\"esztergom\",\"Esztergom-kertv\u00e1ros\",\"Meszl\u00e9nyi Zolt\u00e1n Katolikus \u00c1ltal\u00e1nos Iskola\",\"oktat\u00e1s\"],\"articleSection\":[\"Esztergom\",\"Esztergom-kertv\u00e1ros\",\"H\u00edrek\"],\"inLanguage\":\"hu\"},{\"@type\":\"WebPage\",\"@id\":\"https:\\\/\\\/dorogimedence.hu\\\/index.php\\\/2022\\\/02\\\/02\\\/birkozo-sport-osztaly-indul-a-meszlenyiben\\\/\",\"url\":\"https:\\\/\\\/dorogimedence.hu\\\/index.php\\\/2022\\\/02\\\/02\\\/birkozo-sport-osztaly-indul-a-meszlenyiben\\\/\",\"name\":\"Birk\u00f3z\u00f3 sport oszt\u00e1ly indul a Meszl\u00e9nyiben\",\"isPartOf\":{\"@id\":\"https:\\\/\\\/dorogimedence.hu\\\/#website\"},\"primaryImageOfPage\":{\"@id\":\"https:\\\/\\\/dorogimedence.hu\\\/index.php\\\/2022\\\/02\\\/02\\\/birkozo-sport-osztaly-indul-a-meszlenyiben\\\/#primaryimage\"},\"image\":{\"@id\":\"https:\\\/\\\/dorogimedence.hu\\\/index.php\\\/2022\\\/02\\\/02\\\/birkozo-sport-osztaly-indul-a-meszlenyiben\\\/#primaryimage\"},\"thumbnailUrl\":\"https:\\\/\\\/dorogimedence.hu\\\/wp-content\\\/uploads\\\/2022\\\/02\\\/birkozo-kep.jpg\",\"datePublished\":\"2022-02-02T09:40:31+00:00\",\"dateModified\":\"2022-02-02T09:42:04+00:00\",\"breadcrumb\":{\"@id\":\"https:\\\/\\\/dorogimedence.hu\\\/index.php\\\/2022\\\/02\\\/02\\\/birkozo-sport-osztaly-indul-a-meszlenyiben\\\/#breadcrumb\"},\"inLanguage\":\"hu\",\"potentialAction\":[{\"@type\":\"ReadAction\",\"target\":[\"https:\\\/\\\/dorogimedence.hu\\\/index.php\\\/2022\\\/02\\\/02\\\/birkozo-sport-osztaly-indul-a-meszlenyiben\\\/\"]}]},{\"@type\":\"ImageObject\",\"inLanguage\":\"hu\",\"@id\":\"https:\\\/\\\/dorogimedence.hu\\\/index.php\\\/2022\\\/02\\\/02\\\/birkozo-sport-osztaly-indul-a-meszlenyiben\\\/#primaryimage\",\"url\":\"https:\\\/\\\/dorogimedence.hu\\\/wp-content\\\/uploads\\\/2022\\\/02\\\/birkozo-kep.jpg\",\"contentUrl\":\"https:\\\/\\\/dorogimedence.hu\\\/wp-content\\\/uploads\\\/2022\\\/02\\\/birkozo-kep.jpg\",\"width\":1913,\"height\":1101},{\"@type\":\"BreadcrumbList\",\"@id\":\"https:\\\/\\\/dorogimedence.hu\\\/index.php\\\/2022\\\/02\\\/02\\\/birkozo-sport-osztaly-indul-a-meszlenyiben\\\/#breadcrumb\",\"itemListElement\":[{\"@type\":\"ListItem\",\"position\":1,\"name\":\"Kezd\u0151lap\",\"item\":\"https:\\\/\\\/dorogimedence.hu\\\/\"},{\"@type\":\"ListItem\",\"position\":2,\"name\":\"Birk\u00f3z\u00f3 sport oszt\u00e1ly indul a Meszl\u00e9nyiben\"}]},{\"@type\":\"WebSite\",\"@id\":\"https:\\\/\\\/dorogimedence.hu\\\/#website\",\"url\":\"https:\\\/\\\/dorogimedence.hu\\\/\",\"name\":\"Dorogi-medence Region\u00e1lis H\u00edrport\u00e1l\",\"description\":\"Dorog, Keszt\u00f6lc, Le\u00e1nyv\u00e1r, Piliscs\u00e9v, Tokod, Tokodalt\u00e1r\u00f3, Csolnok, Esztergom-kertv\u00e1ros: h\u00edrek, programok\",\"publisher\":{\"@id\":\"https:\\\/\\\/dorogimedence.hu\\\/#organization\"},\"potentialAction\":[{\"@type\":\"SearchAction\",\"target\":{\"@type\":\"EntryPoint\",\"urlTemplate\":\"https:\\\/\\\/dorogimedence.hu\\\/?s={search_term_string}\"},\"query-input\":{\"@type\":\"PropertyValueSpecification\",\"valueRequired\":true,\"valueName\":\"search_term_string\"}}],\"inLanguage\":\"hu\"},{\"@type\":\"Organization\",\"@id\":\"https:\\\/\\\/dorogimedence.hu\\\/#organization\",\"name\":\"Dorogi-medence Region\u00e1lis H\u00edrport\u00e1l\",\"url\":\"https:\\\/\\\/dorogimedence.hu\\\/\",\"logo\":{\"@type\":\"ImageObject\",\"inLanguage\":\"hu\",\"@id\":\"https:\\\/\\\/dorogimedence.hu\\\/#\\\/schema\\\/logo\\\/image\\\/\",\"url\":\"https:\\\/\\\/dorogimedence.hu\\\/wp-content\\\/uploads\\\/2021\\\/04\\\/logo-feher-600.png\",\"contentUrl\":\"https:\\\/\\\/dorogimedence.hu\\\/wp-content\\\/uploads\\\/2021\\\/04\\\/logo-feher-600.png\",\"width\":600,\"height\":100,\"caption\":\"Dorogi-medence Region\u00e1lis H\u00edrport\u00e1l\"},\"image\":{\"@id\":\"https:\\\/\\\/dorogimedence.hu\\\/#\\\/schema\\\/logo\\\/image\\\/\"},\"sameAs\":[\"https:\\\/\\\/www.facebook.com\\\/dorogimedence\\\/\"]},{\"@type\":\"Person\",\"@id\":\"https:\\\/\\\/dorogimedence.hu\\\/#\\\/schema\\\/person\\\/ce6091eeb7e95ecdc87890d6aa8e0fd4\",\"name\":\"dorogimedence.hu\",\"image\":{\"@type\":\"ImageObject\",\"inLanguage\":\"hu\",\"@id\":\"\\\/\\\/www.gravatar.com\\\/avatar\\\/d8d45f8901aadff40a4af72c0b826f1d?s=96&#038;r=g&#038;d=mm\",\"url\":\"\\\/\\\/www.gravatar.com\\\/avatar\\\/d8d45f8901aadff40a4af72c0b826f1d?s=96&#038;r=g&#038;d=mm\",\"contentUrl\":\"\\\/\\\/www.gravatar.com\\\/avatar\\\/d8d45f8901aadff40a4af72c0b826f1d?s=96&#038;r=g&#038;d=mm\",\"caption\":\"dorogimedence.hu\"}}]}<\/script>\n<!-- \/ Yoast SEO plugin. -->","yoast_head_json":{"title":"Birk\u00f3z\u00f3 sport oszt\u00e1ly indul a Meszl\u00e9nyiben","robots":{"index":"index","follow":"follow","max-snippet":"max-snippet:-1","max-image-preview":"max-image-preview:large","max-video-preview":"max-video-preview:-1"},"canonical":"https:\/\/dorogimedence.hu\/index.php\/2022\/02\/02\/birkozo-sport-osztaly-indul-a-meszlenyiben\/","og_locale":"hu_HU","og_type":"article","og_title":"Birk\u00f3z\u00f3 sport oszt\u00e1ly indul a Meszl\u00e9nyiben","og_description":"A 2022-2023. tan\u00e9vt\u0151l felmen\u0151 rendszerben \u2013 a Budapesti Honv\u00e9d \u00e9s az Esztergomi Birk\u00f3z\u00f3 SE szakmai vezet\u00e9s\u00e9vel \u2013 egy\u00e9ni tanrend\u0171, birk\u00f3z\u00f3 sport oszt\u00e1lyt ind\u00edt az esztergom-kertv\u00e1rosi Meszl\u00e9nyi Zolt\u00e1n Katolikus \u00c1ltal\u00e1nos Iskola. Jelent\u0151sen \u00e1talakul az iskola identit\u00e1sa, pedag\u00f3giai programja. A fenntart\u00f3 Katolikus Egyh\u00e1z szellemis\u00e9ge \u00e9s a sport, mint \u00e9letforma, nevel\u0151 eszk\u00f6z kap kiemelt szerepet. \u201ePedag\u00f3giai \u00e9rt\u00e9krend\u00fcnk alapj\u00e1t","og_url":"https:\/\/dorogimedence.hu\/index.php\/2022\/02\/02\/birkozo-sport-osztaly-indul-a-meszlenyiben\/","og_site_name":"Dorogi-medence Region\u00e1lis H\u00edrport\u00e1l","article_publisher":"https:\/\/www.facebook.com\/dorogimedence\/","article_published_time":"2022-02-02T09:40:31+00:00","article_modified_time":"2022-02-02T09:42:04+00:00","og_image":[{"width":1913,"height":1101,"url":"https:\/\/i0.wp.com\/dorogimedence.hu\/wp-content\/uploads\/2022\/02\/birkozo-kep.jpg?fit=1913%2C1101&ssl=1","type":"image\/jpeg"}],"author":"dorogimedence.hu","twitter_card":"summary_large_image","twitter_misc":{"Szerz\u0151:":"dorogimedence.hu","Becs\u00fclt olvas\u00e1si id\u0151":"2 perc"},"schema":{"@context":"https:\/\/schema.org","@graph":[{"@type":"Article","@id":"https:\/\/dorogimedence.hu\/index.php\/2022\/02\/02\/birkozo-sport-osztaly-indul-a-meszlenyiben\/#article","isPartOf":{"@id":"https:\/\/dorogimedence.hu\/index.php\/2022\/02\/02\/birkozo-sport-osztaly-indul-a-meszlenyiben\/"},"author":{"name":"dorogimedence.hu","@id":"https:\/\/dorogimedence.hu\/#\/schema\/person\/ce6091eeb7e95ecdc87890d6aa8e0fd4"},"headline":"Birk\u00f3z\u00f3 sport oszt\u00e1ly indul a Meszl\u00e9nyiben","datePublished":"2022-02-02T09:40:31+00:00","dateModified":"2022-02-02T09:42:04+00:00","mainEntityOfPage":{"@id":"https:\/\/dorogimedence.hu\/index.php\/2022\/02\/02\/birkozo-sport-osztaly-indul-a-meszlenyiben\/"},"wordCount":469,"publisher":{"@id":"https:\/\/dorogimedence.hu\/#organization"},"image":{"@id":"https:\/\/dorogimedence.hu\/index.php\/2022\/02\/02\/birkozo-sport-osztaly-indul-a-meszlenyiben\/#primaryimage"},"thumbnailUrl":"https:\/\/dorogimedence.hu\/wp-content\/uploads\/2022\/02\/birkozo-kep.jpg","keywords":["birk\u00f3z\u00e1s","esztergom","Esztergom-kertv\u00e1ros","Meszl\u00e9nyi Zolt\u00e1n Katolikus \u00c1ltal\u00e1nos Iskola","oktat\u00e1s"],"articleSection":["Esztergom","Esztergom-kertv\u00e1ros","H\u00edrek"],"inLanguage":"hu"},{"@type":"WebPage","@id":"https:\/\/dorogimedence.hu\/index.php\/2022\/02\/02\/birkozo-sport-osztaly-indul-a-meszlenyiben\/","url":"https:\/\/dorogimedence.hu\/index.php\/2022\/02\/02\/birkozo-sport-osztaly-indul-a-meszlenyiben\/","name":"Birk\u00f3z\u00f3 sport oszt\u00e1ly indul a Meszl\u00e9nyiben","isPartOf":{"@id":"https:\/\/dorogimedence.hu\/#website"},"primaryImageOfPage":{"@id":"https:\/\/dorogimedence.hu\/index.php\/2022\/02\/02\/birkozo-sport-osztaly-indul-a-meszlenyiben\/#primaryimage"},"image":{"@id":"https:\/\/dorogimedence.hu\/index.php\/2022\/02\/02\/birkozo-sport-osztaly-indul-a-meszlenyiben\/#primaryimage"},"thumbnailUrl":"https:\/\/dorogimedence.hu\/wp-content\/uploads\/2022\/02\/birkozo-kep.jpg","datePublished":"2022-02-02T09:40:31+00:00","dateModified":"2022-02-02T09:42:04+00:00","breadcrumb":{"@id":"https:\/\/dorogimedence.hu\/index.php\/2022\/02\/02\/birkozo-sport-osztaly-indul-a-meszlenyiben\/#breadcrumb"},"inLanguage":"hu","potentialAction":[{"@type":"ReadAction","target":["https:\/\/dorogimedence.hu\/index.php\/2022\/02\/02\/birkozo-sport-osztaly-indul-a-meszlenyiben\/"]}]},{"@type":"ImageObject","inLanguage":"hu","@id":"https:\/\/dorogimedence.hu\/index.php\/2022\/02\/02\/birkozo-sport-osztaly-indul-a-meszlenyiben\/#primaryimage","url":"https:\/\/dorogimedence.hu\/wp-content\/uploads\/2022\/02\/birkozo-kep.jpg","contentUrl":"https:\/\/dorogimedence.hu\/wp-content\/uploads\/2022\/02\/birkozo-kep.jpg","width":1913,"height":1101},{"@type":"BreadcrumbList","@id":"https:\/\/dorogimedence.hu\/index.php\/2022\/02\/02\/birkozo-sport-osztaly-indul-a-meszlenyiben\/#breadcrumb","itemListElement":[{"@type":"ListItem","position":1,"name":"Kezd\u0151lap","item":"https:\/\/dorogimedence.hu\/"},{"@type":"ListItem","position":2,"name":"Birk\u00f3z\u00f3 sport oszt\u00e1ly indul a Meszl\u00e9nyiben"}]},{"@type":"WebSite","@id":"https:\/\/dorogimedence.hu\/#website","url":"https:\/\/dorogimedence.hu\/","name":"Dorogi-medence Region\u00e1lis H\u00edrport\u00e1l","description":"Dorog, Keszt\u00f6lc, Le\u00e1nyv\u00e1r, Piliscs\u00e9v, Tokod, Tokodalt\u00e1r\u00f3, Csolnok, Esztergom-kertv\u00e1ros: h\u00edrek, programok","publisher":{"@id":"https:\/\/dorogimedence.hu\/#organization"},"potentialAction":[{"@type":"SearchAction","target":{"@type":"EntryPoint","urlTemplate":"https:\/\/dorogimedence.hu\/?s={search_term_string}"},"query-input":{"@type":"PropertyValueSpecification","valueRequired":true,"valueName":"search_term_string"}}],"inLanguage":"hu"},{"@type":"Organization","@id":"https:\/\/dorogimedence.hu\/#organization","name":"Dorogi-medence Region\u00e1lis H\u00edrport\u00e1l","url":"https:\/\/dorogimedence.hu\/","logo":{"@type":"ImageObject","inLanguage":"hu","@id":"https:\/\/dorogimedence.hu\/#\/schema\/logo\/image\/","url":"https:\/\/dorogimedence.hu\/wp-content\/uploads\/2021\/04\/logo-feher-600.png","contentUrl":"https:\/\/dorogimedence.hu\/wp-content\/uploads\/2021\/04\/logo-feher-600.png","width":600,"height":100,"caption":"Dorogi-medence Region\u00e1lis H\u00edrport\u00e1l"},"image":{"@id":"https:\/\/dorogimedence.hu\/#\/schema\/logo\/image\/"},"sameAs":["https:\/\/www.facebook.com\/dorogimedence\/"]},{"@type":"Person","@id":"https:\/\/dorogimedence.hu\/#\/schema\/person\/ce6091eeb7e95ecdc87890d6aa8e0fd4","name":"dorogimedence.hu","image":{"@type":"ImageObject","inLanguage":"hu","@id":"\/\/www.gravatar.com\/avatar\/d8d45f8901aadff40a4af72c0b826f1d?s=96&#038;r=g&#038;d=mm","url":"\/\/www.gravatar.com\/avatar\/d8d45f8901aadff40a4af72c0b826f1d?s=96&#038;r=g&#038;d=mm","contentUrl":"\/\/www.gravatar.com\/avatar\/d8d45f8901aadff40a4af72c0b826f1d?s=96&#038;r=g&#038;d=mm","caption":"dorogimedence.hu"}}]}},"_links":{"self":[{"href":"https:\/\/dorogimedence.hu\/index.php\/wp-json\/wp\/v2\/posts\/40193","targetHints":{"allow":["GET"]}}],"collection":[{"href":"https:\/\/dorogimedence.hu\/index.php\/wp-json\/wp\/v2\/posts"}],"about":[{"href":"https:\/\/dorogimedence.hu\/index.php\/wp-json\/wp\/v2\/types\/post"}],"author":[{"embeddable":true,"href":"https:\/\/dorogimedence.hu\/index.php\/wp-json\/wp\/v2\/users\/1"}],"replies":[{"embeddable":true,"href":"https:\/\/dorogimedence.hu\/index.php\/wp-json\/wp\/v2\/comments?post=40193"}],"version-history":[{"count":0,"href":"https:\/\/dorogimedence.hu\/index.php\/wp-json\/wp\/v2\/posts\/40193\/revisions"}],"wp:featuredmedia":[{"embeddable":true,"href":"https:\/\/dorogimedence.hu\/index.php\/wp-json\/wp\/v2\/media\/40194"}],"wp:attachment":[{"href":"https:\/\/dorogimedence.hu\/index.php\/wp-json\/wp\/v2\/media?parent=40193"}],"wp:term":[{"taxonomy":"category","embeddable":true,"href":"https:\/\/dorogimedence.hu\/index.php\/wp-json\/wp\/v2\/categories?post=40193"},{"taxonomy":"post_tag","embeddable":true,"href":"https:\/\/dorogimedence.hu\/index.php\/wp-json\/wp\/v2\/tags?post=40193"}],"curies":[{"name":"wp","href":"https:\/\/api.w.org\/{rel}","templated":true}]}}