{"id":40085,"date":"2022-01-28T11:58:45","date_gmt":"2022-01-28T10:58:45","guid":{"rendered":"https:\/\/dorogimedence.hu\/?p=40085"},"modified":"2022-01-28T11:58:57","modified_gmt":"2022-01-28T10:58:57","slug":"tobb-mint-18-ezer-munkavallalo-bere-emelkedik-jelentosen-a-volanbusznal","status":"publish","type":"post","link":"https:\/\/dorogimedence.hu\/index.php\/2022\/01\/28\/tobb-mint-18-ezer-munkavallalo-bere-emelkedik-jelentosen-a-volanbusznal\/","title":{"rendered":"T\u00f6bb mint 18 ezer munkav\u00e1llal\u00f3 b\u00e9re emelkedik jelent\u0151sen a Vol\u00e1nbuszn\u00e1l"},"content":{"rendered":"<p><strong>A Vol\u00e1nbusz Zrt. \u00e9s a kollekt\u00edv szerz\u0151d\u00e9s megk\u00f6t\u00e9s\u00e9re jogosult K\u00f6z\u00fati K\u00f6zleked\u00e9si Szakszervezet k\u00e9pvisel\u0151i al\u00e1\u00edrt\u00e1k a meg\u00e1llapod\u00e1st a k\u00f6zleked\u00e9si v\u00e1llalat idei b\u00e9rfejleszt\u00e9s\u00e9r\u0151l. Az egyezs\u00e9gnek k\u00f6sz\u00f6nhet\u0151en az alanyi jogon j\u00e1r\u00f3 10 sz\u00e1zal\u00e9kos alapb\u00e9remel\u00e9sen t\u00fal tov\u00e1bbi b\u00e9rn\u00f6veked\u00e9si int\u00e9zked\u00e9sek l\u00e9pnek \u00e9letbe. A felek a b\u00e9rmeg\u00e1llapod\u00e1sban a \u201ekritikus\u201d munkak\u00f6rben dolgoz\u00f3k helyzet\u00e9nek rendez\u00e9s\u00e9re is \u00faj megold\u00e1sokat vezetnek be.<\/strong><\/p>\n<p>Miut\u00e1n a M\u00c1V\u2013Vol\u00e1n-csoportn\u00e1l a k\u00f6zelm\u00faltban megsz\u00fcletett az alanyi jogon j\u00e1r\u00f3 10 sz\u00e1zal\u00e9kos b\u00e9remel\u00e9sr\u0151l sz\u00f3l\u00f3 meg\u00e1llapod\u00e1s, a Vol\u00e1nbusz eset\u00e9ben a munk\u00e1ltat\u00f3i \u00e9s a munkav\u00e1llal\u00f3i oldal k\u00e9pvisel\u0151i tov\u00e1bb folytatt\u00e1k az egyeztet\u00e9seket a r\u00e9szletszab\u00e1lyok kidolgoz\u00e1sa \u00e9rdek\u00e9ben. A t\u00e1rgyal\u00e1ssorozat \u2013 az \u00e9rdemi munk\u00e1ra \u00e9s a j\u00e1rv\u00e1nyhelyzetre val\u00f3 tekintettel \u2013 \u00edr\u00e1sban zajlott, valamennyi \u00e9rdekk\u00e9pviselet bevon\u00e1s\u00e1val. A megsz\u00fcletett b\u00e9rmeg\u00e1llapod\u00e1s l\u00e9nyege, hogy az alanyi jogon j\u00e1r\u00f3 10 sz\u00e1zal\u00e9kos alapb\u00e9remel\u00e9sen t\u00fal tov\u00e1bbi b\u00e9rn\u00f6veked\u00e9si int\u00e9zked\u00e9sek l\u00e9pnek \u00e9letbe a Vol\u00e1nbuszn\u00e1l 2022. janu\u00e1r elsej\u00e9ig visszamen\u0151leg.<\/p>\n<p>Az aut\u00f3busz-vezet\u0151k eset\u00e9ben a brutt\u00f3 \u00f3rab\u00e9r, a forgalmi kompenz\u00e1ci\u00f3s p\u00f3tl\u00e9k \u00e9s a vezet\u00e9si id\u0151re j\u00e1r\u00f3 p\u00f3tl\u00e9k \u00f6sszege is n\u0151. A szellemi, illetve a szakk\u00e9pzetts\u00e9get ig\u00e9nyl\u0151 fizikai munkav\u00e1llal\u00f3k eset\u00e9ben az \u00e1ltal\u00e1nos t\u00e1rsas\u00e1gi alapb\u00e9r minimuma havi 280 ezer forint lesz (\u00f3rab\u00e9r keret\u00e9ben foglalkoztatottak eset\u00e9ben ez 1600 forint\/\u00f3r\u00e1t jelent.) A b\u00e9rmeg\u00e1llapod\u00e1s alapj\u00e1n t\u00f6bb kritikus munkak\u00f6rben is brutt\u00f3 alapb\u00e9rminimumot vezetnek be \u00e9s hat\u00e1roznak meg a Vol\u00e1nbuszn\u00e1l.<\/p>\n<p>A k\u00f6lts\u00e9gkeret fennmarad\u00f3 r\u00e9sz\u00e9t a munk\u00e1ltat\u00f3i jogk\u00f6rgyakorl\u00f3k differenci\u00e1ltan haszn\u00e1lhatj\u00e1k fel tov\u00e1bbi brutt\u00f3 alapb\u00e9remel\u00e9sre az aut\u00f3busz-vezet\u0151n k\u00edv\u00fcli munkak\u00f6r\u00f6kben. Ennek m\u00e9rt\u00e9ke az \u00f3rab\u00e9res munkav\u00e1llal\u00f3k eset\u00e9ben legfeljebb 5, havib\u00e9res munkav\u00e1llal\u00f3k eset\u00e9ben 2 \u00e9s 5 sz\u00e1zal\u00e9k k\u00f6z\u00f6tt alakulhat.<\/p>\n<p>A Vol\u00e1nbuszn\u00e1l a havib\u00e9res fizikai, illetve a szellemi munkak\u00f6r\u00f6kben foglalkoztatottak eset\u00e9ben is bevezetik a h\u0171s\u00e9gb\u00e9rt, m\u00e9rt\u00e9ke a 3 \u00e9ves \u201et\u00f6rzsg\u00e1rda fokozat\u201d el\u00e9r\u00e9s\u00e9t k\u00f6vet\u0151en havi brutt\u00f3 10 ezer forint lesz.<\/p>\n<p>Az idei b\u00e9remel\u00e9s minden eleme 2022. janu\u00e1r 1-j\u00e9t\u0151l \u00e9rv\u00e9nyes, az els\u0151 megemelt fizet\u00e9s febru\u00e1r 10-\u00e9ig minden munkav\u00e1llal\u00f3 banksz\u00e1ml\u00e1j\u00e1ra meg\u00e9rkezik.<\/p>\n<p><em>Forr\u00e1s: Vol\u00e1nbusz Zrt. Kommunik\u00e1ci\u00f3 Igazgat\u00f3s\u00e1g<\/em><\/p>\n","protected":false},"excerpt":{"rendered":"<p>A Vol\u00e1nbusz Zrt. \u00e9s a kollekt\u00edv szerz\u0151d\u00e9s megk\u00f6t\u00e9s\u00e9re jogosult K\u00f6z\u00fati K\u00f6zleked\u00e9si Szakszervezet k\u00e9pvisel\u0151i al\u00e1\u00edrt\u00e1k a meg\u00e1llapod\u00e1st a k\u00f6zleked\u00e9si v\u00e1llalat idei b\u00e9rfejleszt\u00e9s\u00e9r\u0151l. Az egyezs\u00e9gnek k\u00f6sz\u00f6nhet\u0151en az alanyi jogon j\u00e1r\u00f3 10 sz\u00e1zal\u00e9kos alapb\u00e9remel\u00e9sen t\u00fal tov\u00e1bbi b\u00e9rn\u00f6veked\u00e9si int\u00e9zked\u00e9sek l\u00e9pnek \u00e9letbe. A felek a b\u00e9rmeg\u00e1llapod\u00e1sban a \u201ekritikus\u201d munkak\u00f6rben dolgoz\u00f3k helyzet\u00e9nek rendez\u00e9s\u00e9re is \u00faj megold\u00e1sokat vezetnek be. Miut\u00e1n a M\u00c1V\u2013Vol\u00e1n-csoportn\u00e1l<\/p>\n","protected":false},"author":1,"featured_media":36134,"comment_status":"closed","ping_status":"closed","sticky":false,"template":"","format":"standard","meta":{"ngg_post_thumbnail":0,"footnotes":""},"categories":[3],"tags":[6010,1043,279,1015],"class_list":{"0":"post-40085","1":"post","2":"type-post","3":"status-publish","4":"format-standard","5":"has-post-thumbnail","7":"category-hirek","8":"tag-beremeles","9":"tag-busz","10":"tag-kozlekedes","11":"tag-volanbusz"},"yoast_head":"<!-- This site is optimized with the Yoast SEO plugin v27.5 - https:\/\/yoast.com\/product\/yoast-seo-wordpress\/ -->\n<title>T\u00f6bb mint 18 ezer munkav\u00e1llal\u00f3 b\u00e9re emelkedik jelent\u0151sen a Vol\u00e1nbuszn\u00e1l<\/title>\n<meta name=\"robots\" content=\"index, follow, max-snippet:-1, max-image-preview:large, max-video-preview:-1\" \/>\n<link rel=\"canonical\" href=\"https:\/\/dorogimedence.hu\/index.php\/2022\/01\/28\/tobb-mint-18-ezer-munkavallalo-bere-emelkedik-jelentosen-a-volanbusznal\/\" class=\"yoast-seo-meta-tag\" \/>\n<meta property=\"og:locale\" content=\"hu_HU\" class=\"yoast-seo-meta-tag\" \/>\n<meta property=\"og:type\" content=\"article\" class=\"yoast-seo-meta-tag\" \/>\n<meta property=\"og:title\" content=\"T\u00f6bb mint 18 ezer munkav\u00e1llal\u00f3 b\u00e9re emelkedik jelent\u0151sen a Vol\u00e1nbuszn\u00e1l\" class=\"yoast-seo-meta-tag\" \/>\n<meta property=\"og:description\" content=\"A Vol\u00e1nbusz Zrt. \u00e9s a kollekt\u00edv szerz\u0151d\u00e9s megk\u00f6t\u00e9s\u00e9re jogosult K\u00f6z\u00fati K\u00f6zleked\u00e9si Szakszervezet k\u00e9pvisel\u0151i al\u00e1\u00edrt\u00e1k a meg\u00e1llapod\u00e1st a k\u00f6zleked\u00e9si v\u00e1llalat idei b\u00e9rfejleszt\u00e9s\u00e9r\u0151l. Az egyezs\u00e9gnek k\u00f6sz\u00f6nhet\u0151en az alanyi jogon j\u00e1r\u00f3 10 sz\u00e1zal\u00e9kos alapb\u00e9remel\u00e9sen t\u00fal tov\u00e1bbi b\u00e9rn\u00f6veked\u00e9si int\u00e9zked\u00e9sek l\u00e9pnek \u00e9letbe. A felek a b\u00e9rmeg\u00e1llapod\u00e1sban a \u201ekritikus\u201d munkak\u00f6rben dolgoz\u00f3k helyzet\u00e9nek rendez\u00e9s\u00e9re is \u00faj megold\u00e1sokat vezetnek be. Miut\u00e1n a M\u00c1V\u2013Vol\u00e1n-csoportn\u00e1l\" class=\"yoast-seo-meta-tag\" \/>\n<meta property=\"og:url\" content=\"https:\/\/dorogimedence.hu\/index.php\/2022\/01\/28\/tobb-mint-18-ezer-munkavallalo-bere-emelkedik-jelentosen-a-volanbusznal\/\" class=\"yoast-seo-meta-tag\" \/>\n<meta property=\"og:site_name\" content=\"Dorogi-medence Region\u00e1lis H\u00edrport\u00e1l\" class=\"yoast-seo-meta-tag\" \/>\n<meta property=\"article:publisher\" content=\"https:\/\/www.facebook.com\/dorogimedence\/\" class=\"yoast-seo-meta-tag\" \/>\n<meta property=\"article:published_time\" content=\"2022-01-28T10:58:45+00:00\" class=\"yoast-seo-meta-tag\" \/>\n<meta property=\"article:modified_time\" content=\"2022-01-28T10:58:57+00:00\" class=\"yoast-seo-meta-tag\" \/>\n<meta property=\"og:image\" content=\"https:\/\/i0.wp.com\/dorogimedence.hu\/wp-content\/uploads\/2021\/08\/buszatado-08.jpg?fit=1920%2C1280&ssl=1\" class=\"yoast-seo-meta-tag\" \/>\n\t<meta property=\"og:image:width\" content=\"1920\" class=\"yoast-seo-meta-tag\" \/>\n\t<meta property=\"og:image:height\" content=\"1280\" class=\"yoast-seo-meta-tag\" \/>\n\t<meta property=\"og:image:type\" content=\"image\/jpeg\" class=\"yoast-seo-meta-tag\" \/>\n<meta name=\"author\" content=\"dorogimedence.hu\" class=\"yoast-seo-meta-tag\" \/>\n<meta name=\"twitter:card\" content=\"summary_large_image\" class=\"yoast-seo-meta-tag\" \/>\n<meta name=\"twitter:label1\" content=\"Szerz\u0151:\" class=\"yoast-seo-meta-tag\" \/>\n\t<meta name=\"twitter:data1\" content=\"dorogimedence.hu\" class=\"yoast-seo-meta-tag\" \/>\n\t<meta name=\"twitter:label2\" content=\"Becs\u00fclt olvas\u00e1si id\u0151\" class=\"yoast-seo-meta-tag\" \/>\n\t<meta name=\"twitter:data2\" content=\"2 perc\" class=\"yoast-seo-meta-tag\" \/>\n<script type=\"application\/ld+json\" class=\"yoast-schema-graph\">{\"@context\":\"https:\\\/\\\/schema.org\",\"@graph\":[{\"@type\":\"Article\",\"@id\":\"https:\\\/\\\/dorogimedence.hu\\\/index.php\\\/2022\\\/01\\\/28\\\/tobb-mint-18-ezer-munkavallalo-bere-emelkedik-jelentosen-a-volanbusznal\\\/#article\",\"isPartOf\":{\"@id\":\"https:\\\/\\\/dorogimedence.hu\\\/index.php\\\/2022\\\/01\\\/28\\\/tobb-mint-18-ezer-munkavallalo-bere-emelkedik-jelentosen-a-volanbusznal\\\/\"},\"author\":{\"name\":\"dorogimedence.hu\",\"@id\":\"https:\\\/\\\/dorogimedence.hu\\\/#\\\/schema\\\/person\\\/ce6091eeb7e95ecdc87890d6aa8e0fd4\"},\"headline\":\"T\u00f6bb mint 18 ezer munkav\u00e1llal\u00f3 b\u00e9re emelkedik jelent\u0151sen a Vol\u00e1nbuszn\u00e1l\",\"datePublished\":\"2022-01-28T10:58:45+00:00\",\"dateModified\":\"2022-01-28T10:58:57+00:00\",\"mainEntityOfPage\":{\"@id\":\"https:\\\/\\\/dorogimedence.hu\\\/index.php\\\/2022\\\/01\\\/28\\\/tobb-mint-18-ezer-munkavallalo-bere-emelkedik-jelentosen-a-volanbusznal\\\/\"},\"wordCount\":499,\"publisher\":{\"@id\":\"https:\\\/\\\/dorogimedence.hu\\\/#organization\"},\"image\":{\"@id\":\"https:\\\/\\\/dorogimedence.hu\\\/index.php\\\/2022\\\/01\\\/28\\\/tobb-mint-18-ezer-munkavallalo-bere-emelkedik-jelentosen-a-volanbusznal\\\/#primaryimage\"},\"thumbnailUrl\":\"https:\\\/\\\/dorogimedence.hu\\\/wp-content\\\/uploads\\\/2021\\\/08\\\/buszatado-08.jpg\",\"keywords\":[\"b\u00e9remel\u00e9s\",\"busz\",\"k\u00f6zleked\u00e9s\",\"vol\u00e1nbusz\"],\"articleSection\":[\"H\u00edrek\"],\"inLanguage\":\"hu\"},{\"@type\":\"WebPage\",\"@id\":\"https:\\\/\\\/dorogimedence.hu\\\/index.php\\\/2022\\\/01\\\/28\\\/tobb-mint-18-ezer-munkavallalo-bere-emelkedik-jelentosen-a-volanbusznal\\\/\",\"url\":\"https:\\\/\\\/dorogimedence.hu\\\/index.php\\\/2022\\\/01\\\/28\\\/tobb-mint-18-ezer-munkavallalo-bere-emelkedik-jelentosen-a-volanbusznal\\\/\",\"name\":\"T\u00f6bb mint 18 ezer munkav\u00e1llal\u00f3 b\u00e9re emelkedik jelent\u0151sen a Vol\u00e1nbuszn\u00e1l\",\"isPartOf\":{\"@id\":\"https:\\\/\\\/dorogimedence.hu\\\/#website\"},\"primaryImageOfPage\":{\"@id\":\"https:\\\/\\\/dorogimedence.hu\\\/index.php\\\/2022\\\/01\\\/28\\\/tobb-mint-18-ezer-munkavallalo-bere-emelkedik-jelentosen-a-volanbusznal\\\/#primaryimage\"},\"image\":{\"@id\":\"https:\\\/\\\/dorogimedence.hu\\\/index.php\\\/2022\\\/01\\\/28\\\/tobb-mint-18-ezer-munkavallalo-bere-emelkedik-jelentosen-a-volanbusznal\\\/#primaryimage\"},\"thumbnailUrl\":\"https:\\\/\\\/dorogimedence.hu\\\/wp-content\\\/uploads\\\/2021\\\/08\\\/buszatado-08.jpg\",\"datePublished\":\"2022-01-28T10:58:45+00:00\",\"dateModified\":\"2022-01-28T10:58:57+00:00\",\"breadcrumb\":{\"@id\":\"https:\\\/\\\/dorogimedence.hu\\\/index.php\\\/2022\\\/01\\\/28\\\/tobb-mint-18-ezer-munkavallalo-bere-emelkedik-jelentosen-a-volanbusznal\\\/#breadcrumb\"},\"inLanguage\":\"hu\",\"potentialAction\":[{\"@type\":\"ReadAction\",\"target\":[\"https:\\\/\\\/dorogimedence.hu\\\/index.php\\\/2022\\\/01\\\/28\\\/tobb-mint-18-ezer-munkavallalo-bere-emelkedik-jelentosen-a-volanbusznal\\\/\"]}]},{\"@type\":\"ImageObject\",\"inLanguage\":\"hu\",\"@id\":\"https:\\\/\\\/dorogimedence.hu\\\/index.php\\\/2022\\\/01\\\/28\\\/tobb-mint-18-ezer-munkavallalo-bere-emelkedik-jelentosen-a-volanbusznal\\\/#primaryimage\",\"url\":\"https:\\\/\\\/dorogimedence.hu\\\/wp-content\\\/uploads\\\/2021\\\/08\\\/buszatado-08.jpg\",\"contentUrl\":\"https:\\\/\\\/dorogimedence.hu\\\/wp-content\\\/uploads\\\/2021\\\/08\\\/buszatado-08.jpg\",\"width\":1920,\"height\":1280},{\"@type\":\"BreadcrumbList\",\"@id\":\"https:\\\/\\\/dorogimedence.hu\\\/index.php\\\/2022\\\/01\\\/28\\\/tobb-mint-18-ezer-munkavallalo-bere-emelkedik-jelentosen-a-volanbusznal\\\/#breadcrumb\",\"itemListElement\":[{\"@type\":\"ListItem\",\"position\":1,\"name\":\"Kezd\u0151lap\",\"item\":\"https:\\\/\\\/dorogimedence.hu\\\/\"},{\"@type\":\"ListItem\",\"position\":2,\"name\":\"T\u00f6bb mint 18 ezer munkav\u00e1llal\u00f3 b\u00e9re emelkedik jelent\u0151sen a Vol\u00e1nbuszn\u00e1l\"}]},{\"@type\":\"WebSite\",\"@id\":\"https:\\\/\\\/dorogimedence.hu\\\/#website\",\"url\":\"https:\\\/\\\/dorogimedence.hu\\\/\",\"name\":\"Dorogi-medence Region\u00e1lis H\u00edrport\u00e1l\",\"description\":\"Dorog, Keszt\u00f6lc, Le\u00e1nyv\u00e1r, Piliscs\u00e9v, Tokod, Tokodalt\u00e1r\u00f3, Csolnok, Esztergom-kertv\u00e1ros: h\u00edrek, programok\",\"publisher\":{\"@id\":\"https:\\\/\\\/dorogimedence.hu\\\/#organization\"},\"potentialAction\":[{\"@type\":\"SearchAction\",\"target\":{\"@type\":\"EntryPoint\",\"urlTemplate\":\"https:\\\/\\\/dorogimedence.hu\\\/?s={search_term_string}\"},\"query-input\":{\"@type\":\"PropertyValueSpecification\",\"valueRequired\":true,\"valueName\":\"search_term_string\"}}],\"inLanguage\":\"hu\"},{\"@type\":\"Organization\",\"@id\":\"https:\\\/\\\/dorogimedence.hu\\\/#organization\",\"name\":\"Dorogi-medence Region\u00e1lis H\u00edrport\u00e1l\",\"url\":\"https:\\\/\\\/dorogimedence.hu\\\/\",\"logo\":{\"@type\":\"ImageObject\",\"inLanguage\":\"hu\",\"@id\":\"https:\\\/\\\/dorogimedence.hu\\\/#\\\/schema\\\/logo\\\/image\\\/\",\"url\":\"https:\\\/\\\/dorogimedence.hu\\\/wp-content\\\/uploads\\\/2021\\\/04\\\/logo-feher-600.png\",\"contentUrl\":\"https:\\\/\\\/dorogimedence.hu\\\/wp-content\\\/uploads\\\/2021\\\/04\\\/logo-feher-600.png\",\"width\":600,\"height\":100,\"caption\":\"Dorogi-medence Region\u00e1lis H\u00edrport\u00e1l\"},\"image\":{\"@id\":\"https:\\\/\\\/dorogimedence.hu\\\/#\\\/schema\\\/logo\\\/image\\\/\"},\"sameAs\":[\"https:\\\/\\\/www.facebook.com\\\/dorogimedence\\\/\"]},{\"@type\":\"Person\",\"@id\":\"https:\\\/\\\/dorogimedence.hu\\\/#\\\/schema\\\/person\\\/ce6091eeb7e95ecdc87890d6aa8e0fd4\",\"name\":\"dorogimedence.hu\",\"image\":{\"@type\":\"ImageObject\",\"inLanguage\":\"hu\",\"@id\":\"\\\/\\\/www.gravatar.com\\\/avatar\\\/d8d45f8901aadff40a4af72c0b826f1d?s=96&#038;r=g&#038;d=mm\",\"url\":\"\\\/\\\/www.gravatar.com\\\/avatar\\\/d8d45f8901aadff40a4af72c0b826f1d?s=96&#038;r=g&#038;d=mm\",\"contentUrl\":\"\\\/\\\/www.gravatar.com\\\/avatar\\\/d8d45f8901aadff40a4af72c0b826f1d?s=96&#038;r=g&#038;d=mm\",\"caption\":\"dorogimedence.hu\"}}]}<\/script>\n<!-- \/ Yoast SEO plugin. -->","yoast_head_json":{"title":"T\u00f6bb mint 18 ezer munkav\u00e1llal\u00f3 b\u00e9re emelkedik jelent\u0151sen a Vol\u00e1nbuszn\u00e1l","robots":{"index":"index","follow":"follow","max-snippet":"max-snippet:-1","max-image-preview":"max-image-preview:large","max-video-preview":"max-video-preview:-1"},"canonical":"https:\/\/dorogimedence.hu\/index.php\/2022\/01\/28\/tobb-mint-18-ezer-munkavallalo-bere-emelkedik-jelentosen-a-volanbusznal\/","og_locale":"hu_HU","og_type":"article","og_title":"T\u00f6bb mint 18 ezer munkav\u00e1llal\u00f3 b\u00e9re emelkedik jelent\u0151sen a Vol\u00e1nbuszn\u00e1l","og_description":"A Vol\u00e1nbusz Zrt. \u00e9s a kollekt\u00edv szerz\u0151d\u00e9s megk\u00f6t\u00e9s\u00e9re jogosult K\u00f6z\u00fati K\u00f6zleked\u00e9si Szakszervezet k\u00e9pvisel\u0151i al\u00e1\u00edrt\u00e1k a meg\u00e1llapod\u00e1st a k\u00f6zleked\u00e9si v\u00e1llalat idei b\u00e9rfejleszt\u00e9s\u00e9r\u0151l. Az egyezs\u00e9gnek k\u00f6sz\u00f6nhet\u0151en az alanyi jogon j\u00e1r\u00f3 10 sz\u00e1zal\u00e9kos alapb\u00e9remel\u00e9sen t\u00fal tov\u00e1bbi b\u00e9rn\u00f6veked\u00e9si int\u00e9zked\u00e9sek l\u00e9pnek \u00e9letbe. A felek a b\u00e9rmeg\u00e1llapod\u00e1sban a \u201ekritikus\u201d munkak\u00f6rben dolgoz\u00f3k helyzet\u00e9nek rendez\u00e9s\u00e9re is \u00faj megold\u00e1sokat vezetnek be. Miut\u00e1n a M\u00c1V\u2013Vol\u00e1n-csoportn\u00e1l","og_url":"https:\/\/dorogimedence.hu\/index.php\/2022\/01\/28\/tobb-mint-18-ezer-munkavallalo-bere-emelkedik-jelentosen-a-volanbusznal\/","og_site_name":"Dorogi-medence Region\u00e1lis H\u00edrport\u00e1l","article_publisher":"https:\/\/www.facebook.com\/dorogimedence\/","article_published_time":"2022-01-28T10:58:45+00:00","article_modified_time":"2022-01-28T10:58:57+00:00","og_image":[{"width":1920,"height":1280,"url":"https:\/\/i0.wp.com\/dorogimedence.hu\/wp-content\/uploads\/2021\/08\/buszatado-08.jpg?fit=1920%2C1280&ssl=1","type":"image\/jpeg"}],"author":"dorogimedence.hu","twitter_card":"summary_large_image","twitter_misc":{"Szerz\u0151:":"dorogimedence.hu","Becs\u00fclt olvas\u00e1si id\u0151":"2 perc"},"schema":{"@context":"https:\/\/schema.org","@graph":[{"@type":"Article","@id":"https:\/\/dorogimedence.hu\/index.php\/2022\/01\/28\/tobb-mint-18-ezer-munkavallalo-bere-emelkedik-jelentosen-a-volanbusznal\/#article","isPartOf":{"@id":"https:\/\/dorogimedence.hu\/index.php\/2022\/01\/28\/tobb-mint-18-ezer-munkavallalo-bere-emelkedik-jelentosen-a-volanbusznal\/"},"author":{"name":"dorogimedence.hu","@id":"https:\/\/dorogimedence.hu\/#\/schema\/person\/ce6091eeb7e95ecdc87890d6aa8e0fd4"},"headline":"T\u00f6bb mint 18 ezer munkav\u00e1llal\u00f3 b\u00e9re emelkedik jelent\u0151sen a Vol\u00e1nbuszn\u00e1l","datePublished":"2022-01-28T10:58:45+00:00","dateModified":"2022-01-28T10:58:57+00:00","mainEntityOfPage":{"@id":"https:\/\/dorogimedence.hu\/index.php\/2022\/01\/28\/tobb-mint-18-ezer-munkavallalo-bere-emelkedik-jelentosen-a-volanbusznal\/"},"wordCount":499,"publisher":{"@id":"https:\/\/dorogimedence.hu\/#organization"},"image":{"@id":"https:\/\/dorogimedence.hu\/index.php\/2022\/01\/28\/tobb-mint-18-ezer-munkavallalo-bere-emelkedik-jelentosen-a-volanbusznal\/#primaryimage"},"thumbnailUrl":"https:\/\/dorogimedence.hu\/wp-content\/uploads\/2021\/08\/buszatado-08.jpg","keywords":["b\u00e9remel\u00e9s","busz","k\u00f6zleked\u00e9s","vol\u00e1nbusz"],"articleSection":["H\u00edrek"],"inLanguage":"hu"},{"@type":"WebPage","@id":"https:\/\/dorogimedence.hu\/index.php\/2022\/01\/28\/tobb-mint-18-ezer-munkavallalo-bere-emelkedik-jelentosen-a-volanbusznal\/","url":"https:\/\/dorogimedence.hu\/index.php\/2022\/01\/28\/tobb-mint-18-ezer-munkavallalo-bere-emelkedik-jelentosen-a-volanbusznal\/","name":"T\u00f6bb mint 18 ezer munkav\u00e1llal\u00f3 b\u00e9re emelkedik jelent\u0151sen a Vol\u00e1nbuszn\u00e1l","isPartOf":{"@id":"https:\/\/dorogimedence.hu\/#website"},"primaryImageOfPage":{"@id":"https:\/\/dorogimedence.hu\/index.php\/2022\/01\/28\/tobb-mint-18-ezer-munkavallalo-bere-emelkedik-jelentosen-a-volanbusznal\/#primaryimage"},"image":{"@id":"https:\/\/dorogimedence.hu\/index.php\/2022\/01\/28\/tobb-mint-18-ezer-munkavallalo-bere-emelkedik-jelentosen-a-volanbusznal\/#primaryimage"},"thumbnailUrl":"https:\/\/dorogimedence.hu\/wp-content\/uploads\/2021\/08\/buszatado-08.jpg","datePublished":"2022-01-28T10:58:45+00:00","dateModified":"2022-01-28T10:58:57+00:00","breadcrumb":{"@id":"https:\/\/dorogimedence.hu\/index.php\/2022\/01\/28\/tobb-mint-18-ezer-munkavallalo-bere-emelkedik-jelentosen-a-volanbusznal\/#breadcrumb"},"inLanguage":"hu","potentialAction":[{"@type":"ReadAction","target":["https:\/\/dorogimedence.hu\/index.php\/2022\/01\/28\/tobb-mint-18-ezer-munkavallalo-bere-emelkedik-jelentosen-a-volanbusznal\/"]}]},{"@type":"ImageObject","inLanguage":"hu","@id":"https:\/\/dorogimedence.hu\/index.php\/2022\/01\/28\/tobb-mint-18-ezer-munkavallalo-bere-emelkedik-jelentosen-a-volanbusznal\/#primaryimage","url":"https:\/\/dorogimedence.hu\/wp-content\/uploads\/2021\/08\/buszatado-08.jpg","contentUrl":"https:\/\/dorogimedence.hu\/wp-content\/uploads\/2021\/08\/buszatado-08.jpg","width":1920,"height":1280},{"@type":"BreadcrumbList","@id":"https:\/\/dorogimedence.hu\/index.php\/2022\/01\/28\/tobb-mint-18-ezer-munkavallalo-bere-emelkedik-jelentosen-a-volanbusznal\/#breadcrumb","itemListElement":[{"@type":"ListItem","position":1,"name":"Kezd\u0151lap","item":"https:\/\/dorogimedence.hu\/"},{"@type":"ListItem","position":2,"name":"T\u00f6bb mint 18 ezer munkav\u00e1llal\u00f3 b\u00e9re emelkedik jelent\u0151sen a Vol\u00e1nbuszn\u00e1l"}]},{"@type":"WebSite","@id":"https:\/\/dorogimedence.hu\/#website","url":"https:\/\/dorogimedence.hu\/","name":"Dorogi-medence Region\u00e1lis H\u00edrport\u00e1l","description":"Dorog, Keszt\u00f6lc, Le\u00e1nyv\u00e1r, Piliscs\u00e9v, Tokod, Tokodalt\u00e1r\u00f3, Csolnok, Esztergom-kertv\u00e1ros: h\u00edrek, programok","publisher":{"@id":"https:\/\/dorogimedence.hu\/#organization"},"potentialAction":[{"@type":"SearchAction","target":{"@type":"EntryPoint","urlTemplate":"https:\/\/dorogimedence.hu\/?s={search_term_string}"},"query-input":{"@type":"PropertyValueSpecification","valueRequired":true,"valueName":"search_term_string"}}],"inLanguage":"hu"},{"@type":"Organization","@id":"https:\/\/dorogimedence.hu\/#organization","name":"Dorogi-medence Region\u00e1lis H\u00edrport\u00e1l","url":"https:\/\/dorogimedence.hu\/","logo":{"@type":"ImageObject","inLanguage":"hu","@id":"https:\/\/dorogimedence.hu\/#\/schema\/logo\/image\/","url":"https:\/\/dorogimedence.hu\/wp-content\/uploads\/2021\/04\/logo-feher-600.png","contentUrl":"https:\/\/dorogimedence.hu\/wp-content\/uploads\/2021\/04\/logo-feher-600.png","width":600,"height":100,"caption":"Dorogi-medence Region\u00e1lis H\u00edrport\u00e1l"},"image":{"@id":"https:\/\/dorogimedence.hu\/#\/schema\/logo\/image\/"},"sameAs":["https:\/\/www.facebook.com\/dorogimedence\/"]},{"@type":"Person","@id":"https:\/\/dorogimedence.hu\/#\/schema\/person\/ce6091eeb7e95ecdc87890d6aa8e0fd4","name":"dorogimedence.hu","image":{"@type":"ImageObject","inLanguage":"hu","@id":"\/\/www.gravatar.com\/avatar\/d8d45f8901aadff40a4af72c0b826f1d?s=96&#038;r=g&#038;d=mm","url":"\/\/www.gravatar.com\/avatar\/d8d45f8901aadff40a4af72c0b826f1d?s=96&#038;r=g&#038;d=mm","contentUrl":"\/\/www.gravatar.com\/avatar\/d8d45f8901aadff40a4af72c0b826f1d?s=96&#038;r=g&#038;d=mm","caption":"dorogimedence.hu"}}]}},"_links":{"self":[{"href":"https:\/\/dorogimedence.hu\/index.php\/wp-json\/wp\/v2\/posts\/40085","targetHints":{"allow":["GET"]}}],"collection":[{"href":"https:\/\/dorogimedence.hu\/index.php\/wp-json\/wp\/v2\/posts"}],"about":[{"href":"https:\/\/dorogimedence.hu\/index.php\/wp-json\/wp\/v2\/types\/post"}],"author":[{"embeddable":true,"href":"https:\/\/dorogimedence.hu\/index.php\/wp-json\/wp\/v2\/users\/1"}],"replies":[{"embeddable":true,"href":"https:\/\/dorogimedence.hu\/index.php\/wp-json\/wp\/v2\/comments?post=40085"}],"version-history":[{"count":0,"href":"https:\/\/dorogimedence.hu\/index.php\/wp-json\/wp\/v2\/posts\/40085\/revisions"}],"wp:featuredmedia":[{"embeddable":true,"href":"https:\/\/dorogimedence.hu\/index.php\/wp-json\/wp\/v2\/media\/36134"}],"wp:attachment":[{"href":"https:\/\/dorogimedence.hu\/index.php\/wp-json\/wp\/v2\/media?parent=40085"}],"wp:term":[{"taxonomy":"category","embeddable":true,"href":"https:\/\/dorogimedence.hu\/index.php\/wp-json\/wp\/v2\/categories?post=40085"},{"taxonomy":"post_tag","embeddable":true,"href":"https:\/\/dorogimedence.hu\/index.php\/wp-json\/wp\/v2\/tags?post=40085"}],"curies":[{"name":"wp","href":"https:\/\/api.w.org\/{rel}","templated":true}]}}