{"id":40023,"date":"2022-01-26T17:11:32","date_gmt":"2022-01-26T16:11:32","guid":{"rendered":"https:\/\/dorogimedence.hu\/?p=40023"},"modified":"2022-01-26T17:11:57","modified_gmt":"2022-01-26T16:11:57","slug":"eltunt-peregi-georgina-johanna","status":"publish","type":"post","link":"https:\/\/dorogimedence.hu\/index.php\/2022\/01\/26\/eltunt-peregi-georgina-johanna\/","title":{"rendered":"Elt\u0171nt Peregi Georgina Johanna"},"content":{"rendered":"<div class=\"item_introtext\">\n<div class=\"lead-text\">\n<p><strong>Az Esztergomi Rend\u0151rkapit\u00e1nys\u00e1g 11060-157\/1\/2022. k\u00f6r\u00f6z\u00e9si sz\u00e1mon elj\u00e1r\u00e1st folytat Peregi Georgina Johanna elt\u0171n\u00e9se kapcs\u00e1n.<\/strong><\/p>\n<\/div>\n<div class=\"item_fulltext\">\n<p>A 16 \u00e9ves l\u00e1ny id\u0151szakos kapcsolattart\u00e1sr\u00f3l 2021. december 31-\u00e9ig nem \u00e9rkezett vissza az esztergomi gyermekotthonba, az\u00f3ta ismeretlen helyen tart\u00f3zkodik. Peregi Georgina Johanna 167 centim\u00e9ter magas, barna szeme, hossz\u00fa barna sz\u00edn\u0171 haja \u00e9s fejhez simul\u00f3 f\u00fcle van. Arc\u00e1nak bal oldal\u00e1n \u00e9s az orr mellett t\u00f6bb anyajegye van, bal alkarj\u00e1n pedig heg tal\u00e1lhat\u00f3. Ruh\u00e1zata vil\u00e1gosk\u00e9k sz\u00edn\u0171, el\u00f6l hosszanti ir\u00e1nyban koptatott farmer, fekete sz\u00edn\u0171 eleg\u00e1ns, kapucnis sz\u0151rmekab\u00e1t \u00e9s fekete sportcip\u0151.<\/p>\n<div class=\"body-text\">\n<p>A k\u00f6r\u00f6z\u00e9si elj\u00e1r\u00e1s sor\u00e1n inform\u00e1ci\u00f3 mer\u00fclt fel arra vonatkoz\u00f3an, hogy a fiatal l\u00e1ny P\u00e9csen tart\u00f3zkodik.<\/p>\n<p>Az Esztergomi Rend\u0151rkapit\u00e1nys\u00e1g v\u00e1rja azoknak a jelentkez\u00e9s\u00e9t, akik a k\u00e9pen l\u00e1that\u00f3 l\u00e1ny tart\u00f3zkod\u00e1si hely\u00e9vel kapcsolatban b\u00e1rmilyen inform\u00e1ci\u00f3val rendelkeznek. Bejelent\u00e9s tehet\u0151 a 06\/34-517-777-es telefonsz\u00e1mon, illetve n\u00e9vtelens\u00e9g meg\u0151rz\u00e9se mellett az ingyenesen h\u00edvhat\u00f3 06-80-555-111 Telefontan\u00fa&nbsp;z\u00f6ldsz\u00e1m\u00e1n, valamint a 112-es k\u00f6zponti seg\u00e9lyh\u00edv\u00f3 telefonsz\u00e1mon.<\/p>\n<p><span style=\"text-decoration: underline; color: #0000ff;\"><a style=\"color: #0000ff;\" href=\"http:\/\/www.police.hu\/hu\/koral\/eltunt-szemelyek\/690841\" target=\"_blank\" rel=\"noopener noreferrer\">Az elt\u0171nt szem\u00e9ly adatlapja&gt;&gt;<\/a><\/span><\/p>\n<p><em>Fot\u00f3, forr\u00e1s: police.hu<\/em><\/p>\n<\/div>\n<\/div>\n<\/div>\n","protected":false},"excerpt":{"rendered":"<p>Az Esztergomi Rend\u0151rkapit\u00e1nys\u00e1g 11060-157\/1\/2022. k\u00f6r\u00f6z\u00e9si sz\u00e1mon elj\u00e1r\u00e1st folytat Peregi Georgina Johanna elt\u0171n\u00e9se kapcs\u00e1n. A 16 \u00e9ves l\u00e1ny id\u0151szakos kapcsolattart\u00e1sr\u00f3l 2021. december 31-\u00e9ig nem \u00e9rkezett vissza az esztergomi gyermekotthonba, az\u00f3ta ismeretlen helyen tart\u00f3zkodik. Peregi Georgina Johanna 167 centim\u00e9ter magas, barna szeme, hossz\u00fa barna sz\u00edn\u0171 haja \u00e9s fejhez simul\u00f3 f\u00fcle van. Arc\u00e1nak bal oldal\u00e1n \u00e9s az orr<\/p>\n","protected":false},"author":1,"featured_media":40024,"comment_status":"closed","ping_status":"closed","sticky":false,"template":"","format":"standard","meta":{"ngg_post_thumbnail":0,"footnotes":""},"categories":[38,3,39],"tags":[427,42,106,61],"class_list":{"0":"post-40023","1":"post","2":"type-post","3":"status-publish","4":"format-standard","5":"has-post-thumbnail","7":"category-esztergom","8":"category-hirek","9":"category-kek-hirek","10":"tag-eltunt-szemely","11":"tag-esztergom","12":"tag-korozes","13":"tag-rendorsegi-hirek"},"yoast_head":"<!-- This site is optimized with the Yoast SEO plugin v27.5 - https:\/\/yoast.com\/product\/yoast-seo-wordpress\/ -->\n<title>Elt\u0171nt Peregi Georgina Johanna<\/title>\n<meta name=\"robots\" content=\"index, follow, max-snippet:-1, max-image-preview:large, max-video-preview:-1\" \/>\n<link rel=\"canonical\" href=\"https:\/\/dorogimedence.hu\/index.php\/2022\/01\/26\/eltunt-peregi-georgina-johanna\/\" class=\"yoast-seo-meta-tag\" \/>\n<meta property=\"og:locale\" content=\"hu_HU\" class=\"yoast-seo-meta-tag\" \/>\n<meta property=\"og:type\" content=\"article\" class=\"yoast-seo-meta-tag\" \/>\n<meta property=\"og:title\" content=\"Elt\u0171nt Peregi Georgina Johanna\" class=\"yoast-seo-meta-tag\" \/>\n<meta property=\"og:description\" content=\"Az Esztergomi Rend\u0151rkapit\u00e1nys\u00e1g 11060-157\/1\/2022. k\u00f6r\u00f6z\u00e9si sz\u00e1mon elj\u00e1r\u00e1st folytat Peregi Georgina Johanna elt\u0171n\u00e9se kapcs\u00e1n. A 16 \u00e9ves l\u00e1ny id\u0151szakos kapcsolattart\u00e1sr\u00f3l 2021. december 31-\u00e9ig nem \u00e9rkezett vissza az esztergomi gyermekotthonba, az\u00f3ta ismeretlen helyen tart\u00f3zkodik. Peregi Georgina Johanna 167 centim\u00e9ter magas, barna szeme, hossz\u00fa barna sz\u00edn\u0171 haja \u00e9s fejhez simul\u00f3 f\u00fcle van. Arc\u00e1nak bal oldal\u00e1n \u00e9s az orr\" class=\"yoast-seo-meta-tag\" \/>\n<meta property=\"og:url\" content=\"https:\/\/dorogimedence.hu\/index.php\/2022\/01\/26\/eltunt-peregi-georgina-johanna\/\" class=\"yoast-seo-meta-tag\" \/>\n<meta property=\"og:site_name\" content=\"Dorogi-medence Region\u00e1lis H\u00edrport\u00e1l\" class=\"yoast-seo-meta-tag\" \/>\n<meta property=\"article:publisher\" content=\"https:\/\/www.facebook.com\/dorogimedence\/\" class=\"yoast-seo-meta-tag\" \/>\n<meta property=\"article:published_time\" content=\"2022-01-26T16:11:32+00:00\" class=\"yoast-seo-meta-tag\" \/>\n<meta property=\"article:modified_time\" content=\"2022-01-26T16:11:57+00:00\" class=\"yoast-seo-meta-tag\" \/>\n<meta property=\"og:image\" content=\"https:\/\/i0.wp.com\/dorogimedence.hu\/wp-content\/uploads\/2022\/01\/peregi.jpg?fit=1950%2C1081&ssl=1\" class=\"yoast-seo-meta-tag\" \/>\n\t<meta property=\"og:image:width\" content=\"1950\" class=\"yoast-seo-meta-tag\" \/>\n\t<meta property=\"og:image:height\" content=\"1081\" class=\"yoast-seo-meta-tag\" \/>\n\t<meta property=\"og:image:type\" content=\"image\/jpeg\" class=\"yoast-seo-meta-tag\" \/>\n<meta name=\"author\" content=\"dorogimedence.hu\" class=\"yoast-seo-meta-tag\" \/>\n<meta name=\"twitter:card\" content=\"summary_large_image\" class=\"yoast-seo-meta-tag\" \/>\n<meta name=\"twitter:label1\" content=\"Szerz\u0151:\" class=\"yoast-seo-meta-tag\" \/>\n\t<meta name=\"twitter:data1\" content=\"dorogimedence.hu\" class=\"yoast-seo-meta-tag\" \/>\n\t<meta name=\"twitter:label2\" content=\"Becs\u00fclt olvas\u00e1si id\u0151\" class=\"yoast-seo-meta-tag\" \/>\n\t<meta name=\"twitter:data2\" content=\"1 perc\" class=\"yoast-seo-meta-tag\" \/>\n<script type=\"application\/ld+json\" class=\"yoast-schema-graph\">{\"@context\":\"https:\\\/\\\/schema.org\",\"@graph\":[{\"@type\":\"Article\",\"@id\":\"https:\\\/\\\/dorogimedence.hu\\\/index.php\\\/2022\\\/01\\\/26\\\/eltunt-peregi-georgina-johanna\\\/#article\",\"isPartOf\":{\"@id\":\"https:\\\/\\\/dorogimedence.hu\\\/index.php\\\/2022\\\/01\\\/26\\\/eltunt-peregi-georgina-johanna\\\/\"},\"author\":{\"name\":\"dorogimedence.hu\",\"@id\":\"https:\\\/\\\/dorogimedence.hu\\\/#\\\/schema\\\/person\\\/ce6091eeb7e95ecdc87890d6aa8e0fd4\"},\"headline\":\"Elt\u0171nt Peregi Georgina Johanna\",\"datePublished\":\"2022-01-26T16:11:32+00:00\",\"dateModified\":\"2022-01-26T16:11:57+00:00\",\"mainEntityOfPage\":{\"@id\":\"https:\\\/\\\/dorogimedence.hu\\\/index.php\\\/2022\\\/01\\\/26\\\/eltunt-peregi-georgina-johanna\\\/\"},\"wordCount\":232,\"publisher\":{\"@id\":\"https:\\\/\\\/dorogimedence.hu\\\/#organization\"},\"image\":{\"@id\":\"https:\\\/\\\/dorogimedence.hu\\\/index.php\\\/2022\\\/01\\\/26\\\/eltunt-peregi-georgina-johanna\\\/#primaryimage\"},\"thumbnailUrl\":\"https:\\\/\\\/dorogimedence.hu\\\/wp-content\\\/uploads\\\/2022\\\/01\\\/peregi.jpg\",\"keywords\":[\"elt\u0171nt szem\u00e9ly\",\"esztergom\",\"k\u00f6r\u00f6z\u00e9s\",\"rend\u0151rs\u00e9gi h\u00edrek\"],\"articleSection\":[\"Esztergom\",\"H\u00edrek\",\"K\u00e9k h\u00edrek\"],\"inLanguage\":\"hu\"},{\"@type\":\"WebPage\",\"@id\":\"https:\\\/\\\/dorogimedence.hu\\\/index.php\\\/2022\\\/01\\\/26\\\/eltunt-peregi-georgina-johanna\\\/\",\"url\":\"https:\\\/\\\/dorogimedence.hu\\\/index.php\\\/2022\\\/01\\\/26\\\/eltunt-peregi-georgina-johanna\\\/\",\"name\":\"Elt\u0171nt Peregi Georgina Johanna\",\"isPartOf\":{\"@id\":\"https:\\\/\\\/dorogimedence.hu\\\/#website\"},\"primaryImageOfPage\":{\"@id\":\"https:\\\/\\\/dorogimedence.hu\\\/index.php\\\/2022\\\/01\\\/26\\\/eltunt-peregi-georgina-johanna\\\/#primaryimage\"},\"image\":{\"@id\":\"https:\\\/\\\/dorogimedence.hu\\\/index.php\\\/2022\\\/01\\\/26\\\/eltunt-peregi-georgina-johanna\\\/#primaryimage\"},\"thumbnailUrl\":\"https:\\\/\\\/dorogimedence.hu\\\/wp-content\\\/uploads\\\/2022\\\/01\\\/peregi.jpg\",\"datePublished\":\"2022-01-26T16:11:32+00:00\",\"dateModified\":\"2022-01-26T16:11:57+00:00\",\"breadcrumb\":{\"@id\":\"https:\\\/\\\/dorogimedence.hu\\\/index.php\\\/2022\\\/01\\\/26\\\/eltunt-peregi-georgina-johanna\\\/#breadcrumb\"},\"inLanguage\":\"hu\",\"potentialAction\":[{\"@type\":\"ReadAction\",\"target\":[\"https:\\\/\\\/dorogimedence.hu\\\/index.php\\\/2022\\\/01\\\/26\\\/eltunt-peregi-georgina-johanna\\\/\"]}]},{\"@type\":\"ImageObject\",\"inLanguage\":\"hu\",\"@id\":\"https:\\\/\\\/dorogimedence.hu\\\/index.php\\\/2022\\\/01\\\/26\\\/eltunt-peregi-georgina-johanna\\\/#primaryimage\",\"url\":\"https:\\\/\\\/dorogimedence.hu\\\/wp-content\\\/uploads\\\/2022\\\/01\\\/peregi.jpg\",\"contentUrl\":\"https:\\\/\\\/dorogimedence.hu\\\/wp-content\\\/uploads\\\/2022\\\/01\\\/peregi.jpg\",\"width\":1950,\"height\":1081},{\"@type\":\"BreadcrumbList\",\"@id\":\"https:\\\/\\\/dorogimedence.hu\\\/index.php\\\/2022\\\/01\\\/26\\\/eltunt-peregi-georgina-johanna\\\/#breadcrumb\",\"itemListElement\":[{\"@type\":\"ListItem\",\"position\":1,\"name\":\"Kezd\u0151lap\",\"item\":\"https:\\\/\\\/dorogimedence.hu\\\/\"},{\"@type\":\"ListItem\",\"position\":2,\"name\":\"Elt\u0171nt Peregi Georgina Johanna\"}]},{\"@type\":\"WebSite\",\"@id\":\"https:\\\/\\\/dorogimedence.hu\\\/#website\",\"url\":\"https:\\\/\\\/dorogimedence.hu\\\/\",\"name\":\"Dorogi-medence Region\u00e1lis H\u00edrport\u00e1l\",\"description\":\"Dorog, Keszt\u00f6lc, Le\u00e1nyv\u00e1r, Piliscs\u00e9v, Tokod, Tokodalt\u00e1r\u00f3, Csolnok, Esztergom-kertv\u00e1ros: h\u00edrek, programok\",\"publisher\":{\"@id\":\"https:\\\/\\\/dorogimedence.hu\\\/#organization\"},\"potentialAction\":[{\"@type\":\"SearchAction\",\"target\":{\"@type\":\"EntryPoint\",\"urlTemplate\":\"https:\\\/\\\/dorogimedence.hu\\\/?s={search_term_string}\"},\"query-input\":{\"@type\":\"PropertyValueSpecification\",\"valueRequired\":true,\"valueName\":\"search_term_string\"}}],\"inLanguage\":\"hu\"},{\"@type\":\"Organization\",\"@id\":\"https:\\\/\\\/dorogimedence.hu\\\/#organization\",\"name\":\"Dorogi-medence Region\u00e1lis H\u00edrport\u00e1l\",\"url\":\"https:\\\/\\\/dorogimedence.hu\\\/\",\"logo\":{\"@type\":\"ImageObject\",\"inLanguage\":\"hu\",\"@id\":\"https:\\\/\\\/dorogimedence.hu\\\/#\\\/schema\\\/logo\\\/image\\\/\",\"url\":\"https:\\\/\\\/dorogimedence.hu\\\/wp-content\\\/uploads\\\/2021\\\/04\\\/logo-feher-600.png\",\"contentUrl\":\"https:\\\/\\\/dorogimedence.hu\\\/wp-content\\\/uploads\\\/2021\\\/04\\\/logo-feher-600.png\",\"width\":600,\"height\":100,\"caption\":\"Dorogi-medence Region\u00e1lis H\u00edrport\u00e1l\"},\"image\":{\"@id\":\"https:\\\/\\\/dorogimedence.hu\\\/#\\\/schema\\\/logo\\\/image\\\/\"},\"sameAs\":[\"https:\\\/\\\/www.facebook.com\\\/dorogimedence\\\/\"]},{\"@type\":\"Person\",\"@id\":\"https:\\\/\\\/dorogimedence.hu\\\/#\\\/schema\\\/person\\\/ce6091eeb7e95ecdc87890d6aa8e0fd4\",\"name\":\"dorogimedence.hu\",\"image\":{\"@type\":\"ImageObject\",\"inLanguage\":\"hu\",\"@id\":\"\\\/\\\/www.gravatar.com\\\/avatar\\\/d8d45f8901aadff40a4af72c0b826f1d?s=96&#038;r=g&#038;d=mm\",\"url\":\"\\\/\\\/www.gravatar.com\\\/avatar\\\/d8d45f8901aadff40a4af72c0b826f1d?s=96&#038;r=g&#038;d=mm\",\"contentUrl\":\"\\\/\\\/www.gravatar.com\\\/avatar\\\/d8d45f8901aadff40a4af72c0b826f1d?s=96&#038;r=g&#038;d=mm\",\"caption\":\"dorogimedence.hu\"}}]}<\/script>\n<!-- \/ Yoast SEO plugin. -->","yoast_head_json":{"title":"Elt\u0171nt Peregi Georgina Johanna","robots":{"index":"index","follow":"follow","max-snippet":"max-snippet:-1","max-image-preview":"max-image-preview:large","max-video-preview":"max-video-preview:-1"},"canonical":"https:\/\/dorogimedence.hu\/index.php\/2022\/01\/26\/eltunt-peregi-georgina-johanna\/","og_locale":"hu_HU","og_type":"article","og_title":"Elt\u0171nt Peregi Georgina Johanna","og_description":"Az Esztergomi Rend\u0151rkapit\u00e1nys\u00e1g 11060-157\/1\/2022. k\u00f6r\u00f6z\u00e9si sz\u00e1mon elj\u00e1r\u00e1st folytat Peregi Georgina Johanna elt\u0171n\u00e9se kapcs\u00e1n. A 16 \u00e9ves l\u00e1ny id\u0151szakos kapcsolattart\u00e1sr\u00f3l 2021. december 31-\u00e9ig nem \u00e9rkezett vissza az esztergomi gyermekotthonba, az\u00f3ta ismeretlen helyen tart\u00f3zkodik. Peregi Georgina Johanna 167 centim\u00e9ter magas, barna szeme, hossz\u00fa barna sz\u00edn\u0171 haja \u00e9s fejhez simul\u00f3 f\u00fcle van. Arc\u00e1nak bal oldal\u00e1n \u00e9s az orr","og_url":"https:\/\/dorogimedence.hu\/index.php\/2022\/01\/26\/eltunt-peregi-georgina-johanna\/","og_site_name":"Dorogi-medence Region\u00e1lis H\u00edrport\u00e1l","article_publisher":"https:\/\/www.facebook.com\/dorogimedence\/","article_published_time":"2022-01-26T16:11:32+00:00","article_modified_time":"2022-01-26T16:11:57+00:00","og_image":[{"width":1950,"height":1081,"url":"https:\/\/i0.wp.com\/dorogimedence.hu\/wp-content\/uploads\/2022\/01\/peregi.jpg?fit=1950%2C1081&ssl=1","type":"image\/jpeg"}],"author":"dorogimedence.hu","twitter_card":"summary_large_image","twitter_misc":{"Szerz\u0151:":"dorogimedence.hu","Becs\u00fclt olvas\u00e1si id\u0151":"1 perc"},"schema":{"@context":"https:\/\/schema.org","@graph":[{"@type":"Article","@id":"https:\/\/dorogimedence.hu\/index.php\/2022\/01\/26\/eltunt-peregi-georgina-johanna\/#article","isPartOf":{"@id":"https:\/\/dorogimedence.hu\/index.php\/2022\/01\/26\/eltunt-peregi-georgina-johanna\/"},"author":{"name":"dorogimedence.hu","@id":"https:\/\/dorogimedence.hu\/#\/schema\/person\/ce6091eeb7e95ecdc87890d6aa8e0fd4"},"headline":"Elt\u0171nt Peregi Georgina Johanna","datePublished":"2022-01-26T16:11:32+00:00","dateModified":"2022-01-26T16:11:57+00:00","mainEntityOfPage":{"@id":"https:\/\/dorogimedence.hu\/index.php\/2022\/01\/26\/eltunt-peregi-georgina-johanna\/"},"wordCount":232,"publisher":{"@id":"https:\/\/dorogimedence.hu\/#organization"},"image":{"@id":"https:\/\/dorogimedence.hu\/index.php\/2022\/01\/26\/eltunt-peregi-georgina-johanna\/#primaryimage"},"thumbnailUrl":"https:\/\/dorogimedence.hu\/wp-content\/uploads\/2022\/01\/peregi.jpg","keywords":["elt\u0171nt szem\u00e9ly","esztergom","k\u00f6r\u00f6z\u00e9s","rend\u0151rs\u00e9gi h\u00edrek"],"articleSection":["Esztergom","H\u00edrek","K\u00e9k h\u00edrek"],"inLanguage":"hu"},{"@type":"WebPage","@id":"https:\/\/dorogimedence.hu\/index.php\/2022\/01\/26\/eltunt-peregi-georgina-johanna\/","url":"https:\/\/dorogimedence.hu\/index.php\/2022\/01\/26\/eltunt-peregi-georgina-johanna\/","name":"Elt\u0171nt Peregi Georgina Johanna","isPartOf":{"@id":"https:\/\/dorogimedence.hu\/#website"},"primaryImageOfPage":{"@id":"https:\/\/dorogimedence.hu\/index.php\/2022\/01\/26\/eltunt-peregi-georgina-johanna\/#primaryimage"},"image":{"@id":"https:\/\/dorogimedence.hu\/index.php\/2022\/01\/26\/eltunt-peregi-georgina-johanna\/#primaryimage"},"thumbnailUrl":"https:\/\/dorogimedence.hu\/wp-content\/uploads\/2022\/01\/peregi.jpg","datePublished":"2022-01-26T16:11:32+00:00","dateModified":"2022-01-26T16:11:57+00:00","breadcrumb":{"@id":"https:\/\/dorogimedence.hu\/index.php\/2022\/01\/26\/eltunt-peregi-georgina-johanna\/#breadcrumb"},"inLanguage":"hu","potentialAction":[{"@type":"ReadAction","target":["https:\/\/dorogimedence.hu\/index.php\/2022\/01\/26\/eltunt-peregi-georgina-johanna\/"]}]},{"@type":"ImageObject","inLanguage":"hu","@id":"https:\/\/dorogimedence.hu\/index.php\/2022\/01\/26\/eltunt-peregi-georgina-johanna\/#primaryimage","url":"https:\/\/dorogimedence.hu\/wp-content\/uploads\/2022\/01\/peregi.jpg","contentUrl":"https:\/\/dorogimedence.hu\/wp-content\/uploads\/2022\/01\/peregi.jpg","width":1950,"height":1081},{"@type":"BreadcrumbList","@id":"https:\/\/dorogimedence.hu\/index.php\/2022\/01\/26\/eltunt-peregi-georgina-johanna\/#breadcrumb","itemListElement":[{"@type":"ListItem","position":1,"name":"Kezd\u0151lap","item":"https:\/\/dorogimedence.hu\/"},{"@type":"ListItem","position":2,"name":"Elt\u0171nt Peregi Georgina Johanna"}]},{"@type":"WebSite","@id":"https:\/\/dorogimedence.hu\/#website","url":"https:\/\/dorogimedence.hu\/","name":"Dorogi-medence Region\u00e1lis H\u00edrport\u00e1l","description":"Dorog, Keszt\u00f6lc, Le\u00e1nyv\u00e1r, Piliscs\u00e9v, Tokod, Tokodalt\u00e1r\u00f3, Csolnok, Esztergom-kertv\u00e1ros: h\u00edrek, programok","publisher":{"@id":"https:\/\/dorogimedence.hu\/#organization"},"potentialAction":[{"@type":"SearchAction","target":{"@type":"EntryPoint","urlTemplate":"https:\/\/dorogimedence.hu\/?s={search_term_string}"},"query-input":{"@type":"PropertyValueSpecification","valueRequired":true,"valueName":"search_term_string"}}],"inLanguage":"hu"},{"@type":"Organization","@id":"https:\/\/dorogimedence.hu\/#organization","name":"Dorogi-medence Region\u00e1lis H\u00edrport\u00e1l","url":"https:\/\/dorogimedence.hu\/","logo":{"@type":"ImageObject","inLanguage":"hu","@id":"https:\/\/dorogimedence.hu\/#\/schema\/logo\/image\/","url":"https:\/\/dorogimedence.hu\/wp-content\/uploads\/2021\/04\/logo-feher-600.png","contentUrl":"https:\/\/dorogimedence.hu\/wp-content\/uploads\/2021\/04\/logo-feher-600.png","width":600,"height":100,"caption":"Dorogi-medence Region\u00e1lis H\u00edrport\u00e1l"},"image":{"@id":"https:\/\/dorogimedence.hu\/#\/schema\/logo\/image\/"},"sameAs":["https:\/\/www.facebook.com\/dorogimedence\/"]},{"@type":"Person","@id":"https:\/\/dorogimedence.hu\/#\/schema\/person\/ce6091eeb7e95ecdc87890d6aa8e0fd4","name":"dorogimedence.hu","image":{"@type":"ImageObject","inLanguage":"hu","@id":"\/\/www.gravatar.com\/avatar\/d8d45f8901aadff40a4af72c0b826f1d?s=96&#038;r=g&#038;d=mm","url":"\/\/www.gravatar.com\/avatar\/d8d45f8901aadff40a4af72c0b826f1d?s=96&#038;r=g&#038;d=mm","contentUrl":"\/\/www.gravatar.com\/avatar\/d8d45f8901aadff40a4af72c0b826f1d?s=96&#038;r=g&#038;d=mm","caption":"dorogimedence.hu"}}]}},"_links":{"self":[{"href":"https:\/\/dorogimedence.hu\/index.php\/wp-json\/wp\/v2\/posts\/40023","targetHints":{"allow":["GET"]}}],"collection":[{"href":"https:\/\/dorogimedence.hu\/index.php\/wp-json\/wp\/v2\/posts"}],"about":[{"href":"https:\/\/dorogimedence.hu\/index.php\/wp-json\/wp\/v2\/types\/post"}],"author":[{"embeddable":true,"href":"https:\/\/dorogimedence.hu\/index.php\/wp-json\/wp\/v2\/users\/1"}],"replies":[{"embeddable":true,"href":"https:\/\/dorogimedence.hu\/index.php\/wp-json\/wp\/v2\/comments?post=40023"}],"version-history":[{"count":0,"href":"https:\/\/dorogimedence.hu\/index.php\/wp-json\/wp\/v2\/posts\/40023\/revisions"}],"wp:featuredmedia":[{"embeddable":true,"href":"https:\/\/dorogimedence.hu\/index.php\/wp-json\/wp\/v2\/media\/40024"}],"wp:attachment":[{"href":"https:\/\/dorogimedence.hu\/index.php\/wp-json\/wp\/v2\/media?parent=40023"}],"wp:term":[{"taxonomy":"category","embeddable":true,"href":"https:\/\/dorogimedence.hu\/index.php\/wp-json\/wp\/v2\/categories?post=40023"},{"taxonomy":"post_tag","embeddable":true,"href":"https:\/\/dorogimedence.hu\/index.php\/wp-json\/wp\/v2\/tags?post=40023"}],"curies":[{"name":"wp","href":"https:\/\/api.w.org\/{rel}","templated":true}]}}