{"id":39887,"date":"2022-01-21T07:18:03","date_gmt":"2022-01-21T06:18:03","guid":{"rendered":"https:\/\/dorogimedence.hu\/?p=39887"},"modified":"2022-01-21T07:19:17","modified_gmt":"2022-01-21T06:19:17","slug":"tobb-mint-felezer-uj-autobusz-all-munkaba-2022-kozepeig","status":"publish","type":"post","link":"https:\/\/dorogimedence.hu\/index.php\/2022\/01\/21\/tobb-mint-felezer-uj-autobusz-all-munkaba-2022-kozepeig\/","title":{"rendered":"T\u00f6bb mint f\u00e9lezer \u00faj aut\u00f3busz \u00e1ll munk\u00e1ba 2022 k\u00f6zep\u00e9ig"},"content":{"rendered":"<p><strong>A Vol\u00e1nbusz j\u00e1rm\u0171-fiatal\u00edt\u00e1si programja egyik legnagyobb, egyidej\u0171 beszerz\u00e9s\u00e9nek eredm\u00e9nyek\u00e9nt t\u00f6bb mint f\u00e9lezer \u00faj aut\u00f3busz \u00e1ll munk\u00e1ba 2022 els\u0151 fel\u00e9ben<\/strong> <em>\u2013 jelentette be az innov\u00e1ci\u00f3s \u00e9s technol\u00f3giai miniszter janu\u00e1r 20-\u00e1n, Sz\u00e9kesfeh\u00e9rv\u00e1ron.<\/em><\/p>\n<p>Palkovics L\u00e1szl\u00f3 a hazai fejleszt\u00e9s\u0171 \u00e9s gy\u00e1rt\u00e1s\u00fa Mercedes-Benz Reform 501 LE t\u00edpus\u00fa sz\u00f3l\u00f3 aut\u00f3buszok \u00e1tad\u00e1s\u00e1n k\u00f6z\u00f6lte: a program keret\u00e9ben megv\u00e1s\u00e1rolt buszok kilencven sz\u00e1zal\u00e9ka a gy\u0151ri Kravtex \u00e9s a debreceni ITE Bus &amp; Truck term\u00e9ke. Hozz\u00e1tette: az ut\u00f3bbi c\u00e9g \u00e1ltal lesz\u00e1ll\u00edtand\u00f3 88 buszb\u00f3l az els\u0151 hatot adt\u00e1k \u00e1t most.<\/p>\n<p>A t\u00e1rcavezet\u0151 megeml\u00edtette, hogy a Vol\u00e1nbusz 2018-ban \u201ep\u00f6rgette fel\u201d j\u00e1rm\u0171-fiatal\u00edt\u00e1si programj\u00e1t, ennek k\u00f6sz\u00f6nhet\u0151en az elm\u00falt n\u00e9gy \u00e9vben 1700 aut\u00f3buszt \u00e1ll\u00edtottak forgalomba, ezzel a flotta 13 \u00e9vn\u00e9l magasabb \u00e1tlag\u00e9letkora 2021 v\u00e9g\u00e9re 10,6 \u00e9vre cs\u00f6kkent. A tov\u00e1bbi fejleszt\u00e9sek eredm\u00e9nyek\u00e9nt 2022 v\u00e9g\u00e9ig a teljes aut\u00f3busz-\u00e1llom\u00e1ny 40 sz\u00e1zal\u00e9ka meg\u00fajul, az \u00e1tlag\u00e9letkor 8 \u00e9v k\u00f6zel\u00e9be cs\u00f6kken.<\/p>\n<p>Palkovics L\u00e1szl\u00f3 arr\u00f3l is besz\u00e9lt, hogy a hazai k\u00e1rosanyag-kibocs\u00e1t\u00e1s \u00f6t\u00f6d\u00e9\u00e9rt a k\u00f6zleked\u00e9s, ezen bel\u00fcl 98 sz\u00e1zal\u00e9kban a k\u00f6z\u00fati forgalom felel, ez\u00e9rt t\u00f6bb int\u00e9zked\u00e9ssel t\u00e1mogatj\u00e1k az elektromos mobilit\u00e1s elterjeszt\u00e9s\u00e9t. A Z\u00f6ld Busz Programban sz\u00e1z elektromos aut\u00f3busz beszerz\u00e9s\u00e9t seg\u00edti a korm\u00e1ny: \u00e9v elej\u00e9t\u0151l zajlik a pr\u00f3ba\u00fczeme azoknak a Mercedes-Benz eCitaro t\u00edpus\u00fa j\u00e1rm\u0171veknek, amelyekb\u0151l negyven a budapesti agglomer\u00e1ci\u00f3ban j\u00e1r majd, tov\u00e1bbi hatvan darabra pedig folyamatban van a k\u00f6zbeszerz\u00e9si elj\u00e1r\u00e1s, e t\u00e9telb\u0151l Sz\u00e9kesfeh\u00e9rv\u00e1rra \u00e9rkezik majd tizenk\u00e9t j\u00e1rm\u0171 &#8211; tette hozz\u00e1.<\/p>\n<p><img fetchpriority=\"high\" decoding=\"async\" class=\"alignnone size-large wp-image-39888\" src=\"https:\/\/dorogimedence.hu\/wp-content\/uploads\/2022\/01\/busz-02-1024x682.jpg\" alt=\"\" width=\"755\" height=\"503\" srcset=\"https:\/\/dorogimedence.hu\/wp-content\/uploads\/2022\/01\/busz-02-1024x682.jpg 1024w, https:\/\/dorogimedence.hu\/wp-content\/uploads\/2022\/01\/busz-02-300x200.jpg 300w, https:\/\/dorogimedence.hu\/wp-content\/uploads\/2022\/01\/busz-02-768x511.jpg 768w, https:\/\/dorogimedence.hu\/wp-content\/uploads\/2022\/01\/busz-02-150x100.jpg 150w, https:\/\/dorogimedence.hu\/wp-content\/uploads\/2022\/01\/busz-02-450x300.jpg 450w, https:\/\/dorogimedence.hu\/wp-content\/uploads\/2022\/01\/busz-02-272x182.jpg 272w, https:\/\/dorogimedence.hu\/wp-content\/uploads\/2022\/01\/busz-02.jpg 1200w\" sizes=\"(max-width: 755px) 100vw, 755px\" \/><\/p>\n<p>Juh\u00e1sz Roland \u00e1llami vagyongazd\u00e1lkod\u00e1s\u00e9rt felel\u0151s \u00e1llamtitk\u00e1r elmondta, hogy a most \u00e1tadott hat j\u00e1rm\u0171vet tov\u00e1bbiak k\u00f6vetik, \u00f6sszesen 88 ilyen t\u00edpus\u00fa j\u00e1rm\u0171 szolg\u00e1lja majd helyk\u00f6zi forgalomban nem csak Fej\u00e9r megye, hanem Hajd\u00fa-Bihar \u00e9s Kom\u00e1rom-Esztergom megye utaz\u00f3k\u00f6z\u00f6ns\u00e9get is.<\/p>\n<p>Homolya R\u00f3bert, a M\u00c1V Zrt. eln\u00f6k-vez\u00e9rigazgat\u00f3ja hangs\u00falyozta, hogy a teljes eg\u00e9sz\u00e9ben meg\u00fajult Sz\u00e9kesfeh\u00e9rv\u00e1r-Budapest vas\u00fatvonal \u00e1tad\u00e1sa \u00f3ta megdupl\u00e1z\u00f3dott az utasok sz\u00e1ma a k\u00e9t v\u00e1ros k\u00f6z\u00f6tt, a tov\u00e1bbi n\u00f6veked\u00e9st seg\u00edtheti az integr\u00e1ci\u00f3 ut\u00e1n a M\u00c1V \u00e9s a Vol\u00e1nbusz egys\u00e9ges jegy- \u00e9s b\u00e9rlet\u00e9rt\u00e9kes\u00edt\u00e9si rendszere, valamint Sz\u00e9kesfeh\u00e9rv\u00e1ron a vas\u00fat\u00e1llom\u00e1s mell\u00e9 \u00e9p\u00fcl\u0151 intermod\u00e1lis csom\u00f3pont is.<\/p>\n<p>Paff\u00e9ri Zolt\u00e1n, a Vol\u00e1nbusz eln\u00f6k-vez\u00e9rigazgat\u00f3ja elmondta, hogy nett\u00f3 6,4 milli\u00e1rd forintb\u00f3l szerzik be a 88 darab hazai gy\u00e1rt\u00e1s\u00fa aut\u00f3buszt, amelyek k\u00f6z\u00fcl ny\u00e1r k\u00f6zep\u00e9ig 26 \u00e1ll forgalomba Fej\u00e9r megy\u00e9ben, ezzel az \u00e9rintett \u00fatvonalakon utaz\u00f3 t\u00f6bb mint 2,8 milli\u00f3 utas sz\u00e1m\u00e1ra biztos\u00edtanak m\u00e9g k\u00e9nyelmesebb utaz\u00e1st.<\/p>\n<p>Kossa Gy\u00f6rgy, az ITK Holding Zrt. eln\u00f6k-vez\u00e9rigazgat\u00f3ja kiemelte, hogy t\u00f6bb mint 700 munkav\u00e1llal\u00f3juk gy\u00e1rtja, 150 m\u00e9rn\u00f6k\u00fck pedig fejleszti a j\u00e1rm\u0171veket, \u00e9s emellett 980 besz\u00e1ll\u00edt\u00f3juk van, ezzel hatezer embernek adnak munk\u00e1t. Jelezte, hogy a hazai k\u00f6z\u00e9p- \u00e9s fels\u0151oktat\u00e1sban, illetve a du\u00e1lis k\u00e9pz\u00e9sben is jelen vannak, eddig t\u00f6bb mint \u00f6tsz\u00e1z tanul\u00f3 saj\u00e1t\u00edtotta el a szakm\u00e1t k\u00e9pz\u00e9si k\u00f6zpontjukban.<\/p>\n<p>A sajt\u00f3anyag szerint az \u00faj buszok 45 \u00fcl\u0151- \u00e9s 30 \u00e1ll\u00f3hellyel rendelkeznek, alacsony bel\u00e9p\u00e9s\u0171ek, akad\u00e1lymentes kialak\u00edt\u00e1s\u00faak. A j\u00e1rm\u0171veket kl\u00edmaberendez\u00e9ssel, kamer\u00e1val, elektronikus utast\u00e1j\u00e9koztat\u00f3 rendszerrel \u00e9s utassz\u00e1ml\u00e1l\u00f3val szerelt\u00e9k fel, hajt\u00e1sukr\u00f3l korszer\u0171 d\u00edzelmotor gondoskodik.<\/p>\n<p><em>Forr\u00e1s: MTI<br \/>\nFot\u00f3k: MTI\/Vasv\u00e1ri Tam\u00e1s<\/em><\/p>\n","protected":false},"excerpt":{"rendered":"<p>A Vol\u00e1nbusz j\u00e1rm\u0171-fiatal\u00edt\u00e1si programja egyik legnagyobb, egyidej\u0171 beszerz\u00e9s\u00e9nek eredm\u00e9nyek\u00e9nt t\u00f6bb mint f\u00e9lezer \u00faj aut\u00f3busz \u00e1ll munk\u00e1ba 2022 els\u0151 fel\u00e9ben \u2013 jelentette be az innov\u00e1ci\u00f3s \u00e9s technol\u00f3giai miniszter janu\u00e1r 20-\u00e1n, Sz\u00e9kesfeh\u00e9rv\u00e1ron. Palkovics L\u00e1szl\u00f3 a hazai fejleszt\u00e9s\u0171 \u00e9s gy\u00e1rt\u00e1s\u00fa Mercedes-Benz Reform 501 LE t\u00edpus\u00fa sz\u00f3l\u00f3 aut\u00f3buszok \u00e1tad\u00e1s\u00e1n k\u00f6z\u00f6lte: a program keret\u00e9ben megv\u00e1s\u00e1rolt buszok kilencven sz\u00e1zal\u00e9ka a gy\u0151ri<\/p>\n","protected":false},"author":1,"featured_media":39889,"comment_status":"closed","ping_status":"closed","sticky":false,"template":"","format":"standard","meta":{"ngg_post_thumbnail":0,"footnotes":""},"categories":[3,56],"tags":[458,1043,279,1015],"class_list":{"0":"post-39887","1":"post","2":"type-post","3":"status-publish","4":"format-standard","5":"has-post-thumbnail","7":"category-hirek","8":"category-komarom-esztergom","9":"tag-autobusz","10":"tag-busz","11":"tag-kozlekedes","12":"tag-volanbusz"},"yoast_head":"<!-- This site is optimized with the Yoast SEO plugin v27.5 - https:\/\/yoast.com\/product\/yoast-seo-wordpress\/ -->\n<title>T\u00f6bb mint f\u00e9lezer \u00faj aut\u00f3busz \u00e1ll munk\u00e1ba 2022 k\u00f6zep\u00e9ig<\/title>\n<meta name=\"robots\" content=\"index, follow, max-snippet:-1, max-image-preview:large, max-video-preview:-1\" \/>\n<link rel=\"canonical\" href=\"https:\/\/dorogimedence.hu\/index.php\/2022\/01\/21\/tobb-mint-felezer-uj-autobusz-all-munkaba-2022-kozepeig\/\" class=\"yoast-seo-meta-tag\" \/>\n<meta property=\"og:locale\" content=\"hu_HU\" class=\"yoast-seo-meta-tag\" \/>\n<meta property=\"og:type\" content=\"article\" class=\"yoast-seo-meta-tag\" \/>\n<meta property=\"og:title\" content=\"T\u00f6bb mint f\u00e9lezer \u00faj aut\u00f3busz \u00e1ll munk\u00e1ba 2022 k\u00f6zep\u00e9ig\" class=\"yoast-seo-meta-tag\" \/>\n<meta property=\"og:description\" content=\"A Vol\u00e1nbusz j\u00e1rm\u0171-fiatal\u00edt\u00e1si programja egyik legnagyobb, egyidej\u0171 beszerz\u00e9s\u00e9nek eredm\u00e9nyek\u00e9nt t\u00f6bb mint f\u00e9lezer \u00faj aut\u00f3busz \u00e1ll munk\u00e1ba 2022 els\u0151 fel\u00e9ben \u2013 jelentette be az innov\u00e1ci\u00f3s \u00e9s technol\u00f3giai miniszter janu\u00e1r 20-\u00e1n, Sz\u00e9kesfeh\u00e9rv\u00e1ron. Palkovics L\u00e1szl\u00f3 a hazai fejleszt\u00e9s\u0171 \u00e9s gy\u00e1rt\u00e1s\u00fa Mercedes-Benz Reform 501 LE t\u00edpus\u00fa sz\u00f3l\u00f3 aut\u00f3buszok \u00e1tad\u00e1s\u00e1n k\u00f6z\u00f6lte: a program keret\u00e9ben megv\u00e1s\u00e1rolt buszok kilencven sz\u00e1zal\u00e9ka a gy\u0151ri\" class=\"yoast-seo-meta-tag\" \/>\n<meta property=\"og:url\" content=\"https:\/\/dorogimedence.hu\/index.php\/2022\/01\/21\/tobb-mint-felezer-uj-autobusz-all-munkaba-2022-kozepeig\/\" class=\"yoast-seo-meta-tag\" \/>\n<meta property=\"og:site_name\" content=\"Dorogi-medence Region\u00e1lis H\u00edrport\u00e1l\" class=\"yoast-seo-meta-tag\" \/>\n<meta property=\"article:publisher\" content=\"https:\/\/www.facebook.com\/dorogimedence\/\" class=\"yoast-seo-meta-tag\" \/>\n<meta property=\"article:published_time\" content=\"2022-01-21T06:18:03+00:00\" class=\"yoast-seo-meta-tag\" \/>\n<meta property=\"article:modified_time\" content=\"2022-01-21T06:19:17+00:00\" class=\"yoast-seo-meta-tag\" \/>\n<meta property=\"og:image\" content=\"https:\/\/i0.wp.com\/dorogimedence.hu\/wp-content\/uploads\/2022\/01\/busz-01.jpg?fit=1920%2C1277&ssl=1\" class=\"yoast-seo-meta-tag\" \/>\n\t<meta property=\"og:image:width\" content=\"1920\" class=\"yoast-seo-meta-tag\" \/>\n\t<meta property=\"og:image:height\" content=\"1277\" class=\"yoast-seo-meta-tag\" \/>\n\t<meta property=\"og:image:type\" content=\"image\/jpeg\" class=\"yoast-seo-meta-tag\" \/>\n<meta name=\"author\" content=\"dorogimedence.hu\" class=\"yoast-seo-meta-tag\" \/>\n<meta name=\"twitter:card\" content=\"summary_large_image\" class=\"yoast-seo-meta-tag\" \/>\n<meta name=\"twitter:label1\" content=\"Szerz\u0151:\" class=\"yoast-seo-meta-tag\" \/>\n\t<meta name=\"twitter:data1\" content=\"dorogimedence.hu\" class=\"yoast-seo-meta-tag\" \/>\n\t<meta name=\"twitter:label2\" content=\"Becs\u00fclt olvas\u00e1si id\u0151\" class=\"yoast-seo-meta-tag\" \/>\n\t<meta name=\"twitter:data2\" content=\"3 perc\" class=\"yoast-seo-meta-tag\" \/>\n<script type=\"application\/ld+json\" class=\"yoast-schema-graph\">{\"@context\":\"https:\\\/\\\/schema.org\",\"@graph\":[{\"@type\":\"Article\",\"@id\":\"https:\\\/\\\/dorogimedence.hu\\\/index.php\\\/2022\\\/01\\\/21\\\/tobb-mint-felezer-uj-autobusz-all-munkaba-2022-kozepeig\\\/#article\",\"isPartOf\":{\"@id\":\"https:\\\/\\\/dorogimedence.hu\\\/index.php\\\/2022\\\/01\\\/21\\\/tobb-mint-felezer-uj-autobusz-all-munkaba-2022-kozepeig\\\/\"},\"author\":{\"name\":\"dorogimedence.hu\",\"@id\":\"https:\\\/\\\/dorogimedence.hu\\\/#\\\/schema\\\/person\\\/ce6091eeb7e95ecdc87890d6aa8e0fd4\"},\"headline\":\"T\u00f6bb mint f\u00e9lezer \u00faj aut\u00f3busz \u00e1ll munk\u00e1ba 2022 k\u00f6zep\u00e9ig\",\"datePublished\":\"2022-01-21T06:18:03+00:00\",\"dateModified\":\"2022-01-21T06:19:17+00:00\",\"mainEntityOfPage\":{\"@id\":\"https:\\\/\\\/dorogimedence.hu\\\/index.php\\\/2022\\\/01\\\/21\\\/tobb-mint-felezer-uj-autobusz-all-munkaba-2022-kozepeig\\\/\"},\"wordCount\":705,\"publisher\":{\"@id\":\"https:\\\/\\\/dorogimedence.hu\\\/#organization\"},\"image\":{\"@id\":\"https:\\\/\\\/dorogimedence.hu\\\/index.php\\\/2022\\\/01\\\/21\\\/tobb-mint-felezer-uj-autobusz-all-munkaba-2022-kozepeig\\\/#primaryimage\"},\"thumbnailUrl\":\"https:\\\/\\\/dorogimedence.hu\\\/wp-content\\\/uploads\\\/2022\\\/01\\\/busz-01.jpg\",\"keywords\":[\"aut\u00f3busz\",\"busz\",\"k\u00f6zleked\u00e9s\",\"vol\u00e1nbusz\"],\"articleSection\":[\"H\u00edrek\",\"Kom\u00e1rom-Esztergom\"],\"inLanguage\":\"hu\"},{\"@type\":\"WebPage\",\"@id\":\"https:\\\/\\\/dorogimedence.hu\\\/index.php\\\/2022\\\/01\\\/21\\\/tobb-mint-felezer-uj-autobusz-all-munkaba-2022-kozepeig\\\/\",\"url\":\"https:\\\/\\\/dorogimedence.hu\\\/index.php\\\/2022\\\/01\\\/21\\\/tobb-mint-felezer-uj-autobusz-all-munkaba-2022-kozepeig\\\/\",\"name\":\"T\u00f6bb mint f\u00e9lezer \u00faj aut\u00f3busz \u00e1ll munk\u00e1ba 2022 k\u00f6zep\u00e9ig\",\"isPartOf\":{\"@id\":\"https:\\\/\\\/dorogimedence.hu\\\/#website\"},\"primaryImageOfPage\":{\"@id\":\"https:\\\/\\\/dorogimedence.hu\\\/index.php\\\/2022\\\/01\\\/21\\\/tobb-mint-felezer-uj-autobusz-all-munkaba-2022-kozepeig\\\/#primaryimage\"},\"image\":{\"@id\":\"https:\\\/\\\/dorogimedence.hu\\\/index.php\\\/2022\\\/01\\\/21\\\/tobb-mint-felezer-uj-autobusz-all-munkaba-2022-kozepeig\\\/#primaryimage\"},\"thumbnailUrl\":\"https:\\\/\\\/dorogimedence.hu\\\/wp-content\\\/uploads\\\/2022\\\/01\\\/busz-01.jpg\",\"datePublished\":\"2022-01-21T06:18:03+00:00\",\"dateModified\":\"2022-01-21T06:19:17+00:00\",\"breadcrumb\":{\"@id\":\"https:\\\/\\\/dorogimedence.hu\\\/index.php\\\/2022\\\/01\\\/21\\\/tobb-mint-felezer-uj-autobusz-all-munkaba-2022-kozepeig\\\/#breadcrumb\"},\"inLanguage\":\"hu\",\"potentialAction\":[{\"@type\":\"ReadAction\",\"target\":[\"https:\\\/\\\/dorogimedence.hu\\\/index.php\\\/2022\\\/01\\\/21\\\/tobb-mint-felezer-uj-autobusz-all-munkaba-2022-kozepeig\\\/\"]}]},{\"@type\":\"ImageObject\",\"inLanguage\":\"hu\",\"@id\":\"https:\\\/\\\/dorogimedence.hu\\\/index.php\\\/2022\\\/01\\\/21\\\/tobb-mint-felezer-uj-autobusz-all-munkaba-2022-kozepeig\\\/#primaryimage\",\"url\":\"https:\\\/\\\/dorogimedence.hu\\\/wp-content\\\/uploads\\\/2022\\\/01\\\/busz-01.jpg\",\"contentUrl\":\"https:\\\/\\\/dorogimedence.hu\\\/wp-content\\\/uploads\\\/2022\\\/01\\\/busz-01.jpg\",\"width\":1920,\"height\":1277},{\"@type\":\"BreadcrumbList\",\"@id\":\"https:\\\/\\\/dorogimedence.hu\\\/index.php\\\/2022\\\/01\\\/21\\\/tobb-mint-felezer-uj-autobusz-all-munkaba-2022-kozepeig\\\/#breadcrumb\",\"itemListElement\":[{\"@type\":\"ListItem\",\"position\":1,\"name\":\"Kezd\u0151lap\",\"item\":\"https:\\\/\\\/dorogimedence.hu\\\/\"},{\"@type\":\"ListItem\",\"position\":2,\"name\":\"T\u00f6bb mint f\u00e9lezer \u00faj aut\u00f3busz \u00e1ll munk\u00e1ba 2022 k\u00f6zep\u00e9ig\"}]},{\"@type\":\"WebSite\",\"@id\":\"https:\\\/\\\/dorogimedence.hu\\\/#website\",\"url\":\"https:\\\/\\\/dorogimedence.hu\\\/\",\"name\":\"Dorogi-medence Region\u00e1lis H\u00edrport\u00e1l\",\"description\":\"Dorog, Keszt\u00f6lc, Le\u00e1nyv\u00e1r, Piliscs\u00e9v, Tokod, Tokodalt\u00e1r\u00f3, Csolnok, Esztergom-kertv\u00e1ros: h\u00edrek, programok\",\"publisher\":{\"@id\":\"https:\\\/\\\/dorogimedence.hu\\\/#organization\"},\"potentialAction\":[{\"@type\":\"SearchAction\",\"target\":{\"@type\":\"EntryPoint\",\"urlTemplate\":\"https:\\\/\\\/dorogimedence.hu\\\/?s={search_term_string}\"},\"query-input\":{\"@type\":\"PropertyValueSpecification\",\"valueRequired\":true,\"valueName\":\"search_term_string\"}}],\"inLanguage\":\"hu\"},{\"@type\":\"Organization\",\"@id\":\"https:\\\/\\\/dorogimedence.hu\\\/#organization\",\"name\":\"Dorogi-medence Region\u00e1lis H\u00edrport\u00e1l\",\"url\":\"https:\\\/\\\/dorogimedence.hu\\\/\",\"logo\":{\"@type\":\"ImageObject\",\"inLanguage\":\"hu\",\"@id\":\"https:\\\/\\\/dorogimedence.hu\\\/#\\\/schema\\\/logo\\\/image\\\/\",\"url\":\"https:\\\/\\\/dorogimedence.hu\\\/wp-content\\\/uploads\\\/2021\\\/04\\\/logo-feher-600.png\",\"contentUrl\":\"https:\\\/\\\/dorogimedence.hu\\\/wp-content\\\/uploads\\\/2021\\\/04\\\/logo-feher-600.png\",\"width\":600,\"height\":100,\"caption\":\"Dorogi-medence Region\u00e1lis H\u00edrport\u00e1l\"},\"image\":{\"@id\":\"https:\\\/\\\/dorogimedence.hu\\\/#\\\/schema\\\/logo\\\/image\\\/\"},\"sameAs\":[\"https:\\\/\\\/www.facebook.com\\\/dorogimedence\\\/\"]},{\"@type\":\"Person\",\"@id\":\"https:\\\/\\\/dorogimedence.hu\\\/#\\\/schema\\\/person\\\/ce6091eeb7e95ecdc87890d6aa8e0fd4\",\"name\":\"dorogimedence.hu\",\"image\":{\"@type\":\"ImageObject\",\"inLanguage\":\"hu\",\"@id\":\"\\\/\\\/www.gravatar.com\\\/avatar\\\/d8d45f8901aadff40a4af72c0b826f1d?s=96&#038;r=g&#038;d=mm\",\"url\":\"\\\/\\\/www.gravatar.com\\\/avatar\\\/d8d45f8901aadff40a4af72c0b826f1d?s=96&#038;r=g&#038;d=mm\",\"contentUrl\":\"\\\/\\\/www.gravatar.com\\\/avatar\\\/d8d45f8901aadff40a4af72c0b826f1d?s=96&#038;r=g&#038;d=mm\",\"caption\":\"dorogimedence.hu\"}}]}<\/script>\n<!-- \/ Yoast SEO plugin. -->","yoast_head_json":{"title":"T\u00f6bb mint f\u00e9lezer \u00faj aut\u00f3busz \u00e1ll munk\u00e1ba 2022 k\u00f6zep\u00e9ig","robots":{"index":"index","follow":"follow","max-snippet":"max-snippet:-1","max-image-preview":"max-image-preview:large","max-video-preview":"max-video-preview:-1"},"canonical":"https:\/\/dorogimedence.hu\/index.php\/2022\/01\/21\/tobb-mint-felezer-uj-autobusz-all-munkaba-2022-kozepeig\/","og_locale":"hu_HU","og_type":"article","og_title":"T\u00f6bb mint f\u00e9lezer \u00faj aut\u00f3busz \u00e1ll munk\u00e1ba 2022 k\u00f6zep\u00e9ig","og_description":"A Vol\u00e1nbusz j\u00e1rm\u0171-fiatal\u00edt\u00e1si programja egyik legnagyobb, egyidej\u0171 beszerz\u00e9s\u00e9nek eredm\u00e9nyek\u00e9nt t\u00f6bb mint f\u00e9lezer \u00faj aut\u00f3busz \u00e1ll munk\u00e1ba 2022 els\u0151 fel\u00e9ben \u2013 jelentette be az innov\u00e1ci\u00f3s \u00e9s technol\u00f3giai miniszter janu\u00e1r 20-\u00e1n, Sz\u00e9kesfeh\u00e9rv\u00e1ron. Palkovics L\u00e1szl\u00f3 a hazai fejleszt\u00e9s\u0171 \u00e9s gy\u00e1rt\u00e1s\u00fa Mercedes-Benz Reform 501 LE t\u00edpus\u00fa sz\u00f3l\u00f3 aut\u00f3buszok \u00e1tad\u00e1s\u00e1n k\u00f6z\u00f6lte: a program keret\u00e9ben megv\u00e1s\u00e1rolt buszok kilencven sz\u00e1zal\u00e9ka a gy\u0151ri","og_url":"https:\/\/dorogimedence.hu\/index.php\/2022\/01\/21\/tobb-mint-felezer-uj-autobusz-all-munkaba-2022-kozepeig\/","og_site_name":"Dorogi-medence Region\u00e1lis H\u00edrport\u00e1l","article_publisher":"https:\/\/www.facebook.com\/dorogimedence\/","article_published_time":"2022-01-21T06:18:03+00:00","article_modified_time":"2022-01-21T06:19:17+00:00","og_image":[{"width":1920,"height":1277,"url":"https:\/\/i0.wp.com\/dorogimedence.hu\/wp-content\/uploads\/2022\/01\/busz-01.jpg?fit=1920%2C1277&ssl=1","type":"image\/jpeg"}],"author":"dorogimedence.hu","twitter_card":"summary_large_image","twitter_misc":{"Szerz\u0151:":"dorogimedence.hu","Becs\u00fclt olvas\u00e1si id\u0151":"3 perc"},"schema":{"@context":"https:\/\/schema.org","@graph":[{"@type":"Article","@id":"https:\/\/dorogimedence.hu\/index.php\/2022\/01\/21\/tobb-mint-felezer-uj-autobusz-all-munkaba-2022-kozepeig\/#article","isPartOf":{"@id":"https:\/\/dorogimedence.hu\/index.php\/2022\/01\/21\/tobb-mint-felezer-uj-autobusz-all-munkaba-2022-kozepeig\/"},"author":{"name":"dorogimedence.hu","@id":"https:\/\/dorogimedence.hu\/#\/schema\/person\/ce6091eeb7e95ecdc87890d6aa8e0fd4"},"headline":"T\u00f6bb mint f\u00e9lezer \u00faj aut\u00f3busz \u00e1ll munk\u00e1ba 2022 k\u00f6zep\u00e9ig","datePublished":"2022-01-21T06:18:03+00:00","dateModified":"2022-01-21T06:19:17+00:00","mainEntityOfPage":{"@id":"https:\/\/dorogimedence.hu\/index.php\/2022\/01\/21\/tobb-mint-felezer-uj-autobusz-all-munkaba-2022-kozepeig\/"},"wordCount":705,"publisher":{"@id":"https:\/\/dorogimedence.hu\/#organization"},"image":{"@id":"https:\/\/dorogimedence.hu\/index.php\/2022\/01\/21\/tobb-mint-felezer-uj-autobusz-all-munkaba-2022-kozepeig\/#primaryimage"},"thumbnailUrl":"https:\/\/dorogimedence.hu\/wp-content\/uploads\/2022\/01\/busz-01.jpg","keywords":["aut\u00f3busz","busz","k\u00f6zleked\u00e9s","vol\u00e1nbusz"],"articleSection":["H\u00edrek","Kom\u00e1rom-Esztergom"],"inLanguage":"hu"},{"@type":"WebPage","@id":"https:\/\/dorogimedence.hu\/index.php\/2022\/01\/21\/tobb-mint-felezer-uj-autobusz-all-munkaba-2022-kozepeig\/","url":"https:\/\/dorogimedence.hu\/index.php\/2022\/01\/21\/tobb-mint-felezer-uj-autobusz-all-munkaba-2022-kozepeig\/","name":"T\u00f6bb mint f\u00e9lezer \u00faj aut\u00f3busz \u00e1ll munk\u00e1ba 2022 k\u00f6zep\u00e9ig","isPartOf":{"@id":"https:\/\/dorogimedence.hu\/#website"},"primaryImageOfPage":{"@id":"https:\/\/dorogimedence.hu\/index.php\/2022\/01\/21\/tobb-mint-felezer-uj-autobusz-all-munkaba-2022-kozepeig\/#primaryimage"},"image":{"@id":"https:\/\/dorogimedence.hu\/index.php\/2022\/01\/21\/tobb-mint-felezer-uj-autobusz-all-munkaba-2022-kozepeig\/#primaryimage"},"thumbnailUrl":"https:\/\/dorogimedence.hu\/wp-content\/uploads\/2022\/01\/busz-01.jpg","datePublished":"2022-01-21T06:18:03+00:00","dateModified":"2022-01-21T06:19:17+00:00","breadcrumb":{"@id":"https:\/\/dorogimedence.hu\/index.php\/2022\/01\/21\/tobb-mint-felezer-uj-autobusz-all-munkaba-2022-kozepeig\/#breadcrumb"},"inLanguage":"hu","potentialAction":[{"@type":"ReadAction","target":["https:\/\/dorogimedence.hu\/index.php\/2022\/01\/21\/tobb-mint-felezer-uj-autobusz-all-munkaba-2022-kozepeig\/"]}]},{"@type":"ImageObject","inLanguage":"hu","@id":"https:\/\/dorogimedence.hu\/index.php\/2022\/01\/21\/tobb-mint-felezer-uj-autobusz-all-munkaba-2022-kozepeig\/#primaryimage","url":"https:\/\/dorogimedence.hu\/wp-content\/uploads\/2022\/01\/busz-01.jpg","contentUrl":"https:\/\/dorogimedence.hu\/wp-content\/uploads\/2022\/01\/busz-01.jpg","width":1920,"height":1277},{"@type":"BreadcrumbList","@id":"https:\/\/dorogimedence.hu\/index.php\/2022\/01\/21\/tobb-mint-felezer-uj-autobusz-all-munkaba-2022-kozepeig\/#breadcrumb","itemListElement":[{"@type":"ListItem","position":1,"name":"Kezd\u0151lap","item":"https:\/\/dorogimedence.hu\/"},{"@type":"ListItem","position":2,"name":"T\u00f6bb mint f\u00e9lezer \u00faj aut\u00f3busz \u00e1ll munk\u00e1ba 2022 k\u00f6zep\u00e9ig"}]},{"@type":"WebSite","@id":"https:\/\/dorogimedence.hu\/#website","url":"https:\/\/dorogimedence.hu\/","name":"Dorogi-medence Region\u00e1lis H\u00edrport\u00e1l","description":"Dorog, Keszt\u00f6lc, Le\u00e1nyv\u00e1r, Piliscs\u00e9v, Tokod, Tokodalt\u00e1r\u00f3, Csolnok, Esztergom-kertv\u00e1ros: h\u00edrek, programok","publisher":{"@id":"https:\/\/dorogimedence.hu\/#organization"},"potentialAction":[{"@type":"SearchAction","target":{"@type":"EntryPoint","urlTemplate":"https:\/\/dorogimedence.hu\/?s={search_term_string}"},"query-input":{"@type":"PropertyValueSpecification","valueRequired":true,"valueName":"search_term_string"}}],"inLanguage":"hu"},{"@type":"Organization","@id":"https:\/\/dorogimedence.hu\/#organization","name":"Dorogi-medence Region\u00e1lis H\u00edrport\u00e1l","url":"https:\/\/dorogimedence.hu\/","logo":{"@type":"ImageObject","inLanguage":"hu","@id":"https:\/\/dorogimedence.hu\/#\/schema\/logo\/image\/","url":"https:\/\/dorogimedence.hu\/wp-content\/uploads\/2021\/04\/logo-feher-600.png","contentUrl":"https:\/\/dorogimedence.hu\/wp-content\/uploads\/2021\/04\/logo-feher-600.png","width":600,"height":100,"caption":"Dorogi-medence Region\u00e1lis H\u00edrport\u00e1l"},"image":{"@id":"https:\/\/dorogimedence.hu\/#\/schema\/logo\/image\/"},"sameAs":["https:\/\/www.facebook.com\/dorogimedence\/"]},{"@type":"Person","@id":"https:\/\/dorogimedence.hu\/#\/schema\/person\/ce6091eeb7e95ecdc87890d6aa8e0fd4","name":"dorogimedence.hu","image":{"@type":"ImageObject","inLanguage":"hu","@id":"\/\/www.gravatar.com\/avatar\/d8d45f8901aadff40a4af72c0b826f1d?s=96&#038;r=g&#038;d=mm","url":"\/\/www.gravatar.com\/avatar\/d8d45f8901aadff40a4af72c0b826f1d?s=96&#038;r=g&#038;d=mm","contentUrl":"\/\/www.gravatar.com\/avatar\/d8d45f8901aadff40a4af72c0b826f1d?s=96&#038;r=g&#038;d=mm","caption":"dorogimedence.hu"}}]}},"_links":{"self":[{"href":"https:\/\/dorogimedence.hu\/index.php\/wp-json\/wp\/v2\/posts\/39887","targetHints":{"allow":["GET"]}}],"collection":[{"href":"https:\/\/dorogimedence.hu\/index.php\/wp-json\/wp\/v2\/posts"}],"about":[{"href":"https:\/\/dorogimedence.hu\/index.php\/wp-json\/wp\/v2\/types\/post"}],"author":[{"embeddable":true,"href":"https:\/\/dorogimedence.hu\/index.php\/wp-json\/wp\/v2\/users\/1"}],"replies":[{"embeddable":true,"href":"https:\/\/dorogimedence.hu\/index.php\/wp-json\/wp\/v2\/comments?post=39887"}],"version-history":[{"count":0,"href":"https:\/\/dorogimedence.hu\/index.php\/wp-json\/wp\/v2\/posts\/39887\/revisions"}],"wp:featuredmedia":[{"embeddable":true,"href":"https:\/\/dorogimedence.hu\/index.php\/wp-json\/wp\/v2\/media\/39889"}],"wp:attachment":[{"href":"https:\/\/dorogimedence.hu\/index.php\/wp-json\/wp\/v2\/media?parent=39887"}],"wp:term":[{"taxonomy":"category","embeddable":true,"href":"https:\/\/dorogimedence.hu\/index.php\/wp-json\/wp\/v2\/categories?post=39887"},{"taxonomy":"post_tag","embeddable":true,"href":"https:\/\/dorogimedence.hu\/index.php\/wp-json\/wp\/v2\/tags?post=39887"}],"curies":[{"name":"wp","href":"https:\/\/api.w.org\/{rel}","templated":true}]}}