{"id":3978,"date":"2017-06-23T14:26:29","date_gmt":"2017-06-23T12:26:29","guid":{"rendered":"http:\/\/dorogimedence.hu\/?p=3978"},"modified":"2017-06-23T14:26:29","modified_gmt":"2017-06-23T12:26:29","slug":"felhivas-a-parlagfu-elleni-vedekezesre","status":"publish","type":"post","link":"https:\/\/dorogimedence.hu\/index.php\/2017\/06\/23\/felhivas-a-parlagfu-elleni-vedekezesre\/","title":{"rendered":"Felh\u00edv\u00e1s a parlagf\u0171 elleni v\u00e9dekez\u00e9sre!"},"content":{"rendered":"<p><strong>A f\u00f6ld haszn\u00e1l\u00f3ja illetve tulajdonosa k\u00f6teles az adott \u00e9v j\u00fanius 30. napj\u00e1ig az ingatlanon, a parlagf\u0171 n\u00f6v\u00e9nyen a vir\u00e1gbimb\u00f3 kialakul\u00e1s\u00e1t megakad\u00e1lyozni, \u00e9s azt k\u00f6vet\u0151en ezt az \u00e1llapotot a veget\u00e1ci\u00f3s id\u0151szak v\u00e9g\u00e9ig folyamatosan fenntartani.<\/strong><\/p>\n<p>A <strong>parlagf\u0171-mentes\u00edt\u00e9si<\/strong> programban a <strong>j\u00e1r\u00e1si hivatalok f\u00f6ldhivatali oszt\u00e1lyai <\/strong>(tov\u00e1bbiakban: f\u00f6ldhivatalok) is r\u00e9szt vesznek, az \u00e9lelmiszerl\u00e1ncr\u00f3l \u00e9s hat\u00f3s\u00e1gi fel\u00fcgyelet\u00e9r\u0151l sz\u00f3l\u00f3 2008. \u00e9vi XLVI. t\u00f6rv\u00e9ny alapj\u00e1n, melynek \u00e9rtelm\u00e9ben a f\u00f6ldhivatalok feladata a <strong>parlagf\u0171vel <\/strong>szennyezett ter\u00fcletek felder\u00edt\u00e9se \u00e9s a bem\u00e9rt ter\u00fcletek adatainak tov\u00e1bb\u00edt\u00e1sa a k\u00f6z\u00e9rdek\u0171 v\u00e9dekez\u00e9s elrendel\u00e9s\u00e9re jogosult n\u00f6v\u00e9nyv\u00e9delmi hat\u00f3s\u00e1g fel\u00e9.<\/p>\n<p>Mindannyiunk sz\u00e1m\u00e1ra k\u00f6ztudott, hogy a parlagf\u0171 pollenje az arra \u00e9rz\u00e9kenyekn\u00e9l s\u00falyos allergi\u00e1s megbeteged\u00e9st v\u00e1lthat ki, ez\u00e9rt a n\u00f6v\u00e9ny irt\u00e1sa, a f\u00f6ldter\u00fcletek fert\u0151z\u00f6tts\u00e9g\u00e9nek eredm\u00e9nyes visszaszor\u00edt\u00e1sa t\u00f6rv\u00e9nyileg el\u0151\u00edrt feladat. A parlagf\u0171-pollenallergia kialakul\u00e1s\u00e1nak megel\u0151z\u00e9se, a f\u00f6ldter\u00fcletek parlagf\u0171 fert\u0151z\u00f6tts\u00e9g\u00e9nek visszaszor\u00edt\u00e1sa, embert\u00e1rsaink eg\u00e9szs\u00e9g\u00e9nek meg\u00f3v\u00e1sa k\u00f6z\u00f6s feladatunk.<\/p>\n<p><span style=\"color: #ff0000;\"><strong>A f\u00f6ld haszn\u00e1l\u00f3ja illetve tulajdonosa k\u00f6teles<\/strong> <strong>az adott \u00e9v <u>j\u00fanius 30. napj\u00e1ig<\/u><\/strong> <strong>az ingatlanon, a parlagf\u0171 n\u00f6v\u00e9nyen a vir\u00e1gbimb\u00f3 kialakul\u00e1s\u00e1t megakad\u00e1lyozni, \u00e9s azt k\u00f6vet\u0151en ezt az \u00e1llapotot a veget\u00e1ci\u00f3s id\u0151szak v\u00e9g\u00e9ig folyamatosan fenntartani.<\/strong><\/span><\/p>\n<p>A helysz\u00edni ellen\u0151rz\u00e9st <strong>j\u00fanius 30. napj\u00e1t k\u00f6vet\u0151en<\/strong> a f\u00f6ldhivatalok mez\u0151gazd\u00e1sz munkat\u00e1rsai \u2013 els\u0151sorban az el\u0151z\u0151 \u00e9vek tapasztalatai \u00e9s a bejelent\u00e9sek alapj\u00e1n \u00f6ssze\u00e1ll\u00edtott \u2013 \u00fatvonalterv alapj\u00e1n v\u00e9gzik egy\u00fcttm\u0171k\u00f6dve a n\u00f6v\u00e9nyv\u00e9delmi hat\u00f3s\u00e1ggal, az \u00f6nkorm\u00e1nyzatok jegyz\u0151ivel, a civil szervezetekkel \u00e9s a lakoss\u00e1ggal.<\/p>\n<p>A helysz\u00edni ellen\u0151rz\u00e9sek sor\u00e1n a parlagf\u0171vel fert\u0151z\u00f6tt ter\u00fcletek bem\u00e9r\u00e9se az els\u0151dleges f\u00f6ldhivatali feladat. A helysz\u00edni vizsg\u00e1lat sor\u00e1n, k\u00e9zi sz\u00e1m\u00edt\u00f3g\u00e9p \u00e9s m\u0171holdas helymeghat\u00e1roz\u00f3 eszk\u00f6z seg\u00edts\u00e9g\u00e9vel a parlagf\u0171 folt ter\u00fclete koordin\u00e1tapontok megad\u00e1s\u00e1val pontosan lehat\u00e1rol\u00e1sra ker\u00fcl. A n\u00f6v\u00e9nyv\u00e9delmi hat\u00f3s\u00e1g munk\u00e1j\u00e1nak megk\u00f6nny\u00edt\u00e9se (ter\u00fcletre val\u00f3 odatal\u00e1l\u00e1s) \u00e9rdek\u00e9ben a mez\u0151gazd\u00e1szok f\u00e9nyk\u00e9pfelv\u00e9teleket is k\u00e9sz\u00edtenek a bem\u00e9rt ter\u00fcletr\u0151l \u00e9s k\u00f6rnyezet\u00e9r\u0151l. Az irodai munka sor\u00e1n, a terepen gy\u0171jt\u00f6tt adatok feldolgoz\u00e1sa, a <strong>n\u00f6v\u00e9nyv\u00e9delmi hat\u00f3s\u00e1g <\/strong>munk\u00e1j\u00e1hoz sz\u00fcks\u00e9ges inform\u00e1ci\u00f3k legy\u0171jt\u00e9se az ingatlan- \u00e9s f\u00f6ldhaszn\u00e1lati nyilv\u00e1ntart\u00e1sb\u00f3l, majd ezt k\u00f6vet\u0151en 2 napon bel\u00fcl valamennyi adat parlagf\u0171-szerveren kereszt\u00fcli tov\u00e1bb\u00edt\u00e1sa k\u00f6vetkezik.<\/p>\n<p>A n\u00f6v\u00e9nyv\u00e9delmi hat\u00f3s\u00e1g \u00e1ltal meghozott hat\u00f3s\u00e1gi v\u00e9dekez\u00e9st elrendel\u0151 hat\u00e1rozat a fellebbez\u00e9sre val\u00f3 tekintet n\u00e9lk\u00fcl azonnal v\u00e9grehajthat\u00f3 ezzel is cs\u00f6kkentve a leveg\u0151be ker\u00fcl\u0151 pollen mennyis\u00e9g\u00e9t.<\/p>\n<p>A szankci\u00f3k elker\u00fcl\u00e9se, valamint az allergi\u00e1ban szenved\u0151 embert\u00e1rsaink \u00e9let\u00e9nek megk\u00f6nny\u00edt\u00e9se \u00e9rdek\u00e9ben k\u00e9rem a tisztelt term\u0151f\u00f6ld TULAJDONOST\/HASZN\u00c1L\u00d3T, hogy a parlagf\u0171 elleni v\u00e9dekez\u00e9st els\u0151sorban <strong>mechanikus<\/strong> (n\u00f6v\u00e9ny f\u00f6ldb\u0151l t\u00f6rt\u00e9n\u0151 kih\u00faz\u00e1sa, kap\u00e1l\u00e1s, t\u00e1rcs\u00e1z\u00e1s, kasz\u00e1l\u00e1s stb.) vagy <strong>vegyszeres<\/strong> (egy\u00e9ves magr\u00f3l kel\u0151 k\u00e9tszik\u0171 gyomn\u00f6v\u00e9nyek irt\u00e1s\u00e1ra alkalmas, vagy tot\u00e1lis gyomirt\u00f3 szerek) irt\u00e1ssal v\u00e9gezze\/v\u00e9geztesse el. Amennyiben a kasz\u00e1l\u00e1ssal t\u00f6rt\u00e9n\u0151 gyommentes\u00edt\u00e9s mellett d\u00f6nt, felh\u00edvom figyelm\u00e9t, hogy azt a veget\u00e1ci\u00f3s id\u0151szak sor\u00e1n minimum havonta egyszer el kell v\u00e9gezni\/v\u00e9geztetni tekintettel arra, hogy a ter\u00fcleten visszamaradt parlagf\u0171 sz\u00e1rmaradv\u00e1ny a neki kedvez\u0151 id\u0151j\u00e1r\u00e1sban rendk\u00edv\u00fcl gyorsan oldalhajt\u00e1sokat k\u00e9pes hozni, melyeken r\u00f6vid id\u0151n bel\u00fcl &#8211; a tov\u00e1bbszaporod\u00e1s \u00e9rdek\u00e9ben \u2013 megjelennek a vir\u00e1gbimb\u00f3k.<\/p>\n<p><strong>Ne feledj\u00e9k, hogy a parlagf\u0171 allergia b\u00e1rmely \u00e9letkorban \u00e9s b\u00e1rmilyen eg\u00e9szs\u00e9gi \u00e1llapot mellett kialakulhat, \u00e9rintheti \u00d6nt \u00e9s csal\u00e1dj\u00e1t is.<\/strong><\/p>\n<p>A parlagf\u0171-mentes\u00edt\u00e9ssel kapcsolatos k\u00e9rd\u00e9seivel, valamint tov\u00e1bbi tudnival\u00f3k\u00e9rt h\u00edvja telefonon, vagy keresse fel a hivatalokat.<\/p>\n<p><em>Forr\u00e1s: kormanyhivatal.hu<\/em><\/p>\n","protected":false},"excerpt":{"rendered":"<p>A f\u00f6ld haszn\u00e1l\u00f3ja illetve tulajdonosa k\u00f6teles az adott \u00e9v j\u00fanius 30. napj\u00e1ig az ingatlanon, a parlagf\u0171 n\u00f6v\u00e9nyen a vir\u00e1gbimb\u00f3 kialakul\u00e1s\u00e1t megakad\u00e1lyozni, \u00e9s azt k\u00f6vet\u0151en ezt az \u00e1llapotot a veget\u00e1ci\u00f3s id\u0151szak v\u00e9g\u00e9ig folyamatosan fenntartani. A parlagf\u0171-mentes\u00edt\u00e9si programban a j\u00e1r\u00e1si hivatalok f\u00f6ldhivatali oszt\u00e1lyai (tov\u00e1bbiakban: f\u00f6ldhivatalok) is r\u00e9szt vesznek, az \u00e9lelmiszerl\u00e1ncr\u00f3l \u00e9s hat\u00f3s\u00e1gi fel\u00fcgyelet\u00e9r\u0151l sz\u00f3l\u00f3 2008. \u00e9vi XLVI.<\/p>\n","protected":false},"author":1,"featured_media":0,"comment_status":"closed","ping_status":"closed","sticky":false,"template":"","format":"standard","meta":{"ngg_post_thumbnail":0,"footnotes":""},"categories":[3],"tags":[77,1184],"class_list":{"0":"post-3978","1":"post","2":"type-post","3":"status-publish","4":"format-standard","6":"category-hirek","7":"tag-felhivas","8":"tag-parlagfu"},"yoast_head":"<!-- This site is optimized with the Yoast SEO plugin v27.4 - https:\/\/yoast.com\/product\/yoast-seo-wordpress\/ -->\n<title>Felh\u00edv\u00e1s a parlagf\u0171 elleni v\u00e9dekez\u00e9sre!<\/title>\n<meta name=\"robots\" content=\"index, follow, max-snippet:-1, max-image-preview:large, max-video-preview:-1\" \/>\n<link rel=\"canonical\" href=\"https:\/\/dorogimedence.hu\/index.php\/2017\/06\/23\/felhivas-a-parlagfu-elleni-vedekezesre\/\" class=\"yoast-seo-meta-tag\" \/>\n<meta property=\"og:locale\" content=\"hu_HU\" class=\"yoast-seo-meta-tag\" \/>\n<meta property=\"og:type\" content=\"article\" class=\"yoast-seo-meta-tag\" \/>\n<meta property=\"og:title\" content=\"Felh\u00edv\u00e1s a parlagf\u0171 elleni v\u00e9dekez\u00e9sre!\" class=\"yoast-seo-meta-tag\" \/>\n<meta property=\"og:description\" content=\"A f\u00f6ld haszn\u00e1l\u00f3ja illetve tulajdonosa k\u00f6teles az adott \u00e9v j\u00fanius 30. napj\u00e1ig az ingatlanon, a parlagf\u0171 n\u00f6v\u00e9nyen a vir\u00e1gbimb\u00f3 kialakul\u00e1s\u00e1t megakad\u00e1lyozni, \u00e9s azt k\u00f6vet\u0151en ezt az \u00e1llapotot a veget\u00e1ci\u00f3s id\u0151szak v\u00e9g\u00e9ig folyamatosan fenntartani. A parlagf\u0171-mentes\u00edt\u00e9si programban a j\u00e1r\u00e1si hivatalok f\u00f6ldhivatali oszt\u00e1lyai (tov\u00e1bbiakban: f\u00f6ldhivatalok) is r\u00e9szt vesznek, az \u00e9lelmiszerl\u00e1ncr\u00f3l \u00e9s hat\u00f3s\u00e1gi fel\u00fcgyelet\u00e9r\u0151l sz\u00f3l\u00f3 2008. \u00e9vi XLVI.\" class=\"yoast-seo-meta-tag\" \/>\n<meta property=\"og:url\" content=\"https:\/\/dorogimedence.hu\/index.php\/2017\/06\/23\/felhivas-a-parlagfu-elleni-vedekezesre\/\" class=\"yoast-seo-meta-tag\" \/>\n<meta property=\"og:site_name\" content=\"Dorogi-medence Region\u00e1lis H\u00edrport\u00e1l\" class=\"yoast-seo-meta-tag\" \/>\n<meta property=\"article:publisher\" content=\"https:\/\/www.facebook.com\/dorogimedence\/\" class=\"yoast-seo-meta-tag\" \/>\n<meta property=\"article:published_time\" content=\"2017-06-23T12:26:29+00:00\" class=\"yoast-seo-meta-tag\" \/>\n<meta property=\"og:image\" content=\"https:\/\/i0.wp.com\/dorogimedence.hu\/wp-content\/uploads\/2017\/06\/parlagfu-01.jpg?fit=670%2C365&ssl=1\" class=\"yoast-seo-meta-tag\" \/>\n\t<meta property=\"og:image:width\" content=\"670\" class=\"yoast-seo-meta-tag\" \/>\n\t<meta property=\"og:image:height\" content=\"365\" class=\"yoast-seo-meta-tag\" \/>\n\t<meta property=\"og:image:type\" content=\"image\/jpeg\" class=\"yoast-seo-meta-tag\" \/>\n<meta name=\"author\" content=\"dorogimedence.hu\" class=\"yoast-seo-meta-tag\" \/>\n<meta name=\"twitter:card\" content=\"summary_large_image\" class=\"yoast-seo-meta-tag\" \/>\n<meta name=\"twitter:label1\" content=\"Szerz\u0151:\" class=\"yoast-seo-meta-tag\" \/>\n\t<meta name=\"twitter:data1\" content=\"dorogimedence.hu\" class=\"yoast-seo-meta-tag\" \/>\n\t<meta name=\"twitter:label2\" content=\"Becs\u00fclt olvas\u00e1si id\u0151\" class=\"yoast-seo-meta-tag\" \/>\n\t<meta name=\"twitter:data2\" content=\"4 perc\" class=\"yoast-seo-meta-tag\" \/>\n<script type=\"application\/ld+json\" class=\"yoast-schema-graph\">{\"@context\":\"https:\\\/\\\/schema.org\",\"@graph\":[{\"@type\":\"Article\",\"@id\":\"https:\\\/\\\/dorogimedence.hu\\\/index.php\\\/2017\\\/06\\\/23\\\/felhivas-a-parlagfu-elleni-vedekezesre\\\/#article\",\"isPartOf\":{\"@id\":\"https:\\\/\\\/dorogimedence.hu\\\/index.php\\\/2017\\\/06\\\/23\\\/felhivas-a-parlagfu-elleni-vedekezesre\\\/\"},\"author\":{\"name\":\"dorogimedence.hu\",\"@id\":\"https:\\\/\\\/dorogimedence.hu\\\/#\\\/schema\\\/person\\\/ce6091eeb7e95ecdc87890d6aa8e0fd4\"},\"headline\":\"Felh\u00edv\u00e1s a parlagf\u0171 elleni v\u00e9dekez\u00e9sre!\",\"datePublished\":\"2017-06-23T12:26:29+00:00\",\"mainEntityOfPage\":{\"@id\":\"https:\\\/\\\/dorogimedence.hu\\\/index.php\\\/2017\\\/06\\\/23\\\/felhivas-a-parlagfu-elleni-vedekezesre\\\/\"},\"wordCount\":801,\"publisher\":{\"@id\":\"https:\\\/\\\/dorogimedence.hu\\\/#organization\"},\"keywords\":[\"felh\u00edv\u00e1s\",\"parlagf\u0171\"],\"articleSection\":[\"H\u00edrek\"],\"inLanguage\":\"hu\"},{\"@type\":\"WebPage\",\"@id\":\"https:\\\/\\\/dorogimedence.hu\\\/index.php\\\/2017\\\/06\\\/23\\\/felhivas-a-parlagfu-elleni-vedekezesre\\\/\",\"url\":\"https:\\\/\\\/dorogimedence.hu\\\/index.php\\\/2017\\\/06\\\/23\\\/felhivas-a-parlagfu-elleni-vedekezesre\\\/\",\"name\":\"Felh\u00edv\u00e1s a parlagf\u0171 elleni v\u00e9dekez\u00e9sre!\",\"isPartOf\":{\"@id\":\"https:\\\/\\\/dorogimedence.hu\\\/#website\"},\"datePublished\":\"2017-06-23T12:26:29+00:00\",\"breadcrumb\":{\"@id\":\"https:\\\/\\\/dorogimedence.hu\\\/index.php\\\/2017\\\/06\\\/23\\\/felhivas-a-parlagfu-elleni-vedekezesre\\\/#breadcrumb\"},\"inLanguage\":\"hu\",\"potentialAction\":[{\"@type\":\"ReadAction\",\"target\":[\"https:\\\/\\\/dorogimedence.hu\\\/index.php\\\/2017\\\/06\\\/23\\\/felhivas-a-parlagfu-elleni-vedekezesre\\\/\"]}]},{\"@type\":\"BreadcrumbList\",\"@id\":\"https:\\\/\\\/dorogimedence.hu\\\/index.php\\\/2017\\\/06\\\/23\\\/felhivas-a-parlagfu-elleni-vedekezesre\\\/#breadcrumb\",\"itemListElement\":[{\"@type\":\"ListItem\",\"position\":1,\"name\":\"Kezd\u0151lap\",\"item\":\"https:\\\/\\\/dorogimedence.hu\\\/\"},{\"@type\":\"ListItem\",\"position\":2,\"name\":\"Felh\u00edv\u00e1s a parlagf\u0171 elleni v\u00e9dekez\u00e9sre!\"}]},{\"@type\":\"WebSite\",\"@id\":\"https:\\\/\\\/dorogimedence.hu\\\/#website\",\"url\":\"https:\\\/\\\/dorogimedence.hu\\\/\",\"name\":\"Dorogi-medence Region\u00e1lis H\u00edrport\u00e1l\",\"description\":\"Dorog, Keszt\u00f6lc, Le\u00e1nyv\u00e1r, Piliscs\u00e9v, Tokod, Tokodalt\u00e1r\u00f3, Csolnok, Esztergom-kertv\u00e1ros: h\u00edrek, programok\",\"publisher\":{\"@id\":\"https:\\\/\\\/dorogimedence.hu\\\/#organization\"},\"potentialAction\":[{\"@type\":\"SearchAction\",\"target\":{\"@type\":\"EntryPoint\",\"urlTemplate\":\"https:\\\/\\\/dorogimedence.hu\\\/?s={search_term_string}\"},\"query-input\":{\"@type\":\"PropertyValueSpecification\",\"valueRequired\":true,\"valueName\":\"search_term_string\"}}],\"inLanguage\":\"hu\"},{\"@type\":\"Organization\",\"@id\":\"https:\\\/\\\/dorogimedence.hu\\\/#organization\",\"name\":\"Dorogi-medence Region\u00e1lis H\u00edrport\u00e1l\",\"url\":\"https:\\\/\\\/dorogimedence.hu\\\/\",\"logo\":{\"@type\":\"ImageObject\",\"inLanguage\":\"hu\",\"@id\":\"https:\\\/\\\/dorogimedence.hu\\\/#\\\/schema\\\/logo\\\/image\\\/\",\"url\":\"https:\\\/\\\/dorogimedence.hu\\\/wp-content\\\/uploads\\\/2021\\\/04\\\/logo-feher-600.png\",\"contentUrl\":\"https:\\\/\\\/dorogimedence.hu\\\/wp-content\\\/uploads\\\/2021\\\/04\\\/logo-feher-600.png\",\"width\":600,\"height\":100,\"caption\":\"Dorogi-medence Region\u00e1lis H\u00edrport\u00e1l\"},\"image\":{\"@id\":\"https:\\\/\\\/dorogimedence.hu\\\/#\\\/schema\\\/logo\\\/image\\\/\"},\"sameAs\":[\"https:\\\/\\\/www.facebook.com\\\/dorogimedence\\\/\"]},{\"@type\":\"Person\",\"@id\":\"https:\\\/\\\/dorogimedence.hu\\\/#\\\/schema\\\/person\\\/ce6091eeb7e95ecdc87890d6aa8e0fd4\",\"name\":\"dorogimedence.hu\",\"image\":{\"@type\":\"ImageObject\",\"inLanguage\":\"hu\",\"@id\":\"\\\/\\\/www.gravatar.com\\\/avatar\\\/d8d45f8901aadff40a4af72c0b826f1d?s=96&#038;r=g&#038;d=mm\",\"url\":\"\\\/\\\/www.gravatar.com\\\/avatar\\\/d8d45f8901aadff40a4af72c0b826f1d?s=96&#038;r=g&#038;d=mm\",\"contentUrl\":\"\\\/\\\/www.gravatar.com\\\/avatar\\\/d8d45f8901aadff40a4af72c0b826f1d?s=96&#038;r=g&#038;d=mm\",\"caption\":\"dorogimedence.hu\"}}]}<\/script>\n<!-- \/ Yoast SEO plugin. -->","yoast_head_json":{"title":"Felh\u00edv\u00e1s a parlagf\u0171 elleni v\u00e9dekez\u00e9sre!","robots":{"index":"index","follow":"follow","max-snippet":"max-snippet:-1","max-image-preview":"max-image-preview:large","max-video-preview":"max-video-preview:-1"},"canonical":"https:\/\/dorogimedence.hu\/index.php\/2017\/06\/23\/felhivas-a-parlagfu-elleni-vedekezesre\/","og_locale":"hu_HU","og_type":"article","og_title":"Felh\u00edv\u00e1s a parlagf\u0171 elleni v\u00e9dekez\u00e9sre!","og_description":"A f\u00f6ld haszn\u00e1l\u00f3ja illetve tulajdonosa k\u00f6teles az adott \u00e9v j\u00fanius 30. napj\u00e1ig az ingatlanon, a parlagf\u0171 n\u00f6v\u00e9nyen a vir\u00e1gbimb\u00f3 kialakul\u00e1s\u00e1t megakad\u00e1lyozni, \u00e9s azt k\u00f6vet\u0151en ezt az \u00e1llapotot a veget\u00e1ci\u00f3s id\u0151szak v\u00e9g\u00e9ig folyamatosan fenntartani. A parlagf\u0171-mentes\u00edt\u00e9si programban a j\u00e1r\u00e1si hivatalok f\u00f6ldhivatali oszt\u00e1lyai (tov\u00e1bbiakban: f\u00f6ldhivatalok) is r\u00e9szt vesznek, az \u00e9lelmiszerl\u00e1ncr\u00f3l \u00e9s hat\u00f3s\u00e1gi fel\u00fcgyelet\u00e9r\u0151l sz\u00f3l\u00f3 2008. \u00e9vi XLVI.","og_url":"https:\/\/dorogimedence.hu\/index.php\/2017\/06\/23\/felhivas-a-parlagfu-elleni-vedekezesre\/","og_site_name":"Dorogi-medence Region\u00e1lis H\u00edrport\u00e1l","article_publisher":"https:\/\/www.facebook.com\/dorogimedence\/","article_published_time":"2017-06-23T12:26:29+00:00","og_image":[{"width":670,"height":365,"url":"https:\/\/i0.wp.com\/dorogimedence.hu\/wp-content\/uploads\/2017\/06\/parlagfu-01.jpg?fit=670%2C365&ssl=1","type":"image\/jpeg"}],"author":"dorogimedence.hu","twitter_card":"summary_large_image","twitter_misc":{"Szerz\u0151:":"dorogimedence.hu","Becs\u00fclt olvas\u00e1si id\u0151":"4 perc"},"schema":{"@context":"https:\/\/schema.org","@graph":[{"@type":"Article","@id":"https:\/\/dorogimedence.hu\/index.php\/2017\/06\/23\/felhivas-a-parlagfu-elleni-vedekezesre\/#article","isPartOf":{"@id":"https:\/\/dorogimedence.hu\/index.php\/2017\/06\/23\/felhivas-a-parlagfu-elleni-vedekezesre\/"},"author":{"name":"dorogimedence.hu","@id":"https:\/\/dorogimedence.hu\/#\/schema\/person\/ce6091eeb7e95ecdc87890d6aa8e0fd4"},"headline":"Felh\u00edv\u00e1s a parlagf\u0171 elleni v\u00e9dekez\u00e9sre!","datePublished":"2017-06-23T12:26:29+00:00","mainEntityOfPage":{"@id":"https:\/\/dorogimedence.hu\/index.php\/2017\/06\/23\/felhivas-a-parlagfu-elleni-vedekezesre\/"},"wordCount":801,"publisher":{"@id":"https:\/\/dorogimedence.hu\/#organization"},"keywords":["felh\u00edv\u00e1s","parlagf\u0171"],"articleSection":["H\u00edrek"],"inLanguage":"hu"},{"@type":"WebPage","@id":"https:\/\/dorogimedence.hu\/index.php\/2017\/06\/23\/felhivas-a-parlagfu-elleni-vedekezesre\/","url":"https:\/\/dorogimedence.hu\/index.php\/2017\/06\/23\/felhivas-a-parlagfu-elleni-vedekezesre\/","name":"Felh\u00edv\u00e1s a parlagf\u0171 elleni v\u00e9dekez\u00e9sre!","isPartOf":{"@id":"https:\/\/dorogimedence.hu\/#website"},"datePublished":"2017-06-23T12:26:29+00:00","breadcrumb":{"@id":"https:\/\/dorogimedence.hu\/index.php\/2017\/06\/23\/felhivas-a-parlagfu-elleni-vedekezesre\/#breadcrumb"},"inLanguage":"hu","potentialAction":[{"@type":"ReadAction","target":["https:\/\/dorogimedence.hu\/index.php\/2017\/06\/23\/felhivas-a-parlagfu-elleni-vedekezesre\/"]}]},{"@type":"BreadcrumbList","@id":"https:\/\/dorogimedence.hu\/index.php\/2017\/06\/23\/felhivas-a-parlagfu-elleni-vedekezesre\/#breadcrumb","itemListElement":[{"@type":"ListItem","position":1,"name":"Kezd\u0151lap","item":"https:\/\/dorogimedence.hu\/"},{"@type":"ListItem","position":2,"name":"Felh\u00edv\u00e1s a parlagf\u0171 elleni v\u00e9dekez\u00e9sre!"}]},{"@type":"WebSite","@id":"https:\/\/dorogimedence.hu\/#website","url":"https:\/\/dorogimedence.hu\/","name":"Dorogi-medence Region\u00e1lis H\u00edrport\u00e1l","description":"Dorog, Keszt\u00f6lc, Le\u00e1nyv\u00e1r, Piliscs\u00e9v, Tokod, Tokodalt\u00e1r\u00f3, Csolnok, Esztergom-kertv\u00e1ros: h\u00edrek, programok","publisher":{"@id":"https:\/\/dorogimedence.hu\/#organization"},"potentialAction":[{"@type":"SearchAction","target":{"@type":"EntryPoint","urlTemplate":"https:\/\/dorogimedence.hu\/?s={search_term_string}"},"query-input":{"@type":"PropertyValueSpecification","valueRequired":true,"valueName":"search_term_string"}}],"inLanguage":"hu"},{"@type":"Organization","@id":"https:\/\/dorogimedence.hu\/#organization","name":"Dorogi-medence Region\u00e1lis H\u00edrport\u00e1l","url":"https:\/\/dorogimedence.hu\/","logo":{"@type":"ImageObject","inLanguage":"hu","@id":"https:\/\/dorogimedence.hu\/#\/schema\/logo\/image\/","url":"https:\/\/dorogimedence.hu\/wp-content\/uploads\/2021\/04\/logo-feher-600.png","contentUrl":"https:\/\/dorogimedence.hu\/wp-content\/uploads\/2021\/04\/logo-feher-600.png","width":600,"height":100,"caption":"Dorogi-medence Region\u00e1lis H\u00edrport\u00e1l"},"image":{"@id":"https:\/\/dorogimedence.hu\/#\/schema\/logo\/image\/"},"sameAs":["https:\/\/www.facebook.com\/dorogimedence\/"]},{"@type":"Person","@id":"https:\/\/dorogimedence.hu\/#\/schema\/person\/ce6091eeb7e95ecdc87890d6aa8e0fd4","name":"dorogimedence.hu","image":{"@type":"ImageObject","inLanguage":"hu","@id":"\/\/www.gravatar.com\/avatar\/d8d45f8901aadff40a4af72c0b826f1d?s=96&#038;r=g&#038;d=mm","url":"\/\/www.gravatar.com\/avatar\/d8d45f8901aadff40a4af72c0b826f1d?s=96&#038;r=g&#038;d=mm","contentUrl":"\/\/www.gravatar.com\/avatar\/d8d45f8901aadff40a4af72c0b826f1d?s=96&#038;r=g&#038;d=mm","caption":"dorogimedence.hu"}}]}},"_links":{"self":[{"href":"https:\/\/dorogimedence.hu\/index.php\/wp-json\/wp\/v2\/posts\/3978","targetHints":{"allow":["GET"]}}],"collection":[{"href":"https:\/\/dorogimedence.hu\/index.php\/wp-json\/wp\/v2\/posts"}],"about":[{"href":"https:\/\/dorogimedence.hu\/index.php\/wp-json\/wp\/v2\/types\/post"}],"author":[{"embeddable":true,"href":"https:\/\/dorogimedence.hu\/index.php\/wp-json\/wp\/v2\/users\/1"}],"replies":[{"embeddable":true,"href":"https:\/\/dorogimedence.hu\/index.php\/wp-json\/wp\/v2\/comments?post=3978"}],"version-history":[{"count":0,"href":"https:\/\/dorogimedence.hu\/index.php\/wp-json\/wp\/v2\/posts\/3978\/revisions"}],"wp:attachment":[{"href":"https:\/\/dorogimedence.hu\/index.php\/wp-json\/wp\/v2\/media?parent=3978"}],"wp:term":[{"taxonomy":"category","embeddable":true,"href":"https:\/\/dorogimedence.hu\/index.php\/wp-json\/wp\/v2\/categories?post=3978"},{"taxonomy":"post_tag","embeddable":true,"href":"https:\/\/dorogimedence.hu\/index.php\/wp-json\/wp\/v2\/tags?post=3978"}],"curies":[{"name":"wp","href":"https:\/\/api.w.org\/{rel}","templated":true}]}}