{"id":39771,"date":"2022-01-14T07:04:33","date_gmt":"2022-01-14T06:04:33","guid":{"rendered":"https:\/\/dorogimedence.hu\/?p=39771"},"modified":"2022-01-14T07:04:57","modified_gmt":"2022-01-14T06:04:57","slug":"eltuntnek-hitt-festmeny-kerult-elo-esztergomban","status":"publish","type":"post","link":"https:\/\/dorogimedence.hu\/index.php\/2022\/01\/14\/eltuntnek-hitt-festmeny-kerult-elo-esztergomban\/","title":{"rendered":"Elt\u0171ntnek hitt festm\u00e9ny ker\u00fclt el\u0151 Esztergomban"},"content":{"rendered":"<p><strong>Egy k\u00fcl\u00f6nleges, k\u00f6z\u00e9pkori vend\u00e9gl\u00e1t\u00f3helyre utal\u00f3 festm\u00e9ny ker\u00fclt el\u0151, amely egykor a F\u00fcrd\u0151 Sz\u00e1ll\u00f3 fal\u00e1t d\u00edsz\u00edtette. A k\u00e9p k\u00e9s\u0151bb ismeretlen helyre ker\u00fclt, most, hogy a F\u00fcrd\u0151 Sz\u00e1ll\u00f3t fel\u00faj\u00edtj\u00e1k, egy mag\u00e1nszem\u00e9ly adta vissza a v\u00e1rosnak az alkot\u00e1st.<\/strong><\/p>\n<p>Hern\u00e1di \u00c1d\u00e1m, Esztergom polg\u00e1rmestere a k\u00f6z\u00f6ss\u00e9gi oldal\u00e1n sz\u00e1molt be arr\u00f3l, hogy az \u00e9rt\u00e9kes alkot\u00e1s visszat\u00e9rt: \u201e\u00c9vtizedekig hom\u00e1ly fedte holl\u00e9t\u00e9t, de P\u00e9t\u00f6r Mester v\u00e9gre hazat\u00e9rt. K\u00f6sz\u00f6nj\u00fck annak az \u2013 \u00f6nmag\u00e1t megnevezni nem akar\u00f3 \u2013 esztergomi polg\u00e1rnak, aki hossz\u00fa \u00e9veken \u00e1t vigy\u00e1zott r\u00e1, hogy most, restaur\u00e1l\u00e1s ut\u00e1n, ism\u00e9t m\u00e9lt\u00f3 hely\u00e9re ker\u00fclhessen.\u201d<\/p>\n<p>Er\u0151s G\u00e1bor, Esztergom alpolg\u00e1rmestere a festm\u00e9ny kapcs\u00e1n a R\u00e9gi\u00f3 TV Esztergomnak elmondta, hogy a k\u00e9p P\u00e9t\u00f6r Mestert \u00e1br\u00e1zolja, aki az els\u0151 fogad\u00f3s volt Esztergomban. Hozz\u00e1tette, hogy a mag\u00e1nszem\u00e9ly, aki visszaszolg\u00e1ltatta a k\u00e9pet elmondta, hogy a festm\u00e9nyt \u0151 tal\u00e1lta meg \u00e9s sok\u00e1ig \u0151 is \u0151rizte. Azt, hogy hol \u00e9s milyen m\u00f3don tal\u00e1lta meg nem \u00e1rulta el, azonban mindenf\u00e9le ellenszolg\u00e1ltat\u00e1s n\u00e9lk\u00fcl, \u00f6nsz\u00e1nt\u00e1b\u00f3l adta vissza a k\u00e9pet a v\u00e1rosnak. \u201eNagyon \u00f6r\u00fcl\u00f6k, hogy ilyen polg\u00e1rok \u00e9lnek Esztergomban. Azt gondolom, hogy az illet\u0151 l\u00e1tta, hogy a F\u00fcrd\u0151 Sz\u00e1ll\u00f3 meg\u00fajul \u00e9s azt gondolta, hogy ennek a k\u00e9pnek igenis ott van a helye, ahol eredetileg volt\u201d \u2013 emelte ki az alpolg\u00e1rmester, majd lesz\u00f6gezte: \u201eA v\u00e1ros ugyanoda szeretn\u00e9 visszarakni a k\u00e9pet, ahol volt, hogy mindenki megcsod\u00e1lhassa ezt a r\u00e9gi, h\u00edres esztergomi fogad\u00f3s k\u00e9p\u00e9t\u201d.<\/p>\n<p><img fetchpriority=\"high\" decoding=\"async\" class=\"alignnone size-large wp-image-39772\" src=\"https:\/\/dorogimedence.hu\/wp-content\/uploads\/2022\/01\/271754057_324958056306607_871997030683977527_n-917x1024.jpg\" alt=\"\" width=\"755\" height=\"843\" srcset=\"https:\/\/dorogimedence.hu\/wp-content\/uploads\/2022\/01\/271754057_324958056306607_871997030683977527_n-917x1024.jpg 917w, https:\/\/dorogimedence.hu\/wp-content\/uploads\/2022\/01\/271754057_324958056306607_871997030683977527_n-269x300.jpg 269w, https:\/\/dorogimedence.hu\/wp-content\/uploads\/2022\/01\/271754057_324958056306607_871997030683977527_n-768x858.jpg 768w, https:\/\/dorogimedence.hu\/wp-content\/uploads\/2022\/01\/271754057_324958056306607_871997030683977527_n-1375x1536.jpg 1375w, https:\/\/dorogimedence.hu\/wp-content\/uploads\/2022\/01\/271754057_324958056306607_871997030683977527_n-150x168.jpg 150w, https:\/\/dorogimedence.hu\/wp-content\/uploads\/2022\/01\/271754057_324958056306607_871997030683977527_n-450x503.jpg 450w, https:\/\/dorogimedence.hu\/wp-content\/uploads\/2022\/01\/271754057_324958056306607_871997030683977527_n-1200x1341.jpg 1200w, https:\/\/dorogimedence.hu\/wp-content\/uploads\/2022\/01\/271754057_324958056306607_871997030683977527_n.jpg 1833w\" sizes=\"(max-width: 755px) 100vw, 755px\" \/><\/p>\n<p>A kopaszon \u00e1br\u00e1zolt P\u00e9t\u00f6r Mester nem egy kital\u00e1lt alak, t\u00e9nyleg fogad\u00f3s volt a k\u00f6z\u00e9pkori Esztergomban. A festm\u00e9ny a F\u00fcrd\u0151 Sz\u00e1ll\u00f3 bez\u00e1r\u00e1s\u00e1ig a falon l\u00f3gott, majd ismeretlen helyre ker\u00fclt, amit most egy mag\u00e1nszem\u00e9ly szolg\u00e1ltatott vissza.<\/p>\n<p>Az orsz\u00e1g \u00e9s Esztergom els\u0151k\u00e9nt \u00edr\u00e1sban jegyzett vend\u00e9gl\u00e1t\u00f3helye P\u00e9t\u00f6r Mester fogad\u00f3ja volt, der\u00fcl ki Kiss Adrienn Kopasz P\u00e9ter \u00f6r\u00f6ks\u00e9ge c\u00edm\u0171 tanulm\u00e1ny\u00e1b\u00f3l. A <a href=\"https:\/\/www.kemma.hu\/helyi-kozelet\/2022\/01\/evtizedekre-nyoma-veszett-most-visszakerult-esztergomba-petor-mester\" target=\"_blank\" rel=\"noopener\"><span style=\"text-decoration: underline; color: #0000ff;\">kemma.hu<\/span><\/a> kutat\u00e1s\u00e1b\u00f3l kider\u00fcl, hogy egy 1279. m\u00e1rcius 29-\u00e9n kelt ad\u00e1s-v\u00e9teli oklev\u00e9l eml\u00edti a vend\u00e9gl\u00e1t\u00f3helyet. Magyarorsz\u00e1g kir\u00e1ly\u00e1nak t\u00e1rnokmestere ugyanis eladott egy ingatlant, annak hat\u00e1rainak pontos leirat\u00e1ban szerepel a fogad\u00f3. Mint az oklev\u00e9lb\u0151l kider\u00fclt, a m\u00e1r akkoriban is frekvent\u00e1lt helynek sz\u00e1m\u00edt\u00f3 Kis-Duna parton \u00e1llt a P\u00e9t\u00f6r Mester h\u00e1za.<\/p>\n<p><iframe title=\"Komment\u00e1r N\u00e9lk\u00fcl - 2022.01.13. -  Elt\u0171ntnek hitt festm\u00e9ny\" width=\"755\" height=\"425\" src=\"https:\/\/www.youtube.com\/embed\/_6NU8s_I0l0?feature=oembed\" frameborder=\"0\" allow=\"accelerometer; autoplay; clipboard-write; encrypted-media; gyroscope; picture-in-picture; web-share\" referrerpolicy=\"strict-origin-when-cross-origin\" allowfullscreen><\/iframe><\/p>\n<p><em>Fot\u00f3: Her\u00e1ndi \u00c1d\u00e1m Facebook oldala<\/em><\/p>\n","protected":false},"excerpt":{"rendered":"<p>Egy k\u00fcl\u00f6nleges, k\u00f6z\u00e9pkori vend\u00e9gl\u00e1t\u00f3helyre utal\u00f3 festm\u00e9ny ker\u00fclt el\u0151, amely egykor a F\u00fcrd\u0151 Sz\u00e1ll\u00f3 fal\u00e1t d\u00edsz\u00edtette. A k\u00e9p k\u00e9s\u0151bb ismeretlen helyre ker\u00fclt, most, hogy a F\u00fcrd\u0151 Sz\u00e1ll\u00f3t fel\u00faj\u00edtj\u00e1k, egy mag\u00e1nszem\u00e9ly adta vissza a v\u00e1rosnak az alkot\u00e1st. Hern\u00e1di \u00c1d\u00e1m, Esztergom polg\u00e1rmestere a k\u00f6z\u00f6ss\u00e9gi oldal\u00e1n sz\u00e1molt be arr\u00f3l, hogy az \u00e9rt\u00e9kes alkot\u00e1s visszat\u00e9rt: \u201e\u00c9vtizedekig hom\u00e1ly fedte holl\u00e9t\u00e9t, de<\/p>\n","protected":false},"author":1,"featured_media":39773,"comment_status":"closed","ping_status":"closed","sticky":false,"template":"","format":"standard","meta":{"ngg_post_thumbnail":0,"footnotes":""},"categories":[38,3],"tags":[42,5624,2676,5322,6221],"class_list":{"0":"post-39771","1":"post","2":"type-post","3":"status-publish","4":"format-standard","5":"has-post-thumbnail","7":"category-esztergom","8":"category-hirek","9":"tag-esztergom","10":"tag-featured","11":"tag-festmeny","12":"tag-furdo-szallo","13":"tag-petor-mester"},"yoast_head":"<!-- This site is optimized with the Yoast SEO plugin v27.5 - https:\/\/yoast.com\/product\/yoast-seo-wordpress\/ -->\n<title>Elt\u0171ntnek hitt festm\u00e9ny ker\u00fclt el\u0151 Esztergomban<\/title>\n<meta name=\"robots\" content=\"index, follow, max-snippet:-1, max-image-preview:large, max-video-preview:-1\" \/>\n<link rel=\"canonical\" href=\"https:\/\/dorogimedence.hu\/index.php\/2022\/01\/14\/eltuntnek-hitt-festmeny-kerult-elo-esztergomban\/\" class=\"yoast-seo-meta-tag\" \/>\n<meta property=\"og:locale\" content=\"hu_HU\" class=\"yoast-seo-meta-tag\" \/>\n<meta property=\"og:type\" content=\"article\" class=\"yoast-seo-meta-tag\" \/>\n<meta property=\"og:title\" content=\"Elt\u0171ntnek hitt festm\u00e9ny ker\u00fclt el\u0151 Esztergomban\" class=\"yoast-seo-meta-tag\" \/>\n<meta property=\"og:description\" content=\"Egy k\u00fcl\u00f6nleges, k\u00f6z\u00e9pkori vend\u00e9gl\u00e1t\u00f3helyre utal\u00f3 festm\u00e9ny ker\u00fclt el\u0151, amely egykor a F\u00fcrd\u0151 Sz\u00e1ll\u00f3 fal\u00e1t d\u00edsz\u00edtette. A k\u00e9p k\u00e9s\u0151bb ismeretlen helyre ker\u00fclt, most, hogy a F\u00fcrd\u0151 Sz\u00e1ll\u00f3t fel\u00faj\u00edtj\u00e1k, egy mag\u00e1nszem\u00e9ly adta vissza a v\u00e1rosnak az alkot\u00e1st. Hern\u00e1di \u00c1d\u00e1m, Esztergom polg\u00e1rmestere a k\u00f6z\u00f6ss\u00e9gi oldal\u00e1n sz\u00e1molt be arr\u00f3l, hogy az \u00e9rt\u00e9kes alkot\u00e1s visszat\u00e9rt: \u201e\u00c9vtizedekig hom\u00e1ly fedte holl\u00e9t\u00e9t, de\" class=\"yoast-seo-meta-tag\" \/>\n<meta property=\"og:url\" content=\"https:\/\/dorogimedence.hu\/index.php\/2022\/01\/14\/eltuntnek-hitt-festmeny-kerult-elo-esztergomban\/\" class=\"yoast-seo-meta-tag\" \/>\n<meta property=\"og:site_name\" content=\"Dorogi-medence Region\u00e1lis H\u00edrport\u00e1l\" class=\"yoast-seo-meta-tag\" \/>\n<meta property=\"article:publisher\" content=\"https:\/\/www.facebook.com\/dorogimedence\/\" class=\"yoast-seo-meta-tag\" \/>\n<meta property=\"article:published_time\" content=\"2022-01-14T06:04:33+00:00\" class=\"yoast-seo-meta-tag\" \/>\n<meta property=\"article:modified_time\" content=\"2022-01-14T06:04:57+00:00\" class=\"yoast-seo-meta-tag\" \/>\n<meta property=\"og:image\" content=\"https:\/\/i0.wp.com\/dorogimedence.hu\/wp-content\/uploads\/2022\/01\/festmeny.jpg?fit=1833%2C999&ssl=1\" class=\"yoast-seo-meta-tag\" \/>\n\t<meta property=\"og:image:width\" content=\"1833\" class=\"yoast-seo-meta-tag\" \/>\n\t<meta property=\"og:image:height\" content=\"999\" class=\"yoast-seo-meta-tag\" \/>\n\t<meta property=\"og:image:type\" content=\"image\/jpeg\" class=\"yoast-seo-meta-tag\" \/>\n<meta name=\"author\" content=\"dorogimedence.hu\" class=\"yoast-seo-meta-tag\" \/>\n<meta name=\"twitter:card\" content=\"summary_large_image\" class=\"yoast-seo-meta-tag\" \/>\n<meta name=\"twitter:label1\" content=\"Szerz\u0151:\" class=\"yoast-seo-meta-tag\" \/>\n\t<meta name=\"twitter:data1\" content=\"dorogimedence.hu\" class=\"yoast-seo-meta-tag\" \/>\n\t<meta name=\"twitter:label2\" content=\"Becs\u00fclt olvas\u00e1si id\u0151\" class=\"yoast-seo-meta-tag\" \/>\n\t<meta name=\"twitter:data2\" content=\"2 perc\" class=\"yoast-seo-meta-tag\" \/>\n<script type=\"application\/ld+json\" class=\"yoast-schema-graph\">{\"@context\":\"https:\\\/\\\/schema.org\",\"@graph\":[{\"@type\":\"Article\",\"@id\":\"https:\\\/\\\/dorogimedence.hu\\\/index.php\\\/2022\\\/01\\\/14\\\/eltuntnek-hitt-festmeny-kerult-elo-esztergomban\\\/#article\",\"isPartOf\":{\"@id\":\"https:\\\/\\\/dorogimedence.hu\\\/index.php\\\/2022\\\/01\\\/14\\\/eltuntnek-hitt-festmeny-kerult-elo-esztergomban\\\/\"},\"author\":{\"name\":\"dorogimedence.hu\",\"@id\":\"https:\\\/\\\/dorogimedence.hu\\\/#\\\/schema\\\/person\\\/ce6091eeb7e95ecdc87890d6aa8e0fd4\"},\"headline\":\"Elt\u0171ntnek hitt festm\u00e9ny ker\u00fclt el\u0151 Esztergomban\",\"datePublished\":\"2022-01-14T06:04:33+00:00\",\"dateModified\":\"2022-01-14T06:04:57+00:00\",\"mainEntityOfPage\":{\"@id\":\"https:\\\/\\\/dorogimedence.hu\\\/index.php\\\/2022\\\/01\\\/14\\\/eltuntnek-hitt-festmeny-kerult-elo-esztergomban\\\/\"},\"wordCount\":507,\"publisher\":{\"@id\":\"https:\\\/\\\/dorogimedence.hu\\\/#organization\"},\"image\":{\"@id\":\"https:\\\/\\\/dorogimedence.hu\\\/index.php\\\/2022\\\/01\\\/14\\\/eltuntnek-hitt-festmeny-kerult-elo-esztergomban\\\/#primaryimage\"},\"thumbnailUrl\":\"https:\\\/\\\/dorogimedence.hu\\\/wp-content\\\/uploads\\\/2022\\\/01\\\/festmeny.jpg\",\"keywords\":[\"esztergom\",\"featured\",\"festm\u00e9ny\",\"F\u00fcrd\u0151 Sz\u00e1ll\u00f3\",\"P\u00e9t\u00f6r Mester\"],\"articleSection\":[\"Esztergom\",\"H\u00edrek\"],\"inLanguage\":\"hu\"},{\"@type\":\"WebPage\",\"@id\":\"https:\\\/\\\/dorogimedence.hu\\\/index.php\\\/2022\\\/01\\\/14\\\/eltuntnek-hitt-festmeny-kerult-elo-esztergomban\\\/\",\"url\":\"https:\\\/\\\/dorogimedence.hu\\\/index.php\\\/2022\\\/01\\\/14\\\/eltuntnek-hitt-festmeny-kerult-elo-esztergomban\\\/\",\"name\":\"Elt\u0171ntnek hitt festm\u00e9ny ker\u00fclt el\u0151 Esztergomban\",\"isPartOf\":{\"@id\":\"https:\\\/\\\/dorogimedence.hu\\\/#website\"},\"primaryImageOfPage\":{\"@id\":\"https:\\\/\\\/dorogimedence.hu\\\/index.php\\\/2022\\\/01\\\/14\\\/eltuntnek-hitt-festmeny-kerult-elo-esztergomban\\\/#primaryimage\"},\"image\":{\"@id\":\"https:\\\/\\\/dorogimedence.hu\\\/index.php\\\/2022\\\/01\\\/14\\\/eltuntnek-hitt-festmeny-kerult-elo-esztergomban\\\/#primaryimage\"},\"thumbnailUrl\":\"https:\\\/\\\/dorogimedence.hu\\\/wp-content\\\/uploads\\\/2022\\\/01\\\/festmeny.jpg\",\"datePublished\":\"2022-01-14T06:04:33+00:00\",\"dateModified\":\"2022-01-14T06:04:57+00:00\",\"breadcrumb\":{\"@id\":\"https:\\\/\\\/dorogimedence.hu\\\/index.php\\\/2022\\\/01\\\/14\\\/eltuntnek-hitt-festmeny-kerult-elo-esztergomban\\\/#breadcrumb\"},\"inLanguage\":\"hu\",\"potentialAction\":[{\"@type\":\"ReadAction\",\"target\":[\"https:\\\/\\\/dorogimedence.hu\\\/index.php\\\/2022\\\/01\\\/14\\\/eltuntnek-hitt-festmeny-kerult-elo-esztergomban\\\/\"]}]},{\"@type\":\"ImageObject\",\"inLanguage\":\"hu\",\"@id\":\"https:\\\/\\\/dorogimedence.hu\\\/index.php\\\/2022\\\/01\\\/14\\\/eltuntnek-hitt-festmeny-kerult-elo-esztergomban\\\/#primaryimage\",\"url\":\"https:\\\/\\\/dorogimedence.hu\\\/wp-content\\\/uploads\\\/2022\\\/01\\\/festmeny.jpg\",\"contentUrl\":\"https:\\\/\\\/dorogimedence.hu\\\/wp-content\\\/uploads\\\/2022\\\/01\\\/festmeny.jpg\",\"width\":1833,\"height\":999},{\"@type\":\"BreadcrumbList\",\"@id\":\"https:\\\/\\\/dorogimedence.hu\\\/index.php\\\/2022\\\/01\\\/14\\\/eltuntnek-hitt-festmeny-kerult-elo-esztergomban\\\/#breadcrumb\",\"itemListElement\":[{\"@type\":\"ListItem\",\"position\":1,\"name\":\"Kezd\u0151lap\",\"item\":\"https:\\\/\\\/dorogimedence.hu\\\/\"},{\"@type\":\"ListItem\",\"position\":2,\"name\":\"Elt\u0171ntnek hitt festm\u00e9ny ker\u00fclt el\u0151 Esztergomban\"}]},{\"@type\":\"WebSite\",\"@id\":\"https:\\\/\\\/dorogimedence.hu\\\/#website\",\"url\":\"https:\\\/\\\/dorogimedence.hu\\\/\",\"name\":\"Dorogi-medence Region\u00e1lis H\u00edrport\u00e1l\",\"description\":\"Dorog, Keszt\u00f6lc, Le\u00e1nyv\u00e1r, Piliscs\u00e9v, Tokod, Tokodalt\u00e1r\u00f3, Csolnok, Esztergom-kertv\u00e1ros: h\u00edrek, programok\",\"publisher\":{\"@id\":\"https:\\\/\\\/dorogimedence.hu\\\/#organization\"},\"potentialAction\":[{\"@type\":\"SearchAction\",\"target\":{\"@type\":\"EntryPoint\",\"urlTemplate\":\"https:\\\/\\\/dorogimedence.hu\\\/?s={search_term_string}\"},\"query-input\":{\"@type\":\"PropertyValueSpecification\",\"valueRequired\":true,\"valueName\":\"search_term_string\"}}],\"inLanguage\":\"hu\"},{\"@type\":\"Organization\",\"@id\":\"https:\\\/\\\/dorogimedence.hu\\\/#organization\",\"name\":\"Dorogi-medence Region\u00e1lis H\u00edrport\u00e1l\",\"url\":\"https:\\\/\\\/dorogimedence.hu\\\/\",\"logo\":{\"@type\":\"ImageObject\",\"inLanguage\":\"hu\",\"@id\":\"https:\\\/\\\/dorogimedence.hu\\\/#\\\/schema\\\/logo\\\/image\\\/\",\"url\":\"https:\\\/\\\/dorogimedence.hu\\\/wp-content\\\/uploads\\\/2021\\\/04\\\/logo-feher-600.png\",\"contentUrl\":\"https:\\\/\\\/dorogimedence.hu\\\/wp-content\\\/uploads\\\/2021\\\/04\\\/logo-feher-600.png\",\"width\":600,\"height\":100,\"caption\":\"Dorogi-medence Region\u00e1lis H\u00edrport\u00e1l\"},\"image\":{\"@id\":\"https:\\\/\\\/dorogimedence.hu\\\/#\\\/schema\\\/logo\\\/image\\\/\"},\"sameAs\":[\"https:\\\/\\\/www.facebook.com\\\/dorogimedence\\\/\"]},{\"@type\":\"Person\",\"@id\":\"https:\\\/\\\/dorogimedence.hu\\\/#\\\/schema\\\/person\\\/ce6091eeb7e95ecdc87890d6aa8e0fd4\",\"name\":\"dorogimedence.hu\",\"image\":{\"@type\":\"ImageObject\",\"inLanguage\":\"hu\",\"@id\":\"\\\/\\\/www.gravatar.com\\\/avatar\\\/d8d45f8901aadff40a4af72c0b826f1d?s=96&#038;r=g&#038;d=mm\",\"url\":\"\\\/\\\/www.gravatar.com\\\/avatar\\\/d8d45f8901aadff40a4af72c0b826f1d?s=96&#038;r=g&#038;d=mm\",\"contentUrl\":\"\\\/\\\/www.gravatar.com\\\/avatar\\\/d8d45f8901aadff40a4af72c0b826f1d?s=96&#038;r=g&#038;d=mm\",\"caption\":\"dorogimedence.hu\"}}]}<\/script>\n<!-- \/ Yoast SEO plugin. -->","yoast_head_json":{"title":"Elt\u0171ntnek hitt festm\u00e9ny ker\u00fclt el\u0151 Esztergomban","robots":{"index":"index","follow":"follow","max-snippet":"max-snippet:-1","max-image-preview":"max-image-preview:large","max-video-preview":"max-video-preview:-1"},"canonical":"https:\/\/dorogimedence.hu\/index.php\/2022\/01\/14\/eltuntnek-hitt-festmeny-kerult-elo-esztergomban\/","og_locale":"hu_HU","og_type":"article","og_title":"Elt\u0171ntnek hitt festm\u00e9ny ker\u00fclt el\u0151 Esztergomban","og_description":"Egy k\u00fcl\u00f6nleges, k\u00f6z\u00e9pkori vend\u00e9gl\u00e1t\u00f3helyre utal\u00f3 festm\u00e9ny ker\u00fclt el\u0151, amely egykor a F\u00fcrd\u0151 Sz\u00e1ll\u00f3 fal\u00e1t d\u00edsz\u00edtette. A k\u00e9p k\u00e9s\u0151bb ismeretlen helyre ker\u00fclt, most, hogy a F\u00fcrd\u0151 Sz\u00e1ll\u00f3t fel\u00faj\u00edtj\u00e1k, egy mag\u00e1nszem\u00e9ly adta vissza a v\u00e1rosnak az alkot\u00e1st. Hern\u00e1di \u00c1d\u00e1m, Esztergom polg\u00e1rmestere a k\u00f6z\u00f6ss\u00e9gi oldal\u00e1n sz\u00e1molt be arr\u00f3l, hogy az \u00e9rt\u00e9kes alkot\u00e1s visszat\u00e9rt: \u201e\u00c9vtizedekig hom\u00e1ly fedte holl\u00e9t\u00e9t, de","og_url":"https:\/\/dorogimedence.hu\/index.php\/2022\/01\/14\/eltuntnek-hitt-festmeny-kerult-elo-esztergomban\/","og_site_name":"Dorogi-medence Region\u00e1lis H\u00edrport\u00e1l","article_publisher":"https:\/\/www.facebook.com\/dorogimedence\/","article_published_time":"2022-01-14T06:04:33+00:00","article_modified_time":"2022-01-14T06:04:57+00:00","og_image":[{"width":1833,"height":999,"url":"https:\/\/i0.wp.com\/dorogimedence.hu\/wp-content\/uploads\/2022\/01\/festmeny.jpg?fit=1833%2C999&ssl=1","type":"image\/jpeg"}],"author":"dorogimedence.hu","twitter_card":"summary_large_image","twitter_misc":{"Szerz\u0151:":"dorogimedence.hu","Becs\u00fclt olvas\u00e1si id\u0151":"2 perc"},"schema":{"@context":"https:\/\/schema.org","@graph":[{"@type":"Article","@id":"https:\/\/dorogimedence.hu\/index.php\/2022\/01\/14\/eltuntnek-hitt-festmeny-kerult-elo-esztergomban\/#article","isPartOf":{"@id":"https:\/\/dorogimedence.hu\/index.php\/2022\/01\/14\/eltuntnek-hitt-festmeny-kerult-elo-esztergomban\/"},"author":{"name":"dorogimedence.hu","@id":"https:\/\/dorogimedence.hu\/#\/schema\/person\/ce6091eeb7e95ecdc87890d6aa8e0fd4"},"headline":"Elt\u0171ntnek hitt festm\u00e9ny ker\u00fclt el\u0151 Esztergomban","datePublished":"2022-01-14T06:04:33+00:00","dateModified":"2022-01-14T06:04:57+00:00","mainEntityOfPage":{"@id":"https:\/\/dorogimedence.hu\/index.php\/2022\/01\/14\/eltuntnek-hitt-festmeny-kerult-elo-esztergomban\/"},"wordCount":507,"publisher":{"@id":"https:\/\/dorogimedence.hu\/#organization"},"image":{"@id":"https:\/\/dorogimedence.hu\/index.php\/2022\/01\/14\/eltuntnek-hitt-festmeny-kerult-elo-esztergomban\/#primaryimage"},"thumbnailUrl":"https:\/\/dorogimedence.hu\/wp-content\/uploads\/2022\/01\/festmeny.jpg","keywords":["esztergom","featured","festm\u00e9ny","F\u00fcrd\u0151 Sz\u00e1ll\u00f3","P\u00e9t\u00f6r Mester"],"articleSection":["Esztergom","H\u00edrek"],"inLanguage":"hu"},{"@type":"WebPage","@id":"https:\/\/dorogimedence.hu\/index.php\/2022\/01\/14\/eltuntnek-hitt-festmeny-kerult-elo-esztergomban\/","url":"https:\/\/dorogimedence.hu\/index.php\/2022\/01\/14\/eltuntnek-hitt-festmeny-kerult-elo-esztergomban\/","name":"Elt\u0171ntnek hitt festm\u00e9ny ker\u00fclt el\u0151 Esztergomban","isPartOf":{"@id":"https:\/\/dorogimedence.hu\/#website"},"primaryImageOfPage":{"@id":"https:\/\/dorogimedence.hu\/index.php\/2022\/01\/14\/eltuntnek-hitt-festmeny-kerult-elo-esztergomban\/#primaryimage"},"image":{"@id":"https:\/\/dorogimedence.hu\/index.php\/2022\/01\/14\/eltuntnek-hitt-festmeny-kerult-elo-esztergomban\/#primaryimage"},"thumbnailUrl":"https:\/\/dorogimedence.hu\/wp-content\/uploads\/2022\/01\/festmeny.jpg","datePublished":"2022-01-14T06:04:33+00:00","dateModified":"2022-01-14T06:04:57+00:00","breadcrumb":{"@id":"https:\/\/dorogimedence.hu\/index.php\/2022\/01\/14\/eltuntnek-hitt-festmeny-kerult-elo-esztergomban\/#breadcrumb"},"inLanguage":"hu","potentialAction":[{"@type":"ReadAction","target":["https:\/\/dorogimedence.hu\/index.php\/2022\/01\/14\/eltuntnek-hitt-festmeny-kerult-elo-esztergomban\/"]}]},{"@type":"ImageObject","inLanguage":"hu","@id":"https:\/\/dorogimedence.hu\/index.php\/2022\/01\/14\/eltuntnek-hitt-festmeny-kerult-elo-esztergomban\/#primaryimage","url":"https:\/\/dorogimedence.hu\/wp-content\/uploads\/2022\/01\/festmeny.jpg","contentUrl":"https:\/\/dorogimedence.hu\/wp-content\/uploads\/2022\/01\/festmeny.jpg","width":1833,"height":999},{"@type":"BreadcrumbList","@id":"https:\/\/dorogimedence.hu\/index.php\/2022\/01\/14\/eltuntnek-hitt-festmeny-kerult-elo-esztergomban\/#breadcrumb","itemListElement":[{"@type":"ListItem","position":1,"name":"Kezd\u0151lap","item":"https:\/\/dorogimedence.hu\/"},{"@type":"ListItem","position":2,"name":"Elt\u0171ntnek hitt festm\u00e9ny ker\u00fclt el\u0151 Esztergomban"}]},{"@type":"WebSite","@id":"https:\/\/dorogimedence.hu\/#website","url":"https:\/\/dorogimedence.hu\/","name":"Dorogi-medence Region\u00e1lis H\u00edrport\u00e1l","description":"Dorog, Keszt\u00f6lc, Le\u00e1nyv\u00e1r, Piliscs\u00e9v, Tokod, Tokodalt\u00e1r\u00f3, Csolnok, Esztergom-kertv\u00e1ros: h\u00edrek, programok","publisher":{"@id":"https:\/\/dorogimedence.hu\/#organization"},"potentialAction":[{"@type":"SearchAction","target":{"@type":"EntryPoint","urlTemplate":"https:\/\/dorogimedence.hu\/?s={search_term_string}"},"query-input":{"@type":"PropertyValueSpecification","valueRequired":true,"valueName":"search_term_string"}}],"inLanguage":"hu"},{"@type":"Organization","@id":"https:\/\/dorogimedence.hu\/#organization","name":"Dorogi-medence Region\u00e1lis H\u00edrport\u00e1l","url":"https:\/\/dorogimedence.hu\/","logo":{"@type":"ImageObject","inLanguage":"hu","@id":"https:\/\/dorogimedence.hu\/#\/schema\/logo\/image\/","url":"https:\/\/dorogimedence.hu\/wp-content\/uploads\/2021\/04\/logo-feher-600.png","contentUrl":"https:\/\/dorogimedence.hu\/wp-content\/uploads\/2021\/04\/logo-feher-600.png","width":600,"height":100,"caption":"Dorogi-medence Region\u00e1lis H\u00edrport\u00e1l"},"image":{"@id":"https:\/\/dorogimedence.hu\/#\/schema\/logo\/image\/"},"sameAs":["https:\/\/www.facebook.com\/dorogimedence\/"]},{"@type":"Person","@id":"https:\/\/dorogimedence.hu\/#\/schema\/person\/ce6091eeb7e95ecdc87890d6aa8e0fd4","name":"dorogimedence.hu","image":{"@type":"ImageObject","inLanguage":"hu","@id":"\/\/www.gravatar.com\/avatar\/d8d45f8901aadff40a4af72c0b826f1d?s=96&#038;r=g&#038;d=mm","url":"\/\/www.gravatar.com\/avatar\/d8d45f8901aadff40a4af72c0b826f1d?s=96&#038;r=g&#038;d=mm","contentUrl":"\/\/www.gravatar.com\/avatar\/d8d45f8901aadff40a4af72c0b826f1d?s=96&#038;r=g&#038;d=mm","caption":"dorogimedence.hu"}}]}},"_links":{"self":[{"href":"https:\/\/dorogimedence.hu\/index.php\/wp-json\/wp\/v2\/posts\/39771","targetHints":{"allow":["GET"]}}],"collection":[{"href":"https:\/\/dorogimedence.hu\/index.php\/wp-json\/wp\/v2\/posts"}],"about":[{"href":"https:\/\/dorogimedence.hu\/index.php\/wp-json\/wp\/v2\/types\/post"}],"author":[{"embeddable":true,"href":"https:\/\/dorogimedence.hu\/index.php\/wp-json\/wp\/v2\/users\/1"}],"replies":[{"embeddable":true,"href":"https:\/\/dorogimedence.hu\/index.php\/wp-json\/wp\/v2\/comments?post=39771"}],"version-history":[{"count":0,"href":"https:\/\/dorogimedence.hu\/index.php\/wp-json\/wp\/v2\/posts\/39771\/revisions"}],"wp:featuredmedia":[{"embeddable":true,"href":"https:\/\/dorogimedence.hu\/index.php\/wp-json\/wp\/v2\/media\/39773"}],"wp:attachment":[{"href":"https:\/\/dorogimedence.hu\/index.php\/wp-json\/wp\/v2\/media?parent=39771"}],"wp:term":[{"taxonomy":"category","embeddable":true,"href":"https:\/\/dorogimedence.hu\/index.php\/wp-json\/wp\/v2\/categories?post=39771"},{"taxonomy":"post_tag","embeddable":true,"href":"https:\/\/dorogimedence.hu\/index.php\/wp-json\/wp\/v2\/tags?post=39771"}],"curies":[{"name":"wp","href":"https:\/\/api.w.org\/{rel}","templated":true}]}}