{"id":39764,"date":"2022-01-13T14:08:22","date_gmt":"2022-01-13T13:08:22","guid":{"rendered":"https:\/\/dorogimedence.hu\/?p=39764"},"modified":"2022-01-13T14:41:54","modified_gmt":"2022-01-13T13:41:54","slug":"gulyas-lerovidul-a-karanten-ideje","status":"publish","type":"post","link":"https:\/\/dorogimedence.hu\/index.php\/2022\/01\/13\/gulyas-lerovidul-a-karanten-ideje\/","title":{"rendered":"Guly\u00e1s: ler\u00f6vid\u00fcl a karant\u00e9n ideje"},"content":{"rendered":"<p><strong>Ler\u00f6vid\u00edti a korm\u00e1ny a koronav\u00edrus miatti karant\u00e9nk\u00f6telezetts\u00e9g idej\u00e9t<\/strong> <em>\u2013 jelentette be Guly\u00e1s Gergely a janu\u00e1r 13-ai Korm\u00e1nyinf\u00f3n.<\/em><\/p>\n<p>A Minisztereln\u00f6ks\u00e9get vezet\u0151 miniszter kifejtette, hogy feln\u0151ttekn\u00e9l h\u00e9t nap lesz a karant\u00e9n, \u00f6t nap ut\u00e1n, t\u00fcnetmentess\u00e9g eset\u00e9n, negat\u00edv koronav\u00edrus-teszttel ugyanakkor \u201elehet szabadulni\u201d. Elmondta, hogy az iskol\u00e1kn\u00e1l a fels\u0151 tagozatn\u00e1l m\u00e1r bev\u00e1lt gyakorlatot kiterjesztik az als\u00f3 tagozatra is, mivel m\u00e1r ez a koroszt\u00e1ly is kaphat olt\u00e1st. Kifejtette: ha egy oszt\u00e1lyban megbeteged\u00e9s van, akkor a karant\u00e9nk\u00f6telezetts\u00e9g id\u0151tartama 5 napra cs\u00f6kken, de csak azokra vonatkozik, akik oltatlanok. Az iskolai oktat\u00e1snak folyamatosnak kell lennie, szem\u00e9lyes jelenl\u00e9ttel, de ha a technikai felt\u00e9telek adottak, a karant\u00e9nban l\u00e9v\u0151 oltatlanoknak k\u00f6zvet\u00edthet\u0151 online is az oktat\u00e1s \u2013 ismertette a miniszter.<\/p>\n<p>A miniszter a v\u00e9detts\u00e9gi igazolv\u00e1nyokkal kapcsolatban azt mondta, hogy febru\u00e1r 15-\u00e9t\u0151l olt\u00e1si igazolv\u00e1nny\u00e1 alakul \u00e1t a v\u00e9detts\u00e9gi igazolv\u00e1ny. Ez\u00e9rt a korm\u00e1ny azt javasolja, hogy mindenki oltassa be mag\u00e1t a koronav\u00edrus ellen. Kiemelte: az a 18 \u00e9ven fel\u00fcli min\u0151s\u00fcl oltottnak, aki megkapta a koronav\u00edrus ellen a harmadik olt\u00e1st, valamint az, aki k\u00e9t olt\u00e1st kapott \u00e9s a m\u00e1sodik hat h\u00f3napon bel\u00fcl van. A 18 \u00e9ven aluliakn\u00e1l a k\u00e9t olt\u00e1s elegend\u0151 \u2013 tette hozz\u00e1. Guly\u00e1s Gergely megjegyezte, hogy a koronav\u00edruson \u201e\u00e1tesetts\u00e9g\u201d fogalma az omikronvari\u00e1ns ut\u00e1n m\u00e1st fog jelenteni; nem az \u00e1tesetts\u00e9g, hanem az olt\u00e1s jelent v\u00e9detts\u00e9get \u2013 fejtette ki. Hozz\u00e1tette: nem kell \u00faj igazolv\u00e1nyokat kiadni, a QR-k\u00f3d alapj\u00e1n lehet ellen\u0151rizni az igazolv\u00e1nyt. Guly\u00e1s Gergely arr\u00f3l is besz\u00e9lt, hogy tov\u00e1bbra is rendelkez\u00e9sre \u00e1ll k\u00f6zel 9,3 milli\u00f3 adag olt\u00e1s. 135 ezer olt\u00e1st adtak be a mostani janu\u00e1ri olt\u00e1si akci\u00f3napokon, ez\u00e9rt ezt febru\u00e1rban is meg fogj\u00e1k ism\u00e9telni \u2013 tette hozz\u00e1. A magyar t\u00e1rsadalom 64 sz\u00e1zal\u00e9ka oltott, ez a r\u00e9gi\u00f3ban j\u00f3 adat, Eur\u00f3pai szinten az utols\u00f3 harmad els\u0151 fel\u00e9ben vagyunk. A miniszter egy k\u00e9rd\u00e9sre elmondta azt is, hogy a negyedik olt\u00e1st orvossal val\u00f3 konzult\u00e1ci\u00f3 r\u00e9v\u00e9n b\u00e1rki kaphat, \u00e9s az err\u0151l sz\u00f3l\u00f3 rendelet m\u00e9g a h\u00e9ten meg fog jelenni.<\/p>\n<p>Guly\u00e1s Gergely a korm\u00e1nyinf\u00f3n megjegyezte, hogy \u00fcdv\u00f6zli azt, hogy az orsz\u00e1ggy\u0171l\u00e9si v\u00e1laszt\u00e1st \u00e9s a gyermekv\u00e9delmi n\u00e9pszavaz\u00e1st egy id\u0151ben tartj\u00e1k meg, mert ezzel h\u00e9tmilli\u00e1rd forintot sp\u00f3rolnak. A t\u00e1rcavezet\u0151 kifejtette: a magyar k\u00f6z\u00e9let jelenlegi \u00e1llapot\u00e1ban ritka a konszenzus, ez\u00e9rt j\u00f3, hogy teljes az egyet\u00e9rt\u00e9s ebben a k\u00e9rd\u00e9sben. A miniszter k\u00f6sz\u00f6netet mondott a P\u00e1rbesz\u00e9d k\u00e9pvisel\u0151j\u00e9nek, Szab\u00f3 T\u00edme\u00e1nak, aki javasolta a v\u00e1laszt\u00e1s \u00e9s a n\u00e9pszavaz\u00e1s egyidej\u0171 megtart\u00e1s\u00e1t, amit \u2013 eml\u00e9keztetett \u2013 az Orsz\u00e1ggy\u0171l\u00e9s valamennyi p\u00e1rtja, k\u00e9pvisel\u0151je t\u00e1mogatott. Guly\u00e1s Gergely hangs\u00falyozta: fontos k\u00e9rd\u00e9sekr\u0151l van sz\u00f3, a v\u00e1laszt\u00e1snak \u00e9s a n\u00e9pszavaz\u00e1snak is \u00f3ri\u00e1si t\u00e9tje van. Indokolt megtiltani a szexu\u00e1lis propagand\u00e1t az iskol\u00e1kban \u00e9s a rekl\u00e1mokban a kiskor\u00faak el\u0151tt, a gyermekek nevel\u00e9s\u00e9nek joga a sz\u00fcl\u0151k\u00e9 \u2013 k\u00f6z\u00f6lte. Hozz\u00e1tette: azt k\u00e9rik mindenkit\u0151l, hogy ne csak a v\u00e1laszt\u00e1son, hanem a n\u00e9pszavaz\u00e1son is mondja el a v\u00e9lem\u00e9ny\u00e9t.<\/p>\n<p>Guly\u00e1s Gergely a gazdas\u00e1gi n\u00f6veked\u00e9ssel kapcsolatban azt mondta, hogy az 2021-ben 6,5-7 % k\u00f6z\u00f6tt lehetett, ami a rendszerv\u00e1ltoztat\u00e1s \u00f3ta soha nem l\u00e1tott gazdas\u00e1gi teljes\u00edtm\u00e9ny. A t\u00e1rcavezet\u0151 kiemelte: a tavalyi gazdas\u00e1gi adatok biztat\u00f3k, a novemberi-decemberi sz\u00e1mok a v\u00e1rtn\u00e1l jobbak. A j\u00f3 gazdas\u00e1gi n\u00f6veked\u00e9s k\u00fcl\u00f6n\u00f6sen nagy teljes\u00edtm\u00e9ny annak f\u00e9ny\u00e9ben, hogy egy sz\u00e1mtalan neh\u00e9zs\u00e9ggel teli \u00e9vben siker\u00fclt el\u00e9rni \u2013 mutatott r\u00e1. Hozz\u00e1tette: az aut\u00f3ipar jobban is teljes\u00edthetett volna, ha nem lett volna glob\u00e1lis chiphi\u00e1ny, vagyis az aut\u00f3iparban rejl\u0151 n\u00f6veked\u00e9si potenci\u00e1l n\u00e9lk\u00fcl \u00e9rt\u00e9k el ezt a n\u00f6veked\u00e9st. A szerd\u00e1n bejelentett \u00e9lelmiszer\u00e1rstopr\u00f3l pedig azt mondta: rem\u00e9lhet\u0151leg ez a korm\u00e1nyd\u00f6nt\u00e9s nagy k\u00f6nnyebbs\u00e9get jelent azoknak, akiknek az alapvet\u0151 \u00e9lelmiszerek dr\u00e1gul\u00e1sa komoly terhet okoz. Kiemelte, hogy a korm\u00e1ny az\u00e9rt nem az \u00e1facs\u00f6kkent\u00e9s mellett d\u00f6nt\u00f6tt, mert akkor j\u00f3val kisebb \u00e1rcs\u00f6kkent\u00e9s \u00e9rv\u00e9nyes\u00fclt volna a fontos term\u00e9kek eset\u00e9ben.<\/p>\n<p><em>Felhaszn\u00e1lt forr\u00e1sok: MTI\/origo.hu<br \/>\nBor\u00edt\u00f3k\u00e9p: MTI\/Kosztics\u00e1k Szil\u00e1rd<\/em><\/p>\n","protected":false},"excerpt":{"rendered":"<p>Ler\u00f6vid\u00edti a korm\u00e1ny a koronav\u00edrus miatti karant\u00e9nk\u00f6telezetts\u00e9g idej\u00e9t \u2013 jelentette be Guly\u00e1s Gergely a janu\u00e1r 13-ai Korm\u00e1nyinf\u00f3n. A Minisztereln\u00f6ks\u00e9get vezet\u0151 miniszter kifejtette, hogy feln\u0151ttekn\u00e9l h\u00e9t nap lesz a karant\u00e9n, \u00f6t nap ut\u00e1n, t\u00fcnetmentess\u00e9g eset\u00e9n, negat\u00edv koronav\u00edrus-teszttel ugyanakkor \u201elehet szabadulni\u201d. Elmondta, hogy az iskol\u00e1kn\u00e1l a fels\u0151 tagozatn\u00e1l m\u00e1r bev\u00e1lt gyakorlatot kiterjesztik az als\u00f3 tagozatra is, mivel<\/p>\n","protected":false},"author":1,"featured_media":0,"comment_status":"closed","ping_status":"closed","sticky":false,"template":"","format":"standard","meta":{"ngg_post_thumbnail":0,"footnotes":""},"categories":[3],"tags":[5038,4738],"class_list":{"0":"post-39764","1":"post","2":"type-post","3":"status-publish","4":"format-standard","6":"category-hirek","7":"tag-kormanyinfo","8":"tag-koronavirus"},"yoast_head":"<!-- This site is optimized with the Yoast SEO plugin v27.5 - https:\/\/yoast.com\/product\/yoast-seo-wordpress\/ -->\n<title>Guly\u00e1s: ler\u00f6vid\u00fcl a karant\u00e9n ideje<\/title>\n<meta name=\"robots\" content=\"index, follow, max-snippet:-1, max-image-preview:large, max-video-preview:-1\" \/>\n<link rel=\"canonical\" href=\"https:\/\/dorogimedence.hu\/index.php\/2022\/01\/13\/gulyas-lerovidul-a-karanten-ideje\/\" class=\"yoast-seo-meta-tag\" \/>\n<meta property=\"og:locale\" content=\"hu_HU\" class=\"yoast-seo-meta-tag\" \/>\n<meta property=\"og:type\" content=\"article\" class=\"yoast-seo-meta-tag\" \/>\n<meta property=\"og:title\" content=\"Guly\u00e1s: ler\u00f6vid\u00fcl a karant\u00e9n ideje\" class=\"yoast-seo-meta-tag\" \/>\n<meta property=\"og:description\" content=\"Ler\u00f6vid\u00edti a korm\u00e1ny a koronav\u00edrus miatti karant\u00e9nk\u00f6telezetts\u00e9g idej\u00e9t \u2013 jelentette be Guly\u00e1s Gergely a janu\u00e1r 13-ai Korm\u00e1nyinf\u00f3n. A Minisztereln\u00f6ks\u00e9get vezet\u0151 miniszter kifejtette, hogy feln\u0151ttekn\u00e9l h\u00e9t nap lesz a karant\u00e9n, \u00f6t nap ut\u00e1n, t\u00fcnetmentess\u00e9g eset\u00e9n, negat\u00edv koronav\u00edrus-teszttel ugyanakkor \u201elehet szabadulni\u201d. Elmondta, hogy az iskol\u00e1kn\u00e1l a fels\u0151 tagozatn\u00e1l m\u00e1r bev\u00e1lt gyakorlatot kiterjesztik az als\u00f3 tagozatra is, mivel\" class=\"yoast-seo-meta-tag\" \/>\n<meta property=\"og:url\" content=\"https:\/\/dorogimedence.hu\/index.php\/2022\/01\/13\/gulyas-lerovidul-a-karanten-ideje\/\" class=\"yoast-seo-meta-tag\" \/>\n<meta property=\"og:site_name\" content=\"Dorogi-medence Region\u00e1lis H\u00edrport\u00e1l\" class=\"yoast-seo-meta-tag\" \/>\n<meta property=\"article:publisher\" content=\"https:\/\/www.facebook.com\/dorogimedence\/\" class=\"yoast-seo-meta-tag\" \/>\n<meta property=\"article:published_time\" content=\"2022-01-13T13:08:22+00:00\" class=\"yoast-seo-meta-tag\" \/>\n<meta property=\"article:modified_time\" content=\"2022-01-13T13:41:54+00:00\" class=\"yoast-seo-meta-tag\" \/>\n<meta property=\"og:image\" content=\"https:\/\/i0.wp.com\/dorogimedence.hu\/wp-content\/uploads\/2022\/01\/gulyas-gergely-02-Koszticsak-Szilard.jpg?fit=1920%2C1280&ssl=1\" class=\"yoast-seo-meta-tag\" \/>\n\t<meta property=\"og:image:width\" content=\"1920\" class=\"yoast-seo-meta-tag\" \/>\n\t<meta property=\"og:image:height\" content=\"1280\" class=\"yoast-seo-meta-tag\" \/>\n\t<meta property=\"og:image:type\" content=\"image\/jpeg\" class=\"yoast-seo-meta-tag\" \/>\n<meta name=\"author\" content=\"dorogimedence.hu\" class=\"yoast-seo-meta-tag\" \/>\n<meta name=\"twitter:card\" content=\"summary_large_image\" class=\"yoast-seo-meta-tag\" \/>\n<meta name=\"twitter:label1\" content=\"Szerz\u0151:\" class=\"yoast-seo-meta-tag\" \/>\n\t<meta name=\"twitter:data1\" content=\"dorogimedence.hu\" class=\"yoast-seo-meta-tag\" \/>\n\t<meta name=\"twitter:label2\" content=\"Becs\u00fclt olvas\u00e1si id\u0151\" class=\"yoast-seo-meta-tag\" \/>\n\t<meta name=\"twitter:data2\" content=\"4 perc\" class=\"yoast-seo-meta-tag\" \/>\n<script type=\"application\/ld+json\" class=\"yoast-schema-graph\">{\"@context\":\"https:\\\/\\\/schema.org\",\"@graph\":[{\"@type\":\"Article\",\"@id\":\"https:\\\/\\\/dorogimedence.hu\\\/index.php\\\/2022\\\/01\\\/13\\\/gulyas-lerovidul-a-karanten-ideje\\\/#article\",\"isPartOf\":{\"@id\":\"https:\\\/\\\/dorogimedence.hu\\\/index.php\\\/2022\\\/01\\\/13\\\/gulyas-lerovidul-a-karanten-ideje\\\/\"},\"author\":{\"name\":\"dorogimedence.hu\",\"@id\":\"https:\\\/\\\/dorogimedence.hu\\\/#\\\/schema\\\/person\\\/ce6091eeb7e95ecdc87890d6aa8e0fd4\"},\"headline\":\"Guly\u00e1s: ler\u00f6vid\u00fcl a karant\u00e9n ideje\",\"datePublished\":\"2022-01-13T13:08:22+00:00\",\"dateModified\":\"2022-01-13T13:41:54+00:00\",\"mainEntityOfPage\":{\"@id\":\"https:\\\/\\\/dorogimedence.hu\\\/index.php\\\/2022\\\/01\\\/13\\\/gulyas-lerovidul-a-karanten-ideje\\\/\"},\"wordCount\":841,\"publisher\":{\"@id\":\"https:\\\/\\\/dorogimedence.hu\\\/#organization\"},\"keywords\":[\"korm\u00e1nyinf\u00f3\",\"koronav\u00edrus\"],\"articleSection\":[\"H\u00edrek\"],\"inLanguage\":\"hu\"},{\"@type\":\"WebPage\",\"@id\":\"https:\\\/\\\/dorogimedence.hu\\\/index.php\\\/2022\\\/01\\\/13\\\/gulyas-lerovidul-a-karanten-ideje\\\/\",\"url\":\"https:\\\/\\\/dorogimedence.hu\\\/index.php\\\/2022\\\/01\\\/13\\\/gulyas-lerovidul-a-karanten-ideje\\\/\",\"name\":\"Guly\u00e1s: ler\u00f6vid\u00fcl a karant\u00e9n ideje\",\"isPartOf\":{\"@id\":\"https:\\\/\\\/dorogimedence.hu\\\/#website\"},\"datePublished\":\"2022-01-13T13:08:22+00:00\",\"dateModified\":\"2022-01-13T13:41:54+00:00\",\"breadcrumb\":{\"@id\":\"https:\\\/\\\/dorogimedence.hu\\\/index.php\\\/2022\\\/01\\\/13\\\/gulyas-lerovidul-a-karanten-ideje\\\/#breadcrumb\"},\"inLanguage\":\"hu\",\"potentialAction\":[{\"@type\":\"ReadAction\",\"target\":[\"https:\\\/\\\/dorogimedence.hu\\\/index.php\\\/2022\\\/01\\\/13\\\/gulyas-lerovidul-a-karanten-ideje\\\/\"]}]},{\"@type\":\"BreadcrumbList\",\"@id\":\"https:\\\/\\\/dorogimedence.hu\\\/index.php\\\/2022\\\/01\\\/13\\\/gulyas-lerovidul-a-karanten-ideje\\\/#breadcrumb\",\"itemListElement\":[{\"@type\":\"ListItem\",\"position\":1,\"name\":\"Kezd\u0151lap\",\"item\":\"https:\\\/\\\/dorogimedence.hu\\\/\"},{\"@type\":\"ListItem\",\"position\":2,\"name\":\"Guly\u00e1s: ler\u00f6vid\u00fcl a karant\u00e9n ideje\"}]},{\"@type\":\"WebSite\",\"@id\":\"https:\\\/\\\/dorogimedence.hu\\\/#website\",\"url\":\"https:\\\/\\\/dorogimedence.hu\\\/\",\"name\":\"Dorogi-medence Region\u00e1lis H\u00edrport\u00e1l\",\"description\":\"Dorog, Keszt\u00f6lc, Le\u00e1nyv\u00e1r, Piliscs\u00e9v, Tokod, Tokodalt\u00e1r\u00f3, Csolnok, Esztergom-kertv\u00e1ros: h\u00edrek, programok\",\"publisher\":{\"@id\":\"https:\\\/\\\/dorogimedence.hu\\\/#organization\"},\"potentialAction\":[{\"@type\":\"SearchAction\",\"target\":{\"@type\":\"EntryPoint\",\"urlTemplate\":\"https:\\\/\\\/dorogimedence.hu\\\/?s={search_term_string}\"},\"query-input\":{\"@type\":\"PropertyValueSpecification\",\"valueRequired\":true,\"valueName\":\"search_term_string\"}}],\"inLanguage\":\"hu\"},{\"@type\":\"Organization\",\"@id\":\"https:\\\/\\\/dorogimedence.hu\\\/#organization\",\"name\":\"Dorogi-medence Region\u00e1lis H\u00edrport\u00e1l\",\"url\":\"https:\\\/\\\/dorogimedence.hu\\\/\",\"logo\":{\"@type\":\"ImageObject\",\"inLanguage\":\"hu\",\"@id\":\"https:\\\/\\\/dorogimedence.hu\\\/#\\\/schema\\\/logo\\\/image\\\/\",\"url\":\"https:\\\/\\\/dorogimedence.hu\\\/wp-content\\\/uploads\\\/2021\\\/04\\\/logo-feher-600.png\",\"contentUrl\":\"https:\\\/\\\/dorogimedence.hu\\\/wp-content\\\/uploads\\\/2021\\\/04\\\/logo-feher-600.png\",\"width\":600,\"height\":100,\"caption\":\"Dorogi-medence Region\u00e1lis H\u00edrport\u00e1l\"},\"image\":{\"@id\":\"https:\\\/\\\/dorogimedence.hu\\\/#\\\/schema\\\/logo\\\/image\\\/\"},\"sameAs\":[\"https:\\\/\\\/www.facebook.com\\\/dorogimedence\\\/\"]},{\"@type\":\"Person\",\"@id\":\"https:\\\/\\\/dorogimedence.hu\\\/#\\\/schema\\\/person\\\/ce6091eeb7e95ecdc87890d6aa8e0fd4\",\"name\":\"dorogimedence.hu\",\"image\":{\"@type\":\"ImageObject\",\"inLanguage\":\"hu\",\"@id\":\"\\\/\\\/www.gravatar.com\\\/avatar\\\/d8d45f8901aadff40a4af72c0b826f1d?s=96&#038;r=g&#038;d=mm\",\"url\":\"\\\/\\\/www.gravatar.com\\\/avatar\\\/d8d45f8901aadff40a4af72c0b826f1d?s=96&#038;r=g&#038;d=mm\",\"contentUrl\":\"\\\/\\\/www.gravatar.com\\\/avatar\\\/d8d45f8901aadff40a4af72c0b826f1d?s=96&#038;r=g&#038;d=mm\",\"caption\":\"dorogimedence.hu\"}}]}<\/script>\n<!-- \/ Yoast SEO plugin. -->","yoast_head_json":{"title":"Guly\u00e1s: ler\u00f6vid\u00fcl a karant\u00e9n ideje","robots":{"index":"index","follow":"follow","max-snippet":"max-snippet:-1","max-image-preview":"max-image-preview:large","max-video-preview":"max-video-preview:-1"},"canonical":"https:\/\/dorogimedence.hu\/index.php\/2022\/01\/13\/gulyas-lerovidul-a-karanten-ideje\/","og_locale":"hu_HU","og_type":"article","og_title":"Guly\u00e1s: ler\u00f6vid\u00fcl a karant\u00e9n ideje","og_description":"Ler\u00f6vid\u00edti a korm\u00e1ny a koronav\u00edrus miatti karant\u00e9nk\u00f6telezetts\u00e9g idej\u00e9t \u2013 jelentette be Guly\u00e1s Gergely a janu\u00e1r 13-ai Korm\u00e1nyinf\u00f3n. A Minisztereln\u00f6ks\u00e9get vezet\u0151 miniszter kifejtette, hogy feln\u0151ttekn\u00e9l h\u00e9t nap lesz a karant\u00e9n, \u00f6t nap ut\u00e1n, t\u00fcnetmentess\u00e9g eset\u00e9n, negat\u00edv koronav\u00edrus-teszttel ugyanakkor \u201elehet szabadulni\u201d. Elmondta, hogy az iskol\u00e1kn\u00e1l a fels\u0151 tagozatn\u00e1l m\u00e1r bev\u00e1lt gyakorlatot kiterjesztik az als\u00f3 tagozatra is, mivel","og_url":"https:\/\/dorogimedence.hu\/index.php\/2022\/01\/13\/gulyas-lerovidul-a-karanten-ideje\/","og_site_name":"Dorogi-medence Region\u00e1lis H\u00edrport\u00e1l","article_publisher":"https:\/\/www.facebook.com\/dorogimedence\/","article_published_time":"2022-01-13T13:08:22+00:00","article_modified_time":"2022-01-13T13:41:54+00:00","og_image":[{"width":1920,"height":1280,"url":"https:\/\/i0.wp.com\/dorogimedence.hu\/wp-content\/uploads\/2022\/01\/gulyas-gergely-02-Koszticsak-Szilard.jpg?fit=1920%2C1280&ssl=1","type":"image\/jpeg"}],"author":"dorogimedence.hu","twitter_card":"summary_large_image","twitter_misc":{"Szerz\u0151:":"dorogimedence.hu","Becs\u00fclt olvas\u00e1si id\u0151":"4 perc"},"schema":{"@context":"https:\/\/schema.org","@graph":[{"@type":"Article","@id":"https:\/\/dorogimedence.hu\/index.php\/2022\/01\/13\/gulyas-lerovidul-a-karanten-ideje\/#article","isPartOf":{"@id":"https:\/\/dorogimedence.hu\/index.php\/2022\/01\/13\/gulyas-lerovidul-a-karanten-ideje\/"},"author":{"name":"dorogimedence.hu","@id":"https:\/\/dorogimedence.hu\/#\/schema\/person\/ce6091eeb7e95ecdc87890d6aa8e0fd4"},"headline":"Guly\u00e1s: ler\u00f6vid\u00fcl a karant\u00e9n ideje","datePublished":"2022-01-13T13:08:22+00:00","dateModified":"2022-01-13T13:41:54+00:00","mainEntityOfPage":{"@id":"https:\/\/dorogimedence.hu\/index.php\/2022\/01\/13\/gulyas-lerovidul-a-karanten-ideje\/"},"wordCount":841,"publisher":{"@id":"https:\/\/dorogimedence.hu\/#organization"},"keywords":["korm\u00e1nyinf\u00f3","koronav\u00edrus"],"articleSection":["H\u00edrek"],"inLanguage":"hu"},{"@type":"WebPage","@id":"https:\/\/dorogimedence.hu\/index.php\/2022\/01\/13\/gulyas-lerovidul-a-karanten-ideje\/","url":"https:\/\/dorogimedence.hu\/index.php\/2022\/01\/13\/gulyas-lerovidul-a-karanten-ideje\/","name":"Guly\u00e1s: ler\u00f6vid\u00fcl a karant\u00e9n ideje","isPartOf":{"@id":"https:\/\/dorogimedence.hu\/#website"},"datePublished":"2022-01-13T13:08:22+00:00","dateModified":"2022-01-13T13:41:54+00:00","breadcrumb":{"@id":"https:\/\/dorogimedence.hu\/index.php\/2022\/01\/13\/gulyas-lerovidul-a-karanten-ideje\/#breadcrumb"},"inLanguage":"hu","potentialAction":[{"@type":"ReadAction","target":["https:\/\/dorogimedence.hu\/index.php\/2022\/01\/13\/gulyas-lerovidul-a-karanten-ideje\/"]}]},{"@type":"BreadcrumbList","@id":"https:\/\/dorogimedence.hu\/index.php\/2022\/01\/13\/gulyas-lerovidul-a-karanten-ideje\/#breadcrumb","itemListElement":[{"@type":"ListItem","position":1,"name":"Kezd\u0151lap","item":"https:\/\/dorogimedence.hu\/"},{"@type":"ListItem","position":2,"name":"Guly\u00e1s: ler\u00f6vid\u00fcl a karant\u00e9n ideje"}]},{"@type":"WebSite","@id":"https:\/\/dorogimedence.hu\/#website","url":"https:\/\/dorogimedence.hu\/","name":"Dorogi-medence Region\u00e1lis H\u00edrport\u00e1l","description":"Dorog, Keszt\u00f6lc, Le\u00e1nyv\u00e1r, Piliscs\u00e9v, Tokod, Tokodalt\u00e1r\u00f3, Csolnok, Esztergom-kertv\u00e1ros: h\u00edrek, programok","publisher":{"@id":"https:\/\/dorogimedence.hu\/#organization"},"potentialAction":[{"@type":"SearchAction","target":{"@type":"EntryPoint","urlTemplate":"https:\/\/dorogimedence.hu\/?s={search_term_string}"},"query-input":{"@type":"PropertyValueSpecification","valueRequired":true,"valueName":"search_term_string"}}],"inLanguage":"hu"},{"@type":"Organization","@id":"https:\/\/dorogimedence.hu\/#organization","name":"Dorogi-medence Region\u00e1lis H\u00edrport\u00e1l","url":"https:\/\/dorogimedence.hu\/","logo":{"@type":"ImageObject","inLanguage":"hu","@id":"https:\/\/dorogimedence.hu\/#\/schema\/logo\/image\/","url":"https:\/\/dorogimedence.hu\/wp-content\/uploads\/2021\/04\/logo-feher-600.png","contentUrl":"https:\/\/dorogimedence.hu\/wp-content\/uploads\/2021\/04\/logo-feher-600.png","width":600,"height":100,"caption":"Dorogi-medence Region\u00e1lis H\u00edrport\u00e1l"},"image":{"@id":"https:\/\/dorogimedence.hu\/#\/schema\/logo\/image\/"},"sameAs":["https:\/\/www.facebook.com\/dorogimedence\/"]},{"@type":"Person","@id":"https:\/\/dorogimedence.hu\/#\/schema\/person\/ce6091eeb7e95ecdc87890d6aa8e0fd4","name":"dorogimedence.hu","image":{"@type":"ImageObject","inLanguage":"hu","@id":"\/\/www.gravatar.com\/avatar\/d8d45f8901aadff40a4af72c0b826f1d?s=96&#038;r=g&#038;d=mm","url":"\/\/www.gravatar.com\/avatar\/d8d45f8901aadff40a4af72c0b826f1d?s=96&#038;r=g&#038;d=mm","contentUrl":"\/\/www.gravatar.com\/avatar\/d8d45f8901aadff40a4af72c0b826f1d?s=96&#038;r=g&#038;d=mm","caption":"dorogimedence.hu"}}]}},"_links":{"self":[{"href":"https:\/\/dorogimedence.hu\/index.php\/wp-json\/wp\/v2\/posts\/39764","targetHints":{"allow":["GET"]}}],"collection":[{"href":"https:\/\/dorogimedence.hu\/index.php\/wp-json\/wp\/v2\/posts"}],"about":[{"href":"https:\/\/dorogimedence.hu\/index.php\/wp-json\/wp\/v2\/types\/post"}],"author":[{"embeddable":true,"href":"https:\/\/dorogimedence.hu\/index.php\/wp-json\/wp\/v2\/users\/1"}],"replies":[{"embeddable":true,"href":"https:\/\/dorogimedence.hu\/index.php\/wp-json\/wp\/v2\/comments?post=39764"}],"version-history":[{"count":0,"href":"https:\/\/dorogimedence.hu\/index.php\/wp-json\/wp\/v2\/posts\/39764\/revisions"}],"wp:attachment":[{"href":"https:\/\/dorogimedence.hu\/index.php\/wp-json\/wp\/v2\/media?parent=39764"}],"wp:term":[{"taxonomy":"category","embeddable":true,"href":"https:\/\/dorogimedence.hu\/index.php\/wp-json\/wp\/v2\/categories?post=39764"},{"taxonomy":"post_tag","embeddable":true,"href":"https:\/\/dorogimedence.hu\/index.php\/wp-json\/wp\/v2\/tags?post=39764"}],"curies":[{"name":"wp","href":"https:\/\/api.w.org\/{rel}","templated":true}]}}