{"id":3967,"date":"2017-06-23T08:18:55","date_gmt":"2017-06-23T06:18:55","guid":{"rendered":"http:\/\/dorogimedence.hu\/?p=3967"},"modified":"2017-06-23T08:18:55","modified_gmt":"2017-06-23T06:18:55","slug":"rendszeresen-lopott-a-lakatlan-ingatlanbol","status":"publish","type":"post","link":"https:\/\/dorogimedence.hu\/index.php\/2017\/06\/23\/rendszeresen-lopott-a-lakatlan-ingatlanbol\/","title":{"rendered":"Rendszeresen lopott a lakatlan ingatlanb\u00f3l"},"content":{"rendered":"<p><strong>Az esztergomi rend\u0151r\u00f6k elfogt\u00e1k azt a helyi lakost, aki k\u00fcl\u00f6nb\u00f6z\u0151 r\u00e9z \u00e9s alum\u00ednium t\u00e1rgyakat \u00e9s kerti g\u00e9pet lopott egy lakatlan ingatlanb\u00f3l.<\/strong><\/p>\n<p>Az Esztergomi Rend\u0151rkapit\u00e1nys\u00e1g lop\u00e1s b\u0171ntett elk\u00f6vet\u00e9s\u00e9nek megalapozott gyan\u00faja miatt folytat b\u00fcntet\u0151elj\u00e1r\u00e1st egy 33 \u00e9ves helyi lakos ellen.<\/p>\n<p>A gyan\u00fas\u00edtott j\u00fanius h\u00f3nap k\u00f6zep\u00e9n t\u00f6bb alkalommal is Esztergomban, ugyanabb\u00f3l a lakatlan \u00e9p\u00fcletb\u0151l k\u00fcl\u00f6nb\u00f6z\u0151 r\u00e9z \u00e9s alum\u00ednium t\u00e1rgyakat \u00e9s kerti g\u00e9pet tulajdon\u00edtott el. A 33 \u00e9ves elk\u00f6vet\u0151 a zs\u00e1km\u00e1ny egy r\u00e9sz\u00e9t k\u00e9s\u0151bb \u00e9rt\u00e9kes\u00edtette. A rend\u0151r\u00f6k 2017. j\u00fanius 22-\u00e9n 10 \u00f3ra 10 perckor a f\u00e9rfit Esztergomban elfogt\u00e1k. A nyomoz\u00f3k a h\u00e1zkutat\u00e1s sor\u00e1n a lakatlan ingatlanb\u00f3l sz\u00e1rmaz\u00f3 dolgokat foglaltak le. F. Ferencet a rend\u0151rkapit\u00e1nys\u00e1gra el\u0151\u00e1ll\u00edtott\u00e1k, ahol gyan\u00fas\u00edtottk\u00e9nt hallgatt\u00e1k ki. A f\u00e9rfi a b\u0171ncselekm\u00e9ny elk\u00f6vet\u00e9s\u00e9t beismerte.<\/p>\n<p><img fetchpriority=\"high\" decoding=\"async\" class=\"alignnone size-full wp-image-3968\" src=\"https:\/\/dorogimedence.hu\/wp-content\/uploads\/2017\/06\/lopas-egom-02.jpg\" alt=\"\" width=\"670\" height=\"500\" srcset=\"https:\/\/dorogimedence.hu\/wp-content\/uploads\/2017\/06\/lopas-egom-02.jpg 670w, https:\/\/dorogimedence.hu\/wp-content\/uploads\/2017\/06\/lopas-egom-02-300x224.jpg 300w\" sizes=\"(max-width: 670px) 100vw, 670px\" \/><\/p>\n<p><em>Fot\u00f3k, forr\u00e1s: police.hu<\/em><\/p>\n","protected":false},"excerpt":{"rendered":"<p>Az esztergomi rend\u0151r\u00f6k elfogt\u00e1k azt a helyi lakost, aki k\u00fcl\u00f6nb\u00f6z\u0151 r\u00e9z \u00e9s alum\u00ednium t\u00e1rgyakat \u00e9s kerti g\u00e9pet lopott egy lakatlan ingatlanb\u00f3l. Az Esztergomi Rend\u0151rkapit\u00e1nys\u00e1g lop\u00e1s b\u0171ntett elk\u00f6vet\u00e9s\u00e9nek megalapozott gyan\u00faja miatt folytat b\u00fcntet\u0151elj\u00e1r\u00e1st egy 33 \u00e9ves helyi lakos ellen. A gyan\u00fas\u00edtott j\u00fanius h\u00f3nap k\u00f6zep\u00e9n t\u00f6bb alkalommal is Esztergomban, ugyanabb\u00f3l a lakatlan \u00e9p\u00fcletb\u0151l k\u00fcl\u00f6nb\u00f6z\u0151 r\u00e9z \u00e9s alum\u00ednium<\/p>\n","protected":false},"author":1,"featured_media":3969,"comment_status":"closed","ping_status":"closed","sticky":false,"template":"","format":"standard","meta":{"ngg_post_thumbnail":0,"footnotes":""},"categories":[38,3,39],"tags":[63,42,447,61],"class_list":{"0":"post-3967","1":"post","2":"type-post","3":"status-publish","4":"format-standard","5":"has-post-thumbnail","7":"category-esztergom","8":"category-hirek","9":"category-kek-hirek","10":"tag-buncselekmeny","11":"tag-esztergom","12":"tag-lopas","13":"tag-rendorsegi-hirek"},"yoast_head":"<!-- This site is optimized with the Yoast SEO plugin v27.5 - https:\/\/yoast.com\/product\/yoast-seo-wordpress\/ -->\n<title>Rendszeresen lopott a lakatlan ingatlanb\u00f3l<\/title>\n<meta name=\"robots\" content=\"index, follow, max-snippet:-1, max-image-preview:large, max-video-preview:-1\" \/>\n<link rel=\"canonical\" href=\"https:\/\/dorogimedence.hu\/index.php\/2017\/06\/23\/rendszeresen-lopott-a-lakatlan-ingatlanbol\/\" class=\"yoast-seo-meta-tag\" \/>\n<meta property=\"og:locale\" content=\"hu_HU\" class=\"yoast-seo-meta-tag\" \/>\n<meta property=\"og:type\" content=\"article\" class=\"yoast-seo-meta-tag\" \/>\n<meta property=\"og:title\" content=\"Rendszeresen lopott a lakatlan ingatlanb\u00f3l\" class=\"yoast-seo-meta-tag\" \/>\n<meta property=\"og:description\" content=\"Az esztergomi rend\u0151r\u00f6k elfogt\u00e1k azt a helyi lakost, aki k\u00fcl\u00f6nb\u00f6z\u0151 r\u00e9z \u00e9s alum\u00ednium t\u00e1rgyakat \u00e9s kerti g\u00e9pet lopott egy lakatlan ingatlanb\u00f3l. Az Esztergomi Rend\u0151rkapit\u00e1nys\u00e1g lop\u00e1s b\u0171ntett elk\u00f6vet\u00e9s\u00e9nek megalapozott gyan\u00faja miatt folytat b\u00fcntet\u0151elj\u00e1r\u00e1st egy 33 \u00e9ves helyi lakos ellen. A gyan\u00fas\u00edtott j\u00fanius h\u00f3nap k\u00f6zep\u00e9n t\u00f6bb alkalommal is Esztergomban, ugyanabb\u00f3l a lakatlan \u00e9p\u00fcletb\u0151l k\u00fcl\u00f6nb\u00f6z\u0151 r\u00e9z \u00e9s alum\u00ednium\" class=\"yoast-seo-meta-tag\" \/>\n<meta property=\"og:url\" content=\"https:\/\/dorogimedence.hu\/index.php\/2017\/06\/23\/rendszeresen-lopott-a-lakatlan-ingatlanbol\/\" class=\"yoast-seo-meta-tag\" \/>\n<meta property=\"og:site_name\" content=\"Dorogi-medence Region\u00e1lis H\u00edrport\u00e1l\" class=\"yoast-seo-meta-tag\" \/>\n<meta property=\"article:publisher\" content=\"https:\/\/www.facebook.com\/dorogimedence\/\" class=\"yoast-seo-meta-tag\" \/>\n<meta property=\"article:published_time\" content=\"2017-06-23T06:18:55+00:00\" class=\"yoast-seo-meta-tag\" \/>\n<meta property=\"og:image\" content=\"https:\/\/i0.wp.com\/dorogimedence.hu\/wp-content\/uploads\/2017\/06\/lopas-egom-01.jpg?fit=670%2C365&ssl=1\" class=\"yoast-seo-meta-tag\" \/>\n\t<meta property=\"og:image:width\" content=\"670\" class=\"yoast-seo-meta-tag\" \/>\n\t<meta property=\"og:image:height\" content=\"365\" class=\"yoast-seo-meta-tag\" \/>\n\t<meta property=\"og:image:type\" content=\"image\/jpeg\" class=\"yoast-seo-meta-tag\" \/>\n<meta name=\"author\" content=\"dorogimedence.hu\" class=\"yoast-seo-meta-tag\" \/>\n<meta name=\"twitter:card\" content=\"summary_large_image\" class=\"yoast-seo-meta-tag\" \/>\n<meta name=\"twitter:label1\" content=\"Szerz\u0151:\" class=\"yoast-seo-meta-tag\" \/>\n\t<meta name=\"twitter:data1\" content=\"dorogimedence.hu\" class=\"yoast-seo-meta-tag\" \/>\n\t<meta name=\"twitter:label2\" content=\"Becs\u00fclt olvas\u00e1si id\u0151\" class=\"yoast-seo-meta-tag\" \/>\n\t<meta name=\"twitter:data2\" content=\"1 perc\" class=\"yoast-seo-meta-tag\" \/>\n<script type=\"application\/ld+json\" class=\"yoast-schema-graph\">{\"@context\":\"https:\\\/\\\/schema.org\",\"@graph\":[{\"@type\":\"Article\",\"@id\":\"https:\\\/\\\/dorogimedence.hu\\\/index.php\\\/2017\\\/06\\\/23\\\/rendszeresen-lopott-a-lakatlan-ingatlanbol\\\/#article\",\"isPartOf\":{\"@id\":\"https:\\\/\\\/dorogimedence.hu\\\/index.php\\\/2017\\\/06\\\/23\\\/rendszeresen-lopott-a-lakatlan-ingatlanbol\\\/\"},\"author\":{\"name\":\"dorogimedence.hu\",\"@id\":\"https:\\\/\\\/dorogimedence.hu\\\/#\\\/schema\\\/person\\\/ce6091eeb7e95ecdc87890d6aa8e0fd4\"},\"headline\":\"Rendszeresen lopott a lakatlan ingatlanb\u00f3l\",\"datePublished\":\"2017-06-23T06:18:55+00:00\",\"mainEntityOfPage\":{\"@id\":\"https:\\\/\\\/dorogimedence.hu\\\/index.php\\\/2017\\\/06\\\/23\\\/rendszeresen-lopott-a-lakatlan-ingatlanbol\\\/\"},\"wordCount\":197,\"publisher\":{\"@id\":\"https:\\\/\\\/dorogimedence.hu\\\/#organization\"},\"image\":{\"@id\":\"https:\\\/\\\/dorogimedence.hu\\\/index.php\\\/2017\\\/06\\\/23\\\/rendszeresen-lopott-a-lakatlan-ingatlanbol\\\/#primaryimage\"},\"thumbnailUrl\":\"https:\\\/\\\/dorogimedence.hu\\\/wp-content\\\/uploads\\\/2017\\\/06\\\/lopas-egom-01.jpg\",\"keywords\":[\"b\u0171ncselekm\u00e9ny\",\"esztergom\",\"lop\u00e1s\",\"rend\u0151rs\u00e9gi h\u00edrek\"],\"articleSection\":[\"Esztergom\",\"H\u00edrek\",\"K\u00e9k h\u00edrek\"],\"inLanguage\":\"hu\"},{\"@type\":\"WebPage\",\"@id\":\"https:\\\/\\\/dorogimedence.hu\\\/index.php\\\/2017\\\/06\\\/23\\\/rendszeresen-lopott-a-lakatlan-ingatlanbol\\\/\",\"url\":\"https:\\\/\\\/dorogimedence.hu\\\/index.php\\\/2017\\\/06\\\/23\\\/rendszeresen-lopott-a-lakatlan-ingatlanbol\\\/\",\"name\":\"Rendszeresen lopott a lakatlan ingatlanb\u00f3l\",\"isPartOf\":{\"@id\":\"https:\\\/\\\/dorogimedence.hu\\\/#website\"},\"primaryImageOfPage\":{\"@id\":\"https:\\\/\\\/dorogimedence.hu\\\/index.php\\\/2017\\\/06\\\/23\\\/rendszeresen-lopott-a-lakatlan-ingatlanbol\\\/#primaryimage\"},\"image\":{\"@id\":\"https:\\\/\\\/dorogimedence.hu\\\/index.php\\\/2017\\\/06\\\/23\\\/rendszeresen-lopott-a-lakatlan-ingatlanbol\\\/#primaryimage\"},\"thumbnailUrl\":\"https:\\\/\\\/dorogimedence.hu\\\/wp-content\\\/uploads\\\/2017\\\/06\\\/lopas-egom-01.jpg\",\"datePublished\":\"2017-06-23T06:18:55+00:00\",\"breadcrumb\":{\"@id\":\"https:\\\/\\\/dorogimedence.hu\\\/index.php\\\/2017\\\/06\\\/23\\\/rendszeresen-lopott-a-lakatlan-ingatlanbol\\\/#breadcrumb\"},\"inLanguage\":\"hu\",\"potentialAction\":[{\"@type\":\"ReadAction\",\"target\":[\"https:\\\/\\\/dorogimedence.hu\\\/index.php\\\/2017\\\/06\\\/23\\\/rendszeresen-lopott-a-lakatlan-ingatlanbol\\\/\"]}]},{\"@type\":\"ImageObject\",\"inLanguage\":\"hu\",\"@id\":\"https:\\\/\\\/dorogimedence.hu\\\/index.php\\\/2017\\\/06\\\/23\\\/rendszeresen-lopott-a-lakatlan-ingatlanbol\\\/#primaryimage\",\"url\":\"https:\\\/\\\/dorogimedence.hu\\\/wp-content\\\/uploads\\\/2017\\\/06\\\/lopas-egom-01.jpg\",\"contentUrl\":\"https:\\\/\\\/dorogimedence.hu\\\/wp-content\\\/uploads\\\/2017\\\/06\\\/lopas-egom-01.jpg\",\"width\":670,\"height\":365},{\"@type\":\"BreadcrumbList\",\"@id\":\"https:\\\/\\\/dorogimedence.hu\\\/index.php\\\/2017\\\/06\\\/23\\\/rendszeresen-lopott-a-lakatlan-ingatlanbol\\\/#breadcrumb\",\"itemListElement\":[{\"@type\":\"ListItem\",\"position\":1,\"name\":\"Kezd\u0151lap\",\"item\":\"https:\\\/\\\/dorogimedence.hu\\\/\"},{\"@type\":\"ListItem\",\"position\":2,\"name\":\"Rendszeresen lopott a lakatlan ingatlanb\u00f3l\"}]},{\"@type\":\"WebSite\",\"@id\":\"https:\\\/\\\/dorogimedence.hu\\\/#website\",\"url\":\"https:\\\/\\\/dorogimedence.hu\\\/\",\"name\":\"Dorogi-medence Region\u00e1lis H\u00edrport\u00e1l\",\"description\":\"Dorog, Keszt\u00f6lc, Le\u00e1nyv\u00e1r, Piliscs\u00e9v, Tokod, Tokodalt\u00e1r\u00f3, Csolnok, Esztergom-kertv\u00e1ros: h\u00edrek, programok\",\"publisher\":{\"@id\":\"https:\\\/\\\/dorogimedence.hu\\\/#organization\"},\"potentialAction\":[{\"@type\":\"SearchAction\",\"target\":{\"@type\":\"EntryPoint\",\"urlTemplate\":\"https:\\\/\\\/dorogimedence.hu\\\/?s={search_term_string}\"},\"query-input\":{\"@type\":\"PropertyValueSpecification\",\"valueRequired\":true,\"valueName\":\"search_term_string\"}}],\"inLanguage\":\"hu\"},{\"@type\":\"Organization\",\"@id\":\"https:\\\/\\\/dorogimedence.hu\\\/#organization\",\"name\":\"Dorogi-medence Region\u00e1lis H\u00edrport\u00e1l\",\"url\":\"https:\\\/\\\/dorogimedence.hu\\\/\",\"logo\":{\"@type\":\"ImageObject\",\"inLanguage\":\"hu\",\"@id\":\"https:\\\/\\\/dorogimedence.hu\\\/#\\\/schema\\\/logo\\\/image\\\/\",\"url\":\"https:\\\/\\\/dorogimedence.hu\\\/wp-content\\\/uploads\\\/2021\\\/04\\\/logo-feher-600.png\",\"contentUrl\":\"https:\\\/\\\/dorogimedence.hu\\\/wp-content\\\/uploads\\\/2021\\\/04\\\/logo-feher-600.png\",\"width\":600,\"height\":100,\"caption\":\"Dorogi-medence Region\u00e1lis H\u00edrport\u00e1l\"},\"image\":{\"@id\":\"https:\\\/\\\/dorogimedence.hu\\\/#\\\/schema\\\/logo\\\/image\\\/\"},\"sameAs\":[\"https:\\\/\\\/www.facebook.com\\\/dorogimedence\\\/\"]},{\"@type\":\"Person\",\"@id\":\"https:\\\/\\\/dorogimedence.hu\\\/#\\\/schema\\\/person\\\/ce6091eeb7e95ecdc87890d6aa8e0fd4\",\"name\":\"dorogimedence.hu\",\"image\":{\"@type\":\"ImageObject\",\"inLanguage\":\"hu\",\"@id\":\"\\\/\\\/www.gravatar.com\\\/avatar\\\/d8d45f8901aadff40a4af72c0b826f1d?s=96&#038;r=g&#038;d=mm\",\"url\":\"\\\/\\\/www.gravatar.com\\\/avatar\\\/d8d45f8901aadff40a4af72c0b826f1d?s=96&#038;r=g&#038;d=mm\",\"contentUrl\":\"\\\/\\\/www.gravatar.com\\\/avatar\\\/d8d45f8901aadff40a4af72c0b826f1d?s=96&#038;r=g&#038;d=mm\",\"caption\":\"dorogimedence.hu\"}}]}<\/script>\n<!-- \/ Yoast SEO plugin. -->","yoast_head_json":{"title":"Rendszeresen lopott a lakatlan ingatlanb\u00f3l","robots":{"index":"index","follow":"follow","max-snippet":"max-snippet:-1","max-image-preview":"max-image-preview:large","max-video-preview":"max-video-preview:-1"},"canonical":"https:\/\/dorogimedence.hu\/index.php\/2017\/06\/23\/rendszeresen-lopott-a-lakatlan-ingatlanbol\/","og_locale":"hu_HU","og_type":"article","og_title":"Rendszeresen lopott a lakatlan ingatlanb\u00f3l","og_description":"Az esztergomi rend\u0151r\u00f6k elfogt\u00e1k azt a helyi lakost, aki k\u00fcl\u00f6nb\u00f6z\u0151 r\u00e9z \u00e9s alum\u00ednium t\u00e1rgyakat \u00e9s kerti g\u00e9pet lopott egy lakatlan ingatlanb\u00f3l. Az Esztergomi Rend\u0151rkapit\u00e1nys\u00e1g lop\u00e1s b\u0171ntett elk\u00f6vet\u00e9s\u00e9nek megalapozott gyan\u00faja miatt folytat b\u00fcntet\u0151elj\u00e1r\u00e1st egy 33 \u00e9ves helyi lakos ellen. A gyan\u00fas\u00edtott j\u00fanius h\u00f3nap k\u00f6zep\u00e9n t\u00f6bb alkalommal is Esztergomban, ugyanabb\u00f3l a lakatlan \u00e9p\u00fcletb\u0151l k\u00fcl\u00f6nb\u00f6z\u0151 r\u00e9z \u00e9s alum\u00ednium","og_url":"https:\/\/dorogimedence.hu\/index.php\/2017\/06\/23\/rendszeresen-lopott-a-lakatlan-ingatlanbol\/","og_site_name":"Dorogi-medence Region\u00e1lis H\u00edrport\u00e1l","article_publisher":"https:\/\/www.facebook.com\/dorogimedence\/","article_published_time":"2017-06-23T06:18:55+00:00","og_image":[{"width":670,"height":365,"url":"https:\/\/i0.wp.com\/dorogimedence.hu\/wp-content\/uploads\/2017\/06\/lopas-egom-01.jpg?fit=670%2C365&ssl=1","type":"image\/jpeg"}],"author":"dorogimedence.hu","twitter_card":"summary_large_image","twitter_misc":{"Szerz\u0151:":"dorogimedence.hu","Becs\u00fclt olvas\u00e1si id\u0151":"1 perc"},"schema":{"@context":"https:\/\/schema.org","@graph":[{"@type":"Article","@id":"https:\/\/dorogimedence.hu\/index.php\/2017\/06\/23\/rendszeresen-lopott-a-lakatlan-ingatlanbol\/#article","isPartOf":{"@id":"https:\/\/dorogimedence.hu\/index.php\/2017\/06\/23\/rendszeresen-lopott-a-lakatlan-ingatlanbol\/"},"author":{"name":"dorogimedence.hu","@id":"https:\/\/dorogimedence.hu\/#\/schema\/person\/ce6091eeb7e95ecdc87890d6aa8e0fd4"},"headline":"Rendszeresen lopott a lakatlan ingatlanb\u00f3l","datePublished":"2017-06-23T06:18:55+00:00","mainEntityOfPage":{"@id":"https:\/\/dorogimedence.hu\/index.php\/2017\/06\/23\/rendszeresen-lopott-a-lakatlan-ingatlanbol\/"},"wordCount":197,"publisher":{"@id":"https:\/\/dorogimedence.hu\/#organization"},"image":{"@id":"https:\/\/dorogimedence.hu\/index.php\/2017\/06\/23\/rendszeresen-lopott-a-lakatlan-ingatlanbol\/#primaryimage"},"thumbnailUrl":"https:\/\/dorogimedence.hu\/wp-content\/uploads\/2017\/06\/lopas-egom-01.jpg","keywords":["b\u0171ncselekm\u00e9ny","esztergom","lop\u00e1s","rend\u0151rs\u00e9gi h\u00edrek"],"articleSection":["Esztergom","H\u00edrek","K\u00e9k h\u00edrek"],"inLanguage":"hu"},{"@type":"WebPage","@id":"https:\/\/dorogimedence.hu\/index.php\/2017\/06\/23\/rendszeresen-lopott-a-lakatlan-ingatlanbol\/","url":"https:\/\/dorogimedence.hu\/index.php\/2017\/06\/23\/rendszeresen-lopott-a-lakatlan-ingatlanbol\/","name":"Rendszeresen lopott a lakatlan ingatlanb\u00f3l","isPartOf":{"@id":"https:\/\/dorogimedence.hu\/#website"},"primaryImageOfPage":{"@id":"https:\/\/dorogimedence.hu\/index.php\/2017\/06\/23\/rendszeresen-lopott-a-lakatlan-ingatlanbol\/#primaryimage"},"image":{"@id":"https:\/\/dorogimedence.hu\/index.php\/2017\/06\/23\/rendszeresen-lopott-a-lakatlan-ingatlanbol\/#primaryimage"},"thumbnailUrl":"https:\/\/dorogimedence.hu\/wp-content\/uploads\/2017\/06\/lopas-egom-01.jpg","datePublished":"2017-06-23T06:18:55+00:00","breadcrumb":{"@id":"https:\/\/dorogimedence.hu\/index.php\/2017\/06\/23\/rendszeresen-lopott-a-lakatlan-ingatlanbol\/#breadcrumb"},"inLanguage":"hu","potentialAction":[{"@type":"ReadAction","target":["https:\/\/dorogimedence.hu\/index.php\/2017\/06\/23\/rendszeresen-lopott-a-lakatlan-ingatlanbol\/"]}]},{"@type":"ImageObject","inLanguage":"hu","@id":"https:\/\/dorogimedence.hu\/index.php\/2017\/06\/23\/rendszeresen-lopott-a-lakatlan-ingatlanbol\/#primaryimage","url":"https:\/\/dorogimedence.hu\/wp-content\/uploads\/2017\/06\/lopas-egom-01.jpg","contentUrl":"https:\/\/dorogimedence.hu\/wp-content\/uploads\/2017\/06\/lopas-egom-01.jpg","width":670,"height":365},{"@type":"BreadcrumbList","@id":"https:\/\/dorogimedence.hu\/index.php\/2017\/06\/23\/rendszeresen-lopott-a-lakatlan-ingatlanbol\/#breadcrumb","itemListElement":[{"@type":"ListItem","position":1,"name":"Kezd\u0151lap","item":"https:\/\/dorogimedence.hu\/"},{"@type":"ListItem","position":2,"name":"Rendszeresen lopott a lakatlan ingatlanb\u00f3l"}]},{"@type":"WebSite","@id":"https:\/\/dorogimedence.hu\/#website","url":"https:\/\/dorogimedence.hu\/","name":"Dorogi-medence Region\u00e1lis H\u00edrport\u00e1l","description":"Dorog, Keszt\u00f6lc, Le\u00e1nyv\u00e1r, Piliscs\u00e9v, Tokod, Tokodalt\u00e1r\u00f3, Csolnok, Esztergom-kertv\u00e1ros: h\u00edrek, programok","publisher":{"@id":"https:\/\/dorogimedence.hu\/#organization"},"potentialAction":[{"@type":"SearchAction","target":{"@type":"EntryPoint","urlTemplate":"https:\/\/dorogimedence.hu\/?s={search_term_string}"},"query-input":{"@type":"PropertyValueSpecification","valueRequired":true,"valueName":"search_term_string"}}],"inLanguage":"hu"},{"@type":"Organization","@id":"https:\/\/dorogimedence.hu\/#organization","name":"Dorogi-medence Region\u00e1lis H\u00edrport\u00e1l","url":"https:\/\/dorogimedence.hu\/","logo":{"@type":"ImageObject","inLanguage":"hu","@id":"https:\/\/dorogimedence.hu\/#\/schema\/logo\/image\/","url":"https:\/\/dorogimedence.hu\/wp-content\/uploads\/2021\/04\/logo-feher-600.png","contentUrl":"https:\/\/dorogimedence.hu\/wp-content\/uploads\/2021\/04\/logo-feher-600.png","width":600,"height":100,"caption":"Dorogi-medence Region\u00e1lis H\u00edrport\u00e1l"},"image":{"@id":"https:\/\/dorogimedence.hu\/#\/schema\/logo\/image\/"},"sameAs":["https:\/\/www.facebook.com\/dorogimedence\/"]},{"@type":"Person","@id":"https:\/\/dorogimedence.hu\/#\/schema\/person\/ce6091eeb7e95ecdc87890d6aa8e0fd4","name":"dorogimedence.hu","image":{"@type":"ImageObject","inLanguage":"hu","@id":"\/\/www.gravatar.com\/avatar\/d8d45f8901aadff40a4af72c0b826f1d?s=96&#038;r=g&#038;d=mm","url":"\/\/www.gravatar.com\/avatar\/d8d45f8901aadff40a4af72c0b826f1d?s=96&#038;r=g&#038;d=mm","contentUrl":"\/\/www.gravatar.com\/avatar\/d8d45f8901aadff40a4af72c0b826f1d?s=96&#038;r=g&#038;d=mm","caption":"dorogimedence.hu"}}]}},"_links":{"self":[{"href":"https:\/\/dorogimedence.hu\/index.php\/wp-json\/wp\/v2\/posts\/3967","targetHints":{"allow":["GET"]}}],"collection":[{"href":"https:\/\/dorogimedence.hu\/index.php\/wp-json\/wp\/v2\/posts"}],"about":[{"href":"https:\/\/dorogimedence.hu\/index.php\/wp-json\/wp\/v2\/types\/post"}],"author":[{"embeddable":true,"href":"https:\/\/dorogimedence.hu\/index.php\/wp-json\/wp\/v2\/users\/1"}],"replies":[{"embeddable":true,"href":"https:\/\/dorogimedence.hu\/index.php\/wp-json\/wp\/v2\/comments?post=3967"}],"version-history":[{"count":0,"href":"https:\/\/dorogimedence.hu\/index.php\/wp-json\/wp\/v2\/posts\/3967\/revisions"}],"wp:featuredmedia":[{"embeddable":true,"href":"https:\/\/dorogimedence.hu\/index.php\/wp-json\/wp\/v2\/media\/3969"}],"wp:attachment":[{"href":"https:\/\/dorogimedence.hu\/index.php\/wp-json\/wp\/v2\/media?parent=3967"}],"wp:term":[{"taxonomy":"category","embeddable":true,"href":"https:\/\/dorogimedence.hu\/index.php\/wp-json\/wp\/v2\/categories?post=3967"},{"taxonomy":"post_tag","embeddable":true,"href":"https:\/\/dorogimedence.hu\/index.php\/wp-json\/wp\/v2\/tags?post=3967"}],"curies":[{"name":"wp","href":"https:\/\/api.w.org\/{rel}","templated":true}]}}