{"id":39649,"date":"2022-01-09T09:15:11","date_gmt":"2022-01-09T08:15:11","guid":{"rendered":"https:\/\/dorogimedence.hu\/?p=39649"},"modified":"2022-01-09T09:16:31","modified_gmt":"2022-01-09T08:16:31","slug":"ket-gollal-verte-meg-az-nb-i-es-gyirmotot-a-dorog","status":"publish","type":"post","link":"https:\/\/dorogimedence.hu\/index.php\/2022\/01\/09\/ket-gollal-verte-meg-az-nb-i-es-gyirmotot-a-dorog\/","title":{"rendered":"K\u00e9t g\u00f3llal verte meg az NB I-es Gyirm\u00f3tot a Dorog"},"content":{"rendered":"<p><strong>Elindultak a felk\u00e9sz\u00fcl\u00e9si m\u00e9rk\u0151z\u00e9sek \u00e9s mindj\u00e1rt a Dorog idegenben 2-0-\u00e1ra verte meg az NB I-ben szerepl\u0151 Gyirm\u00f3t FC Gy\u0151rt. Szint\u00e9n NB II-es csapatt\u00f3l kapott ki a ZTE FC, amelyet 4\u20132-re gy\u0151z\u00f6tt le a III. Ker\u00fcleti TVE. A Mez\u0151k\u00f6vesd 4\u20130-ra nyert az NB II-es Szentl\u0151rinc SE ellen.<\/strong><\/p>\n<p>A Gyirm\u00f3t m\u00e9rk\u0151z\u00e9s\u00e9n az els\u0151 f\u00e9lid\u0151 g\u00f3l n\u00e9lk\u00fcli d\u00f6ntetlennel z\u00e1rult, \u00e1m a m\u00e1sodikban <strong>Oldal Tibor <\/strong>\u00e9s<strong> V\u00edgh \u00c1d\u00e1m<\/strong> is betal\u00e1lt, \u00edgy a Gyirm\u00f3t 2\u20130-ra kikapott.<\/p>\n<p><strong>Gyirm\u00f3t FC Gy\u0151r:<\/strong> Rus\u00e1k, Szegi, Ene, Sz\u00e9les, Hajd\u00fa, Radics, Nagy, Vogyicska, Medgyes, Varga, Hasani.<\/p>\n<p><strong>Dorogi FC:<\/strong> Mursits, Keresztes, K\u00e1r\u00e1sz, Oldal, Szab\u00f3, R\u00e1cz, Izing, Pohner, Zabari, Girsik, L\u00e9n\u00e1rth.<\/p>\n<p><strong>P\u00e1ly\u00e1ra l\u00e9pett tov\u00e1bb\u00e1:<\/strong> Ny\u00edri, Papp, Hajd\u00fa, Bel\u00e1nyi, Dani, L\u0151rincz, Nagyh\u00e1zi, Csillag, P\u00e1link\u00e1s, V\u00edgh.<\/p>\n<p><strong>G\u00f3lszerz\u0151k:<\/strong> Oldal \u00e9s V\u00edgh.<\/p>\n<p><strong>Fenyvesi L\u00e1szl\u00f3 vezet\u0151edz\u0151 a m\u00e9rk\u0151z\u00e9s ut\u00e1n:<\/strong> \u201c8 edz\u00e9s \u00e9s a mai m\u00e9rk\u0151z\u00e9s szerepelt az els\u0151 heti felk\u00e9sz\u00fcl\u00e9si programban. Nincsenek k\u00f6nny\u0171 napok a j\u00e1t\u00e9kosok m\u00f6g\u00f6tt, de becs\u00fcletesen dolgozt\u00e1k v\u00e9gig a hetet. F\u00e1radtak voltak a l\u00e1bak, de siker\u00fclt egy szoros, j\u00f3 m\u00e9rk\u0151z\u00e9st j\u00e1tszani NB I-es ellenfel\u00fcnkkel. Sajnos voltak hi\u00e1nyz\u00f3ink, \u00edgy nem tudtunk a f\u00e9lid\u0151ben sort cser\u00e9lni, ahogy tervezt\u00fck volna. Holnap pihen\u0151 lesz mindenkinek, h\u00e9tf\u0151n k\u00e9t edz\u00e9ssel folytat\u00f3dik a felk\u00e9sz\u00fcl\u00e9s.\u201d<\/p>\n<p><strong><u>NB I-ES CSAPATOK FELK\u00c9SZ\u00dcL\u00c9SI M\u00c9RK\u0150Z\u00c9SEI:<\/u><\/strong><\/p>\n<p><strong>Gyirm\u00f3t FC Gy\u0151r\u2013Dorogi FC (NB II) 0\u20132<\/strong> (0\u20130)<br \/>\nGyirm\u00f3t, ALCUFER Stadion<\/p>\n<p><strong>Zalaegerszegi TE FC\u2013III. Ker\u00fcleti TVE (NB II) 2\u20134 <\/strong>(1\u20133)<br \/>\nZalaegerszeg, ZTE Ar\u00e9na<\/p>\n<p><strong>Mez\u0151k\u00f6vesd\u2013Szentl\u0151rinc (NB II) 4\u20130 <\/strong>(4\u20130)<br \/>\nBudafok<\/p>\n<p><strong>Pusk\u00e1s Akad\u00e9mia\u2013FC Bruges (belga) 0\u20131<\/strong> (0\u20131)<br \/>\nMarbella (Spanyolorsz\u00e1g)<\/p>\n<p><em>Forr\u00e1s: <a href=\"https:\/\/www.nemzetisport.hu\/labdarugo_nb_i\/felkeszules-nb-ii-es-csapattol-kapott-ki-a-gyirmot-es-a-zte-2869505\" target=\"_blank\" rel=\"noopener\"><span style=\"text-decoration: underline; color: #0000ff;\">nemzetisport.hu<\/span><\/a><\/em><em> \/ Dorogi FC Facebook oldala<br \/>\nBor\u00edt\u00f3k\u00e9p: Kisalf\u00f6ld\/Husz\u00e1r G\u00e1bor<\/em><\/p>\n","protected":false},"excerpt":{"rendered":"<p>Elindultak a felk\u00e9sz\u00fcl\u00e9si m\u00e9rk\u0151z\u00e9sek \u00e9s mindj\u00e1rt a Dorog idegenben 2-0-\u00e1ra verte meg az NB I-ben szerepl\u0151 Gyirm\u00f3t FC Gy\u0151rt. Szint\u00e9n NB II-es csapatt\u00f3l kapott ki a ZTE FC, amelyet 4\u20132-re gy\u0151z\u00f6tt le a III. Ker\u00fcleti TVE. A Mez\u0151k\u00f6vesd 4\u20130-ra nyert az NB II-es Szentl\u0151rinc SE ellen. A Gyirm\u00f3t m\u00e9rk\u0151z\u00e9s\u00e9n az els\u0151 f\u00e9lid\u0151 g\u00f3l n\u00e9lk\u00fcli d\u00f6ntetlennel<\/p>\n","protected":false},"author":1,"featured_media":0,"comment_status":"closed","ping_status":"closed","sticky":false,"template":"","format":"standard","meta":{"ngg_post_thumbnail":0,"footnotes":""},"categories":[2,3,5],"tags":[15,37,5624,70,69,3512,72,263,16],"class_list":{"0":"post-39649","1":"post","2":"type-post","3":"status-publish","4":"format-standard","6":"category-dorog","7":"category-hirek","8":"category-sport","9":"tag-dorog","10":"tag-dorogi-fc","11":"tag-featured","12":"tag-foci","13":"tag-futball","14":"tag-gyirmot-fc-gyor","15":"tag-labdarugas","16":"tag-nb-ii","17":"tag-sport"},"yoast_head":"<!-- This site is optimized with the Yoast SEO plugin v27.5 - https:\/\/yoast.com\/product\/yoast-seo-wordpress\/ -->\n<title>K\u00e9t g\u00f3llal verte meg az NB I-es Gyirm\u00f3tot a Dorog<\/title>\n<meta name=\"robots\" content=\"index, follow, max-snippet:-1, max-image-preview:large, max-video-preview:-1\" \/>\n<link rel=\"canonical\" href=\"https:\/\/dorogimedence.hu\/index.php\/2022\/01\/09\/ket-gollal-verte-meg-az-nb-i-es-gyirmotot-a-dorog\/\" class=\"yoast-seo-meta-tag\" \/>\n<meta property=\"og:locale\" content=\"hu_HU\" class=\"yoast-seo-meta-tag\" \/>\n<meta property=\"og:type\" content=\"article\" class=\"yoast-seo-meta-tag\" \/>\n<meta property=\"og:title\" content=\"K\u00e9t g\u00f3llal verte meg az NB I-es Gyirm\u00f3tot a Dorog\" class=\"yoast-seo-meta-tag\" \/>\n<meta property=\"og:description\" content=\"Elindultak a felk\u00e9sz\u00fcl\u00e9si m\u00e9rk\u0151z\u00e9sek \u00e9s mindj\u00e1rt a Dorog idegenben 2-0-\u00e1ra verte meg az NB I-ben szerepl\u0151 Gyirm\u00f3t FC Gy\u0151rt. Szint\u00e9n NB II-es csapatt\u00f3l kapott ki a ZTE FC, amelyet 4\u20132-re gy\u0151z\u00f6tt le a III. Ker\u00fcleti TVE. A Mez\u0151k\u00f6vesd 4\u20130-ra nyert az NB II-es Szentl\u0151rinc SE ellen. A Gyirm\u00f3t m\u00e9rk\u0151z\u00e9s\u00e9n az els\u0151 f\u00e9lid\u0151 g\u00f3l n\u00e9lk\u00fcli d\u00f6ntetlennel\" class=\"yoast-seo-meta-tag\" \/>\n<meta property=\"og:url\" content=\"https:\/\/dorogimedence.hu\/index.php\/2022\/01\/09\/ket-gollal-verte-meg-az-nb-i-es-gyirmotot-a-dorog\/\" class=\"yoast-seo-meta-tag\" \/>\n<meta property=\"og:site_name\" content=\"Dorogi-medence Region\u00e1lis H\u00edrport\u00e1l\" class=\"yoast-seo-meta-tag\" \/>\n<meta property=\"article:publisher\" content=\"https:\/\/www.facebook.com\/dorogimedence\/\" class=\"yoast-seo-meta-tag\" \/>\n<meta property=\"article:published_time\" content=\"2022-01-09T08:15:11+00:00\" class=\"yoast-seo-meta-tag\" \/>\n<meta property=\"article:modified_time\" content=\"2022-01-09T08:16:31+00:00\" class=\"yoast-seo-meta-tag\" \/>\n<meta property=\"og:image\" content=\"https:\/\/i0.wp.com\/dorogimedence.hu\/wp-content\/uploads\/2022\/01\/gyirmot-dorog.jpg?fit=960%2C608&ssl=1\" class=\"yoast-seo-meta-tag\" \/>\n\t<meta property=\"og:image:width\" content=\"960\" class=\"yoast-seo-meta-tag\" \/>\n\t<meta property=\"og:image:height\" content=\"608\" class=\"yoast-seo-meta-tag\" \/>\n\t<meta property=\"og:image:type\" content=\"image\/jpeg\" class=\"yoast-seo-meta-tag\" \/>\n<meta name=\"author\" content=\"dorogimedence.hu\" class=\"yoast-seo-meta-tag\" \/>\n<meta name=\"twitter:card\" content=\"summary_large_image\" class=\"yoast-seo-meta-tag\" \/>\n<meta name=\"twitter:label1\" content=\"Szerz\u0151:\" class=\"yoast-seo-meta-tag\" \/>\n\t<meta name=\"twitter:data1\" content=\"dorogimedence.hu\" class=\"yoast-seo-meta-tag\" \/>\n\t<meta name=\"twitter:label2\" content=\"Becs\u00fclt olvas\u00e1si id\u0151\" class=\"yoast-seo-meta-tag\" \/>\n\t<meta name=\"twitter:data2\" content=\"2 perc\" class=\"yoast-seo-meta-tag\" \/>\n<script type=\"application\/ld+json\" class=\"yoast-schema-graph\">{\"@context\":\"https:\\\/\\\/schema.org\",\"@graph\":[{\"@type\":\"Article\",\"@id\":\"https:\\\/\\\/dorogimedence.hu\\\/index.php\\\/2022\\\/01\\\/09\\\/ket-gollal-verte-meg-az-nb-i-es-gyirmotot-a-dorog\\\/#article\",\"isPartOf\":{\"@id\":\"https:\\\/\\\/dorogimedence.hu\\\/index.php\\\/2022\\\/01\\\/09\\\/ket-gollal-verte-meg-az-nb-i-es-gyirmotot-a-dorog\\\/\"},\"author\":{\"name\":\"dorogimedence.hu\",\"@id\":\"https:\\\/\\\/dorogimedence.hu\\\/#\\\/schema\\\/person\\\/ce6091eeb7e95ecdc87890d6aa8e0fd4\"},\"headline\":\"K\u00e9t g\u00f3llal verte meg az NB I-es Gyirm\u00f3tot a Dorog\",\"datePublished\":\"2022-01-09T08:15:11+00:00\",\"dateModified\":\"2022-01-09T08:16:31+00:00\",\"mainEntityOfPage\":{\"@id\":\"https:\\\/\\\/dorogimedence.hu\\\/index.php\\\/2022\\\/01\\\/09\\\/ket-gollal-verte-meg-az-nb-i-es-gyirmotot-a-dorog\\\/\"},\"wordCount\":368,\"publisher\":{\"@id\":\"https:\\\/\\\/dorogimedence.hu\\\/#organization\"},\"keywords\":[\"Dorog\",\"Dorogi FC\",\"featured\",\"foci\",\"futball\",\"Gyirm\u00f3t FC Gy\u0151r\",\"labdar\u00fag\u00e1s\",\"NB II\",\"sport\"],\"articleSection\":[\"Dorog\",\"H\u00edrek\",\"Sport\"],\"inLanguage\":\"hu\"},{\"@type\":\"WebPage\",\"@id\":\"https:\\\/\\\/dorogimedence.hu\\\/index.php\\\/2022\\\/01\\\/09\\\/ket-gollal-verte-meg-az-nb-i-es-gyirmotot-a-dorog\\\/\",\"url\":\"https:\\\/\\\/dorogimedence.hu\\\/index.php\\\/2022\\\/01\\\/09\\\/ket-gollal-verte-meg-az-nb-i-es-gyirmotot-a-dorog\\\/\",\"name\":\"K\u00e9t g\u00f3llal verte meg az NB I-es Gyirm\u00f3tot a Dorog\",\"isPartOf\":{\"@id\":\"https:\\\/\\\/dorogimedence.hu\\\/#website\"},\"datePublished\":\"2022-01-09T08:15:11+00:00\",\"dateModified\":\"2022-01-09T08:16:31+00:00\",\"breadcrumb\":{\"@id\":\"https:\\\/\\\/dorogimedence.hu\\\/index.php\\\/2022\\\/01\\\/09\\\/ket-gollal-verte-meg-az-nb-i-es-gyirmotot-a-dorog\\\/#breadcrumb\"},\"inLanguage\":\"hu\",\"potentialAction\":[{\"@type\":\"ReadAction\",\"target\":[\"https:\\\/\\\/dorogimedence.hu\\\/index.php\\\/2022\\\/01\\\/09\\\/ket-gollal-verte-meg-az-nb-i-es-gyirmotot-a-dorog\\\/\"]}]},{\"@type\":\"BreadcrumbList\",\"@id\":\"https:\\\/\\\/dorogimedence.hu\\\/index.php\\\/2022\\\/01\\\/09\\\/ket-gollal-verte-meg-az-nb-i-es-gyirmotot-a-dorog\\\/#breadcrumb\",\"itemListElement\":[{\"@type\":\"ListItem\",\"position\":1,\"name\":\"Kezd\u0151lap\",\"item\":\"https:\\\/\\\/dorogimedence.hu\\\/\"},{\"@type\":\"ListItem\",\"position\":2,\"name\":\"K\u00e9t g\u00f3llal verte meg az NB I-es Gyirm\u00f3tot a Dorog\"}]},{\"@type\":\"WebSite\",\"@id\":\"https:\\\/\\\/dorogimedence.hu\\\/#website\",\"url\":\"https:\\\/\\\/dorogimedence.hu\\\/\",\"name\":\"Dorogi-medence Region\u00e1lis H\u00edrport\u00e1l\",\"description\":\"Dorog, Keszt\u00f6lc, Le\u00e1nyv\u00e1r, Piliscs\u00e9v, Tokod, Tokodalt\u00e1r\u00f3, Csolnok, Esztergom-kertv\u00e1ros: h\u00edrek, programok\",\"publisher\":{\"@id\":\"https:\\\/\\\/dorogimedence.hu\\\/#organization\"},\"potentialAction\":[{\"@type\":\"SearchAction\",\"target\":{\"@type\":\"EntryPoint\",\"urlTemplate\":\"https:\\\/\\\/dorogimedence.hu\\\/?s={search_term_string}\"},\"query-input\":{\"@type\":\"PropertyValueSpecification\",\"valueRequired\":true,\"valueName\":\"search_term_string\"}}],\"inLanguage\":\"hu\"},{\"@type\":\"Organization\",\"@id\":\"https:\\\/\\\/dorogimedence.hu\\\/#organization\",\"name\":\"Dorogi-medence Region\u00e1lis H\u00edrport\u00e1l\",\"url\":\"https:\\\/\\\/dorogimedence.hu\\\/\",\"logo\":{\"@type\":\"ImageObject\",\"inLanguage\":\"hu\",\"@id\":\"https:\\\/\\\/dorogimedence.hu\\\/#\\\/schema\\\/logo\\\/image\\\/\",\"url\":\"https:\\\/\\\/dorogimedence.hu\\\/wp-content\\\/uploads\\\/2021\\\/04\\\/logo-feher-600.png\",\"contentUrl\":\"https:\\\/\\\/dorogimedence.hu\\\/wp-content\\\/uploads\\\/2021\\\/04\\\/logo-feher-600.png\",\"width\":600,\"height\":100,\"caption\":\"Dorogi-medence Region\u00e1lis H\u00edrport\u00e1l\"},\"image\":{\"@id\":\"https:\\\/\\\/dorogimedence.hu\\\/#\\\/schema\\\/logo\\\/image\\\/\"},\"sameAs\":[\"https:\\\/\\\/www.facebook.com\\\/dorogimedence\\\/\"]},{\"@type\":\"Person\",\"@id\":\"https:\\\/\\\/dorogimedence.hu\\\/#\\\/schema\\\/person\\\/ce6091eeb7e95ecdc87890d6aa8e0fd4\",\"name\":\"dorogimedence.hu\",\"image\":{\"@type\":\"ImageObject\",\"inLanguage\":\"hu\",\"@id\":\"\\\/\\\/www.gravatar.com\\\/avatar\\\/d8d45f8901aadff40a4af72c0b826f1d?s=96&#038;r=g&#038;d=mm\",\"url\":\"\\\/\\\/www.gravatar.com\\\/avatar\\\/d8d45f8901aadff40a4af72c0b826f1d?s=96&#038;r=g&#038;d=mm\",\"contentUrl\":\"\\\/\\\/www.gravatar.com\\\/avatar\\\/d8d45f8901aadff40a4af72c0b826f1d?s=96&#038;r=g&#038;d=mm\",\"caption\":\"dorogimedence.hu\"}}]}<\/script>\n<!-- \/ Yoast SEO plugin. -->","yoast_head_json":{"title":"K\u00e9t g\u00f3llal verte meg az NB I-es Gyirm\u00f3tot a Dorog","robots":{"index":"index","follow":"follow","max-snippet":"max-snippet:-1","max-image-preview":"max-image-preview:large","max-video-preview":"max-video-preview:-1"},"canonical":"https:\/\/dorogimedence.hu\/index.php\/2022\/01\/09\/ket-gollal-verte-meg-az-nb-i-es-gyirmotot-a-dorog\/","og_locale":"hu_HU","og_type":"article","og_title":"K\u00e9t g\u00f3llal verte meg az NB I-es Gyirm\u00f3tot a Dorog","og_description":"Elindultak a felk\u00e9sz\u00fcl\u00e9si m\u00e9rk\u0151z\u00e9sek \u00e9s mindj\u00e1rt a Dorog idegenben 2-0-\u00e1ra verte meg az NB I-ben szerepl\u0151 Gyirm\u00f3t FC Gy\u0151rt. Szint\u00e9n NB II-es csapatt\u00f3l kapott ki a ZTE FC, amelyet 4\u20132-re gy\u0151z\u00f6tt le a III. Ker\u00fcleti TVE. A Mez\u0151k\u00f6vesd 4\u20130-ra nyert az NB II-es Szentl\u0151rinc SE ellen. A Gyirm\u00f3t m\u00e9rk\u0151z\u00e9s\u00e9n az els\u0151 f\u00e9lid\u0151 g\u00f3l n\u00e9lk\u00fcli d\u00f6ntetlennel","og_url":"https:\/\/dorogimedence.hu\/index.php\/2022\/01\/09\/ket-gollal-verte-meg-az-nb-i-es-gyirmotot-a-dorog\/","og_site_name":"Dorogi-medence Region\u00e1lis H\u00edrport\u00e1l","article_publisher":"https:\/\/www.facebook.com\/dorogimedence\/","article_published_time":"2022-01-09T08:15:11+00:00","article_modified_time":"2022-01-09T08:16:31+00:00","og_image":[{"width":960,"height":608,"url":"https:\/\/i0.wp.com\/dorogimedence.hu\/wp-content\/uploads\/2022\/01\/gyirmot-dorog.jpg?fit=960%2C608&ssl=1","type":"image\/jpeg"}],"author":"dorogimedence.hu","twitter_card":"summary_large_image","twitter_misc":{"Szerz\u0151:":"dorogimedence.hu","Becs\u00fclt olvas\u00e1si id\u0151":"2 perc"},"schema":{"@context":"https:\/\/schema.org","@graph":[{"@type":"Article","@id":"https:\/\/dorogimedence.hu\/index.php\/2022\/01\/09\/ket-gollal-verte-meg-az-nb-i-es-gyirmotot-a-dorog\/#article","isPartOf":{"@id":"https:\/\/dorogimedence.hu\/index.php\/2022\/01\/09\/ket-gollal-verte-meg-az-nb-i-es-gyirmotot-a-dorog\/"},"author":{"name":"dorogimedence.hu","@id":"https:\/\/dorogimedence.hu\/#\/schema\/person\/ce6091eeb7e95ecdc87890d6aa8e0fd4"},"headline":"K\u00e9t g\u00f3llal verte meg az NB I-es Gyirm\u00f3tot a Dorog","datePublished":"2022-01-09T08:15:11+00:00","dateModified":"2022-01-09T08:16:31+00:00","mainEntityOfPage":{"@id":"https:\/\/dorogimedence.hu\/index.php\/2022\/01\/09\/ket-gollal-verte-meg-az-nb-i-es-gyirmotot-a-dorog\/"},"wordCount":368,"publisher":{"@id":"https:\/\/dorogimedence.hu\/#organization"},"keywords":["Dorog","Dorogi FC","featured","foci","futball","Gyirm\u00f3t FC Gy\u0151r","labdar\u00fag\u00e1s","NB II","sport"],"articleSection":["Dorog","H\u00edrek","Sport"],"inLanguage":"hu"},{"@type":"WebPage","@id":"https:\/\/dorogimedence.hu\/index.php\/2022\/01\/09\/ket-gollal-verte-meg-az-nb-i-es-gyirmotot-a-dorog\/","url":"https:\/\/dorogimedence.hu\/index.php\/2022\/01\/09\/ket-gollal-verte-meg-az-nb-i-es-gyirmotot-a-dorog\/","name":"K\u00e9t g\u00f3llal verte meg az NB I-es Gyirm\u00f3tot a Dorog","isPartOf":{"@id":"https:\/\/dorogimedence.hu\/#website"},"datePublished":"2022-01-09T08:15:11+00:00","dateModified":"2022-01-09T08:16:31+00:00","breadcrumb":{"@id":"https:\/\/dorogimedence.hu\/index.php\/2022\/01\/09\/ket-gollal-verte-meg-az-nb-i-es-gyirmotot-a-dorog\/#breadcrumb"},"inLanguage":"hu","potentialAction":[{"@type":"ReadAction","target":["https:\/\/dorogimedence.hu\/index.php\/2022\/01\/09\/ket-gollal-verte-meg-az-nb-i-es-gyirmotot-a-dorog\/"]}]},{"@type":"BreadcrumbList","@id":"https:\/\/dorogimedence.hu\/index.php\/2022\/01\/09\/ket-gollal-verte-meg-az-nb-i-es-gyirmotot-a-dorog\/#breadcrumb","itemListElement":[{"@type":"ListItem","position":1,"name":"Kezd\u0151lap","item":"https:\/\/dorogimedence.hu\/"},{"@type":"ListItem","position":2,"name":"K\u00e9t g\u00f3llal verte meg az NB I-es Gyirm\u00f3tot a Dorog"}]},{"@type":"WebSite","@id":"https:\/\/dorogimedence.hu\/#website","url":"https:\/\/dorogimedence.hu\/","name":"Dorogi-medence Region\u00e1lis H\u00edrport\u00e1l","description":"Dorog, Keszt\u00f6lc, Le\u00e1nyv\u00e1r, Piliscs\u00e9v, Tokod, Tokodalt\u00e1r\u00f3, Csolnok, Esztergom-kertv\u00e1ros: h\u00edrek, programok","publisher":{"@id":"https:\/\/dorogimedence.hu\/#organization"},"potentialAction":[{"@type":"SearchAction","target":{"@type":"EntryPoint","urlTemplate":"https:\/\/dorogimedence.hu\/?s={search_term_string}"},"query-input":{"@type":"PropertyValueSpecification","valueRequired":true,"valueName":"search_term_string"}}],"inLanguage":"hu"},{"@type":"Organization","@id":"https:\/\/dorogimedence.hu\/#organization","name":"Dorogi-medence Region\u00e1lis H\u00edrport\u00e1l","url":"https:\/\/dorogimedence.hu\/","logo":{"@type":"ImageObject","inLanguage":"hu","@id":"https:\/\/dorogimedence.hu\/#\/schema\/logo\/image\/","url":"https:\/\/dorogimedence.hu\/wp-content\/uploads\/2021\/04\/logo-feher-600.png","contentUrl":"https:\/\/dorogimedence.hu\/wp-content\/uploads\/2021\/04\/logo-feher-600.png","width":600,"height":100,"caption":"Dorogi-medence Region\u00e1lis H\u00edrport\u00e1l"},"image":{"@id":"https:\/\/dorogimedence.hu\/#\/schema\/logo\/image\/"},"sameAs":["https:\/\/www.facebook.com\/dorogimedence\/"]},{"@type":"Person","@id":"https:\/\/dorogimedence.hu\/#\/schema\/person\/ce6091eeb7e95ecdc87890d6aa8e0fd4","name":"dorogimedence.hu","image":{"@type":"ImageObject","inLanguage":"hu","@id":"\/\/www.gravatar.com\/avatar\/d8d45f8901aadff40a4af72c0b826f1d?s=96&#038;r=g&#038;d=mm","url":"\/\/www.gravatar.com\/avatar\/d8d45f8901aadff40a4af72c0b826f1d?s=96&#038;r=g&#038;d=mm","contentUrl":"\/\/www.gravatar.com\/avatar\/d8d45f8901aadff40a4af72c0b826f1d?s=96&#038;r=g&#038;d=mm","caption":"dorogimedence.hu"}}]}},"_links":{"self":[{"href":"https:\/\/dorogimedence.hu\/index.php\/wp-json\/wp\/v2\/posts\/39649","targetHints":{"allow":["GET"]}}],"collection":[{"href":"https:\/\/dorogimedence.hu\/index.php\/wp-json\/wp\/v2\/posts"}],"about":[{"href":"https:\/\/dorogimedence.hu\/index.php\/wp-json\/wp\/v2\/types\/post"}],"author":[{"embeddable":true,"href":"https:\/\/dorogimedence.hu\/index.php\/wp-json\/wp\/v2\/users\/1"}],"replies":[{"embeddable":true,"href":"https:\/\/dorogimedence.hu\/index.php\/wp-json\/wp\/v2\/comments?post=39649"}],"version-history":[{"count":0,"href":"https:\/\/dorogimedence.hu\/index.php\/wp-json\/wp\/v2\/posts\/39649\/revisions"}],"wp:attachment":[{"href":"https:\/\/dorogimedence.hu\/index.php\/wp-json\/wp\/v2\/media?parent=39649"}],"wp:term":[{"taxonomy":"category","embeddable":true,"href":"https:\/\/dorogimedence.hu\/index.php\/wp-json\/wp\/v2\/categories?post=39649"},{"taxonomy":"post_tag","embeddable":true,"href":"https:\/\/dorogimedence.hu\/index.php\/wp-json\/wp\/v2\/tags?post=39649"}],"curies":[{"name":"wp","href":"https:\/\/api.w.org\/{rel}","templated":true}]}}