{"id":39582,"date":"2022-01-05T10:19:11","date_gmt":"2022-01-05T09:19:11","guid":{"rendered":"https:\/\/dorogimedence.hu\/?p=39582"},"modified":"2022-01-05T10:31:37","modified_gmt":"2022-01-05T09:31:37","slug":"gyorshajtassal-okozott-sulyos-balesetet","status":"publish","type":"post","link":"https:\/\/dorogimedence.hu\/index.php\/2022\/01\/05\/gyorshajtassal-okozott-sulyos-balesetet\/","title":{"rendered":"Gyorshajt\u00e1ssal okozott s\u00falyos balesetet"},"content":{"rendered":"<p><strong>P\u00e9nzb\u00fcntet\u00e9ssel meg\u00faszhatja tett\u00e9t az a f\u00e9rfi, aki sebess\u00e9gkorl\u00e1toz\u00e1s t\u00fall\u00e9p\u00e9s\u00e9vel okozott s\u00falyos balesetet Esztergomban, a 1117-es \u00faton.<\/strong><\/p>\n<p>A v\u00e1dirat szerint a f\u00e9rfi 2020. december 30-\u00e1n a szem\u00e9lyg\u00e9pkocsij\u00e1t Esztergom lakott ter\u00fclet\u00e9n k\u00edv\u00fcl, a 1117-es sz\u00e1m\u00fa \u00faton vezette. Az \u00fatszakaszon a megengedett legnagyobb sebess\u00e9g a 70 km\/\u00f3ra. A sof\u0151r a menetir\u00e1nya szerinti jobb ir\u00e1ny\u00fa kanyar\u00edvben&nbsp;a megengedett sebess\u00e9ghat\u00e1rt t\u00fall\u00e9pve 95-100 km\/\u00f3ra k\u00f6z\u00f6tti sebess\u00e9ggel haladt, amely miatt a j\u00e1rm\u0171 stabilit\u00e1s\u00e1t vesztette.<\/p>\n<p><img fetchpriority=\"high\" decoding=\"async\" class=\"alignnone size-large wp-image-39584\" src=\"https:\/\/dorogimedence.hu\/wp-content\/uploads\/2022\/01\/foto2-1024x675.jpg\" alt=\"\" width=\"755\" height=\"498\" srcset=\"https:\/\/dorogimedence.hu\/wp-content\/uploads\/2022\/01\/foto2-1024x675.jpg 1024w, https:\/\/dorogimedence.hu\/wp-content\/uploads\/2022\/01\/foto2-300x198.jpg 300w, https:\/\/dorogimedence.hu\/wp-content\/uploads\/2022\/01\/foto2-768x506.jpg 768w, https:\/\/dorogimedence.hu\/wp-content\/uploads\/2022\/01\/foto2-150x99.jpg 150w, https:\/\/dorogimedence.hu\/wp-content\/uploads\/2022\/01\/foto2-450x296.jpg 450w, https:\/\/dorogimedence.hu\/wp-content\/uploads\/2022\/01\/foto2-1200x791.jpg 1200w, https:\/\/dorogimedence.hu\/wp-content\/uploads\/2022\/01\/foto2.jpg 1278w\" sizes=\"(max-width: 755px) 100vw, 755px\" \/><\/p>\n<p>A sof\u0151r bal ir\u00e1nyba t\u00f6rt\u00e9n\u0151 korm\u00e1nyz\u00e1ssal k\u00eds\u00e9relt meg korrig\u00e1lni, azonban a j\u00e1rm\u0171 a \u00e1tsodr\u00f3dott a bal oldali, ellent\u00e9tes forgalmi s\u00e1vba, ahol a s\u00e9rtett k\u00f6zlekedett szem\u00e9lyg\u00e9pkocsival. A s\u00e9rtett f\u00e9kezett, \u00e9s jobbra korm\u00e1nyzott, azonban a sodr\u00f3d\u00f3 j\u00e1rm\u0171 el\u0151tt meg\u00e1llni nem tudott, a k\u00e9t g\u00e9pkocsi \u00f6ssze\u00fctk\u00f6z\u00f6tt.<\/p>\n<p>Az \u00fctk\u00f6z\u00e9s k\u00f6vetkezt\u00e9ben a v\u00e9tlen j\u00e1rm\u0171 az \u00fat melletti f\u00fcves ter\u00fcletre sodr\u00f3dott.<\/p>\n<p>A baleset k\u00f6vetkezt\u00e9ben a v\u00e9tlen sof\u0151r 5 h\u00e9t alatt gy\u00f3gyul\u00f3 k\u00e9zt\u00f6r\u00e9st szenvedett el.&nbsp; A balesetet okoz\u00f3 f\u00e9rfi a szem\u00e9lyg\u00e9pkocsija jobb els\u0151 \u00fcl\u00e9s\u00e9n utast sz\u00e1ll\u00edtott, aki 8 napon bel\u00fcl gy\u00f3gyul\u00f3 koponyaz\u00faz\u00f3d\u00e1st szenvedett.<\/p>\n<p>Az \u00fcgy\u00e9szs\u00e9g a v\u00e1diratban arra tett ind\u00edtv\u00e1nyt, hogy az Esztergomi J\u00e1r\u00e1sb\u00edr\u00f3s\u00e1g t\u00e1rgyal\u00e1s mell\u0151z\u00e9s\u00e9vel, b\u00fcntet\u0151v\u00e9gz\u00e9sben a b\u0171ncselekm\u00e9ny elk\u00f6vet\u00e9s\u00e9t beismer\u0151 elk\u00f6vet\u0151vel szemben p\u00e9nzb\u00fcntet\u00e9st \u00e9s j\u00e1rm\u0171vezet\u00e9st\u0151l eltilt\u00e1s b\u00fcntet\u00e9st szabjon ki.<\/p>\n<p><img decoding=\"async\" class=\"alignnone size-large wp-image-39585\" src=\"https:\/\/dorogimedence.hu\/wp-content\/uploads\/2022\/01\/foto1-1024x655.jpg\" alt=\"\" width=\"755\" height=\"483\" srcset=\"https:\/\/dorogimedence.hu\/wp-content\/uploads\/2022\/01\/foto1-1024x655.jpg 1024w, https:\/\/dorogimedence.hu\/wp-content\/uploads\/2022\/01\/foto1-300x192.jpg 300w, https:\/\/dorogimedence.hu\/wp-content\/uploads\/2022\/01\/foto1-768x492.jpg 768w, https:\/\/dorogimedence.hu\/wp-content\/uploads\/2022\/01\/foto1-150x96.jpg 150w, https:\/\/dorogimedence.hu\/wp-content\/uploads\/2022\/01\/foto1-450x288.jpg 450w, https:\/\/dorogimedence.hu\/wp-content\/uploads\/2022\/01\/foto1-1200x768.jpg 1200w, https:\/\/dorogimedence.hu\/wp-content\/uploads\/2022\/01\/foto1.jpg 1292w\" sizes=\"(max-width: 755px) 100vw, 755px\" \/><\/p>\n<p><em>Fot\u00f3k, forr\u00e1s: Kom\u00e1rom-Esztergom Megyei F\u0151\u00fcgy\u00e9szs\u00e9g<\/em><\/p>\n","protected":false},"excerpt":{"rendered":"<p>P\u00e9nzb\u00fcntet\u00e9ssel meg\u00faszhatja tett\u00e9t az a f\u00e9rfi, aki sebess\u00e9gkorl\u00e1toz\u00e1s t\u00fall\u00e9p\u00e9s\u00e9vel okozott s\u00falyos balesetet Esztergomban, a 1117-es \u00faton. A v\u00e1dirat szerint a f\u00e9rfi 2020. december 30-\u00e1n a szem\u00e9lyg\u00e9pkocsij\u00e1t Esztergom lakott ter\u00fclet\u00e9n k\u00edv\u00fcl, a 1117-es sz\u00e1m\u00fa \u00faton vezette. Az \u00fatszakaszon a megengedett legnagyobb sebess\u00e9g a 70 km\/\u00f3ra. A sof\u0151r a menetir\u00e1nya szerinti jobb ir\u00e1ny\u00fa kanyar\u00edvben&nbsp;a megengedett sebess\u00e9ghat\u00e1rt t\u00fall\u00e9pve<\/p>\n","protected":false},"author":1,"featured_media":39583,"comment_status":"closed","ping_status":"closed","sticky":false,"template":"","format":"standard","meta":{"ngg_post_thumbnail":0,"footnotes":""},"categories":[38,3,39],"tags":[45,44,1042,42,5624,61,326],"class_list":{"0":"post-39582","1":"post","2":"type-post","3":"status-publish","4":"format-standard","5":"has-post-thumbnail","7":"category-esztergom","8":"category-hirek","9":"category-kek-hirek","10":"tag-autobaleset","11":"tag-baleset","12":"tag-birosag","13":"tag-esztergom","14":"tag-featured","15":"tag-rendorsegi-hirek","16":"tag-ugyeszseg"},"yoast_head":"<!-- This site is optimized with the Yoast SEO plugin v27.5 - https:\/\/yoast.com\/product\/yoast-seo-wordpress\/ -->\n<title>Gyorshajt\u00e1ssal okozott s\u00falyos balesetet<\/title>\n<meta name=\"robots\" content=\"index, follow, max-snippet:-1, max-image-preview:large, max-video-preview:-1\" \/>\n<link rel=\"canonical\" href=\"https:\/\/dorogimedence.hu\/index.php\/2022\/01\/05\/gyorshajtassal-okozott-sulyos-balesetet\/\" class=\"yoast-seo-meta-tag\" \/>\n<meta property=\"og:locale\" content=\"hu_HU\" class=\"yoast-seo-meta-tag\" \/>\n<meta property=\"og:type\" content=\"article\" class=\"yoast-seo-meta-tag\" \/>\n<meta property=\"og:title\" content=\"Gyorshajt\u00e1ssal okozott s\u00falyos balesetet\" class=\"yoast-seo-meta-tag\" \/>\n<meta property=\"og:description\" content=\"P\u00e9nzb\u00fcntet\u00e9ssel meg\u00faszhatja tett\u00e9t az a f\u00e9rfi, aki sebess\u00e9gkorl\u00e1toz\u00e1s t\u00fall\u00e9p\u00e9s\u00e9vel okozott s\u00falyos balesetet Esztergomban, a 1117-es \u00faton. A v\u00e1dirat szerint a f\u00e9rfi 2020. december 30-\u00e1n a szem\u00e9lyg\u00e9pkocsij\u00e1t Esztergom lakott ter\u00fclet\u00e9n k\u00edv\u00fcl, a 1117-es sz\u00e1m\u00fa \u00faton vezette. Az \u00fatszakaszon a megengedett legnagyobb sebess\u00e9g a 70 km\/\u00f3ra. A sof\u0151r a menetir\u00e1nya szerinti jobb ir\u00e1ny\u00fa kanyar\u00edvben&nbsp;a megengedett sebess\u00e9ghat\u00e1rt t\u00fall\u00e9pve\" class=\"yoast-seo-meta-tag\" \/>\n<meta property=\"og:url\" content=\"https:\/\/dorogimedence.hu\/index.php\/2022\/01\/05\/gyorshajtassal-okozott-sulyos-balesetet\/\" class=\"yoast-seo-meta-tag\" \/>\n<meta property=\"og:site_name\" content=\"Dorogi-medence Region\u00e1lis H\u00edrport\u00e1l\" class=\"yoast-seo-meta-tag\" \/>\n<meta property=\"article:publisher\" content=\"https:\/\/www.facebook.com\/dorogimedence\/\" class=\"yoast-seo-meta-tag\" \/>\n<meta property=\"article:published_time\" content=\"2022-01-05T09:19:11+00:00\" class=\"yoast-seo-meta-tag\" \/>\n<meta property=\"article:modified_time\" content=\"2022-01-05T09:31:37+00:00\" class=\"yoast-seo-meta-tag\" \/>\n<meta property=\"og:image\" content=\"https:\/\/i0.wp.com\/dorogimedence.hu\/wp-content\/uploads\/2022\/01\/foto3.jpg?fit=1299%2C849&ssl=1\" class=\"yoast-seo-meta-tag\" \/>\n\t<meta property=\"og:image:width\" content=\"1299\" class=\"yoast-seo-meta-tag\" \/>\n\t<meta property=\"og:image:height\" content=\"849\" class=\"yoast-seo-meta-tag\" \/>\n\t<meta property=\"og:image:type\" content=\"image\/jpeg\" class=\"yoast-seo-meta-tag\" \/>\n<meta name=\"author\" content=\"dorogimedence.hu\" class=\"yoast-seo-meta-tag\" \/>\n<meta name=\"twitter:card\" content=\"summary_large_image\" class=\"yoast-seo-meta-tag\" \/>\n<meta name=\"twitter:label1\" content=\"Szerz\u0151:\" class=\"yoast-seo-meta-tag\" \/>\n\t<meta name=\"twitter:data1\" content=\"dorogimedence.hu\" class=\"yoast-seo-meta-tag\" \/>\n\t<meta name=\"twitter:label2\" content=\"Becs\u00fclt olvas\u00e1si id\u0151\" class=\"yoast-seo-meta-tag\" \/>\n\t<meta name=\"twitter:data2\" content=\"2 perc\" class=\"yoast-seo-meta-tag\" \/>\n<script type=\"application\/ld+json\" class=\"yoast-schema-graph\">{\"@context\":\"https:\\\/\\\/schema.org\",\"@graph\":[{\"@type\":\"Article\",\"@id\":\"https:\\\/\\\/dorogimedence.hu\\\/index.php\\\/2022\\\/01\\\/05\\\/gyorshajtassal-okozott-sulyos-balesetet\\\/#article\",\"isPartOf\":{\"@id\":\"https:\\\/\\\/dorogimedence.hu\\\/index.php\\\/2022\\\/01\\\/05\\\/gyorshajtassal-okozott-sulyos-balesetet\\\/\"},\"author\":{\"name\":\"dorogimedence.hu\",\"@id\":\"https:\\\/\\\/dorogimedence.hu\\\/#\\\/schema\\\/person\\\/ce6091eeb7e95ecdc87890d6aa8e0fd4\"},\"headline\":\"Gyorshajt\u00e1ssal okozott s\u00falyos balesetet\",\"datePublished\":\"2022-01-05T09:19:11+00:00\",\"dateModified\":\"2022-01-05T09:31:37+00:00\",\"mainEntityOfPage\":{\"@id\":\"https:\\\/\\\/dorogimedence.hu\\\/index.php\\\/2022\\\/01\\\/05\\\/gyorshajtassal-okozott-sulyos-balesetet\\\/\"},\"wordCount\":332,\"publisher\":{\"@id\":\"https:\\\/\\\/dorogimedence.hu\\\/#organization\"},\"image\":{\"@id\":\"https:\\\/\\\/dorogimedence.hu\\\/index.php\\\/2022\\\/01\\\/05\\\/gyorshajtassal-okozott-sulyos-balesetet\\\/#primaryimage\"},\"thumbnailUrl\":\"https:\\\/\\\/dorogimedence.hu\\\/wp-content\\\/uploads\\\/2022\\\/01\\\/foto3.jpg\",\"keywords\":[\"aut\u00f3baleset\",\"baleset\",\"b\u00edr\u00f3s\u00e1g\",\"esztergom\",\"featured\",\"rend\u0151rs\u00e9gi h\u00edrek\",\"\u00fcgy\u00e9szs\u00e9g\"],\"articleSection\":[\"Esztergom\",\"H\u00edrek\",\"K\u00e9k h\u00edrek\"],\"inLanguage\":\"hu\"},{\"@type\":\"WebPage\",\"@id\":\"https:\\\/\\\/dorogimedence.hu\\\/index.php\\\/2022\\\/01\\\/05\\\/gyorshajtassal-okozott-sulyos-balesetet\\\/\",\"url\":\"https:\\\/\\\/dorogimedence.hu\\\/index.php\\\/2022\\\/01\\\/05\\\/gyorshajtassal-okozott-sulyos-balesetet\\\/\",\"name\":\"Gyorshajt\u00e1ssal okozott s\u00falyos balesetet\",\"isPartOf\":{\"@id\":\"https:\\\/\\\/dorogimedence.hu\\\/#website\"},\"primaryImageOfPage\":{\"@id\":\"https:\\\/\\\/dorogimedence.hu\\\/index.php\\\/2022\\\/01\\\/05\\\/gyorshajtassal-okozott-sulyos-balesetet\\\/#primaryimage\"},\"image\":{\"@id\":\"https:\\\/\\\/dorogimedence.hu\\\/index.php\\\/2022\\\/01\\\/05\\\/gyorshajtassal-okozott-sulyos-balesetet\\\/#primaryimage\"},\"thumbnailUrl\":\"https:\\\/\\\/dorogimedence.hu\\\/wp-content\\\/uploads\\\/2022\\\/01\\\/foto3.jpg\",\"datePublished\":\"2022-01-05T09:19:11+00:00\",\"dateModified\":\"2022-01-05T09:31:37+00:00\",\"breadcrumb\":{\"@id\":\"https:\\\/\\\/dorogimedence.hu\\\/index.php\\\/2022\\\/01\\\/05\\\/gyorshajtassal-okozott-sulyos-balesetet\\\/#breadcrumb\"},\"inLanguage\":\"hu\",\"potentialAction\":[{\"@type\":\"ReadAction\",\"target\":[\"https:\\\/\\\/dorogimedence.hu\\\/index.php\\\/2022\\\/01\\\/05\\\/gyorshajtassal-okozott-sulyos-balesetet\\\/\"]}]},{\"@type\":\"ImageObject\",\"inLanguage\":\"hu\",\"@id\":\"https:\\\/\\\/dorogimedence.hu\\\/index.php\\\/2022\\\/01\\\/05\\\/gyorshajtassal-okozott-sulyos-balesetet\\\/#primaryimage\",\"url\":\"https:\\\/\\\/dorogimedence.hu\\\/wp-content\\\/uploads\\\/2022\\\/01\\\/foto3.jpg\",\"contentUrl\":\"https:\\\/\\\/dorogimedence.hu\\\/wp-content\\\/uploads\\\/2022\\\/01\\\/foto3.jpg\",\"width\":1299,\"height\":849},{\"@type\":\"BreadcrumbList\",\"@id\":\"https:\\\/\\\/dorogimedence.hu\\\/index.php\\\/2022\\\/01\\\/05\\\/gyorshajtassal-okozott-sulyos-balesetet\\\/#breadcrumb\",\"itemListElement\":[{\"@type\":\"ListItem\",\"position\":1,\"name\":\"Kezd\u0151lap\",\"item\":\"https:\\\/\\\/dorogimedence.hu\\\/\"},{\"@type\":\"ListItem\",\"position\":2,\"name\":\"Gyorshajt\u00e1ssal okozott s\u00falyos balesetet\"}]},{\"@type\":\"WebSite\",\"@id\":\"https:\\\/\\\/dorogimedence.hu\\\/#website\",\"url\":\"https:\\\/\\\/dorogimedence.hu\\\/\",\"name\":\"Dorogi-medence Region\u00e1lis H\u00edrport\u00e1l\",\"description\":\"Dorog, Keszt\u00f6lc, Le\u00e1nyv\u00e1r, Piliscs\u00e9v, Tokod, Tokodalt\u00e1r\u00f3, Csolnok, Esztergom-kertv\u00e1ros: h\u00edrek, programok\",\"publisher\":{\"@id\":\"https:\\\/\\\/dorogimedence.hu\\\/#organization\"},\"potentialAction\":[{\"@type\":\"SearchAction\",\"target\":{\"@type\":\"EntryPoint\",\"urlTemplate\":\"https:\\\/\\\/dorogimedence.hu\\\/?s={search_term_string}\"},\"query-input\":{\"@type\":\"PropertyValueSpecification\",\"valueRequired\":true,\"valueName\":\"search_term_string\"}}],\"inLanguage\":\"hu\"},{\"@type\":\"Organization\",\"@id\":\"https:\\\/\\\/dorogimedence.hu\\\/#organization\",\"name\":\"Dorogi-medence Region\u00e1lis H\u00edrport\u00e1l\",\"url\":\"https:\\\/\\\/dorogimedence.hu\\\/\",\"logo\":{\"@type\":\"ImageObject\",\"inLanguage\":\"hu\",\"@id\":\"https:\\\/\\\/dorogimedence.hu\\\/#\\\/schema\\\/logo\\\/image\\\/\",\"url\":\"https:\\\/\\\/dorogimedence.hu\\\/wp-content\\\/uploads\\\/2021\\\/04\\\/logo-feher-600.png\",\"contentUrl\":\"https:\\\/\\\/dorogimedence.hu\\\/wp-content\\\/uploads\\\/2021\\\/04\\\/logo-feher-600.png\",\"width\":600,\"height\":100,\"caption\":\"Dorogi-medence Region\u00e1lis H\u00edrport\u00e1l\"},\"image\":{\"@id\":\"https:\\\/\\\/dorogimedence.hu\\\/#\\\/schema\\\/logo\\\/image\\\/\"},\"sameAs\":[\"https:\\\/\\\/www.facebook.com\\\/dorogimedence\\\/\"]},{\"@type\":\"Person\",\"@id\":\"https:\\\/\\\/dorogimedence.hu\\\/#\\\/schema\\\/person\\\/ce6091eeb7e95ecdc87890d6aa8e0fd4\",\"name\":\"dorogimedence.hu\",\"image\":{\"@type\":\"ImageObject\",\"inLanguage\":\"hu\",\"@id\":\"\\\/\\\/www.gravatar.com\\\/avatar\\\/d8d45f8901aadff40a4af72c0b826f1d?s=96&#038;r=g&#038;d=mm\",\"url\":\"\\\/\\\/www.gravatar.com\\\/avatar\\\/d8d45f8901aadff40a4af72c0b826f1d?s=96&#038;r=g&#038;d=mm\",\"contentUrl\":\"\\\/\\\/www.gravatar.com\\\/avatar\\\/d8d45f8901aadff40a4af72c0b826f1d?s=96&#038;r=g&#038;d=mm\",\"caption\":\"dorogimedence.hu\"}}]}<\/script>\n<!-- \/ Yoast SEO plugin. -->","yoast_head_json":{"title":"Gyorshajt\u00e1ssal okozott s\u00falyos balesetet","robots":{"index":"index","follow":"follow","max-snippet":"max-snippet:-1","max-image-preview":"max-image-preview:large","max-video-preview":"max-video-preview:-1"},"canonical":"https:\/\/dorogimedence.hu\/index.php\/2022\/01\/05\/gyorshajtassal-okozott-sulyos-balesetet\/","og_locale":"hu_HU","og_type":"article","og_title":"Gyorshajt\u00e1ssal okozott s\u00falyos balesetet","og_description":"P\u00e9nzb\u00fcntet\u00e9ssel meg\u00faszhatja tett\u00e9t az a f\u00e9rfi, aki sebess\u00e9gkorl\u00e1toz\u00e1s t\u00fall\u00e9p\u00e9s\u00e9vel okozott s\u00falyos balesetet Esztergomban, a 1117-es \u00faton. A v\u00e1dirat szerint a f\u00e9rfi 2020. december 30-\u00e1n a szem\u00e9lyg\u00e9pkocsij\u00e1t Esztergom lakott ter\u00fclet\u00e9n k\u00edv\u00fcl, a 1117-es sz\u00e1m\u00fa \u00faton vezette. Az \u00fatszakaszon a megengedett legnagyobb sebess\u00e9g a 70 km\/\u00f3ra. A sof\u0151r a menetir\u00e1nya szerinti jobb ir\u00e1ny\u00fa kanyar\u00edvben&nbsp;a megengedett sebess\u00e9ghat\u00e1rt t\u00fall\u00e9pve","og_url":"https:\/\/dorogimedence.hu\/index.php\/2022\/01\/05\/gyorshajtassal-okozott-sulyos-balesetet\/","og_site_name":"Dorogi-medence Region\u00e1lis H\u00edrport\u00e1l","article_publisher":"https:\/\/www.facebook.com\/dorogimedence\/","article_published_time":"2022-01-05T09:19:11+00:00","article_modified_time":"2022-01-05T09:31:37+00:00","og_image":[{"width":1299,"height":849,"url":"https:\/\/i0.wp.com\/dorogimedence.hu\/wp-content\/uploads\/2022\/01\/foto3.jpg?fit=1299%2C849&ssl=1","type":"image\/jpeg"}],"author":"dorogimedence.hu","twitter_card":"summary_large_image","twitter_misc":{"Szerz\u0151:":"dorogimedence.hu","Becs\u00fclt olvas\u00e1si id\u0151":"2 perc"},"schema":{"@context":"https:\/\/schema.org","@graph":[{"@type":"Article","@id":"https:\/\/dorogimedence.hu\/index.php\/2022\/01\/05\/gyorshajtassal-okozott-sulyos-balesetet\/#article","isPartOf":{"@id":"https:\/\/dorogimedence.hu\/index.php\/2022\/01\/05\/gyorshajtassal-okozott-sulyos-balesetet\/"},"author":{"name":"dorogimedence.hu","@id":"https:\/\/dorogimedence.hu\/#\/schema\/person\/ce6091eeb7e95ecdc87890d6aa8e0fd4"},"headline":"Gyorshajt\u00e1ssal okozott s\u00falyos balesetet","datePublished":"2022-01-05T09:19:11+00:00","dateModified":"2022-01-05T09:31:37+00:00","mainEntityOfPage":{"@id":"https:\/\/dorogimedence.hu\/index.php\/2022\/01\/05\/gyorshajtassal-okozott-sulyos-balesetet\/"},"wordCount":332,"publisher":{"@id":"https:\/\/dorogimedence.hu\/#organization"},"image":{"@id":"https:\/\/dorogimedence.hu\/index.php\/2022\/01\/05\/gyorshajtassal-okozott-sulyos-balesetet\/#primaryimage"},"thumbnailUrl":"https:\/\/dorogimedence.hu\/wp-content\/uploads\/2022\/01\/foto3.jpg","keywords":["aut\u00f3baleset","baleset","b\u00edr\u00f3s\u00e1g","esztergom","featured","rend\u0151rs\u00e9gi h\u00edrek","\u00fcgy\u00e9szs\u00e9g"],"articleSection":["Esztergom","H\u00edrek","K\u00e9k h\u00edrek"],"inLanguage":"hu"},{"@type":"WebPage","@id":"https:\/\/dorogimedence.hu\/index.php\/2022\/01\/05\/gyorshajtassal-okozott-sulyos-balesetet\/","url":"https:\/\/dorogimedence.hu\/index.php\/2022\/01\/05\/gyorshajtassal-okozott-sulyos-balesetet\/","name":"Gyorshajt\u00e1ssal okozott s\u00falyos balesetet","isPartOf":{"@id":"https:\/\/dorogimedence.hu\/#website"},"primaryImageOfPage":{"@id":"https:\/\/dorogimedence.hu\/index.php\/2022\/01\/05\/gyorshajtassal-okozott-sulyos-balesetet\/#primaryimage"},"image":{"@id":"https:\/\/dorogimedence.hu\/index.php\/2022\/01\/05\/gyorshajtassal-okozott-sulyos-balesetet\/#primaryimage"},"thumbnailUrl":"https:\/\/dorogimedence.hu\/wp-content\/uploads\/2022\/01\/foto3.jpg","datePublished":"2022-01-05T09:19:11+00:00","dateModified":"2022-01-05T09:31:37+00:00","breadcrumb":{"@id":"https:\/\/dorogimedence.hu\/index.php\/2022\/01\/05\/gyorshajtassal-okozott-sulyos-balesetet\/#breadcrumb"},"inLanguage":"hu","potentialAction":[{"@type":"ReadAction","target":["https:\/\/dorogimedence.hu\/index.php\/2022\/01\/05\/gyorshajtassal-okozott-sulyos-balesetet\/"]}]},{"@type":"ImageObject","inLanguage":"hu","@id":"https:\/\/dorogimedence.hu\/index.php\/2022\/01\/05\/gyorshajtassal-okozott-sulyos-balesetet\/#primaryimage","url":"https:\/\/dorogimedence.hu\/wp-content\/uploads\/2022\/01\/foto3.jpg","contentUrl":"https:\/\/dorogimedence.hu\/wp-content\/uploads\/2022\/01\/foto3.jpg","width":1299,"height":849},{"@type":"BreadcrumbList","@id":"https:\/\/dorogimedence.hu\/index.php\/2022\/01\/05\/gyorshajtassal-okozott-sulyos-balesetet\/#breadcrumb","itemListElement":[{"@type":"ListItem","position":1,"name":"Kezd\u0151lap","item":"https:\/\/dorogimedence.hu\/"},{"@type":"ListItem","position":2,"name":"Gyorshajt\u00e1ssal okozott s\u00falyos balesetet"}]},{"@type":"WebSite","@id":"https:\/\/dorogimedence.hu\/#website","url":"https:\/\/dorogimedence.hu\/","name":"Dorogi-medence Region\u00e1lis H\u00edrport\u00e1l","description":"Dorog, Keszt\u00f6lc, Le\u00e1nyv\u00e1r, Piliscs\u00e9v, Tokod, Tokodalt\u00e1r\u00f3, Csolnok, Esztergom-kertv\u00e1ros: h\u00edrek, programok","publisher":{"@id":"https:\/\/dorogimedence.hu\/#organization"},"potentialAction":[{"@type":"SearchAction","target":{"@type":"EntryPoint","urlTemplate":"https:\/\/dorogimedence.hu\/?s={search_term_string}"},"query-input":{"@type":"PropertyValueSpecification","valueRequired":true,"valueName":"search_term_string"}}],"inLanguage":"hu"},{"@type":"Organization","@id":"https:\/\/dorogimedence.hu\/#organization","name":"Dorogi-medence Region\u00e1lis H\u00edrport\u00e1l","url":"https:\/\/dorogimedence.hu\/","logo":{"@type":"ImageObject","inLanguage":"hu","@id":"https:\/\/dorogimedence.hu\/#\/schema\/logo\/image\/","url":"https:\/\/dorogimedence.hu\/wp-content\/uploads\/2021\/04\/logo-feher-600.png","contentUrl":"https:\/\/dorogimedence.hu\/wp-content\/uploads\/2021\/04\/logo-feher-600.png","width":600,"height":100,"caption":"Dorogi-medence Region\u00e1lis H\u00edrport\u00e1l"},"image":{"@id":"https:\/\/dorogimedence.hu\/#\/schema\/logo\/image\/"},"sameAs":["https:\/\/www.facebook.com\/dorogimedence\/"]},{"@type":"Person","@id":"https:\/\/dorogimedence.hu\/#\/schema\/person\/ce6091eeb7e95ecdc87890d6aa8e0fd4","name":"dorogimedence.hu","image":{"@type":"ImageObject","inLanguage":"hu","@id":"\/\/www.gravatar.com\/avatar\/d8d45f8901aadff40a4af72c0b826f1d?s=96&#038;r=g&#038;d=mm","url":"\/\/www.gravatar.com\/avatar\/d8d45f8901aadff40a4af72c0b826f1d?s=96&#038;r=g&#038;d=mm","contentUrl":"\/\/www.gravatar.com\/avatar\/d8d45f8901aadff40a4af72c0b826f1d?s=96&#038;r=g&#038;d=mm","caption":"dorogimedence.hu"}}]}},"_links":{"self":[{"href":"https:\/\/dorogimedence.hu\/index.php\/wp-json\/wp\/v2\/posts\/39582","targetHints":{"allow":["GET"]}}],"collection":[{"href":"https:\/\/dorogimedence.hu\/index.php\/wp-json\/wp\/v2\/posts"}],"about":[{"href":"https:\/\/dorogimedence.hu\/index.php\/wp-json\/wp\/v2\/types\/post"}],"author":[{"embeddable":true,"href":"https:\/\/dorogimedence.hu\/index.php\/wp-json\/wp\/v2\/users\/1"}],"replies":[{"embeddable":true,"href":"https:\/\/dorogimedence.hu\/index.php\/wp-json\/wp\/v2\/comments?post=39582"}],"version-history":[{"count":0,"href":"https:\/\/dorogimedence.hu\/index.php\/wp-json\/wp\/v2\/posts\/39582\/revisions"}],"wp:featuredmedia":[{"embeddable":true,"href":"https:\/\/dorogimedence.hu\/index.php\/wp-json\/wp\/v2\/media\/39583"}],"wp:attachment":[{"href":"https:\/\/dorogimedence.hu\/index.php\/wp-json\/wp\/v2\/media?parent=39582"}],"wp:term":[{"taxonomy":"category","embeddable":true,"href":"https:\/\/dorogimedence.hu\/index.php\/wp-json\/wp\/v2\/categories?post=39582"},{"taxonomy":"post_tag","embeddable":true,"href":"https:\/\/dorogimedence.hu\/index.php\/wp-json\/wp\/v2\/tags?post=39582"}],"curies":[{"name":"wp","href":"https:\/\/api.w.org\/{rel}","templated":true}]}}