{"id":39523,"date":"2021-12-31T10:14:27","date_gmt":"2021-12-31T09:14:27","guid":{"rendered":"https:\/\/dorogimedence.hu\/?p=39523"},"modified":"2021-12-31T10:14:45","modified_gmt":"2021-12-31T09:14:45","slug":"evente-otven-tuz-keletkezik-tuzijatek-miatt","status":"publish","type":"post","link":"https:\/\/dorogimedence.hu\/index.php\/2021\/12\/31\/evente-otven-tuz-keletkezik-tuzijatek-miatt\/","title":{"rendered":"\u00c9vente \u00f6tven t\u0171z keletkezik t\u0171zij\u00e1t\u00e9k miatt"},"content":{"rendered":"<p><strong>December 31-\u00e9n 18 \u00f3r\u00e1t\u00f3l janu\u00e1r 1-j\u00e9n 06 \u00f3r\u00e1ig haszn\u00e1lhatjuk fel a harmadik pirotechnikai oszt\u00e1lyba tartoz\u00f3 term\u00e9keket. Legy\u00fcnk \u00f3vatosak!<\/strong><\/p>\n<p>Szilveszter \u00e9jjel \u00e1tlagosan \u00f6tven olyan t\u0171zesethez riasztj\u00e1k a t\u0171zolt\u00f3kat, amelyet t\u0171zij\u00e1t\u00e9k okozott. T\u00f6bbnyire kisebb t\u00fczek keletkeznek, de minden \u00e9vben el\u0151fordul k\u00e9t-h\u00e1rom nagyobb, ak\u00e1r t\u00f6bbmilli\u00f3s k\u00e1rt okoz\u00f3 t\u0171z is. A leggyakrabban feny\u0151k, tuj\u00e1k \u00e9s szem\u00e9tt\u00e1rol\u00f3k gyulladnak ki, de nem ritka az sem, hogy egy rak\u00e9ta erk\u00e9lyen landol, vagy egy szoba ablak\u00e1n berep\u00fcl, \u00e9s ott t\u00fczet okoz. Szilveszter \u00e9jjel az \u00e9v t\u00f6bbi napj\u00e1hoz hasonl\u00f3an 2000 t\u0171zolt\u00f3 van k\u00e9szenl\u00e9tben \u00f6tsz\u00e1z t\u0171zolt\u00f3aut\u00f3val. Ha t\u0171z keletkezik, h\u00edvjuk a 112-es seg\u00e9lyh\u00edv\u00f3 sz\u00e1mot.<\/p>\n<p>A polg\u00e1ri c\u00e9l\u00fa pirotechnikai tev\u00e9kenys\u00e9gekr\u0151l sz\u00f3l\u00f3 173\/2011. (VIII. 24.) Korm. rendelet lehet\u0151v\u00e9 teszi a csek\u00e9ly hat\u00f3anyag-tartalm\u00fa (nagyon alacsony kock\u00e1zat \u00e9s elhanyagolhat\u00f3 zajszint), emberi tart\u00f3zkod\u00e1s c\u00e9lj\u00e1ra szolg\u00e1l\u00f3 \u00e9p\u00fcletek belsej\u00e9ben t\u00f6rt\u00e9n\u0151 haszn\u00e1latra sz\u00e1nt 1. pirotechnikai oszt\u00e1lyba, illetve az alacsony kock\u00e1zattal \u00e9s alacsony zajszinttel j\u00e1r\u00f3, a szabadban l\u00e9v\u0151 behat\u00e1rolt ter\u00fcleten t\u00f6rt\u00e9n\u0151 haszn\u00e1latra sz\u00e1nt 2. pirotechnikai oszt\u00e1lyba tartoz\u00f3 term\u00e9kek szabad forgalmaz\u00e1s\u00e1t \u00e9s felhaszn\u00e1l\u00e1s\u00e1t. Ezek a term\u00e9kek olyan \u00fczletekben is forgalmazhat\u00f3k, amelyeket nem kifejezetten pirotechnikai term\u00e9k forgalmaz\u00e1s\u00e1ra hoztak l\u00e9tre. P\u00e9ld\u00e1ul \u201etortagyerty\u00e1t\u201d cukr\u00e1szd\u00e1ban is meg lehet v\u00e1s\u00e1rolni.<\/p>\n<p>Az 1. pirotechnikai oszt\u00e1lyba tartoz\u00f3 term\u00e9keket a 14. \u00e9let\u00e9v\u00fcket bet\u00f6lt\u00f6tt szem\u00e9lyek, m\u00edg a 2. pirotechnikai oszt\u00e1lyba tartoz\u00f3 term\u00e9keket a 16. \u00e9let\u00e9v\u00fcket bet\u00f6lt\u00f6tt szem\u00e9lyek eg\u00e9sz \u00e9vben enged\u00e9ly n\u00e9lk\u00fcl megv\u00e1s\u00e1rolhatj\u00e1k \u00e9s haszn\u00e1lhatj\u00e1k.<\/p>\n<p>A 3. pirotechnikai oszt\u00e1lyba tartoz\u00f3 t\u0171zij\u00e1t\u00e9k term\u00e9keket nagykor\u00fa szem\u00e9lyek december 28-31. k\u00f6z\u00f6tt enged\u00e9ly n\u00e9lk\u00fcl megv\u00e1s\u00e1rolhatj\u00e1k, birtokolhatj\u00e1k, t\u00e1rolhatj\u00e1k \u00e9s a haszn\u00e1lati utas\u00edt\u00e1snak megfelel\u0151en <strong>december 31-\u00e9n 18 \u00f3r\u00e1t\u00f3l janu\u00e1r 1-j\u00e9n 06 \u00f3r\u00e1ig felhaszn\u00e1lhatj\u00e1k<\/strong>. A professzion\u00e1lis c\u00e9llal k\u00e9sz\u00edtett 4. pirotechnikai oszt\u00e1lyba tartoz\u00f3, nagy hat\u00f3anyag-tartalm\u00fa t\u0171zij\u00e1t\u00e9k term\u00e9keket term\u00e9szetesen ebben az id\u0151szakban is csak szakk\u00e9pzett pirotechnikus v\u00e1s\u00e1rolhatja meg \u00e9rv\u00e9nyes felhaszn\u00e1l\u00e1si enged\u00e9ly birtok\u00e1ban.<\/p>\n<p>Pirotechnikai term\u00e9k csak m\u0171k\u00f6d\u00e9si enged\u00e9llyel rendelkez\u0151 ny\u00edlt \u00e1rus\u00edt\u00e1s\u00fa \u00fczletb\u0151l, vagy forgalmaz\u00f3 rakt\u00e1rk\u00e9szlet\u00e9b\u0151l v\u00e1s\u00e1rolhat\u00f3. A forgalmazhat\u00f3 t\u0171zij\u00e1t\u00e9k term\u00e9kek \u00e9v v\u00e9gi \u00e1rus\u00edt\u00e1s\u00e1t az illet\u00e9kes hat\u00f3s\u00e1g ideiglenes t\u00e1rol\u00f3 helyre \u00ad pl.: bev\u00e1s\u00e1rl\u00f3k\u00f6zpontok k\u00f6rny\u00e9k\u00e9n fel\u00e1ll\u00edtott kont\u00e9nerre &#8211; is enged\u00e9lyezi. Enged\u00e9lyt csak olyan keresked\u0151 kaphat, aki a rendeletben el\u0151\u00edrt szem\u00e9lyi \u00e9s t\u00e1rgyi felt\u00e9teleknek megfelel. A forgalmazott term\u00e9keknek min\u0151s\u00e9gileg bevizsg\u00e1ltnak \u00e9s tan\u00fas\u00edtottnak kell lenni\u00fck. V\u00e1s\u00e1rokon, piacokon \u00e9s m\u0171k\u00f6d\u00e9si enged\u00e9llyel rendelkez\u0151 \u00fczletben csak j\u00e1t\u00e9kos pirotechnikai term\u00e9kek hozhat\u00f3k forgalomba.<\/p>\n<p>A fel nem haszn\u00e1lt 3. pirotechnikai oszt\u00e1lyba tartoz\u00f3, illetve b\u00e1rmely hib\u00e1s vagy lej\u00e1rt szavatoss\u00e1g\u00fa term\u00e9ket, szilvesztert k\u00f6vet\u0151en 5 napon bel\u00fcl a forgalmaz\u00f3nak vissza kell sz\u00e1ll\u00edtani. A forgalmaz\u00f3 k\u00f6teles azt t\u00e9r\u00edt\u00e9smentesen \u00e9s k\u00f6lts\u00e9g felsz\u00e1m\u00edt\u00e1sa n\u00e9lk\u00fcl visszavenni, melyr\u0151l a v\u00e1s\u00e1rl\u00f3t a forgalmaz\u00e1s hely\u00e9n j\u00f3l l\u00e1that\u00f3an k\u00f6teles t\u00e1j\u00e9koztatni, a visszav\u00e9tel hely\u00e9nek, id\u0151pontj\u00e1nak felt\u00fcntet\u00e9s\u00e9vel.<\/p>\n<p>A leg\u00e1lisan forgalmazott pirotechnikai term\u00e9k felirata magyar nyelv\u0171, k\u00f6z\u00e9rthet\u0151 haszn\u00e1lati \u00e9s kezel\u00e9si \u00fatmutat\u00f3t, valamint baleset- \u00e9s eg\u00e9szs\u00e9gv\u00e9delmi figyelmeztet\u00e9st is tartalmaz. Ezen inform\u00e1ci\u00f3k ismeret\u00e9ben &#8211; a rendeltet\u00e9sszer\u0171 felhaszn\u00e1l\u00e1s sor\u00e1n &#8211; biztos\u00edthat\u00f3, hogy pirotechnikai tev\u00e9kenys\u00e9ge ne s\u00e9rtse, illetve ne vesz\u00e9lyeztesse m\u00e1s ember \u00e9s az \u00e1llatok \u00e9let\u00e9t, testi \u00e9ps\u00e9g\u00e9t, eg\u00e9szs\u00e9g\u00e9t, m\u00e1sok vagyon\u00e1t, a term\u00e9szeti \u00e9s az \u00e9p\u00edtett k\u00f6rnyezet\u00fcnket.<\/p>\n<p><strong>A mag\u00e1nszem\u00e9lyek \u00e1ltal szabadon felhaszn\u00e1lhat\u00f3 pirotechnikai term\u00e9kek t\u00e1rol\u00e1s\u00e1ra vonatkoz\u00f3 legfontosabb szab\u00e1lyok:<\/strong><\/p>\n<ul>\n<li>m\u00e1s t\u0171zvesz\u00e9lyes anyagokkal (pl.: \u00fczemanyag, h\u00edg\u00edt\u00f3) egy\u00fctt nem t\u00e1rolhat\u00f3k;<\/li>\n<li>nem z\u00e1rt pirotechnikai term\u00e9ket fel\u00fcgyelet n\u00e9lk\u00fcl hagyni tilos;<\/li>\n<li>lak\u00e1sban a pirotechnikai term\u00e9keket a kiskor\u00fa szem\u00e9lyekt\u0151l elz\u00e1rtan kell tartani;<\/li>\n<li>tet\u0151t\u00e9rben \u00e9s alagsorban, pinc\u00e9ben pirotechnikai term\u00e9ket t\u00e1rolni nem szabad;<\/li>\n<li>elnedvesedett \u00e9s ut\u00e1na kisz\u00e1radt, illetve valamilyen okb\u00f3l s\u00e9r\u00fclt burkolat\u00fa pirotechnikai term\u00e9keket a t\u00f6bbi pirotechnikai term\u00e9kt\u0151l el kell k\u00fcl\u00f6n\u00edteni;<\/li>\n<li>a hib\u00e1s term\u00e9ket felhaszn\u00e1lni tilos, a v\u00e1s\u00e1rl\u00e1s hely\u00e9re kell visszavinni;<\/li>\n<li>a pirotechnikai term\u00e9kek eredeti szerel\u00e9si form\u00e1j\u00e1t megbontani, a term\u00e9ket sz\u00e9tszerelni nem szabad;<\/li>\n<li>egy lak\u00f3egys\u00e9gen (pl.: lak\u00e1s, csal\u00e1di h\u00e1z) bel\u00fcl \u00f6sszesen csak az egy mag\u00e1nszem\u00e9ly \u00e1ltal birtokolhat\u00f3 mennyis\u00e9g\u0171 pirotechnikai term\u00e9k t\u00e1rolhat\u00f3.<\/li>\n<\/ul>\n<p><strong>Ezekre figyelj\u00fcnk a pirotechnikai term\u00e9kek v\u00e1s\u00e1rl\u00e1sakor:<\/strong><\/p>\n<ul>\n<li>Ne v\u00e1s\u00e1roljunk t\u0171zij\u00e1t\u00e9kot illeg\u00e1lis \u00e1rusokt\u00f3l, hiszen ezek az eszk\u00f6z\u00f6k t\u00fczet okozhatnak.<\/li>\n<li>Annyi t\u0171zij\u00e1t\u00e9kot vegy\u00fcnk, amennyit szilveszterkor elhaszn\u00e1lunk. Ne t\u00e1razzuk be \u0151ket, hiszen a szilveszter el\u0151tt kaphat\u00f3 t\u0171zij\u00e1t\u00e9kfajt\u00e1kat \u00e9v k\u00f6zben nem, csak december 31-\u00e9n este hatt\u00f3l janu\u00e1r 1-j\u00e9n reggel hatig szabad felhaszn\u00e1lni. Az\u00e9rt sem \u00e9rdemes k\u00e9szletet felhalmozni, mert a pirotechnikai term\u00e9keknek is van szavatoss\u00e1gi idej\u00fck.<\/li>\n<li>A megv\u00e1s\u00e1rolt t\u0171zij\u00e1t\u00e9kok csak akkor sz\u00e1ll\u00edthat\u00f3ak biztons\u00e1gosan, ha a kan\u00f3c vagy gy\u00fajt\u00f3hely v\u00e9d\u0151sapk\u00e1ja a hely\u00e9n van.<\/li>\n<li>A megv\u00e1s\u00e1rolt t\u0171zij\u00e1t\u00e9kot ne hagyjuk az aut\u00f3ban. Egy tavalyi eset sor\u00e1n az aut\u00f3ban h\u0151t kapott t\u0171zij\u00e1t\u00e9kok id\u0151 el\u0151tt elindultak \u00e9s emiatt az eg\u00e9sz aut\u00f3 ki\u00e9gett.<\/li>\n<li>\u00dcgyelj\u00fcnk arra, hogy sz\u00e1ll\u00edt\u00e1s k\u00f6zben ne \u00e9rje \u0151ket csapad\u00e9k \u00e9s otthon se tegy\u00fck az eszk\u00f6z\u00f6ket p\u00e1r\u00e1s, nedves helyre. A p\u00e1ra vagy v\u00edz miatt \u00e1tnedvesedett t\u0171zij\u00e1t\u00e9kokat akkor se haszn\u00e1ljuk, ha megsz\u00e1radtak, mert a v\u00edzt\u0151l t\u00f6nkremennek \u00e9s hib\u00e1san fognak m\u0171k\u00f6dni. Ezeket adjuk le az egyik \u00e1rus\u00edt\u00f3helyen.<\/li>\n<li>Otthon olyan helyre z\u00e1rjuk el a t\u0171zij\u00e1t\u00e9kokat, ahol nem \u00e9ri \u0151ket napf\u00e9ny \u00e9s sug\u00e1rz\u00f3 h\u0151. Ne tegy\u00fck a f\u0171t\u00e9s k\u00f6zel\u00e9be vagy h\u0151sug\u00e1rz\u00f3 mell\u00e9, mert a nagy melegt\u0151l id\u0151 el\u0151tt elindulhatnak.<\/li>\n<li>Ne f\u00e9rjenek hozz\u00e1 se a gyerekek, se a h\u00e1zi\u00e1llatok.<\/li>\n<li>Ne t\u00e1roljuk egy\u00fctt a t\u0171zij\u00e1t\u00e9kot benzinnel, g\u00e1zolajjal, h\u00edg\u00edt\u00f3val, fest\u00e9kkel.<\/li>\n<li>A t\u0171zij\u00e1t\u00e9kokat tilos megbontani, sz\u00e9tszerelni, \u00e1talak\u00edtani. Akkor m\u0171k\u00f6dnek megfelel\u0151en, ha el\u00e9gnek \u00e9s ezzel megsemmis\u00fclnek. Mindenf\u00e9le \u00e1talak\u00edt\u00e1s v\u00e1ltoztat a megfelel\u0151 m\u0171k\u00f6d\u00e9sen, \u00e9s balesetet vagy t\u00fczet okoz.<\/li>\n<li>Minden leg\u00e1lis \u00e1rus\u00edt\u00f3helyen v\u00e1s\u00e1rolt t\u0171zij\u00e1t\u00e9k mell\u00e9 j\u00e1r biztons\u00e1gi \u00fatmutat\u00f3, amely tartalmazza, hova helyezz\u00fck, hol gy\u00fajtsuk meg az adott t\u0171zij\u00e1t\u00e9kot, illetve azt, hogy mekkora v\u00e9d\u0151t\u00e1vols\u00e1got kell tartani. Olvassuk el \u00e9s tartsuk be az utas\u00edt\u00e1sokat.<\/li>\n<li>B\u00e1rmilyen t\u0171zij\u00e1t\u00e9kkal is b\u00facs\u00faztatjuk az \u00f3\u00e9vet, egyiket se ir\u00e1ny\u00edtsuk emberekre, \u00e1llatokra, n\u00f6v\u00e9nyekre, j\u00e1rm\u0171vekre vagy \u00e9p\u00fcletekre.<\/li>\n<li>Er\u0151s sz\u00e9lben ne haszn\u00e1ljuk fel a t\u0171zij\u00e1t\u00e9kokat.<\/li>\n<li>Ne t\u0171zij\u00e1t\u00e9kozzunk, ha alkoholt fogyasztottunk.<\/li>\n<li>Csak k\u00f6zter\u00fcleten m\u0171k\u00f6dtess\u00fcnk t\u0171zij\u00e1t\u00e9kot. A t\u00e1rsash\u00e1z erk\u00e9lye nem sz\u00e1m\u00edt k\u00f6zter\u00fcletnek, ez\u00e9rt a t\u00e1rsash\u00e1zak ablak\u00e1b\u00f3l, erk\u00e9lyeir\u0151l ne ind\u00edtsuk el ezeket. Menj\u00fcnk le az utc\u00e1ra \u00e9s a h\u00e1zakt\u00f3l, f\u00e1kt\u00f3l, villanyvezet\u00e9kekt\u0151l t\u00e1volabb m\u0171k\u00f6dtess\u00fck \u0151ket.<\/li>\n<li>Az elhaszn\u00e1lt t\u0171zij\u00e1t\u00e9kok maradv\u00e1nyait ne dobjuk azonnal kuk\u00e1ba. Minden \u00e9vben kigyullad n\u00e9h\u00e1ny kuka, s\u0151t n\u00e9ha m\u00e9g a mellette parkol\u00f3 aut\u00f3 vagy a h\u00e1z is a forr\u00f3n kuk\u00e1ba dobott t\u0171zij\u00e1t\u00e9k miatt.<\/li>\n<li>Ne feledkezz\u00fcnk meg a h\u00e1zi\u00e1llatokr\u00f3l sem. Ne k\u00f6ss\u00fck meg \u0151ket, hanem engedj\u00fck a h\u00e1zba, lak\u00e1sba, \u00e9s pr\u00f3b\u00e1ljuk megnyugtatni \u0151ket.<\/li>\n<\/ul>\n<p><strong>Magyarorsz\u00e1gon mag\u00e1nszem\u00e9lyeknek tilos pet\u00e1rd\u00e1t birtokolni, illet\u0151leg felhaszn\u00e1lni!<\/strong><\/p>\n<p>A pirotechnikai term\u00e9k birtokl\u00e1sa is pirotechnikai tev\u00e9kenys\u00e9gnek min\u0151s\u00fcl, ez\u00e9rt a szab\u00e1lys\u00e9rt\u00e9si t\u00f6rv\u00e9ny alapj\u00e1n az a szem\u00e9ly, aki enged\u00e9ly n\u00e9lk\u00fcl pirotechnikai tev\u00e9kenys\u00e9get v\u00e9gez, vagyis a tilalom ellen\u00e9re pet\u00e1rd\u00e1t birtokol, illetve felhaszn\u00e1l, 150 ezer forintig terjed\u0151 p\u00e9nzb\u00edrs\u00e1ggal s\u00fajthat\u00f3. Azt a pirotechnikai term\u00e9ket, mellyel a szab\u00e1lys\u00e9rt\u00e9st elk\u00f6vett\u00e9k, el kell kobozni.<\/p>\n<p>A t\u0171zij\u00e1t\u00e9k term\u00e9kek komoly balesetet okozhatnak a szakszer\u0171tlen kezel\u00e9s eredm\u00e9nyek\u00e9nt, ez\u00e9rt felh\u00edvjuk a figyelmet a t\u00e1rol\u00e1si szab\u00e1lyok betart\u00e1s\u00e1ra, \u00e9s felhaszn\u00e1l\u00e1s el\u0151tt a haszn\u00e1lati \u00fatmutat\u00f3 elolvas\u00e1s\u00e1ra.<\/p>\n<p><em>Forr\u00e1s: Kom\u00e1rom-Esztergom Megyei Katasztr\u00f3fav\u00e9delmi Igazgat\u00f3s\u00e1g \/ Kom\u00e1rom-Esztergom Megyei Rend\u0151r-f\u0151kapit\u00e1nys\u00e1g<\/em><\/p>\n","protected":false},"excerpt":{"rendered":"<p>December 31-\u00e9n 18 \u00f3r\u00e1t\u00f3l janu\u00e1r 1-j\u00e9n 06 \u00f3r\u00e1ig haszn\u00e1lhatjuk fel a harmadik pirotechnikai oszt\u00e1lyba tartoz\u00f3 term\u00e9keket. Legy\u00fcnk \u00f3vatosak! Szilveszter \u00e9jjel \u00e1tlagosan \u00f6tven olyan t\u0171zesethez riasztj\u00e1k a t\u0171zolt\u00f3kat, amelyet t\u0171zij\u00e1t\u00e9k okozott. T\u00f6bbnyire kisebb t\u00fczek keletkeznek, de minden \u00e9vben el\u0151fordul k\u00e9t-h\u00e1rom nagyobb, ak\u00e1r t\u00f6bbmilli\u00f3s k\u00e1rt okoz\u00f3 t\u0171z is. A leggyakrabban feny\u0151k, tuj\u00e1k \u00e9s szem\u00e9tt\u00e1rol\u00f3k gyulladnak ki, de<\/p>\n","protected":false},"author":1,"featured_media":39524,"comment_status":"closed","ping_status":"closed","sticky":false,"template":"","format":"standard","meta":{"ngg_post_thumbnail":0,"footnotes":""},"categories":[3],"tags":[5624,77,175,521,2025],"class_list":{"0":"post-39523","1":"post","2":"type-post","3":"status-publish","4":"format-standard","5":"has-post-thumbnail","7":"category-hirek","8":"tag-featured","9":"tag-felhivas","10":"tag-katasztrofavedelem","11":"tag-rendorseg","12":"tag-tuzijatek"},"yoast_head":"<!-- This site is optimized with the Yoast SEO plugin v27.5 - https:\/\/yoast.com\/product\/yoast-seo-wordpress\/ -->\n<title>\u00c9vente \u00f6tven t\u0171z keletkezik t\u0171zij\u00e1t\u00e9k miatt<\/title>\n<meta name=\"robots\" content=\"index, follow, max-snippet:-1, max-image-preview:large, max-video-preview:-1\" \/>\n<link rel=\"canonical\" href=\"https:\/\/dorogimedence.hu\/index.php\/2021\/12\/31\/evente-otven-tuz-keletkezik-tuzijatek-miatt\/\" class=\"yoast-seo-meta-tag\" \/>\n<meta property=\"og:locale\" content=\"hu_HU\" class=\"yoast-seo-meta-tag\" \/>\n<meta property=\"og:type\" content=\"article\" class=\"yoast-seo-meta-tag\" \/>\n<meta property=\"og:title\" content=\"\u00c9vente \u00f6tven t\u0171z keletkezik t\u0171zij\u00e1t\u00e9k miatt\" class=\"yoast-seo-meta-tag\" \/>\n<meta property=\"og:description\" content=\"December 31-\u00e9n 18 \u00f3r\u00e1t\u00f3l janu\u00e1r 1-j\u00e9n 06 \u00f3r\u00e1ig haszn\u00e1lhatjuk fel a harmadik pirotechnikai oszt\u00e1lyba tartoz\u00f3 term\u00e9keket. Legy\u00fcnk \u00f3vatosak! Szilveszter \u00e9jjel \u00e1tlagosan \u00f6tven olyan t\u0171zesethez riasztj\u00e1k a t\u0171zolt\u00f3kat, amelyet t\u0171zij\u00e1t\u00e9k okozott. T\u00f6bbnyire kisebb t\u00fczek keletkeznek, de minden \u00e9vben el\u0151fordul k\u00e9t-h\u00e1rom nagyobb, ak\u00e1r t\u00f6bbmilli\u00f3s k\u00e1rt okoz\u00f3 t\u0171z is. A leggyakrabban feny\u0151k, tuj\u00e1k \u00e9s szem\u00e9tt\u00e1rol\u00f3k gyulladnak ki, de\" class=\"yoast-seo-meta-tag\" \/>\n<meta property=\"og:url\" content=\"https:\/\/dorogimedence.hu\/index.php\/2021\/12\/31\/evente-otven-tuz-keletkezik-tuzijatek-miatt\/\" class=\"yoast-seo-meta-tag\" \/>\n<meta property=\"og:site_name\" content=\"Dorogi-medence Region\u00e1lis H\u00edrport\u00e1l\" class=\"yoast-seo-meta-tag\" \/>\n<meta property=\"article:publisher\" content=\"https:\/\/www.facebook.com\/dorogimedence\/\" class=\"yoast-seo-meta-tag\" \/>\n<meta property=\"article:published_time\" content=\"2021-12-31T09:14:27+00:00\" class=\"yoast-seo-meta-tag\" \/>\n<meta property=\"article:modified_time\" content=\"2021-12-31T09:14:45+00:00\" class=\"yoast-seo-meta-tag\" \/>\n<meta property=\"og:image\" content=\"https:\/\/i0.wp.com\/dorogimedence.hu\/wp-content\/uploads\/2021\/12\/sylvester-3882231_1920.jpg?fit=1920%2C1226&ssl=1\" class=\"yoast-seo-meta-tag\" \/>\n\t<meta property=\"og:image:width\" content=\"1920\" class=\"yoast-seo-meta-tag\" \/>\n\t<meta property=\"og:image:height\" content=\"1226\" class=\"yoast-seo-meta-tag\" \/>\n\t<meta property=\"og:image:type\" content=\"image\/jpeg\" class=\"yoast-seo-meta-tag\" \/>\n<meta name=\"author\" content=\"dorogimedence.hu\" class=\"yoast-seo-meta-tag\" \/>\n<meta name=\"twitter:card\" content=\"summary_large_image\" class=\"yoast-seo-meta-tag\" \/>\n<meta name=\"twitter:label1\" content=\"Szerz\u0151:\" class=\"yoast-seo-meta-tag\" \/>\n\t<meta name=\"twitter:data1\" content=\"dorogimedence.hu\" class=\"yoast-seo-meta-tag\" \/>\n\t<meta name=\"twitter:label2\" content=\"Becs\u00fclt olvas\u00e1si id\u0151\" class=\"yoast-seo-meta-tag\" \/>\n\t<meta name=\"twitter:data2\" content=\"8 perc\" class=\"yoast-seo-meta-tag\" \/>\n<script type=\"application\/ld+json\" class=\"yoast-schema-graph\">{\"@context\":\"https:\\\/\\\/schema.org\",\"@graph\":[{\"@type\":\"Article\",\"@id\":\"https:\\\/\\\/dorogimedence.hu\\\/index.php\\\/2021\\\/12\\\/31\\\/evente-otven-tuz-keletkezik-tuzijatek-miatt\\\/#article\",\"isPartOf\":{\"@id\":\"https:\\\/\\\/dorogimedence.hu\\\/index.php\\\/2021\\\/12\\\/31\\\/evente-otven-tuz-keletkezik-tuzijatek-miatt\\\/\"},\"author\":{\"name\":\"dorogimedence.hu\",\"@id\":\"https:\\\/\\\/dorogimedence.hu\\\/#\\\/schema\\\/person\\\/ce6091eeb7e95ecdc87890d6aa8e0fd4\"},\"headline\":\"\u00c9vente \u00f6tven t\u0171z keletkezik t\u0171zij\u00e1t\u00e9k miatt\",\"datePublished\":\"2021-12-31T09:14:27+00:00\",\"dateModified\":\"2021-12-31T09:14:45+00:00\",\"mainEntityOfPage\":{\"@id\":\"https:\\\/\\\/dorogimedence.hu\\\/index.php\\\/2021\\\/12\\\/31\\\/evente-otven-tuz-keletkezik-tuzijatek-miatt\\\/\"},\"wordCount\":1680,\"publisher\":{\"@id\":\"https:\\\/\\\/dorogimedence.hu\\\/#organization\"},\"image\":{\"@id\":\"https:\\\/\\\/dorogimedence.hu\\\/index.php\\\/2021\\\/12\\\/31\\\/evente-otven-tuz-keletkezik-tuzijatek-miatt\\\/#primaryimage\"},\"thumbnailUrl\":\"https:\\\/\\\/dorogimedence.hu\\\/wp-content\\\/uploads\\\/2021\\\/12\\\/sylvester-3882231_1920.jpg\",\"keywords\":[\"featured\",\"felh\u00edv\u00e1s\",\"katasztr\u00f3fav\u00e9delem\",\"rend\u0151rs\u00e9g\",\"t\u0171zij\u00e1t\u00e9k\"],\"articleSection\":[\"H\u00edrek\"],\"inLanguage\":\"hu\"},{\"@type\":\"WebPage\",\"@id\":\"https:\\\/\\\/dorogimedence.hu\\\/index.php\\\/2021\\\/12\\\/31\\\/evente-otven-tuz-keletkezik-tuzijatek-miatt\\\/\",\"url\":\"https:\\\/\\\/dorogimedence.hu\\\/index.php\\\/2021\\\/12\\\/31\\\/evente-otven-tuz-keletkezik-tuzijatek-miatt\\\/\",\"name\":\"\u00c9vente \u00f6tven t\u0171z keletkezik t\u0171zij\u00e1t\u00e9k miatt\",\"isPartOf\":{\"@id\":\"https:\\\/\\\/dorogimedence.hu\\\/#website\"},\"primaryImageOfPage\":{\"@id\":\"https:\\\/\\\/dorogimedence.hu\\\/index.php\\\/2021\\\/12\\\/31\\\/evente-otven-tuz-keletkezik-tuzijatek-miatt\\\/#primaryimage\"},\"image\":{\"@id\":\"https:\\\/\\\/dorogimedence.hu\\\/index.php\\\/2021\\\/12\\\/31\\\/evente-otven-tuz-keletkezik-tuzijatek-miatt\\\/#primaryimage\"},\"thumbnailUrl\":\"https:\\\/\\\/dorogimedence.hu\\\/wp-content\\\/uploads\\\/2021\\\/12\\\/sylvester-3882231_1920.jpg\",\"datePublished\":\"2021-12-31T09:14:27+00:00\",\"dateModified\":\"2021-12-31T09:14:45+00:00\",\"breadcrumb\":{\"@id\":\"https:\\\/\\\/dorogimedence.hu\\\/index.php\\\/2021\\\/12\\\/31\\\/evente-otven-tuz-keletkezik-tuzijatek-miatt\\\/#breadcrumb\"},\"inLanguage\":\"hu\",\"potentialAction\":[{\"@type\":\"ReadAction\",\"target\":[\"https:\\\/\\\/dorogimedence.hu\\\/index.php\\\/2021\\\/12\\\/31\\\/evente-otven-tuz-keletkezik-tuzijatek-miatt\\\/\"]}]},{\"@type\":\"ImageObject\",\"inLanguage\":\"hu\",\"@id\":\"https:\\\/\\\/dorogimedence.hu\\\/index.php\\\/2021\\\/12\\\/31\\\/evente-otven-tuz-keletkezik-tuzijatek-miatt\\\/#primaryimage\",\"url\":\"https:\\\/\\\/dorogimedence.hu\\\/wp-content\\\/uploads\\\/2021\\\/12\\\/sylvester-3882231_1920.jpg\",\"contentUrl\":\"https:\\\/\\\/dorogimedence.hu\\\/wp-content\\\/uploads\\\/2021\\\/12\\\/sylvester-3882231_1920.jpg\",\"width\":1920,\"height\":1226},{\"@type\":\"BreadcrumbList\",\"@id\":\"https:\\\/\\\/dorogimedence.hu\\\/index.php\\\/2021\\\/12\\\/31\\\/evente-otven-tuz-keletkezik-tuzijatek-miatt\\\/#breadcrumb\",\"itemListElement\":[{\"@type\":\"ListItem\",\"position\":1,\"name\":\"Kezd\u0151lap\",\"item\":\"https:\\\/\\\/dorogimedence.hu\\\/\"},{\"@type\":\"ListItem\",\"position\":2,\"name\":\"\u00c9vente \u00f6tven t\u0171z keletkezik t\u0171zij\u00e1t\u00e9k miatt\"}]},{\"@type\":\"WebSite\",\"@id\":\"https:\\\/\\\/dorogimedence.hu\\\/#website\",\"url\":\"https:\\\/\\\/dorogimedence.hu\\\/\",\"name\":\"Dorogi-medence Region\u00e1lis H\u00edrport\u00e1l\",\"description\":\"Dorog, Keszt\u00f6lc, Le\u00e1nyv\u00e1r, Piliscs\u00e9v, Tokod, Tokodalt\u00e1r\u00f3, Csolnok, Esztergom-kertv\u00e1ros: h\u00edrek, programok\",\"publisher\":{\"@id\":\"https:\\\/\\\/dorogimedence.hu\\\/#organization\"},\"potentialAction\":[{\"@type\":\"SearchAction\",\"target\":{\"@type\":\"EntryPoint\",\"urlTemplate\":\"https:\\\/\\\/dorogimedence.hu\\\/?s={search_term_string}\"},\"query-input\":{\"@type\":\"PropertyValueSpecification\",\"valueRequired\":true,\"valueName\":\"search_term_string\"}}],\"inLanguage\":\"hu\"},{\"@type\":\"Organization\",\"@id\":\"https:\\\/\\\/dorogimedence.hu\\\/#organization\",\"name\":\"Dorogi-medence Region\u00e1lis H\u00edrport\u00e1l\",\"url\":\"https:\\\/\\\/dorogimedence.hu\\\/\",\"logo\":{\"@type\":\"ImageObject\",\"inLanguage\":\"hu\",\"@id\":\"https:\\\/\\\/dorogimedence.hu\\\/#\\\/schema\\\/logo\\\/image\\\/\",\"url\":\"https:\\\/\\\/dorogimedence.hu\\\/wp-content\\\/uploads\\\/2021\\\/04\\\/logo-feher-600.png\",\"contentUrl\":\"https:\\\/\\\/dorogimedence.hu\\\/wp-content\\\/uploads\\\/2021\\\/04\\\/logo-feher-600.png\",\"width\":600,\"height\":100,\"caption\":\"Dorogi-medence Region\u00e1lis H\u00edrport\u00e1l\"},\"image\":{\"@id\":\"https:\\\/\\\/dorogimedence.hu\\\/#\\\/schema\\\/logo\\\/image\\\/\"},\"sameAs\":[\"https:\\\/\\\/www.facebook.com\\\/dorogimedence\\\/\"]},{\"@type\":\"Person\",\"@id\":\"https:\\\/\\\/dorogimedence.hu\\\/#\\\/schema\\\/person\\\/ce6091eeb7e95ecdc87890d6aa8e0fd4\",\"name\":\"dorogimedence.hu\",\"image\":{\"@type\":\"ImageObject\",\"inLanguage\":\"hu\",\"@id\":\"\\\/\\\/www.gravatar.com\\\/avatar\\\/d8d45f8901aadff40a4af72c0b826f1d?s=96&#038;r=g&#038;d=mm\",\"url\":\"\\\/\\\/www.gravatar.com\\\/avatar\\\/d8d45f8901aadff40a4af72c0b826f1d?s=96&#038;r=g&#038;d=mm\",\"contentUrl\":\"\\\/\\\/www.gravatar.com\\\/avatar\\\/d8d45f8901aadff40a4af72c0b826f1d?s=96&#038;r=g&#038;d=mm\",\"caption\":\"dorogimedence.hu\"}}]}<\/script>\n<!-- \/ Yoast SEO plugin. -->","yoast_head_json":{"title":"\u00c9vente \u00f6tven t\u0171z keletkezik t\u0171zij\u00e1t\u00e9k miatt","robots":{"index":"index","follow":"follow","max-snippet":"max-snippet:-1","max-image-preview":"max-image-preview:large","max-video-preview":"max-video-preview:-1"},"canonical":"https:\/\/dorogimedence.hu\/index.php\/2021\/12\/31\/evente-otven-tuz-keletkezik-tuzijatek-miatt\/","og_locale":"hu_HU","og_type":"article","og_title":"\u00c9vente \u00f6tven t\u0171z keletkezik t\u0171zij\u00e1t\u00e9k miatt","og_description":"December 31-\u00e9n 18 \u00f3r\u00e1t\u00f3l janu\u00e1r 1-j\u00e9n 06 \u00f3r\u00e1ig haszn\u00e1lhatjuk fel a harmadik pirotechnikai oszt\u00e1lyba tartoz\u00f3 term\u00e9keket. Legy\u00fcnk \u00f3vatosak! Szilveszter \u00e9jjel \u00e1tlagosan \u00f6tven olyan t\u0171zesethez riasztj\u00e1k a t\u0171zolt\u00f3kat, amelyet t\u0171zij\u00e1t\u00e9k okozott. T\u00f6bbnyire kisebb t\u00fczek keletkeznek, de minden \u00e9vben el\u0151fordul k\u00e9t-h\u00e1rom nagyobb, ak\u00e1r t\u00f6bbmilli\u00f3s k\u00e1rt okoz\u00f3 t\u0171z is. A leggyakrabban feny\u0151k, tuj\u00e1k \u00e9s szem\u00e9tt\u00e1rol\u00f3k gyulladnak ki, de","og_url":"https:\/\/dorogimedence.hu\/index.php\/2021\/12\/31\/evente-otven-tuz-keletkezik-tuzijatek-miatt\/","og_site_name":"Dorogi-medence Region\u00e1lis H\u00edrport\u00e1l","article_publisher":"https:\/\/www.facebook.com\/dorogimedence\/","article_published_time":"2021-12-31T09:14:27+00:00","article_modified_time":"2021-12-31T09:14:45+00:00","og_image":[{"width":1920,"height":1226,"url":"https:\/\/i0.wp.com\/dorogimedence.hu\/wp-content\/uploads\/2021\/12\/sylvester-3882231_1920.jpg?fit=1920%2C1226&ssl=1","type":"image\/jpeg"}],"author":"dorogimedence.hu","twitter_card":"summary_large_image","twitter_misc":{"Szerz\u0151:":"dorogimedence.hu","Becs\u00fclt olvas\u00e1si id\u0151":"8 perc"},"schema":{"@context":"https:\/\/schema.org","@graph":[{"@type":"Article","@id":"https:\/\/dorogimedence.hu\/index.php\/2021\/12\/31\/evente-otven-tuz-keletkezik-tuzijatek-miatt\/#article","isPartOf":{"@id":"https:\/\/dorogimedence.hu\/index.php\/2021\/12\/31\/evente-otven-tuz-keletkezik-tuzijatek-miatt\/"},"author":{"name":"dorogimedence.hu","@id":"https:\/\/dorogimedence.hu\/#\/schema\/person\/ce6091eeb7e95ecdc87890d6aa8e0fd4"},"headline":"\u00c9vente \u00f6tven t\u0171z keletkezik t\u0171zij\u00e1t\u00e9k miatt","datePublished":"2021-12-31T09:14:27+00:00","dateModified":"2021-12-31T09:14:45+00:00","mainEntityOfPage":{"@id":"https:\/\/dorogimedence.hu\/index.php\/2021\/12\/31\/evente-otven-tuz-keletkezik-tuzijatek-miatt\/"},"wordCount":1680,"publisher":{"@id":"https:\/\/dorogimedence.hu\/#organization"},"image":{"@id":"https:\/\/dorogimedence.hu\/index.php\/2021\/12\/31\/evente-otven-tuz-keletkezik-tuzijatek-miatt\/#primaryimage"},"thumbnailUrl":"https:\/\/dorogimedence.hu\/wp-content\/uploads\/2021\/12\/sylvester-3882231_1920.jpg","keywords":["featured","felh\u00edv\u00e1s","katasztr\u00f3fav\u00e9delem","rend\u0151rs\u00e9g","t\u0171zij\u00e1t\u00e9k"],"articleSection":["H\u00edrek"],"inLanguage":"hu"},{"@type":"WebPage","@id":"https:\/\/dorogimedence.hu\/index.php\/2021\/12\/31\/evente-otven-tuz-keletkezik-tuzijatek-miatt\/","url":"https:\/\/dorogimedence.hu\/index.php\/2021\/12\/31\/evente-otven-tuz-keletkezik-tuzijatek-miatt\/","name":"\u00c9vente \u00f6tven t\u0171z keletkezik t\u0171zij\u00e1t\u00e9k miatt","isPartOf":{"@id":"https:\/\/dorogimedence.hu\/#website"},"primaryImageOfPage":{"@id":"https:\/\/dorogimedence.hu\/index.php\/2021\/12\/31\/evente-otven-tuz-keletkezik-tuzijatek-miatt\/#primaryimage"},"image":{"@id":"https:\/\/dorogimedence.hu\/index.php\/2021\/12\/31\/evente-otven-tuz-keletkezik-tuzijatek-miatt\/#primaryimage"},"thumbnailUrl":"https:\/\/dorogimedence.hu\/wp-content\/uploads\/2021\/12\/sylvester-3882231_1920.jpg","datePublished":"2021-12-31T09:14:27+00:00","dateModified":"2021-12-31T09:14:45+00:00","breadcrumb":{"@id":"https:\/\/dorogimedence.hu\/index.php\/2021\/12\/31\/evente-otven-tuz-keletkezik-tuzijatek-miatt\/#breadcrumb"},"inLanguage":"hu","potentialAction":[{"@type":"ReadAction","target":["https:\/\/dorogimedence.hu\/index.php\/2021\/12\/31\/evente-otven-tuz-keletkezik-tuzijatek-miatt\/"]}]},{"@type":"ImageObject","inLanguage":"hu","@id":"https:\/\/dorogimedence.hu\/index.php\/2021\/12\/31\/evente-otven-tuz-keletkezik-tuzijatek-miatt\/#primaryimage","url":"https:\/\/dorogimedence.hu\/wp-content\/uploads\/2021\/12\/sylvester-3882231_1920.jpg","contentUrl":"https:\/\/dorogimedence.hu\/wp-content\/uploads\/2021\/12\/sylvester-3882231_1920.jpg","width":1920,"height":1226},{"@type":"BreadcrumbList","@id":"https:\/\/dorogimedence.hu\/index.php\/2021\/12\/31\/evente-otven-tuz-keletkezik-tuzijatek-miatt\/#breadcrumb","itemListElement":[{"@type":"ListItem","position":1,"name":"Kezd\u0151lap","item":"https:\/\/dorogimedence.hu\/"},{"@type":"ListItem","position":2,"name":"\u00c9vente \u00f6tven t\u0171z keletkezik t\u0171zij\u00e1t\u00e9k miatt"}]},{"@type":"WebSite","@id":"https:\/\/dorogimedence.hu\/#website","url":"https:\/\/dorogimedence.hu\/","name":"Dorogi-medence Region\u00e1lis H\u00edrport\u00e1l","description":"Dorog, Keszt\u00f6lc, Le\u00e1nyv\u00e1r, Piliscs\u00e9v, Tokod, Tokodalt\u00e1r\u00f3, Csolnok, Esztergom-kertv\u00e1ros: h\u00edrek, programok","publisher":{"@id":"https:\/\/dorogimedence.hu\/#organization"},"potentialAction":[{"@type":"SearchAction","target":{"@type":"EntryPoint","urlTemplate":"https:\/\/dorogimedence.hu\/?s={search_term_string}"},"query-input":{"@type":"PropertyValueSpecification","valueRequired":true,"valueName":"search_term_string"}}],"inLanguage":"hu"},{"@type":"Organization","@id":"https:\/\/dorogimedence.hu\/#organization","name":"Dorogi-medence Region\u00e1lis H\u00edrport\u00e1l","url":"https:\/\/dorogimedence.hu\/","logo":{"@type":"ImageObject","inLanguage":"hu","@id":"https:\/\/dorogimedence.hu\/#\/schema\/logo\/image\/","url":"https:\/\/dorogimedence.hu\/wp-content\/uploads\/2021\/04\/logo-feher-600.png","contentUrl":"https:\/\/dorogimedence.hu\/wp-content\/uploads\/2021\/04\/logo-feher-600.png","width":600,"height":100,"caption":"Dorogi-medence Region\u00e1lis H\u00edrport\u00e1l"},"image":{"@id":"https:\/\/dorogimedence.hu\/#\/schema\/logo\/image\/"},"sameAs":["https:\/\/www.facebook.com\/dorogimedence\/"]},{"@type":"Person","@id":"https:\/\/dorogimedence.hu\/#\/schema\/person\/ce6091eeb7e95ecdc87890d6aa8e0fd4","name":"dorogimedence.hu","image":{"@type":"ImageObject","inLanguage":"hu","@id":"\/\/www.gravatar.com\/avatar\/d8d45f8901aadff40a4af72c0b826f1d?s=96&#038;r=g&#038;d=mm","url":"\/\/www.gravatar.com\/avatar\/d8d45f8901aadff40a4af72c0b826f1d?s=96&#038;r=g&#038;d=mm","contentUrl":"\/\/www.gravatar.com\/avatar\/d8d45f8901aadff40a4af72c0b826f1d?s=96&#038;r=g&#038;d=mm","caption":"dorogimedence.hu"}}]}},"_links":{"self":[{"href":"https:\/\/dorogimedence.hu\/index.php\/wp-json\/wp\/v2\/posts\/39523","targetHints":{"allow":["GET"]}}],"collection":[{"href":"https:\/\/dorogimedence.hu\/index.php\/wp-json\/wp\/v2\/posts"}],"about":[{"href":"https:\/\/dorogimedence.hu\/index.php\/wp-json\/wp\/v2\/types\/post"}],"author":[{"embeddable":true,"href":"https:\/\/dorogimedence.hu\/index.php\/wp-json\/wp\/v2\/users\/1"}],"replies":[{"embeddable":true,"href":"https:\/\/dorogimedence.hu\/index.php\/wp-json\/wp\/v2\/comments?post=39523"}],"version-history":[{"count":0,"href":"https:\/\/dorogimedence.hu\/index.php\/wp-json\/wp\/v2\/posts\/39523\/revisions"}],"wp:featuredmedia":[{"embeddable":true,"href":"https:\/\/dorogimedence.hu\/index.php\/wp-json\/wp\/v2\/media\/39524"}],"wp:attachment":[{"href":"https:\/\/dorogimedence.hu\/index.php\/wp-json\/wp\/v2\/media?parent=39523"}],"wp:term":[{"taxonomy":"category","embeddable":true,"href":"https:\/\/dorogimedence.hu\/index.php\/wp-json\/wp\/v2\/categories?post=39523"},{"taxonomy":"post_tag","embeddable":true,"href":"https:\/\/dorogimedence.hu\/index.php\/wp-json\/wp\/v2\/tags?post=39523"}],"curies":[{"name":"wp","href":"https:\/\/api.w.org\/{rel}","templated":true}]}}