{"id":39510,"date":"2021-12-30T11:41:00","date_gmt":"2021-12-30T10:41:00","guid":{"rendered":"https:\/\/dorogimedence.hu\/?p=39510"},"modified":"2021-12-30T11:41:07","modified_gmt":"2021-12-30T10:41:07","slug":"parjaval-ertekesitette-a-kabitoszert-dorogon","status":"publish","type":"post","link":"https:\/\/dorogimedence.hu\/index.php\/2021\/12\/30\/parjaval-ertekesitette-a-kabitoszert-dorogon\/","title":{"rendered":"P\u00e1rj\u00e1val \u00e9rt\u00e9kes\u00edtette a k\u00e1b\u00edt\u00f3szert Dorogon"},"content":{"rendered":"<p><strong>Meghosszabb\u00edthatj\u00e1k a letart\u00f3ztat\u00e1s\u00e1t annak a dorogi f\u00e9rfinak, aki \u00e9lett\u00e1rs\u00e1val rendszeresen \u00e9rt\u00e9kes\u00edtett marihu\u00e1n\u00e1t \u00e9s amfetamint.<\/strong><\/p>\n<p>Az ind\u00edtv\u00e1ny szerint a dorogi f\u00e9rfi az \u00e9lett\u00e1rs\u00e1val egy\u00fctt a dorogi alb\u00e9rlet\u00fckben \u00e9rt\u00e9kes\u00edtettek&nbsp;marihu\u00e1n\u00e1t \u00e9s amfetamint. A f\u00e9rfi 2019. \u00e9vben arra k\u00e9rte \u00e9lett\u00e1rs\u00e1t, hogy a hozz\u00e1juk \u00e9rkez\u0151 fogyaszt\u00f3knak adja \u00e1t az el\u0151re \u00f6sszek\u00e9sz\u00edtett csomagot \u00e9s eset\u00e9nk\u00e9nt vegye \u00e1t azok ellen\u00e9rt\u00e9k\u00e9t, a n\u0151 ennek mintegy 20 alkalommal eleget is tett. El\u0151fordult az is, hogy a n\u0151 v\u00e9gezte a k\u00e1b\u00edt\u00f3szerek kim\u00e9r\u00e9s\u00e9t \u00e9s azok csomagol\u00e1s\u00e1t.<\/p>\n<p>A dorogi f\u00e9rfi a k\u00e1b\u00edt\u00f3szer \u00e9rt\u00e9kes\u00edt\u00e9s\u00e9b\u0151l befolyt p\u00e9nzb\u0151l fizette az alb\u00e9rlet k\u00f6lts\u00e9geit, valamint v\u00e1s\u00e1rolt 3,5 milli\u00f3 forint\u00e9rt egy ingatlant, \u00e9s 500.000 Ft-\u00e9rt egy g\u00e9pkocsit.<\/p>\n<p>A b\u00edr\u00f3s\u00e1g az \u00fcgy\u00e9szs\u00e9g ind\u00edtv\u00e1ny\u00e1ra legut\u00f3bb 2022. janu\u00e1r 9-ig hosszabb\u00edtotta meg a k\u00e9nyszerint\u00e9zked\u00e9st. Az \u00fcgy\u00e9szs\u00e9g ind\u00edtv\u00e1nyozta, hogy az Esztergomi J\u00e1r\u00e1sb\u00edr\u00f3s\u00e1g a dorogi f\u00e9rfi letart\u00f3ztat\u00e1s\u00e1t h\u00e1rom h\u00f3nappal hosszabb\u00edtsa meg.<\/p>\n<p>Az \u00fcgy\u00e9szs\u00e9g ind\u00edtv\u00e1nya t\u00e1rgy\u00e1ban a b\u00edr\u00f3s\u00e1g \u00fcl\u00e9st fog tartani, azon a gyan\u00fas\u00edtottat meghallgatja, azt k\u00f6vet\u0151en hozza meg v\u00e9gz\u00e9s\u00e9t.<\/p>\n<p><img fetchpriority=\"high\" decoding=\"async\" class=\"alignnone size-full wp-image-39512\" src=\"https:\/\/dorogimedence.hu\/wp-content\/uploads\/2021\/12\/foto-4_logo.jpg\" alt=\"\" width=\"899\" height=\"605\" srcset=\"https:\/\/dorogimedence.hu\/wp-content\/uploads\/2021\/12\/foto-4_logo.jpg 899w, https:\/\/dorogimedence.hu\/wp-content\/uploads\/2021\/12\/foto-4_logo-300x202.jpg 300w, https:\/\/dorogimedence.hu\/wp-content\/uploads\/2021\/12\/foto-4_logo-768x517.jpg 768w, https:\/\/dorogimedence.hu\/wp-content\/uploads\/2021\/12\/foto-4_logo-150x101.jpg 150w, https:\/\/dorogimedence.hu\/wp-content\/uploads\/2021\/12\/foto-4_logo-450x303.jpg 450w, https:\/\/dorogimedence.hu\/wp-content\/uploads\/2021\/12\/foto-4_logo-272x182.jpg 272w\" sizes=\"(max-width: 899px) 100vw, 899px\" \/><\/p>\n<p><em>Fot\u00f3k, forr\u00e1s: Kom\u00e1rom-Esztergom Megyei F\u0151\u00fcgy\u00e9szs\u00e9g<\/em><\/p>\n","protected":false},"excerpt":{"rendered":"<p>Meghosszabb\u00edthatj\u00e1k a letart\u00f3ztat\u00e1s\u00e1t annak a dorogi f\u00e9rfinak, aki \u00e9lett\u00e1rs\u00e1val rendszeresen \u00e9rt\u00e9kes\u00edtett marihu\u00e1n\u00e1t \u00e9s amfetamint. Az ind\u00edtv\u00e1ny szerint a dorogi f\u00e9rfi az \u00e9lett\u00e1rs\u00e1val egy\u00fctt a dorogi alb\u00e9rlet\u00fckben \u00e9rt\u00e9kes\u00edtettek&nbsp;marihu\u00e1n\u00e1t \u00e9s amfetamint. A f\u00e9rfi 2019. \u00e9vben arra k\u00e9rte \u00e9lett\u00e1rs\u00e1t, hogy a hozz\u00e1juk \u00e9rkez\u0151 fogyaszt\u00f3knak adja \u00e1t az el\u0151re \u00f6sszek\u00e9sz\u00edtett csomagot \u00e9s eset\u00e9nk\u00e9nt vegye \u00e1t azok ellen\u00e9rt\u00e9k\u00e9t, a n\u0151<\/p>\n","protected":false},"author":1,"featured_media":39511,"comment_status":"closed","ping_status":"closed","sticky":false,"template":"","format":"standard","meta":{"ngg_post_thumbnail":0,"footnotes":""},"categories":[2,3,39],"tags":[1042,63,15,528,61,326],"class_list":{"0":"post-39510","1":"post","2":"type-post","3":"status-publish","4":"format-standard","5":"has-post-thumbnail","7":"category-dorog","8":"category-hirek","9":"category-kek-hirek","10":"tag-birosag","11":"tag-buncselekmeny","12":"tag-dorog","13":"tag-kabitoszer","14":"tag-rendorsegi-hirek","15":"tag-ugyeszseg"},"yoast_head":"<!-- This site is optimized with the Yoast SEO plugin v27.5 - https:\/\/yoast.com\/product\/yoast-seo-wordpress\/ -->\n<title>P\u00e1rj\u00e1val \u00e9rt\u00e9kes\u00edtette a k\u00e1b\u00edt\u00f3szert Dorogon<\/title>\n<meta name=\"robots\" content=\"index, follow, max-snippet:-1, max-image-preview:large, max-video-preview:-1\" \/>\n<link rel=\"canonical\" href=\"https:\/\/dorogimedence.hu\/index.php\/2021\/12\/30\/parjaval-ertekesitette-a-kabitoszert-dorogon\/\" class=\"yoast-seo-meta-tag\" \/>\n<meta property=\"og:locale\" content=\"hu_HU\" class=\"yoast-seo-meta-tag\" \/>\n<meta property=\"og:type\" content=\"article\" class=\"yoast-seo-meta-tag\" \/>\n<meta property=\"og:title\" content=\"P\u00e1rj\u00e1val \u00e9rt\u00e9kes\u00edtette a k\u00e1b\u00edt\u00f3szert Dorogon\" class=\"yoast-seo-meta-tag\" \/>\n<meta property=\"og:description\" content=\"Meghosszabb\u00edthatj\u00e1k a letart\u00f3ztat\u00e1s\u00e1t annak a dorogi f\u00e9rfinak, aki \u00e9lett\u00e1rs\u00e1val rendszeresen \u00e9rt\u00e9kes\u00edtett marihu\u00e1n\u00e1t \u00e9s amfetamint. Az ind\u00edtv\u00e1ny szerint a dorogi f\u00e9rfi az \u00e9lett\u00e1rs\u00e1val egy\u00fctt a dorogi alb\u00e9rlet\u00fckben \u00e9rt\u00e9kes\u00edtettek&nbsp;marihu\u00e1n\u00e1t \u00e9s amfetamint. A f\u00e9rfi 2019. \u00e9vben arra k\u00e9rte \u00e9lett\u00e1rs\u00e1t, hogy a hozz\u00e1juk \u00e9rkez\u0151 fogyaszt\u00f3knak adja \u00e1t az el\u0151re \u00f6sszek\u00e9sz\u00edtett csomagot \u00e9s eset\u00e9nk\u00e9nt vegye \u00e1t azok ellen\u00e9rt\u00e9k\u00e9t, a n\u0151\" class=\"yoast-seo-meta-tag\" \/>\n<meta property=\"og:url\" content=\"https:\/\/dorogimedence.hu\/index.php\/2021\/12\/30\/parjaval-ertekesitette-a-kabitoszert-dorogon\/\" class=\"yoast-seo-meta-tag\" \/>\n<meta property=\"og:site_name\" content=\"Dorogi-medence Region\u00e1lis H\u00edrport\u00e1l\" class=\"yoast-seo-meta-tag\" \/>\n<meta property=\"article:publisher\" content=\"https:\/\/www.facebook.com\/dorogimedence\/\" class=\"yoast-seo-meta-tag\" \/>\n<meta property=\"article:published_time\" content=\"2021-12-30T10:41:00+00:00\" class=\"yoast-seo-meta-tag\" \/>\n<meta property=\"article:modified_time\" content=\"2021-12-30T10:41:07+00:00\" class=\"yoast-seo-meta-tag\" \/>\n<meta property=\"og:image\" content=\"https:\/\/i0.wp.com\/dorogimedence.hu\/wp-content\/uploads\/2021\/12\/foto-6_logo-1024x676-1.jpg?fit=1024%2C676&ssl=1\" class=\"yoast-seo-meta-tag\" \/>\n\t<meta property=\"og:image:width\" content=\"1024\" class=\"yoast-seo-meta-tag\" \/>\n\t<meta property=\"og:image:height\" content=\"676\" class=\"yoast-seo-meta-tag\" \/>\n\t<meta property=\"og:image:type\" content=\"image\/jpeg\" class=\"yoast-seo-meta-tag\" \/>\n<meta name=\"author\" content=\"dorogimedence.hu\" class=\"yoast-seo-meta-tag\" \/>\n<meta name=\"twitter:card\" content=\"summary_large_image\" class=\"yoast-seo-meta-tag\" \/>\n<meta name=\"twitter:label1\" content=\"Szerz\u0151:\" class=\"yoast-seo-meta-tag\" \/>\n\t<meta name=\"twitter:data1\" content=\"dorogimedence.hu\" class=\"yoast-seo-meta-tag\" \/>\n\t<meta name=\"twitter:label2\" content=\"Becs\u00fclt olvas\u00e1si id\u0151\" class=\"yoast-seo-meta-tag\" \/>\n\t<meta name=\"twitter:data2\" content=\"1 perc\" class=\"yoast-seo-meta-tag\" \/>\n<script type=\"application\/ld+json\" class=\"yoast-schema-graph\">{\"@context\":\"https:\\\/\\\/schema.org\",\"@graph\":[{\"@type\":\"Article\",\"@id\":\"https:\\\/\\\/dorogimedence.hu\\\/index.php\\\/2021\\\/12\\\/30\\\/parjaval-ertekesitette-a-kabitoszert-dorogon\\\/#article\",\"isPartOf\":{\"@id\":\"https:\\\/\\\/dorogimedence.hu\\\/index.php\\\/2021\\\/12\\\/30\\\/parjaval-ertekesitette-a-kabitoszert-dorogon\\\/\"},\"author\":{\"name\":\"dorogimedence.hu\",\"@id\":\"https:\\\/\\\/dorogimedence.hu\\\/#\\\/schema\\\/person\\\/ce6091eeb7e95ecdc87890d6aa8e0fd4\"},\"headline\":\"P\u00e1rj\u00e1val \u00e9rt\u00e9kes\u00edtette a k\u00e1b\u00edt\u00f3szert Dorogon\",\"datePublished\":\"2021-12-30T10:41:00+00:00\",\"dateModified\":\"2021-12-30T10:41:07+00:00\",\"mainEntityOfPage\":{\"@id\":\"https:\\\/\\\/dorogimedence.hu\\\/index.php\\\/2021\\\/12\\\/30\\\/parjaval-ertekesitette-a-kabitoszert-dorogon\\\/\"},\"wordCount\":279,\"publisher\":{\"@id\":\"https:\\\/\\\/dorogimedence.hu\\\/#organization\"},\"image\":{\"@id\":\"https:\\\/\\\/dorogimedence.hu\\\/index.php\\\/2021\\\/12\\\/30\\\/parjaval-ertekesitette-a-kabitoszert-dorogon\\\/#primaryimage\"},\"thumbnailUrl\":\"https:\\\/\\\/dorogimedence.hu\\\/wp-content\\\/uploads\\\/2021\\\/12\\\/foto-6_logo-1024x676-1.jpg\",\"keywords\":[\"b\u00edr\u00f3s\u00e1g\",\"b\u0171ncselekm\u00e9ny\",\"Dorog\",\"k\u00e1b\u00edt\u00f3szer\",\"rend\u0151rs\u00e9gi h\u00edrek\",\"\u00fcgy\u00e9szs\u00e9g\"],\"articleSection\":[\"Dorog\",\"H\u00edrek\",\"K\u00e9k h\u00edrek\"],\"inLanguage\":\"hu\"},{\"@type\":\"WebPage\",\"@id\":\"https:\\\/\\\/dorogimedence.hu\\\/index.php\\\/2021\\\/12\\\/30\\\/parjaval-ertekesitette-a-kabitoszert-dorogon\\\/\",\"url\":\"https:\\\/\\\/dorogimedence.hu\\\/index.php\\\/2021\\\/12\\\/30\\\/parjaval-ertekesitette-a-kabitoszert-dorogon\\\/\",\"name\":\"P\u00e1rj\u00e1val \u00e9rt\u00e9kes\u00edtette a k\u00e1b\u00edt\u00f3szert Dorogon\",\"isPartOf\":{\"@id\":\"https:\\\/\\\/dorogimedence.hu\\\/#website\"},\"primaryImageOfPage\":{\"@id\":\"https:\\\/\\\/dorogimedence.hu\\\/index.php\\\/2021\\\/12\\\/30\\\/parjaval-ertekesitette-a-kabitoszert-dorogon\\\/#primaryimage\"},\"image\":{\"@id\":\"https:\\\/\\\/dorogimedence.hu\\\/index.php\\\/2021\\\/12\\\/30\\\/parjaval-ertekesitette-a-kabitoszert-dorogon\\\/#primaryimage\"},\"thumbnailUrl\":\"https:\\\/\\\/dorogimedence.hu\\\/wp-content\\\/uploads\\\/2021\\\/12\\\/foto-6_logo-1024x676-1.jpg\",\"datePublished\":\"2021-12-30T10:41:00+00:00\",\"dateModified\":\"2021-12-30T10:41:07+00:00\",\"breadcrumb\":{\"@id\":\"https:\\\/\\\/dorogimedence.hu\\\/index.php\\\/2021\\\/12\\\/30\\\/parjaval-ertekesitette-a-kabitoszert-dorogon\\\/#breadcrumb\"},\"inLanguage\":\"hu\",\"potentialAction\":[{\"@type\":\"ReadAction\",\"target\":[\"https:\\\/\\\/dorogimedence.hu\\\/index.php\\\/2021\\\/12\\\/30\\\/parjaval-ertekesitette-a-kabitoszert-dorogon\\\/\"]}]},{\"@type\":\"ImageObject\",\"inLanguage\":\"hu\",\"@id\":\"https:\\\/\\\/dorogimedence.hu\\\/index.php\\\/2021\\\/12\\\/30\\\/parjaval-ertekesitette-a-kabitoszert-dorogon\\\/#primaryimage\",\"url\":\"https:\\\/\\\/dorogimedence.hu\\\/wp-content\\\/uploads\\\/2021\\\/12\\\/foto-6_logo-1024x676-1.jpg\",\"contentUrl\":\"https:\\\/\\\/dorogimedence.hu\\\/wp-content\\\/uploads\\\/2021\\\/12\\\/foto-6_logo-1024x676-1.jpg\",\"width\":1024,\"height\":676},{\"@type\":\"BreadcrumbList\",\"@id\":\"https:\\\/\\\/dorogimedence.hu\\\/index.php\\\/2021\\\/12\\\/30\\\/parjaval-ertekesitette-a-kabitoszert-dorogon\\\/#breadcrumb\",\"itemListElement\":[{\"@type\":\"ListItem\",\"position\":1,\"name\":\"Kezd\u0151lap\",\"item\":\"https:\\\/\\\/dorogimedence.hu\\\/\"},{\"@type\":\"ListItem\",\"position\":2,\"name\":\"P\u00e1rj\u00e1val \u00e9rt\u00e9kes\u00edtette a k\u00e1b\u00edt\u00f3szert Dorogon\"}]},{\"@type\":\"WebSite\",\"@id\":\"https:\\\/\\\/dorogimedence.hu\\\/#website\",\"url\":\"https:\\\/\\\/dorogimedence.hu\\\/\",\"name\":\"Dorogi-medence Region\u00e1lis H\u00edrport\u00e1l\",\"description\":\"Dorog, Keszt\u00f6lc, Le\u00e1nyv\u00e1r, Piliscs\u00e9v, Tokod, Tokodalt\u00e1r\u00f3, Csolnok, Esztergom-kertv\u00e1ros: h\u00edrek, programok\",\"publisher\":{\"@id\":\"https:\\\/\\\/dorogimedence.hu\\\/#organization\"},\"potentialAction\":[{\"@type\":\"SearchAction\",\"target\":{\"@type\":\"EntryPoint\",\"urlTemplate\":\"https:\\\/\\\/dorogimedence.hu\\\/?s={search_term_string}\"},\"query-input\":{\"@type\":\"PropertyValueSpecification\",\"valueRequired\":true,\"valueName\":\"search_term_string\"}}],\"inLanguage\":\"hu\"},{\"@type\":\"Organization\",\"@id\":\"https:\\\/\\\/dorogimedence.hu\\\/#organization\",\"name\":\"Dorogi-medence Region\u00e1lis H\u00edrport\u00e1l\",\"url\":\"https:\\\/\\\/dorogimedence.hu\\\/\",\"logo\":{\"@type\":\"ImageObject\",\"inLanguage\":\"hu\",\"@id\":\"https:\\\/\\\/dorogimedence.hu\\\/#\\\/schema\\\/logo\\\/image\\\/\",\"url\":\"https:\\\/\\\/dorogimedence.hu\\\/wp-content\\\/uploads\\\/2021\\\/04\\\/logo-feher-600.png\",\"contentUrl\":\"https:\\\/\\\/dorogimedence.hu\\\/wp-content\\\/uploads\\\/2021\\\/04\\\/logo-feher-600.png\",\"width\":600,\"height\":100,\"caption\":\"Dorogi-medence Region\u00e1lis H\u00edrport\u00e1l\"},\"image\":{\"@id\":\"https:\\\/\\\/dorogimedence.hu\\\/#\\\/schema\\\/logo\\\/image\\\/\"},\"sameAs\":[\"https:\\\/\\\/www.facebook.com\\\/dorogimedence\\\/\"]},{\"@type\":\"Person\",\"@id\":\"https:\\\/\\\/dorogimedence.hu\\\/#\\\/schema\\\/person\\\/ce6091eeb7e95ecdc87890d6aa8e0fd4\",\"name\":\"dorogimedence.hu\",\"image\":{\"@type\":\"ImageObject\",\"inLanguage\":\"hu\",\"@id\":\"\\\/\\\/www.gravatar.com\\\/avatar\\\/d8d45f8901aadff40a4af72c0b826f1d?s=96&#038;r=g&#038;d=mm\",\"url\":\"\\\/\\\/www.gravatar.com\\\/avatar\\\/d8d45f8901aadff40a4af72c0b826f1d?s=96&#038;r=g&#038;d=mm\",\"contentUrl\":\"\\\/\\\/www.gravatar.com\\\/avatar\\\/d8d45f8901aadff40a4af72c0b826f1d?s=96&#038;r=g&#038;d=mm\",\"caption\":\"dorogimedence.hu\"}}]}<\/script>\n<!-- \/ Yoast SEO plugin. -->","yoast_head_json":{"title":"P\u00e1rj\u00e1val \u00e9rt\u00e9kes\u00edtette a k\u00e1b\u00edt\u00f3szert Dorogon","robots":{"index":"index","follow":"follow","max-snippet":"max-snippet:-1","max-image-preview":"max-image-preview:large","max-video-preview":"max-video-preview:-1"},"canonical":"https:\/\/dorogimedence.hu\/index.php\/2021\/12\/30\/parjaval-ertekesitette-a-kabitoszert-dorogon\/","og_locale":"hu_HU","og_type":"article","og_title":"P\u00e1rj\u00e1val \u00e9rt\u00e9kes\u00edtette a k\u00e1b\u00edt\u00f3szert Dorogon","og_description":"Meghosszabb\u00edthatj\u00e1k a letart\u00f3ztat\u00e1s\u00e1t annak a dorogi f\u00e9rfinak, aki \u00e9lett\u00e1rs\u00e1val rendszeresen \u00e9rt\u00e9kes\u00edtett marihu\u00e1n\u00e1t \u00e9s amfetamint. Az ind\u00edtv\u00e1ny szerint a dorogi f\u00e9rfi az \u00e9lett\u00e1rs\u00e1val egy\u00fctt a dorogi alb\u00e9rlet\u00fckben \u00e9rt\u00e9kes\u00edtettek&nbsp;marihu\u00e1n\u00e1t \u00e9s amfetamint. A f\u00e9rfi 2019. \u00e9vben arra k\u00e9rte \u00e9lett\u00e1rs\u00e1t, hogy a hozz\u00e1juk \u00e9rkez\u0151 fogyaszt\u00f3knak adja \u00e1t az el\u0151re \u00f6sszek\u00e9sz\u00edtett csomagot \u00e9s eset\u00e9nk\u00e9nt vegye \u00e1t azok ellen\u00e9rt\u00e9k\u00e9t, a n\u0151","og_url":"https:\/\/dorogimedence.hu\/index.php\/2021\/12\/30\/parjaval-ertekesitette-a-kabitoszert-dorogon\/","og_site_name":"Dorogi-medence Region\u00e1lis H\u00edrport\u00e1l","article_publisher":"https:\/\/www.facebook.com\/dorogimedence\/","article_published_time":"2021-12-30T10:41:00+00:00","article_modified_time":"2021-12-30T10:41:07+00:00","og_image":[{"width":1024,"height":676,"url":"https:\/\/i0.wp.com\/dorogimedence.hu\/wp-content\/uploads\/2021\/12\/foto-6_logo-1024x676-1.jpg?fit=1024%2C676&ssl=1","type":"image\/jpeg"}],"author":"dorogimedence.hu","twitter_card":"summary_large_image","twitter_misc":{"Szerz\u0151:":"dorogimedence.hu","Becs\u00fclt olvas\u00e1si id\u0151":"1 perc"},"schema":{"@context":"https:\/\/schema.org","@graph":[{"@type":"Article","@id":"https:\/\/dorogimedence.hu\/index.php\/2021\/12\/30\/parjaval-ertekesitette-a-kabitoszert-dorogon\/#article","isPartOf":{"@id":"https:\/\/dorogimedence.hu\/index.php\/2021\/12\/30\/parjaval-ertekesitette-a-kabitoszert-dorogon\/"},"author":{"name":"dorogimedence.hu","@id":"https:\/\/dorogimedence.hu\/#\/schema\/person\/ce6091eeb7e95ecdc87890d6aa8e0fd4"},"headline":"P\u00e1rj\u00e1val \u00e9rt\u00e9kes\u00edtette a k\u00e1b\u00edt\u00f3szert Dorogon","datePublished":"2021-12-30T10:41:00+00:00","dateModified":"2021-12-30T10:41:07+00:00","mainEntityOfPage":{"@id":"https:\/\/dorogimedence.hu\/index.php\/2021\/12\/30\/parjaval-ertekesitette-a-kabitoszert-dorogon\/"},"wordCount":279,"publisher":{"@id":"https:\/\/dorogimedence.hu\/#organization"},"image":{"@id":"https:\/\/dorogimedence.hu\/index.php\/2021\/12\/30\/parjaval-ertekesitette-a-kabitoszert-dorogon\/#primaryimage"},"thumbnailUrl":"https:\/\/dorogimedence.hu\/wp-content\/uploads\/2021\/12\/foto-6_logo-1024x676-1.jpg","keywords":["b\u00edr\u00f3s\u00e1g","b\u0171ncselekm\u00e9ny","Dorog","k\u00e1b\u00edt\u00f3szer","rend\u0151rs\u00e9gi h\u00edrek","\u00fcgy\u00e9szs\u00e9g"],"articleSection":["Dorog","H\u00edrek","K\u00e9k h\u00edrek"],"inLanguage":"hu"},{"@type":"WebPage","@id":"https:\/\/dorogimedence.hu\/index.php\/2021\/12\/30\/parjaval-ertekesitette-a-kabitoszert-dorogon\/","url":"https:\/\/dorogimedence.hu\/index.php\/2021\/12\/30\/parjaval-ertekesitette-a-kabitoszert-dorogon\/","name":"P\u00e1rj\u00e1val \u00e9rt\u00e9kes\u00edtette a k\u00e1b\u00edt\u00f3szert Dorogon","isPartOf":{"@id":"https:\/\/dorogimedence.hu\/#website"},"primaryImageOfPage":{"@id":"https:\/\/dorogimedence.hu\/index.php\/2021\/12\/30\/parjaval-ertekesitette-a-kabitoszert-dorogon\/#primaryimage"},"image":{"@id":"https:\/\/dorogimedence.hu\/index.php\/2021\/12\/30\/parjaval-ertekesitette-a-kabitoszert-dorogon\/#primaryimage"},"thumbnailUrl":"https:\/\/dorogimedence.hu\/wp-content\/uploads\/2021\/12\/foto-6_logo-1024x676-1.jpg","datePublished":"2021-12-30T10:41:00+00:00","dateModified":"2021-12-30T10:41:07+00:00","breadcrumb":{"@id":"https:\/\/dorogimedence.hu\/index.php\/2021\/12\/30\/parjaval-ertekesitette-a-kabitoszert-dorogon\/#breadcrumb"},"inLanguage":"hu","potentialAction":[{"@type":"ReadAction","target":["https:\/\/dorogimedence.hu\/index.php\/2021\/12\/30\/parjaval-ertekesitette-a-kabitoszert-dorogon\/"]}]},{"@type":"ImageObject","inLanguage":"hu","@id":"https:\/\/dorogimedence.hu\/index.php\/2021\/12\/30\/parjaval-ertekesitette-a-kabitoszert-dorogon\/#primaryimage","url":"https:\/\/dorogimedence.hu\/wp-content\/uploads\/2021\/12\/foto-6_logo-1024x676-1.jpg","contentUrl":"https:\/\/dorogimedence.hu\/wp-content\/uploads\/2021\/12\/foto-6_logo-1024x676-1.jpg","width":1024,"height":676},{"@type":"BreadcrumbList","@id":"https:\/\/dorogimedence.hu\/index.php\/2021\/12\/30\/parjaval-ertekesitette-a-kabitoszert-dorogon\/#breadcrumb","itemListElement":[{"@type":"ListItem","position":1,"name":"Kezd\u0151lap","item":"https:\/\/dorogimedence.hu\/"},{"@type":"ListItem","position":2,"name":"P\u00e1rj\u00e1val \u00e9rt\u00e9kes\u00edtette a k\u00e1b\u00edt\u00f3szert Dorogon"}]},{"@type":"WebSite","@id":"https:\/\/dorogimedence.hu\/#website","url":"https:\/\/dorogimedence.hu\/","name":"Dorogi-medence Region\u00e1lis H\u00edrport\u00e1l","description":"Dorog, Keszt\u00f6lc, Le\u00e1nyv\u00e1r, Piliscs\u00e9v, Tokod, Tokodalt\u00e1r\u00f3, Csolnok, Esztergom-kertv\u00e1ros: h\u00edrek, programok","publisher":{"@id":"https:\/\/dorogimedence.hu\/#organization"},"potentialAction":[{"@type":"SearchAction","target":{"@type":"EntryPoint","urlTemplate":"https:\/\/dorogimedence.hu\/?s={search_term_string}"},"query-input":{"@type":"PropertyValueSpecification","valueRequired":true,"valueName":"search_term_string"}}],"inLanguage":"hu"},{"@type":"Organization","@id":"https:\/\/dorogimedence.hu\/#organization","name":"Dorogi-medence Region\u00e1lis H\u00edrport\u00e1l","url":"https:\/\/dorogimedence.hu\/","logo":{"@type":"ImageObject","inLanguage":"hu","@id":"https:\/\/dorogimedence.hu\/#\/schema\/logo\/image\/","url":"https:\/\/dorogimedence.hu\/wp-content\/uploads\/2021\/04\/logo-feher-600.png","contentUrl":"https:\/\/dorogimedence.hu\/wp-content\/uploads\/2021\/04\/logo-feher-600.png","width":600,"height":100,"caption":"Dorogi-medence Region\u00e1lis H\u00edrport\u00e1l"},"image":{"@id":"https:\/\/dorogimedence.hu\/#\/schema\/logo\/image\/"},"sameAs":["https:\/\/www.facebook.com\/dorogimedence\/"]},{"@type":"Person","@id":"https:\/\/dorogimedence.hu\/#\/schema\/person\/ce6091eeb7e95ecdc87890d6aa8e0fd4","name":"dorogimedence.hu","image":{"@type":"ImageObject","inLanguage":"hu","@id":"\/\/www.gravatar.com\/avatar\/d8d45f8901aadff40a4af72c0b826f1d?s=96&#038;r=g&#038;d=mm","url":"\/\/www.gravatar.com\/avatar\/d8d45f8901aadff40a4af72c0b826f1d?s=96&#038;r=g&#038;d=mm","contentUrl":"\/\/www.gravatar.com\/avatar\/d8d45f8901aadff40a4af72c0b826f1d?s=96&#038;r=g&#038;d=mm","caption":"dorogimedence.hu"}}]}},"_links":{"self":[{"href":"https:\/\/dorogimedence.hu\/index.php\/wp-json\/wp\/v2\/posts\/39510","targetHints":{"allow":["GET"]}}],"collection":[{"href":"https:\/\/dorogimedence.hu\/index.php\/wp-json\/wp\/v2\/posts"}],"about":[{"href":"https:\/\/dorogimedence.hu\/index.php\/wp-json\/wp\/v2\/types\/post"}],"author":[{"embeddable":true,"href":"https:\/\/dorogimedence.hu\/index.php\/wp-json\/wp\/v2\/users\/1"}],"replies":[{"embeddable":true,"href":"https:\/\/dorogimedence.hu\/index.php\/wp-json\/wp\/v2\/comments?post=39510"}],"version-history":[{"count":0,"href":"https:\/\/dorogimedence.hu\/index.php\/wp-json\/wp\/v2\/posts\/39510\/revisions"}],"wp:featuredmedia":[{"embeddable":true,"href":"https:\/\/dorogimedence.hu\/index.php\/wp-json\/wp\/v2\/media\/39511"}],"wp:attachment":[{"href":"https:\/\/dorogimedence.hu\/index.php\/wp-json\/wp\/v2\/media?parent=39510"}],"wp:term":[{"taxonomy":"category","embeddable":true,"href":"https:\/\/dorogimedence.hu\/index.php\/wp-json\/wp\/v2\/categories?post=39510"},{"taxonomy":"post_tag","embeddable":true,"href":"https:\/\/dorogimedence.hu\/index.php\/wp-json\/wp\/v2\/tags?post=39510"}],"curies":[{"name":"wp","href":"https:\/\/api.w.org\/{rel}","templated":true}]}}