{"id":39501,"date":"2021-12-29T10:59:17","date_gmt":"2021-12-29T09:59:17","guid":{"rendered":"https:\/\/dorogimedence.hu\/?p=39501"},"modified":"2021-12-29T10:59:29","modified_gmt":"2021-12-29T09:59:29","slug":"az-ev-vegen-nagyobb-utasforgalomra-szamit-a-mav-volan-csoport","status":"publish","type":"post","link":"https:\/\/dorogimedence.hu\/index.php\/2021\/12\/29\/az-ev-vegen-nagyobb-utasforgalomra-szamit-a-mav-volan-csoport\/","title":{"rendered":"Az \u00e9v v\u00e9g\u00e9n nagyobb utasforgalomra sz\u00e1m\u00edt a M\u00c1V-Vol\u00e1n csoport"},"content":{"rendered":"<p><strong>Szilveszterkor, \u00faj\u00e9vkor \u00e9s janu\u00e1r 2-\u00e1n is j\u00f3val nagyobb utasforgalom v\u00e1rhat\u00f3, ez\u00e9rt a M\u00c1V \u00e9s a Vol\u00e1nbusz arra k\u00e9ri utasait, hogy id\u0151ben tervezz\u00e9k meg utaz\u00e1sukat, \u00e9s indul\u00e1s el\u0151tt t\u00e1j\u00e9koz\u00f3djanak a menetrendv\u00e1ltoz\u00e1sr\u00f3l. \u00c9rdemes a menetjegyek megv\u00e1s\u00e1rl\u00e1s\u00e1r\u00f3l is id\u0151ben gondoskodni, biztos\u00edtva a helyet az utaz\u00e1sra. A p\u00e9nzt\u00e1rak el\u0151tti sorban \u00e1ll\u00e1s elker\u00fcl\u00e9se \u00e9rdek\u00e9ben a menetjegy el\u0151v\u00e9telben, online \u00e9s mobilon is k\u00e9nyelmesen megv\u00e1lthat\u00f3. A decemberi dolgoz\u00f3- \u00e9s tanul\u00f3b\u00e9rleteket janu\u00e1r 5. helyett 7-ig fogadj\u00e1k el a vonatokon \u00e9s a helyk\u00f6zi buszj\u00e1ratokon, megk\u00f6nny\u00edtve az utasok sorban \u00e1ll\u00e1s n\u00e9lk\u00fcli b\u00e9rletv\u00e1s\u00e1rl\u00e1s\u00e1t az \u00faj \u00e9v els\u0151 napjaiban. <\/strong><\/p>\n<p>\u00c9rdemes el\u0151v\u00e9telben megv\u00e1ltani a menetjegyeket. Vas\u00fati jegyv\u00e1lt\u00e1shoz az utasok 5 sz\u00e1zal\u00e9kos kedvezm\u00e9nnyel haszn\u00e1lhatj\u00e1k az automat\u00e1kat, \u00e9s 10 sz\u00e1zal\u00e9kos kedvezm\u00e9nnyel vehetik ig\u00e9nybe az <a href=\"https:\/\/www.mavcsoport.hu\/mav-start\/belfoldi-utazas\/vegye-meg-interneten-vonatjegyet\">online jegyv\u00e1s\u00e1rl\u00e1st<\/a> a <a href=\"https:\/\/jegy.mav.hu\/\">meg\u00fajult Elvir\u00e1n<\/a> vagy a <a href=\"https:\/\/www.mavcsoport.hu\/mav-start\/belfoldi-utazas\/mav-applikacio-mindent-tudo-vasuti-utazastervezo\">M\u00c1V applik\u00e1ci\u00f3ban<\/a> is. Az \u00f6nkiszolg\u00e1l\u00f3 csatorn\u00e1kon t\u00f6rt\u00e9n\u0151 jegyv\u00e1s\u00e1rl\u00e1s nem j\u00e1r szem\u00e9lyes \u00e9rintkez\u00e9ssel, az ilyen m\u00f3don t\u00f6rt\u00e9n\u0151 jegyv\u00e1s\u00e1rl\u00e1ssal az utasok cs\u00f6kkenthetik a fert\u0151z\u00e9s kock\u00e1zat\u00e1t is. A meg\u00fajult Elvir\u00e1n m\u00e1r figyelhet\u0151 az adott vonat \u00fcl\u0151hely-foglalts\u00e1ga a helyjegy elad\u00e1sok alapj\u00e1n, \u00edgy az utasok v\u00e1laszthatnak elegend\u0151 kapacit\u00e1ssal k\u00f6zleked\u0151 (InterCity, railjet) vonatokat.<\/p>\n<p>A gyermekek, csal\u00e1dosok, tanul\u00f3k, di\u00e1k- \u00e9s feln\u0151tt csoportok, nyugd\u00edjasok is \u00e9lhetnek a szok\u00e1sos kedvezm\u00e9nyrendszerrel. A m\u00e1r nem tanul\u00f3 26 \u00e9ven aluliak a 33 sz\u00e1zal\u00e9kos h\u00e9tv\u00e9gi kedvezm\u00e9nyt janu\u00e1r 2-\u00e1n \u00e9jf\u00e9lig vehetik ig\u00e9nybe.<\/p>\n<p>A szilveszterez\u0151knek a vas\u00fatt\u00e1rsas\u00e1g a biztons\u00e1gos hazajut\u00e1s \u00e9rdek\u00e9ben az \u00e9jszakai, hajnali vonatok ig\u00e9nybe v\u00e9tel\u00e9t javasolja a g\u00e9pkocsik haszn\u00e1lata helyett. Budapest el\u0151v\u00e1rosi vonalain az al\u00e1bbiak szerint indulnak a szilveszteri utols\u00f3, illetve az \u00faj\u00e9vi els\u0151 vonatok:<\/p>\n<ul>\n<li>a Nyugati p\u00e1lyaudvarr\u00f3l <strong>Piliscsab\u00e1ra <\/strong>22:45-kor<strong>, Esztergomba<\/strong> 0:25-kor, 2:25-kor \u00e9s 4:01-kor,<\/li>\n<li>a Nyugati p\u00e1lyaudvarr\u00f3l <strong>V\u00e1cra, Szobra <\/strong>22:53-kor, 1:53-kor, 2:53-kor \u00e9s 3:53-kor,<\/li>\n<li>a Nyugati p\u00e1lyaudvarr\u00f3l <strong>Veresegyh\u00e1za \u00e9rint\u00e9s\u00e9vel V\u00e1cra<\/strong> 22 \u00f3rakor \u00e9s 4-kor.<\/li>\n<\/ul>\n<p><strong>A Vol\u00e1nbusz helyi \u00e9s helyk\u00f6zi aut\u00f3buszainak k\u00f6zleked\u00e9si rendje is v\u00e1ltozik: <\/strong>az \u00e9v v\u00e9gi \u00fcnnepnapok idej\u00e9n az aut\u00f3buszok a megszokott\u00f3l elt\u00e9r\u0151en k\u00f6zlekednek, szilveszterkor, valamint&nbsp;az \u00faj\u00e9v napj\u00e1n t\u00f6bb j\u00e1rat nem k\u00f6zlekedik, illetve&nbsp;az egyes telep\u00fcl\u00e9seken a helyi j\u00e1ratok is az \u00e1ltal\u00e1nos k\u00f6zleked\u00e9si rendt\u0151l elt\u00e9r\u0151en k\u00f6zlekednek. December 31-\u00e9n jellemz\u0151en&nbsp;a h\u00e9t utols\u00f3 tan\u00edt\u00e1si sz\u00fcnetes munkanapja szerint, 2022. janu\u00e1r elsej\u00e9n pedig a munkasz\u00fcneti napra \u00e9rv\u00e9nyes menetrend szerint k\u00f6zlekednek a buszok. A k\u00e9nyelmetlens\u00e9gek elker\u00fcl\u00e9se \u00e9rdek\u00e9ben az utaz\u00e1sukat lehet\u0151s\u00e9g szerint&nbsp;el\u0151re tervezz\u00e9k meg a&nbsp;<a href=\"http:\/\/www.menetrendek.hu\/\">www.menetrendek.hu<\/a>&nbsp;oldalon.&nbsp;<\/p>\n<p>A nem, vagy a meghirdetett\u0151l elt\u00e9r\u0151en k\u00f6zleked\u0151 helyk\u00f6zi j\u00e1ratok, valamint az \u00e1ltal\u00e1nost\u00f3l elt\u00e9r\u0151en k\u00f6zleked\u0151 helyi j\u00e1ratok \u2013 folyamatosan friss\u00fcl\u0151 \u2013 list\u00e1ja ezen az oldalunkon megtal\u00e1lhat\u00f3: <a href=\"https:\/\/www.volanbusz.hu\/hu\/hirek\/hir\/38090\">https:\/\/www.volanbusz.hu\/hu\/hirek\/hir\/38090<\/a><\/p>\n<p>A M\u00c1V\u2013Vol\u00e1n-csoport \u00f6sszehangolt, egys\u00e9ges m\u0171k\u00f6d\u00e9s\u00e9nek k\u00f6sz\u00f6nhet\u0151en egyre t\u00f6bb lehet\u0151s\u00e9g \u00e1ll rendelkez\u00e9sre a jegyek \u00e9s b\u00e9rletek sorban \u00e1ll\u00e1s n\u00e9lk\u00fcli, elektronikus \u00faton t\u00f6rt\u00e9n\u0151 megv\u00e1lt\u00e1s\u00e1ra. Az aut\u00f3buszjegyek \u00e9s -b\u00e9rletek tov\u00e1bbra is megv\u00e1s\u00e1rolhat\u00f3k a Vol\u00e1nbusz&nbsp;<a href=\"https:\/\/www.volanbusz.hu\/hu\/jegy-es-berlet\/szemelyes-vasarlas\/allomasok-es-penztarak\">p\u00e9nzt\u00e1raiban, jegykiad\u00f3 automat\u00e1iban,<\/a>&nbsp;<a href=\"https:\/\/www.volanbusz.hu\/hu\/jegy-es-berlet\/szemelyes-vasarlas\/partnerek\">partnereinkn\u00e9l<\/a>&nbsp;valamint a&nbsp;<a href=\"https:\/\/www.volanbusz.hu\/hu\/jegy-es-berlet\/mobiljegy\">K\u00f6zleked\u00e9si Mobiljegy alkalmaz\u00e1sban<\/a>&nbsp;\u00e9s t\u00e1rsalkalmaz\u00e1saiban, egyes telep\u00fcl\u00e9sek helyi d\u00edjterm\u00e9kei pedig a&nbsp;M\u00c1V mobilalkalmaz\u00e1sban&nbsp;\u00e9s a <a href=\"https:\/\/www.volanbusz.hu\/hu\/jegy-es-berlet\/szemelyes-vasarlas\/mav-start\">vas\u00fat\u00e1llom\u00e1sok jegyp\u00e9nzt\u00e1raiban<\/a> is el\u00e9rhet\u0151k. A M\u00c1V-START p\u00e9nzt\u00e1raiban megv\u00e1lthat\u00f3k a helyk\u00f6zi \u00f6vezetes aut\u00f3buszb\u00e9rletek, valamint a helyk\u00f6zi \u00f6vezetes jegyek is 120 kilom\u00e9terig, orsz\u00e1gszerte k\u00f6zel 300 helysz\u00ednen. Az \u00e1llami tulajdon\u00fa k\u00f6zleked\u00e9si t\u00e1rsas\u00e1gok folyamatosan dolgoznak tov\u00e1bbi \u00e9rt\u00e9kes\u00edt\u00e9si csatorn\u00e1k bevon\u00e1s\u00e1n.&nbsp;<\/p>\n<p><strong>Meghosszabbodik a decemberi helyk\u00f6zi b\u00e9rletek \u00e9rv\u00e9nyess\u00e9gi ideje <\/strong><\/p>\n<p>Az Innov\u00e1ci\u00f3s \u00e9s Technol\u00f3giai Miniszt\u00e9rium d\u00f6nt\u00e9se alapj\u00e1n a decemberi dolgoz\u00f3- \u00e9s tanul\u00f3b\u00e9rleteket a vas\u00fati \u00e9s k\u00f6z\u00fati k\u00f6z\u00f6ss\u00e9gi k\u00f6zleked\u00e9si szolg\u00e1ltat\u00f3k janu\u00e1r 5. helyett janu\u00e1r 7-ig fogadj\u00e1k el a vonatokon \u00e9s a helyk\u00f6zi buszj\u00e1ratokon. A meghosszabb\u00edt\u00e1s c\u00e9lja, hogy megk\u00f6nny\u00edts\u00e9k az utasok sorban \u00e1ll\u00e1s n\u00e9lk\u00fcli b\u00e9rletv\u00e1s\u00e1rl\u00e1s\u00e1t az \u00faj \u00e9v els\u0151 napjaiban. A tapasztalatok szerint a t\u00e9li sz\u00fcnet ut\u00e1ni iskolakezd\u00e9sn\u00e9l hosszabbra ny\u00falhat a v\u00e1rakoz\u00e1s a jegyp\u00e9nzt\u00e1rakn\u00e1l, az int\u00e9zked\u00e9s ezen seg\u00edthet, az \u00faj \u00e9v els\u0151 het\u00e9ben szerda helyett p\u00e9ntekig lehet majd utazni a decemberi havi \u00e9s m\u00e1sodik f\u00e9lhavi b\u00e9rletekkel.&nbsp;<\/p>\n<p><em>Forr\u00e1s: M\u00c1V Zrt. Kommunik\u00e1ci\u00f3s Igazgat\u00f3s\u00e1g<\/em><\/p>\n","protected":false},"excerpt":{"rendered":"<p>Szilveszterkor, \u00faj\u00e9vkor \u00e9s janu\u00e1r 2-\u00e1n is j\u00f3val nagyobb utasforgalom v\u00e1rhat\u00f3, ez\u00e9rt a M\u00c1V \u00e9s a Vol\u00e1nbusz arra k\u00e9ri utasait, hogy id\u0151ben tervezz\u00e9k meg utaz\u00e1sukat, \u00e9s indul\u00e1s el\u0151tt t\u00e1j\u00e9koz\u00f3djanak a menetrendv\u00e1ltoz\u00e1sr\u00f3l. \u00c9rdemes a menetjegyek megv\u00e1s\u00e1rl\u00e1s\u00e1r\u00f3l is id\u0151ben gondoskodni, biztos\u00edtva a helyet az utaz\u00e1sra. A p\u00e9nzt\u00e1rak el\u0151tti sorban \u00e1ll\u00e1s elker\u00fcl\u00e9se \u00e9rdek\u00e9ben a menetjegy el\u0151v\u00e9telben, online \u00e9s mobilon<\/p>\n","protected":false},"author":1,"featured_media":9399,"comment_status":"closed","ping_status":"closed","sticky":false,"template":"","format":"standard","meta":{"ngg_post_thumbnail":0,"footnotes":""},"categories":[3],"tags":[458,1043,292,1088,381,1015,291],"class_list":{"0":"post-39501","1":"post","2":"type-post","3":"status-publish","4":"format-standard","5":"has-post-thumbnail","7":"category-hirek","8":"tag-autobusz","9":"tag-busz","10":"tag-mav","11":"tag-tomegkozlekedes","12":"tag-vasut","13":"tag-volanbusz","14":"tag-vonat"},"yoast_head":"<!-- This site is optimized with the Yoast SEO plugin v27.4 - https:\/\/yoast.com\/product\/yoast-seo-wordpress\/ -->\n<title>Az \u00e9v v\u00e9g\u00e9n nagyobb utasforgalomra sz\u00e1m\u00edt a M\u00c1V-Vol\u00e1n csoport<\/title>\n<meta name=\"robots\" content=\"index, follow, max-snippet:-1, max-image-preview:large, max-video-preview:-1\" \/>\n<link rel=\"canonical\" href=\"https:\/\/dorogimedence.hu\/index.php\/2021\/12\/29\/az-ev-vegen-nagyobb-utasforgalomra-szamit-a-mav-volan-csoport\/\" class=\"yoast-seo-meta-tag\" \/>\n<meta property=\"og:locale\" content=\"hu_HU\" class=\"yoast-seo-meta-tag\" \/>\n<meta property=\"og:type\" content=\"article\" class=\"yoast-seo-meta-tag\" \/>\n<meta property=\"og:title\" content=\"Az \u00e9v v\u00e9g\u00e9n nagyobb utasforgalomra sz\u00e1m\u00edt a M\u00c1V-Vol\u00e1n csoport\" class=\"yoast-seo-meta-tag\" \/>\n<meta property=\"og:description\" content=\"Szilveszterkor, \u00faj\u00e9vkor \u00e9s janu\u00e1r 2-\u00e1n is j\u00f3val nagyobb utasforgalom v\u00e1rhat\u00f3, ez\u00e9rt a M\u00c1V \u00e9s a Vol\u00e1nbusz arra k\u00e9ri utasait, hogy id\u0151ben tervezz\u00e9k meg utaz\u00e1sukat, \u00e9s indul\u00e1s el\u0151tt t\u00e1j\u00e9koz\u00f3djanak a menetrendv\u00e1ltoz\u00e1sr\u00f3l. \u00c9rdemes a menetjegyek megv\u00e1s\u00e1rl\u00e1s\u00e1r\u00f3l is id\u0151ben gondoskodni, biztos\u00edtva a helyet az utaz\u00e1sra. A p\u00e9nzt\u00e1rak el\u0151tti sorban \u00e1ll\u00e1s elker\u00fcl\u00e9se \u00e9rdek\u00e9ben a menetjegy el\u0151v\u00e9telben, online \u00e9s mobilon\" class=\"yoast-seo-meta-tag\" \/>\n<meta property=\"og:url\" content=\"https:\/\/dorogimedence.hu\/index.php\/2021\/12\/29\/az-ev-vegen-nagyobb-utasforgalomra-szamit-a-mav-volan-csoport\/\" class=\"yoast-seo-meta-tag\" \/>\n<meta property=\"og:site_name\" content=\"Dorogi-medence Region\u00e1lis H\u00edrport\u00e1l\" class=\"yoast-seo-meta-tag\" \/>\n<meta property=\"article:publisher\" content=\"https:\/\/www.facebook.com\/dorogimedence\/\" class=\"yoast-seo-meta-tag\" \/>\n<meta property=\"article:published_time\" content=\"2021-12-29T09:59:17+00:00\" class=\"yoast-seo-meta-tag\" \/>\n<meta property=\"article:modified_time\" content=\"2021-12-29T09:59:29+00:00\" class=\"yoast-seo-meta-tag\" \/>\n<meta property=\"og:image\" content=\"https:\/\/i0.wp.com\/dorogimedence.hu\/wp-content\/uploads\/2018\/04\/flirt-uj-01.jpg?fit=670%2C365&ssl=1\" class=\"yoast-seo-meta-tag\" \/>\n\t<meta property=\"og:image:width\" content=\"670\" class=\"yoast-seo-meta-tag\" \/>\n\t<meta property=\"og:image:height\" content=\"365\" class=\"yoast-seo-meta-tag\" \/>\n\t<meta property=\"og:image:type\" content=\"image\/jpeg\" class=\"yoast-seo-meta-tag\" \/>\n<meta name=\"author\" content=\"dorogimedence.hu\" class=\"yoast-seo-meta-tag\" \/>\n<meta name=\"twitter:card\" content=\"summary_large_image\" class=\"yoast-seo-meta-tag\" \/>\n<meta name=\"twitter:label1\" content=\"Szerz\u0151:\" class=\"yoast-seo-meta-tag\" \/>\n\t<meta name=\"twitter:data1\" content=\"dorogimedence.hu\" class=\"yoast-seo-meta-tag\" \/>\n\t<meta name=\"twitter:label2\" content=\"Becs\u00fclt olvas\u00e1si id\u0151\" class=\"yoast-seo-meta-tag\" \/>\n\t<meta name=\"twitter:data2\" content=\"5 perc\" class=\"yoast-seo-meta-tag\" \/>\n<script type=\"application\/ld+json\" class=\"yoast-schema-graph\">{\"@context\":\"https:\\\/\\\/schema.org\",\"@graph\":[{\"@type\":\"Article\",\"@id\":\"https:\\\/\\\/dorogimedence.hu\\\/index.php\\\/2021\\\/12\\\/29\\\/az-ev-vegen-nagyobb-utasforgalomra-szamit-a-mav-volan-csoport\\\/#article\",\"isPartOf\":{\"@id\":\"https:\\\/\\\/dorogimedence.hu\\\/index.php\\\/2021\\\/12\\\/29\\\/az-ev-vegen-nagyobb-utasforgalomra-szamit-a-mav-volan-csoport\\\/\"},\"author\":{\"name\":\"dorogimedence.hu\",\"@id\":\"https:\\\/\\\/dorogimedence.hu\\\/#\\\/schema\\\/person\\\/ce6091eeb7e95ecdc87890d6aa8e0fd4\"},\"headline\":\"Az \u00e9v v\u00e9g\u00e9n nagyobb utasforgalomra sz\u00e1m\u00edt a M\u00c1V-Vol\u00e1n csoport\",\"datePublished\":\"2021-12-29T09:59:17+00:00\",\"dateModified\":\"2021-12-29T09:59:29+00:00\",\"mainEntityOfPage\":{\"@id\":\"https:\\\/\\\/dorogimedence.hu\\\/index.php\\\/2021\\\/12\\\/29\\\/az-ev-vegen-nagyobb-utasforgalomra-szamit-a-mav-volan-csoport\\\/\"},\"wordCount\":940,\"publisher\":{\"@id\":\"https:\\\/\\\/dorogimedence.hu\\\/#organization\"},\"image\":{\"@id\":\"https:\\\/\\\/dorogimedence.hu\\\/index.php\\\/2021\\\/12\\\/29\\\/az-ev-vegen-nagyobb-utasforgalomra-szamit-a-mav-volan-csoport\\\/#primaryimage\"},\"thumbnailUrl\":\"https:\\\/\\\/dorogimedence.hu\\\/wp-content\\\/uploads\\\/2018\\\/04\\\/flirt-uj-01.jpg\",\"keywords\":[\"aut\u00f3busz\",\"busz\",\"m\u00e1v\",\"t\u00f6megk\u00f6zleked\u00e9s\",\"vas\u00fat\",\"vol\u00e1nbusz\",\"vonat\"],\"articleSection\":[\"H\u00edrek\"],\"inLanguage\":\"hu\"},{\"@type\":\"WebPage\",\"@id\":\"https:\\\/\\\/dorogimedence.hu\\\/index.php\\\/2021\\\/12\\\/29\\\/az-ev-vegen-nagyobb-utasforgalomra-szamit-a-mav-volan-csoport\\\/\",\"url\":\"https:\\\/\\\/dorogimedence.hu\\\/index.php\\\/2021\\\/12\\\/29\\\/az-ev-vegen-nagyobb-utasforgalomra-szamit-a-mav-volan-csoport\\\/\",\"name\":\"Az \u00e9v v\u00e9g\u00e9n nagyobb utasforgalomra sz\u00e1m\u00edt a M\u00c1V-Vol\u00e1n csoport\",\"isPartOf\":{\"@id\":\"https:\\\/\\\/dorogimedence.hu\\\/#website\"},\"primaryImageOfPage\":{\"@id\":\"https:\\\/\\\/dorogimedence.hu\\\/index.php\\\/2021\\\/12\\\/29\\\/az-ev-vegen-nagyobb-utasforgalomra-szamit-a-mav-volan-csoport\\\/#primaryimage\"},\"image\":{\"@id\":\"https:\\\/\\\/dorogimedence.hu\\\/index.php\\\/2021\\\/12\\\/29\\\/az-ev-vegen-nagyobb-utasforgalomra-szamit-a-mav-volan-csoport\\\/#primaryimage\"},\"thumbnailUrl\":\"https:\\\/\\\/dorogimedence.hu\\\/wp-content\\\/uploads\\\/2018\\\/04\\\/flirt-uj-01.jpg\",\"datePublished\":\"2021-12-29T09:59:17+00:00\",\"dateModified\":\"2021-12-29T09:59:29+00:00\",\"breadcrumb\":{\"@id\":\"https:\\\/\\\/dorogimedence.hu\\\/index.php\\\/2021\\\/12\\\/29\\\/az-ev-vegen-nagyobb-utasforgalomra-szamit-a-mav-volan-csoport\\\/#breadcrumb\"},\"inLanguage\":\"hu\",\"potentialAction\":[{\"@type\":\"ReadAction\",\"target\":[\"https:\\\/\\\/dorogimedence.hu\\\/index.php\\\/2021\\\/12\\\/29\\\/az-ev-vegen-nagyobb-utasforgalomra-szamit-a-mav-volan-csoport\\\/\"]}]},{\"@type\":\"ImageObject\",\"inLanguage\":\"hu\",\"@id\":\"https:\\\/\\\/dorogimedence.hu\\\/index.php\\\/2021\\\/12\\\/29\\\/az-ev-vegen-nagyobb-utasforgalomra-szamit-a-mav-volan-csoport\\\/#primaryimage\",\"url\":\"https:\\\/\\\/dorogimedence.hu\\\/wp-content\\\/uploads\\\/2018\\\/04\\\/flirt-uj-01.jpg\",\"contentUrl\":\"https:\\\/\\\/dorogimedence.hu\\\/wp-content\\\/uploads\\\/2018\\\/04\\\/flirt-uj-01.jpg\",\"width\":670,\"height\":365},{\"@type\":\"BreadcrumbList\",\"@id\":\"https:\\\/\\\/dorogimedence.hu\\\/index.php\\\/2021\\\/12\\\/29\\\/az-ev-vegen-nagyobb-utasforgalomra-szamit-a-mav-volan-csoport\\\/#breadcrumb\",\"itemListElement\":[{\"@type\":\"ListItem\",\"position\":1,\"name\":\"Kezd\u0151lap\",\"item\":\"https:\\\/\\\/dorogimedence.hu\\\/\"},{\"@type\":\"ListItem\",\"position\":2,\"name\":\"Az \u00e9v v\u00e9g\u00e9n nagyobb utasforgalomra sz\u00e1m\u00edt a M\u00c1V-Vol\u00e1n csoport\"}]},{\"@type\":\"WebSite\",\"@id\":\"https:\\\/\\\/dorogimedence.hu\\\/#website\",\"url\":\"https:\\\/\\\/dorogimedence.hu\\\/\",\"name\":\"Dorogi-medence Region\u00e1lis H\u00edrport\u00e1l\",\"description\":\"Dorog, Keszt\u00f6lc, Le\u00e1nyv\u00e1r, Piliscs\u00e9v, Tokod, Tokodalt\u00e1r\u00f3, Csolnok, Esztergom-kertv\u00e1ros: h\u00edrek, programok\",\"publisher\":{\"@id\":\"https:\\\/\\\/dorogimedence.hu\\\/#organization\"},\"potentialAction\":[{\"@type\":\"SearchAction\",\"target\":{\"@type\":\"EntryPoint\",\"urlTemplate\":\"https:\\\/\\\/dorogimedence.hu\\\/?s={search_term_string}\"},\"query-input\":{\"@type\":\"PropertyValueSpecification\",\"valueRequired\":true,\"valueName\":\"search_term_string\"}}],\"inLanguage\":\"hu\"},{\"@type\":\"Organization\",\"@id\":\"https:\\\/\\\/dorogimedence.hu\\\/#organization\",\"name\":\"Dorogi-medence Region\u00e1lis H\u00edrport\u00e1l\",\"url\":\"https:\\\/\\\/dorogimedence.hu\\\/\",\"logo\":{\"@type\":\"ImageObject\",\"inLanguage\":\"hu\",\"@id\":\"https:\\\/\\\/dorogimedence.hu\\\/#\\\/schema\\\/logo\\\/image\\\/\",\"url\":\"https:\\\/\\\/dorogimedence.hu\\\/wp-content\\\/uploads\\\/2021\\\/04\\\/logo-feher-600.png\",\"contentUrl\":\"https:\\\/\\\/dorogimedence.hu\\\/wp-content\\\/uploads\\\/2021\\\/04\\\/logo-feher-600.png\",\"width\":600,\"height\":100,\"caption\":\"Dorogi-medence Region\u00e1lis H\u00edrport\u00e1l\"},\"image\":{\"@id\":\"https:\\\/\\\/dorogimedence.hu\\\/#\\\/schema\\\/logo\\\/image\\\/\"},\"sameAs\":[\"https:\\\/\\\/www.facebook.com\\\/dorogimedence\\\/\"]},{\"@type\":\"Person\",\"@id\":\"https:\\\/\\\/dorogimedence.hu\\\/#\\\/schema\\\/person\\\/ce6091eeb7e95ecdc87890d6aa8e0fd4\",\"name\":\"dorogimedence.hu\",\"image\":{\"@type\":\"ImageObject\",\"inLanguage\":\"hu\",\"@id\":\"\\\/\\\/www.gravatar.com\\\/avatar\\\/d8d45f8901aadff40a4af72c0b826f1d?s=96&#038;r=g&#038;d=mm\",\"url\":\"\\\/\\\/www.gravatar.com\\\/avatar\\\/d8d45f8901aadff40a4af72c0b826f1d?s=96&#038;r=g&#038;d=mm\",\"contentUrl\":\"\\\/\\\/www.gravatar.com\\\/avatar\\\/d8d45f8901aadff40a4af72c0b826f1d?s=96&#038;r=g&#038;d=mm\",\"caption\":\"dorogimedence.hu\"}}]}<\/script>\n<!-- \/ Yoast SEO plugin. -->","yoast_head_json":{"title":"Az \u00e9v v\u00e9g\u00e9n nagyobb utasforgalomra sz\u00e1m\u00edt a M\u00c1V-Vol\u00e1n csoport","robots":{"index":"index","follow":"follow","max-snippet":"max-snippet:-1","max-image-preview":"max-image-preview:large","max-video-preview":"max-video-preview:-1"},"canonical":"https:\/\/dorogimedence.hu\/index.php\/2021\/12\/29\/az-ev-vegen-nagyobb-utasforgalomra-szamit-a-mav-volan-csoport\/","og_locale":"hu_HU","og_type":"article","og_title":"Az \u00e9v v\u00e9g\u00e9n nagyobb utasforgalomra sz\u00e1m\u00edt a M\u00c1V-Vol\u00e1n csoport","og_description":"Szilveszterkor, \u00faj\u00e9vkor \u00e9s janu\u00e1r 2-\u00e1n is j\u00f3val nagyobb utasforgalom v\u00e1rhat\u00f3, ez\u00e9rt a M\u00c1V \u00e9s a Vol\u00e1nbusz arra k\u00e9ri utasait, hogy id\u0151ben tervezz\u00e9k meg utaz\u00e1sukat, \u00e9s indul\u00e1s el\u0151tt t\u00e1j\u00e9koz\u00f3djanak a menetrendv\u00e1ltoz\u00e1sr\u00f3l. \u00c9rdemes a menetjegyek megv\u00e1s\u00e1rl\u00e1s\u00e1r\u00f3l is id\u0151ben gondoskodni, biztos\u00edtva a helyet az utaz\u00e1sra. A p\u00e9nzt\u00e1rak el\u0151tti sorban \u00e1ll\u00e1s elker\u00fcl\u00e9se \u00e9rdek\u00e9ben a menetjegy el\u0151v\u00e9telben, online \u00e9s mobilon","og_url":"https:\/\/dorogimedence.hu\/index.php\/2021\/12\/29\/az-ev-vegen-nagyobb-utasforgalomra-szamit-a-mav-volan-csoport\/","og_site_name":"Dorogi-medence Region\u00e1lis H\u00edrport\u00e1l","article_publisher":"https:\/\/www.facebook.com\/dorogimedence\/","article_published_time":"2021-12-29T09:59:17+00:00","article_modified_time":"2021-12-29T09:59:29+00:00","og_image":[{"width":670,"height":365,"url":"https:\/\/i0.wp.com\/dorogimedence.hu\/wp-content\/uploads\/2018\/04\/flirt-uj-01.jpg?fit=670%2C365&ssl=1","type":"image\/jpeg"}],"author":"dorogimedence.hu","twitter_card":"summary_large_image","twitter_misc":{"Szerz\u0151:":"dorogimedence.hu","Becs\u00fclt olvas\u00e1si id\u0151":"5 perc"},"schema":{"@context":"https:\/\/schema.org","@graph":[{"@type":"Article","@id":"https:\/\/dorogimedence.hu\/index.php\/2021\/12\/29\/az-ev-vegen-nagyobb-utasforgalomra-szamit-a-mav-volan-csoport\/#article","isPartOf":{"@id":"https:\/\/dorogimedence.hu\/index.php\/2021\/12\/29\/az-ev-vegen-nagyobb-utasforgalomra-szamit-a-mav-volan-csoport\/"},"author":{"name":"dorogimedence.hu","@id":"https:\/\/dorogimedence.hu\/#\/schema\/person\/ce6091eeb7e95ecdc87890d6aa8e0fd4"},"headline":"Az \u00e9v v\u00e9g\u00e9n nagyobb utasforgalomra sz\u00e1m\u00edt a M\u00c1V-Vol\u00e1n csoport","datePublished":"2021-12-29T09:59:17+00:00","dateModified":"2021-12-29T09:59:29+00:00","mainEntityOfPage":{"@id":"https:\/\/dorogimedence.hu\/index.php\/2021\/12\/29\/az-ev-vegen-nagyobb-utasforgalomra-szamit-a-mav-volan-csoport\/"},"wordCount":940,"publisher":{"@id":"https:\/\/dorogimedence.hu\/#organization"},"image":{"@id":"https:\/\/dorogimedence.hu\/index.php\/2021\/12\/29\/az-ev-vegen-nagyobb-utasforgalomra-szamit-a-mav-volan-csoport\/#primaryimage"},"thumbnailUrl":"https:\/\/dorogimedence.hu\/wp-content\/uploads\/2018\/04\/flirt-uj-01.jpg","keywords":["aut\u00f3busz","busz","m\u00e1v","t\u00f6megk\u00f6zleked\u00e9s","vas\u00fat","vol\u00e1nbusz","vonat"],"articleSection":["H\u00edrek"],"inLanguage":"hu"},{"@type":"WebPage","@id":"https:\/\/dorogimedence.hu\/index.php\/2021\/12\/29\/az-ev-vegen-nagyobb-utasforgalomra-szamit-a-mav-volan-csoport\/","url":"https:\/\/dorogimedence.hu\/index.php\/2021\/12\/29\/az-ev-vegen-nagyobb-utasforgalomra-szamit-a-mav-volan-csoport\/","name":"Az \u00e9v v\u00e9g\u00e9n nagyobb utasforgalomra sz\u00e1m\u00edt a M\u00c1V-Vol\u00e1n csoport","isPartOf":{"@id":"https:\/\/dorogimedence.hu\/#website"},"primaryImageOfPage":{"@id":"https:\/\/dorogimedence.hu\/index.php\/2021\/12\/29\/az-ev-vegen-nagyobb-utasforgalomra-szamit-a-mav-volan-csoport\/#primaryimage"},"image":{"@id":"https:\/\/dorogimedence.hu\/index.php\/2021\/12\/29\/az-ev-vegen-nagyobb-utasforgalomra-szamit-a-mav-volan-csoport\/#primaryimage"},"thumbnailUrl":"https:\/\/dorogimedence.hu\/wp-content\/uploads\/2018\/04\/flirt-uj-01.jpg","datePublished":"2021-12-29T09:59:17+00:00","dateModified":"2021-12-29T09:59:29+00:00","breadcrumb":{"@id":"https:\/\/dorogimedence.hu\/index.php\/2021\/12\/29\/az-ev-vegen-nagyobb-utasforgalomra-szamit-a-mav-volan-csoport\/#breadcrumb"},"inLanguage":"hu","potentialAction":[{"@type":"ReadAction","target":["https:\/\/dorogimedence.hu\/index.php\/2021\/12\/29\/az-ev-vegen-nagyobb-utasforgalomra-szamit-a-mav-volan-csoport\/"]}]},{"@type":"ImageObject","inLanguage":"hu","@id":"https:\/\/dorogimedence.hu\/index.php\/2021\/12\/29\/az-ev-vegen-nagyobb-utasforgalomra-szamit-a-mav-volan-csoport\/#primaryimage","url":"https:\/\/dorogimedence.hu\/wp-content\/uploads\/2018\/04\/flirt-uj-01.jpg","contentUrl":"https:\/\/dorogimedence.hu\/wp-content\/uploads\/2018\/04\/flirt-uj-01.jpg","width":670,"height":365},{"@type":"BreadcrumbList","@id":"https:\/\/dorogimedence.hu\/index.php\/2021\/12\/29\/az-ev-vegen-nagyobb-utasforgalomra-szamit-a-mav-volan-csoport\/#breadcrumb","itemListElement":[{"@type":"ListItem","position":1,"name":"Kezd\u0151lap","item":"https:\/\/dorogimedence.hu\/"},{"@type":"ListItem","position":2,"name":"Az \u00e9v v\u00e9g\u00e9n nagyobb utasforgalomra sz\u00e1m\u00edt a M\u00c1V-Vol\u00e1n csoport"}]},{"@type":"WebSite","@id":"https:\/\/dorogimedence.hu\/#website","url":"https:\/\/dorogimedence.hu\/","name":"Dorogi-medence Region\u00e1lis H\u00edrport\u00e1l","description":"Dorog, Keszt\u00f6lc, Le\u00e1nyv\u00e1r, Piliscs\u00e9v, Tokod, Tokodalt\u00e1r\u00f3, Csolnok, Esztergom-kertv\u00e1ros: h\u00edrek, programok","publisher":{"@id":"https:\/\/dorogimedence.hu\/#organization"},"potentialAction":[{"@type":"SearchAction","target":{"@type":"EntryPoint","urlTemplate":"https:\/\/dorogimedence.hu\/?s={search_term_string}"},"query-input":{"@type":"PropertyValueSpecification","valueRequired":true,"valueName":"search_term_string"}}],"inLanguage":"hu"},{"@type":"Organization","@id":"https:\/\/dorogimedence.hu\/#organization","name":"Dorogi-medence Region\u00e1lis H\u00edrport\u00e1l","url":"https:\/\/dorogimedence.hu\/","logo":{"@type":"ImageObject","inLanguage":"hu","@id":"https:\/\/dorogimedence.hu\/#\/schema\/logo\/image\/","url":"https:\/\/dorogimedence.hu\/wp-content\/uploads\/2021\/04\/logo-feher-600.png","contentUrl":"https:\/\/dorogimedence.hu\/wp-content\/uploads\/2021\/04\/logo-feher-600.png","width":600,"height":100,"caption":"Dorogi-medence Region\u00e1lis H\u00edrport\u00e1l"},"image":{"@id":"https:\/\/dorogimedence.hu\/#\/schema\/logo\/image\/"},"sameAs":["https:\/\/www.facebook.com\/dorogimedence\/"]},{"@type":"Person","@id":"https:\/\/dorogimedence.hu\/#\/schema\/person\/ce6091eeb7e95ecdc87890d6aa8e0fd4","name":"dorogimedence.hu","image":{"@type":"ImageObject","inLanguage":"hu","@id":"\/\/www.gravatar.com\/avatar\/d8d45f8901aadff40a4af72c0b826f1d?s=96&#038;r=g&#038;d=mm","url":"\/\/www.gravatar.com\/avatar\/d8d45f8901aadff40a4af72c0b826f1d?s=96&#038;r=g&#038;d=mm","contentUrl":"\/\/www.gravatar.com\/avatar\/d8d45f8901aadff40a4af72c0b826f1d?s=96&#038;r=g&#038;d=mm","caption":"dorogimedence.hu"}}]}},"_links":{"self":[{"href":"https:\/\/dorogimedence.hu\/index.php\/wp-json\/wp\/v2\/posts\/39501","targetHints":{"allow":["GET"]}}],"collection":[{"href":"https:\/\/dorogimedence.hu\/index.php\/wp-json\/wp\/v2\/posts"}],"about":[{"href":"https:\/\/dorogimedence.hu\/index.php\/wp-json\/wp\/v2\/types\/post"}],"author":[{"embeddable":true,"href":"https:\/\/dorogimedence.hu\/index.php\/wp-json\/wp\/v2\/users\/1"}],"replies":[{"embeddable":true,"href":"https:\/\/dorogimedence.hu\/index.php\/wp-json\/wp\/v2\/comments?post=39501"}],"version-history":[{"count":0,"href":"https:\/\/dorogimedence.hu\/index.php\/wp-json\/wp\/v2\/posts\/39501\/revisions"}],"wp:featuredmedia":[{"embeddable":true,"href":"https:\/\/dorogimedence.hu\/index.php\/wp-json\/wp\/v2\/media\/9399"}],"wp:attachment":[{"href":"https:\/\/dorogimedence.hu\/index.php\/wp-json\/wp\/v2\/media?parent=39501"}],"wp:term":[{"taxonomy":"category","embeddable":true,"href":"https:\/\/dorogimedence.hu\/index.php\/wp-json\/wp\/v2\/categories?post=39501"},{"taxonomy":"post_tag","embeddable":true,"href":"https:\/\/dorogimedence.hu\/index.php\/wp-json\/wp\/v2\/tags?post=39501"}],"curies":[{"name":"wp","href":"https:\/\/api.w.org\/{rel}","templated":true}]}}