{"id":39466,"date":"2021-12-28T07:52:32","date_gmt":"2021-12-28T06:52:32","guid":{"rendered":"https:\/\/dorogimedence.hu\/?p=39466"},"modified":"2021-12-28T07:52:38","modified_gmt":"2021-12-28T06:52:38","slug":"meghosszabbitottak-az-energetikai-rendszerekre-kiirt-palyazatot","status":"publish","type":"post","link":"https:\/\/dorogimedence.hu\/index.php\/2021\/12\/28\/meghosszabbitottak-az-energetikai-rendszerekre-kiirt-palyazatot\/","title":{"rendered":"Meghosszabb\u00edtott\u00e1k az energetikai rendszerekre ki\u00edrt p\u00e1ly\u00e1zatot"},"content":{"rendered":"<p><strong>Elindult a lakoss\u00e1gnak sz\u00f3l\u00f3 napelemes p\u00e1ly\u00e1zat negyedik szakasza, amelyben Budapest \u00e9s Pest megye lak\u00f3i ig\u00e9nyelhetnek t\u00e1mogat\u00e1st napelemes rendszerek \u00e9s akkumul\u00e1tor telep\u00edt\u00e9s\u00e9hez, a ny\u00edl\u00e1sz\u00e1r\u00f3k cser\u00e9j\u00e9hez, a f\u0171t\u00e9s korszer\u0171s\u00edt\u00e9s\u00e9hez <\/strong><em>&#8211; k\u00f6z\u00f6lte Innov\u00e1ci\u00f3s \u00e9s Technol\u00f3giai Miniszt\u00e9rium h\u00e9tf\u0151n az MTI-vel.<\/em><\/p>\n<p>\u201eA korm\u00e1ny c\u00e9lja, hogy haz\u00e1nk 2050-re kl\u00edmasemleges orsz\u00e1gg\u00e1 v\u00e1ljon, a Kl\u00edma- \u00e9s Term\u00e9szetv\u00e9delmi Akci\u00f3tervben foglaltaknak megfelel\u0151en jelent\u0151s \u00e1llami t\u00e1mogat\u00e1ssal t\u00edz \u00e9v alatt hatszoros\u00e1ra n\u00f6velj\u00fck a hazai napenergi\u00e1s kapacit\u00e1sokat\u201d &#8211; id\u00e9zi a k\u00f6zlem\u00e9ny Steiner Attila k\u00f6rforg\u00e1sos gazdas\u00e1g fejleszt\u00e9s\u00e9\u00e9rt, energia- \u00e9s kl\u00edmapolitik\u00e1\u00e9rt felel\u0151s \u00e1llamtitk\u00e1rt.<\/p>\n<p>A korm\u00e1ny azon dolgozik, hogy a magyar \u00e1ramtermel\u00e9s 90 sz\u00e1zal\u00e9ka sz\u00e9n-dioxid-mentes legyen 2030-ra. E t\u00f6rekv\u00e9s val\u00f3ra v\u00e1lt\u00e1s\u00e1t szolg\u00e1lja a december elej\u00e9n elindult lakoss\u00e1gi p\u00e1ly\u00e1zat is, amely t\u00f6bb mint 201 milli\u00e1rd forintos keret\u00f6sszeggel t\u00e1mogatja napelemes rendszerek \u00e9s akkumul\u00e1torok telep\u00edt\u00e9s\u00e9t, ny\u00edl\u00e1sz\u00e1r\u00f3k cser\u00e9j\u00e9t, f\u0171t\u00e9si rendszerek korszer\u0171s\u00edt\u00e9s\u00e9t &#8211; mondta az \u00e1llamtitk\u00e1r a k\u00f6zlem\u00e9ny szerint.<\/p>\n<p>A p\u00e1ly\u00e1zat kifejezetten az \u00e1tlagosn\u00e1l alacsonyabb j\u00f6vedelm\u0171 h\u00e1ztart\u00e1sok sz\u00e1m\u00e1ra ny\u00fajt seg\u00edts\u00e9get, akik \u00f6ner\u0151b\u0151l nem tudn\u00e1k kigazd\u00e1lkodni a meg\u00fajul\u00f3 energiaforr\u00e1son alapul\u00f3, korszer\u0171 \u00e9s k\u00f6rnyezetk\u00edm\u00e9l\u0151 megold\u00e1sokra v\u00e1lt\u00e1s k\u00f6lts\u00e9geit. A t\u00e1mogat\u00e1snak k\u00f6sz\u00f6nhet\u0151en ezek a csal\u00e1dok saj\u00e1t maguk termelhetik meg olcs\u00f3n az \u00e1ramot. A korm\u00e1ny \u00edgy egyszerre seg\u00edti a legink\u00e1bb r\u00e1szorul\u00f3kat, \u00e9s \u00f6szt\u00f6nzi a z\u00f6ld \u00e1t\u00e1ll\u00e1st Magyarorsz\u00e1gon. A h\u00e1ztart\u00e1si m\u00e9ret\u0171 kiser\u0151m\u0171vek sz\u00e1ma id\u00e9n 125 ezer f\u00f6l\u00e9 n\u0151tt, a t\u00falnyom\u00f3r\u00e9szt napenergi\u00e1t hasznos\u00edt\u00f3 l\u00e9tes\u00edtm\u00e9nyek \u00f6sszes be\u00e9p\u00edtett teljes\u00edtm\u00e9nye m\u00e1r meghaladta az ezer megawattot &#8211; hangs\u00falyozta Steiner Attila.<\/p>\n<p>A Magyarorsz\u00e1g Helyre\u00e1ll\u00edt\u00e1si \u00e9s Ellen\u00e1ll\u00f3k\u00e9pess\u00e9gi Terve r\u00e9sz\u00e9t k\u00e9pez\u0151 p\u00e1ly\u00e1zatnak k\u00f6sz\u00f6nhet\u0151en ak\u00e1r 35 ezer csal\u00e1d rezsiterhei cs\u00f6kkenhetnek. A vissza nem t\u00e9r\u00edtend\u0151 t\u00e1mogat\u00e1s maxim\u00e1lis m\u00e9rt\u00e9ke brutt\u00f3 2,9 milli\u00f3 forint, f\u0171t\u00e9skorszer\u0171s\u00edt\u00e9ssel egy\u00fctt 11,3 milli\u00f3 forint. A jelentkez\u00e9s felt\u00e9tele, hogy az ingatlan tulajdonosai 2020. \u00e9vi \u00f6sszevont j\u00f6vedelm\u00e9nek egy f\u0151re jut\u00f3 \u00f6sszege nem haladhatja meg a 4 850 000 forintot. A felh\u00edv\u00e1s kieg\u00e9sz\u00fclt a KATA hat\u00e1lya al\u00e1 tartoz\u00f3 szem\u00e9lyekkel, \u00edgy a megjel\u00f6lt j\u00f6vedelemhat\u00e1r alatt keres\u0151k ebb\u0151l a k\u00f6rb\u0151l is p\u00e1ly\u00e1zhatnak. A beny\u00fajt\u00e1si sorrend nem sz\u00e1m\u00edt, a hat\u00e1rid\u0151n bel\u00fcl beadott \u00f6sszes k\u00e9relmet elb\u00edr\u00e1lj\u00e1k &#8211; ismertetik a k\u00f6zlem\u00e9nyben. Az \u00e9rt\u00e9kel\u00e9s objekt\u00edv pontoz\u00e1sos rendszer alapj\u00e1n t\u00f6rt\u00e9nik, amely el\u0151nyben r\u00e9szes\u00edti a gyermeket nevel\u0151ket \u00e9s a fejlesztend\u0151 j\u00e1r\u00e1sokban \u00e9l\u0151ket. A beny\u00fajt\u00e1s felt\u00e9tele az el\u0151zetes kivitelez\u0151i meg\u00e1llapod\u00e1s megk\u00f6t\u00e9se valamelyik regisztr\u00e1lt v\u00e1llalkoz\u00f3val, ez azonban nem jelenti automatikusan a t\u00e1mogat\u00e1si k\u00e9relem kedvez\u0151 elb\u00edr\u00e1l\u00e1s\u00e1t. A kivitelez\u0151i szerz\u0151d\u00e9s kiz\u00e1r\u00f3lag akkor l\u00e9p hat\u00e1lyba, ha a mag\u00e1nszem\u00e9ly val\u00f3ban r\u00e9szes\u00fcl is az ig\u00e9nyelt t\u00e1mogat\u00e1sb\u00f3l &#8211; \u00edrt\u00e1k.<\/p>\n<p>A nagy \u00e9rdekl\u0151d\u00e9sre val\u00f3 tekintettel a p\u00e1ly\u00e1zatok bead\u00e1si hat\u00e1rideje a kor\u00e1bbihoz k\u00e9pest h\u00fasz nappal meghosszabbodott. \u00cdgy az els\u0151 szakasz (Fej\u00e9r, Gy\u0151r-Moson-Sopron, Kom\u00e1rom-Esztergom, Vas, Veszpr\u00e9m \u00e9s Zala megye lakosai) sz\u00e1m\u00e1ra 2022. janu\u00e1r 16-\u00e1n 18 \u00f3r\u00e1ra, a m\u00e1sodik szakasz (Baranya, B\u00e1cs-Kiskun, B\u00e9k\u00e9s, Csongr\u00e1d-Csan\u00e1d, Somogy \u00e9s Tolna megye lakosai) sz\u00e1m\u00e1ra janu\u00e1r 23-\u00e1n 18 \u00f3r\u00e1ra, a harmadik szakasz (Borsod-Aba\u00faj-Zempl\u00e9n, Hajd\u00fa-Bihar, Heves, J\u00e1sz-Nagykun-Szolnok, N\u00f3gr\u00e1d \u00e9s Szabolcs-Szatm\u00e1r-Bereg megye lakosai) sz\u00e1m\u00e1ra janu\u00e1r 30-\u00e1n 18 \u00f3r\u00e1ra m\u00f3dosult a hat\u00e1rid\u0151. A Budapesten \u00e9s Pest megy\u00e9ben \u00e9l\u0151k pedig a mai napon 17 \u00f3r\u00e1t\u00f3l eg\u00e9szen 2022. febru\u00e1r 6-\u00e1n 18 \u00f3r\u00e1ig ny\u00fajthatnak be p\u00e1ly\u00e1zatot &#8211; k\u00f6z\u00f6lte az ITM.<\/p>\n<p>A napelem.palyazat.gov.hu oldalon a teljes p\u00e1ly\u00e1zati felh\u00edv\u00e1son \u00e9s mell\u00e9kletein k\u00edv\u00fcl megtal\u00e1lhat\u00f3 a regisztr\u00e1lt kivitelez\u0151k list\u00e1ja. Az \u00e9rdekl\u0151d\u0151k a gyakran ism\u00e9tl\u0151d\u0151 k\u00e9rd\u00e9sekre is v\u00e1laszt tal\u00e1lhatnak. A p\u00e1ly\u00e1zat beny\u00fajt\u00e1s\u00e1t oktat\u00f3vide\u00f3k k\u00f6nny\u00edtik meg &#8211; \u00e1ll a k\u00f6zlem\u00e9nyben.<\/p>\n<p><em>Forr\u00e1s: MTI\/ITM<\/em><\/p>\n","protected":false},"excerpt":{"rendered":"<p>Elindult a lakoss\u00e1gnak sz\u00f3l\u00f3 napelemes p\u00e1ly\u00e1zat negyedik szakasza, amelyben Budapest \u00e9s Pest megye lak\u00f3i ig\u00e9nyelhetnek t\u00e1mogat\u00e1st napelemes rendszerek \u00e9s akkumul\u00e1tor telep\u00edt\u00e9s\u00e9hez, a ny\u00edl\u00e1sz\u00e1r\u00f3k cser\u00e9j\u00e9hez, a f\u0171t\u00e9s korszer\u0171s\u00edt\u00e9s\u00e9hez &#8211; k\u00f6z\u00f6lte Innov\u00e1ci\u00f3s \u00e9s Technol\u00f3giai Miniszt\u00e9rium h\u00e9tf\u0151n az MTI-vel. \u201eA korm\u00e1ny c\u00e9lja, hogy haz\u00e1nk 2050-re kl\u00edmasemleges orsz\u00e1gg\u00e1 v\u00e1ljon, a Kl\u00edma- \u00e9s Term\u00e9szetv\u00e9delmi Akci\u00f3tervben foglaltaknak megfelel\u0151en jelent\u0151s \u00e1llami t\u00e1mogat\u00e1ssal<\/p>\n","protected":false},"author":1,"featured_media":39467,"comment_status":"closed","ping_status":"closed","sticky":false,"template":"","format":"standard","meta":{"ngg_post_thumbnail":0,"footnotes":""},"categories":[3,56],"tags":[3579,6201,3799,4320,74],"class_list":{"0":"post-39466","1":"post","2":"type-post","3":"status-publish","4":"format-standard","5":"has-post-thumbnail","7":"category-hirek","8":"category-komarom-esztergom","9":"tag-energetika","10":"tag-energetikai-rendszerek","11":"tag-komarom-esztergom-megye","12":"tag-napelem","13":"tag-palyazat"},"yoast_head":"<!-- This site is optimized with the Yoast SEO plugin v27.5 - https:\/\/yoast.com\/product\/yoast-seo-wordpress\/ -->\n<title>Meghosszabb\u00edtott\u00e1k az energetikai rendszerekre ki\u00edrt p\u00e1ly\u00e1zatot<\/title>\n<meta name=\"robots\" content=\"index, follow, max-snippet:-1, max-image-preview:large, max-video-preview:-1\" \/>\n<link rel=\"canonical\" href=\"https:\/\/dorogimedence.hu\/index.php\/2021\/12\/28\/meghosszabbitottak-az-energetikai-rendszerekre-kiirt-palyazatot\/\" class=\"yoast-seo-meta-tag\" \/>\n<meta property=\"og:locale\" content=\"hu_HU\" class=\"yoast-seo-meta-tag\" \/>\n<meta property=\"og:type\" content=\"article\" class=\"yoast-seo-meta-tag\" \/>\n<meta property=\"og:title\" content=\"Meghosszabb\u00edtott\u00e1k az energetikai rendszerekre ki\u00edrt p\u00e1ly\u00e1zatot\" class=\"yoast-seo-meta-tag\" \/>\n<meta property=\"og:description\" content=\"Elindult a lakoss\u00e1gnak sz\u00f3l\u00f3 napelemes p\u00e1ly\u00e1zat negyedik szakasza, amelyben Budapest \u00e9s Pest megye lak\u00f3i ig\u00e9nyelhetnek t\u00e1mogat\u00e1st napelemes rendszerek \u00e9s akkumul\u00e1tor telep\u00edt\u00e9s\u00e9hez, a ny\u00edl\u00e1sz\u00e1r\u00f3k cser\u00e9j\u00e9hez, a f\u0171t\u00e9s korszer\u0171s\u00edt\u00e9s\u00e9hez &#8211; k\u00f6z\u00f6lte Innov\u00e1ci\u00f3s \u00e9s Technol\u00f3giai Miniszt\u00e9rium h\u00e9tf\u0151n az MTI-vel. \u201eA korm\u00e1ny c\u00e9lja, hogy haz\u00e1nk 2050-re kl\u00edmasemleges orsz\u00e1gg\u00e1 v\u00e1ljon, a Kl\u00edma- \u00e9s Term\u00e9szetv\u00e9delmi Akci\u00f3tervben foglaltaknak megfelel\u0151en jelent\u0151s \u00e1llami t\u00e1mogat\u00e1ssal\" class=\"yoast-seo-meta-tag\" \/>\n<meta property=\"og:url\" content=\"https:\/\/dorogimedence.hu\/index.php\/2021\/12\/28\/meghosszabbitottak-az-energetikai-rendszerekre-kiirt-palyazatot\/\" class=\"yoast-seo-meta-tag\" \/>\n<meta property=\"og:site_name\" content=\"Dorogi-medence Region\u00e1lis H\u00edrport\u00e1l\" class=\"yoast-seo-meta-tag\" \/>\n<meta property=\"article:publisher\" content=\"https:\/\/www.facebook.com\/dorogimedence\/\" class=\"yoast-seo-meta-tag\" \/>\n<meta property=\"article:published_time\" content=\"2021-12-28T06:52:32+00:00\" class=\"yoast-seo-meta-tag\" \/>\n<meta property=\"article:modified_time\" content=\"2021-12-28T06:52:38+00:00\" class=\"yoast-seo-meta-tag\" \/>\n<meta property=\"og:image\" content=\"https:\/\/i0.wp.com\/dorogimedence.hu\/wp-content\/uploads\/2021\/12\/napelem-03.jpg?fit=1920%2C1280&ssl=1\" class=\"yoast-seo-meta-tag\" \/>\n\t<meta property=\"og:image:width\" content=\"1920\" class=\"yoast-seo-meta-tag\" \/>\n\t<meta property=\"og:image:height\" content=\"1280\" class=\"yoast-seo-meta-tag\" \/>\n\t<meta property=\"og:image:type\" content=\"image\/jpeg\" class=\"yoast-seo-meta-tag\" \/>\n<meta name=\"author\" content=\"dorogimedence.hu\" class=\"yoast-seo-meta-tag\" \/>\n<meta name=\"twitter:card\" content=\"summary_large_image\" class=\"yoast-seo-meta-tag\" \/>\n<meta name=\"twitter:label1\" content=\"Szerz\u0151:\" class=\"yoast-seo-meta-tag\" \/>\n\t<meta name=\"twitter:data1\" content=\"dorogimedence.hu\" class=\"yoast-seo-meta-tag\" \/>\n\t<meta name=\"twitter:label2\" content=\"Becs\u00fclt olvas\u00e1si id\u0151\" class=\"yoast-seo-meta-tag\" \/>\n\t<meta name=\"twitter:data2\" content=\"4 perc\" class=\"yoast-seo-meta-tag\" \/>\n<script type=\"application\/ld+json\" class=\"yoast-schema-graph\">{\"@context\":\"https:\\\/\\\/schema.org\",\"@graph\":[{\"@type\":\"Article\",\"@id\":\"https:\\\/\\\/dorogimedence.hu\\\/index.php\\\/2021\\\/12\\\/28\\\/meghosszabbitottak-az-energetikai-rendszerekre-kiirt-palyazatot\\\/#article\",\"isPartOf\":{\"@id\":\"https:\\\/\\\/dorogimedence.hu\\\/index.php\\\/2021\\\/12\\\/28\\\/meghosszabbitottak-az-energetikai-rendszerekre-kiirt-palyazatot\\\/\"},\"author\":{\"name\":\"dorogimedence.hu\",\"@id\":\"https:\\\/\\\/dorogimedence.hu\\\/#\\\/schema\\\/person\\\/ce6091eeb7e95ecdc87890d6aa8e0fd4\"},\"headline\":\"Meghosszabb\u00edtott\u00e1k az energetikai rendszerekre ki\u00edrt p\u00e1ly\u00e1zatot\",\"datePublished\":\"2021-12-28T06:52:32+00:00\",\"dateModified\":\"2021-12-28T06:52:38+00:00\",\"mainEntityOfPage\":{\"@id\":\"https:\\\/\\\/dorogimedence.hu\\\/index.php\\\/2021\\\/12\\\/28\\\/meghosszabbitottak-az-energetikai-rendszerekre-kiirt-palyazatot\\\/\"},\"wordCount\":857,\"publisher\":{\"@id\":\"https:\\\/\\\/dorogimedence.hu\\\/#organization\"},\"image\":{\"@id\":\"https:\\\/\\\/dorogimedence.hu\\\/index.php\\\/2021\\\/12\\\/28\\\/meghosszabbitottak-az-energetikai-rendszerekre-kiirt-palyazatot\\\/#primaryimage\"},\"thumbnailUrl\":\"https:\\\/\\\/dorogimedence.hu\\\/wp-content\\\/uploads\\\/2021\\\/12\\\/napelem-03.jpg\",\"keywords\":[\"energetika\",\"energetikai rendszerek\",\"Kom\u00e1rom-Esztergom megye\",\"napelem\",\"p\u00e1ly\u00e1zat\"],\"articleSection\":[\"H\u00edrek\",\"Kom\u00e1rom-Esztergom\"],\"inLanguage\":\"hu\"},{\"@type\":\"WebPage\",\"@id\":\"https:\\\/\\\/dorogimedence.hu\\\/index.php\\\/2021\\\/12\\\/28\\\/meghosszabbitottak-az-energetikai-rendszerekre-kiirt-palyazatot\\\/\",\"url\":\"https:\\\/\\\/dorogimedence.hu\\\/index.php\\\/2021\\\/12\\\/28\\\/meghosszabbitottak-az-energetikai-rendszerekre-kiirt-palyazatot\\\/\",\"name\":\"Meghosszabb\u00edtott\u00e1k az energetikai rendszerekre ki\u00edrt p\u00e1ly\u00e1zatot\",\"isPartOf\":{\"@id\":\"https:\\\/\\\/dorogimedence.hu\\\/#website\"},\"primaryImageOfPage\":{\"@id\":\"https:\\\/\\\/dorogimedence.hu\\\/index.php\\\/2021\\\/12\\\/28\\\/meghosszabbitottak-az-energetikai-rendszerekre-kiirt-palyazatot\\\/#primaryimage\"},\"image\":{\"@id\":\"https:\\\/\\\/dorogimedence.hu\\\/index.php\\\/2021\\\/12\\\/28\\\/meghosszabbitottak-az-energetikai-rendszerekre-kiirt-palyazatot\\\/#primaryimage\"},\"thumbnailUrl\":\"https:\\\/\\\/dorogimedence.hu\\\/wp-content\\\/uploads\\\/2021\\\/12\\\/napelem-03.jpg\",\"datePublished\":\"2021-12-28T06:52:32+00:00\",\"dateModified\":\"2021-12-28T06:52:38+00:00\",\"breadcrumb\":{\"@id\":\"https:\\\/\\\/dorogimedence.hu\\\/index.php\\\/2021\\\/12\\\/28\\\/meghosszabbitottak-az-energetikai-rendszerekre-kiirt-palyazatot\\\/#breadcrumb\"},\"inLanguage\":\"hu\",\"potentialAction\":[{\"@type\":\"ReadAction\",\"target\":[\"https:\\\/\\\/dorogimedence.hu\\\/index.php\\\/2021\\\/12\\\/28\\\/meghosszabbitottak-az-energetikai-rendszerekre-kiirt-palyazatot\\\/\"]}]},{\"@type\":\"ImageObject\",\"inLanguage\":\"hu\",\"@id\":\"https:\\\/\\\/dorogimedence.hu\\\/index.php\\\/2021\\\/12\\\/28\\\/meghosszabbitottak-az-energetikai-rendszerekre-kiirt-palyazatot\\\/#primaryimage\",\"url\":\"https:\\\/\\\/dorogimedence.hu\\\/wp-content\\\/uploads\\\/2021\\\/12\\\/napelem-03.jpg\",\"contentUrl\":\"https:\\\/\\\/dorogimedence.hu\\\/wp-content\\\/uploads\\\/2021\\\/12\\\/napelem-03.jpg\",\"width\":1920,\"height\":1280},{\"@type\":\"BreadcrumbList\",\"@id\":\"https:\\\/\\\/dorogimedence.hu\\\/index.php\\\/2021\\\/12\\\/28\\\/meghosszabbitottak-az-energetikai-rendszerekre-kiirt-palyazatot\\\/#breadcrumb\",\"itemListElement\":[{\"@type\":\"ListItem\",\"position\":1,\"name\":\"Kezd\u0151lap\",\"item\":\"https:\\\/\\\/dorogimedence.hu\\\/\"},{\"@type\":\"ListItem\",\"position\":2,\"name\":\"Meghosszabb\u00edtott\u00e1k az energetikai rendszerekre ki\u00edrt p\u00e1ly\u00e1zatot\"}]},{\"@type\":\"WebSite\",\"@id\":\"https:\\\/\\\/dorogimedence.hu\\\/#website\",\"url\":\"https:\\\/\\\/dorogimedence.hu\\\/\",\"name\":\"Dorogi-medence Region\u00e1lis H\u00edrport\u00e1l\",\"description\":\"Dorog, Keszt\u00f6lc, Le\u00e1nyv\u00e1r, Piliscs\u00e9v, Tokod, Tokodalt\u00e1r\u00f3, Csolnok, Esztergom-kertv\u00e1ros: h\u00edrek, programok\",\"publisher\":{\"@id\":\"https:\\\/\\\/dorogimedence.hu\\\/#organization\"},\"potentialAction\":[{\"@type\":\"SearchAction\",\"target\":{\"@type\":\"EntryPoint\",\"urlTemplate\":\"https:\\\/\\\/dorogimedence.hu\\\/?s={search_term_string}\"},\"query-input\":{\"@type\":\"PropertyValueSpecification\",\"valueRequired\":true,\"valueName\":\"search_term_string\"}}],\"inLanguage\":\"hu\"},{\"@type\":\"Organization\",\"@id\":\"https:\\\/\\\/dorogimedence.hu\\\/#organization\",\"name\":\"Dorogi-medence Region\u00e1lis H\u00edrport\u00e1l\",\"url\":\"https:\\\/\\\/dorogimedence.hu\\\/\",\"logo\":{\"@type\":\"ImageObject\",\"inLanguage\":\"hu\",\"@id\":\"https:\\\/\\\/dorogimedence.hu\\\/#\\\/schema\\\/logo\\\/image\\\/\",\"url\":\"https:\\\/\\\/dorogimedence.hu\\\/wp-content\\\/uploads\\\/2021\\\/04\\\/logo-feher-600.png\",\"contentUrl\":\"https:\\\/\\\/dorogimedence.hu\\\/wp-content\\\/uploads\\\/2021\\\/04\\\/logo-feher-600.png\",\"width\":600,\"height\":100,\"caption\":\"Dorogi-medence Region\u00e1lis H\u00edrport\u00e1l\"},\"image\":{\"@id\":\"https:\\\/\\\/dorogimedence.hu\\\/#\\\/schema\\\/logo\\\/image\\\/\"},\"sameAs\":[\"https:\\\/\\\/www.facebook.com\\\/dorogimedence\\\/\"]},{\"@type\":\"Person\",\"@id\":\"https:\\\/\\\/dorogimedence.hu\\\/#\\\/schema\\\/person\\\/ce6091eeb7e95ecdc87890d6aa8e0fd4\",\"name\":\"dorogimedence.hu\",\"image\":{\"@type\":\"ImageObject\",\"inLanguage\":\"hu\",\"@id\":\"\\\/\\\/www.gravatar.com\\\/avatar\\\/d8d45f8901aadff40a4af72c0b826f1d?s=96&#038;r=g&#038;d=mm\",\"url\":\"\\\/\\\/www.gravatar.com\\\/avatar\\\/d8d45f8901aadff40a4af72c0b826f1d?s=96&#038;r=g&#038;d=mm\",\"contentUrl\":\"\\\/\\\/www.gravatar.com\\\/avatar\\\/d8d45f8901aadff40a4af72c0b826f1d?s=96&#038;r=g&#038;d=mm\",\"caption\":\"dorogimedence.hu\"}}]}<\/script>\n<!-- \/ Yoast SEO plugin. -->","yoast_head_json":{"title":"Meghosszabb\u00edtott\u00e1k az energetikai rendszerekre ki\u00edrt p\u00e1ly\u00e1zatot","robots":{"index":"index","follow":"follow","max-snippet":"max-snippet:-1","max-image-preview":"max-image-preview:large","max-video-preview":"max-video-preview:-1"},"canonical":"https:\/\/dorogimedence.hu\/index.php\/2021\/12\/28\/meghosszabbitottak-az-energetikai-rendszerekre-kiirt-palyazatot\/","og_locale":"hu_HU","og_type":"article","og_title":"Meghosszabb\u00edtott\u00e1k az energetikai rendszerekre ki\u00edrt p\u00e1ly\u00e1zatot","og_description":"Elindult a lakoss\u00e1gnak sz\u00f3l\u00f3 napelemes p\u00e1ly\u00e1zat negyedik szakasza, amelyben Budapest \u00e9s Pest megye lak\u00f3i ig\u00e9nyelhetnek t\u00e1mogat\u00e1st napelemes rendszerek \u00e9s akkumul\u00e1tor telep\u00edt\u00e9s\u00e9hez, a ny\u00edl\u00e1sz\u00e1r\u00f3k cser\u00e9j\u00e9hez, a f\u0171t\u00e9s korszer\u0171s\u00edt\u00e9s\u00e9hez &#8211; k\u00f6z\u00f6lte Innov\u00e1ci\u00f3s \u00e9s Technol\u00f3giai Miniszt\u00e9rium h\u00e9tf\u0151n az MTI-vel. \u201eA korm\u00e1ny c\u00e9lja, hogy haz\u00e1nk 2050-re kl\u00edmasemleges orsz\u00e1gg\u00e1 v\u00e1ljon, a Kl\u00edma- \u00e9s Term\u00e9szetv\u00e9delmi Akci\u00f3tervben foglaltaknak megfelel\u0151en jelent\u0151s \u00e1llami t\u00e1mogat\u00e1ssal","og_url":"https:\/\/dorogimedence.hu\/index.php\/2021\/12\/28\/meghosszabbitottak-az-energetikai-rendszerekre-kiirt-palyazatot\/","og_site_name":"Dorogi-medence Region\u00e1lis H\u00edrport\u00e1l","article_publisher":"https:\/\/www.facebook.com\/dorogimedence\/","article_published_time":"2021-12-28T06:52:32+00:00","article_modified_time":"2021-12-28T06:52:38+00:00","og_image":[{"width":1920,"height":1280,"url":"https:\/\/i0.wp.com\/dorogimedence.hu\/wp-content\/uploads\/2021\/12\/napelem-03.jpg?fit=1920%2C1280&ssl=1","type":"image\/jpeg"}],"author":"dorogimedence.hu","twitter_card":"summary_large_image","twitter_misc":{"Szerz\u0151:":"dorogimedence.hu","Becs\u00fclt olvas\u00e1si id\u0151":"4 perc"},"schema":{"@context":"https:\/\/schema.org","@graph":[{"@type":"Article","@id":"https:\/\/dorogimedence.hu\/index.php\/2021\/12\/28\/meghosszabbitottak-az-energetikai-rendszerekre-kiirt-palyazatot\/#article","isPartOf":{"@id":"https:\/\/dorogimedence.hu\/index.php\/2021\/12\/28\/meghosszabbitottak-az-energetikai-rendszerekre-kiirt-palyazatot\/"},"author":{"name":"dorogimedence.hu","@id":"https:\/\/dorogimedence.hu\/#\/schema\/person\/ce6091eeb7e95ecdc87890d6aa8e0fd4"},"headline":"Meghosszabb\u00edtott\u00e1k az energetikai rendszerekre ki\u00edrt p\u00e1ly\u00e1zatot","datePublished":"2021-12-28T06:52:32+00:00","dateModified":"2021-12-28T06:52:38+00:00","mainEntityOfPage":{"@id":"https:\/\/dorogimedence.hu\/index.php\/2021\/12\/28\/meghosszabbitottak-az-energetikai-rendszerekre-kiirt-palyazatot\/"},"wordCount":857,"publisher":{"@id":"https:\/\/dorogimedence.hu\/#organization"},"image":{"@id":"https:\/\/dorogimedence.hu\/index.php\/2021\/12\/28\/meghosszabbitottak-az-energetikai-rendszerekre-kiirt-palyazatot\/#primaryimage"},"thumbnailUrl":"https:\/\/dorogimedence.hu\/wp-content\/uploads\/2021\/12\/napelem-03.jpg","keywords":["energetika","energetikai rendszerek","Kom\u00e1rom-Esztergom megye","napelem","p\u00e1ly\u00e1zat"],"articleSection":["H\u00edrek","Kom\u00e1rom-Esztergom"],"inLanguage":"hu"},{"@type":"WebPage","@id":"https:\/\/dorogimedence.hu\/index.php\/2021\/12\/28\/meghosszabbitottak-az-energetikai-rendszerekre-kiirt-palyazatot\/","url":"https:\/\/dorogimedence.hu\/index.php\/2021\/12\/28\/meghosszabbitottak-az-energetikai-rendszerekre-kiirt-palyazatot\/","name":"Meghosszabb\u00edtott\u00e1k az energetikai rendszerekre ki\u00edrt p\u00e1ly\u00e1zatot","isPartOf":{"@id":"https:\/\/dorogimedence.hu\/#website"},"primaryImageOfPage":{"@id":"https:\/\/dorogimedence.hu\/index.php\/2021\/12\/28\/meghosszabbitottak-az-energetikai-rendszerekre-kiirt-palyazatot\/#primaryimage"},"image":{"@id":"https:\/\/dorogimedence.hu\/index.php\/2021\/12\/28\/meghosszabbitottak-az-energetikai-rendszerekre-kiirt-palyazatot\/#primaryimage"},"thumbnailUrl":"https:\/\/dorogimedence.hu\/wp-content\/uploads\/2021\/12\/napelem-03.jpg","datePublished":"2021-12-28T06:52:32+00:00","dateModified":"2021-12-28T06:52:38+00:00","breadcrumb":{"@id":"https:\/\/dorogimedence.hu\/index.php\/2021\/12\/28\/meghosszabbitottak-az-energetikai-rendszerekre-kiirt-palyazatot\/#breadcrumb"},"inLanguage":"hu","potentialAction":[{"@type":"ReadAction","target":["https:\/\/dorogimedence.hu\/index.php\/2021\/12\/28\/meghosszabbitottak-az-energetikai-rendszerekre-kiirt-palyazatot\/"]}]},{"@type":"ImageObject","inLanguage":"hu","@id":"https:\/\/dorogimedence.hu\/index.php\/2021\/12\/28\/meghosszabbitottak-az-energetikai-rendszerekre-kiirt-palyazatot\/#primaryimage","url":"https:\/\/dorogimedence.hu\/wp-content\/uploads\/2021\/12\/napelem-03.jpg","contentUrl":"https:\/\/dorogimedence.hu\/wp-content\/uploads\/2021\/12\/napelem-03.jpg","width":1920,"height":1280},{"@type":"BreadcrumbList","@id":"https:\/\/dorogimedence.hu\/index.php\/2021\/12\/28\/meghosszabbitottak-az-energetikai-rendszerekre-kiirt-palyazatot\/#breadcrumb","itemListElement":[{"@type":"ListItem","position":1,"name":"Kezd\u0151lap","item":"https:\/\/dorogimedence.hu\/"},{"@type":"ListItem","position":2,"name":"Meghosszabb\u00edtott\u00e1k az energetikai rendszerekre ki\u00edrt p\u00e1ly\u00e1zatot"}]},{"@type":"WebSite","@id":"https:\/\/dorogimedence.hu\/#website","url":"https:\/\/dorogimedence.hu\/","name":"Dorogi-medence Region\u00e1lis H\u00edrport\u00e1l","description":"Dorog, Keszt\u00f6lc, Le\u00e1nyv\u00e1r, Piliscs\u00e9v, Tokod, Tokodalt\u00e1r\u00f3, Csolnok, Esztergom-kertv\u00e1ros: h\u00edrek, programok","publisher":{"@id":"https:\/\/dorogimedence.hu\/#organization"},"potentialAction":[{"@type":"SearchAction","target":{"@type":"EntryPoint","urlTemplate":"https:\/\/dorogimedence.hu\/?s={search_term_string}"},"query-input":{"@type":"PropertyValueSpecification","valueRequired":true,"valueName":"search_term_string"}}],"inLanguage":"hu"},{"@type":"Organization","@id":"https:\/\/dorogimedence.hu\/#organization","name":"Dorogi-medence Region\u00e1lis H\u00edrport\u00e1l","url":"https:\/\/dorogimedence.hu\/","logo":{"@type":"ImageObject","inLanguage":"hu","@id":"https:\/\/dorogimedence.hu\/#\/schema\/logo\/image\/","url":"https:\/\/dorogimedence.hu\/wp-content\/uploads\/2021\/04\/logo-feher-600.png","contentUrl":"https:\/\/dorogimedence.hu\/wp-content\/uploads\/2021\/04\/logo-feher-600.png","width":600,"height":100,"caption":"Dorogi-medence Region\u00e1lis H\u00edrport\u00e1l"},"image":{"@id":"https:\/\/dorogimedence.hu\/#\/schema\/logo\/image\/"},"sameAs":["https:\/\/www.facebook.com\/dorogimedence\/"]},{"@type":"Person","@id":"https:\/\/dorogimedence.hu\/#\/schema\/person\/ce6091eeb7e95ecdc87890d6aa8e0fd4","name":"dorogimedence.hu","image":{"@type":"ImageObject","inLanguage":"hu","@id":"\/\/www.gravatar.com\/avatar\/d8d45f8901aadff40a4af72c0b826f1d?s=96&#038;r=g&#038;d=mm","url":"\/\/www.gravatar.com\/avatar\/d8d45f8901aadff40a4af72c0b826f1d?s=96&#038;r=g&#038;d=mm","contentUrl":"\/\/www.gravatar.com\/avatar\/d8d45f8901aadff40a4af72c0b826f1d?s=96&#038;r=g&#038;d=mm","caption":"dorogimedence.hu"}}]}},"_links":{"self":[{"href":"https:\/\/dorogimedence.hu\/index.php\/wp-json\/wp\/v2\/posts\/39466","targetHints":{"allow":["GET"]}}],"collection":[{"href":"https:\/\/dorogimedence.hu\/index.php\/wp-json\/wp\/v2\/posts"}],"about":[{"href":"https:\/\/dorogimedence.hu\/index.php\/wp-json\/wp\/v2\/types\/post"}],"author":[{"embeddable":true,"href":"https:\/\/dorogimedence.hu\/index.php\/wp-json\/wp\/v2\/users\/1"}],"replies":[{"embeddable":true,"href":"https:\/\/dorogimedence.hu\/index.php\/wp-json\/wp\/v2\/comments?post=39466"}],"version-history":[{"count":0,"href":"https:\/\/dorogimedence.hu\/index.php\/wp-json\/wp\/v2\/posts\/39466\/revisions"}],"wp:featuredmedia":[{"embeddable":true,"href":"https:\/\/dorogimedence.hu\/index.php\/wp-json\/wp\/v2\/media\/39467"}],"wp:attachment":[{"href":"https:\/\/dorogimedence.hu\/index.php\/wp-json\/wp\/v2\/media?parent=39466"}],"wp:term":[{"taxonomy":"category","embeddable":true,"href":"https:\/\/dorogimedence.hu\/index.php\/wp-json\/wp\/v2\/categories?post=39466"},{"taxonomy":"post_tag","embeddable":true,"href":"https:\/\/dorogimedence.hu\/index.php\/wp-json\/wp\/v2\/tags?post=39466"}],"curies":[{"name":"wp","href":"https:\/\/api.w.org\/{rel}","templated":true}]}}