{"id":39397,"date":"2021-12-21T13:51:45","date_gmt":"2021-12-21T12:51:45","guid":{"rendered":"https:\/\/dorogimedence.hu\/?p=39397"},"modified":"2021-12-21T13:51:56","modified_gmt":"2021-12-21T12:51:56","slug":"pro-urbe-esztergom-kituntetest-vehetett-at-maraz-zsuzsanna","status":"publish","type":"post","link":"https:\/\/dorogimedence.hu\/index.php\/2021\/12\/21\/pro-urbe-esztergom-kituntetest-vehetett-at-maraz-zsuzsanna\/","title":{"rendered":"Pro Urbe Esztergom kit\u00fcntet\u00e9st vehetett \u00e1t Mar\u00e1z Zsuzsanna"},"content":{"rendered":"<p><strong>Esztergom V\u00e1ros \u00d6nkorm\u00e1nyzat k\u00e9pvisel\u0151-test\u00fclete 297\/2021. (X.21.) hat\u00e1rozat\u00e1val &#8222;Pro Urbe Esztergom&#8221; kit\u00fcntet\u00e9st adom\u00e1nyozott Mar\u00e1z Zsuzsanna r\u00e9sz\u00e9re a sport\u00e9letben ny\u00fajtott kimagasl\u00f3, Esztergom h\u00edrnev\u00e9t Magyarorsz\u00e1gon \u00e9s k\u00fclf\u00f6ld\u00f6n \u00f6regb\u00edt\u0151 sporttev\u00e9kenys\u00e9ge elismer\u00e9sek\u00e9nt.&nbsp;A kit\u00fcntet\u00e9st a V\u00e1rosh\u00e1za nagyterm\u00e9ben adt\u00e1k \u00e1t december 20-\u00e1n, h\u00e9tf\u0151n.<\/strong><\/p>\n<p>Mar\u00e1z Zsuzsanna \u2013 ultrafut\u00f3, szem\u00e9lyi edz\u0151. 2009 okt\u00f3ber\u00e9t\u0151l az Esztergomi Fut\u00f3m\u0171vek Amat\u0151r Sportegyes\u00fclet tagja. 30 \u00e9vesen kezdett el futni hobbi szinten eg\u00e9szs\u00e9gmeg\u0151rz\u00e9s c\u00e9lj\u00e1b\u00f3l, majd 40 \u00e9vesen, 2011-ben d\u00f6nt\u00f6tt \u00fagy, hogy lefutja els\u0151 maratonj\u00e1t.<\/p>\n<p>A siker nem maradt el, hisz az els\u0151 maraton eredm\u00e9nye a 11. Spar Maratonon 3 \u00f3ra 43 perc lett. Zsuzsann\u00e1t teljesen \u201eelvar\u00e1zsolta\u201d a versenyz\u00e9s. A k\u00f6vetkez\u0151 \u00e9vben m\u00e1r kikacsintgatott az ultrafut\u00e1s vil\u00e1g\u00e1ba, ahol m\u00e1r el\u0151sz\u00f6r is hihetetlen eredm\u00e9nyeket \u00e9rt el. Sokszor cs\u00e1b\u00edtott\u00e1k m\u00e1s egyes\u00fcletekbe, de \u0151 mindv\u00e9gig Esztergomi Fut\u00f3m\u0171ves maradt. Nem csak az eredm\u00e9nyeket sz\u00e1ll\u00edtotta, ezzel \u00f6regb\u00edtve Esztergom \u00e9s az egyes\u00fclet h\u00edrnev\u00e9t, de a fut\u00f3m\u0171vek \u00e1ltal szervezett sz\u00e1mos versenyen is dolgozott \u00f6nk\u00e9ntesk\u00e9nt! Hobbija \u00e9s szenved\u00e9lye a fut\u00e1s, feladat\u00e1nak tekinti az eg\u00e9szs\u00e9ges \u00e9letm\u00f3d hirdet\u00e9s\u00e9t, az eg\u00e9szs\u00e9g meg\u0151rz\u00e9s\u00e9nek fontoss\u00e1g\u00e1t. Fut\u00e1s\u00e1val, kitart\u00e1s\u00e1val, teljes\u00edtm\u00e9ny\u00e9vel sok-sok embert motiv\u00e1l. A Hospice Alap\u00edtv\u00e1ny j\u00f3t\u00e9kony fut\u00f3ja.<\/p>\n<p><strong>Fontosabb eredm\u00e9nyei:<\/strong><\/p>\n<ul>\n<li>K\u00e9tszeres orsz\u00e1gos bajnok 6-12 \u00f3r\u00e1s fut\u00e1sban<\/li>\n<li>\u00d6tsz\u00f6r\u00f6s Spartathlon teljes\u00edt\u0151<br \/>\n(A 246 km-en 2016-ban n\u0151i III. hely, 2017-ben n\u0151i II. hely az eddigi legjobb magyar n\u0151i id\u0151eredm\u00e9nnyel, 2018-ban n\u0151i I. hely, 2019-ben n\u0151i I. hely, 2021-ben n\u0151i II. hely)<\/li>\n<li>K\u00e9tszeres Korinthosz-gy\u0151ztes \u00e9s egyszer m\u00e1sodik helyezett 81 km a t\u00e1von, 2021-ben pedig 160 km-es t\u00e1von n\u0151i I. helyezett<\/li>\n<li>K\u00e9tszeres Spuri Balaton Szupermaraton-gy\u0151ztes (94 km)<\/li>\n<li>H\u00e1romszoros Suhanj! 6 \u00f3r\u00e1s gy\u0151ztes, n\u0151i p\u00e1lyacs\u00facstart\u00f3,<\/li>\n<li>N\u00e9gyszeres Ultrabalaton-gy\u0151ztes (220 km) \u00e9s n\u0151i p\u00e1lyacs\u00facstart\u00f3.<\/li>\n<li>\u00d6tsz\u00f6r\u00f6s S\u00e1rv\u00e1r 12 \u00f3r\u00e1s gy\u0151ztes, n\u0151i p\u00e1lyacs\u00facstart\u00f3<\/li>\n<li>Jap\u00e1nban a Sakura michi ultafut\u00f3 verseny II. helyezett<\/li>\n<li>2021-ben teljes\u00edtette az Authentic Phidippides Run (Ath\u00e9n-Sp\u00e1rta-Ath\u00e9n) 490 km-es t\u00e1vj\u00e1t, n\u0151i I. helyezett<\/li>\n<li>Az \u00c9v Ultrafut\u00f3ja-d\u00edj tulajdonosa 2016-ban \u00e9s 2017-ben.<\/li>\n<\/ul>\n<p><em>Fot\u00f3, forr\u00e1s: esztergom.hu<\/em><\/p>\n","protected":false},"excerpt":{"rendered":"<p>Esztergom V\u00e1ros \u00d6nkorm\u00e1nyzat k\u00e9pvisel\u0151-test\u00fclete 297\/2021. (X.21.) hat\u00e1rozat\u00e1val &#8222;Pro Urbe Esztergom&#8221; kit\u00fcntet\u00e9st adom\u00e1nyozott Mar\u00e1z Zsuzsanna r\u00e9sz\u00e9re a sport\u00e9letben ny\u00fajtott kimagasl\u00f3, Esztergom h\u00edrnev\u00e9t Magyarorsz\u00e1gon \u00e9s k\u00fclf\u00f6ld\u00f6n \u00f6regb\u00edt\u0151 sporttev\u00e9kenys\u00e9ge elismer\u00e9sek\u00e9nt.&nbsp;A kit\u00fcntet\u00e9st a V\u00e1rosh\u00e1za nagyterm\u00e9ben adt\u00e1k \u00e1t december 20-\u00e1n, h\u00e9tf\u0151n. Mar\u00e1z Zsuzsanna \u2013 ultrafut\u00f3, szem\u00e9lyi edz\u0151. 2009 okt\u00f3ber\u00e9t\u0151l az Esztergomi Fut\u00f3m\u0171vek Amat\u0151r Sportegyes\u00fclet tagja. 30 \u00e9vesen kezdett el futni<\/p>\n","protected":false},"author":1,"featured_media":39398,"comment_status":"closed","ping_status":"closed","sticky":false,"template":"","format":"standard","meta":{"ngg_post_thumbnail":0,"footnotes":""},"categories":[3],"tags":[594,42,1597,5912],"class_list":{"0":"post-39397","1":"post","2":"type-post","3":"status-publish","4":"format-standard","5":"has-post-thumbnail","7":"category-hirek","8":"tag-dijatado","9":"tag-esztergom","10":"tag-maraz-zsuzsanna","11":"tag-pro-urbe-esztergom"},"yoast_head":"<!-- This site is optimized with the Yoast SEO plugin v27.5 - https:\/\/yoast.com\/product\/yoast-seo-wordpress\/ -->\n<title>Pro Urbe Esztergom kit\u00fcntet\u00e9st vehetett \u00e1t Mar\u00e1z Zsuzsanna<\/title>\n<meta name=\"robots\" content=\"index, follow, max-snippet:-1, max-image-preview:large, max-video-preview:-1\" \/>\n<link rel=\"canonical\" href=\"https:\/\/dorogimedence.hu\/index.php\/2021\/12\/21\/pro-urbe-esztergom-kituntetest-vehetett-at-maraz-zsuzsanna\/\" class=\"yoast-seo-meta-tag\" \/>\n<meta property=\"og:locale\" content=\"hu_HU\" class=\"yoast-seo-meta-tag\" \/>\n<meta property=\"og:type\" content=\"article\" class=\"yoast-seo-meta-tag\" \/>\n<meta property=\"og:title\" content=\"Pro Urbe Esztergom kit\u00fcntet\u00e9st vehetett \u00e1t Mar\u00e1z Zsuzsanna\" class=\"yoast-seo-meta-tag\" \/>\n<meta property=\"og:description\" content=\"Esztergom V\u00e1ros \u00d6nkorm\u00e1nyzat k\u00e9pvisel\u0151-test\u00fclete 297\/2021. (X.21.) hat\u00e1rozat\u00e1val &#8222;Pro Urbe Esztergom&#8221; kit\u00fcntet\u00e9st adom\u00e1nyozott Mar\u00e1z Zsuzsanna r\u00e9sz\u00e9re a sport\u00e9letben ny\u00fajtott kimagasl\u00f3, Esztergom h\u00edrnev\u00e9t Magyarorsz\u00e1gon \u00e9s k\u00fclf\u00f6ld\u00f6n \u00f6regb\u00edt\u0151 sporttev\u00e9kenys\u00e9ge elismer\u00e9sek\u00e9nt.&nbsp;A kit\u00fcntet\u00e9st a V\u00e1rosh\u00e1za nagyterm\u00e9ben adt\u00e1k \u00e1t december 20-\u00e1n, h\u00e9tf\u0151n. Mar\u00e1z Zsuzsanna \u2013 ultrafut\u00f3, szem\u00e9lyi edz\u0151. 2009 okt\u00f3ber\u00e9t\u0151l az Esztergomi Fut\u00f3m\u0171vek Amat\u0151r Sportegyes\u00fclet tagja. 30 \u00e9vesen kezdett el futni\" class=\"yoast-seo-meta-tag\" \/>\n<meta property=\"og:url\" content=\"https:\/\/dorogimedence.hu\/index.php\/2021\/12\/21\/pro-urbe-esztergom-kituntetest-vehetett-at-maraz-zsuzsanna\/\" class=\"yoast-seo-meta-tag\" \/>\n<meta property=\"og:site_name\" content=\"Dorogi-medence Region\u00e1lis H\u00edrport\u00e1l\" class=\"yoast-seo-meta-tag\" \/>\n<meta property=\"article:publisher\" content=\"https:\/\/www.facebook.com\/dorogimedence\/\" class=\"yoast-seo-meta-tag\" \/>\n<meta property=\"article:published_time\" content=\"2021-12-21T12:51:45+00:00\" class=\"yoast-seo-meta-tag\" \/>\n<meta property=\"article:modified_time\" content=\"2021-12-21T12:51:56+00:00\" class=\"yoast-seo-meta-tag\" \/>\n<meta property=\"og:image\" content=\"https:\/\/i0.wp.com\/dorogimedence.hu\/wp-content\/uploads\/2021\/12\/maraz-zsuzsanna.jpg?fit=1781%2C937&ssl=1\" class=\"yoast-seo-meta-tag\" \/>\n\t<meta property=\"og:image:width\" content=\"1781\" class=\"yoast-seo-meta-tag\" \/>\n\t<meta property=\"og:image:height\" content=\"937\" class=\"yoast-seo-meta-tag\" \/>\n\t<meta property=\"og:image:type\" content=\"image\/jpeg\" class=\"yoast-seo-meta-tag\" \/>\n<meta name=\"author\" content=\"dorogimedence.hu\" class=\"yoast-seo-meta-tag\" \/>\n<meta name=\"twitter:card\" content=\"summary_large_image\" class=\"yoast-seo-meta-tag\" \/>\n<meta name=\"twitter:label1\" content=\"Szerz\u0151:\" class=\"yoast-seo-meta-tag\" \/>\n\t<meta name=\"twitter:data1\" content=\"dorogimedence.hu\" class=\"yoast-seo-meta-tag\" \/>\n\t<meta name=\"twitter:label2\" content=\"Becs\u00fclt olvas\u00e1si id\u0151\" class=\"yoast-seo-meta-tag\" \/>\n\t<meta name=\"twitter:data2\" content=\"2 perc\" class=\"yoast-seo-meta-tag\" \/>\n<script type=\"application\/ld+json\" class=\"yoast-schema-graph\">{\"@context\":\"https:\\\/\\\/schema.org\",\"@graph\":[{\"@type\":\"Article\",\"@id\":\"https:\\\/\\\/dorogimedence.hu\\\/index.php\\\/2021\\\/12\\\/21\\\/pro-urbe-esztergom-kituntetest-vehetett-at-maraz-zsuzsanna\\\/#article\",\"isPartOf\":{\"@id\":\"https:\\\/\\\/dorogimedence.hu\\\/index.php\\\/2021\\\/12\\\/21\\\/pro-urbe-esztergom-kituntetest-vehetett-at-maraz-zsuzsanna\\\/\"},\"author\":{\"name\":\"dorogimedence.hu\",\"@id\":\"https:\\\/\\\/dorogimedence.hu\\\/#\\\/schema\\\/person\\\/ce6091eeb7e95ecdc87890d6aa8e0fd4\"},\"headline\":\"Pro Urbe Esztergom kit\u00fcntet\u00e9st vehetett \u00e1t Mar\u00e1z Zsuzsanna\",\"datePublished\":\"2021-12-21T12:51:45+00:00\",\"dateModified\":\"2021-12-21T12:51:56+00:00\",\"mainEntityOfPage\":{\"@id\":\"https:\\\/\\\/dorogimedence.hu\\\/index.php\\\/2021\\\/12\\\/21\\\/pro-urbe-esztergom-kituntetest-vehetett-at-maraz-zsuzsanna\\\/\"},\"wordCount\":450,\"publisher\":{\"@id\":\"https:\\\/\\\/dorogimedence.hu\\\/#organization\"},\"image\":{\"@id\":\"https:\\\/\\\/dorogimedence.hu\\\/index.php\\\/2021\\\/12\\\/21\\\/pro-urbe-esztergom-kituntetest-vehetett-at-maraz-zsuzsanna\\\/#primaryimage\"},\"thumbnailUrl\":\"https:\\\/\\\/dorogimedence.hu\\\/wp-content\\\/uploads\\\/2021\\\/12\\\/maraz-zsuzsanna.jpg\",\"keywords\":[\"d\u00edj\u00e1tad\u00f3\",\"esztergom\",\"Mar\u00e1z Zsuzsanna\",\"Pro Urbe Esztergom\"],\"articleSection\":[\"H\u00edrek\"],\"inLanguage\":\"hu\"},{\"@type\":\"WebPage\",\"@id\":\"https:\\\/\\\/dorogimedence.hu\\\/index.php\\\/2021\\\/12\\\/21\\\/pro-urbe-esztergom-kituntetest-vehetett-at-maraz-zsuzsanna\\\/\",\"url\":\"https:\\\/\\\/dorogimedence.hu\\\/index.php\\\/2021\\\/12\\\/21\\\/pro-urbe-esztergom-kituntetest-vehetett-at-maraz-zsuzsanna\\\/\",\"name\":\"Pro Urbe Esztergom kit\u00fcntet\u00e9st vehetett \u00e1t Mar\u00e1z Zsuzsanna\",\"isPartOf\":{\"@id\":\"https:\\\/\\\/dorogimedence.hu\\\/#website\"},\"primaryImageOfPage\":{\"@id\":\"https:\\\/\\\/dorogimedence.hu\\\/index.php\\\/2021\\\/12\\\/21\\\/pro-urbe-esztergom-kituntetest-vehetett-at-maraz-zsuzsanna\\\/#primaryimage\"},\"image\":{\"@id\":\"https:\\\/\\\/dorogimedence.hu\\\/index.php\\\/2021\\\/12\\\/21\\\/pro-urbe-esztergom-kituntetest-vehetett-at-maraz-zsuzsanna\\\/#primaryimage\"},\"thumbnailUrl\":\"https:\\\/\\\/dorogimedence.hu\\\/wp-content\\\/uploads\\\/2021\\\/12\\\/maraz-zsuzsanna.jpg\",\"datePublished\":\"2021-12-21T12:51:45+00:00\",\"dateModified\":\"2021-12-21T12:51:56+00:00\",\"breadcrumb\":{\"@id\":\"https:\\\/\\\/dorogimedence.hu\\\/index.php\\\/2021\\\/12\\\/21\\\/pro-urbe-esztergom-kituntetest-vehetett-at-maraz-zsuzsanna\\\/#breadcrumb\"},\"inLanguage\":\"hu\",\"potentialAction\":[{\"@type\":\"ReadAction\",\"target\":[\"https:\\\/\\\/dorogimedence.hu\\\/index.php\\\/2021\\\/12\\\/21\\\/pro-urbe-esztergom-kituntetest-vehetett-at-maraz-zsuzsanna\\\/\"]}]},{\"@type\":\"ImageObject\",\"inLanguage\":\"hu\",\"@id\":\"https:\\\/\\\/dorogimedence.hu\\\/index.php\\\/2021\\\/12\\\/21\\\/pro-urbe-esztergom-kituntetest-vehetett-at-maraz-zsuzsanna\\\/#primaryimage\",\"url\":\"https:\\\/\\\/dorogimedence.hu\\\/wp-content\\\/uploads\\\/2021\\\/12\\\/maraz-zsuzsanna.jpg\",\"contentUrl\":\"https:\\\/\\\/dorogimedence.hu\\\/wp-content\\\/uploads\\\/2021\\\/12\\\/maraz-zsuzsanna.jpg\",\"width\":1781,\"height\":937},{\"@type\":\"BreadcrumbList\",\"@id\":\"https:\\\/\\\/dorogimedence.hu\\\/index.php\\\/2021\\\/12\\\/21\\\/pro-urbe-esztergom-kituntetest-vehetett-at-maraz-zsuzsanna\\\/#breadcrumb\",\"itemListElement\":[{\"@type\":\"ListItem\",\"position\":1,\"name\":\"Kezd\u0151lap\",\"item\":\"https:\\\/\\\/dorogimedence.hu\\\/\"},{\"@type\":\"ListItem\",\"position\":2,\"name\":\"Pro Urbe Esztergom kit\u00fcntet\u00e9st vehetett \u00e1t Mar\u00e1z Zsuzsanna\"}]},{\"@type\":\"WebSite\",\"@id\":\"https:\\\/\\\/dorogimedence.hu\\\/#website\",\"url\":\"https:\\\/\\\/dorogimedence.hu\\\/\",\"name\":\"Dorogi-medence Region\u00e1lis H\u00edrport\u00e1l\",\"description\":\"Dorog, Keszt\u00f6lc, Le\u00e1nyv\u00e1r, Piliscs\u00e9v, Tokod, Tokodalt\u00e1r\u00f3, Csolnok, Esztergom-kertv\u00e1ros: h\u00edrek, programok\",\"publisher\":{\"@id\":\"https:\\\/\\\/dorogimedence.hu\\\/#organization\"},\"potentialAction\":[{\"@type\":\"SearchAction\",\"target\":{\"@type\":\"EntryPoint\",\"urlTemplate\":\"https:\\\/\\\/dorogimedence.hu\\\/?s={search_term_string}\"},\"query-input\":{\"@type\":\"PropertyValueSpecification\",\"valueRequired\":true,\"valueName\":\"search_term_string\"}}],\"inLanguage\":\"hu\"},{\"@type\":\"Organization\",\"@id\":\"https:\\\/\\\/dorogimedence.hu\\\/#organization\",\"name\":\"Dorogi-medence Region\u00e1lis H\u00edrport\u00e1l\",\"url\":\"https:\\\/\\\/dorogimedence.hu\\\/\",\"logo\":{\"@type\":\"ImageObject\",\"inLanguage\":\"hu\",\"@id\":\"https:\\\/\\\/dorogimedence.hu\\\/#\\\/schema\\\/logo\\\/image\\\/\",\"url\":\"https:\\\/\\\/dorogimedence.hu\\\/wp-content\\\/uploads\\\/2021\\\/04\\\/logo-feher-600.png\",\"contentUrl\":\"https:\\\/\\\/dorogimedence.hu\\\/wp-content\\\/uploads\\\/2021\\\/04\\\/logo-feher-600.png\",\"width\":600,\"height\":100,\"caption\":\"Dorogi-medence Region\u00e1lis H\u00edrport\u00e1l\"},\"image\":{\"@id\":\"https:\\\/\\\/dorogimedence.hu\\\/#\\\/schema\\\/logo\\\/image\\\/\"},\"sameAs\":[\"https:\\\/\\\/www.facebook.com\\\/dorogimedence\\\/\"]},{\"@type\":\"Person\",\"@id\":\"https:\\\/\\\/dorogimedence.hu\\\/#\\\/schema\\\/person\\\/ce6091eeb7e95ecdc87890d6aa8e0fd4\",\"name\":\"dorogimedence.hu\",\"image\":{\"@type\":\"ImageObject\",\"inLanguage\":\"hu\",\"@id\":\"\\\/\\\/www.gravatar.com\\\/avatar\\\/d8d45f8901aadff40a4af72c0b826f1d?s=96&#038;r=g&#038;d=mm\",\"url\":\"\\\/\\\/www.gravatar.com\\\/avatar\\\/d8d45f8901aadff40a4af72c0b826f1d?s=96&#038;r=g&#038;d=mm\",\"contentUrl\":\"\\\/\\\/www.gravatar.com\\\/avatar\\\/d8d45f8901aadff40a4af72c0b826f1d?s=96&#038;r=g&#038;d=mm\",\"caption\":\"dorogimedence.hu\"}}]}<\/script>\n<!-- \/ Yoast SEO plugin. -->","yoast_head_json":{"title":"Pro Urbe Esztergom kit\u00fcntet\u00e9st vehetett \u00e1t Mar\u00e1z Zsuzsanna","robots":{"index":"index","follow":"follow","max-snippet":"max-snippet:-1","max-image-preview":"max-image-preview:large","max-video-preview":"max-video-preview:-1"},"canonical":"https:\/\/dorogimedence.hu\/index.php\/2021\/12\/21\/pro-urbe-esztergom-kituntetest-vehetett-at-maraz-zsuzsanna\/","og_locale":"hu_HU","og_type":"article","og_title":"Pro Urbe Esztergom kit\u00fcntet\u00e9st vehetett \u00e1t Mar\u00e1z Zsuzsanna","og_description":"Esztergom V\u00e1ros \u00d6nkorm\u00e1nyzat k\u00e9pvisel\u0151-test\u00fclete 297\/2021. (X.21.) hat\u00e1rozat\u00e1val &#8222;Pro Urbe Esztergom&#8221; kit\u00fcntet\u00e9st adom\u00e1nyozott Mar\u00e1z Zsuzsanna r\u00e9sz\u00e9re a sport\u00e9letben ny\u00fajtott kimagasl\u00f3, Esztergom h\u00edrnev\u00e9t Magyarorsz\u00e1gon \u00e9s k\u00fclf\u00f6ld\u00f6n \u00f6regb\u00edt\u0151 sporttev\u00e9kenys\u00e9ge elismer\u00e9sek\u00e9nt.&nbsp;A kit\u00fcntet\u00e9st a V\u00e1rosh\u00e1za nagyterm\u00e9ben adt\u00e1k \u00e1t december 20-\u00e1n, h\u00e9tf\u0151n. Mar\u00e1z Zsuzsanna \u2013 ultrafut\u00f3, szem\u00e9lyi edz\u0151. 2009 okt\u00f3ber\u00e9t\u0151l az Esztergomi Fut\u00f3m\u0171vek Amat\u0151r Sportegyes\u00fclet tagja. 30 \u00e9vesen kezdett el futni","og_url":"https:\/\/dorogimedence.hu\/index.php\/2021\/12\/21\/pro-urbe-esztergom-kituntetest-vehetett-at-maraz-zsuzsanna\/","og_site_name":"Dorogi-medence Region\u00e1lis H\u00edrport\u00e1l","article_publisher":"https:\/\/www.facebook.com\/dorogimedence\/","article_published_time":"2021-12-21T12:51:45+00:00","article_modified_time":"2021-12-21T12:51:56+00:00","og_image":[{"width":1781,"height":937,"url":"https:\/\/i0.wp.com\/dorogimedence.hu\/wp-content\/uploads\/2021\/12\/maraz-zsuzsanna.jpg?fit=1781%2C937&ssl=1","type":"image\/jpeg"}],"author":"dorogimedence.hu","twitter_card":"summary_large_image","twitter_misc":{"Szerz\u0151:":"dorogimedence.hu","Becs\u00fclt olvas\u00e1si id\u0151":"2 perc"},"schema":{"@context":"https:\/\/schema.org","@graph":[{"@type":"Article","@id":"https:\/\/dorogimedence.hu\/index.php\/2021\/12\/21\/pro-urbe-esztergom-kituntetest-vehetett-at-maraz-zsuzsanna\/#article","isPartOf":{"@id":"https:\/\/dorogimedence.hu\/index.php\/2021\/12\/21\/pro-urbe-esztergom-kituntetest-vehetett-at-maraz-zsuzsanna\/"},"author":{"name":"dorogimedence.hu","@id":"https:\/\/dorogimedence.hu\/#\/schema\/person\/ce6091eeb7e95ecdc87890d6aa8e0fd4"},"headline":"Pro Urbe Esztergom kit\u00fcntet\u00e9st vehetett \u00e1t Mar\u00e1z Zsuzsanna","datePublished":"2021-12-21T12:51:45+00:00","dateModified":"2021-12-21T12:51:56+00:00","mainEntityOfPage":{"@id":"https:\/\/dorogimedence.hu\/index.php\/2021\/12\/21\/pro-urbe-esztergom-kituntetest-vehetett-at-maraz-zsuzsanna\/"},"wordCount":450,"publisher":{"@id":"https:\/\/dorogimedence.hu\/#organization"},"image":{"@id":"https:\/\/dorogimedence.hu\/index.php\/2021\/12\/21\/pro-urbe-esztergom-kituntetest-vehetett-at-maraz-zsuzsanna\/#primaryimage"},"thumbnailUrl":"https:\/\/dorogimedence.hu\/wp-content\/uploads\/2021\/12\/maraz-zsuzsanna.jpg","keywords":["d\u00edj\u00e1tad\u00f3","esztergom","Mar\u00e1z Zsuzsanna","Pro Urbe Esztergom"],"articleSection":["H\u00edrek"],"inLanguage":"hu"},{"@type":"WebPage","@id":"https:\/\/dorogimedence.hu\/index.php\/2021\/12\/21\/pro-urbe-esztergom-kituntetest-vehetett-at-maraz-zsuzsanna\/","url":"https:\/\/dorogimedence.hu\/index.php\/2021\/12\/21\/pro-urbe-esztergom-kituntetest-vehetett-at-maraz-zsuzsanna\/","name":"Pro Urbe Esztergom kit\u00fcntet\u00e9st vehetett \u00e1t Mar\u00e1z Zsuzsanna","isPartOf":{"@id":"https:\/\/dorogimedence.hu\/#website"},"primaryImageOfPage":{"@id":"https:\/\/dorogimedence.hu\/index.php\/2021\/12\/21\/pro-urbe-esztergom-kituntetest-vehetett-at-maraz-zsuzsanna\/#primaryimage"},"image":{"@id":"https:\/\/dorogimedence.hu\/index.php\/2021\/12\/21\/pro-urbe-esztergom-kituntetest-vehetett-at-maraz-zsuzsanna\/#primaryimage"},"thumbnailUrl":"https:\/\/dorogimedence.hu\/wp-content\/uploads\/2021\/12\/maraz-zsuzsanna.jpg","datePublished":"2021-12-21T12:51:45+00:00","dateModified":"2021-12-21T12:51:56+00:00","breadcrumb":{"@id":"https:\/\/dorogimedence.hu\/index.php\/2021\/12\/21\/pro-urbe-esztergom-kituntetest-vehetett-at-maraz-zsuzsanna\/#breadcrumb"},"inLanguage":"hu","potentialAction":[{"@type":"ReadAction","target":["https:\/\/dorogimedence.hu\/index.php\/2021\/12\/21\/pro-urbe-esztergom-kituntetest-vehetett-at-maraz-zsuzsanna\/"]}]},{"@type":"ImageObject","inLanguage":"hu","@id":"https:\/\/dorogimedence.hu\/index.php\/2021\/12\/21\/pro-urbe-esztergom-kituntetest-vehetett-at-maraz-zsuzsanna\/#primaryimage","url":"https:\/\/dorogimedence.hu\/wp-content\/uploads\/2021\/12\/maraz-zsuzsanna.jpg","contentUrl":"https:\/\/dorogimedence.hu\/wp-content\/uploads\/2021\/12\/maraz-zsuzsanna.jpg","width":1781,"height":937},{"@type":"BreadcrumbList","@id":"https:\/\/dorogimedence.hu\/index.php\/2021\/12\/21\/pro-urbe-esztergom-kituntetest-vehetett-at-maraz-zsuzsanna\/#breadcrumb","itemListElement":[{"@type":"ListItem","position":1,"name":"Kezd\u0151lap","item":"https:\/\/dorogimedence.hu\/"},{"@type":"ListItem","position":2,"name":"Pro Urbe Esztergom kit\u00fcntet\u00e9st vehetett \u00e1t Mar\u00e1z Zsuzsanna"}]},{"@type":"WebSite","@id":"https:\/\/dorogimedence.hu\/#website","url":"https:\/\/dorogimedence.hu\/","name":"Dorogi-medence Region\u00e1lis H\u00edrport\u00e1l","description":"Dorog, Keszt\u00f6lc, Le\u00e1nyv\u00e1r, Piliscs\u00e9v, Tokod, Tokodalt\u00e1r\u00f3, Csolnok, Esztergom-kertv\u00e1ros: h\u00edrek, programok","publisher":{"@id":"https:\/\/dorogimedence.hu\/#organization"},"potentialAction":[{"@type":"SearchAction","target":{"@type":"EntryPoint","urlTemplate":"https:\/\/dorogimedence.hu\/?s={search_term_string}"},"query-input":{"@type":"PropertyValueSpecification","valueRequired":true,"valueName":"search_term_string"}}],"inLanguage":"hu"},{"@type":"Organization","@id":"https:\/\/dorogimedence.hu\/#organization","name":"Dorogi-medence Region\u00e1lis H\u00edrport\u00e1l","url":"https:\/\/dorogimedence.hu\/","logo":{"@type":"ImageObject","inLanguage":"hu","@id":"https:\/\/dorogimedence.hu\/#\/schema\/logo\/image\/","url":"https:\/\/dorogimedence.hu\/wp-content\/uploads\/2021\/04\/logo-feher-600.png","contentUrl":"https:\/\/dorogimedence.hu\/wp-content\/uploads\/2021\/04\/logo-feher-600.png","width":600,"height":100,"caption":"Dorogi-medence Region\u00e1lis H\u00edrport\u00e1l"},"image":{"@id":"https:\/\/dorogimedence.hu\/#\/schema\/logo\/image\/"},"sameAs":["https:\/\/www.facebook.com\/dorogimedence\/"]},{"@type":"Person","@id":"https:\/\/dorogimedence.hu\/#\/schema\/person\/ce6091eeb7e95ecdc87890d6aa8e0fd4","name":"dorogimedence.hu","image":{"@type":"ImageObject","inLanguage":"hu","@id":"\/\/www.gravatar.com\/avatar\/d8d45f8901aadff40a4af72c0b826f1d?s=96&#038;r=g&#038;d=mm","url":"\/\/www.gravatar.com\/avatar\/d8d45f8901aadff40a4af72c0b826f1d?s=96&#038;r=g&#038;d=mm","contentUrl":"\/\/www.gravatar.com\/avatar\/d8d45f8901aadff40a4af72c0b826f1d?s=96&#038;r=g&#038;d=mm","caption":"dorogimedence.hu"}}]}},"_links":{"self":[{"href":"https:\/\/dorogimedence.hu\/index.php\/wp-json\/wp\/v2\/posts\/39397","targetHints":{"allow":["GET"]}}],"collection":[{"href":"https:\/\/dorogimedence.hu\/index.php\/wp-json\/wp\/v2\/posts"}],"about":[{"href":"https:\/\/dorogimedence.hu\/index.php\/wp-json\/wp\/v2\/types\/post"}],"author":[{"embeddable":true,"href":"https:\/\/dorogimedence.hu\/index.php\/wp-json\/wp\/v2\/users\/1"}],"replies":[{"embeddable":true,"href":"https:\/\/dorogimedence.hu\/index.php\/wp-json\/wp\/v2\/comments?post=39397"}],"version-history":[{"count":0,"href":"https:\/\/dorogimedence.hu\/index.php\/wp-json\/wp\/v2\/posts\/39397\/revisions"}],"wp:featuredmedia":[{"embeddable":true,"href":"https:\/\/dorogimedence.hu\/index.php\/wp-json\/wp\/v2\/media\/39398"}],"wp:attachment":[{"href":"https:\/\/dorogimedence.hu\/index.php\/wp-json\/wp\/v2\/media?parent=39397"}],"wp:term":[{"taxonomy":"category","embeddable":true,"href":"https:\/\/dorogimedence.hu\/index.php\/wp-json\/wp\/v2\/categories?post=39397"},{"taxonomy":"post_tag","embeddable":true,"href":"https:\/\/dorogimedence.hu\/index.php\/wp-json\/wp\/v2\/tags?post=39397"}],"curies":[{"name":"wp","href":"https:\/\/api.w.org\/{rel}","templated":true}]}}