{"id":39392,"date":"2021-12-21T13:00:20","date_gmt":"2021-12-21T12:00:20","guid":{"rendered":"https:\/\/dorogimedence.hu\/?p=39392"},"modified":"2021-12-21T13:00:35","modified_gmt":"2021-12-21T12:00:35","slug":"nagy-ev-vegi-utasforgalomra-keszul-a-mav-volan-csoport","status":"publish","type":"post","link":"https:\/\/dorogimedence.hu\/index.php\/2021\/12\/21\/nagy-ev-vegi-utasforgalomra-keszul-a-mav-volan-csoport\/","title":{"rendered":"Nagy \u00e9v v\u00e9gi utasforgalomra k\u00e9sz\u00fcl a M\u00c1V-Vol\u00e1n csoport"},"content":{"rendered":"<p><strong>Kar\u00e1csonykor, majd szilveszterkor \u00e9s \u00faj\u00e9vkor az \u00e1tlagos h\u00e9tv\u00e9gin\u00e9l j\u00f3val nagyobb utasforgalom v\u00e1rhat\u00f3, ez\u00e9rt a M\u00c1V \u00e9s a Vol\u00e1nbusz arra k\u00e9ri utasait, hogy id\u0151ben tervezz\u00e9k meg utaz\u00e1sukat, \u00e9s indul\u00e1s el\u0151tt t\u00e1j\u00e9koz\u00f3djanak a menetrendv\u00e1ltoz\u00e1sr\u00f3l. \u00c9rdemes a menetjegyek megv\u00e1s\u00e1rl\u00e1s\u00e1r\u00f3l is id\u0151ben gondoskodni, biztos\u00edtva a helyet az utaz\u00e1sra. A p\u00e9nzt\u00e1rak el\u0151tti sorban \u00e1ll\u00e1s elker\u00fcl\u00e9se \u00e9rdek\u00e9ben a menetjegy el\u0151v\u00e9telben, online \u00e9s mobilon is k\u00e9nyelmesen megv\u00e1lthat\u00f3. A M\u00c1V-Vol\u00e1n-csoporthoz tartoz\u00f3 k\u00f6zleked\u00e9si t\u00e1rsas\u00e1gok \u2013 M\u00c1V-START, Vol\u00e1nbusz, M\u00c1V-H\u00c9V \u2013 az \u00fcnnepekhez igaz\u00edtott\u00e1k a j\u00e1ratok k\u00f6zleked\u00e9si rendj\u00e9t. <\/strong><\/p>\n<p>A M\u00c1V-START vonatai kar\u00e1csonykor a k\u00f6vetkez\u0151k szerint k\u00f6zlekednek:<\/p>\n<ul>\n<li>december 23-\u00e1n a p\u00e9nteki napra,<\/li>\n<li>december 24-\u00e9n a szombatra,<\/li>\n<li>december 25-\u00e9n az \u00fcnnepnapra,<\/li>\n<li>december 26-\u00e1n a vas\u00e1rnapra \u00e9rv\u00e9nyes menetrend szerint.<\/li>\n<\/ul>\n<p>A budapesti el\u0151v\u00e1rosi vonalak t\u00f6bbs\u00e9g\u00e9n feloldj\u00e1k a kar\u00e1csony \u00e9s \u00faj\u00e9v k\u00f6z\u00f6tt kor\u00e1bban alkalmazott k\u00f6zleked\u00e9si korl\u00e1toz\u00e1sok jelent\u0151s r\u00e9sz\u00e9t, a szem\u00e9ly- \u00e9s gyors\u00edtott vonatok az \u00fcnnepi id\u0151szakra es\u0151 munkah\u00e9ten is s\u0171r\u0171 kiszolg\u00e1l\u00e1st biztos\u00edtanak:<\/p>\n<ul>\n<li>Az esztergomi \u00e9s a veresegyh\u00e1zi vonalon tavaly a k\u00e9t \u00fcnnep k\u00f6z\u00f6tt h\u00e9tv\u00e9gi menetrend volt \u00e9rv\u00e9nyes, id\u00e9n a megszokott munkanapi menetrend szerint k\u00f6zlekednek a vonatok, viszont az S76-os vonatok eg\u00e9sz nap csak \u00f3r\u00e1nk\u00e9nt j\u00e1rnak.<\/li>\n<li>Id\u00e9n \u00e9v v\u00e9g\u00e9n a martonv\u00e1s\u00e1ri Z30-as \u00e9s a sz\u00e1zhalombattai S40-es bet\u00e9tj\u00e1ratok is k\u00f6zlekednek az utols\u00f3 munkah\u00e9ten. A Budapest\u2013V\u00e1c\u2013Szob vonalon a Nyugati p\u00e1lyaudvarr\u00f3l d\u00e9lut\u00e1n \u00e9s este minden megszokott G70-es vonat j\u00e1r \u00e9s reggel a f\u0151v\u00e1ros fel\u00e9 is minden munkanapi vonat indul Szobr\u00f3l, illetve V\u00e1cr\u00f3l. Az S70-es v\u00e1ci vonatok december 24-\u00e9n, 25-\u00e9n, 26-\u00e1n \u00e9s janu\u00e1r 1-j\u00e9n ritk\u00e1bban, csak \u00f3r\u00e1nk\u00e9nt indulnak.<\/li>\n<\/ul>\n<p>V\u00e1rhat\u00f3an sokan kelnek \u00fatra vonattal is, ez\u00e9rt \u00e9rdemes el\u0151v\u00e9telben megv\u00e1ltani a menetjegyeket. Vas\u00fati jegyv\u00e1lt\u00e1shoz az utasok 5 sz\u00e1zal\u00e9kos kedvezm\u00e9nnyel haszn\u00e1lhatj\u00e1k az automat\u00e1kat, \u00e9s 10 sz\u00e1zal\u00e9kos kedvezm\u00e9nnyel vehetik ig\u00e9nybe az <a tabindex=\"0\" href=\"https:\/\/www.mavcsoport.hu\/mav-start\/belfoldi-utazas\/vegye-meg-interneten-vonatjegyet\" target=\"_blank\" rel=\"noopener\"><span style=\"text-decoration: underline; color: #0000ff;\">online jegyv\u00e1s\u00e1rl\u00e1st<\/span><\/a> a <a tabindex=\"0\" href=\"https:\/\/jegy.mav.hu\/\" target=\"_blank\" rel=\"noopener\"><span style=\"text-decoration: underline; color: #0000ff;\">meg\u00fajult Elvir\u00e1n<\/span><\/a> vagy a <span style=\"text-decoration: underline; color: #0000ff;\"><a style=\"color: #0000ff; text-decoration: underline;\" tabindex=\"0\" href=\"https:\/\/www.mavcsoport.hu\/mav-start\/belfoldi-utazas\/mav-applikacio-mindent-tudo-vasuti-utazastervezo\" target=\"_blank\" rel=\"noopener\">M\u00c1V applik\u00e1ci\u00f3ban<\/a><\/span> is. Az \u00f6nkiszolg\u00e1l\u00f3 csatorn\u00e1kon t\u00f6rt\u00e9n\u0151 jegyv\u00e1s\u00e1rl\u00e1s nem j\u00e1r szem\u00e9lyes \u00e9rintkez\u00e9ssel, az ilyen m\u00f3don t\u00f6rt\u00e9n\u0151 jegyv\u00e1s\u00e1rl\u00e1ssal az utasok cs\u00f6kkenthetik a fert\u0151z\u00e9s kock\u00e1zat\u00e1t is. A meg\u00fajult Elvir\u00e1n m\u00e1r figyelhet\u0151 az adott vonat \u00fcl\u0151hely-foglalts\u00e1ga a helyjegy elad\u00e1sok alapj\u00e1n, \u00edgy az utasok v\u00e1laszthatnak elegend\u0151 kapacit\u00e1ssal k\u00f6zleked\u0151 (InterCity, railjet) vonatokat.<\/p>\n<p>A kiemelt, frekvent\u00e1lt vonalakon a cs\u00facsid\u0151szakokban k\u00f6zleked\u0151 InterCity vonatokhoz \u2013 a lehet\u0151s\u00e9gekhez k\u00e9pest \u2013 t\u00f6bb kocsit kapcsolnak a helyjegy-fogy\u00e1s\u00e1t\u00f3l f\u00fcgg\u0151en. December 23-\u00e1n, 24-\u00e9n, 26-\u00e1n \u00e9s 31-\u00e9n, valamint janu\u00e1r 2-\u00e1n \u00e9s 3-\u00e1n j\u00e1ratonk\u00e9nt 1-4 kocsival t\u00f6bbel k\u00f6zlekednek az InterCity vonatok a Budapest\u2013Miskolc\u2013Ny\u00edregyh\u00e1za\u2013Debrecen\u2013Budapest \u00fatvonalon, a Budapest\u2013Debrecen\u2013Ny\u00edregyh\u00e1za-Z\u00e1hony, a Budapest\u2013Szolnok\u2013B\u00e9k\u00e9scsaba, a Budapest\u2013P\u00e9cs vonalon, tov\u00e1bb\u00e1 a d\u00e9l-balatoni vonalon a nagykanizsai \u00e9s keszthelyi, a Budapest\u2013Gy\u0151r\u2013Sopron, illetve Szombathely k\u00f6z\u00f6tti InterCity-k, valamint a G\u00f6csej \u00e9s Bakony InterCity-k Zalaegerszeg \u00e9s Szombathely fel\u00e9. Tov\u00e1bb\u00e1 t\u00f6bblet kocsikkal k\u00f6zlekednek egyes sebesvonatok Budapest \u00e9s Tapolca k\u00f6z\u00f6tt is. December 23-\u00e1n a P\u00e9csr\u0151l Szombathelyre 14:17-kor \u00e9s a Szombathelyr\u0151l Nagykanizs\u00e1ra 19:03-kor indul\u00f3 Pann\u00f3nia InterR\u00e9gi\u00f3 vonatok k\u00e9t motorvonat-egys\u00e9ggel k\u00f6zlekednek.<\/p>\n<p>A gyermekek, csal\u00e1dosok, tanul\u00f3k, di\u00e1k- \u00e9s feln\u0151tt csoportok, nyugd\u00edjasok is \u00e9lhetnek a szok\u00e1sos kedvezm\u00e9nyrendszerrel. A m\u00e1r nem tanul\u00f3 26 \u00e9ven aluliak a 33 sz\u00e1zal\u00e9kos h\u00e9tv\u00e9gi kedvezm\u00e9nyt december 23-\u00e1n 10 \u00f3r\u00e1t\u00f3l janu\u00e1r 2-\u00e1n \u00e9jf\u00e9lig vehetik ig\u00e9nybe.<\/p>\n<p><strong>A Vol\u00e1nbusz helyi \u00e9s helyk\u00f6zi aut\u00f3buszainak k\u00f6zleked\u00e9si rendje is v\u00e1ltozik:<\/strong>&nbsp;december 21-\u00e9n munkanapon \u00e9s a h\u00e9t utols\u00f3 iskolai el\u0151ad\u00e1si napj\u00e1n, 22-\u00e9n tan\u00edt\u00e1si sz\u00fcnetes munkanapon, 23-\u00e1n a h\u00e9t utols\u00f3 tan\u00edt\u00e1si sz\u00fcnetes munkanapj\u00e1n \u00e9rv\u00e9nyes menetrend szerint indulnak a j\u00e1ratok. Az elm\u00falt \u00e9vekhez hasonl\u00f3an december 24-\u00e9n, szenteste napj\u00e1n a szabadnapi menetrendnek megfelel\u0151en indulnak az aut\u00f3buszok, egyes j\u00e1ratok azonban nem k\u00f6zlekednek. December 25-\u00e9n \u00e9s 26-\u00e1n, kar\u00e1csonykor munkasz\u00fcneti nap, illetve a h\u00e9t els\u0151 tan\u00edt\u00e1si sz\u00fcnetes munkanapj\u00e1t megel\u0151z\u0151 munkasz\u00fcneti nap beoszt\u00e1sa szerint indulnak a buszok, egyes esetekben szint\u00e9n korl\u00e1toz\u00e1sokkal.<\/p>\n<p>December 27. \u00e9s 31. k\u00f6z\u00f6tt a tan\u00edt\u00e1si sz\u00fcnet munkanapjain \u00e9rv\u00e9nyes menetrend szerint k\u00f6zlekednek a Vol\u00e1nbusz j\u00e1rm\u0171vei, ezen bel\u00fcl h\u00e9tf\u0151n a h\u00e9t els\u0151, p\u00e9nteken a h\u00e9t utols\u00f3 tan\u00edt\u00e1si sz\u00fcnetes munkanapj\u00e1ra meghirdetett menetrend lesz \u00e9rv\u00e9nyben. Janu\u00e1r 1-j\u00e9n, \u00faj\u00e9vkor munkasz\u00fcneti napnak megfelel\u0151 menetrend szerint indulnak a j\u00e1ratok. Szilveszter \u00e9s \u00faj\u00e9v napj\u00e1n egyes j\u00e1ratok nem k\u00f6zlekednek.<\/p>\n<p>Janu\u00e1r 2-\u00e1n a h\u00e9t els\u0151 iskolai el\u0151ad\u00e1si \u00e9s munkanapj\u00e1t megel\u0151z\u0151 munkasz\u00fcneti nap menetrendje \u00e9rv\u00e9nyes. Janu\u00e1r 3-\u00e1n, h\u00e9tf\u0151n a h\u00e9t els\u0151 munka- \u00e9s tan\u00edt\u00e1si napj\u00e1ra meghirdetett aut\u00f3buszok indulnak.<\/p>\n<p>Egyes telep\u00fcl\u00e9seken a helyi j\u00e1ratok a fentiekt\u0151l elt\u00e9r\u0151en k\u00f6zlekedhetnek.<\/p>\n<p>Az \u00fcnnepi menetrenddel kapcsolatos r\u00e9szletes t\u00e1j\u00e9koztat\u00e1s az al\u00e1bbi linken \u00e9rhet\u0151 el:&nbsp;<a tabindex=\"0\" href=\"https:\/\/www.volanbusz.hu\/hu\/hirek\/hir\/38090\" target=\"_blank\" rel=\"noopener\"><span style=\"text-decoration: underline; color: #0000ff;\">https:\/\/www.volanbusz.hu\/hu\/hirek\/hir\/38090<\/span><\/a>. A t\u00e1rsas\u00e1g k\u00e9ri utasait, el\u0151re tervezz\u00e9k meg utaz\u00e1sukat a&nbsp;<span style=\"text-decoration: underline; color: #0000ff;\"><a style=\"color: #0000ff; text-decoration: underline;\" tabindex=\"0\" href=\"http:\/\/www.menetrendek.hu\/\" target=\"_blank\" rel=\"noopener\">www.menetrendek.hu<\/a><\/span>&nbsp;oldalon.<\/p>\n<p><strong><em>M\u00c1V-H\u00c9V j\u00e1ratok <\/em><\/strong><\/p>\n<p>A H5-\u00f6s, a H6-os, a H8-as \u00e9s a H9-es H\u00c9V december 24-\u00e9n 16 \u00f3ra ut\u00e1n is k\u00f6zlekedik, szilveszterkor pedig valamennyi H\u00c9V-vonalon biztos\u00edtott az \u00e9jszakai k\u00f6zleked\u00e9s. A r\u00e9szleteket <a tabindex=\"0\" href=\"https:\/\/www.mav-hev.hu\/hevvege2021\" target=\"_blank\" rel=\"noopener\"><span style=\"text-decoration: underline; color: #0000ff;\">a t\u00e1rsas\u00e1g k\u00f6zlem\u00e9nye<\/span><\/a> ismerteti. December 24-\u00e9n Budapesten a k\u00f6z\u00f6ss\u00e9gi k\u00f6zleked\u00e9s nappali j\u00e1ratai k\u00f6r\u00fclbel\u00fcl 16 \u00f3r\u00e1ig k\u00f6zlekednek, ezt k\u00f6vet\u0151en \u00e9jszakai j\u00e1ratokkal lehet utazni. B\u0151vebb inform\u00e1ci\u00f3k\u00e9rt, k\u00e9rj\u00fck, k\u00f6vess\u00e9k figyelemmel a <a tabindex=\"0\" href=\"https:\/\/www.bkk.hu\" target=\"_blank\" rel=\"noopener\"><span style=\"text-decoration: underline; color: #0000ff;\">www.bkk.hu<\/span><\/a> weboldalt!<\/p>\n<p>A k\u00f6zleked\u00e9si t\u00e1rsas\u00e1gok azt k\u00e9rik az utasokt\u00f3l, hogy tarts\u00e1k be a k\u00f6zeg\u00e9szs\u00e9g\u00fcgyi el\u0151\u00edr\u00e1sokat. Az \u00e1llom\u00e1sok, meg\u00e1ll\u00f3k ter\u00fclet\u00e9n, illetve a j\u00e1rm\u0171veken k\u00f6telez\u0151 az utaz\u00e1s teljes id\u0151tartama alatt az orrot \u00e9s sz\u00e1jat eltakar\u00f3 maszk visel\u00e9se. Akik nem viselnek maszkot, kiz\u00e1rhat\u00f3k az utaz\u00e1sb\u00f3l \u00e9s 8000 forint p\u00f3td\u00edj fizet\u00e9s\u00e9re k\u00f6telezhet\u0151k.<\/p>\n<p><strong><em>Meghosszabbodik a decemberi helyk\u00f6zi b\u00e9rletek \u00e9rv\u00e9nyess\u00e9gi ideje <\/em><\/strong><\/p>\n<p>Az Innov\u00e1ci\u00f3s \u00e9s Technol\u00f3giai Miniszt\u00e9rium d\u00f6nt\u00e9se alapj\u00e1n a decemberi dolgoz\u00f3- \u00e9s tanul\u00f3b\u00e9rleteket a vas\u00fati \u00e9s k\u00f6z\u00fati k\u00f6z\u00f6ss\u00e9gi&nbsp;k\u00f6zleked\u00e9si szolg\u00e1ltat\u00f3k janu\u00e1r 5. helyett janu\u00e1r 7-ig fogadj\u00e1k el a vonatokon \u00e9s a helyk\u00f6zi buszj\u00e1ratokon. A meghosszabb\u00edt\u00e1s c\u00e9lja, hogy megk\u00f6nny\u00edts\u00e9k az utasok sorban \u00e1ll\u00e1s n\u00e9lk\u00fcli b\u00e9rletv\u00e1s\u00e1rl\u00e1s\u00e1t az \u00faj\u00e9v els\u0151 napjaiban. A tapasztalatok&nbsp;szerint a t\u00e9li sz\u00fcnet ut\u00e1ni iskolakezd\u00e9sn\u00e9l hosszabbra ny\u00falhat a v\u00e1rakoz\u00e1s a jegyp\u00e9nzt\u00e1rakn\u00e1l, az int\u00e9zked\u00e9s ezen seg\u00edthet, az \u00faj\u00e9v els\u0151 het\u00e9ben szerda helyett p\u00e9ntekig lehet majd utazni a decemberi havi \u00e9s m\u00e1sodik f\u00e9lhavi b\u00e9rletekkel.&nbsp;<\/p>\n<p><em>Forr\u00e1s: M\u00c1V Zrt. Kommunik\u00e1ci\u00f3s Igazgat\u00f3s\u00e1g<\/em><\/p>\n","protected":false},"excerpt":{"rendered":"<p>Kar\u00e1csonykor, majd szilveszterkor \u00e9s \u00faj\u00e9vkor az \u00e1tlagos h\u00e9tv\u00e9gin\u00e9l j\u00f3val nagyobb utasforgalom v\u00e1rhat\u00f3, ez\u00e9rt a M\u00c1V \u00e9s a Vol\u00e1nbusz arra k\u00e9ri utasait, hogy id\u0151ben tervezz\u00e9k meg utaz\u00e1sukat, \u00e9s indul\u00e1s el\u0151tt t\u00e1j\u00e9koz\u00f3djanak a menetrendv\u00e1ltoz\u00e1sr\u00f3l. \u00c9rdemes a menetjegyek megv\u00e1s\u00e1rl\u00e1s\u00e1r\u00f3l is id\u0151ben gondoskodni, biztos\u00edtva a helyet az utaz\u00e1sra. A p\u00e9nzt\u00e1rak el\u0151tti sorban \u00e1ll\u00e1s elker\u00fcl\u00e9se \u00e9rdek\u00e9ben a menetjegy el\u0151v\u00e9telben, online<\/p>\n","protected":false},"author":1,"featured_media":31017,"comment_status":"closed","ping_status":"closed","sticky":false,"template":"","format":"standard","meta":{"ngg_post_thumbnail":0,"footnotes":""},"categories":[3],"tags":[458,1043,279,292,381,4787,291],"class_list":{"0":"post-39392","1":"post","2":"type-post","3":"status-publish","4":"format-standard","5":"has-post-thumbnail","7":"category-hirek","8":"tag-autobusz","9":"tag-busz","10":"tag-kozlekedes","11":"tag-mav","12":"tag-vasut","13":"tag-volan","14":"tag-vonat"},"yoast_head":"<!-- This site is optimized with the Yoast SEO plugin v27.4 - https:\/\/yoast.com\/product\/yoast-seo-wordpress\/ -->\n<title>Nagy \u00e9v v\u00e9gi utasforgalomra k\u00e9sz\u00fcl a M\u00c1V-Vol\u00e1n csoport<\/title>\n<meta name=\"robots\" content=\"index, follow, max-snippet:-1, max-image-preview:large, max-video-preview:-1\" \/>\n<link rel=\"canonical\" href=\"https:\/\/dorogimedence.hu\/index.php\/2021\/12\/21\/nagy-ev-vegi-utasforgalomra-keszul-a-mav-volan-csoport\/\" class=\"yoast-seo-meta-tag\" \/>\n<meta property=\"og:locale\" content=\"hu_HU\" class=\"yoast-seo-meta-tag\" \/>\n<meta property=\"og:type\" content=\"article\" class=\"yoast-seo-meta-tag\" \/>\n<meta property=\"og:title\" content=\"Nagy \u00e9v v\u00e9gi utasforgalomra k\u00e9sz\u00fcl a M\u00c1V-Vol\u00e1n csoport\" class=\"yoast-seo-meta-tag\" \/>\n<meta property=\"og:description\" content=\"Kar\u00e1csonykor, majd szilveszterkor \u00e9s \u00faj\u00e9vkor az \u00e1tlagos h\u00e9tv\u00e9gin\u00e9l j\u00f3val nagyobb utasforgalom v\u00e1rhat\u00f3, ez\u00e9rt a M\u00c1V \u00e9s a Vol\u00e1nbusz arra k\u00e9ri utasait, hogy id\u0151ben tervezz\u00e9k meg utaz\u00e1sukat, \u00e9s indul\u00e1s el\u0151tt t\u00e1j\u00e9koz\u00f3djanak a menetrendv\u00e1ltoz\u00e1sr\u00f3l. \u00c9rdemes a menetjegyek megv\u00e1s\u00e1rl\u00e1s\u00e1r\u00f3l is id\u0151ben gondoskodni, biztos\u00edtva a helyet az utaz\u00e1sra. A p\u00e9nzt\u00e1rak el\u0151tti sorban \u00e1ll\u00e1s elker\u00fcl\u00e9se \u00e9rdek\u00e9ben a menetjegy el\u0151v\u00e9telben, online\" class=\"yoast-seo-meta-tag\" \/>\n<meta property=\"og:url\" content=\"https:\/\/dorogimedence.hu\/index.php\/2021\/12\/21\/nagy-ev-vegi-utasforgalomra-keszul-a-mav-volan-csoport\/\" class=\"yoast-seo-meta-tag\" \/>\n<meta property=\"og:site_name\" content=\"Dorogi-medence Region\u00e1lis H\u00edrport\u00e1l\" class=\"yoast-seo-meta-tag\" \/>\n<meta property=\"article:publisher\" content=\"https:\/\/www.facebook.com\/dorogimedence\/\" class=\"yoast-seo-meta-tag\" \/>\n<meta property=\"article:published_time\" content=\"2021-12-21T12:00:20+00:00\" class=\"yoast-seo-meta-tag\" \/>\n<meta property=\"article:modified_time\" content=\"2021-12-21T12:00:35+00:00\" class=\"yoast-seo-meta-tag\" \/>\n<meta property=\"og:image\" content=\"https:\/\/i0.wp.com\/dorogimedence.hu\/wp-content\/uploads\/2021\/03\/vonat-busz.png?fit=830%2C450&ssl=1\" class=\"yoast-seo-meta-tag\" \/>\n\t<meta property=\"og:image:width\" content=\"830\" class=\"yoast-seo-meta-tag\" \/>\n\t<meta property=\"og:image:height\" content=\"450\" class=\"yoast-seo-meta-tag\" \/>\n\t<meta property=\"og:image:type\" content=\"image\/png\" class=\"yoast-seo-meta-tag\" \/>\n<meta name=\"author\" content=\"dorogimedence.hu\" class=\"yoast-seo-meta-tag\" \/>\n<meta name=\"twitter:card\" content=\"summary_large_image\" class=\"yoast-seo-meta-tag\" \/>\n<meta name=\"twitter:label1\" content=\"Szerz\u0151:\" class=\"yoast-seo-meta-tag\" \/>\n\t<meta name=\"twitter:data1\" content=\"dorogimedence.hu\" class=\"yoast-seo-meta-tag\" \/>\n\t<meta name=\"twitter:label2\" content=\"Becs\u00fclt olvas\u00e1si id\u0151\" class=\"yoast-seo-meta-tag\" \/>\n\t<meta name=\"twitter:data2\" content=\"7 perc\" class=\"yoast-seo-meta-tag\" \/>\n<script type=\"application\/ld+json\" class=\"yoast-schema-graph\">{\"@context\":\"https:\\\/\\\/schema.org\",\"@graph\":[{\"@type\":\"Article\",\"@id\":\"https:\\\/\\\/dorogimedence.hu\\\/index.php\\\/2021\\\/12\\\/21\\\/nagy-ev-vegi-utasforgalomra-keszul-a-mav-volan-csoport\\\/#article\",\"isPartOf\":{\"@id\":\"https:\\\/\\\/dorogimedence.hu\\\/index.php\\\/2021\\\/12\\\/21\\\/nagy-ev-vegi-utasforgalomra-keszul-a-mav-volan-csoport\\\/\"},\"author\":{\"name\":\"dorogimedence.hu\",\"@id\":\"https:\\\/\\\/dorogimedence.hu\\\/#\\\/schema\\\/person\\\/ce6091eeb7e95ecdc87890d6aa8e0fd4\"},\"headline\":\"Nagy \u00e9v v\u00e9gi utasforgalomra k\u00e9sz\u00fcl a M\u00c1V-Vol\u00e1n csoport\",\"datePublished\":\"2021-12-21T12:00:20+00:00\",\"dateModified\":\"2021-12-21T12:00:35+00:00\",\"mainEntityOfPage\":{\"@id\":\"https:\\\/\\\/dorogimedence.hu\\\/index.php\\\/2021\\\/12\\\/21\\\/nagy-ev-vegi-utasforgalomra-keszul-a-mav-volan-csoport\\\/\"},\"wordCount\":1403,\"publisher\":{\"@id\":\"https:\\\/\\\/dorogimedence.hu\\\/#organization\"},\"image\":{\"@id\":\"https:\\\/\\\/dorogimedence.hu\\\/index.php\\\/2021\\\/12\\\/21\\\/nagy-ev-vegi-utasforgalomra-keszul-a-mav-volan-csoport\\\/#primaryimage\"},\"thumbnailUrl\":\"https:\\\/\\\/dorogimedence.hu\\\/wp-content\\\/uploads\\\/2021\\\/03\\\/vonat-busz.png\",\"keywords\":[\"aut\u00f3busz\",\"busz\",\"k\u00f6zleked\u00e9s\",\"m\u00e1v\",\"vas\u00fat\",\"Vol\u00e1n\",\"vonat\"],\"articleSection\":[\"H\u00edrek\"],\"inLanguage\":\"hu\"},{\"@type\":\"WebPage\",\"@id\":\"https:\\\/\\\/dorogimedence.hu\\\/index.php\\\/2021\\\/12\\\/21\\\/nagy-ev-vegi-utasforgalomra-keszul-a-mav-volan-csoport\\\/\",\"url\":\"https:\\\/\\\/dorogimedence.hu\\\/index.php\\\/2021\\\/12\\\/21\\\/nagy-ev-vegi-utasforgalomra-keszul-a-mav-volan-csoport\\\/\",\"name\":\"Nagy \u00e9v v\u00e9gi utasforgalomra k\u00e9sz\u00fcl a M\u00c1V-Vol\u00e1n csoport\",\"isPartOf\":{\"@id\":\"https:\\\/\\\/dorogimedence.hu\\\/#website\"},\"primaryImageOfPage\":{\"@id\":\"https:\\\/\\\/dorogimedence.hu\\\/index.php\\\/2021\\\/12\\\/21\\\/nagy-ev-vegi-utasforgalomra-keszul-a-mav-volan-csoport\\\/#primaryimage\"},\"image\":{\"@id\":\"https:\\\/\\\/dorogimedence.hu\\\/index.php\\\/2021\\\/12\\\/21\\\/nagy-ev-vegi-utasforgalomra-keszul-a-mav-volan-csoport\\\/#primaryimage\"},\"thumbnailUrl\":\"https:\\\/\\\/dorogimedence.hu\\\/wp-content\\\/uploads\\\/2021\\\/03\\\/vonat-busz.png\",\"datePublished\":\"2021-12-21T12:00:20+00:00\",\"dateModified\":\"2021-12-21T12:00:35+00:00\",\"breadcrumb\":{\"@id\":\"https:\\\/\\\/dorogimedence.hu\\\/index.php\\\/2021\\\/12\\\/21\\\/nagy-ev-vegi-utasforgalomra-keszul-a-mav-volan-csoport\\\/#breadcrumb\"},\"inLanguage\":\"hu\",\"potentialAction\":[{\"@type\":\"ReadAction\",\"target\":[\"https:\\\/\\\/dorogimedence.hu\\\/index.php\\\/2021\\\/12\\\/21\\\/nagy-ev-vegi-utasforgalomra-keszul-a-mav-volan-csoport\\\/\"]}]},{\"@type\":\"ImageObject\",\"inLanguage\":\"hu\",\"@id\":\"https:\\\/\\\/dorogimedence.hu\\\/index.php\\\/2021\\\/12\\\/21\\\/nagy-ev-vegi-utasforgalomra-keszul-a-mav-volan-csoport\\\/#primaryimage\",\"url\":\"https:\\\/\\\/dorogimedence.hu\\\/wp-content\\\/uploads\\\/2021\\\/03\\\/vonat-busz.png\",\"contentUrl\":\"https:\\\/\\\/dorogimedence.hu\\\/wp-content\\\/uploads\\\/2021\\\/03\\\/vonat-busz.png\",\"width\":830,\"height\":450},{\"@type\":\"BreadcrumbList\",\"@id\":\"https:\\\/\\\/dorogimedence.hu\\\/index.php\\\/2021\\\/12\\\/21\\\/nagy-ev-vegi-utasforgalomra-keszul-a-mav-volan-csoport\\\/#breadcrumb\",\"itemListElement\":[{\"@type\":\"ListItem\",\"position\":1,\"name\":\"Kezd\u0151lap\",\"item\":\"https:\\\/\\\/dorogimedence.hu\\\/\"},{\"@type\":\"ListItem\",\"position\":2,\"name\":\"Nagy \u00e9v v\u00e9gi utasforgalomra k\u00e9sz\u00fcl a M\u00c1V-Vol\u00e1n csoport\"}]},{\"@type\":\"WebSite\",\"@id\":\"https:\\\/\\\/dorogimedence.hu\\\/#website\",\"url\":\"https:\\\/\\\/dorogimedence.hu\\\/\",\"name\":\"Dorogi-medence Region\u00e1lis H\u00edrport\u00e1l\",\"description\":\"Dorog, Keszt\u00f6lc, Le\u00e1nyv\u00e1r, Piliscs\u00e9v, Tokod, Tokodalt\u00e1r\u00f3, Csolnok, Esztergom-kertv\u00e1ros: h\u00edrek, programok\",\"publisher\":{\"@id\":\"https:\\\/\\\/dorogimedence.hu\\\/#organization\"},\"potentialAction\":[{\"@type\":\"SearchAction\",\"target\":{\"@type\":\"EntryPoint\",\"urlTemplate\":\"https:\\\/\\\/dorogimedence.hu\\\/?s={search_term_string}\"},\"query-input\":{\"@type\":\"PropertyValueSpecification\",\"valueRequired\":true,\"valueName\":\"search_term_string\"}}],\"inLanguage\":\"hu\"},{\"@type\":\"Organization\",\"@id\":\"https:\\\/\\\/dorogimedence.hu\\\/#organization\",\"name\":\"Dorogi-medence Region\u00e1lis H\u00edrport\u00e1l\",\"url\":\"https:\\\/\\\/dorogimedence.hu\\\/\",\"logo\":{\"@type\":\"ImageObject\",\"inLanguage\":\"hu\",\"@id\":\"https:\\\/\\\/dorogimedence.hu\\\/#\\\/schema\\\/logo\\\/image\\\/\",\"url\":\"https:\\\/\\\/dorogimedence.hu\\\/wp-content\\\/uploads\\\/2021\\\/04\\\/logo-feher-600.png\",\"contentUrl\":\"https:\\\/\\\/dorogimedence.hu\\\/wp-content\\\/uploads\\\/2021\\\/04\\\/logo-feher-600.png\",\"width\":600,\"height\":100,\"caption\":\"Dorogi-medence Region\u00e1lis H\u00edrport\u00e1l\"},\"image\":{\"@id\":\"https:\\\/\\\/dorogimedence.hu\\\/#\\\/schema\\\/logo\\\/image\\\/\"},\"sameAs\":[\"https:\\\/\\\/www.facebook.com\\\/dorogimedence\\\/\"]},{\"@type\":\"Person\",\"@id\":\"https:\\\/\\\/dorogimedence.hu\\\/#\\\/schema\\\/person\\\/ce6091eeb7e95ecdc87890d6aa8e0fd4\",\"name\":\"dorogimedence.hu\",\"image\":{\"@type\":\"ImageObject\",\"inLanguage\":\"hu\",\"@id\":\"\\\/\\\/www.gravatar.com\\\/avatar\\\/d8d45f8901aadff40a4af72c0b826f1d?s=96&#038;r=g&#038;d=mm\",\"url\":\"\\\/\\\/www.gravatar.com\\\/avatar\\\/d8d45f8901aadff40a4af72c0b826f1d?s=96&#038;r=g&#038;d=mm\",\"contentUrl\":\"\\\/\\\/www.gravatar.com\\\/avatar\\\/d8d45f8901aadff40a4af72c0b826f1d?s=96&#038;r=g&#038;d=mm\",\"caption\":\"dorogimedence.hu\"}}]}<\/script>\n<!-- \/ Yoast SEO plugin. -->","yoast_head_json":{"title":"Nagy \u00e9v v\u00e9gi utasforgalomra k\u00e9sz\u00fcl a M\u00c1V-Vol\u00e1n csoport","robots":{"index":"index","follow":"follow","max-snippet":"max-snippet:-1","max-image-preview":"max-image-preview:large","max-video-preview":"max-video-preview:-1"},"canonical":"https:\/\/dorogimedence.hu\/index.php\/2021\/12\/21\/nagy-ev-vegi-utasforgalomra-keszul-a-mav-volan-csoport\/","og_locale":"hu_HU","og_type":"article","og_title":"Nagy \u00e9v v\u00e9gi utasforgalomra k\u00e9sz\u00fcl a M\u00c1V-Vol\u00e1n csoport","og_description":"Kar\u00e1csonykor, majd szilveszterkor \u00e9s \u00faj\u00e9vkor az \u00e1tlagos h\u00e9tv\u00e9gin\u00e9l j\u00f3val nagyobb utasforgalom v\u00e1rhat\u00f3, ez\u00e9rt a M\u00c1V \u00e9s a Vol\u00e1nbusz arra k\u00e9ri utasait, hogy id\u0151ben tervezz\u00e9k meg utaz\u00e1sukat, \u00e9s indul\u00e1s el\u0151tt t\u00e1j\u00e9koz\u00f3djanak a menetrendv\u00e1ltoz\u00e1sr\u00f3l. \u00c9rdemes a menetjegyek megv\u00e1s\u00e1rl\u00e1s\u00e1r\u00f3l is id\u0151ben gondoskodni, biztos\u00edtva a helyet az utaz\u00e1sra. A p\u00e9nzt\u00e1rak el\u0151tti sorban \u00e1ll\u00e1s elker\u00fcl\u00e9se \u00e9rdek\u00e9ben a menetjegy el\u0151v\u00e9telben, online","og_url":"https:\/\/dorogimedence.hu\/index.php\/2021\/12\/21\/nagy-ev-vegi-utasforgalomra-keszul-a-mav-volan-csoport\/","og_site_name":"Dorogi-medence Region\u00e1lis H\u00edrport\u00e1l","article_publisher":"https:\/\/www.facebook.com\/dorogimedence\/","article_published_time":"2021-12-21T12:00:20+00:00","article_modified_time":"2021-12-21T12:00:35+00:00","og_image":[{"width":830,"height":450,"url":"https:\/\/i0.wp.com\/dorogimedence.hu\/wp-content\/uploads\/2021\/03\/vonat-busz.png?fit=830%2C450&ssl=1","type":"image\/png"}],"author":"dorogimedence.hu","twitter_card":"summary_large_image","twitter_misc":{"Szerz\u0151:":"dorogimedence.hu","Becs\u00fclt olvas\u00e1si id\u0151":"7 perc"},"schema":{"@context":"https:\/\/schema.org","@graph":[{"@type":"Article","@id":"https:\/\/dorogimedence.hu\/index.php\/2021\/12\/21\/nagy-ev-vegi-utasforgalomra-keszul-a-mav-volan-csoport\/#article","isPartOf":{"@id":"https:\/\/dorogimedence.hu\/index.php\/2021\/12\/21\/nagy-ev-vegi-utasforgalomra-keszul-a-mav-volan-csoport\/"},"author":{"name":"dorogimedence.hu","@id":"https:\/\/dorogimedence.hu\/#\/schema\/person\/ce6091eeb7e95ecdc87890d6aa8e0fd4"},"headline":"Nagy \u00e9v v\u00e9gi utasforgalomra k\u00e9sz\u00fcl a M\u00c1V-Vol\u00e1n csoport","datePublished":"2021-12-21T12:00:20+00:00","dateModified":"2021-12-21T12:00:35+00:00","mainEntityOfPage":{"@id":"https:\/\/dorogimedence.hu\/index.php\/2021\/12\/21\/nagy-ev-vegi-utasforgalomra-keszul-a-mav-volan-csoport\/"},"wordCount":1403,"publisher":{"@id":"https:\/\/dorogimedence.hu\/#organization"},"image":{"@id":"https:\/\/dorogimedence.hu\/index.php\/2021\/12\/21\/nagy-ev-vegi-utasforgalomra-keszul-a-mav-volan-csoport\/#primaryimage"},"thumbnailUrl":"https:\/\/dorogimedence.hu\/wp-content\/uploads\/2021\/03\/vonat-busz.png","keywords":["aut\u00f3busz","busz","k\u00f6zleked\u00e9s","m\u00e1v","vas\u00fat","Vol\u00e1n","vonat"],"articleSection":["H\u00edrek"],"inLanguage":"hu"},{"@type":"WebPage","@id":"https:\/\/dorogimedence.hu\/index.php\/2021\/12\/21\/nagy-ev-vegi-utasforgalomra-keszul-a-mav-volan-csoport\/","url":"https:\/\/dorogimedence.hu\/index.php\/2021\/12\/21\/nagy-ev-vegi-utasforgalomra-keszul-a-mav-volan-csoport\/","name":"Nagy \u00e9v v\u00e9gi utasforgalomra k\u00e9sz\u00fcl a M\u00c1V-Vol\u00e1n csoport","isPartOf":{"@id":"https:\/\/dorogimedence.hu\/#website"},"primaryImageOfPage":{"@id":"https:\/\/dorogimedence.hu\/index.php\/2021\/12\/21\/nagy-ev-vegi-utasforgalomra-keszul-a-mav-volan-csoport\/#primaryimage"},"image":{"@id":"https:\/\/dorogimedence.hu\/index.php\/2021\/12\/21\/nagy-ev-vegi-utasforgalomra-keszul-a-mav-volan-csoport\/#primaryimage"},"thumbnailUrl":"https:\/\/dorogimedence.hu\/wp-content\/uploads\/2021\/03\/vonat-busz.png","datePublished":"2021-12-21T12:00:20+00:00","dateModified":"2021-12-21T12:00:35+00:00","breadcrumb":{"@id":"https:\/\/dorogimedence.hu\/index.php\/2021\/12\/21\/nagy-ev-vegi-utasforgalomra-keszul-a-mav-volan-csoport\/#breadcrumb"},"inLanguage":"hu","potentialAction":[{"@type":"ReadAction","target":["https:\/\/dorogimedence.hu\/index.php\/2021\/12\/21\/nagy-ev-vegi-utasforgalomra-keszul-a-mav-volan-csoport\/"]}]},{"@type":"ImageObject","inLanguage":"hu","@id":"https:\/\/dorogimedence.hu\/index.php\/2021\/12\/21\/nagy-ev-vegi-utasforgalomra-keszul-a-mav-volan-csoport\/#primaryimage","url":"https:\/\/dorogimedence.hu\/wp-content\/uploads\/2021\/03\/vonat-busz.png","contentUrl":"https:\/\/dorogimedence.hu\/wp-content\/uploads\/2021\/03\/vonat-busz.png","width":830,"height":450},{"@type":"BreadcrumbList","@id":"https:\/\/dorogimedence.hu\/index.php\/2021\/12\/21\/nagy-ev-vegi-utasforgalomra-keszul-a-mav-volan-csoport\/#breadcrumb","itemListElement":[{"@type":"ListItem","position":1,"name":"Kezd\u0151lap","item":"https:\/\/dorogimedence.hu\/"},{"@type":"ListItem","position":2,"name":"Nagy \u00e9v v\u00e9gi utasforgalomra k\u00e9sz\u00fcl a M\u00c1V-Vol\u00e1n csoport"}]},{"@type":"WebSite","@id":"https:\/\/dorogimedence.hu\/#website","url":"https:\/\/dorogimedence.hu\/","name":"Dorogi-medence Region\u00e1lis H\u00edrport\u00e1l","description":"Dorog, Keszt\u00f6lc, Le\u00e1nyv\u00e1r, Piliscs\u00e9v, Tokod, Tokodalt\u00e1r\u00f3, Csolnok, Esztergom-kertv\u00e1ros: h\u00edrek, programok","publisher":{"@id":"https:\/\/dorogimedence.hu\/#organization"},"potentialAction":[{"@type":"SearchAction","target":{"@type":"EntryPoint","urlTemplate":"https:\/\/dorogimedence.hu\/?s={search_term_string}"},"query-input":{"@type":"PropertyValueSpecification","valueRequired":true,"valueName":"search_term_string"}}],"inLanguage":"hu"},{"@type":"Organization","@id":"https:\/\/dorogimedence.hu\/#organization","name":"Dorogi-medence Region\u00e1lis H\u00edrport\u00e1l","url":"https:\/\/dorogimedence.hu\/","logo":{"@type":"ImageObject","inLanguage":"hu","@id":"https:\/\/dorogimedence.hu\/#\/schema\/logo\/image\/","url":"https:\/\/dorogimedence.hu\/wp-content\/uploads\/2021\/04\/logo-feher-600.png","contentUrl":"https:\/\/dorogimedence.hu\/wp-content\/uploads\/2021\/04\/logo-feher-600.png","width":600,"height":100,"caption":"Dorogi-medence Region\u00e1lis H\u00edrport\u00e1l"},"image":{"@id":"https:\/\/dorogimedence.hu\/#\/schema\/logo\/image\/"},"sameAs":["https:\/\/www.facebook.com\/dorogimedence\/"]},{"@type":"Person","@id":"https:\/\/dorogimedence.hu\/#\/schema\/person\/ce6091eeb7e95ecdc87890d6aa8e0fd4","name":"dorogimedence.hu","image":{"@type":"ImageObject","inLanguage":"hu","@id":"\/\/www.gravatar.com\/avatar\/d8d45f8901aadff40a4af72c0b826f1d?s=96&#038;r=g&#038;d=mm","url":"\/\/www.gravatar.com\/avatar\/d8d45f8901aadff40a4af72c0b826f1d?s=96&#038;r=g&#038;d=mm","contentUrl":"\/\/www.gravatar.com\/avatar\/d8d45f8901aadff40a4af72c0b826f1d?s=96&#038;r=g&#038;d=mm","caption":"dorogimedence.hu"}}]}},"_links":{"self":[{"href":"https:\/\/dorogimedence.hu\/index.php\/wp-json\/wp\/v2\/posts\/39392","targetHints":{"allow":["GET"]}}],"collection":[{"href":"https:\/\/dorogimedence.hu\/index.php\/wp-json\/wp\/v2\/posts"}],"about":[{"href":"https:\/\/dorogimedence.hu\/index.php\/wp-json\/wp\/v2\/types\/post"}],"author":[{"embeddable":true,"href":"https:\/\/dorogimedence.hu\/index.php\/wp-json\/wp\/v2\/users\/1"}],"replies":[{"embeddable":true,"href":"https:\/\/dorogimedence.hu\/index.php\/wp-json\/wp\/v2\/comments?post=39392"}],"version-history":[{"count":0,"href":"https:\/\/dorogimedence.hu\/index.php\/wp-json\/wp\/v2\/posts\/39392\/revisions"}],"wp:featuredmedia":[{"embeddable":true,"href":"https:\/\/dorogimedence.hu\/index.php\/wp-json\/wp\/v2\/media\/31017"}],"wp:attachment":[{"href":"https:\/\/dorogimedence.hu\/index.php\/wp-json\/wp\/v2\/media?parent=39392"}],"wp:term":[{"taxonomy":"category","embeddable":true,"href":"https:\/\/dorogimedence.hu\/index.php\/wp-json\/wp\/v2\/categories?post=39392"},{"taxonomy":"post_tag","embeddable":true,"href":"https:\/\/dorogimedence.hu\/index.php\/wp-json\/wp\/v2\/tags?post=39392"}],"curies":[{"name":"wp","href":"https:\/\/api.w.org\/{rel}","templated":true}]}}