{"id":3938,"date":"2017-06-21T14:27:10","date_gmt":"2017-06-21T12:27:10","guid":{"rendered":"http:\/\/dorogimedence.hu\/?p=3938"},"modified":"2017-06-21T14:27:10","modified_gmt":"2017-06-21T12:27:10","slug":"dijmentesen-utazhatnak-a-kulturara-ehes-diakok-esztergomba","status":"publish","type":"post","link":"https:\/\/dorogimedence.hu\/index.php\/2017\/06\/21\/dijmentesen-utazhatnak-a-kulturara-ehes-diakok-esztergomba\/","title":{"rendered":"D\u00edjmentesen utazhatnak a kult\u00far\u00e1ra \u00e9hes di\u00e1kok Esztergomba"},"content":{"rendered":"<p><strong>Huszon\u00f6t helysz\u00ednnel b\u0151v\u00fcl a di\u00e1kok sz\u00e1m\u00e1ra d\u00edjmentes vas\u00fati utaz\u00e1ssal l\u00e1togathat\u00f3 orsz\u00e1gos m\u00fazeumok, nemzeti eml\u00e9khelyek \u00e9s m\u0171eml\u00e9kek k\u00f6re, k\u00f6zt\u00fck az esztergomi v\u00e1rhegy \u00e9s a v\u00edziv\u00e1ros is<\/strong> <em>&#8211; jelentette be a kult\u00far\u00e1\u00e9rt felel\u0151s \u00e1llamtitk\u00e1r a kedvezm\u00e9nyben \u00e9rintett p\u00e9csi Cella Septichora L\u00e1togat\u00f3k\u00f6zpont el\u0151tt szerd\u00e1n, sajt\u00f3t\u00e1j\u00e9koztat\u00f3n.<\/em><\/p>\n<p>Hopp\u00e1l P\u00e9ter a p\u00e9csi \u00f3kereszt\u00e9ny m\u0171eml\u00e9kegy\u00fcttest \u00f6sszefog\u00f3 int\u00e9zm\u00e9nyn\u00e9l felid\u00e9zte: eddig 13 &#8211; t\u00falnyom\u00f3r\u00e9szt f\u0151v\u00e1rosi \u00e9s egy szentendrei &#8211; t\u00f6rt\u00e9nelmi, nemzeti eml\u00e9khelyet, illetve nemzeti \u00f6r\u00f6ks\u00e9gi helysz\u00ednt l\u00e1togathattak meg M\u00c1V-kedvezm\u00e9nnyel a nappali tagozatos di\u00e1kok pedag\u00f3gus k\u00eds\u00e9r\u0151ikkel.<\/p>\n<p>A lista tov\u00e1bbi 25 helysz\u00ednnel b\u0151v\u00fcl, amelyek eg\u00e9sz Magyarorsz\u00e1got lefedik &#8211; mondta. Ezek k\u00f6z\u00f6tt eml\u00edtette a p\u00e9csi Zsolnay Kultur\u00e1lis Negyedet, az \u00d3pusztaszeri Nemzeti T\u00f6rt\u00e9nelmi Eml\u00e9kparkot, a Pannonhalmi Benc\u00e9s F\u0151ap\u00e1ts\u00e1got, a di\u00f3sgy\u0151ri \u00e9s a s\u00e1rv\u00e1ri v\u00e1rat.<\/p>\n<p>Hopp\u00e1l P\u00e9ter jelezte: <strong><em>a kedvezm\u00e9ny a tavaszi, ny\u00e1ri \u00e9s \u0151szi iskolai sz\u00fcnet kiv\u00e9tel\u00e9vel a tan\u00e9v szorgalmi id\u0151szak\u00e1nak eg\u00e9sz\u00e9re vonatkozik.<\/em><\/strong><\/p>\n<p>Azt az \u00e1ltal\u00e1nos iskol\u00e1k, k\u00f6z\u00e9pfok\u00fa iskol\u00e1k \u00e9s gy\u00f3gypedag\u00f3giai, kondukt\u00edv pedag\u00f3giai nevel\u00e9si-oktat\u00e1si int\u00e9zm\u00e9nyek nappali rendszer\u0171 iskolai oktat\u00e1sban r\u00e9szt vev\u0151 tanul\u00f3i vehetik ig\u00e9nybe &#8211; \u00e1ll az esem\u00e9nyen kiosztott \u00edr\u00e1sos \u00f6sszegz\u00e9sben.<\/p>\n<p>Hopp\u00e1l P\u00e9ter kit\u00e9rt arra is, hogy t\u00edz tanul\u00f3nk\u00e9nt egy feln\u0151tt k\u00eds\u00e9r\u0151 utaz\u00e1s\u00e1t szint\u00e9n d\u00edjmentesen lehet majd igazolni.<\/p>\n<p>&#8222;Az \u00e9lm\u00e9nyalap\u00fa \u00e9s hat\u00e9kony oktat\u00e1shoz ezen helysz\u00ednek jelent\u0151s m\u00e9rt\u00e9kbe j\u00e1rulnak hozz\u00e1&#8221; &#8211; mutatott r\u00e1, hozz\u00e1t\u00e9ve, hogy az ott szerzett ismeretek a gazdag \u00e9lm\u00e9nyeknek k\u00f6sz\u00f6nhet\u0151en eredm\u00e9nyesebben v\u00e9s\u0151dnek be a di\u00e1kok fej\u00e9be.<\/p>\n<p><strong>A sajt\u00f3anyag szerint d\u00edjmentes utaz\u00e1ssal lesz l\u00e1togathat\u00f3 az esztergomi v\u00e1rhegy \u00e9s v\u00edziv\u00e1ros<\/strong>, a sz\u00e9kesfeh\u00e9rv\u00e1ri romkert, a Somogyv\u00e1r-Kupav\u00e1r Nemzeti Eml\u00e9khely, a Moh\u00e1csi Nemzeti Eml\u00e9khely, az egri, gyulai, s\u00e1rospataki \u00e9s szigetv\u00e1ri v\u00e1r is.<\/p>\n<p>Szerepel a list\u00e1n tov\u00e1bb\u00e1 a Debreceni Reform\u00e1tus Nagytemplom \u00e9s Koll\u00e9gium, a nagycenki Sz\u00e9chenyi-kast\u00e9ly, a fert\u0151di Esterh\u00e1zy-kast\u00e9ly, a G\u00f6d\u00f6ll\u0151i Kir\u00e1lyi Kast\u00e9ly, a keszthelyi Helikon Kast\u00e9lym\u00fazeum, a p\u00e1kozdi katonai eml\u00e9kpark, a kom\u00e1romi er\u0151drendszer, a nagyk\u0151r\u00f6si Arany J\u00e1nos K\u00f6z\u00e9rdek\u0171 Muze\u00e1lis Gy\u0171jtem\u00e9ny, a v\u00e1rpalotai Trianon M\u00fazeum, a f\u0151v\u00e1rosban a P\u00e1va utcai Holokauszt Dokument\u00e1ci\u00f3s K\u00f6zpont \u00e9s Eml\u00e9khely, valamint a Magyar Nemzeti Lev\u00e9lt\u00e1r Orsz\u00e1gos Lev\u00e9lt\u00e1ra &#8211; \u00edrt\u00e1k.<\/p>\n<p>Az \u00e1llamtitk\u00e1r k\u00e9rd\u00e9sre v\u00e1laszolva k\u00f6z\u00f6lte: abban b\u00edznak, hogy a kezdem\u00e9nyez\u00e9s nyom\u00e1n a list\u00e1n szerepl\u0151 helysz\u00ednek hossz\u00fa t\u00e1v\u00fa fenntarthat\u00f3s\u00e1ga is stabilabb lesz.<\/p>\n<p>Hopp\u00e1l P\u00e9ter az esem\u00e9nyen arra is felh\u00edvta a figyelmet, hogy a szombaton megrendezend\u0151 M\u00fazeumok \u00e9jszak\u00e1ja rendezv\u00e9nysorozatra orsz\u00e1gszerte 320 m\u00fazeum mintegy k\u00e9tezer programmal k\u00e9sz\u00fcl.<\/p>\n<p><em>Forr\u00e1s: MTI<\/em><\/p>\n","protected":false},"excerpt":{"rendered":"<p>Huszon\u00f6t helysz\u00ednnel b\u0151v\u00fcl a di\u00e1kok sz\u00e1m\u00e1ra d\u00edjmentes vas\u00fati utaz\u00e1ssal l\u00e1togathat\u00f3 orsz\u00e1gos m\u00fazeumok, nemzeti eml\u00e9khelyek \u00e9s m\u0171eml\u00e9kek k\u00f6re, k\u00f6zt\u00fck az esztergomi v\u00e1rhegy \u00e9s a v\u00edziv\u00e1ros is &#8211; jelentette be a kult\u00far\u00e1\u00e9rt felel\u0151s \u00e1llamtitk\u00e1r a kedvezm\u00e9nyben \u00e9rintett p\u00e9csi Cella Septichora L\u00e1togat\u00f3k\u00f6zpont el\u0151tt szerd\u00e1n, sajt\u00f3t\u00e1j\u00e9koztat\u00f3n. Hopp\u00e1l P\u00e9ter a p\u00e9csi \u00f3kereszt\u00e9ny m\u0171eml\u00e9kegy\u00fcttest \u00f6sszefog\u00f3 int\u00e9zm\u00e9nyn\u00e9l felid\u00e9zte: eddig 13 &#8211; t\u00falnyom\u00f3r\u00e9szt<\/p>\n","protected":false},"author":1,"featured_media":3939,"comment_status":"closed","ping_status":"closed","sticky":false,"template":"","format":"standard","meta":{"ngg_post_thumbnail":0,"footnotes":""},"categories":[38,3],"tags":[1170,42,292,1169,578,579,291],"class_list":{"0":"post-3938","1":"post","2":"type-post","3":"status-publish","4":"format-standard","5":"has-post-thumbnail","7":"category-esztergom","8":"category-hirek","9":"tag-diak","10":"tag-esztergom","11":"tag-mav","12":"tag-utazas","13":"tag-varhegy","14":"tag-vizivaros","15":"tag-vonat"},"yoast_head":"<!-- This site is optimized with the Yoast SEO plugin v27.4 - https:\/\/yoast.com\/product\/yoast-seo-wordpress\/ -->\n<title>D\u00edjmentesen utazhatnak a kult\u00far\u00e1ra \u00e9hes di\u00e1kok Esztergomba<\/title>\n<meta name=\"robots\" content=\"index, follow, max-snippet:-1, max-image-preview:large, max-video-preview:-1\" \/>\n<link rel=\"canonical\" href=\"https:\/\/dorogimedence.hu\/index.php\/2017\/06\/21\/dijmentesen-utazhatnak-a-kulturara-ehes-diakok-esztergomba\/\" class=\"yoast-seo-meta-tag\" \/>\n<meta property=\"og:locale\" content=\"hu_HU\" class=\"yoast-seo-meta-tag\" \/>\n<meta property=\"og:type\" content=\"article\" class=\"yoast-seo-meta-tag\" \/>\n<meta property=\"og:title\" content=\"D\u00edjmentesen utazhatnak a kult\u00far\u00e1ra \u00e9hes di\u00e1kok Esztergomba\" class=\"yoast-seo-meta-tag\" \/>\n<meta property=\"og:description\" content=\"Huszon\u00f6t helysz\u00ednnel b\u0151v\u00fcl a di\u00e1kok sz\u00e1m\u00e1ra d\u00edjmentes vas\u00fati utaz\u00e1ssal l\u00e1togathat\u00f3 orsz\u00e1gos m\u00fazeumok, nemzeti eml\u00e9khelyek \u00e9s m\u0171eml\u00e9kek k\u00f6re, k\u00f6zt\u00fck az esztergomi v\u00e1rhegy \u00e9s a v\u00edziv\u00e1ros is &#8211; jelentette be a kult\u00far\u00e1\u00e9rt felel\u0151s \u00e1llamtitk\u00e1r a kedvezm\u00e9nyben \u00e9rintett p\u00e9csi Cella Septichora L\u00e1togat\u00f3k\u00f6zpont el\u0151tt szerd\u00e1n, sajt\u00f3t\u00e1j\u00e9koztat\u00f3n. Hopp\u00e1l P\u00e9ter a p\u00e9csi \u00f3kereszt\u00e9ny m\u0171eml\u00e9kegy\u00fcttest \u00f6sszefog\u00f3 int\u00e9zm\u00e9nyn\u00e9l felid\u00e9zte: eddig 13 &#8211; t\u00falnyom\u00f3r\u00e9szt\" class=\"yoast-seo-meta-tag\" \/>\n<meta property=\"og:url\" content=\"https:\/\/dorogimedence.hu\/index.php\/2017\/06\/21\/dijmentesen-utazhatnak-a-kulturara-ehes-diakok-esztergomba\/\" class=\"yoast-seo-meta-tag\" \/>\n<meta property=\"og:site_name\" content=\"Dorogi-medence Region\u00e1lis H\u00edrport\u00e1l\" class=\"yoast-seo-meta-tag\" \/>\n<meta property=\"article:publisher\" content=\"https:\/\/www.facebook.com\/dorogimedence\/\" class=\"yoast-seo-meta-tag\" \/>\n<meta property=\"article:published_time\" content=\"2017-06-21T12:27:10+00:00\" class=\"yoast-seo-meta-tag\" \/>\n<meta property=\"og:image\" content=\"https:\/\/i0.wp.com\/dorogimedence.hu\/wp-content\/uploads\/2017\/06\/esztergom-vonat.jpg?fit=670%2C365&ssl=1\" class=\"yoast-seo-meta-tag\" \/>\n\t<meta property=\"og:image:width\" content=\"670\" class=\"yoast-seo-meta-tag\" \/>\n\t<meta property=\"og:image:height\" content=\"365\" class=\"yoast-seo-meta-tag\" \/>\n\t<meta property=\"og:image:type\" content=\"image\/jpeg\" class=\"yoast-seo-meta-tag\" \/>\n<meta name=\"author\" content=\"dorogimedence.hu\" class=\"yoast-seo-meta-tag\" \/>\n<meta name=\"twitter:card\" content=\"summary_large_image\" class=\"yoast-seo-meta-tag\" \/>\n<meta name=\"twitter:label1\" content=\"Szerz\u0151:\" class=\"yoast-seo-meta-tag\" \/>\n\t<meta name=\"twitter:data1\" content=\"dorogimedence.hu\" class=\"yoast-seo-meta-tag\" \/>\n\t<meta name=\"twitter:label2\" content=\"Becs\u00fclt olvas\u00e1si id\u0151\" class=\"yoast-seo-meta-tag\" \/>\n\t<meta name=\"twitter:data2\" content=\"3 perc\" class=\"yoast-seo-meta-tag\" \/>\n<script type=\"application\/ld+json\" class=\"yoast-schema-graph\">{\"@context\":\"https:\\\/\\\/schema.org\",\"@graph\":[{\"@type\":\"Article\",\"@id\":\"https:\\\/\\\/dorogimedence.hu\\\/index.php\\\/2017\\\/06\\\/21\\\/dijmentesen-utazhatnak-a-kulturara-ehes-diakok-esztergomba\\\/#article\",\"isPartOf\":{\"@id\":\"https:\\\/\\\/dorogimedence.hu\\\/index.php\\\/2017\\\/06\\\/21\\\/dijmentesen-utazhatnak-a-kulturara-ehes-diakok-esztergomba\\\/\"},\"author\":{\"name\":\"dorogimedence.hu\",\"@id\":\"https:\\\/\\\/dorogimedence.hu\\\/#\\\/schema\\\/person\\\/ce6091eeb7e95ecdc87890d6aa8e0fd4\"},\"headline\":\"D\u00edjmentesen utazhatnak a kult\u00far\u00e1ra \u00e9hes di\u00e1kok Esztergomba\",\"datePublished\":\"2017-06-21T12:27:10+00:00\",\"mainEntityOfPage\":{\"@id\":\"https:\\\/\\\/dorogimedence.hu\\\/index.php\\\/2017\\\/06\\\/21\\\/dijmentesen-utazhatnak-a-kulturara-ehes-diakok-esztergomba\\\/\"},\"wordCount\":594,\"publisher\":{\"@id\":\"https:\\\/\\\/dorogimedence.hu\\\/#organization\"},\"image\":{\"@id\":\"https:\\\/\\\/dorogimedence.hu\\\/index.php\\\/2017\\\/06\\\/21\\\/dijmentesen-utazhatnak-a-kulturara-ehes-diakok-esztergomba\\\/#primaryimage\"},\"thumbnailUrl\":\"https:\\\/\\\/dorogimedence.hu\\\/wp-content\\\/uploads\\\/2017\\\/06\\\/esztergom-vonat.jpg\",\"keywords\":[\"di\u00e1k\",\"esztergom\",\"m\u00e1v\",\"utaz\u00e1s\",\"V\u00e1rhegy\",\"V\u00edziv\u00e1ros\",\"vonat\"],\"articleSection\":[\"Esztergom\",\"H\u00edrek\"],\"inLanguage\":\"hu\"},{\"@type\":\"WebPage\",\"@id\":\"https:\\\/\\\/dorogimedence.hu\\\/index.php\\\/2017\\\/06\\\/21\\\/dijmentesen-utazhatnak-a-kulturara-ehes-diakok-esztergomba\\\/\",\"url\":\"https:\\\/\\\/dorogimedence.hu\\\/index.php\\\/2017\\\/06\\\/21\\\/dijmentesen-utazhatnak-a-kulturara-ehes-diakok-esztergomba\\\/\",\"name\":\"D\u00edjmentesen utazhatnak a kult\u00far\u00e1ra \u00e9hes di\u00e1kok Esztergomba\",\"isPartOf\":{\"@id\":\"https:\\\/\\\/dorogimedence.hu\\\/#website\"},\"primaryImageOfPage\":{\"@id\":\"https:\\\/\\\/dorogimedence.hu\\\/index.php\\\/2017\\\/06\\\/21\\\/dijmentesen-utazhatnak-a-kulturara-ehes-diakok-esztergomba\\\/#primaryimage\"},\"image\":{\"@id\":\"https:\\\/\\\/dorogimedence.hu\\\/index.php\\\/2017\\\/06\\\/21\\\/dijmentesen-utazhatnak-a-kulturara-ehes-diakok-esztergomba\\\/#primaryimage\"},\"thumbnailUrl\":\"https:\\\/\\\/dorogimedence.hu\\\/wp-content\\\/uploads\\\/2017\\\/06\\\/esztergom-vonat.jpg\",\"datePublished\":\"2017-06-21T12:27:10+00:00\",\"breadcrumb\":{\"@id\":\"https:\\\/\\\/dorogimedence.hu\\\/index.php\\\/2017\\\/06\\\/21\\\/dijmentesen-utazhatnak-a-kulturara-ehes-diakok-esztergomba\\\/#breadcrumb\"},\"inLanguage\":\"hu\",\"potentialAction\":[{\"@type\":\"ReadAction\",\"target\":[\"https:\\\/\\\/dorogimedence.hu\\\/index.php\\\/2017\\\/06\\\/21\\\/dijmentesen-utazhatnak-a-kulturara-ehes-diakok-esztergomba\\\/\"]}]},{\"@type\":\"ImageObject\",\"inLanguage\":\"hu\",\"@id\":\"https:\\\/\\\/dorogimedence.hu\\\/index.php\\\/2017\\\/06\\\/21\\\/dijmentesen-utazhatnak-a-kulturara-ehes-diakok-esztergomba\\\/#primaryimage\",\"url\":\"https:\\\/\\\/dorogimedence.hu\\\/wp-content\\\/uploads\\\/2017\\\/06\\\/esztergom-vonat.jpg\",\"contentUrl\":\"https:\\\/\\\/dorogimedence.hu\\\/wp-content\\\/uploads\\\/2017\\\/06\\\/esztergom-vonat.jpg\",\"width\":670,\"height\":365},{\"@type\":\"BreadcrumbList\",\"@id\":\"https:\\\/\\\/dorogimedence.hu\\\/index.php\\\/2017\\\/06\\\/21\\\/dijmentesen-utazhatnak-a-kulturara-ehes-diakok-esztergomba\\\/#breadcrumb\",\"itemListElement\":[{\"@type\":\"ListItem\",\"position\":1,\"name\":\"Kezd\u0151lap\",\"item\":\"https:\\\/\\\/dorogimedence.hu\\\/\"},{\"@type\":\"ListItem\",\"position\":2,\"name\":\"D\u00edjmentesen utazhatnak a kult\u00far\u00e1ra \u00e9hes di\u00e1kok Esztergomba\"}]},{\"@type\":\"WebSite\",\"@id\":\"https:\\\/\\\/dorogimedence.hu\\\/#website\",\"url\":\"https:\\\/\\\/dorogimedence.hu\\\/\",\"name\":\"Dorogi-medence Region\u00e1lis H\u00edrport\u00e1l\",\"description\":\"Dorog, Keszt\u00f6lc, Le\u00e1nyv\u00e1r, Piliscs\u00e9v, Tokod, Tokodalt\u00e1r\u00f3, Csolnok, Esztergom-kertv\u00e1ros: h\u00edrek, programok\",\"publisher\":{\"@id\":\"https:\\\/\\\/dorogimedence.hu\\\/#organization\"},\"potentialAction\":[{\"@type\":\"SearchAction\",\"target\":{\"@type\":\"EntryPoint\",\"urlTemplate\":\"https:\\\/\\\/dorogimedence.hu\\\/?s={search_term_string}\"},\"query-input\":{\"@type\":\"PropertyValueSpecification\",\"valueRequired\":true,\"valueName\":\"search_term_string\"}}],\"inLanguage\":\"hu\"},{\"@type\":\"Organization\",\"@id\":\"https:\\\/\\\/dorogimedence.hu\\\/#organization\",\"name\":\"Dorogi-medence Region\u00e1lis H\u00edrport\u00e1l\",\"url\":\"https:\\\/\\\/dorogimedence.hu\\\/\",\"logo\":{\"@type\":\"ImageObject\",\"inLanguage\":\"hu\",\"@id\":\"https:\\\/\\\/dorogimedence.hu\\\/#\\\/schema\\\/logo\\\/image\\\/\",\"url\":\"https:\\\/\\\/dorogimedence.hu\\\/wp-content\\\/uploads\\\/2021\\\/04\\\/logo-feher-600.png\",\"contentUrl\":\"https:\\\/\\\/dorogimedence.hu\\\/wp-content\\\/uploads\\\/2021\\\/04\\\/logo-feher-600.png\",\"width\":600,\"height\":100,\"caption\":\"Dorogi-medence Region\u00e1lis H\u00edrport\u00e1l\"},\"image\":{\"@id\":\"https:\\\/\\\/dorogimedence.hu\\\/#\\\/schema\\\/logo\\\/image\\\/\"},\"sameAs\":[\"https:\\\/\\\/www.facebook.com\\\/dorogimedence\\\/\"]},{\"@type\":\"Person\",\"@id\":\"https:\\\/\\\/dorogimedence.hu\\\/#\\\/schema\\\/person\\\/ce6091eeb7e95ecdc87890d6aa8e0fd4\",\"name\":\"dorogimedence.hu\",\"image\":{\"@type\":\"ImageObject\",\"inLanguage\":\"hu\",\"@id\":\"\\\/\\\/www.gravatar.com\\\/avatar\\\/d8d45f8901aadff40a4af72c0b826f1d?s=96&#038;r=g&#038;d=mm\",\"url\":\"\\\/\\\/www.gravatar.com\\\/avatar\\\/d8d45f8901aadff40a4af72c0b826f1d?s=96&#038;r=g&#038;d=mm\",\"contentUrl\":\"\\\/\\\/www.gravatar.com\\\/avatar\\\/d8d45f8901aadff40a4af72c0b826f1d?s=96&#038;r=g&#038;d=mm\",\"caption\":\"dorogimedence.hu\"}}]}<\/script>\n<!-- \/ Yoast SEO plugin. -->","yoast_head_json":{"title":"D\u00edjmentesen utazhatnak a kult\u00far\u00e1ra \u00e9hes di\u00e1kok Esztergomba","robots":{"index":"index","follow":"follow","max-snippet":"max-snippet:-1","max-image-preview":"max-image-preview:large","max-video-preview":"max-video-preview:-1"},"canonical":"https:\/\/dorogimedence.hu\/index.php\/2017\/06\/21\/dijmentesen-utazhatnak-a-kulturara-ehes-diakok-esztergomba\/","og_locale":"hu_HU","og_type":"article","og_title":"D\u00edjmentesen utazhatnak a kult\u00far\u00e1ra \u00e9hes di\u00e1kok Esztergomba","og_description":"Huszon\u00f6t helysz\u00ednnel b\u0151v\u00fcl a di\u00e1kok sz\u00e1m\u00e1ra d\u00edjmentes vas\u00fati utaz\u00e1ssal l\u00e1togathat\u00f3 orsz\u00e1gos m\u00fazeumok, nemzeti eml\u00e9khelyek \u00e9s m\u0171eml\u00e9kek k\u00f6re, k\u00f6zt\u00fck az esztergomi v\u00e1rhegy \u00e9s a v\u00edziv\u00e1ros is &#8211; jelentette be a kult\u00far\u00e1\u00e9rt felel\u0151s \u00e1llamtitk\u00e1r a kedvezm\u00e9nyben \u00e9rintett p\u00e9csi Cella Septichora L\u00e1togat\u00f3k\u00f6zpont el\u0151tt szerd\u00e1n, sajt\u00f3t\u00e1j\u00e9koztat\u00f3n. Hopp\u00e1l P\u00e9ter a p\u00e9csi \u00f3kereszt\u00e9ny m\u0171eml\u00e9kegy\u00fcttest \u00f6sszefog\u00f3 int\u00e9zm\u00e9nyn\u00e9l felid\u00e9zte: eddig 13 &#8211; t\u00falnyom\u00f3r\u00e9szt","og_url":"https:\/\/dorogimedence.hu\/index.php\/2017\/06\/21\/dijmentesen-utazhatnak-a-kulturara-ehes-diakok-esztergomba\/","og_site_name":"Dorogi-medence Region\u00e1lis H\u00edrport\u00e1l","article_publisher":"https:\/\/www.facebook.com\/dorogimedence\/","article_published_time":"2017-06-21T12:27:10+00:00","og_image":[{"width":670,"height":365,"url":"https:\/\/i0.wp.com\/dorogimedence.hu\/wp-content\/uploads\/2017\/06\/esztergom-vonat.jpg?fit=670%2C365&ssl=1","type":"image\/jpeg"}],"author":"dorogimedence.hu","twitter_card":"summary_large_image","twitter_misc":{"Szerz\u0151:":"dorogimedence.hu","Becs\u00fclt olvas\u00e1si id\u0151":"3 perc"},"schema":{"@context":"https:\/\/schema.org","@graph":[{"@type":"Article","@id":"https:\/\/dorogimedence.hu\/index.php\/2017\/06\/21\/dijmentesen-utazhatnak-a-kulturara-ehes-diakok-esztergomba\/#article","isPartOf":{"@id":"https:\/\/dorogimedence.hu\/index.php\/2017\/06\/21\/dijmentesen-utazhatnak-a-kulturara-ehes-diakok-esztergomba\/"},"author":{"name":"dorogimedence.hu","@id":"https:\/\/dorogimedence.hu\/#\/schema\/person\/ce6091eeb7e95ecdc87890d6aa8e0fd4"},"headline":"D\u00edjmentesen utazhatnak a kult\u00far\u00e1ra \u00e9hes di\u00e1kok Esztergomba","datePublished":"2017-06-21T12:27:10+00:00","mainEntityOfPage":{"@id":"https:\/\/dorogimedence.hu\/index.php\/2017\/06\/21\/dijmentesen-utazhatnak-a-kulturara-ehes-diakok-esztergomba\/"},"wordCount":594,"publisher":{"@id":"https:\/\/dorogimedence.hu\/#organization"},"image":{"@id":"https:\/\/dorogimedence.hu\/index.php\/2017\/06\/21\/dijmentesen-utazhatnak-a-kulturara-ehes-diakok-esztergomba\/#primaryimage"},"thumbnailUrl":"https:\/\/dorogimedence.hu\/wp-content\/uploads\/2017\/06\/esztergom-vonat.jpg","keywords":["di\u00e1k","esztergom","m\u00e1v","utaz\u00e1s","V\u00e1rhegy","V\u00edziv\u00e1ros","vonat"],"articleSection":["Esztergom","H\u00edrek"],"inLanguage":"hu"},{"@type":"WebPage","@id":"https:\/\/dorogimedence.hu\/index.php\/2017\/06\/21\/dijmentesen-utazhatnak-a-kulturara-ehes-diakok-esztergomba\/","url":"https:\/\/dorogimedence.hu\/index.php\/2017\/06\/21\/dijmentesen-utazhatnak-a-kulturara-ehes-diakok-esztergomba\/","name":"D\u00edjmentesen utazhatnak a kult\u00far\u00e1ra \u00e9hes di\u00e1kok Esztergomba","isPartOf":{"@id":"https:\/\/dorogimedence.hu\/#website"},"primaryImageOfPage":{"@id":"https:\/\/dorogimedence.hu\/index.php\/2017\/06\/21\/dijmentesen-utazhatnak-a-kulturara-ehes-diakok-esztergomba\/#primaryimage"},"image":{"@id":"https:\/\/dorogimedence.hu\/index.php\/2017\/06\/21\/dijmentesen-utazhatnak-a-kulturara-ehes-diakok-esztergomba\/#primaryimage"},"thumbnailUrl":"https:\/\/dorogimedence.hu\/wp-content\/uploads\/2017\/06\/esztergom-vonat.jpg","datePublished":"2017-06-21T12:27:10+00:00","breadcrumb":{"@id":"https:\/\/dorogimedence.hu\/index.php\/2017\/06\/21\/dijmentesen-utazhatnak-a-kulturara-ehes-diakok-esztergomba\/#breadcrumb"},"inLanguage":"hu","potentialAction":[{"@type":"ReadAction","target":["https:\/\/dorogimedence.hu\/index.php\/2017\/06\/21\/dijmentesen-utazhatnak-a-kulturara-ehes-diakok-esztergomba\/"]}]},{"@type":"ImageObject","inLanguage":"hu","@id":"https:\/\/dorogimedence.hu\/index.php\/2017\/06\/21\/dijmentesen-utazhatnak-a-kulturara-ehes-diakok-esztergomba\/#primaryimage","url":"https:\/\/dorogimedence.hu\/wp-content\/uploads\/2017\/06\/esztergom-vonat.jpg","contentUrl":"https:\/\/dorogimedence.hu\/wp-content\/uploads\/2017\/06\/esztergom-vonat.jpg","width":670,"height":365},{"@type":"BreadcrumbList","@id":"https:\/\/dorogimedence.hu\/index.php\/2017\/06\/21\/dijmentesen-utazhatnak-a-kulturara-ehes-diakok-esztergomba\/#breadcrumb","itemListElement":[{"@type":"ListItem","position":1,"name":"Kezd\u0151lap","item":"https:\/\/dorogimedence.hu\/"},{"@type":"ListItem","position":2,"name":"D\u00edjmentesen utazhatnak a kult\u00far\u00e1ra \u00e9hes di\u00e1kok Esztergomba"}]},{"@type":"WebSite","@id":"https:\/\/dorogimedence.hu\/#website","url":"https:\/\/dorogimedence.hu\/","name":"Dorogi-medence Region\u00e1lis H\u00edrport\u00e1l","description":"Dorog, Keszt\u00f6lc, Le\u00e1nyv\u00e1r, Piliscs\u00e9v, Tokod, Tokodalt\u00e1r\u00f3, Csolnok, Esztergom-kertv\u00e1ros: h\u00edrek, programok","publisher":{"@id":"https:\/\/dorogimedence.hu\/#organization"},"potentialAction":[{"@type":"SearchAction","target":{"@type":"EntryPoint","urlTemplate":"https:\/\/dorogimedence.hu\/?s={search_term_string}"},"query-input":{"@type":"PropertyValueSpecification","valueRequired":true,"valueName":"search_term_string"}}],"inLanguage":"hu"},{"@type":"Organization","@id":"https:\/\/dorogimedence.hu\/#organization","name":"Dorogi-medence Region\u00e1lis H\u00edrport\u00e1l","url":"https:\/\/dorogimedence.hu\/","logo":{"@type":"ImageObject","inLanguage":"hu","@id":"https:\/\/dorogimedence.hu\/#\/schema\/logo\/image\/","url":"https:\/\/dorogimedence.hu\/wp-content\/uploads\/2021\/04\/logo-feher-600.png","contentUrl":"https:\/\/dorogimedence.hu\/wp-content\/uploads\/2021\/04\/logo-feher-600.png","width":600,"height":100,"caption":"Dorogi-medence Region\u00e1lis H\u00edrport\u00e1l"},"image":{"@id":"https:\/\/dorogimedence.hu\/#\/schema\/logo\/image\/"},"sameAs":["https:\/\/www.facebook.com\/dorogimedence\/"]},{"@type":"Person","@id":"https:\/\/dorogimedence.hu\/#\/schema\/person\/ce6091eeb7e95ecdc87890d6aa8e0fd4","name":"dorogimedence.hu","image":{"@type":"ImageObject","inLanguage":"hu","@id":"\/\/www.gravatar.com\/avatar\/d8d45f8901aadff40a4af72c0b826f1d?s=96&#038;r=g&#038;d=mm","url":"\/\/www.gravatar.com\/avatar\/d8d45f8901aadff40a4af72c0b826f1d?s=96&#038;r=g&#038;d=mm","contentUrl":"\/\/www.gravatar.com\/avatar\/d8d45f8901aadff40a4af72c0b826f1d?s=96&#038;r=g&#038;d=mm","caption":"dorogimedence.hu"}}]}},"_links":{"self":[{"href":"https:\/\/dorogimedence.hu\/index.php\/wp-json\/wp\/v2\/posts\/3938","targetHints":{"allow":["GET"]}}],"collection":[{"href":"https:\/\/dorogimedence.hu\/index.php\/wp-json\/wp\/v2\/posts"}],"about":[{"href":"https:\/\/dorogimedence.hu\/index.php\/wp-json\/wp\/v2\/types\/post"}],"author":[{"embeddable":true,"href":"https:\/\/dorogimedence.hu\/index.php\/wp-json\/wp\/v2\/users\/1"}],"replies":[{"embeddable":true,"href":"https:\/\/dorogimedence.hu\/index.php\/wp-json\/wp\/v2\/comments?post=3938"}],"version-history":[{"count":0,"href":"https:\/\/dorogimedence.hu\/index.php\/wp-json\/wp\/v2\/posts\/3938\/revisions"}],"wp:featuredmedia":[{"embeddable":true,"href":"https:\/\/dorogimedence.hu\/index.php\/wp-json\/wp\/v2\/media\/3939"}],"wp:attachment":[{"href":"https:\/\/dorogimedence.hu\/index.php\/wp-json\/wp\/v2\/media?parent=3938"}],"wp:term":[{"taxonomy":"category","embeddable":true,"href":"https:\/\/dorogimedence.hu\/index.php\/wp-json\/wp\/v2\/categories?post=3938"},{"taxonomy":"post_tag","embeddable":true,"href":"https:\/\/dorogimedence.hu\/index.php\/wp-json\/wp\/v2\/tags?post=3938"}],"curies":[{"name":"wp","href":"https:\/\/api.w.org\/{rel}","templated":true}]}}