{"id":39368,"date":"2021-12-20T08:24:19","date_gmt":"2021-12-20T07:24:19","guid":{"rendered":"https:\/\/dorogimedence.hu\/?p=39368"},"modified":"2021-12-20T08:24:29","modified_gmt":"2021-12-20T07:24:29","slug":"nemzetisegekert-dijat-kapott-goman-janos","status":"publish","type":"post","link":"https:\/\/dorogimedence.hu\/index.php\/2021\/12\/20\/nemzetisegekert-dijat-kapott-goman-janos\/","title":{"rendered":"Nemzetis\u00e9gek\u00e9rt D\u00edjat kapott G\u00f3man J\u00e1nos"},"content":{"rendered":"<p><strong>Az \u0151shonos nemzetis\u00e9geink gazdag\u00edtj\u00e1k Magyarorsz\u00e1g \u00e9s az eg\u00e9sz magyar nemzet \u201e\u00e9rt\u00e9kgazdags\u00e1g\u00e1t\u201d<\/strong> <em>&#8211; jelentette ki Semj\u00e9n Zsolt minisztereln\u00f6k-helyettes a Nemzetis\u00e9gek\u00e9rt D\u00edjak \u00e1tad\u00e1s\u00e1n december 17-\u00e9n, p\u00e9nteken, Budapesten.<\/em><\/p>\n<p>A nemzetis\u00e9gek napja alkalm\u00e1b\u00f3l tartott \u00fcnneps\u00e9gen a nemzetis\u00e9gek\u00e9rt is felel\u0151s korm\u00e1nyf\u0151helyettes hangs\u00falyozta: a magyarorsz\u00e1gi nemzetis\u00e9gek elv\u00e1laszthatatlan, integr\u00e1ns \u00e9rt\u00e9keit adj\u00e1k a magyar nemzetnek. \u201eEgy nemzetis\u00e9g olyan saj\u00e1tos gazdags\u00e1got \u0151riz, amit rajta k\u00edv\u00fcl senki m\u00e1s nem \u0151riz\u201d &#8211; fogalmazott Semj\u00e9n Zsolt. Ha egy nemzetis\u00e9g elt\u0171nne a t\u00f6rt\u00e9nelemb\u0151l, akkor ezt az \u00e9rt\u00e9kgazdags\u00e1got soha senki t\u00f6bbet nem tudn\u00e1 megmenteni, meg\u0151rizni \u00e9s nem tudn\u00e1 felaj\u00e1nlani mag\u00e1nak az egyetemes emberis\u00e9gnek &#8211; tette hozz\u00e1. Mint mondta, ez\u00e9rt nagyon fontos, hogy minden nemzetis\u00e9g meger\u0151s\u00f6dj\u00f6n abban, hogy b\u00fcszke lehet arra, amit a t\u00f6rt\u00e9nelem sor\u00e1n az \u0151sei \u00e9s a most \u00e9l\u0151 tagjai l\u00e9trehoztak, mert ez a megmarad\u00e1st \u00e9s a j\u00f6v\u0151t jelenti. A miniszereln\u00f6k-helyettes besz\u00e9de v\u00e9g\u00e9n megk\u00f6sz\u00f6nte a d\u00edjazottaknak a szolg\u00e1latukat, azt, hogy 2mindannyiunkat gazdag\u00edtottak\u201d.<\/p>\n<p>A Nemzetis\u00e9gek\u00e9rt D\u00edjakat Semj\u00e9n Zsolt \u00e9s Solt\u00e9sz Mikl\u00f3s, a Minisztereln\u00f6ks\u00e9g egyh\u00e1zi \u00e9s nemzetis\u00e9gi kapcsolatok\u00e9rt felel\u0151s \u00e1llamtitk\u00e1ra adta \u00e1t. Az elismer\u00e9ssel a magyarorsz\u00e1gi nemzetis\u00e9gek \u00e9rdek\u00e9ben a nemzetis\u00e9gi k\u00f6z\u00e9letben, az oktat\u00e1sban, a kult\u00far\u00e1ban, az egyh\u00e1zi \u00e9letben, a tudom\u00e1nyban, a t\u00f6megt\u00e1j\u00e9koztat\u00e1sban, a gazdas\u00e1gi \u00f6nszervez\u0151d\u00e9s ter\u00fclet\u00e9n p\u00e9lda\u00e9rt\u00e9k\u0171 tev\u00e9kenys\u00e9get v\u00e9gz\u0151 embereket \u00e9s szervezeteket jutalmazz\u00e1k.<\/p>\n<p><img fetchpriority=\"high\" decoding=\"async\" class=\"alignnone size-large wp-image-39369\" src=\"https:\/\/dorogimedence.hu\/wp-content\/uploads\/2021\/12\/goman-janos-1024x848.jpg\" alt=\"\" width=\"755\" height=\"625\" srcset=\"https:\/\/dorogimedence.hu\/wp-content\/uploads\/2021\/12\/goman-janos-1024x848.jpg 1024w, https:\/\/dorogimedence.hu\/wp-content\/uploads\/2021\/12\/goman-janos-300x249.jpg 300w, https:\/\/dorogimedence.hu\/wp-content\/uploads\/2021\/12\/goman-janos-768x636.jpg 768w, https:\/\/dorogimedence.hu\/wp-content\/uploads\/2021\/12\/goman-janos-150x124.jpg 150w, https:\/\/dorogimedence.hu\/wp-content\/uploads\/2021\/12\/goman-janos-450x373.jpg 450w, https:\/\/dorogimedence.hu\/wp-content\/uploads\/2021\/12\/goman-janos.jpg 1200w\" sizes=\"(max-width: 755px) 100vw, 755px\" \/><\/p>\n<p>A d\u00edjat id\u00e9n nyolc embernek \u00e9s \u00f6t szervezetnek \u00edt\u00e9lt\u00e9k oda. D\u00edjat vehetett \u00e1t B\u00fcdy G\u00e9z\u00e1n\u00e9 bolg\u00e1r nemzetis\u00e9g\u0171 n\u00e9pt\u00e1nccsoport-vezet\u0151, <strong>G\u00f3man J\u00e1nos, az Esztergomi Roma Nemzetis\u00e9gi \u00d6nkorm\u00e1nyzat eln\u00f6ke<\/strong>, Farkas Zsolt roma nemzetis\u00e9g\u0171 koreogr\u00e1fus, zenekarvezet\u0151, Szidiropulosz Archim\u00e9desz g\u00f6r\u00f6g nemzetis\u00e9g\u0171 t\u00f6rt\u00e9n\u00e9sz, tan\u00e1r, M\u00e1ndity Zs\u00edvko horv\u00e1t nemzetis\u00e9g\u0171 \u00edr\u00f3, tan\u00e1r, G\u00e1lity Vojiszl\u00e1v szerb ortodox f\u0151esperes, p\u00fcsp\u00f6ki helyn\u00f6k, Kucsera Andr\u00e1sn\u00e9 nyugalmazott szlov\u00e1k iskolaigazgat\u00f3, Hirn\u00f6k J\u00f3zsef n\u00e9prajzkutat\u00f3, szociol\u00f3gus. Elismer\u00e9st kapott a Magyarorsz\u00e1gi Lengyel Katolikusok Szent Adalbert Egyes\u00fclete, a n\u00e9met nemzetis\u00e9gi Gannai Asszonyk\u00f3rus, a Foaia romaneasca rom\u00e1n hetilap szerkeszt\u0151s\u00e9ge, a Ruszin Kultur\u00e1lis Egyes\u00fclet, valamint az Ozvena Budapesti Szlov\u00e1k K\u00f3rus.<\/p>\n<p><em>Forr\u00e1s: MTI<br \/>\nFot\u00f3k: MTI\/Szigetv\u00e1ry Zsolt<\/em><\/p>\n","protected":false},"excerpt":{"rendered":"<p>Az \u0151shonos nemzetis\u00e9geink gazdag\u00edtj\u00e1k Magyarorsz\u00e1g \u00e9s az eg\u00e9sz magyar nemzet \u201e\u00e9rt\u00e9kgazdags\u00e1g\u00e1t\u201d &#8211; jelentette ki Semj\u00e9n Zsolt minisztereln\u00f6k-helyettes a Nemzetis\u00e9gek\u00e9rt D\u00edjak \u00e1tad\u00e1s\u00e1n december 17-\u00e9n, p\u00e9nteken, Budapesten. A nemzetis\u00e9gek napja alkalm\u00e1b\u00f3l tartott \u00fcnneps\u00e9gen a nemzetis\u00e9gek\u00e9rt is felel\u0151s korm\u00e1nyf\u0151helyettes hangs\u00falyozta: a magyarorsz\u00e1gi nemzetis\u00e9gek elv\u00e1laszthatatlan, integr\u00e1ns \u00e9rt\u00e9keit adj\u00e1k a magyar nemzetnek. \u201eEgy nemzetis\u00e9g olyan saj\u00e1tos gazdags\u00e1got \u0151riz, amit rajta<\/p>\n","protected":false},"author":1,"featured_media":39370,"comment_status":"closed","ping_status":"closed","sticky":false,"template":"","format":"standard","meta":{"ngg_post_thumbnail":0,"footnotes":""},"categories":[38,3],"tags":[42,6188,519,6189],"class_list":{"0":"post-39368","1":"post","2":"type-post","3":"status-publish","4":"format-standard","5":"has-post-thumbnail","7":"category-esztergom","8":"category-hirek","9":"tag-esztergom","10":"tag-goman-janos","11":"tag-kituntetes","12":"tag-nemzetisegekert-dij"},"yoast_head":"<!-- This site is optimized with the Yoast SEO plugin v27.4 - https:\/\/yoast.com\/product\/yoast-seo-wordpress\/ -->\n<title>Nemzetis\u00e9gek\u00e9rt D\u00edjat kapott G\u00f3man J\u00e1nos<\/title>\n<meta name=\"robots\" content=\"index, follow, max-snippet:-1, max-image-preview:large, max-video-preview:-1\" \/>\n<link rel=\"canonical\" href=\"https:\/\/dorogimedence.hu\/index.php\/2021\/12\/20\/nemzetisegekert-dijat-kapott-goman-janos\/\" class=\"yoast-seo-meta-tag\" \/>\n<meta property=\"og:locale\" content=\"hu_HU\" class=\"yoast-seo-meta-tag\" \/>\n<meta property=\"og:type\" content=\"article\" class=\"yoast-seo-meta-tag\" \/>\n<meta property=\"og:title\" content=\"Nemzetis\u00e9gek\u00e9rt D\u00edjat kapott G\u00f3man J\u00e1nos\" class=\"yoast-seo-meta-tag\" \/>\n<meta property=\"og:description\" content=\"Az \u0151shonos nemzetis\u00e9geink gazdag\u00edtj\u00e1k Magyarorsz\u00e1g \u00e9s az eg\u00e9sz magyar nemzet \u201e\u00e9rt\u00e9kgazdags\u00e1g\u00e1t\u201d &#8211; jelentette ki Semj\u00e9n Zsolt minisztereln\u00f6k-helyettes a Nemzetis\u00e9gek\u00e9rt D\u00edjak \u00e1tad\u00e1s\u00e1n december 17-\u00e9n, p\u00e9nteken, Budapesten. A nemzetis\u00e9gek napja alkalm\u00e1b\u00f3l tartott \u00fcnneps\u00e9gen a nemzetis\u00e9gek\u00e9rt is felel\u0151s korm\u00e1nyf\u0151helyettes hangs\u00falyozta: a magyarorsz\u00e1gi nemzetis\u00e9gek elv\u00e1laszthatatlan, integr\u00e1ns \u00e9rt\u00e9keit adj\u00e1k a magyar nemzetnek. \u201eEgy nemzetis\u00e9g olyan saj\u00e1tos gazdags\u00e1got \u0151riz, amit rajta\" class=\"yoast-seo-meta-tag\" \/>\n<meta property=\"og:url\" content=\"https:\/\/dorogimedence.hu\/index.php\/2021\/12\/20\/nemzetisegekert-dijat-kapott-goman-janos\/\" class=\"yoast-seo-meta-tag\" \/>\n<meta property=\"og:site_name\" content=\"Dorogi-medence Region\u00e1lis H\u00edrport\u00e1l\" class=\"yoast-seo-meta-tag\" \/>\n<meta property=\"article:publisher\" content=\"https:\/\/www.facebook.com\/dorogimedence\/\" class=\"yoast-seo-meta-tag\" \/>\n<meta property=\"article:published_time\" content=\"2021-12-20T07:24:19+00:00\" class=\"yoast-seo-meta-tag\" \/>\n<meta property=\"article:modified_time\" content=\"2021-12-20T07:24:29+00:00\" class=\"yoast-seo-meta-tag\" \/>\n<meta property=\"og:image\" content=\"https:\/\/i0.wp.com\/dorogimedence.hu\/wp-content\/uploads\/2021\/12\/nemzetisegekert-dij.jpg?fit=1920%2C1073&ssl=1\" class=\"yoast-seo-meta-tag\" \/>\n\t<meta property=\"og:image:width\" content=\"1920\" class=\"yoast-seo-meta-tag\" \/>\n\t<meta property=\"og:image:height\" content=\"1073\" class=\"yoast-seo-meta-tag\" \/>\n\t<meta property=\"og:image:type\" content=\"image\/jpeg\" class=\"yoast-seo-meta-tag\" \/>\n<meta name=\"author\" content=\"dorogimedence.hu\" class=\"yoast-seo-meta-tag\" \/>\n<meta name=\"twitter:card\" content=\"summary_large_image\" class=\"yoast-seo-meta-tag\" \/>\n<meta name=\"twitter:label1\" content=\"Szerz\u0151:\" class=\"yoast-seo-meta-tag\" \/>\n\t<meta name=\"twitter:data1\" content=\"dorogimedence.hu\" class=\"yoast-seo-meta-tag\" \/>\n\t<meta name=\"twitter:label2\" content=\"Becs\u00fclt olvas\u00e1si id\u0151\" class=\"yoast-seo-meta-tag\" \/>\n\t<meta name=\"twitter:data2\" content=\"2 perc\" class=\"yoast-seo-meta-tag\" \/>\n<script type=\"application\/ld+json\" class=\"yoast-schema-graph\">{\"@context\":\"https:\\\/\\\/schema.org\",\"@graph\":[{\"@type\":\"Article\",\"@id\":\"https:\\\/\\\/dorogimedence.hu\\\/index.php\\\/2021\\\/12\\\/20\\\/nemzetisegekert-dijat-kapott-goman-janos\\\/#article\",\"isPartOf\":{\"@id\":\"https:\\\/\\\/dorogimedence.hu\\\/index.php\\\/2021\\\/12\\\/20\\\/nemzetisegekert-dijat-kapott-goman-janos\\\/\"},\"author\":{\"name\":\"dorogimedence.hu\",\"@id\":\"https:\\\/\\\/dorogimedence.hu\\\/#\\\/schema\\\/person\\\/ce6091eeb7e95ecdc87890d6aa8e0fd4\"},\"headline\":\"Nemzetis\u00e9gek\u00e9rt D\u00edjat kapott G\u00f3man J\u00e1nos\",\"datePublished\":\"2021-12-20T07:24:19+00:00\",\"dateModified\":\"2021-12-20T07:24:29+00:00\",\"mainEntityOfPage\":{\"@id\":\"https:\\\/\\\/dorogimedence.hu\\\/index.php\\\/2021\\\/12\\\/20\\\/nemzetisegekert-dijat-kapott-goman-janos\\\/\"},\"wordCount\":469,\"publisher\":{\"@id\":\"https:\\\/\\\/dorogimedence.hu\\\/#organization\"},\"image\":{\"@id\":\"https:\\\/\\\/dorogimedence.hu\\\/index.php\\\/2021\\\/12\\\/20\\\/nemzetisegekert-dijat-kapott-goman-janos\\\/#primaryimage\"},\"thumbnailUrl\":\"https:\\\/\\\/dorogimedence.hu\\\/wp-content\\\/uploads\\\/2021\\\/12\\\/nemzetisegekert-dij.jpg\",\"keywords\":[\"esztergom\",\"G\u00f3man J\u00e1nos\",\"kit\u00fcntet\u00e9s\",\"Nemzetis\u00e9gek\u00e9rt D\u00edj\"],\"articleSection\":[\"Esztergom\",\"H\u00edrek\"],\"inLanguage\":\"hu\"},{\"@type\":\"WebPage\",\"@id\":\"https:\\\/\\\/dorogimedence.hu\\\/index.php\\\/2021\\\/12\\\/20\\\/nemzetisegekert-dijat-kapott-goman-janos\\\/\",\"url\":\"https:\\\/\\\/dorogimedence.hu\\\/index.php\\\/2021\\\/12\\\/20\\\/nemzetisegekert-dijat-kapott-goman-janos\\\/\",\"name\":\"Nemzetis\u00e9gek\u00e9rt D\u00edjat kapott G\u00f3man J\u00e1nos\",\"isPartOf\":{\"@id\":\"https:\\\/\\\/dorogimedence.hu\\\/#website\"},\"primaryImageOfPage\":{\"@id\":\"https:\\\/\\\/dorogimedence.hu\\\/index.php\\\/2021\\\/12\\\/20\\\/nemzetisegekert-dijat-kapott-goman-janos\\\/#primaryimage\"},\"image\":{\"@id\":\"https:\\\/\\\/dorogimedence.hu\\\/index.php\\\/2021\\\/12\\\/20\\\/nemzetisegekert-dijat-kapott-goman-janos\\\/#primaryimage\"},\"thumbnailUrl\":\"https:\\\/\\\/dorogimedence.hu\\\/wp-content\\\/uploads\\\/2021\\\/12\\\/nemzetisegekert-dij.jpg\",\"datePublished\":\"2021-12-20T07:24:19+00:00\",\"dateModified\":\"2021-12-20T07:24:29+00:00\",\"breadcrumb\":{\"@id\":\"https:\\\/\\\/dorogimedence.hu\\\/index.php\\\/2021\\\/12\\\/20\\\/nemzetisegekert-dijat-kapott-goman-janos\\\/#breadcrumb\"},\"inLanguage\":\"hu\",\"potentialAction\":[{\"@type\":\"ReadAction\",\"target\":[\"https:\\\/\\\/dorogimedence.hu\\\/index.php\\\/2021\\\/12\\\/20\\\/nemzetisegekert-dijat-kapott-goman-janos\\\/\"]}]},{\"@type\":\"ImageObject\",\"inLanguage\":\"hu\",\"@id\":\"https:\\\/\\\/dorogimedence.hu\\\/index.php\\\/2021\\\/12\\\/20\\\/nemzetisegekert-dijat-kapott-goman-janos\\\/#primaryimage\",\"url\":\"https:\\\/\\\/dorogimedence.hu\\\/wp-content\\\/uploads\\\/2021\\\/12\\\/nemzetisegekert-dij.jpg\",\"contentUrl\":\"https:\\\/\\\/dorogimedence.hu\\\/wp-content\\\/uploads\\\/2021\\\/12\\\/nemzetisegekert-dij.jpg\",\"width\":1920,\"height\":1073},{\"@type\":\"BreadcrumbList\",\"@id\":\"https:\\\/\\\/dorogimedence.hu\\\/index.php\\\/2021\\\/12\\\/20\\\/nemzetisegekert-dijat-kapott-goman-janos\\\/#breadcrumb\",\"itemListElement\":[{\"@type\":\"ListItem\",\"position\":1,\"name\":\"Kezd\u0151lap\",\"item\":\"https:\\\/\\\/dorogimedence.hu\\\/\"},{\"@type\":\"ListItem\",\"position\":2,\"name\":\"Nemzetis\u00e9gek\u00e9rt D\u00edjat kapott G\u00f3man J\u00e1nos\"}]},{\"@type\":\"WebSite\",\"@id\":\"https:\\\/\\\/dorogimedence.hu\\\/#website\",\"url\":\"https:\\\/\\\/dorogimedence.hu\\\/\",\"name\":\"Dorogi-medence Region\u00e1lis H\u00edrport\u00e1l\",\"description\":\"Dorog, Keszt\u00f6lc, Le\u00e1nyv\u00e1r, Piliscs\u00e9v, Tokod, Tokodalt\u00e1r\u00f3, Csolnok, Esztergom-kertv\u00e1ros: h\u00edrek, programok\",\"publisher\":{\"@id\":\"https:\\\/\\\/dorogimedence.hu\\\/#organization\"},\"potentialAction\":[{\"@type\":\"SearchAction\",\"target\":{\"@type\":\"EntryPoint\",\"urlTemplate\":\"https:\\\/\\\/dorogimedence.hu\\\/?s={search_term_string}\"},\"query-input\":{\"@type\":\"PropertyValueSpecification\",\"valueRequired\":true,\"valueName\":\"search_term_string\"}}],\"inLanguage\":\"hu\"},{\"@type\":\"Organization\",\"@id\":\"https:\\\/\\\/dorogimedence.hu\\\/#organization\",\"name\":\"Dorogi-medence Region\u00e1lis H\u00edrport\u00e1l\",\"url\":\"https:\\\/\\\/dorogimedence.hu\\\/\",\"logo\":{\"@type\":\"ImageObject\",\"inLanguage\":\"hu\",\"@id\":\"https:\\\/\\\/dorogimedence.hu\\\/#\\\/schema\\\/logo\\\/image\\\/\",\"url\":\"https:\\\/\\\/dorogimedence.hu\\\/wp-content\\\/uploads\\\/2021\\\/04\\\/logo-feher-600.png\",\"contentUrl\":\"https:\\\/\\\/dorogimedence.hu\\\/wp-content\\\/uploads\\\/2021\\\/04\\\/logo-feher-600.png\",\"width\":600,\"height\":100,\"caption\":\"Dorogi-medence Region\u00e1lis H\u00edrport\u00e1l\"},\"image\":{\"@id\":\"https:\\\/\\\/dorogimedence.hu\\\/#\\\/schema\\\/logo\\\/image\\\/\"},\"sameAs\":[\"https:\\\/\\\/www.facebook.com\\\/dorogimedence\\\/\"]},{\"@type\":\"Person\",\"@id\":\"https:\\\/\\\/dorogimedence.hu\\\/#\\\/schema\\\/person\\\/ce6091eeb7e95ecdc87890d6aa8e0fd4\",\"name\":\"dorogimedence.hu\",\"image\":{\"@type\":\"ImageObject\",\"inLanguage\":\"hu\",\"@id\":\"\\\/\\\/www.gravatar.com\\\/avatar\\\/d8d45f8901aadff40a4af72c0b826f1d?s=96&#038;r=g&#038;d=mm\",\"url\":\"\\\/\\\/www.gravatar.com\\\/avatar\\\/d8d45f8901aadff40a4af72c0b826f1d?s=96&#038;r=g&#038;d=mm\",\"contentUrl\":\"\\\/\\\/www.gravatar.com\\\/avatar\\\/d8d45f8901aadff40a4af72c0b826f1d?s=96&#038;r=g&#038;d=mm\",\"caption\":\"dorogimedence.hu\"}}]}<\/script>\n<!-- \/ Yoast SEO plugin. -->","yoast_head_json":{"title":"Nemzetis\u00e9gek\u00e9rt D\u00edjat kapott G\u00f3man J\u00e1nos","robots":{"index":"index","follow":"follow","max-snippet":"max-snippet:-1","max-image-preview":"max-image-preview:large","max-video-preview":"max-video-preview:-1"},"canonical":"https:\/\/dorogimedence.hu\/index.php\/2021\/12\/20\/nemzetisegekert-dijat-kapott-goman-janos\/","og_locale":"hu_HU","og_type":"article","og_title":"Nemzetis\u00e9gek\u00e9rt D\u00edjat kapott G\u00f3man J\u00e1nos","og_description":"Az \u0151shonos nemzetis\u00e9geink gazdag\u00edtj\u00e1k Magyarorsz\u00e1g \u00e9s az eg\u00e9sz magyar nemzet \u201e\u00e9rt\u00e9kgazdags\u00e1g\u00e1t\u201d &#8211; jelentette ki Semj\u00e9n Zsolt minisztereln\u00f6k-helyettes a Nemzetis\u00e9gek\u00e9rt D\u00edjak \u00e1tad\u00e1s\u00e1n december 17-\u00e9n, p\u00e9nteken, Budapesten. A nemzetis\u00e9gek napja alkalm\u00e1b\u00f3l tartott \u00fcnneps\u00e9gen a nemzetis\u00e9gek\u00e9rt is felel\u0151s korm\u00e1nyf\u0151helyettes hangs\u00falyozta: a magyarorsz\u00e1gi nemzetis\u00e9gek elv\u00e1laszthatatlan, integr\u00e1ns \u00e9rt\u00e9keit adj\u00e1k a magyar nemzetnek. \u201eEgy nemzetis\u00e9g olyan saj\u00e1tos gazdags\u00e1got \u0151riz, amit rajta","og_url":"https:\/\/dorogimedence.hu\/index.php\/2021\/12\/20\/nemzetisegekert-dijat-kapott-goman-janos\/","og_site_name":"Dorogi-medence Region\u00e1lis H\u00edrport\u00e1l","article_publisher":"https:\/\/www.facebook.com\/dorogimedence\/","article_published_time":"2021-12-20T07:24:19+00:00","article_modified_time":"2021-12-20T07:24:29+00:00","og_image":[{"width":1920,"height":1073,"url":"https:\/\/i0.wp.com\/dorogimedence.hu\/wp-content\/uploads\/2021\/12\/nemzetisegekert-dij.jpg?fit=1920%2C1073&ssl=1","type":"image\/jpeg"}],"author":"dorogimedence.hu","twitter_card":"summary_large_image","twitter_misc":{"Szerz\u0151:":"dorogimedence.hu","Becs\u00fclt olvas\u00e1si id\u0151":"2 perc"},"schema":{"@context":"https:\/\/schema.org","@graph":[{"@type":"Article","@id":"https:\/\/dorogimedence.hu\/index.php\/2021\/12\/20\/nemzetisegekert-dijat-kapott-goman-janos\/#article","isPartOf":{"@id":"https:\/\/dorogimedence.hu\/index.php\/2021\/12\/20\/nemzetisegekert-dijat-kapott-goman-janos\/"},"author":{"name":"dorogimedence.hu","@id":"https:\/\/dorogimedence.hu\/#\/schema\/person\/ce6091eeb7e95ecdc87890d6aa8e0fd4"},"headline":"Nemzetis\u00e9gek\u00e9rt D\u00edjat kapott G\u00f3man J\u00e1nos","datePublished":"2021-12-20T07:24:19+00:00","dateModified":"2021-12-20T07:24:29+00:00","mainEntityOfPage":{"@id":"https:\/\/dorogimedence.hu\/index.php\/2021\/12\/20\/nemzetisegekert-dijat-kapott-goman-janos\/"},"wordCount":469,"publisher":{"@id":"https:\/\/dorogimedence.hu\/#organization"},"image":{"@id":"https:\/\/dorogimedence.hu\/index.php\/2021\/12\/20\/nemzetisegekert-dijat-kapott-goman-janos\/#primaryimage"},"thumbnailUrl":"https:\/\/dorogimedence.hu\/wp-content\/uploads\/2021\/12\/nemzetisegekert-dij.jpg","keywords":["esztergom","G\u00f3man J\u00e1nos","kit\u00fcntet\u00e9s","Nemzetis\u00e9gek\u00e9rt D\u00edj"],"articleSection":["Esztergom","H\u00edrek"],"inLanguage":"hu"},{"@type":"WebPage","@id":"https:\/\/dorogimedence.hu\/index.php\/2021\/12\/20\/nemzetisegekert-dijat-kapott-goman-janos\/","url":"https:\/\/dorogimedence.hu\/index.php\/2021\/12\/20\/nemzetisegekert-dijat-kapott-goman-janos\/","name":"Nemzetis\u00e9gek\u00e9rt D\u00edjat kapott G\u00f3man J\u00e1nos","isPartOf":{"@id":"https:\/\/dorogimedence.hu\/#website"},"primaryImageOfPage":{"@id":"https:\/\/dorogimedence.hu\/index.php\/2021\/12\/20\/nemzetisegekert-dijat-kapott-goman-janos\/#primaryimage"},"image":{"@id":"https:\/\/dorogimedence.hu\/index.php\/2021\/12\/20\/nemzetisegekert-dijat-kapott-goman-janos\/#primaryimage"},"thumbnailUrl":"https:\/\/dorogimedence.hu\/wp-content\/uploads\/2021\/12\/nemzetisegekert-dij.jpg","datePublished":"2021-12-20T07:24:19+00:00","dateModified":"2021-12-20T07:24:29+00:00","breadcrumb":{"@id":"https:\/\/dorogimedence.hu\/index.php\/2021\/12\/20\/nemzetisegekert-dijat-kapott-goman-janos\/#breadcrumb"},"inLanguage":"hu","potentialAction":[{"@type":"ReadAction","target":["https:\/\/dorogimedence.hu\/index.php\/2021\/12\/20\/nemzetisegekert-dijat-kapott-goman-janos\/"]}]},{"@type":"ImageObject","inLanguage":"hu","@id":"https:\/\/dorogimedence.hu\/index.php\/2021\/12\/20\/nemzetisegekert-dijat-kapott-goman-janos\/#primaryimage","url":"https:\/\/dorogimedence.hu\/wp-content\/uploads\/2021\/12\/nemzetisegekert-dij.jpg","contentUrl":"https:\/\/dorogimedence.hu\/wp-content\/uploads\/2021\/12\/nemzetisegekert-dij.jpg","width":1920,"height":1073},{"@type":"BreadcrumbList","@id":"https:\/\/dorogimedence.hu\/index.php\/2021\/12\/20\/nemzetisegekert-dijat-kapott-goman-janos\/#breadcrumb","itemListElement":[{"@type":"ListItem","position":1,"name":"Kezd\u0151lap","item":"https:\/\/dorogimedence.hu\/"},{"@type":"ListItem","position":2,"name":"Nemzetis\u00e9gek\u00e9rt D\u00edjat kapott G\u00f3man J\u00e1nos"}]},{"@type":"WebSite","@id":"https:\/\/dorogimedence.hu\/#website","url":"https:\/\/dorogimedence.hu\/","name":"Dorogi-medence Region\u00e1lis H\u00edrport\u00e1l","description":"Dorog, Keszt\u00f6lc, Le\u00e1nyv\u00e1r, Piliscs\u00e9v, Tokod, Tokodalt\u00e1r\u00f3, Csolnok, Esztergom-kertv\u00e1ros: h\u00edrek, programok","publisher":{"@id":"https:\/\/dorogimedence.hu\/#organization"},"potentialAction":[{"@type":"SearchAction","target":{"@type":"EntryPoint","urlTemplate":"https:\/\/dorogimedence.hu\/?s={search_term_string}"},"query-input":{"@type":"PropertyValueSpecification","valueRequired":true,"valueName":"search_term_string"}}],"inLanguage":"hu"},{"@type":"Organization","@id":"https:\/\/dorogimedence.hu\/#organization","name":"Dorogi-medence Region\u00e1lis H\u00edrport\u00e1l","url":"https:\/\/dorogimedence.hu\/","logo":{"@type":"ImageObject","inLanguage":"hu","@id":"https:\/\/dorogimedence.hu\/#\/schema\/logo\/image\/","url":"https:\/\/dorogimedence.hu\/wp-content\/uploads\/2021\/04\/logo-feher-600.png","contentUrl":"https:\/\/dorogimedence.hu\/wp-content\/uploads\/2021\/04\/logo-feher-600.png","width":600,"height":100,"caption":"Dorogi-medence Region\u00e1lis H\u00edrport\u00e1l"},"image":{"@id":"https:\/\/dorogimedence.hu\/#\/schema\/logo\/image\/"},"sameAs":["https:\/\/www.facebook.com\/dorogimedence\/"]},{"@type":"Person","@id":"https:\/\/dorogimedence.hu\/#\/schema\/person\/ce6091eeb7e95ecdc87890d6aa8e0fd4","name":"dorogimedence.hu","image":{"@type":"ImageObject","inLanguage":"hu","@id":"\/\/www.gravatar.com\/avatar\/d8d45f8901aadff40a4af72c0b826f1d?s=96&#038;r=g&#038;d=mm","url":"\/\/www.gravatar.com\/avatar\/d8d45f8901aadff40a4af72c0b826f1d?s=96&#038;r=g&#038;d=mm","contentUrl":"\/\/www.gravatar.com\/avatar\/d8d45f8901aadff40a4af72c0b826f1d?s=96&#038;r=g&#038;d=mm","caption":"dorogimedence.hu"}}]}},"_links":{"self":[{"href":"https:\/\/dorogimedence.hu\/index.php\/wp-json\/wp\/v2\/posts\/39368","targetHints":{"allow":["GET"]}}],"collection":[{"href":"https:\/\/dorogimedence.hu\/index.php\/wp-json\/wp\/v2\/posts"}],"about":[{"href":"https:\/\/dorogimedence.hu\/index.php\/wp-json\/wp\/v2\/types\/post"}],"author":[{"embeddable":true,"href":"https:\/\/dorogimedence.hu\/index.php\/wp-json\/wp\/v2\/users\/1"}],"replies":[{"embeddable":true,"href":"https:\/\/dorogimedence.hu\/index.php\/wp-json\/wp\/v2\/comments?post=39368"}],"version-history":[{"count":0,"href":"https:\/\/dorogimedence.hu\/index.php\/wp-json\/wp\/v2\/posts\/39368\/revisions"}],"wp:featuredmedia":[{"embeddable":true,"href":"https:\/\/dorogimedence.hu\/index.php\/wp-json\/wp\/v2\/media\/39370"}],"wp:attachment":[{"href":"https:\/\/dorogimedence.hu\/index.php\/wp-json\/wp\/v2\/media?parent=39368"}],"wp:term":[{"taxonomy":"category","embeddable":true,"href":"https:\/\/dorogimedence.hu\/index.php\/wp-json\/wp\/v2\/categories?post=39368"},{"taxonomy":"post_tag","embeddable":true,"href":"https:\/\/dorogimedence.hu\/index.php\/wp-json\/wp\/v2\/tags?post=39368"}],"curies":[{"name":"wp","href":"https:\/\/api.w.org\/{rel}","templated":true}]}}