{"id":39299,"date":"2021-12-16T15:02:55","date_gmt":"2021-12-16T14:02:55","guid":{"rendered":"https:\/\/dorogimedence.hu\/?p=39299"},"modified":"2021-12-16T15:05:34","modified_gmt":"2021-12-16T14:05:34","slug":"digitalis-tablat-kapott-a-petofi-iskola-a-richtertol","status":"publish","type":"post","link":"https:\/\/dorogimedence.hu\/index.php\/2021\/12\/16\/digitalis-tablat-kapott-a-petofi-iskola-a-richtertol\/","title":{"rendered":"Digit\u00e1lis t\u00e1bl\u00e1t kapott a Pet\u0151fi iskola a Richtert\u0151l"},"content":{"rendered":"<p><strong>A Richter Gedeon Nyrt. hatsz\u00e1zezer forint t\u00e1mogat\u00e1st biztos\u00edtott a dorogi Pet\u0151fi S\u00e1ndor \u00c1ltal\u00e1nos Iskol\u00e1nak, melyb\u0151l digit\u00e1lis t\u00e1bl\u00e1t v\u00e1s\u00e1roltak. A v\u00e1llalat december 16-\u00e1n adta \u00e1t a nagy\u00e9rt\u00e9k\u0171 oktat\u00e1si seg\u00e9deszk\u00f6zt, amely a term\u00e9szettudom\u00e1nyi tant\u00e1rgyak tan\u00edt\u00e1s\u00e1t fogja szolg\u00e1lni.<\/strong><\/p>\n<p>Garai Zolt\u00e1n, a Richter Gedeon Nyrt. Dorogi Fi\u00f3ktelep\u00e9nek f\u0151m\u00e9rn\u00f6ke elmondta, hogy a v\u00e1rosvezet\u00e9ssel \u00e9s az oktat\u00e1si int\u00e9zm\u00e9nyekkel egy\u00fcttm\u0171k\u00f6dve azt a c\u00e9lt t\u0171zt\u00e9k ki, hogy seg\u00edtenek a helyi oktat\u00e1s fejleszt\u00e9s\u00e9ben. Ennek keret\u00e9ben kor\u00e1bban m\u00e1r a <a href=\"https:\/\/dorogimedence.hu\/index.php\/2021\/01\/29\/digitalis-tablaval-gazdagodott-a-zrinyi-iskola\/\" target=\"_blank\" rel=\"noopener\"><span style=\"text-decoration: underline; color: #0000ff;\">Zr\u00ednyi iskol\u00e1ban<\/span><\/a> szint\u00e9n \u00e1tadtak egy okost\u00e1bl\u00e1t, a <a href=\"https:\/\/dorogimedence.hu\/index.php\/2021\/12\/02\/oktatasi-segedeszkozoket-kaptak-a-dorogi-gimisek\/\" target=\"_blank\" rel=\"noopener\"><span style=\"text-decoration: underline; color: #0000ff;\">dorogi gimn\u00e1zium<\/span><\/a> term\u00e9szettudom\u00e1nyokn\u00e1l haszn\u00e1latos oktat\u00e1si eszk\u00f6z\u00f6ket kapott, valamint a <a href=\"https:\/\/dorogimedence.hu\/index.php\/2021\/09\/22\/uj-kozossegi-termet-adtak-at-dorogon\/\" target=\"_blank\" rel=\"noopener\"><span style=\"text-decoration: underline; color: #0000ff;\">m\u0171vel\u0151d\u00e9si h\u00e1z alagsor\u00e1ban<\/span><\/a> egy \u00faj k\u00f6z\u00f6ss\u00e9gi teret, Richter-termet alak\u00edtottak ki a di\u00e1koknak. \u201eAz \u00e9vz\u00e1r\u00e1s kapcs\u00e1n mi sem lenne jobb, mint egy sz\u00e9p kar\u00e1csonyi aj\u00e1nd\u00e9k, ez\u00e9rt a v\u00e1llalat nev\u00e9ben fogadj\u00e1tok sok szeretettel ebben a nagy dobozban tal\u00e1lhat\u00f3 interakt\u00edv t\u00e1bl\u00e1t, a felszerel\u00e9st k\u00f6vet\u0151en pedig haszn\u00e1lj\u00e1tok fel a term\u00e9szettudom\u00e1nyok szeretet\u00e9re. Rem\u00e9lj\u00fck, hogy nemsok\u00e1ra tal\u00e1lkozunk a Richterben, de addig is, az iskol\u00e1n k\u00edv\u00fcl l\u00e1togassatok el ti is a m\u0171vel\u0151d\u00e9si h\u00e1zban tal\u00e1lhat\u00f3 Richter-terembe, ahol a szabadid\u0151 elt\u00f6lt\u00e9se mellett workshopokat is szervez\u00fcnk majd nektek\u201d \u2013 mondta a tanteremben jelenl\u00e9v\u0151 di\u00e1koknak a v\u00e1llalat dorogi f\u0151m\u00e9rn\u00f6ke.<\/p>\n<p><img fetchpriority=\"high\" decoding=\"async\" class=\"alignnone size-large wp-image-39301\" src=\"https:\/\/dorogimedence.hu\/wp-content\/uploads\/2021\/12\/petofi-okostabla-02-1024x572.jpg\" alt=\"\" width=\"755\" height=\"422\" srcset=\"https:\/\/dorogimedence.hu\/wp-content\/uploads\/2021\/12\/petofi-okostabla-02-1024x572.jpg 1024w, https:\/\/dorogimedence.hu\/wp-content\/uploads\/2021\/12\/petofi-okostabla-02-300x168.jpg 300w, https:\/\/dorogimedence.hu\/wp-content\/uploads\/2021\/12\/petofi-okostabla-02-768x429.jpg 768w, https:\/\/dorogimedence.hu\/wp-content\/uploads\/2021\/12\/petofi-okostabla-02-150x84.jpg 150w, https:\/\/dorogimedence.hu\/wp-content\/uploads\/2021\/12\/petofi-okostabla-02-450x251.jpg 450w, https:\/\/dorogimedence.hu\/wp-content\/uploads\/2021\/12\/petofi-okostabla-02.jpg 1200w\" sizes=\"(max-width: 755px) 100vw, 755px\" \/><\/p>\n<p>J\u00e1szber\u00e9nyi K\u00e1roly, az int\u00e9zm\u00e9ny vezet\u0151je elmondta, hogy ez a digit\u00e1lis eszk\u00f6z hozz\u00e1j\u00e1rul majd ahhoz, hogy interakt\u00edv m\u00f3don, t\u00f6bb dimenzi\u00f3ban l\u00e1thass\u00e1k a gyerekek a k\u00e9miai k\u00eds\u00e9rleteket, a biol\u00f3gia, s\u0151t a f\u00f6ldrajz tananyagokat. \u201eEz az eszk\u00f6z egy kicsit olyan, mint egy \u00f3ri\u00e1si tablet, amikor ez fenn lesz majd a falon, akkor m\u00e1r nem fogunk a kr\u00e9taport\u00f3l k\u00f6h\u00f6gni \u00e9s egy teljesen \u00faj vil\u00e1g ny\u00edlik meg majd el\u0151tt\u00fcnk. Hiszen minden olyan k\u00eds\u00e9rletet megn\u00e9zhet\u00fcnk majd, amire nem jut lehet\u0151s\u00e9g\u00fcnk egy tan\u00f3r\u00e1n.\u201d \u2013 ismertette az eszk\u00f6zt az int\u00e9zm\u00e9nyvezet\u0151 a gyerekeknek, majd miel\u0151tt megk\u00f6sz\u00f6nte a hozz\u00e1j\u00e1rul\u00e1s\u00e1t a Richternek hozz\u00e1tette: \u201eOlyan c\u00e9gt\u0151l kaptuk ezt az aj\u00e1nd\u00e9kot, akikben potenci\u00e1lisan azt is l\u00e1tjuk, hogy n\u00e1luk sokan folytathatj\u00e1k majd a munk\u00e1jukat, vagy az \u0151 hat\u00e1sukra \u00e9ppen olyan tanulm\u00e1nyokat kezdenek meg, ami ut\u00e1n a t\u00e9rs\u00e9gben tudnak elhelyezkedni \u00e9s dolgozni\u201d.<\/p>\n<p><img decoding=\"async\" class=\"alignnone size-large wp-image-39302\" src=\"https:\/\/dorogimedence.hu\/wp-content\/uploads\/2021\/12\/petofi-okostabla-03-1024x683.jpg\" alt=\"\" width=\"755\" height=\"504\" srcset=\"https:\/\/dorogimedence.hu\/wp-content\/uploads\/2021\/12\/petofi-okostabla-03-1024x683.jpg 1024w, https:\/\/dorogimedence.hu\/wp-content\/uploads\/2021\/12\/petofi-okostabla-03-300x200.jpg 300w, https:\/\/dorogimedence.hu\/wp-content\/uploads\/2021\/12\/petofi-okostabla-03-768x512.jpg 768w, https:\/\/dorogimedence.hu\/wp-content\/uploads\/2021\/12\/petofi-okostabla-03-150x100.jpg 150w, https:\/\/dorogimedence.hu\/wp-content\/uploads\/2021\/12\/petofi-okostabla-03-450x300.jpg 450w, https:\/\/dorogimedence.hu\/wp-content\/uploads\/2021\/12\/petofi-okostabla-03-272x182.jpg 272w, https:\/\/dorogimedence.hu\/wp-content\/uploads\/2021\/12\/petofi-okostabla-03.jpg 1200w\" sizes=\"(max-width: 755px) 100vw, 755px\" \/><\/p>\n","protected":false},"excerpt":{"rendered":"<p>A Richter Gedeon Nyrt. hatsz\u00e1zezer forint t\u00e1mogat\u00e1st biztos\u00edtott a dorogi Pet\u0151fi S\u00e1ndor \u00c1ltal\u00e1nos Iskol\u00e1nak, melyb\u0151l digit\u00e1lis t\u00e1bl\u00e1t v\u00e1s\u00e1roltak. A v\u00e1llalat december 16-\u00e1n adta \u00e1t a nagy\u00e9rt\u00e9k\u0171 oktat\u00e1si seg\u00e9deszk\u00f6zt, amely a term\u00e9szettudom\u00e1nyi tant\u00e1rgyak tan\u00edt\u00e1s\u00e1t fogja szolg\u00e1lni. Garai Zolt\u00e1n, a Richter Gedeon Nyrt. Dorogi Fi\u00f3ktelep\u00e9nek f\u0151m\u00e9rn\u00f6ke elmondta, hogy a v\u00e1rosvezet\u00e9ssel \u00e9s az oktat\u00e1si int\u00e9zm\u00e9nyekkel egy\u00fcttm\u0171k\u00f6dve azt a<\/p>\n","protected":false},"author":1,"featured_media":39300,"comment_status":"closed","ping_status":"closed","sticky":false,"template":"","format":"standard","meta":{"ngg_post_thumbnail":0,"footnotes":""},"categories":[2,3],"tags":[5382,15,5624,5381,895,4060,4771],"class_list":{"0":"post-39299","1":"post","2":"type-post","3":"status-publish","4":"format-standard","5":"has-post-thumbnail","7":"category-dorog","8":"category-hirek","9":"tag-digitalis-tabla","10":"tag-dorog","11":"tag-featured","12":"tag-okostabla","13":"tag-petofi-iskola","14":"tag-richter","15":"tag-richter-gedeon-nyrt"},"yoast_head":"<!-- This site is optimized with the Yoast SEO plugin v27.5 - https:\/\/yoast.com\/product\/yoast-seo-wordpress\/ -->\n<title>Digit\u00e1lis t\u00e1bl\u00e1t kapott a Pet\u0151fi iskola a Richtert\u0151l<\/title>\n<meta name=\"robots\" content=\"index, follow, max-snippet:-1, max-image-preview:large, max-video-preview:-1\" \/>\n<link rel=\"canonical\" href=\"https:\/\/dorogimedence.hu\/index.php\/2021\/12\/16\/digitalis-tablat-kapott-a-petofi-iskola-a-richtertol\/\" class=\"yoast-seo-meta-tag\" \/>\n<meta property=\"og:locale\" content=\"hu_HU\" class=\"yoast-seo-meta-tag\" \/>\n<meta property=\"og:type\" content=\"article\" class=\"yoast-seo-meta-tag\" \/>\n<meta property=\"og:title\" content=\"Digit\u00e1lis t\u00e1bl\u00e1t kapott a Pet\u0151fi iskola a Richtert\u0151l\" class=\"yoast-seo-meta-tag\" \/>\n<meta property=\"og:description\" content=\"A Richter Gedeon Nyrt. hatsz\u00e1zezer forint t\u00e1mogat\u00e1st biztos\u00edtott a dorogi Pet\u0151fi S\u00e1ndor \u00c1ltal\u00e1nos Iskol\u00e1nak, melyb\u0151l digit\u00e1lis t\u00e1bl\u00e1t v\u00e1s\u00e1roltak. A v\u00e1llalat december 16-\u00e1n adta \u00e1t a nagy\u00e9rt\u00e9k\u0171 oktat\u00e1si seg\u00e9deszk\u00f6zt, amely a term\u00e9szettudom\u00e1nyi tant\u00e1rgyak tan\u00edt\u00e1s\u00e1t fogja szolg\u00e1lni. Garai Zolt\u00e1n, a Richter Gedeon Nyrt. Dorogi Fi\u00f3ktelep\u00e9nek f\u0151m\u00e9rn\u00f6ke elmondta, hogy a v\u00e1rosvezet\u00e9ssel \u00e9s az oktat\u00e1si int\u00e9zm\u00e9nyekkel egy\u00fcttm\u0171k\u00f6dve azt a\" class=\"yoast-seo-meta-tag\" \/>\n<meta property=\"og:url\" content=\"https:\/\/dorogimedence.hu\/index.php\/2021\/12\/16\/digitalis-tablat-kapott-a-petofi-iskola-a-richtertol\/\" class=\"yoast-seo-meta-tag\" \/>\n<meta property=\"og:site_name\" content=\"Dorogi-medence Region\u00e1lis H\u00edrport\u00e1l\" class=\"yoast-seo-meta-tag\" \/>\n<meta property=\"article:publisher\" content=\"https:\/\/www.facebook.com\/dorogimedence\/\" class=\"yoast-seo-meta-tag\" \/>\n<meta property=\"article:published_time\" content=\"2021-12-16T14:02:55+00:00\" class=\"yoast-seo-meta-tag\" \/>\n<meta property=\"article:modified_time\" content=\"2021-12-16T14:05:34+00:00\" class=\"yoast-seo-meta-tag\" \/>\n<meta property=\"og:image\" content=\"https:\/\/i0.wp.com\/dorogimedence.hu\/wp-content\/uploads\/2021\/12\/petofi-okostabla-01.jpg?fit=1920%2C1138&ssl=1\" class=\"yoast-seo-meta-tag\" \/>\n\t<meta property=\"og:image:width\" content=\"1920\" class=\"yoast-seo-meta-tag\" \/>\n\t<meta property=\"og:image:height\" content=\"1138\" class=\"yoast-seo-meta-tag\" \/>\n\t<meta property=\"og:image:type\" content=\"image\/jpeg\" class=\"yoast-seo-meta-tag\" \/>\n<meta name=\"author\" content=\"dorogimedence.hu\" class=\"yoast-seo-meta-tag\" \/>\n<meta name=\"twitter:card\" content=\"summary_large_image\" class=\"yoast-seo-meta-tag\" \/>\n<meta name=\"twitter:label1\" content=\"Szerz\u0151:\" class=\"yoast-seo-meta-tag\" \/>\n\t<meta name=\"twitter:data1\" content=\"dorogimedence.hu\" class=\"yoast-seo-meta-tag\" \/>\n\t<meta name=\"twitter:label2\" content=\"Becs\u00fclt olvas\u00e1si id\u0151\" class=\"yoast-seo-meta-tag\" \/>\n\t<meta name=\"twitter:data2\" content=\"2 perc\" class=\"yoast-seo-meta-tag\" \/>\n<script type=\"application\/ld+json\" class=\"yoast-schema-graph\">{\"@context\":\"https:\\\/\\\/schema.org\",\"@graph\":[{\"@type\":\"Article\",\"@id\":\"https:\\\/\\\/dorogimedence.hu\\\/index.php\\\/2021\\\/12\\\/16\\\/digitalis-tablat-kapott-a-petofi-iskola-a-richtertol\\\/#article\",\"isPartOf\":{\"@id\":\"https:\\\/\\\/dorogimedence.hu\\\/index.php\\\/2021\\\/12\\\/16\\\/digitalis-tablat-kapott-a-petofi-iskola-a-richtertol\\\/\"},\"author\":{\"name\":\"dorogimedence.hu\",\"@id\":\"https:\\\/\\\/dorogimedence.hu\\\/#\\\/schema\\\/person\\\/ce6091eeb7e95ecdc87890d6aa8e0fd4\"},\"headline\":\"Digit\u00e1lis t\u00e1bl\u00e1t kapott a Pet\u0151fi iskola a Richtert\u0151l\",\"datePublished\":\"2021-12-16T14:02:55+00:00\",\"dateModified\":\"2021-12-16T14:05:34+00:00\",\"mainEntityOfPage\":{\"@id\":\"https:\\\/\\\/dorogimedence.hu\\\/index.php\\\/2021\\\/12\\\/16\\\/digitalis-tablat-kapott-a-petofi-iskola-a-richtertol\\\/\"},\"wordCount\":497,\"publisher\":{\"@id\":\"https:\\\/\\\/dorogimedence.hu\\\/#organization\"},\"image\":{\"@id\":\"https:\\\/\\\/dorogimedence.hu\\\/index.php\\\/2021\\\/12\\\/16\\\/digitalis-tablat-kapott-a-petofi-iskola-a-richtertol\\\/#primaryimage\"},\"thumbnailUrl\":\"https:\\\/\\\/dorogimedence.hu\\\/wp-content\\\/uploads\\\/2021\\\/12\\\/petofi-okostabla-01.jpg\",\"keywords\":[\"digit\u00e1lis t\u00e1bla\",\"Dorog\",\"featured\",\"okost\u00e1bla\",\"Pet\u0151fi iskola\",\"richter\",\"Richter Gedeon Nyrt.\"],\"articleSection\":[\"Dorog\",\"H\u00edrek\"],\"inLanguage\":\"hu\"},{\"@type\":\"WebPage\",\"@id\":\"https:\\\/\\\/dorogimedence.hu\\\/index.php\\\/2021\\\/12\\\/16\\\/digitalis-tablat-kapott-a-petofi-iskola-a-richtertol\\\/\",\"url\":\"https:\\\/\\\/dorogimedence.hu\\\/index.php\\\/2021\\\/12\\\/16\\\/digitalis-tablat-kapott-a-petofi-iskola-a-richtertol\\\/\",\"name\":\"Digit\u00e1lis t\u00e1bl\u00e1t kapott a Pet\u0151fi iskola a Richtert\u0151l\",\"isPartOf\":{\"@id\":\"https:\\\/\\\/dorogimedence.hu\\\/#website\"},\"primaryImageOfPage\":{\"@id\":\"https:\\\/\\\/dorogimedence.hu\\\/index.php\\\/2021\\\/12\\\/16\\\/digitalis-tablat-kapott-a-petofi-iskola-a-richtertol\\\/#primaryimage\"},\"image\":{\"@id\":\"https:\\\/\\\/dorogimedence.hu\\\/index.php\\\/2021\\\/12\\\/16\\\/digitalis-tablat-kapott-a-petofi-iskola-a-richtertol\\\/#primaryimage\"},\"thumbnailUrl\":\"https:\\\/\\\/dorogimedence.hu\\\/wp-content\\\/uploads\\\/2021\\\/12\\\/petofi-okostabla-01.jpg\",\"datePublished\":\"2021-12-16T14:02:55+00:00\",\"dateModified\":\"2021-12-16T14:05:34+00:00\",\"breadcrumb\":{\"@id\":\"https:\\\/\\\/dorogimedence.hu\\\/index.php\\\/2021\\\/12\\\/16\\\/digitalis-tablat-kapott-a-petofi-iskola-a-richtertol\\\/#breadcrumb\"},\"inLanguage\":\"hu\",\"potentialAction\":[{\"@type\":\"ReadAction\",\"target\":[\"https:\\\/\\\/dorogimedence.hu\\\/index.php\\\/2021\\\/12\\\/16\\\/digitalis-tablat-kapott-a-petofi-iskola-a-richtertol\\\/\"]}]},{\"@type\":\"ImageObject\",\"inLanguage\":\"hu\",\"@id\":\"https:\\\/\\\/dorogimedence.hu\\\/index.php\\\/2021\\\/12\\\/16\\\/digitalis-tablat-kapott-a-petofi-iskola-a-richtertol\\\/#primaryimage\",\"url\":\"https:\\\/\\\/dorogimedence.hu\\\/wp-content\\\/uploads\\\/2021\\\/12\\\/petofi-okostabla-01.jpg\",\"contentUrl\":\"https:\\\/\\\/dorogimedence.hu\\\/wp-content\\\/uploads\\\/2021\\\/12\\\/petofi-okostabla-01.jpg\",\"width\":1920,\"height\":1138},{\"@type\":\"BreadcrumbList\",\"@id\":\"https:\\\/\\\/dorogimedence.hu\\\/index.php\\\/2021\\\/12\\\/16\\\/digitalis-tablat-kapott-a-petofi-iskola-a-richtertol\\\/#breadcrumb\",\"itemListElement\":[{\"@type\":\"ListItem\",\"position\":1,\"name\":\"Kezd\u0151lap\",\"item\":\"https:\\\/\\\/dorogimedence.hu\\\/\"},{\"@type\":\"ListItem\",\"position\":2,\"name\":\"Digit\u00e1lis t\u00e1bl\u00e1t kapott a Pet\u0151fi iskola a Richtert\u0151l\"}]},{\"@type\":\"WebSite\",\"@id\":\"https:\\\/\\\/dorogimedence.hu\\\/#website\",\"url\":\"https:\\\/\\\/dorogimedence.hu\\\/\",\"name\":\"Dorogi-medence Region\u00e1lis H\u00edrport\u00e1l\",\"description\":\"Dorog, Keszt\u00f6lc, Le\u00e1nyv\u00e1r, Piliscs\u00e9v, Tokod, Tokodalt\u00e1r\u00f3, Csolnok, Esztergom-kertv\u00e1ros: h\u00edrek, programok\",\"publisher\":{\"@id\":\"https:\\\/\\\/dorogimedence.hu\\\/#organization\"},\"potentialAction\":[{\"@type\":\"SearchAction\",\"target\":{\"@type\":\"EntryPoint\",\"urlTemplate\":\"https:\\\/\\\/dorogimedence.hu\\\/?s={search_term_string}\"},\"query-input\":{\"@type\":\"PropertyValueSpecification\",\"valueRequired\":true,\"valueName\":\"search_term_string\"}}],\"inLanguage\":\"hu\"},{\"@type\":\"Organization\",\"@id\":\"https:\\\/\\\/dorogimedence.hu\\\/#organization\",\"name\":\"Dorogi-medence Region\u00e1lis H\u00edrport\u00e1l\",\"url\":\"https:\\\/\\\/dorogimedence.hu\\\/\",\"logo\":{\"@type\":\"ImageObject\",\"inLanguage\":\"hu\",\"@id\":\"https:\\\/\\\/dorogimedence.hu\\\/#\\\/schema\\\/logo\\\/image\\\/\",\"url\":\"https:\\\/\\\/dorogimedence.hu\\\/wp-content\\\/uploads\\\/2021\\\/04\\\/logo-feher-600.png\",\"contentUrl\":\"https:\\\/\\\/dorogimedence.hu\\\/wp-content\\\/uploads\\\/2021\\\/04\\\/logo-feher-600.png\",\"width\":600,\"height\":100,\"caption\":\"Dorogi-medence Region\u00e1lis H\u00edrport\u00e1l\"},\"image\":{\"@id\":\"https:\\\/\\\/dorogimedence.hu\\\/#\\\/schema\\\/logo\\\/image\\\/\"},\"sameAs\":[\"https:\\\/\\\/www.facebook.com\\\/dorogimedence\\\/\"]},{\"@type\":\"Person\",\"@id\":\"https:\\\/\\\/dorogimedence.hu\\\/#\\\/schema\\\/person\\\/ce6091eeb7e95ecdc87890d6aa8e0fd4\",\"name\":\"dorogimedence.hu\",\"image\":{\"@type\":\"ImageObject\",\"inLanguage\":\"hu\",\"@id\":\"\\\/\\\/www.gravatar.com\\\/avatar\\\/d8d45f8901aadff40a4af72c0b826f1d?s=96&#038;r=g&#038;d=mm\",\"url\":\"\\\/\\\/www.gravatar.com\\\/avatar\\\/d8d45f8901aadff40a4af72c0b826f1d?s=96&#038;r=g&#038;d=mm\",\"contentUrl\":\"\\\/\\\/www.gravatar.com\\\/avatar\\\/d8d45f8901aadff40a4af72c0b826f1d?s=96&#038;r=g&#038;d=mm\",\"caption\":\"dorogimedence.hu\"}}]}<\/script>\n<!-- \/ Yoast SEO plugin. -->","yoast_head_json":{"title":"Digit\u00e1lis t\u00e1bl\u00e1t kapott a Pet\u0151fi iskola a Richtert\u0151l","robots":{"index":"index","follow":"follow","max-snippet":"max-snippet:-1","max-image-preview":"max-image-preview:large","max-video-preview":"max-video-preview:-1"},"canonical":"https:\/\/dorogimedence.hu\/index.php\/2021\/12\/16\/digitalis-tablat-kapott-a-petofi-iskola-a-richtertol\/","og_locale":"hu_HU","og_type":"article","og_title":"Digit\u00e1lis t\u00e1bl\u00e1t kapott a Pet\u0151fi iskola a Richtert\u0151l","og_description":"A Richter Gedeon Nyrt. hatsz\u00e1zezer forint t\u00e1mogat\u00e1st biztos\u00edtott a dorogi Pet\u0151fi S\u00e1ndor \u00c1ltal\u00e1nos Iskol\u00e1nak, melyb\u0151l digit\u00e1lis t\u00e1bl\u00e1t v\u00e1s\u00e1roltak. A v\u00e1llalat december 16-\u00e1n adta \u00e1t a nagy\u00e9rt\u00e9k\u0171 oktat\u00e1si seg\u00e9deszk\u00f6zt, amely a term\u00e9szettudom\u00e1nyi tant\u00e1rgyak tan\u00edt\u00e1s\u00e1t fogja szolg\u00e1lni. Garai Zolt\u00e1n, a Richter Gedeon Nyrt. Dorogi Fi\u00f3ktelep\u00e9nek f\u0151m\u00e9rn\u00f6ke elmondta, hogy a v\u00e1rosvezet\u00e9ssel \u00e9s az oktat\u00e1si int\u00e9zm\u00e9nyekkel egy\u00fcttm\u0171k\u00f6dve azt a","og_url":"https:\/\/dorogimedence.hu\/index.php\/2021\/12\/16\/digitalis-tablat-kapott-a-petofi-iskola-a-richtertol\/","og_site_name":"Dorogi-medence Region\u00e1lis H\u00edrport\u00e1l","article_publisher":"https:\/\/www.facebook.com\/dorogimedence\/","article_published_time":"2021-12-16T14:02:55+00:00","article_modified_time":"2021-12-16T14:05:34+00:00","og_image":[{"width":1920,"height":1138,"url":"https:\/\/i0.wp.com\/dorogimedence.hu\/wp-content\/uploads\/2021\/12\/petofi-okostabla-01.jpg?fit=1920%2C1138&ssl=1","type":"image\/jpeg"}],"author":"dorogimedence.hu","twitter_card":"summary_large_image","twitter_misc":{"Szerz\u0151:":"dorogimedence.hu","Becs\u00fclt olvas\u00e1si id\u0151":"2 perc"},"schema":{"@context":"https:\/\/schema.org","@graph":[{"@type":"Article","@id":"https:\/\/dorogimedence.hu\/index.php\/2021\/12\/16\/digitalis-tablat-kapott-a-petofi-iskola-a-richtertol\/#article","isPartOf":{"@id":"https:\/\/dorogimedence.hu\/index.php\/2021\/12\/16\/digitalis-tablat-kapott-a-petofi-iskola-a-richtertol\/"},"author":{"name":"dorogimedence.hu","@id":"https:\/\/dorogimedence.hu\/#\/schema\/person\/ce6091eeb7e95ecdc87890d6aa8e0fd4"},"headline":"Digit\u00e1lis t\u00e1bl\u00e1t kapott a Pet\u0151fi iskola a Richtert\u0151l","datePublished":"2021-12-16T14:02:55+00:00","dateModified":"2021-12-16T14:05:34+00:00","mainEntityOfPage":{"@id":"https:\/\/dorogimedence.hu\/index.php\/2021\/12\/16\/digitalis-tablat-kapott-a-petofi-iskola-a-richtertol\/"},"wordCount":497,"publisher":{"@id":"https:\/\/dorogimedence.hu\/#organization"},"image":{"@id":"https:\/\/dorogimedence.hu\/index.php\/2021\/12\/16\/digitalis-tablat-kapott-a-petofi-iskola-a-richtertol\/#primaryimage"},"thumbnailUrl":"https:\/\/dorogimedence.hu\/wp-content\/uploads\/2021\/12\/petofi-okostabla-01.jpg","keywords":["digit\u00e1lis t\u00e1bla","Dorog","featured","okost\u00e1bla","Pet\u0151fi iskola","richter","Richter Gedeon Nyrt."],"articleSection":["Dorog","H\u00edrek"],"inLanguage":"hu"},{"@type":"WebPage","@id":"https:\/\/dorogimedence.hu\/index.php\/2021\/12\/16\/digitalis-tablat-kapott-a-petofi-iskola-a-richtertol\/","url":"https:\/\/dorogimedence.hu\/index.php\/2021\/12\/16\/digitalis-tablat-kapott-a-petofi-iskola-a-richtertol\/","name":"Digit\u00e1lis t\u00e1bl\u00e1t kapott a Pet\u0151fi iskola a Richtert\u0151l","isPartOf":{"@id":"https:\/\/dorogimedence.hu\/#website"},"primaryImageOfPage":{"@id":"https:\/\/dorogimedence.hu\/index.php\/2021\/12\/16\/digitalis-tablat-kapott-a-petofi-iskola-a-richtertol\/#primaryimage"},"image":{"@id":"https:\/\/dorogimedence.hu\/index.php\/2021\/12\/16\/digitalis-tablat-kapott-a-petofi-iskola-a-richtertol\/#primaryimage"},"thumbnailUrl":"https:\/\/dorogimedence.hu\/wp-content\/uploads\/2021\/12\/petofi-okostabla-01.jpg","datePublished":"2021-12-16T14:02:55+00:00","dateModified":"2021-12-16T14:05:34+00:00","breadcrumb":{"@id":"https:\/\/dorogimedence.hu\/index.php\/2021\/12\/16\/digitalis-tablat-kapott-a-petofi-iskola-a-richtertol\/#breadcrumb"},"inLanguage":"hu","potentialAction":[{"@type":"ReadAction","target":["https:\/\/dorogimedence.hu\/index.php\/2021\/12\/16\/digitalis-tablat-kapott-a-petofi-iskola-a-richtertol\/"]}]},{"@type":"ImageObject","inLanguage":"hu","@id":"https:\/\/dorogimedence.hu\/index.php\/2021\/12\/16\/digitalis-tablat-kapott-a-petofi-iskola-a-richtertol\/#primaryimage","url":"https:\/\/dorogimedence.hu\/wp-content\/uploads\/2021\/12\/petofi-okostabla-01.jpg","contentUrl":"https:\/\/dorogimedence.hu\/wp-content\/uploads\/2021\/12\/petofi-okostabla-01.jpg","width":1920,"height":1138},{"@type":"BreadcrumbList","@id":"https:\/\/dorogimedence.hu\/index.php\/2021\/12\/16\/digitalis-tablat-kapott-a-petofi-iskola-a-richtertol\/#breadcrumb","itemListElement":[{"@type":"ListItem","position":1,"name":"Kezd\u0151lap","item":"https:\/\/dorogimedence.hu\/"},{"@type":"ListItem","position":2,"name":"Digit\u00e1lis t\u00e1bl\u00e1t kapott a Pet\u0151fi iskola a Richtert\u0151l"}]},{"@type":"WebSite","@id":"https:\/\/dorogimedence.hu\/#website","url":"https:\/\/dorogimedence.hu\/","name":"Dorogi-medence Region\u00e1lis H\u00edrport\u00e1l","description":"Dorog, Keszt\u00f6lc, Le\u00e1nyv\u00e1r, Piliscs\u00e9v, Tokod, Tokodalt\u00e1r\u00f3, Csolnok, Esztergom-kertv\u00e1ros: h\u00edrek, programok","publisher":{"@id":"https:\/\/dorogimedence.hu\/#organization"},"potentialAction":[{"@type":"SearchAction","target":{"@type":"EntryPoint","urlTemplate":"https:\/\/dorogimedence.hu\/?s={search_term_string}"},"query-input":{"@type":"PropertyValueSpecification","valueRequired":true,"valueName":"search_term_string"}}],"inLanguage":"hu"},{"@type":"Organization","@id":"https:\/\/dorogimedence.hu\/#organization","name":"Dorogi-medence Region\u00e1lis H\u00edrport\u00e1l","url":"https:\/\/dorogimedence.hu\/","logo":{"@type":"ImageObject","inLanguage":"hu","@id":"https:\/\/dorogimedence.hu\/#\/schema\/logo\/image\/","url":"https:\/\/dorogimedence.hu\/wp-content\/uploads\/2021\/04\/logo-feher-600.png","contentUrl":"https:\/\/dorogimedence.hu\/wp-content\/uploads\/2021\/04\/logo-feher-600.png","width":600,"height":100,"caption":"Dorogi-medence Region\u00e1lis H\u00edrport\u00e1l"},"image":{"@id":"https:\/\/dorogimedence.hu\/#\/schema\/logo\/image\/"},"sameAs":["https:\/\/www.facebook.com\/dorogimedence\/"]},{"@type":"Person","@id":"https:\/\/dorogimedence.hu\/#\/schema\/person\/ce6091eeb7e95ecdc87890d6aa8e0fd4","name":"dorogimedence.hu","image":{"@type":"ImageObject","inLanguage":"hu","@id":"\/\/www.gravatar.com\/avatar\/d8d45f8901aadff40a4af72c0b826f1d?s=96&#038;r=g&#038;d=mm","url":"\/\/www.gravatar.com\/avatar\/d8d45f8901aadff40a4af72c0b826f1d?s=96&#038;r=g&#038;d=mm","contentUrl":"\/\/www.gravatar.com\/avatar\/d8d45f8901aadff40a4af72c0b826f1d?s=96&#038;r=g&#038;d=mm","caption":"dorogimedence.hu"}}]}},"_links":{"self":[{"href":"https:\/\/dorogimedence.hu\/index.php\/wp-json\/wp\/v2\/posts\/39299","targetHints":{"allow":["GET"]}}],"collection":[{"href":"https:\/\/dorogimedence.hu\/index.php\/wp-json\/wp\/v2\/posts"}],"about":[{"href":"https:\/\/dorogimedence.hu\/index.php\/wp-json\/wp\/v2\/types\/post"}],"author":[{"embeddable":true,"href":"https:\/\/dorogimedence.hu\/index.php\/wp-json\/wp\/v2\/users\/1"}],"replies":[{"embeddable":true,"href":"https:\/\/dorogimedence.hu\/index.php\/wp-json\/wp\/v2\/comments?post=39299"}],"version-history":[{"count":0,"href":"https:\/\/dorogimedence.hu\/index.php\/wp-json\/wp\/v2\/posts\/39299\/revisions"}],"wp:featuredmedia":[{"embeddable":true,"href":"https:\/\/dorogimedence.hu\/index.php\/wp-json\/wp\/v2\/media\/39300"}],"wp:attachment":[{"href":"https:\/\/dorogimedence.hu\/index.php\/wp-json\/wp\/v2\/media?parent=39299"}],"wp:term":[{"taxonomy":"category","embeddable":true,"href":"https:\/\/dorogimedence.hu\/index.php\/wp-json\/wp\/v2\/categories?post=39299"},{"taxonomy":"post_tag","embeddable":true,"href":"https:\/\/dorogimedence.hu\/index.php\/wp-json\/wp\/v2\/tags?post=39299"}],"curies":[{"name":"wp","href":"https:\/\/api.w.org\/{rel}","templated":true}]}}