{"id":39184,"date":"2021-12-09T10:41:10","date_gmt":"2021-12-09T09:41:10","guid":{"rendered":"https:\/\/dorogimedence.hu\/?p=39184"},"modified":"2021-12-09T10:41:19","modified_gmt":"2021-12-09T09:41:19","slug":"eletmento-cserkeszkituntetest-kapott-harom-esztergomi-fiatal","status":"publish","type":"post","link":"https:\/\/dorogimedence.hu\/index.php\/2021\/12\/09\/eletmento-cserkeszkituntetest-kapott-harom-esztergomi-fiatal\/","title":{"rendered":"\u00c9letment\u0151 Cserk\u00e9szkit\u00fcntet\u00e9st kapott h\u00e1rom esztergomi fiatal"},"content":{"rendered":"<p><strong>A Magyar Cserk\u00e9szsz\u00f6vets\u00e9g a h\u00e9tv\u00e9gi k\u00f6zgy\u0171l\u00e9s\u00e9n 3 esztergomi cserk\u00e9sznek \u201eJ\u00f3 munk\u00e1\u00e9rt!\u201d \u00c9letment\u0151 Cserk\u00e9szkit\u00fcntet\u00e9st adom\u00e1nyozott.<\/strong><\/p>\n<p>A 14.sz. Holl\u00f3 Cserk\u00e9szcsapat a k\u00f6z\u00f6ss\u00e9gi oldal\u00e1n arr\u00f3l sz\u00e1molt be, hogy j\u00falius 26-\u00e1n csapatuk tagjai vitorl\u00e1s cs\u00f3nak korm\u00e1nyos k\u00e9pz\u00e9s z\u00e1r\u00f3t\u00far\u00e1j\u00e1n, a Magyar Honv\u00e9ds\u00e9g balatonkenesei kempingj\u00e9nek st\u00e9gj\u00e9n tev\u00e9kenykedtek. T\u0151l\u00fck 20-30 m\u00e9terre a v\u00edzben egy p\u00e1r strandeszk\u00f6zzel \u2013 egy felf\u00fajhat\u00f3 tekn\u0151sb\u00e9k\u00e1val \u2013 birk\u00f3zott. A f\u00e9rfi egyszer csak halkan a k\u00f6vetkez\u0151t mondta: &#8222;Seg\u00edtsetek, seg\u00edtsetek&#8230;&#8221;<\/p>\n<p>A strandon sokan voltak, viszont a t\u00f6bbs\u00e9g j\u00e1t\u00e9knak v\u00e9lte az esetet, azonban Dobay M\u00e1rton, Eck Bence \u00e9s Er\u0151s P\u00e1l komolyan vette a seg\u00edts\u00e9gk\u00e9r\u00e9st, ez\u00e9rt v\u00edzbe ugrottak, hozz\u00e1juk \u00fasztak \u00e9s kiseg\u00edtett\u00e9k \u0151ket a m\u00e9ly v\u00edzb\u0151l. Kider\u00fclt: a l\u00e1ny m\u00e1r fuldoklott \u00e9s a f\u00e9rfi sem tudott \u00faszni!<\/p>\n<p>A bajbajutottak a szomsz\u00e9d strandr\u00f3l sodr\u00f3dtak \u00e1t, \u00e9s leborultak a strandeszk\u00f6zr\u0151l a m\u00e9ly v\u00edzben. Kalandjuknak v\u00e9gzetes k\u00f6vetkezm\u00e9nye lett volna, ha a h\u00e1rom cserk\u00e9sz nincs r\u00e9sen!<\/p>\n<p><em>Fot\u00f3, forr\u00e1s: 14.sz. Holl\u00f3 Cserk\u00e9szcsapat Facebook oldal<\/em><\/p>\n","protected":false},"excerpt":{"rendered":"<p>A Magyar Cserk\u00e9szsz\u00f6vets\u00e9g a h\u00e9tv\u00e9gi k\u00f6zgy\u0171l\u00e9s\u00e9n 3 esztergomi cserk\u00e9sznek \u201eJ\u00f3 munk\u00e1\u00e9rt!\u201d \u00c9letment\u0151 Cserk\u00e9szkit\u00fcntet\u00e9st adom\u00e1nyozott. A 14.sz. Holl\u00f3 Cserk\u00e9szcsapat a k\u00f6z\u00f6ss\u00e9gi oldal\u00e1n arr\u00f3l sz\u00e1molt be, hogy j\u00falius 26-\u00e1n csapatuk tagjai vitorl\u00e1s cs\u00f3nak korm\u00e1nyos k\u00e9pz\u00e9s z\u00e1r\u00f3t\u00far\u00e1j\u00e1n, a Magyar Honv\u00e9ds\u00e9g balatonkenesei kempingj\u00e9nek st\u00e9gj\u00e9n tev\u00e9kenykedtek. T\u0151l\u00fck 20-30 m\u00e9terre a v\u00edzben egy p\u00e1r strandeszk\u00f6zzel \u2013 egy felf\u00fajhat\u00f3 tekn\u0151sb\u00e9k\u00e1val \u2013 birk\u00f3zott.<\/p>\n","protected":false},"author":1,"featured_media":39185,"comment_status":"closed","ping_status":"closed","sticky":false,"template":"","format":"standard","meta":{"ngg_post_thumbnail":0,"footnotes":""},"categories":[38,3],"tags":[6158,42],"class_list":{"0":"post-39184","1":"post","2":"type-post","3":"status-publish","4":"format-standard","5":"has-post-thumbnail","7":"category-esztergom","8":"category-hirek","9":"tag-cserkeszek","10":"tag-esztergom"},"yoast_head":"<!-- This site is optimized with the Yoast SEO plugin v27.4 - https:\/\/yoast.com\/product\/yoast-seo-wordpress\/ -->\n<title>\u00c9letment\u0151 Cserk\u00e9szkit\u00fcntet\u00e9st kapott h\u00e1rom esztergomi fiatal<\/title>\n<meta name=\"robots\" content=\"index, follow, max-snippet:-1, max-image-preview:large, max-video-preview:-1\" \/>\n<link rel=\"canonical\" href=\"https:\/\/dorogimedence.hu\/index.php\/2021\/12\/09\/eletmento-cserkeszkituntetest-kapott-harom-esztergomi-fiatal\/\" class=\"yoast-seo-meta-tag\" \/>\n<meta property=\"og:locale\" content=\"hu_HU\" class=\"yoast-seo-meta-tag\" \/>\n<meta property=\"og:type\" content=\"article\" class=\"yoast-seo-meta-tag\" \/>\n<meta property=\"og:title\" content=\"\u00c9letment\u0151 Cserk\u00e9szkit\u00fcntet\u00e9st kapott h\u00e1rom esztergomi fiatal\" class=\"yoast-seo-meta-tag\" \/>\n<meta property=\"og:description\" content=\"A Magyar Cserk\u00e9szsz\u00f6vets\u00e9g a h\u00e9tv\u00e9gi k\u00f6zgy\u0171l\u00e9s\u00e9n 3 esztergomi cserk\u00e9sznek \u201eJ\u00f3 munk\u00e1\u00e9rt!\u201d \u00c9letment\u0151 Cserk\u00e9szkit\u00fcntet\u00e9st adom\u00e1nyozott. A 14.sz. Holl\u00f3 Cserk\u00e9szcsapat a k\u00f6z\u00f6ss\u00e9gi oldal\u00e1n arr\u00f3l sz\u00e1molt be, hogy j\u00falius 26-\u00e1n csapatuk tagjai vitorl\u00e1s cs\u00f3nak korm\u00e1nyos k\u00e9pz\u00e9s z\u00e1r\u00f3t\u00far\u00e1j\u00e1n, a Magyar Honv\u00e9ds\u00e9g balatonkenesei kempingj\u00e9nek st\u00e9gj\u00e9n tev\u00e9kenykedtek. T\u0151l\u00fck 20-30 m\u00e9terre a v\u00edzben egy p\u00e1r strandeszk\u00f6zzel \u2013 egy felf\u00fajhat\u00f3 tekn\u0151sb\u00e9k\u00e1val \u2013 birk\u00f3zott.\" class=\"yoast-seo-meta-tag\" \/>\n<meta property=\"og:url\" content=\"https:\/\/dorogimedence.hu\/index.php\/2021\/12\/09\/eletmento-cserkeszkituntetest-kapott-harom-esztergomi-fiatal\/\" class=\"yoast-seo-meta-tag\" \/>\n<meta property=\"og:site_name\" content=\"Dorogi-medence Region\u00e1lis H\u00edrport\u00e1l\" class=\"yoast-seo-meta-tag\" \/>\n<meta property=\"article:publisher\" content=\"https:\/\/www.facebook.com\/dorogimedence\/\" class=\"yoast-seo-meta-tag\" \/>\n<meta property=\"article:published_time\" content=\"2021-12-09T09:41:10+00:00\" class=\"yoast-seo-meta-tag\" \/>\n<meta property=\"article:modified_time\" content=\"2021-12-09T09:41:19+00:00\" class=\"yoast-seo-meta-tag\" \/>\n<meta property=\"og:image\" content=\"https:\/\/i0.wp.com\/dorogimedence.hu\/wp-content\/uploads\/2021\/12\/cserkeszek.jpg?fit=1397%2C828&ssl=1\" class=\"yoast-seo-meta-tag\" \/>\n\t<meta property=\"og:image:width\" content=\"1397\" class=\"yoast-seo-meta-tag\" \/>\n\t<meta property=\"og:image:height\" content=\"828\" class=\"yoast-seo-meta-tag\" \/>\n\t<meta property=\"og:image:type\" content=\"image\/jpeg\" class=\"yoast-seo-meta-tag\" \/>\n<meta name=\"author\" content=\"dorogimedence.hu\" class=\"yoast-seo-meta-tag\" \/>\n<meta name=\"twitter:card\" content=\"summary_large_image\" class=\"yoast-seo-meta-tag\" \/>\n<meta name=\"twitter:label1\" content=\"Szerz\u0151:\" class=\"yoast-seo-meta-tag\" \/>\n\t<meta name=\"twitter:data1\" content=\"dorogimedence.hu\" class=\"yoast-seo-meta-tag\" \/>\n\t<meta name=\"twitter:label2\" content=\"Becs\u00fclt olvas\u00e1si id\u0151\" class=\"yoast-seo-meta-tag\" \/>\n\t<meta name=\"twitter:data2\" content=\"1 perc\" class=\"yoast-seo-meta-tag\" \/>\n<script type=\"application\/ld+json\" class=\"yoast-schema-graph\">{\"@context\":\"https:\\\/\\\/schema.org\",\"@graph\":[{\"@type\":\"Article\",\"@id\":\"https:\\\/\\\/dorogimedence.hu\\\/index.php\\\/2021\\\/12\\\/09\\\/eletmento-cserkeszkituntetest-kapott-harom-esztergomi-fiatal\\\/#article\",\"isPartOf\":{\"@id\":\"https:\\\/\\\/dorogimedence.hu\\\/index.php\\\/2021\\\/12\\\/09\\\/eletmento-cserkeszkituntetest-kapott-harom-esztergomi-fiatal\\\/\"},\"author\":{\"name\":\"dorogimedence.hu\",\"@id\":\"https:\\\/\\\/dorogimedence.hu\\\/#\\\/schema\\\/person\\\/ce6091eeb7e95ecdc87890d6aa8e0fd4\"},\"headline\":\"\u00c9letment\u0151 Cserk\u00e9szkit\u00fcntet\u00e9st kapott h\u00e1rom esztergomi fiatal\",\"datePublished\":\"2021-12-09T09:41:10+00:00\",\"dateModified\":\"2021-12-09T09:41:19+00:00\",\"mainEntityOfPage\":{\"@id\":\"https:\\\/\\\/dorogimedence.hu\\\/index.php\\\/2021\\\/12\\\/09\\\/eletmento-cserkeszkituntetest-kapott-harom-esztergomi-fiatal\\\/\"},\"wordCount\":244,\"publisher\":{\"@id\":\"https:\\\/\\\/dorogimedence.hu\\\/#organization\"},\"image\":{\"@id\":\"https:\\\/\\\/dorogimedence.hu\\\/index.php\\\/2021\\\/12\\\/09\\\/eletmento-cserkeszkituntetest-kapott-harom-esztergomi-fiatal\\\/#primaryimage\"},\"thumbnailUrl\":\"https:\\\/\\\/dorogimedence.hu\\\/wp-content\\\/uploads\\\/2021\\\/12\\\/cserkeszek.jpg\",\"keywords\":[\"cserk\u00e9szek\",\"esztergom\"],\"articleSection\":[\"Esztergom\",\"H\u00edrek\"],\"inLanguage\":\"hu\"},{\"@type\":\"WebPage\",\"@id\":\"https:\\\/\\\/dorogimedence.hu\\\/index.php\\\/2021\\\/12\\\/09\\\/eletmento-cserkeszkituntetest-kapott-harom-esztergomi-fiatal\\\/\",\"url\":\"https:\\\/\\\/dorogimedence.hu\\\/index.php\\\/2021\\\/12\\\/09\\\/eletmento-cserkeszkituntetest-kapott-harom-esztergomi-fiatal\\\/\",\"name\":\"\u00c9letment\u0151 Cserk\u00e9szkit\u00fcntet\u00e9st kapott h\u00e1rom esztergomi fiatal\",\"isPartOf\":{\"@id\":\"https:\\\/\\\/dorogimedence.hu\\\/#website\"},\"primaryImageOfPage\":{\"@id\":\"https:\\\/\\\/dorogimedence.hu\\\/index.php\\\/2021\\\/12\\\/09\\\/eletmento-cserkeszkituntetest-kapott-harom-esztergomi-fiatal\\\/#primaryimage\"},\"image\":{\"@id\":\"https:\\\/\\\/dorogimedence.hu\\\/index.php\\\/2021\\\/12\\\/09\\\/eletmento-cserkeszkituntetest-kapott-harom-esztergomi-fiatal\\\/#primaryimage\"},\"thumbnailUrl\":\"https:\\\/\\\/dorogimedence.hu\\\/wp-content\\\/uploads\\\/2021\\\/12\\\/cserkeszek.jpg\",\"datePublished\":\"2021-12-09T09:41:10+00:00\",\"dateModified\":\"2021-12-09T09:41:19+00:00\",\"breadcrumb\":{\"@id\":\"https:\\\/\\\/dorogimedence.hu\\\/index.php\\\/2021\\\/12\\\/09\\\/eletmento-cserkeszkituntetest-kapott-harom-esztergomi-fiatal\\\/#breadcrumb\"},\"inLanguage\":\"hu\",\"potentialAction\":[{\"@type\":\"ReadAction\",\"target\":[\"https:\\\/\\\/dorogimedence.hu\\\/index.php\\\/2021\\\/12\\\/09\\\/eletmento-cserkeszkituntetest-kapott-harom-esztergomi-fiatal\\\/\"]}]},{\"@type\":\"ImageObject\",\"inLanguage\":\"hu\",\"@id\":\"https:\\\/\\\/dorogimedence.hu\\\/index.php\\\/2021\\\/12\\\/09\\\/eletmento-cserkeszkituntetest-kapott-harom-esztergomi-fiatal\\\/#primaryimage\",\"url\":\"https:\\\/\\\/dorogimedence.hu\\\/wp-content\\\/uploads\\\/2021\\\/12\\\/cserkeszek.jpg\",\"contentUrl\":\"https:\\\/\\\/dorogimedence.hu\\\/wp-content\\\/uploads\\\/2021\\\/12\\\/cserkeszek.jpg\",\"width\":1397,\"height\":828},{\"@type\":\"BreadcrumbList\",\"@id\":\"https:\\\/\\\/dorogimedence.hu\\\/index.php\\\/2021\\\/12\\\/09\\\/eletmento-cserkeszkituntetest-kapott-harom-esztergomi-fiatal\\\/#breadcrumb\",\"itemListElement\":[{\"@type\":\"ListItem\",\"position\":1,\"name\":\"Kezd\u0151lap\",\"item\":\"https:\\\/\\\/dorogimedence.hu\\\/\"},{\"@type\":\"ListItem\",\"position\":2,\"name\":\"\u00c9letment\u0151 Cserk\u00e9szkit\u00fcntet\u00e9st kapott h\u00e1rom esztergomi fiatal\"}]},{\"@type\":\"WebSite\",\"@id\":\"https:\\\/\\\/dorogimedence.hu\\\/#website\",\"url\":\"https:\\\/\\\/dorogimedence.hu\\\/\",\"name\":\"Dorogi-medence Region\u00e1lis H\u00edrport\u00e1l\",\"description\":\"Dorog, Keszt\u00f6lc, Le\u00e1nyv\u00e1r, Piliscs\u00e9v, Tokod, Tokodalt\u00e1r\u00f3, Csolnok, Esztergom-kertv\u00e1ros: h\u00edrek, programok\",\"publisher\":{\"@id\":\"https:\\\/\\\/dorogimedence.hu\\\/#organization\"},\"potentialAction\":[{\"@type\":\"SearchAction\",\"target\":{\"@type\":\"EntryPoint\",\"urlTemplate\":\"https:\\\/\\\/dorogimedence.hu\\\/?s={search_term_string}\"},\"query-input\":{\"@type\":\"PropertyValueSpecification\",\"valueRequired\":true,\"valueName\":\"search_term_string\"}}],\"inLanguage\":\"hu\"},{\"@type\":\"Organization\",\"@id\":\"https:\\\/\\\/dorogimedence.hu\\\/#organization\",\"name\":\"Dorogi-medence Region\u00e1lis H\u00edrport\u00e1l\",\"url\":\"https:\\\/\\\/dorogimedence.hu\\\/\",\"logo\":{\"@type\":\"ImageObject\",\"inLanguage\":\"hu\",\"@id\":\"https:\\\/\\\/dorogimedence.hu\\\/#\\\/schema\\\/logo\\\/image\\\/\",\"url\":\"https:\\\/\\\/dorogimedence.hu\\\/wp-content\\\/uploads\\\/2021\\\/04\\\/logo-feher-600.png\",\"contentUrl\":\"https:\\\/\\\/dorogimedence.hu\\\/wp-content\\\/uploads\\\/2021\\\/04\\\/logo-feher-600.png\",\"width\":600,\"height\":100,\"caption\":\"Dorogi-medence Region\u00e1lis H\u00edrport\u00e1l\"},\"image\":{\"@id\":\"https:\\\/\\\/dorogimedence.hu\\\/#\\\/schema\\\/logo\\\/image\\\/\"},\"sameAs\":[\"https:\\\/\\\/www.facebook.com\\\/dorogimedence\\\/\"]},{\"@type\":\"Person\",\"@id\":\"https:\\\/\\\/dorogimedence.hu\\\/#\\\/schema\\\/person\\\/ce6091eeb7e95ecdc87890d6aa8e0fd4\",\"name\":\"dorogimedence.hu\",\"image\":{\"@type\":\"ImageObject\",\"inLanguage\":\"hu\",\"@id\":\"\\\/\\\/www.gravatar.com\\\/avatar\\\/d8d45f8901aadff40a4af72c0b826f1d?s=96&#038;r=g&#038;d=mm\",\"url\":\"\\\/\\\/www.gravatar.com\\\/avatar\\\/d8d45f8901aadff40a4af72c0b826f1d?s=96&#038;r=g&#038;d=mm\",\"contentUrl\":\"\\\/\\\/www.gravatar.com\\\/avatar\\\/d8d45f8901aadff40a4af72c0b826f1d?s=96&#038;r=g&#038;d=mm\",\"caption\":\"dorogimedence.hu\"}}]}<\/script>\n<!-- \/ Yoast SEO plugin. -->","yoast_head_json":{"title":"\u00c9letment\u0151 Cserk\u00e9szkit\u00fcntet\u00e9st kapott h\u00e1rom esztergomi fiatal","robots":{"index":"index","follow":"follow","max-snippet":"max-snippet:-1","max-image-preview":"max-image-preview:large","max-video-preview":"max-video-preview:-1"},"canonical":"https:\/\/dorogimedence.hu\/index.php\/2021\/12\/09\/eletmento-cserkeszkituntetest-kapott-harom-esztergomi-fiatal\/","og_locale":"hu_HU","og_type":"article","og_title":"\u00c9letment\u0151 Cserk\u00e9szkit\u00fcntet\u00e9st kapott h\u00e1rom esztergomi fiatal","og_description":"A Magyar Cserk\u00e9szsz\u00f6vets\u00e9g a h\u00e9tv\u00e9gi k\u00f6zgy\u0171l\u00e9s\u00e9n 3 esztergomi cserk\u00e9sznek \u201eJ\u00f3 munk\u00e1\u00e9rt!\u201d \u00c9letment\u0151 Cserk\u00e9szkit\u00fcntet\u00e9st adom\u00e1nyozott. A 14.sz. Holl\u00f3 Cserk\u00e9szcsapat a k\u00f6z\u00f6ss\u00e9gi oldal\u00e1n arr\u00f3l sz\u00e1molt be, hogy j\u00falius 26-\u00e1n csapatuk tagjai vitorl\u00e1s cs\u00f3nak korm\u00e1nyos k\u00e9pz\u00e9s z\u00e1r\u00f3t\u00far\u00e1j\u00e1n, a Magyar Honv\u00e9ds\u00e9g balatonkenesei kempingj\u00e9nek st\u00e9gj\u00e9n tev\u00e9kenykedtek. T\u0151l\u00fck 20-30 m\u00e9terre a v\u00edzben egy p\u00e1r strandeszk\u00f6zzel \u2013 egy felf\u00fajhat\u00f3 tekn\u0151sb\u00e9k\u00e1val \u2013 birk\u00f3zott.","og_url":"https:\/\/dorogimedence.hu\/index.php\/2021\/12\/09\/eletmento-cserkeszkituntetest-kapott-harom-esztergomi-fiatal\/","og_site_name":"Dorogi-medence Region\u00e1lis H\u00edrport\u00e1l","article_publisher":"https:\/\/www.facebook.com\/dorogimedence\/","article_published_time":"2021-12-09T09:41:10+00:00","article_modified_time":"2021-12-09T09:41:19+00:00","og_image":[{"width":1397,"height":828,"url":"https:\/\/i0.wp.com\/dorogimedence.hu\/wp-content\/uploads\/2021\/12\/cserkeszek.jpg?fit=1397%2C828&ssl=1","type":"image\/jpeg"}],"author":"dorogimedence.hu","twitter_card":"summary_large_image","twitter_misc":{"Szerz\u0151:":"dorogimedence.hu","Becs\u00fclt olvas\u00e1si id\u0151":"1 perc"},"schema":{"@context":"https:\/\/schema.org","@graph":[{"@type":"Article","@id":"https:\/\/dorogimedence.hu\/index.php\/2021\/12\/09\/eletmento-cserkeszkituntetest-kapott-harom-esztergomi-fiatal\/#article","isPartOf":{"@id":"https:\/\/dorogimedence.hu\/index.php\/2021\/12\/09\/eletmento-cserkeszkituntetest-kapott-harom-esztergomi-fiatal\/"},"author":{"name":"dorogimedence.hu","@id":"https:\/\/dorogimedence.hu\/#\/schema\/person\/ce6091eeb7e95ecdc87890d6aa8e0fd4"},"headline":"\u00c9letment\u0151 Cserk\u00e9szkit\u00fcntet\u00e9st kapott h\u00e1rom esztergomi fiatal","datePublished":"2021-12-09T09:41:10+00:00","dateModified":"2021-12-09T09:41:19+00:00","mainEntityOfPage":{"@id":"https:\/\/dorogimedence.hu\/index.php\/2021\/12\/09\/eletmento-cserkeszkituntetest-kapott-harom-esztergomi-fiatal\/"},"wordCount":244,"publisher":{"@id":"https:\/\/dorogimedence.hu\/#organization"},"image":{"@id":"https:\/\/dorogimedence.hu\/index.php\/2021\/12\/09\/eletmento-cserkeszkituntetest-kapott-harom-esztergomi-fiatal\/#primaryimage"},"thumbnailUrl":"https:\/\/dorogimedence.hu\/wp-content\/uploads\/2021\/12\/cserkeszek.jpg","keywords":["cserk\u00e9szek","esztergom"],"articleSection":["Esztergom","H\u00edrek"],"inLanguage":"hu"},{"@type":"WebPage","@id":"https:\/\/dorogimedence.hu\/index.php\/2021\/12\/09\/eletmento-cserkeszkituntetest-kapott-harom-esztergomi-fiatal\/","url":"https:\/\/dorogimedence.hu\/index.php\/2021\/12\/09\/eletmento-cserkeszkituntetest-kapott-harom-esztergomi-fiatal\/","name":"\u00c9letment\u0151 Cserk\u00e9szkit\u00fcntet\u00e9st kapott h\u00e1rom esztergomi fiatal","isPartOf":{"@id":"https:\/\/dorogimedence.hu\/#website"},"primaryImageOfPage":{"@id":"https:\/\/dorogimedence.hu\/index.php\/2021\/12\/09\/eletmento-cserkeszkituntetest-kapott-harom-esztergomi-fiatal\/#primaryimage"},"image":{"@id":"https:\/\/dorogimedence.hu\/index.php\/2021\/12\/09\/eletmento-cserkeszkituntetest-kapott-harom-esztergomi-fiatal\/#primaryimage"},"thumbnailUrl":"https:\/\/dorogimedence.hu\/wp-content\/uploads\/2021\/12\/cserkeszek.jpg","datePublished":"2021-12-09T09:41:10+00:00","dateModified":"2021-12-09T09:41:19+00:00","breadcrumb":{"@id":"https:\/\/dorogimedence.hu\/index.php\/2021\/12\/09\/eletmento-cserkeszkituntetest-kapott-harom-esztergomi-fiatal\/#breadcrumb"},"inLanguage":"hu","potentialAction":[{"@type":"ReadAction","target":["https:\/\/dorogimedence.hu\/index.php\/2021\/12\/09\/eletmento-cserkeszkituntetest-kapott-harom-esztergomi-fiatal\/"]}]},{"@type":"ImageObject","inLanguage":"hu","@id":"https:\/\/dorogimedence.hu\/index.php\/2021\/12\/09\/eletmento-cserkeszkituntetest-kapott-harom-esztergomi-fiatal\/#primaryimage","url":"https:\/\/dorogimedence.hu\/wp-content\/uploads\/2021\/12\/cserkeszek.jpg","contentUrl":"https:\/\/dorogimedence.hu\/wp-content\/uploads\/2021\/12\/cserkeszek.jpg","width":1397,"height":828},{"@type":"BreadcrumbList","@id":"https:\/\/dorogimedence.hu\/index.php\/2021\/12\/09\/eletmento-cserkeszkituntetest-kapott-harom-esztergomi-fiatal\/#breadcrumb","itemListElement":[{"@type":"ListItem","position":1,"name":"Kezd\u0151lap","item":"https:\/\/dorogimedence.hu\/"},{"@type":"ListItem","position":2,"name":"\u00c9letment\u0151 Cserk\u00e9szkit\u00fcntet\u00e9st kapott h\u00e1rom esztergomi fiatal"}]},{"@type":"WebSite","@id":"https:\/\/dorogimedence.hu\/#website","url":"https:\/\/dorogimedence.hu\/","name":"Dorogi-medence Region\u00e1lis H\u00edrport\u00e1l","description":"Dorog, Keszt\u00f6lc, Le\u00e1nyv\u00e1r, Piliscs\u00e9v, Tokod, Tokodalt\u00e1r\u00f3, Csolnok, Esztergom-kertv\u00e1ros: h\u00edrek, programok","publisher":{"@id":"https:\/\/dorogimedence.hu\/#organization"},"potentialAction":[{"@type":"SearchAction","target":{"@type":"EntryPoint","urlTemplate":"https:\/\/dorogimedence.hu\/?s={search_term_string}"},"query-input":{"@type":"PropertyValueSpecification","valueRequired":true,"valueName":"search_term_string"}}],"inLanguage":"hu"},{"@type":"Organization","@id":"https:\/\/dorogimedence.hu\/#organization","name":"Dorogi-medence Region\u00e1lis H\u00edrport\u00e1l","url":"https:\/\/dorogimedence.hu\/","logo":{"@type":"ImageObject","inLanguage":"hu","@id":"https:\/\/dorogimedence.hu\/#\/schema\/logo\/image\/","url":"https:\/\/dorogimedence.hu\/wp-content\/uploads\/2021\/04\/logo-feher-600.png","contentUrl":"https:\/\/dorogimedence.hu\/wp-content\/uploads\/2021\/04\/logo-feher-600.png","width":600,"height":100,"caption":"Dorogi-medence Region\u00e1lis H\u00edrport\u00e1l"},"image":{"@id":"https:\/\/dorogimedence.hu\/#\/schema\/logo\/image\/"},"sameAs":["https:\/\/www.facebook.com\/dorogimedence\/"]},{"@type":"Person","@id":"https:\/\/dorogimedence.hu\/#\/schema\/person\/ce6091eeb7e95ecdc87890d6aa8e0fd4","name":"dorogimedence.hu","image":{"@type":"ImageObject","inLanguage":"hu","@id":"\/\/www.gravatar.com\/avatar\/d8d45f8901aadff40a4af72c0b826f1d?s=96&#038;r=g&#038;d=mm","url":"\/\/www.gravatar.com\/avatar\/d8d45f8901aadff40a4af72c0b826f1d?s=96&#038;r=g&#038;d=mm","contentUrl":"\/\/www.gravatar.com\/avatar\/d8d45f8901aadff40a4af72c0b826f1d?s=96&#038;r=g&#038;d=mm","caption":"dorogimedence.hu"}}]}},"_links":{"self":[{"href":"https:\/\/dorogimedence.hu\/index.php\/wp-json\/wp\/v2\/posts\/39184","targetHints":{"allow":["GET"]}}],"collection":[{"href":"https:\/\/dorogimedence.hu\/index.php\/wp-json\/wp\/v2\/posts"}],"about":[{"href":"https:\/\/dorogimedence.hu\/index.php\/wp-json\/wp\/v2\/types\/post"}],"author":[{"embeddable":true,"href":"https:\/\/dorogimedence.hu\/index.php\/wp-json\/wp\/v2\/users\/1"}],"replies":[{"embeddable":true,"href":"https:\/\/dorogimedence.hu\/index.php\/wp-json\/wp\/v2\/comments?post=39184"}],"version-history":[{"count":0,"href":"https:\/\/dorogimedence.hu\/index.php\/wp-json\/wp\/v2\/posts\/39184\/revisions"}],"wp:featuredmedia":[{"embeddable":true,"href":"https:\/\/dorogimedence.hu\/index.php\/wp-json\/wp\/v2\/media\/39185"}],"wp:attachment":[{"href":"https:\/\/dorogimedence.hu\/index.php\/wp-json\/wp\/v2\/media?parent=39184"}],"wp:term":[{"taxonomy":"category","embeddable":true,"href":"https:\/\/dorogimedence.hu\/index.php\/wp-json\/wp\/v2\/categories?post=39184"},{"taxonomy":"post_tag","embeddable":true,"href":"https:\/\/dorogimedence.hu\/index.php\/wp-json\/wp\/v2\/tags?post=39184"}],"curies":[{"name":"wp","href":"https:\/\/api.w.org\/{rel}","templated":true}]}}