{"id":39148,"date":"2021-12-08T16:00:55","date_gmt":"2021-12-08T15:00:55","guid":{"rendered":"https:\/\/dorogimedence.hu\/?p=39148"},"modified":"2021-12-08T16:01:02","modified_gmt":"2021-12-08T15:01:02","slug":"bovul-a-pilisi-parkerdo-aktiv-turisztikai-kinalata","status":"publish","type":"post","link":"https:\/\/dorogimedence.hu\/index.php\/2021\/12\/08\/bovul-a-pilisi-parkerdo-aktiv-turisztikai-kinalata\/","title":{"rendered":"B\u0151v\u00fcl a Pilisi Parkerd\u0151 akt\u00edv turisztikai k\u00edn\u00e1lata"},"content":{"rendered":"<div class=\"item_introtext\">\n<p><strong>Az orsz\u00e1g legl\u00e1togatottabb erd\u0151s ter\u00fcleteit kezel\u0151 Pilisi Parkerd\u0151 tov\u00e1bbi jelent\u0151s, az akt\u00edv kikapcsol\u00f3d\u00e1st seg\u00edt\u0151 fejleszt\u00e9seket val\u00f3s\u00edt meg a k\u00f6vetkez\u0151 id\u0151szakban. Javul az erdei ker\u00e9kp\u00e1ros-infrastrukt\u00fara, \u00faj elemekkel b\u0151v\u00fcl a Nagyvill\u00e1m-s\u00edp\u00e1lya \u00e9s tov\u00e1bbi parkol\u00f3helyek l\u00e9tes\u00fclnek a n\u00e9pszer\u0171 kir\u00e1ndul\u00f3helyek megl\u00e9v\u0151, \u00e1m jelenleg t\u00falzs\u00fafolt parkol\u00f3iban.<\/strong><\/p>\n<\/div>\n<div class=\"item_fulltext\">\n<p>A Pilisi Parkerd\u0151 \u00e1ltal kezelt erd\u0151kben \u00e9vente t\u00f6bb mint 30 milli\u00f3 l\u00e1togat\u00f3 fordul meg, ez\u00e9rt az erd\u00e9szet az elm\u00falt id\u0151szakban sz\u00e1mos sikeres \u00e9s n\u00e9pszer\u0171 beruh\u00e1z\u00e1st val\u00f3s\u00edtott meg a turisztikai infrastrukt\u00fara-fejleszt\u00e9s ter\u00e9n. A folyamat keret\u00e9ben meg\u00fajult t\u00f6bbek k\u00f6z\u00f6tt a Pr\u00e9dik\u00e1l\u00f3sz\u00e9ki-kil\u00e1t\u00f3, a Fekete-hegyi kulcsosh\u00e1z, illetve a Hidegv\u00f6lgyi n\u00e9gy \u00e9vszakos pihen\u0151hely, az Anna-laki vad\u00e1szh\u00e1z pedig karbonsemleges sz\u00e1ll\u00e1shelly\u00e9 v\u00e1lt. Ezen fel\u00fcl az erd\u0151gazdas\u00e1g m\u00e9g 2018-ban kezdte meg a term\u00e9szetj\u00e1r\u00f3 civil szervezetekkel, valamint a Magyar Term\u00e9szetj\u00e1r\u00f3 Sz\u00f6vets\u00e9ggel egyeztetve a teljes turisztikai infrastrukt\u00far\u00e1j\u00e1nak meg\u00faj\u00edt\u00e1s\u00e1t.<\/p>\n<p>A rekonstrukci\u00f3s munk\u00e1k a k\u00f6vetkez\u0151 \u00e9vben sem \u00e1llnak meg, \u00edgy az Akt\u00edv- \u00e9s \u00d6koturisztikai Fejleszt\u00e9si K\u00f6zpont (A\u00d6FK) k\u00f6zrem\u0171k\u00f6d\u00e9s\u00e9nek \u00e9s t\u00e1mogat\u00e1s\u00e1nak k\u00f6sz\u00f6nhet\u0151en tov\u00e1bbi turisztikai szolg\u00e1ltat\u00e1ssal, illetve infrastrukt\u00fara-fejleszt\u00e9ssel b\u0151v\u00fcl a Pilis \u00e9s a Visegr\u00e1di-hegys\u00e9g akt\u00edv turisztikai k\u00edn\u00e1lata.<\/p>\n<p>Az \u00f6sszesen 62,6 km hossz\u00fa ker\u00e9kp\u00e1roz\u00e1sra alkalmas erdei \u00fat fel\u00faj\u00edt\u00e1s\u00e1ra m\u00e1r elk\u00e9sz\u00fcltek az egyes\u00edtett enged\u00e9lyez\u00e9si \u00e9s kiviteli tervek, melynek r\u00e9sze az \u00e9rintett m\u0171t\u00e1rgyak \u2013 p\u00e9ld\u00e1ul az \u00e1tereszek, a t\u00e1mfalak, a korl\u00e1tok \u2013 fel\u00faj\u00edt\u00e1sa is. Az \u00fatcsatlakoz\u00e1sokn\u00e1l s\u00e1rr\u00e1z\u00f3kat alak\u00edtanak ki, \u00e9s a kapcsol\u00f3d\u00f3 soromp\u00f3kat ker\u00e9kp\u00e1ros-bar\u00e1t megold\u00e1sra cser\u00e9lik. Ugyancsak a ker\u00e9kp\u00e1ros fejleszt\u00e9s r\u00e9sze a \u201eKop\u00e1rok\u201d-on (Zajn\u00e1t-hegyen) megval\u00f3sul\u00f3, t\u00f6bb mint 7 kilom\u00e9teres, single trail, vagyis egynyomos mountain bike p\u00e1lya is, amelynek kiviteli tervei is rendelkez\u00e9sre \u00e1llnak. A tervez\u00e9s legfontosabb k\u00f6vetelm\u00e9nyei k\u00f6z\u00e9 tartozott a term\u00e9szeti szempontb\u00f3l v\u00e9dett ter\u00fcletek \u00e9rdekeinek szem el\u0151tt tart\u00e1sa, \u00edgy ennek megfelel\u0151en jel\u00f6lt\u00e9k ki a biciklis nyomvonalat, illetve \u00e9p\u00edtenek meg sz\u00e1mos r\u00e1mp\u00e1t \u00e9s ugrat\u00f3t. A helysz\u00ednt \u00e9s az \u00fatvonalat \u00fagy alak\u00edtott\u00e1k ki, hogy professzion\u00e1lis, a sport\u00e1gi k\u00f6vetelm\u00e9nyeknek teljes m\u00e9rt\u00e9kben megfelel\u0151 edz\u00e9si, felk\u00e9sz\u00fcl\u00e9si \u00e9s versenyz\u00e9si lehet\u0151s\u00e9get biztos\u00edtson a sportol\u00f3knak az erdei gyalogos, lovas, valamint hobbiker\u00e9kp\u00e1ros forgalomt\u00f3l mentesen. A kivitelez\u0151 kiv\u00e1laszt\u00e1s\u00e1t c\u00e9lz\u00f3 k\u00f6zbeszerz\u00e9si elj\u00e1r\u00e1st v\u00e1rhat\u00f3an m\u00e9g az id\u00e9n kihirdetik.<\/p>\n<p>Annak ellen\u00e9re, hogy a kir\u00e1ndul\u00e1sokhoz egyre t\u00f6bben v\u00e1lasztj\u00e1k a ker\u00e9kp\u00e1rt \u00e9s a k\u00f6z\u00f6ss\u00e9gi k\u00f6zleked\u00e9st, a n\u00e9pszer\u0171 kir\u00e1ndul\u00f3helyeken tov\u00e1bbra is jelent\u0151s az aut\u00f3forgalom. A megl\u00e9v\u0151 9 parkol\u00e1si helysz\u00ednen olyan fejleszt\u00e9sek val\u00f3sulnak meg, amelyek \u00e9sszer\u0171bb elrendez\u00e9ssel, forgalomszab\u00e1lyoz\u00e1ssal n\u00f6velik a helyek sz\u00e1m\u00e1t nem csak az aut\u00f3val, hanem az aut\u00f3busszal \u00e9rkez\u0151k sz\u00e1m\u00e1ra is. Emellett javul a parkol\u00f3k infrastrukt\u00far\u00e1ja is, ugyanis a fel\u00faj\u00edt\u00e1s eredm\u00e9nyek\u00e9nt jobb \u00fatburkolat, sz\u00fcks\u00e9g eset\u00e9n pedig megfelel\u0151 v\u00edzelvezet\u00e9s \u00e9s k\u00f6zvil\u00e1g\u00edt\u00e1s is ker\u00fcl a helysz\u00ednekre.<\/p>\n<p>A Visegr\u00e1d melletti Nagyvill\u00e1m-s\u00edp\u00e1lya is fejl\u0151dik, ugyanis elk\u00e9sz\u00fcltek a t\u00f6bb mint 300 n\u00e9gyzetm\u00e9ter alapter\u00fclet\u0171, t\u00e1jba illeszked\u0151, magas sz\u00ednvonal\u00fa, n\u00e9gy\u00e9vszakos fogad\u00f3\u00e9p\u00fclet kiviteli tervei. J\u00f3 h\u00edr a s\u00edel\u0151knek, hogy a p\u00e1lya k\u00e9t \u00faj, h\u00faz\u00f3karos felvon\u00f3t is kap majd, amelyek a k\u00e9t leghosszabb felvon\u00f3t v\u00e1ltj\u00e1k majd fel. Tov\u00e1bb\u00e1 el\u0151k\u00e9sz\u00edt\u00e9s alatt \u00e1llnak a h\u00f3ell\u00e1t\u00e1s biztons\u00e1g\u00e1t n\u00f6vel\u0151 egy\u00e9b fejleszt\u00e9sek is.<\/p>\n<p>A projektek tervez\u00e9si \u00e9s fejleszt\u00e9si szakasza legk\u00e9s\u0151bb 2022. \u00e1prilis 30-\u00e1n \u00e9r v\u00e9get, a kivitelez\u00e9sek v\u00e1rhat\u00f3an 2022. \u00e9v v\u00e9g\u00e9ig megval\u00f3sulnak, a beruh\u00e1z\u00e1sok \u00f6ssz\u00e9rt\u00e9ke pedig meghaladja a 3 milli\u00e1rd forintot.<\/p>\n<div class=\"td-post-content\">\n<p>A s\u00edp\u00e1lya, valamint az erdei infrastrukt\u00fara-fejleszt\u00e9s csak az egyik eleme a Pilisi Parkerd\u0151 \u00e1ltal tervezett, a Mogyor\u00f3-hegyen \u00e9s k\u00f6rny\u00e9k\u00e9n l\u00e9trej\u00f6v\u0151 \u201eFelleg-Park\u201d-nak. Ugyanis a beruh\u00e1z\u00e1s r\u00e9sze egy tematikus j\u00e1tsz\u00f3teret \u00e9s egy vadbemutat\u00f3-kertet is tartalmaz\u00f3, a Mogyor\u00f3hegyi \u00d6koturisztikai K\u00f6zpont is. Ennek a tervei szint\u00e9n elk\u00e9sz\u00fcltek m\u00e1r, a kivitelez\u00e9s v\u00e1rhat\u00f3an 2022 tavasz\u00e1n kezd\u0151dik meg.<\/p>\n<p><em>Fot\u00f3, forr\u00e1s: Pilisi Parkerd\u0151 Zrt.<\/em><br \/>\n<em>Bor\u00edt\u00f3k\u00e9p:&nbsp;N\u00e9gy\u00e9vszakos fogad\u00f3\u00e9p\u00fclet a Nagy-Vill\u00e1mon &#8211; l\u00e1tv\u00e1nyterv (Pilisi Parkerd\u0151 Zrt.)<\/em><\/p>\n<\/div>\n<\/div>\n","protected":false},"excerpt":{"rendered":"<p>Az orsz\u00e1g legl\u00e1togatottabb erd\u0151s ter\u00fcleteit kezel\u0151 Pilisi Parkerd\u0151 tov\u00e1bbi jelent\u0151s, az akt\u00edv kikapcsol\u00f3d\u00e1st seg\u00edt\u0151 fejleszt\u00e9seket val\u00f3s\u00edt meg a k\u00f6vetkez\u0151 id\u0151szakban. Javul az erdei ker\u00e9kp\u00e1ros-infrastrukt\u00fara, \u00faj elemekkel b\u0151v\u00fcl a Nagyvill\u00e1m-s\u00edp\u00e1lya \u00e9s tov\u00e1bbi parkol\u00f3helyek l\u00e9tes\u00fclnek a n\u00e9pszer\u0171 kir\u00e1ndul\u00f3helyek megl\u00e9v\u0151, \u00e1m jelenleg t\u00falzs\u00fafolt parkol\u00f3iban. A Pilisi Parkerd\u0151 \u00e1ltal kezelt erd\u0151kben \u00e9vente t\u00f6bb mint 30 milli\u00f3 l\u00e1togat\u00f3 fordul meg,<\/p>\n","protected":false},"author":1,"featured_media":39149,"comment_status":"closed","ping_status":"closed","sticky":false,"template":"","format":"standard","meta":{"ngg_post_thumbnail":0,"footnotes":""},"categories":[3],"tags":[122,1426],"class_list":{"0":"post-39148","1":"post","2":"type-post","3":"status-publish","4":"format-standard","5":"has-post-thumbnail","7":"category-hirek","8":"tag-pilisi-parkerdo","9":"tag-visegrad"},"yoast_head":"<!-- This site is optimized with the Yoast SEO plugin v27.5 - https:\/\/yoast.com\/product\/yoast-seo-wordpress\/ -->\n<title>B\u0151v\u00fcl a Pilisi Parkerd\u0151 akt\u00edv turisztikai k\u00edn\u00e1lata<\/title>\n<meta name=\"robots\" content=\"index, follow, max-snippet:-1, max-image-preview:large, max-video-preview:-1\" \/>\n<link rel=\"canonical\" href=\"https:\/\/dorogimedence.hu\/index.php\/2021\/12\/08\/bovul-a-pilisi-parkerdo-aktiv-turisztikai-kinalata\/\" class=\"yoast-seo-meta-tag\" \/>\n<meta property=\"og:locale\" content=\"hu_HU\" class=\"yoast-seo-meta-tag\" \/>\n<meta property=\"og:type\" content=\"article\" class=\"yoast-seo-meta-tag\" \/>\n<meta property=\"og:title\" content=\"B\u0151v\u00fcl a Pilisi Parkerd\u0151 akt\u00edv turisztikai k\u00edn\u00e1lata\" class=\"yoast-seo-meta-tag\" \/>\n<meta property=\"og:description\" content=\"Az orsz\u00e1g legl\u00e1togatottabb erd\u0151s ter\u00fcleteit kezel\u0151 Pilisi Parkerd\u0151 tov\u00e1bbi jelent\u0151s, az akt\u00edv kikapcsol\u00f3d\u00e1st seg\u00edt\u0151 fejleszt\u00e9seket val\u00f3s\u00edt meg a k\u00f6vetkez\u0151 id\u0151szakban. Javul az erdei ker\u00e9kp\u00e1ros-infrastrukt\u00fara, \u00faj elemekkel b\u0151v\u00fcl a Nagyvill\u00e1m-s\u00edp\u00e1lya \u00e9s tov\u00e1bbi parkol\u00f3helyek l\u00e9tes\u00fclnek a n\u00e9pszer\u0171 kir\u00e1ndul\u00f3helyek megl\u00e9v\u0151, \u00e1m jelenleg t\u00falzs\u00fafolt parkol\u00f3iban. A Pilisi Parkerd\u0151 \u00e1ltal kezelt erd\u0151kben \u00e9vente t\u00f6bb mint 30 milli\u00f3 l\u00e1togat\u00f3 fordul meg,\" class=\"yoast-seo-meta-tag\" \/>\n<meta property=\"og:url\" content=\"https:\/\/dorogimedence.hu\/index.php\/2021\/12\/08\/bovul-a-pilisi-parkerdo-aktiv-turisztikai-kinalata\/\" class=\"yoast-seo-meta-tag\" \/>\n<meta property=\"og:site_name\" content=\"Dorogi-medence Region\u00e1lis H\u00edrport\u00e1l\" class=\"yoast-seo-meta-tag\" \/>\n<meta property=\"article:publisher\" content=\"https:\/\/www.facebook.com\/dorogimedence\/\" class=\"yoast-seo-meta-tag\" \/>\n<meta property=\"article:published_time\" content=\"2021-12-08T15:00:55+00:00\" class=\"yoast-seo-meta-tag\" \/>\n<meta property=\"article:modified_time\" content=\"2021-12-08T15:01:02+00:00\" class=\"yoast-seo-meta-tag\" \/>\n<meta property=\"og:image\" content=\"https:\/\/i0.wp.com\/dorogimedence.hu\/wp-content\/uploads\/2021\/12\/Nagyvillam_negyevszakos_fogadoepulet_latvanyterve.jpg?fit=1920%2C1080&ssl=1\" class=\"yoast-seo-meta-tag\" \/>\n\t<meta property=\"og:image:width\" content=\"1920\" class=\"yoast-seo-meta-tag\" \/>\n\t<meta property=\"og:image:height\" content=\"1080\" class=\"yoast-seo-meta-tag\" \/>\n\t<meta property=\"og:image:type\" content=\"image\/jpeg\" class=\"yoast-seo-meta-tag\" \/>\n<meta name=\"author\" content=\"dorogimedence.hu\" class=\"yoast-seo-meta-tag\" \/>\n<meta name=\"twitter:card\" content=\"summary_large_image\" class=\"yoast-seo-meta-tag\" \/>\n<meta name=\"twitter:label1\" content=\"Szerz\u0151:\" class=\"yoast-seo-meta-tag\" \/>\n\t<meta name=\"twitter:data1\" content=\"dorogimedence.hu\" class=\"yoast-seo-meta-tag\" \/>\n\t<meta name=\"twitter:label2\" content=\"Becs\u00fclt olvas\u00e1si id\u0151\" class=\"yoast-seo-meta-tag\" \/>\n\t<meta name=\"twitter:data2\" content=\"4 perc\" class=\"yoast-seo-meta-tag\" \/>\n<script type=\"application\/ld+json\" class=\"yoast-schema-graph\">{\"@context\":\"https:\\\/\\\/schema.org\",\"@graph\":[{\"@type\":\"Article\",\"@id\":\"https:\\\/\\\/dorogimedence.hu\\\/index.php\\\/2021\\\/12\\\/08\\\/bovul-a-pilisi-parkerdo-aktiv-turisztikai-kinalata\\\/#article\",\"isPartOf\":{\"@id\":\"https:\\\/\\\/dorogimedence.hu\\\/index.php\\\/2021\\\/12\\\/08\\\/bovul-a-pilisi-parkerdo-aktiv-turisztikai-kinalata\\\/\"},\"author\":{\"name\":\"dorogimedence.hu\",\"@id\":\"https:\\\/\\\/dorogimedence.hu\\\/#\\\/schema\\\/person\\\/ce6091eeb7e95ecdc87890d6aa8e0fd4\"},\"headline\":\"B\u0151v\u00fcl a Pilisi Parkerd\u0151 akt\u00edv turisztikai k\u00edn\u00e1lata\",\"datePublished\":\"2021-12-08T15:00:55+00:00\",\"dateModified\":\"2021-12-08T15:01:02+00:00\",\"mainEntityOfPage\":{\"@id\":\"https:\\\/\\\/dorogimedence.hu\\\/index.php\\\/2021\\\/12\\\/08\\\/bovul-a-pilisi-parkerdo-aktiv-turisztikai-kinalata\\\/\"},\"wordCount\":891,\"publisher\":{\"@id\":\"https:\\\/\\\/dorogimedence.hu\\\/#organization\"},\"image\":{\"@id\":\"https:\\\/\\\/dorogimedence.hu\\\/index.php\\\/2021\\\/12\\\/08\\\/bovul-a-pilisi-parkerdo-aktiv-turisztikai-kinalata\\\/#primaryimage\"},\"thumbnailUrl\":\"https:\\\/\\\/dorogimedence.hu\\\/wp-content\\\/uploads\\\/2021\\\/12\\\/Nagyvillam_negyevszakos_fogadoepulet_latvanyterve.jpg\",\"keywords\":[\"Pilisi Parkerd\u0151\",\"Visegr\u00e1d\"],\"articleSection\":[\"H\u00edrek\"],\"inLanguage\":\"hu\"},{\"@type\":\"WebPage\",\"@id\":\"https:\\\/\\\/dorogimedence.hu\\\/index.php\\\/2021\\\/12\\\/08\\\/bovul-a-pilisi-parkerdo-aktiv-turisztikai-kinalata\\\/\",\"url\":\"https:\\\/\\\/dorogimedence.hu\\\/index.php\\\/2021\\\/12\\\/08\\\/bovul-a-pilisi-parkerdo-aktiv-turisztikai-kinalata\\\/\",\"name\":\"B\u0151v\u00fcl a Pilisi Parkerd\u0151 akt\u00edv turisztikai k\u00edn\u00e1lata\",\"isPartOf\":{\"@id\":\"https:\\\/\\\/dorogimedence.hu\\\/#website\"},\"primaryImageOfPage\":{\"@id\":\"https:\\\/\\\/dorogimedence.hu\\\/index.php\\\/2021\\\/12\\\/08\\\/bovul-a-pilisi-parkerdo-aktiv-turisztikai-kinalata\\\/#primaryimage\"},\"image\":{\"@id\":\"https:\\\/\\\/dorogimedence.hu\\\/index.php\\\/2021\\\/12\\\/08\\\/bovul-a-pilisi-parkerdo-aktiv-turisztikai-kinalata\\\/#primaryimage\"},\"thumbnailUrl\":\"https:\\\/\\\/dorogimedence.hu\\\/wp-content\\\/uploads\\\/2021\\\/12\\\/Nagyvillam_negyevszakos_fogadoepulet_latvanyterve.jpg\",\"datePublished\":\"2021-12-08T15:00:55+00:00\",\"dateModified\":\"2021-12-08T15:01:02+00:00\",\"breadcrumb\":{\"@id\":\"https:\\\/\\\/dorogimedence.hu\\\/index.php\\\/2021\\\/12\\\/08\\\/bovul-a-pilisi-parkerdo-aktiv-turisztikai-kinalata\\\/#breadcrumb\"},\"inLanguage\":\"hu\",\"potentialAction\":[{\"@type\":\"ReadAction\",\"target\":[\"https:\\\/\\\/dorogimedence.hu\\\/index.php\\\/2021\\\/12\\\/08\\\/bovul-a-pilisi-parkerdo-aktiv-turisztikai-kinalata\\\/\"]}]},{\"@type\":\"ImageObject\",\"inLanguage\":\"hu\",\"@id\":\"https:\\\/\\\/dorogimedence.hu\\\/index.php\\\/2021\\\/12\\\/08\\\/bovul-a-pilisi-parkerdo-aktiv-turisztikai-kinalata\\\/#primaryimage\",\"url\":\"https:\\\/\\\/dorogimedence.hu\\\/wp-content\\\/uploads\\\/2021\\\/12\\\/Nagyvillam_negyevszakos_fogadoepulet_latvanyterve.jpg\",\"contentUrl\":\"https:\\\/\\\/dorogimedence.hu\\\/wp-content\\\/uploads\\\/2021\\\/12\\\/Nagyvillam_negyevszakos_fogadoepulet_latvanyterve.jpg\",\"width\":1920,\"height\":1080},{\"@type\":\"BreadcrumbList\",\"@id\":\"https:\\\/\\\/dorogimedence.hu\\\/index.php\\\/2021\\\/12\\\/08\\\/bovul-a-pilisi-parkerdo-aktiv-turisztikai-kinalata\\\/#breadcrumb\",\"itemListElement\":[{\"@type\":\"ListItem\",\"position\":1,\"name\":\"Kezd\u0151lap\",\"item\":\"https:\\\/\\\/dorogimedence.hu\\\/\"},{\"@type\":\"ListItem\",\"position\":2,\"name\":\"B\u0151v\u00fcl a Pilisi Parkerd\u0151 akt\u00edv turisztikai k\u00edn\u00e1lata\"}]},{\"@type\":\"WebSite\",\"@id\":\"https:\\\/\\\/dorogimedence.hu\\\/#website\",\"url\":\"https:\\\/\\\/dorogimedence.hu\\\/\",\"name\":\"Dorogi-medence Region\u00e1lis H\u00edrport\u00e1l\",\"description\":\"Dorog, Keszt\u00f6lc, Le\u00e1nyv\u00e1r, Piliscs\u00e9v, Tokod, Tokodalt\u00e1r\u00f3, Csolnok, Esztergom-kertv\u00e1ros: h\u00edrek, programok\",\"publisher\":{\"@id\":\"https:\\\/\\\/dorogimedence.hu\\\/#organization\"},\"potentialAction\":[{\"@type\":\"SearchAction\",\"target\":{\"@type\":\"EntryPoint\",\"urlTemplate\":\"https:\\\/\\\/dorogimedence.hu\\\/?s={search_term_string}\"},\"query-input\":{\"@type\":\"PropertyValueSpecification\",\"valueRequired\":true,\"valueName\":\"search_term_string\"}}],\"inLanguage\":\"hu\"},{\"@type\":\"Organization\",\"@id\":\"https:\\\/\\\/dorogimedence.hu\\\/#organization\",\"name\":\"Dorogi-medence Region\u00e1lis H\u00edrport\u00e1l\",\"url\":\"https:\\\/\\\/dorogimedence.hu\\\/\",\"logo\":{\"@type\":\"ImageObject\",\"inLanguage\":\"hu\",\"@id\":\"https:\\\/\\\/dorogimedence.hu\\\/#\\\/schema\\\/logo\\\/image\\\/\",\"url\":\"https:\\\/\\\/dorogimedence.hu\\\/wp-content\\\/uploads\\\/2021\\\/04\\\/logo-feher-600.png\",\"contentUrl\":\"https:\\\/\\\/dorogimedence.hu\\\/wp-content\\\/uploads\\\/2021\\\/04\\\/logo-feher-600.png\",\"width\":600,\"height\":100,\"caption\":\"Dorogi-medence Region\u00e1lis H\u00edrport\u00e1l\"},\"image\":{\"@id\":\"https:\\\/\\\/dorogimedence.hu\\\/#\\\/schema\\\/logo\\\/image\\\/\"},\"sameAs\":[\"https:\\\/\\\/www.facebook.com\\\/dorogimedence\\\/\"]},{\"@type\":\"Person\",\"@id\":\"https:\\\/\\\/dorogimedence.hu\\\/#\\\/schema\\\/person\\\/ce6091eeb7e95ecdc87890d6aa8e0fd4\",\"name\":\"dorogimedence.hu\",\"image\":{\"@type\":\"ImageObject\",\"inLanguage\":\"hu\",\"@id\":\"\\\/\\\/www.gravatar.com\\\/avatar\\\/d8d45f8901aadff40a4af72c0b826f1d?s=96&#038;r=g&#038;d=mm\",\"url\":\"\\\/\\\/www.gravatar.com\\\/avatar\\\/d8d45f8901aadff40a4af72c0b826f1d?s=96&#038;r=g&#038;d=mm\",\"contentUrl\":\"\\\/\\\/www.gravatar.com\\\/avatar\\\/d8d45f8901aadff40a4af72c0b826f1d?s=96&#038;r=g&#038;d=mm\",\"caption\":\"dorogimedence.hu\"}}]}<\/script>\n<!-- \/ Yoast SEO plugin. -->","yoast_head_json":{"title":"B\u0151v\u00fcl a Pilisi Parkerd\u0151 akt\u00edv turisztikai k\u00edn\u00e1lata","robots":{"index":"index","follow":"follow","max-snippet":"max-snippet:-1","max-image-preview":"max-image-preview:large","max-video-preview":"max-video-preview:-1"},"canonical":"https:\/\/dorogimedence.hu\/index.php\/2021\/12\/08\/bovul-a-pilisi-parkerdo-aktiv-turisztikai-kinalata\/","og_locale":"hu_HU","og_type":"article","og_title":"B\u0151v\u00fcl a Pilisi Parkerd\u0151 akt\u00edv turisztikai k\u00edn\u00e1lata","og_description":"Az orsz\u00e1g legl\u00e1togatottabb erd\u0151s ter\u00fcleteit kezel\u0151 Pilisi Parkerd\u0151 tov\u00e1bbi jelent\u0151s, az akt\u00edv kikapcsol\u00f3d\u00e1st seg\u00edt\u0151 fejleszt\u00e9seket val\u00f3s\u00edt meg a k\u00f6vetkez\u0151 id\u0151szakban. Javul az erdei ker\u00e9kp\u00e1ros-infrastrukt\u00fara, \u00faj elemekkel b\u0151v\u00fcl a Nagyvill\u00e1m-s\u00edp\u00e1lya \u00e9s tov\u00e1bbi parkol\u00f3helyek l\u00e9tes\u00fclnek a n\u00e9pszer\u0171 kir\u00e1ndul\u00f3helyek megl\u00e9v\u0151, \u00e1m jelenleg t\u00falzs\u00fafolt parkol\u00f3iban. A Pilisi Parkerd\u0151 \u00e1ltal kezelt erd\u0151kben \u00e9vente t\u00f6bb mint 30 milli\u00f3 l\u00e1togat\u00f3 fordul meg,","og_url":"https:\/\/dorogimedence.hu\/index.php\/2021\/12\/08\/bovul-a-pilisi-parkerdo-aktiv-turisztikai-kinalata\/","og_site_name":"Dorogi-medence Region\u00e1lis H\u00edrport\u00e1l","article_publisher":"https:\/\/www.facebook.com\/dorogimedence\/","article_published_time":"2021-12-08T15:00:55+00:00","article_modified_time":"2021-12-08T15:01:02+00:00","og_image":[{"width":1920,"height":1080,"url":"https:\/\/i0.wp.com\/dorogimedence.hu\/wp-content\/uploads\/2021\/12\/Nagyvillam_negyevszakos_fogadoepulet_latvanyterve.jpg?fit=1920%2C1080&ssl=1","type":"image\/jpeg"}],"author":"dorogimedence.hu","twitter_card":"summary_large_image","twitter_misc":{"Szerz\u0151:":"dorogimedence.hu","Becs\u00fclt olvas\u00e1si id\u0151":"4 perc"},"schema":{"@context":"https:\/\/schema.org","@graph":[{"@type":"Article","@id":"https:\/\/dorogimedence.hu\/index.php\/2021\/12\/08\/bovul-a-pilisi-parkerdo-aktiv-turisztikai-kinalata\/#article","isPartOf":{"@id":"https:\/\/dorogimedence.hu\/index.php\/2021\/12\/08\/bovul-a-pilisi-parkerdo-aktiv-turisztikai-kinalata\/"},"author":{"name":"dorogimedence.hu","@id":"https:\/\/dorogimedence.hu\/#\/schema\/person\/ce6091eeb7e95ecdc87890d6aa8e0fd4"},"headline":"B\u0151v\u00fcl a Pilisi Parkerd\u0151 akt\u00edv turisztikai k\u00edn\u00e1lata","datePublished":"2021-12-08T15:00:55+00:00","dateModified":"2021-12-08T15:01:02+00:00","mainEntityOfPage":{"@id":"https:\/\/dorogimedence.hu\/index.php\/2021\/12\/08\/bovul-a-pilisi-parkerdo-aktiv-turisztikai-kinalata\/"},"wordCount":891,"publisher":{"@id":"https:\/\/dorogimedence.hu\/#organization"},"image":{"@id":"https:\/\/dorogimedence.hu\/index.php\/2021\/12\/08\/bovul-a-pilisi-parkerdo-aktiv-turisztikai-kinalata\/#primaryimage"},"thumbnailUrl":"https:\/\/dorogimedence.hu\/wp-content\/uploads\/2021\/12\/Nagyvillam_negyevszakos_fogadoepulet_latvanyterve.jpg","keywords":["Pilisi Parkerd\u0151","Visegr\u00e1d"],"articleSection":["H\u00edrek"],"inLanguage":"hu"},{"@type":"WebPage","@id":"https:\/\/dorogimedence.hu\/index.php\/2021\/12\/08\/bovul-a-pilisi-parkerdo-aktiv-turisztikai-kinalata\/","url":"https:\/\/dorogimedence.hu\/index.php\/2021\/12\/08\/bovul-a-pilisi-parkerdo-aktiv-turisztikai-kinalata\/","name":"B\u0151v\u00fcl a Pilisi Parkerd\u0151 akt\u00edv turisztikai k\u00edn\u00e1lata","isPartOf":{"@id":"https:\/\/dorogimedence.hu\/#website"},"primaryImageOfPage":{"@id":"https:\/\/dorogimedence.hu\/index.php\/2021\/12\/08\/bovul-a-pilisi-parkerdo-aktiv-turisztikai-kinalata\/#primaryimage"},"image":{"@id":"https:\/\/dorogimedence.hu\/index.php\/2021\/12\/08\/bovul-a-pilisi-parkerdo-aktiv-turisztikai-kinalata\/#primaryimage"},"thumbnailUrl":"https:\/\/dorogimedence.hu\/wp-content\/uploads\/2021\/12\/Nagyvillam_negyevszakos_fogadoepulet_latvanyterve.jpg","datePublished":"2021-12-08T15:00:55+00:00","dateModified":"2021-12-08T15:01:02+00:00","breadcrumb":{"@id":"https:\/\/dorogimedence.hu\/index.php\/2021\/12\/08\/bovul-a-pilisi-parkerdo-aktiv-turisztikai-kinalata\/#breadcrumb"},"inLanguage":"hu","potentialAction":[{"@type":"ReadAction","target":["https:\/\/dorogimedence.hu\/index.php\/2021\/12\/08\/bovul-a-pilisi-parkerdo-aktiv-turisztikai-kinalata\/"]}]},{"@type":"ImageObject","inLanguage":"hu","@id":"https:\/\/dorogimedence.hu\/index.php\/2021\/12\/08\/bovul-a-pilisi-parkerdo-aktiv-turisztikai-kinalata\/#primaryimage","url":"https:\/\/dorogimedence.hu\/wp-content\/uploads\/2021\/12\/Nagyvillam_negyevszakos_fogadoepulet_latvanyterve.jpg","contentUrl":"https:\/\/dorogimedence.hu\/wp-content\/uploads\/2021\/12\/Nagyvillam_negyevszakos_fogadoepulet_latvanyterve.jpg","width":1920,"height":1080},{"@type":"BreadcrumbList","@id":"https:\/\/dorogimedence.hu\/index.php\/2021\/12\/08\/bovul-a-pilisi-parkerdo-aktiv-turisztikai-kinalata\/#breadcrumb","itemListElement":[{"@type":"ListItem","position":1,"name":"Kezd\u0151lap","item":"https:\/\/dorogimedence.hu\/"},{"@type":"ListItem","position":2,"name":"B\u0151v\u00fcl a Pilisi Parkerd\u0151 akt\u00edv turisztikai k\u00edn\u00e1lata"}]},{"@type":"WebSite","@id":"https:\/\/dorogimedence.hu\/#website","url":"https:\/\/dorogimedence.hu\/","name":"Dorogi-medence Region\u00e1lis H\u00edrport\u00e1l","description":"Dorog, Keszt\u00f6lc, Le\u00e1nyv\u00e1r, Piliscs\u00e9v, Tokod, Tokodalt\u00e1r\u00f3, Csolnok, Esztergom-kertv\u00e1ros: h\u00edrek, programok","publisher":{"@id":"https:\/\/dorogimedence.hu\/#organization"},"potentialAction":[{"@type":"SearchAction","target":{"@type":"EntryPoint","urlTemplate":"https:\/\/dorogimedence.hu\/?s={search_term_string}"},"query-input":{"@type":"PropertyValueSpecification","valueRequired":true,"valueName":"search_term_string"}}],"inLanguage":"hu"},{"@type":"Organization","@id":"https:\/\/dorogimedence.hu\/#organization","name":"Dorogi-medence Region\u00e1lis H\u00edrport\u00e1l","url":"https:\/\/dorogimedence.hu\/","logo":{"@type":"ImageObject","inLanguage":"hu","@id":"https:\/\/dorogimedence.hu\/#\/schema\/logo\/image\/","url":"https:\/\/dorogimedence.hu\/wp-content\/uploads\/2021\/04\/logo-feher-600.png","contentUrl":"https:\/\/dorogimedence.hu\/wp-content\/uploads\/2021\/04\/logo-feher-600.png","width":600,"height":100,"caption":"Dorogi-medence Region\u00e1lis H\u00edrport\u00e1l"},"image":{"@id":"https:\/\/dorogimedence.hu\/#\/schema\/logo\/image\/"},"sameAs":["https:\/\/www.facebook.com\/dorogimedence\/"]},{"@type":"Person","@id":"https:\/\/dorogimedence.hu\/#\/schema\/person\/ce6091eeb7e95ecdc87890d6aa8e0fd4","name":"dorogimedence.hu","image":{"@type":"ImageObject","inLanguage":"hu","@id":"\/\/www.gravatar.com\/avatar\/d8d45f8901aadff40a4af72c0b826f1d?s=96&#038;r=g&#038;d=mm","url":"\/\/www.gravatar.com\/avatar\/d8d45f8901aadff40a4af72c0b826f1d?s=96&#038;r=g&#038;d=mm","contentUrl":"\/\/www.gravatar.com\/avatar\/d8d45f8901aadff40a4af72c0b826f1d?s=96&#038;r=g&#038;d=mm","caption":"dorogimedence.hu"}}]}},"_links":{"self":[{"href":"https:\/\/dorogimedence.hu\/index.php\/wp-json\/wp\/v2\/posts\/39148","targetHints":{"allow":["GET"]}}],"collection":[{"href":"https:\/\/dorogimedence.hu\/index.php\/wp-json\/wp\/v2\/posts"}],"about":[{"href":"https:\/\/dorogimedence.hu\/index.php\/wp-json\/wp\/v2\/types\/post"}],"author":[{"embeddable":true,"href":"https:\/\/dorogimedence.hu\/index.php\/wp-json\/wp\/v2\/users\/1"}],"replies":[{"embeddable":true,"href":"https:\/\/dorogimedence.hu\/index.php\/wp-json\/wp\/v2\/comments?post=39148"}],"version-history":[{"count":0,"href":"https:\/\/dorogimedence.hu\/index.php\/wp-json\/wp\/v2\/posts\/39148\/revisions"}],"wp:featuredmedia":[{"embeddable":true,"href":"https:\/\/dorogimedence.hu\/index.php\/wp-json\/wp\/v2\/media\/39149"}],"wp:attachment":[{"href":"https:\/\/dorogimedence.hu\/index.php\/wp-json\/wp\/v2\/media?parent=39148"}],"wp:term":[{"taxonomy":"category","embeddable":true,"href":"https:\/\/dorogimedence.hu\/index.php\/wp-json\/wp\/v2\/categories?post=39148"},{"taxonomy":"post_tag","embeddable":true,"href":"https:\/\/dorogimedence.hu\/index.php\/wp-json\/wp\/v2\/tags?post=39148"}],"curies":[{"name":"wp","href":"https:\/\/api.w.org\/{rel}","templated":true}]}}