{"id":39131,"date":"2021-12-08T09:41:50","date_gmt":"2021-12-08T08:41:50","guid":{"rendered":"https:\/\/dorogimedence.hu\/?p=39131"},"modified":"2021-12-08T09:41:56","modified_gmt":"2021-12-08T08:41:56","slug":"100-eves-a-dorogvideki-reformatus-egyhazkozseg","status":"publish","type":"post","link":"https:\/\/dorogimedence.hu\/index.php\/2021\/12\/08\/100-eves-a-dorogvideki-reformatus-egyhazkozseg\/","title":{"rendered":"100 \u00e9ves a Dorogvid\u00e9ki Reform\u00e1tus Egyh\u00e1zk\u00f6zs\u00e9g"},"content":{"rendered":"<p><strong>A centen\u00e1riumi \u00e9vfordul\u00f3 alkalm\u00e1b\u00f3l \u00fcnnepi h\u00e1laad\u00f3 Istentiszteletet tartottak a dorogi reform\u00e1tus templomban. A templomkertben pedig egy kopjaf\u00e1t \u00e1ldottak meg<\/strong> <em>\u2013 \u00edrja a dorogi \u00f6nkorm\u00e1nyzat a <a href=\"https:\/\/www.dorog.hu\/content\/24563-100-eves-a-dorogvideki-reformatus-egyhazkozseg\" target=\"_blank\" rel=\"noopener\"><span style=\"text-decoration: underline; color: #0000ff;\">honlapj\u00e1n<\/span><\/a>.<\/em><\/p>\n<p>Pungur B\u00e9la lelk\u00e9sz k\u00f6sz\u00f6nt\u0151 szavait k\u00f6vet\u0151en f\u0151tisztelend\u0151 Steinbach J\u00f3zsef, a Dun\u00e1nt\u00fali Reform\u00e1tus Egyh\u00e1zker\u00fclet p\u00fcsp\u00f6ke hirdetett ig\u00e9t a sz\u00e9psz\u00e1m\u00fa gy\u00fclekezet el\u0151tt. Az esem\u00e9nyre a K\u00e1rp\u00e1t-medence sz\u00e1mos pontj\u00e1r\u00f3l, a Zsil-v\u00f6lgy\u00e9b\u0151l, Erd\u00e9lyb\u0151l is sokan elfogadt\u00e1k a megh\u00edv\u00e1st.<\/p>\n<p>December 5-\u00e9n egy \u00e9vsz\u00e1zad t\u00f6rt\u00e9net\u00e9re eml\u00e9keztek az \u00fcnnepen. 100 esztend\u0151, nem sok az emberis\u00e9g, orsz\u00e1gunk, telep\u00fcl\u00e9s\u00fcnk t\u00f6rt\u00e9net\u00e9hez k\u00e9pest. De az er\u0151fesz\u00edt\u00e9s, amely ezt a lelkes gy\u00fclekezetet az \u00e9vtizedek alatt egys\u00e9gg\u00e9, Dorog er\u0151s k\u00f6z\u00f6ss\u00e9gform\u00e1l\u00f3, \u00e9p\u00edt\u0151 erej\u00e9v\u00e9 tette rendk\u00edv\u00fcli. Ennek a viszontags\u00e1gokt\u00f3l sem k\u00edm\u00e9lt 100 esztend\u0151nek k\u00e9t sarkalatos pontja van: az egyik a templom\u00e9p\u00edt\u0151 akarat, a m\u00e1sik a k\u00f6z\u00f6ss\u00e9g ereje, amelyet 2018-ban a Gy\u00fclekezeti H\u00e1z meg\u00e9p\u00edt\u00e9se koron\u00e1zta meg.<\/p>\n<p><img fetchpriority=\"high\" decoding=\"async\" class=\"alignnone size-large wp-image-39133\" src=\"https:\/\/dorogimedence.hu\/wp-content\/uploads\/2021\/12\/6323_b-1024x683.jpg\" alt=\"\" width=\"755\" height=\"504\" srcset=\"https:\/\/dorogimedence.hu\/wp-content\/uploads\/2021\/12\/6323_b-1024x683.jpg 1024w, https:\/\/dorogimedence.hu\/wp-content\/uploads\/2021\/12\/6323_b-300x200.jpg 300w, https:\/\/dorogimedence.hu\/wp-content\/uploads\/2021\/12\/6323_b-768x512.jpg 768w, https:\/\/dorogimedence.hu\/wp-content\/uploads\/2021\/12\/6323_b-1536x1024.jpg 1536w, https:\/\/dorogimedence.hu\/wp-content\/uploads\/2021\/12\/6323_b-150x100.jpg 150w, https:\/\/dorogimedence.hu\/wp-content\/uploads\/2021\/12\/6323_b-450x300.jpg 450w, https:\/\/dorogimedence.hu\/wp-content\/uploads\/2021\/12\/6323_b-1200x800.jpg 1200w, https:\/\/dorogimedence.hu\/wp-content\/uploads\/2021\/12\/6323_b-272x182.jpg 272w, https:\/\/dorogimedence.hu\/wp-content\/uploads\/2021\/12\/6323_b.jpg 1920w\" sizes=\"(max-width: 755px) 100vw, 755px\" \/><\/p>\n<p>Pungur B\u00e9la \u00e9s Pungurn\u00e9 Cs\u00e1sz\u00e1r Judit lelk\u00e9sz h\u00e1zasp\u00e1rt a gy\u00fclekezet szem\u00e9lyes aj\u00e1nd\u00e9kkal k\u00f6sz\u00f6nt\u00f6tte, mivel 2021 december\u00e9ben imm\u00e1r 30. esztendeje szolg\u00e1lj\u00e1k gy\u00fclekezet\u00fcket.<\/p>\n<p>Az Istentiszteleten t\u00f6bbek mellett \u00fcnnepi besz\u00e9det mondott Dorog testv\u00e9rtelep\u00fcl\u00e9s\u00e9nek (a Fels\u0151boldogfalv\u00e1hoz tartoz\u00f3) Farc\u00e1d lelkip\u00e1sztora \u00e9s Dank\u00f3 Krist\u00f3f alpolg\u00e1rmester is.<\/p>\n<p>A templomkertben elhelyezett kopjaf\u00e1t meg\u00e1ldotta nagytisztelet\u0171 Gerecsei Zsolt, a Tatai Reform\u00e1tus Egyh\u00e1zmegye esperese, majd a gy\u00fclekezettel k\u00f6z\u00f6sen \u00e9nekelt\u00e9k el a Himnuszt \u00e9s a Sz\u00e9kely himnuszt.<\/p>\n<p><em>Fot\u00f3k, forr\u00e1s: dorog.hu<\/em><\/p>\n","protected":false},"excerpt":{"rendered":"<p>A centen\u00e1riumi \u00e9vfordul\u00f3 alkalm\u00e1b\u00f3l \u00fcnnepi h\u00e1laad\u00f3 Istentiszteletet tartottak a dorogi reform\u00e1tus templomban. A templomkertben pedig egy kopjaf\u00e1t \u00e1ldottak meg \u2013 \u00edrja a dorogi \u00f6nkorm\u00e1nyzat a honlapj\u00e1n. Pungur B\u00e9la lelk\u00e9sz k\u00f6sz\u00f6nt\u0151 szavait k\u00f6vet\u0151en f\u0151tisztelend\u0151 Steinbach J\u00f3zsef, a Dun\u00e1nt\u00fali Reform\u00e1tus Egyh\u00e1zker\u00fclet p\u00fcsp\u00f6ke hirdetett ig\u00e9t a sz\u00e9psz\u00e1m\u00fa gy\u00fclekezet el\u0151tt. Az esem\u00e9nyre a K\u00e1rp\u00e1t-medence sz\u00e1mos pontj\u00e1r\u00f3l, a Zsil-v\u00f6lgy\u00e9b\u0151l, Erd\u00e9lyb\u0151l<\/p>\n","protected":false},"author":1,"featured_media":39132,"comment_status":"closed","ping_status":"closed","sticky":false,"template":"","format":"standard","meta":{"ngg_post_thumbnail":0,"footnotes":""},"categories":[2,3],"tags":[15,1334,5624,4407],"class_list":{"0":"post-39131","1":"post","2":"type-post","3":"status-publish","4":"format-standard","5":"has-post-thumbnail","7":"category-dorog","8":"category-hirek","9":"tag-dorog","10":"tag-egyhaz","11":"tag-featured","12":"tag-reformatus-egyhaz"},"yoast_head":"<!-- This site is optimized with the Yoast SEO plugin v27.5 - https:\/\/yoast.com\/product\/yoast-seo-wordpress\/ -->\n<title>100 \u00e9ves a Dorogvid\u00e9ki Reform\u00e1tus Egyh\u00e1zk\u00f6zs\u00e9g<\/title>\n<meta name=\"robots\" content=\"index, follow, max-snippet:-1, max-image-preview:large, max-video-preview:-1\" \/>\n<link rel=\"canonical\" href=\"https:\/\/dorogimedence.hu\/index.php\/2021\/12\/08\/100-eves-a-dorogvideki-reformatus-egyhazkozseg\/\" class=\"yoast-seo-meta-tag\" \/>\n<meta property=\"og:locale\" content=\"hu_HU\" class=\"yoast-seo-meta-tag\" \/>\n<meta property=\"og:type\" content=\"article\" class=\"yoast-seo-meta-tag\" \/>\n<meta property=\"og:title\" content=\"100 \u00e9ves a Dorogvid\u00e9ki Reform\u00e1tus Egyh\u00e1zk\u00f6zs\u00e9g\" class=\"yoast-seo-meta-tag\" \/>\n<meta property=\"og:description\" content=\"A centen\u00e1riumi \u00e9vfordul\u00f3 alkalm\u00e1b\u00f3l \u00fcnnepi h\u00e1laad\u00f3 Istentiszteletet tartottak a dorogi reform\u00e1tus templomban. A templomkertben pedig egy kopjaf\u00e1t \u00e1ldottak meg \u2013 \u00edrja a dorogi \u00f6nkorm\u00e1nyzat a honlapj\u00e1n. Pungur B\u00e9la lelk\u00e9sz k\u00f6sz\u00f6nt\u0151 szavait k\u00f6vet\u0151en f\u0151tisztelend\u0151 Steinbach J\u00f3zsef, a Dun\u00e1nt\u00fali Reform\u00e1tus Egyh\u00e1zker\u00fclet p\u00fcsp\u00f6ke hirdetett ig\u00e9t a sz\u00e9psz\u00e1m\u00fa gy\u00fclekezet el\u0151tt. Az esem\u00e9nyre a K\u00e1rp\u00e1t-medence sz\u00e1mos pontj\u00e1r\u00f3l, a Zsil-v\u00f6lgy\u00e9b\u0151l, Erd\u00e9lyb\u0151l\" class=\"yoast-seo-meta-tag\" \/>\n<meta property=\"og:url\" content=\"https:\/\/dorogimedence.hu\/index.php\/2021\/12\/08\/100-eves-a-dorogvideki-reformatus-egyhazkozseg\/\" class=\"yoast-seo-meta-tag\" \/>\n<meta property=\"og:site_name\" content=\"Dorogi-medence Region\u00e1lis H\u00edrport\u00e1l\" class=\"yoast-seo-meta-tag\" \/>\n<meta property=\"article:publisher\" content=\"https:\/\/www.facebook.com\/dorogimedence\/\" class=\"yoast-seo-meta-tag\" \/>\n<meta property=\"article:published_time\" content=\"2021-12-08T08:41:50+00:00\" class=\"yoast-seo-meta-tag\" \/>\n<meta property=\"article:modified_time\" content=\"2021-12-08T08:41:56+00:00\" class=\"yoast-seo-meta-tag\" \/>\n<meta property=\"og:image\" content=\"https:\/\/i0.wp.com\/dorogimedence.hu\/wp-content\/uploads\/2021\/12\/6326_b.jpg?fit=1920%2C1280&ssl=1\" class=\"yoast-seo-meta-tag\" \/>\n\t<meta property=\"og:image:width\" content=\"1920\" class=\"yoast-seo-meta-tag\" \/>\n\t<meta property=\"og:image:height\" content=\"1280\" class=\"yoast-seo-meta-tag\" \/>\n\t<meta property=\"og:image:type\" content=\"image\/jpeg\" class=\"yoast-seo-meta-tag\" \/>\n<meta name=\"author\" content=\"dorogimedence.hu\" class=\"yoast-seo-meta-tag\" \/>\n<meta name=\"twitter:card\" content=\"summary_large_image\" class=\"yoast-seo-meta-tag\" \/>\n<meta name=\"twitter:label1\" content=\"Szerz\u0151:\" class=\"yoast-seo-meta-tag\" \/>\n\t<meta name=\"twitter:data1\" content=\"dorogimedence.hu\" class=\"yoast-seo-meta-tag\" \/>\n\t<meta name=\"twitter:label2\" content=\"Becs\u00fclt olvas\u00e1si id\u0151\" class=\"yoast-seo-meta-tag\" \/>\n\t<meta name=\"twitter:data2\" content=\"2 perc\" class=\"yoast-seo-meta-tag\" \/>\n<script type=\"application\/ld+json\" class=\"yoast-schema-graph\">{\"@context\":\"https:\\\/\\\/schema.org\",\"@graph\":[{\"@type\":\"Article\",\"@id\":\"https:\\\/\\\/dorogimedence.hu\\\/index.php\\\/2021\\\/12\\\/08\\\/100-eves-a-dorogvideki-reformatus-egyhazkozseg\\\/#article\",\"isPartOf\":{\"@id\":\"https:\\\/\\\/dorogimedence.hu\\\/index.php\\\/2021\\\/12\\\/08\\\/100-eves-a-dorogvideki-reformatus-egyhazkozseg\\\/\"},\"author\":{\"name\":\"dorogimedence.hu\",\"@id\":\"https:\\\/\\\/dorogimedence.hu\\\/#\\\/schema\\\/person\\\/ce6091eeb7e95ecdc87890d6aa8e0fd4\"},\"headline\":\"100 \u00e9ves a Dorogvid\u00e9ki Reform\u00e1tus Egyh\u00e1zk\u00f6zs\u00e9g\",\"datePublished\":\"2021-12-08T08:41:50+00:00\",\"dateModified\":\"2021-12-08T08:41:56+00:00\",\"mainEntityOfPage\":{\"@id\":\"https:\\\/\\\/dorogimedence.hu\\\/index.php\\\/2021\\\/12\\\/08\\\/100-eves-a-dorogvideki-reformatus-egyhazkozseg\\\/\"},\"wordCount\":331,\"publisher\":{\"@id\":\"https:\\\/\\\/dorogimedence.hu\\\/#organization\"},\"image\":{\"@id\":\"https:\\\/\\\/dorogimedence.hu\\\/index.php\\\/2021\\\/12\\\/08\\\/100-eves-a-dorogvideki-reformatus-egyhazkozseg\\\/#primaryimage\"},\"thumbnailUrl\":\"https:\\\/\\\/dorogimedence.hu\\\/wp-content\\\/uploads\\\/2021\\\/12\\\/6326_b.jpg\",\"keywords\":[\"Dorog\",\"egyh\u00e1z\",\"featured\",\"reform\u00e1tus egyh\u00e1z\"],\"articleSection\":[\"Dorog\",\"H\u00edrek\"],\"inLanguage\":\"hu\"},{\"@type\":\"WebPage\",\"@id\":\"https:\\\/\\\/dorogimedence.hu\\\/index.php\\\/2021\\\/12\\\/08\\\/100-eves-a-dorogvideki-reformatus-egyhazkozseg\\\/\",\"url\":\"https:\\\/\\\/dorogimedence.hu\\\/index.php\\\/2021\\\/12\\\/08\\\/100-eves-a-dorogvideki-reformatus-egyhazkozseg\\\/\",\"name\":\"100 \u00e9ves a Dorogvid\u00e9ki Reform\u00e1tus Egyh\u00e1zk\u00f6zs\u00e9g\",\"isPartOf\":{\"@id\":\"https:\\\/\\\/dorogimedence.hu\\\/#website\"},\"primaryImageOfPage\":{\"@id\":\"https:\\\/\\\/dorogimedence.hu\\\/index.php\\\/2021\\\/12\\\/08\\\/100-eves-a-dorogvideki-reformatus-egyhazkozseg\\\/#primaryimage\"},\"image\":{\"@id\":\"https:\\\/\\\/dorogimedence.hu\\\/index.php\\\/2021\\\/12\\\/08\\\/100-eves-a-dorogvideki-reformatus-egyhazkozseg\\\/#primaryimage\"},\"thumbnailUrl\":\"https:\\\/\\\/dorogimedence.hu\\\/wp-content\\\/uploads\\\/2021\\\/12\\\/6326_b.jpg\",\"datePublished\":\"2021-12-08T08:41:50+00:00\",\"dateModified\":\"2021-12-08T08:41:56+00:00\",\"breadcrumb\":{\"@id\":\"https:\\\/\\\/dorogimedence.hu\\\/index.php\\\/2021\\\/12\\\/08\\\/100-eves-a-dorogvideki-reformatus-egyhazkozseg\\\/#breadcrumb\"},\"inLanguage\":\"hu\",\"potentialAction\":[{\"@type\":\"ReadAction\",\"target\":[\"https:\\\/\\\/dorogimedence.hu\\\/index.php\\\/2021\\\/12\\\/08\\\/100-eves-a-dorogvideki-reformatus-egyhazkozseg\\\/\"]}]},{\"@type\":\"ImageObject\",\"inLanguage\":\"hu\",\"@id\":\"https:\\\/\\\/dorogimedence.hu\\\/index.php\\\/2021\\\/12\\\/08\\\/100-eves-a-dorogvideki-reformatus-egyhazkozseg\\\/#primaryimage\",\"url\":\"https:\\\/\\\/dorogimedence.hu\\\/wp-content\\\/uploads\\\/2021\\\/12\\\/6326_b.jpg\",\"contentUrl\":\"https:\\\/\\\/dorogimedence.hu\\\/wp-content\\\/uploads\\\/2021\\\/12\\\/6326_b.jpg\",\"width\":1920,\"height\":1280},{\"@type\":\"BreadcrumbList\",\"@id\":\"https:\\\/\\\/dorogimedence.hu\\\/index.php\\\/2021\\\/12\\\/08\\\/100-eves-a-dorogvideki-reformatus-egyhazkozseg\\\/#breadcrumb\",\"itemListElement\":[{\"@type\":\"ListItem\",\"position\":1,\"name\":\"Kezd\u0151lap\",\"item\":\"https:\\\/\\\/dorogimedence.hu\\\/\"},{\"@type\":\"ListItem\",\"position\":2,\"name\":\"100 \u00e9ves a Dorogvid\u00e9ki Reform\u00e1tus Egyh\u00e1zk\u00f6zs\u00e9g\"}]},{\"@type\":\"WebSite\",\"@id\":\"https:\\\/\\\/dorogimedence.hu\\\/#website\",\"url\":\"https:\\\/\\\/dorogimedence.hu\\\/\",\"name\":\"Dorogi-medence Region\u00e1lis H\u00edrport\u00e1l\",\"description\":\"Dorog, Keszt\u00f6lc, Le\u00e1nyv\u00e1r, Piliscs\u00e9v, Tokod, Tokodalt\u00e1r\u00f3, Csolnok, Esztergom-kertv\u00e1ros: h\u00edrek, programok\",\"publisher\":{\"@id\":\"https:\\\/\\\/dorogimedence.hu\\\/#organization\"},\"potentialAction\":[{\"@type\":\"SearchAction\",\"target\":{\"@type\":\"EntryPoint\",\"urlTemplate\":\"https:\\\/\\\/dorogimedence.hu\\\/?s={search_term_string}\"},\"query-input\":{\"@type\":\"PropertyValueSpecification\",\"valueRequired\":true,\"valueName\":\"search_term_string\"}}],\"inLanguage\":\"hu\"},{\"@type\":\"Organization\",\"@id\":\"https:\\\/\\\/dorogimedence.hu\\\/#organization\",\"name\":\"Dorogi-medence Region\u00e1lis H\u00edrport\u00e1l\",\"url\":\"https:\\\/\\\/dorogimedence.hu\\\/\",\"logo\":{\"@type\":\"ImageObject\",\"inLanguage\":\"hu\",\"@id\":\"https:\\\/\\\/dorogimedence.hu\\\/#\\\/schema\\\/logo\\\/image\\\/\",\"url\":\"https:\\\/\\\/dorogimedence.hu\\\/wp-content\\\/uploads\\\/2021\\\/04\\\/logo-feher-600.png\",\"contentUrl\":\"https:\\\/\\\/dorogimedence.hu\\\/wp-content\\\/uploads\\\/2021\\\/04\\\/logo-feher-600.png\",\"width\":600,\"height\":100,\"caption\":\"Dorogi-medence Region\u00e1lis H\u00edrport\u00e1l\"},\"image\":{\"@id\":\"https:\\\/\\\/dorogimedence.hu\\\/#\\\/schema\\\/logo\\\/image\\\/\"},\"sameAs\":[\"https:\\\/\\\/www.facebook.com\\\/dorogimedence\\\/\"]},{\"@type\":\"Person\",\"@id\":\"https:\\\/\\\/dorogimedence.hu\\\/#\\\/schema\\\/person\\\/ce6091eeb7e95ecdc87890d6aa8e0fd4\",\"name\":\"dorogimedence.hu\",\"image\":{\"@type\":\"ImageObject\",\"inLanguage\":\"hu\",\"@id\":\"\\\/\\\/www.gravatar.com\\\/avatar\\\/d8d45f8901aadff40a4af72c0b826f1d?s=96&#038;r=g&#038;d=mm\",\"url\":\"\\\/\\\/www.gravatar.com\\\/avatar\\\/d8d45f8901aadff40a4af72c0b826f1d?s=96&#038;r=g&#038;d=mm\",\"contentUrl\":\"\\\/\\\/www.gravatar.com\\\/avatar\\\/d8d45f8901aadff40a4af72c0b826f1d?s=96&#038;r=g&#038;d=mm\",\"caption\":\"dorogimedence.hu\"}}]}<\/script>\n<!-- \/ Yoast SEO plugin. -->","yoast_head_json":{"title":"100 \u00e9ves a Dorogvid\u00e9ki Reform\u00e1tus Egyh\u00e1zk\u00f6zs\u00e9g","robots":{"index":"index","follow":"follow","max-snippet":"max-snippet:-1","max-image-preview":"max-image-preview:large","max-video-preview":"max-video-preview:-1"},"canonical":"https:\/\/dorogimedence.hu\/index.php\/2021\/12\/08\/100-eves-a-dorogvideki-reformatus-egyhazkozseg\/","og_locale":"hu_HU","og_type":"article","og_title":"100 \u00e9ves a Dorogvid\u00e9ki Reform\u00e1tus Egyh\u00e1zk\u00f6zs\u00e9g","og_description":"A centen\u00e1riumi \u00e9vfordul\u00f3 alkalm\u00e1b\u00f3l \u00fcnnepi h\u00e1laad\u00f3 Istentiszteletet tartottak a dorogi reform\u00e1tus templomban. A templomkertben pedig egy kopjaf\u00e1t \u00e1ldottak meg \u2013 \u00edrja a dorogi \u00f6nkorm\u00e1nyzat a honlapj\u00e1n. Pungur B\u00e9la lelk\u00e9sz k\u00f6sz\u00f6nt\u0151 szavait k\u00f6vet\u0151en f\u0151tisztelend\u0151 Steinbach J\u00f3zsef, a Dun\u00e1nt\u00fali Reform\u00e1tus Egyh\u00e1zker\u00fclet p\u00fcsp\u00f6ke hirdetett ig\u00e9t a sz\u00e9psz\u00e1m\u00fa gy\u00fclekezet el\u0151tt. Az esem\u00e9nyre a K\u00e1rp\u00e1t-medence sz\u00e1mos pontj\u00e1r\u00f3l, a Zsil-v\u00f6lgy\u00e9b\u0151l, Erd\u00e9lyb\u0151l","og_url":"https:\/\/dorogimedence.hu\/index.php\/2021\/12\/08\/100-eves-a-dorogvideki-reformatus-egyhazkozseg\/","og_site_name":"Dorogi-medence Region\u00e1lis H\u00edrport\u00e1l","article_publisher":"https:\/\/www.facebook.com\/dorogimedence\/","article_published_time":"2021-12-08T08:41:50+00:00","article_modified_time":"2021-12-08T08:41:56+00:00","og_image":[{"width":1920,"height":1280,"url":"https:\/\/i0.wp.com\/dorogimedence.hu\/wp-content\/uploads\/2021\/12\/6326_b.jpg?fit=1920%2C1280&ssl=1","type":"image\/jpeg"}],"author":"dorogimedence.hu","twitter_card":"summary_large_image","twitter_misc":{"Szerz\u0151:":"dorogimedence.hu","Becs\u00fclt olvas\u00e1si id\u0151":"2 perc"},"schema":{"@context":"https:\/\/schema.org","@graph":[{"@type":"Article","@id":"https:\/\/dorogimedence.hu\/index.php\/2021\/12\/08\/100-eves-a-dorogvideki-reformatus-egyhazkozseg\/#article","isPartOf":{"@id":"https:\/\/dorogimedence.hu\/index.php\/2021\/12\/08\/100-eves-a-dorogvideki-reformatus-egyhazkozseg\/"},"author":{"name":"dorogimedence.hu","@id":"https:\/\/dorogimedence.hu\/#\/schema\/person\/ce6091eeb7e95ecdc87890d6aa8e0fd4"},"headline":"100 \u00e9ves a Dorogvid\u00e9ki Reform\u00e1tus Egyh\u00e1zk\u00f6zs\u00e9g","datePublished":"2021-12-08T08:41:50+00:00","dateModified":"2021-12-08T08:41:56+00:00","mainEntityOfPage":{"@id":"https:\/\/dorogimedence.hu\/index.php\/2021\/12\/08\/100-eves-a-dorogvideki-reformatus-egyhazkozseg\/"},"wordCount":331,"publisher":{"@id":"https:\/\/dorogimedence.hu\/#organization"},"image":{"@id":"https:\/\/dorogimedence.hu\/index.php\/2021\/12\/08\/100-eves-a-dorogvideki-reformatus-egyhazkozseg\/#primaryimage"},"thumbnailUrl":"https:\/\/dorogimedence.hu\/wp-content\/uploads\/2021\/12\/6326_b.jpg","keywords":["Dorog","egyh\u00e1z","featured","reform\u00e1tus egyh\u00e1z"],"articleSection":["Dorog","H\u00edrek"],"inLanguage":"hu"},{"@type":"WebPage","@id":"https:\/\/dorogimedence.hu\/index.php\/2021\/12\/08\/100-eves-a-dorogvideki-reformatus-egyhazkozseg\/","url":"https:\/\/dorogimedence.hu\/index.php\/2021\/12\/08\/100-eves-a-dorogvideki-reformatus-egyhazkozseg\/","name":"100 \u00e9ves a Dorogvid\u00e9ki Reform\u00e1tus Egyh\u00e1zk\u00f6zs\u00e9g","isPartOf":{"@id":"https:\/\/dorogimedence.hu\/#website"},"primaryImageOfPage":{"@id":"https:\/\/dorogimedence.hu\/index.php\/2021\/12\/08\/100-eves-a-dorogvideki-reformatus-egyhazkozseg\/#primaryimage"},"image":{"@id":"https:\/\/dorogimedence.hu\/index.php\/2021\/12\/08\/100-eves-a-dorogvideki-reformatus-egyhazkozseg\/#primaryimage"},"thumbnailUrl":"https:\/\/dorogimedence.hu\/wp-content\/uploads\/2021\/12\/6326_b.jpg","datePublished":"2021-12-08T08:41:50+00:00","dateModified":"2021-12-08T08:41:56+00:00","breadcrumb":{"@id":"https:\/\/dorogimedence.hu\/index.php\/2021\/12\/08\/100-eves-a-dorogvideki-reformatus-egyhazkozseg\/#breadcrumb"},"inLanguage":"hu","potentialAction":[{"@type":"ReadAction","target":["https:\/\/dorogimedence.hu\/index.php\/2021\/12\/08\/100-eves-a-dorogvideki-reformatus-egyhazkozseg\/"]}]},{"@type":"ImageObject","inLanguage":"hu","@id":"https:\/\/dorogimedence.hu\/index.php\/2021\/12\/08\/100-eves-a-dorogvideki-reformatus-egyhazkozseg\/#primaryimage","url":"https:\/\/dorogimedence.hu\/wp-content\/uploads\/2021\/12\/6326_b.jpg","contentUrl":"https:\/\/dorogimedence.hu\/wp-content\/uploads\/2021\/12\/6326_b.jpg","width":1920,"height":1280},{"@type":"BreadcrumbList","@id":"https:\/\/dorogimedence.hu\/index.php\/2021\/12\/08\/100-eves-a-dorogvideki-reformatus-egyhazkozseg\/#breadcrumb","itemListElement":[{"@type":"ListItem","position":1,"name":"Kezd\u0151lap","item":"https:\/\/dorogimedence.hu\/"},{"@type":"ListItem","position":2,"name":"100 \u00e9ves a Dorogvid\u00e9ki Reform\u00e1tus Egyh\u00e1zk\u00f6zs\u00e9g"}]},{"@type":"WebSite","@id":"https:\/\/dorogimedence.hu\/#website","url":"https:\/\/dorogimedence.hu\/","name":"Dorogi-medence Region\u00e1lis H\u00edrport\u00e1l","description":"Dorog, Keszt\u00f6lc, Le\u00e1nyv\u00e1r, Piliscs\u00e9v, Tokod, Tokodalt\u00e1r\u00f3, Csolnok, Esztergom-kertv\u00e1ros: h\u00edrek, programok","publisher":{"@id":"https:\/\/dorogimedence.hu\/#organization"},"potentialAction":[{"@type":"SearchAction","target":{"@type":"EntryPoint","urlTemplate":"https:\/\/dorogimedence.hu\/?s={search_term_string}"},"query-input":{"@type":"PropertyValueSpecification","valueRequired":true,"valueName":"search_term_string"}}],"inLanguage":"hu"},{"@type":"Organization","@id":"https:\/\/dorogimedence.hu\/#organization","name":"Dorogi-medence Region\u00e1lis H\u00edrport\u00e1l","url":"https:\/\/dorogimedence.hu\/","logo":{"@type":"ImageObject","inLanguage":"hu","@id":"https:\/\/dorogimedence.hu\/#\/schema\/logo\/image\/","url":"https:\/\/dorogimedence.hu\/wp-content\/uploads\/2021\/04\/logo-feher-600.png","contentUrl":"https:\/\/dorogimedence.hu\/wp-content\/uploads\/2021\/04\/logo-feher-600.png","width":600,"height":100,"caption":"Dorogi-medence Region\u00e1lis H\u00edrport\u00e1l"},"image":{"@id":"https:\/\/dorogimedence.hu\/#\/schema\/logo\/image\/"},"sameAs":["https:\/\/www.facebook.com\/dorogimedence\/"]},{"@type":"Person","@id":"https:\/\/dorogimedence.hu\/#\/schema\/person\/ce6091eeb7e95ecdc87890d6aa8e0fd4","name":"dorogimedence.hu","image":{"@type":"ImageObject","inLanguage":"hu","@id":"\/\/www.gravatar.com\/avatar\/d8d45f8901aadff40a4af72c0b826f1d?s=96&#038;r=g&#038;d=mm","url":"\/\/www.gravatar.com\/avatar\/d8d45f8901aadff40a4af72c0b826f1d?s=96&#038;r=g&#038;d=mm","contentUrl":"\/\/www.gravatar.com\/avatar\/d8d45f8901aadff40a4af72c0b826f1d?s=96&#038;r=g&#038;d=mm","caption":"dorogimedence.hu"}}]}},"_links":{"self":[{"href":"https:\/\/dorogimedence.hu\/index.php\/wp-json\/wp\/v2\/posts\/39131","targetHints":{"allow":["GET"]}}],"collection":[{"href":"https:\/\/dorogimedence.hu\/index.php\/wp-json\/wp\/v2\/posts"}],"about":[{"href":"https:\/\/dorogimedence.hu\/index.php\/wp-json\/wp\/v2\/types\/post"}],"author":[{"embeddable":true,"href":"https:\/\/dorogimedence.hu\/index.php\/wp-json\/wp\/v2\/users\/1"}],"replies":[{"embeddable":true,"href":"https:\/\/dorogimedence.hu\/index.php\/wp-json\/wp\/v2\/comments?post=39131"}],"version-history":[{"count":0,"href":"https:\/\/dorogimedence.hu\/index.php\/wp-json\/wp\/v2\/posts\/39131\/revisions"}],"wp:featuredmedia":[{"embeddable":true,"href":"https:\/\/dorogimedence.hu\/index.php\/wp-json\/wp\/v2\/media\/39132"}],"wp:attachment":[{"href":"https:\/\/dorogimedence.hu\/index.php\/wp-json\/wp\/v2\/media?parent=39131"}],"wp:term":[{"taxonomy":"category","embeddable":true,"href":"https:\/\/dorogimedence.hu\/index.php\/wp-json\/wp\/v2\/categories?post=39131"},{"taxonomy":"post_tag","embeddable":true,"href":"https:\/\/dorogimedence.hu\/index.php\/wp-json\/wp\/v2\/tags?post=39131"}],"curies":[{"name":"wp","href":"https:\/\/api.w.org\/{rel}","templated":true}]}}