{"id":39119,"date":"2021-12-07T11:44:08","date_gmt":"2021-12-07T10:44:08","guid":{"rendered":"https:\/\/dorogimedence.hu\/?p=39119"},"modified":"2021-12-07T11:54:42","modified_gmt":"2021-12-07T10:54:42","slug":"az-esztergomi-bekesi-noemi-lett-magyarorszag-31-kiralynoje","status":"publish","type":"post","link":"https:\/\/dorogimedence.hu\/index.php\/2021\/12\/07\/az-esztergomi-bekesi-noemi-lett-magyarorszag-31-kiralynoje\/","title":{"rendered":"Az esztergomi B\u00e9k\u00e9si No\u00e9mi lett Magyarorsz\u00e1g 31. kir\u00e1lyn\u0151je"},"content":{"rendered":"<p><strong>A 31. Miss Hungary 2021. Nemzeti Sz\u00e9ps\u00e9gverseny \u00e9s Kir\u00e1lyn\u0151v\u00e1laszt\u00e1s d\u00f6nt\u0151j\u00e9t a La Burrata Mozzarella, a mozzarell\u00e1k kir\u00e1lyn\u0151je f\u0151t\u00e1mogat\u00e1s\u00e1val rendezt\u00e9k meg december 4-\u00e9n a G\u00f6d\u00f6ll\u0151i Kir\u00e1lyi Kast\u00e9ly Lovard\u00e1j\u00e1ban. Haz\u00e1nk legr\u00e9gebbi sz\u00e9ps\u00e9gverseny\u00e9n a k\u00f6z\u00f6ns\u00e9g szavazatai alapj\u00e1n az esztergomi B\u00e9k\u00e9si No\u00e9mi kapta toronymagasan a k\u00f6z\u00f6ns\u00e9gd\u00edjat. Ezzel automatikusan jutott az els\u0151 \u00f6t k\u00f6z\u00e9. A szakemberekb\u0151l \u00e9s a t\u00e1mogat\u00f3kb\u00f3l \u00e1ll\u00f3 22 tag\u00fa, elfogulatlan zs\u0171ri d\u00f6nt\u00e9se alapj\u00e1n a Sepsiszentgy\u00f6rgyr\u0151l \u00e9rkez\u0151 Despa Bogi, Turgy\u00e1n P\u00e1lma (Napkor), a di\u00f3sdi N\u00e1n\u00e1si Dorottya, Budapestr\u0151l Szaniszl\u00f3 Kitti, \u00e9s a miskolciak b\u00fcszkes\u00e9ge, Orosz Titanilla versenyezhetett tov\u00e1bb a koron\u00e1\u00e9rt.<\/strong><\/p>\n<p>A k\u00f6zel 4 \u00f3r\u00e1s g\u00e1la m\u0171sor keret\u00e9ben 4 alkalommal vonultak fel a versenyz\u0151 sz\u00e9ps\u00e9gek \u00e9s egy rendhagy\u00f3, l\u00e1tv\u00e1nyos fot\u00f3 tour is seg\u00edtte a zs\u0171rinek kiv\u00e1lasztani a kir\u00e1lyn\u0151ket \u00e9s udvarh\u00f6lgyeket, akik v\u00e9g\u00fcl a Sissi korh\u0171 ruh\u00e1k megalkot\u00f3ja, Cz\u00e9dly M\u00f3nika \u00e9s a D\u2019Elia Szalon ruhak\u00f6ltem\u00e9nyeiben v\u00e1rt\u00e1k a cerem\u00f3nia f\u00e9nypontj\u00e1t.<\/p>\n<p>A Kir\u00e1lyn\u0151 \u00e9s a Kishercegn\u0151 koron\u00e1z\u00e1sa mellett sz\u00e1mos k\u00fcl\u00f6nd\u00edj is gazd\u00e1ra tal\u00e1lt a d\u00f6nt\u0151n, hiszen a megv\u00e1lasztott\u00e1k a Hark\u00e1ny F\u00fcrd\u0151, a Dr\u00e1va Hotel \u00e9s a Park Hotel sz\u00e9p\u00e9t is, de d\u00edjazta a Naturliget \u00e9s a La Burrata Mozzarella is a d\u00f6nt\u0151s\u00f6ket.<\/p>\n<p>A ny\u00edlt szavaz\u00e1s ut\u00e1n v\u00e9g\u00fcl B\u00e9k\u00e9si No\u00e9mi lett 2021 kir\u00e1lyn\u0151je, els\u0151 Udvarh\u00f6lgye N\u00e1n\u00e1si Dorottya, a m\u00e1sodik Udvarh\u00f6lgye pedig Orosz Titanilla lett. A kir\u00e1lyn\u0151 \u00f6sszesen t\u00f6bb ezer euro \u00e9rt\u00e9k\u0171 d\u00edjaz\u00e1sban r\u00e9szes\u00fclt, t\u00f6bbek k\u00f6z\u00f6tt egy 2 f\u0151re sz\u00f3l\u00f3 utaz\u00e1son vehet r\u00e9szt Costa Smerald\u00e1ra, ahol a Luci di la Muntagna luxussz\u00e1lloda vend\u00e9gszeretet\u00e9t \u00e9lvezheti.<\/p>\n<p><img fetchpriority=\"high\" decoding=\"async\" class=\"alignnone size-large wp-image-39121\" src=\"https:\/\/dorogimedence.hu\/wp-content\/uploads\/2021\/12\/szepsegverseny-03-1024x644.jpg\" alt=\"\" width=\"755\" height=\"475\" srcset=\"https:\/\/dorogimedence.hu\/wp-content\/uploads\/2021\/12\/szepsegverseny-03-1024x644.jpg 1024w, https:\/\/dorogimedence.hu\/wp-content\/uploads\/2021\/12\/szepsegverseny-03-300x189.jpg 300w, https:\/\/dorogimedence.hu\/wp-content\/uploads\/2021\/12\/szepsegverseny-03-768x483.jpg 768w, https:\/\/dorogimedence.hu\/wp-content\/uploads\/2021\/12\/szepsegverseny-03-1536x966.jpg 1536w, https:\/\/dorogimedence.hu\/wp-content\/uploads\/2021\/12\/szepsegverseny-03-150x94.jpg 150w, https:\/\/dorogimedence.hu\/wp-content\/uploads\/2021\/12\/szepsegverseny-03-450x283.jpg 450w, https:\/\/dorogimedence.hu\/wp-content\/uploads\/2021\/12\/szepsegverseny-03-1200x754.jpg 1200w, https:\/\/dorogimedence.hu\/wp-content\/uploads\/2021\/12\/szepsegverseny-03.jpg 1818w\" sizes=\"(max-width: 755px) 100vw, 755px\" \/><\/p>\n<p>A Tini kateg\u00f3ri\u00e1ban a csongr\u00e1di Fekete Vivien fej\u00e9re ker\u00fclt a korona, a zs\u0171ri a zalaegerszegi Sabjanics Zork\u00e1t \u00e9s a pom\u00e1zi Farag\u00f3 Maj\u00e1t v\u00e1lasztotta meg Udvarh\u00f6lgyeknek.<\/p>\n<p>A l\u00e1togat\u00f3k \u00e9s r\u00e9sztvev\u0151k biztons\u00e1g\u00e1t, a v\u00edrus-, \u00e9s bakt\u00e9riummentes k\u00f6rnyezetet az Isanity t\u00e9rsteriliz\u00e1torral biztos\u00edtott\u00e1k az est folyam\u00e1n.<\/p>\n<p><strong>B\u00e9k\u00e9si No\u00e9mi Kir\u00e1lyn\u0151 bemutatkoz\u00e1sa:<\/strong> B\u00e9k\u00e9si No\u00e9mi vagyok, 20 \u00e9ves, Kom\u00e1rom-Esztergom megy\u00e9b\u0151l, Esztergomb\u00f3l j\u00f6ttem. A Budapesti Gazdas\u00e1gi Egyetem hallgat\u00f3ja vagyok kereskedelem \u00e9s marketing szakon, mellette marketingesk\u00e9nt dolgozom. Tanult nyelveim: angol fels\u0151fokon \u00e9s olasz alapszinten. Szabadid\u0151mben szeretek j\u00f3g\u00e1zni, olvasni, fitneszterembe j\u00e1rni, festeni, s\u00fctni-f\u0151zni, \u00faszni, t\u00far\u00e1zni, utazni, a csal\u00e1dommal lenni \u00e9s vigy\u00e1zni a kistestv\u00e9reimre. Szeretem az eleg\u00e1ns megjelen\u00e9st, a min\u0151s\u00e9gi, divatos ruh\u00e1kat kedvelem. Nagyon fontos sz\u00e1momra a sport, az eg\u00e9szs\u00e9ges \u00e9letm\u00f3d, a helyes t\u00e1pl\u00e1lkoz\u00e1s, a fenntarthat\u00f3s\u00e1g \u00e9s a k\u00f6rnyezetv\u00e9delem. R\u00e9gi \u00e1lmom sz\u00e9ps\u00e9gkir\u00e1lyn\u0151nek lenni, ezzel p\u00e9ld\u00e1t szeretn\u00e9k mutatni \u00e9s m\u00e9lt\u00f3n k\u00e9pviselni haz\u00e1nkat.<\/p>\n<p><img decoding=\"async\" class=\"alignnone size-large wp-image-39122\" src=\"https:\/\/dorogimedence.hu\/wp-content\/uploads\/2021\/12\/szepsegverseny-02-1024x965.jpg\" alt=\"\" width=\"755\" height=\"711\" srcset=\"https:\/\/dorogimedence.hu\/wp-content\/uploads\/2021\/12\/szepsegverseny-02-1024x965.jpg 1024w, https:\/\/dorogimedence.hu\/wp-content\/uploads\/2021\/12\/szepsegverseny-02-300x283.jpg 300w, https:\/\/dorogimedence.hu\/wp-content\/uploads\/2021\/12\/szepsegverseny-02-768x724.jpg 768w, https:\/\/dorogimedence.hu\/wp-content\/uploads\/2021\/12\/szepsegverseny-02-150x141.jpg 150w, https:\/\/dorogimedence.hu\/wp-content\/uploads\/2021\/12\/szepsegverseny-02-450x424.jpg 450w, https:\/\/dorogimedence.hu\/wp-content\/uploads\/2021\/12\/szepsegverseny-02-1200x1131.jpg 1200w, https:\/\/dorogimedence.hu\/wp-content\/uploads\/2021\/12\/szepsegverseny-02.jpg 1494w\" sizes=\"(max-width: 755px) 100vw, 755px\" \/><\/p>\n<p><iframe title=\"Miss Hungary 2021 D\u00d6NT\u0150 2 Eredm\u00e9nyhirdet\u00e9s Final Announcement of Results\" width=\"755\" height=\"425\" src=\"https:\/\/www.youtube.com\/embed\/LiDaeDRBUX4?feature=oembed\" frameborder=\"0\" allow=\"accelerometer; autoplay; clipboard-write; encrypted-media; gyroscope; picture-in-picture; web-share\" referrerpolicy=\"strict-origin-when-cross-origin\" allowfullscreen><\/iframe><\/p>\n<p><em>Forr\u00e1s: Miss Hungary 2021<\/em><br \/>\n<em>Fot\u00f3k: De\u00e1k Attila<\/em><\/p>\n","protected":false},"excerpt":{"rendered":"<p>A 31. Miss Hungary 2021. Nemzeti Sz\u00e9ps\u00e9gverseny \u00e9s Kir\u00e1lyn\u0151v\u00e1laszt\u00e1s d\u00f6nt\u0151j\u00e9t a La Burrata Mozzarella, a mozzarell\u00e1k kir\u00e1lyn\u0151je f\u0151t\u00e1mogat\u00e1s\u00e1val rendezt\u00e9k meg december 4-\u00e9n a G\u00f6d\u00f6ll\u0151i Kir\u00e1lyi Kast\u00e9ly Lovard\u00e1j\u00e1ban. Haz\u00e1nk legr\u00e9gebbi sz\u00e9ps\u00e9gverseny\u00e9n a k\u00f6z\u00f6ns\u00e9g szavazatai alapj\u00e1n az esztergomi B\u00e9k\u00e9si No\u00e9mi kapta toronymagasan a k\u00f6z\u00f6ns\u00e9gd\u00edjat. Ezzel automatikusan jutott az els\u0151 \u00f6t k\u00f6z\u00e9. A szakemberekb\u0151l \u00e9s a t\u00e1mogat\u00f3kb\u00f3l \u00e1ll\u00f3<\/p>\n","protected":false},"author":1,"featured_media":39120,"comment_status":"closed","ping_status":"closed","sticky":false,"template":"","format":"standard","meta":{"ngg_post_thumbnail":0,"footnotes":""},"categories":[38,3],"tags":[6155,42,5624,6154,4064],"class_list":{"0":"post-39119","1":"post","2":"type-post","3":"status-publish","4":"format-standard","5":"has-post-thumbnail","7":"category-esztergom","8":"category-hirek","9":"tag-bekesi-noemi","10":"tag-esztergom","11":"tag-featured","12":"tag-miss-hungary","13":"tag-szepsegverseny"},"yoast_head":"<!-- This site is optimized with the Yoast SEO plugin v27.5 - https:\/\/yoast.com\/product\/yoast-seo-wordpress\/ -->\n<title>Az esztergomi B\u00e9k\u00e9si No\u00e9mi lett Magyarorsz\u00e1g 31. kir\u00e1lyn\u0151je<\/title>\n<meta name=\"robots\" content=\"index, follow, max-snippet:-1, max-image-preview:large, max-video-preview:-1\" \/>\n<link rel=\"canonical\" href=\"https:\/\/dorogimedence.hu\/index.php\/2021\/12\/07\/az-esztergomi-bekesi-noemi-lett-magyarorszag-31-kiralynoje\/\" class=\"yoast-seo-meta-tag\" \/>\n<meta property=\"og:locale\" content=\"hu_HU\" class=\"yoast-seo-meta-tag\" \/>\n<meta property=\"og:type\" content=\"article\" class=\"yoast-seo-meta-tag\" \/>\n<meta property=\"og:title\" content=\"Az esztergomi B\u00e9k\u00e9si No\u00e9mi lett Magyarorsz\u00e1g 31. kir\u00e1lyn\u0151je\" class=\"yoast-seo-meta-tag\" \/>\n<meta property=\"og:description\" content=\"A 31. Miss Hungary 2021. Nemzeti Sz\u00e9ps\u00e9gverseny \u00e9s Kir\u00e1lyn\u0151v\u00e1laszt\u00e1s d\u00f6nt\u0151j\u00e9t a La Burrata Mozzarella, a mozzarell\u00e1k kir\u00e1lyn\u0151je f\u0151t\u00e1mogat\u00e1s\u00e1val rendezt\u00e9k meg december 4-\u00e9n a G\u00f6d\u00f6ll\u0151i Kir\u00e1lyi Kast\u00e9ly Lovard\u00e1j\u00e1ban. Haz\u00e1nk legr\u00e9gebbi sz\u00e9ps\u00e9gverseny\u00e9n a k\u00f6z\u00f6ns\u00e9g szavazatai alapj\u00e1n az esztergomi B\u00e9k\u00e9si No\u00e9mi kapta toronymagasan a k\u00f6z\u00f6ns\u00e9gd\u00edjat. Ezzel automatikusan jutott az els\u0151 \u00f6t k\u00f6z\u00e9. A szakemberekb\u0151l \u00e9s a t\u00e1mogat\u00f3kb\u00f3l \u00e1ll\u00f3\" class=\"yoast-seo-meta-tag\" \/>\n<meta property=\"og:url\" content=\"https:\/\/dorogimedence.hu\/index.php\/2021\/12\/07\/az-esztergomi-bekesi-noemi-lett-magyarorszag-31-kiralynoje\/\" class=\"yoast-seo-meta-tag\" \/>\n<meta property=\"og:site_name\" content=\"Dorogi-medence Region\u00e1lis H\u00edrport\u00e1l\" class=\"yoast-seo-meta-tag\" \/>\n<meta property=\"article:publisher\" content=\"https:\/\/www.facebook.com\/dorogimedence\/\" class=\"yoast-seo-meta-tag\" \/>\n<meta property=\"article:published_time\" content=\"2021-12-07T10:44:08+00:00\" class=\"yoast-seo-meta-tag\" \/>\n<meta property=\"article:modified_time\" content=\"2021-12-07T10:54:42+00:00\" class=\"yoast-seo-meta-tag\" \/>\n<meta property=\"og:image\" content=\"https:\/\/i0.wp.com\/dorogimedence.hu\/wp-content\/uploads\/2021\/12\/szepsegverseny-01.jpg?fit=1920%2C1026&ssl=1\" class=\"yoast-seo-meta-tag\" \/>\n\t<meta property=\"og:image:width\" content=\"1920\" class=\"yoast-seo-meta-tag\" \/>\n\t<meta property=\"og:image:height\" content=\"1026\" class=\"yoast-seo-meta-tag\" \/>\n\t<meta property=\"og:image:type\" content=\"image\/jpeg\" class=\"yoast-seo-meta-tag\" \/>\n<meta name=\"author\" content=\"dorogimedence.hu\" class=\"yoast-seo-meta-tag\" \/>\n<meta name=\"twitter:card\" content=\"summary_large_image\" class=\"yoast-seo-meta-tag\" \/>\n<meta name=\"twitter:label1\" content=\"Szerz\u0151:\" class=\"yoast-seo-meta-tag\" \/>\n\t<meta name=\"twitter:data1\" content=\"dorogimedence.hu\" class=\"yoast-seo-meta-tag\" \/>\n\t<meta name=\"twitter:label2\" content=\"Becs\u00fclt olvas\u00e1si id\u0151\" class=\"yoast-seo-meta-tag\" \/>\n\t<meta name=\"twitter:data2\" content=\"3 perc\" class=\"yoast-seo-meta-tag\" \/>\n<script type=\"application\/ld+json\" class=\"yoast-schema-graph\">{\"@context\":\"https:\\\/\\\/schema.org\",\"@graph\":[{\"@type\":\"Article\",\"@id\":\"https:\\\/\\\/dorogimedence.hu\\\/index.php\\\/2021\\\/12\\\/07\\\/az-esztergomi-bekesi-noemi-lett-magyarorszag-31-kiralynoje\\\/#article\",\"isPartOf\":{\"@id\":\"https:\\\/\\\/dorogimedence.hu\\\/index.php\\\/2021\\\/12\\\/07\\\/az-esztergomi-bekesi-noemi-lett-magyarorszag-31-kiralynoje\\\/\"},\"author\":{\"name\":\"dorogimedence.hu\",\"@id\":\"https:\\\/\\\/dorogimedence.hu\\\/#\\\/schema\\\/person\\\/ce6091eeb7e95ecdc87890d6aa8e0fd4\"},\"headline\":\"Az esztergomi B\u00e9k\u00e9si No\u00e9mi lett Magyarorsz\u00e1g 31. kir\u00e1lyn\u0151je\",\"datePublished\":\"2021-12-07T10:44:08+00:00\",\"dateModified\":\"2021-12-07T10:54:42+00:00\",\"mainEntityOfPage\":{\"@id\":\"https:\\\/\\\/dorogimedence.hu\\\/index.php\\\/2021\\\/12\\\/07\\\/az-esztergomi-bekesi-noemi-lett-magyarorszag-31-kiralynoje\\\/\"},\"wordCount\":602,\"publisher\":{\"@id\":\"https:\\\/\\\/dorogimedence.hu\\\/#organization\"},\"image\":{\"@id\":\"https:\\\/\\\/dorogimedence.hu\\\/index.php\\\/2021\\\/12\\\/07\\\/az-esztergomi-bekesi-noemi-lett-magyarorszag-31-kiralynoje\\\/#primaryimage\"},\"thumbnailUrl\":\"https:\\\/\\\/dorogimedence.hu\\\/wp-content\\\/uploads\\\/2021\\\/12\\\/szepsegverseny-01.jpg\",\"keywords\":[\"B\u00e9k\u00e9si No\u00e9mi\",\"esztergom\",\"featured\",\"Miss Hungary\",\"sz\u00e9ps\u00e9gverseny\"],\"articleSection\":[\"Esztergom\",\"H\u00edrek\"],\"inLanguage\":\"hu\"},{\"@type\":\"WebPage\",\"@id\":\"https:\\\/\\\/dorogimedence.hu\\\/index.php\\\/2021\\\/12\\\/07\\\/az-esztergomi-bekesi-noemi-lett-magyarorszag-31-kiralynoje\\\/\",\"url\":\"https:\\\/\\\/dorogimedence.hu\\\/index.php\\\/2021\\\/12\\\/07\\\/az-esztergomi-bekesi-noemi-lett-magyarorszag-31-kiralynoje\\\/\",\"name\":\"Az esztergomi B\u00e9k\u00e9si No\u00e9mi lett Magyarorsz\u00e1g 31. kir\u00e1lyn\u0151je\",\"isPartOf\":{\"@id\":\"https:\\\/\\\/dorogimedence.hu\\\/#website\"},\"primaryImageOfPage\":{\"@id\":\"https:\\\/\\\/dorogimedence.hu\\\/index.php\\\/2021\\\/12\\\/07\\\/az-esztergomi-bekesi-noemi-lett-magyarorszag-31-kiralynoje\\\/#primaryimage\"},\"image\":{\"@id\":\"https:\\\/\\\/dorogimedence.hu\\\/index.php\\\/2021\\\/12\\\/07\\\/az-esztergomi-bekesi-noemi-lett-magyarorszag-31-kiralynoje\\\/#primaryimage\"},\"thumbnailUrl\":\"https:\\\/\\\/dorogimedence.hu\\\/wp-content\\\/uploads\\\/2021\\\/12\\\/szepsegverseny-01.jpg\",\"datePublished\":\"2021-12-07T10:44:08+00:00\",\"dateModified\":\"2021-12-07T10:54:42+00:00\",\"breadcrumb\":{\"@id\":\"https:\\\/\\\/dorogimedence.hu\\\/index.php\\\/2021\\\/12\\\/07\\\/az-esztergomi-bekesi-noemi-lett-magyarorszag-31-kiralynoje\\\/#breadcrumb\"},\"inLanguage\":\"hu\",\"potentialAction\":[{\"@type\":\"ReadAction\",\"target\":[\"https:\\\/\\\/dorogimedence.hu\\\/index.php\\\/2021\\\/12\\\/07\\\/az-esztergomi-bekesi-noemi-lett-magyarorszag-31-kiralynoje\\\/\"]}]},{\"@type\":\"ImageObject\",\"inLanguage\":\"hu\",\"@id\":\"https:\\\/\\\/dorogimedence.hu\\\/index.php\\\/2021\\\/12\\\/07\\\/az-esztergomi-bekesi-noemi-lett-magyarorszag-31-kiralynoje\\\/#primaryimage\",\"url\":\"https:\\\/\\\/dorogimedence.hu\\\/wp-content\\\/uploads\\\/2021\\\/12\\\/szepsegverseny-01.jpg\",\"contentUrl\":\"https:\\\/\\\/dorogimedence.hu\\\/wp-content\\\/uploads\\\/2021\\\/12\\\/szepsegverseny-01.jpg\",\"width\":1920,\"height\":1026},{\"@type\":\"BreadcrumbList\",\"@id\":\"https:\\\/\\\/dorogimedence.hu\\\/index.php\\\/2021\\\/12\\\/07\\\/az-esztergomi-bekesi-noemi-lett-magyarorszag-31-kiralynoje\\\/#breadcrumb\",\"itemListElement\":[{\"@type\":\"ListItem\",\"position\":1,\"name\":\"Kezd\u0151lap\",\"item\":\"https:\\\/\\\/dorogimedence.hu\\\/\"},{\"@type\":\"ListItem\",\"position\":2,\"name\":\"Az esztergomi B\u00e9k\u00e9si No\u00e9mi lett Magyarorsz\u00e1g 31. kir\u00e1lyn\u0151je\"}]},{\"@type\":\"WebSite\",\"@id\":\"https:\\\/\\\/dorogimedence.hu\\\/#website\",\"url\":\"https:\\\/\\\/dorogimedence.hu\\\/\",\"name\":\"Dorogi-medence Region\u00e1lis H\u00edrport\u00e1l\",\"description\":\"Dorog, Keszt\u00f6lc, Le\u00e1nyv\u00e1r, Piliscs\u00e9v, Tokod, Tokodalt\u00e1r\u00f3, Csolnok, Esztergom-kertv\u00e1ros: h\u00edrek, programok\",\"publisher\":{\"@id\":\"https:\\\/\\\/dorogimedence.hu\\\/#organization\"},\"potentialAction\":[{\"@type\":\"SearchAction\",\"target\":{\"@type\":\"EntryPoint\",\"urlTemplate\":\"https:\\\/\\\/dorogimedence.hu\\\/?s={search_term_string}\"},\"query-input\":{\"@type\":\"PropertyValueSpecification\",\"valueRequired\":true,\"valueName\":\"search_term_string\"}}],\"inLanguage\":\"hu\"},{\"@type\":\"Organization\",\"@id\":\"https:\\\/\\\/dorogimedence.hu\\\/#organization\",\"name\":\"Dorogi-medence Region\u00e1lis H\u00edrport\u00e1l\",\"url\":\"https:\\\/\\\/dorogimedence.hu\\\/\",\"logo\":{\"@type\":\"ImageObject\",\"inLanguage\":\"hu\",\"@id\":\"https:\\\/\\\/dorogimedence.hu\\\/#\\\/schema\\\/logo\\\/image\\\/\",\"url\":\"https:\\\/\\\/dorogimedence.hu\\\/wp-content\\\/uploads\\\/2021\\\/04\\\/logo-feher-600.png\",\"contentUrl\":\"https:\\\/\\\/dorogimedence.hu\\\/wp-content\\\/uploads\\\/2021\\\/04\\\/logo-feher-600.png\",\"width\":600,\"height\":100,\"caption\":\"Dorogi-medence Region\u00e1lis H\u00edrport\u00e1l\"},\"image\":{\"@id\":\"https:\\\/\\\/dorogimedence.hu\\\/#\\\/schema\\\/logo\\\/image\\\/\"},\"sameAs\":[\"https:\\\/\\\/www.facebook.com\\\/dorogimedence\\\/\"]},{\"@type\":\"Person\",\"@id\":\"https:\\\/\\\/dorogimedence.hu\\\/#\\\/schema\\\/person\\\/ce6091eeb7e95ecdc87890d6aa8e0fd4\",\"name\":\"dorogimedence.hu\",\"image\":{\"@type\":\"ImageObject\",\"inLanguage\":\"hu\",\"@id\":\"\\\/\\\/www.gravatar.com\\\/avatar\\\/d8d45f8901aadff40a4af72c0b826f1d?s=96&#038;r=g&#038;d=mm\",\"url\":\"\\\/\\\/www.gravatar.com\\\/avatar\\\/d8d45f8901aadff40a4af72c0b826f1d?s=96&#038;r=g&#038;d=mm\",\"contentUrl\":\"\\\/\\\/www.gravatar.com\\\/avatar\\\/d8d45f8901aadff40a4af72c0b826f1d?s=96&#038;r=g&#038;d=mm\",\"caption\":\"dorogimedence.hu\"}}]}<\/script>\n<!-- \/ Yoast SEO plugin. -->","yoast_head_json":{"title":"Az esztergomi B\u00e9k\u00e9si No\u00e9mi lett Magyarorsz\u00e1g 31. kir\u00e1lyn\u0151je","robots":{"index":"index","follow":"follow","max-snippet":"max-snippet:-1","max-image-preview":"max-image-preview:large","max-video-preview":"max-video-preview:-1"},"canonical":"https:\/\/dorogimedence.hu\/index.php\/2021\/12\/07\/az-esztergomi-bekesi-noemi-lett-magyarorszag-31-kiralynoje\/","og_locale":"hu_HU","og_type":"article","og_title":"Az esztergomi B\u00e9k\u00e9si No\u00e9mi lett Magyarorsz\u00e1g 31. kir\u00e1lyn\u0151je","og_description":"A 31. Miss Hungary 2021. Nemzeti Sz\u00e9ps\u00e9gverseny \u00e9s Kir\u00e1lyn\u0151v\u00e1laszt\u00e1s d\u00f6nt\u0151j\u00e9t a La Burrata Mozzarella, a mozzarell\u00e1k kir\u00e1lyn\u0151je f\u0151t\u00e1mogat\u00e1s\u00e1val rendezt\u00e9k meg december 4-\u00e9n a G\u00f6d\u00f6ll\u0151i Kir\u00e1lyi Kast\u00e9ly Lovard\u00e1j\u00e1ban. Haz\u00e1nk legr\u00e9gebbi sz\u00e9ps\u00e9gverseny\u00e9n a k\u00f6z\u00f6ns\u00e9g szavazatai alapj\u00e1n az esztergomi B\u00e9k\u00e9si No\u00e9mi kapta toronymagasan a k\u00f6z\u00f6ns\u00e9gd\u00edjat. Ezzel automatikusan jutott az els\u0151 \u00f6t k\u00f6z\u00e9. A szakemberekb\u0151l \u00e9s a t\u00e1mogat\u00f3kb\u00f3l \u00e1ll\u00f3","og_url":"https:\/\/dorogimedence.hu\/index.php\/2021\/12\/07\/az-esztergomi-bekesi-noemi-lett-magyarorszag-31-kiralynoje\/","og_site_name":"Dorogi-medence Region\u00e1lis H\u00edrport\u00e1l","article_publisher":"https:\/\/www.facebook.com\/dorogimedence\/","article_published_time":"2021-12-07T10:44:08+00:00","article_modified_time":"2021-12-07T10:54:42+00:00","og_image":[{"width":1920,"height":1026,"url":"https:\/\/i0.wp.com\/dorogimedence.hu\/wp-content\/uploads\/2021\/12\/szepsegverseny-01.jpg?fit=1920%2C1026&ssl=1","type":"image\/jpeg"}],"author":"dorogimedence.hu","twitter_card":"summary_large_image","twitter_misc":{"Szerz\u0151:":"dorogimedence.hu","Becs\u00fclt olvas\u00e1si id\u0151":"3 perc"},"schema":{"@context":"https:\/\/schema.org","@graph":[{"@type":"Article","@id":"https:\/\/dorogimedence.hu\/index.php\/2021\/12\/07\/az-esztergomi-bekesi-noemi-lett-magyarorszag-31-kiralynoje\/#article","isPartOf":{"@id":"https:\/\/dorogimedence.hu\/index.php\/2021\/12\/07\/az-esztergomi-bekesi-noemi-lett-magyarorszag-31-kiralynoje\/"},"author":{"name":"dorogimedence.hu","@id":"https:\/\/dorogimedence.hu\/#\/schema\/person\/ce6091eeb7e95ecdc87890d6aa8e0fd4"},"headline":"Az esztergomi B\u00e9k\u00e9si No\u00e9mi lett Magyarorsz\u00e1g 31. kir\u00e1lyn\u0151je","datePublished":"2021-12-07T10:44:08+00:00","dateModified":"2021-12-07T10:54:42+00:00","mainEntityOfPage":{"@id":"https:\/\/dorogimedence.hu\/index.php\/2021\/12\/07\/az-esztergomi-bekesi-noemi-lett-magyarorszag-31-kiralynoje\/"},"wordCount":602,"publisher":{"@id":"https:\/\/dorogimedence.hu\/#organization"},"image":{"@id":"https:\/\/dorogimedence.hu\/index.php\/2021\/12\/07\/az-esztergomi-bekesi-noemi-lett-magyarorszag-31-kiralynoje\/#primaryimage"},"thumbnailUrl":"https:\/\/dorogimedence.hu\/wp-content\/uploads\/2021\/12\/szepsegverseny-01.jpg","keywords":["B\u00e9k\u00e9si No\u00e9mi","esztergom","featured","Miss Hungary","sz\u00e9ps\u00e9gverseny"],"articleSection":["Esztergom","H\u00edrek"],"inLanguage":"hu"},{"@type":"WebPage","@id":"https:\/\/dorogimedence.hu\/index.php\/2021\/12\/07\/az-esztergomi-bekesi-noemi-lett-magyarorszag-31-kiralynoje\/","url":"https:\/\/dorogimedence.hu\/index.php\/2021\/12\/07\/az-esztergomi-bekesi-noemi-lett-magyarorszag-31-kiralynoje\/","name":"Az esztergomi B\u00e9k\u00e9si No\u00e9mi lett Magyarorsz\u00e1g 31. kir\u00e1lyn\u0151je","isPartOf":{"@id":"https:\/\/dorogimedence.hu\/#website"},"primaryImageOfPage":{"@id":"https:\/\/dorogimedence.hu\/index.php\/2021\/12\/07\/az-esztergomi-bekesi-noemi-lett-magyarorszag-31-kiralynoje\/#primaryimage"},"image":{"@id":"https:\/\/dorogimedence.hu\/index.php\/2021\/12\/07\/az-esztergomi-bekesi-noemi-lett-magyarorszag-31-kiralynoje\/#primaryimage"},"thumbnailUrl":"https:\/\/dorogimedence.hu\/wp-content\/uploads\/2021\/12\/szepsegverseny-01.jpg","datePublished":"2021-12-07T10:44:08+00:00","dateModified":"2021-12-07T10:54:42+00:00","breadcrumb":{"@id":"https:\/\/dorogimedence.hu\/index.php\/2021\/12\/07\/az-esztergomi-bekesi-noemi-lett-magyarorszag-31-kiralynoje\/#breadcrumb"},"inLanguage":"hu","potentialAction":[{"@type":"ReadAction","target":["https:\/\/dorogimedence.hu\/index.php\/2021\/12\/07\/az-esztergomi-bekesi-noemi-lett-magyarorszag-31-kiralynoje\/"]}]},{"@type":"ImageObject","inLanguage":"hu","@id":"https:\/\/dorogimedence.hu\/index.php\/2021\/12\/07\/az-esztergomi-bekesi-noemi-lett-magyarorszag-31-kiralynoje\/#primaryimage","url":"https:\/\/dorogimedence.hu\/wp-content\/uploads\/2021\/12\/szepsegverseny-01.jpg","contentUrl":"https:\/\/dorogimedence.hu\/wp-content\/uploads\/2021\/12\/szepsegverseny-01.jpg","width":1920,"height":1026},{"@type":"BreadcrumbList","@id":"https:\/\/dorogimedence.hu\/index.php\/2021\/12\/07\/az-esztergomi-bekesi-noemi-lett-magyarorszag-31-kiralynoje\/#breadcrumb","itemListElement":[{"@type":"ListItem","position":1,"name":"Kezd\u0151lap","item":"https:\/\/dorogimedence.hu\/"},{"@type":"ListItem","position":2,"name":"Az esztergomi B\u00e9k\u00e9si No\u00e9mi lett Magyarorsz\u00e1g 31. kir\u00e1lyn\u0151je"}]},{"@type":"WebSite","@id":"https:\/\/dorogimedence.hu\/#website","url":"https:\/\/dorogimedence.hu\/","name":"Dorogi-medence Region\u00e1lis H\u00edrport\u00e1l","description":"Dorog, Keszt\u00f6lc, Le\u00e1nyv\u00e1r, Piliscs\u00e9v, Tokod, Tokodalt\u00e1r\u00f3, Csolnok, Esztergom-kertv\u00e1ros: h\u00edrek, programok","publisher":{"@id":"https:\/\/dorogimedence.hu\/#organization"},"potentialAction":[{"@type":"SearchAction","target":{"@type":"EntryPoint","urlTemplate":"https:\/\/dorogimedence.hu\/?s={search_term_string}"},"query-input":{"@type":"PropertyValueSpecification","valueRequired":true,"valueName":"search_term_string"}}],"inLanguage":"hu"},{"@type":"Organization","@id":"https:\/\/dorogimedence.hu\/#organization","name":"Dorogi-medence Region\u00e1lis H\u00edrport\u00e1l","url":"https:\/\/dorogimedence.hu\/","logo":{"@type":"ImageObject","inLanguage":"hu","@id":"https:\/\/dorogimedence.hu\/#\/schema\/logo\/image\/","url":"https:\/\/dorogimedence.hu\/wp-content\/uploads\/2021\/04\/logo-feher-600.png","contentUrl":"https:\/\/dorogimedence.hu\/wp-content\/uploads\/2021\/04\/logo-feher-600.png","width":600,"height":100,"caption":"Dorogi-medence Region\u00e1lis H\u00edrport\u00e1l"},"image":{"@id":"https:\/\/dorogimedence.hu\/#\/schema\/logo\/image\/"},"sameAs":["https:\/\/www.facebook.com\/dorogimedence\/"]},{"@type":"Person","@id":"https:\/\/dorogimedence.hu\/#\/schema\/person\/ce6091eeb7e95ecdc87890d6aa8e0fd4","name":"dorogimedence.hu","image":{"@type":"ImageObject","inLanguage":"hu","@id":"\/\/www.gravatar.com\/avatar\/d8d45f8901aadff40a4af72c0b826f1d?s=96&#038;r=g&#038;d=mm","url":"\/\/www.gravatar.com\/avatar\/d8d45f8901aadff40a4af72c0b826f1d?s=96&#038;r=g&#038;d=mm","contentUrl":"\/\/www.gravatar.com\/avatar\/d8d45f8901aadff40a4af72c0b826f1d?s=96&#038;r=g&#038;d=mm","caption":"dorogimedence.hu"}}]}},"_links":{"self":[{"href":"https:\/\/dorogimedence.hu\/index.php\/wp-json\/wp\/v2\/posts\/39119","targetHints":{"allow":["GET"]}}],"collection":[{"href":"https:\/\/dorogimedence.hu\/index.php\/wp-json\/wp\/v2\/posts"}],"about":[{"href":"https:\/\/dorogimedence.hu\/index.php\/wp-json\/wp\/v2\/types\/post"}],"author":[{"embeddable":true,"href":"https:\/\/dorogimedence.hu\/index.php\/wp-json\/wp\/v2\/users\/1"}],"replies":[{"embeddable":true,"href":"https:\/\/dorogimedence.hu\/index.php\/wp-json\/wp\/v2\/comments?post=39119"}],"version-history":[{"count":0,"href":"https:\/\/dorogimedence.hu\/index.php\/wp-json\/wp\/v2\/posts\/39119\/revisions"}],"wp:featuredmedia":[{"embeddable":true,"href":"https:\/\/dorogimedence.hu\/index.php\/wp-json\/wp\/v2\/media\/39120"}],"wp:attachment":[{"href":"https:\/\/dorogimedence.hu\/index.php\/wp-json\/wp\/v2\/media?parent=39119"}],"wp:term":[{"taxonomy":"category","embeddable":true,"href":"https:\/\/dorogimedence.hu\/index.php\/wp-json\/wp\/v2\/categories?post=39119"},{"taxonomy":"post_tag","embeddable":true,"href":"https:\/\/dorogimedence.hu\/index.php\/wp-json\/wp\/v2\/tags?post=39119"}],"curies":[{"name":"wp","href":"https:\/\/api.w.org\/{rel}","templated":true}]}}