{"id":39070,"date":"2021-12-06T10:38:51","date_gmt":"2021-12-06T09:38:51","guid":{"rendered":"https:\/\/dorogimedence.hu\/?p=39070"},"modified":"2021-12-06T10:39:39","modified_gmt":"2021-12-06T09:39:39","slug":"tervezett-aramszunetek-decemberben-3","status":"publish","type":"post","link":"https:\/\/dorogimedence.hu\/index.php\/2021\/12\/06\/tervezett-aramszunetek-decemberben-3\/","title":{"rendered":"Tervezett \u00e1ramsz\u00fcnetek decemberben"},"content":{"rendered":"<p><strong>T\u00e9rs\u00e9g\u00fcnkben Dorogon, T\u00e1ton \u00e9s Pilisszentkereszten sz\u00e1m\u00edthatunk tervezett \u00e1ramsz\u00fcnetekre 2021 december\u00e9ben.<\/strong><\/p>\n<p>Az E.ON Hung\u00e1ria folyamatos korszer\u0171s\u00edt\u00e9st hajt v\u00e9gre h\u00e1l\u00f3zat\u00e1n. A tervszer\u0171 beavatkoz\u00e1sok biztons\u00e1gos elv\u00e9gz\u00e9se \u00e9rdek\u00e9ben elengedhetetlen a vezet\u00e9k id\u0151szakos fesz\u00fclts\u00e9gmentes\u00edt\u00e9se.<\/p>\n<p>Az al\u00e1bbi id\u0151pontokban sz\u00e1m\u00edthatunk \u00e1ramkimarad\u00e1sokra az al\u00e1bbi telep\u00fcl\u00e9seken:<\/p>\n<p><span style=\"text-decoration: underline;\">December 7. kedd:<\/span><br \/>\n<strong>T\u00e1t (09.00-13.00):<\/strong> Alkotm\u00e1ny utca, Gorkij fasor 1-27., Juh\u00e1sz Gyula utca, M\u00e1ty\u00e1s kir\u00e1ly utca, M\u00f3ricz Zsigmond utca 2-4., Szent Istv\u00e1n \u00fat 27-51 p\u00e1ratlan \u00e9s 60-120 p\u00e1ros, Sz\u00e9chenyi Istv\u00e1n utca, Sz\u00e9kely k\u00f6z, Tam\u00e1si \u00c1ron utca. <strong>Pilisszentkereszt (08.00-16.00):<\/strong> Ady Endre utca, B\u00fckk\u00f6s utca, Cserk\u00e9sz utca, E\u00f6tv\u00f6s L\u00f3r\u00e1nd utca 10 (Zsindelyes Vend\u00e9gh\u00e1z) \u00e9s 1-35 p\u00e1ratlan, J\u00f3zsef Attila utca, Napsug\u00e1r utca, Pihen\u00f6 s\u00e9t\u00e1ny, Torony utca, V\u00f6r\u00f6smarty Mih\u00e1ly utca, \u00d6zike utca.<\/p>\n<p><span style=\"text-decoration: underline;\">December 16. cs\u00fct\u00f6rt\u00f6k:<\/span><br \/>\n<strong>Dorog (08.30-14.30):<\/strong> Baross G\u00e1bor lak\u00f3telep.<\/p>\n<p><em>Forr\u00e1s: E.ON<\/em><\/p>\n","protected":false},"excerpt":{"rendered":"<p>T\u00e9rs\u00e9g\u00fcnkben Dorogon, T\u00e1ton \u00e9s Pilisszentkereszten sz\u00e1m\u00edthatunk tervezett \u00e1ramsz\u00fcnetekre 2021 december\u00e9ben. Az E.ON Hung\u00e1ria folyamatos korszer\u0171s\u00edt\u00e9st hajt v\u00e9gre h\u00e1l\u00f3zat\u00e1n. A tervszer\u0171 beavatkoz\u00e1sok biztons\u00e1gos elv\u00e9gz\u00e9se \u00e9rdek\u00e9ben elengedhetetlen a vezet\u00e9k id\u0151szakos fesz\u00fclts\u00e9gmentes\u00edt\u00e9se. Az al\u00e1bbi id\u0151pontokban sz\u00e1m\u00edthatunk \u00e1ramkimarad\u00e1sokra az al\u00e1bbi telep\u00fcl\u00e9seken: December 7. kedd: T\u00e1t (09.00-13.00): Alkotm\u00e1ny utca, Gorkij fasor 1-27., Juh\u00e1sz Gyula utca, M\u00e1ty\u00e1s kir\u00e1ly utca, M\u00f3ricz Zsigmond<\/p>\n","protected":false},"author":1,"featured_media":33070,"comment_status":"closed","ping_status":"closed","sticky":false,"template":"","format":"standard","meta":{"ngg_post_thumbnail":0,"footnotes":""},"categories":[2,3,110],"tags":[336,1432,15,665,100,111],"class_list":{"0":"post-39070","1":"post","2":"type-post","3":"status-publish","4":"format-standard","5":"has-post-thumbnail","7":"category-dorog","8":"category-hirek","9":"category-tat","10":"tag-aramszunet","11":"tag-aramszunetek","12":"tag-dorog","13":"tag-e-on","14":"tag-pilisszentkereszt","15":"tag-tat"},"yoast_head":"<!-- This site is optimized with the Yoast SEO plugin v27.5 - https:\/\/yoast.com\/product\/yoast-seo-wordpress\/ -->\n<title>Tervezett \u00e1ramsz\u00fcnetek decemberben<\/title>\n<meta name=\"robots\" content=\"index, follow, max-snippet:-1, max-image-preview:large, max-video-preview:-1\" \/>\n<link rel=\"canonical\" href=\"https:\/\/dorogimedence.hu\/index.php\/2021\/12\/06\/tervezett-aramszunetek-decemberben-3\/\" class=\"yoast-seo-meta-tag\" \/>\n<meta property=\"og:locale\" content=\"hu_HU\" class=\"yoast-seo-meta-tag\" \/>\n<meta property=\"og:type\" content=\"article\" class=\"yoast-seo-meta-tag\" \/>\n<meta property=\"og:title\" content=\"Tervezett \u00e1ramsz\u00fcnetek decemberben\" class=\"yoast-seo-meta-tag\" \/>\n<meta property=\"og:description\" content=\"T\u00e9rs\u00e9g\u00fcnkben Dorogon, T\u00e1ton \u00e9s Pilisszentkereszten sz\u00e1m\u00edthatunk tervezett \u00e1ramsz\u00fcnetekre 2021 december\u00e9ben. Az E.ON Hung\u00e1ria folyamatos korszer\u0171s\u00edt\u00e9st hajt v\u00e9gre h\u00e1l\u00f3zat\u00e1n. A tervszer\u0171 beavatkoz\u00e1sok biztons\u00e1gos elv\u00e9gz\u00e9se \u00e9rdek\u00e9ben elengedhetetlen a vezet\u00e9k id\u0151szakos fesz\u00fclts\u00e9gmentes\u00edt\u00e9se. Az al\u00e1bbi id\u0151pontokban sz\u00e1m\u00edthatunk \u00e1ramkimarad\u00e1sokra az al\u00e1bbi telep\u00fcl\u00e9seken: December 7. kedd: T\u00e1t (09.00-13.00): Alkotm\u00e1ny utca, Gorkij fasor 1-27., Juh\u00e1sz Gyula utca, M\u00e1ty\u00e1s kir\u00e1ly utca, M\u00f3ricz Zsigmond\" class=\"yoast-seo-meta-tag\" \/>\n<meta property=\"og:url\" content=\"https:\/\/dorogimedence.hu\/index.php\/2021\/12\/06\/tervezett-aramszunetek-decemberben-3\/\" class=\"yoast-seo-meta-tag\" \/>\n<meta property=\"og:site_name\" content=\"Dorogi-medence Region\u00e1lis H\u00edrport\u00e1l\" class=\"yoast-seo-meta-tag\" \/>\n<meta property=\"article:publisher\" content=\"https:\/\/www.facebook.com\/dorogimedence\/\" class=\"yoast-seo-meta-tag\" \/>\n<meta property=\"article:published_time\" content=\"2021-12-06T09:38:51+00:00\" class=\"yoast-seo-meta-tag\" \/>\n<meta property=\"article:modified_time\" content=\"2021-12-06T09:39:39+00:00\" class=\"yoast-seo-meta-tag\" \/>\n<meta property=\"og:image\" content=\"https:\/\/i0.wp.com\/dorogimedence.hu\/wp-content\/uploads\/2021\/05\/villanyoszlop-06.jpg?fit=1920%2C1280&ssl=1\" class=\"yoast-seo-meta-tag\" \/>\n\t<meta property=\"og:image:width\" content=\"1920\" class=\"yoast-seo-meta-tag\" \/>\n\t<meta property=\"og:image:height\" content=\"1280\" class=\"yoast-seo-meta-tag\" \/>\n\t<meta property=\"og:image:type\" content=\"image\/jpeg\" class=\"yoast-seo-meta-tag\" \/>\n<meta name=\"author\" content=\"dorogimedence.hu\" class=\"yoast-seo-meta-tag\" \/>\n<meta name=\"twitter:card\" content=\"summary_large_image\" class=\"yoast-seo-meta-tag\" \/>\n<meta name=\"twitter:label1\" content=\"Szerz\u0151:\" class=\"yoast-seo-meta-tag\" \/>\n\t<meta name=\"twitter:data1\" content=\"dorogimedence.hu\" class=\"yoast-seo-meta-tag\" \/>\n\t<meta name=\"twitter:label2\" content=\"Becs\u00fclt olvas\u00e1si id\u0151\" class=\"yoast-seo-meta-tag\" \/>\n\t<meta name=\"twitter:data2\" content=\"1 perc\" class=\"yoast-seo-meta-tag\" \/>\n<script type=\"application\/ld+json\" class=\"yoast-schema-graph\">{\"@context\":\"https:\\\/\\\/schema.org\",\"@graph\":[{\"@type\":\"Article\",\"@id\":\"https:\\\/\\\/dorogimedence.hu\\\/index.php\\\/2021\\\/12\\\/06\\\/tervezett-aramszunetek-decemberben-3\\\/#article\",\"isPartOf\":{\"@id\":\"https:\\\/\\\/dorogimedence.hu\\\/index.php\\\/2021\\\/12\\\/06\\\/tervezett-aramszunetek-decemberben-3\\\/\"},\"author\":{\"name\":\"dorogimedence.hu\",\"@id\":\"https:\\\/\\\/dorogimedence.hu\\\/#\\\/schema\\\/person\\\/ce6091eeb7e95ecdc87890d6aa8e0fd4\"},\"headline\":\"Tervezett \u00e1ramsz\u00fcnetek decemberben\",\"datePublished\":\"2021-12-06T09:38:51+00:00\",\"dateModified\":\"2021-12-06T09:39:39+00:00\",\"mainEntityOfPage\":{\"@id\":\"https:\\\/\\\/dorogimedence.hu\\\/index.php\\\/2021\\\/12\\\/06\\\/tervezett-aramszunetek-decemberben-3\\\/\"},\"wordCount\":190,\"publisher\":{\"@id\":\"https:\\\/\\\/dorogimedence.hu\\\/#organization\"},\"image\":{\"@id\":\"https:\\\/\\\/dorogimedence.hu\\\/index.php\\\/2021\\\/12\\\/06\\\/tervezett-aramszunetek-decemberben-3\\\/#primaryimage\"},\"thumbnailUrl\":\"https:\\\/\\\/dorogimedence.hu\\\/wp-content\\\/uploads\\\/2021\\\/05\\\/villanyoszlop-06.jpg\",\"keywords\":[\"\u00e1ramsz\u00fcnet\",\"\u00e1ramsz\u00fcnetek\",\"Dorog\",\"e.on\",\"Pilisszentkereszt\",\"T\u00e1t\"],\"articleSection\":[\"Dorog\",\"H\u00edrek\",\"T\u00e1t\"],\"inLanguage\":\"hu\"},{\"@type\":\"WebPage\",\"@id\":\"https:\\\/\\\/dorogimedence.hu\\\/index.php\\\/2021\\\/12\\\/06\\\/tervezett-aramszunetek-decemberben-3\\\/\",\"url\":\"https:\\\/\\\/dorogimedence.hu\\\/index.php\\\/2021\\\/12\\\/06\\\/tervezett-aramszunetek-decemberben-3\\\/\",\"name\":\"Tervezett \u00e1ramsz\u00fcnetek decemberben\",\"isPartOf\":{\"@id\":\"https:\\\/\\\/dorogimedence.hu\\\/#website\"},\"primaryImageOfPage\":{\"@id\":\"https:\\\/\\\/dorogimedence.hu\\\/index.php\\\/2021\\\/12\\\/06\\\/tervezett-aramszunetek-decemberben-3\\\/#primaryimage\"},\"image\":{\"@id\":\"https:\\\/\\\/dorogimedence.hu\\\/index.php\\\/2021\\\/12\\\/06\\\/tervezett-aramszunetek-decemberben-3\\\/#primaryimage\"},\"thumbnailUrl\":\"https:\\\/\\\/dorogimedence.hu\\\/wp-content\\\/uploads\\\/2021\\\/05\\\/villanyoszlop-06.jpg\",\"datePublished\":\"2021-12-06T09:38:51+00:00\",\"dateModified\":\"2021-12-06T09:39:39+00:00\",\"breadcrumb\":{\"@id\":\"https:\\\/\\\/dorogimedence.hu\\\/index.php\\\/2021\\\/12\\\/06\\\/tervezett-aramszunetek-decemberben-3\\\/#breadcrumb\"},\"inLanguage\":\"hu\",\"potentialAction\":[{\"@type\":\"ReadAction\",\"target\":[\"https:\\\/\\\/dorogimedence.hu\\\/index.php\\\/2021\\\/12\\\/06\\\/tervezett-aramszunetek-decemberben-3\\\/\"]}]},{\"@type\":\"ImageObject\",\"inLanguage\":\"hu\",\"@id\":\"https:\\\/\\\/dorogimedence.hu\\\/index.php\\\/2021\\\/12\\\/06\\\/tervezett-aramszunetek-decemberben-3\\\/#primaryimage\",\"url\":\"https:\\\/\\\/dorogimedence.hu\\\/wp-content\\\/uploads\\\/2021\\\/05\\\/villanyoszlop-06.jpg\",\"contentUrl\":\"https:\\\/\\\/dorogimedence.hu\\\/wp-content\\\/uploads\\\/2021\\\/05\\\/villanyoszlop-06.jpg\",\"width\":1920,\"height\":1280},{\"@type\":\"BreadcrumbList\",\"@id\":\"https:\\\/\\\/dorogimedence.hu\\\/index.php\\\/2021\\\/12\\\/06\\\/tervezett-aramszunetek-decemberben-3\\\/#breadcrumb\",\"itemListElement\":[{\"@type\":\"ListItem\",\"position\":1,\"name\":\"Kezd\u0151lap\",\"item\":\"https:\\\/\\\/dorogimedence.hu\\\/\"},{\"@type\":\"ListItem\",\"position\":2,\"name\":\"Tervezett \u00e1ramsz\u00fcnetek decemberben\"}]},{\"@type\":\"WebSite\",\"@id\":\"https:\\\/\\\/dorogimedence.hu\\\/#website\",\"url\":\"https:\\\/\\\/dorogimedence.hu\\\/\",\"name\":\"Dorogi-medence Region\u00e1lis H\u00edrport\u00e1l\",\"description\":\"Dorog, Keszt\u00f6lc, Le\u00e1nyv\u00e1r, Piliscs\u00e9v, Tokod, Tokodalt\u00e1r\u00f3, Csolnok, Esztergom-kertv\u00e1ros: h\u00edrek, programok\",\"publisher\":{\"@id\":\"https:\\\/\\\/dorogimedence.hu\\\/#organization\"},\"potentialAction\":[{\"@type\":\"SearchAction\",\"target\":{\"@type\":\"EntryPoint\",\"urlTemplate\":\"https:\\\/\\\/dorogimedence.hu\\\/?s={search_term_string}\"},\"query-input\":{\"@type\":\"PropertyValueSpecification\",\"valueRequired\":true,\"valueName\":\"search_term_string\"}}],\"inLanguage\":\"hu\"},{\"@type\":\"Organization\",\"@id\":\"https:\\\/\\\/dorogimedence.hu\\\/#organization\",\"name\":\"Dorogi-medence Region\u00e1lis H\u00edrport\u00e1l\",\"url\":\"https:\\\/\\\/dorogimedence.hu\\\/\",\"logo\":{\"@type\":\"ImageObject\",\"inLanguage\":\"hu\",\"@id\":\"https:\\\/\\\/dorogimedence.hu\\\/#\\\/schema\\\/logo\\\/image\\\/\",\"url\":\"https:\\\/\\\/dorogimedence.hu\\\/wp-content\\\/uploads\\\/2021\\\/04\\\/logo-feher-600.png\",\"contentUrl\":\"https:\\\/\\\/dorogimedence.hu\\\/wp-content\\\/uploads\\\/2021\\\/04\\\/logo-feher-600.png\",\"width\":600,\"height\":100,\"caption\":\"Dorogi-medence Region\u00e1lis H\u00edrport\u00e1l\"},\"image\":{\"@id\":\"https:\\\/\\\/dorogimedence.hu\\\/#\\\/schema\\\/logo\\\/image\\\/\"},\"sameAs\":[\"https:\\\/\\\/www.facebook.com\\\/dorogimedence\\\/\"]},{\"@type\":\"Person\",\"@id\":\"https:\\\/\\\/dorogimedence.hu\\\/#\\\/schema\\\/person\\\/ce6091eeb7e95ecdc87890d6aa8e0fd4\",\"name\":\"dorogimedence.hu\",\"image\":{\"@type\":\"ImageObject\",\"inLanguage\":\"hu\",\"@id\":\"\\\/\\\/www.gravatar.com\\\/avatar\\\/d8d45f8901aadff40a4af72c0b826f1d?s=96&#038;r=g&#038;d=mm\",\"url\":\"\\\/\\\/www.gravatar.com\\\/avatar\\\/d8d45f8901aadff40a4af72c0b826f1d?s=96&#038;r=g&#038;d=mm\",\"contentUrl\":\"\\\/\\\/www.gravatar.com\\\/avatar\\\/d8d45f8901aadff40a4af72c0b826f1d?s=96&#038;r=g&#038;d=mm\",\"caption\":\"dorogimedence.hu\"}}]}<\/script>\n<!-- \/ Yoast SEO plugin. -->","yoast_head_json":{"title":"Tervezett \u00e1ramsz\u00fcnetek decemberben","robots":{"index":"index","follow":"follow","max-snippet":"max-snippet:-1","max-image-preview":"max-image-preview:large","max-video-preview":"max-video-preview:-1"},"canonical":"https:\/\/dorogimedence.hu\/index.php\/2021\/12\/06\/tervezett-aramszunetek-decemberben-3\/","og_locale":"hu_HU","og_type":"article","og_title":"Tervezett \u00e1ramsz\u00fcnetek decemberben","og_description":"T\u00e9rs\u00e9g\u00fcnkben Dorogon, T\u00e1ton \u00e9s Pilisszentkereszten sz\u00e1m\u00edthatunk tervezett \u00e1ramsz\u00fcnetekre 2021 december\u00e9ben. Az E.ON Hung\u00e1ria folyamatos korszer\u0171s\u00edt\u00e9st hajt v\u00e9gre h\u00e1l\u00f3zat\u00e1n. A tervszer\u0171 beavatkoz\u00e1sok biztons\u00e1gos elv\u00e9gz\u00e9se \u00e9rdek\u00e9ben elengedhetetlen a vezet\u00e9k id\u0151szakos fesz\u00fclts\u00e9gmentes\u00edt\u00e9se. Az al\u00e1bbi id\u0151pontokban sz\u00e1m\u00edthatunk \u00e1ramkimarad\u00e1sokra az al\u00e1bbi telep\u00fcl\u00e9seken: December 7. kedd: T\u00e1t (09.00-13.00): Alkotm\u00e1ny utca, Gorkij fasor 1-27., Juh\u00e1sz Gyula utca, M\u00e1ty\u00e1s kir\u00e1ly utca, M\u00f3ricz Zsigmond","og_url":"https:\/\/dorogimedence.hu\/index.php\/2021\/12\/06\/tervezett-aramszunetek-decemberben-3\/","og_site_name":"Dorogi-medence Region\u00e1lis H\u00edrport\u00e1l","article_publisher":"https:\/\/www.facebook.com\/dorogimedence\/","article_published_time":"2021-12-06T09:38:51+00:00","article_modified_time":"2021-12-06T09:39:39+00:00","og_image":[{"width":1920,"height":1280,"url":"https:\/\/i0.wp.com\/dorogimedence.hu\/wp-content\/uploads\/2021\/05\/villanyoszlop-06.jpg?fit=1920%2C1280&ssl=1","type":"image\/jpeg"}],"author":"dorogimedence.hu","twitter_card":"summary_large_image","twitter_misc":{"Szerz\u0151:":"dorogimedence.hu","Becs\u00fclt olvas\u00e1si id\u0151":"1 perc"},"schema":{"@context":"https:\/\/schema.org","@graph":[{"@type":"Article","@id":"https:\/\/dorogimedence.hu\/index.php\/2021\/12\/06\/tervezett-aramszunetek-decemberben-3\/#article","isPartOf":{"@id":"https:\/\/dorogimedence.hu\/index.php\/2021\/12\/06\/tervezett-aramszunetek-decemberben-3\/"},"author":{"name":"dorogimedence.hu","@id":"https:\/\/dorogimedence.hu\/#\/schema\/person\/ce6091eeb7e95ecdc87890d6aa8e0fd4"},"headline":"Tervezett \u00e1ramsz\u00fcnetek decemberben","datePublished":"2021-12-06T09:38:51+00:00","dateModified":"2021-12-06T09:39:39+00:00","mainEntityOfPage":{"@id":"https:\/\/dorogimedence.hu\/index.php\/2021\/12\/06\/tervezett-aramszunetek-decemberben-3\/"},"wordCount":190,"publisher":{"@id":"https:\/\/dorogimedence.hu\/#organization"},"image":{"@id":"https:\/\/dorogimedence.hu\/index.php\/2021\/12\/06\/tervezett-aramszunetek-decemberben-3\/#primaryimage"},"thumbnailUrl":"https:\/\/dorogimedence.hu\/wp-content\/uploads\/2021\/05\/villanyoszlop-06.jpg","keywords":["\u00e1ramsz\u00fcnet","\u00e1ramsz\u00fcnetek","Dorog","e.on","Pilisszentkereszt","T\u00e1t"],"articleSection":["Dorog","H\u00edrek","T\u00e1t"],"inLanguage":"hu"},{"@type":"WebPage","@id":"https:\/\/dorogimedence.hu\/index.php\/2021\/12\/06\/tervezett-aramszunetek-decemberben-3\/","url":"https:\/\/dorogimedence.hu\/index.php\/2021\/12\/06\/tervezett-aramszunetek-decemberben-3\/","name":"Tervezett \u00e1ramsz\u00fcnetek decemberben","isPartOf":{"@id":"https:\/\/dorogimedence.hu\/#website"},"primaryImageOfPage":{"@id":"https:\/\/dorogimedence.hu\/index.php\/2021\/12\/06\/tervezett-aramszunetek-decemberben-3\/#primaryimage"},"image":{"@id":"https:\/\/dorogimedence.hu\/index.php\/2021\/12\/06\/tervezett-aramszunetek-decemberben-3\/#primaryimage"},"thumbnailUrl":"https:\/\/dorogimedence.hu\/wp-content\/uploads\/2021\/05\/villanyoszlop-06.jpg","datePublished":"2021-12-06T09:38:51+00:00","dateModified":"2021-12-06T09:39:39+00:00","breadcrumb":{"@id":"https:\/\/dorogimedence.hu\/index.php\/2021\/12\/06\/tervezett-aramszunetek-decemberben-3\/#breadcrumb"},"inLanguage":"hu","potentialAction":[{"@type":"ReadAction","target":["https:\/\/dorogimedence.hu\/index.php\/2021\/12\/06\/tervezett-aramszunetek-decemberben-3\/"]}]},{"@type":"ImageObject","inLanguage":"hu","@id":"https:\/\/dorogimedence.hu\/index.php\/2021\/12\/06\/tervezett-aramszunetek-decemberben-3\/#primaryimage","url":"https:\/\/dorogimedence.hu\/wp-content\/uploads\/2021\/05\/villanyoszlop-06.jpg","contentUrl":"https:\/\/dorogimedence.hu\/wp-content\/uploads\/2021\/05\/villanyoszlop-06.jpg","width":1920,"height":1280},{"@type":"BreadcrumbList","@id":"https:\/\/dorogimedence.hu\/index.php\/2021\/12\/06\/tervezett-aramszunetek-decemberben-3\/#breadcrumb","itemListElement":[{"@type":"ListItem","position":1,"name":"Kezd\u0151lap","item":"https:\/\/dorogimedence.hu\/"},{"@type":"ListItem","position":2,"name":"Tervezett \u00e1ramsz\u00fcnetek decemberben"}]},{"@type":"WebSite","@id":"https:\/\/dorogimedence.hu\/#website","url":"https:\/\/dorogimedence.hu\/","name":"Dorogi-medence Region\u00e1lis H\u00edrport\u00e1l","description":"Dorog, Keszt\u00f6lc, Le\u00e1nyv\u00e1r, Piliscs\u00e9v, Tokod, Tokodalt\u00e1r\u00f3, Csolnok, Esztergom-kertv\u00e1ros: h\u00edrek, programok","publisher":{"@id":"https:\/\/dorogimedence.hu\/#organization"},"potentialAction":[{"@type":"SearchAction","target":{"@type":"EntryPoint","urlTemplate":"https:\/\/dorogimedence.hu\/?s={search_term_string}"},"query-input":{"@type":"PropertyValueSpecification","valueRequired":true,"valueName":"search_term_string"}}],"inLanguage":"hu"},{"@type":"Organization","@id":"https:\/\/dorogimedence.hu\/#organization","name":"Dorogi-medence Region\u00e1lis H\u00edrport\u00e1l","url":"https:\/\/dorogimedence.hu\/","logo":{"@type":"ImageObject","inLanguage":"hu","@id":"https:\/\/dorogimedence.hu\/#\/schema\/logo\/image\/","url":"https:\/\/dorogimedence.hu\/wp-content\/uploads\/2021\/04\/logo-feher-600.png","contentUrl":"https:\/\/dorogimedence.hu\/wp-content\/uploads\/2021\/04\/logo-feher-600.png","width":600,"height":100,"caption":"Dorogi-medence Region\u00e1lis H\u00edrport\u00e1l"},"image":{"@id":"https:\/\/dorogimedence.hu\/#\/schema\/logo\/image\/"},"sameAs":["https:\/\/www.facebook.com\/dorogimedence\/"]},{"@type":"Person","@id":"https:\/\/dorogimedence.hu\/#\/schema\/person\/ce6091eeb7e95ecdc87890d6aa8e0fd4","name":"dorogimedence.hu","image":{"@type":"ImageObject","inLanguage":"hu","@id":"\/\/www.gravatar.com\/avatar\/d8d45f8901aadff40a4af72c0b826f1d?s=96&#038;r=g&#038;d=mm","url":"\/\/www.gravatar.com\/avatar\/d8d45f8901aadff40a4af72c0b826f1d?s=96&#038;r=g&#038;d=mm","contentUrl":"\/\/www.gravatar.com\/avatar\/d8d45f8901aadff40a4af72c0b826f1d?s=96&#038;r=g&#038;d=mm","caption":"dorogimedence.hu"}}]}},"_links":{"self":[{"href":"https:\/\/dorogimedence.hu\/index.php\/wp-json\/wp\/v2\/posts\/39070","targetHints":{"allow":["GET"]}}],"collection":[{"href":"https:\/\/dorogimedence.hu\/index.php\/wp-json\/wp\/v2\/posts"}],"about":[{"href":"https:\/\/dorogimedence.hu\/index.php\/wp-json\/wp\/v2\/types\/post"}],"author":[{"embeddable":true,"href":"https:\/\/dorogimedence.hu\/index.php\/wp-json\/wp\/v2\/users\/1"}],"replies":[{"embeddable":true,"href":"https:\/\/dorogimedence.hu\/index.php\/wp-json\/wp\/v2\/comments?post=39070"}],"version-history":[{"count":0,"href":"https:\/\/dorogimedence.hu\/index.php\/wp-json\/wp\/v2\/posts\/39070\/revisions"}],"wp:featuredmedia":[{"embeddable":true,"href":"https:\/\/dorogimedence.hu\/index.php\/wp-json\/wp\/v2\/media\/33070"}],"wp:attachment":[{"href":"https:\/\/dorogimedence.hu\/index.php\/wp-json\/wp\/v2\/media?parent=39070"}],"wp:term":[{"taxonomy":"category","embeddable":true,"href":"https:\/\/dorogimedence.hu\/index.php\/wp-json\/wp\/v2\/categories?post=39070"},{"taxonomy":"post_tag","embeddable":true,"href":"https:\/\/dorogimedence.hu\/index.php\/wp-json\/wp\/v2\/tags?post=39070"}],"curies":[{"name":"wp","href":"https:\/\/api.w.org\/{rel}","templated":true}]}}