{"id":39064,"date":"2021-12-06T10:04:53","date_gmt":"2021-12-06T09:04:53","guid":{"rendered":"https:\/\/dorogimedence.hu\/?p=39064"},"modified":"2021-12-06T10:26:13","modified_gmt":"2021-12-06T09:26:13","slug":"ot-csomagtartonyi-adomany-gyult-ossze-dorogon","status":"publish","type":"post","link":"https:\/\/dorogimedence.hu\/index.php\/2021\/12\/06\/ot-csomagtartonyi-adomany-gyult-ossze-dorogon\/","title":{"rendered":"\u00d6t csomagtart\u00f3nyi adom\u00e1ny gy\u0171lt \u00f6ssze Dorogon"},"content":{"rendered":"<p><strong>Ha Mikul\u00e1s, akkor id\u00e9n sem maradhatott el a m\u00e1r hagyom\u00e1nyosnak mondhat\u00f3 Mikul\u00e1s-fut\u00e1s Dorogon. A Dorogi Fut\u00f3k\u00f6r Sportegyes\u00fclet imm\u00e1r hetedik alkalommal v\u00e1rta egy vid\u00e1m rendezv\u00e9nyre azokat, akik seg\u00edteni szeretn\u00e9nek a kar\u00e1csony k\u00f6zeledt\u00e9vel a r\u00e1szorul\u00f3 csal\u00e1dokon, gyerekeken.<\/strong><\/p>\n<p>Az esem\u00e9nynek a k\u00f6zelm\u00faltban \u00e1tadott Dorogi Z\u00f6ld K\u00f6r Rekort\u00e1n Fut\u00f3p\u00e1lya \u00e9s a J\u00f3zsef Attila M\u0171vel\u0151d\u00e9si H\u00e1z el\u0151tere adott otthont. Itt gy\u00fclekeztek a Mikul\u00e1ssal futni v\u00e1gy\u00f3 gyerekek \u00e9s feln\u0151ttek, \u00e9s persze vel\u00fck egy\u00fctt az adom\u00e1nyok sz\u00e1ma is gyorsan n\u00f6vekedett. Az id\u0151j\u00e1r\u00e1s is kegyes volt a r\u00e9sztvev\u0151kh\u00f6z, hiszen az \u00e9jjel leesett friss h\u00f3 m\u00e9g megmaradt, ezzel \u00fcnnepi d\u00edszbe \u00f6lt\u00f6ztette a helysz\u00ednt.<\/p>\n<p>A rendezv\u00e9nyt S\u00e1rdi Tam\u00e1s, a Dorogi Fut\u00f3k\u00f6r Sportegyes\u00fclet eln\u00f6ke nyitotta meg, aki besz\u00e9d\u00e9ben megk\u00f6sz\u00f6nte a sok-sok aj\u00e1nd\u00e9kot.&nbsp; A csomagok garant\u00e1ltan sz\u00e1mos dorogi neh\u00e9z sors\u00fa gyerek arc\u00e1ra csalnak mosolyt kar\u00e1csony este.<\/p>\n<p><img fetchpriority=\"high\" decoding=\"async\" class=\"alignnone size-large wp-image-39068\" src=\"https:\/\/dorogimedence.hu\/wp-content\/uploads\/2021\/12\/mikulasfutas-05-1024x566.jpg\" alt=\"\" width=\"755\" height=\"417\" srcset=\"https:\/\/dorogimedence.hu\/wp-content\/uploads\/2021\/12\/mikulasfutas-05-1024x566.jpg 1024w, https:\/\/dorogimedence.hu\/wp-content\/uploads\/2021\/12\/mikulasfutas-05-300x166.jpg 300w, https:\/\/dorogimedence.hu\/wp-content\/uploads\/2021\/12\/mikulasfutas-05-768x424.jpg 768w, https:\/\/dorogimedence.hu\/wp-content\/uploads\/2021\/12\/mikulasfutas-05-1536x848.jpg 1536w, https:\/\/dorogimedence.hu\/wp-content\/uploads\/2021\/12\/mikulasfutas-05-150x83.jpg 150w, https:\/\/dorogimedence.hu\/wp-content\/uploads\/2021\/12\/mikulasfutas-05-450x249.jpg 450w, https:\/\/dorogimedence.hu\/wp-content\/uploads\/2021\/12\/mikulasfutas-05-1200x663.jpg 1200w, https:\/\/dorogimedence.hu\/wp-content\/uploads\/2021\/12\/mikulasfutas-05.jpg 2048w\" sizes=\"(max-width: 755px) 100vw, 755px\" \/><\/p>\n<p>Ezut\u00e1n a kicsik \u00e9s nagyok k\u00f6z\u00f6sen teljes\u00edtettek egy k\u00f6rt a Mikul\u00e1ssal, majd a b\u00e1trabbak a v\u00e1rosban is futhattak egy r\u00f6videt. \u00datk\u00f6zben szaloncukrokkal lept\u00e9k meg a j\u00e1r\u00f3kel\u0151ket, akik boldog mosollyal vett\u00e9k \u00e1t a meglepet\u00e9st. A kiindul\u00e1si ponthoz visszat\u00e9rve az egyes\u00fclet \u00f6nk\u00e9ntesei forralt borral, forr\u00f3 te\u00e1val, szaloncukorral, h\u00e1zi s\u00fctem\u00e9nnyel, egyedi kar\u00e1csonyfad\u00edsszel \u00e9s vid\u00e1m zen\u00e9vel v\u00e1rt\u00e1k a kif\u00e1radt fut\u00f3kat.<\/p>\n<p>A szervez\u0151k nagyon k\u00f6sz\u00f6nik a felaj\u00e1nl\u00e1sokat a t\u00e9rs\u00e9g orsz\u00e1ggy\u0171l\u00e9si k\u00e9pvisel\u0151inek, a v\u00e1ros \u00f6nkorm\u00e1nyzati k\u00e9pvisel\u0151inek, a helyi egyes\u00fcletek, sportegyes\u00fcletek vezet\u0151inek \u00e9s tagjainak \u00e9s mindazon mag\u00e1nszem\u00e9lyeknek, akik csatlakoztak a kezdem\u00e9nyez\u00e9shez.<\/p>\n<p><img decoding=\"async\" class=\"alignnone size-full wp-image-39065\" src=\"https:\/\/dorogimedence.hu\/wp-content\/uploads\/2021\/12\/mikulasfutas-03.jpg\" alt=\"\" width=\"912\" height=\"553\" srcset=\"https:\/\/dorogimedence.hu\/wp-content\/uploads\/2021\/12\/mikulasfutas-03.jpg 912w, https:\/\/dorogimedence.hu\/wp-content\/uploads\/2021\/12\/mikulasfutas-03-300x182.jpg 300w, https:\/\/dorogimedence.hu\/wp-content\/uploads\/2021\/12\/mikulasfutas-03-768x466.jpg 768w, https:\/\/dorogimedence.hu\/wp-content\/uploads\/2021\/12\/mikulasfutas-03-150x91.jpg 150w, https:\/\/dorogimedence.hu\/wp-content\/uploads\/2021\/12\/mikulasfutas-03-450x273.jpg 450w\" sizes=\"(max-width: 912px) 100vw, 912px\" \/><\/p>\n<p>Az akci\u00f3nak k\u00f6sz\u00f6nhet\u0151en \u00f6sszesen 5 csomagtart\u00f3nyi aj\u00e1nd\u00e9k gy\u0171lt \u00f6ssze, amelyet az esem\u00e9ny ut\u00e1n azonnal elsz\u00e1ll\u00edtottak az egyes\u00fclet tagjai a Magyar M\u00e1ltai Szeretetszolg\u00e1lat Dorogi Csoportj\u00e1nak sz\u00e9khely\u00e9re, ahol a vezet\u0151, Fritz Istv\u00e1n nagy \u00f6r\u00f6mmel vette \u00e1t az adom\u00e1nyokat. Garant\u00e1lta, hogy j\u00f3 helyre fognak ker\u00fclni a csomagok, megk\u00f6nny\u00edtve ezzel a r\u00e1szorul\u00f3 csal\u00e1dok \u00fcnnepi id\u0151szak\u00e1t.<\/p>\n","protected":false},"excerpt":{"rendered":"<p>Ha Mikul\u00e1s, akkor id\u00e9n sem maradhatott el a m\u00e1r hagyom\u00e1nyosnak mondhat\u00f3 Mikul\u00e1s-fut\u00e1s Dorogon. A Dorogi Fut\u00f3k\u00f6r Sportegyes\u00fclet imm\u00e1r hetedik alkalommal v\u00e1rta egy vid\u00e1m rendezv\u00e9nyre azokat, akik seg\u00edteni szeretn\u00e9nek a kar\u00e1csony k\u00f6zeledt\u00e9vel a r\u00e1szorul\u00f3 csal\u00e1dokon, gyerekeken. Az esem\u00e9nynek a k\u00f6zelm\u00faltban \u00e1tadott Dorogi Z\u00f6ld K\u00f6r Rekort\u00e1n Fut\u00f3p\u00e1lya \u00e9s a J\u00f3zsef Attila M\u0171vel\u0151d\u00e9si H\u00e1z el\u0151tere adott otthont. Itt<\/p>\n","protected":false},"author":1,"featured_media":39067,"comment_status":"closed","ping_status":"closed","sticky":false,"template":"","format":"standard","meta":{"ngg_post_thumbnail":0,"footnotes":""},"categories":[2,3,5],"tags":[15,5624,287,802,1874,16],"class_list":{"0":"post-39064","1":"post","2":"type-post","3":"status-publish","4":"format-standard","5":"has-post-thumbnail","7":"category-dorog","8":"category-hirek","9":"category-sport","10":"tag-dorog","11":"tag-featured","12":"tag-futas","13":"tag-jotekonysagi-futas","14":"tag-mikulas-futas","15":"tag-sport"},"yoast_head":"<!-- This site is optimized with the Yoast SEO plugin v27.5 - https:\/\/yoast.com\/product\/yoast-seo-wordpress\/ -->\n<title>\u00d6t csomagtart\u00f3nyi adom\u00e1ny gy\u0171lt \u00f6ssze Dorogon<\/title>\n<meta name=\"robots\" content=\"index, follow, max-snippet:-1, max-image-preview:large, max-video-preview:-1\" \/>\n<link rel=\"canonical\" href=\"https:\/\/dorogimedence.hu\/index.php\/2021\/12\/06\/ot-csomagtartonyi-adomany-gyult-ossze-dorogon\/\" class=\"yoast-seo-meta-tag\" \/>\n<meta property=\"og:locale\" content=\"hu_HU\" class=\"yoast-seo-meta-tag\" \/>\n<meta property=\"og:type\" content=\"article\" class=\"yoast-seo-meta-tag\" \/>\n<meta property=\"og:title\" content=\"\u00d6t csomagtart\u00f3nyi adom\u00e1ny gy\u0171lt \u00f6ssze Dorogon\" class=\"yoast-seo-meta-tag\" \/>\n<meta property=\"og:description\" content=\"Ha Mikul\u00e1s, akkor id\u00e9n sem maradhatott el a m\u00e1r hagyom\u00e1nyosnak mondhat\u00f3 Mikul\u00e1s-fut\u00e1s Dorogon. A Dorogi Fut\u00f3k\u00f6r Sportegyes\u00fclet imm\u00e1r hetedik alkalommal v\u00e1rta egy vid\u00e1m rendezv\u00e9nyre azokat, akik seg\u00edteni szeretn\u00e9nek a kar\u00e1csony k\u00f6zeledt\u00e9vel a r\u00e1szorul\u00f3 csal\u00e1dokon, gyerekeken. Az esem\u00e9nynek a k\u00f6zelm\u00faltban \u00e1tadott Dorogi Z\u00f6ld K\u00f6r Rekort\u00e1n Fut\u00f3p\u00e1lya \u00e9s a J\u00f3zsef Attila M\u0171vel\u0151d\u00e9si H\u00e1z el\u0151tere adott otthont. Itt\" class=\"yoast-seo-meta-tag\" \/>\n<meta property=\"og:url\" content=\"https:\/\/dorogimedence.hu\/index.php\/2021\/12\/06\/ot-csomagtartonyi-adomany-gyult-ossze-dorogon\/\" class=\"yoast-seo-meta-tag\" \/>\n<meta property=\"og:site_name\" content=\"Dorogi-medence Region\u00e1lis H\u00edrport\u00e1l\" class=\"yoast-seo-meta-tag\" \/>\n<meta property=\"article:publisher\" content=\"https:\/\/www.facebook.com\/dorogimedence\/\" class=\"yoast-seo-meta-tag\" \/>\n<meta property=\"article:published_time\" content=\"2021-12-06T09:04:53+00:00\" class=\"yoast-seo-meta-tag\" \/>\n<meta property=\"article:modified_time\" content=\"2021-12-06T09:26:13+00:00\" class=\"yoast-seo-meta-tag\" \/>\n<meta property=\"og:image\" content=\"https:\/\/i0.wp.com\/dorogimedence.hu\/wp-content\/uploads\/2021\/12\/mikulasfutas-04.jpg?fit=2048%2C1095&ssl=1\" class=\"yoast-seo-meta-tag\" \/>\n\t<meta property=\"og:image:width\" content=\"2048\" class=\"yoast-seo-meta-tag\" \/>\n\t<meta property=\"og:image:height\" content=\"1095\" class=\"yoast-seo-meta-tag\" \/>\n\t<meta property=\"og:image:type\" content=\"image\/jpeg\" class=\"yoast-seo-meta-tag\" \/>\n<meta name=\"author\" content=\"dorogimedence.hu\" class=\"yoast-seo-meta-tag\" \/>\n<meta name=\"twitter:card\" content=\"summary_large_image\" class=\"yoast-seo-meta-tag\" \/>\n<meta name=\"twitter:label1\" content=\"Szerz\u0151:\" class=\"yoast-seo-meta-tag\" \/>\n\t<meta name=\"twitter:data1\" content=\"dorogimedence.hu\" class=\"yoast-seo-meta-tag\" \/>\n\t<meta name=\"twitter:label2\" content=\"Becs\u00fclt olvas\u00e1si id\u0151\" class=\"yoast-seo-meta-tag\" \/>\n\t<meta name=\"twitter:data2\" content=\"2 perc\" class=\"yoast-seo-meta-tag\" \/>\n<script type=\"application\/ld+json\" class=\"yoast-schema-graph\">{\"@context\":\"https:\\\/\\\/schema.org\",\"@graph\":[{\"@type\":\"Article\",\"@id\":\"https:\\\/\\\/dorogimedence.hu\\\/index.php\\\/2021\\\/12\\\/06\\\/ot-csomagtartonyi-adomany-gyult-ossze-dorogon\\\/#article\",\"isPartOf\":{\"@id\":\"https:\\\/\\\/dorogimedence.hu\\\/index.php\\\/2021\\\/12\\\/06\\\/ot-csomagtartonyi-adomany-gyult-ossze-dorogon\\\/\"},\"author\":{\"name\":\"dorogimedence.hu\",\"@id\":\"https:\\\/\\\/dorogimedence.hu\\\/#\\\/schema\\\/person\\\/ce6091eeb7e95ecdc87890d6aa8e0fd4\"},\"headline\":\"\u00d6t csomagtart\u00f3nyi adom\u00e1ny gy\u0171lt \u00f6ssze Dorogon\",\"datePublished\":\"2021-12-06T09:04:53+00:00\",\"dateModified\":\"2021-12-06T09:26:13+00:00\",\"mainEntityOfPage\":{\"@id\":\"https:\\\/\\\/dorogimedence.hu\\\/index.php\\\/2021\\\/12\\\/06\\\/ot-csomagtartonyi-adomany-gyult-ossze-dorogon\\\/\"},\"wordCount\":423,\"publisher\":{\"@id\":\"https:\\\/\\\/dorogimedence.hu\\\/#organization\"},\"image\":{\"@id\":\"https:\\\/\\\/dorogimedence.hu\\\/index.php\\\/2021\\\/12\\\/06\\\/ot-csomagtartonyi-adomany-gyult-ossze-dorogon\\\/#primaryimage\"},\"thumbnailUrl\":\"https:\\\/\\\/dorogimedence.hu\\\/wp-content\\\/uploads\\\/2021\\\/12\\\/mikulasfutas-04.jpg\",\"keywords\":[\"Dorog\",\"featured\",\"fut\u00e1s\",\"j\u00f3t\u00e9konys\u00e1gi fut\u00e1s\",\"mikul\u00e1s-fut\u00e1s\",\"sport\"],\"articleSection\":[\"Dorog\",\"H\u00edrek\",\"Sport\"],\"inLanguage\":\"hu\"},{\"@type\":\"WebPage\",\"@id\":\"https:\\\/\\\/dorogimedence.hu\\\/index.php\\\/2021\\\/12\\\/06\\\/ot-csomagtartonyi-adomany-gyult-ossze-dorogon\\\/\",\"url\":\"https:\\\/\\\/dorogimedence.hu\\\/index.php\\\/2021\\\/12\\\/06\\\/ot-csomagtartonyi-adomany-gyult-ossze-dorogon\\\/\",\"name\":\"\u00d6t csomagtart\u00f3nyi adom\u00e1ny gy\u0171lt \u00f6ssze Dorogon\",\"isPartOf\":{\"@id\":\"https:\\\/\\\/dorogimedence.hu\\\/#website\"},\"primaryImageOfPage\":{\"@id\":\"https:\\\/\\\/dorogimedence.hu\\\/index.php\\\/2021\\\/12\\\/06\\\/ot-csomagtartonyi-adomany-gyult-ossze-dorogon\\\/#primaryimage\"},\"image\":{\"@id\":\"https:\\\/\\\/dorogimedence.hu\\\/index.php\\\/2021\\\/12\\\/06\\\/ot-csomagtartonyi-adomany-gyult-ossze-dorogon\\\/#primaryimage\"},\"thumbnailUrl\":\"https:\\\/\\\/dorogimedence.hu\\\/wp-content\\\/uploads\\\/2021\\\/12\\\/mikulasfutas-04.jpg\",\"datePublished\":\"2021-12-06T09:04:53+00:00\",\"dateModified\":\"2021-12-06T09:26:13+00:00\",\"breadcrumb\":{\"@id\":\"https:\\\/\\\/dorogimedence.hu\\\/index.php\\\/2021\\\/12\\\/06\\\/ot-csomagtartonyi-adomany-gyult-ossze-dorogon\\\/#breadcrumb\"},\"inLanguage\":\"hu\",\"potentialAction\":[{\"@type\":\"ReadAction\",\"target\":[\"https:\\\/\\\/dorogimedence.hu\\\/index.php\\\/2021\\\/12\\\/06\\\/ot-csomagtartonyi-adomany-gyult-ossze-dorogon\\\/\"]}]},{\"@type\":\"ImageObject\",\"inLanguage\":\"hu\",\"@id\":\"https:\\\/\\\/dorogimedence.hu\\\/index.php\\\/2021\\\/12\\\/06\\\/ot-csomagtartonyi-adomany-gyult-ossze-dorogon\\\/#primaryimage\",\"url\":\"https:\\\/\\\/dorogimedence.hu\\\/wp-content\\\/uploads\\\/2021\\\/12\\\/mikulasfutas-04.jpg\",\"contentUrl\":\"https:\\\/\\\/dorogimedence.hu\\\/wp-content\\\/uploads\\\/2021\\\/12\\\/mikulasfutas-04.jpg\",\"width\":2048,\"height\":1095},{\"@type\":\"BreadcrumbList\",\"@id\":\"https:\\\/\\\/dorogimedence.hu\\\/index.php\\\/2021\\\/12\\\/06\\\/ot-csomagtartonyi-adomany-gyult-ossze-dorogon\\\/#breadcrumb\",\"itemListElement\":[{\"@type\":\"ListItem\",\"position\":1,\"name\":\"Kezd\u0151lap\",\"item\":\"https:\\\/\\\/dorogimedence.hu\\\/\"},{\"@type\":\"ListItem\",\"position\":2,\"name\":\"\u00d6t csomagtart\u00f3nyi adom\u00e1ny gy\u0171lt \u00f6ssze Dorogon\"}]},{\"@type\":\"WebSite\",\"@id\":\"https:\\\/\\\/dorogimedence.hu\\\/#website\",\"url\":\"https:\\\/\\\/dorogimedence.hu\\\/\",\"name\":\"Dorogi-medence Region\u00e1lis H\u00edrport\u00e1l\",\"description\":\"Dorog, Keszt\u00f6lc, Le\u00e1nyv\u00e1r, Piliscs\u00e9v, Tokod, Tokodalt\u00e1r\u00f3, Csolnok, Esztergom-kertv\u00e1ros: h\u00edrek, programok\",\"publisher\":{\"@id\":\"https:\\\/\\\/dorogimedence.hu\\\/#organization\"},\"potentialAction\":[{\"@type\":\"SearchAction\",\"target\":{\"@type\":\"EntryPoint\",\"urlTemplate\":\"https:\\\/\\\/dorogimedence.hu\\\/?s={search_term_string}\"},\"query-input\":{\"@type\":\"PropertyValueSpecification\",\"valueRequired\":true,\"valueName\":\"search_term_string\"}}],\"inLanguage\":\"hu\"},{\"@type\":\"Organization\",\"@id\":\"https:\\\/\\\/dorogimedence.hu\\\/#organization\",\"name\":\"Dorogi-medence Region\u00e1lis H\u00edrport\u00e1l\",\"url\":\"https:\\\/\\\/dorogimedence.hu\\\/\",\"logo\":{\"@type\":\"ImageObject\",\"inLanguage\":\"hu\",\"@id\":\"https:\\\/\\\/dorogimedence.hu\\\/#\\\/schema\\\/logo\\\/image\\\/\",\"url\":\"https:\\\/\\\/dorogimedence.hu\\\/wp-content\\\/uploads\\\/2021\\\/04\\\/logo-feher-600.png\",\"contentUrl\":\"https:\\\/\\\/dorogimedence.hu\\\/wp-content\\\/uploads\\\/2021\\\/04\\\/logo-feher-600.png\",\"width\":600,\"height\":100,\"caption\":\"Dorogi-medence Region\u00e1lis H\u00edrport\u00e1l\"},\"image\":{\"@id\":\"https:\\\/\\\/dorogimedence.hu\\\/#\\\/schema\\\/logo\\\/image\\\/\"},\"sameAs\":[\"https:\\\/\\\/www.facebook.com\\\/dorogimedence\\\/\"]},{\"@type\":\"Person\",\"@id\":\"https:\\\/\\\/dorogimedence.hu\\\/#\\\/schema\\\/person\\\/ce6091eeb7e95ecdc87890d6aa8e0fd4\",\"name\":\"dorogimedence.hu\",\"image\":{\"@type\":\"ImageObject\",\"inLanguage\":\"hu\",\"@id\":\"\\\/\\\/www.gravatar.com\\\/avatar\\\/d8d45f8901aadff40a4af72c0b826f1d?s=96&#038;r=g&#038;d=mm\",\"url\":\"\\\/\\\/www.gravatar.com\\\/avatar\\\/d8d45f8901aadff40a4af72c0b826f1d?s=96&#038;r=g&#038;d=mm\",\"contentUrl\":\"\\\/\\\/www.gravatar.com\\\/avatar\\\/d8d45f8901aadff40a4af72c0b826f1d?s=96&#038;r=g&#038;d=mm\",\"caption\":\"dorogimedence.hu\"}}]}<\/script>\n<!-- \/ Yoast SEO plugin. -->","yoast_head_json":{"title":"\u00d6t csomagtart\u00f3nyi adom\u00e1ny gy\u0171lt \u00f6ssze Dorogon","robots":{"index":"index","follow":"follow","max-snippet":"max-snippet:-1","max-image-preview":"max-image-preview:large","max-video-preview":"max-video-preview:-1"},"canonical":"https:\/\/dorogimedence.hu\/index.php\/2021\/12\/06\/ot-csomagtartonyi-adomany-gyult-ossze-dorogon\/","og_locale":"hu_HU","og_type":"article","og_title":"\u00d6t csomagtart\u00f3nyi adom\u00e1ny gy\u0171lt \u00f6ssze Dorogon","og_description":"Ha Mikul\u00e1s, akkor id\u00e9n sem maradhatott el a m\u00e1r hagyom\u00e1nyosnak mondhat\u00f3 Mikul\u00e1s-fut\u00e1s Dorogon. A Dorogi Fut\u00f3k\u00f6r Sportegyes\u00fclet imm\u00e1r hetedik alkalommal v\u00e1rta egy vid\u00e1m rendezv\u00e9nyre azokat, akik seg\u00edteni szeretn\u00e9nek a kar\u00e1csony k\u00f6zeledt\u00e9vel a r\u00e1szorul\u00f3 csal\u00e1dokon, gyerekeken. Az esem\u00e9nynek a k\u00f6zelm\u00faltban \u00e1tadott Dorogi Z\u00f6ld K\u00f6r Rekort\u00e1n Fut\u00f3p\u00e1lya \u00e9s a J\u00f3zsef Attila M\u0171vel\u0151d\u00e9si H\u00e1z el\u0151tere adott otthont. Itt","og_url":"https:\/\/dorogimedence.hu\/index.php\/2021\/12\/06\/ot-csomagtartonyi-adomany-gyult-ossze-dorogon\/","og_site_name":"Dorogi-medence Region\u00e1lis H\u00edrport\u00e1l","article_publisher":"https:\/\/www.facebook.com\/dorogimedence\/","article_published_time":"2021-12-06T09:04:53+00:00","article_modified_time":"2021-12-06T09:26:13+00:00","og_image":[{"width":2048,"height":1095,"url":"https:\/\/i0.wp.com\/dorogimedence.hu\/wp-content\/uploads\/2021\/12\/mikulasfutas-04.jpg?fit=2048%2C1095&ssl=1","type":"image\/jpeg"}],"author":"dorogimedence.hu","twitter_card":"summary_large_image","twitter_misc":{"Szerz\u0151:":"dorogimedence.hu","Becs\u00fclt olvas\u00e1si id\u0151":"2 perc"},"schema":{"@context":"https:\/\/schema.org","@graph":[{"@type":"Article","@id":"https:\/\/dorogimedence.hu\/index.php\/2021\/12\/06\/ot-csomagtartonyi-adomany-gyult-ossze-dorogon\/#article","isPartOf":{"@id":"https:\/\/dorogimedence.hu\/index.php\/2021\/12\/06\/ot-csomagtartonyi-adomany-gyult-ossze-dorogon\/"},"author":{"name":"dorogimedence.hu","@id":"https:\/\/dorogimedence.hu\/#\/schema\/person\/ce6091eeb7e95ecdc87890d6aa8e0fd4"},"headline":"\u00d6t csomagtart\u00f3nyi adom\u00e1ny gy\u0171lt \u00f6ssze Dorogon","datePublished":"2021-12-06T09:04:53+00:00","dateModified":"2021-12-06T09:26:13+00:00","mainEntityOfPage":{"@id":"https:\/\/dorogimedence.hu\/index.php\/2021\/12\/06\/ot-csomagtartonyi-adomany-gyult-ossze-dorogon\/"},"wordCount":423,"publisher":{"@id":"https:\/\/dorogimedence.hu\/#organization"},"image":{"@id":"https:\/\/dorogimedence.hu\/index.php\/2021\/12\/06\/ot-csomagtartonyi-adomany-gyult-ossze-dorogon\/#primaryimage"},"thumbnailUrl":"https:\/\/dorogimedence.hu\/wp-content\/uploads\/2021\/12\/mikulasfutas-04.jpg","keywords":["Dorog","featured","fut\u00e1s","j\u00f3t\u00e9konys\u00e1gi fut\u00e1s","mikul\u00e1s-fut\u00e1s","sport"],"articleSection":["Dorog","H\u00edrek","Sport"],"inLanguage":"hu"},{"@type":"WebPage","@id":"https:\/\/dorogimedence.hu\/index.php\/2021\/12\/06\/ot-csomagtartonyi-adomany-gyult-ossze-dorogon\/","url":"https:\/\/dorogimedence.hu\/index.php\/2021\/12\/06\/ot-csomagtartonyi-adomany-gyult-ossze-dorogon\/","name":"\u00d6t csomagtart\u00f3nyi adom\u00e1ny gy\u0171lt \u00f6ssze Dorogon","isPartOf":{"@id":"https:\/\/dorogimedence.hu\/#website"},"primaryImageOfPage":{"@id":"https:\/\/dorogimedence.hu\/index.php\/2021\/12\/06\/ot-csomagtartonyi-adomany-gyult-ossze-dorogon\/#primaryimage"},"image":{"@id":"https:\/\/dorogimedence.hu\/index.php\/2021\/12\/06\/ot-csomagtartonyi-adomany-gyult-ossze-dorogon\/#primaryimage"},"thumbnailUrl":"https:\/\/dorogimedence.hu\/wp-content\/uploads\/2021\/12\/mikulasfutas-04.jpg","datePublished":"2021-12-06T09:04:53+00:00","dateModified":"2021-12-06T09:26:13+00:00","breadcrumb":{"@id":"https:\/\/dorogimedence.hu\/index.php\/2021\/12\/06\/ot-csomagtartonyi-adomany-gyult-ossze-dorogon\/#breadcrumb"},"inLanguage":"hu","potentialAction":[{"@type":"ReadAction","target":["https:\/\/dorogimedence.hu\/index.php\/2021\/12\/06\/ot-csomagtartonyi-adomany-gyult-ossze-dorogon\/"]}]},{"@type":"ImageObject","inLanguage":"hu","@id":"https:\/\/dorogimedence.hu\/index.php\/2021\/12\/06\/ot-csomagtartonyi-adomany-gyult-ossze-dorogon\/#primaryimage","url":"https:\/\/dorogimedence.hu\/wp-content\/uploads\/2021\/12\/mikulasfutas-04.jpg","contentUrl":"https:\/\/dorogimedence.hu\/wp-content\/uploads\/2021\/12\/mikulasfutas-04.jpg","width":2048,"height":1095},{"@type":"BreadcrumbList","@id":"https:\/\/dorogimedence.hu\/index.php\/2021\/12\/06\/ot-csomagtartonyi-adomany-gyult-ossze-dorogon\/#breadcrumb","itemListElement":[{"@type":"ListItem","position":1,"name":"Kezd\u0151lap","item":"https:\/\/dorogimedence.hu\/"},{"@type":"ListItem","position":2,"name":"\u00d6t csomagtart\u00f3nyi adom\u00e1ny gy\u0171lt \u00f6ssze Dorogon"}]},{"@type":"WebSite","@id":"https:\/\/dorogimedence.hu\/#website","url":"https:\/\/dorogimedence.hu\/","name":"Dorogi-medence Region\u00e1lis H\u00edrport\u00e1l","description":"Dorog, Keszt\u00f6lc, Le\u00e1nyv\u00e1r, Piliscs\u00e9v, Tokod, Tokodalt\u00e1r\u00f3, Csolnok, Esztergom-kertv\u00e1ros: h\u00edrek, programok","publisher":{"@id":"https:\/\/dorogimedence.hu\/#organization"},"potentialAction":[{"@type":"SearchAction","target":{"@type":"EntryPoint","urlTemplate":"https:\/\/dorogimedence.hu\/?s={search_term_string}"},"query-input":{"@type":"PropertyValueSpecification","valueRequired":true,"valueName":"search_term_string"}}],"inLanguage":"hu"},{"@type":"Organization","@id":"https:\/\/dorogimedence.hu\/#organization","name":"Dorogi-medence Region\u00e1lis H\u00edrport\u00e1l","url":"https:\/\/dorogimedence.hu\/","logo":{"@type":"ImageObject","inLanguage":"hu","@id":"https:\/\/dorogimedence.hu\/#\/schema\/logo\/image\/","url":"https:\/\/dorogimedence.hu\/wp-content\/uploads\/2021\/04\/logo-feher-600.png","contentUrl":"https:\/\/dorogimedence.hu\/wp-content\/uploads\/2021\/04\/logo-feher-600.png","width":600,"height":100,"caption":"Dorogi-medence Region\u00e1lis H\u00edrport\u00e1l"},"image":{"@id":"https:\/\/dorogimedence.hu\/#\/schema\/logo\/image\/"},"sameAs":["https:\/\/www.facebook.com\/dorogimedence\/"]},{"@type":"Person","@id":"https:\/\/dorogimedence.hu\/#\/schema\/person\/ce6091eeb7e95ecdc87890d6aa8e0fd4","name":"dorogimedence.hu","image":{"@type":"ImageObject","inLanguage":"hu","@id":"\/\/www.gravatar.com\/avatar\/d8d45f8901aadff40a4af72c0b826f1d?s=96&#038;r=g&#038;d=mm","url":"\/\/www.gravatar.com\/avatar\/d8d45f8901aadff40a4af72c0b826f1d?s=96&#038;r=g&#038;d=mm","contentUrl":"\/\/www.gravatar.com\/avatar\/d8d45f8901aadff40a4af72c0b826f1d?s=96&#038;r=g&#038;d=mm","caption":"dorogimedence.hu"}}]}},"_links":{"self":[{"href":"https:\/\/dorogimedence.hu\/index.php\/wp-json\/wp\/v2\/posts\/39064","targetHints":{"allow":["GET"]}}],"collection":[{"href":"https:\/\/dorogimedence.hu\/index.php\/wp-json\/wp\/v2\/posts"}],"about":[{"href":"https:\/\/dorogimedence.hu\/index.php\/wp-json\/wp\/v2\/types\/post"}],"author":[{"embeddable":true,"href":"https:\/\/dorogimedence.hu\/index.php\/wp-json\/wp\/v2\/users\/1"}],"replies":[{"embeddable":true,"href":"https:\/\/dorogimedence.hu\/index.php\/wp-json\/wp\/v2\/comments?post=39064"}],"version-history":[{"count":0,"href":"https:\/\/dorogimedence.hu\/index.php\/wp-json\/wp\/v2\/posts\/39064\/revisions"}],"wp:featuredmedia":[{"embeddable":true,"href":"https:\/\/dorogimedence.hu\/index.php\/wp-json\/wp\/v2\/media\/39067"}],"wp:attachment":[{"href":"https:\/\/dorogimedence.hu\/index.php\/wp-json\/wp\/v2\/media?parent=39064"}],"wp:term":[{"taxonomy":"category","embeddable":true,"href":"https:\/\/dorogimedence.hu\/index.php\/wp-json\/wp\/v2\/categories?post=39064"},{"taxonomy":"post_tag","embeddable":true,"href":"https:\/\/dorogimedence.hu\/index.php\/wp-json\/wp\/v2\/tags?post=39064"}],"curies":[{"name":"wp","href":"https:\/\/api.w.org\/{rel}","templated":true}]}}